{"id":527609,"date":"2024-02-28T13:27:24","date_gmt":"2024-02-28T16:27:24","guid":{"rendered":"https:\/\/www.suno.com.br\/noticias\/?p=527609"},"modified":"2024-02-28T13:27:33","modified_gmt":"2024-02-28T16:27:33","slug":"b3-b3sa3-itau-bba-corta-preco-baixa-volume-va","status":"publish","type":"post","link":"https:\/\/www.suno.com.br\/noticias\/b3-b3sa3-itau-bba-corta-preco-baixa-volume-va\/","title":{"rendered":"B3 (B3SA3): Ita\u00fa BBA corta pre\u00e7o-alvo, com &#8216;persistente baixa nos volumes negociados&#8217;"},"content":{"rendered":"<p>Ap\u00f3s a <strong>B3<\/strong> (B3SA3) reportar um <a class=\"suno-keyword\" target=\"_blank\" data-force=\"no\" data-priority=\"1\" href=\"https:\/\/www.suno.com.br\/artigos\/lucro-liquido\/\" rel=\"noopener\">lucro l\u00edquido<\/a> recorrente de R$ 1,057 bilh\u00e3o no quarto trimestre de 2023 (4T23), o Ita\u00fa BBA reduziu suas estimativas para a companhia, reiterando recomenda\u00e7\u00e3o &#8220;<a class=\"suno-keyword\" target=\"_blank\" data-force=\"no\" data-priority=\"1\" href=\"https:\/\/www.suno.com.br\/artigos\/market-perform\/\" rel=\"noopener\">market perform<\/a>&#8220;.&nbsp;<\/p>\t<div class=\"wrapper-featured-image\">\n\t\t<figure class=\"spotlightImg\">\n\n\t\t\t<picture>\n\t\t\t\t<source media=\"(max-width: 768px)\" srcset=\"https:\/\/files.sunoresearch.com.br\/n\/uploads\/2023\/06\/Ibovespa-B3-Fachada-400x200.jpg\">\n\t\t\t\t<img loading=\"lazy\" decoding=\"async\" class=\"newsContent__article__imgCapa lazyloadDisabled \" src=\"https:\/\/files.sunoresearch.com.br\/n\/uploads\/2023\/06\/Ibovespa-B3-Fachada-800x450.jpg\" width=\"800\" height=\"450\" alt=\"B3 (B3SA3): Ita\u00fa BBA corta pre\u00e7o-alvo, com &#8216;persistente baixa nos volumes negociados&#8217;\" fetchpriority=high \/>\n\t\t\t<\/picture>\n\n\t\t\t<figcaption class=\"wp-caption-text wp-caption-text--show\">B3 (B3SA3). Foto: Divulga\u00e7\u00e3o<\/figcaption>\n\t\t<\/figure>\n\t<\/div>\n\n\n\n\n\n\t<p>\n\t\t<a href=\"https:\/\/lp.suno.com.br\/planilha-da-vida-financeira\/\" target=\"_blank\" data-element=\"shortcode-suno-banner\" title=\"Banner SUNO, clique e saiba mais\">\n\t\t\t<picture>\n\t\t\t\t<source media=\"(max-width: 500px)\" srcset=\"https:\/\/files.sunoresearch.com.br\/n\/uploads\/2023\/04\/400x300-Planilha-vida-financeira-true.png\">\n\t\t\t\t<img class=\"newsContent__article__imgCapa newsContent__article__imgCapa--banner\"\n\t\t\t\t\tsrc=\"https:\/\/files.sunoresearch.com.br\/n\/uploads\/2023\/04\/1420x240-Planilha-vida-financeira-true.png\"\n\t\t\t\t\tdata-promo-id=\"106682\"\t\t\t\t\t\t\t\t\t\twidth='1420' height='240'\t\t\t\t\talt=\"https:\/\/files.sunoresearch.com.br\/n\/uploads\/2023\/04\/1420x240-Planilha-vida-financeira-true.png\"\n\t\t\t\t>\n\t\t\t<\/picture>\n\t\t<\/a>\n\t<\/p>\n\n\n\n\n\n<p>O BBA prev\u00ea um aumento modesto de 4% nos <strong>lucros recorrentes da B3<\/strong> em 2024, que deve manter os m\u00faltiplos nos atuais n\u00edveis descontados de 15x Pre\u00e7o\/Lucro esperado deste ano. Segundo o banco,\u00a0 as revis\u00f5es para baixo decorrem de volumes mais fracos, margens de negocia\u00e7\u00e3o e despesas mais altas.\u00a0<\/p>\n\n\n\n<p>&#8220;Vemos melhores oportunidades de capitalizar a recupera\u00e7\u00e3o do <a class=\"suno-keyword\" data-force=\"no\" data-priority=\"1\" href=\"https:\/\/www.suno.com.br\/artigos\/mercado-de-capitais-conceito\/\" target=\"_blank\" rel=\"noopener\">mercado de capitais<\/a> brasileiro com o <strong>BTG<\/strong> (BPAC11), que cresce mais r\u00e1pido e tem descontos maiores&#8221;.<\/p>\n\n\n\n<p>Agora, os analistas preveem <a class=\"suno-keyword\" target=\"_blank\" data-force=\"no\" data-priority=\"1\" href=\"https:\/\/www.suno.com.br\/artigos\/lucro-liquido\/\" rel=\"noopener\">lucro l\u00edquido<\/a> recorrente de R$ 4,775 bilh\u00f5es neste ano, de 5,014 bilh\u00f5es anteriormente, enquanto reduziram as proje\u00e7\u00f5es de <a class=\"suno-keyword\" target=\"_blank\" data-force=\"no\" data-priority=\"1\" href=\"https:\/\/www.suno.com.br\/artigos\/o-que-receita-liquida\/\" rel=\"noopener\">receita l\u00edquida<\/a> de R$ 9,757 bilh\u00f5es para R$ 9,612 bilh\u00f5es.&nbsp;<\/p>\n\n\n\n<p>Al\u00e9m disso, dada a persistente baixa nos volumes observados at\u00e9 o momento e a velocidade de giro mais lenta, os analistas est\u00e3o revisando para baixo a ADTV (volume m\u00e9dio di\u00e1rio negociado) para 2024. Agora a previs\u00e3o \u00e9 de R$ 26 bilh\u00f5es (antes era R$ 27 bilh\u00f5es).\u00a0<\/p>\n\n\n\n<p>\u201cOs fluxos estrangeiros e a ind\u00fastria local de fundos ainda est\u00e3o se movendo em um ritmo lento, especialmente quando comparados \u00e0s nossas expectativas anteriores. Os fundos de a\u00e7\u00f5es e hedge ainda precisam de volumes de entrada decentes, enquanto os produtos de renda fixa continuam a atrair a maioria dos influxos\u201d, explica o BBA.<\/p>\n\n\n\n<p>Neste contexto, o BBA cortou o pre\u00e7o-alvo das <strong>a\u00e7\u00f5es da B3<\/strong>, passando de R$ 16 para R$ 15.&nbsp;<\/p>\n\n\n\n\t<div data-element=\"shortcode-read-more\" class=\"readToo\">\n\t\t\t\t<span class=\"readToo__title\">Leia mais<\/span>\n\t\t\t\t<ul class=\"readToo__list\">\n\t\t\t<li><a href=\"https:\/\/www.suno.com.br\/noticias\/b3-b3sa3-engie-egie3-unipar-unip3-mexem-mercado-quarta-feira-destaques-va\/\">B3 (B3SA3), Engie (EGIE3) e Unipar (UNIP3) mexem o mercado nesta quarta-feira; veja mais destaques<\/a><\/li><li><a href=\"https:\/\/www.suno.com.br\/noticias\/b3-b3sa3-btg-corta-preco-baixo-volume-negociacao-gss\/\">BTG reduz pre\u00e7o-alvo da B3 (B3SA3) diante de volumes de negocia\u00e7\u00e3o abaixo do esperado<\/a><\/li>\t\t<\/ul>\n\t<\/div>\n\n\n\n\n<h2 class=\"wp-block-heading\">B3 tem queda de 8,2% no lucro do 4T23<\/h2>\n\n\n\n<p>A&nbsp;<strong>B3&nbsp;<\/strong>(B3SA3) reportou um&nbsp;<a href=\"https:\/\/www.suno.com.br\/artigos\/lucro-liquido\/\" target=\"_blank\" rel=\"noreferrer noopener\">lucro l\u00edquido<\/a>&nbsp;recorrente de R$ 1,057 bilh\u00e3o no quarto trimestre de 2023, queda de 8,2% frente ao mesmo per\u00edodo de 2022 e de 8,7% na base sequencial.<\/p>\n\n\n\n<p>O&nbsp;<a href=\"https:\/\/www.suno.com.br\/artigos\/lucro-liquido\/\" target=\"_blank\" rel=\"noreferrer noopener\">lucro l\u00edquido<\/a>&nbsp;atribu\u00eddo aos acionistas, que exclui itens n\u00e3o recorrentes, ficou em R$ 915,5 milh\u00f5es, uma queda de 8,8% em 12 meses e de 14,8% no comparativo trimestral.<\/p>\n\n\n\n<p>As&nbsp;<strong>receitas totais da B3<\/strong>&nbsp;no quarto trimestre de 2023 somaram R$ 2,493 bilh\u00f5es, n\u00famero 2,9% inferior ao registrado no mesmo per\u00edodo do ano anterior e 0,1% superior ao do terceiro trimestre. Segundo o relat\u00f3rio, a queda na&nbsp;<strong>receita da B3<\/strong>&nbsp;reflete o desempenho dos derivativos de c\u00e2mbio, compensada, em parte, pelas receitas de juros somadas em moeda nacional. Os juros tamb\u00e9m foram apontados como respons\u00e1veis pela dificuldade de uma \u201crecupera\u00e7\u00e3o consistente\u201d no segmento de a\u00e7\u00f5es e instrumentos de&nbsp;<a target=\"_blank\" href=\"https:\/\/www.suno.com.br\/artigos\/renda-variavel-7-dicas\/\" rel=\"noreferrer noopener\">Renda Vari\u00e1vel<\/a>&nbsp;durante o 4\u00b0 tri.<\/p>\n\n\n\n<p>Entre os destaques positivos, a companhia destaca a alta de 5,5% do saldo na deposit\u00e1ria de renda vari\u00e1vel, o que demonstra que o&nbsp;<a target=\"_blank\" href=\"https:\/\/www.suno.com.br\/artigos\/valor-de-mercado\/\" rel=\"noreferrer noopener\">valor de mercado<\/a>&nbsp;das empresas subiu no per\u00edodo.<\/p>\n\n\n\n<p>Em derivativos listados, a B3 tamb\u00e9m destacou que o volume m\u00e9dio di\u00e1rio negociado (ADV) totalizou 6,2 milh\u00f5es de contratos, valor maior em 4,8% em rela\u00e7\u00e3o ao 3\u00b0 tri e 35,7% ao 4\u00b0 Tri de 2022, principalmente em fun\u00e7\u00e3o do bom desempenho de contratos de taxas de juros em Real.<\/p>\n\n\n\t<p>\n\t\t<a href=\"https:\/\/lp.suno.com.br\/ebook-como-analisar-uma-acao\/\" target=\"_blank\" data-element=\"shortcode-suno-banner\" title=\"Banner SUNO, clique e saiba mais\">\n\t\t\t<picture>\n\t\t\t\t<source media=\"(max-width: 500px)\" srcset=\"https:\/\/files.sunoresearch.com.br\/n\/uploads\/2023\/03\/Ebook-Acoes-Mobile.jpg\">\n\t\t\t\t<img class=\"newsContent__article__imgCapa newsContent__article__imgCapa--banner\"\n\t\t\t\t\tsrc=\"https:\/\/files.sunoresearch.com.br\/n\/uploads\/2023\/03\/Ebook-Acoes-Desktop.jpg\"\n\t\t\t\t\tdata-promo-id=\"378302\"\t\t\t\t\t\t\t\t\t\twidth='1420' height='286'\t\t\t\t\talt=\"https:\/\/files.sunoresearch.com.br\/n\/uploads\/2023\/03\/Ebook-Acoes-Desktop.jpg\"\n\t\t\t\t>\n\t\t\t<\/picture>\n\t\t<\/a>\n\t<\/p>\n\n\n\n\n\n<p>J\u00e1 no&nbsp;<strong>segmento de balc\u00e3o da B3<\/strong>, as taxas de juros mais altas seguiram favorecendo o aumento de volumes, com alta de 14,3% no estoque de instrumentos de renda fixa e de 26,4% no estoque do Tesouro Direto em rela\u00e7\u00e3o ao mesmo per\u00edodo de 2022.<\/p>\n\n\n\n<p>No&nbsp;<strong>4T23 da B3<\/strong>, o lucro antes de juros, impostos,&nbsp;<a href=\"https:\/\/www.suno.com.br\/artigos\/depreciacao-amortizacao\/\" target=\"_blank\" rel=\"noreferrer noopener\">deprecia\u00e7\u00e3o e amortiza\u00e7\u00e3o<\/a>&nbsp;(Ebitda, na sigla em ingl\u00eas) caiu 10,3%, para R$ 1,45 bilh\u00e3o, se comparado com os tr\u00eas meses anteriores, e apresentou um recuo de 9,8%, na compara\u00e7\u00e3o anual. A margem Ebtida caiu para 65,1% no quarto trimestre, de 70,5% no mesmo intervalo de 2022 e de 72,3% no terceiro trimestre.<\/p>\n\n\n\n<h2 class=\"wp-block-heading\">Resultados de 2023<\/h2>\n\n\n\n<p>No acumulado do ano de 2023, o&nbsp;<strong>lucro da B3&nbsp;<\/strong>ficou em R$ 4,13 bilh\u00f5es, n\u00famero 2,2% menor que o registrado em 2022. A&nbsp;<a target=\"_blank\" href=\"https:\/\/www.suno.com.br\/artigos\/receita-total\/\" rel=\"noreferrer noopener\">receita total<\/a>&nbsp;do ano foi de R$ 9,9 bilh\u00f5es, 1,9% menor na mesma base de compara\u00e7\u00e3o. A empresa salienta que a queda de 14,8% no segmento de a\u00e7\u00f5es e instrumentos de renda vari\u00e1vel foi compensada pelo bom desempenho nos demais segmentos.<\/p>\n\n\n\n<p>No segmento listado, a&nbsp;<a href=\"https:\/\/www.suno.com.br\/artigos\/o-que-receita-bruta\/\" target=\"_blank\" rel=\"noreferrer noopener\">receita bruta<\/a>&nbsp;caiu 9,2%, para R$ 5,97 bilh\u00f5es e representou 60,2% do total. Na divis\u00e3o de balc\u00e3o, a receita subiu 14,9%, para R$ 1,49 bilh\u00e3o, 15% do total.<\/p>\n\n\n\n<h2 class=\"wp-block-heading\">Cota\u00e7\u00e3o <\/h2>\n\n\n\n<p>Na tarde desta quarta-feira (28), as a\u00e7\u00f5es da<strong> B3<\/strong> caem 1,60%, cotadas a R$ 12,48. <\/p>\n\n\n\n\n\t<p>\n\t\t<a href=\"https:\/\/lp.suno.com.br\/planilha-da-vida-financeira\/\" target=\"_blank\" data-element=\"shortcode-suno-banner\" title=\"Banner SUNO, clique e saiba mais\">\n\t\t\t<picture>\n\t\t\t\t<source media=\"(max-width: 500px)\" srcset=\"https:\/\/files.sunoresearch.com.br\/n\/uploads\/2023\/04\/400x300-Planilha-vida-financeira-true.png\">\n\t\t\t\t<img class=\"newsContent__article__imgCapa newsContent__article__imgCapa--banner\"\n\t\t\t\t\tsrc=\"https:\/\/files.sunoresearch.com.br\/n\/uploads\/2023\/04\/1420x240-Planilha-vida-financeira-true.png\"\n\t\t\t\t\tdata-promo-id=\"383123\"\t\t\t\t\t\t\t\t\t\twidth='1420' height='240'\t\t\t\t\talt=\"https:\/\/files.sunoresearch.com.br\/n\/uploads\/2023\/04\/1420x240-Planilha-vida-financeira-true.png\"\n\t\t\t\t>\n\t\t\t<\/picture>\n\t\t<\/a>\n\t<\/p>\n\n\n","protected":false},"excerpt":{"rendered":"<p>Ap\u00f3s a B3 (B3SA3) reportar um lucro l\u00edquido recorrente de R$ 1,057 bilh\u00e3o no quarto trimestre de 2023 (4T23), o Ita\u00fa BBA reduziu suas estimativas para a companhia, reiterando recomenda\u00e7\u00e3o &#8220;market perform&#8220;.&nbsp; B3 (B3SA3). Foto: Divulga\u00e7\u00e3o O BBA prev\u00ea um aumento modesto de 4% nos lucros recorrentes da B3 em 2024, que deve manter os [&hellip;]<\/p>\n","protected":false},"author":301,"featured_media":414140,"comment_status":"closed","ping_status":"closed","sticky":false,"template":"","format":"standard","meta":[],"categories":[64],"tags":[286,367],"suno_strategy":[],"class_list":["post-527609","post","type-post","status-publish","format-standard","has-post-thumbnail","hentry","category-negocios","tag-acoes","tag-b3-b3sa3"],"yoast_head":"<!-- This site is optimized with the Yoast SEO plugin v24.4 - https:\/\/yoast.com\/wordpress\/plugins\/seo\/ -->\n<title>B3 (B3SA3): BBA corta pre\u00e7o-alvo, citando baixa nos volumes<\/title>\n<meta name=\"description\" content=\"Ap\u00f3s a B3 reportar um lucro l\u00edquido recorrente de R$ 1,057 bilh\u00e3o no 4T23, o Ita\u00fa BBA reduziu suas estimativas para a companhia.\" \/>\n<meta name=\"robots\" content=\"index, follow, max-snippet:-1, max-image-preview:large, max-video-preview:-1\" \/>\n<link rel=\"canonical\" href=\"https:\/\/www.suno.com.br\/noticias\/b3-b3sa3-itau-bba-corta-preco-baixa-volume-va\/\" \/>\n<meta property=\"og:locale\" content=\"pt_BR\" \/>\n<meta property=\"og:type\" content=\"article\" \/>\n<meta property=\"og:title\" content=\"B3 (B3SA3): BBA corta pre\u00e7o-alvo, citando baixa nos volumes\" \/>\n<meta property=\"og:description\" content=\"Ap\u00f3s a B3 reportar um lucro l\u00edquido recorrente de R$ 1,057 bilh\u00e3o no 4T23, o Ita\u00fa BBA reduziu suas estimativas para a companhia.\" \/>\n<meta property=\"og:url\" content=\"https:\/\/www.suno.com.br\/noticias\/b3-b3sa3-itau-bba-corta-preco-baixa-volume-va\/\" \/>\n<meta property=\"og:site_name\" content=\"Suno Not\u00edcias\" \/>\n<meta property=\"article:publisher\" content=\"https:\/\/facebook.com\/sunoresearch\" \/>\n<meta property=\"og:image\" content=\"https:\/\/files.sunoresearch.com.br\/n\/uploads\/2023\/06\/Ibovespa-B3-Fachada.jpg\" \/>\n\t<meta property=\"og:image:width\" content=\"1459\" \/>\n\t<meta property=\"og:image:height\" content=\"821\" \/>\n\t<meta property=\"og:image:type\" content=\"image\/jpeg\" \/>\n<meta name=\"author\" content=\"Vin\u00edcius Alves\" \/>\n<meta name=\"twitter:card\" content=\"summary_large_image\" \/>\n<meta name=\"twitter:creator\" content=\"@sunoresearch\" \/>\n<meta name=\"twitter:site\" content=\"@sunoresearch\" \/>\n<meta name=\"twitter:label1\" content=\"Escrito por\" \/>\n\t<meta name=\"twitter:data1\" content=\"Vin\u00edcius Alves\" \/>\n\t<meta name=\"twitter:label2\" content=\"Est. tempo de leitura\" \/>\n\t<meta name=\"twitter:data2\" content=\"4 minutos\" \/>\n<script type=\"application\/ld+json\" class=\"yoast-schema-graph\">{\"@context\":\"https:\/\/schema.org\",\"@graph\":[{\"@type\":\"NewsArticle\",\"@id\":\"https:\/\/www.suno.com.br\/noticias\/b3-b3sa3-itau-bba-corta-preco-baixa-volume-va\/#article\",\"isPartOf\":{\"@id\":\"https:\/\/www.suno.com.br\/noticias\/b3-b3sa3-itau-bba-corta-preco-baixa-volume-va\/\"},\"author\":{\"name\":\"Vin\u00edcius Alves\",\"@id\":\"https:\/\/www.suno.com.br\/noticias\/#\/schema\/person\/4a180549702d0e236b3e420862bcded3\"},\"headline\":\"B3 (B3SA3): Ita\u00fa BBA corta pre\u00e7o-alvo, com &#8216;persistente baixa nos volumes negociados&#8217;\",\"datePublished\":\"2024-02-28T16:27:24+00:00\",\"dateModified\":\"2024-02-28T16:27:33+00:00\",\"mainEntityOfPage\":{\"@id\":\"https:\/\/www.suno.com.br\/noticias\/b3-b3sa3-itau-bba-corta-preco-baixa-volume-va\/\"},\"wordCount\":779,\"publisher\":{\"@id\":\"https:\/\/www.suno.com.br\/noticias\/#organization\"},\"image\":{\"@id\":\"https:\/\/www.suno.com.br\/noticias\/b3-b3sa3-itau-bba-corta-preco-baixa-volume-va\/#primaryimage\"},\"thumbnailUrl\":\"https:\/\/files.sunoresearch.com.br\/n\/uploads\/2023\/06\/Ibovespa-B3-Fachada.jpg\",\"keywords\":[\"A\u00e7\u00f5es\",\"B3 (B3SA3)\"],\"articleSection\":[\"Neg\u00f3cios\"],\"inLanguage\":\"pt-BR\"},{\"@type\":\"WebPage\",\"@id\":\"https:\/\/www.suno.com.br\/noticias\/b3-b3sa3-itau-bba-corta-preco-baixa-volume-va\/\",\"url\":\"https:\/\/www.suno.com.br\/noticias\/b3-b3sa3-itau-bba-corta-preco-baixa-volume-va\/\",\"name\":\"B3 (B3SA3): BBA corta pre\u00e7o-alvo, citando baixa nos volumes\",\"isPartOf\":{\"@id\":\"https:\/\/www.suno.com.br\/noticias\/#website\"},\"primaryImageOfPage\":{\"@id\":\"https:\/\/www.suno.com.br\/noticias\/b3-b3sa3-itau-bba-corta-preco-baixa-volume-va\/#primaryimage\"},\"image\":{\"@id\":\"https:\/\/www.suno.com.br\/noticias\/b3-b3sa3-itau-bba-corta-preco-baixa-volume-va\/#primaryimage\"},\"thumbnailUrl\":\"https:\/\/files.sunoresearch.com.br\/n\/uploads\/2023\/06\/Ibovespa-B3-Fachada.jpg\",\"datePublished\":\"2024-02-28T16:27:24+00:00\",\"dateModified\":\"2024-02-28T16:27:33+00:00\",\"description\":\"Ap\u00f3s a B3 reportar um lucro l\u00edquido recorrente de R$ 1,057 bilh\u00e3o no 4T23, o Ita\u00fa BBA reduziu suas estimativas para a companhia.\",\"breadcrumb\":{\"@id\":\"https:\/\/www.suno.com.br\/noticias\/b3-b3sa3-itau-bba-corta-preco-baixa-volume-va\/#breadcrumb\"},\"inLanguage\":\"pt-BR\",\"potentialAction\":[{\"@type\":\"ReadAction\",\"target\":[\"https:\/\/www.suno.com.br\/noticias\/b3-b3sa3-itau-bba-corta-preco-baixa-volume-va\/\"]}]},{\"@type\":\"ImageObject\",\"inLanguage\":\"pt-BR\",\"@id\":\"https:\/\/www.suno.com.br\/noticias\/b3-b3sa3-itau-bba-corta-preco-baixa-volume-va\/#primaryimage\",\"url\":\"https:\/\/files.sunoresearch.com.br\/n\/uploads\/2023\/06\/Ibovespa-B3-Fachada.jpg\",\"contentUrl\":\"https:\/\/files.sunoresearch.com.br\/n\/uploads\/2023\/06\/Ibovespa-B3-Fachada.jpg\",\"width\":1459,\"height\":821,\"caption\":\"B3 (B3SA3). Foto: Divulga\u00e7\u00e3o\"},{\"@type\":\"BreadcrumbList\",\"@id\":\"https:\/\/www.suno.com.br\/noticias\/b3-b3sa3-itau-bba-corta-preco-baixa-volume-va\/#breadcrumb\",\"itemListElement\":[{\"@type\":\"ListItem\",\"position\":1,\"name\":\"Not\u00edcias\",\"item\":\"https:\/\/www.suno.com.br\/noticias\/\"},{\"@type\":\"ListItem\",\"position\":2,\"name\":\"Neg\u00f3cios\",\"item\":\"https:\/\/www.suno.com.br\/noticias\/negocios\/\"},{\"@type\":\"ListItem\",\"position\":3,\"name\":\"B3 (B3SA3): Ita\u00fa BBA corta pre\u00e7o-alvo, com &#8216;persistente baixa nos volumes negociados&#8217;\"}]},{\"@type\":\"WebSite\",\"@id\":\"https:\/\/www.suno.com.br\/noticias\/#website\",\"url\":\"https:\/\/www.suno.com.br\/noticias\/\",\"name\":\"Suno Not\u00edcias\",\"description\":\"Seu portal de informa\u00e7\u00e3o sobre o mundo dos investimentos\",\"publisher\":{\"@id\":\"https:\/\/www.suno.com.br\/noticias\/#organization\"},\"potentialAction\":[{\"@type\":\"SearchAction\",\"target\":{\"@type\":\"EntryPoint\",\"urlTemplate\":\"https:\/\/www.suno.com.br\/noticias\/?s={search_term_string}\"},\"query-input\":{\"@type\":\"PropertyValueSpecification\",\"valueRequired\":true,\"valueName\":\"search_term_string\"}}],\"inLanguage\":\"pt-BR\"},{\"@type\":\"Organization\",\"@id\":\"https:\/\/www.suno.com.br\/noticias\/#organization\",\"name\":\"Suno Not\u00edcias\",\"url\":\"https:\/\/www.suno.com.br\/noticias\/\",\"logo\":{\"@type\":\"ImageObject\",\"inLanguage\":\"pt-BR\",\"@id\":\"https:\/\/www.suno.com.br\/noticias\/#\/schema\/logo\/image\/\",\"url\":\"https:\/\/files.sunoresearch.com.br\/n\/uploads\/2021\/09\/suno-logo.png\",\"contentUrl\":\"https:\/\/files.sunoresearch.com.br\/n\/uploads\/2021\/09\/suno-logo.png\",\"width\":180,\"height\":180,\"caption\":\"Suno Not\u00edcias\"},\"image\":{\"@id\":\"https:\/\/www.suno.com.br\/noticias\/#\/schema\/logo\/image\/\"},\"sameAs\":[\"https:\/\/facebook.com\/sunoresearch\",\"https:\/\/x.com\/sunoresearch\",\"https:\/\/www.instagram.com\/suno\",\"https:\/\/www.linkedin.com\/company\/suno-research\/\",\"https:\/\/www.youtube.com\/c\/sunoresearch\"]},{\"@type\":\"Person\",\"@id\":\"https:\/\/www.suno.com.br\/noticias\/#\/schema\/person\/4a180549702d0e236b3e420862bcded3\",\"name\":\"Vin\u00edcius Alves\",\"image\":{\"@type\":\"ImageObject\",\"inLanguage\":\"pt-BR\",\"@id\":\"https:\/\/www.suno.com.br\/noticias\/#\/schema\/person\/image\/\",\"url\":\"https:\/\/secure.gravatar.com\/avatar\/a95b7fe6d1b813f7907d4f476d5a39e1?s=96&r=g\",\"contentUrl\":\"https:\/\/secure.gravatar.com\/avatar\/a95b7fe6d1b813f7907d4f476d5a39e1?s=96&r=g\",\"caption\":\"Vin\u00edcius Alves\"},\"description\":\"Jornalista formado na Faculdade C\u00e1sper L\u00edbero. Com passagens pela Ag\u00eancia Estado, InfoMoney e Editora Globo.\",\"url\":\"https:\/\/www.suno.com.br\/noticias\/author\/vini08correiagmail-com\/\"}]}<\/script>\n<!-- \/ Yoast SEO plugin. -->","yoast_head_json":{"title":"B3 (B3SA3): BBA corta pre\u00e7o-alvo, citando baixa nos volumes","description":"Ap\u00f3s a B3 reportar um lucro l\u00edquido recorrente de R$ 1,057 bilh\u00e3o no 4T23, o Ita\u00fa BBA reduziu suas estimativas para a companhia.","robots":{"index":"index","follow":"follow","max-snippet":"max-snippet:-1","max-image-preview":"max-image-preview:large","max-video-preview":"max-video-preview:-1"},"canonical":"https:\/\/www.suno.com.br\/noticias\/b3-b3sa3-itau-bba-corta-preco-baixa-volume-va\/","og_locale":"pt_BR","og_type":"article","og_title":"B3 (B3SA3): BBA corta pre\u00e7o-alvo, citando baixa nos volumes","og_description":"Ap\u00f3s a B3 reportar um lucro l\u00edquido recorrente de R$ 1,057 bilh\u00e3o no 4T23, o Ita\u00fa BBA reduziu suas estimativas para a companhia.","og_url":"https:\/\/www.suno.com.br\/noticias\/b3-b3sa3-itau-bba-corta-preco-baixa-volume-va\/","og_site_name":"Suno Not\u00edcias","article_publisher":"https:\/\/facebook.com\/sunoresearch","og_image":[{"width":1459,"height":821,"url":"https:\/\/files.sunoresearch.com.br\/n\/uploads\/2023\/06\/Ibovespa-B3-Fachada.jpg","type":"image\/jpeg"}],"author":"Vin\u00edcius Alves","twitter_card":"summary_large_image","twitter_creator":"@sunoresearch","twitter_site":"@sunoresearch","twitter_misc":{"Escrito por":"Vin\u00edcius Alves","Est. tempo de leitura":"4 minutos"},"schema":{"@context":"https:\/\/schema.org","@graph":[{"@type":"NewsArticle","@id":"https:\/\/www.suno.com.br\/noticias\/b3-b3sa3-itau-bba-corta-preco-baixa-volume-va\/#article","isPartOf":{"@id":"https:\/\/www.suno.com.br\/noticias\/b3-b3sa3-itau-bba-corta-preco-baixa-volume-va\/"},"author":{"name":"Vin\u00edcius Alves","@id":"https:\/\/www.suno.com.br\/noticias\/#\/schema\/person\/4a180549702d0e236b3e420862bcded3"},"headline":"B3 (B3SA3): Ita\u00fa BBA corta pre\u00e7o-alvo, com &#8216;persistente baixa nos volumes negociados&#8217;","datePublished":"2024-02-28T16:27:24+00:00","dateModified":"2024-02-28T16:27:33+00:00","mainEntityOfPage":{"@id":"https:\/\/www.suno.com.br\/noticias\/b3-b3sa3-itau-bba-corta-preco-baixa-volume-va\/"},"wordCount":779,"publisher":{"@id":"https:\/\/www.suno.com.br\/noticias\/#organization"},"image":{"@id":"https:\/\/www.suno.com.br\/noticias\/b3-b3sa3-itau-bba-corta-preco-baixa-volume-va\/#primaryimage"},"thumbnailUrl":"https:\/\/files.sunoresearch.com.br\/n\/uploads\/2023\/06\/Ibovespa-B3-Fachada.jpg","keywords":["A\u00e7\u00f5es","B3 (B3SA3)"],"articleSection":["Neg\u00f3cios"],"inLanguage":"pt-BR"},{"@type":"WebPage","@id":"https:\/\/www.suno.com.br\/noticias\/b3-b3sa3-itau-bba-corta-preco-baixa-volume-va\/","url":"https:\/\/www.suno.com.br\/noticias\/b3-b3sa3-itau-bba-corta-preco-baixa-volume-va\/","name":"B3 (B3SA3): BBA corta pre\u00e7o-alvo, citando baixa nos volumes","isPartOf":{"@id":"https:\/\/www.suno.com.br\/noticias\/#website"},"primaryImageOfPage":{"@id":"https:\/\/www.suno.com.br\/noticias\/b3-b3sa3-itau-bba-corta-preco-baixa-volume-va\/#primaryimage"},"image":{"@id":"https:\/\/www.suno.com.br\/noticias\/b3-b3sa3-itau-bba-corta-preco-baixa-volume-va\/#primaryimage"},"thumbnailUrl":"https:\/\/files.sunoresearch.com.br\/n\/uploads\/2023\/06\/Ibovespa-B3-Fachada.jpg","datePublished":"2024-02-28T16:27:24+00:00","dateModified":"2024-02-28T16:27:33+00:00","description":"Ap\u00f3s a B3 reportar um lucro l\u00edquido recorrente de R$ 1,057 bilh\u00e3o no 4T23, o Ita\u00fa BBA reduziu suas estimativas para a companhia.","breadcrumb":{"@id":"https:\/\/www.suno.com.br\/noticias\/b3-b3sa3-itau-bba-corta-preco-baixa-volume-va\/#breadcrumb"},"inLanguage":"pt-BR","potentialAction":[{"@type":"ReadAction","target":["https:\/\/www.suno.com.br\/noticias\/b3-b3sa3-itau-bba-corta-preco-baixa-volume-va\/"]}]},{"@type":"ImageObject","inLanguage":"pt-BR","@id":"https:\/\/www.suno.com.br\/noticias\/b3-b3sa3-itau-bba-corta-preco-baixa-volume-va\/#primaryimage","url":"https:\/\/files.sunoresearch.com.br\/n\/uploads\/2023\/06\/Ibovespa-B3-Fachada.jpg","contentUrl":"https:\/\/files.sunoresearch.com.br\/n\/uploads\/2023\/06\/Ibovespa-B3-Fachada.jpg","width":1459,"height":821,"caption":"B3 (B3SA3). Foto: Divulga\u00e7\u00e3o"},{"@type":"BreadcrumbList","@id":"https:\/\/www.suno.com.br\/noticias\/b3-b3sa3-itau-bba-corta-preco-baixa-volume-va\/#breadcrumb","itemListElement":[{"@type":"ListItem","position":1,"name":"Not\u00edcias","item":"https:\/\/www.suno.com.br\/noticias\/"},{"@type":"ListItem","position":2,"name":"Neg\u00f3cios","item":"https:\/\/www.suno.com.br\/noticias\/negocios\/"},{"@type":"ListItem","position":3,"name":"B3 (B3SA3): Ita\u00fa BBA corta pre\u00e7o-alvo, com &#8216;persistente baixa nos volumes negociados&#8217;"}]},{"@type":"WebSite","@id":"https:\/\/www.suno.com.br\/noticias\/#website","url":"https:\/\/www.suno.com.br\/noticias\/","name":"Suno Not\u00edcias","description":"Seu portal de informa\u00e7\u00e3o sobre o mundo dos investimentos","publisher":{"@id":"https:\/\/www.suno.com.br\/noticias\/#organization"},"potentialAction":[{"@type":"SearchAction","target":{"@type":"EntryPoint","urlTemplate":"https:\/\/www.suno.com.br\/noticias\/?s={search_term_string}"},"query-input":{"@type":"PropertyValueSpecification","valueRequired":true,"valueName":"search_term_string"}}],"inLanguage":"pt-BR"},{"@type":"Organization","@id":"https:\/\/www.suno.com.br\/noticias\/#organization","name":"Suno Not\u00edcias","url":"https:\/\/www.suno.com.br\/noticias\/","logo":{"@type":"ImageObject","inLanguage":"pt-BR","@id":"https:\/\/www.suno.com.br\/noticias\/#\/schema\/logo\/image\/","url":"https:\/\/files.sunoresearch.com.br\/n\/uploads\/2021\/09\/suno-logo.png","contentUrl":"https:\/\/files.sunoresearch.com.br\/n\/uploads\/2021\/09\/suno-logo.png","width":180,"height":180,"caption":"Suno Not\u00edcias"},"image":{"@id":"https:\/\/www.suno.com.br\/noticias\/#\/schema\/logo\/image\/"},"sameAs":["https:\/\/facebook.com\/sunoresearch","https:\/\/x.com\/sunoresearch","https:\/\/www.instagram.com\/suno","https:\/\/www.linkedin.com\/company\/suno-research\/","https:\/\/www.youtube.com\/c\/sunoresearch"]},{"@type":"Person","@id":"https:\/\/www.suno.com.br\/noticias\/#\/schema\/person\/4a180549702d0e236b3e420862bcded3","name":"Vin\u00edcius Alves","image":{"@type":"ImageObject","inLanguage":"pt-BR","@id":"https:\/\/www.suno.com.br\/noticias\/#\/schema\/person\/image\/","url":"https:\/\/secure.gravatar.com\/avatar\/a95b7fe6d1b813f7907d4f476d5a39e1?s=96&r=g","contentUrl":"https:\/\/secure.gravatar.com\/avatar\/a95b7fe6d1b813f7907d4f476d5a39e1?s=96&r=g","caption":"Vin\u00edcius Alves"},"description":"Jornalista formado na Faculdade C\u00e1sper L\u00edbero. Com passagens pela Ag\u00eancia Estado, InfoMoney e Editora Globo.","url":"https:\/\/www.suno.com.br\/noticias\/author\/vini08correiagmail-com\/"}]}},"default_loop_html":"<div class=\"cardsPage__listCard__boxs\"><div class=\"cardsPage__listCard__boxs__img\"><a href=\"https:\/\/www.suno.com.br\/noticias\/b3-b3sa3-itau-bba-corta-preco-baixa-volume-va\/\"><img class=\"mask\" src=\"https:\/\/www.suno.com.br\/noticias\/wp-content\/themes\/suno\/resources\/images\/spotlight\/spotlight1img\/bg-mask.png\" alt=\"Image Mask\"\/><img src=\"https:\/\/files.sunoresearch.com.br\/n\/uploads\/2023\/06\/Ibovespa-B3-Fachada-400x200.jpg\" alt=\"B3 (B3SA3): Ita\u00fa BBA corta pre\u00e7o-alvo, com &#8216;persistente baixa nos volumes negociados&#8217;\"\/><\/a><span class=\"spotlightCategory\"><a href=\"https:\/\/www.suno.com.br\/noticias\/negocios\/\">Neg\u00f3cios<\/a><\/span><\/div><div class=\"cardsPage__listCard__boxs__content\"><a href=\"https:\/\/www.suno.com.br\/noticias\/b3-b3sa3-itau-bba-corta-preco-baixa-volume-va\/\"><h2 class=\"content__title\">B3 (B3SA3): Ita\u00fa BBA corta pre\u00e7o-alvo, com &#8216;persistente baixa nos volumes negociados&#8217;<\/h2><\/a><div class=\"newsContent__article__meta\"><div class=\"newsContent__article__meta__authorBox\"><a href=\"https:\/\/www.suno.com.br\/noticias\/author\/redacao-suno\/\" class=\"authorBox__avatar noMobi\"><img src=\"https:\/\/files.sunoresearch.com.br\/n\/uploads\/2020\/08\/0ace682d-redacao-1-150x150.webp\" alt=\"Reda\u00e7\u00e3o Suno Not\u00edcias\"><\/a><div class=\"authorBox__name\"><span>por\n\t\t\t<a href=\"https:\/\/www.suno.com.br\/noticias\/author\/redacao-suno\/\"><span itemprop=\"author\">Reda\u00e7\u00e3o Suno Not\u00edcias<\/span><\/a><\/span><time datetime=\"2024-02-28T13:27:24-03:00\" itemprop=\"datePublished\">28\/02\/2024 13:27<\/time><\/div><\/div><\/div><\/div><\/div>","single_layout":"posts","amp_enabled":true,"_links":{"self":[{"href":"https:\/\/www.suno.com.br\/noticias\/wp-json\/wp\/v2\/posts\/527609"}],"collection":[{"href":"https:\/\/www.suno.com.br\/noticias\/wp-json\/wp\/v2\/posts"}],"about":[{"href":"https:\/\/www.suno.com.br\/noticias\/wp-json\/wp\/v2\/types\/post"}],"author":[{"embeddable":true,"href":"https:\/\/www.suno.com.br\/noticias\/wp-json\/wp\/v2\/users\/301"}],"replies":[{"embeddable":true,"href":"https:\/\/www.suno.com.br\/noticias\/wp-json\/wp\/v2\/comments?post=527609"}],"version-history":[{"count":2,"href":"https:\/\/www.suno.com.br\/noticias\/wp-json\/wp\/v2\/posts\/527609\/revisions"}],"predecessor-version":[{"id":527639,"href":"https:\/\/www.suno.com.br\/noticias\/wp-json\/wp\/v2\/posts\/527609\/revisions\/527639"}],"wp:featuredmedia":[{"embeddable":true,"href":"https:\/\/www.suno.com.br\/noticias\/wp-json\/wp\/v2\/media\/414140"}],"wp:attachment":[{"href":"https:\/\/www.suno.com.br\/noticias\/wp-json\/wp\/v2\/media?parent=527609"}],"wp:term":[{"taxonomy":"category","embeddable":true,"href":"https:\/\/www.suno.com.br\/noticias\/wp-json\/wp\/v2\/categories?post=527609"},{"taxonomy":"post_tag","embeddable":true,"href":"https:\/\/www.suno.com.br\/noticias\/wp-json\/wp\/v2\/tags?post=527609"},{"taxonomy":"suno_strategy","embeddable":true,"href":"https:\/\/www.suno.com.br\/noticias\/wp-json\/wp\/v2\/suno_strategy?post=527609"}],"curies":[{"name":"wp","href":"https:\/\/api.w.org\/{rel}","templated":true}]}}