{"id":527605,"date":"2024-02-28T15:39:26","date_gmt":"2024-02-28T18:39:26","guid":{"rendered":"https:\/\/www.suno.com.br\/noticias\/?p=527605"},"modified":"2024-02-28T15:39:31","modified_gmt":"2024-02-28T18:39:31","slug":"reoneracao-folha-pequenos-municipios-prefeitos-evm","status":"publish","type":"post","link":"https:\/\/www.suno.com.br\/noticias\/reoneracao-folha-pequenos-municipios-prefeitos-evm\/","title":{"rendered":"Governo mant\u00e9m reonera\u00e7\u00e3o da folha de pequenos munic\u00edpios e revolta prefeitos"},"content":{"rendered":"<p>A medida provis\u00f3ria publicada nesta quarta-feira (28) pelo presidente Luiz In\u00e1cio Lula da Silva (PT) revogou a <strong><a href=\"https:\/\/www.suno.com.br\/noticias\/mp-reoneracao-definicao-nesta-semana-randolfe-gss\/\">reonera\u00e7\u00e3o da folha<\/a><\/strong> de pagamentos dos 17 setores da economia atualmente beneficiados com a pol\u00edtica.<\/p><div class=\"videoFull \">\n\t\t\t<div class=\"videoWrapper yt-lazyload center\"\n\t\t\t\tdata-width=\"960\"\n\t\t\t\tdata-height=\"540\"\n\t\t\t\tdata-id=\"lIpbc87-9y0\"\n\t\t\t\tdata-alt=\"V\u00eddeo do YouTube - clique para reproduzir\"\n\t\t\t\tdata-logo=\"3\"\n\t\t\t\tdata-imagequality=\"maxres\">\n\t\t\t<\/div>\n\t\t<\/div><script type=\"application\/ld+json\">{\"@context\":\"https:\/\/schema.org\",\"@type\":\"VideoObject\",\"name\":\"\ud83d\udd34VALE (VALE3) VAI SE RECUPERAR? | Ibovespa a 131 mil pontos | IPCA-15 descola das proje\u00e7\u00f5es\",\"description\":\"#mercadofinanceiro #a\u00e7\u00f5es #investimentos #bolsadevalores #ibovespa #dinheiro #finan\u00e7as #pol\u00edtica #d\u00f3lar #livedas19h #petr4 #petr3 #petrobras #vale3 #vale #a\u00e7\u00f5es #economia #dividendos #min\u00e9riodeferro #min\u00e9rio #petr\u00f3leo #commodities #proventos #jcp #ipca #ipca15 #infla\u00e7\u00e3o #ceo #presidente #lula 00:00 In\u00edcio do v\u00eddeo 01:45 Fechamento de preg\u00e3o 05:40 VALE3 acima de R$ 100? 14:10 BRFS3 dispara com balan\u00e7o 19:09 Entenda a alta de PCAR3\u2026\",\"duration\":\"PT27M49S\",\"embedUrl\":\"https:\/\/www.youtube.com\/embed\/lIpbc87-9y0\",\"regionsAllowed\":\"en-US\",\"interactionStatistic\":{\"@type\":\"InteractionCounter\",\"interactionType\":{\"@type\":\"WatchAction\"},\"userInteractionCount\":2538},\"thumbnailUrl\":\"https:\/\/i.ytimg.com\/vi\/lIpbc87-9y0\/default.jpg\",\"uploadDate\":\"2024-02-28T10:37:51Z\"}<\/script>\n\n\n\n\n\t<p>\n\t\t<a href=\"https:\/\/lp.suno.com.br\/planilha-da-vida-financeira\/\" target=\"_blank\" data-element=\"shortcode-suno-banner\" title=\"Banner SUNO, clique e saiba mais\">\n\t\t\t<picture>\n\t\t\t\t<source media=\"(max-width: 500px)\" srcset=\"https:\/\/files.sunoresearch.com.br\/n\/uploads\/2023\/04\/400x300-Planilha-vida-financeira-true.png\">\n\t\t\t\t<img class=\"newsContent__article__imgCapa newsContent__article__imgCapa--banner\"\n\t\t\t\t\tsrc=\"https:\/\/files.sunoresearch.com.br\/n\/uploads\/2023\/04\/1420x240-Planilha-vida-financeira-true.png\"\n\t\t\t\t\tdata-promo-id=\"106682\"\t\t\t\t\t\t\t\t\t\twidth='1420' height='240'\t\t\t\t\talt=\"https:\/\/files.sunoresearch.com.br\/n\/uploads\/2023\/04\/1420x240-Planilha-vida-financeira-true.png\"\n\t\t\t\t>\n\t\t\t<\/picture>\n\t\t<\/a>\n\t<\/p>\n\n\n\n\n\n\n\n<p>Apesar disso, o presidente manteve decis\u00e3o de cortar o desconto que havia sido dado a prefeituras de pequenos munic\u00edpios. O caso acerca da reonera\u00e7\u00e3o da folha revoltou prefeitos, que j\u00e1 falam em protesto em Bras\u00edlia.<\/p>\n\n\n\n<p>O descontentamento foi exposto em nota divulgada pela Confedera\u00e7\u00e3o Brasileira de Munic\u00edpios (CNM). &#8220;O presidente da CNM, Paulo Ziulkoski, convoca todos os prefeitos e prefeitas para estarem em <a href=\"https:\/\/www.suno.com.br\/noticias\/web-stories\/brasilia-lista-destinos-2024-new-york-times-evm\/\">Bras\u00edlia<\/a> na pr\u00f3xima quarta-feira, 6 de mar\u00e7o, para uma mobiliza\u00e7\u00e3o municipalista&#8221;, diz o texto.<\/p>\n\n\n\n<p>Em 2023, o Congresso incluiu no projeto que prorrogaria a desonera\u00e7\u00e3o da folha de pagamento de 17 setores da economia at\u00e9 2027 um trecho para baixar de 20% para 8% a al\u00edquota de INSS cobrada de munic\u00edpios com at\u00e9 142 mil habitantes. <\/p>\n\n\n\n<p>De acordo com a CNM, o desconto anual no pagamento dos munic\u00edpios ao INSS seria de R$ 11 bilh\u00f5es. A mudan\u00e7a foi feita no Senado, sob relatoria do senador Angelo Coronel (PSD-BA). <\/p>\n\n\n\n<p>Quando da edi\u00e7\u00e3o da MP em dezembro, o governo acabou com essa redu\u00e7\u00e3o voltada para as prefeituras. A decis\u00e3o foi mantida na medida provis\u00f3ria editada hoje, que s\u00f3 revogou a reonera\u00e7\u00e3o da folha de pagamentos dos 17 setores privados beneficiados. <\/p>\n\n\n\n<p>Assim, os munic\u00edpios ficam com a al\u00edquota cheia de 20%, em vez dos 8% aprovados pelo Congresso em 2023.<\/p>\n\n\n\n<p>Tanto a reonera\u00e7\u00e3o dos setores da <a class=\"suno-keyword\" target=\"_blank\" data-force=\"no\" data-priority=\"1\" href=\"https:\/\/www.suno.com.br\/artigos\/iniciativa-privada\/\" rel=\"noopener\">iniciativa privada<\/a> quanto das prefeituras est\u00e3o no esfor\u00e7o do ministro da Fazenda, Fernando Haddad, para aumentar a arrecada\u00e7\u00e3o e colocar as contas do governo federal em dia.<\/p>\n\n\n\n<p>Houve forte rea\u00e7\u00e3o do Congresso \u00e0s medidas. Os setores econ\u00f4micos beneficiados pela desonera\u00e7\u00e3o pressionam deputados e senadores para manter a vantagem. <\/p>\n\n\n\n<p>Por isso, essa parte da discuss\u00e3o ser\u00e1 reiniciada pelo governo com o Legislativo em forma de projeto de lei, que vale s\u00f3 depois de aprova\u00e7\u00e3o das duas Casas. <\/p>\n\n\n\n<p>A <strong>reonera\u00e7\u00e3o da folha<\/strong> havia sido publicada como medida provis\u00f3ria, que vigora a partir de sua publica\u00e7\u00e3o pelo Executivo por at\u00e9 120 dias.<\/p>\n\n\n\n<p>Com Estad\u00e3o Conte\u00fado<\/p>\n\n\n\t<p>\n\t\t<a href=\"https:\/\/lp.suno.com.br\/ebook-como-analisar-uma-acao\/\" target=\"_blank\" data-element=\"shortcode-suno-banner\" title=\"Banner SUNO, clique e saiba mais\">\n\t\t\t<picture>\n\t\t\t\t<source media=\"(max-width: 500px)\" srcset=\"https:\/\/files.sunoresearch.com.br\/n\/uploads\/2023\/03\/Ebook-Acoes-Mobile.jpg\">\n\t\t\t\t<img class=\"newsContent__article__imgCapa newsContent__article__imgCapa--banner\"\n\t\t\t\t\tsrc=\"https:\/\/files.sunoresearch.com.br\/n\/uploads\/2023\/03\/Ebook-Acoes-Desktop.jpg\"\n\t\t\t\t\tdata-promo-id=\"378302\"\t\t\t\t\t\t\t\t\t\twidth='1420' height='286'\t\t\t\t\talt=\"https:\/\/files.sunoresearch.com.br\/n\/uploads\/2023\/03\/Ebook-Acoes-Desktop.jpg\"\n\t\t\t\t>\n\t\t\t<\/picture>\n\t\t<\/a>\n\t<\/p>\n\n\n","protected":false},"excerpt":{"rendered":"<p>A medida provis\u00f3ria publicada nesta quarta-feira (28) pelo presidente Luiz In\u00e1cio Lula da Silva (PT) revogou a reonera\u00e7\u00e3o da folha de pagamentos dos 17 setores da economia atualmente beneficiados com a pol\u00edtica. Apesar disso, o presidente manteve decis\u00e3o de cortar o desconto que havia sido dado a prefeituras de pequenos munic\u00edpios. O caso acerca da [&hellip;]<\/p>\n","protected":false},"author":73,"featured_media":349154,"comment_status":"closed","ping_status":"closed","sticky":false,"template":"","format":"standard","meta":[],"categories":[61],"tags":[106444,1556],"suno_strategy":[],"class_list":["post-527605","post","type-post","status-publish","format-standard","has-post-thumbnail","hentry","category-politica","tag-agencias","tag-governo-federal"],"yoast_head":"<!-- This site is optimized with the Yoast SEO plugin v24.4 - https:\/\/yoast.com\/wordpress\/plugins\/seo\/ -->\n<title>Reonera\u00e7\u00e3o da folha de pequenos munic\u00edpios \u00e9 mantida e revolta prefeitos<\/title>\n<meta name=\"description\" content=\"O caso acerca da reonera\u00e7\u00e3o da folha revoltou prefeitos, que j\u00e1 falam em protesto em Bras\u00edlia por conta da medida\" \/>\n<meta name=\"robots\" content=\"index, follow, max-snippet:-1, max-image-preview:large, max-video-preview:-1\" \/>\n<link rel=\"canonical\" href=\"https:\/\/www.suno.com.br\/noticias\/reoneracao-folha-pequenos-municipios-prefeitos-evm\/\" \/>\n<meta property=\"og:locale\" content=\"pt_BR\" \/>\n<meta property=\"og:type\" content=\"article\" \/>\n<meta property=\"og:title\" content=\"Reonera\u00e7\u00e3o da folha de pequenos munic\u00edpios \u00e9 mantida e revolta prefeitos\" \/>\n<meta property=\"og:description\" content=\"O caso acerca da reonera\u00e7\u00e3o da folha revoltou prefeitos, que j\u00e1 falam em protesto em Bras\u00edlia por conta da medida\" \/>\n<meta property=\"og:url\" content=\"https:\/\/www.suno.com.br\/noticias\/reoneracao-folha-pequenos-municipios-prefeitos-evm\/\" \/>\n<meta property=\"og:site_name\" content=\"Suno Not\u00edcias\" \/>\n<meta property=\"article:publisher\" content=\"https:\/\/facebook.com\/sunoresearch\" \/>\n<meta property=\"og:image\" content=\"https:\/\/files.sunoresearch.com.br\/n\/uploads\/2023\/01\/lula.jpg\" \/>\n\t<meta property=\"og:image:width\" content=\"1200\" \/>\n\t<meta property=\"og:image:height\" content=\"800\" \/>\n\t<meta property=\"og:image:type\" content=\"image\/jpeg\" \/>\n<meta name=\"author\" content=\"Eduardo Vargas\" \/>\n<meta name=\"twitter:card\" content=\"summary_large_image\" \/>\n<meta name=\"twitter:creator\" content=\"@sunoresearch\" \/>\n<meta name=\"twitter:site\" content=\"@sunoresearch\" \/>\n<meta name=\"twitter:label1\" content=\"Escrito por\" \/>\n\t<meta name=\"twitter:data1\" content=\"Eduardo Vargas\" \/>\n\t<meta name=\"twitter:label2\" content=\"Est. tempo de leitura\" \/>\n\t<meta name=\"twitter:data2\" content=\"2 minutos\" \/>\n<script type=\"application\/ld+json\" class=\"yoast-schema-graph\">{\"@context\":\"https:\/\/schema.org\",\"@graph\":[{\"@type\":\"NewsArticle\",\"@id\":\"https:\/\/www.suno.com.br\/noticias\/reoneracao-folha-pequenos-municipios-prefeitos-evm\/#article\",\"isPartOf\":{\"@id\":\"https:\/\/www.suno.com.br\/noticias\/reoneracao-folha-pequenos-municipios-prefeitos-evm\/\"},\"author\":{\"name\":\"Eduardo Vargas\",\"@id\":\"https:\/\/www.suno.com.br\/noticias\/#\/schema\/person\/7f4d362bf3518e76090143ae77bb49a5\"},\"headline\":\"Governo mant\u00e9m reonera\u00e7\u00e3o da folha de pequenos munic\u00edpios e revolta prefeitos\",\"datePublished\":\"2024-02-28T18:39:26+00:00\",\"dateModified\":\"2024-02-28T18:39:31+00:00\",\"mainEntityOfPage\":{\"@id\":\"https:\/\/www.suno.com.br\/noticias\/reoneracao-folha-pequenos-municipios-prefeitos-evm\/\"},\"wordCount\":396,\"publisher\":{\"@id\":\"https:\/\/www.suno.com.br\/noticias\/#organization\"},\"image\":{\"@id\":\"https:\/\/www.suno.com.br\/noticias\/reoneracao-folha-pequenos-municipios-prefeitos-evm\/#primaryimage\"},\"thumbnailUrl\":\"https:\/\/files.sunoresearch.com.br\/n\/uploads\/2023\/01\/lula.jpg\",\"keywords\":[\"Ag\u00eancias\",\"governo federal\"],\"articleSection\":[\"Pol\u00edtica\"],\"inLanguage\":\"pt-BR\"},{\"@type\":\"WebPage\",\"@id\":\"https:\/\/www.suno.com.br\/noticias\/reoneracao-folha-pequenos-municipios-prefeitos-evm\/\",\"url\":\"https:\/\/www.suno.com.br\/noticias\/reoneracao-folha-pequenos-municipios-prefeitos-evm\/\",\"name\":\"Reonera\u00e7\u00e3o da folha de pequenos munic\u00edpios \u00e9 mantida e revolta prefeitos\",\"isPartOf\":{\"@id\":\"https:\/\/www.suno.com.br\/noticias\/#website\"},\"primaryImageOfPage\":{\"@id\":\"https:\/\/www.suno.com.br\/noticias\/reoneracao-folha-pequenos-municipios-prefeitos-evm\/#primaryimage\"},\"image\":{\"@id\":\"https:\/\/www.suno.com.br\/noticias\/reoneracao-folha-pequenos-municipios-prefeitos-evm\/#primaryimage\"},\"thumbnailUrl\":\"https:\/\/files.sunoresearch.com.br\/n\/uploads\/2023\/01\/lula.jpg\",\"datePublished\":\"2024-02-28T18:39:26+00:00\",\"dateModified\":\"2024-02-28T18:39:31+00:00\",\"description\":\"O caso acerca da reonera\u00e7\u00e3o da folha revoltou prefeitos, que j\u00e1 falam em protesto em Bras\u00edlia por conta da medida\",\"breadcrumb\":{\"@id\":\"https:\/\/www.suno.com.br\/noticias\/reoneracao-folha-pequenos-municipios-prefeitos-evm\/#breadcrumb\"},\"inLanguage\":\"pt-BR\",\"potentialAction\":[{\"@type\":\"ReadAction\",\"target\":[\"https:\/\/www.suno.com.br\/noticias\/reoneracao-folha-pequenos-municipios-prefeitos-evm\/\"]}]},{\"@type\":\"ImageObject\",\"inLanguage\":\"pt-BR\",\"@id\":\"https:\/\/www.suno.com.br\/noticias\/reoneracao-folha-pequenos-municipios-prefeitos-evm\/#primaryimage\",\"url\":\"https:\/\/files.sunoresearch.com.br\/n\/uploads\/2023\/01\/lula.jpg\",\"contentUrl\":\"https:\/\/files.sunoresearch.com.br\/n\/uploads\/2023\/01\/lula.jpg\",\"width\":1200,\"height\":800,\"caption\":\"O presidente Luiz In\u00e1cio Lula da Silva. Foto: Marcelo Camargo\/Ag\u00eancia Brasil\"},{\"@type\":\"BreadcrumbList\",\"@id\":\"https:\/\/www.suno.com.br\/noticias\/reoneracao-folha-pequenos-municipios-prefeitos-evm\/#breadcrumb\",\"itemListElement\":[{\"@type\":\"ListItem\",\"position\":1,\"name\":\"Not\u00edcias\",\"item\":\"https:\/\/www.suno.com.br\/noticias\/\"},{\"@type\":\"ListItem\",\"position\":2,\"name\":\"Pol\u00edtica\",\"item\":\"https:\/\/www.suno.com.br\/noticias\/politica\/\"},{\"@type\":\"ListItem\",\"position\":3,\"name\":\"Governo mant\u00e9m reonera\u00e7\u00e3o da folha de pequenos munic\u00edpios e revolta prefeitos\"}]},{\"@type\":\"WebSite\",\"@id\":\"https:\/\/www.suno.com.br\/noticias\/#website\",\"url\":\"https:\/\/www.suno.com.br\/noticias\/\",\"name\":\"Suno Not\u00edcias\",\"description\":\"Seu portal de informa\u00e7\u00e3o sobre o mundo dos investimentos\",\"publisher\":{\"@id\":\"https:\/\/www.suno.com.br\/noticias\/#organization\"},\"potentialAction\":[{\"@type\":\"SearchAction\",\"target\":{\"@type\":\"EntryPoint\",\"urlTemplate\":\"https:\/\/www.suno.com.br\/noticias\/?s={search_term_string}\"},\"query-input\":{\"@type\":\"PropertyValueSpecification\",\"valueRequired\":true,\"valueName\":\"search_term_string\"}}],\"inLanguage\":\"pt-BR\"},{\"@type\":\"Organization\",\"@id\":\"https:\/\/www.suno.com.br\/noticias\/#organization\",\"name\":\"Suno Not\u00edcias\",\"url\":\"https:\/\/www.suno.com.br\/noticias\/\",\"logo\":{\"@type\":\"ImageObject\",\"inLanguage\":\"pt-BR\",\"@id\":\"https:\/\/www.suno.com.br\/noticias\/#\/schema\/logo\/image\/\",\"url\":\"https:\/\/files.sunoresearch.com.br\/n\/uploads\/2021\/09\/suno-logo.png\",\"contentUrl\":\"https:\/\/files.sunoresearch.com.br\/n\/uploads\/2021\/09\/suno-logo.png\",\"width\":180,\"height\":180,\"caption\":\"Suno Not\u00edcias\"},\"image\":{\"@id\":\"https:\/\/www.suno.com.br\/noticias\/#\/schema\/logo\/image\/\"},\"sameAs\":[\"https:\/\/facebook.com\/sunoresearch\",\"https:\/\/x.com\/sunoresearch\",\"https:\/\/www.instagram.com\/suno\",\"https:\/\/www.linkedin.com\/company\/suno-research\/\",\"https:\/\/www.youtube.com\/c\/sunoresearch\"]},{\"@type\":\"Person\",\"@id\":\"https:\/\/www.suno.com.br\/noticias\/#\/schema\/person\/7f4d362bf3518e76090143ae77bb49a5\",\"name\":\"Eduardo Vargas\",\"image\":{\"@type\":\"ImageObject\",\"inLanguage\":\"pt-BR\",\"@id\":\"https:\/\/www.suno.com.br\/noticias\/#\/schema\/person\/image\/\",\"url\":\"https:\/\/secure.gravatar.com\/avatar\/dac340933427a22924c9f99d1eb2e3f2?s=96&r=g\",\"contentUrl\":\"https:\/\/secure.gravatar.com\/avatar\/dac340933427a22924c9f99d1eb2e3f2?s=96&r=g\",\"caption\":\"Eduardo Vargas\"},\"description\":\"Jornalista formado pela UFSC, cobre macroeconomia, neg\u00f3cios e startups para o Suno Not\u00edcias, escrevendo principalmente not\u00edcias sobre o mercado financeiro e a bolsa de valores. No YouTube e no Instagram, \u00e9 respons\u00e1vel pela produ\u00e7\u00e3o de Reels e Shorts do Suno Not\u00edcias. Anteriormente, trabalhou cobrindo economia e cotidiano no ND+ e para o ND, maior jornal impresso de Santa Catarina. Cursou um semestre letivo de Estudos de M\u00eddia na Universidad de Buenos Aires.\",\"url\":\"https:\/\/www.suno.com.br\/noticias\/author\/eduardo-vargas\/\"}]}<\/script>\n<!-- \/ Yoast SEO plugin. -->","yoast_head_json":{"title":"Reonera\u00e7\u00e3o da folha de pequenos munic\u00edpios \u00e9 mantida e revolta prefeitos","description":"O caso acerca da reonera\u00e7\u00e3o da folha revoltou prefeitos, que j\u00e1 falam em protesto em Bras\u00edlia por conta da medida","robots":{"index":"index","follow":"follow","max-snippet":"max-snippet:-1","max-image-preview":"max-image-preview:large","max-video-preview":"max-video-preview:-1"},"canonical":"https:\/\/www.suno.com.br\/noticias\/reoneracao-folha-pequenos-municipios-prefeitos-evm\/","og_locale":"pt_BR","og_type":"article","og_title":"Reonera\u00e7\u00e3o da folha de pequenos munic\u00edpios \u00e9 mantida e revolta prefeitos","og_description":"O caso acerca da reonera\u00e7\u00e3o da folha revoltou prefeitos, que j\u00e1 falam em protesto em Bras\u00edlia por conta da medida","og_url":"https:\/\/www.suno.com.br\/noticias\/reoneracao-folha-pequenos-municipios-prefeitos-evm\/","og_site_name":"Suno Not\u00edcias","article_publisher":"https:\/\/facebook.com\/sunoresearch","og_image":[{"width":1200,"height":800,"url":"https:\/\/files.sunoresearch.com.br\/n\/uploads\/2023\/01\/lula.jpg","type":"image\/jpeg"}],"author":"Eduardo Vargas","twitter_card":"summary_large_image","twitter_creator":"@sunoresearch","twitter_site":"@sunoresearch","twitter_misc":{"Escrito por":"Eduardo Vargas","Est. tempo de leitura":"2 minutos"},"schema":{"@context":"https:\/\/schema.org","@graph":[{"@type":"NewsArticle","@id":"https:\/\/www.suno.com.br\/noticias\/reoneracao-folha-pequenos-municipios-prefeitos-evm\/#article","isPartOf":{"@id":"https:\/\/www.suno.com.br\/noticias\/reoneracao-folha-pequenos-municipios-prefeitos-evm\/"},"author":{"name":"Eduardo Vargas","@id":"https:\/\/www.suno.com.br\/noticias\/#\/schema\/person\/7f4d362bf3518e76090143ae77bb49a5"},"headline":"Governo mant\u00e9m reonera\u00e7\u00e3o da folha de pequenos munic\u00edpios e revolta prefeitos","datePublished":"2024-02-28T18:39:26+00:00","dateModified":"2024-02-28T18:39:31+00:00","mainEntityOfPage":{"@id":"https:\/\/www.suno.com.br\/noticias\/reoneracao-folha-pequenos-municipios-prefeitos-evm\/"},"wordCount":396,"publisher":{"@id":"https:\/\/www.suno.com.br\/noticias\/#organization"},"image":{"@id":"https:\/\/www.suno.com.br\/noticias\/reoneracao-folha-pequenos-municipios-prefeitos-evm\/#primaryimage"},"thumbnailUrl":"https:\/\/files.sunoresearch.com.br\/n\/uploads\/2023\/01\/lula.jpg","keywords":["Ag\u00eancias","governo federal"],"articleSection":["Pol\u00edtica"],"inLanguage":"pt-BR"},{"@type":"WebPage","@id":"https:\/\/www.suno.com.br\/noticias\/reoneracao-folha-pequenos-municipios-prefeitos-evm\/","url":"https:\/\/www.suno.com.br\/noticias\/reoneracao-folha-pequenos-municipios-prefeitos-evm\/","name":"Reonera\u00e7\u00e3o da folha de pequenos munic\u00edpios \u00e9 mantida e revolta prefeitos","isPartOf":{"@id":"https:\/\/www.suno.com.br\/noticias\/#website"},"primaryImageOfPage":{"@id":"https:\/\/www.suno.com.br\/noticias\/reoneracao-folha-pequenos-municipios-prefeitos-evm\/#primaryimage"},"image":{"@id":"https:\/\/www.suno.com.br\/noticias\/reoneracao-folha-pequenos-municipios-prefeitos-evm\/#primaryimage"},"thumbnailUrl":"https:\/\/files.sunoresearch.com.br\/n\/uploads\/2023\/01\/lula.jpg","datePublished":"2024-02-28T18:39:26+00:00","dateModified":"2024-02-28T18:39:31+00:00","description":"O caso acerca da reonera\u00e7\u00e3o da folha revoltou prefeitos, que j\u00e1 falam em protesto em Bras\u00edlia por conta da medida","breadcrumb":{"@id":"https:\/\/www.suno.com.br\/noticias\/reoneracao-folha-pequenos-municipios-prefeitos-evm\/#breadcrumb"},"inLanguage":"pt-BR","potentialAction":[{"@type":"ReadAction","target":["https:\/\/www.suno.com.br\/noticias\/reoneracao-folha-pequenos-municipios-prefeitos-evm\/"]}]},{"@type":"ImageObject","inLanguage":"pt-BR","@id":"https:\/\/www.suno.com.br\/noticias\/reoneracao-folha-pequenos-municipios-prefeitos-evm\/#primaryimage","url":"https:\/\/files.sunoresearch.com.br\/n\/uploads\/2023\/01\/lula.jpg","contentUrl":"https:\/\/files.sunoresearch.com.br\/n\/uploads\/2023\/01\/lula.jpg","width":1200,"height":800,"caption":"O presidente Luiz In\u00e1cio Lula da Silva. Foto: Marcelo Camargo\/Ag\u00eancia Brasil"},{"@type":"BreadcrumbList","@id":"https:\/\/www.suno.com.br\/noticias\/reoneracao-folha-pequenos-municipios-prefeitos-evm\/#breadcrumb","itemListElement":[{"@type":"ListItem","position":1,"name":"Not\u00edcias","item":"https:\/\/www.suno.com.br\/noticias\/"},{"@type":"ListItem","position":2,"name":"Pol\u00edtica","item":"https:\/\/www.suno.com.br\/noticias\/politica\/"},{"@type":"ListItem","position":3,"name":"Governo mant\u00e9m reonera\u00e7\u00e3o da folha de pequenos munic\u00edpios e revolta prefeitos"}]},{"@type":"WebSite","@id":"https:\/\/www.suno.com.br\/noticias\/#website","url":"https:\/\/www.suno.com.br\/noticias\/","name":"Suno Not\u00edcias","description":"Seu portal de informa\u00e7\u00e3o sobre o mundo dos investimentos","publisher":{"@id":"https:\/\/www.suno.com.br\/noticias\/#organization"},"potentialAction":[{"@type":"SearchAction","target":{"@type":"EntryPoint","urlTemplate":"https:\/\/www.suno.com.br\/noticias\/?s={search_term_string}"},"query-input":{"@type":"PropertyValueSpecification","valueRequired":true,"valueName":"search_term_string"}}],"inLanguage":"pt-BR"},{"@type":"Organization","@id":"https:\/\/www.suno.com.br\/noticias\/#organization","name":"Suno Not\u00edcias","url":"https:\/\/www.suno.com.br\/noticias\/","logo":{"@type":"ImageObject","inLanguage":"pt-BR","@id":"https:\/\/www.suno.com.br\/noticias\/#\/schema\/logo\/image\/","url":"https:\/\/files.sunoresearch.com.br\/n\/uploads\/2021\/09\/suno-logo.png","contentUrl":"https:\/\/files.sunoresearch.com.br\/n\/uploads\/2021\/09\/suno-logo.png","width":180,"height":180,"caption":"Suno Not\u00edcias"},"image":{"@id":"https:\/\/www.suno.com.br\/noticias\/#\/schema\/logo\/image\/"},"sameAs":["https:\/\/facebook.com\/sunoresearch","https:\/\/x.com\/sunoresearch","https:\/\/www.instagram.com\/suno","https:\/\/www.linkedin.com\/company\/suno-research\/","https:\/\/www.youtube.com\/c\/sunoresearch"]},{"@type":"Person","@id":"https:\/\/www.suno.com.br\/noticias\/#\/schema\/person\/7f4d362bf3518e76090143ae77bb49a5","name":"Eduardo Vargas","image":{"@type":"ImageObject","inLanguage":"pt-BR","@id":"https:\/\/www.suno.com.br\/noticias\/#\/schema\/person\/image\/","url":"https:\/\/secure.gravatar.com\/avatar\/dac340933427a22924c9f99d1eb2e3f2?s=96&r=g","contentUrl":"https:\/\/secure.gravatar.com\/avatar\/dac340933427a22924c9f99d1eb2e3f2?s=96&r=g","caption":"Eduardo Vargas"},"description":"Jornalista formado pela UFSC, cobre macroeconomia, neg\u00f3cios e startups para o Suno Not\u00edcias, escrevendo principalmente not\u00edcias sobre o mercado financeiro e a bolsa de valores. No YouTube e no Instagram, \u00e9 respons\u00e1vel pela produ\u00e7\u00e3o de Reels e Shorts do Suno Not\u00edcias. Anteriormente, trabalhou cobrindo economia e cotidiano no ND+ e para o ND, maior jornal impresso de Santa Catarina. Cursou um semestre letivo de Estudos de M\u00eddia na Universidad de Buenos Aires.","url":"https:\/\/www.suno.com.br\/noticias\/author\/eduardo-vargas\/"}]}},"default_loop_html":"<div class=\"cardsPage__listCard__boxs\"><div class=\"cardsPage__listCard__boxs__img\"><a href=\"https:\/\/www.suno.com.br\/noticias\/reoneracao-folha-pequenos-municipios-prefeitos-evm\/\"><img class=\"mask\" src=\"https:\/\/www.suno.com.br\/noticias\/wp-content\/themes\/suno\/resources\/images\/spotlight\/spotlight1img\/bg-mask.png\" alt=\"Image Mask\"\/><img src=\"https:\/\/files.sunoresearch.com.br\/n\/uploads\/2023\/01\/lula-400x200.jpg\" alt=\"Governo mant\u00e9m reonera\u00e7\u00e3o da folha de pequenos munic\u00edpios e revolta prefeitos\"\/><\/a><span class=\"spotlightCategory\"><a href=\"https:\/\/www.suno.com.br\/noticias\/politica\/\">Pol\u00edtica<\/a><\/span><\/div><div class=\"cardsPage__listCard__boxs__content\"><a href=\"https:\/\/www.suno.com.br\/noticias\/reoneracao-folha-pequenos-municipios-prefeitos-evm\/\"><h2 class=\"content__title\">Governo mant\u00e9m reonera\u00e7\u00e3o da folha de pequenos munic\u00edpios e revolta prefeitos<\/h2><\/a><div class=\"newsContent__article__meta\"><div class=\"newsContent__article__meta__authorBox\"><a href=\"https:\/\/www.suno.com.br\/noticias\/author\/eduardo-vargas\/\" class=\"authorBox__avatar noMobi\"><img src=\"https:\/\/secure.gravatar.com\/avatar\/dac340933427a22924c9f99d1eb2e3f2?s=96&#038;r=g\" alt=\"Eduardo Vargas\"><\/a><div class=\"authorBox__name\"><span>por\n\t\t\t<a href=\"https:\/\/www.suno.com.br\/noticias\/author\/eduardo-vargas\/\"><span itemprop=\"author\">Eduardo Vargas<\/span><\/a><\/span><time datetime=\"2024-02-28T15:39:26-03:00\" itemprop=\"datePublished\">28\/02\/2024 15:39<\/time><\/div><\/div><\/div><\/div><\/div>","single_layout":"posts","amp_enabled":true,"_links":{"self":[{"href":"https:\/\/www.suno.com.br\/noticias\/wp-json\/wp\/v2\/posts\/527605"}],"collection":[{"href":"https:\/\/www.suno.com.br\/noticias\/wp-json\/wp\/v2\/posts"}],"about":[{"href":"https:\/\/www.suno.com.br\/noticias\/wp-json\/wp\/v2\/types\/post"}],"author":[{"embeddable":true,"href":"https:\/\/www.suno.com.br\/noticias\/wp-json\/wp\/v2\/users\/73"}],"replies":[{"embeddable":true,"href":"https:\/\/www.suno.com.br\/noticias\/wp-json\/wp\/v2\/comments?post=527605"}],"version-history":[{"count":3,"href":"https:\/\/www.suno.com.br\/noticias\/wp-json\/wp\/v2\/posts\/527605\/revisions"}],"predecessor-version":[{"id":527719,"href":"https:\/\/www.suno.com.br\/noticias\/wp-json\/wp\/v2\/posts\/527605\/revisions\/527719"}],"wp:featuredmedia":[{"embeddable":true,"href":"https:\/\/www.suno.com.br\/noticias\/wp-json\/wp\/v2\/media\/349154"}],"wp:attachment":[{"href":"https:\/\/www.suno.com.br\/noticias\/wp-json\/wp\/v2\/media?parent=527605"}],"wp:term":[{"taxonomy":"category","embeddable":true,"href":"https:\/\/www.suno.com.br\/noticias\/wp-json\/wp\/v2\/categories?post=527605"},{"taxonomy":"post_tag","embeddable":true,"href":"https:\/\/www.suno.com.br\/noticias\/wp-json\/wp\/v2\/tags?post=527605"},{"taxonomy":"suno_strategy","embeddable":true,"href":"https:\/\/www.suno.com.br\/noticias\/wp-json\/wp\/v2\/suno_strategy?post=527605"}],"curies":[{"name":"wp","href":"https:\/\/api.w.org\/{rel}","templated":true}]}}