{"id":527486,"date":"2024-02-28T08:59:33","date_gmt":"2024-02-28T11:59:33","guid":{"rendered":"https:\/\/www.suno.com.br\/noticias\/?p=527486"},"modified":"2024-02-28T08:59:39","modified_gmt":"2024-02-28T11:59:39","slug":"unipar-unip6-diretor-ri-cargo-gpj","status":"publish","type":"post","link":"https:\/\/www.suno.com.br\/noticias\/unipar-unip6-diretor-ri-cargo-gpj\/","title":{"rendered":"Unipar (UNIP6): diretor financeiro e de rela\u00e7\u00f5es com investidores renuncia ao cargo"},"content":{"rendered":"<p>A <strong>Unipar<\/strong> (<a href=\"https:\/\/statusinvest.com.br\/acoes\/unip6\">UNIP6<\/a>) comunicou ao mercado a ren\u00fancia de Antonio Rabello ao cargo de diretor executivo financeiro e de <a href=\"https:\/\/www.suno.com.br\/artigos\/relacoes-com-investidores\/\">rela\u00e7\u00f5es com investidores<\/a> da companhia, a partir da pr\u00f3xima quinta-feira (29).<\/p>\t<div class=\"wrapper-featured-image\">\n\t\t<figure class=\"spotlightImg\">\n\n\t\t\t<picture>\n\t\t\t\t<source media=\"(max-width: 768px)\" srcset=\"https:\/\/files.sunoresearch.com.br\/n\/uploads\/2019\/11\/b66bc6f6-unipar-400x200.webp\">\n\t\t\t\t<img loading=\"lazy\" decoding=\"async\" class=\"newsContent__article__imgCapa lazyloadDisabled \" src=\"https:\/\/files.sunoresearch.com.br\/n\/uploads\/2019\/11\/b66bc6f6-unipar-800x450.webp\" width=\"800\" height=\"450\" alt=\"Unipar (UNIP6): diretor financeiro e de rela\u00e7\u00f5es com investidores renuncia ao cargo\" fetchpriority=high \/>\n\t\t\t<\/picture>\n\n\t\t\t<figcaption class=\"wp-caption-text wp-caption-text--show\">Unipar (UNIP6). Foto: Divulga\u00e7\u00e3o.<\/figcaption>\n\t\t<\/figure>\n\t<\/div>\n\n\n\n\n\n\n\n\t<p>\n\t\t<a href=\"https:\/\/lp.suno.com.br\/planilha-da-vida-financeira\/\" target=\"_blank\" data-element=\"shortcode-suno-banner\" title=\"Banner SUNO, clique e saiba mais\">\n\t\t\t<picture>\n\t\t\t\t<source media=\"(max-width: 500px)\" srcset=\"https:\/\/files.sunoresearch.com.br\/n\/uploads\/2023\/04\/400x300-Planilha-vida-financeira-true.png\">\n\t\t\t\t<img class=\"newsContent__article__imgCapa newsContent__article__imgCapa--banner\"\n\t\t\t\t\tsrc=\"https:\/\/files.sunoresearch.com.br\/n\/uploads\/2023\/04\/1420x240-Planilha-vida-financeira-true.png\"\n\t\t\t\t\tdata-promo-id=\"106682\"\t\t\t\t\t\t\t\t\t\twidth='1420' height='240'\t\t\t\t\talt=\"https:\/\/files.sunoresearch.com.br\/n\/uploads\/2023\/04\/1420x240-Planilha-vida-financeira-true.png\"\n\t\t\t\t>\n\t\t\t<\/picture>\n\t\t<\/a>\n\t<\/p>\n\n\n\n\n\n<p>&#8220;A companhia agradece a contribui\u00e7\u00e3o de Rabello em sua gest\u00e3o, especialmente na lideran\u00e7a da prepara\u00e7\u00e3o de uma <a href=\"https:\/\/www.suno.com.br\/artigos\/indicadores-estrutura-capital\/\">estrutura de capital<\/a> adequada para os planos de expans\u00e3o da companhia, viabilizando acesso a diversas fontes de financiamento em termos de moeda, <a href=\"https:\/\/www.suno.com.br\/artigos\/instituicoes-financeiras\/\">institui\u00e7\u00f5es financeiras<\/a> e mercados assim como na an\u00e1lise e estrutura\u00e7\u00e3o de oportunidades de crescimento&#8221;, disse a Unipar em comunicado.<\/p>\n\n\n\n<p>A companhia informou que Rodrigo Cannaval, atual diretor executivo, acumular\u00e1 interinamente a fun\u00e7\u00e3o de diretor de <a href=\"https:\/\/www.suno.com.br\/artigos\/relacoes-com-investidores\/\">rela\u00e7\u00f5es com investidores<\/a> da Unipar.<\/p>\n\n\n\n\t<div data-element=\"shortcode-read-more\" class=\"readToo\">\n\t\t\t\t<span class=\"readToo__title\">Leia mais<\/span>\n\t\t\t\t<ul class=\"readToo__list\">\n\t\t\t<li><a href=\"https:\/\/www.suno.com.br\/noticias\/casino-prejuizo-2023-prejuizo-paris-gpj\/\">Casino sofre preju\u00edzo bilion\u00e1rio em 2023; a\u00e7\u00e3o tomba em Paris<\/a><\/li><li><a href=\"https:\/\/www.suno.com.br\/noticias\/iguatemi-igti11-queridinha-btg-pactual-setor-shoppings-jvj\/\">Iguatemi (IGTI11) \u00e9 a a\u00e7\u00e3o &#8220;queridinha&#8221; do BTG Pactual no setor de shoppings; veja os motivos<\/a><\/li><li><a href=\"https:\/\/www.suno.com.br\/noticias\/americanas-amer3-receita-queda-melhor-rentabilidade-xp-mm\/\">Americanas (AMER3) tem receita em queda, mas apresenta melhor rentabilidade, diz XP<\/a><\/li>\t\t<\/ul>\n\t<\/div>\n\n\n\n\n<h2 class=\"wp-block-heading\">Unipar (UNIP6) registra lucro de R$ 189 milh\u00f5es, queda de 4%<\/h2>\n\n\n\n<p>Segundo o \u00faltimo relat\u00f3rio de resultados da <strong>Unipar<\/strong>, referente ao terceiro trimestre de 2023, a companhia anotou\u00a0<a href=\"https:\/\/www.suno.com.br\/artigos\/lucro-liquido\/\" target=\"_blank\" rel=\"noreferrer noopener\">lucro l\u00edquido<\/a>\u00a0de R$ 189,9 milh\u00f5es no per\u00edodo, representando baixa de 4% na base anual.<\/p>\n\n\n\n<p>Segundo o&nbsp;<strong>resultado da Unipar<\/strong>, o EBITDA consolidado foi de R$ 282,5 milh\u00f5es no 3T23, redu\u00e7\u00e3o de 23,7% em rela\u00e7\u00e3o ao 2T23, decorrente dos resultados operacionais no per\u00edodo.<\/p>\n\n\n\n<p>A receita atingiu R$ 1,36 bilh\u00e3o, um aumento de 3,5% em rela\u00e7\u00e3o ao trimestre anterior, impulsionada pelo desempenho positivo do cloro, representando cerca de 20% da receita.<\/p>\n\n\n\n<p>Segundo a administra\u00e7\u00e3o, a&nbsp;<strong>Unipar no 3T23<\/strong>&nbsp;foi impactada pela atual conjuntura do setor qu\u00edmico, com spreads reduzidos, elevados custos de mat\u00e9rias-primas energ\u00e9ticas e forte concorr\u00eancia com importa\u00e7\u00f5es.<\/p>\n\n\n\n<p>Os pre\u00e7os do PVC e da soda c\u00e1ustica permanecem historicamente baixos, impactados pela demanda fraca.<\/p>\n\n\n\n<p>Apesar disso, executivos destacaram que a&nbsp;<a target=\"_blank\" href=\"https:\/\/www.suno.com.br\/artigos\/margem-ebitda\/\" rel=\"noreferrer noopener\">margem Ebitda<\/a>&nbsp;da empresa \u2013 que foi de 21% \u2013 \u00e9 \u201csuper resiliente\u201d em meio ao cen\u00e1rio do setor.<\/p>\n\n\n\n<p>A companhia conseguiu, mesmo com esse cen\u00e1rio, ter uma queda de somente um d\u00edgito percentual no lucro por conta do de fatores n\u00e3o-recorrentes, incluindo o uso de\u00a0<a href=\"https:\/\/www.suno.com.br\/artigos\/credito-fiscal\/\" target=\"_blank\" rel=\"noreferrer noopener\">cr\u00e9dito fiscal<\/a>\u00a0da Lei do Bem e um cr\u00e9dito relacionado \u00e0 decis\u00e3o judicial sobre a exclus\u00e3o da receita com a Selic da base de c\u00e1lculo do imposto de renda \u2013 o que gerou um benef\u00edcio total de R$ 79 milh\u00f5es.<\/p>\n\n\n\n<p>O balan\u00e7o da companhia tamb\u00e9m mostra que a parte operacional segue est\u00e1vel, com utiliza\u00e7\u00e3o das f\u00e1bricas em 81%.<\/p>\n\n\n\n<p>Al\u00e9m disso a companhia mant\u00e9m um caixa l\u00edquido de R$ 260 milh\u00f5es.<\/p>\n\n\n\t<p>\n\t\t<a href=\"https:\/\/lp.suno.com.br\/ebook-como-analisar-uma-acao\/\" target=\"_blank\" data-element=\"shortcode-suno-banner\" title=\"Banner SUNO, clique e saiba mais\">\n\t\t\t<picture>\n\t\t\t\t<source media=\"(max-width: 500px)\" srcset=\"https:\/\/files.sunoresearch.com.br\/n\/uploads\/2023\/03\/Ebook-Acoes-Mobile.jpg\">\n\t\t\t\t<img class=\"newsContent__article__imgCapa newsContent__article__imgCapa--banner\"\n\t\t\t\t\tsrc=\"https:\/\/files.sunoresearch.com.br\/n\/uploads\/2023\/03\/Ebook-Acoes-Desktop.jpg\"\n\t\t\t\t\tdata-promo-id=\"378302\"\t\t\t\t\t\t\t\t\t\twidth='1420' height='286'\t\t\t\t\talt=\"https:\/\/files.sunoresearch.com.br\/n\/uploads\/2023\/03\/Ebook-Acoes-Desktop.jpg\"\n\t\t\t\t>\n\t\t\t<\/picture>\n\t\t<\/a>\n\t<\/p>\n\n\n\n\n\n<h2 class=\"wp-block-heading\">Desempenho das a\u00e7\u00f5es de Unipar<\/h2>\n\n\n\n<p>No fechamento da \u00faltima ter\u00e7a-feira (27), as a\u00e7\u00f5es de <strong>Unipar<\/strong> subiram 1,17%, cotadas a R$ 67,68, segundo o Status Invest.<\/p>\n\n\n\n<div class=\"pluginQuotation\">\n  <p class=\"ticker\">\n    Cota\u00e7\u00e3o <span>UNIP6<\/span>\n  <\/p>\n  <div class=\"info\">\n    <div class=\"leftSide\">\n      Gr\u00e1fico gerado em: 28\/02\/2024    <\/div>\n\t\t\t\t\t<div class=\"rightSide\">\n\t\t\t\t\t<span class=\"period\">\n\t\t\t\t\t\t1 Dia\t\t\t\t\t<\/span>\n\t\t\t<\/div>\n\t\t  <\/div>\n\n  <div id=\"chart-07a32ff87cb6d77caf26058495951423\" data-block-hash=\"07a32ff87cb6d77caf26058495951423\"  class=\"chart\" style=\"width:100%;height:400px;\"><\/div>\n\n  <div class=\"pluginQuotation__footer\">\n    <div class=\"dataChart\">\n\n      <div class=\"dataChart__div1 variation\">\n        <div class=\"value-positive\">\n          1,15 (+0,77%)        <\/div>\n        <div class=\"text\">\n          Varia\u00e7\u00e3o do per\u00edodo\n        <\/div>\n      <\/div>\n\n      <div class=\"dataChart__div2 minMax\">\n        <div class=\"value\">\n          R$\u00a066,91        <\/div>\n        <div class=\"text\">\n          M\u00ednima\n        <\/div>\n      <\/div>\n\n      <div class=\"dataChart__div3 minMax\">\n        <div class=\"value\">\n          R$\u00a068,00        <\/div>\n        <div class=\"text\">\n          M\u00e1xima\n        <\/div>\n      <\/div>\n\n\t\t\t<div class=\"dataChart__div4 rightSide\">\n\t\t\t\t<div class=\"analiticaSource\">\n\t\t\t\t\t<span>\n\t\t\t\t\t\tFonte:\n\t\t\t\t\t<\/span>\n\t\t\t\t\t<img decoding=\"async\" class=\"analiticaLogo\" src=\"https:\/\/www.suno.com.br\/noticias\/wp-content\/plugins\/suno-block-ticker-quotation\/src\/suno-analitica-logo.png\" alt=\"Logo Suno Anal\u00edtica\" \/>\n\t\t\t\t<\/div>\n\n\t\t\t\t<a href=\"https:\/\/www.suno.com.br\/analitica\/acoes\/UNIP6\" target=\"_blank\">\n\t\t\t\t\t<span>\n\t\t\t\t\t\tVer mais cota\u00e7\u00f5es\n\t\t\t\t\t<\/span>\n\t\t\t\t\t<svg xmlns=\"http:\/\/www.w3.org\/2000\/svg\" width=\"9\" height=\"8\" viewBox=\"0 0 9 8\" fill=\"none\">\n\t\t\t\t\t\t<path d=\"M4.20996 0L3.50496 0.705L6.29496 3.5H0.209961V4.5H6.29496L3.50496 7.295L4.20996 8L8.20996 4L4.20996 0Z\" fill=\"#D42126\" \/>\n\t\t\t\t\t<\/svg>\n\t\t\t\t<\/a>\n    <\/div>\n\n    <\/div>\n  <\/div>\n<\/div>\n\n\n<script type=\"text\/javascript\">\n  let chart_07a32ff87cb6d77caf26058495951423 = document.getElementById('chart-07a32ff87cb6d77caf26058495951423');\n  let data_json_07a32ff87cb6d77caf26058495951423 = \"[{\\\"date\\\":\\\"27\\\\\\\/02\\\\\\\/24 10:02\\\",\\\"value\\\":66.91},{\\\"date\\\":\\\"27\\\\\\\/02\\\\\\\/24 10:04\\\",\\\"value\\\":67.31},{\\\"date\\\":\\\"27\\\\\\\/02\\\\\\\/24 10:06\\\",\\\"value\\\":67.53},{\\\"date\\\":\\\"27\\\\\\\/02\\\\\\\/24 10:08\\\",\\\"value\\\":67.73},{\\\"date\\\":\\\"27\\\\\\\/02\\\\\\\/24 10:10\\\",\\\"value\\\":67.6},{\\\"date\\\":\\\"27\\\\\\\/02\\\\\\\/24 10:14\\\",\\\"value\\\":67.98},{\\\"date\\\":\\\"27\\\\\\\/02\\\\\\\/24 10:16\\\",\\\"value\\\":67.98},{\\\"date\\\":\\\"27\\\\\\\/02\\\\\\\/24 10:18\\\",\\\"value\\\":67.84},{\\\"date\\\":\\\"27\\\\\\\/02\\\\\\\/24 10:20\\\",\\\"value\\\":67.86},{\\\"date\\\":\\\"27\\\\\\\/02\\\\\\\/24 10:22\\\",\\\"value\\\":67.86},{\\\"date\\\":\\\"27\\\\\\\/02\\\\\\\/24 10:24\\\",\\\"value\\\":68},{\\\"date\\\":\\\"27\\\\\\\/02\\\\\\\/24 10:28\\\",\\\"value\\\":67.69},{\\\"date\\\":\\\"27\\\\\\\/02\\\\\\\/24 10:30\\\",\\\"value\\\":67.76},{\\\"date\\\":\\\"27\\\\\\\/02\\\\\\\/24 10:34\\\",\\\"value\\\":67.95},{\\\"date\\\":\\\"27\\\\\\\/02\\\\\\\/24 12:52\\\",\\\"value\\\":67.6},{\\\"date\\\":\\\"27\\\\\\\/02\\\\\\\/24 12:54\\\",\\\"value\\\":67.57},{\\\"date\\\":\\\"27\\\\\\\/02\\\\\\\/24 12:58\\\",\\\"value\\\":67.6},{\\\"date\\\":\\\"27\\\\\\\/02\\\\\\\/24 13:00\\\",\\\"value\\\":67.58},{\\\"date\\\":\\\"27\\\\\\\/02\\\\\\\/24 13:02\\\",\\\"value\\\":67.58},{\\\"date\\\":\\\"27\\\\\\\/02\\\\\\\/24 13:04\\\",\\\"value\\\":67.59},{\\\"date\\\":\\\"27\\\\\\\/02\\\\\\\/24 13:06\\\",\\\"value\\\":67.59},{\\\"date\\\":\\\"27\\\\\\\/02\\\\\\\/24 13:08\\\",\\\"value\\\":67.58},{\\\"date\\\":\\\"27\\\\\\\/02\\\\\\\/24 13:10\\\",\\\"value\\\":67.65},{\\\"date\\\":\\\"27\\\\\\\/02\\\\\\\/24 13:20\\\",\\\"value\\\":67.64},{\\\"date\\\":\\\"27\\\\\\\/02\\\\\\\/24 13:22\\\",\\\"value\\\":67.66},{\\\"date\\\":\\\"27\\\\\\\/02\\\\\\\/24 13:24\\\",\\\"value\\\":67.65},{\\\"date\\\":\\\"27\\\\\\\/02\\\\\\\/24 13:26\\\",\\\"value\\\":67.73},{\\\"date\\\":\\\"27\\\\\\\/02\\\\\\\/24 13:32\\\",\\\"value\\\":67.68},{\\\"date\\\":\\\"27\\\\\\\/02\\\\\\\/24 13:34\\\",\\\"value\\\":67.69},{\\\"date\\\":\\\"27\\\\\\\/02\\\\\\\/24 13:36\\\",\\\"value\\\":67.88},{\\\"date\\\":\\\"27\\\\\\\/02\\\\\\\/24 15:22\\\",\\\"value\\\":67.52},{\\\"date\\\":\\\"27\\\\\\\/02\\\\\\\/24 15:24\\\",\\\"value\\\":67.45},{\\\"date\\\":\\\"27\\\\\\\/02\\\\\\\/24 15:26\\\",\\\"value\\\":67.45},{\\\"date\\\":\\\"27\\\\\\\/02\\\\\\\/24 15:28\\\",\\\"value\\\":67.43},{\\\"date\\\":\\\"27\\\\\\\/02\\\\\\\/24 15:30\\\",\\\"value\\\":67.5},{\\\"date\\\":\\\"27\\\\\\\/02\\\\\\\/24 15:32\\\",\\\"value\\\":67.42},{\\\"date\\\":\\\"27\\\\\\\/02\\\\\\\/24 15:34\\\",\\\"value\\\":67.44},{\\\"date\\\":\\\"27\\\\\\\/02\\\\\\\/24 15:36\\\",\\\"value\\\":67.45},{\\\"date\\\":\\\"27\\\\\\\/02\\\\\\\/24 15:40\\\",\\\"value\\\":67.45},{\\\"date\\\":\\\"27\\\\\\\/02\\\\\\\/24 15:42\\\",\\\"value\\\":67.47},{\\\"date\\\":\\\"27\\\\\\\/02\\\\\\\/24 15:44\\\",\\\"value\\\":67.44},{\\\"date\\\":\\\"27\\\\\\\/02\\\\\\\/24 15:46\\\",\\\"value\\\":67.44},{\\\"date\\\":\\\"27\\\\\\\/02\\\\\\\/24 15:48\\\",\\\"value\\\":67.44},{\\\"date\\\":\\\"27\\\\\\\/02\\\\\\\/24 15:50\\\",\\\"value\\\":67.68},{\\\"date\\\":\\\"27\\\\\\\/02\\\\\\\/24 15:52\\\",\\\"value\\\":67.43},{\\\"date\\\":\\\"27\\\\\\\/02\\\\\\\/24 15:54\\\",\\\"value\\\":67.42},{\\\"date\\\":\\\"27\\\\\\\/02\\\\\\\/24 15:56\\\",\\\"value\\\":67.4},{\\\"date\\\":\\\"27\\\\\\\/02\\\\\\\/24 15:58\\\",\\\"value\\\":67.4},{\\\"date\\\":\\\"27\\\\\\\/02\\\\\\\/24 16:02\\\",\\\"value\\\":67.39},{\\\"date\\\":\\\"27\\\\\\\/02\\\\\\\/24 16:04\\\",\\\"value\\\":67.38},{\\\"date\\\":\\\"27\\\\\\\/02\\\\\\\/24 16:06\\\",\\\"value\\\":67.45},{\\\"date\\\":\\\"27\\\\\\\/02\\\\\\\/24 16:08\\\",\\\"value\\\":67.68}]\";\n  let isPositive_07a32ff87cb6d77caf26058495951423 = true;\n\n  let color_07a32ff87cb6d77caf26058495951423 = isPositive_07a32ff87cb6d77caf26058495951423 ? '#3AB53A' : '#D92C2D';\n\n  let data_07a32ff87cb6d77caf26058495951423 = JSON.parse(data_json_07a32ff87cb6d77caf26058495951423);\n\n  const result_07a32ff87cb6d77caf26058495951423 = {\n    date: [],\n    value: [],\n  };\n\n  data_07a32ff87cb6d77caf26058495951423.forEach((item) => {\n    result_07a32ff87cb6d77caf26058495951423.date.push(item.date);\n    result_07a32ff87cb6d77caf26058495951423.value.push(Number(item.value));\n  });\n\n  let option_07a32ff87cb6d77caf26058495951423 = {\n    \/\/ variavel de cor global\n    color: [color_07a32ff87cb6d77caf26058495951423],\n    title: {\n      text: '',\n    },\n    tooltip: {\n      trigger: 'axis',\n      axisPointer: {\n        type: 'cross',\n        label: {\n          \/\/ cor dos valores em X e Y\n          backgroundColor: color_07a32ff87cb6d77caf26058495951423,\n          formatter: (value) => {\n            if (typeof value.value === 'number') {\n              return Number(value.value).toLocaleString('pt-br', {\n                style: 'currency',\n                currency: 'BRL'\n              });\n            }\n            return value.value;\n          },\n        },\n      },\n      valueFormatter: (value) => Number(value).toLocaleString('pt-br', {\n        style: 'currency',\n        currency: 'BRL'\n      }),\n    },\n    legend: {\n      \/\/ data: ['Valor de Fechamento'],\n      show: false,\n    },\n    toolbox: {\n      feature: {\n        saveAsImage: {\n          show: false,\n        },\n      },\n    },\n    grid: {\n      left: '0px',\n      right: '0px',\n      bottom: '0px',\n      containLabel: true,\n    },\n    xAxis: [{\n      type: 'category',\n      data: result_07a32ff87cb6d77caf26058495951423.date,\n      boundaryGap: true,\n    }],\n    yAxis: [{\n      type: 'value',\n      min: Math.min(...result_07a32ff87cb6d77caf26058495951423.value),\n      max: Math.max(...result_07a32ff87cb6d77caf26058495951423.value),\n      axisLabel: {\n        formatter: (value) => value.toLocaleString('pt-br', {\n          style: 'currency',\n          currency: 'BRL'\n        }),\n      },\n    }],\n    series: [{\n      name: 'Valor de Fechamento',\n      type: 'line',\n      stack: 'Total',\n      \/\/ cor do grafico\n      areaStyle: {},\n      emphasis: {\n        focus: 'series',\n      },\n      data: result_07a32ff87cb6d77caf26058495951423.value,\n      \/\/ cor da linha\n      lineStyle: {\n        color: color_07a32ff87cb6d77caf26058495951423,\n      },\n    }, ],\n  };\n\n\twindow.chart_07a32ff87cb6d77caf26058495951423 = {\n\t\tel: chart_07a32ff87cb6d77caf26058495951423,\n\t\toption: option_07a32ff87cb6d77caf26058495951423\t};\n\n\n<\/script>\n\n\n\t<p>\n\t\t<a href=\"https:\/\/lp.suno.com.br\/planilha-da-vida-financeira\/\" target=\"_blank\" data-element=\"shortcode-suno-banner\" title=\"Banner SUNO, clique e saiba mais\">\n\t\t\t<picture>\n\t\t\t\t<source media=\"(max-width: 500px)\" srcset=\"https:\/\/files.sunoresearch.com.br\/n\/uploads\/2023\/04\/400x300-Planilha-vida-financeira-true.png\">\n\t\t\t\t<img class=\"newsContent__article__imgCapa newsContent__article__imgCapa--banner\"\n\t\t\t\t\tsrc=\"https:\/\/files.sunoresearch.com.br\/n\/uploads\/2023\/04\/1420x240-Planilha-vida-financeira-true.png\"\n\t\t\t\t\tdata-promo-id=\"383123\"\t\t\t\t\t\t\t\t\t\twidth='1420' height='240'\t\t\t\t\talt=\"https:\/\/files.sunoresearch.com.br\/n\/uploads\/2023\/04\/1420x240-Planilha-vida-financeira-true.png\"\n\t\t\t\t>\n\t\t\t<\/picture>\n\t\t<\/a>\n\t<\/p>\n\n\n","protected":false},"excerpt":{"rendered":"<p>A Unipar (UNIP6) comunicou ao mercado a ren\u00fancia de Antonio Rabello ao cargo de diretor executivo financeiro e de rela\u00e7\u00f5es com investidores da companhia, a partir da pr\u00f3xima quinta-feira (29). Unipar (UNIP6). Foto: Divulga\u00e7\u00e3o. &#8220;A companhia agradece a contribui\u00e7\u00e3o de Rabello em sua gest\u00e3o, especialmente na lideran\u00e7a da prepara\u00e7\u00e3o de uma estrutura de capital adequada [&hellip;]<\/p>\n","protected":false},"author":313,"featured_media":44780,"comment_status":"closed","ping_status":"closed","sticky":false,"template":"","format":"standard","meta":[],"categories":[64],"tags":[673],"suno_strategy":[],"class_list":["post-527486","post","type-post","status-publish","format-standard","has-post-thumbnail","hentry","category-negocios","tag-unipar-unip3-unip5-unip6"],"yoast_head":"<!-- This site is optimized with the Yoast SEO plugin v24.4 - https:\/\/yoast.com\/wordpress\/plugins\/seo\/ -->\n<title>Unipar (UNIP6): diretor de RI renuncia ao cargo; saiba mais<\/title>\n<meta name=\"description\" content=\"A Unipar (UNIP6) comunicou ao mercado a ren\u00fancia de Antonio Rabello ao cargo de diretor executivo financeiro e de RI da companhia.\" \/>\n<meta name=\"robots\" content=\"index, follow, max-snippet:-1, max-image-preview:large, max-video-preview:-1\" \/>\n<link rel=\"canonical\" href=\"https:\/\/www.suno.com.br\/noticias\/unipar-unip6-diretor-ri-cargo-gpj\/\" \/>\n<meta property=\"og:locale\" content=\"pt_BR\" \/>\n<meta property=\"og:type\" content=\"article\" \/>\n<meta property=\"og:title\" content=\"Unipar (UNIP6): diretor de RI renuncia ao cargo; saiba mais\" \/>\n<meta property=\"og:description\" content=\"A Unipar (UNIP6) comunicou ao mercado a ren\u00fancia de Antonio Rabello ao cargo de diretor executivo financeiro e de RI da companhia.\" \/>\n<meta property=\"og:url\" content=\"https:\/\/www.suno.com.br\/noticias\/unipar-unip6-diretor-ri-cargo-gpj\/\" \/>\n<meta property=\"og:site_name\" content=\"Suno Not\u00edcias\" \/>\n<meta property=\"article:publisher\" content=\"https:\/\/facebook.com\/sunoresearch\" \/>\n<meta property=\"og:image\" content=\"https:\/\/files.sunoresearch.com.br\/n\/uploads\/2019\/11\/b66bc6f6-unipar.jpg\" \/>\n\t<meta property=\"og:image:width\" content=\"1380\" \/>\n\t<meta property=\"og:image:height\" content=\"920\" \/>\n\t<meta property=\"og:image:type\" content=\"image\/jpeg\" \/>\n<meta name=\"author\" content=\"Giovanni Porf\u00edrio Jacomino\" \/>\n<meta name=\"twitter:card\" content=\"summary_large_image\" \/>\n<meta name=\"twitter:creator\" content=\"@sunoresearch\" \/>\n<meta name=\"twitter:site\" content=\"@sunoresearch\" \/>\n<meta name=\"twitter:label1\" content=\"Escrito por\" \/>\n\t<meta name=\"twitter:data1\" content=\"Giovanni Porf\u00edrio Jacomino\" \/>\n\t<meta name=\"twitter:label2\" content=\"Est. tempo de leitura\" \/>\n\t<meta name=\"twitter:data2\" content=\"3 minutos\" \/>\n<script type=\"application\/ld+json\" class=\"yoast-schema-graph\">{\"@context\":\"https:\/\/schema.org\",\"@graph\":[{\"@type\":\"NewsArticle\",\"@id\":\"https:\/\/www.suno.com.br\/noticias\/unipar-unip6-diretor-ri-cargo-gpj\/#article\",\"isPartOf\":{\"@id\":\"https:\/\/www.suno.com.br\/noticias\/unipar-unip6-diretor-ri-cargo-gpj\/\"},\"author\":{\"name\":\"Giovanni Porf\u00edrio Jacomino\",\"@id\":\"https:\/\/www.suno.com.br\/noticias\/#\/schema\/person\/d0f32748bbca4bee871fa191ee4e2d40\"},\"headline\":\"Unipar (UNIP6): diretor financeiro e de rela\u00e7\u00f5es com investidores renuncia ao cargo\",\"datePublished\":\"2024-02-28T11:59:33+00:00\",\"dateModified\":\"2024-02-28T11:59:39+00:00\",\"mainEntityOfPage\":{\"@id\":\"https:\/\/www.suno.com.br\/noticias\/unipar-unip6-diretor-ri-cargo-gpj\/\"},\"wordCount\":456,\"publisher\":{\"@id\":\"https:\/\/www.suno.com.br\/noticias\/#organization\"},\"image\":{\"@id\":\"https:\/\/www.suno.com.br\/noticias\/unipar-unip6-diretor-ri-cargo-gpj\/#primaryimage\"},\"thumbnailUrl\":\"https:\/\/files.sunoresearch.com.br\/n\/uploads\/2019\/11\/b66bc6f6-unipar-jpg.webp\",\"keywords\":[\"Unipar (UNIP3\/UNIP5\/UNIP6)\"],\"articleSection\":[\"Neg\u00f3cios\"],\"inLanguage\":\"pt-BR\"},{\"@type\":\"WebPage\",\"@id\":\"https:\/\/www.suno.com.br\/noticias\/unipar-unip6-diretor-ri-cargo-gpj\/\",\"url\":\"https:\/\/www.suno.com.br\/noticias\/unipar-unip6-diretor-ri-cargo-gpj\/\",\"name\":\"Unipar (UNIP6): diretor de RI renuncia ao cargo; saiba mais\",\"isPartOf\":{\"@id\":\"https:\/\/www.suno.com.br\/noticias\/#website\"},\"primaryImageOfPage\":{\"@id\":\"https:\/\/www.suno.com.br\/noticias\/unipar-unip6-diretor-ri-cargo-gpj\/#primaryimage\"},\"image\":{\"@id\":\"https:\/\/www.suno.com.br\/noticias\/unipar-unip6-diretor-ri-cargo-gpj\/#primaryimage\"},\"thumbnailUrl\":\"https:\/\/files.sunoresearch.com.br\/n\/uploads\/2019\/11\/b66bc6f6-unipar-jpg.webp\",\"datePublished\":\"2024-02-28T11:59:33+00:00\",\"dateModified\":\"2024-02-28T11:59:39+00:00\",\"description\":\"A Unipar (UNIP6) comunicou ao mercado a ren\u00fancia de Antonio Rabello ao cargo de diretor executivo financeiro e de RI da companhia.\",\"breadcrumb\":{\"@id\":\"https:\/\/www.suno.com.br\/noticias\/unipar-unip6-diretor-ri-cargo-gpj\/#breadcrumb\"},\"inLanguage\":\"pt-BR\",\"potentialAction\":[{\"@type\":\"ReadAction\",\"target\":[\"https:\/\/www.suno.com.br\/noticias\/unipar-unip6-diretor-ri-cargo-gpj\/\"]}]},{\"@type\":\"ImageObject\",\"inLanguage\":\"pt-BR\",\"@id\":\"https:\/\/www.suno.com.br\/noticias\/unipar-unip6-diretor-ri-cargo-gpj\/#primaryimage\",\"url\":\"https:\/\/files.sunoresearch.com.br\/n\/uploads\/2019\/11\/b66bc6f6-unipar-jpg.webp\",\"contentUrl\":\"https:\/\/files.sunoresearch.com.br\/n\/uploads\/2019\/11\/b66bc6f6-unipar-jpg.webp\",\"width\":1380,\"height\":920,\"caption\":\"Unipar (UNIP6). Foto: Divulga\u00e7\u00e3o.\"},{\"@type\":\"BreadcrumbList\",\"@id\":\"https:\/\/www.suno.com.br\/noticias\/unipar-unip6-diretor-ri-cargo-gpj\/#breadcrumb\",\"itemListElement\":[{\"@type\":\"ListItem\",\"position\":1,\"name\":\"Not\u00edcias\",\"item\":\"https:\/\/www.suno.com.br\/noticias\/\"},{\"@type\":\"ListItem\",\"position\":2,\"name\":\"Neg\u00f3cios\",\"item\":\"https:\/\/www.suno.com.br\/noticias\/negocios\/\"},{\"@type\":\"ListItem\",\"position\":3,\"name\":\"Unipar (UNIP6): diretor financeiro e de rela\u00e7\u00f5es com investidores renuncia ao cargo\"}]},{\"@type\":\"WebSite\",\"@id\":\"https:\/\/www.suno.com.br\/noticias\/#website\",\"url\":\"https:\/\/www.suno.com.br\/noticias\/\",\"name\":\"Suno Not\u00edcias\",\"description\":\"Seu portal de informa\u00e7\u00e3o sobre o mundo dos investimentos\",\"publisher\":{\"@id\":\"https:\/\/www.suno.com.br\/noticias\/#organization\"},\"potentialAction\":[{\"@type\":\"SearchAction\",\"target\":{\"@type\":\"EntryPoint\",\"urlTemplate\":\"https:\/\/www.suno.com.br\/noticias\/?s={search_term_string}\"},\"query-input\":{\"@type\":\"PropertyValueSpecification\",\"valueRequired\":true,\"valueName\":\"search_term_string\"}}],\"inLanguage\":\"pt-BR\"},{\"@type\":\"Organization\",\"@id\":\"https:\/\/www.suno.com.br\/noticias\/#organization\",\"name\":\"Suno Not\u00edcias\",\"url\":\"https:\/\/www.suno.com.br\/noticias\/\",\"logo\":{\"@type\":\"ImageObject\",\"inLanguage\":\"pt-BR\",\"@id\":\"https:\/\/www.suno.com.br\/noticias\/#\/schema\/logo\/image\/\",\"url\":\"https:\/\/files.sunoresearch.com.br\/n\/uploads\/2021\/09\/suno-logo.png\",\"contentUrl\":\"https:\/\/files.sunoresearch.com.br\/n\/uploads\/2021\/09\/suno-logo.png\",\"width\":180,\"height\":180,\"caption\":\"Suno Not\u00edcias\"},\"image\":{\"@id\":\"https:\/\/www.suno.com.br\/noticias\/#\/schema\/logo\/image\/\"},\"sameAs\":[\"https:\/\/facebook.com\/sunoresearch\",\"https:\/\/x.com\/sunoresearch\",\"https:\/\/www.instagram.com\/suno\",\"https:\/\/www.linkedin.com\/company\/suno-research\/\",\"https:\/\/www.youtube.com\/c\/sunoresearch\"]},{\"@type\":\"Person\",\"@id\":\"https:\/\/www.suno.com.br\/noticias\/#\/schema\/person\/d0f32748bbca4bee871fa191ee4e2d40\",\"name\":\"Giovanni Porf\u00edrio Jacomino\",\"image\":{\"@type\":\"ImageObject\",\"inLanguage\":\"pt-BR\",\"@id\":\"https:\/\/www.suno.com.br\/noticias\/#\/schema\/person\/image\/\",\"url\":\"https:\/\/secure.gravatar.com\/avatar\/efb32e19b730a121cb7a80f41ffec01a?s=96&r=g\",\"contentUrl\":\"https:\/\/secure.gravatar.com\/avatar\/efb32e19b730a121cb7a80f41ffec01a?s=96&r=g\",\"caption\":\"Giovanni Porf\u00edrio Jacomino\"},\"description\":\"Giovanni Porf\u00edrio Jacomino \u00e9 jornalista formado pela Universidade Estadual de Londrina (UEL) e p\u00f3s-graduado em Produ\u00e7\u00e3o e Pr\u00e1ticas Jornal\u00edsticas na Contemporaneidade na Faculdade C\u00e1sper L\u00edbero (FCL). Foi editor web no Startupi e no Finsiders, atuando ainda como editor no TC Mover, portal de not\u00edcias da TradersClub, fazendo a cobertura de assuntos relacionados ao mercado financeiro interno e externo. Atualmente, \u00e9 Rep\u00f3rter do Suno Not\u00edcias.\",\"url\":\"https:\/\/www.suno.com.br\/noticias\/author\/giovanni-porfiriosuno-com-br\/\"}]}<\/script>\n<!-- \/ Yoast SEO plugin. -->","yoast_head_json":{"title":"Unipar (UNIP6): diretor de RI renuncia ao cargo; saiba mais","description":"A Unipar (UNIP6) comunicou ao mercado a ren\u00fancia de Antonio Rabello ao cargo de diretor executivo financeiro e de RI da companhia.","robots":{"index":"index","follow":"follow","max-snippet":"max-snippet:-1","max-image-preview":"max-image-preview:large","max-video-preview":"max-video-preview:-1"},"canonical":"https:\/\/www.suno.com.br\/noticias\/unipar-unip6-diretor-ri-cargo-gpj\/","og_locale":"pt_BR","og_type":"article","og_title":"Unipar (UNIP6): diretor de RI renuncia ao cargo; saiba mais","og_description":"A Unipar (UNIP6) comunicou ao mercado a ren\u00fancia de Antonio Rabello ao cargo de diretor executivo financeiro e de RI da companhia.","og_url":"https:\/\/www.suno.com.br\/noticias\/unipar-unip6-diretor-ri-cargo-gpj\/","og_site_name":"Suno Not\u00edcias","article_publisher":"https:\/\/facebook.com\/sunoresearch","og_image":[{"width":1380,"height":920,"url":"https:\/\/files.sunoresearch.com.br\/n\/uploads\/2019\/11\/b66bc6f6-unipar.jpg","type":"image\/jpeg"}],"author":"Giovanni Porf\u00edrio Jacomino","twitter_card":"summary_large_image","twitter_creator":"@sunoresearch","twitter_site":"@sunoresearch","twitter_misc":{"Escrito por":"Giovanni Porf\u00edrio Jacomino","Est. tempo de leitura":"3 minutos"},"schema":{"@context":"https:\/\/schema.org","@graph":[{"@type":"NewsArticle","@id":"https:\/\/www.suno.com.br\/noticias\/unipar-unip6-diretor-ri-cargo-gpj\/#article","isPartOf":{"@id":"https:\/\/www.suno.com.br\/noticias\/unipar-unip6-diretor-ri-cargo-gpj\/"},"author":{"name":"Giovanni Porf\u00edrio Jacomino","@id":"https:\/\/www.suno.com.br\/noticias\/#\/schema\/person\/d0f32748bbca4bee871fa191ee4e2d40"},"headline":"Unipar (UNIP6): diretor financeiro e de rela\u00e7\u00f5es com investidores renuncia ao cargo","datePublished":"2024-02-28T11:59:33+00:00","dateModified":"2024-02-28T11:59:39+00:00","mainEntityOfPage":{"@id":"https:\/\/www.suno.com.br\/noticias\/unipar-unip6-diretor-ri-cargo-gpj\/"},"wordCount":456,"publisher":{"@id":"https:\/\/www.suno.com.br\/noticias\/#organization"},"image":{"@id":"https:\/\/www.suno.com.br\/noticias\/unipar-unip6-diretor-ri-cargo-gpj\/#primaryimage"},"thumbnailUrl":"https:\/\/files.sunoresearch.com.br\/n\/uploads\/2019\/11\/b66bc6f6-unipar-jpg.webp","keywords":["Unipar (UNIP3\/UNIP5\/UNIP6)"],"articleSection":["Neg\u00f3cios"],"inLanguage":"pt-BR"},{"@type":"WebPage","@id":"https:\/\/www.suno.com.br\/noticias\/unipar-unip6-diretor-ri-cargo-gpj\/","url":"https:\/\/www.suno.com.br\/noticias\/unipar-unip6-diretor-ri-cargo-gpj\/","name":"Unipar (UNIP6): diretor de RI renuncia ao cargo; saiba mais","isPartOf":{"@id":"https:\/\/www.suno.com.br\/noticias\/#website"},"primaryImageOfPage":{"@id":"https:\/\/www.suno.com.br\/noticias\/unipar-unip6-diretor-ri-cargo-gpj\/#primaryimage"},"image":{"@id":"https:\/\/www.suno.com.br\/noticias\/unipar-unip6-diretor-ri-cargo-gpj\/#primaryimage"},"thumbnailUrl":"https:\/\/files.sunoresearch.com.br\/n\/uploads\/2019\/11\/b66bc6f6-unipar-jpg.webp","datePublished":"2024-02-28T11:59:33+00:00","dateModified":"2024-02-28T11:59:39+00:00","description":"A Unipar (UNIP6) comunicou ao mercado a ren\u00fancia de Antonio Rabello ao cargo de diretor executivo financeiro e de RI da companhia.","breadcrumb":{"@id":"https:\/\/www.suno.com.br\/noticias\/unipar-unip6-diretor-ri-cargo-gpj\/#breadcrumb"},"inLanguage":"pt-BR","potentialAction":[{"@type":"ReadAction","target":["https:\/\/www.suno.com.br\/noticias\/unipar-unip6-diretor-ri-cargo-gpj\/"]}]},{"@type":"ImageObject","inLanguage":"pt-BR","@id":"https:\/\/www.suno.com.br\/noticias\/unipar-unip6-diretor-ri-cargo-gpj\/#primaryimage","url":"https:\/\/files.sunoresearch.com.br\/n\/uploads\/2019\/11\/b66bc6f6-unipar-jpg.webp","contentUrl":"https:\/\/files.sunoresearch.com.br\/n\/uploads\/2019\/11\/b66bc6f6-unipar-jpg.webp","width":1380,"height":920,"caption":"Unipar (UNIP6). Foto: Divulga\u00e7\u00e3o."},{"@type":"BreadcrumbList","@id":"https:\/\/www.suno.com.br\/noticias\/unipar-unip6-diretor-ri-cargo-gpj\/#breadcrumb","itemListElement":[{"@type":"ListItem","position":1,"name":"Not\u00edcias","item":"https:\/\/www.suno.com.br\/noticias\/"},{"@type":"ListItem","position":2,"name":"Neg\u00f3cios","item":"https:\/\/www.suno.com.br\/noticias\/negocios\/"},{"@type":"ListItem","position":3,"name":"Unipar (UNIP6): diretor financeiro e de rela\u00e7\u00f5es com investidores renuncia ao cargo"}]},{"@type":"WebSite","@id":"https:\/\/www.suno.com.br\/noticias\/#website","url":"https:\/\/www.suno.com.br\/noticias\/","name":"Suno Not\u00edcias","description":"Seu portal de informa\u00e7\u00e3o sobre o mundo dos investimentos","publisher":{"@id":"https:\/\/www.suno.com.br\/noticias\/#organization"},"potentialAction":[{"@type":"SearchAction","target":{"@type":"EntryPoint","urlTemplate":"https:\/\/www.suno.com.br\/noticias\/?s={search_term_string}"},"query-input":{"@type":"PropertyValueSpecification","valueRequired":true,"valueName":"search_term_string"}}],"inLanguage":"pt-BR"},{"@type":"Organization","@id":"https:\/\/www.suno.com.br\/noticias\/#organization","name":"Suno Not\u00edcias","url":"https:\/\/www.suno.com.br\/noticias\/","logo":{"@type":"ImageObject","inLanguage":"pt-BR","@id":"https:\/\/www.suno.com.br\/noticias\/#\/schema\/logo\/image\/","url":"https:\/\/files.sunoresearch.com.br\/n\/uploads\/2021\/09\/suno-logo.png","contentUrl":"https:\/\/files.sunoresearch.com.br\/n\/uploads\/2021\/09\/suno-logo.png","width":180,"height":180,"caption":"Suno Not\u00edcias"},"image":{"@id":"https:\/\/www.suno.com.br\/noticias\/#\/schema\/logo\/image\/"},"sameAs":["https:\/\/facebook.com\/sunoresearch","https:\/\/x.com\/sunoresearch","https:\/\/www.instagram.com\/suno","https:\/\/www.linkedin.com\/company\/suno-research\/","https:\/\/www.youtube.com\/c\/sunoresearch"]},{"@type":"Person","@id":"https:\/\/www.suno.com.br\/noticias\/#\/schema\/person\/d0f32748bbca4bee871fa191ee4e2d40","name":"Giovanni Porf\u00edrio Jacomino","image":{"@type":"ImageObject","inLanguage":"pt-BR","@id":"https:\/\/www.suno.com.br\/noticias\/#\/schema\/person\/image\/","url":"https:\/\/secure.gravatar.com\/avatar\/efb32e19b730a121cb7a80f41ffec01a?s=96&r=g","contentUrl":"https:\/\/secure.gravatar.com\/avatar\/efb32e19b730a121cb7a80f41ffec01a?s=96&r=g","caption":"Giovanni Porf\u00edrio Jacomino"},"description":"Giovanni Porf\u00edrio Jacomino \u00e9 jornalista formado pela Universidade Estadual de Londrina (UEL) e p\u00f3s-graduado em Produ\u00e7\u00e3o e Pr\u00e1ticas Jornal\u00edsticas na Contemporaneidade na Faculdade C\u00e1sper L\u00edbero (FCL). Foi editor web no Startupi e no Finsiders, atuando ainda como editor no TC Mover, portal de not\u00edcias da TradersClub, fazendo a cobertura de assuntos relacionados ao mercado financeiro interno e externo. Atualmente, \u00e9 Rep\u00f3rter do Suno Not\u00edcias.","url":"https:\/\/www.suno.com.br\/noticias\/author\/giovanni-porfiriosuno-com-br\/"}]}},"default_loop_html":"<div class=\"cardsPage__listCard__boxs\"><div class=\"cardsPage__listCard__boxs__img\"><a href=\"https:\/\/www.suno.com.br\/noticias\/unipar-unip6-diretor-ri-cargo-gpj\/\"><img class=\"mask\" src=\"https:\/\/www.suno.com.br\/noticias\/wp-content\/themes\/suno\/resources\/images\/spotlight\/spotlight1img\/bg-mask.png\" alt=\"Image Mask\"\/><img src=\"https:\/\/files.sunoresearch.com.br\/n\/uploads\/2019\/11\/b66bc6f6-unipar-400x200.webp\" alt=\"Unipar (UNIP6): diretor financeiro e de rela\u00e7\u00f5es com investidores renuncia ao cargo\"\/><\/a><span class=\"spotlightCategory\"><a href=\"https:\/\/www.suno.com.br\/noticias\/negocios\/\">Neg\u00f3cios<\/a><\/span><\/div><div class=\"cardsPage__listCard__boxs__content\"><a href=\"https:\/\/www.suno.com.br\/noticias\/unipar-unip6-diretor-ri-cargo-gpj\/\"><h2 class=\"content__title\">Unipar (UNIP6): diretor financeiro e de rela\u00e7\u00f5es com investidores renuncia ao cargo<\/h2><\/a><div class=\"newsContent__article__meta\"><div class=\"newsContent__article__meta__authorBox\"><a href=\"https:\/\/www.suno.com.br\/noticias\/author\/murilomelo-jornalismogmail-com\/\" class=\"authorBox__avatar noMobi\"><img src=\"https:\/\/files.sunoresearch.com.br\/n\/uploads\/2024\/02\/Murilo_Melo_Jornalista-e1708476456132-150x150.jpeg\" alt=\"Murilo Melo\"><\/a><div class=\"authorBox__name\"><span>por\n\t\t\t<a href=\"https:\/\/www.suno.com.br\/noticias\/author\/murilomelo-jornalismogmail-com\/\"><span itemprop=\"author\">Murilo Melo<\/span><\/a><\/span><time datetime=\"2024-02-28T08:59:33-03:00\" itemprop=\"datePublished\">28\/02\/2024 08:59<\/time><\/div><\/div><\/div><\/div><\/div>","single_layout":"posts","amp_enabled":true,"_links":{"self":[{"href":"https:\/\/www.suno.com.br\/noticias\/wp-json\/wp\/v2\/posts\/527486"}],"collection":[{"href":"https:\/\/www.suno.com.br\/noticias\/wp-json\/wp\/v2\/posts"}],"about":[{"href":"https:\/\/www.suno.com.br\/noticias\/wp-json\/wp\/v2\/types\/post"}],"author":[{"embeddable":true,"href":"https:\/\/www.suno.com.br\/noticias\/wp-json\/wp\/v2\/users\/313"}],"replies":[{"embeddable":true,"href":"https:\/\/www.suno.com.br\/noticias\/wp-json\/wp\/v2\/comments?post=527486"}],"version-history":[{"count":3,"href":"https:\/\/www.suno.com.br\/noticias\/wp-json\/wp\/v2\/posts\/527486\/revisions"}],"predecessor-version":[{"id":527503,"href":"https:\/\/www.suno.com.br\/noticias\/wp-json\/wp\/v2\/posts\/527486\/revisions\/527503"}],"wp:featuredmedia":[{"embeddable":true,"href":"https:\/\/www.suno.com.br\/noticias\/wp-json\/wp\/v2\/media\/44780"}],"wp:attachment":[{"href":"https:\/\/www.suno.com.br\/noticias\/wp-json\/wp\/v2\/media?parent=527486"}],"wp:term":[{"taxonomy":"category","embeddable":true,"href":"https:\/\/www.suno.com.br\/noticias\/wp-json\/wp\/v2\/categories?post=527486"},{"taxonomy":"post_tag","embeddable":true,"href":"https:\/\/www.suno.com.br\/noticias\/wp-json\/wp\/v2\/tags?post=527486"},{"taxonomy":"suno_strategy","embeddable":true,"href":"https:\/\/www.suno.com.br\/noticias\/wp-json\/wp\/v2\/suno_strategy?post=527486"}],"curies":[{"name":"wp","href":"https:\/\/api.w.org\/{rel}","templated":true}]}}