{"id":527386,"date":"2024-02-27T20:34:23","date_gmt":"2024-02-27T23:34:23","guid":{"rendered":"https:\/\/www.suno.com.br\/noticias\/?p=527386"},"modified":"2024-02-27T20:38:41","modified_gmt":"2024-02-27T23:38:41","slug":"xp-xpbr31-programa-recompra-de-acoes-evm","status":"publish","type":"post","link":"https:\/\/www.suno.com.br\/noticias\/xp-xpbr31-programa-recompra-de-acoes-evm\/","title":{"rendered":"XP (XPBR31) recomprar\u00e1 at\u00e9 2,5 milh\u00f5es de a\u00e7\u00f5es"},"content":{"rendered":"<p>A <strong>XP<\/strong> (<a class=\"suno-keyword\" data-force=\"yes\" data-priority=\"2\" href=\"https:\/\/www.suno.com.br\/bdrs\/xpbr31\/\" target=\"_blank\" rel=\"noopener\">XPBR31<\/a>) anunciou um novo programa de recompra de a\u00e7\u00f5es na noite desta ter\u00e7a-feira (27).<\/p><div class=\"videoFull \">\n\t\t\t<div class=\"videoWrapper yt-lazyload center\"\n\t\t\t\tdata-width=\"960\"\n\t\t\t\tdata-height=\"540\"\n\t\t\t\tdata-id=\"lIpbc87-9y0\"\n\t\t\t\tdata-alt=\"V\u00eddeo do YouTube - clique para reproduzir\"\n\t\t\t\tdata-logo=\"3\"\n\t\t\t\tdata-imagequality=\"maxres\">\n\t\t\t<\/div>\n\t\t<\/div><script type=\"application\/ld+json\">{\"@context\":\"https:\/\/schema.org\",\"@type\":\"VideoObject\",\"name\":\"\ud83d\udd34VALE (VALE3) VAI SE RECUPERAR? | Ibovespa a 131 mil pontos | IPCA-15 descola das proje\u00e7\u00f5es\",\"description\":\"#mercadofinanceiro #a\u00e7\u00f5es #investimentos #bolsadevalores #ibovespa #dinheiro #finan\u00e7as #pol\u00edtica #d\u00f3lar #livedas19h #petr4 #petr3 #petrobras #vale3 #vale #a\u00e7\u00f5es #economia #dividendos #min\u00e9riodeferro #min\u00e9rio #petr\u00f3leo #commodities #proventos #jcp #ipca #ipca15 #infla\u00e7\u00e3o #ceo #presidente #lula 00:00 In\u00edcio do v\u00eddeo 01:45 Fechamento de preg\u00e3o 05:40 VALE3 acima de R$ 100? 14:10 BRFS3 dispara com balan\u00e7o 19:09 Entenda a alta de PCAR3\u2026\",\"duration\":\"PT27M49S\",\"embedUrl\":\"https:\/\/www.youtube.com\/embed\/lIpbc87-9y0\",\"regionsAllowed\":\"en-US\",\"interactionStatistic\":{\"@type\":\"InteractionCounter\",\"interactionType\":{\"@type\":\"WatchAction\"},\"userInteractionCount\":2538},\"thumbnailUrl\":\"https:\/\/i.ytimg.com\/vi\/lIpbc87-9y0\/default.jpg\",\"uploadDate\":\"2024-02-28T10:37:51Z\"}<\/script>\n\n\n\n\n\t<p>\n\t\t<a href=\"https:\/\/lp.suno.com.br\/planilha-da-vida-financeira\/\" target=\"_blank\" data-element=\"shortcode-suno-banner\" title=\"Banner SUNO, clique e saiba mais\">\n\t\t\t<picture>\n\t\t\t\t<source media=\"(max-width: 500px)\" srcset=\"https:\/\/files.sunoresearch.com.br\/n\/uploads\/2023\/04\/400x300-Planilha-vida-financeira-true.png\">\n\t\t\t\t<img class=\"newsContent__article__imgCapa newsContent__article__imgCapa--banner\"\n\t\t\t\t\tsrc=\"https:\/\/files.sunoresearch.com.br\/n\/uploads\/2023\/04\/1420x240-Planilha-vida-financeira-true.png\"\n\t\t\t\t\tdata-promo-id=\"106682\"\t\t\t\t\t\t\t\t\t\twidth='1420' height='240'\t\t\t\t\talt=\"https:\/\/files.sunoresearch.com.br\/n\/uploads\/2023\/04\/1420x240-Planilha-vida-financeira-true.png\"\n\t\t\t\t>\n\t\t\t<\/picture>\n\t\t<\/a>\n\t<\/p>\n\n\n\n\n\n\n\n<p><a href=\"https:\/\/api.mziq.com\/mzfilemanager\/v2\/d\/d1820734-8b3f-4a23-8642-331a3a8561a6\/2fc627a5-5a3c-405e-cbf9-f4bd0fd326f9?origin=1\">Conforme comunicado pela companhia<\/a>, em 2024 ser\u00e3o recompradas at\u00e9 2,5 milh\u00f5es de <strong>a\u00e7\u00f5es da XP<\/strong> no \u00e2mbito do plano.<\/p>\n\n\n\n<p>O <strong>programa de recompra de a\u00e7\u00f5es da XP<\/strong> prev\u00ea que sejam <a class=\"suno-keyword\" target=\"_blank\" data-force=\"no\" data-priority=\"1\" href=\"https:\/\/www.suno.com.br\/artigos\/o-que-sao-acoes-ordinarias-preferenciais-e-units\/\" rel=\"noopener\">a\u00e7\u00f5es ordin\u00e1rias<\/a> Classe A.<\/p>\n\n\n\n<p>\u201cTais compras ocorrer\u00e3o no mercado aberto, com base nos <a class=\"suno-keyword\" target=\"_blank\" data-force=\"no\" data-priority=\"1\" href=\"https:\/\/www.suno.com.br\/artigos\/precos-de-mercado\/\" rel=\"noopener\">pre\u00e7os de mercado<\/a> vigentes ou em transa\u00e7\u00f5es negociadas de forma privada, dependendo das condi\u00e7\u00f5es de mercado\u201d, diz a companhia.<\/p>\n\n\n\n<p>O <a class=\"suno-keyword\" target=\"_blank\" data-force=\"no\" data-priority=\"1\" href=\"https:\/\/www.suno.com.br\/artigos\/conselho-administracao\/\" rel=\"noopener\">Conselho de Administra\u00e7\u00e3o<\/a> da empresa revisar\u00e1 com frequ\u00eancia, podendo alterar quest\u00f5es no \u00e2mbito do programa &#8211; como seus termos e tamanhos.<\/p>\n\n\n\n<p>Al\u00e9m disso, h\u00e1 a possibilidade de suspens\u00e3o ou descontinua\u00e7\u00e3o do programa.<\/p>\n\n\n\n<p>As compras de a\u00e7\u00f5es ser\u00e3o feitas com o caixa da companhia.<\/p>\n\n\n\n\t<div data-element=\"shortcode-read-more\" class=\"readToo\">\n\t\t\t\t<span class=\"readToo__title\">Leia mais<\/span>\n\t\t\t\t<ul class=\"readToo__list\">\n\t\t\t<li><a href=\"https:\/\/www.suno.com.br\/noticias\/vale-vale3-safra-rentabilidade-compra-acoes-gss\/\">Vale (VALE3): Safra destaca rentabilidade e recomenda compra, mas corta pre\u00e7o-alvo<\/a><\/li><li><a href=\"https:\/\/www.suno.com.br\/noticias\/gpa-pcar3-acoes-disparam-nesta-terca-ibovespa-gpj\/\">GPA (PCAR3): a\u00e7\u00f5es disparam nesta ter\u00e7a-feira no Ibovespa; veja por qu\u00ea<\/a><\/li><li><a href=\"https:\/\/www.suno.com.br\/noticias\/weg-wege3-bancos-atualizam-expectativas-balanco-gpj\/\">Weg (WEGE3): bancos atualizam expectativas ap\u00f3s balan\u00e7o do 4T23; confira<\/a><\/li>\t\t<\/ul>\n\t<\/div>\n\n\n\n\n<h2 class=\"wp-block-heading\">Resultado da XP no 4T23<\/h2>\n\n\n\n<p>Recentemente a companhia tamb\u00e9m anunciou&nbsp;<a href=\"https:\/\/www.suno.com.br\/artigos\/lucro-liquido\/\" target=\"_blank\" rel=\"noreferrer noopener\">lucro l\u00edquido<\/a>&nbsp;de R$ 1,040 bilh\u00e3o no quarto trimestre de 2023, um crescimento 33% em rela\u00e7\u00e3o ao mesmo intervalo de 2022 e queda de 4% em rela\u00e7\u00e3o ao trimestre imediatamente anterior. <\/p>\n\n\n\n<p>O lucro antes de impostos (EBT, na sigla em ingl\u00eas) foi para R$ 995 milh\u00f5es, crescimento anual de 35% e queda de 14% no comparativo trimestral.<\/p>\n\n\n\t<p>\n\t\t<a href=\"https:\/\/lp.suno.com.br\/ebook-como-analisar-uma-acao\/\" target=\"_blank\" data-element=\"shortcode-suno-banner\" title=\"Banner SUNO, clique e saiba mais\">\n\t\t\t<picture>\n\t\t\t\t<source media=\"(max-width: 500px)\" srcset=\"https:\/\/files.sunoresearch.com.br\/n\/uploads\/2023\/03\/Ebook-Acoes-Mobile.jpg\">\n\t\t\t\t<img class=\"newsContent__article__imgCapa newsContent__article__imgCapa--banner\"\n\t\t\t\t\tsrc=\"https:\/\/files.sunoresearch.com.br\/n\/uploads\/2023\/03\/Ebook-Acoes-Desktop.jpg\"\n\t\t\t\t\tdata-promo-id=\"378302\"\t\t\t\t\t\t\t\t\t\twidth='1420' height='286'\t\t\t\t\talt=\"https:\/\/files.sunoresearch.com.br\/n\/uploads\/2023\/03\/Ebook-Acoes-Desktop.jpg\"\n\t\t\t\t>\n\t\t\t<\/picture>\n\t\t<\/a>\n\t<\/p>\n\n\n\n\n\n<p>Em 2023, a XP encerrou com um&nbsp;<a href=\"https:\/\/www.suno.com.br\/artigos\/lucro-liquido\/\" target=\"_blank\" rel=\"noreferrer noopener\">lucro l\u00edquido<\/a>&nbsp;de R$ 3,9, bilh\u00f5es, aumento de 10% em rela\u00e7\u00e3o ao ano anterior e no piso do guidance de R$ 3,8 bilh\u00f5es a 4,4 bilh\u00f5es.<\/p>\n\n\n\n<p>\u201cApesar do cen\u00e1rio desafiador desses \u00faltimos anos no contexto macro, tivemos um bom ano na XP em 2023. Aproveitamos a oportunidade para elevar o n\u00edvel de algumas pr\u00e1ticas na companhia, como governan\u00e7a, gest\u00e3o e controle de despesas, por exemplo.<\/p>\n\n\n\n<p>Neste sentido, nosso modelo de neg\u00f3cio provou sua resili\u00eancia, e estamos preparados e bem posicionados para o pr\u00f3ximo ciclo de crescimento que se anuncia\u201d, disse no release de resultados o&nbsp;<strong>CEO da XP<\/strong>,&nbsp;Thiago Maffra.<\/p>\n\n\n\n<p>O retorno sobre o <a class=\"suno-keyword\" target=\"_blank\" data-force=\"no\" data-priority=\"2\" href=\"https:\/\/www.suno.com.br\/artigos\/patrimonio-liquido\/\" rel=\"noopener\">patrim\u00f4nio l\u00edquido<\/a> (ROE) da XP&nbsp;subiu para 21,1% no quarto trimestre, de 18,1% no mesmo trimestre de 2022 e caiu em rela\u00e7\u00e3o aos 22,6% do segundo trimestre.<\/p>\n\n\n\n<p>A <a class=\"suno-keyword\" target=\"_blank\" data-force=\"no\" data-priority=\"1\" href=\"https:\/\/www.suno.com.br\/artigos\/o-que-receita-bruta\/\" rel=\"noopener\">receita bruta<\/a> da XP&nbsp;somou R$ 4,3 bilh\u00f5es, representando um crescimento anual de 29% e uma queda trimestral de 1%.<\/p>\n\n\n\n<p>As receitas de varejo tiveram alta de 24% em 12 meses para R$ 3,1 bilh\u00f5es, e queda de 1% no trimestre. De acordo com o release de resultado, a receita com varejo foi impactada por uma sazonalidade positiva na receita com cart\u00f5es, que cresceu 18% contra o trimestre anterior, parcialmente compensado por uma queda sequencial na receita de&nbsp;<a target=\"_blank\" href=\"https:\/\/www.suno.com.br\/guias\/investimento-renda-fixa\/\" rel=\"noreferrer noopener\">renda Fixa<\/a>, junto da aus\u00eancia de receitas relacionadas \u00e0 Expert no trimestre.<\/p>\n\n\n\n<p>Dentro de receitas com varejo, a&nbsp;<strong>\u00e1rea de renda fixa da XP<\/strong>&nbsp;somou receitas de R$ 690 milh\u00f5es, alta de 76% em doze meses e queda de 4% em rela\u00e7\u00e3o ao terceiro trimestre. Renda vari\u00e1vel teve receitas de R$ 1,180 bilh\u00e3o, um aumento de 19% frente ao quarto trimestre de 2022 e de 4% em rela\u00e7\u00e3o ao terceiro trimestre.<\/p>\n\n\n\n<p>Fora do varejo, a receita de grandes empresas e&nbsp;<a target=\"_blank\" href=\"https:\/\/www.suno.com.br\/artigos\/mercado-de-capitais-conceito\/\" rel=\"noreferrer noopener\">mercado de capitais<\/a>&nbsp;totalizou R$ 508 milh\u00f5es no quarto trimestre da&nbsp;<strong>XP<\/strong>, uma queda de 2% contra o trimestre anterior e um crescimento de 85% contra o mesmo per\u00edodo do ano anterior, devido \u00e0 uma forte atividade em estrutura\u00e7\u00e3o de t\u00edtulos de d\u00edvida (DCM) e forte contribui\u00e7\u00e3o de&nbsp;<a target=\"_blank\" href=\"https:\/\/www.suno.com.br\/artigos\/fusoes-aquisicoes\/\" rel=\"noreferrer noopener\">fus\u00f5es e aquisi\u00e7\u00f5es<\/a>&nbsp;(M&amp;A).<\/p>\n\n\n\t<p>\n\t\t<a href=\"https:\/\/lp.suno.com.br\/planilha-da-vida-financeira\/\" target=\"_blank\" data-element=\"shortcode-suno-banner\" title=\"Banner SUNO, clique e saiba mais\">\n\t\t\t<picture>\n\t\t\t\t<source media=\"(max-width: 500px)\" srcset=\"https:\/\/files.sunoresearch.com.br\/n\/uploads\/2023\/04\/400x300-Planilha-vida-financeira-true.png\">\n\t\t\t\t<img class=\"newsContent__article__imgCapa newsContent__article__imgCapa--banner\"\n\t\t\t\t\tsrc=\"https:\/\/files.sunoresearch.com.br\/n\/uploads\/2023\/04\/1420x240-Planilha-vida-financeira-true.png\"\n\t\t\t\t\tdata-promo-id=\"383123\"\t\t\t\t\t\t\t\t\t\twidth='1420' height='240'\t\t\t\t\talt=\"https:\/\/files.sunoresearch.com.br\/n\/uploads\/2023\/04\/1420x240-Planilha-vida-financeira-true.png\"\n\t\t\t\t>\n\t\t\t<\/picture>\n\t\t<\/a>\n\t<\/p>\n\n\n","protected":false},"excerpt":{"rendered":"<p>A XP (XPBR31) anunciou um novo programa de recompra de a\u00e7\u00f5es na noite desta ter\u00e7a-feira (27). Conforme comunicado pela companhia, em 2024 ser\u00e3o recompradas at\u00e9 2,5 milh\u00f5es de a\u00e7\u00f5es da XP no \u00e2mbito do plano. O programa de recompra de a\u00e7\u00f5es da XP prev\u00ea que sejam a\u00e7\u00f5es ordin\u00e1rias Classe A. \u201cTais compras ocorrer\u00e3o no mercado [&hellip;]<\/p>\n","protected":false},"author":73,"featured_media":444220,"comment_status":"closed","ping_status":"closed","sticky":false,"template":"","format":"standard","meta":[],"categories":[64],"tags":[888],"suno_strategy":[],"class_list":["post-527386","post","type-post","status-publish","format-standard","has-post-thumbnail","hentry","category-negocios","tag-xp-investimentos"],"yoast_head":"<!-- This site is optimized with the Yoast SEO plugin v24.4 - https:\/\/yoast.com\/wordpress\/plugins\/seo\/ -->\n<title>XP (XPBR31) recomprar\u00e1 at\u00e9 2,5 milh\u00f5es das suas a\u00e7\u00f5es<\/title>\n<meta name=\"description\" content=\"Conforme comunicado pela companhia, em 2024 ser\u00e3o recompradas at\u00e9 2,5 milh\u00f5es de a\u00e7\u00f5es da XP no \u00e2mbito do programa de recompra\" \/>\n<meta name=\"robots\" content=\"index, follow, max-snippet:-1, max-image-preview:large, max-video-preview:-1\" \/>\n<link rel=\"canonical\" href=\"https:\/\/www.suno.com.br\/noticias\/xp-xpbr31-programa-recompra-de-acoes-evm\/\" \/>\n<meta property=\"og:locale\" content=\"pt_BR\" \/>\n<meta property=\"og:type\" content=\"article\" \/>\n<meta property=\"og:title\" content=\"XP (XPBR31) recomprar\u00e1 at\u00e9 2,5 milh\u00f5es das suas a\u00e7\u00f5es\" \/>\n<meta property=\"og:description\" content=\"Conforme comunicado pela companhia, em 2024 ser\u00e3o recompradas at\u00e9 2,5 milh\u00f5es de a\u00e7\u00f5es da XP no \u00e2mbito do programa de recompra\" \/>\n<meta property=\"og:url\" content=\"https:\/\/www.suno.com.br\/noticias\/xp-xpbr31-programa-recompra-de-acoes-evm\/\" \/>\n<meta property=\"og:site_name\" content=\"Suno Not\u00edcias\" \/>\n<meta property=\"article:publisher\" content=\"https:\/\/facebook.com\/sunoresearch\" \/>\n<meta property=\"og:image\" content=\"https:\/\/files.sunoresearch.com.br\/n\/uploads\/2023\/08\/cartao-xp.jpg\" \/>\n\t<meta property=\"og:image:width\" content=\"1920\" \/>\n\t<meta property=\"og:image:height\" content=\"1080\" \/>\n\t<meta property=\"og:image:type\" content=\"image\/jpeg\" \/>\n<meta name=\"author\" content=\"Eduardo Vargas\" \/>\n<meta name=\"twitter:card\" content=\"summary_large_image\" \/>\n<meta name=\"twitter:creator\" content=\"@sunoresearch\" \/>\n<meta name=\"twitter:site\" content=\"@sunoresearch\" \/>\n<meta name=\"twitter:label1\" content=\"Escrito por\" \/>\n\t<meta name=\"twitter:data1\" content=\"Eduardo Vargas\" \/>\n\t<meta name=\"twitter:label2\" content=\"Est. tempo de leitura\" \/>\n\t<meta name=\"twitter:data2\" content=\"3 minutos\" \/>\n<script type=\"application\/ld+json\" class=\"yoast-schema-graph\">{\"@context\":\"https:\/\/schema.org\",\"@graph\":[{\"@type\":\"NewsArticle\",\"@id\":\"https:\/\/www.suno.com.br\/noticias\/xp-xpbr31-programa-recompra-de-acoes-evm\/#article\",\"isPartOf\":{\"@id\":\"https:\/\/www.suno.com.br\/noticias\/xp-xpbr31-programa-recompra-de-acoes-evm\/\"},\"author\":{\"name\":\"Eduardo Vargas\",\"@id\":\"https:\/\/www.suno.com.br\/noticias\/#\/schema\/person\/7f4d362bf3518e76090143ae77bb49a5\"},\"headline\":\"XP (XPBR31) recomprar\u00e1 at\u00e9 2,5 milh\u00f5es de a\u00e7\u00f5es\",\"datePublished\":\"2024-02-27T23:34:23+00:00\",\"dateModified\":\"2024-02-27T23:38:41+00:00\",\"mainEntityOfPage\":{\"@id\":\"https:\/\/www.suno.com.br\/noticias\/xp-xpbr31-programa-recompra-de-acoes-evm\/\"},\"wordCount\":593,\"publisher\":{\"@id\":\"https:\/\/www.suno.com.br\/noticias\/#organization\"},\"image\":{\"@id\":\"https:\/\/www.suno.com.br\/noticias\/xp-xpbr31-programa-recompra-de-acoes-evm\/#primaryimage\"},\"thumbnailUrl\":\"https:\/\/files.sunoresearch.com.br\/n\/uploads\/2023\/08\/cartao-xp.jpg\",\"keywords\":[\"XP Investimentos\"],\"articleSection\":[\"Neg\u00f3cios\"],\"inLanguage\":\"pt-BR\"},{\"@type\":\"WebPage\",\"@id\":\"https:\/\/www.suno.com.br\/noticias\/xp-xpbr31-programa-recompra-de-acoes-evm\/\",\"url\":\"https:\/\/www.suno.com.br\/noticias\/xp-xpbr31-programa-recompra-de-acoes-evm\/\",\"name\":\"XP (XPBR31) recomprar\u00e1 at\u00e9 2,5 milh\u00f5es das suas a\u00e7\u00f5es\",\"isPartOf\":{\"@id\":\"https:\/\/www.suno.com.br\/noticias\/#website\"},\"primaryImageOfPage\":{\"@id\":\"https:\/\/www.suno.com.br\/noticias\/xp-xpbr31-programa-recompra-de-acoes-evm\/#primaryimage\"},\"image\":{\"@id\":\"https:\/\/www.suno.com.br\/noticias\/xp-xpbr31-programa-recompra-de-acoes-evm\/#primaryimage\"},\"thumbnailUrl\":\"https:\/\/files.sunoresearch.com.br\/n\/uploads\/2023\/08\/cartao-xp.jpg\",\"datePublished\":\"2024-02-27T23:34:23+00:00\",\"dateModified\":\"2024-02-27T23:38:41+00:00\",\"description\":\"Conforme comunicado pela companhia, em 2024 ser\u00e3o recompradas at\u00e9 2,5 milh\u00f5es de a\u00e7\u00f5es da XP no \u00e2mbito do programa de recompra\",\"breadcrumb\":{\"@id\":\"https:\/\/www.suno.com.br\/noticias\/xp-xpbr31-programa-recompra-de-acoes-evm\/#breadcrumb\"},\"inLanguage\":\"pt-BR\",\"potentialAction\":[{\"@type\":\"ReadAction\",\"target\":[\"https:\/\/www.suno.com.br\/noticias\/xp-xpbr31-programa-recompra-de-acoes-evm\/\"]}]},{\"@type\":\"ImageObject\",\"inLanguage\":\"pt-BR\",\"@id\":\"https:\/\/www.suno.com.br\/noticias\/xp-xpbr31-programa-recompra-de-acoes-evm\/#primaryimage\",\"url\":\"https:\/\/files.sunoresearch.com.br\/n\/uploads\/2023\/08\/cartao-xp.jpg\",\"contentUrl\":\"https:\/\/files.sunoresearch.com.br\/n\/uploads\/2023\/08\/cartao-xp.jpg\",\"width\":1920,\"height\":1080,\"caption\":\"XP. Foto: Divulga\u00e7\u00e3o\/Assessoria.\"},{\"@type\":\"BreadcrumbList\",\"@id\":\"https:\/\/www.suno.com.br\/noticias\/xp-xpbr31-programa-recompra-de-acoes-evm\/#breadcrumb\",\"itemListElement\":[{\"@type\":\"ListItem\",\"position\":1,\"name\":\"Not\u00edcias\",\"item\":\"https:\/\/www.suno.com.br\/noticias\/\"},{\"@type\":\"ListItem\",\"position\":2,\"name\":\"Neg\u00f3cios\",\"item\":\"https:\/\/www.suno.com.br\/noticias\/negocios\/\"},{\"@type\":\"ListItem\",\"position\":3,\"name\":\"XP (XPBR31) recomprar\u00e1 at\u00e9 2,5 milh\u00f5es de a\u00e7\u00f5es\"}]},{\"@type\":\"WebSite\",\"@id\":\"https:\/\/www.suno.com.br\/noticias\/#website\",\"url\":\"https:\/\/www.suno.com.br\/noticias\/\",\"name\":\"Suno Not\u00edcias\",\"description\":\"Seu portal de informa\u00e7\u00e3o sobre o mundo dos investimentos\",\"publisher\":{\"@id\":\"https:\/\/www.suno.com.br\/noticias\/#organization\"},\"potentialAction\":[{\"@type\":\"SearchAction\",\"target\":{\"@type\":\"EntryPoint\",\"urlTemplate\":\"https:\/\/www.suno.com.br\/noticias\/?s={search_term_string}\"},\"query-input\":{\"@type\":\"PropertyValueSpecification\",\"valueRequired\":true,\"valueName\":\"search_term_string\"}}],\"inLanguage\":\"pt-BR\"},{\"@type\":\"Organization\",\"@id\":\"https:\/\/www.suno.com.br\/noticias\/#organization\",\"name\":\"Suno Not\u00edcias\",\"url\":\"https:\/\/www.suno.com.br\/noticias\/\",\"logo\":{\"@type\":\"ImageObject\",\"inLanguage\":\"pt-BR\",\"@id\":\"https:\/\/www.suno.com.br\/noticias\/#\/schema\/logo\/image\/\",\"url\":\"https:\/\/files.sunoresearch.com.br\/n\/uploads\/2021\/09\/suno-logo.png\",\"contentUrl\":\"https:\/\/files.sunoresearch.com.br\/n\/uploads\/2021\/09\/suno-logo.png\",\"width\":180,\"height\":180,\"caption\":\"Suno Not\u00edcias\"},\"image\":{\"@id\":\"https:\/\/www.suno.com.br\/noticias\/#\/schema\/logo\/image\/\"},\"sameAs\":[\"https:\/\/facebook.com\/sunoresearch\",\"https:\/\/x.com\/sunoresearch\",\"https:\/\/www.instagram.com\/suno\",\"https:\/\/www.linkedin.com\/company\/suno-research\/\",\"https:\/\/www.youtube.com\/c\/sunoresearch\"]},{\"@type\":\"Person\",\"@id\":\"https:\/\/www.suno.com.br\/noticias\/#\/schema\/person\/7f4d362bf3518e76090143ae77bb49a5\",\"name\":\"Eduardo Vargas\",\"image\":{\"@type\":\"ImageObject\",\"inLanguage\":\"pt-BR\",\"@id\":\"https:\/\/www.suno.com.br\/noticias\/#\/schema\/person\/image\/\",\"url\":\"https:\/\/secure.gravatar.com\/avatar\/dac340933427a22924c9f99d1eb2e3f2?s=96&r=g\",\"contentUrl\":\"https:\/\/secure.gravatar.com\/avatar\/dac340933427a22924c9f99d1eb2e3f2?s=96&r=g\",\"caption\":\"Eduardo Vargas\"},\"description\":\"Jornalista formado pela UFSC, cobre macroeconomia, neg\u00f3cios e startups para o Suno Not\u00edcias, escrevendo principalmente not\u00edcias sobre o mercado financeiro e a bolsa de valores. No YouTube e no Instagram, \u00e9 respons\u00e1vel pela produ\u00e7\u00e3o de Reels e Shorts do Suno Not\u00edcias. Anteriormente, trabalhou cobrindo economia e cotidiano no ND+ e para o ND, maior jornal impresso de Santa Catarina. Cursou um semestre letivo de Estudos de M\u00eddia na Universidad de Buenos Aires.\",\"url\":\"https:\/\/www.suno.com.br\/noticias\/author\/eduardo-vargas\/\"}]}<\/script>\n<!-- \/ Yoast SEO plugin. -->","yoast_head_json":{"title":"XP (XPBR31) recomprar\u00e1 at\u00e9 2,5 milh\u00f5es das suas a\u00e7\u00f5es","description":"Conforme comunicado pela companhia, em 2024 ser\u00e3o recompradas at\u00e9 2,5 milh\u00f5es de a\u00e7\u00f5es da XP no \u00e2mbito do programa de recompra","robots":{"index":"index","follow":"follow","max-snippet":"max-snippet:-1","max-image-preview":"max-image-preview:large","max-video-preview":"max-video-preview:-1"},"canonical":"https:\/\/www.suno.com.br\/noticias\/xp-xpbr31-programa-recompra-de-acoes-evm\/","og_locale":"pt_BR","og_type":"article","og_title":"XP (XPBR31) recomprar\u00e1 at\u00e9 2,5 milh\u00f5es das suas a\u00e7\u00f5es","og_description":"Conforme comunicado pela companhia, em 2024 ser\u00e3o recompradas at\u00e9 2,5 milh\u00f5es de a\u00e7\u00f5es da XP no \u00e2mbito do programa de recompra","og_url":"https:\/\/www.suno.com.br\/noticias\/xp-xpbr31-programa-recompra-de-acoes-evm\/","og_site_name":"Suno Not\u00edcias","article_publisher":"https:\/\/facebook.com\/sunoresearch","og_image":[{"width":1920,"height":1080,"url":"https:\/\/files.sunoresearch.com.br\/n\/uploads\/2023\/08\/cartao-xp.jpg","type":"image\/jpeg"}],"author":"Eduardo Vargas","twitter_card":"summary_large_image","twitter_creator":"@sunoresearch","twitter_site":"@sunoresearch","twitter_misc":{"Escrito por":"Eduardo Vargas","Est. tempo de leitura":"3 minutos"},"schema":{"@context":"https:\/\/schema.org","@graph":[{"@type":"NewsArticle","@id":"https:\/\/www.suno.com.br\/noticias\/xp-xpbr31-programa-recompra-de-acoes-evm\/#article","isPartOf":{"@id":"https:\/\/www.suno.com.br\/noticias\/xp-xpbr31-programa-recompra-de-acoes-evm\/"},"author":{"name":"Eduardo Vargas","@id":"https:\/\/www.suno.com.br\/noticias\/#\/schema\/person\/7f4d362bf3518e76090143ae77bb49a5"},"headline":"XP (XPBR31) recomprar\u00e1 at\u00e9 2,5 milh\u00f5es de a\u00e7\u00f5es","datePublished":"2024-02-27T23:34:23+00:00","dateModified":"2024-02-27T23:38:41+00:00","mainEntityOfPage":{"@id":"https:\/\/www.suno.com.br\/noticias\/xp-xpbr31-programa-recompra-de-acoes-evm\/"},"wordCount":593,"publisher":{"@id":"https:\/\/www.suno.com.br\/noticias\/#organization"},"image":{"@id":"https:\/\/www.suno.com.br\/noticias\/xp-xpbr31-programa-recompra-de-acoes-evm\/#primaryimage"},"thumbnailUrl":"https:\/\/files.sunoresearch.com.br\/n\/uploads\/2023\/08\/cartao-xp.jpg","keywords":["XP Investimentos"],"articleSection":["Neg\u00f3cios"],"inLanguage":"pt-BR"},{"@type":"WebPage","@id":"https:\/\/www.suno.com.br\/noticias\/xp-xpbr31-programa-recompra-de-acoes-evm\/","url":"https:\/\/www.suno.com.br\/noticias\/xp-xpbr31-programa-recompra-de-acoes-evm\/","name":"XP (XPBR31) recomprar\u00e1 at\u00e9 2,5 milh\u00f5es das suas a\u00e7\u00f5es","isPartOf":{"@id":"https:\/\/www.suno.com.br\/noticias\/#website"},"primaryImageOfPage":{"@id":"https:\/\/www.suno.com.br\/noticias\/xp-xpbr31-programa-recompra-de-acoes-evm\/#primaryimage"},"image":{"@id":"https:\/\/www.suno.com.br\/noticias\/xp-xpbr31-programa-recompra-de-acoes-evm\/#primaryimage"},"thumbnailUrl":"https:\/\/files.sunoresearch.com.br\/n\/uploads\/2023\/08\/cartao-xp.jpg","datePublished":"2024-02-27T23:34:23+00:00","dateModified":"2024-02-27T23:38:41+00:00","description":"Conforme comunicado pela companhia, em 2024 ser\u00e3o recompradas at\u00e9 2,5 milh\u00f5es de a\u00e7\u00f5es da XP no \u00e2mbito do programa de recompra","breadcrumb":{"@id":"https:\/\/www.suno.com.br\/noticias\/xp-xpbr31-programa-recompra-de-acoes-evm\/#breadcrumb"},"inLanguage":"pt-BR","potentialAction":[{"@type":"ReadAction","target":["https:\/\/www.suno.com.br\/noticias\/xp-xpbr31-programa-recompra-de-acoes-evm\/"]}]},{"@type":"ImageObject","inLanguage":"pt-BR","@id":"https:\/\/www.suno.com.br\/noticias\/xp-xpbr31-programa-recompra-de-acoes-evm\/#primaryimage","url":"https:\/\/files.sunoresearch.com.br\/n\/uploads\/2023\/08\/cartao-xp.jpg","contentUrl":"https:\/\/files.sunoresearch.com.br\/n\/uploads\/2023\/08\/cartao-xp.jpg","width":1920,"height":1080,"caption":"XP. Foto: Divulga\u00e7\u00e3o\/Assessoria."},{"@type":"BreadcrumbList","@id":"https:\/\/www.suno.com.br\/noticias\/xp-xpbr31-programa-recompra-de-acoes-evm\/#breadcrumb","itemListElement":[{"@type":"ListItem","position":1,"name":"Not\u00edcias","item":"https:\/\/www.suno.com.br\/noticias\/"},{"@type":"ListItem","position":2,"name":"Neg\u00f3cios","item":"https:\/\/www.suno.com.br\/noticias\/negocios\/"},{"@type":"ListItem","position":3,"name":"XP (XPBR31) recomprar\u00e1 at\u00e9 2,5 milh\u00f5es de a\u00e7\u00f5es"}]},{"@type":"WebSite","@id":"https:\/\/www.suno.com.br\/noticias\/#website","url":"https:\/\/www.suno.com.br\/noticias\/","name":"Suno Not\u00edcias","description":"Seu portal de informa\u00e7\u00e3o sobre o mundo dos investimentos","publisher":{"@id":"https:\/\/www.suno.com.br\/noticias\/#organization"},"potentialAction":[{"@type":"SearchAction","target":{"@type":"EntryPoint","urlTemplate":"https:\/\/www.suno.com.br\/noticias\/?s={search_term_string}"},"query-input":{"@type":"PropertyValueSpecification","valueRequired":true,"valueName":"search_term_string"}}],"inLanguage":"pt-BR"},{"@type":"Organization","@id":"https:\/\/www.suno.com.br\/noticias\/#organization","name":"Suno Not\u00edcias","url":"https:\/\/www.suno.com.br\/noticias\/","logo":{"@type":"ImageObject","inLanguage":"pt-BR","@id":"https:\/\/www.suno.com.br\/noticias\/#\/schema\/logo\/image\/","url":"https:\/\/files.sunoresearch.com.br\/n\/uploads\/2021\/09\/suno-logo.png","contentUrl":"https:\/\/files.sunoresearch.com.br\/n\/uploads\/2021\/09\/suno-logo.png","width":180,"height":180,"caption":"Suno Not\u00edcias"},"image":{"@id":"https:\/\/www.suno.com.br\/noticias\/#\/schema\/logo\/image\/"},"sameAs":["https:\/\/facebook.com\/sunoresearch","https:\/\/x.com\/sunoresearch","https:\/\/www.instagram.com\/suno","https:\/\/www.linkedin.com\/company\/suno-research\/","https:\/\/www.youtube.com\/c\/sunoresearch"]},{"@type":"Person","@id":"https:\/\/www.suno.com.br\/noticias\/#\/schema\/person\/7f4d362bf3518e76090143ae77bb49a5","name":"Eduardo Vargas","image":{"@type":"ImageObject","inLanguage":"pt-BR","@id":"https:\/\/www.suno.com.br\/noticias\/#\/schema\/person\/image\/","url":"https:\/\/secure.gravatar.com\/avatar\/dac340933427a22924c9f99d1eb2e3f2?s=96&r=g","contentUrl":"https:\/\/secure.gravatar.com\/avatar\/dac340933427a22924c9f99d1eb2e3f2?s=96&r=g","caption":"Eduardo Vargas"},"description":"Jornalista formado pela UFSC, cobre macroeconomia, neg\u00f3cios e startups para o Suno Not\u00edcias, escrevendo principalmente not\u00edcias sobre o mercado financeiro e a bolsa de valores. No YouTube e no Instagram, \u00e9 respons\u00e1vel pela produ\u00e7\u00e3o de Reels e Shorts do Suno Not\u00edcias. Anteriormente, trabalhou cobrindo economia e cotidiano no ND+ e para o ND, maior jornal impresso de Santa Catarina. Cursou um semestre letivo de Estudos de M\u00eddia na Universidad de Buenos Aires.","url":"https:\/\/www.suno.com.br\/noticias\/author\/eduardo-vargas\/"}]}},"default_loop_html":"<div class=\"cardsPage__listCard__boxs\"><div class=\"cardsPage__listCard__boxs__img\"><a href=\"https:\/\/www.suno.com.br\/noticias\/xp-xpbr31-programa-recompra-de-acoes-evm\/\"><img class=\"mask\" src=\"https:\/\/www.suno.com.br\/noticias\/wp-content\/themes\/suno\/resources\/images\/spotlight\/spotlight1img\/bg-mask.png\" alt=\"Image Mask\"\/><img src=\"https:\/\/files.sunoresearch.com.br\/n\/uploads\/2023\/08\/cartao-xp-400x200.jpg\" alt=\"XP (XPBR31) recomprar\u00e1 at\u00e9 2,5 milh\u00f5es de a\u00e7\u00f5es\"\/><\/a><span class=\"spotlightCategory\"><a href=\"https:\/\/www.suno.com.br\/noticias\/negocios\/\">Neg\u00f3cios<\/a><\/span><\/div><div class=\"cardsPage__listCard__boxs__content\"><a href=\"https:\/\/www.suno.com.br\/noticias\/xp-xpbr31-programa-recompra-de-acoes-evm\/\"><h2 class=\"content__title\">XP (XPBR31) recomprar\u00e1 at\u00e9 2,5 milh\u00f5es de a\u00e7\u00f5es<\/h2><\/a><div class=\"newsContent__article__meta\"><div class=\"newsContent__article__meta__authorBox\"><a href=\"https:\/\/www.suno.com.br\/noticias\/author\/giovanni-porfiriosuno-com-br\/\" class=\"authorBox__avatar noMobi\"><img src=\"https:\/\/files.sunoresearch.com.br\/n\/uploads\/2024\/05\/DSCF4115-1-1-150x150.webp\" alt=\"Giovanni Porf\u00edrio Jacomino\"><\/a><div class=\"authorBox__name\"><span>por\n\t\t\t<a href=\"https:\/\/www.suno.com.br\/noticias\/author\/giovanni-porfiriosuno-com-br\/\"><span itemprop=\"author\">Giovanni Porf\u00edrio Jacomino<\/span><\/a><\/span><time datetime=\"2024-02-27T20:34:23-03:00\" itemprop=\"datePublished\">27\/02\/2024 20:34<\/time><\/div><\/div><\/div><\/div><\/div>","single_layout":"posts","amp_enabled":true,"_links":{"self":[{"href":"https:\/\/www.suno.com.br\/noticias\/wp-json\/wp\/v2\/posts\/527386"}],"collection":[{"href":"https:\/\/www.suno.com.br\/noticias\/wp-json\/wp\/v2\/posts"}],"about":[{"href":"https:\/\/www.suno.com.br\/noticias\/wp-json\/wp\/v2\/types\/post"}],"author":[{"embeddable":true,"href":"https:\/\/www.suno.com.br\/noticias\/wp-json\/wp\/v2\/users\/73"}],"replies":[{"embeddable":true,"href":"https:\/\/www.suno.com.br\/noticias\/wp-json\/wp\/v2\/comments?post=527386"}],"version-history":[{"count":2,"href":"https:\/\/www.suno.com.br\/noticias\/wp-json\/wp\/v2\/posts\/527386\/revisions"}],"predecessor-version":[{"id":527400,"href":"https:\/\/www.suno.com.br\/noticias\/wp-json\/wp\/v2\/posts\/527386\/revisions\/527400"}],"wp:featuredmedia":[{"embeddable":true,"href":"https:\/\/www.suno.com.br\/noticias\/wp-json\/wp\/v2\/media\/444220"}],"wp:attachment":[{"href":"https:\/\/www.suno.com.br\/noticias\/wp-json\/wp\/v2\/media?parent=527386"}],"wp:term":[{"taxonomy":"category","embeddable":true,"href":"https:\/\/www.suno.com.br\/noticias\/wp-json\/wp\/v2\/categories?post=527386"},{"taxonomy":"post_tag","embeddable":true,"href":"https:\/\/www.suno.com.br\/noticias\/wp-json\/wp\/v2\/tags?post=527386"},{"taxonomy":"suno_strategy","embeddable":true,"href":"https:\/\/www.suno.com.br\/noticias\/wp-json\/wp\/v2\/suno_strategy?post=527386"}],"curies":[{"name":"wp","href":"https:\/\/api.w.org\/{rel}","templated":true}]}}