{"id":527363,"date":"2024-02-27T18:47:23","date_gmt":"2024-02-27T21:47:23","guid":{"rendered":"https:\/\/www.suno.com.br\/noticias\/?p=527363"},"modified":"2024-02-27T19:00:41","modified_gmt":"2024-02-27T22:00:41","slug":"ibovespa-sobe-pao-de-acucar-pcar3-dispara-prio-prio3-queda-jvj","status":"publish","type":"post","link":"https:\/\/www.suno.com.br\/noticias\/ibovespa-sobe-pao-de-acucar-pcar3-dispara-prio-prio3-queda-jvj\/","title":{"rendered":"Ibovespa salta 1,61% aos 131 mil pontos; GPA (PCAR3) dispara 12%, Vale (VALE3) sobe e d\u00f3lar tem forte queda"},"content":{"rendered":"<p>O<strong> Ibovespa <\/strong>encerrou a sess\u00e3o desta ter\u00e7a-feira (27) com uma valoriza\u00e7\u00e3o de 1,61%, aos 131.689,37 pontos. A m\u00e1xima do dia foi de 131.696,37 pontos, enquanto a m\u00ednima registrada fora de 129.612,94 pontos. J\u00e1 o <a class=\"suno-keyword\" data-force=\"no\" data-priority=\"2\" href=\"https:\/\/www.suno.com.br\/artigos\/volume\/\" target=\"_blank\" rel=\"noopener\">volume de negocia\u00e7\u00e3o<\/a> di\u00e1ria foi de R$ 22,1 bilh\u00f5es.<\/p>\t<div class=\"wrapper-featured-image\">\n\t\t<figure class=\"spotlightImg\">\n\n\t\t\t<picture>\n\t\t\t\t<source media=\"(max-width: 768px)\" srcset=\"https:\/\/files.sunoresearch.com.br\/n\/uploads\/2023\/05\/acoes-alta-1-400x200.jpg\">\n\t\t\t\t<img loading=\"lazy\" decoding=\"async\" class=\"newsContent__article__imgCapa lazyloadDisabled \" src=\"https:\/\/files.sunoresearch.com.br\/n\/uploads\/2023\/05\/acoes-alta-1-800x450.jpg\" width=\"800\" height=\"450\" alt=\"Ibovespa salta 1,61% aos 131 mil pontos; GPA (PCAR3) dispara 12%, Vale (VALE3) sobe e d\u00f3lar tem forte queda\" fetchpriority=high \/>\n\t\t\t<\/picture>\n\n\t\t\t<figcaption class=\"wp-caption-text wp-caption-text--show\">BTHF11 registra lucro menor em julho; veja os dividendos do m\u00eas. Foto: iStock<\/figcaption>\n\t\t<\/figure>\n\t<\/div>\n\n\n\n\n\n\t<p>\n\t\t<a href=\"https:\/\/lp.suno.com.br\/ebook-como-analisar-uma-acao\/\" target=\"_blank\" data-element=\"shortcode-suno-banner\" title=\"Banner SUNO, clique e saiba mais\">\n\t\t\t<picture>\n\t\t\t\t<source media=\"(max-width: 500px)\" srcset=\"https:\/\/files.sunoresearch.com.br\/n\/uploads\/2023\/12\/Ebook-Acoes-Mobile.jpg\">\n\t\t\t\t<img class=\"newsContent__article__imgCapa newsContent__article__imgCapa--banner\"\n\t\t\t\t\tsrc=\"https:\/\/files.sunoresearch.com.br\/n\/uploads\/2023\/12\/Ebook-Acoes-Desktop.webp\"\n\t\t\t\t\tdata-promo-id=\"311260\"\t\t\t\t\t\t\t\t\t\twidth='1420' height='286'\t\t\t\t\talt=\"https:\/\/files.sunoresearch.com.br\/n\/uploads\/2023\/12\/Ebook-Acoes-Desktop.webp\"\n\t\t\t\t>\n\t\t\t<\/picture>\n\t\t<\/a>\n\t<\/p>\n\n\n\n\n\n<p>Al\u00e9m do <strong>Ibovespa hoje<\/strong>, veja como foi o dia para as principais Bolsas de Valores de Nova York:<\/p>\n\n\n\n<ul class=\"wp-block-list\">\n<li>Dow Jones: -0,25%, aos 38.972,41 pontos<\/li>\n\n\n\n<li>S&amp;P 500: +0,17%, aos 5.078,18 pontos<\/li>\n\n\n\n<li>Nasdaq: +0,37%, aos 16.035,30 pontos<\/li>\n<\/ul>\n\n\n\n<p>O <strong>Ibovespa hoje<\/strong> ganhou tra\u00e7\u00e3o e se descolou do <strong>mercado em NY<\/strong>, como destaca Alexandro Nishimura, economista e s\u00f3cio da Nomos.<\/p>\n\n\n\n\t<div data-element=\"shortcode-read-more\" class=\"readToo\">\n\t\t\t\t<span class=\"readToo__title\">Leia mais<\/span>\n\t\t\t\t<ul class=\"readToo__list\">\n\t\t\t<li><a href=\"https:\/\/www.suno.com.br\/noticias\/vale-vale3-safra-rentabilidade-compra-acoes-gss\/\">Vale (VALE3): Safra destaca rentabilidade e recomenda compra, mas corta pre\u00e7o-alvo<\/a><\/li><li><a href=\"https:\/\/www.suno.com.br\/noticias\/gpa-pcar3-acoes-disparam-nesta-terca-ibovespa-gpj\/\">GPA (PCAR3): a\u00e7\u00f5es disparam nesta ter\u00e7a-feira no Ibovespa; veja por qu\u00ea<\/a><\/li><li><a href=\"https:\/\/www.suno.com.br\/noticias\/brf-brfs3-xp-top-pick-balanco-4t23-gpj\/\">BRF (BRFS3): XP mant\u00e9m empresa como top pick ap\u00f3s balan\u00e7o do 4T23; a\u00e7\u00f5es disparam<\/a><\/li>\t\t<\/ul>\n\t<\/div>\n\n\n\n\n<p>\u201cOs ganhos foram generalizados, puxados pelo driver macro com o <strong>IPCA-15 <\/strong>abaixo do esperado, que fortalece a perspectiva de continuidade da queda dos juros, aliado por not\u00edcias corporativas isoladas que impulsionaram a\u00e7\u00f5es como <strong>P\u00e3o de A\u00e7\u00facar<\/strong> e <strong>BRF<\/strong>\u201d, destacou Nishimura.<\/p>\n\n\n\n<p>As a\u00e7\u00f5es de companhias de varejo se beneficiaram do al\u00edvio da <a class=\"suno-keyword\" data-force=\"no\" data-priority=\"1\" href=\"https:\/\/www.suno.com.br\/artigos\/curva-de-juros\/\" target=\"_blank\" rel=\"noopener\">curva de juros<\/a>, depois que o IPCA-15 de fevereiro avan\u00e7ou 0,78%. O n\u00famero foi inferior \u00e0 mediana projetada por analistas, permitindo uma expectativa de perman\u00eancia do ciclo de queda da Selic.<\/p>\n\n\n\n<p>As a\u00e7\u00f5es do Grupo <a class=\"suno-keyword\" target=\"_blank\" data-force=\"yes\" data-priority=\"2\" href=\"https:\/\/www.suno.com.br\/acoes\/PCAR3\/\" rel=\"noopener\">P\u00e3o de A\u00e7\u00facar (PCAR3)<\/a> tamb\u00e9m subiram, ap\u00f3s o tribunal de Paris aprovar um novo plano de reestrutura\u00e7\u00e3o de seu investidor controlador, que \u00e9 o Casino Guichard-Perrachon.<\/p>\n\n\n\n<p>Nishimura tamb\u00e9m destaca que as <strong>a\u00e7\u00f5es da <a class=\"suno-keyword\" data-force=\"yes\" data-priority=\"2\" href=\"https:\/\/www.suno.com.br\/acoes\/VALE3\/\" target=\"_blank\" rel=\"noopener\">Vale (VALE3)<\/a><\/strong> e das empresas sider\u00fargicas acompanharam a corre\u00e7\u00e3o t\u00e9cnica do min\u00e9rio de ferro na Bolsa de Valores de Cingapura, influenciada pelas expectativas para uma recupera\u00e7\u00e3o da demanda na China e tamb\u00e9m por uma poss\u00edvel tributa\u00e7\u00e3o de exporta\u00e7\u00e3o em rela\u00e7\u00e3o ao <strong>min\u00e9rio de ferro<\/strong> indiano de qualidade mais baixa.<\/p>\n\n\n\n<p>A Vale fechou em alta de 2,63% a R$ 67,48, enquanto a <strong>Petrobras<\/strong> ficou no negativo: Petrobras ON (PETR3) caiu 0,25% a R$ 43,97 e Petrobras PN (PETR4) recuou 0,14% a R$ 42,63.<\/p>\n\n\n\n<h2 class=\"wp-block-heading\"><a><\/a>Maiores altas do Ibovespa<\/h2>\n\n\n\n<ul class=\"wp-block-list\">\n<li>P\u00e3o de A\u00e7\u00facar (PCAR3): +12,57%<\/li>\n\n\n\n<li>BRF (BRFS3): +8,14%<\/li>\n\n\n\n<li>Dexco (DXCO3): +7,65%<\/li>\n\n\n\n<li>Petz (PETZ3): +7,25%<\/li>\n\n\n\n<li>Azul (AZUL4): +7,16%<\/li>\n<\/ul>\n\n\n\n<h2 class=\"wp-block-heading\"><a><\/a>Maiores quedas do Ibovespa<\/h2>\n\n\n\n<ul class=\"wp-block-list\">\n<li>BTG Pactual (BPAC11): -1,06%<\/li>\n\n\n\n<li>Prio (PRIO3): -1,00%<\/li>\n\n\n\n<li>Totvs (TOTS3): -0,83%<\/li>\n\n\n\n<li>Sabesp (SBSP3): -0,77%<\/li>\n\n\n\n<li>Cielo (CIEL3): -0,55%<\/li>\n<\/ul>\n\n\n\n<p>Considerando as a\u00e7\u00f5es que n\u00e3o fazem parte do Ibovespa, os pap\u00e9is da<strong> Light<\/strong> (LIGT3) continuaram em queda frente \u00e0s incertezas sobre o <a class=\"suno-keyword\" data-force=\"no\" data-priority=\"1\" href=\"https:\/\/www.suno.com.br\/artigos\/plano-de-recuperacao\/\" target=\"_blank\" rel=\"noopener\">plano de recupera\u00e7\u00e3o judicial<\/a>, que foi criticado por credores.<\/p>\n\n\n\t<div data-element=\"shortcode-read-more\" class=\"knowMore\">\n\t\t\t\t<span class=\"knowMore__title\">Leia mais<\/span>\n\t\t\t\t<a class=\"knowMore__link\" href=\"https:\/\/www.suno.com.br\/noticias\/light-ligt3-quitar-credores-dividas-cpf\/\">\n\t\t\tLight (LIGT3) quer quitar 60% de seus credores, com valores de at\u00e9 R$ 30 mil\t\t<\/a>\n\t<\/div>\n\n\n\n\n<p>J\u00e1 o <strong>d\u00f3lar<\/strong> \u00e0 vista encerrou a sess\u00e3o em forte queda de 0,98%, a R$ 4,9334.<\/p>\n\n\n\n<p>\u201cNo mercado de c\u00e2mbio, o real se valorizou alinhado aos pares emergentes, enquanto o \u00edndice da moeda (DXY) operou de lado, sustentado pelo movimento de risk on que pode reverter o fluxo anterior de sa\u00edda dos estrangeiros. A continuidade do movimento, por\u00e9m, pode sofrer influ\u00eancia da agenda norte-americana, principalmente com o PCE na quinta-feira, que tem potencial de ajustar as expectativas de in\u00edcio dos cortes dos juros, hoje posicionada para junho\u201d, conclui Nishimura.<\/p>\n\n\n\n<h2 class=\"wp-block-heading\"><a><\/a>\u00daltimo fechamento do Ibovespa<\/h2>\n\n\n\n<p>O <strong>Ibovespa<\/strong> encerrou a sess\u00e3o de ontem (26) em alta de 0,15%, aos 129.609 pontos.<\/p>\n\n\n\t<p>\n\t\t<a href=\"https:\/\/lp2.suno.com.br\/cl\/black-friday-2025\/?utm_campaign=_SNCDF0E4858_\" target=\"_blank\" data-element=\"shortcode-suno-banner\" title=\"Banner SUNO, clique e saiba mais\">\n\t\t\t<picture>\n\t\t\t\t<source media=\"(max-width: 500px)\" srcset=\"https:\/\/files.sunoresearch.com.br\/n\/uploads\/2025\/10\/Artigos-e-Noticias-Banner-Home-artigos-01-Mobile_-400x300-1-png.webp\">\n\t\t\t\t<img class=\"newsContent__article__imgCapa newsContent__article__imgCapa--banner\"\n\t\t\t\t\tsrc=\"https:\/\/files.sunoresearch.com.br\/n\/uploads\/2025\/10\/Artigos-e-Noticias-Banner-Home-artigos-01-Desktop_-1420x240-1-png.webp\"\n\t\t\t\t\tdata-promo-id=\"311259\"\t\t\t\t\t\t\t\t\t\twidth='1420' height='240'\t\t\t\t\talt=\"https:\/\/files.sunoresearch.com.br\/n\/uploads\/2025\/10\/Artigos-e-Noticias-Banner-Home-artigos-01-Desktop_-1420x240-1-png.webp\"\n\t\t\t\t>\n\t\t\t<\/picture>\n\t\t<\/a>\n\t<\/p>\n\n\n","protected":false},"excerpt":{"rendered":"<p>O Ibovespa encerrou a sess\u00e3o desta ter\u00e7a-feira (27) com uma valoriza\u00e7\u00e3o de 1,61%, aos 131.689,37 pontos. A m\u00e1xima do dia foi de 131.696,37 pontos, enquanto a m\u00ednima registrada fora de 129.612,94 pontos. J\u00e1 o volume de negocia\u00e7\u00e3o di\u00e1ria foi de R$ 22,1 bilh\u00f5es. BTHF11 registra lucro menor em julho; veja os dividendos do m\u00eas. Foto: [&hellip;]<\/p>\n","protected":false},"author":173,"featured_media":411084,"comment_status":"closed","ping_status":"closed","sticky":false,"template":"","format":"standard","meta":[],"categories":[64],"tags":[397,1964,721,106949,107114,676],"suno_strategy":[],"class_list":["post-527363","post","type-post","status-publish","format-standard","has-post-thumbnail","hentry","category-negocios","tag-brf-brfs3","tag-grupo-pao-de-acucar-pcar3-pcar4","tag-ibovespa","tag-ibovespa-fechamento","tag-prio-prio3","tag-vale-vale3"],"yoast_head":"<!-- This site is optimized with the Yoast SEO plugin v24.4 - https:\/\/yoast.com\/wordpress\/plugins\/seo\/ -->\n<title>Ibovespa fecha em forte alta com GPA (PCAR3) disparando 12%<\/title>\n<meta name=\"description\" content=\"O Ibovespa avan\u00e7ou 1,61% hoje (27), em dia em que o P\u00e3o de A\u00e7\u00facar (PCAR3) disparou 12,57%, enquanto o Prio (PRIO3) foi destaque de baixa.\" \/>\n<meta name=\"robots\" content=\"index, follow, max-snippet:-1, max-image-preview:large, max-video-preview:-1\" \/>\n<link rel=\"canonical\" href=\"https:\/\/www.suno.com.br\/noticias\/ibovespa-sobe-pao-de-acucar-pcar3-dispara-prio-prio3-queda-jvj\/\" \/>\n<meta property=\"og:locale\" content=\"pt_BR\" \/>\n<meta property=\"og:type\" content=\"article\" \/>\n<meta property=\"og:title\" content=\"Ibovespa fecha em forte alta com GPA (PCAR3) disparando 12%\" \/>\n<meta property=\"og:description\" content=\"O Ibovespa avan\u00e7ou 1,61% hoje (27), em dia em que o P\u00e3o de A\u00e7\u00facar (PCAR3) disparou 12,57%, enquanto o Prio (PRIO3) foi destaque de baixa.\" \/>\n<meta property=\"og:url\" content=\"https:\/\/www.suno.com.br\/noticias\/ibovespa-sobe-pao-de-acucar-pcar3-dispara-prio-prio3-queda-jvj\/\" \/>\n<meta property=\"og:site_name\" content=\"Suno Not\u00edcias\" \/>\n<meta property=\"article:publisher\" content=\"https:\/\/facebook.com\/sunoresearch\" \/>\n<meta property=\"og:image\" content=\"https:\/\/files.sunoresearch.com.br\/n\/uploads\/2023\/05\/acoes-alta-1.jpg\" \/>\n\t<meta property=\"og:image:width\" content=\"1200\" \/>\n\t<meta property=\"og:image:height\" content=\"800\" \/>\n\t<meta property=\"og:image:type\" content=\"image\/jpeg\" \/>\n<meta name=\"author\" content=\"Jo\u00e3o Vitor\" \/>\n<meta name=\"twitter:card\" content=\"summary_large_image\" \/>\n<meta name=\"twitter:creator\" content=\"@sunoresearch\" \/>\n<meta name=\"twitter:site\" content=\"@sunoresearch\" \/>\n<meta name=\"twitter:label1\" content=\"Escrito por\" \/>\n\t<meta name=\"twitter:data1\" content=\"Jo\u00e3o Vitor\" \/>\n\t<meta name=\"twitter:label2\" content=\"Est. tempo de leitura\" \/>\n\t<meta name=\"twitter:data2\" content=\"3 minutos\" \/>\n<script type=\"application\/ld+json\" class=\"yoast-schema-graph\">{\"@context\":\"https:\/\/schema.org\",\"@graph\":[{\"@type\":\"NewsArticle\",\"@id\":\"https:\/\/www.suno.com.br\/noticias\/ibovespa-sobe-pao-de-acucar-pcar3-dispara-prio-prio3-queda-jvj\/#article\",\"isPartOf\":{\"@id\":\"https:\/\/www.suno.com.br\/noticias\/ibovespa-sobe-pao-de-acucar-pcar3-dispara-prio-prio3-queda-jvj\/\"},\"author\":{\"name\":\"Jo\u00e3o Vitor\",\"@id\":\"https:\/\/www.suno.com.br\/noticias\/#\/schema\/person\/87fc6973867c52dd884811905c43afba\"},\"headline\":\"Ibovespa salta 1,61% aos 131 mil pontos; GPA (PCAR3) dispara 12%, Vale (VALE3) sobe e d\u00f3lar tem forte queda\",\"datePublished\":\"2024-02-27T21:47:23+00:00\",\"dateModified\":\"2024-02-27T22:00:41+00:00\",\"mainEntityOfPage\":{\"@id\":\"https:\/\/www.suno.com.br\/noticias\/ibovespa-sobe-pao-de-acucar-pcar3-dispara-prio-prio3-queda-jvj\/\"},\"wordCount\":526,\"publisher\":{\"@id\":\"https:\/\/www.suno.com.br\/noticias\/#organization\"},\"image\":{\"@id\":\"https:\/\/www.suno.com.br\/noticias\/ibovespa-sobe-pao-de-acucar-pcar3-dispara-prio-prio3-queda-jvj\/#primaryimage\"},\"thumbnailUrl\":\"https:\/\/files.sunoresearch.com.br\/n\/uploads\/2023\/05\/acoes-alta-1.jpg\",\"keywords\":[\"BRF (BRFS3)\",\"Grupo P\u00e3o de A\u00e7\u00facar (PCAR3\/PCAR4)\",\"Ibovespa\",\"Ibovespa fechamento\",\"Prio (PRIO3)\",\"Vale (VALE3)\"],\"articleSection\":[\"Neg\u00f3cios\"],\"inLanguage\":\"pt-BR\"},{\"@type\":\"WebPage\",\"@id\":\"https:\/\/www.suno.com.br\/noticias\/ibovespa-sobe-pao-de-acucar-pcar3-dispara-prio-prio3-queda-jvj\/\",\"url\":\"https:\/\/www.suno.com.br\/noticias\/ibovespa-sobe-pao-de-acucar-pcar3-dispara-prio-prio3-queda-jvj\/\",\"name\":\"Ibovespa fecha em forte alta com GPA (PCAR3) disparando 12%\",\"isPartOf\":{\"@id\":\"https:\/\/www.suno.com.br\/noticias\/#website\"},\"primaryImageOfPage\":{\"@id\":\"https:\/\/www.suno.com.br\/noticias\/ibovespa-sobe-pao-de-acucar-pcar3-dispara-prio-prio3-queda-jvj\/#primaryimage\"},\"image\":{\"@id\":\"https:\/\/www.suno.com.br\/noticias\/ibovespa-sobe-pao-de-acucar-pcar3-dispara-prio-prio3-queda-jvj\/#primaryimage\"},\"thumbnailUrl\":\"https:\/\/files.sunoresearch.com.br\/n\/uploads\/2023\/05\/acoes-alta-1.jpg\",\"datePublished\":\"2024-02-27T21:47:23+00:00\",\"dateModified\":\"2024-02-27T22:00:41+00:00\",\"description\":\"O Ibovespa avan\u00e7ou 1,61% hoje (27), em dia em que o P\u00e3o de A\u00e7\u00facar (PCAR3) disparou 12,57%, enquanto o Prio (PRIO3) foi destaque de baixa.\",\"breadcrumb\":{\"@id\":\"https:\/\/www.suno.com.br\/noticias\/ibovespa-sobe-pao-de-acucar-pcar3-dispara-prio-prio3-queda-jvj\/#breadcrumb\"},\"inLanguage\":\"pt-BR\",\"potentialAction\":[{\"@type\":\"ReadAction\",\"target\":[\"https:\/\/www.suno.com.br\/noticias\/ibovespa-sobe-pao-de-acucar-pcar3-dispara-prio-prio3-queda-jvj\/\"]}]},{\"@type\":\"ImageObject\",\"inLanguage\":\"pt-BR\",\"@id\":\"https:\/\/www.suno.com.br\/noticias\/ibovespa-sobe-pao-de-acucar-pcar3-dispara-prio-prio3-queda-jvj\/#primaryimage\",\"url\":\"https:\/\/files.sunoresearch.com.br\/n\/uploads\/2023\/05\/acoes-alta-1.jpg\",\"contentUrl\":\"https:\/\/files.sunoresearch.com.br\/n\/uploads\/2023\/05\/acoes-alta-1.jpg\",\"width\":1200,\"height\":800,\"caption\":\"BTHF11 registra lucro menor em julho; veja os dividendos do m\u00eas. Foto: iStock\"},{\"@type\":\"BreadcrumbList\",\"@id\":\"https:\/\/www.suno.com.br\/noticias\/ibovespa-sobe-pao-de-acucar-pcar3-dispara-prio-prio3-queda-jvj\/#breadcrumb\",\"itemListElement\":[{\"@type\":\"ListItem\",\"position\":1,\"name\":\"Not\u00edcias\",\"item\":\"https:\/\/www.suno.com.br\/noticias\/\"},{\"@type\":\"ListItem\",\"position\":2,\"name\":\"Neg\u00f3cios\",\"item\":\"https:\/\/www.suno.com.br\/noticias\/negocios\/\"},{\"@type\":\"ListItem\",\"position\":3,\"name\":\"Ibovespa salta 1,61% aos 131 mil pontos; GPA (PCAR3) dispara 12%, Vale (VALE3) sobe e d\u00f3lar tem forte queda\"}]},{\"@type\":\"WebSite\",\"@id\":\"https:\/\/www.suno.com.br\/noticias\/#website\",\"url\":\"https:\/\/www.suno.com.br\/noticias\/\",\"name\":\"Suno Not\u00edcias\",\"description\":\"Seu portal de informa\u00e7\u00e3o sobre o mundo dos investimentos\",\"publisher\":{\"@id\":\"https:\/\/www.suno.com.br\/noticias\/#organization\"},\"potentialAction\":[{\"@type\":\"SearchAction\",\"target\":{\"@type\":\"EntryPoint\",\"urlTemplate\":\"https:\/\/www.suno.com.br\/noticias\/?s={search_term_string}\"},\"query-input\":{\"@type\":\"PropertyValueSpecification\",\"valueRequired\":true,\"valueName\":\"search_term_string\"}}],\"inLanguage\":\"pt-BR\"},{\"@type\":\"Organization\",\"@id\":\"https:\/\/www.suno.com.br\/noticias\/#organization\",\"name\":\"Suno Not\u00edcias\",\"url\":\"https:\/\/www.suno.com.br\/noticias\/\",\"logo\":{\"@type\":\"ImageObject\",\"inLanguage\":\"pt-BR\",\"@id\":\"https:\/\/www.suno.com.br\/noticias\/#\/schema\/logo\/image\/\",\"url\":\"https:\/\/files.sunoresearch.com.br\/n\/uploads\/2021\/09\/suno-logo.png\",\"contentUrl\":\"https:\/\/files.sunoresearch.com.br\/n\/uploads\/2021\/09\/suno-logo.png\",\"width\":180,\"height\":180,\"caption\":\"Suno Not\u00edcias\"},\"image\":{\"@id\":\"https:\/\/www.suno.com.br\/noticias\/#\/schema\/logo\/image\/\"},\"sameAs\":[\"https:\/\/facebook.com\/sunoresearch\",\"https:\/\/x.com\/sunoresearch\",\"https:\/\/www.instagram.com\/suno\",\"https:\/\/www.linkedin.com\/company\/suno-research\/\",\"https:\/\/www.youtube.com\/c\/sunoresearch\"]},{\"@type\":\"Person\",\"@id\":\"https:\/\/www.suno.com.br\/noticias\/#\/schema\/person\/87fc6973867c52dd884811905c43afba\",\"name\":\"Jo\u00e3o Vitor\",\"image\":{\"@type\":\"ImageObject\",\"inLanguage\":\"pt-BR\",\"@id\":\"https:\/\/www.suno.com.br\/noticias\/#\/schema\/person\/image\/\",\"url\":\"https:\/\/secure.gravatar.com\/avatar\/2843227ca03ccf8cc7ccca45204c127e?s=96&r=g\",\"contentUrl\":\"https:\/\/secure.gravatar.com\/avatar\/2843227ca03ccf8cc7ccca45204c127e?s=96&r=g\",\"caption\":\"Jo\u00e3o Vitor\"},\"description\":\"Redator profissional, com atua\u00e7\u00e3o no mercado editorial na produ\u00e7\u00e3o de not\u00edcias e conte\u00fados sobre o mercado de a\u00e7\u00f5es, fundos imobili\u00e1rios e economia popular. Graduando em Engenharia Qu\u00edmica pela Unesp, tamb\u00e9m j\u00e1 atuou como consultor financeiro.\",\"url\":\"https:\/\/www.suno.com.br\/noticias\/author\/joao-vitor-jacintho\/\"}]}<\/script>\n<!-- \/ Yoast SEO plugin. -->","yoast_head_json":{"title":"Ibovespa fecha em forte alta com GPA (PCAR3) disparando 12%","description":"O Ibovespa avan\u00e7ou 1,61% hoje (27), em dia em que o P\u00e3o de A\u00e7\u00facar (PCAR3) disparou 12,57%, enquanto o Prio (PRIO3) foi destaque de baixa.","robots":{"index":"index","follow":"follow","max-snippet":"max-snippet:-1","max-image-preview":"max-image-preview:large","max-video-preview":"max-video-preview:-1"},"canonical":"https:\/\/www.suno.com.br\/noticias\/ibovespa-sobe-pao-de-acucar-pcar3-dispara-prio-prio3-queda-jvj\/","og_locale":"pt_BR","og_type":"article","og_title":"Ibovespa fecha em forte alta com GPA (PCAR3) disparando 12%","og_description":"O Ibovespa avan\u00e7ou 1,61% hoje (27), em dia em que o P\u00e3o de A\u00e7\u00facar (PCAR3) disparou 12,57%, enquanto o Prio (PRIO3) foi destaque de baixa.","og_url":"https:\/\/www.suno.com.br\/noticias\/ibovespa-sobe-pao-de-acucar-pcar3-dispara-prio-prio3-queda-jvj\/","og_site_name":"Suno Not\u00edcias","article_publisher":"https:\/\/facebook.com\/sunoresearch","og_image":[{"width":1200,"height":800,"url":"https:\/\/files.sunoresearch.com.br\/n\/uploads\/2023\/05\/acoes-alta-1.jpg","type":"image\/jpeg"}],"author":"Jo\u00e3o Vitor","twitter_card":"summary_large_image","twitter_creator":"@sunoresearch","twitter_site":"@sunoresearch","twitter_misc":{"Escrito por":"Jo\u00e3o Vitor","Est. tempo de leitura":"3 minutos"},"schema":{"@context":"https:\/\/schema.org","@graph":[{"@type":"NewsArticle","@id":"https:\/\/www.suno.com.br\/noticias\/ibovespa-sobe-pao-de-acucar-pcar3-dispara-prio-prio3-queda-jvj\/#article","isPartOf":{"@id":"https:\/\/www.suno.com.br\/noticias\/ibovespa-sobe-pao-de-acucar-pcar3-dispara-prio-prio3-queda-jvj\/"},"author":{"name":"Jo\u00e3o Vitor","@id":"https:\/\/www.suno.com.br\/noticias\/#\/schema\/person\/87fc6973867c52dd884811905c43afba"},"headline":"Ibovespa salta 1,61% aos 131 mil pontos; GPA (PCAR3) dispara 12%, Vale (VALE3) sobe e d\u00f3lar tem forte queda","datePublished":"2024-02-27T21:47:23+00:00","dateModified":"2024-02-27T22:00:41+00:00","mainEntityOfPage":{"@id":"https:\/\/www.suno.com.br\/noticias\/ibovespa-sobe-pao-de-acucar-pcar3-dispara-prio-prio3-queda-jvj\/"},"wordCount":526,"publisher":{"@id":"https:\/\/www.suno.com.br\/noticias\/#organization"},"image":{"@id":"https:\/\/www.suno.com.br\/noticias\/ibovespa-sobe-pao-de-acucar-pcar3-dispara-prio-prio3-queda-jvj\/#primaryimage"},"thumbnailUrl":"https:\/\/files.sunoresearch.com.br\/n\/uploads\/2023\/05\/acoes-alta-1.jpg","keywords":["BRF (BRFS3)","Grupo P\u00e3o de A\u00e7\u00facar (PCAR3\/PCAR4)","Ibovespa","Ibovespa fechamento","Prio (PRIO3)","Vale (VALE3)"],"articleSection":["Neg\u00f3cios"],"inLanguage":"pt-BR"},{"@type":"WebPage","@id":"https:\/\/www.suno.com.br\/noticias\/ibovespa-sobe-pao-de-acucar-pcar3-dispara-prio-prio3-queda-jvj\/","url":"https:\/\/www.suno.com.br\/noticias\/ibovespa-sobe-pao-de-acucar-pcar3-dispara-prio-prio3-queda-jvj\/","name":"Ibovespa fecha em forte alta com GPA (PCAR3) disparando 12%","isPartOf":{"@id":"https:\/\/www.suno.com.br\/noticias\/#website"},"primaryImageOfPage":{"@id":"https:\/\/www.suno.com.br\/noticias\/ibovespa-sobe-pao-de-acucar-pcar3-dispara-prio-prio3-queda-jvj\/#primaryimage"},"image":{"@id":"https:\/\/www.suno.com.br\/noticias\/ibovespa-sobe-pao-de-acucar-pcar3-dispara-prio-prio3-queda-jvj\/#primaryimage"},"thumbnailUrl":"https:\/\/files.sunoresearch.com.br\/n\/uploads\/2023\/05\/acoes-alta-1.jpg","datePublished":"2024-02-27T21:47:23+00:00","dateModified":"2024-02-27T22:00:41+00:00","description":"O Ibovespa avan\u00e7ou 1,61% hoje (27), em dia em que o P\u00e3o de A\u00e7\u00facar (PCAR3) disparou 12,57%, enquanto o Prio (PRIO3) foi destaque de baixa.","breadcrumb":{"@id":"https:\/\/www.suno.com.br\/noticias\/ibovespa-sobe-pao-de-acucar-pcar3-dispara-prio-prio3-queda-jvj\/#breadcrumb"},"inLanguage":"pt-BR","potentialAction":[{"@type":"ReadAction","target":["https:\/\/www.suno.com.br\/noticias\/ibovespa-sobe-pao-de-acucar-pcar3-dispara-prio-prio3-queda-jvj\/"]}]},{"@type":"ImageObject","inLanguage":"pt-BR","@id":"https:\/\/www.suno.com.br\/noticias\/ibovespa-sobe-pao-de-acucar-pcar3-dispara-prio-prio3-queda-jvj\/#primaryimage","url":"https:\/\/files.sunoresearch.com.br\/n\/uploads\/2023\/05\/acoes-alta-1.jpg","contentUrl":"https:\/\/files.sunoresearch.com.br\/n\/uploads\/2023\/05\/acoes-alta-1.jpg","width":1200,"height":800,"caption":"BTHF11 registra lucro menor em julho; veja os dividendos do m\u00eas. Foto: iStock"},{"@type":"BreadcrumbList","@id":"https:\/\/www.suno.com.br\/noticias\/ibovespa-sobe-pao-de-acucar-pcar3-dispara-prio-prio3-queda-jvj\/#breadcrumb","itemListElement":[{"@type":"ListItem","position":1,"name":"Not\u00edcias","item":"https:\/\/www.suno.com.br\/noticias\/"},{"@type":"ListItem","position":2,"name":"Neg\u00f3cios","item":"https:\/\/www.suno.com.br\/noticias\/negocios\/"},{"@type":"ListItem","position":3,"name":"Ibovespa salta 1,61% aos 131 mil pontos; GPA (PCAR3) dispara 12%, Vale (VALE3) sobe e d\u00f3lar tem forte queda"}]},{"@type":"WebSite","@id":"https:\/\/www.suno.com.br\/noticias\/#website","url":"https:\/\/www.suno.com.br\/noticias\/","name":"Suno Not\u00edcias","description":"Seu portal de informa\u00e7\u00e3o sobre o mundo dos investimentos","publisher":{"@id":"https:\/\/www.suno.com.br\/noticias\/#organization"},"potentialAction":[{"@type":"SearchAction","target":{"@type":"EntryPoint","urlTemplate":"https:\/\/www.suno.com.br\/noticias\/?s={search_term_string}"},"query-input":{"@type":"PropertyValueSpecification","valueRequired":true,"valueName":"search_term_string"}}],"inLanguage":"pt-BR"},{"@type":"Organization","@id":"https:\/\/www.suno.com.br\/noticias\/#organization","name":"Suno Not\u00edcias","url":"https:\/\/www.suno.com.br\/noticias\/","logo":{"@type":"ImageObject","inLanguage":"pt-BR","@id":"https:\/\/www.suno.com.br\/noticias\/#\/schema\/logo\/image\/","url":"https:\/\/files.sunoresearch.com.br\/n\/uploads\/2021\/09\/suno-logo.png","contentUrl":"https:\/\/files.sunoresearch.com.br\/n\/uploads\/2021\/09\/suno-logo.png","width":180,"height":180,"caption":"Suno Not\u00edcias"},"image":{"@id":"https:\/\/www.suno.com.br\/noticias\/#\/schema\/logo\/image\/"},"sameAs":["https:\/\/facebook.com\/sunoresearch","https:\/\/x.com\/sunoresearch","https:\/\/www.instagram.com\/suno","https:\/\/www.linkedin.com\/company\/suno-research\/","https:\/\/www.youtube.com\/c\/sunoresearch"]},{"@type":"Person","@id":"https:\/\/www.suno.com.br\/noticias\/#\/schema\/person\/87fc6973867c52dd884811905c43afba","name":"Jo\u00e3o Vitor","image":{"@type":"ImageObject","inLanguage":"pt-BR","@id":"https:\/\/www.suno.com.br\/noticias\/#\/schema\/person\/image\/","url":"https:\/\/secure.gravatar.com\/avatar\/2843227ca03ccf8cc7ccca45204c127e?s=96&r=g","contentUrl":"https:\/\/secure.gravatar.com\/avatar\/2843227ca03ccf8cc7ccca45204c127e?s=96&r=g","caption":"Jo\u00e3o Vitor"},"description":"Redator profissional, com atua\u00e7\u00e3o no mercado editorial na produ\u00e7\u00e3o de not\u00edcias e conte\u00fados sobre o mercado de a\u00e7\u00f5es, fundos imobili\u00e1rios e economia popular. Graduando em Engenharia Qu\u00edmica pela Unesp, tamb\u00e9m j\u00e1 atuou como consultor financeiro.","url":"https:\/\/www.suno.com.br\/noticias\/author\/joao-vitor-jacintho\/"}]}},"default_loop_html":"<div class=\"cardsPage__listCard__boxs\"><div class=\"cardsPage__listCard__boxs__img\"><a href=\"https:\/\/www.suno.com.br\/noticias\/ibovespa-sobe-pao-de-acucar-pcar3-dispara-prio-prio3-queda-jvj\/\"><img class=\"mask\" src=\"https:\/\/www.suno.com.br\/noticias\/wp-content\/themes\/suno\/resources\/images\/spotlight\/spotlight1img\/bg-mask.png\" alt=\"Image Mask\"\/><img src=\"https:\/\/files.sunoresearch.com.br\/n\/uploads\/2023\/05\/acoes-alta-1-400x200.jpg\" alt=\"Ibovespa salta 1,61% aos 131 mil pontos; GPA (PCAR3) dispara 12%, Vale (VALE3) sobe e d\u00f3lar tem forte queda\"\/><\/a><span class=\"spotlightCategory\"><a href=\"https:\/\/www.suno.com.br\/noticias\/negocios\/\">Neg\u00f3cios<\/a><\/span><\/div><div class=\"cardsPage__listCard__boxs__content\"><a href=\"https:\/\/www.suno.com.br\/noticias\/ibovespa-sobe-pao-de-acucar-pcar3-dispara-prio-prio3-queda-jvj\/\"><h2 class=\"content__title\">Ibovespa salta 1,61% aos 131 mil pontos; GPA (PCAR3) dispara 12%, Vale (VALE3) sobe e d\u00f3lar tem forte queda<\/h2><\/a><div class=\"newsContent__article__meta\"><div class=\"newsContent__article__meta__authorBox\"><a href=\"https:\/\/www.suno.com.br\/noticias\/author\/giovanni-porfiriosuno-com-br\/\" class=\"authorBox__avatar noMobi\"><img src=\"https:\/\/files.sunoresearch.com.br\/n\/uploads\/2024\/05\/DSCF4115-1-1-150x150.webp\" alt=\"Giovanni Porf\u00edrio Jacomino\"><\/a><div class=\"authorBox__name\"><span>por\n\t\t\t<a href=\"https:\/\/www.suno.com.br\/noticias\/author\/giovanni-porfiriosuno-com-br\/\"><span itemprop=\"author\">Giovanni Porf\u00edrio Jacomino<\/span><\/a><\/span><time datetime=\"2024-02-27T18:47:23-03:00\" itemprop=\"datePublished\">27\/02\/2024 18:47<\/time><\/div><\/div><\/div><\/div><\/div>","single_layout":"posts","amp_enabled":true,"_links":{"self":[{"href":"https:\/\/www.suno.com.br\/noticias\/wp-json\/wp\/v2\/posts\/527363"}],"collection":[{"href":"https:\/\/www.suno.com.br\/noticias\/wp-json\/wp\/v2\/posts"}],"about":[{"href":"https:\/\/www.suno.com.br\/noticias\/wp-json\/wp\/v2\/types\/post"}],"author":[{"embeddable":true,"href":"https:\/\/www.suno.com.br\/noticias\/wp-json\/wp\/v2\/users\/173"}],"replies":[{"embeddable":true,"href":"https:\/\/www.suno.com.br\/noticias\/wp-json\/wp\/v2\/comments?post=527363"}],"version-history":[{"count":2,"href":"https:\/\/www.suno.com.br\/noticias\/wp-json\/wp\/v2\/posts\/527363\/revisions"}],"predecessor-version":[{"id":527381,"href":"https:\/\/www.suno.com.br\/noticias\/wp-json\/wp\/v2\/posts\/527363\/revisions\/527381"}],"wp:featuredmedia":[{"embeddable":true,"href":"https:\/\/www.suno.com.br\/noticias\/wp-json\/wp\/v2\/media\/411084"}],"wp:attachment":[{"href":"https:\/\/www.suno.com.br\/noticias\/wp-json\/wp\/v2\/media?parent=527363"}],"wp:term":[{"taxonomy":"category","embeddable":true,"href":"https:\/\/www.suno.com.br\/noticias\/wp-json\/wp\/v2\/categories?post=527363"},{"taxonomy":"post_tag","embeddable":true,"href":"https:\/\/www.suno.com.br\/noticias\/wp-json\/wp\/v2\/tags?post=527363"},{"taxonomy":"suno_strategy","embeddable":true,"href":"https:\/\/www.suno.com.br\/noticias\/wp-json\/wp\/v2\/suno_strategy?post=527363"}],"curies":[{"name":"wp","href":"https:\/\/api.w.org\/{rel}","templated":true}]}}