{"id":527200,"date":"2024-02-27T14:48:29","date_gmt":"2024-02-27T17:48:29","guid":{"rendered":"https:\/\/www.suno.com.br\/noticias\/?p=527200"},"modified":"2024-02-27T14:49:48","modified_gmt":"2024-02-27T17:49:48","slug":"jhsf-jhsf3-novo-presidente-assume-terca-gss","status":"publish","type":"post","link":"https:\/\/www.suno.com.br\/noticias\/jhsf-jhsf3-novo-presidente-assume-terca-gss\/","title":{"rendered":"Novo presidente da JHSF (JHSF3) assume cargo nesta ter\u00e7a-feira"},"content":{"rendered":"<p>A <strong>JHSF <\/strong>(JHSF3) informou, na noite de segunda-feira (26), que seu <a class=\"suno-keyword\" data-force=\"no\" data-priority=\"1\" href=\"https:\/\/www.suno.com.br\/artigos\/conselho-administracao\/\" target=\"_blank\" rel=\"noopener\">conselho de administra\u00e7\u00e3o<\/a> aprovou o nome de Augusto Martins para assumir o cargo de diretor-presidente (CEO) e diretor-financeiro (CFO), substituindo Thiago Alonso de Oliveira.<\/p>\t<div class=\"wrapper-featured-image\">\n\t\t<figure class=\"spotlightImg\">\n\n\t\t\t<picture>\n\t\t\t\t<source media=\"(max-width: 768px)\" srcset=\"https:\/\/files.sunoresearch.com.br\/n\/uploads\/2024\/02\/3242343223222-400x200.jpg\">\n\t\t\t\t<img loading=\"lazy\" decoding=\"async\" class=\"newsContent__article__imgCapa lazyloadDisabled \" src=\"https:\/\/files.sunoresearch.com.br\/n\/uploads\/2024\/02\/3242343223222-800x450.jpg\" width=\"800\" height=\"450\" alt=\"Novo presidente da JHSF (JHSF3) assume cargo nesta ter\u00e7a-feira\" fetchpriority=high \/>\n\t\t\t<\/picture>\n\n\t\t\t<figcaption class=\"wp-caption-text wp-caption-text--show\">Augusto Martins, novo presidente da JHSF. Foto: reprodu\u00e7\u00e3o<\/figcaption>\n\t\t<\/figure>\n\t<\/div>\n\n\n\n\n\n\n\n\t<p>\n\t\t<a href=\"https:\/\/lp.suno.com.br\/planilha-da-vida-financeira\/\" target=\"_blank\" data-element=\"shortcode-suno-banner\" title=\"Banner SUNO, clique e saiba mais\">\n\t\t\t<picture>\n\t\t\t\t<source media=\"(max-width: 500px)\" srcset=\"https:\/\/files.sunoresearch.com.br\/n\/uploads\/2023\/04\/400x300-Planilha-vida-financeira-true.png\">\n\t\t\t\t<img class=\"newsContent__article__imgCapa newsContent__article__imgCapa--banner\"\n\t\t\t\t\tsrc=\"https:\/\/files.sunoresearch.com.br\/n\/uploads\/2023\/04\/1420x240-Planilha-vida-financeira-true.png\"\n\t\t\t\t\tdata-promo-id=\"106682\"\t\t\t\t\t\t\t\t\t\twidth='1420' height='240'\t\t\t\t\talt=\"https:\/\/files.sunoresearch.com.br\/n\/uploads\/2023\/04\/1420x240-Planilha-vida-financeira-true.png\"\n\t\t\t\t>\n\t\t\t<\/picture>\n\t\t<\/a>\n\t<\/p>\n\n\n\n\n\n<p>Augusto Martins assume o cargo de <strong>presidente da JHSF<\/strong> j\u00e1 a partir desta ter\u00e7a-feira (27). A mudan\u00e7a na <strong>diretoria da JHSF<\/strong> j\u00e1 havia sido informada ao mercado em dezembro. <\/p>\n\n\n\n<p><strong>Thiago Alonso de Oliveira<\/strong> deixa a <strong>presid\u00eancia da JHSF<\/strong> para assumir o cargo de presidente da JHSF UK, divis\u00e3o que controla os neg\u00f3cios na empresa no Reino Unido, Estados Unidos e Uruguai. A ideia \u00e9 que ele concentre sua atua\u00e7\u00e3o na expans\u00e3o da companhia em mercados internacionais. Al\u00e9m disso, Oliveira permanece como membro do <strong>conselho de administra\u00e7\u00e3o da JHSF<\/strong>.<\/p>\n\n\n\n<h2 class=\"wp-block-heading\">JHSF (JHSF3): taxas de juros impactam vendas no 4T23, diz BTG<\/h2>\n\n\n\n<p>Em relat\u00f3rio sobre as pr\u00e9vias de&nbsp;<strong>JHSF&nbsp;<\/strong>(<a href=\"https:\/\/statusinvest.com.br\/acoes\/jhsf3?__hstc=189907700.010cd5d8e10cc562c886cc25670b1656.1702664041987.1709048908152.1709051716272.285&amp;__hssc=189907700.6.1709051716272&amp;__hsfp=1205640933\">JHSF3<\/a>) no quarto trimestre de 2023, o&nbsp;<a href=\"https:\/\/www.suno.com.br\/acoes\/BPAC11\/\">BTG Pactual (BPAC11)<\/a>&nbsp;afirmou que a companhia reportou n\u00fameros s\u00f3lidos nos setores de shopping e hotelaria. J\u00e1 o resultado da unidade de neg\u00f3cios de habita\u00e7\u00e3o foi fraco, em linha com as expectativas da casa.<\/p>\n\n\n\n<p>\u201cA JHSF est\u00e1 enfrentando um momento dif\u00edcil, principalmente devido \u00e0 lentid\u00e3o nas vendas de im\u00f3veis devido \u00e0s altas taxas de juros. Planejamos atualizar nosso modelo em breve, incluindo um cen\u00e1rio mais desafiador para o neg\u00f3cio imobili\u00e1rio\u201d, pontuaram os analistas Gustavo Camba\u00fava e Elvis Cred\u00eandio.<\/p>\n\n\n\n<p>O BTG tem recomenda\u00e7\u00e3o de \u2018compra\u2019 para as&nbsp;<strong>a\u00e7\u00f5es de JHSF<\/strong>, com pre\u00e7o-alvo a R$ 9,00.<\/p>\n\n\n\t<p>\n\t\t<a href=\"https:\/\/lp.suno.com.br\/ebook-como-analisar-uma-acao\/\" target=\"_blank\" data-element=\"shortcode-suno-banner\" title=\"Banner SUNO, clique e saiba mais\">\n\t\t\t<picture>\n\t\t\t\t<source media=\"(max-width: 500px)\" srcset=\"https:\/\/files.sunoresearch.com.br\/n\/uploads\/2023\/03\/Ebook-Acoes-Mobile.jpg\">\n\t\t\t\t<img class=\"newsContent__article__imgCapa newsContent__article__imgCapa--banner\"\n\t\t\t\t\tsrc=\"https:\/\/files.sunoresearch.com.br\/n\/uploads\/2023\/03\/Ebook-Acoes-Desktop.jpg\"\n\t\t\t\t\tdata-promo-id=\"378302\"\t\t\t\t\t\t\t\t\t\twidth='1420' height='286'\t\t\t\t\talt=\"https:\/\/files.sunoresearch.com.br\/n\/uploads\/2023\/03\/Ebook-Acoes-Desktop.jpg\"\n\t\t\t\t>\n\t\t\t<\/picture>\n\t\t<\/a>\n\t<\/p>\n\n\n\n\n\n<p>Segundo o relat\u00f3rio de pr\u00e9vias de resultados do 4T23 divulgado na \u00faltima sexta-feira (26), a<strong>\u00a0JHSF3<\/strong>\u00a0registrou queda anual de 43,6% nas vendas contratadas de incorpora\u00e7\u00e3o no per\u00edodo, para R$ 236,6 milh\u00f5es.<\/p>\n\n\n\n<p>Em 2023, a receita com vendas da companhia, voltada para alta renda, retraiu 30,7%, para R$ 1,06 bilh\u00e3o.<\/p>\n\n\n\n<p>O&nbsp;<strong>resultado do quarto trimestre da JHSF&nbsp;<\/strong>foi impactado pela queda nas vendas no&nbsp;<strong>Reserva Cidade Jardim<\/strong>&nbsp;e Outros, al\u00e9m do&nbsp;<strong>Boa Vista Estates<\/strong>. Em valores, o Reserva Cidade Jardim e Outros somou R$ 121,8 milh\u00f5es em receita no per\u00edodo, uma baixa de 57,5% na base anual. J\u00e1 o Boa Vista Estates viu as vendas ca\u00edrem 70% na mesma base de compara\u00e7\u00e3o, a R$ 32 milh\u00f5es.<\/p>\n\n\n\n<p>Por outro lado,<strong>&nbsp;<\/strong>houve<strong>&nbsp;<\/strong>alta nas<strong>&nbsp;vendas da JHSF&nbsp;<\/strong>tanto no Boa Vista Village quanto no Fasano Cidade Jardim no quarto trimestre. O primeiro teve uma alta de 199,3% ante o mesmo intervalo de 2022, a R$ 52 milh\u00f5es, enquanto o segundo alcan\u00e7ou vendas de R$ 30,9 milh\u00f5es, alta de 246,1% na base anual.<\/p>\n\n\n\n<p>Entre os projetos, a&nbsp;<strong>JHSF<\/strong>&nbsp;afirmou que o&nbsp;<strong>S\u00e3o Paulo Surf Club<\/strong>&nbsp;continua em desenvolvimento e a previs\u00e3o \u00e9 de abertura ainda em 2024.<\/p>\n\n\n\t<p>\n\t\t<a href=\"https:\/\/lp.suno.com.br\/planilha-da-vida-financeira\/\" target=\"_blank\" data-element=\"shortcode-suno-banner\" title=\"Banner SUNO, clique e saiba mais\">\n\t\t\t<picture>\n\t\t\t\t<source media=\"(max-width: 500px)\" srcset=\"https:\/\/files.sunoresearch.com.br\/n\/uploads\/2023\/04\/400x300-Planilha-vida-financeira-true.png\">\n\t\t\t\t<img class=\"newsContent__article__imgCapa newsContent__article__imgCapa--banner\"\n\t\t\t\t\tsrc=\"https:\/\/files.sunoresearch.com.br\/n\/uploads\/2023\/04\/1420x240-Planilha-vida-financeira-true.png\"\n\t\t\t\t\tdata-promo-id=\"383123\"\t\t\t\t\t\t\t\t\t\twidth='1420' height='240'\t\t\t\t\talt=\"https:\/\/files.sunoresearch.com.br\/n\/uploads\/2023\/04\/1420x240-Planilha-vida-financeira-true.png\"\n\t\t\t\t>\n\t\t\t<\/picture>\n\t\t<\/a>\n\t<\/p>\n\n\n","protected":false},"excerpt":{"rendered":"<p>A JHSF (JHSF3) informou, na noite de segunda-feira (26), que seu conselho de administra\u00e7\u00e3o aprovou o nome de Augusto Martins para assumir o cargo de diretor-presidente (CEO) e diretor-financeiro (CFO), substituindo Thiago Alonso de Oliveira. Augusto Martins, novo presidente da JHSF. Foto: reprodu\u00e7\u00e3o Augusto Martins assume o cargo de presidente da JHSF j\u00e1 a partir [&hellip;]<\/p>\n","protected":false},"author":322,"featured_media":527219,"comment_status":"closed","ping_status":"closed","sticky":false,"template":"","format":"standard","meta":[],"categories":[64],"tags":[523],"suno_strategy":[],"class_list":["post-527200","post","type-post","status-publish","format-standard","has-post-thumbnail","hentry","category-negocios","tag-jhsf-jhsf3"],"yoast_head":"<!-- This site is optimized with the Yoast SEO plugin v24.4 - https:\/\/yoast.com\/wordpress\/plugins\/seo\/ -->\n<title>JHSF (JHSF3): novo presidente assume nesta ter\u00e7a-feira (26)<\/title>\n<meta name=\"description\" content=\"Augusto Martins assume o cargo de diretor-presidente (CEO) e diretor-financeiro (CFO) da JHSF, substituindo Thiago Alonso de Oliveira.\" \/>\n<meta name=\"robots\" content=\"index, follow, max-snippet:-1, max-image-preview:large, max-video-preview:-1\" \/>\n<link rel=\"canonical\" href=\"https:\/\/www.suno.com.br\/noticias\/jhsf-jhsf3-novo-presidente-assume-terca-gss\/\" \/>\n<meta property=\"og:locale\" content=\"pt_BR\" \/>\n<meta property=\"og:type\" content=\"article\" \/>\n<meta property=\"og:title\" content=\"JHSF (JHSF3): novo presidente assume nesta ter\u00e7a-feira (26)\" \/>\n<meta property=\"og:description\" content=\"Augusto Martins assume o cargo de diretor-presidente (CEO) e diretor-financeiro (CFO) da JHSF, substituindo Thiago Alonso de Oliveira.\" \/>\n<meta property=\"og:url\" content=\"https:\/\/www.suno.com.br\/noticias\/jhsf-jhsf3-novo-presidente-assume-terca-gss\/\" \/>\n<meta property=\"og:site_name\" content=\"Suno Not\u00edcias\" \/>\n<meta property=\"article:publisher\" content=\"https:\/\/facebook.com\/sunoresearch\" \/>\n<meta property=\"og:image\" content=\"https:\/\/files.sunoresearch.com.br\/n\/uploads\/2024\/02\/3242343223222.jpg\" \/>\n\t<meta property=\"og:image:width\" content=\"1920\" \/>\n\t<meta property=\"og:image:height\" content=\"1080\" \/>\n\t<meta property=\"og:image:type\" content=\"image\/jpeg\" \/>\n<meta name=\"author\" content=\"Guilherme Serrano Silva\" \/>\n<meta name=\"twitter:card\" content=\"summary_large_image\" \/>\n<meta name=\"twitter:creator\" content=\"@sunoresearch\" \/>\n<meta name=\"twitter:site\" content=\"@sunoresearch\" \/>\n<meta name=\"twitter:label1\" content=\"Escrito por\" \/>\n\t<meta name=\"twitter:data1\" content=\"Guilherme Serrano Silva\" \/>\n\t<meta name=\"twitter:label2\" content=\"Est. tempo de leitura\" \/>\n\t<meta name=\"twitter:data2\" content=\"3 minutos\" \/>\n<script type=\"application\/ld+json\" class=\"yoast-schema-graph\">{\"@context\":\"https:\/\/schema.org\",\"@graph\":[{\"@type\":\"NewsArticle\",\"@id\":\"https:\/\/www.suno.com.br\/noticias\/jhsf-jhsf3-novo-presidente-assume-terca-gss\/#article\",\"isPartOf\":{\"@id\":\"https:\/\/www.suno.com.br\/noticias\/jhsf-jhsf3-novo-presidente-assume-terca-gss\/\"},\"author\":{\"name\":\"Guilherme Serrano Silva\",\"@id\":\"https:\/\/www.suno.com.br\/noticias\/#\/schema\/person\/4a72de8e10febe6d8a50711404b010b3\"},\"headline\":\"Novo presidente da JHSF (JHSF3) assume cargo nesta ter\u00e7a-feira\",\"datePublished\":\"2024-02-27T17:48:29+00:00\",\"dateModified\":\"2024-02-27T17:49:48+00:00\",\"mainEntityOfPage\":{\"@id\":\"https:\/\/www.suno.com.br\/noticias\/jhsf-jhsf3-novo-presidente-assume-terca-gss\/\"},\"wordCount\":494,\"publisher\":{\"@id\":\"https:\/\/www.suno.com.br\/noticias\/#organization\"},\"image\":{\"@id\":\"https:\/\/www.suno.com.br\/noticias\/jhsf-jhsf3-novo-presidente-assume-terca-gss\/#primaryimage\"},\"thumbnailUrl\":\"https:\/\/files.sunoresearch.com.br\/n\/uploads\/2024\/02\/3242343223222.jpg\",\"keywords\":[\"JHSF (JHSF3)\"],\"articleSection\":[\"Neg\u00f3cios\"],\"inLanguage\":\"pt-BR\"},{\"@type\":\"WebPage\",\"@id\":\"https:\/\/www.suno.com.br\/noticias\/jhsf-jhsf3-novo-presidente-assume-terca-gss\/\",\"url\":\"https:\/\/www.suno.com.br\/noticias\/jhsf-jhsf3-novo-presidente-assume-terca-gss\/\",\"name\":\"JHSF (JHSF3): novo presidente assume nesta ter\u00e7a-feira (26)\",\"isPartOf\":{\"@id\":\"https:\/\/www.suno.com.br\/noticias\/#website\"},\"primaryImageOfPage\":{\"@id\":\"https:\/\/www.suno.com.br\/noticias\/jhsf-jhsf3-novo-presidente-assume-terca-gss\/#primaryimage\"},\"image\":{\"@id\":\"https:\/\/www.suno.com.br\/noticias\/jhsf-jhsf3-novo-presidente-assume-terca-gss\/#primaryimage\"},\"thumbnailUrl\":\"https:\/\/files.sunoresearch.com.br\/n\/uploads\/2024\/02\/3242343223222.jpg\",\"datePublished\":\"2024-02-27T17:48:29+00:00\",\"dateModified\":\"2024-02-27T17:49:48+00:00\",\"description\":\"Augusto Martins assume o cargo de diretor-presidente (CEO) e diretor-financeiro (CFO) da JHSF, substituindo Thiago Alonso de Oliveira.\",\"breadcrumb\":{\"@id\":\"https:\/\/www.suno.com.br\/noticias\/jhsf-jhsf3-novo-presidente-assume-terca-gss\/#breadcrumb\"},\"inLanguage\":\"pt-BR\",\"potentialAction\":[{\"@type\":\"ReadAction\",\"target\":[\"https:\/\/www.suno.com.br\/noticias\/jhsf-jhsf3-novo-presidente-assume-terca-gss\/\"]}]},{\"@type\":\"ImageObject\",\"inLanguage\":\"pt-BR\",\"@id\":\"https:\/\/www.suno.com.br\/noticias\/jhsf-jhsf3-novo-presidente-assume-terca-gss\/#primaryimage\",\"url\":\"https:\/\/files.sunoresearch.com.br\/n\/uploads\/2024\/02\/3242343223222.jpg\",\"contentUrl\":\"https:\/\/files.sunoresearch.com.br\/n\/uploads\/2024\/02\/3242343223222.jpg\",\"width\":1920,\"height\":1080,\"caption\":\"Augusto Martins, novo presidente da JHSF. Foto: reprodu\u00e7\u00e3o\"},{\"@type\":\"BreadcrumbList\",\"@id\":\"https:\/\/www.suno.com.br\/noticias\/jhsf-jhsf3-novo-presidente-assume-terca-gss\/#breadcrumb\",\"itemListElement\":[{\"@type\":\"ListItem\",\"position\":1,\"name\":\"Not\u00edcias\",\"item\":\"https:\/\/www.suno.com.br\/noticias\/\"},{\"@type\":\"ListItem\",\"position\":2,\"name\":\"Neg\u00f3cios\",\"item\":\"https:\/\/www.suno.com.br\/noticias\/negocios\/\"},{\"@type\":\"ListItem\",\"position\":3,\"name\":\"Novo presidente da JHSF (JHSF3) assume cargo nesta ter\u00e7a-feira\"}]},{\"@type\":\"WebSite\",\"@id\":\"https:\/\/www.suno.com.br\/noticias\/#website\",\"url\":\"https:\/\/www.suno.com.br\/noticias\/\",\"name\":\"Suno Not\u00edcias\",\"description\":\"Seu portal de informa\u00e7\u00e3o sobre o mundo dos investimentos\",\"publisher\":{\"@id\":\"https:\/\/www.suno.com.br\/noticias\/#organization\"},\"potentialAction\":[{\"@type\":\"SearchAction\",\"target\":{\"@type\":\"EntryPoint\",\"urlTemplate\":\"https:\/\/www.suno.com.br\/noticias\/?s={search_term_string}\"},\"query-input\":{\"@type\":\"PropertyValueSpecification\",\"valueRequired\":true,\"valueName\":\"search_term_string\"}}],\"inLanguage\":\"pt-BR\"},{\"@type\":\"Organization\",\"@id\":\"https:\/\/www.suno.com.br\/noticias\/#organization\",\"name\":\"Suno Not\u00edcias\",\"url\":\"https:\/\/www.suno.com.br\/noticias\/\",\"logo\":{\"@type\":\"ImageObject\",\"inLanguage\":\"pt-BR\",\"@id\":\"https:\/\/www.suno.com.br\/noticias\/#\/schema\/logo\/image\/\",\"url\":\"https:\/\/files.sunoresearch.com.br\/n\/uploads\/2021\/09\/suno-logo.png\",\"contentUrl\":\"https:\/\/files.sunoresearch.com.br\/n\/uploads\/2021\/09\/suno-logo.png\",\"width\":180,\"height\":180,\"caption\":\"Suno Not\u00edcias\"},\"image\":{\"@id\":\"https:\/\/www.suno.com.br\/noticias\/#\/schema\/logo\/image\/\"},\"sameAs\":[\"https:\/\/facebook.com\/sunoresearch\",\"https:\/\/x.com\/sunoresearch\",\"https:\/\/www.instagram.com\/suno\",\"https:\/\/www.linkedin.com\/company\/suno-research\/\",\"https:\/\/www.youtube.com\/c\/sunoresearch\"]},{\"@type\":\"Person\",\"@id\":\"https:\/\/www.suno.com.br\/noticias\/#\/schema\/person\/4a72de8e10febe6d8a50711404b010b3\",\"name\":\"Guilherme Serrano Silva\",\"image\":{\"@type\":\"ImageObject\",\"inLanguage\":\"pt-BR\",\"@id\":\"https:\/\/www.suno.com.br\/noticias\/#\/schema\/person\/image\/\",\"url\":\"https:\/\/secure.gravatar.com\/avatar\/aba5eb082d0443f542e94a82c79e9d50?s=96&r=g\",\"contentUrl\":\"https:\/\/secure.gravatar.com\/avatar\/aba5eb082d0443f542e94a82c79e9d50?s=96&r=g\",\"caption\":\"Guilherme Serrano Silva\"},\"description\":\"Jornalista formado pela Faculdade C\u00e1sper L\u00edbero e p\u00f3s-graduado em Can\u00e7\u00e3o Popular pela Faculdade Santa Marcelina. Passagens por R\u00e1dio Gazeta AM, gazetaesportiva.com e TC R\u00e1dio.\",\"url\":\"https:\/\/www.suno.com.br\/noticias\/author\/guilhermeserranosilvagmail-com\/\"}]}<\/script>\n<!-- \/ Yoast SEO plugin. -->","yoast_head_json":{"title":"JHSF (JHSF3): novo presidente assume nesta ter\u00e7a-feira (26)","description":"Augusto Martins assume o cargo de diretor-presidente (CEO) e diretor-financeiro (CFO) da JHSF, substituindo Thiago Alonso de Oliveira.","robots":{"index":"index","follow":"follow","max-snippet":"max-snippet:-1","max-image-preview":"max-image-preview:large","max-video-preview":"max-video-preview:-1"},"canonical":"https:\/\/www.suno.com.br\/noticias\/jhsf-jhsf3-novo-presidente-assume-terca-gss\/","og_locale":"pt_BR","og_type":"article","og_title":"JHSF (JHSF3): novo presidente assume nesta ter\u00e7a-feira (26)","og_description":"Augusto Martins assume o cargo de diretor-presidente (CEO) e diretor-financeiro (CFO) da JHSF, substituindo Thiago Alonso de Oliveira.","og_url":"https:\/\/www.suno.com.br\/noticias\/jhsf-jhsf3-novo-presidente-assume-terca-gss\/","og_site_name":"Suno Not\u00edcias","article_publisher":"https:\/\/facebook.com\/sunoresearch","og_image":[{"width":1920,"height":1080,"url":"https:\/\/files.sunoresearch.com.br\/n\/uploads\/2024\/02\/3242343223222.jpg","type":"image\/jpeg"}],"author":"Guilherme Serrano Silva","twitter_card":"summary_large_image","twitter_creator":"@sunoresearch","twitter_site":"@sunoresearch","twitter_misc":{"Escrito por":"Guilherme Serrano Silva","Est. tempo de leitura":"3 minutos"},"schema":{"@context":"https:\/\/schema.org","@graph":[{"@type":"NewsArticle","@id":"https:\/\/www.suno.com.br\/noticias\/jhsf-jhsf3-novo-presidente-assume-terca-gss\/#article","isPartOf":{"@id":"https:\/\/www.suno.com.br\/noticias\/jhsf-jhsf3-novo-presidente-assume-terca-gss\/"},"author":{"name":"Guilherme Serrano Silva","@id":"https:\/\/www.suno.com.br\/noticias\/#\/schema\/person\/4a72de8e10febe6d8a50711404b010b3"},"headline":"Novo presidente da JHSF (JHSF3) assume cargo nesta ter\u00e7a-feira","datePublished":"2024-02-27T17:48:29+00:00","dateModified":"2024-02-27T17:49:48+00:00","mainEntityOfPage":{"@id":"https:\/\/www.suno.com.br\/noticias\/jhsf-jhsf3-novo-presidente-assume-terca-gss\/"},"wordCount":494,"publisher":{"@id":"https:\/\/www.suno.com.br\/noticias\/#organization"},"image":{"@id":"https:\/\/www.suno.com.br\/noticias\/jhsf-jhsf3-novo-presidente-assume-terca-gss\/#primaryimage"},"thumbnailUrl":"https:\/\/files.sunoresearch.com.br\/n\/uploads\/2024\/02\/3242343223222.jpg","keywords":["JHSF (JHSF3)"],"articleSection":["Neg\u00f3cios"],"inLanguage":"pt-BR"},{"@type":"WebPage","@id":"https:\/\/www.suno.com.br\/noticias\/jhsf-jhsf3-novo-presidente-assume-terca-gss\/","url":"https:\/\/www.suno.com.br\/noticias\/jhsf-jhsf3-novo-presidente-assume-terca-gss\/","name":"JHSF (JHSF3): novo presidente assume nesta ter\u00e7a-feira (26)","isPartOf":{"@id":"https:\/\/www.suno.com.br\/noticias\/#website"},"primaryImageOfPage":{"@id":"https:\/\/www.suno.com.br\/noticias\/jhsf-jhsf3-novo-presidente-assume-terca-gss\/#primaryimage"},"image":{"@id":"https:\/\/www.suno.com.br\/noticias\/jhsf-jhsf3-novo-presidente-assume-terca-gss\/#primaryimage"},"thumbnailUrl":"https:\/\/files.sunoresearch.com.br\/n\/uploads\/2024\/02\/3242343223222.jpg","datePublished":"2024-02-27T17:48:29+00:00","dateModified":"2024-02-27T17:49:48+00:00","description":"Augusto Martins assume o cargo de diretor-presidente (CEO) e diretor-financeiro (CFO) da JHSF, substituindo Thiago Alonso de Oliveira.","breadcrumb":{"@id":"https:\/\/www.suno.com.br\/noticias\/jhsf-jhsf3-novo-presidente-assume-terca-gss\/#breadcrumb"},"inLanguage":"pt-BR","potentialAction":[{"@type":"ReadAction","target":["https:\/\/www.suno.com.br\/noticias\/jhsf-jhsf3-novo-presidente-assume-terca-gss\/"]}]},{"@type":"ImageObject","inLanguage":"pt-BR","@id":"https:\/\/www.suno.com.br\/noticias\/jhsf-jhsf3-novo-presidente-assume-terca-gss\/#primaryimage","url":"https:\/\/files.sunoresearch.com.br\/n\/uploads\/2024\/02\/3242343223222.jpg","contentUrl":"https:\/\/files.sunoresearch.com.br\/n\/uploads\/2024\/02\/3242343223222.jpg","width":1920,"height":1080,"caption":"Augusto Martins, novo presidente da JHSF. Foto: reprodu\u00e7\u00e3o"},{"@type":"BreadcrumbList","@id":"https:\/\/www.suno.com.br\/noticias\/jhsf-jhsf3-novo-presidente-assume-terca-gss\/#breadcrumb","itemListElement":[{"@type":"ListItem","position":1,"name":"Not\u00edcias","item":"https:\/\/www.suno.com.br\/noticias\/"},{"@type":"ListItem","position":2,"name":"Neg\u00f3cios","item":"https:\/\/www.suno.com.br\/noticias\/negocios\/"},{"@type":"ListItem","position":3,"name":"Novo presidente da JHSF (JHSF3) assume cargo nesta ter\u00e7a-feira"}]},{"@type":"WebSite","@id":"https:\/\/www.suno.com.br\/noticias\/#website","url":"https:\/\/www.suno.com.br\/noticias\/","name":"Suno Not\u00edcias","description":"Seu portal de informa\u00e7\u00e3o sobre o mundo dos investimentos","publisher":{"@id":"https:\/\/www.suno.com.br\/noticias\/#organization"},"potentialAction":[{"@type":"SearchAction","target":{"@type":"EntryPoint","urlTemplate":"https:\/\/www.suno.com.br\/noticias\/?s={search_term_string}"},"query-input":{"@type":"PropertyValueSpecification","valueRequired":true,"valueName":"search_term_string"}}],"inLanguage":"pt-BR"},{"@type":"Organization","@id":"https:\/\/www.suno.com.br\/noticias\/#organization","name":"Suno Not\u00edcias","url":"https:\/\/www.suno.com.br\/noticias\/","logo":{"@type":"ImageObject","inLanguage":"pt-BR","@id":"https:\/\/www.suno.com.br\/noticias\/#\/schema\/logo\/image\/","url":"https:\/\/files.sunoresearch.com.br\/n\/uploads\/2021\/09\/suno-logo.png","contentUrl":"https:\/\/files.sunoresearch.com.br\/n\/uploads\/2021\/09\/suno-logo.png","width":180,"height":180,"caption":"Suno Not\u00edcias"},"image":{"@id":"https:\/\/www.suno.com.br\/noticias\/#\/schema\/logo\/image\/"},"sameAs":["https:\/\/facebook.com\/sunoresearch","https:\/\/x.com\/sunoresearch","https:\/\/www.instagram.com\/suno","https:\/\/www.linkedin.com\/company\/suno-research\/","https:\/\/www.youtube.com\/c\/sunoresearch"]},{"@type":"Person","@id":"https:\/\/www.suno.com.br\/noticias\/#\/schema\/person\/4a72de8e10febe6d8a50711404b010b3","name":"Guilherme Serrano Silva","image":{"@type":"ImageObject","inLanguage":"pt-BR","@id":"https:\/\/www.suno.com.br\/noticias\/#\/schema\/person\/image\/","url":"https:\/\/secure.gravatar.com\/avatar\/aba5eb082d0443f542e94a82c79e9d50?s=96&r=g","contentUrl":"https:\/\/secure.gravatar.com\/avatar\/aba5eb082d0443f542e94a82c79e9d50?s=96&r=g","caption":"Guilherme Serrano Silva"},"description":"Jornalista formado pela Faculdade C\u00e1sper L\u00edbero e p\u00f3s-graduado em Can\u00e7\u00e3o Popular pela Faculdade Santa Marcelina. Passagens por R\u00e1dio Gazeta AM, gazetaesportiva.com e TC R\u00e1dio.","url":"https:\/\/www.suno.com.br\/noticias\/author\/guilhermeserranosilvagmail-com\/"}]}},"default_loop_html":"<div class=\"cardsPage__listCard__boxs\"><div class=\"cardsPage__listCard__boxs__img\"><a href=\"https:\/\/www.suno.com.br\/noticias\/jhsf-jhsf3-novo-presidente-assume-terca-gss\/\"><img class=\"mask\" src=\"https:\/\/www.suno.com.br\/noticias\/wp-content\/themes\/suno\/resources\/images\/spotlight\/spotlight1img\/bg-mask.png\" alt=\"Image Mask\"\/><img src=\"https:\/\/files.sunoresearch.com.br\/n\/uploads\/2024\/02\/3242343223222-400x200.jpg\" alt=\"Novo presidente da JHSF (JHSF3) assume cargo nesta ter\u00e7a-feira\"\/><\/a><span class=\"spotlightCategory\"><a href=\"https:\/\/www.suno.com.br\/noticias\/negocios\/\">Neg\u00f3cios<\/a><\/span><\/div><div class=\"cardsPage__listCard__boxs__content\"><a href=\"https:\/\/www.suno.com.br\/noticias\/jhsf-jhsf3-novo-presidente-assume-terca-gss\/\"><h2 class=\"content__title\">Novo presidente da JHSF (JHSF3) assume cargo nesta ter\u00e7a-feira<\/h2><\/a><div class=\"newsContent__article__meta\"><div class=\"newsContent__article__meta__authorBox\"><a href=\"https:\/\/www.suno.com.br\/noticias\/author\/guilhermeserranosilvagmail-com\/\" class=\"authorBox__avatar noMobi\"><img src=\"https:\/\/files.sunoresearch.com.br\/n\/uploads\/2023\/09\/WhatsApp-Image-2023-09-05-at-11.02.17-150x150.jpeg\" alt=\"Guilherme Serrano Silva\"><\/a><div class=\"authorBox__name\"><span>por\n\t\t\t<a href=\"https:\/\/www.suno.com.br\/noticias\/author\/guilhermeserranosilvagmail-com\/\"><span itemprop=\"author\">Guilherme Serrano Silva<\/span><\/a><\/span><time datetime=\"2024-02-27T14:48:29-03:00\" itemprop=\"datePublished\">27\/02\/2024 14:48<\/time><\/div><\/div><\/div><\/div><\/div>","single_layout":"posts","amp_enabled":true,"_links":{"self":[{"href":"https:\/\/www.suno.com.br\/noticias\/wp-json\/wp\/v2\/posts\/527200"}],"collection":[{"href":"https:\/\/www.suno.com.br\/noticias\/wp-json\/wp\/v2\/posts"}],"about":[{"href":"https:\/\/www.suno.com.br\/noticias\/wp-json\/wp\/v2\/types\/post"}],"author":[{"embeddable":true,"href":"https:\/\/www.suno.com.br\/noticias\/wp-json\/wp\/v2\/users\/322"}],"replies":[{"embeddable":true,"href":"https:\/\/www.suno.com.br\/noticias\/wp-json\/wp\/v2\/comments?post=527200"}],"version-history":[{"count":3,"href":"https:\/\/www.suno.com.br\/noticias\/wp-json\/wp\/v2\/posts\/527200\/revisions"}],"predecessor-version":[{"id":527224,"href":"https:\/\/www.suno.com.br\/noticias\/wp-json\/wp\/v2\/posts\/527200\/revisions\/527224"}],"wp:featuredmedia":[{"embeddable":true,"href":"https:\/\/www.suno.com.br\/noticias\/wp-json\/wp\/v2\/media\/527219"}],"wp:attachment":[{"href":"https:\/\/www.suno.com.br\/noticias\/wp-json\/wp\/v2\/media?parent=527200"}],"wp:term":[{"taxonomy":"category","embeddable":true,"href":"https:\/\/www.suno.com.br\/noticias\/wp-json\/wp\/v2\/categories?post=527200"},{"taxonomy":"post_tag","embeddable":true,"href":"https:\/\/www.suno.com.br\/noticias\/wp-json\/wp\/v2\/tags?post=527200"},{"taxonomy":"suno_strategy","embeddable":true,"href":"https:\/\/www.suno.com.br\/noticias\/wp-json\/wp\/v2\/suno_strategy?post=527200"}],"curies":[{"name":"wp","href":"https:\/\/api.w.org\/{rel}","templated":true}]}}