{"id":527198,"date":"2024-02-28T08:47:10","date_gmt":"2024-02-28T11:47:10","guid":{"rendered":"https:\/\/www.suno.com.br\/noticias\/?p=527198"},"modified":"2024-02-28T08:47:15","modified_gmt":"2024-02-28T11:47:15","slug":"news-agenda-ofertas-arri11-atrio-fevereiro-cpf","status":"publish","type":"post","link":"https:\/\/www.suno.com.br\/noticias\/news-agenda-ofertas-arri11-atrio-fevereiro-cpf\/","title":{"rendered":"ARRI11 prepara emiss\u00e3o para captar R$ 40.000.006,12: saiba tudo sobre a oferta"},"content":{"rendered":"<p>O fundo imobili\u00e1rio FII ATRIO (<strong>ARRI11<\/strong>) aprovou a sua 6\u00aa emiss\u00e3o de cotas.<\/p>\t<div class=\"wrapper-featured-image\">\n\t\t<figure class=\"spotlightImg\">\n\n\t\t\t<picture>\n\t\t\t\t<source media=\"(max-width: 768px)\" srcset=\"https:\/\/files.sunoresearch.com.br\/n\/uploads\/2021\/07\/c22ab583-architecture-22039_1920-400x200.jpg\">\n\t\t\t\t<img loading=\"lazy\" decoding=\"async\" class=\"newsContent__article__imgCapa lazyloadDisabled \" src=\"https:\/\/files.sunoresearch.com.br\/n\/uploads\/2021\/07\/c22ab583-architecture-22039_1920-800x450.jpg\" width=\"800\" height=\"450\" alt=\"ARRI11 prepara emiss\u00e3o para captar R$ 40.000.006,12: saiba tudo sobre a oferta\" fetchpriority=high \/>\n\t\t\t<\/picture>\n\n\t\t\t<figcaption class=\"wp-caption-text wp-caption-text--show\">VRTA11- Fundos imobili\u00e1rios (FIIs) - Foto: Pixabay<\/figcaption>\n\t\t<\/figure>\n\t<\/div>\n\n\n\n\n\n\t<p>\n\t\t<a href=\"\" target=\"_blank\" data-element=\"shortcode-suno-banner\" title=\"Banner SUNO, clique e saiba mais\">\n\t\t\t<picture>\n\t\t\t\t<source media=\"(max-width: 500px)\" srcset=\"\">\n\t\t\t\t<img class=\"newsContent__article__imgCapa newsContent__article__imgCapa--banner\"\n\t\t\t\t\tsrc=\"\"\n\t\t\t\t\tdata-promo-id=\"77050\"\t\t\t\t\t\t\t\t\t\t\t\t\t\t\talt=\"\"\n\t\t\t\t>\n\t\t\t<\/picture>\n\t\t<\/a>\n\t<\/p>\n\n\n\n\n\n<p>O valor total da oferta p\u00fablica \u00e9 de, inicialmente, R$ 40.000.006,12, de acordo com o <a class=\"suno-keyword\" target=\"_blank\" data-force=\"no\" data-priority=\"1\" href=\"https:\/\/www.suno.com.br\/artigos\/fato-relevante\/\" rel=\"noopener\">fato relevante<\/a> divulgado pelo FII.<\/p>\n\n\n\n<p>O valor da <strong>oferta do ARRI11<\/strong> corresponde a 4.479.284 novas cotas, que ser\u00e3o negociadas a R$ 8,93 cada uma durante a oferta.<\/p>\n\n\n\n<p>O valor por cada papel tem um desconto de 0,11% em rela\u00e7\u00e3o ao <a class=\"suno-keyword\" target=\"_blank\" data-force=\"no\" data-priority=\"1\" href=\"https:\/\/www.suno.com.br\/artigos\/valor-patrimonial\/\" rel=\"noopener\">valor patrimonial<\/a> da cota, que \u00e9 de R$ 8,94.<\/p>\n\n\n\n<p>Al\u00e9m disso, segundo o fato relevante, o valor m\u00ednimo da oferta ser\u00e1 de R$ 1.000.008,19, o que equivale a emiss\u00e3o de 4.479.284 cotas.<\/p>\n\n\n\n<p>Caso haja um excesso de demanda, o montante inicial pode ser acrescido em at\u00e9 25%.<\/p>\n\n\n\n<h2 class=\"wp-block-heading\">Veja mais detalhes sobre a oferta do ARRI11<\/h2>\n\n\n\n<p>O investidor que quiser participar da <strong>emiss\u00e3o do ARRI11<\/strong> ter\u00e1 que fazer uma aplica\u00e7\u00e3o m\u00ednima de 1 novas cotas. Em valor, isso representa um total de R$ 9,21, tendo como base o <a class=\"suno-keyword\" target=\"_blank\" data-force=\"no\" data-priority=\"1\" href=\"https:\/\/www.suno.com.br\/artigos\/valor-unitario\/\" rel=\"noopener\">valor unit\u00e1rio<\/a> de cada cota.<\/p>\n\n\n\n<p>Os investidores que ter\u00e3o <strong>direito de prefer\u00eancia<\/strong> s\u00e3o aqueles com o ARRI11 em sua carteira ao final do preg\u00e3o de 21\/02\/2024.<\/p>\n\n\n\n<p>O prazo para exerc\u00edcio do direito de prefer\u00eancia pelos cotistas ocorre entre os dias 26\/02\/2024 e 07\/03\/2024.<\/p>\n\n\n\n<p>Quem j\u00e1 \u00e9 cotista do ARRI11 n\u00e3o tem uma aplica\u00e7\u00e3o&nbsp;m\u00ednima para a subscri\u00e7\u00e3o de novas cotas do montante inicial da oferta. Ser\u00e1 poss\u00edvel comprar a partir de 1 cota at\u00e9 seu limite do seu direito de prefer\u00eancia.<\/p>\n\n\n\n<p>A<strong> emiss\u00e3o do ARRI11<\/strong> est\u00e1 sob a responsabilidade da coordena\u00e7\u00e3o da Guide.<\/p>\n\n\n\t<p>\n\t\t<a href=\"https:\/\/lp.suno.com.br\/planilha-controle-gastos\/\" target=\"_blank\" data-element=\"shortcode-suno-banner\" title=\"Banner SUNO, clique e saiba mais\">\n\t\t\t<picture>\n\t\t\t\t<source media=\"(max-width: 500px)\" srcset=\"https:\/\/files.sunoresearch.com.br\/n\/uploads\/2023\/03\/400x300-Planilha-controle-de-gastos.png\">\n\t\t\t\t<img class=\"newsContent__article__imgCapa newsContent__article__imgCapa--banner\"\n\t\t\t\t\tsrc=\"https:\/\/files.sunoresearch.com.br\/n\/uploads\/2023\/03\/1420x240-Planilha-controle-de-gastos.png\"\n\t\t\t\t\tdata-promo-id=\"101751\"\t\t\t\t\t\t\t\t\t\twidth='1420' height='240'\t\t\t\t\talt=\"https:\/\/files.sunoresearch.com.br\/n\/uploads\/2023\/03\/1420x240-Planilha-controle-de-gastos.png\"\n\t\t\t\t>\n\t\t\t<\/picture>\n\t\t<\/a>\n\t<\/p>\n\n\n\n\n\n<h2 class=\"wp-block-heading\">Conhe\u00e7a o ARRI11<\/h2>\n\n\n\n<p>O ARRI11 \u00e9 um FII de Fundo de Papel, categoria de<strong> fundo imobili\u00e1rio<\/strong> que investe em Pap\u00e9is.<\/p>\n\n\n\n<p>Ele foi constitu\u00eddo em outubro de 2019, e a institui\u00e7\u00e3o respons\u00e1vel pela administra\u00e7\u00e3o \u00e9 a Oliveira Trust.<\/p>\n\n\n\n<p>O p\u00fablico-alvo do ARRI11 s\u00e3o Investidores em Geral. Atualmente o fundo tem 27.649 cotistas.<\/p>\n\n\n\n<h2 class=\"wp-block-heading\">\u00daltimo fechamento<\/h2>\n\n\n\n<p>No \u00faltimo preg\u00e3o, o fundo imobili\u00e1rio fechou cotado a R$ 9,11, desvaloriza\u00e7\u00e3o de 0,00 ante o dia anterior.<\/p>\n\n\n\n<p>O principal \u00edndice deste mercado, o IFIX, avan\u00e7ou 0,13% na \u00faltima sess\u00e3o.<\/p>\n\n\n\n<p>No ano, o papel acumula uma queda de 0,20%, frente ao fechamento a R$ 1,13 ao final do ano passado.<\/p>\n\n\n\n<p>O valor m\u00e1ximo do <strong>ARRI11<\/strong> neste ano foi de R$ 9,30, em 23\/02\/24. J\u00e1 a m\u00ednima de R$ 8,90 ocorreu em 02\/02\/24.<\/p>\n\n\n\t<p>\n\t\t<a href=\"https:\/\/lp.suno.com.br\/ebook-como-analisar-uma-acao\/\" target=\"_blank\" data-element=\"shortcode-suno-banner\" title=\"Banner SUNO, clique e saiba mais\">\n\t\t\t<picture>\n\t\t\t\t<source media=\"(max-width: 500px)\" srcset=\"https:\/\/files.sunoresearch.com.br\/n\/uploads\/2023\/03\/Ebook-Acoes-Mobile-1.jpg\">\n\t\t\t\t<img class=\"newsContent__article__imgCapa newsContent__article__imgCapa--banner\"\n\t\t\t\t\tsrc=\"https:\/\/files.sunoresearch.com.br\/n\/uploads\/2023\/03\/Ebook-Acoes-Desktop-1.jpg\"\n\t\t\t\t\tdata-promo-id=\"171998\"\t\t\t\t\t\t\t\t\t\twidth='1420' height='286'\t\t\t\t\talt=\"https:\/\/files.sunoresearch.com.br\/n\/uploads\/2023\/03\/Ebook-Acoes-Desktop-1.jpg\"\n\t\t\t\t>\n\t\t\t<\/picture>\n\t\t<\/a>\n\t<\/p>\n\n\n","protected":false},"excerpt":{"rendered":"<p>O fundo imobili\u00e1rio FII ATRIO (ARRI11) aprovou a sua 6\u00aa emiss\u00e3o de cotas. VRTA11- Fundos imobili\u00e1rios (FIIs) &#8211; Foto: Pixabay O valor total da oferta p\u00fablica \u00e9 de, inicialmente, R$ 40.000.006,12, de acordo com o fato relevante divulgado pelo FII. O valor da oferta do ARRI11 corresponde a 4.479.284 novas cotas, que ser\u00e3o negociadas a [&hellip;]<\/p>\n","protected":false},"author":283,"featured_media":168048,"comment_status":"closed","ping_status":"closed","sticky":false,"template":"","format":"standard","meta":[],"categories":[66],"tags":[106761,315],"suno_strategy":[],"class_list":["post-527198","post","type-post","status-publish","format-standard","has-post-thumbnail","hentry","category-fiis","tag-arri11","tag-fundos-imobiliarios-fiis"],"yoast_head":"<!-- This site is optimized with the Yoast SEO plugin v24.4 - https:\/\/yoast.com\/wordpress\/plugins\/seo\/ -->\n<title>ARRI11 prepara oferta p\u00fablica para captar R$ 40 milh\u00f5es<\/title>\n<meta name=\"description\" content=\"O fundo imobili\u00e1rio ARRI11 est\u00e1 preparando sua 6\u00aa emiss\u00e3o de cotas. Clique aqui para saber tudo sobre os planos do ARRI11.\" \/>\n<meta name=\"robots\" content=\"index, follow, max-snippet:-1, max-image-preview:large, max-video-preview:-1\" \/>\n<link rel=\"canonical\" href=\"https:\/\/www.suno.com.br\/noticias\/news-agenda-ofertas-arri11-atrio-fevereiro-cpf\/\" \/>\n<meta property=\"og:locale\" content=\"pt_BR\" \/>\n<meta property=\"og:type\" content=\"article\" \/>\n<meta property=\"og:title\" content=\"ARRI11 prepara oferta p\u00fablica para captar R$ 40 milh\u00f5es\" \/>\n<meta property=\"og:description\" content=\"O fundo imobili\u00e1rio ARRI11 est\u00e1 preparando sua 6\u00aa emiss\u00e3o de cotas. Clique aqui para saber tudo sobre os planos do ARRI11.\" \/>\n<meta property=\"og:url\" content=\"https:\/\/www.suno.com.br\/noticias\/news-agenda-ofertas-arri11-atrio-fevereiro-cpf\/\" \/>\n<meta property=\"og:site_name\" content=\"Suno Not\u00edcias\" \/>\n<meta property=\"article:publisher\" content=\"https:\/\/facebook.com\/sunoresearch\" \/>\n<meta property=\"og:image\" content=\"https:\/\/files.sunoresearch.com.br\/n\/uploads\/2021\/07\/c22ab583-architecture-22039_1920.jpg\" \/>\n\t<meta property=\"og:image:width\" content=\"1920\" \/>\n\t<meta property=\"og:image:height\" content=\"1279\" \/>\n\t<meta property=\"og:image:type\" content=\"image\/jpeg\" \/>\n<meta name=\"author\" content=\"Camila Paim\" \/>\n<meta name=\"twitter:card\" content=\"summary_large_image\" \/>\n<meta name=\"twitter:creator\" content=\"@sunoresearch\" \/>\n<meta name=\"twitter:site\" content=\"@sunoresearch\" \/>\n<meta name=\"twitter:label1\" content=\"Escrito por\" \/>\n\t<meta name=\"twitter:data1\" content=\"Camila Paim\" \/>\n\t<meta name=\"twitter:label2\" content=\"Est. tempo de leitura\" \/>\n\t<meta name=\"twitter:data2\" content=\"3 minutos\" \/>\n<script type=\"application\/ld+json\" class=\"yoast-schema-graph\">{\"@context\":\"https:\/\/schema.org\",\"@graph\":[{\"@type\":\"NewsArticle\",\"@id\":\"https:\/\/www.suno.com.br\/noticias\/news-agenda-ofertas-arri11-atrio-fevereiro-cpf\/#article\",\"isPartOf\":{\"@id\":\"https:\/\/www.suno.com.br\/noticias\/news-agenda-ofertas-arri11-atrio-fevereiro-cpf\/\"},\"author\":{\"name\":\"Camila Paim\",\"@id\":\"https:\/\/www.suno.com.br\/noticias\/#\/schema\/person\/f341d3ae5d1cc685176c9a5327cdfdbb\"},\"headline\":\"ARRI11 prepara emiss\u00e3o para captar R$ 40.000.006,12: saiba tudo sobre a oferta\",\"datePublished\":\"2024-02-28T11:47:10+00:00\",\"dateModified\":\"2024-02-28T11:47:15+00:00\",\"mainEntityOfPage\":{\"@id\":\"https:\/\/www.suno.com.br\/noticias\/news-agenda-ofertas-arri11-atrio-fevereiro-cpf\/\"},\"wordCount\":406,\"publisher\":{\"@id\":\"https:\/\/www.suno.com.br\/noticias\/#organization\"},\"image\":{\"@id\":\"https:\/\/www.suno.com.br\/noticias\/news-agenda-ofertas-arri11-atrio-fevereiro-cpf\/#primaryimage\"},\"thumbnailUrl\":\"https:\/\/files.sunoresearch.com.br\/n\/uploads\/2021\/07\/c22ab583-architecture-22039_1920.jpg\",\"keywords\":[\"ARRI11\",\"Fundos Imobili\u00e1rios (FIIs)\"],\"articleSection\":[\"FIIs\"],\"inLanguage\":\"pt-BR\"},{\"@type\":\"WebPage\",\"@id\":\"https:\/\/www.suno.com.br\/noticias\/news-agenda-ofertas-arri11-atrio-fevereiro-cpf\/\",\"url\":\"https:\/\/www.suno.com.br\/noticias\/news-agenda-ofertas-arri11-atrio-fevereiro-cpf\/\",\"name\":\"ARRI11 prepara oferta p\u00fablica para captar R$ 40 milh\u00f5es\",\"isPartOf\":{\"@id\":\"https:\/\/www.suno.com.br\/noticias\/#website\"},\"primaryImageOfPage\":{\"@id\":\"https:\/\/www.suno.com.br\/noticias\/news-agenda-ofertas-arri11-atrio-fevereiro-cpf\/#primaryimage\"},\"image\":{\"@id\":\"https:\/\/www.suno.com.br\/noticias\/news-agenda-ofertas-arri11-atrio-fevereiro-cpf\/#primaryimage\"},\"thumbnailUrl\":\"https:\/\/files.sunoresearch.com.br\/n\/uploads\/2021\/07\/c22ab583-architecture-22039_1920.jpg\",\"datePublished\":\"2024-02-28T11:47:10+00:00\",\"dateModified\":\"2024-02-28T11:47:15+00:00\",\"description\":\"O fundo imobili\u00e1rio ARRI11 est\u00e1 preparando sua 6\u00aa emiss\u00e3o de cotas. Clique aqui para saber tudo sobre os planos do ARRI11.\",\"breadcrumb\":{\"@id\":\"https:\/\/www.suno.com.br\/noticias\/news-agenda-ofertas-arri11-atrio-fevereiro-cpf\/#breadcrumb\"},\"inLanguage\":\"pt-BR\",\"potentialAction\":[{\"@type\":\"ReadAction\",\"target\":[\"https:\/\/www.suno.com.br\/noticias\/news-agenda-ofertas-arri11-atrio-fevereiro-cpf\/\"]}]},{\"@type\":\"ImageObject\",\"inLanguage\":\"pt-BR\",\"@id\":\"https:\/\/www.suno.com.br\/noticias\/news-agenda-ofertas-arri11-atrio-fevereiro-cpf\/#primaryimage\",\"url\":\"https:\/\/files.sunoresearch.com.br\/n\/uploads\/2021\/07\/c22ab583-architecture-22039_1920.jpg\",\"contentUrl\":\"https:\/\/files.sunoresearch.com.br\/n\/uploads\/2021\/07\/c22ab583-architecture-22039_1920.jpg\",\"width\":1920,\"height\":1279,\"caption\":\"VRTA11- Fundos imobili\u00e1rios (FIIs) - Foto: Pixabay\"},{\"@type\":\"BreadcrumbList\",\"@id\":\"https:\/\/www.suno.com.br\/noticias\/news-agenda-ofertas-arri11-atrio-fevereiro-cpf\/#breadcrumb\",\"itemListElement\":[{\"@type\":\"ListItem\",\"position\":1,\"name\":\"Not\u00edcias\",\"item\":\"https:\/\/www.suno.com.br\/noticias\/\"},{\"@type\":\"ListItem\",\"position\":2,\"name\":\"FIIs\",\"item\":\"https:\/\/www.suno.com.br\/noticias\/fiis\/\"},{\"@type\":\"ListItem\",\"position\":3,\"name\":\"ARRI11 prepara emiss\u00e3o para captar R$ 40.000.006,12: saiba tudo sobre a oferta\"}]},{\"@type\":\"WebSite\",\"@id\":\"https:\/\/www.suno.com.br\/noticias\/#website\",\"url\":\"https:\/\/www.suno.com.br\/noticias\/\",\"name\":\"Suno Not\u00edcias\",\"description\":\"Seu portal de informa\u00e7\u00e3o sobre o mundo dos investimentos\",\"publisher\":{\"@id\":\"https:\/\/www.suno.com.br\/noticias\/#organization\"},\"potentialAction\":[{\"@type\":\"SearchAction\",\"target\":{\"@type\":\"EntryPoint\",\"urlTemplate\":\"https:\/\/www.suno.com.br\/noticias\/?s={search_term_string}\"},\"query-input\":{\"@type\":\"PropertyValueSpecification\",\"valueRequired\":true,\"valueName\":\"search_term_string\"}}],\"inLanguage\":\"pt-BR\"},{\"@type\":\"Organization\",\"@id\":\"https:\/\/www.suno.com.br\/noticias\/#organization\",\"name\":\"Suno Not\u00edcias\",\"url\":\"https:\/\/www.suno.com.br\/noticias\/\",\"logo\":{\"@type\":\"ImageObject\",\"inLanguage\":\"pt-BR\",\"@id\":\"https:\/\/www.suno.com.br\/noticias\/#\/schema\/logo\/image\/\",\"url\":\"https:\/\/files.sunoresearch.com.br\/n\/uploads\/2021\/09\/suno-logo.png\",\"contentUrl\":\"https:\/\/files.sunoresearch.com.br\/n\/uploads\/2021\/09\/suno-logo.png\",\"width\":180,\"height\":180,\"caption\":\"Suno Not\u00edcias\"},\"image\":{\"@id\":\"https:\/\/www.suno.com.br\/noticias\/#\/schema\/logo\/image\/\"},\"sameAs\":[\"https:\/\/facebook.com\/sunoresearch\",\"https:\/\/x.com\/sunoresearch\",\"https:\/\/www.instagram.com\/suno\",\"https:\/\/www.linkedin.com\/company\/suno-research\/\",\"https:\/\/www.youtube.com\/c\/sunoresearch\"]},{\"@type\":\"Person\",\"@id\":\"https:\/\/www.suno.com.br\/noticias\/#\/schema\/person\/f341d3ae5d1cc685176c9a5327cdfdbb\",\"name\":\"Camila Paim\",\"image\":{\"@type\":\"ImageObject\",\"inLanguage\":\"pt-BR\",\"@id\":\"https:\/\/www.suno.com.br\/noticias\/#\/schema\/person\/image\/\",\"url\":\"https:\/\/secure.gravatar.com\/avatar\/f33728e65febb1aa7ecf6792956f9b20?s=96&r=g\",\"contentUrl\":\"https:\/\/secure.gravatar.com\/avatar\/f33728e65febb1aa7ecf6792956f9b20?s=96&r=g\",\"caption\":\"Camila Paim\"},\"description\":\"Jornalista formada pela USP, tem experi\u00eancia em reda\u00e7\u00f5es, SEO, Branded Content e Webdesign. Com passagem pelo Jornal da USP, Empiricus e C6 Bank, hoje \u00e9 rep\u00f3rter no Suno Not\u00edcias cobrindo macroeconomia, finan\u00e7as pessoais e startups.\",\"url\":\"https:\/\/www.suno.com.br\/noticias\/author\/camila-figueiredosuno-com-br\/\"}]}<\/script>\n<!-- \/ Yoast SEO plugin. -->","yoast_head_json":{"title":"ARRI11 prepara oferta p\u00fablica para captar R$ 40 milh\u00f5es","description":"O fundo imobili\u00e1rio ARRI11 est\u00e1 preparando sua 6\u00aa emiss\u00e3o de cotas. Clique aqui para saber tudo sobre os planos do ARRI11.","robots":{"index":"index","follow":"follow","max-snippet":"max-snippet:-1","max-image-preview":"max-image-preview:large","max-video-preview":"max-video-preview:-1"},"canonical":"https:\/\/www.suno.com.br\/noticias\/news-agenda-ofertas-arri11-atrio-fevereiro-cpf\/","og_locale":"pt_BR","og_type":"article","og_title":"ARRI11 prepara oferta p\u00fablica para captar R$ 40 milh\u00f5es","og_description":"O fundo imobili\u00e1rio ARRI11 est\u00e1 preparando sua 6\u00aa emiss\u00e3o de cotas. Clique aqui para saber tudo sobre os planos do ARRI11.","og_url":"https:\/\/www.suno.com.br\/noticias\/news-agenda-ofertas-arri11-atrio-fevereiro-cpf\/","og_site_name":"Suno Not\u00edcias","article_publisher":"https:\/\/facebook.com\/sunoresearch","og_image":[{"width":1920,"height":1279,"url":"https:\/\/files.sunoresearch.com.br\/n\/uploads\/2021\/07\/c22ab583-architecture-22039_1920.jpg","type":"image\/jpeg"}],"author":"Camila Paim","twitter_card":"summary_large_image","twitter_creator":"@sunoresearch","twitter_site":"@sunoresearch","twitter_misc":{"Escrito por":"Camila Paim","Est. tempo de leitura":"3 minutos"},"schema":{"@context":"https:\/\/schema.org","@graph":[{"@type":"NewsArticle","@id":"https:\/\/www.suno.com.br\/noticias\/news-agenda-ofertas-arri11-atrio-fevereiro-cpf\/#article","isPartOf":{"@id":"https:\/\/www.suno.com.br\/noticias\/news-agenda-ofertas-arri11-atrio-fevereiro-cpf\/"},"author":{"name":"Camila Paim","@id":"https:\/\/www.suno.com.br\/noticias\/#\/schema\/person\/f341d3ae5d1cc685176c9a5327cdfdbb"},"headline":"ARRI11 prepara emiss\u00e3o para captar R$ 40.000.006,12: saiba tudo sobre a oferta","datePublished":"2024-02-28T11:47:10+00:00","dateModified":"2024-02-28T11:47:15+00:00","mainEntityOfPage":{"@id":"https:\/\/www.suno.com.br\/noticias\/news-agenda-ofertas-arri11-atrio-fevereiro-cpf\/"},"wordCount":406,"publisher":{"@id":"https:\/\/www.suno.com.br\/noticias\/#organization"},"image":{"@id":"https:\/\/www.suno.com.br\/noticias\/news-agenda-ofertas-arri11-atrio-fevereiro-cpf\/#primaryimage"},"thumbnailUrl":"https:\/\/files.sunoresearch.com.br\/n\/uploads\/2021\/07\/c22ab583-architecture-22039_1920.jpg","keywords":["ARRI11","Fundos Imobili\u00e1rios (FIIs)"],"articleSection":["FIIs"],"inLanguage":"pt-BR"},{"@type":"WebPage","@id":"https:\/\/www.suno.com.br\/noticias\/news-agenda-ofertas-arri11-atrio-fevereiro-cpf\/","url":"https:\/\/www.suno.com.br\/noticias\/news-agenda-ofertas-arri11-atrio-fevereiro-cpf\/","name":"ARRI11 prepara oferta p\u00fablica para captar R$ 40 milh\u00f5es","isPartOf":{"@id":"https:\/\/www.suno.com.br\/noticias\/#website"},"primaryImageOfPage":{"@id":"https:\/\/www.suno.com.br\/noticias\/news-agenda-ofertas-arri11-atrio-fevereiro-cpf\/#primaryimage"},"image":{"@id":"https:\/\/www.suno.com.br\/noticias\/news-agenda-ofertas-arri11-atrio-fevereiro-cpf\/#primaryimage"},"thumbnailUrl":"https:\/\/files.sunoresearch.com.br\/n\/uploads\/2021\/07\/c22ab583-architecture-22039_1920.jpg","datePublished":"2024-02-28T11:47:10+00:00","dateModified":"2024-02-28T11:47:15+00:00","description":"O fundo imobili\u00e1rio ARRI11 est\u00e1 preparando sua 6\u00aa emiss\u00e3o de cotas. Clique aqui para saber tudo sobre os planos do ARRI11.","breadcrumb":{"@id":"https:\/\/www.suno.com.br\/noticias\/news-agenda-ofertas-arri11-atrio-fevereiro-cpf\/#breadcrumb"},"inLanguage":"pt-BR","potentialAction":[{"@type":"ReadAction","target":["https:\/\/www.suno.com.br\/noticias\/news-agenda-ofertas-arri11-atrio-fevereiro-cpf\/"]}]},{"@type":"ImageObject","inLanguage":"pt-BR","@id":"https:\/\/www.suno.com.br\/noticias\/news-agenda-ofertas-arri11-atrio-fevereiro-cpf\/#primaryimage","url":"https:\/\/files.sunoresearch.com.br\/n\/uploads\/2021\/07\/c22ab583-architecture-22039_1920.jpg","contentUrl":"https:\/\/files.sunoresearch.com.br\/n\/uploads\/2021\/07\/c22ab583-architecture-22039_1920.jpg","width":1920,"height":1279,"caption":"VRTA11- Fundos imobili\u00e1rios (FIIs) - Foto: Pixabay"},{"@type":"BreadcrumbList","@id":"https:\/\/www.suno.com.br\/noticias\/news-agenda-ofertas-arri11-atrio-fevereiro-cpf\/#breadcrumb","itemListElement":[{"@type":"ListItem","position":1,"name":"Not\u00edcias","item":"https:\/\/www.suno.com.br\/noticias\/"},{"@type":"ListItem","position":2,"name":"FIIs","item":"https:\/\/www.suno.com.br\/noticias\/fiis\/"},{"@type":"ListItem","position":3,"name":"ARRI11 prepara emiss\u00e3o para captar R$ 40.000.006,12: saiba tudo sobre a oferta"}]},{"@type":"WebSite","@id":"https:\/\/www.suno.com.br\/noticias\/#website","url":"https:\/\/www.suno.com.br\/noticias\/","name":"Suno Not\u00edcias","description":"Seu portal de informa\u00e7\u00e3o sobre o mundo dos investimentos","publisher":{"@id":"https:\/\/www.suno.com.br\/noticias\/#organization"},"potentialAction":[{"@type":"SearchAction","target":{"@type":"EntryPoint","urlTemplate":"https:\/\/www.suno.com.br\/noticias\/?s={search_term_string}"},"query-input":{"@type":"PropertyValueSpecification","valueRequired":true,"valueName":"search_term_string"}}],"inLanguage":"pt-BR"},{"@type":"Organization","@id":"https:\/\/www.suno.com.br\/noticias\/#organization","name":"Suno Not\u00edcias","url":"https:\/\/www.suno.com.br\/noticias\/","logo":{"@type":"ImageObject","inLanguage":"pt-BR","@id":"https:\/\/www.suno.com.br\/noticias\/#\/schema\/logo\/image\/","url":"https:\/\/files.sunoresearch.com.br\/n\/uploads\/2021\/09\/suno-logo.png","contentUrl":"https:\/\/files.sunoresearch.com.br\/n\/uploads\/2021\/09\/suno-logo.png","width":180,"height":180,"caption":"Suno Not\u00edcias"},"image":{"@id":"https:\/\/www.suno.com.br\/noticias\/#\/schema\/logo\/image\/"},"sameAs":["https:\/\/facebook.com\/sunoresearch","https:\/\/x.com\/sunoresearch","https:\/\/www.instagram.com\/suno","https:\/\/www.linkedin.com\/company\/suno-research\/","https:\/\/www.youtube.com\/c\/sunoresearch"]},{"@type":"Person","@id":"https:\/\/www.suno.com.br\/noticias\/#\/schema\/person\/f341d3ae5d1cc685176c9a5327cdfdbb","name":"Camila Paim","image":{"@type":"ImageObject","inLanguage":"pt-BR","@id":"https:\/\/www.suno.com.br\/noticias\/#\/schema\/person\/image\/","url":"https:\/\/secure.gravatar.com\/avatar\/f33728e65febb1aa7ecf6792956f9b20?s=96&r=g","contentUrl":"https:\/\/secure.gravatar.com\/avatar\/f33728e65febb1aa7ecf6792956f9b20?s=96&r=g","caption":"Camila Paim"},"description":"Jornalista formada pela USP, tem experi\u00eancia em reda\u00e7\u00f5es, SEO, Branded Content e Webdesign. Com passagem pelo Jornal da USP, Empiricus e C6 Bank, hoje \u00e9 rep\u00f3rter no Suno Not\u00edcias cobrindo macroeconomia, finan\u00e7as pessoais e startups.","url":"https:\/\/www.suno.com.br\/noticias\/author\/camila-figueiredosuno-com-br\/"}]}},"default_loop_html":"<div class=\"cardsPage__listCard__boxs\"><div class=\"cardsPage__listCard__boxs__img\"><a href=\"https:\/\/www.suno.com.br\/noticias\/news-agenda-ofertas-arri11-atrio-fevereiro-cpf\/\"><img class=\"mask\" src=\"https:\/\/www.suno.com.br\/noticias\/wp-content\/themes\/suno\/resources\/images\/spotlight\/spotlight1img\/bg-mask.png\" alt=\"Image Mask\"\/><img src=\"https:\/\/files.sunoresearch.com.br\/n\/uploads\/2021\/07\/c22ab583-architecture-22039_1920-400x200.jpg\" alt=\"ARRI11 prepara emiss\u00e3o para captar R$ 40.000.006,12: saiba tudo sobre a oferta\"\/><\/a><span class=\"spotlightCategory\"><a href=\"https:\/\/www.suno.com.br\/noticias\/fiis\/\">FIIs<\/a><\/span><\/div><div class=\"cardsPage__listCard__boxs__content\"><a href=\"https:\/\/www.suno.com.br\/noticias\/news-agenda-ofertas-arri11-atrio-fevereiro-cpf\/\"><h2 class=\"content__title\">ARRI11 prepara emiss\u00e3o para captar R$ 40.000.006,12: saiba tudo sobre a oferta<\/h2><\/a><div class=\"newsContent__article__meta\"><div class=\"newsContent__article__meta__authorBox\"><a href=\"https:\/\/www.suno.com.br\/noticias\/author\/camila-figueiredosuno-com-br\/\" class=\"authorBox__avatar noMobi\"><img src=\"https:\/\/files.sunoresearch.com.br\/n\/uploads\/2024\/05\/camila-paim-square-150x150.jpg\" alt=\"Camila Paim\"><\/a><div class=\"authorBox__name\"><span>por\n\t\t\t<a href=\"https:\/\/www.suno.com.br\/noticias\/author\/camila-figueiredosuno-com-br\/\"><span itemprop=\"author\">Camila Paim<\/span><\/a><\/span><time datetime=\"2024-02-28T08:47:10-03:00\" itemprop=\"datePublished\">28\/02\/2024 08:47<\/time><\/div><\/div><\/div><\/div><\/div>","single_layout":"posts","amp_enabled":true,"_links":{"self":[{"href":"https:\/\/www.suno.com.br\/noticias\/wp-json\/wp\/v2\/posts\/527198"}],"collection":[{"href":"https:\/\/www.suno.com.br\/noticias\/wp-json\/wp\/v2\/posts"}],"about":[{"href":"https:\/\/www.suno.com.br\/noticias\/wp-json\/wp\/v2\/types\/post"}],"author":[{"embeddable":true,"href":"https:\/\/www.suno.com.br\/noticias\/wp-json\/wp\/v2\/users\/283"}],"replies":[{"embeddable":true,"href":"https:\/\/www.suno.com.br\/noticias\/wp-json\/wp\/v2\/comments?post=527198"}],"version-history":[{"count":3,"href":"https:\/\/www.suno.com.br\/noticias\/wp-json\/wp\/v2\/posts\/527198\/revisions"}],"predecessor-version":[{"id":527496,"href":"https:\/\/www.suno.com.br\/noticias\/wp-json\/wp\/v2\/posts\/527198\/revisions\/527496"}],"wp:featuredmedia":[{"embeddable":true,"href":"https:\/\/www.suno.com.br\/noticias\/wp-json\/wp\/v2\/media\/168048"}],"wp:attachment":[{"href":"https:\/\/www.suno.com.br\/noticias\/wp-json\/wp\/v2\/media?parent=527198"}],"wp:term":[{"taxonomy":"category","embeddable":true,"href":"https:\/\/www.suno.com.br\/noticias\/wp-json\/wp\/v2\/categories?post=527198"},{"taxonomy":"post_tag","embeddable":true,"href":"https:\/\/www.suno.com.br\/noticias\/wp-json\/wp\/v2\/tags?post=527198"},{"taxonomy":"suno_strategy","embeddable":true,"href":"https:\/\/www.suno.com.br\/noticias\/wp-json\/wp\/v2\/suno_strategy?post=527198"}],"curies":[{"name":"wp","href":"https:\/\/api.w.org\/{rel}","templated":true}]}}