{"id":527172,"date":"2024-02-27T14:14:08","date_gmt":"2024-02-27T17:14:08","guid":{"rendered":"https:\/\/www.suno.com.br\/noticias\/?p=527172"},"modified":"2024-02-27T14:24:24","modified_gmt":"2024-02-27T17:24:24","slug":"novo-nome-ceo-vale-vale3-tiago-reis-evm","status":"publish","type":"post","link":"https:\/\/www.suno.com.br\/noticias\/novo-nome-ceo-vale-vale3-tiago-reis-evm\/","title":{"rendered":"Novo nome para CEO da Vale (VALE3) \u00e9 bom? Veja a opini\u00e3o de Tiago Reis"},"content":{"rendered":"<p>Nesta segunda (26) o mercado passou a lidar com um novo nome cotado para ser CEO da <a class=\"suno-keyword\" data-force=\"yes\" data-priority=\"2\" href=\"https:\/\/www.suno.com.br\/acoes\/VALE3\/\" target=\"_blank\" rel=\"noopener\"><strong>Vale<\/strong> (VALE3<\/a>): Paulo Caffarelli, ex-CEO da <a class=\"suno-keyword\" data-force=\"yes\" data-priority=\"2\" href=\"https:\/\/www.suno.com.br\/acoes\/CIEL3\/\" target=\"_blank\" rel=\"noopener\">Cielo (CIEL3)<\/a> e ex-diretor do <a class=\"suno-keyword\" data-force=\"yes\" data-priority=\"2\" href=\"https:\/\/www.suno.com.br\/acoes\/BBAS3\/\" target=\"_blank\" rel=\"noopener\">Banco do Brasil (BBAS3)<\/a> e da <a class=\"suno-keyword\" data-force=\"yes\" data-priority=\"2\" href=\"https:\/\/www.suno.com.br\/acoes\/CSNA3\/\" target=\"_blank\" rel=\"noopener\">CSN (CSNA3)<\/a>. O nome passou a ser ventilado como uma indica\u00e7\u00e3o do Governo Federal, que exerce sua influ\u00eancia no <a class=\"suno-keyword\" data-force=\"no\" data-priority=\"1\" href=\"https:\/\/www.suno.com.br\/artigos\/conselho-administracao\/\" target=\"_blank\" rel=\"noopener\">Conselho de Administra\u00e7\u00e3o<\/a> da mineradora por meio da Previ, <a class=\"suno-keyword\" data-force=\"no\" data-priority=\"1\" href=\"https:\/\/www.suno.com.br\/artigos\/fundo-previdencia\/\" target=\"_blank\" rel=\"noopener\">fundo de previd\u00eancia<\/a> dos funcion\u00e1rios do BB.<\/p><div class=\"videoFull \">\n\t\t\t<div class=\"videoWrapper yt-lazyload center\"\n\t\t\t\tdata-width=\"960\"\n\t\t\t\tdata-height=\"540\"\n\t\t\t\tdata-id=\"0CUmeAlCoMk\"\n\t\t\t\tdata-alt=\"V\u00eddeo do YouTube - clique para reproduzir\"\n\t\t\t\tdata-logo=\"3\"\n\t\t\t\tdata-imagequality=\"maxres\">\n\t\t\t<\/div>\n\t\t<\/div><script type=\"application\/ld+json\">{\"@context\":\"https:\/\/schema.org\",\"@type\":\"VideoObject\",\"name\":\"VALE3: O Que Esperar do FUTURO da Companhia?\",\"description\":\"Utilize o Cupom \"SUNO5\" e Garanta a Nossa Assinatura Mais Completa, a Suno Black, com 5% OFF: https:\/\/lp.suno.com.br\/nossas-assinaturas\/suno-black\/?utm_source=youtube.tiago&utm_medium=video&utm_campaign=N\/A.ns.20240330&utm_content=0CUmeAlCoMk Entenda tudo sobre as recentes mudan\u00e7as na Vale, incluindo a possibilidade da nomea\u00e7\u00e3o de um novo CEO e o que isso significa para a empresa e seus acionistas. Quais s\u00e3o as implica\u00e7\u00f5es dessas mudan\u00e7as na governan\u00e7a corporativa,\u2026\",\"duration\":\"PT14M14S\",\"embedUrl\":\"https:\/\/www.youtube.com\/embed\/0CUmeAlCoMk\",\"regionsAllowed\":\"pt-BR\",\"interactionStatistic\":{\"@type\":\"InteractionCounter\",\"interactionType\":{\"@type\":\"WatchAction\"},\"userInteractionCount\":18928},\"thumbnailUrl\":\"https:\/\/i.ytimg.com\/vi\/0CUmeAlCoMk\/default.jpg\",\"uploadDate\":\"2024-02-27T10:00:00Z\"}<\/script>\n\n\n\n\n\t<p>\n\t\t<a href=\"\" target=\"_blank\" data-element=\"shortcode-suno-banner\" title=\"Banner SUNO, clique e saiba mais\">\n\t\t\t<picture>\n\t\t\t\t<source media=\"(max-width: 500px)\" srcset=\"\">\n\t\t\t\t<img class=\"newsContent__article__imgCapa newsContent__article__imgCapa--banner\"\n\t\t\t\t\tsrc=\"\"\n\t\t\t\t\tdata-promo-id=\"250706\"\t\t\t\t\t\t\t\t\t\t\t\t\t\t\talt=\"\"\n\t\t\t\t>\n\t\t\t<\/picture>\n\t\t<\/a>\n\t<\/p>\n\n\n\n\n\n\n\n<p><strong>Tiago Reis<\/strong>, fundador e chairman da Suno, destaca que o que estamos vivendo no momento \u00e9 uma articula\u00e7\u00e3o de um nome de <strong>CEO da Vale<\/strong> que &#8220;agrade gregos e troianos&#8221;.<\/p>\n\n\n\n<p>&#8220;Agora temos um nome de um executivo, algu\u00e9m que j\u00e1 tem uma carreira em empresas &#8211; que \u00e0s vezes tiveram bons resultados, \u00e0s vezes tiveram resultados n\u00e3o t\u00e3o bons, mas ao menos \u00e9 algu\u00e9m que veio do mundo corporativo e agrada muito mais do que outros nome que foram cogitados no passado&#8221;, analisa.<\/p>\n\n\n\n<p>Reis acrescenta que n\u00e3o necessariamente essa proximidade com o mundo corporativo deve ser suficiente para fazer o nome de <strong>Paulo Caffarelli<\/strong> passar pelo crivo do conselho da mineradora, mas ainda assim \u00e9 um nome muito mais palat\u00e1vel do que propostos no passado &#8211; como o de <a href=\"https:\/\/www.youtube.com\/live\/9a_qzkrDMRs?feature=shared\">Guido Mantega, ex-ministro da Fazenda de gest\u00f5es petistas, que foi cotado para assumir a Vale em janeiro<\/a>.<\/p>\n\n\n\n<p>O atual CEO da Vale, <a class=\"suno-keyword\" data-force=\"no\" data-priority=\"2\" href=\"https:\/\/www.suno.com.br\/tudo-sobre\/eduardo-bartolomeo\/\" target=\"_blank\" rel=\"noopener\"><strong>Eduardo Bartolomeo<\/strong><\/a>, tem seu mandato at\u00e9 o fim de maio, e h\u00e1 uma possibilidade de ele ser reconduzido ao cargo.<\/p>\n\n\n\n<p>Ao ser indagado sobre sua predile\u00e7\u00e3o entre <strong>Bartolomeo<\/strong> e <strong>Caffarelli<\/strong>, Reis destacou que vale a frase de que &#8220;em time que est\u00e1 ganhando n\u00e3o se mexe&#8221;.<\/p>\n\n\n\n<p>&#8220;O Bartolomeo fez um excelente trabalho em v\u00e1rias frentes, melhorou muito a quest\u00e3o da seguran\u00e7a da Vale. Isso podemos notar, n\u00e3o tem mais eventos e, mesmo que tiv\u00e9ssemos eventos que ocorreram no passado, as comunidades foram tiradas do entorno. A Vale \u00e9 uma empresa muito mais segura hoje do que foi no passado&#8221;, comenta.<\/p>\n\n\n\n<p>&#8220;Isso, at\u00e9 por conta da press\u00e3o da sociedade civil e do governo, que realmente \u00e9 uma trag\u00e9dia e n\u00e3o deveria acontecer em uma empresa s\u00e9ria como a Vale&#8221;, completa.<\/p>\n\n\n\n\t<div data-element=\"shortcode-read-more\" class=\"readToo\">\n\t\t\t\t<span class=\"readToo__title\">Leia mais<\/span>\n\t\t\t\t<ul class=\"readToo__list\">\n\t\t\t<li><a href=\"https:\/\/www.suno.com.br\/noticias\/weg-wege3-bancos-atualizam-expectativas-balanco-gpj\/\">Weg (WEGE3): bancos atualizam expectativas ap\u00f3s balan\u00e7o do 4T23; confira<\/a><\/li><li><a href=\"https:\/\/www.suno.com.br\/noticias\/marcopolo-pomo4-lucro-resultado-4t23-evm\/\">Marcopolo (POMO4) eleva lucro para R$ 272 milh\u00f5es; a\u00e7\u00f5es sobem<\/a><\/li><li><a href=\"https:\/\/www.suno.com.br\/noticias\/ipca-previsao-inflacao-pib-boletim-focus-gpj\/\">IPCA: previs\u00e3o para infla\u00e7\u00e3o volta a diminuir e a do PIB sobe; veja proje\u00e7\u00f5es do Boletim Focus<\/a><\/li><li><a href=\"https:\/\/www.suno.com.br\/noticias\/vale-vale3-pagara-77-bilhoes-dividendos-2024-bba-evm\/\">Vale (VALE3): confira quanto a empresa deve pagar em dividendos no acumulado do ano<\/a><\/li>\t\t<\/ul>\n\t<\/div>\n\n\n\n\n<h2 class=\"wp-block-heading\">Bartolomeo tem m\u00e9rito por &#8216;focar no que importa&#8217; na Vale<\/h2>\n\n\n\n<p>Al\u00e9m disso, Reis destaca que Bartolomeo tem um grande m\u00e9rito em termos de aloca\u00e7\u00e3o de capital.<\/p>\n\n\n\n<p>&#8220;Se olharmos para o hist\u00f3rico da vale, em momentos que o pre\u00e7o do min\u00e9rio estava muito elevado, a gest\u00e3o tomou muita coragem e fez investimentos que n\u00e3o se mostraram lucrativos ao longo do tempo. O Bartolomeo tem focado no min\u00e9rio e em fazer o spin-off das atividades que n\u00e3o s\u00e3o relacionadas ao min\u00e9rio, separando isso na Vale Base Metals, que ser\u00e1 uma companhia separada&#8221;, aponta.<\/p>\n\n\n\n<p>&#8220;Com isso, o Capex e os investimentos dessas unidades que precisam de investimento para aquecer &#8211; cobalto, n\u00edquel, cobre &#8211; contar\u00e3o com <a class=\"suno-keyword\" target=\"_blank\" data-force=\"no\" data-priority=\"1\" href=\"https:\/\/www.suno.com.br\/artigos\/capital-proprio-ou-capital-de-terceiros\/\" rel=\"noopener\">capital de terceiros<\/a>. Eles est\u00e3o trazendo s\u00f3cios. E a unidade neg\u00f3cio que gera muito caixa, que \u00e9 a unidade de metais ferrosos e pelotas, vai gerar muito caixa e contribuir com <a class=\"suno-keyword\" target=\"_blank\" data-force=\"no\" data-priority=\"1\" href=\"https:\/\/www.suno.com.br\/guias\/dividendos\/\" rel=\"noopener\">dividendos<\/a> e recompras&#8221;, conclui.<\/p>\n\n\n\n<p>Com isso, Tiago Reis sinaliza que esse caminho deve levar a <strong>Vale a ser uma grande pagadora de dividendos<\/strong> em detrimento de &#8220;fazer loucuras como investir em minera\u00e7\u00e3o na \u00c1frica ou em min\u00e9rios que n\u00e3o s\u00e3o o <a class=\"suno-keyword\" target=\"_blank\" data-force=\"no\" data-priority=\"1\" href=\"https:\/\/www.suno.com.br\/artigos\/core-business\/\" rel=\"noopener\">core business<\/a>&#8220;.<\/p>\n\n\n\t<p>\n\t\t<a href=\"https:\/\/lp.suno.com.br\/ebook-como-analisar-uma-acao\/\" target=\"_blank\" data-element=\"shortcode-suno-banner\" title=\"Banner SUNO, clique e saiba mais\">\n\t\t\t<picture>\n\t\t\t\t<source media=\"(max-width: 500px)\" srcset=\"https:\/\/files.sunoresearch.com.br\/n\/uploads\/2023\/03\/Ebook-Acoes-Mobile.jpg\">\n\t\t\t\t<img class=\"newsContent__article__imgCapa newsContent__article__imgCapa--banner\"\n\t\t\t\t\tsrc=\"https:\/\/files.sunoresearch.com.br\/n\/uploads\/2023\/03\/Ebook-Acoes-Desktop.jpg\"\n\t\t\t\t\tdata-promo-id=\"378302\"\t\t\t\t\t\t\t\t\t\twidth='1420' height='286'\t\t\t\t\talt=\"https:\/\/files.sunoresearch.com.br\/n\/uploads\/2023\/03\/Ebook-Acoes-Desktop.jpg\"\n\t\t\t\t>\n\t\t\t<\/picture>\n\t\t<\/a>\n\t<\/p>\n\n\n\n\n\n<h2 class=\"wp-block-heading\">O governo tem for\u00e7a no Conselho de Administra\u00e7\u00e3o<\/h2>\n\n\n\n<p>Ao comentar sobre a influ\u00eancia do Governo Federal, Tiago explica que a press\u00e3o que pode ser exercida \u00e9 bem limitada, dado que a <strong><a href=\"https:\/\/statusinvest.com.br\/acoes\/vale3\">VALE3<\/a><\/strong> \u00e9 uma <a href=\"https:\/\/www.suno.com.br\/artigos\/corporacao\/\">corporation<\/a> &#8211; ou seja, uma companhia com seu controle dilu\u00eddo e com nenhum acionista individual com mais de 10% do capital social.<\/p>\n\n\n\n<p>&#8220;O governo tem um interesse e os principais acionistas da empresa tem outro. O governo n\u00e3o \u00e9 um acionista relevante na Vale, o que ele tem \u00e9 uma influ\u00eancia na Previ, fundo dos funcion\u00e1rios do BB, que \u00e9 o principal acionista da Vale, por\u00e9m n\u00e3o tem controle. A Vale tem seu controle pulverizado&#8221;, explica.<\/p>\n\n\n\n<p>Atualmente a Previ det\u00e9m 8,7% do capital social da Vale, com duas cadeiras no Conselho de Administra\u00e7\u00e3o.<\/p>\n\n\n\n<p>Ou seja, para conseguir emplacar seu nome como novo <strong>presidente da Vale<\/strong>, a Previ precisaria convencer os demais acionistas &#8211; que representam mais de 90% do capital social da empresa.<\/p>\n\n\n\n<p>Quando, em janeiro, a press\u00e3o foi para nomear CEO o ex-ministro da Fazenda de gest\u00f5es petistas, os demais acionistas n\u00e3o aprovaram.<\/p>\n\n\n\n<p>&#8220;Para que um nome v\u00e1 em frente, nenhum acionista conseguir\u00e1 emplacar o nome sozinho. \u00c9 um trabalho de composi\u00e7\u00e3o \u00c9 quase como passar uma reforma&#8221;, explica, sobre a din\u00e2mica de aprova\u00e7\u00e3o do novo nome para CEO da <strong>Vale<\/strong>.<\/p>\n\n\n\t<p>\n\t\t<a href=\"https:\/\/lp.suno.com.br\/plataforma-de-controle-de-investimentos\/\" target=\"_blank\" data-element=\"shortcode-suno-banner\" title=\"Banner SUNO, clique e saiba mais\">\n\t\t\t<picture>\n\t\t\t\t<source media=\"(max-width: 500px)\" srcset=\"https:\/\/files.sunoresearch.com.br\/n\/uploads\/2023\/03\/400x300-Controle-de-Investimentos.png\">\n\t\t\t\t<img class=\"newsContent__article__imgCapa newsContent__article__imgCapa--banner\"\n\t\t\t\t\tsrc=\"https:\/\/files.sunoresearch.com.br\/n\/uploads\/2023\/03\/1420x240-Controle-de-Investimentos.png\"\n\t\t\t\t\tdata-promo-id=\"383162\"\t\t\t\t\t\t\t\t\t\twidth='1420' height='240'\t\t\t\t\talt=\"https:\/\/files.sunoresearch.com.br\/n\/uploads\/2023\/03\/1420x240-Controle-de-Investimentos.png\"\n\t\t\t\t>\n\t\t\t<\/picture>\n\t\t<\/a>\n\t<\/p>\n\n\n","protected":false},"excerpt":{"rendered":"<p>Nesta segunda (26) o mercado passou a lidar com um novo nome cotado para ser CEO da Vale (VALE3): Paulo Caffarelli, ex-CEO da Cielo (CIEL3) e ex-diretor do Banco do Brasil (BBAS3) e da CSN (CSNA3). O nome passou a ser ventilado como uma indica\u00e7\u00e3o do Governo Federal, que exerce sua influ\u00eancia no Conselho de [&hellip;]<\/p>\n","protected":false},"author":73,"featured_media":527181,"comment_status":"closed","ping_status":"closed","sticky":false,"template":"","format":"standard","meta":[],"categories":[64],"tags":[105816,676],"suno_strategy":[],"class_list":["post-527172","post","type-post","status-publish","format-standard","has-post-thumbnail","hentry","category-negocios","tag-especialistas","tag-vale-vale3"],"yoast_head":"<!-- This site is optimized with the Yoast SEO plugin v24.4 - https:\/\/yoast.com\/wordpress\/plugins\/seo\/ -->\n<title>Novo nome para CEO da Vale (VALE3) \u00e9 bom? Veja a opini\u00e3o de Tiago Reis<\/title>\n<meta name=\"description\" content=\"Tiago Reis, fundador da Suno, destaca que novo nome para CEO da Vale deve visar &#039;agradar gregos e troianos&#039;\" \/>\n<meta name=\"robots\" content=\"index, follow, max-snippet:-1, max-image-preview:large, max-video-preview:-1\" \/>\n<link rel=\"canonical\" href=\"https:\/\/www.suno.com.br\/noticias\/novo-nome-ceo-vale-vale3-tiago-reis-evm\/\" \/>\n<meta property=\"og:locale\" content=\"pt_BR\" \/>\n<meta property=\"og:type\" content=\"article\" \/>\n<meta property=\"og:title\" content=\"Novo nome para CEO da Vale (VALE3) \u00e9 bom? Veja a opini\u00e3o de Tiago Reis\" \/>\n<meta property=\"og:description\" content=\"Tiago Reis, fundador da Suno, destaca que novo nome para CEO da Vale deve visar &#039;agradar gregos e troianos&#039;\" \/>\n<meta property=\"og:url\" content=\"https:\/\/www.suno.com.br\/noticias\/novo-nome-ceo-vale-vale3-tiago-reis-evm\/\" \/>\n<meta property=\"og:site_name\" content=\"Suno Not\u00edcias\" \/>\n<meta property=\"article:publisher\" content=\"https:\/\/facebook.com\/sunoresearch\" \/>\n<meta property=\"og:image\" content=\"https:\/\/files.sunoresearch.com.br\/n\/uploads\/2024\/02\/paulo-caffareli-ceo-vale.jpg\" \/>\n\t<meta property=\"og:image:width\" content=\"1503\" \/>\n\t<meta property=\"og:image:height\" content=\"942\" \/>\n\t<meta property=\"og:image:type\" content=\"image\/jpeg\" \/>\n<meta name=\"author\" content=\"Eduardo Vargas\" \/>\n<meta name=\"twitter:card\" content=\"summary_large_image\" \/>\n<meta name=\"twitter:creator\" content=\"@sunoresearch\" \/>\n<meta name=\"twitter:site\" content=\"@sunoresearch\" \/>\n<meta name=\"twitter:label1\" content=\"Escrito por\" \/>\n\t<meta name=\"twitter:data1\" content=\"Eduardo Vargas\" \/>\n\t<meta name=\"twitter:label2\" content=\"Est. tempo de leitura\" \/>\n\t<meta name=\"twitter:data2\" content=\"5 minutos\" \/>\n<script type=\"application\/ld+json\" class=\"yoast-schema-graph\">{\"@context\":\"https:\/\/schema.org\",\"@graph\":[{\"@type\":\"NewsArticle\",\"@id\":\"https:\/\/www.suno.com.br\/noticias\/novo-nome-ceo-vale-vale3-tiago-reis-evm\/#article\",\"isPartOf\":{\"@id\":\"https:\/\/www.suno.com.br\/noticias\/novo-nome-ceo-vale-vale3-tiago-reis-evm\/\"},\"author\":{\"name\":\"Eduardo Vargas\",\"@id\":\"https:\/\/www.suno.com.br\/noticias\/#\/schema\/person\/7f4d362bf3518e76090143ae77bb49a5\"},\"headline\":\"Novo nome para CEO da Vale (VALE3) \u00e9 bom? Veja a opini\u00e3o de Tiago Reis\",\"datePublished\":\"2024-02-27T17:14:08+00:00\",\"dateModified\":\"2024-02-27T17:24:24+00:00\",\"mainEntityOfPage\":{\"@id\":\"https:\/\/www.suno.com.br\/noticias\/novo-nome-ceo-vale-vale3-tiago-reis-evm\/\"},\"wordCount\":823,\"publisher\":{\"@id\":\"https:\/\/www.suno.com.br\/noticias\/#organization\"},\"image\":{\"@id\":\"https:\/\/www.suno.com.br\/noticias\/novo-nome-ceo-vale-vale3-tiago-reis-evm\/#primaryimage\"},\"thumbnailUrl\":\"https:\/\/files.sunoresearch.com.br\/n\/uploads\/2024\/02\/paulo-caffareli-ceo-vale.jpg\",\"keywords\":[\"Especialistas\",\"Vale (VALE3)\"],\"articleSection\":[\"Neg\u00f3cios\"],\"inLanguage\":\"pt-BR\"},{\"@type\":\"WebPage\",\"@id\":\"https:\/\/www.suno.com.br\/noticias\/novo-nome-ceo-vale-vale3-tiago-reis-evm\/\",\"url\":\"https:\/\/www.suno.com.br\/noticias\/novo-nome-ceo-vale-vale3-tiago-reis-evm\/\",\"name\":\"Novo nome para CEO da Vale (VALE3) \u00e9 bom? Veja a opini\u00e3o de Tiago Reis\",\"isPartOf\":{\"@id\":\"https:\/\/www.suno.com.br\/noticias\/#website\"},\"primaryImageOfPage\":{\"@id\":\"https:\/\/www.suno.com.br\/noticias\/novo-nome-ceo-vale-vale3-tiago-reis-evm\/#primaryimage\"},\"image\":{\"@id\":\"https:\/\/www.suno.com.br\/noticias\/novo-nome-ceo-vale-vale3-tiago-reis-evm\/#primaryimage\"},\"thumbnailUrl\":\"https:\/\/files.sunoresearch.com.br\/n\/uploads\/2024\/02\/paulo-caffareli-ceo-vale.jpg\",\"datePublished\":\"2024-02-27T17:14:08+00:00\",\"dateModified\":\"2024-02-27T17:24:24+00:00\",\"description\":\"Tiago Reis, fundador da Suno, destaca que novo nome para CEO da Vale deve visar 'agradar gregos e troianos'\",\"breadcrumb\":{\"@id\":\"https:\/\/www.suno.com.br\/noticias\/novo-nome-ceo-vale-vale3-tiago-reis-evm\/#breadcrumb\"},\"inLanguage\":\"pt-BR\",\"potentialAction\":[{\"@type\":\"ReadAction\",\"target\":[\"https:\/\/www.suno.com.br\/noticias\/novo-nome-ceo-vale-vale3-tiago-reis-evm\/\"]}]},{\"@type\":\"ImageObject\",\"inLanguage\":\"pt-BR\",\"@id\":\"https:\/\/www.suno.com.br\/noticias\/novo-nome-ceo-vale-vale3-tiago-reis-evm\/#primaryimage\",\"url\":\"https:\/\/files.sunoresearch.com.br\/n\/uploads\/2024\/02\/paulo-caffareli-ceo-vale.jpg\",\"contentUrl\":\"https:\/\/files.sunoresearch.com.br\/n\/uploads\/2024\/02\/paulo-caffareli-ceo-vale.jpg\",\"width\":1503,\"height\":942,\"caption\":\"Paulo Rog\u00e9rio Caffarelli, ex-CEO da Cielo e ex-diretor do Banco do Brasil, \u00e9 cotado para presidir a Vale - Foto: Divulga\u00e7\u00e3o\"},{\"@type\":\"BreadcrumbList\",\"@id\":\"https:\/\/www.suno.com.br\/noticias\/novo-nome-ceo-vale-vale3-tiago-reis-evm\/#breadcrumb\",\"itemListElement\":[{\"@type\":\"ListItem\",\"position\":1,\"name\":\"Not\u00edcias\",\"item\":\"https:\/\/www.suno.com.br\/noticias\/\"},{\"@type\":\"ListItem\",\"position\":2,\"name\":\"Neg\u00f3cios\",\"item\":\"https:\/\/www.suno.com.br\/noticias\/negocios\/\"},{\"@type\":\"ListItem\",\"position\":3,\"name\":\"Novo nome para CEO da Vale (VALE3) \u00e9 bom? Veja a opini\u00e3o de Tiago Reis\"}]},{\"@type\":\"WebSite\",\"@id\":\"https:\/\/www.suno.com.br\/noticias\/#website\",\"url\":\"https:\/\/www.suno.com.br\/noticias\/\",\"name\":\"Suno Not\u00edcias\",\"description\":\"Seu portal de informa\u00e7\u00e3o sobre o mundo dos investimentos\",\"publisher\":{\"@id\":\"https:\/\/www.suno.com.br\/noticias\/#organization\"},\"potentialAction\":[{\"@type\":\"SearchAction\",\"target\":{\"@type\":\"EntryPoint\",\"urlTemplate\":\"https:\/\/www.suno.com.br\/noticias\/?s={search_term_string}\"},\"query-input\":{\"@type\":\"PropertyValueSpecification\",\"valueRequired\":true,\"valueName\":\"search_term_string\"}}],\"inLanguage\":\"pt-BR\"},{\"@type\":\"Organization\",\"@id\":\"https:\/\/www.suno.com.br\/noticias\/#organization\",\"name\":\"Suno Not\u00edcias\",\"url\":\"https:\/\/www.suno.com.br\/noticias\/\",\"logo\":{\"@type\":\"ImageObject\",\"inLanguage\":\"pt-BR\",\"@id\":\"https:\/\/www.suno.com.br\/noticias\/#\/schema\/logo\/image\/\",\"url\":\"https:\/\/files.sunoresearch.com.br\/n\/uploads\/2021\/09\/suno-logo.png\",\"contentUrl\":\"https:\/\/files.sunoresearch.com.br\/n\/uploads\/2021\/09\/suno-logo.png\",\"width\":180,\"height\":180,\"caption\":\"Suno Not\u00edcias\"},\"image\":{\"@id\":\"https:\/\/www.suno.com.br\/noticias\/#\/schema\/logo\/image\/\"},\"sameAs\":[\"https:\/\/facebook.com\/sunoresearch\",\"https:\/\/x.com\/sunoresearch\",\"https:\/\/www.instagram.com\/suno\",\"https:\/\/www.linkedin.com\/company\/suno-research\/\",\"https:\/\/www.youtube.com\/c\/sunoresearch\"]},{\"@type\":\"Person\",\"@id\":\"https:\/\/www.suno.com.br\/noticias\/#\/schema\/person\/7f4d362bf3518e76090143ae77bb49a5\",\"name\":\"Eduardo Vargas\",\"image\":{\"@type\":\"ImageObject\",\"inLanguage\":\"pt-BR\",\"@id\":\"https:\/\/www.suno.com.br\/noticias\/#\/schema\/person\/image\/\",\"url\":\"https:\/\/secure.gravatar.com\/avatar\/dac340933427a22924c9f99d1eb2e3f2?s=96&r=g\",\"contentUrl\":\"https:\/\/secure.gravatar.com\/avatar\/dac340933427a22924c9f99d1eb2e3f2?s=96&r=g\",\"caption\":\"Eduardo Vargas\"},\"description\":\"Jornalista formado pela UFSC, cobre macroeconomia, neg\u00f3cios e startups para o Suno Not\u00edcias, escrevendo principalmente not\u00edcias sobre o mercado financeiro e a bolsa de valores. No YouTube e no Instagram, \u00e9 respons\u00e1vel pela produ\u00e7\u00e3o de Reels e Shorts do Suno Not\u00edcias. Anteriormente, trabalhou cobrindo economia e cotidiano no ND+ e para o ND, maior jornal impresso de Santa Catarina. Cursou um semestre letivo de Estudos de M\u00eddia na Universidad de Buenos Aires.\",\"url\":\"https:\/\/www.suno.com.br\/noticias\/author\/eduardo-vargas\/\"}]}<\/script>\n<!-- \/ Yoast SEO plugin. -->","yoast_head_json":{"title":"Novo nome para CEO da Vale (VALE3) \u00e9 bom? Veja a opini\u00e3o de Tiago Reis","description":"Tiago Reis, fundador da Suno, destaca que novo nome para CEO da Vale deve visar 'agradar gregos e troianos'","robots":{"index":"index","follow":"follow","max-snippet":"max-snippet:-1","max-image-preview":"max-image-preview:large","max-video-preview":"max-video-preview:-1"},"canonical":"https:\/\/www.suno.com.br\/noticias\/novo-nome-ceo-vale-vale3-tiago-reis-evm\/","og_locale":"pt_BR","og_type":"article","og_title":"Novo nome para CEO da Vale (VALE3) \u00e9 bom? Veja a opini\u00e3o de Tiago Reis","og_description":"Tiago Reis, fundador da Suno, destaca que novo nome para CEO da Vale deve visar 'agradar gregos e troianos'","og_url":"https:\/\/www.suno.com.br\/noticias\/novo-nome-ceo-vale-vale3-tiago-reis-evm\/","og_site_name":"Suno Not\u00edcias","article_publisher":"https:\/\/facebook.com\/sunoresearch","og_image":[{"width":1503,"height":942,"url":"https:\/\/files.sunoresearch.com.br\/n\/uploads\/2024\/02\/paulo-caffareli-ceo-vale.jpg","type":"image\/jpeg"}],"author":"Eduardo Vargas","twitter_card":"summary_large_image","twitter_creator":"@sunoresearch","twitter_site":"@sunoresearch","twitter_misc":{"Escrito por":"Eduardo Vargas","Est. tempo de leitura":"5 minutos"},"schema":{"@context":"https:\/\/schema.org","@graph":[{"@type":"NewsArticle","@id":"https:\/\/www.suno.com.br\/noticias\/novo-nome-ceo-vale-vale3-tiago-reis-evm\/#article","isPartOf":{"@id":"https:\/\/www.suno.com.br\/noticias\/novo-nome-ceo-vale-vale3-tiago-reis-evm\/"},"author":{"name":"Eduardo Vargas","@id":"https:\/\/www.suno.com.br\/noticias\/#\/schema\/person\/7f4d362bf3518e76090143ae77bb49a5"},"headline":"Novo nome para CEO da Vale (VALE3) \u00e9 bom? Veja a opini\u00e3o de Tiago Reis","datePublished":"2024-02-27T17:14:08+00:00","dateModified":"2024-02-27T17:24:24+00:00","mainEntityOfPage":{"@id":"https:\/\/www.suno.com.br\/noticias\/novo-nome-ceo-vale-vale3-tiago-reis-evm\/"},"wordCount":823,"publisher":{"@id":"https:\/\/www.suno.com.br\/noticias\/#organization"},"image":{"@id":"https:\/\/www.suno.com.br\/noticias\/novo-nome-ceo-vale-vale3-tiago-reis-evm\/#primaryimage"},"thumbnailUrl":"https:\/\/files.sunoresearch.com.br\/n\/uploads\/2024\/02\/paulo-caffareli-ceo-vale.jpg","keywords":["Especialistas","Vale (VALE3)"],"articleSection":["Neg\u00f3cios"],"inLanguage":"pt-BR"},{"@type":"WebPage","@id":"https:\/\/www.suno.com.br\/noticias\/novo-nome-ceo-vale-vale3-tiago-reis-evm\/","url":"https:\/\/www.suno.com.br\/noticias\/novo-nome-ceo-vale-vale3-tiago-reis-evm\/","name":"Novo nome para CEO da Vale (VALE3) \u00e9 bom? Veja a opini\u00e3o de Tiago Reis","isPartOf":{"@id":"https:\/\/www.suno.com.br\/noticias\/#website"},"primaryImageOfPage":{"@id":"https:\/\/www.suno.com.br\/noticias\/novo-nome-ceo-vale-vale3-tiago-reis-evm\/#primaryimage"},"image":{"@id":"https:\/\/www.suno.com.br\/noticias\/novo-nome-ceo-vale-vale3-tiago-reis-evm\/#primaryimage"},"thumbnailUrl":"https:\/\/files.sunoresearch.com.br\/n\/uploads\/2024\/02\/paulo-caffareli-ceo-vale.jpg","datePublished":"2024-02-27T17:14:08+00:00","dateModified":"2024-02-27T17:24:24+00:00","description":"Tiago Reis, fundador da Suno, destaca que novo nome para CEO da Vale deve visar 'agradar gregos e troianos'","breadcrumb":{"@id":"https:\/\/www.suno.com.br\/noticias\/novo-nome-ceo-vale-vale3-tiago-reis-evm\/#breadcrumb"},"inLanguage":"pt-BR","potentialAction":[{"@type":"ReadAction","target":["https:\/\/www.suno.com.br\/noticias\/novo-nome-ceo-vale-vale3-tiago-reis-evm\/"]}]},{"@type":"ImageObject","inLanguage":"pt-BR","@id":"https:\/\/www.suno.com.br\/noticias\/novo-nome-ceo-vale-vale3-tiago-reis-evm\/#primaryimage","url":"https:\/\/files.sunoresearch.com.br\/n\/uploads\/2024\/02\/paulo-caffareli-ceo-vale.jpg","contentUrl":"https:\/\/files.sunoresearch.com.br\/n\/uploads\/2024\/02\/paulo-caffareli-ceo-vale.jpg","width":1503,"height":942,"caption":"Paulo Rog\u00e9rio Caffarelli, ex-CEO da Cielo e ex-diretor do Banco do Brasil, \u00e9 cotado para presidir a Vale - Foto: Divulga\u00e7\u00e3o"},{"@type":"BreadcrumbList","@id":"https:\/\/www.suno.com.br\/noticias\/novo-nome-ceo-vale-vale3-tiago-reis-evm\/#breadcrumb","itemListElement":[{"@type":"ListItem","position":1,"name":"Not\u00edcias","item":"https:\/\/www.suno.com.br\/noticias\/"},{"@type":"ListItem","position":2,"name":"Neg\u00f3cios","item":"https:\/\/www.suno.com.br\/noticias\/negocios\/"},{"@type":"ListItem","position":3,"name":"Novo nome para CEO da Vale (VALE3) \u00e9 bom? Veja a opini\u00e3o de Tiago Reis"}]},{"@type":"WebSite","@id":"https:\/\/www.suno.com.br\/noticias\/#website","url":"https:\/\/www.suno.com.br\/noticias\/","name":"Suno Not\u00edcias","description":"Seu portal de informa\u00e7\u00e3o sobre o mundo dos investimentos","publisher":{"@id":"https:\/\/www.suno.com.br\/noticias\/#organization"},"potentialAction":[{"@type":"SearchAction","target":{"@type":"EntryPoint","urlTemplate":"https:\/\/www.suno.com.br\/noticias\/?s={search_term_string}"},"query-input":{"@type":"PropertyValueSpecification","valueRequired":true,"valueName":"search_term_string"}}],"inLanguage":"pt-BR"},{"@type":"Organization","@id":"https:\/\/www.suno.com.br\/noticias\/#organization","name":"Suno Not\u00edcias","url":"https:\/\/www.suno.com.br\/noticias\/","logo":{"@type":"ImageObject","inLanguage":"pt-BR","@id":"https:\/\/www.suno.com.br\/noticias\/#\/schema\/logo\/image\/","url":"https:\/\/files.sunoresearch.com.br\/n\/uploads\/2021\/09\/suno-logo.png","contentUrl":"https:\/\/files.sunoresearch.com.br\/n\/uploads\/2021\/09\/suno-logo.png","width":180,"height":180,"caption":"Suno Not\u00edcias"},"image":{"@id":"https:\/\/www.suno.com.br\/noticias\/#\/schema\/logo\/image\/"},"sameAs":["https:\/\/facebook.com\/sunoresearch","https:\/\/x.com\/sunoresearch","https:\/\/www.instagram.com\/suno","https:\/\/www.linkedin.com\/company\/suno-research\/","https:\/\/www.youtube.com\/c\/sunoresearch"]},{"@type":"Person","@id":"https:\/\/www.suno.com.br\/noticias\/#\/schema\/person\/7f4d362bf3518e76090143ae77bb49a5","name":"Eduardo Vargas","image":{"@type":"ImageObject","inLanguage":"pt-BR","@id":"https:\/\/www.suno.com.br\/noticias\/#\/schema\/person\/image\/","url":"https:\/\/secure.gravatar.com\/avatar\/dac340933427a22924c9f99d1eb2e3f2?s=96&r=g","contentUrl":"https:\/\/secure.gravatar.com\/avatar\/dac340933427a22924c9f99d1eb2e3f2?s=96&r=g","caption":"Eduardo Vargas"},"description":"Jornalista formado pela UFSC, cobre macroeconomia, neg\u00f3cios e startups para o Suno Not\u00edcias, escrevendo principalmente not\u00edcias sobre o mercado financeiro e a bolsa de valores. No YouTube e no Instagram, \u00e9 respons\u00e1vel pela produ\u00e7\u00e3o de Reels e Shorts do Suno Not\u00edcias. Anteriormente, trabalhou cobrindo economia e cotidiano no ND+ e para o ND, maior jornal impresso de Santa Catarina. Cursou um semestre letivo de Estudos de M\u00eddia na Universidad de Buenos Aires.","url":"https:\/\/www.suno.com.br\/noticias\/author\/eduardo-vargas\/"}]}},"default_loop_html":"<div class=\"cardsPage__listCard__boxs\"><div class=\"cardsPage__listCard__boxs__img\"><a href=\"https:\/\/www.suno.com.br\/noticias\/novo-nome-ceo-vale-vale3-tiago-reis-evm\/\"><img class=\"mask\" src=\"https:\/\/www.suno.com.br\/noticias\/wp-content\/themes\/suno\/resources\/images\/spotlight\/spotlight1img\/bg-mask.png\" alt=\"Image Mask\"\/><img src=\"https:\/\/files.sunoresearch.com.br\/n\/uploads\/2024\/02\/paulo-caffareli-ceo-vale-400x200.jpg\" alt=\"Novo nome para CEO da Vale (VALE3) \u00e9 bom? Veja a opini\u00e3o de Tiago Reis\"\/><\/a><span class=\"spotlightCategory\"><a href=\"https:\/\/www.suno.com.br\/noticias\/negocios\/\">Neg\u00f3cios<\/a><\/span><\/div><div class=\"cardsPage__listCard__boxs__content\"><a href=\"https:\/\/www.suno.com.br\/noticias\/novo-nome-ceo-vale-vale3-tiago-reis-evm\/\"><h2 class=\"content__title\">Novo nome para CEO da Vale (VALE3) \u00e9 bom? Veja a opini\u00e3o de Tiago Reis<\/h2><\/a><div class=\"newsContent__article__meta\"><div class=\"newsContent__article__meta__authorBox\"><a href=\"https:\/\/www.suno.com.br\/noticias\/author\/eduardo-vargas\/\" class=\"authorBox__avatar noMobi\"><img src=\"https:\/\/secure.gravatar.com\/avatar\/dac340933427a22924c9f99d1eb2e3f2?s=96&#038;r=g\" alt=\"Eduardo Vargas\"><\/a><div class=\"authorBox__name\"><span>por\n\t\t\t<a href=\"https:\/\/www.suno.com.br\/noticias\/author\/eduardo-vargas\/\"><span itemprop=\"author\">Eduardo Vargas<\/span><\/a><\/span><time datetime=\"2024-02-27T14:14:08-03:00\" itemprop=\"datePublished\">27\/02\/2024 14:14<\/time><\/div><\/div><\/div><\/div><\/div>","single_layout":"posts","amp_enabled":true,"_links":{"self":[{"href":"https:\/\/www.suno.com.br\/noticias\/wp-json\/wp\/v2\/posts\/527172"}],"collection":[{"href":"https:\/\/www.suno.com.br\/noticias\/wp-json\/wp\/v2\/posts"}],"about":[{"href":"https:\/\/www.suno.com.br\/noticias\/wp-json\/wp\/v2\/types\/post"}],"author":[{"embeddable":true,"href":"https:\/\/www.suno.com.br\/noticias\/wp-json\/wp\/v2\/users\/73"}],"replies":[{"embeddable":true,"href":"https:\/\/www.suno.com.br\/noticias\/wp-json\/wp\/v2\/comments?post=527172"}],"version-history":[{"count":2,"href":"https:\/\/www.suno.com.br\/noticias\/wp-json\/wp\/v2\/posts\/527172\/revisions"}],"predecessor-version":[{"id":527197,"href":"https:\/\/www.suno.com.br\/noticias\/wp-json\/wp\/v2\/posts\/527172\/revisions\/527197"}],"wp:featuredmedia":[{"embeddable":true,"href":"https:\/\/www.suno.com.br\/noticias\/wp-json\/wp\/v2\/media\/527181"}],"wp:attachment":[{"href":"https:\/\/www.suno.com.br\/noticias\/wp-json\/wp\/v2\/media?parent=527172"}],"wp:term":[{"taxonomy":"category","embeddable":true,"href":"https:\/\/www.suno.com.br\/noticias\/wp-json\/wp\/v2\/categories?post=527172"},{"taxonomy":"post_tag","embeddable":true,"href":"https:\/\/www.suno.com.br\/noticias\/wp-json\/wp\/v2\/tags?post=527172"},{"taxonomy":"suno_strategy","embeddable":true,"href":"https:\/\/www.suno.com.br\/noticias\/wp-json\/wp\/v2\/suno_strategy?post=527172"}],"curies":[{"name":"wp","href":"https:\/\/api.w.org\/{rel}","templated":true}]}}