{"id":527124,"date":"2024-02-27T12:48:08","date_gmt":"2024-02-27T15:48:08","guid":{"rendered":"https:\/\/www.suno.com.br\/noticias\/?p=527124"},"modified":"2024-02-27T12:48:16","modified_gmt":"2024-02-27T15:48:16","slug":"weg-wege3-bancos-atualizam-expectativas-balanco-gpj","status":"publish","type":"post","link":"https:\/\/www.suno.com.br\/noticias\/weg-wege3-bancos-atualizam-expectativas-balanco-gpj\/","title":{"rendered":"Weg (WEGE3): bancos atualizam expectativas ap\u00f3s balan\u00e7o do 4T23; confira"},"content":{"rendered":"<p>Em relat\u00f3rio ap\u00f3s a divulga\u00e7\u00e3o dos resultados do quarto trimestre da\u00a0<strong>Weg<\/strong>\u00a0(<a href=\"https:\/\/statusinvest.com.br\/acoes\/wege3?__hstc=189907700.a70e542b5675529ab30fec42ef1e7569.1707742872426.1709028243418.1709045258365.34&amp;__hssc=189907700.12.1709045258365&amp;__hsfp=3087225308\">WEGE3<\/a>), ocorrida na \u00faltima quarta-feira (21), analistas do Ita\u00fa BBA e BTG Pactual ajustaram suas expectativas para a empresa.<\/p>\t<div class=\"wrapper-featured-image\">\n\t\t<figure class=\"spotlightImg\">\n\n\t\t\t<picture>\n\t\t\t\t<source media=\"(max-width: 768px)\" srcset=\"https:\/\/files.sunoresearch.com.br\/n\/uploads\/2023\/02\/weg-wege3-previa-4t22-foto-divulgacao-400x200.jpg\">\n\t\t\t\t<img loading=\"lazy\" decoding=\"async\" class=\"newsContent__article__imgCapa lazyloadDisabled \" src=\"https:\/\/files.sunoresearch.com.br\/n\/uploads\/2023\/02\/weg-wege3-previa-4t22-foto-divulgacao-800x450.jpg\" width=\"800\" height=\"450\" alt=\"Weg (WEGE3): bancos atualizam expectativas ap\u00f3s balan\u00e7o do 4T23; confira\" fetchpriority=high \/>\n\t\t\t<\/picture>\n\n\t\t\t<figcaption class=\"wp-caption-text wp-caption-text--show\">Weg (WEGE3). Foto: Divulga\u00e7\u00e3o<\/figcaption>\n\t\t<\/figure>\n\t<\/div>\n\n\n\n\n\n\n\n\t<p>\n\t\t<a href=\"\" target=\"_blank\" data-element=\"shortcode-suno-banner\" title=\"Banner SUNO, clique e saiba mais\">\n\t\t\t<picture>\n\t\t\t\t<source media=\"(max-width: 500px)\" srcset=\"\">\n\t\t\t\t<img class=\"newsContent__article__imgCapa newsContent__article__imgCapa--banner\"\n\t\t\t\t\tsrc=\"\"\n\t\t\t\t\tdata-promo-id=\"250708\"\t\t\t\t\t\t\t\t\t\t\t\t\t\t\talt=\"\"\n\t\t\t\t>\n\t\t\t<\/picture>\n\t\t<\/a>\n\t<\/p>\n\n\n\n\n\n<p>Para 2024, o <strong>Ita\u00fa BBA<\/strong> tem uma perspectiva &#8216;morna&#8217; para o <strong>faturamento da Weg<\/strong>, em um cen\u00e1rio de <strong>PMI industrial global <\/strong>ainda baixo, al\u00e9m da fraca demanda relatada por pares do setor, especialmente para motores de baixa tens\u00e3o.<\/p>\n\n\n\n<p>Al\u00e9m disso, a casa enxerga uma potencial queda nas margens, que pode ser pressionada pelo mix demanda vol\u00e1til e incorpora\u00e7\u00e3o da <strong>Regal Rexnord<\/strong> &#8211; no fim de setembro do ano passado, a Weg comunicou que suas controladas indiretas no exterior celebraram com a americana um contrato para aquisi\u00e7\u00e3o dos neg\u00f3cios de motores el\u00e9tricos industriais e geradores no valor de US$ 400 milh\u00f5es.<\/p>\n\n\n\n<p>O Ita\u00fa BBA tem recomenda\u00e7\u00e3o &#8216;<a href=\"https:\/\/www.suno.com.br\/artigos\/market-perform\/\">market perform<\/a>&#8216; para as <strong>a\u00e7\u00f5es de Weg<\/strong>, com pre\u00e7o-alvo a R$ 38,50.<\/p>\n\n\n\t<div data-element=\"shortcode-read-more\" class=\"knowMore\">\n\t\t\t\t<span class=\"knowMore__title\">Leia mais<\/span>\n\t\t\t\t<a class=\"knowMore__link\" href=\"https:\/\/www.suno.com.br\/noticias\/weg-wege3-acordo-regal-rexnord-gpj\/\">\n\t\t\tWeg (WEGE3): controladas fecham acordo com Regal Rexnord por US$ 400 milh\u00f5es\t\t<\/a>\n\t<\/div>\n\n\n\n\n<h2 class=\"wp-block-heading\">BTG sobre Weg: opera\u00e7\u00e3o brasileira tem entregado os melhores retornos <\/h2>\n\n\n\n<p>Tamb\u00e9m em relat\u00f3rio, o <strong>BTG Pactual (BPAC11)<\/strong> destacou que a <strong>opera\u00e7\u00e3o brasileira da Weg<\/strong> apresentou os melhores retornos gerais, o que a casa atribuiu ao reinvestimento sistem\u00e1tico da companhia na verticaliza\u00e7\u00e3o industrial.<\/p>\n\n\n\n<p>&#8220;O modelo de neg\u00f3cios totalmente integrado garantiu os maiores retornos do grupo ao longo dos anos. Olhando para as tend\u00eancias de <a href=\"https:\/\/www.suno.com.br\/artigos\/longo-prazo\/\">longo prazo<\/a>, o ROE impl\u00edcito do Brasil apresenta a correla\u00e7\u00e3o mais forte com o <strong>ROE geral da WEG<\/strong>, mostrando o qu\u00e3o relevante o neg\u00f3cio brasileiro continua a ser&#8221;, pontuam os analistas Lucas Marquiori, Fernanda Recchia e Marcelo Arazi.<\/p>\n\n\n\n<p>&#8220;Naturalmente, isso \u00e9 impulsionado pelas <a href=\"https:\/\/www.suno.com.br\/artigos\/duas-empresas-com-vantagens-competitivas-que-pagam-altos-dividendos\/\">vantagens competitivas<\/a> de longa data da empresa no mercado interno, tais como o seu processo de produ\u00e7\u00e3o totalmente integrado e o seu posicionamento dominante no mercado. Apesar disso, o ROE hist\u00f3rico mostra o quanto a <strong>rentabilidade da Weg<\/strong> se destacou durante a pandemia, passando de 20% para perto de 30%&#8221;, completam.<\/p>\n\n\n\n<p>O BTG tem recomenda\u00e7\u00e3o de &#8216;compra&#8217; para as <strong>a\u00e7\u00f5es da Weg,<\/strong> com pre\u00e7o-alvo a R$ 50,00.<\/p>\n\n\n\t<p>\n\t\t<a href=\"https:\/\/lp.suno.com.br\/ebook-como-analisar-uma-acao\/\" target=\"_blank\" data-element=\"shortcode-suno-banner\" title=\"Banner SUNO, clique e saiba mais\">\n\t\t\t<picture>\n\t\t\t\t<source media=\"(max-width: 500px)\" srcset=\"https:\/\/files.sunoresearch.com.br\/n\/uploads\/2023\/03\/Ebook-Acoes-Mobile.jpg\">\n\t\t\t\t<img class=\"newsContent__article__imgCapa newsContent__article__imgCapa--banner\"\n\t\t\t\t\tsrc=\"https:\/\/files.sunoresearch.com.br\/n\/uploads\/2023\/03\/Ebook-Acoes-Desktop.jpg\"\n\t\t\t\t\tdata-promo-id=\"378302\"\t\t\t\t\t\t\t\t\t\twidth='1420' height='286'\t\t\t\t\talt=\"https:\/\/files.sunoresearch.com.br\/n\/uploads\/2023\/03\/Ebook-Acoes-Desktop.jpg\"\n\t\t\t\t>\n\t\t\t<\/picture>\n\t\t<\/a>\n\t<\/p>\n\n\n\n\n\n<h2 class=\"wp-block-heading\">Weg (WEGE3): Goldman Sachs ajusta expectativas ap\u00f3s balan\u00e7o do 4T23; veja recomenda\u00e7\u00e3o<\/h2>\n\n\n\n<p>Em relat\u00f3rio ap\u00f3s a divulga\u00e7\u00e3o dos resultados do quarto trimestre da\u00a0<strong>Weg<\/strong>\u00a0(<a href=\"https:\/\/statusinvest.com.br\/acoes\/wege3?__hstc=189907700.a70e542b5675529ab30fec42ef1e7569.1707742872426.1709028243418.1709045258365.34&amp;__hssc=189907700.10.1709045258365&amp;__hsfp=3087225308\">WEGE3<\/a>), ocorrida na \u00faltima quarta-feira (21), analistas do Goldman Sachs (<a href=\"https:\/\/www.suno.com.br\/bdrs\/gsgi34\/\">GSGI34<\/a>) tamb\u00e9m ajustaram suas expectativas para a empresa.<\/p>\n\n\n\n<p>O Goldman sachs revisou a<strong>&nbsp;<a href=\"https:\/\/www.suno.com.br\/artigos\/margem-ebitda\/\">margem Ebitda<\/a>&nbsp;da Weg<\/strong>&nbsp;para cima em 2024\/2025, pois acredita que os atuais altos n\u00edveis (a empresa relatou quase 21,4% de margem Ebitda no 4T23) podem apresentar alguma rigidez e levar mais tempo para retornar \u00e0 normalidade.<\/p>\n\n\n\n<p>\u201cEmbora as margens tenham surpreendido positivamente e apontem para uma normaliza\u00e7\u00e3o mais lenta do que o esperado anteriormente nos pr\u00f3ximos anos, observamos que 2024 dever\u00e1 ser impactado pelo aumento da al\u00edquota de imposto da Weg \u00e0 luz da nova regra de pre\u00e7o de transfer\u00eancia promulgada no Brasil, e deve resultar em apenas um crescimento baixo \u00e0 m\u00e9dio de um d\u00edgito no&nbsp;<a href=\"https:\/\/www.suno.com.br\/artigos\/lucro-liquido\/\">lucro l\u00edquido<\/a>, apesar do nosso crescimento esperado nas receitas\u201d, pontuaram os analistas Bruno Amorim, Jo\u00e3o Frizo e Guilherme Martins.<\/p>\n\n\n\n<p>Com base em conversas recentes com investidores, o Goldman acredita que o foco principal da companhia continua a ser o crescimento do rendimento l\u00edquido at\u00e9 2024, o que poder\u00e1 gerar um sentimento negativo sobre as a\u00e7\u00f5es no&nbsp;<a href=\"https:\/\/www.suno.com.br\/artigos\/curto-prazo\/\">curto prazo<\/a>.<\/p>\n\n\n\n<p>O Goldman manteve recomenda\u00e7\u00e3o \u2018neutra\u2019 para as&nbsp;<strong>a\u00e7\u00f5es de Weg<\/strong>, com pre\u00e7o-alvo a R$ 38,80.<\/p>\n\n\n\n<h2 class=\"wp-block-heading\">WEG (WEGE3) tem lucro 28% superior ao esperado pelo BTG; banco projeta alta de 36,5% nas a\u00e7\u00f5es<\/h2>\n\n\n\n<p>Em relat\u00f3rio divulgado logo ap\u00f3s o&nbsp;<strong>balan\u00e7o da Weg<\/strong>, o&nbsp;<strong>BTG Pactual<\/strong>&nbsp;(<a href=\"https:\/\/statusinvest.com.br\/acoes\/bpac11?__hstc=189907700.a70e542b5675529ab30fec42ef1e7569.1707742872426.1709028243418.1709045258365.34&amp;__hssc=189907700.10.1709045258365&amp;__hsfp=3087225308\">BPAC11<\/a>) disse que o resultado seguiu, em sua maioria, alinhado com as expectativas do banco, como no caso da <a href=\"https:\/\/www.suno.com.br\/artigos\/o-que-receita-liquida\/\">receita l\u00edquida<\/a> e do Ebtida (R$ 1,8 bilh\u00e3o). J\u00e1 o <a href=\"https:\/\/www.suno.com.br\/artigos\/lucro-liquido\/\">lucro l\u00edquido<\/a> foi 28% superior \u00e0 expectativa do BTG.<\/p>\n\n\n\n<p>O BTG diz que esse resultado foi impactado de forma positiva pelo fato de a empresa reconhecer os cr\u00e9ditos fiscais da nova subsidi\u00e1ria situada na Su\u00ed\u00e7a.<\/p>\n\n\n\n<p>\u201cApesar de estar em conformidade com a decis\u00e3o da OCDE, n\u00e3o acreditamos que o incentivo fiscal da transfer\u00eancia da unidade de com\u00e9rcio da \u00c1ustria para a Su\u00ed\u00e7a mude os impactos esperados da maior taxa de imposto decorrente da nova regra de pre\u00e7os de transfer\u00eancia (sem mudan\u00e7a estrutural nas margens l\u00edquidas)\u201d, diz o BTG.<\/p>\n\n\n\n<p>O banco recomenda a compra das&nbsp;a\u00e7\u00f5es da<strong>&nbsp;WEG<\/strong>, e coloca um pre\u00e7o-alvo de R$ 50, cerca de 36,5% acima da cota\u00e7\u00e3o atual.<\/p>\n\n\n\n<h2 class=\"wp-block-heading\">Desempenho das a\u00e7\u00f5es de Weg<\/h2>\n\n\n\n<div class=\"pluginQuotation\">\n  <p class=\"ticker\">\n    Cota\u00e7\u00e3o <span>WEGE3<\/span>\n  <\/p>\n  <div class=\"info\">\n    <div class=\"leftSide\">\n      Gr\u00e1fico gerado em: 27\/02\/2024    <\/div>\n\t\t\t\t\t<div class=\"rightSide\">\n\t\t\t\t\t<span class=\"period\">\n\t\t\t\t\t\t1 Dia\t\t\t\t\t<\/span>\n\t\t\t<\/div>\n\t\t  <\/div>\n\n  <div id=\"chart-c29aeeab0f78e23175d48cf284cfe783\" data-block-hash=\"c29aeeab0f78e23175d48cf284cfe783\"  class=\"chart\" style=\"width:100%;height:400px;\"><\/div>\n\n  <div class=\"pluginQuotation__footer\">\n    <div class=\"dataChart\">\n\n      <div class=\"dataChart__div1 variation\">\n        <div class=\"value-negative\">\n          0,00 (0,00%)        <\/div>\n        <div class=\"text\">\n          Varia\u00e7\u00e3o do per\u00edodo\n        <\/div>\n      <\/div>\n\n      <div class=\"dataChart__div2 minMax\">\n        <div class=\"value\">\n          R$\u00a036,38        <\/div>\n        <div class=\"text\">\n          M\u00ednima\n        <\/div>\n      <\/div>\n\n      <div class=\"dataChart__div3 minMax\">\n        <div class=\"value\">\n          R$\u00a036,64        <\/div>\n        <div class=\"text\">\n          M\u00e1xima\n        <\/div>\n      <\/div>\n\n\t\t\t<div class=\"dataChart__div4 rightSide\">\n\t\t\t\t<div class=\"analiticaSource\">\n\t\t\t\t\t<span>\n\t\t\t\t\t\tFonte:\n\t\t\t\t\t<\/span>\n\t\t\t\t\t<img decoding=\"async\" class=\"analiticaLogo\" src=\"https:\/\/www.suno.com.br\/noticias\/wp-content\/plugins\/suno-block-ticker-quotation\/src\/suno-analitica-logo.png\" alt=\"Logo Suno Anal\u00edtica\" \/>\n\t\t\t\t<\/div>\n\n\t\t\t\t<a href=\"https:\/\/www.suno.com.br\/analitica\/acoes\/WEGE3\" target=\"_blank\">\n\t\t\t\t\t<span>\n\t\t\t\t\t\tVer mais cota\u00e7\u00f5es\n\t\t\t\t\t<\/span>\n\t\t\t\t\t<svg xmlns=\"http:\/\/www.w3.org\/2000\/svg\" width=\"9\" height=\"8\" viewBox=\"0 0 9 8\" fill=\"none\">\n\t\t\t\t\t\t<path d=\"M4.20996 0L3.50496 0.705L6.29496 3.5H0.209961V4.5H6.29496L3.50496 7.295L4.20996 8L8.20996 4L4.20996 0Z\" fill=\"#D42126\" \/>\n\t\t\t\t\t<\/svg>\n\t\t\t\t<\/a>\n    <\/div>\n\n    <\/div>\n  <\/div>\n<\/div>\n\n\n<script type=\"text\/javascript\">\n  let chart_c29aeeab0f78e23175d48cf284cfe783 = document.getElementById('chart-c29aeeab0f78e23175d48cf284cfe783');\n  let data_json_c29aeeab0f78e23175d48cf284cfe783 = \"[{\\\"date\\\":\\\"27\\\\\\\/02\\\\\\\/24 10:26\\\",\\\"value\\\":36.44},{\\\"date\\\":\\\"27\\\\\\\/02\\\\\\\/24 10:28\\\",\\\"value\\\":36.42},{\\\"date\\\":\\\"27\\\\\\\/02\\\\\\\/24 10:30\\\",\\\"value\\\":36.38},{\\\"date\\\":\\\"27\\\\\\\/02\\\\\\\/24 10:32\\\",\\\"value\\\":36.49},{\\\"date\\\":\\\"27\\\\\\\/02\\\\\\\/24 10:34\\\",\\\"value\\\":36.51},{\\\"date\\\":\\\"27\\\\\\\/02\\\\\\\/24 10:36\\\",\\\"value\\\":36.48},{\\\"date\\\":\\\"27\\\\\\\/02\\\\\\\/24 10:38\\\",\\\"value\\\":36.5},{\\\"date\\\":\\\"27\\\\\\\/02\\\\\\\/24 10:40\\\",\\\"value\\\":36.49},{\\\"date\\\":\\\"27\\\\\\\/02\\\\\\\/24 10:42\\\",\\\"value\\\":36.52},{\\\"date\\\":\\\"27\\\\\\\/02\\\\\\\/24 10:44\\\",\\\"value\\\":36.51},{\\\"date\\\":\\\"27\\\\\\\/02\\\\\\\/24 10:46\\\",\\\"value\\\":36.5},{\\\"date\\\":\\\"27\\\\\\\/02\\\\\\\/24 10:48\\\",\\\"value\\\":36.49},{\\\"date\\\":\\\"27\\\\\\\/02\\\\\\\/24 10:50\\\",\\\"value\\\":36.49},{\\\"date\\\":\\\"27\\\\\\\/02\\\\\\\/24 10:52\\\",\\\"value\\\":36.48},{\\\"date\\\":\\\"27\\\\\\\/02\\\\\\\/24 10:54\\\",\\\"value\\\":36.47},{\\\"date\\\":\\\"27\\\\\\\/02\\\\\\\/24 10:56\\\",\\\"value\\\":36.48},{\\\"date\\\":\\\"27\\\\\\\/02\\\\\\\/24 10:58\\\",\\\"value\\\":36.58},{\\\"date\\\":\\\"27\\\\\\\/02\\\\\\\/24 11:00\\\",\\\"value\\\":36.64},{\\\"date\\\":\\\"27\\\\\\\/02\\\\\\\/24 11:02\\\",\\\"value\\\":36.62},{\\\"date\\\":\\\"27\\\\\\\/02\\\\\\\/24 11:04\\\",\\\"value\\\":36.62},{\\\"date\\\":\\\"27\\\\\\\/02\\\\\\\/24 11:06\\\",\\\"value\\\":36.59},{\\\"date\\\":\\\"27\\\\\\\/02\\\\\\\/24 11:08\\\",\\\"value\\\":36.59},{\\\"date\\\":\\\"27\\\\\\\/02\\\\\\\/24 11:10\\\",\\\"value\\\":36.44}]\";\n  let isPositive_c29aeeab0f78e23175d48cf284cfe783 = true;\n\n  let color_c29aeeab0f78e23175d48cf284cfe783 = isPositive_c29aeeab0f78e23175d48cf284cfe783 ? '#3AB53A' : '#D92C2D';\n\n  let data_c29aeeab0f78e23175d48cf284cfe783 = JSON.parse(data_json_c29aeeab0f78e23175d48cf284cfe783);\n\n  const result_c29aeeab0f78e23175d48cf284cfe783 = {\n    date: [],\n    value: [],\n  };\n\n  data_c29aeeab0f78e23175d48cf284cfe783.forEach((item) => {\n    result_c29aeeab0f78e23175d48cf284cfe783.date.push(item.date);\n    result_c29aeeab0f78e23175d48cf284cfe783.value.push(Number(item.value));\n  });\n\n  let option_c29aeeab0f78e23175d48cf284cfe783 = {\n    \/\/ variavel de cor global\n    color: [color_c29aeeab0f78e23175d48cf284cfe783],\n    title: {\n      text: '',\n    },\n    tooltip: {\n      trigger: 'axis',\n      axisPointer: {\n        type: 'cross',\n        label: {\n          \/\/ cor dos valores em X e Y\n          backgroundColor: color_c29aeeab0f78e23175d48cf284cfe783,\n          formatter: (value) => {\n            if (typeof value.value === 'number') {\n              return Number(value.value).toLocaleString('pt-br', {\n                style: 'currency',\n                currency: 'BRL'\n              });\n            }\n            return value.value;\n          },\n        },\n      },\n      valueFormatter: (value) => Number(value).toLocaleString('pt-br', {\n        style: 'currency',\n        currency: 'BRL'\n      }),\n    },\n    legend: {\n      \/\/ data: ['Valor de Fechamento'],\n      show: false,\n    },\n    toolbox: {\n      feature: {\n        saveAsImage: {\n          show: false,\n        },\n      },\n    },\n    grid: {\n      left: '0px',\n      right: '0px',\n      bottom: '0px',\n      containLabel: true,\n    },\n    xAxis: [{\n      type: 'category',\n      data: result_c29aeeab0f78e23175d48cf284cfe783.date,\n      boundaryGap: true,\n    }],\n    yAxis: [{\n      type: 'value',\n      min: Math.min(...result_c29aeeab0f78e23175d48cf284cfe783.value),\n      max: Math.max(...result_c29aeeab0f78e23175d48cf284cfe783.value),\n      axisLabel: {\n        formatter: (value) => value.toLocaleString('pt-br', {\n          style: 'currency',\n          currency: 'BRL'\n        }),\n      },\n    }],\n    series: [{\n      name: 'Valor de Fechamento',\n      type: 'line',\n      stack: 'Total',\n      \/\/ cor do grafico\n      areaStyle: {},\n      emphasis: {\n        focus: 'series',\n      },\n      data: result_c29aeeab0f78e23175d48cf284cfe783.value,\n      \/\/ cor da linha\n      lineStyle: {\n        color: color_c29aeeab0f78e23175d48cf284cfe783,\n      },\n    }, ],\n  };\n\n\twindow.chart_c29aeeab0f78e23175d48cf284cfe783 = {\n\t\tel: chart_c29aeeab0f78e23175d48cf284cfe783,\n\t\toption: option_c29aeeab0f78e23175d48cf284cfe783\t};\n\n\n<\/script>\n\n\n\t<p>\n\t\t<a href=\"https:\/\/lp.suno.com.br\/plataforma-de-controle-de-investimentos\/\" target=\"_blank\" data-element=\"shortcode-suno-banner\" title=\"Banner SUNO, clique e saiba mais\">\n\t\t\t<picture>\n\t\t\t\t<source media=\"(max-width: 500px)\" srcset=\"https:\/\/files.sunoresearch.com.br\/n\/uploads\/2023\/03\/400x300-Controle-de-Investimentos.png\">\n\t\t\t\t<img class=\"newsContent__article__imgCapa newsContent__article__imgCapa--banner\"\n\t\t\t\t\tsrc=\"https:\/\/files.sunoresearch.com.br\/n\/uploads\/2023\/03\/1420x240-Controle-de-Investimentos.png\"\n\t\t\t\t\tdata-promo-id=\"383162\"\t\t\t\t\t\t\t\t\t\twidth='1420' height='240'\t\t\t\t\talt=\"https:\/\/files.sunoresearch.com.br\/n\/uploads\/2023\/03\/1420x240-Controle-de-Investimentos.png\"\n\t\t\t\t>\n\t\t\t<\/picture>\n\t\t<\/a>\n\t<\/p>\n\n\n","protected":false},"excerpt":{"rendered":"<p>Em relat\u00f3rio ap\u00f3s a divulga\u00e7\u00e3o dos resultados do quarto trimestre da\u00a0Weg\u00a0(WEGE3), ocorrida na \u00faltima quarta-feira (21), analistas do Ita\u00fa BBA e BTG Pactual ajustaram suas expectativas para a empresa. Weg (WEGE3). Foto: Divulga\u00e7\u00e3o Para 2024, o Ita\u00fa BBA tem uma perspectiva &#8216;morna&#8217; para o faturamento da Weg, em um cen\u00e1rio de PMI industrial global ainda [&hellip;]<\/p>\n","protected":false},"author":313,"featured_media":363046,"comment_status":"closed","ping_status":"closed","sticky":false,"template":"","format":"standard","meta":[],"categories":[64],"tags":[286,105816,681],"suno_strategy":[],"class_list":["post-527124","post","type-post","status-publish","format-standard","has-post-thumbnail","hentry","category-negocios","tag-acoes","tag-especialistas","tag-weg-wege3"],"yoast_head":"<!-- This site is optimized with the Yoast SEO plugin v24.4 - https:\/\/yoast.com\/wordpress\/plugins\/seo\/ -->\n<title>Weg (WEGE3): bancos atualizam expectativas ap\u00f3s balan\u00e7o do 4T<\/title>\n<meta name=\"description\" content=\"Para 2024, o Ita\u00fa BBA tem uma perspectiva &#039;morna&#039; para o faturamento da Weg, em um cen\u00e1rio de PMI industrial global ainda baixo.\" \/>\n<meta name=\"robots\" content=\"index, follow, max-snippet:-1, max-image-preview:large, max-video-preview:-1\" \/>\n<link rel=\"canonical\" href=\"https:\/\/www.suno.com.br\/noticias\/weg-wege3-bancos-atualizam-expectativas-balanco-gpj\/\" \/>\n<meta property=\"og:locale\" content=\"pt_BR\" \/>\n<meta property=\"og:type\" content=\"article\" \/>\n<meta property=\"og:title\" content=\"Weg (WEGE3): bancos atualizam expectativas ap\u00f3s balan\u00e7o do 4T\" \/>\n<meta property=\"og:description\" content=\"Para 2024, o Ita\u00fa BBA tem uma perspectiva &#039;morna&#039; para o faturamento da Weg, em um cen\u00e1rio de PMI industrial global ainda baixo.\" \/>\n<meta property=\"og:url\" content=\"https:\/\/www.suno.com.br\/noticias\/weg-wege3-bancos-atualizam-expectativas-balanco-gpj\/\" \/>\n<meta property=\"og:site_name\" content=\"Suno Not\u00edcias\" \/>\n<meta property=\"article:publisher\" content=\"https:\/\/facebook.com\/sunoresearch\" \/>\n<meta property=\"og:image\" content=\"https:\/\/files.sunoresearch.com.br\/n\/uploads\/2023\/02\/weg-wege3-previa-4t22-foto-divulgacao.jpg\" \/>\n\t<meta property=\"og:image:width\" content=\"1200\" \/>\n\t<meta property=\"og:image:height\" content=\"675\" \/>\n\t<meta property=\"og:image:type\" content=\"image\/jpeg\" \/>\n<meta name=\"author\" content=\"Giovanni Porf\u00edrio Jacomino\" \/>\n<meta name=\"twitter:card\" content=\"summary_large_image\" \/>\n<meta name=\"twitter:creator\" content=\"@sunoresearch\" \/>\n<meta name=\"twitter:site\" content=\"@sunoresearch\" \/>\n<meta name=\"twitter:label1\" content=\"Escrito por\" \/>\n\t<meta name=\"twitter:data1\" content=\"Giovanni Porf\u00edrio Jacomino\" \/>\n\t<meta name=\"twitter:label2\" content=\"Est. tempo de leitura\" \/>\n\t<meta name=\"twitter:data2\" content=\"4 minutos\" \/>\n<script type=\"application\/ld+json\" class=\"yoast-schema-graph\">{\"@context\":\"https:\/\/schema.org\",\"@graph\":[{\"@type\":\"NewsArticle\",\"@id\":\"https:\/\/www.suno.com.br\/noticias\/weg-wege3-bancos-atualizam-expectativas-balanco-gpj\/#article\",\"isPartOf\":{\"@id\":\"https:\/\/www.suno.com.br\/noticias\/weg-wege3-bancos-atualizam-expectativas-balanco-gpj\/\"},\"author\":{\"name\":\"Giovanni Porf\u00edrio Jacomino\",\"@id\":\"https:\/\/www.suno.com.br\/noticias\/#\/schema\/person\/d0f32748bbca4bee871fa191ee4e2d40\"},\"headline\":\"Weg (WEGE3): bancos atualizam expectativas ap\u00f3s balan\u00e7o do 4T23; confira\",\"datePublished\":\"2024-02-27T15:48:08+00:00\",\"dateModified\":\"2024-02-27T15:48:16+00:00\",\"mainEntityOfPage\":{\"@id\":\"https:\/\/www.suno.com.br\/noticias\/weg-wege3-bancos-atualizam-expectativas-balanco-gpj\/\"},\"wordCount\":799,\"publisher\":{\"@id\":\"https:\/\/www.suno.com.br\/noticias\/#organization\"},\"image\":{\"@id\":\"https:\/\/www.suno.com.br\/noticias\/weg-wege3-bancos-atualizam-expectativas-balanco-gpj\/#primaryimage\"},\"thumbnailUrl\":\"https:\/\/files.sunoresearch.com.br\/n\/uploads\/2023\/02\/weg-wege3-previa-4t22-foto-divulgacao.jpg\",\"keywords\":[\"A\u00e7\u00f5es\",\"Especialistas\",\"Weg (WEGE3)\"],\"articleSection\":[\"Neg\u00f3cios\"],\"inLanguage\":\"pt-BR\"},{\"@type\":\"WebPage\",\"@id\":\"https:\/\/www.suno.com.br\/noticias\/weg-wege3-bancos-atualizam-expectativas-balanco-gpj\/\",\"url\":\"https:\/\/www.suno.com.br\/noticias\/weg-wege3-bancos-atualizam-expectativas-balanco-gpj\/\",\"name\":\"Weg (WEGE3): bancos atualizam expectativas ap\u00f3s balan\u00e7o do 4T\",\"isPartOf\":{\"@id\":\"https:\/\/www.suno.com.br\/noticias\/#website\"},\"primaryImageOfPage\":{\"@id\":\"https:\/\/www.suno.com.br\/noticias\/weg-wege3-bancos-atualizam-expectativas-balanco-gpj\/#primaryimage\"},\"image\":{\"@id\":\"https:\/\/www.suno.com.br\/noticias\/weg-wege3-bancos-atualizam-expectativas-balanco-gpj\/#primaryimage\"},\"thumbnailUrl\":\"https:\/\/files.sunoresearch.com.br\/n\/uploads\/2023\/02\/weg-wege3-previa-4t22-foto-divulgacao.jpg\",\"datePublished\":\"2024-02-27T15:48:08+00:00\",\"dateModified\":\"2024-02-27T15:48:16+00:00\",\"description\":\"Para 2024, o Ita\u00fa BBA tem uma perspectiva 'morna' para o faturamento da Weg, em um cen\u00e1rio de PMI industrial global ainda baixo.\",\"breadcrumb\":{\"@id\":\"https:\/\/www.suno.com.br\/noticias\/weg-wege3-bancos-atualizam-expectativas-balanco-gpj\/#breadcrumb\"},\"inLanguage\":\"pt-BR\",\"potentialAction\":[{\"@type\":\"ReadAction\",\"target\":[\"https:\/\/www.suno.com.br\/noticias\/weg-wege3-bancos-atualizam-expectativas-balanco-gpj\/\"]}]},{\"@type\":\"ImageObject\",\"inLanguage\":\"pt-BR\",\"@id\":\"https:\/\/www.suno.com.br\/noticias\/weg-wege3-bancos-atualizam-expectativas-balanco-gpj\/#primaryimage\",\"url\":\"https:\/\/files.sunoresearch.com.br\/n\/uploads\/2023\/02\/weg-wege3-previa-4t22-foto-divulgacao.jpg\",\"contentUrl\":\"https:\/\/files.sunoresearch.com.br\/n\/uploads\/2023\/02\/weg-wege3-previa-4t22-foto-divulgacao.jpg\",\"width\":1200,\"height\":675,\"caption\":\"Weg (WEGE3). Foto: Divulga\u00e7\u00e3o\"},{\"@type\":\"BreadcrumbList\",\"@id\":\"https:\/\/www.suno.com.br\/noticias\/weg-wege3-bancos-atualizam-expectativas-balanco-gpj\/#breadcrumb\",\"itemListElement\":[{\"@type\":\"ListItem\",\"position\":1,\"name\":\"Not\u00edcias\",\"item\":\"https:\/\/www.suno.com.br\/noticias\/\"},{\"@type\":\"ListItem\",\"position\":2,\"name\":\"Neg\u00f3cios\",\"item\":\"https:\/\/www.suno.com.br\/noticias\/negocios\/\"},{\"@type\":\"ListItem\",\"position\":3,\"name\":\"Weg (WEGE3): bancos atualizam expectativas ap\u00f3s balan\u00e7o do 4T23; confira\"}]},{\"@type\":\"WebSite\",\"@id\":\"https:\/\/www.suno.com.br\/noticias\/#website\",\"url\":\"https:\/\/www.suno.com.br\/noticias\/\",\"name\":\"Suno Not\u00edcias\",\"description\":\"Seu portal de informa\u00e7\u00e3o sobre o mundo dos investimentos\",\"publisher\":{\"@id\":\"https:\/\/www.suno.com.br\/noticias\/#organization\"},\"potentialAction\":[{\"@type\":\"SearchAction\",\"target\":{\"@type\":\"EntryPoint\",\"urlTemplate\":\"https:\/\/www.suno.com.br\/noticias\/?s={search_term_string}\"},\"query-input\":{\"@type\":\"PropertyValueSpecification\",\"valueRequired\":true,\"valueName\":\"search_term_string\"}}],\"inLanguage\":\"pt-BR\"},{\"@type\":\"Organization\",\"@id\":\"https:\/\/www.suno.com.br\/noticias\/#organization\",\"name\":\"Suno Not\u00edcias\",\"url\":\"https:\/\/www.suno.com.br\/noticias\/\",\"logo\":{\"@type\":\"ImageObject\",\"inLanguage\":\"pt-BR\",\"@id\":\"https:\/\/www.suno.com.br\/noticias\/#\/schema\/logo\/image\/\",\"url\":\"https:\/\/files.sunoresearch.com.br\/n\/uploads\/2021\/09\/suno-logo.png\",\"contentUrl\":\"https:\/\/files.sunoresearch.com.br\/n\/uploads\/2021\/09\/suno-logo.png\",\"width\":180,\"height\":180,\"caption\":\"Suno Not\u00edcias\"},\"image\":{\"@id\":\"https:\/\/www.suno.com.br\/noticias\/#\/schema\/logo\/image\/\"},\"sameAs\":[\"https:\/\/facebook.com\/sunoresearch\",\"https:\/\/x.com\/sunoresearch\",\"https:\/\/www.instagram.com\/suno\",\"https:\/\/www.linkedin.com\/company\/suno-research\/\",\"https:\/\/www.youtube.com\/c\/sunoresearch\"]},{\"@type\":\"Person\",\"@id\":\"https:\/\/www.suno.com.br\/noticias\/#\/schema\/person\/d0f32748bbca4bee871fa191ee4e2d40\",\"name\":\"Giovanni Porf\u00edrio Jacomino\",\"image\":{\"@type\":\"ImageObject\",\"inLanguage\":\"pt-BR\",\"@id\":\"https:\/\/www.suno.com.br\/noticias\/#\/schema\/person\/image\/\",\"url\":\"https:\/\/secure.gravatar.com\/avatar\/efb32e19b730a121cb7a80f41ffec01a?s=96&r=g\",\"contentUrl\":\"https:\/\/secure.gravatar.com\/avatar\/efb32e19b730a121cb7a80f41ffec01a?s=96&r=g\",\"caption\":\"Giovanni Porf\u00edrio Jacomino\"},\"description\":\"Giovanni Porf\u00edrio Jacomino \u00e9 jornalista formado pela Universidade Estadual de Londrina (UEL) e p\u00f3s-graduado em Produ\u00e7\u00e3o e Pr\u00e1ticas Jornal\u00edsticas na Contemporaneidade na Faculdade C\u00e1sper L\u00edbero (FCL). Foi editor web no Startupi e no Finsiders, atuando ainda como editor no TC Mover, portal de not\u00edcias da TradersClub, fazendo a cobertura de assuntos relacionados ao mercado financeiro interno e externo. Atualmente, \u00e9 Rep\u00f3rter do Suno Not\u00edcias.\",\"url\":\"https:\/\/www.suno.com.br\/noticias\/author\/giovanni-porfiriosuno-com-br\/\"}]}<\/script>\n<!-- \/ Yoast SEO plugin. -->","yoast_head_json":{"title":"Weg (WEGE3): bancos atualizam expectativas ap\u00f3s balan\u00e7o do 4T","description":"Para 2024, o Ita\u00fa BBA tem uma perspectiva 'morna' para o faturamento da Weg, em um cen\u00e1rio de PMI industrial global ainda baixo.","robots":{"index":"index","follow":"follow","max-snippet":"max-snippet:-1","max-image-preview":"max-image-preview:large","max-video-preview":"max-video-preview:-1"},"canonical":"https:\/\/www.suno.com.br\/noticias\/weg-wege3-bancos-atualizam-expectativas-balanco-gpj\/","og_locale":"pt_BR","og_type":"article","og_title":"Weg (WEGE3): bancos atualizam expectativas ap\u00f3s balan\u00e7o do 4T","og_description":"Para 2024, o Ita\u00fa BBA tem uma perspectiva 'morna' para o faturamento da Weg, em um cen\u00e1rio de PMI industrial global ainda baixo.","og_url":"https:\/\/www.suno.com.br\/noticias\/weg-wege3-bancos-atualizam-expectativas-balanco-gpj\/","og_site_name":"Suno Not\u00edcias","article_publisher":"https:\/\/facebook.com\/sunoresearch","og_image":[{"width":1200,"height":675,"url":"https:\/\/files.sunoresearch.com.br\/n\/uploads\/2023\/02\/weg-wege3-previa-4t22-foto-divulgacao.jpg","type":"image\/jpeg"}],"author":"Giovanni Porf\u00edrio Jacomino","twitter_card":"summary_large_image","twitter_creator":"@sunoresearch","twitter_site":"@sunoresearch","twitter_misc":{"Escrito por":"Giovanni Porf\u00edrio Jacomino","Est. tempo de leitura":"4 minutos"},"schema":{"@context":"https:\/\/schema.org","@graph":[{"@type":"NewsArticle","@id":"https:\/\/www.suno.com.br\/noticias\/weg-wege3-bancos-atualizam-expectativas-balanco-gpj\/#article","isPartOf":{"@id":"https:\/\/www.suno.com.br\/noticias\/weg-wege3-bancos-atualizam-expectativas-balanco-gpj\/"},"author":{"name":"Giovanni Porf\u00edrio Jacomino","@id":"https:\/\/www.suno.com.br\/noticias\/#\/schema\/person\/d0f32748bbca4bee871fa191ee4e2d40"},"headline":"Weg (WEGE3): bancos atualizam expectativas ap\u00f3s balan\u00e7o do 4T23; confira","datePublished":"2024-02-27T15:48:08+00:00","dateModified":"2024-02-27T15:48:16+00:00","mainEntityOfPage":{"@id":"https:\/\/www.suno.com.br\/noticias\/weg-wege3-bancos-atualizam-expectativas-balanco-gpj\/"},"wordCount":799,"publisher":{"@id":"https:\/\/www.suno.com.br\/noticias\/#organization"},"image":{"@id":"https:\/\/www.suno.com.br\/noticias\/weg-wege3-bancos-atualizam-expectativas-balanco-gpj\/#primaryimage"},"thumbnailUrl":"https:\/\/files.sunoresearch.com.br\/n\/uploads\/2023\/02\/weg-wege3-previa-4t22-foto-divulgacao.jpg","keywords":["A\u00e7\u00f5es","Especialistas","Weg (WEGE3)"],"articleSection":["Neg\u00f3cios"],"inLanguage":"pt-BR"},{"@type":"WebPage","@id":"https:\/\/www.suno.com.br\/noticias\/weg-wege3-bancos-atualizam-expectativas-balanco-gpj\/","url":"https:\/\/www.suno.com.br\/noticias\/weg-wege3-bancos-atualizam-expectativas-balanco-gpj\/","name":"Weg (WEGE3): bancos atualizam expectativas ap\u00f3s balan\u00e7o do 4T","isPartOf":{"@id":"https:\/\/www.suno.com.br\/noticias\/#website"},"primaryImageOfPage":{"@id":"https:\/\/www.suno.com.br\/noticias\/weg-wege3-bancos-atualizam-expectativas-balanco-gpj\/#primaryimage"},"image":{"@id":"https:\/\/www.suno.com.br\/noticias\/weg-wege3-bancos-atualizam-expectativas-balanco-gpj\/#primaryimage"},"thumbnailUrl":"https:\/\/files.sunoresearch.com.br\/n\/uploads\/2023\/02\/weg-wege3-previa-4t22-foto-divulgacao.jpg","datePublished":"2024-02-27T15:48:08+00:00","dateModified":"2024-02-27T15:48:16+00:00","description":"Para 2024, o Ita\u00fa BBA tem uma perspectiva 'morna' para o faturamento da Weg, em um cen\u00e1rio de PMI industrial global ainda baixo.","breadcrumb":{"@id":"https:\/\/www.suno.com.br\/noticias\/weg-wege3-bancos-atualizam-expectativas-balanco-gpj\/#breadcrumb"},"inLanguage":"pt-BR","potentialAction":[{"@type":"ReadAction","target":["https:\/\/www.suno.com.br\/noticias\/weg-wege3-bancos-atualizam-expectativas-balanco-gpj\/"]}]},{"@type":"ImageObject","inLanguage":"pt-BR","@id":"https:\/\/www.suno.com.br\/noticias\/weg-wege3-bancos-atualizam-expectativas-balanco-gpj\/#primaryimage","url":"https:\/\/files.sunoresearch.com.br\/n\/uploads\/2023\/02\/weg-wege3-previa-4t22-foto-divulgacao.jpg","contentUrl":"https:\/\/files.sunoresearch.com.br\/n\/uploads\/2023\/02\/weg-wege3-previa-4t22-foto-divulgacao.jpg","width":1200,"height":675,"caption":"Weg (WEGE3). Foto: Divulga\u00e7\u00e3o"},{"@type":"BreadcrumbList","@id":"https:\/\/www.suno.com.br\/noticias\/weg-wege3-bancos-atualizam-expectativas-balanco-gpj\/#breadcrumb","itemListElement":[{"@type":"ListItem","position":1,"name":"Not\u00edcias","item":"https:\/\/www.suno.com.br\/noticias\/"},{"@type":"ListItem","position":2,"name":"Neg\u00f3cios","item":"https:\/\/www.suno.com.br\/noticias\/negocios\/"},{"@type":"ListItem","position":3,"name":"Weg (WEGE3): bancos atualizam expectativas ap\u00f3s balan\u00e7o do 4T23; confira"}]},{"@type":"WebSite","@id":"https:\/\/www.suno.com.br\/noticias\/#website","url":"https:\/\/www.suno.com.br\/noticias\/","name":"Suno Not\u00edcias","description":"Seu portal de informa\u00e7\u00e3o sobre o mundo dos investimentos","publisher":{"@id":"https:\/\/www.suno.com.br\/noticias\/#organization"},"potentialAction":[{"@type":"SearchAction","target":{"@type":"EntryPoint","urlTemplate":"https:\/\/www.suno.com.br\/noticias\/?s={search_term_string}"},"query-input":{"@type":"PropertyValueSpecification","valueRequired":true,"valueName":"search_term_string"}}],"inLanguage":"pt-BR"},{"@type":"Organization","@id":"https:\/\/www.suno.com.br\/noticias\/#organization","name":"Suno Not\u00edcias","url":"https:\/\/www.suno.com.br\/noticias\/","logo":{"@type":"ImageObject","inLanguage":"pt-BR","@id":"https:\/\/www.suno.com.br\/noticias\/#\/schema\/logo\/image\/","url":"https:\/\/files.sunoresearch.com.br\/n\/uploads\/2021\/09\/suno-logo.png","contentUrl":"https:\/\/files.sunoresearch.com.br\/n\/uploads\/2021\/09\/suno-logo.png","width":180,"height":180,"caption":"Suno Not\u00edcias"},"image":{"@id":"https:\/\/www.suno.com.br\/noticias\/#\/schema\/logo\/image\/"},"sameAs":["https:\/\/facebook.com\/sunoresearch","https:\/\/x.com\/sunoresearch","https:\/\/www.instagram.com\/suno","https:\/\/www.linkedin.com\/company\/suno-research\/","https:\/\/www.youtube.com\/c\/sunoresearch"]},{"@type":"Person","@id":"https:\/\/www.suno.com.br\/noticias\/#\/schema\/person\/d0f32748bbca4bee871fa191ee4e2d40","name":"Giovanni Porf\u00edrio Jacomino","image":{"@type":"ImageObject","inLanguage":"pt-BR","@id":"https:\/\/www.suno.com.br\/noticias\/#\/schema\/person\/image\/","url":"https:\/\/secure.gravatar.com\/avatar\/efb32e19b730a121cb7a80f41ffec01a?s=96&r=g","contentUrl":"https:\/\/secure.gravatar.com\/avatar\/efb32e19b730a121cb7a80f41ffec01a?s=96&r=g","caption":"Giovanni Porf\u00edrio Jacomino"},"description":"Giovanni Porf\u00edrio Jacomino \u00e9 jornalista formado pela Universidade Estadual de Londrina (UEL) e p\u00f3s-graduado em Produ\u00e7\u00e3o e Pr\u00e1ticas Jornal\u00edsticas na Contemporaneidade na Faculdade C\u00e1sper L\u00edbero (FCL). Foi editor web no Startupi e no Finsiders, atuando ainda como editor no TC Mover, portal de not\u00edcias da TradersClub, fazendo a cobertura de assuntos relacionados ao mercado financeiro interno e externo. Atualmente, \u00e9 Rep\u00f3rter do Suno Not\u00edcias.","url":"https:\/\/www.suno.com.br\/noticias\/author\/giovanni-porfiriosuno-com-br\/"}]}},"default_loop_html":"<div class=\"cardsPage__listCard__boxs\"><div class=\"cardsPage__listCard__boxs__img\"><a href=\"https:\/\/www.suno.com.br\/noticias\/weg-wege3-bancos-atualizam-expectativas-balanco-gpj\/\"><img class=\"mask\" src=\"https:\/\/www.suno.com.br\/noticias\/wp-content\/themes\/suno\/resources\/images\/spotlight\/spotlight1img\/bg-mask.png\" alt=\"Image Mask\"\/><img src=\"https:\/\/files.sunoresearch.com.br\/n\/uploads\/2023\/02\/weg-wege3-previa-4t22-foto-divulgacao-400x200.jpg\" alt=\"Weg (WEGE3): bancos atualizam expectativas ap\u00f3s balan\u00e7o do 4T23; confira\"\/><\/a><span class=\"spotlightCategory\"><a href=\"https:\/\/www.suno.com.br\/noticias\/negocios\/\">Neg\u00f3cios<\/a><\/span><\/div><div class=\"cardsPage__listCard__boxs__content\"><a href=\"https:\/\/www.suno.com.br\/noticias\/weg-wege3-bancos-atualizam-expectativas-balanco-gpj\/\"><h2 class=\"content__title\">Weg (WEGE3): bancos atualizam expectativas ap\u00f3s balan\u00e7o do 4T23; confira<\/h2><\/a><div class=\"newsContent__article__meta\"><div class=\"newsContent__article__meta__authorBox\"><a href=\"https:\/\/www.suno.com.br\/noticias\/author\/giovanni-porfiriosuno-com-br\/\" class=\"authorBox__avatar noMobi\"><img src=\"https:\/\/files.sunoresearch.com.br\/n\/uploads\/2024\/05\/DSCF4115-1-1-150x150.webp\" alt=\"Giovanni Porf\u00edrio Jacomino\"><\/a><div class=\"authorBox__name\"><span>por\n\t\t\t<a href=\"https:\/\/www.suno.com.br\/noticias\/author\/giovanni-porfiriosuno-com-br\/\"><span itemprop=\"author\">Giovanni Porf\u00edrio Jacomino<\/span><\/a><\/span><time datetime=\"2024-02-27T12:48:08-03:00\" itemprop=\"datePublished\">27\/02\/2024 12:48<\/time><\/div><\/div><\/div><\/div><\/div>","single_layout":"posts","amp_enabled":true,"_links":{"self":[{"href":"https:\/\/www.suno.com.br\/noticias\/wp-json\/wp\/v2\/posts\/527124"}],"collection":[{"href":"https:\/\/www.suno.com.br\/noticias\/wp-json\/wp\/v2\/posts"}],"about":[{"href":"https:\/\/www.suno.com.br\/noticias\/wp-json\/wp\/v2\/types\/post"}],"author":[{"embeddable":true,"href":"https:\/\/www.suno.com.br\/noticias\/wp-json\/wp\/v2\/users\/313"}],"replies":[{"embeddable":true,"href":"https:\/\/www.suno.com.br\/noticias\/wp-json\/wp\/v2\/comments?post=527124"}],"version-history":[{"count":2,"href":"https:\/\/www.suno.com.br\/noticias\/wp-json\/wp\/v2\/posts\/527124\/revisions"}],"predecessor-version":[{"id":527159,"href":"https:\/\/www.suno.com.br\/noticias\/wp-json\/wp\/v2\/posts\/527124\/revisions\/527159"}],"wp:featuredmedia":[{"embeddable":true,"href":"https:\/\/www.suno.com.br\/noticias\/wp-json\/wp\/v2\/media\/363046"}],"wp:attachment":[{"href":"https:\/\/www.suno.com.br\/noticias\/wp-json\/wp\/v2\/media?parent=527124"}],"wp:term":[{"taxonomy":"category","embeddable":true,"href":"https:\/\/www.suno.com.br\/noticias\/wp-json\/wp\/v2\/categories?post=527124"},{"taxonomy":"post_tag","embeddable":true,"href":"https:\/\/www.suno.com.br\/noticias\/wp-json\/wp\/v2\/tags?post=527124"},{"taxonomy":"suno_strategy","embeddable":true,"href":"https:\/\/www.suno.com.br\/noticias\/wp-json\/wp\/v2\/suno_strategy?post=527124"}],"curies":[{"name":"wp","href":"https:\/\/api.w.org\/{rel}","templated":true}]}}