{"id":527013,"date":"2024-02-27T09:05:41","date_gmt":"2024-02-27T12:05:41","guid":{"rendered":"https:\/\/www.suno.com.br\/noticias\/?p=527013"},"modified":"2024-02-27T10:50:04","modified_gmt":"2024-02-27T13:50:04","slug":"ipca-15-inflacao-fevereiro-2024-cpf","status":"publish","type":"post","link":"https:\/\/www.suno.com.br\/noticias\/ipca-15-inflacao-fevereiro-2024-cpf\/","title":{"rendered":"IPCA-15 anota alta de 0,78% em fevereiro; 2024 j\u00e1 acumula alta de 1,09%"},"content":{"rendered":"<p>A pr\u00e9via da infla\u00e7\u00e3o, o <strong>IPCA-15<\/strong> (\u00cdndice Nacional de Pre\u00e7os ao Consumidor Amplo -15), subiu 0,78% em fevereiro, ap\u00f3s ter registrado um avan\u00e7o de 0,31% em janeiro. O dado foi publicado nesta ter\u00e7a-feira (27), \u00e0s 9h pelo <a class=\"suno-keyword\" data-force=\"no\" data-priority=\"3\" href=\"https:\/\/www.suno.com.br\/artigos\/ibge\/\" target=\"_blank\" rel=\"noopener\">Instituto Brasileiro de Geografia e Estat\u00edstica (IBGE)<\/a>.<\/p>\t<div class=\"wrapper-featured-image\">\n\t\t<figure class=\"spotlightImg\">\n\n\t\t\t<picture>\n\t\t\t\t<source media=\"(max-width: 768px)\" srcset=\"https:\/\/files.sunoresearch.com.br\/n\/uploads\/2024\/02\/ipca-15-educacao-escola-400x200.jpg\">\n\t\t\t\t<img loading=\"lazy\" decoding=\"async\" class=\"newsContent__article__imgCapa lazyloadDisabled \" src=\"https:\/\/files.sunoresearch.com.br\/n\/uploads\/2024\/02\/ipca-15-educacao-escola-800x450.jpg\" width=\"800\" height=\"450\" alt=\"IPCA-15 anota alta de 0,78% em fevereiro; 2024 j\u00e1 acumula alta de 1,09%\" fetchpriority=high \/>\n\t\t\t<\/picture>\n\n\t\t\t<figcaption class=\"wp-caption-text wp-caption-text--show\">Educa\u00e7\u00e3o - Foto: Unsplash<\/figcaption>\n\t\t<\/figure>\n\t<\/div>\n\n\n\n\n\n\t<p>\n\t\t<a href=\"\" target=\"_blank\" data-element=\"shortcode-suno-banner\" title=\"Banner SUNO, clique e saiba mais\">\n\t\t\t<picture>\n\t\t\t\t<source media=\"(max-width: 500px)\" srcset=\"\">\n\t\t\t\t<img class=\"newsContent__article__imgCapa newsContent__article__imgCapa--banner\"\n\t\t\t\t\tsrc=\"\"\n\t\t\t\t\tdata-promo-id=\"240038\"\t\t\t\t\t\t\t\t\t\t\t\t\t\t\talt=\"\"\n\t\t\t\t>\n\t\t\t<\/picture>\n\t\t<\/a>\n\t<\/p>\n\n\n\n\n\n<p>O resultado poupou as expectativas de mercado, que nas pesquisa Reuters apontava +0,87%.<\/p>\n\n\n\n<p>Apenas em 2024, a<strong> pr\u00e9via do IPCA<\/strong>, indicador oficial da infla\u00e7\u00e3o no pa\u00eds, acumula alta de 1,09%. <\/p>\n\n\n\n<blockquote class=\"wp-block-quote is-layout-flow wp-block-quote-is-layout-flow\">\n<p>&#8220;De forma geral, a infla\u00e7\u00e3o segue controlada, mas h\u00e1 alguns sinais de alerta&#8221;, analisa Gustavo Sung, economista-chefe da Suno Research.<\/p>\n<\/blockquote>\n\n\n\n<p>Em 12 meses, o \u00edndice bateu 4,49%, acima dos 4,47% observados nos 12 meses imediatamente anteriores. Em fevereiro de 2023, o IPCA-15 tamb\u00e9m atingia um patamar pr\u00f3ximo, de 0,76%, segundo  IBGE. <\/p>\n\n\n\n<p>Oito dos nove grupos de produtos e servi\u00e7os analisados registraram pre\u00e7os mais altos no <strong>IPCA-15 de fevereiro<\/strong>. <\/p>\n\n\n\n<p>Roupas e artigos de vestu\u00e1rio foram uma exce\u00e7\u00e3o, com os pre\u00e7os recuando 0,39% ap\u00f3s a alta de 0,22% em janeiro. <\/p>\n\n\n\n<p>No rumo contr\u00e1rio, Educa\u00e7\u00e3o registrou a maior alta, de 5,07%, com um impacto de 0,30 pontos percentuais (p.p.) no resultado mensal. &#8220;Em fevereiro, \u00e9 costume esse grupo pressionar o \u00edndice por conta dos reajustes das matr\u00edculas no in\u00edcio do ano letivo&#8221;, explica o economista-chefe.<\/p>\n\n\n\n<p>Al\u00e9m disso, os<strong> custos de alimenta\u00e7\u00e3o e bebidas<\/strong> subiu 0,97% (impacto de 0,20 p.p.) e <strong>gastos com sa\u00fade<\/strong> e cuidados pessoais tamb\u00e9m ficaram 0,76% mais caros (impacto de 0,10 p.p.).<\/p>\n\n\n\n<p>&#8220;Era de se esperar um fevereiro mais pressionado por conta dos reajustes de matr\u00edculas no in\u00edcio do ano letivo, aumento do ICMS sobre gasolina e press\u00e3o sobre alimentos em domic\u00edlio&#8221;, afirma Sung. &#8220;Alguns sinais de alerta como os pre\u00e7os de servi\u00e7os subjacentes e a m\u00e9dia m\u00f3vel de tr\u00eas meses anualizada e ajustada sazonalmente do n\u00facleo de infla\u00e7\u00e3o e de servi\u00e7os subjacentes registraram novas altas. Essas m\u00e9tricas ainda continuam em patamares elevados e por isso merecem cautela.&#8221;<\/p>\n\n\n\n\t<div data-element=\"shortcode-read-more\" class=\"readToo\">\n\t\t\t\t<span class=\"readToo__title\">Leia mais<\/span>\n\t\t\t\t<ul class=\"readToo__list\">\n\t\t\t<li><a href=\"https:\/\/www.suno.com.br\/noticias\/ipca-previsao-inflacao-pib-boletim-focus-gpj\/\">IPCA: previs\u00e3o para infla\u00e7\u00e3o volta a diminuir e a do PIB sobe; veja proje\u00e7\u00f5es do Boletim Focus<\/a><\/li><li><a href=\"https:\/\/www.suno.com.br\/noticias\/governo-imoveis-uniao-gpj\/\">Governo pretende ceder ou vender 1 mil im\u00f3veis da Uni\u00e3o; saiba mais<\/a><\/li>\t\t<\/ul>\n\t<\/div>\n\n\n\n\n<h2 class=\"wp-block-heading\">Novo ano letivo e reajustes na Educa\u00e7\u00e3o<\/h2>\n\n\n\n<p>O resultado da pr\u00e9via da <strong>infla\u00e7\u00e3o de fevereiro<\/strong> indicou que o maior setor que registrou alta dos pre\u00e7os foi o de Educa\u00e7\u00e3o. Os dados do IBGE indicam que os cursos regulares tiveram uma alta de 6,13% nos pre\u00e7os. Al\u00e9m disso, as maiores varia\u00e7\u00f5es foram:<\/p>\n\n\n\n<ul class=\"wp-block-list\">\n<li>Ensino m\u00e9dio (8,58%);<\/li>\n\n\n\n<li>Ensino fundamental (8,23%);<\/li>\n\n\n\n<li>Pr\u00e9-escola (8,14%);<\/li>\n\n\n\n<li>Creche (5,91%);<\/li>\n\n\n\n<li>Curso t\u00e9cnico (6,01%);<\/li>\n\n\n\n<li>Ensino superior (3,74%);<\/li>\n\n\n\n<li>P\u00f3s-gradua\u00e7\u00e3o (2,81%).<\/li>\n<\/ul>\n\n\n\n<h2 class=\"wp-block-heading\">Alimenta\u00e7\u00e3o: cenoura, batata e feij\u00e3o nas maiores altas<\/h2>\n\n\n\n<p>Entre os <strong>alimentos que mais ficaram caros <\/strong>no per\u00edodo, cenoura (36,21%), batata-inglesa (22,58%), feij\u00e3o-carioca (7,21%), arroz (5,85%) e frutas (2,24%) se destacam. Ao todo, a alimenta\u00e7\u00e3o em casa (no domic\u00edlio) aumento 1,16% em fevereiro. <\/p>\n\n\n\n<p>&#8220;Com o clima mais adverso com altas temperaturas e chuvas, a produ\u00e7\u00e3o foi negativamente impactada, atrapalhando a colheita de alimentos e pressionando os pre\u00e7os desses itens&#8221;, indica Sung.<\/p>\n\n\n\n<p>Enquanto isso, o <strong>custo de comer fora<\/strong> teve uma alta de 0,48%, acelerando em rela\u00e7\u00e3o a janeiro (+0,24%). Tanto refei\u00e7\u00f5es (0,35%) quanto o lanche (0,79%) tiveram varia\u00e7\u00f5es superiores \u00e0s observadas no m\u00eas anterior (0,32% e 0,16%, respectivamente).<\/p>\n\n\n\n<h2 class=\"wp-block-heading\">Passagens a\u00e9reas tornam a cair e combust\u00edveis sobem<\/h2>\n\n\n\n<p>Seguindo a tend\u00eancia observada no m\u00eas anterior, o grupo de transportes registrou uma alta comparativamente menor do que de outros grupos, de +0,15%. <\/p>\n\n\n\n<p>As passagens a\u00e9reas foram registradas como mais baratas (-10,65% e impacto no resultado de -0,10 p.p.). <\/p>\n\n\n\n<p>Enquanto isso, nos\u00a0combust\u00edveis\u00a0(0,77%), a alta do ICMS sobre a gasolina impactou para o crescimento no m\u00eas. A alta majorit\u00e1ria nos pre\u00e7os pode ser observada a seguir:<\/p>\n\n\n\n<ul class=\"wp-block-list\">\n<li>G\u00e1s veicular\u00a0(3,83%);<\/li>\n\n\n\n<li>Gasolina\u00a0(0,84%);<\/li>\n\n\n\n<li>Etanol\u00a0(0,32%);<\/li>\n\n\n\n<li>O \u00f3leo diesel foi a exce\u00e7\u00e3o (-0,32%).<\/li>\n<\/ul>\n\n\n\t<p>\n\t\t<a href=\"https:\/\/lp.suno.com.br\/ebook-gratuito-investindo-no-exterior\/\" target=\"_blank\" data-element=\"shortcode-suno-banner\" title=\"Banner SUNO, clique e saiba mais\">\n\t\t\t<picture>\n\t\t\t\t<source media=\"(max-width: 500px)\" srcset=\"https:\/\/files.sunoresearch.com.br\/n\/uploads\/2023\/03\/400x300-Investindo-no-exterior.png\">\n\t\t\t\t<img class=\"newsContent__article__imgCapa newsContent__article__imgCapa--banner\"\n\t\t\t\t\tsrc=\"https:\/\/files.sunoresearch.com.br\/n\/uploads\/2023\/03\/1420x240-Investindo-no-exterior.png\"\n\t\t\t\t\tdata-promo-id=\"383161\"\t\t\t\t\t\t\t\t\t\twidth='1420' height='240'\t\t\t\t\talt=\"https:\/\/files.sunoresearch.com.br\/n\/uploads\/2023\/03\/1420x240-Investindo-no-exterior.png\"\n\t\t\t\t>\n\t\t\t<\/picture>\n\t\t<\/a>\n\t<\/p>\n\n\n\n\n\n<h2 class=\"wp-block-heading\">Proje\u00e7\u00f5es de infla\u00e7\u00e3o em 2024<\/h2>\n\n\n\n<p>Para 2024, o economista-chefe da Suno indica que a proje\u00e7\u00e3o da casa para o <strong>IPCA <\/strong>&#8220;segue em 3,90%. Para 2025, 3,70%.&#8221; De olho no Copom e os cortes da taxa b\u00e1sica Selix, o economista acredita que o resultado n\u00e3o deve alterar o plano de voo j\u00e1 anunciado pelo Banco Central, de cortes de 0,5 p.p. nas pr\u00f3ximas reuni\u00f5es, pelo menos para mar\u00e7o e a maio.<\/p>\n\n\n\n<p>Segundo Andr\u00e9a Angelo, estrategista de infla\u00e7\u00e3o da Warren Investimentos, a <strong>proje\u00e7\u00e3o do IPCA<\/strong> para fevereiro est\u00e1 em 0,84%, est\u00e1vel&#8221;. A especialista defende que enquanto setores de educa\u00e7\u00e3o e itens de comunica\u00e7\u00e3o pressionam o resultado, o <strong>custo das passagens a\u00e9reas <\/strong>equilibra. <\/p>\n\n\n\n<p>&#8220;Para mar\u00e7o, vemos alta de 0,21%, subindo em rela\u00e7\u00e3o ao esperado de 0,12%, ajustando passagem a\u00e9rea que apresentou defla\u00e7\u00e3o antecipada em fevereiro. Para o ano seguimos com 4% e para 2025 com 3,50%&#8221;, afirma Angelo. <\/p>\n\n\n\n<h2 class=\"wp-block-heading\">Goi\u00e2nia fica mais cara percentualmente; Porto Alegre tem a menor alta<\/h2>\n\n\n\n<p>Quanto aos \u00edndices regionais, todos os territ\u00f3rios tiveram alta em fevereiro. <\/p>\n\n\n\n<p>A maior varia\u00e7\u00e3o foi registrada em Goi\u00e2nia (1,07%), influenciada pelas altas da gasolina (7,28%) e dos cursos regulares (4,56%). <\/p>\n\n\n\n<p>J\u00e1 o menor resultado ocorreu em Porto Alegre (0,11%), que apresentou queda nos pre\u00e7os da passagem a\u00e9rea (-16,59%) e da gasolina (-1,59%).<\/p>\n\n\n\n<p>(<em>Esta mat\u00e9ria est\u00e1 sendo atualizada neste momento<\/em>)<\/p>\n\n\n\n\n\t<p>\n\t\t<a href=\"https:\/\/lp.suno.com.br\/planilha-da-vida-financeira\/\" target=\"_blank\" data-element=\"shortcode-suno-banner\" title=\"Banner SUNO, clique e saiba mais\">\n\t\t\t<picture>\n\t\t\t\t<source media=\"(max-width: 500px)\" srcset=\"https:\/\/files.sunoresearch.com.br\/n\/uploads\/2023\/04\/400x300-Planilha-vida-financeira-true.png\">\n\t\t\t\t<img class=\"newsContent__article__imgCapa newsContent__article__imgCapa--banner\"\n\t\t\t\t\tsrc=\"https:\/\/files.sunoresearch.com.br\/n\/uploads\/2023\/04\/1420x240-Planilha-vida-financeira-true.png\"\n\t\t\t\t\tdata-promo-id=\"383123\"\t\t\t\t\t\t\t\t\t\twidth='1420' height='240'\t\t\t\t\talt=\"https:\/\/files.sunoresearch.com.br\/n\/uploads\/2023\/04\/1420x240-Planilha-vida-financeira-true.png\"\n\t\t\t\t>\n\t\t\t<\/picture>\n\t\t<\/a>\n\t<\/p>\n\n\n","protected":false},"excerpt":{"rendered":"<p>A pr\u00e9via da infla\u00e7\u00e3o, o IPCA-15 (\u00cdndice Nacional de Pre\u00e7os ao Consumidor Amplo -15), subiu 0,78% em fevereiro, ap\u00f3s ter registrado um avan\u00e7o de 0,31% em janeiro. O dado foi publicado nesta ter\u00e7a-feira (27), \u00e0s 9h pelo Instituto Brasileiro de Geografia e Estat\u00edstica (IBGE). Educa\u00e7\u00e3o &#8211; Foto: Unsplash O resultado poupou as expectativas de mercado, [&hellip;]<\/p>\n","protected":false},"author":283,"featured_media":527018,"comment_status":"closed","ping_status":"closed","sticky":false,"template":"","format":"standard","meta":[],"categories":[62],"tags":[1437,105816,850,1361],"suno_strategy":[],"class_list":["post-527013","post","type-post","status-publish","format-standard","has-post-thumbnail","hentry","category-economia","tag-combustiveis","tag-especialistas","tag-inflacao","tag-ipca-15"],"yoast_head":"<!-- This site is optimized with the Yoast SEO plugin v24.4 - https:\/\/yoast.com\/wordpress\/plugins\/seo\/ -->\n<title>IPCA-15 anota alta de 0,78% em fevereiro; ano acumula +1,09%<\/title>\n<meta name=\"description\" content=\"O IPCA-15 divulgado pelo IBGE nesta manh\u00e3 foi principalmente impactado pela alta nos custos de Educa\u00e7\u00e3o. Leia mais.\" \/>\n<meta name=\"robots\" content=\"index, follow, max-snippet:-1, max-image-preview:large, max-video-preview:-1\" \/>\n<link rel=\"canonical\" href=\"https:\/\/www.suno.com.br\/noticias\/ipca-15-inflacao-fevereiro-2024-cpf\/\" \/>\n<meta property=\"og:locale\" content=\"pt_BR\" \/>\n<meta property=\"og:type\" content=\"article\" \/>\n<meta property=\"og:title\" content=\"IPCA-15 anota alta de 0,78% em fevereiro; ano acumula +1,09%\" \/>\n<meta property=\"og:description\" content=\"O IPCA-15 divulgado pelo IBGE nesta manh\u00e3 foi principalmente impactado pela alta nos custos de Educa\u00e7\u00e3o. Leia mais.\" \/>\n<meta property=\"og:url\" content=\"https:\/\/www.suno.com.br\/noticias\/ipca-15-inflacao-fevereiro-2024-cpf\/\" \/>\n<meta property=\"og:site_name\" content=\"Suno Not\u00edcias\" \/>\n<meta property=\"article:publisher\" content=\"https:\/\/facebook.com\/sunoresearch\" \/>\n<meta property=\"og:image\" content=\"https:\/\/files.sunoresearch.com.br\/n\/uploads\/2024\/02\/ipca-15-educacao-escola.jpg\" \/>\n\t<meta property=\"og:image:width\" content=\"1200\" \/>\n\t<meta property=\"og:image:height\" content=\"800\" \/>\n\t<meta property=\"og:image:type\" content=\"image\/jpeg\" \/>\n<meta name=\"author\" content=\"Camila Paim\" \/>\n<meta name=\"twitter:card\" content=\"summary_large_image\" \/>\n<meta name=\"twitter:creator\" content=\"@sunoresearch\" \/>\n<meta name=\"twitter:site\" content=\"@sunoresearch\" \/>\n<meta name=\"twitter:label1\" content=\"Escrito por\" \/>\n\t<meta name=\"twitter:data1\" content=\"Camila Paim\" \/>\n\t<meta name=\"twitter:label2\" content=\"Est. tempo de leitura\" \/>\n\t<meta name=\"twitter:data2\" content=\"5 minutos\" \/>\n<script type=\"application\/ld+json\" class=\"yoast-schema-graph\">{\"@context\":\"https:\/\/schema.org\",\"@graph\":[{\"@type\":\"NewsArticle\",\"@id\":\"https:\/\/www.suno.com.br\/noticias\/ipca-15-inflacao-fevereiro-2024-cpf\/#article\",\"isPartOf\":{\"@id\":\"https:\/\/www.suno.com.br\/noticias\/ipca-15-inflacao-fevereiro-2024-cpf\/\"},\"author\":{\"name\":\"Camila Paim\",\"@id\":\"https:\/\/www.suno.com.br\/noticias\/#\/schema\/person\/f341d3ae5d1cc685176c9a5327cdfdbb\"},\"headline\":\"IPCA-15 anota alta de 0,78% em fevereiro; 2024 j\u00e1 acumula alta de 1,09%\",\"datePublished\":\"2024-02-27T12:05:41+00:00\",\"dateModified\":\"2024-02-27T13:50:04+00:00\",\"mainEntityOfPage\":{\"@id\":\"https:\/\/www.suno.com.br\/noticias\/ipca-15-inflacao-fevereiro-2024-cpf\/\"},\"wordCount\":856,\"publisher\":{\"@id\":\"https:\/\/www.suno.com.br\/noticias\/#organization\"},\"image\":{\"@id\":\"https:\/\/www.suno.com.br\/noticias\/ipca-15-inflacao-fevereiro-2024-cpf\/#primaryimage\"},\"thumbnailUrl\":\"https:\/\/files.sunoresearch.com.br\/n\/uploads\/2024\/02\/ipca-15-educacao-escola.jpg\",\"keywords\":[\"combust\u00edveis\",\"Especialistas\",\"infla\u00e7\u00e3o\",\"IPCA-15\"],\"articleSection\":[\"Economia\"],\"inLanguage\":\"pt-BR\"},{\"@type\":\"WebPage\",\"@id\":\"https:\/\/www.suno.com.br\/noticias\/ipca-15-inflacao-fevereiro-2024-cpf\/\",\"url\":\"https:\/\/www.suno.com.br\/noticias\/ipca-15-inflacao-fevereiro-2024-cpf\/\",\"name\":\"IPCA-15 anota alta de 0,78% em fevereiro; ano acumula +1,09%\",\"isPartOf\":{\"@id\":\"https:\/\/www.suno.com.br\/noticias\/#website\"},\"primaryImageOfPage\":{\"@id\":\"https:\/\/www.suno.com.br\/noticias\/ipca-15-inflacao-fevereiro-2024-cpf\/#primaryimage\"},\"image\":{\"@id\":\"https:\/\/www.suno.com.br\/noticias\/ipca-15-inflacao-fevereiro-2024-cpf\/#primaryimage\"},\"thumbnailUrl\":\"https:\/\/files.sunoresearch.com.br\/n\/uploads\/2024\/02\/ipca-15-educacao-escola.jpg\",\"datePublished\":\"2024-02-27T12:05:41+00:00\",\"dateModified\":\"2024-02-27T13:50:04+00:00\",\"description\":\"O IPCA-15 divulgado pelo IBGE nesta manh\u00e3 foi principalmente impactado pela alta nos custos de Educa\u00e7\u00e3o. Leia mais.\",\"breadcrumb\":{\"@id\":\"https:\/\/www.suno.com.br\/noticias\/ipca-15-inflacao-fevereiro-2024-cpf\/#breadcrumb\"},\"inLanguage\":\"pt-BR\",\"potentialAction\":[{\"@type\":\"ReadAction\",\"target\":[\"https:\/\/www.suno.com.br\/noticias\/ipca-15-inflacao-fevereiro-2024-cpf\/\"]}]},{\"@type\":\"ImageObject\",\"inLanguage\":\"pt-BR\",\"@id\":\"https:\/\/www.suno.com.br\/noticias\/ipca-15-inflacao-fevereiro-2024-cpf\/#primaryimage\",\"url\":\"https:\/\/files.sunoresearch.com.br\/n\/uploads\/2024\/02\/ipca-15-educacao-escola.jpg\",\"contentUrl\":\"https:\/\/files.sunoresearch.com.br\/n\/uploads\/2024\/02\/ipca-15-educacao-escola.jpg\",\"width\":1200,\"height\":800,\"caption\":\"Educa\u00e7\u00e3o - Foto: Unsplash\"},{\"@type\":\"BreadcrumbList\",\"@id\":\"https:\/\/www.suno.com.br\/noticias\/ipca-15-inflacao-fevereiro-2024-cpf\/#breadcrumb\",\"itemListElement\":[{\"@type\":\"ListItem\",\"position\":1,\"name\":\"Not\u00edcias\",\"item\":\"https:\/\/www.suno.com.br\/noticias\/\"},{\"@type\":\"ListItem\",\"position\":2,\"name\":\"Economia\",\"item\":\"https:\/\/www.suno.com.br\/noticias\/economia\/\"},{\"@type\":\"ListItem\",\"position\":3,\"name\":\"IPCA-15 anota alta de 0,78% em fevereiro; 2024 j\u00e1 acumula alta de 1,09%\"}]},{\"@type\":\"WebSite\",\"@id\":\"https:\/\/www.suno.com.br\/noticias\/#website\",\"url\":\"https:\/\/www.suno.com.br\/noticias\/\",\"name\":\"Suno Not\u00edcias\",\"description\":\"Seu portal de informa\u00e7\u00e3o sobre o mundo dos investimentos\",\"publisher\":{\"@id\":\"https:\/\/www.suno.com.br\/noticias\/#organization\"},\"potentialAction\":[{\"@type\":\"SearchAction\",\"target\":{\"@type\":\"EntryPoint\",\"urlTemplate\":\"https:\/\/www.suno.com.br\/noticias\/?s={search_term_string}\"},\"query-input\":{\"@type\":\"PropertyValueSpecification\",\"valueRequired\":true,\"valueName\":\"search_term_string\"}}],\"inLanguage\":\"pt-BR\"},{\"@type\":\"Organization\",\"@id\":\"https:\/\/www.suno.com.br\/noticias\/#organization\",\"name\":\"Suno Not\u00edcias\",\"url\":\"https:\/\/www.suno.com.br\/noticias\/\",\"logo\":{\"@type\":\"ImageObject\",\"inLanguage\":\"pt-BR\",\"@id\":\"https:\/\/www.suno.com.br\/noticias\/#\/schema\/logo\/image\/\",\"url\":\"https:\/\/files.sunoresearch.com.br\/n\/uploads\/2021\/09\/suno-logo.png\",\"contentUrl\":\"https:\/\/files.sunoresearch.com.br\/n\/uploads\/2021\/09\/suno-logo.png\",\"width\":180,\"height\":180,\"caption\":\"Suno Not\u00edcias\"},\"image\":{\"@id\":\"https:\/\/www.suno.com.br\/noticias\/#\/schema\/logo\/image\/\"},\"sameAs\":[\"https:\/\/facebook.com\/sunoresearch\",\"https:\/\/x.com\/sunoresearch\",\"https:\/\/www.instagram.com\/suno\",\"https:\/\/www.linkedin.com\/company\/suno-research\/\",\"https:\/\/www.youtube.com\/c\/sunoresearch\"]},{\"@type\":\"Person\",\"@id\":\"https:\/\/www.suno.com.br\/noticias\/#\/schema\/person\/f341d3ae5d1cc685176c9a5327cdfdbb\",\"name\":\"Camila Paim\",\"image\":{\"@type\":\"ImageObject\",\"inLanguage\":\"pt-BR\",\"@id\":\"https:\/\/www.suno.com.br\/noticias\/#\/schema\/person\/image\/\",\"url\":\"https:\/\/secure.gravatar.com\/avatar\/f33728e65febb1aa7ecf6792956f9b20?s=96&r=g\",\"contentUrl\":\"https:\/\/secure.gravatar.com\/avatar\/f33728e65febb1aa7ecf6792956f9b20?s=96&r=g\",\"caption\":\"Camila Paim\"},\"description\":\"Jornalista formada pela USP, tem experi\u00eancia em reda\u00e7\u00f5es, SEO, Branded Content e Webdesign. Com passagem pelo Jornal da USP, Empiricus e C6 Bank, hoje \u00e9 rep\u00f3rter no Suno Not\u00edcias cobrindo macroeconomia, finan\u00e7as pessoais e startups.\",\"url\":\"https:\/\/www.suno.com.br\/noticias\/author\/camila-figueiredosuno-com-br\/\"}]}<\/script>\n<!-- \/ Yoast SEO plugin. -->","yoast_head_json":{"title":"IPCA-15 anota alta de 0,78% em fevereiro; ano acumula +1,09%","description":"O IPCA-15 divulgado pelo IBGE nesta manh\u00e3 foi principalmente impactado pela alta nos custos de Educa\u00e7\u00e3o. Leia mais.","robots":{"index":"index","follow":"follow","max-snippet":"max-snippet:-1","max-image-preview":"max-image-preview:large","max-video-preview":"max-video-preview:-1"},"canonical":"https:\/\/www.suno.com.br\/noticias\/ipca-15-inflacao-fevereiro-2024-cpf\/","og_locale":"pt_BR","og_type":"article","og_title":"IPCA-15 anota alta de 0,78% em fevereiro; ano acumula +1,09%","og_description":"O IPCA-15 divulgado pelo IBGE nesta manh\u00e3 foi principalmente impactado pela alta nos custos de Educa\u00e7\u00e3o. Leia mais.","og_url":"https:\/\/www.suno.com.br\/noticias\/ipca-15-inflacao-fevereiro-2024-cpf\/","og_site_name":"Suno Not\u00edcias","article_publisher":"https:\/\/facebook.com\/sunoresearch","og_image":[{"width":1200,"height":800,"url":"https:\/\/files.sunoresearch.com.br\/n\/uploads\/2024\/02\/ipca-15-educacao-escola.jpg","type":"image\/jpeg"}],"author":"Camila Paim","twitter_card":"summary_large_image","twitter_creator":"@sunoresearch","twitter_site":"@sunoresearch","twitter_misc":{"Escrito por":"Camila Paim","Est. tempo de leitura":"5 minutos"},"schema":{"@context":"https:\/\/schema.org","@graph":[{"@type":"NewsArticle","@id":"https:\/\/www.suno.com.br\/noticias\/ipca-15-inflacao-fevereiro-2024-cpf\/#article","isPartOf":{"@id":"https:\/\/www.suno.com.br\/noticias\/ipca-15-inflacao-fevereiro-2024-cpf\/"},"author":{"name":"Camila Paim","@id":"https:\/\/www.suno.com.br\/noticias\/#\/schema\/person\/f341d3ae5d1cc685176c9a5327cdfdbb"},"headline":"IPCA-15 anota alta de 0,78% em fevereiro; 2024 j\u00e1 acumula alta de 1,09%","datePublished":"2024-02-27T12:05:41+00:00","dateModified":"2024-02-27T13:50:04+00:00","mainEntityOfPage":{"@id":"https:\/\/www.suno.com.br\/noticias\/ipca-15-inflacao-fevereiro-2024-cpf\/"},"wordCount":856,"publisher":{"@id":"https:\/\/www.suno.com.br\/noticias\/#organization"},"image":{"@id":"https:\/\/www.suno.com.br\/noticias\/ipca-15-inflacao-fevereiro-2024-cpf\/#primaryimage"},"thumbnailUrl":"https:\/\/files.sunoresearch.com.br\/n\/uploads\/2024\/02\/ipca-15-educacao-escola.jpg","keywords":["combust\u00edveis","Especialistas","infla\u00e7\u00e3o","IPCA-15"],"articleSection":["Economia"],"inLanguage":"pt-BR"},{"@type":"WebPage","@id":"https:\/\/www.suno.com.br\/noticias\/ipca-15-inflacao-fevereiro-2024-cpf\/","url":"https:\/\/www.suno.com.br\/noticias\/ipca-15-inflacao-fevereiro-2024-cpf\/","name":"IPCA-15 anota alta de 0,78% em fevereiro; ano acumula +1,09%","isPartOf":{"@id":"https:\/\/www.suno.com.br\/noticias\/#website"},"primaryImageOfPage":{"@id":"https:\/\/www.suno.com.br\/noticias\/ipca-15-inflacao-fevereiro-2024-cpf\/#primaryimage"},"image":{"@id":"https:\/\/www.suno.com.br\/noticias\/ipca-15-inflacao-fevereiro-2024-cpf\/#primaryimage"},"thumbnailUrl":"https:\/\/files.sunoresearch.com.br\/n\/uploads\/2024\/02\/ipca-15-educacao-escola.jpg","datePublished":"2024-02-27T12:05:41+00:00","dateModified":"2024-02-27T13:50:04+00:00","description":"O IPCA-15 divulgado pelo IBGE nesta manh\u00e3 foi principalmente impactado pela alta nos custos de Educa\u00e7\u00e3o. Leia mais.","breadcrumb":{"@id":"https:\/\/www.suno.com.br\/noticias\/ipca-15-inflacao-fevereiro-2024-cpf\/#breadcrumb"},"inLanguage":"pt-BR","potentialAction":[{"@type":"ReadAction","target":["https:\/\/www.suno.com.br\/noticias\/ipca-15-inflacao-fevereiro-2024-cpf\/"]}]},{"@type":"ImageObject","inLanguage":"pt-BR","@id":"https:\/\/www.suno.com.br\/noticias\/ipca-15-inflacao-fevereiro-2024-cpf\/#primaryimage","url":"https:\/\/files.sunoresearch.com.br\/n\/uploads\/2024\/02\/ipca-15-educacao-escola.jpg","contentUrl":"https:\/\/files.sunoresearch.com.br\/n\/uploads\/2024\/02\/ipca-15-educacao-escola.jpg","width":1200,"height":800,"caption":"Educa\u00e7\u00e3o - Foto: Unsplash"},{"@type":"BreadcrumbList","@id":"https:\/\/www.suno.com.br\/noticias\/ipca-15-inflacao-fevereiro-2024-cpf\/#breadcrumb","itemListElement":[{"@type":"ListItem","position":1,"name":"Not\u00edcias","item":"https:\/\/www.suno.com.br\/noticias\/"},{"@type":"ListItem","position":2,"name":"Economia","item":"https:\/\/www.suno.com.br\/noticias\/economia\/"},{"@type":"ListItem","position":3,"name":"IPCA-15 anota alta de 0,78% em fevereiro; 2024 j\u00e1 acumula alta de 1,09%"}]},{"@type":"WebSite","@id":"https:\/\/www.suno.com.br\/noticias\/#website","url":"https:\/\/www.suno.com.br\/noticias\/","name":"Suno Not\u00edcias","description":"Seu portal de informa\u00e7\u00e3o sobre o mundo dos investimentos","publisher":{"@id":"https:\/\/www.suno.com.br\/noticias\/#organization"},"potentialAction":[{"@type":"SearchAction","target":{"@type":"EntryPoint","urlTemplate":"https:\/\/www.suno.com.br\/noticias\/?s={search_term_string}"},"query-input":{"@type":"PropertyValueSpecification","valueRequired":true,"valueName":"search_term_string"}}],"inLanguage":"pt-BR"},{"@type":"Organization","@id":"https:\/\/www.suno.com.br\/noticias\/#organization","name":"Suno Not\u00edcias","url":"https:\/\/www.suno.com.br\/noticias\/","logo":{"@type":"ImageObject","inLanguage":"pt-BR","@id":"https:\/\/www.suno.com.br\/noticias\/#\/schema\/logo\/image\/","url":"https:\/\/files.sunoresearch.com.br\/n\/uploads\/2021\/09\/suno-logo.png","contentUrl":"https:\/\/files.sunoresearch.com.br\/n\/uploads\/2021\/09\/suno-logo.png","width":180,"height":180,"caption":"Suno Not\u00edcias"},"image":{"@id":"https:\/\/www.suno.com.br\/noticias\/#\/schema\/logo\/image\/"},"sameAs":["https:\/\/facebook.com\/sunoresearch","https:\/\/x.com\/sunoresearch","https:\/\/www.instagram.com\/suno","https:\/\/www.linkedin.com\/company\/suno-research\/","https:\/\/www.youtube.com\/c\/sunoresearch"]},{"@type":"Person","@id":"https:\/\/www.suno.com.br\/noticias\/#\/schema\/person\/f341d3ae5d1cc685176c9a5327cdfdbb","name":"Camila Paim","image":{"@type":"ImageObject","inLanguage":"pt-BR","@id":"https:\/\/www.suno.com.br\/noticias\/#\/schema\/person\/image\/","url":"https:\/\/secure.gravatar.com\/avatar\/f33728e65febb1aa7ecf6792956f9b20?s=96&r=g","contentUrl":"https:\/\/secure.gravatar.com\/avatar\/f33728e65febb1aa7ecf6792956f9b20?s=96&r=g","caption":"Camila Paim"},"description":"Jornalista formada pela USP, tem experi\u00eancia em reda\u00e7\u00f5es, SEO, Branded Content e Webdesign. Com passagem pelo Jornal da USP, Empiricus e C6 Bank, hoje \u00e9 rep\u00f3rter no Suno Not\u00edcias cobrindo macroeconomia, finan\u00e7as pessoais e startups.","url":"https:\/\/www.suno.com.br\/noticias\/author\/camila-figueiredosuno-com-br\/"}]}},"default_loop_html":"<div class=\"cardsPage__listCard__boxs\"><div class=\"cardsPage__listCard__boxs__img\"><a href=\"https:\/\/www.suno.com.br\/noticias\/ipca-15-inflacao-fevereiro-2024-cpf\/\"><img class=\"mask\" src=\"https:\/\/www.suno.com.br\/noticias\/wp-content\/themes\/suno\/resources\/images\/spotlight\/spotlight1img\/bg-mask.png\" alt=\"Image Mask\"\/><img src=\"https:\/\/files.sunoresearch.com.br\/n\/uploads\/2024\/02\/ipca-15-educacao-escola-400x200.jpg\" alt=\"IPCA-15 anota alta de 0,78% em fevereiro; 2024 j\u00e1 acumula alta de 1,09%\"\/><\/a><span class=\"spotlightCategory\"><a href=\"https:\/\/www.suno.com.br\/noticias\/economia\/\">Economia<\/a><\/span><\/div><div class=\"cardsPage__listCard__boxs__content\"><a href=\"https:\/\/www.suno.com.br\/noticias\/ipca-15-inflacao-fevereiro-2024-cpf\/\"><h2 class=\"content__title\">IPCA-15 anota alta de 0,78% em fevereiro; 2024 j\u00e1 acumula alta de 1,09%<\/h2><\/a><div class=\"newsContent__article__meta\"><div class=\"newsContent__article__meta__authorBox\"><a href=\"https:\/\/www.suno.com.br\/noticias\/author\/giovanni-porfiriosuno-com-br\/\" class=\"authorBox__avatar noMobi\"><img src=\"https:\/\/files.sunoresearch.com.br\/n\/uploads\/2024\/05\/DSCF4115-1-1-150x150.webp\" alt=\"Giovanni Porf\u00edrio Jacomino\"><\/a><div class=\"authorBox__name\"><span>por\n\t\t\t<a href=\"https:\/\/www.suno.com.br\/noticias\/author\/giovanni-porfiriosuno-com-br\/\"><span itemprop=\"author\">Giovanni Porf\u00edrio Jacomino<\/span><\/a><\/span><time datetime=\"2024-02-27T09:05:41-03:00\" itemprop=\"datePublished\">27\/02\/2024 09:05<\/time><\/div><\/div><\/div><\/div><\/div>","single_layout":"posts","amp_enabled":true,"_links":{"self":[{"href":"https:\/\/www.suno.com.br\/noticias\/wp-json\/wp\/v2\/posts\/527013"}],"collection":[{"href":"https:\/\/www.suno.com.br\/noticias\/wp-json\/wp\/v2\/posts"}],"about":[{"href":"https:\/\/www.suno.com.br\/noticias\/wp-json\/wp\/v2\/types\/post"}],"author":[{"embeddable":true,"href":"https:\/\/www.suno.com.br\/noticias\/wp-json\/wp\/v2\/users\/283"}],"replies":[{"embeddable":true,"href":"https:\/\/www.suno.com.br\/noticias\/wp-json\/wp\/v2\/comments?post=527013"}],"version-history":[{"count":3,"href":"https:\/\/www.suno.com.br\/noticias\/wp-json\/wp\/v2\/posts\/527013\/revisions"}],"predecessor-version":[{"id":527099,"href":"https:\/\/www.suno.com.br\/noticias\/wp-json\/wp\/v2\/posts\/527013\/revisions\/527099"}],"wp:featuredmedia":[{"embeddable":true,"href":"https:\/\/www.suno.com.br\/noticias\/wp-json\/wp\/v2\/media\/527018"}],"wp:attachment":[{"href":"https:\/\/www.suno.com.br\/noticias\/wp-json\/wp\/v2\/media?parent=527013"}],"wp:term":[{"taxonomy":"category","embeddable":true,"href":"https:\/\/www.suno.com.br\/noticias\/wp-json\/wp\/v2\/categories?post=527013"},{"taxonomy":"post_tag","embeddable":true,"href":"https:\/\/www.suno.com.br\/noticias\/wp-json\/wp\/v2\/tags?post=527013"},{"taxonomy":"suno_strategy","embeddable":true,"href":"https:\/\/www.suno.com.br\/noticias\/wp-json\/wp\/v2\/suno_strategy?post=527013"}],"curies":[{"name":"wp","href":"https:\/\/api.w.org\/{rel}","templated":true}]}}