{"id":526966,"date":"2024-02-27T07:53:43","date_gmt":"2024-02-27T10:53:43","guid":{"rendered":"https:\/\/www.suno.com.br\/noticias\/?p=526966"},"modified":"2024-02-27T07:57:02","modified_gmt":"2024-02-27T10:57:02","slug":"governo-imoveis-uniao-gpj","status":"publish","type":"post","link":"https:\/\/www.suno.com.br\/noticias\/governo-imoveis-uniao-gpj\/","title":{"rendered":"Governo pretende ceder ou vender 1 mil im\u00f3veis da Uni\u00e3o; saiba mais"},"content":{"rendered":"<p>O presidente Luiz In\u00e1cio Lula da Silva assinou decreto nesta segunda-feira (26) que cria oficialmente o Im\u00f3veis da Gente, programa do <strong>governo<\/strong> de destina\u00e7\u00e3o de im\u00f3veis da Uni\u00e3o, por meio de cess\u00e3o ou venda, para habita\u00e7\u00e3o, como o Minha Casa, Minha Vida (MCMV), e programas de iniciativa p\u00fablica. <\/p>\t<div class=\"wrapper-featured-image\">\n\t\t<figure class=\"spotlightImg\">\n\n\t\t\t<picture>\n\t\t\t\t<source media=\"(max-width: 768px)\" srcset=\"https:\/\/files.sunoresearch.com.br\/n\/uploads\/2024\/02\/iStock-1490972905-400x200.jpg\">\n\t\t\t\t<img loading=\"lazy\" decoding=\"async\" class=\"newsContent__article__imgCapa lazyloadDisabled \" src=\"https:\/\/files.sunoresearch.com.br\/n\/uploads\/2024\/02\/iStock-1490972905-800x450.jpg\" width=\"800\" height=\"450\" alt=\"Governo pretende ceder ou vender 1 mil im\u00f3veis da Uni\u00e3o; saiba mais\" fetchpriority=high \/>\n\t\t\t<\/picture>\n\n\t\t\t<figcaption class=\"wp-caption-text wp-caption-text--show\">Im\u00f3vel no exterior. Foto: iStock.<\/figcaption>\n\t\t<\/figure>\n\t<\/div>\n\n\n\n\n\n\n\n\t<p>\n\t\t<a href=\"\" target=\"_blank\" data-element=\"shortcode-suno-banner\" title=\"Banner SUNO, clique e saiba mais\">\n\t\t\t<picture>\n\t\t\t\t<source media=\"(max-width: 500px)\" srcset=\"\">\n\t\t\t\t<img class=\"newsContent__article__imgCapa newsContent__article__imgCapa--banner\"\n\t\t\t\t\tsrc=\"\"\n\t\t\t\t\tdata-promo-id=\"240038\"\t\t\t\t\t\t\t\t\t\t\t\t\t\t\talt=\"\"\n\t\t\t\t>\n\t\t\t<\/picture>\n\t\t<\/a>\n\t<\/p>\n\n\n\n\n\n<p>Trata-se de uma mudan\u00e7a, em rela\u00e7\u00e3o ao <strong>governo Jair Bolsonaro<\/strong>, sobre como tratar o estoque de im\u00f3veis em posse da Uni\u00e3o e que n\u00e3o est\u00e3o sendo utilizados.<\/p>\n\n\n\n<p>A ministra de Gest\u00e3o e Inova\u00e7\u00e3o em Servi\u00e7os P\u00fablicos, Esther Dweck, avaliou ser &#8220;razo\u00e1vel&#8221; esperar a destina\u00e7\u00e3o de 1 mil im\u00f3veis da Uni\u00e3o at\u00e9 2026, dos quais 500 j\u00e1 est\u00e3o em estudo para esse prop\u00f3sito. Outros 483 pertencem ao INSS e s\u00e3o pr\u00e9dios que podem servir para habita\u00e7\u00e3o ou s\u00e3o terras j\u00e1 ocupadas e podem ser objeto de processos de regulariza\u00e7\u00e3o de posse. Embora o decreto tenha sido assinado ontem, a cess\u00e3o j\u00e1 ocorre desde o ano passado.<\/p>\n\n\n\n<p>Segundo a ministra da Gest\u00e3o, 264 im\u00f3veis foram destinados no ano passado, dos quais 53 para habita\u00e7\u00e3o e 201 para pol\u00edticas p\u00fablicas. &#8220;A gente acha que o n\u00famero de 1 mil \u00e9 razo\u00e1vel, mas pode ser maior nos quatro anos, principalmente nos im\u00f3veis do INSS.&#8221;<\/p>\n\n\n\n<p>Ela disse ter a expectativa de que mais <strong>im\u00f3veis do INSS<\/strong> sejam inclu\u00eddos, uma vez que foram identificados 3.213 im\u00f3veis &#8220;n\u00e3o operacionais&#8221; &#8211; ou seja, dispens\u00e1veis para as atividades do \u00f3rg\u00e3o e que poderiam ser usados para habita\u00e7\u00e3o.<\/p>\n\n\n\n<p>Segundo o governo, a prioridade na cess\u00e3o ser\u00e1 de \u00e1reas e pr\u00e9dios urbanos, vazios ou que tenham sido alvo de invas\u00f5es. A ideia \u00e9 incluir esses empreendimentos no MCMV, reduzindo o valor individual do empreendimento, ou criar novas formas de ocupa\u00e7\u00e3o que valorizem os bairros, como a implanta\u00e7\u00e3o de escolas ou parques.<\/p>\n\n\n\n<p>Outra alternativa \u00e9 regularizar \u00e1reas h\u00e1 anos ocupadas, como \u00e9 o caso da favela Bras\u00edlia Teimosa, no Recife, cuja regulariza\u00e7\u00e3o deve ser conclu\u00edda este ano.<\/p>\n\n\n\n<p>Esther afirma que h\u00e1 50 im\u00f3veis da Uni\u00e3o j\u00e1 mapeados que podem ser usados no MCMV, gerando cerca de 5 mil unidades habitacionais. Destas, 2,6 mil seriam em unidades da faixa 1 do programa, que \u00e9 bancada por recursos do or\u00e7amento federal, e 3.206 em unidades de entidades ligadas a movimentos de moradia.<\/p>\n\n\n\n<p>O fluxo de identifica\u00e7\u00e3o de potenciais cess\u00f5es e vendas ser\u00e1 feito a partir dos escrit\u00f3rios estaduais da Secretaria do Patrim\u00f4nio da Uni\u00e3o (SPU), com informa\u00e7\u00f5es de Estados e munic\u00edpios sobre \u00e1reas que podem ser enquadradas no programa.<\/p>\n\n\n\n<p>Tanto Esther quanto o <strong>ministro da Casa Civil<\/strong>, Rui Costa, ressaltaram o entendimento &#8220;n\u00e3o fiscal&#8221; da medida. Ou seja, sem o interesse de gerar caixa &#8211; marcando com isso uma interpreta\u00e7\u00e3o diferente da empregada durante o governo Jair Bolsonaro.<\/p>\n\n\n\n<p>Esse foi o foco do <strong>ex-ministro da Economia<\/strong> <strong>Paulo Guedes<\/strong> que, durante o governo Bolsonaro, chegou a propagar que a venda de im\u00f3veis do governo poderia render R$ 1 trilh\u00e3o ao Tesouro. Esther relembrou casos em que ofertas acabaram frustradas, sem interesse do setor privado. Ela ainda afirmou que o valor levantado pelo ex-ministro envolvia desde pr\u00e9dios da Esplanada a terrenos de marinha. &#8220;Simplesmente alienar o patrim\u00f4nio era um certo mantra do governo anterior, sem nenhuma preocupa\u00e7\u00e3o de melhorar e valorizar o patrim\u00f4nio brasileiro&#8221;.<\/p>\n\n\n\n\t<div data-element=\"shortcode-read-more\" class=\"readToo\">\n\t\t\t\t<span class=\"readToo__title\">Leia mais<\/span>\n\t\t\t\t<ul class=\"readToo__list\">\n\t\t\t<li><a href=\"https:\/\/www.suno.com.br\/noticias\/snag11-atinge-menor-volatilidade-entre-fiagros\/\">SNAG11: Conhe\u00e7a a estrat\u00e9gia deste Fiagro para mitigar riscos<\/a><\/li><li><a href=\"https:\/\/www.suno.com.br\/noticias\/vale-vale3-lula-novo-nome-presidente-evm\/\">Lula escolheu novo nome para presidir a Vale (VALE3), diz coluna<\/a><\/li>\t\t<\/ul>\n\t<\/div>\n\n\n\n\t<p>\n\t\t<a href=\"https:\/\/lp.suno.com.br\/ebook-gratuito-investindo-no-exterior\/\" target=\"_blank\" data-element=\"shortcode-suno-banner\" title=\"Banner SUNO, clique e saiba mais\">\n\t\t\t<picture>\n\t\t\t\t<source media=\"(max-width: 500px)\" srcset=\"https:\/\/files.sunoresearch.com.br\/n\/uploads\/2023\/03\/400x300-Investindo-no-exterior.png\">\n\t\t\t\t<img class=\"newsContent__article__imgCapa newsContent__article__imgCapa--banner\"\n\t\t\t\t\tsrc=\"https:\/\/files.sunoresearch.com.br\/n\/uploads\/2023\/03\/1420x240-Investindo-no-exterior.png\"\n\t\t\t\t\tdata-promo-id=\"383161\"\t\t\t\t\t\t\t\t\t\twidth='1420' height='240'\t\t\t\t\talt=\"https:\/\/files.sunoresearch.com.br\/n\/uploads\/2023\/03\/1420x240-Investindo-no-exterior.png\"\n\t\t\t\t>\n\t\t\t<\/picture>\n\t\t<\/a>\n\t<\/p>\n\n\n\n\n\n<h2 class=\"wp-block-heading\">4 modalidades<\/h2>\n\n\n\n<p>No<strong> Im\u00f3veis da Gente<\/strong>, a ideia \u00e9 usar quatro instrumentos de destina\u00e7\u00e3o patrimonial. O primeiro, de cess\u00f5es, que podem ser gratuitas, onerosas ou feitas em condi\u00e7\u00f5es especiais, que vinculem o tipo de uso do im\u00f3vel.<\/p>\n\n\n\n<p>O segundo instrumento prev\u00ea doa\u00e7\u00e3o com encargos, que deve ser utilizado principalmente para unidades habitacionais, regulariza\u00e7\u00e3o fundi\u00e1ria, e empreendimentos sociais, como escolas e unidades de sa\u00fade.<\/p>\n\n\n\n<p>O terceiro prev\u00ea entrega de ativos para Estados e munic\u00edpios, que passam a ser respons\u00e1veis pela manuten\u00e7\u00e3o do im\u00f3vel, o que desonera o governo federal desse custo.<\/p>\n\n\n\n<p>O quarto instrumento \u00e9 a venda com permuta. O<strong> governo <\/strong>poder\u00e1 leiloar o im\u00f3vel, com o pagamento a ser feito pela <a href=\"https:\/\/www.suno.com.br\/artigos\/iniciativa-privada\/\">iniciativa privada<\/a> via oferta de servi\u00e7os, como a constru\u00e7\u00e3o de habita\u00e7\u00e3o ou de empreendimentos sociais. As informa\u00e7\u00f5es s\u00e3o do jornal O Estado de S. Paulo.<\/p>\n\n\n\n<p><em>*Com informa\u00e7\u00f5es de Estad\u00e3o Conte\u00fado<\/em><\/p>\n\n\n\t<p>\n\t\t<a href=\"https:\/\/lp.suno.com.br\/planilha-da-vida-financeira\/\" target=\"_blank\" data-element=\"shortcode-suno-banner\" title=\"Banner SUNO, clique e saiba mais\">\n\t\t\t<picture>\n\t\t\t\t<source media=\"(max-width: 500px)\" srcset=\"https:\/\/files.sunoresearch.com.br\/n\/uploads\/2023\/04\/400x300-Planilha-vida-financeira-true.png\">\n\t\t\t\t<img class=\"newsContent__article__imgCapa newsContent__article__imgCapa--banner\"\n\t\t\t\t\tsrc=\"https:\/\/files.sunoresearch.com.br\/n\/uploads\/2023\/04\/1420x240-Planilha-vida-financeira-true.png\"\n\t\t\t\t\tdata-promo-id=\"383123\"\t\t\t\t\t\t\t\t\t\twidth='1420' height='240'\t\t\t\t\talt=\"https:\/\/files.sunoresearch.com.br\/n\/uploads\/2023\/04\/1420x240-Planilha-vida-financeira-true.png\"\n\t\t\t\t>\n\t\t\t<\/picture>\n\t\t<\/a>\n\t<\/p>\n\n\n","protected":false},"excerpt":{"rendered":"<p>O presidente Luiz In\u00e1cio Lula da Silva assinou decreto nesta segunda-feira (26) que cria oficialmente o Im\u00f3veis da Gente, programa do governo de destina\u00e7\u00e3o de im\u00f3veis da Uni\u00e3o, por meio de cess\u00e3o ou venda, para habita\u00e7\u00e3o, como o Minha Casa, Minha Vida (MCMV), e programas de iniciativa p\u00fablica. Im\u00f3vel no exterior. Foto: iStock. Trata-se de [&hellip;]<\/p>\n","protected":false},"author":313,"featured_media":526977,"comment_status":"closed","ping_status":"closed","sticky":false,"template":"","format":"standard","meta":[],"categories":[62],"tags":[1556],"suno_strategy":[],"class_list":["post-526966","post","type-post","status-publish","format-standard","has-post-thumbnail","hentry","category-economia","tag-governo-federal"],"yoast_head":"<!-- This site is optimized with the Yoast SEO plugin v24.4 - https:\/\/yoast.com\/wordpress\/plugins\/seo\/ -->\n<title>Governo pretende ceder ou vender 1 mil im\u00f3veis da Uni\u00e3o<\/title>\n<meta name=\"description\" content=\"\u00c9 uma mudan\u00e7a, em rela\u00e7\u00e3o ao governo Jair Bolsonaro, sobre como tratar o estoque de im\u00f3veis em posse da Uni\u00e3o e que est\u00e3o subutilizados.\" \/>\n<meta name=\"robots\" content=\"index, follow, max-snippet:-1, max-image-preview:large, max-video-preview:-1\" \/>\n<link rel=\"canonical\" href=\"https:\/\/www.suno.com.br\/noticias\/governo-imoveis-uniao-gpj\/\" \/>\n<meta property=\"og:locale\" content=\"pt_BR\" \/>\n<meta property=\"og:type\" content=\"article\" \/>\n<meta property=\"og:title\" content=\"Governo pretende ceder ou vender 1 mil im\u00f3veis da Uni\u00e3o\" \/>\n<meta property=\"og:description\" content=\"\u00c9 uma mudan\u00e7a, em rela\u00e7\u00e3o ao governo Jair Bolsonaro, sobre como tratar o estoque de im\u00f3veis em posse da Uni\u00e3o e que est\u00e3o subutilizados.\" \/>\n<meta property=\"og:url\" content=\"https:\/\/www.suno.com.br\/noticias\/governo-imoveis-uniao-gpj\/\" \/>\n<meta property=\"og:site_name\" content=\"Suno Not\u00edcias\" \/>\n<meta property=\"article:publisher\" content=\"https:\/\/facebook.com\/sunoresearch\" \/>\n<meta property=\"og:image\" content=\"https:\/\/files.sunoresearch.com.br\/n\/uploads\/2024\/02\/iStock-1490972905.jpg\" \/>\n\t<meta property=\"og:image:width\" content=\"1254\" \/>\n\t<meta property=\"og:image:height\" content=\"836\" \/>\n\t<meta property=\"og:image:type\" content=\"image\/jpeg\" \/>\n<meta name=\"author\" content=\"Giovanni Porf\u00edrio Jacomino\" \/>\n<meta name=\"twitter:card\" content=\"summary_large_image\" \/>\n<meta name=\"twitter:creator\" content=\"@sunoresearch\" \/>\n<meta name=\"twitter:site\" content=\"@sunoresearch\" \/>\n<meta name=\"twitter:label1\" content=\"Escrito por\" \/>\n\t<meta name=\"twitter:data1\" content=\"Giovanni Porf\u00edrio Jacomino\" \/>\n\t<meta name=\"twitter:label2\" content=\"Est. tempo de leitura\" \/>\n\t<meta name=\"twitter:data2\" content=\"4 minutos\" \/>\n<script type=\"application\/ld+json\" class=\"yoast-schema-graph\">{\"@context\":\"https:\/\/schema.org\",\"@graph\":[{\"@type\":\"NewsArticle\",\"@id\":\"https:\/\/www.suno.com.br\/noticias\/governo-imoveis-uniao-gpj\/#article\",\"isPartOf\":{\"@id\":\"https:\/\/www.suno.com.br\/noticias\/governo-imoveis-uniao-gpj\/\"},\"author\":{\"name\":\"Giovanni Porf\u00edrio Jacomino\",\"@id\":\"https:\/\/www.suno.com.br\/noticias\/#\/schema\/person\/d0f32748bbca4bee871fa191ee4e2d40\"},\"headline\":\"Governo pretende ceder ou vender 1 mil im\u00f3veis da Uni\u00e3o; saiba mais\",\"datePublished\":\"2024-02-27T10:53:43+00:00\",\"dateModified\":\"2024-02-27T10:57:02+00:00\",\"mainEntityOfPage\":{\"@id\":\"https:\/\/www.suno.com.br\/noticias\/governo-imoveis-uniao-gpj\/\"},\"wordCount\":758,\"publisher\":{\"@id\":\"https:\/\/www.suno.com.br\/noticias\/#organization\"},\"image\":{\"@id\":\"https:\/\/www.suno.com.br\/noticias\/governo-imoveis-uniao-gpj\/#primaryimage\"},\"thumbnailUrl\":\"https:\/\/files.sunoresearch.com.br\/n\/uploads\/2024\/02\/iStock-1490972905.jpg\",\"keywords\":[\"governo federal\"],\"articleSection\":[\"Economia\"],\"inLanguage\":\"pt-BR\"},{\"@type\":\"WebPage\",\"@id\":\"https:\/\/www.suno.com.br\/noticias\/governo-imoveis-uniao-gpj\/\",\"url\":\"https:\/\/www.suno.com.br\/noticias\/governo-imoveis-uniao-gpj\/\",\"name\":\"Governo pretende ceder ou vender 1 mil im\u00f3veis da Uni\u00e3o\",\"isPartOf\":{\"@id\":\"https:\/\/www.suno.com.br\/noticias\/#website\"},\"primaryImageOfPage\":{\"@id\":\"https:\/\/www.suno.com.br\/noticias\/governo-imoveis-uniao-gpj\/#primaryimage\"},\"image\":{\"@id\":\"https:\/\/www.suno.com.br\/noticias\/governo-imoveis-uniao-gpj\/#primaryimage\"},\"thumbnailUrl\":\"https:\/\/files.sunoresearch.com.br\/n\/uploads\/2024\/02\/iStock-1490972905.jpg\",\"datePublished\":\"2024-02-27T10:53:43+00:00\",\"dateModified\":\"2024-02-27T10:57:02+00:00\",\"description\":\"\u00c9 uma mudan\u00e7a, em rela\u00e7\u00e3o ao governo Jair Bolsonaro, sobre como tratar o estoque de im\u00f3veis em posse da Uni\u00e3o e que est\u00e3o subutilizados.\",\"breadcrumb\":{\"@id\":\"https:\/\/www.suno.com.br\/noticias\/governo-imoveis-uniao-gpj\/#breadcrumb\"},\"inLanguage\":\"pt-BR\",\"potentialAction\":[{\"@type\":\"ReadAction\",\"target\":[\"https:\/\/www.suno.com.br\/noticias\/governo-imoveis-uniao-gpj\/\"]}]},{\"@type\":\"ImageObject\",\"inLanguage\":\"pt-BR\",\"@id\":\"https:\/\/www.suno.com.br\/noticias\/governo-imoveis-uniao-gpj\/#primaryimage\",\"url\":\"https:\/\/files.sunoresearch.com.br\/n\/uploads\/2024\/02\/iStock-1490972905.jpg\",\"contentUrl\":\"https:\/\/files.sunoresearch.com.br\/n\/uploads\/2024\/02\/iStock-1490972905.jpg\",\"width\":1254,\"height\":836,\"caption\":\"Im\u00f3vel no exterior. Foto: iStock.\"},{\"@type\":\"BreadcrumbList\",\"@id\":\"https:\/\/www.suno.com.br\/noticias\/governo-imoveis-uniao-gpj\/#breadcrumb\",\"itemListElement\":[{\"@type\":\"ListItem\",\"position\":1,\"name\":\"Not\u00edcias\",\"item\":\"https:\/\/www.suno.com.br\/noticias\/\"},{\"@type\":\"ListItem\",\"position\":2,\"name\":\"Economia\",\"item\":\"https:\/\/www.suno.com.br\/noticias\/economia\/\"},{\"@type\":\"ListItem\",\"position\":3,\"name\":\"Governo pretende ceder ou vender 1 mil im\u00f3veis da Uni\u00e3o; saiba mais\"}]},{\"@type\":\"WebSite\",\"@id\":\"https:\/\/www.suno.com.br\/noticias\/#website\",\"url\":\"https:\/\/www.suno.com.br\/noticias\/\",\"name\":\"Suno Not\u00edcias\",\"description\":\"Seu portal de informa\u00e7\u00e3o sobre o mundo dos investimentos\",\"publisher\":{\"@id\":\"https:\/\/www.suno.com.br\/noticias\/#organization\"},\"potentialAction\":[{\"@type\":\"SearchAction\",\"target\":{\"@type\":\"EntryPoint\",\"urlTemplate\":\"https:\/\/www.suno.com.br\/noticias\/?s={search_term_string}\"},\"query-input\":{\"@type\":\"PropertyValueSpecification\",\"valueRequired\":true,\"valueName\":\"search_term_string\"}}],\"inLanguage\":\"pt-BR\"},{\"@type\":\"Organization\",\"@id\":\"https:\/\/www.suno.com.br\/noticias\/#organization\",\"name\":\"Suno Not\u00edcias\",\"url\":\"https:\/\/www.suno.com.br\/noticias\/\",\"logo\":{\"@type\":\"ImageObject\",\"inLanguage\":\"pt-BR\",\"@id\":\"https:\/\/www.suno.com.br\/noticias\/#\/schema\/logo\/image\/\",\"url\":\"https:\/\/files.sunoresearch.com.br\/n\/uploads\/2021\/09\/suno-logo.png\",\"contentUrl\":\"https:\/\/files.sunoresearch.com.br\/n\/uploads\/2021\/09\/suno-logo.png\",\"width\":180,\"height\":180,\"caption\":\"Suno Not\u00edcias\"},\"image\":{\"@id\":\"https:\/\/www.suno.com.br\/noticias\/#\/schema\/logo\/image\/\"},\"sameAs\":[\"https:\/\/facebook.com\/sunoresearch\",\"https:\/\/x.com\/sunoresearch\",\"https:\/\/www.instagram.com\/suno\",\"https:\/\/www.linkedin.com\/company\/suno-research\/\",\"https:\/\/www.youtube.com\/c\/sunoresearch\"]},{\"@type\":\"Person\",\"@id\":\"https:\/\/www.suno.com.br\/noticias\/#\/schema\/person\/d0f32748bbca4bee871fa191ee4e2d40\",\"name\":\"Giovanni Porf\u00edrio Jacomino\",\"image\":{\"@type\":\"ImageObject\",\"inLanguage\":\"pt-BR\",\"@id\":\"https:\/\/www.suno.com.br\/noticias\/#\/schema\/person\/image\/\",\"url\":\"https:\/\/secure.gravatar.com\/avatar\/efb32e19b730a121cb7a80f41ffec01a?s=96&r=g\",\"contentUrl\":\"https:\/\/secure.gravatar.com\/avatar\/efb32e19b730a121cb7a80f41ffec01a?s=96&r=g\",\"caption\":\"Giovanni Porf\u00edrio Jacomino\"},\"description\":\"Giovanni Porf\u00edrio Jacomino \u00e9 jornalista formado pela Universidade Estadual de Londrina (UEL) e p\u00f3s-graduado em Produ\u00e7\u00e3o e Pr\u00e1ticas Jornal\u00edsticas na Contemporaneidade na Faculdade C\u00e1sper L\u00edbero (FCL). Foi editor web no Startupi e no Finsiders, atuando ainda como editor no TC Mover, portal de not\u00edcias da TradersClub, fazendo a cobertura de assuntos relacionados ao mercado financeiro interno e externo. Atualmente, \u00e9 Rep\u00f3rter do Suno Not\u00edcias.\",\"url\":\"https:\/\/www.suno.com.br\/noticias\/author\/giovanni-porfiriosuno-com-br\/\"}]}<\/script>\n<!-- \/ Yoast SEO plugin. -->","yoast_head_json":{"title":"Governo pretende ceder ou vender 1 mil im\u00f3veis da Uni\u00e3o","description":"\u00c9 uma mudan\u00e7a, em rela\u00e7\u00e3o ao governo Jair Bolsonaro, sobre como tratar o estoque de im\u00f3veis em posse da Uni\u00e3o e que est\u00e3o subutilizados.","robots":{"index":"index","follow":"follow","max-snippet":"max-snippet:-1","max-image-preview":"max-image-preview:large","max-video-preview":"max-video-preview:-1"},"canonical":"https:\/\/www.suno.com.br\/noticias\/governo-imoveis-uniao-gpj\/","og_locale":"pt_BR","og_type":"article","og_title":"Governo pretende ceder ou vender 1 mil im\u00f3veis da Uni\u00e3o","og_description":"\u00c9 uma mudan\u00e7a, em rela\u00e7\u00e3o ao governo Jair Bolsonaro, sobre como tratar o estoque de im\u00f3veis em posse da Uni\u00e3o e que est\u00e3o subutilizados.","og_url":"https:\/\/www.suno.com.br\/noticias\/governo-imoveis-uniao-gpj\/","og_site_name":"Suno Not\u00edcias","article_publisher":"https:\/\/facebook.com\/sunoresearch","og_image":[{"width":1254,"height":836,"url":"https:\/\/files.sunoresearch.com.br\/n\/uploads\/2024\/02\/iStock-1490972905.jpg","type":"image\/jpeg"}],"author":"Giovanni Porf\u00edrio Jacomino","twitter_card":"summary_large_image","twitter_creator":"@sunoresearch","twitter_site":"@sunoresearch","twitter_misc":{"Escrito por":"Giovanni Porf\u00edrio Jacomino","Est. tempo de leitura":"4 minutos"},"schema":{"@context":"https:\/\/schema.org","@graph":[{"@type":"NewsArticle","@id":"https:\/\/www.suno.com.br\/noticias\/governo-imoveis-uniao-gpj\/#article","isPartOf":{"@id":"https:\/\/www.suno.com.br\/noticias\/governo-imoveis-uniao-gpj\/"},"author":{"name":"Giovanni Porf\u00edrio Jacomino","@id":"https:\/\/www.suno.com.br\/noticias\/#\/schema\/person\/d0f32748bbca4bee871fa191ee4e2d40"},"headline":"Governo pretende ceder ou vender 1 mil im\u00f3veis da Uni\u00e3o; saiba mais","datePublished":"2024-02-27T10:53:43+00:00","dateModified":"2024-02-27T10:57:02+00:00","mainEntityOfPage":{"@id":"https:\/\/www.suno.com.br\/noticias\/governo-imoveis-uniao-gpj\/"},"wordCount":758,"publisher":{"@id":"https:\/\/www.suno.com.br\/noticias\/#organization"},"image":{"@id":"https:\/\/www.suno.com.br\/noticias\/governo-imoveis-uniao-gpj\/#primaryimage"},"thumbnailUrl":"https:\/\/files.sunoresearch.com.br\/n\/uploads\/2024\/02\/iStock-1490972905.jpg","keywords":["governo federal"],"articleSection":["Economia"],"inLanguage":"pt-BR"},{"@type":"WebPage","@id":"https:\/\/www.suno.com.br\/noticias\/governo-imoveis-uniao-gpj\/","url":"https:\/\/www.suno.com.br\/noticias\/governo-imoveis-uniao-gpj\/","name":"Governo pretende ceder ou vender 1 mil im\u00f3veis da Uni\u00e3o","isPartOf":{"@id":"https:\/\/www.suno.com.br\/noticias\/#website"},"primaryImageOfPage":{"@id":"https:\/\/www.suno.com.br\/noticias\/governo-imoveis-uniao-gpj\/#primaryimage"},"image":{"@id":"https:\/\/www.suno.com.br\/noticias\/governo-imoveis-uniao-gpj\/#primaryimage"},"thumbnailUrl":"https:\/\/files.sunoresearch.com.br\/n\/uploads\/2024\/02\/iStock-1490972905.jpg","datePublished":"2024-02-27T10:53:43+00:00","dateModified":"2024-02-27T10:57:02+00:00","description":"\u00c9 uma mudan\u00e7a, em rela\u00e7\u00e3o ao governo Jair Bolsonaro, sobre como tratar o estoque de im\u00f3veis em posse da Uni\u00e3o e que est\u00e3o subutilizados.","breadcrumb":{"@id":"https:\/\/www.suno.com.br\/noticias\/governo-imoveis-uniao-gpj\/#breadcrumb"},"inLanguage":"pt-BR","potentialAction":[{"@type":"ReadAction","target":["https:\/\/www.suno.com.br\/noticias\/governo-imoveis-uniao-gpj\/"]}]},{"@type":"ImageObject","inLanguage":"pt-BR","@id":"https:\/\/www.suno.com.br\/noticias\/governo-imoveis-uniao-gpj\/#primaryimage","url":"https:\/\/files.sunoresearch.com.br\/n\/uploads\/2024\/02\/iStock-1490972905.jpg","contentUrl":"https:\/\/files.sunoresearch.com.br\/n\/uploads\/2024\/02\/iStock-1490972905.jpg","width":1254,"height":836,"caption":"Im\u00f3vel no exterior. Foto: iStock."},{"@type":"BreadcrumbList","@id":"https:\/\/www.suno.com.br\/noticias\/governo-imoveis-uniao-gpj\/#breadcrumb","itemListElement":[{"@type":"ListItem","position":1,"name":"Not\u00edcias","item":"https:\/\/www.suno.com.br\/noticias\/"},{"@type":"ListItem","position":2,"name":"Economia","item":"https:\/\/www.suno.com.br\/noticias\/economia\/"},{"@type":"ListItem","position":3,"name":"Governo pretende ceder ou vender 1 mil im\u00f3veis da Uni\u00e3o; saiba mais"}]},{"@type":"WebSite","@id":"https:\/\/www.suno.com.br\/noticias\/#website","url":"https:\/\/www.suno.com.br\/noticias\/","name":"Suno Not\u00edcias","description":"Seu portal de informa\u00e7\u00e3o sobre o mundo dos investimentos","publisher":{"@id":"https:\/\/www.suno.com.br\/noticias\/#organization"},"potentialAction":[{"@type":"SearchAction","target":{"@type":"EntryPoint","urlTemplate":"https:\/\/www.suno.com.br\/noticias\/?s={search_term_string}"},"query-input":{"@type":"PropertyValueSpecification","valueRequired":true,"valueName":"search_term_string"}}],"inLanguage":"pt-BR"},{"@type":"Organization","@id":"https:\/\/www.suno.com.br\/noticias\/#organization","name":"Suno Not\u00edcias","url":"https:\/\/www.suno.com.br\/noticias\/","logo":{"@type":"ImageObject","inLanguage":"pt-BR","@id":"https:\/\/www.suno.com.br\/noticias\/#\/schema\/logo\/image\/","url":"https:\/\/files.sunoresearch.com.br\/n\/uploads\/2021\/09\/suno-logo.png","contentUrl":"https:\/\/files.sunoresearch.com.br\/n\/uploads\/2021\/09\/suno-logo.png","width":180,"height":180,"caption":"Suno Not\u00edcias"},"image":{"@id":"https:\/\/www.suno.com.br\/noticias\/#\/schema\/logo\/image\/"},"sameAs":["https:\/\/facebook.com\/sunoresearch","https:\/\/x.com\/sunoresearch","https:\/\/www.instagram.com\/suno","https:\/\/www.linkedin.com\/company\/suno-research\/","https:\/\/www.youtube.com\/c\/sunoresearch"]},{"@type":"Person","@id":"https:\/\/www.suno.com.br\/noticias\/#\/schema\/person\/d0f32748bbca4bee871fa191ee4e2d40","name":"Giovanni Porf\u00edrio Jacomino","image":{"@type":"ImageObject","inLanguage":"pt-BR","@id":"https:\/\/www.suno.com.br\/noticias\/#\/schema\/person\/image\/","url":"https:\/\/secure.gravatar.com\/avatar\/efb32e19b730a121cb7a80f41ffec01a?s=96&r=g","contentUrl":"https:\/\/secure.gravatar.com\/avatar\/efb32e19b730a121cb7a80f41ffec01a?s=96&r=g","caption":"Giovanni Porf\u00edrio Jacomino"},"description":"Giovanni Porf\u00edrio Jacomino \u00e9 jornalista formado pela Universidade Estadual de Londrina (UEL) e p\u00f3s-graduado em Produ\u00e7\u00e3o e Pr\u00e1ticas Jornal\u00edsticas na Contemporaneidade na Faculdade C\u00e1sper L\u00edbero (FCL). Foi editor web no Startupi e no Finsiders, atuando ainda como editor no TC Mover, portal de not\u00edcias da TradersClub, fazendo a cobertura de assuntos relacionados ao mercado financeiro interno e externo. Atualmente, \u00e9 Rep\u00f3rter do Suno Not\u00edcias.","url":"https:\/\/www.suno.com.br\/noticias\/author\/giovanni-porfiriosuno-com-br\/"}]}},"default_loop_html":"<div class=\"cardsPage__listCard__boxs\"><div class=\"cardsPage__listCard__boxs__img\"><a href=\"https:\/\/www.suno.com.br\/noticias\/governo-imoveis-uniao-gpj\/\"><img class=\"mask\" src=\"https:\/\/www.suno.com.br\/noticias\/wp-content\/themes\/suno\/resources\/images\/spotlight\/spotlight1img\/bg-mask.png\" alt=\"Image Mask\"\/><img src=\"https:\/\/files.sunoresearch.com.br\/n\/uploads\/2024\/02\/iStock-1490972905-400x200.jpg\" alt=\"Governo pretende ceder ou vender 1 mil im\u00f3veis da Uni\u00e3o; saiba mais\"\/><\/a><span class=\"spotlightCategory\"><a href=\"https:\/\/www.suno.com.br\/noticias\/economia\/\">Economia<\/a><\/span><\/div><div class=\"cardsPage__listCard__boxs__content\"><a href=\"https:\/\/www.suno.com.br\/noticias\/governo-imoveis-uniao-gpj\/\"><h2 class=\"content__title\">Governo pretende ceder ou vender 1 mil im\u00f3veis da Uni\u00e3o; saiba mais<\/h2><\/a><div class=\"newsContent__article__meta\"><div class=\"newsContent__article__meta__authorBox\"><a href=\"https:\/\/www.suno.com.br\/noticias\/author\/eduardo-vargas\/\" class=\"authorBox__avatar noMobi\"><img src=\"https:\/\/secure.gravatar.com\/avatar\/dac340933427a22924c9f99d1eb2e3f2?s=96&#038;r=g\" alt=\"Eduardo Vargas\"><\/a><div class=\"authorBox__name\"><span>por\n\t\t\t<a href=\"https:\/\/www.suno.com.br\/noticias\/author\/eduardo-vargas\/\"><span itemprop=\"author\">Eduardo Vargas<\/span><\/a><\/span><time datetime=\"2024-02-27T07:53:43-03:00\" itemprop=\"datePublished\">27\/02\/2024 07:53<\/time><\/div><\/div><\/div><\/div><\/div>","single_layout":"posts","amp_enabled":true,"_links":{"self":[{"href":"https:\/\/www.suno.com.br\/noticias\/wp-json\/wp\/v2\/posts\/526966"}],"collection":[{"href":"https:\/\/www.suno.com.br\/noticias\/wp-json\/wp\/v2\/posts"}],"about":[{"href":"https:\/\/www.suno.com.br\/noticias\/wp-json\/wp\/v2\/types\/post"}],"author":[{"embeddable":true,"href":"https:\/\/www.suno.com.br\/noticias\/wp-json\/wp\/v2\/users\/313"}],"replies":[{"embeddable":true,"href":"https:\/\/www.suno.com.br\/noticias\/wp-json\/wp\/v2\/comments?post=526966"}],"version-history":[{"count":3,"href":"https:\/\/www.suno.com.br\/noticias\/wp-json\/wp\/v2\/posts\/526966\/revisions"}],"predecessor-version":[{"id":526984,"href":"https:\/\/www.suno.com.br\/noticias\/wp-json\/wp\/v2\/posts\/526966\/revisions\/526984"}],"wp:featuredmedia":[{"embeddable":true,"href":"https:\/\/www.suno.com.br\/noticias\/wp-json\/wp\/v2\/media\/526977"}],"wp:attachment":[{"href":"https:\/\/www.suno.com.br\/noticias\/wp-json\/wp\/v2\/media?parent=526966"}],"wp:term":[{"taxonomy":"category","embeddable":true,"href":"https:\/\/www.suno.com.br\/noticias\/wp-json\/wp\/v2\/categories?post=526966"},{"taxonomy":"post_tag","embeddable":true,"href":"https:\/\/www.suno.com.br\/noticias\/wp-json\/wp\/v2\/tags?post=526966"},{"taxonomy":"suno_strategy","embeddable":true,"href":"https:\/\/www.suno.com.br\/noticias\/wp-json\/wp\/v2\/suno_strategy?post=526966"}],"curies":[{"name":"wp","href":"https:\/\/api.w.org\/{rel}","templated":true}]}}