{"id":526745,"date":"2024-02-26T16:59:13","date_gmt":"2024-02-26T19:59:13","guid":{"rendered":"https:\/\/www.suno.com.br\/noticias\/?p=526745"},"modified":"2024-02-26T19:05:31","modified_gmt":"2024-02-26T22:05:31","slug":"weg-wege3-goldman-sachs-ajusta-expectativas-balanco-gpj","status":"publish","type":"post","link":"https:\/\/www.suno.com.br\/noticias\/weg-wege3-goldman-sachs-ajusta-expectativas-balanco-gpj\/","title":{"rendered":"Weg (WEGE3): Goldman Sachs ajusta expectativas ap\u00f3s balan\u00e7o do 4T23; veja recomenda\u00e7\u00e3o"},"content":{"rendered":"<p>Em relat\u00f3rio ap\u00f3s a divulga\u00e7\u00e3o dos resultados do quarto trimestre da <strong>Weg<\/strong> (<a href=\"https:\/\/statusinvest.com.br\/acoes\/wege3\">WEGE3<\/a>), divulgados na \u00faltima quarta-feira (21), analistas do Goldman Sachs (<a href=\"https:\/\/www.suno.com.br\/bdrs\/gsgi34\/\">GSGI34<\/a>) ajustaram suas expectativas para a empresa.<\/p>\t<div class=\"wrapper-featured-image\">\n\t\t<figure class=\"spotlightImg\">\n\n\t\t\t<picture>\n\t\t\t\t<source media=\"(max-width: 768px)\" srcset=\"https:\/\/files.sunoresearch.com.br\/n\/uploads\/2022\/01\/Tomadas-e-Interruptores_-WAU-4-400x200.jpg\">\n\t\t\t\t<img loading=\"lazy\" decoding=\"async\" class=\"newsContent__article__imgCapa lazyloadDisabled \" src=\"https:\/\/files.sunoresearch.com.br\/n\/uploads\/2022\/01\/Tomadas-e-Interruptores_-WAU-4-800x450.jpg\" width=\"800\" height=\"450\" alt=\"Weg (WEGE3): Goldman Sachs ajusta expectativas ap\u00f3s balan\u00e7o do 4T23; veja recomenda\u00e7\u00e3o\" fetchpriority=high \/>\n\t\t\t<\/picture>\n\n\t\t\t<figcaption class=\"wp-caption-text wp-caption-text--show\">Weg (WEGE3). Foto: Divulga\u00e7\u00e3o\n<\/figcaption>\n\t\t<\/figure>\n\t<\/div>\n\n\n\n\n\n\n\n\t<p>\n\t\t<a href=\"\" target=\"_blank\" data-element=\"shortcode-suno-banner\" title=\"Banner SUNO, clique e saiba mais\">\n\t\t\t<picture>\n\t\t\t\t<source media=\"(max-width: 500px)\" srcset=\"\">\n\t\t\t\t<img class=\"newsContent__article__imgCapa newsContent__article__imgCapa--banner\"\n\t\t\t\t\tsrc=\"\"\n\t\t\t\t\tdata-promo-id=\"250708\"\t\t\t\t\t\t\t\t\t\t\t\t\t\t\talt=\"\"\n\t\t\t\t>\n\t\t\t<\/picture>\n\t\t<\/a>\n\t<\/p>\n\n\n\n\n\n<p>O Goldman sachs revisou a<strong> <a href=\"https:\/\/www.suno.com.br\/artigos\/margem-ebitda\/\">margem Ebitda<\/a> da Weg<\/strong> para cima em 2024\/2025, pois acredita que os atuais altos n\u00edveis (a empresa relatou quase 21,4% de margem Ebitda no 4T23) podem apresentar alguma rigidez e levar mais tempo para retornar \u00e0 normalidade. <\/p>\n\n\n\n<p>&#8220;Embora as margens tenham surpreendido positivamente e apontem para uma normaliza\u00e7\u00e3o mais lenta do que o esperado anteriormente nos pr\u00f3ximos anos, observamos que 2024 dever\u00e1 ser impactado pelo aumento da al\u00edquota de imposto da Weg \u00e0 luz da nova regra de pre\u00e7o de transfer\u00eancia promulgada no Brasil, e deve resultar em apenas um crescimento baixo \u00e0 m\u00e9dio de um d\u00edgito no <a href=\"https:\/\/www.suno.com.br\/artigos\/lucro-liquido\/\">lucro l\u00edquido<\/a>, apesar do nosso crescimento esperado nas receitas&#8221;, pontuaram os analistas Bruno Amorim, Jo\u00e3o Frizo e Guilherme Martins.<\/p>\n\n\n\n<p>Com base em conversas recentes com investidores, o Goldman acredita que o foco principal da companhia continua a ser o crescimento do rendimento l\u00edquido at\u00e9 2024, o que poder\u00e1 gerar um sentimento negativo sobre as a\u00e7\u00f5es no <a href=\"https:\/\/www.suno.com.br\/artigos\/curto-prazo\/\">curto prazo<\/a>.<\/p>\n\n\n\n<p>O Goldman manteve recomenda\u00e7\u00e3o &#8216;neutra&#8217; para as <strong>a\u00e7\u00f5es de Weg<\/strong>, com pre\u00e7o-alvo a R$ 38,80.<\/p>\n\n\n\n\t<div data-element=\"shortcode-read-more\" class=\"readToo\">\n\t\t\t\t<span class=\"readToo__title\">Leia mais<\/span>\n\t\t\t\t<ul class=\"readToo__list\">\n\t\t\t<li><a href=\"https:\/\/www.suno.com.br\/noticias\/weg-wege3-lucro-balanco-4t23-gpj\/\">Weg (WEGE3): lucro salta 46% no 4T23, para R$ 1,7 bilh\u00e3o; a\u00e7\u00f5es disparam<\/a><\/li><li><a href=\"https:\/\/www.suno.com.br\/noticias\/weg-wege3-pagamento-dividendos-complementares-gss\/\">Weg (WEGE3) anuncia dividendos complementares e prop\u00f5e aumento de capital<\/a><\/li>\t\t<\/ul>\n\t<\/div>\n\n\n\n\n<h2 class=\"wp-block-heading\">WEG (WEGE3) tem lucro 28% superior ao esperado pelo BTG; banco projeta alta de 36,5% nas a\u00e7\u00f5es<\/h2>\n\n\n\n<p>Em relat\u00f3rio divulgado logo ap\u00f3s o <strong>balan\u00e7o da Weg<\/strong>, o <strong>BTG Pactual<\/strong> (<a href=\"https:\/\/statusinvest.com.br\/acoes\/bpac11\">BPAC11<\/a>) disse que o resultado seguiu, em sua maioria, alinhado com as expectativas do banco, como no caso da receita l\u00edquida e do Ebtida (R$ 1,8 bilh\u00e3o). J\u00e1 o lucro l\u00edquido foi 28% superior \u00e0 expectativa do BTG.<\/p>\n\n\n\n<p>O BTG diz que esse resultado foi impactado de forma positiva pelo fato de a empresa reconhecer os cr\u00e9ditos fiscais da nova subsidi\u00e1ria situada na Su\u00ed\u00e7a.<\/p>\n\n\n\n<p>\u201cApesar de estar em conformidade com a decis\u00e3o da OCDE, n\u00e3o acreditamos que o incentivo fiscal da transfer\u00eancia da unidade de com\u00e9rcio da \u00c1ustria para a Su\u00ed\u00e7a mude os impactos esperados da maior taxa de imposto decorrente da nova regra de pre\u00e7os de transfer\u00eancia (sem mudan\u00e7a estrutural nas margens l\u00edquidas)\u201d, diz o BTG.<\/p>\n\n\n\n<p>O banco recomenda a compra das&nbsp;a\u00e7\u00f5es da<strong> WEG<\/strong>, e coloca um pre\u00e7o-alvo de R$ 50, cerca de 36,5% acima da cota\u00e7\u00e3o atual.<\/p>\n\n\n\t<p>\n\t\t<a href=\"https:\/\/lp.suno.com.br\/ebook-como-analisar-uma-acao\/\" target=\"_blank\" data-element=\"shortcode-suno-banner\" title=\"Banner SUNO, clique e saiba mais\">\n\t\t\t<picture>\n\t\t\t\t<source media=\"(max-width: 500px)\" srcset=\"https:\/\/files.sunoresearch.com.br\/n\/uploads\/2023\/03\/Ebook-Acoes-Mobile.jpg\">\n\t\t\t\t<img class=\"newsContent__article__imgCapa newsContent__article__imgCapa--banner\"\n\t\t\t\t\tsrc=\"https:\/\/files.sunoresearch.com.br\/n\/uploads\/2023\/03\/Ebook-Acoes-Desktop.jpg\"\n\t\t\t\t\tdata-promo-id=\"378302\"\t\t\t\t\t\t\t\t\t\twidth='1420' height='286'\t\t\t\t\talt=\"https:\/\/files.sunoresearch.com.br\/n\/uploads\/2023\/03\/Ebook-Acoes-Desktop.jpg\"\n\t\t\t\t>\n\t\t\t<\/picture>\n\t\t<\/a>\n\t<\/p>\n\n\n\n\n\n<h2 class=\"wp-block-heading\">Desempenho das a\u00e7\u00f5es de Weg<\/h2>\n\n\n\n<div class=\"pluginQuotation\">\n  <p class=\"ticker\">\n    Cota\u00e7\u00e3o <span>WEGE3<\/span>\n  <\/p>\n  <div class=\"info\">\n    <div class=\"leftSide\">\n      Gr\u00e1fico gerado em: 26\/02\/2024    <\/div>\n\t\t\t\t\t<div class=\"rightSide\">\n\t\t\t\t\t<span class=\"period\">\n\t\t\t\t\t\t1 Dia\t\t\t\t\t<\/span>\n\t\t\t<\/div>\n\t\t  <\/div>\n\n  <div id=\"chart-3c8e854a7c6862b8c758928a7588cae9\" data-block-hash=\"3c8e854a7c6862b8c758928a7588cae9\"  class=\"chart\" style=\"width:100%;height:400px;\"><\/div>\n\n  <div class=\"pluginQuotation__footer\">\n    <div class=\"dataChart\">\n\n      <div class=\"dataChart__div1 variation\">\n        <div class=\"value-negative\">\n          -1,23 (-0,45%)        <\/div>\n        <div class=\"text\">\n          Varia\u00e7\u00e3o do per\u00edodo\n        <\/div>\n      <\/div>\n\n      <div class=\"dataChart__div2 minMax\">\n        <div class=\"value\">\n          R$\u00a036,05        <\/div>\n        <div class=\"text\">\n          M\u00ednima\n        <\/div>\n      <\/div>\n\n      <div class=\"dataChart__div3 minMax\">\n        <div class=\"value\">\n          R$\u00a036,65        <\/div>\n        <div class=\"text\">\n          M\u00e1xima\n        <\/div>\n      <\/div>\n\n\t\t\t<div class=\"dataChart__div4 rightSide\">\n\t\t\t\t<div class=\"analiticaSource\">\n\t\t\t\t\t<span>\n\t\t\t\t\t\tFonte:\n\t\t\t\t\t<\/span>\n\t\t\t\t\t<img decoding=\"async\" class=\"analiticaLogo\" src=\"https:\/\/www.suno.com.br\/noticias\/wp-content\/plugins\/suno-block-ticker-quotation\/src\/suno-analitica-logo.png\" alt=\"Logo Suno Anal\u00edtica\" \/>\n\t\t\t\t<\/div>\n\n\t\t\t\t<a href=\"https:\/\/www.suno.com.br\/analitica\/acoes\/WEGE3\" target=\"_blank\">\n\t\t\t\t\t<span>\n\t\t\t\t\t\tVer mais cota\u00e7\u00f5es\n\t\t\t\t\t<\/span>\n\t\t\t\t\t<svg xmlns=\"http:\/\/www.w3.org\/2000\/svg\" width=\"9\" height=\"8\" viewBox=\"0 0 9 8\" fill=\"none\">\n\t\t\t\t\t\t<path d=\"M4.20996 0L3.50496 0.705L6.29496 3.5H0.209961V4.5H6.29496L3.50496 7.295L4.20996 8L8.20996 4L4.20996 0Z\" fill=\"#D42126\" \/>\n\t\t\t\t\t<\/svg>\n\t\t\t\t<\/a>\n    <\/div>\n\n    <\/div>\n  <\/div>\n<\/div>\n\n\n<script type=\"text\/javascript\">\n  let chart_3c8e854a7c6862b8c758928a7588cae9 = document.getElementById('chart-3c8e854a7c6862b8c758928a7588cae9');\n  let data_json_3c8e854a7c6862b8c758928a7588cae9 = \"[{\\\"date\\\":\\\"26\\\\\\\/02\\\\\\\/24 11:38\\\",\\\"value\\\":36.5},{\\\"date\\\":\\\"26\\\\\\\/02\\\\\\\/24 11:40\\\",\\\"value\\\":36.38},{\\\"date\\\":\\\"26\\\\\\\/02\\\\\\\/24 11:42\\\",\\\"value\\\":36.41},{\\\"date\\\":\\\"26\\\\\\\/02\\\\\\\/24 11:44\\\",\\\"value\\\":36.39},{\\\"date\\\":\\\"26\\\\\\\/02\\\\\\\/24 11:46\\\",\\\"value\\\":36.46},{\\\"date\\\":\\\"26\\\\\\\/02\\\\\\\/24 11:48\\\",\\\"value\\\":36.53},{\\\"date\\\":\\\"26\\\\\\\/02\\\\\\\/24 11:50\\\",\\\"value\\\":36.55},{\\\"date\\\":\\\"26\\\\\\\/02\\\\\\\/24 11:52\\\",\\\"value\\\":36.53},{\\\"date\\\":\\\"26\\\\\\\/02\\\\\\\/24 11:54\\\",\\\"value\\\":36.45},{\\\"date\\\":\\\"26\\\\\\\/02\\\\\\\/24 11:56\\\",\\\"value\\\":36.52},{\\\"date\\\":\\\"26\\\\\\\/02\\\\\\\/24 11:58\\\",\\\"value\\\":36.58},{\\\"date\\\":\\\"26\\\\\\\/02\\\\\\\/24 12:00\\\",\\\"value\\\":36.64},{\\\"date\\\":\\\"26\\\\\\\/02\\\\\\\/24 12:02\\\",\\\"value\\\":36.52},{\\\"date\\\":\\\"26\\\\\\\/02\\\\\\\/24 12:04\\\",\\\"value\\\":36.59},{\\\"date\\\":\\\"26\\\\\\\/02\\\\\\\/24 12:06\\\",\\\"value\\\":36.6},{\\\"date\\\":\\\"26\\\\\\\/02\\\\\\\/24 12:08\\\",\\\"value\\\":36.65},{\\\"date\\\":\\\"26\\\\\\\/02\\\\\\\/24 12:10\\\",\\\"value\\\":36.59},{\\\"date\\\":\\\"26\\\\\\\/02\\\\\\\/24 12:12\\\",\\\"value\\\":36.58},{\\\"date\\\":\\\"26\\\\\\\/02\\\\\\\/24 12:14\\\",\\\"value\\\":36.54},{\\\"date\\\":\\\"26\\\\\\\/02\\\\\\\/24 12:16\\\",\\\"value\\\":36.51},{\\\"date\\\":\\\"26\\\\\\\/02\\\\\\\/24 12:18\\\",\\\"value\\\":36.55},{\\\"date\\\":\\\"26\\\\\\\/02\\\\\\\/24 12:20\\\",\\\"value\\\":36.05},{\\\"date\\\":\\\"26\\\\\\\/02\\\\\\\/24 12:22\\\",\\\"value\\\":36.52},{\\\"date\\\":\\\"26\\\\\\\/02\\\\\\\/24 12:24\\\",\\\"value\\\":36.05}]\";\n  let isPositive_3c8e854a7c6862b8c758928a7588cae9 = \"\";\n\n  let color_3c8e854a7c6862b8c758928a7588cae9 = isPositive_3c8e854a7c6862b8c758928a7588cae9 ? '#3AB53A' : '#D92C2D';\n\n  let data_3c8e854a7c6862b8c758928a7588cae9 = JSON.parse(data_json_3c8e854a7c6862b8c758928a7588cae9);\n\n  const result_3c8e854a7c6862b8c758928a7588cae9 = {\n    date: [],\n    value: [],\n  };\n\n  data_3c8e854a7c6862b8c758928a7588cae9.forEach((item) => {\n    result_3c8e854a7c6862b8c758928a7588cae9.date.push(item.date);\n    result_3c8e854a7c6862b8c758928a7588cae9.value.push(Number(item.value));\n  });\n\n  let option_3c8e854a7c6862b8c758928a7588cae9 = {\n    \/\/ variavel de cor global\n    color: [color_3c8e854a7c6862b8c758928a7588cae9],\n    title: {\n      text: '',\n    },\n    tooltip: {\n      trigger: 'axis',\n      axisPointer: {\n        type: 'cross',\n        label: {\n          \/\/ cor dos valores em X e Y\n          backgroundColor: color_3c8e854a7c6862b8c758928a7588cae9,\n          formatter: (value) => {\n            if (typeof value.value === 'number') {\n              return Number(value.value).toLocaleString('pt-br', {\n                style: 'currency',\n                currency: 'BRL'\n              });\n            }\n            return value.value;\n          },\n        },\n      },\n      valueFormatter: (value) => Number(value).toLocaleString('pt-br', {\n        style: 'currency',\n        currency: 'BRL'\n      }),\n    },\n    legend: {\n      \/\/ data: ['Valor de Fechamento'],\n      show: false,\n    },\n    toolbox: {\n      feature: {\n        saveAsImage: {\n          show: false,\n        },\n      },\n    },\n    grid: {\n      left: '0px',\n      right: '0px',\n      bottom: '0px',\n      containLabel: true,\n    },\n    xAxis: [{\n      type: 'category',\n      data: result_3c8e854a7c6862b8c758928a7588cae9.date,\n      boundaryGap: true,\n    }],\n    yAxis: [{\n      type: 'value',\n      min: Math.min(...result_3c8e854a7c6862b8c758928a7588cae9.value),\n      max: Math.max(...result_3c8e854a7c6862b8c758928a7588cae9.value),\n      axisLabel: {\n        formatter: (value) => value.toLocaleString('pt-br', {\n          style: 'currency',\n          currency: 'BRL'\n        }),\n      },\n    }],\n    series: [{\n      name: 'Valor de Fechamento',\n      type: 'line',\n      stack: 'Total',\n      \/\/ cor do grafico\n      areaStyle: {},\n      emphasis: {\n        focus: 'series',\n      },\n      data: result_3c8e854a7c6862b8c758928a7588cae9.value,\n      \/\/ cor da linha\n      lineStyle: {\n        color: color_3c8e854a7c6862b8c758928a7588cae9,\n      },\n    }, ],\n  };\n\n\twindow.chart_3c8e854a7c6862b8c758928a7588cae9 = {\n\t\tel: chart_3c8e854a7c6862b8c758928a7588cae9,\n\t\toption: option_3c8e854a7c6862b8c758928a7588cae9\t};\n\n\n<\/script>\n\n\n\t<p>\n\t\t<a href=\"https:\/\/lp.suno.com.br\/plataforma-de-controle-de-investimentos\/\" target=\"_blank\" data-element=\"shortcode-suno-banner\" title=\"Banner SUNO, clique e saiba mais\">\n\t\t\t<picture>\n\t\t\t\t<source media=\"(max-width: 500px)\" srcset=\"https:\/\/files.sunoresearch.com.br\/n\/uploads\/2023\/03\/400x300-Controle-de-Investimentos.png\">\n\t\t\t\t<img class=\"newsContent__article__imgCapa newsContent__article__imgCapa--banner\"\n\t\t\t\t\tsrc=\"https:\/\/files.sunoresearch.com.br\/n\/uploads\/2023\/03\/1420x240-Controle-de-Investimentos.png\"\n\t\t\t\t\tdata-promo-id=\"383162\"\t\t\t\t\t\t\t\t\t\twidth='1420' height='240'\t\t\t\t\talt=\"https:\/\/files.sunoresearch.com.br\/n\/uploads\/2023\/03\/1420x240-Controle-de-Investimentos.png\"\n\t\t\t\t>\n\t\t\t<\/picture>\n\t\t<\/a>\n\t<\/p>\n\n\n","protected":false},"excerpt":{"rendered":"<p>Em relat\u00f3rio ap\u00f3s a divulga\u00e7\u00e3o dos resultados do quarto trimestre da Weg (WEGE3), divulgados na \u00faltima quarta-feira (21), analistas do Goldman Sachs (GSGI34) ajustaram suas expectativas para a empresa. Weg (WEGE3). Foto: Divulga\u00e7\u00e3o O Goldman sachs revisou a margem Ebitda da Weg para cima em 2024\/2025, pois acredita que os atuais altos n\u00edveis (a empresa [&hellip;]<\/p>\n","protected":false},"author":313,"featured_media":223983,"comment_status":"closed","ping_status":"closed","sticky":false,"template":"","format":"standard","meta":[],"categories":[64],"tags":[286,105816,681],"suno_strategy":[],"class_list":["post-526745","post","type-post","status-publish","format-standard","has-post-thumbnail","hentry","category-negocios","tag-acoes","tag-especialistas","tag-weg-wege3"],"yoast_head":"<!-- This site is optimized with the Yoast SEO plugin v24.4 - https:\/\/yoast.com\/wordpress\/plugins\/seo\/ -->\n<title>Weg (WEGE3): Goldman Sachs ajusta expectativas ap\u00f3s balan\u00e7o<\/title>\n<meta name=\"description\" content=\"O Goldman acredita que o foco principal da Weg continua a ser o crescimento do rendimento l\u00edquido at\u00e9 2024.\" \/>\n<meta name=\"robots\" content=\"index, follow, max-snippet:-1, max-image-preview:large, max-video-preview:-1\" \/>\n<link rel=\"canonical\" href=\"https:\/\/www.suno.com.br\/noticias\/weg-wege3-goldman-sachs-ajusta-expectativas-balanco-gpj\/\" \/>\n<meta property=\"og:locale\" content=\"pt_BR\" \/>\n<meta property=\"og:type\" content=\"article\" \/>\n<meta property=\"og:title\" content=\"Weg (WEGE3): Goldman Sachs ajusta expectativas ap\u00f3s balan\u00e7o\" \/>\n<meta property=\"og:description\" content=\"O Goldman acredita que o foco principal da Weg continua a ser o crescimento do rendimento l\u00edquido at\u00e9 2024.\" \/>\n<meta property=\"og:url\" content=\"https:\/\/www.suno.com.br\/noticias\/weg-wege3-goldman-sachs-ajusta-expectativas-balanco-gpj\/\" \/>\n<meta property=\"og:site_name\" content=\"Suno Not\u00edcias\" \/>\n<meta property=\"article:publisher\" content=\"https:\/\/facebook.com\/sunoresearch\" \/>\n<meta property=\"og:image\" content=\"https:\/\/files.sunoresearch.com.br\/n\/uploads\/2022\/01\/Tomadas-e-Interruptores_-WAU-4-scaled.jpg\" \/>\n\t<meta property=\"og:image:width\" content=\"2560\" \/>\n\t<meta property=\"og:image:height\" content=\"1708\" \/>\n\t<meta property=\"og:image:type\" content=\"image\/jpeg\" \/>\n<meta name=\"author\" content=\"Giovanni Porf\u00edrio Jacomino\" \/>\n<meta name=\"twitter:card\" content=\"summary_large_image\" \/>\n<meta name=\"twitter:creator\" content=\"@sunoresearch\" \/>\n<meta name=\"twitter:site\" content=\"@sunoresearch\" \/>\n<meta name=\"twitter:label1\" content=\"Escrito por\" \/>\n\t<meta name=\"twitter:data1\" content=\"Giovanni Porf\u00edrio Jacomino\" \/>\n\t<meta name=\"twitter:label2\" content=\"Est. tempo de leitura\" \/>\n\t<meta name=\"twitter:data2\" content=\"3 minutos\" \/>\n<script type=\"application\/ld+json\" class=\"yoast-schema-graph\">{\"@context\":\"https:\/\/schema.org\",\"@graph\":[{\"@type\":\"NewsArticle\",\"@id\":\"https:\/\/www.suno.com.br\/noticias\/weg-wege3-goldman-sachs-ajusta-expectativas-balanco-gpj\/#article\",\"isPartOf\":{\"@id\":\"https:\/\/www.suno.com.br\/noticias\/weg-wege3-goldman-sachs-ajusta-expectativas-balanco-gpj\/\"},\"author\":{\"name\":\"Giovanni Porf\u00edrio Jacomino\",\"@id\":\"https:\/\/www.suno.com.br\/noticias\/#\/schema\/person\/d0f32748bbca4bee871fa191ee4e2d40\"},\"headline\":\"Weg (WEGE3): Goldman Sachs ajusta expectativas ap\u00f3s balan\u00e7o do 4T23; veja recomenda\u00e7\u00e3o\",\"datePublished\":\"2024-02-26T19:59:13+00:00\",\"dateModified\":\"2024-02-26T22:05:31+00:00\",\"mainEntityOfPage\":{\"@id\":\"https:\/\/www.suno.com.br\/noticias\/weg-wege3-goldman-sachs-ajusta-expectativas-balanco-gpj\/\"},\"wordCount\":429,\"publisher\":{\"@id\":\"https:\/\/www.suno.com.br\/noticias\/#organization\"},\"image\":{\"@id\":\"https:\/\/www.suno.com.br\/noticias\/weg-wege3-goldman-sachs-ajusta-expectativas-balanco-gpj\/#primaryimage\"},\"thumbnailUrl\":\"https:\/\/files.sunoresearch.com.br\/n\/uploads\/2022\/01\/Tomadas-e-Interruptores_-WAU-4-scaled.jpg\",\"keywords\":[\"A\u00e7\u00f5es\",\"Especialistas\",\"Weg (WEGE3)\"],\"articleSection\":[\"Neg\u00f3cios\"],\"inLanguage\":\"pt-BR\"},{\"@type\":\"WebPage\",\"@id\":\"https:\/\/www.suno.com.br\/noticias\/weg-wege3-goldman-sachs-ajusta-expectativas-balanco-gpj\/\",\"url\":\"https:\/\/www.suno.com.br\/noticias\/weg-wege3-goldman-sachs-ajusta-expectativas-balanco-gpj\/\",\"name\":\"Weg (WEGE3): Goldman Sachs ajusta expectativas ap\u00f3s balan\u00e7o\",\"isPartOf\":{\"@id\":\"https:\/\/www.suno.com.br\/noticias\/#website\"},\"primaryImageOfPage\":{\"@id\":\"https:\/\/www.suno.com.br\/noticias\/weg-wege3-goldman-sachs-ajusta-expectativas-balanco-gpj\/#primaryimage\"},\"image\":{\"@id\":\"https:\/\/www.suno.com.br\/noticias\/weg-wege3-goldman-sachs-ajusta-expectativas-balanco-gpj\/#primaryimage\"},\"thumbnailUrl\":\"https:\/\/files.sunoresearch.com.br\/n\/uploads\/2022\/01\/Tomadas-e-Interruptores_-WAU-4-scaled.jpg\",\"datePublished\":\"2024-02-26T19:59:13+00:00\",\"dateModified\":\"2024-02-26T22:05:31+00:00\",\"description\":\"O Goldman acredita que o foco principal da Weg continua a ser o crescimento do rendimento l\u00edquido at\u00e9 2024.\",\"breadcrumb\":{\"@id\":\"https:\/\/www.suno.com.br\/noticias\/weg-wege3-goldman-sachs-ajusta-expectativas-balanco-gpj\/#breadcrumb\"},\"inLanguage\":\"pt-BR\",\"potentialAction\":[{\"@type\":\"ReadAction\",\"target\":[\"https:\/\/www.suno.com.br\/noticias\/weg-wege3-goldman-sachs-ajusta-expectativas-balanco-gpj\/\"]}]},{\"@type\":\"ImageObject\",\"inLanguage\":\"pt-BR\",\"@id\":\"https:\/\/www.suno.com.br\/noticias\/weg-wege3-goldman-sachs-ajusta-expectativas-balanco-gpj\/#primaryimage\",\"url\":\"https:\/\/files.sunoresearch.com.br\/n\/uploads\/2022\/01\/Tomadas-e-Interruptores_-WAU-4-scaled.jpg\",\"contentUrl\":\"https:\/\/files.sunoresearch.com.br\/n\/uploads\/2022\/01\/Tomadas-e-Interruptores_-WAU-4-scaled.jpg\",\"width\":2560,\"height\":1708,\"caption\":\"Weg (WEGE3). Foto: Divulga\u00e7\u00e3o\"},{\"@type\":\"BreadcrumbList\",\"@id\":\"https:\/\/www.suno.com.br\/noticias\/weg-wege3-goldman-sachs-ajusta-expectativas-balanco-gpj\/#breadcrumb\",\"itemListElement\":[{\"@type\":\"ListItem\",\"position\":1,\"name\":\"Not\u00edcias\",\"item\":\"https:\/\/www.suno.com.br\/noticias\/\"},{\"@type\":\"ListItem\",\"position\":2,\"name\":\"Neg\u00f3cios\",\"item\":\"https:\/\/www.suno.com.br\/noticias\/negocios\/\"},{\"@type\":\"ListItem\",\"position\":3,\"name\":\"Weg (WEGE3): Goldman Sachs ajusta expectativas ap\u00f3s balan\u00e7o do 4T23; veja recomenda\u00e7\u00e3o\"}]},{\"@type\":\"WebSite\",\"@id\":\"https:\/\/www.suno.com.br\/noticias\/#website\",\"url\":\"https:\/\/www.suno.com.br\/noticias\/\",\"name\":\"Suno Not\u00edcias\",\"description\":\"Seu portal de informa\u00e7\u00e3o sobre o mundo dos investimentos\",\"publisher\":{\"@id\":\"https:\/\/www.suno.com.br\/noticias\/#organization\"},\"potentialAction\":[{\"@type\":\"SearchAction\",\"target\":{\"@type\":\"EntryPoint\",\"urlTemplate\":\"https:\/\/www.suno.com.br\/noticias\/?s={search_term_string}\"},\"query-input\":{\"@type\":\"PropertyValueSpecification\",\"valueRequired\":true,\"valueName\":\"search_term_string\"}}],\"inLanguage\":\"pt-BR\"},{\"@type\":\"Organization\",\"@id\":\"https:\/\/www.suno.com.br\/noticias\/#organization\",\"name\":\"Suno Not\u00edcias\",\"url\":\"https:\/\/www.suno.com.br\/noticias\/\",\"logo\":{\"@type\":\"ImageObject\",\"inLanguage\":\"pt-BR\",\"@id\":\"https:\/\/www.suno.com.br\/noticias\/#\/schema\/logo\/image\/\",\"url\":\"https:\/\/files.sunoresearch.com.br\/n\/uploads\/2021\/09\/suno-logo.png\",\"contentUrl\":\"https:\/\/files.sunoresearch.com.br\/n\/uploads\/2021\/09\/suno-logo.png\",\"width\":180,\"height\":180,\"caption\":\"Suno Not\u00edcias\"},\"image\":{\"@id\":\"https:\/\/www.suno.com.br\/noticias\/#\/schema\/logo\/image\/\"},\"sameAs\":[\"https:\/\/facebook.com\/sunoresearch\",\"https:\/\/x.com\/sunoresearch\",\"https:\/\/www.instagram.com\/suno\",\"https:\/\/www.linkedin.com\/company\/suno-research\/\",\"https:\/\/www.youtube.com\/c\/sunoresearch\"]},{\"@type\":\"Person\",\"@id\":\"https:\/\/www.suno.com.br\/noticias\/#\/schema\/person\/d0f32748bbca4bee871fa191ee4e2d40\",\"name\":\"Giovanni Porf\u00edrio Jacomino\",\"image\":{\"@type\":\"ImageObject\",\"inLanguage\":\"pt-BR\",\"@id\":\"https:\/\/www.suno.com.br\/noticias\/#\/schema\/person\/image\/\",\"url\":\"https:\/\/secure.gravatar.com\/avatar\/efb32e19b730a121cb7a80f41ffec01a?s=96&r=g\",\"contentUrl\":\"https:\/\/secure.gravatar.com\/avatar\/efb32e19b730a121cb7a80f41ffec01a?s=96&r=g\",\"caption\":\"Giovanni Porf\u00edrio Jacomino\"},\"description\":\"Giovanni Porf\u00edrio Jacomino \u00e9 jornalista formado pela Universidade Estadual de Londrina (UEL) e p\u00f3s-graduado em Produ\u00e7\u00e3o e Pr\u00e1ticas Jornal\u00edsticas na Contemporaneidade na Faculdade C\u00e1sper L\u00edbero (FCL). Foi editor web no Startupi e no Finsiders, atuando ainda como editor no TC Mover, portal de not\u00edcias da TradersClub, fazendo a cobertura de assuntos relacionados ao mercado financeiro interno e externo. Atualmente, \u00e9 Rep\u00f3rter do Suno Not\u00edcias.\",\"url\":\"https:\/\/www.suno.com.br\/noticias\/author\/giovanni-porfiriosuno-com-br\/\"}]}<\/script>\n<!-- \/ Yoast SEO plugin. -->","yoast_head_json":{"title":"Weg (WEGE3): Goldman Sachs ajusta expectativas ap\u00f3s balan\u00e7o","description":"O Goldman acredita que o foco principal da Weg continua a ser o crescimento do rendimento l\u00edquido at\u00e9 2024.","robots":{"index":"index","follow":"follow","max-snippet":"max-snippet:-1","max-image-preview":"max-image-preview:large","max-video-preview":"max-video-preview:-1"},"canonical":"https:\/\/www.suno.com.br\/noticias\/weg-wege3-goldman-sachs-ajusta-expectativas-balanco-gpj\/","og_locale":"pt_BR","og_type":"article","og_title":"Weg (WEGE3): Goldman Sachs ajusta expectativas ap\u00f3s balan\u00e7o","og_description":"O Goldman acredita que o foco principal da Weg continua a ser o crescimento do rendimento l\u00edquido at\u00e9 2024.","og_url":"https:\/\/www.suno.com.br\/noticias\/weg-wege3-goldman-sachs-ajusta-expectativas-balanco-gpj\/","og_site_name":"Suno Not\u00edcias","article_publisher":"https:\/\/facebook.com\/sunoresearch","og_image":[{"width":2560,"height":1708,"url":"https:\/\/files.sunoresearch.com.br\/n\/uploads\/2022\/01\/Tomadas-e-Interruptores_-WAU-4-scaled.jpg","type":"image\/jpeg"}],"author":"Giovanni Porf\u00edrio Jacomino","twitter_card":"summary_large_image","twitter_creator":"@sunoresearch","twitter_site":"@sunoresearch","twitter_misc":{"Escrito por":"Giovanni Porf\u00edrio Jacomino","Est. tempo de leitura":"3 minutos"},"schema":{"@context":"https:\/\/schema.org","@graph":[{"@type":"NewsArticle","@id":"https:\/\/www.suno.com.br\/noticias\/weg-wege3-goldman-sachs-ajusta-expectativas-balanco-gpj\/#article","isPartOf":{"@id":"https:\/\/www.suno.com.br\/noticias\/weg-wege3-goldman-sachs-ajusta-expectativas-balanco-gpj\/"},"author":{"name":"Giovanni Porf\u00edrio Jacomino","@id":"https:\/\/www.suno.com.br\/noticias\/#\/schema\/person\/d0f32748bbca4bee871fa191ee4e2d40"},"headline":"Weg (WEGE3): Goldman Sachs ajusta expectativas ap\u00f3s balan\u00e7o do 4T23; veja recomenda\u00e7\u00e3o","datePublished":"2024-02-26T19:59:13+00:00","dateModified":"2024-02-26T22:05:31+00:00","mainEntityOfPage":{"@id":"https:\/\/www.suno.com.br\/noticias\/weg-wege3-goldman-sachs-ajusta-expectativas-balanco-gpj\/"},"wordCount":429,"publisher":{"@id":"https:\/\/www.suno.com.br\/noticias\/#organization"},"image":{"@id":"https:\/\/www.suno.com.br\/noticias\/weg-wege3-goldman-sachs-ajusta-expectativas-balanco-gpj\/#primaryimage"},"thumbnailUrl":"https:\/\/files.sunoresearch.com.br\/n\/uploads\/2022\/01\/Tomadas-e-Interruptores_-WAU-4-scaled.jpg","keywords":["A\u00e7\u00f5es","Especialistas","Weg (WEGE3)"],"articleSection":["Neg\u00f3cios"],"inLanguage":"pt-BR"},{"@type":"WebPage","@id":"https:\/\/www.suno.com.br\/noticias\/weg-wege3-goldman-sachs-ajusta-expectativas-balanco-gpj\/","url":"https:\/\/www.suno.com.br\/noticias\/weg-wege3-goldman-sachs-ajusta-expectativas-balanco-gpj\/","name":"Weg (WEGE3): Goldman Sachs ajusta expectativas ap\u00f3s balan\u00e7o","isPartOf":{"@id":"https:\/\/www.suno.com.br\/noticias\/#website"},"primaryImageOfPage":{"@id":"https:\/\/www.suno.com.br\/noticias\/weg-wege3-goldman-sachs-ajusta-expectativas-balanco-gpj\/#primaryimage"},"image":{"@id":"https:\/\/www.suno.com.br\/noticias\/weg-wege3-goldman-sachs-ajusta-expectativas-balanco-gpj\/#primaryimage"},"thumbnailUrl":"https:\/\/files.sunoresearch.com.br\/n\/uploads\/2022\/01\/Tomadas-e-Interruptores_-WAU-4-scaled.jpg","datePublished":"2024-02-26T19:59:13+00:00","dateModified":"2024-02-26T22:05:31+00:00","description":"O Goldman acredita que o foco principal da Weg continua a ser o crescimento do rendimento l\u00edquido at\u00e9 2024.","breadcrumb":{"@id":"https:\/\/www.suno.com.br\/noticias\/weg-wege3-goldman-sachs-ajusta-expectativas-balanco-gpj\/#breadcrumb"},"inLanguage":"pt-BR","potentialAction":[{"@type":"ReadAction","target":["https:\/\/www.suno.com.br\/noticias\/weg-wege3-goldman-sachs-ajusta-expectativas-balanco-gpj\/"]}]},{"@type":"ImageObject","inLanguage":"pt-BR","@id":"https:\/\/www.suno.com.br\/noticias\/weg-wege3-goldman-sachs-ajusta-expectativas-balanco-gpj\/#primaryimage","url":"https:\/\/files.sunoresearch.com.br\/n\/uploads\/2022\/01\/Tomadas-e-Interruptores_-WAU-4-scaled.jpg","contentUrl":"https:\/\/files.sunoresearch.com.br\/n\/uploads\/2022\/01\/Tomadas-e-Interruptores_-WAU-4-scaled.jpg","width":2560,"height":1708,"caption":"Weg (WEGE3). Foto: Divulga\u00e7\u00e3o"},{"@type":"BreadcrumbList","@id":"https:\/\/www.suno.com.br\/noticias\/weg-wege3-goldman-sachs-ajusta-expectativas-balanco-gpj\/#breadcrumb","itemListElement":[{"@type":"ListItem","position":1,"name":"Not\u00edcias","item":"https:\/\/www.suno.com.br\/noticias\/"},{"@type":"ListItem","position":2,"name":"Neg\u00f3cios","item":"https:\/\/www.suno.com.br\/noticias\/negocios\/"},{"@type":"ListItem","position":3,"name":"Weg (WEGE3): Goldman Sachs ajusta expectativas ap\u00f3s balan\u00e7o do 4T23; veja recomenda\u00e7\u00e3o"}]},{"@type":"WebSite","@id":"https:\/\/www.suno.com.br\/noticias\/#website","url":"https:\/\/www.suno.com.br\/noticias\/","name":"Suno Not\u00edcias","description":"Seu portal de informa\u00e7\u00e3o sobre o mundo dos investimentos","publisher":{"@id":"https:\/\/www.suno.com.br\/noticias\/#organization"},"potentialAction":[{"@type":"SearchAction","target":{"@type":"EntryPoint","urlTemplate":"https:\/\/www.suno.com.br\/noticias\/?s={search_term_string}"},"query-input":{"@type":"PropertyValueSpecification","valueRequired":true,"valueName":"search_term_string"}}],"inLanguage":"pt-BR"},{"@type":"Organization","@id":"https:\/\/www.suno.com.br\/noticias\/#organization","name":"Suno Not\u00edcias","url":"https:\/\/www.suno.com.br\/noticias\/","logo":{"@type":"ImageObject","inLanguage":"pt-BR","@id":"https:\/\/www.suno.com.br\/noticias\/#\/schema\/logo\/image\/","url":"https:\/\/files.sunoresearch.com.br\/n\/uploads\/2021\/09\/suno-logo.png","contentUrl":"https:\/\/files.sunoresearch.com.br\/n\/uploads\/2021\/09\/suno-logo.png","width":180,"height":180,"caption":"Suno Not\u00edcias"},"image":{"@id":"https:\/\/www.suno.com.br\/noticias\/#\/schema\/logo\/image\/"},"sameAs":["https:\/\/facebook.com\/sunoresearch","https:\/\/x.com\/sunoresearch","https:\/\/www.instagram.com\/suno","https:\/\/www.linkedin.com\/company\/suno-research\/","https:\/\/www.youtube.com\/c\/sunoresearch"]},{"@type":"Person","@id":"https:\/\/www.suno.com.br\/noticias\/#\/schema\/person\/d0f32748bbca4bee871fa191ee4e2d40","name":"Giovanni Porf\u00edrio Jacomino","image":{"@type":"ImageObject","inLanguage":"pt-BR","@id":"https:\/\/www.suno.com.br\/noticias\/#\/schema\/person\/image\/","url":"https:\/\/secure.gravatar.com\/avatar\/efb32e19b730a121cb7a80f41ffec01a?s=96&r=g","contentUrl":"https:\/\/secure.gravatar.com\/avatar\/efb32e19b730a121cb7a80f41ffec01a?s=96&r=g","caption":"Giovanni Porf\u00edrio Jacomino"},"description":"Giovanni Porf\u00edrio Jacomino \u00e9 jornalista formado pela Universidade Estadual de Londrina (UEL) e p\u00f3s-graduado em Produ\u00e7\u00e3o e Pr\u00e1ticas Jornal\u00edsticas na Contemporaneidade na Faculdade C\u00e1sper L\u00edbero (FCL). Foi editor web no Startupi e no Finsiders, atuando ainda como editor no TC Mover, portal de not\u00edcias da TradersClub, fazendo a cobertura de assuntos relacionados ao mercado financeiro interno e externo. Atualmente, \u00e9 Rep\u00f3rter do Suno Not\u00edcias.","url":"https:\/\/www.suno.com.br\/noticias\/author\/giovanni-porfiriosuno-com-br\/"}]}},"default_loop_html":"<div class=\"cardsPage__listCard__boxs\"><div class=\"cardsPage__listCard__boxs__img\"><a href=\"https:\/\/www.suno.com.br\/noticias\/weg-wege3-goldman-sachs-ajusta-expectativas-balanco-gpj\/\"><img class=\"mask\" src=\"https:\/\/www.suno.com.br\/noticias\/wp-content\/themes\/suno\/resources\/images\/spotlight\/spotlight1img\/bg-mask.png\" alt=\"Image Mask\"\/><img src=\"https:\/\/files.sunoresearch.com.br\/n\/uploads\/2022\/01\/Tomadas-e-Interruptores_-WAU-4-400x200.jpg\" alt=\"Weg (WEGE3): Goldman Sachs ajusta expectativas ap\u00f3s balan\u00e7o do 4T23; veja recomenda\u00e7\u00e3o\"\/><\/a><span class=\"spotlightCategory\"><a href=\"https:\/\/www.suno.com.br\/noticias\/negocios\/\">Neg\u00f3cios<\/a><\/span><\/div><div class=\"cardsPage__listCard__boxs__content\"><a href=\"https:\/\/www.suno.com.br\/noticias\/weg-wege3-goldman-sachs-ajusta-expectativas-balanco-gpj\/\"><h2 class=\"content__title\">Weg (WEGE3): Goldman Sachs ajusta expectativas ap\u00f3s balan\u00e7o do 4T23; veja recomenda\u00e7\u00e3o<\/h2><\/a><div class=\"newsContent__article__meta\"><div class=\"newsContent__article__meta__authorBox\"><a href=\"https:\/\/www.suno.com.br\/noticias\/author\/guilhermeserranosilvagmail-com\/\" class=\"authorBox__avatar noMobi\"><img src=\"https:\/\/files.sunoresearch.com.br\/n\/uploads\/2023\/09\/WhatsApp-Image-2023-09-05-at-11.02.17-150x150.jpeg\" alt=\"Guilherme Serrano Silva\"><\/a><div class=\"authorBox__name\"><span>por\n\t\t\t<a href=\"https:\/\/www.suno.com.br\/noticias\/author\/guilhermeserranosilvagmail-com\/\"><span itemprop=\"author\">Guilherme Serrano Silva<\/span><\/a><\/span><time datetime=\"2024-02-26T16:59:13-03:00\" itemprop=\"datePublished\">26\/02\/2024 16:59<\/time><\/div><\/div><\/div><\/div><\/div>","single_layout":"posts","amp_enabled":true,"_links":{"self":[{"href":"https:\/\/www.suno.com.br\/noticias\/wp-json\/wp\/v2\/posts\/526745"}],"collection":[{"href":"https:\/\/www.suno.com.br\/noticias\/wp-json\/wp\/v2\/posts"}],"about":[{"href":"https:\/\/www.suno.com.br\/noticias\/wp-json\/wp\/v2\/types\/post"}],"author":[{"embeddable":true,"href":"https:\/\/www.suno.com.br\/noticias\/wp-json\/wp\/v2\/users\/313"}],"replies":[{"embeddable":true,"href":"https:\/\/www.suno.com.br\/noticias\/wp-json\/wp\/v2\/comments?post=526745"}],"version-history":[{"count":3,"href":"https:\/\/www.suno.com.br\/noticias\/wp-json\/wp\/v2\/posts\/526745\/revisions"}],"predecessor-version":[{"id":526885,"href":"https:\/\/www.suno.com.br\/noticias\/wp-json\/wp\/v2\/posts\/526745\/revisions\/526885"}],"wp:featuredmedia":[{"embeddable":true,"href":"https:\/\/www.suno.com.br\/noticias\/wp-json\/wp\/v2\/media\/223983"}],"wp:attachment":[{"href":"https:\/\/www.suno.com.br\/noticias\/wp-json\/wp\/v2\/media?parent=526745"}],"wp:term":[{"taxonomy":"category","embeddable":true,"href":"https:\/\/www.suno.com.br\/noticias\/wp-json\/wp\/v2\/categories?post=526745"},{"taxonomy":"post_tag","embeddable":true,"href":"https:\/\/www.suno.com.br\/noticias\/wp-json\/wp\/v2\/tags?post=526745"},{"taxonomy":"suno_strategy","embeddable":true,"href":"https:\/\/www.suno.com.br\/noticias\/wp-json\/wp\/v2\/suno_strategy?post=526745"}],"curies":[{"name":"wp","href":"https:\/\/api.w.org\/{rel}","templated":true}]}}