{"id":526510,"date":"2024-02-26T07:49:30","date_gmt":"2024-02-26T10:49:30","guid":{"rendered":"https:\/\/www.suno.com.br\/noticias\/?p=526510"},"modified":"2024-02-26T07:49:36","modified_gmt":"2024-02-26T10:49:36","slug":"americanas-amer3-prejuizo-9-meses-2023-gpj","status":"publish","type":"post","link":"https:\/\/www.suno.com.br\/noticias\/americanas-amer3-prejuizo-9-meses-2023-gpj\/","title":{"rendered":"Americanas (AMER3) tem preju\u00edzo de R$ 4,61 bilh\u00f5es nos 9 primeiros meses de 2023, queda de 23,5% na base anual"},"content":{"rendered":"<p>A<strong> Americanas<\/strong> (<a href=\"https:\/\/statusinvest.com.br\/acoes\/amer3\">AMER3<\/a>), em recupera\u00e7\u00e3o judicial, teve um preju\u00edzo l\u00edquido de R$ 4,61 bilh\u00f5es nos nove primeiros meses de 2023 (9M23), queda de 23,5% frente ao mesmo per\u00edodo do ano anterior, quando registrou perdas de R$ 6,02 bilh\u00f5es, segundo informado pela varejista na manh\u00e3 desta segunda-feira (26).<\/p>\t<div class=\"wrapper-featured-image\">\n\t\t<figure class=\"spotlightImg\">\n\n\t\t\t<picture>\n\t\t\t\t<source media=\"(max-width: 768px)\" srcset=\"https:\/\/files.sunoresearch.com.br\/n\/uploads\/2023\/01\/americanas-logo-400x200.jpg\">\n\t\t\t\t<img loading=\"lazy\" decoding=\"async\" class=\"newsContent__article__imgCapa lazyloadDisabled \" src=\"https:\/\/files.sunoresearch.com.br\/n\/uploads\/2023\/01\/americanas-logo-800x450.jpg\" width=\"800\" height=\"450\" alt=\"Americanas (AMER3) tem preju\u00edzo de R$ 4,61 bilh\u00f5es nos 9 primeiros meses de 2023, queda de 23,5% na base anual\" fetchpriority=high \/>\n\t\t\t<\/picture>\n\n\t\t\t<figcaption class=\"wp-caption-text wp-caption-text--show\">Americanas (AMER3). Foto: Divulga\u00e7\u00e3o<\/figcaption>\n\t\t<\/figure>\n\t<\/div>\n\n\n\n\n\n\n\n\t<p>\n\t\t<a href=\"\" target=\"_blank\" data-element=\"shortcode-suno-banner\" title=\"Banner SUNO, clique e saiba mais\">\n\t\t\t<picture>\n\t\t\t\t<source media=\"(max-width: 500px)\" srcset=\"\">\n\t\t\t\t<img class=\"newsContent__article__imgCapa newsContent__article__imgCapa--banner\"\n\t\t\t\t\tsrc=\"\"\n\t\t\t\t\tdata-promo-id=\"265277\"\t\t\t\t\t\t\t\t\t\t\t\t\t\t\talt=\"\"\n\t\t\t\t>\n\t\t\t<\/picture>\n\t\t<\/a>\n\t<\/p>\n\n\n\n\n\n<p>A <strong>receita l\u00edquida da Americanas<\/strong> entre os meses de janeiro e setembro de 2023 foi de R$ 10,2 bilh\u00f5es, recuo de 45,1% sobre os R$ 18,7 bilh\u00f5es reportados no mesmo per\u00edodo de 2022.<\/p>\n\n\n\n<p>J\u00e1 o Ebitda (resultado antes de juros, impostos, <a href=\"https:\/\/www.suno.com.br\/artigos\/depreciacao-amortizacao\/\">deprecia\u00e7\u00e3o e amortiza\u00e7\u00e3o<\/a>) da Americanas ficou em R$ 1,55 bilh\u00e3o no 9M23, aumento de 21,3% frente ao Ebitda de R$ 1,28 bilh\u00e3o de um ano antes.<\/p>\n\n\n\n<p>O volume bruto de mercadorias (GMV, na sigla em ingl\u00eas) da Americanas foi de R$ 16,0 bilh\u00f5es entre os meses de janeiro a setembro de 2023, queda de 51,1% na compara\u00e7\u00e3o anual. <\/p>\n\n\n\n<p>O canal de <strong>vendas digital da Americanas<\/strong> teve a principal contribui\u00e7\u00e3o para a queda do indicador, ao vender R$ 4,80 bilh\u00f5es no per\u00edodo, queda de 77,1%. J\u00e1 o canal de vendas f\u00edsico da companhia teve um GMV de R$ 9,27 bilh\u00f5es no 9M23, ante R$ 9,69 bilh\u00f5es no 9M22.<\/p>\n\n\n\n<p>O<strong> resultado financeiro l\u00edquido da Americanas<\/strong> nos nove primeiros meses de 2023 foi de R$ 2,186 bilh\u00f5es, queda de 45,7% na compara\u00e7\u00e3o anual.<\/p>\n\n\n\n\t<div data-element=\"shortcode-read-more\" class=\"readToo\">\n\t\t\t\t<span class=\"readToo__title\">Leia mais<\/span>\n\t\t\t\t<ul class=\"readToo__list\">\n\t\t\t<li><a href=\"https:\/\/www.suno.com.br\/noticias\/americanas-amer3-membro-conselho-renuncia-gpj\/\">Americanas (AMER3): membro do conselho renuncia ao cargo; veja quem \u00e9<\/a><\/li><li><a href=\"https:\/\/www.suno.com.br\/noticias\/americanas-amer4-cvm-ex-ceo-no-centro-acusacoes-va\/\">Americanas (AMER3): primeiro inqu\u00e9rito da CVM tem ex-CEO no centro das acusa\u00e7\u00f5es, diz site\u00a0<\/a><\/li><li><a href=\"https:\/\/www.suno.com.br\/noticias\/americanas-amer3-tribunal-trabalhadores-divida-gpj\/\">Americanas (AMER3): tribunal aceita pedido de trabalhadores sobre d\u00edvida milion\u00e1ria; entenda<\/a><\/li>\t\t<\/ul>\n\t<\/div>\n\n\n\n\n<h2 class=\"wp-block-heading\">N\u00fameros do 3T23 da Americanas<\/h2>\n\n\n\n<p>No terceiro trimestre de 2023, a varejista teve um preju\u00edzo l\u00edquido de R$ 1,621 bilh\u00e3o, n\u00famero 17,8% menor do que os R$ 1,972 bilh\u00e3o registrados no mesmo per\u00edodo do ano anterior. O montante j\u00e1 foi corrigido em rela\u00e7\u00e3o aos R$ 212 milh\u00f5es de preju\u00edzo que a empresa havia anunciado originalmente.<\/p>\n\n\n\n<p>J\u00e1 a<strong> receita operacional l\u00edquida da<\/strong> <strong>Americanas<\/strong> no 3T23 foi de R$ 3,261 bilh\u00f5es, baixa de 39,2% na compara\u00e7\u00e3o anual. O <a href=\"https:\/\/www.suno.com.br\/artigos\/resultado-financeiro\/\">resultado financeiro<\/a> da companhia no per\u00edodo ficou negativo em R$ 979 milh\u00f5es, queda de 29% frente ao mesmo per\u00edodo de 2022.<\/p>\n\n\n\n<p>A<strong> d\u00edvida l\u00edquida da Americanas <\/strong>no terceiro trimestre de 2023 ficou em R$ 33,4 bilh\u00f5es, aumento de 10,6% na base anual, enquanto o endividamento bruto da companhia somou R$ 38,3 bilh\u00f5es no per\u00edodo. <\/p>\n\n\n\n<p>&#8220;O endividamento da companhia tamb\u00e9m se manteve est\u00e1vel, ainda em patamares altos, mas com tend\u00eancia de relevante redu\u00e7\u00e3o, uma vez que tenha in\u00edcio a execu\u00e7\u00e3o do <a href=\"https:\/\/www.suno.com.br\/artigos\/plano-de-recuperacao\/\">plano de recupera\u00e7\u00e3o judicial<\/a>&#8220;, afirmou a Americanas.<\/p>\n\n\n\n<p>Por sua vez, o caixa da<strong> Americanas<\/strong> encerrou setembro de 2023 em R$ 4,929 bilh\u00f5es, uma queda de 49,5% em 12 meses. &#8220;Hoje j\u00e1 podemos dizer que superamos a fase mais cr\u00edtica pela qual a Americanas passou&#8221;, disse a varejista no relat\u00f3rio de resultados.<\/p>\n\n\n\t<p>\n\t\t<a href=\"https:\/\/lp.suno.com.br\/ebook-como-analisar-uma-acao\/\" target=\"_blank\" data-element=\"shortcode-suno-banner\" title=\"Banner SUNO, clique e saiba mais\">\n\t\t\t<picture>\n\t\t\t\t<source media=\"(max-width: 500px)\" srcset=\"https:\/\/files.sunoresearch.com.br\/n\/uploads\/2023\/03\/Ebook-Acoes-Mobile-1.jpg\">\n\t\t\t\t<img class=\"newsContent__article__imgCapa newsContent__article__imgCapa--banner\"\n\t\t\t\t\tsrc=\"https:\/\/files.sunoresearch.com.br\/n\/uploads\/2023\/03\/Ebook-Acoes-Desktop-1.jpg\"\n\t\t\t\t\tdata-promo-id=\"171998\"\t\t\t\t\t\t\t\t\t\twidth='1420' height='286'\t\t\t\t\talt=\"https:\/\/files.sunoresearch.com.br\/n\/uploads\/2023\/03\/Ebook-Acoes-Desktop-1.jpg\"\n\t\t\t\t>\n\t\t\t<\/picture>\n\t\t<\/a>\n\t<\/p>\n\n\n","protected":false},"excerpt":{"rendered":"<p>A Americanas (AMER3), em recupera\u00e7\u00e3o judicial, teve um preju\u00edzo l\u00edquido de R$ 4,61 bilh\u00f5es nos nove primeiros meses de 2023 (9M23), queda de 23,5% frente ao mesmo per\u00edodo do ano anterior, quando registrou perdas de R$ 6,02 bilh\u00f5es, segundo informado pela varejista na manh\u00e3 desta segunda-feira (26). Americanas (AMER3). Foto: Divulga\u00e7\u00e3o A receita l\u00edquida da [&hellip;]<\/p>\n","protected":false},"author":313,"featured_media":346148,"comment_status":"closed","ping_status":"closed","sticky":false,"template":"","format":"standard","meta":[],"categories":[64],"tags":[106605,1029,1607],"suno_strategy":[],"class_list":["post-526510","post","type-post","status-publish","format-standard","has-post-thumbnail","hentry","category-negocios","tag-americanas-s-a-amer3","tag-balancos-trimestrais","tag-resultado-das-empresas"],"yoast_head":"<!-- This site is optimized with the Yoast SEO plugin v24.4 - https:\/\/yoast.com\/wordpress\/plugins\/seo\/ -->\n<title>Americanas (AMER3): preju\u00edzo chega a R$ 4,61 bi no 9M23<\/title>\n<meta name=\"description\" content=\"J\u00e1 a receita l\u00edquida da Americanas entre os meses de janeiro e setembro de 2023 foi de R$ 10,2 bilh\u00f5es, recuo de 45,1% na base anual.\" \/>\n<meta name=\"robots\" content=\"index, follow, max-snippet:-1, max-image-preview:large, max-video-preview:-1\" \/>\n<link rel=\"canonical\" href=\"https:\/\/www.suno.com.br\/noticias\/americanas-amer3-prejuizo-9-meses-2023-gpj\/\" \/>\n<meta property=\"og:locale\" content=\"pt_BR\" \/>\n<meta property=\"og:type\" content=\"article\" \/>\n<meta property=\"og:title\" content=\"Americanas (AMER3): preju\u00edzo chega a R$ 4,61 bi no 9M23\" \/>\n<meta property=\"og:description\" content=\"J\u00e1 a receita l\u00edquida da Americanas entre os meses de janeiro e setembro de 2023 foi de R$ 10,2 bilh\u00f5es, recuo de 45,1% na base anual.\" \/>\n<meta property=\"og:url\" content=\"https:\/\/www.suno.com.br\/noticias\/americanas-amer3-prejuizo-9-meses-2023-gpj\/\" \/>\n<meta property=\"og:site_name\" content=\"Suno Not\u00edcias\" \/>\n<meta property=\"article:publisher\" content=\"https:\/\/facebook.com\/sunoresearch\" \/>\n<meta property=\"og:image\" content=\"https:\/\/files.sunoresearch.com.br\/n\/uploads\/2023\/01\/americanas-logo.jpg\" \/>\n\t<meta property=\"og:image:width\" content=\"1200\" \/>\n\t<meta property=\"og:image:height\" content=\"800\" \/>\n\t<meta property=\"og:image:type\" content=\"image\/jpeg\" \/>\n<meta name=\"author\" content=\"Giovanni Porf\u00edrio Jacomino\" \/>\n<meta name=\"twitter:card\" content=\"summary_large_image\" \/>\n<meta name=\"twitter:creator\" content=\"@sunoresearch\" \/>\n<meta name=\"twitter:site\" content=\"@sunoresearch\" \/>\n<meta name=\"twitter:label1\" content=\"Escrito por\" \/>\n\t<meta name=\"twitter:data1\" content=\"Giovanni Porf\u00edrio Jacomino\" \/>\n\t<meta name=\"twitter:label2\" content=\"Est. tempo de leitura\" \/>\n\t<meta name=\"twitter:data2\" content=\"3 minutos\" \/>\n<script type=\"application\/ld+json\" class=\"yoast-schema-graph\">{\"@context\":\"https:\/\/schema.org\",\"@graph\":[{\"@type\":\"NewsArticle\",\"@id\":\"https:\/\/www.suno.com.br\/noticias\/americanas-amer3-prejuizo-9-meses-2023-gpj\/#article\",\"isPartOf\":{\"@id\":\"https:\/\/www.suno.com.br\/noticias\/americanas-amer3-prejuizo-9-meses-2023-gpj\/\"},\"author\":{\"name\":\"Giovanni Porf\u00edrio Jacomino\",\"@id\":\"https:\/\/www.suno.com.br\/noticias\/#\/schema\/person\/d0f32748bbca4bee871fa191ee4e2d40\"},\"headline\":\"Americanas (AMER3) tem preju\u00edzo de R$ 4,61 bilh\u00f5es nos 9 primeiros meses de 2023, queda de 23,5% na base anual\",\"datePublished\":\"2024-02-26T10:49:30+00:00\",\"dateModified\":\"2024-02-26T10:49:36+00:00\",\"mainEntityOfPage\":{\"@id\":\"https:\/\/www.suno.com.br\/noticias\/americanas-amer3-prejuizo-9-meses-2023-gpj\/\"},\"wordCount\":465,\"publisher\":{\"@id\":\"https:\/\/www.suno.com.br\/noticias\/#organization\"},\"image\":{\"@id\":\"https:\/\/www.suno.com.br\/noticias\/americanas-amer3-prejuizo-9-meses-2023-gpj\/#primaryimage\"},\"thumbnailUrl\":\"https:\/\/files.sunoresearch.com.br\/n\/uploads\/2023\/01\/americanas-logo.jpg\",\"keywords\":[\"Americanas (AMER3)\",\"balan\u00e7os trimestrais\",\"Resultado das empresas\"],\"articleSection\":[\"Neg\u00f3cios\"],\"inLanguage\":\"pt-BR\"},{\"@type\":\"WebPage\",\"@id\":\"https:\/\/www.suno.com.br\/noticias\/americanas-amer3-prejuizo-9-meses-2023-gpj\/\",\"url\":\"https:\/\/www.suno.com.br\/noticias\/americanas-amer3-prejuizo-9-meses-2023-gpj\/\",\"name\":\"Americanas (AMER3): preju\u00edzo chega a R$ 4,61 bi no 9M23\",\"isPartOf\":{\"@id\":\"https:\/\/www.suno.com.br\/noticias\/#website\"},\"primaryImageOfPage\":{\"@id\":\"https:\/\/www.suno.com.br\/noticias\/americanas-amer3-prejuizo-9-meses-2023-gpj\/#primaryimage\"},\"image\":{\"@id\":\"https:\/\/www.suno.com.br\/noticias\/americanas-amer3-prejuizo-9-meses-2023-gpj\/#primaryimage\"},\"thumbnailUrl\":\"https:\/\/files.sunoresearch.com.br\/n\/uploads\/2023\/01\/americanas-logo.jpg\",\"datePublished\":\"2024-02-26T10:49:30+00:00\",\"dateModified\":\"2024-02-26T10:49:36+00:00\",\"description\":\"J\u00e1 a receita l\u00edquida da Americanas entre os meses de janeiro e setembro de 2023 foi de R$ 10,2 bilh\u00f5es, recuo de 45,1% na base anual.\",\"breadcrumb\":{\"@id\":\"https:\/\/www.suno.com.br\/noticias\/americanas-amer3-prejuizo-9-meses-2023-gpj\/#breadcrumb\"},\"inLanguage\":\"pt-BR\",\"potentialAction\":[{\"@type\":\"ReadAction\",\"target\":[\"https:\/\/www.suno.com.br\/noticias\/americanas-amer3-prejuizo-9-meses-2023-gpj\/\"]}]},{\"@type\":\"ImageObject\",\"inLanguage\":\"pt-BR\",\"@id\":\"https:\/\/www.suno.com.br\/noticias\/americanas-amer3-prejuizo-9-meses-2023-gpj\/#primaryimage\",\"url\":\"https:\/\/files.sunoresearch.com.br\/n\/uploads\/2023\/01\/americanas-logo.jpg\",\"contentUrl\":\"https:\/\/files.sunoresearch.com.br\/n\/uploads\/2023\/01\/americanas-logo.jpg\",\"width\":1200,\"height\":800,\"caption\":\"Americanas (AMER3). Foto: Divulga\u00e7\u00e3o\"},{\"@type\":\"BreadcrumbList\",\"@id\":\"https:\/\/www.suno.com.br\/noticias\/americanas-amer3-prejuizo-9-meses-2023-gpj\/#breadcrumb\",\"itemListElement\":[{\"@type\":\"ListItem\",\"position\":1,\"name\":\"Not\u00edcias\",\"item\":\"https:\/\/www.suno.com.br\/noticias\/\"},{\"@type\":\"ListItem\",\"position\":2,\"name\":\"Neg\u00f3cios\",\"item\":\"https:\/\/www.suno.com.br\/noticias\/negocios\/\"},{\"@type\":\"ListItem\",\"position\":3,\"name\":\"Americanas (AMER3) tem preju\u00edzo de R$ 4,61 bilh\u00f5es nos 9 primeiros meses de 2023, queda de 23,5% na base anual\"}]},{\"@type\":\"WebSite\",\"@id\":\"https:\/\/www.suno.com.br\/noticias\/#website\",\"url\":\"https:\/\/www.suno.com.br\/noticias\/\",\"name\":\"Suno Not\u00edcias\",\"description\":\"Seu portal de informa\u00e7\u00e3o sobre o mundo dos investimentos\",\"publisher\":{\"@id\":\"https:\/\/www.suno.com.br\/noticias\/#organization\"},\"potentialAction\":[{\"@type\":\"SearchAction\",\"target\":{\"@type\":\"EntryPoint\",\"urlTemplate\":\"https:\/\/www.suno.com.br\/noticias\/?s={search_term_string}\"},\"query-input\":{\"@type\":\"PropertyValueSpecification\",\"valueRequired\":true,\"valueName\":\"search_term_string\"}}],\"inLanguage\":\"pt-BR\"},{\"@type\":\"Organization\",\"@id\":\"https:\/\/www.suno.com.br\/noticias\/#organization\",\"name\":\"Suno Not\u00edcias\",\"url\":\"https:\/\/www.suno.com.br\/noticias\/\",\"logo\":{\"@type\":\"ImageObject\",\"inLanguage\":\"pt-BR\",\"@id\":\"https:\/\/www.suno.com.br\/noticias\/#\/schema\/logo\/image\/\",\"url\":\"https:\/\/files.sunoresearch.com.br\/n\/uploads\/2021\/09\/suno-logo.png\",\"contentUrl\":\"https:\/\/files.sunoresearch.com.br\/n\/uploads\/2021\/09\/suno-logo.png\",\"width\":180,\"height\":180,\"caption\":\"Suno Not\u00edcias\"},\"image\":{\"@id\":\"https:\/\/www.suno.com.br\/noticias\/#\/schema\/logo\/image\/\"},\"sameAs\":[\"https:\/\/facebook.com\/sunoresearch\",\"https:\/\/x.com\/sunoresearch\",\"https:\/\/www.instagram.com\/suno\",\"https:\/\/www.linkedin.com\/company\/suno-research\/\",\"https:\/\/www.youtube.com\/c\/sunoresearch\"]},{\"@type\":\"Person\",\"@id\":\"https:\/\/www.suno.com.br\/noticias\/#\/schema\/person\/d0f32748bbca4bee871fa191ee4e2d40\",\"name\":\"Giovanni Porf\u00edrio Jacomino\",\"image\":{\"@type\":\"ImageObject\",\"inLanguage\":\"pt-BR\",\"@id\":\"https:\/\/www.suno.com.br\/noticias\/#\/schema\/person\/image\/\",\"url\":\"https:\/\/secure.gravatar.com\/avatar\/efb32e19b730a121cb7a80f41ffec01a?s=96&r=g\",\"contentUrl\":\"https:\/\/secure.gravatar.com\/avatar\/efb32e19b730a121cb7a80f41ffec01a?s=96&r=g\",\"caption\":\"Giovanni Porf\u00edrio Jacomino\"},\"description\":\"Giovanni Porf\u00edrio Jacomino \u00e9 jornalista formado pela Universidade Estadual de Londrina (UEL) e p\u00f3s-graduado em Produ\u00e7\u00e3o e Pr\u00e1ticas Jornal\u00edsticas na Contemporaneidade na Faculdade C\u00e1sper L\u00edbero (FCL). Foi editor web no Startupi e no Finsiders, atuando ainda como editor no TC Mover, portal de not\u00edcias da TradersClub, fazendo a cobertura de assuntos relacionados ao mercado financeiro interno e externo. Atualmente, \u00e9 Rep\u00f3rter do Suno Not\u00edcias.\",\"url\":\"https:\/\/www.suno.com.br\/noticias\/author\/giovanni-porfiriosuno-com-br\/\"}]}<\/script>\n<!-- \/ Yoast SEO plugin. -->","yoast_head_json":{"title":"Americanas (AMER3): preju\u00edzo chega a R$ 4,61 bi no 9M23","description":"J\u00e1 a receita l\u00edquida da Americanas entre os meses de janeiro e setembro de 2023 foi de R$ 10,2 bilh\u00f5es, recuo de 45,1% na base anual.","robots":{"index":"index","follow":"follow","max-snippet":"max-snippet:-1","max-image-preview":"max-image-preview:large","max-video-preview":"max-video-preview:-1"},"canonical":"https:\/\/www.suno.com.br\/noticias\/americanas-amer3-prejuizo-9-meses-2023-gpj\/","og_locale":"pt_BR","og_type":"article","og_title":"Americanas (AMER3): preju\u00edzo chega a R$ 4,61 bi no 9M23","og_description":"J\u00e1 a receita l\u00edquida da Americanas entre os meses de janeiro e setembro de 2023 foi de R$ 10,2 bilh\u00f5es, recuo de 45,1% na base anual.","og_url":"https:\/\/www.suno.com.br\/noticias\/americanas-amer3-prejuizo-9-meses-2023-gpj\/","og_site_name":"Suno Not\u00edcias","article_publisher":"https:\/\/facebook.com\/sunoresearch","og_image":[{"width":1200,"height":800,"url":"https:\/\/files.sunoresearch.com.br\/n\/uploads\/2023\/01\/americanas-logo.jpg","type":"image\/jpeg"}],"author":"Giovanni Porf\u00edrio Jacomino","twitter_card":"summary_large_image","twitter_creator":"@sunoresearch","twitter_site":"@sunoresearch","twitter_misc":{"Escrito por":"Giovanni Porf\u00edrio Jacomino","Est. tempo de leitura":"3 minutos"},"schema":{"@context":"https:\/\/schema.org","@graph":[{"@type":"NewsArticle","@id":"https:\/\/www.suno.com.br\/noticias\/americanas-amer3-prejuizo-9-meses-2023-gpj\/#article","isPartOf":{"@id":"https:\/\/www.suno.com.br\/noticias\/americanas-amer3-prejuizo-9-meses-2023-gpj\/"},"author":{"name":"Giovanni Porf\u00edrio Jacomino","@id":"https:\/\/www.suno.com.br\/noticias\/#\/schema\/person\/d0f32748bbca4bee871fa191ee4e2d40"},"headline":"Americanas (AMER3) tem preju\u00edzo de R$ 4,61 bilh\u00f5es nos 9 primeiros meses de 2023, queda de 23,5% na base anual","datePublished":"2024-02-26T10:49:30+00:00","dateModified":"2024-02-26T10:49:36+00:00","mainEntityOfPage":{"@id":"https:\/\/www.suno.com.br\/noticias\/americanas-amer3-prejuizo-9-meses-2023-gpj\/"},"wordCount":465,"publisher":{"@id":"https:\/\/www.suno.com.br\/noticias\/#organization"},"image":{"@id":"https:\/\/www.suno.com.br\/noticias\/americanas-amer3-prejuizo-9-meses-2023-gpj\/#primaryimage"},"thumbnailUrl":"https:\/\/files.sunoresearch.com.br\/n\/uploads\/2023\/01\/americanas-logo.jpg","keywords":["Americanas (AMER3)","balan\u00e7os trimestrais","Resultado das empresas"],"articleSection":["Neg\u00f3cios"],"inLanguage":"pt-BR"},{"@type":"WebPage","@id":"https:\/\/www.suno.com.br\/noticias\/americanas-amer3-prejuizo-9-meses-2023-gpj\/","url":"https:\/\/www.suno.com.br\/noticias\/americanas-amer3-prejuizo-9-meses-2023-gpj\/","name":"Americanas (AMER3): preju\u00edzo chega a R$ 4,61 bi no 9M23","isPartOf":{"@id":"https:\/\/www.suno.com.br\/noticias\/#website"},"primaryImageOfPage":{"@id":"https:\/\/www.suno.com.br\/noticias\/americanas-amer3-prejuizo-9-meses-2023-gpj\/#primaryimage"},"image":{"@id":"https:\/\/www.suno.com.br\/noticias\/americanas-amer3-prejuizo-9-meses-2023-gpj\/#primaryimage"},"thumbnailUrl":"https:\/\/files.sunoresearch.com.br\/n\/uploads\/2023\/01\/americanas-logo.jpg","datePublished":"2024-02-26T10:49:30+00:00","dateModified":"2024-02-26T10:49:36+00:00","description":"J\u00e1 a receita l\u00edquida da Americanas entre os meses de janeiro e setembro de 2023 foi de R$ 10,2 bilh\u00f5es, recuo de 45,1% na base anual.","breadcrumb":{"@id":"https:\/\/www.suno.com.br\/noticias\/americanas-amer3-prejuizo-9-meses-2023-gpj\/#breadcrumb"},"inLanguage":"pt-BR","potentialAction":[{"@type":"ReadAction","target":["https:\/\/www.suno.com.br\/noticias\/americanas-amer3-prejuizo-9-meses-2023-gpj\/"]}]},{"@type":"ImageObject","inLanguage":"pt-BR","@id":"https:\/\/www.suno.com.br\/noticias\/americanas-amer3-prejuizo-9-meses-2023-gpj\/#primaryimage","url":"https:\/\/files.sunoresearch.com.br\/n\/uploads\/2023\/01\/americanas-logo.jpg","contentUrl":"https:\/\/files.sunoresearch.com.br\/n\/uploads\/2023\/01\/americanas-logo.jpg","width":1200,"height":800,"caption":"Americanas (AMER3). Foto: Divulga\u00e7\u00e3o"},{"@type":"BreadcrumbList","@id":"https:\/\/www.suno.com.br\/noticias\/americanas-amer3-prejuizo-9-meses-2023-gpj\/#breadcrumb","itemListElement":[{"@type":"ListItem","position":1,"name":"Not\u00edcias","item":"https:\/\/www.suno.com.br\/noticias\/"},{"@type":"ListItem","position":2,"name":"Neg\u00f3cios","item":"https:\/\/www.suno.com.br\/noticias\/negocios\/"},{"@type":"ListItem","position":3,"name":"Americanas (AMER3) tem preju\u00edzo de R$ 4,61 bilh\u00f5es nos 9 primeiros meses de 2023, queda de 23,5% na base anual"}]},{"@type":"WebSite","@id":"https:\/\/www.suno.com.br\/noticias\/#website","url":"https:\/\/www.suno.com.br\/noticias\/","name":"Suno Not\u00edcias","description":"Seu portal de informa\u00e7\u00e3o sobre o mundo dos investimentos","publisher":{"@id":"https:\/\/www.suno.com.br\/noticias\/#organization"},"potentialAction":[{"@type":"SearchAction","target":{"@type":"EntryPoint","urlTemplate":"https:\/\/www.suno.com.br\/noticias\/?s={search_term_string}"},"query-input":{"@type":"PropertyValueSpecification","valueRequired":true,"valueName":"search_term_string"}}],"inLanguage":"pt-BR"},{"@type":"Organization","@id":"https:\/\/www.suno.com.br\/noticias\/#organization","name":"Suno Not\u00edcias","url":"https:\/\/www.suno.com.br\/noticias\/","logo":{"@type":"ImageObject","inLanguage":"pt-BR","@id":"https:\/\/www.suno.com.br\/noticias\/#\/schema\/logo\/image\/","url":"https:\/\/files.sunoresearch.com.br\/n\/uploads\/2021\/09\/suno-logo.png","contentUrl":"https:\/\/files.sunoresearch.com.br\/n\/uploads\/2021\/09\/suno-logo.png","width":180,"height":180,"caption":"Suno Not\u00edcias"},"image":{"@id":"https:\/\/www.suno.com.br\/noticias\/#\/schema\/logo\/image\/"},"sameAs":["https:\/\/facebook.com\/sunoresearch","https:\/\/x.com\/sunoresearch","https:\/\/www.instagram.com\/suno","https:\/\/www.linkedin.com\/company\/suno-research\/","https:\/\/www.youtube.com\/c\/sunoresearch"]},{"@type":"Person","@id":"https:\/\/www.suno.com.br\/noticias\/#\/schema\/person\/d0f32748bbca4bee871fa191ee4e2d40","name":"Giovanni Porf\u00edrio Jacomino","image":{"@type":"ImageObject","inLanguage":"pt-BR","@id":"https:\/\/www.suno.com.br\/noticias\/#\/schema\/person\/image\/","url":"https:\/\/secure.gravatar.com\/avatar\/efb32e19b730a121cb7a80f41ffec01a?s=96&r=g","contentUrl":"https:\/\/secure.gravatar.com\/avatar\/efb32e19b730a121cb7a80f41ffec01a?s=96&r=g","caption":"Giovanni Porf\u00edrio Jacomino"},"description":"Giovanni Porf\u00edrio Jacomino \u00e9 jornalista formado pela Universidade Estadual de Londrina (UEL) e p\u00f3s-graduado em Produ\u00e7\u00e3o e Pr\u00e1ticas Jornal\u00edsticas na Contemporaneidade na Faculdade C\u00e1sper L\u00edbero (FCL). Foi editor web no Startupi e no Finsiders, atuando ainda como editor no TC Mover, portal de not\u00edcias da TradersClub, fazendo a cobertura de assuntos relacionados ao mercado financeiro interno e externo. Atualmente, \u00e9 Rep\u00f3rter do Suno Not\u00edcias.","url":"https:\/\/www.suno.com.br\/noticias\/author\/giovanni-porfiriosuno-com-br\/"}]}},"default_loop_html":"<div class=\"cardsPage__listCard__boxs\"><div class=\"cardsPage__listCard__boxs__img\"><a href=\"https:\/\/www.suno.com.br\/noticias\/americanas-amer3-prejuizo-9-meses-2023-gpj\/\"><img class=\"mask\" src=\"https:\/\/www.suno.com.br\/noticias\/wp-content\/themes\/suno\/resources\/images\/spotlight\/spotlight1img\/bg-mask.png\" alt=\"Image Mask\"\/><img src=\"https:\/\/files.sunoresearch.com.br\/n\/uploads\/2023\/01\/americanas-logo-400x200.jpg\" alt=\"Americanas (AMER3) tem preju\u00edzo de R$ 4,61 bilh\u00f5es nos 9 primeiros meses de 2023, queda de 23,5% na base anual\"\/><\/a><span class=\"spotlightCategory\"><a href=\"https:\/\/www.suno.com.br\/noticias\/negocios\/\">Neg\u00f3cios<\/a><\/span><\/div><div class=\"cardsPage__listCard__boxs__content\"><a href=\"https:\/\/www.suno.com.br\/noticias\/americanas-amer3-prejuizo-9-meses-2023-gpj\/\"><h2 class=\"content__title\">Americanas (AMER3) tem preju\u00edzo de R$ 4,61 bilh\u00f5es nos 9 primeiros meses de 2023, queda de 23,5% na base anual<\/h2><\/a><div class=\"newsContent__article__meta\"><div class=\"newsContent__article__meta__authorBox\"><a href=\"https:\/\/www.suno.com.br\/noticias\/author\/giovanni-porfiriosuno-com-br\/\" class=\"authorBox__avatar noMobi\"><img src=\"https:\/\/files.sunoresearch.com.br\/n\/uploads\/2024\/05\/DSCF4115-1-1-150x150.webp\" alt=\"Giovanni Porf\u00edrio Jacomino\"><\/a><div class=\"authorBox__name\"><span>por\n\t\t\t<a href=\"https:\/\/www.suno.com.br\/noticias\/author\/giovanni-porfiriosuno-com-br\/\"><span itemprop=\"author\">Giovanni Porf\u00edrio Jacomino<\/span><\/a><\/span><time datetime=\"2024-02-26T07:49:30-03:00\" itemprop=\"datePublished\">26\/02\/2024 07:49<\/time><\/div><\/div><\/div><\/div><\/div>","single_layout":"posts","amp_enabled":true,"_links":{"self":[{"href":"https:\/\/www.suno.com.br\/noticias\/wp-json\/wp\/v2\/posts\/526510"}],"collection":[{"href":"https:\/\/www.suno.com.br\/noticias\/wp-json\/wp\/v2\/posts"}],"about":[{"href":"https:\/\/www.suno.com.br\/noticias\/wp-json\/wp\/v2\/types\/post"}],"author":[{"embeddable":true,"href":"https:\/\/www.suno.com.br\/noticias\/wp-json\/wp\/v2\/users\/313"}],"replies":[{"embeddable":true,"href":"https:\/\/www.suno.com.br\/noticias\/wp-json\/wp\/v2\/comments?post=526510"}],"version-history":[{"count":3,"href":"https:\/\/www.suno.com.br\/noticias\/wp-json\/wp\/v2\/posts\/526510\/revisions"}],"predecessor-version":[{"id":526528,"href":"https:\/\/www.suno.com.br\/noticias\/wp-json\/wp\/v2\/posts\/526510\/revisions\/526528"}],"wp:featuredmedia":[{"embeddable":true,"href":"https:\/\/www.suno.com.br\/noticias\/wp-json\/wp\/v2\/media\/346148"}],"wp:attachment":[{"href":"https:\/\/www.suno.com.br\/noticias\/wp-json\/wp\/v2\/media?parent=526510"}],"wp:term":[{"taxonomy":"category","embeddable":true,"href":"https:\/\/www.suno.com.br\/noticias\/wp-json\/wp\/v2\/categories?post=526510"},{"taxonomy":"post_tag","embeddable":true,"href":"https:\/\/www.suno.com.br\/noticias\/wp-json\/wp\/v2\/tags?post=526510"},{"taxonomy":"suno_strategy","embeddable":true,"href":"https:\/\/www.suno.com.br\/noticias\/wp-json\/wp\/v2\/suno_strategy?post=526510"}],"curies":[{"name":"wp","href":"https:\/\/api.w.org\/{rel}","templated":true}]}}