{"id":52647,"date":"2020-02-11T16:44:18","date_gmt":"2020-02-11T18:44:18","guid":{"rendered":"https:\/\/www.suno.com.br\/noticias\/?p=52647"},"modified":"2020-02-11T16:44:18","modified_gmt":"2020-02-11T18:44:18","slug":"facebook-podera-ter-de-pagar-9-bilhoes","status":"publish","type":"post","link":"https:\/\/www.suno.com.br\/noticias\/facebook-podera-ter-de-pagar-9-bilhoes\/","title":{"rendered":"Facebook poder\u00e1 ter de pagar US$ 9 bilh\u00f5es em processo contra governo dos EUA"},"content":{"rendered":"<p>Na pr\u00f3xima semana, o processo que envolve o <strong>Facebook<\/strong> (<a href=\"https:\/\/www.suno.com.br\/artigos\/nasdaq\/\">NASDAQ<\/a>: FB) e o <strong>Internal Revenue Service<\/strong> (IRS), ag\u00eancia que integra o Departamento do Tesouro dos <strong>Estados Unidos<\/strong>, deve ter um fim. A empresa poder\u00e1 arcar com cerca de US$ 9 bilh\u00f5es (R$ 40 bilh\u00f5es na cota\u00e7\u00e3o atual) em impostos.<\/p>\t<div class=\"wrapper-featured-image\">\n\t\t<figure class=\"spotlightImg\">\n\n\t\t\t<picture>\n\t\t\t\t<source media=\"(max-width: 768px)\" srcset=\"https:\/\/files.sunoresearch.com.br\/n\/uploads\/2018\/10\/100a533d-facebook-400x200.webp\">\n\t\t\t\t<img loading=\"lazy\" decoding=\"async\" class=\"newsContent__article__imgCapa lazyloadDisabled newsContent__article__imgCapa--noCaption\" src=\"https:\/\/files.sunoresearch.com.br\/n\/uploads\/2018\/10\/100a533d-facebook-800x450.webp\" width=\"800\" height=\"450\" alt=\"Facebook poder\u00e1 ter de pagar US$ 9 bilh\u00f5es em processo contra governo dos EUA\" fetchpriority=high \/>\n\t\t\t<\/picture>\n\n\t\t\t<figcaption class=\"wp-caption-text wp-caption-text--hide\">Autoridades antitruste dos EUA est\u00e3o se preparando para, at\u00e9 o final de janeiro, abrir 4 novos processos contra o Facebook e o Google.<\/figcaption>\n\t\t<\/figure>\n\t<\/div>\n\n\n\n<p>Desde 2010, o Facebook \u00e9 acusado de <strong>evas\u00e3o tribut\u00e1ria<\/strong> pela organiza\u00e7\u00e3o norte-americana que \u00e9 respons\u00e1vel pela arrecada\u00e7\u00e3o de impostos. O IRS argumenta que a companhia subestimou o valor dos ativos tang\u00edveis associados \u00e0 sede que foi criada fora do pa\u00eds.<\/p>\n<p>H\u00e1 cerca de 10 anos, segundo o site &#8220;Inc.com&#8221;, a ent\u00e3o diretora de opera\u00e7\u00f5es do Facebook, Sheryl Sandberg, sugeriu que a companhia explorasse maneiras de diminuir sua carga tribut\u00e1ria. A exemplo de outras empresas de tecnologia, o Facebook levantou seu escrit\u00f3rio na <strong>Irlanda<\/strong>, onde a jurisdi\u00e7\u00e3o seria mais flex\u00edvel.<\/p>\n<p><a href=\"https:\/\/www.suno.com.br\/noticias\/elon-musk-facebook-tosco-regulado-governos\/\">Confira: Elon Musk: Facebook \u00e9 tosco e pessoas devem deletar suas contas<\/a><\/p>\n<p>Pouco tempo depois, o IRS condenou esse tipo de movimento das companhias tecnol\u00f3gicas. A organiza\u00e7\u00e3o criou uma equipe especializada neste tipo de processo, e o Facebook \u00e9 uma das empresas mais influentes a aderirem a medida.<\/p>\n<h2>Facebook enfrenta o processo h\u00e1 10 anos<\/h2>\n<p>No caso do Facebook, o IRS entende que a empresa deveria pagar 35% em impostos sobre US$ 21 bilh\u00f5es em ativos. O Facebook pagou uma taxa tribut\u00e1ria menor em 2017, pois, segundo a companhia, os ativos eram avaliados em US$ 14 bilh\u00f5es.<\/p>\n\t<p>\n\t\t<a href=\"https:\/\/lp.statusinvest.com.br\/cl\/carteira-automatizada\/\" target=\"_blank\" data-element=\"shortcode-suno-banner\" title=\"Banner SUNO, clique e saiba mais\">\n\t\t\t<picture>\n\t\t\t\t<source media=\"(max-width: 500px)\" srcset=\"https:\/\/files.sunoresearch.com.br\/n\/uploads\/2024\/02\/400x300-Mobile.png\">\n\t\t\t\t<img class=\"newsContent__article__imgCapa newsContent__article__imgCapa--banner\"\n\t\t\t\t\tsrc=\"https:\/\/files.sunoresearch.com.br\/n\/uploads\/2024\/02\/1420x240-Desktop.png\"\n\t\t\t\t\tdata-promo-id=\"518879\"\t\t\t\t\t\t\t\t\t\twidth='1420' height='240'\t\t\t\t\talt=\"https:\/\/files.sunoresearch.com.br\/n\/uploads\/2024\/02\/1420x240-Desktop.png\"\n\t\t\t\t>\n\t\t\t<\/picture>\n\t\t<\/a>\n\t<\/p>\n\n\n<p>Desde o in\u00edcio, o processo chegou a ser interrompido algumas vezes. A justificativa seriam os cortes no or\u00e7amento da Receita Federal norte-americana. Segundo o site, o IRS n\u00e3o teria conseguido avan\u00e7ar com o caso porque n\u00e3o tinha recursos para arcar com um especialista.<\/p>\n<p>Esse processo \u00e9 considerado importante para o governo, uma vez que diversas companhias do ramo da tecnologias possuem subsidi\u00e1rias irlandesas. A <strong>Apple<\/strong> (NASDAQ: AAPL), por exemplo, j\u00e1 informou que det\u00e9m US$ 252 bilh\u00f5es fora dos Estados Unidos, pagando US$ 38 bilh\u00f5es em impostos.<\/p>\n<p><iframe loading=\"lazy\" title=\"As 5 MAIORES aquisi\u00e7\u00f5es do FACEBOOK - FBOK34\" width=\"200\" height=\"113\" src=\"https:\/\/www.youtube.com\/embed\/aDQmJqbyI-Q?feature=oembed\" frameborder=\"0\" allow=\"accelerometer; autoplay; encrypted-media; gyroscope; picture-in-picture\" allowfullscreen><\/iframe><\/p>\n<p>&#8220;Este processo se refere a transa\u00e7\u00f5es que ocorreram em 2010, quando o Facebook n\u00e3o tinha receita com publicidade m\u00f3vel, seus neg\u00f3cios internacionais eram incipientes e seus produtos de publicidade digital n\u00e3o eram comprovados&#8221;, disse uma porta-voz da <a href=\"https:\/\/www.youtube.com\/watch?v=uXh-EsWLpyw\">multinacional das redes sociais<\/a> em entrevista ao jornal estadunidense &#8220;The Wall Street Journal&#8221;.<\/p>\n<p><a href=\"https:\/\/www.suno.com.br\/noticias\/acao-facebook-cai-apos-resultado\/\">Veja tamb\u00e9m: A\u00e7\u00e3o do Facebook cai at\u00e9 7% ap\u00f3s redu\u00e7\u00e3o do lucro em 2019<\/a><\/p>\n<p>Segundo reporta o site, caso o IRS n\u00e3o consiga vencer o <strong>Facebook<\/strong>, poder\u00e1 encorajar outras companhias a contestar os processos de mesma natureza que est\u00e3o em curso. Al\u00e9m disso, os recursos das companhias poderiam ser cada vez mais direcionados para pa\u00edses que a carga tribut\u00e1ria \u00e9 menor.<\/p>\n\n","protected":false},"excerpt":{"rendered":"<p>Na pr\u00f3xima semana, o processo que envolve o Facebook (NASDAQ: FB) e o Internal Revenue Service (IRS), ag\u00eancia que integra o Departamento do Tesouro dos Estados Unidos, deve ter um fim. A empresa poder\u00e1 arcar com cerca de US$ 9 bilh\u00f5es (R$ 40 bilh\u00f5es na cota\u00e7\u00e3o atual) em impostos. Autoridades antitruste dos EUA est\u00e3o se [&hellip;]<\/p>\n","protected":false},"author":24,"featured_media":5488,"comment_status":"closed","ping_status":"closed","sticky":false,"template":"","format":"standard","meta":[],"categories":[63],"tags":[733],"suno_strategy":[],"class_list":["post-52647","post","type-post","status-publish","format-standard","has-post-thumbnail","hentry","category-internacional","tag-facebook-fbok34"],"yoast_head":"<!-- This site is optimized with the Yoast SEO plugin v24.4 - https:\/\/yoast.com\/wordpress\/plugins\/seo\/ -->\n<title>Facebook poder\u00e1 ter de pagar US$ 9 bilh\u00f5es em processo<\/title>\n<meta name=\"description\" content=\"O processo que envolve o Facebook e o IRS, ag\u00eancia que integra o Departamento do Tesouro dos EUA, deve ter um fim. Clique e saiba mais.\" \/>\n<meta name=\"robots\" content=\"index, follow, max-snippet:-1, max-image-preview:large, max-video-preview:-1\" \/>\n<link rel=\"canonical\" href=\"https:\/\/www.suno.com.br\/noticias\/facebook-podera-ter-de-pagar-9-bilhoes\/\" \/>\n<meta property=\"og:locale\" content=\"pt_BR\" \/>\n<meta property=\"og:type\" content=\"article\" \/>\n<meta property=\"og:title\" content=\"Facebook poder\u00e1 ter de pagar US$ 9 bilh\u00f5es em processo\" \/>\n<meta property=\"og:description\" content=\"O processo que envolve o Facebook e o IRS, ag\u00eancia que integra o Departamento do Tesouro dos EUA, deve ter um fim. Clique e saiba mais.\" \/>\n<meta property=\"og:url\" content=\"https:\/\/www.suno.com.br\/noticias\/facebook-podera-ter-de-pagar-9-bilhoes\/\" \/>\n<meta property=\"og:site_name\" content=\"Suno Not\u00edcias\" \/>\n<meta property=\"article:publisher\" content=\"https:\/\/facebook.com\/sunoresearch\" \/>\n<meta property=\"og:image\" content=\"https:\/\/files.sunoresearch.com.br\/n\/uploads\/2018\/10\/100a533d-facebook.jpg\" \/>\n\t<meta property=\"og:image:width\" content=\"1920\" \/>\n\t<meta property=\"og:image:height\" content=\"1023\" \/>\n\t<meta property=\"og:image:type\" content=\"image\/jpeg\" \/>\n<meta name=\"author\" content=\"Jader Lazarini\" \/>\n<meta name=\"twitter:card\" content=\"summary_large_image\" \/>\n<meta name=\"twitter:creator\" content=\"@sunoresearch\" \/>\n<meta name=\"twitter:site\" content=\"@sunoresearch\" \/>\n<meta name=\"twitter:label1\" content=\"Escrito por\" \/>\n\t<meta name=\"twitter:data1\" content=\"Jader Lazarini\" \/>\n\t<meta name=\"twitter:label2\" content=\"Est. tempo de leitura\" \/>\n\t<meta name=\"twitter:data2\" content=\"2 minutos\" \/>\n<script type=\"application\/ld+json\" class=\"yoast-schema-graph\">{\"@context\":\"https:\/\/schema.org\",\"@graph\":[{\"@type\":\"NewsArticle\",\"@id\":\"https:\/\/www.suno.com.br\/noticias\/facebook-podera-ter-de-pagar-9-bilhoes\/#article\",\"isPartOf\":{\"@id\":\"https:\/\/www.suno.com.br\/noticias\/facebook-podera-ter-de-pagar-9-bilhoes\/\"},\"author\":{\"name\":\"Jader Lazarini\",\"@id\":\"https:\/\/www.suno.com.br\/noticias\/#\/schema\/person\/918d79de1f0281f01599b93f9ea6e23f\"},\"headline\":\"Facebook poder\u00e1 ter de pagar US$ 9 bilh\u00f5es em processo contra governo dos EUA\",\"datePublished\":\"2020-02-11T18:44:18+00:00\",\"mainEntityOfPage\":{\"@id\":\"https:\/\/www.suno.com.br\/noticias\/facebook-podera-ter-de-pagar-9-bilhoes\/\"},\"wordCount\":493,\"publisher\":{\"@id\":\"https:\/\/www.suno.com.br\/noticias\/#organization\"},\"image\":{\"@id\":\"https:\/\/www.suno.com.br\/noticias\/facebook-podera-ter-de-pagar-9-bilhoes\/#primaryimage\"},\"thumbnailUrl\":\"https:\/\/files.sunoresearch.com.br\/n\/uploads\/2018\/10\/100a533d-facebook-jpg.webp\",\"keywords\":[\"Facebook (FBOK34)\"],\"articleSection\":[\"Internacional\"],\"inLanguage\":\"pt-BR\"},{\"@type\":\"WebPage\",\"@id\":\"https:\/\/www.suno.com.br\/noticias\/facebook-podera-ter-de-pagar-9-bilhoes\/\",\"url\":\"https:\/\/www.suno.com.br\/noticias\/facebook-podera-ter-de-pagar-9-bilhoes\/\",\"name\":\"Facebook poder\u00e1 ter de pagar US$ 9 bilh\u00f5es em processo\",\"isPartOf\":{\"@id\":\"https:\/\/www.suno.com.br\/noticias\/#website\"},\"primaryImageOfPage\":{\"@id\":\"https:\/\/www.suno.com.br\/noticias\/facebook-podera-ter-de-pagar-9-bilhoes\/#primaryimage\"},\"image\":{\"@id\":\"https:\/\/www.suno.com.br\/noticias\/facebook-podera-ter-de-pagar-9-bilhoes\/#primaryimage\"},\"thumbnailUrl\":\"https:\/\/files.sunoresearch.com.br\/n\/uploads\/2018\/10\/100a533d-facebook-jpg.webp\",\"datePublished\":\"2020-02-11T18:44:18+00:00\",\"description\":\"O processo que envolve o Facebook e o IRS, ag\u00eancia que integra o Departamento do Tesouro dos EUA, deve ter um fim. Clique e saiba mais.\",\"breadcrumb\":{\"@id\":\"https:\/\/www.suno.com.br\/noticias\/facebook-podera-ter-de-pagar-9-bilhoes\/#breadcrumb\"},\"inLanguage\":\"pt-BR\",\"potentialAction\":[{\"@type\":\"ReadAction\",\"target\":[\"https:\/\/www.suno.com.br\/noticias\/facebook-podera-ter-de-pagar-9-bilhoes\/\"]}]},{\"@type\":\"ImageObject\",\"inLanguage\":\"pt-BR\",\"@id\":\"https:\/\/www.suno.com.br\/noticias\/facebook-podera-ter-de-pagar-9-bilhoes\/#primaryimage\",\"url\":\"https:\/\/files.sunoresearch.com.br\/n\/uploads\/2018\/10\/100a533d-facebook-jpg.webp\",\"contentUrl\":\"https:\/\/files.sunoresearch.com.br\/n\/uploads\/2018\/10\/100a533d-facebook-jpg.webp\",\"width\":1920,\"height\":1023,\"caption\":\"Autoridades antitruste dos EUA est\u00e3o se preparando para, at\u00e9 o final de janeiro, abrir 4 novos processos contra o Facebook e o Google.\"},{\"@type\":\"BreadcrumbList\",\"@id\":\"https:\/\/www.suno.com.br\/noticias\/facebook-podera-ter-de-pagar-9-bilhoes\/#breadcrumb\",\"itemListElement\":[{\"@type\":\"ListItem\",\"position\":1,\"name\":\"Not\u00edcias\",\"item\":\"https:\/\/www.suno.com.br\/noticias\/\"},{\"@type\":\"ListItem\",\"position\":2,\"name\":\"Internacional\",\"item\":\"https:\/\/www.suno.com.br\/noticias\/internacional\/\"},{\"@type\":\"ListItem\",\"position\":3,\"name\":\"Facebook poder\u00e1 ter de pagar US$ 9 bilh\u00f5es em processo contra governo dos EUA\"}]},{\"@type\":\"WebSite\",\"@id\":\"https:\/\/www.suno.com.br\/noticias\/#website\",\"url\":\"https:\/\/www.suno.com.br\/noticias\/\",\"name\":\"Suno Not\u00edcias\",\"description\":\"Seu portal de informa\u00e7\u00e3o sobre o mundo dos investimentos\",\"publisher\":{\"@id\":\"https:\/\/www.suno.com.br\/noticias\/#organization\"},\"potentialAction\":[{\"@type\":\"SearchAction\",\"target\":{\"@type\":\"EntryPoint\",\"urlTemplate\":\"https:\/\/www.suno.com.br\/noticias\/?s={search_term_string}\"},\"query-input\":{\"@type\":\"PropertyValueSpecification\",\"valueRequired\":true,\"valueName\":\"search_term_string\"}}],\"inLanguage\":\"pt-BR\"},{\"@type\":\"Organization\",\"@id\":\"https:\/\/www.suno.com.br\/noticias\/#organization\",\"name\":\"Suno Not\u00edcias\",\"url\":\"https:\/\/www.suno.com.br\/noticias\/\",\"logo\":{\"@type\":\"ImageObject\",\"inLanguage\":\"pt-BR\",\"@id\":\"https:\/\/www.suno.com.br\/noticias\/#\/schema\/logo\/image\/\",\"url\":\"https:\/\/files.sunoresearch.com.br\/n\/uploads\/2021\/09\/suno-logo.png\",\"contentUrl\":\"https:\/\/files.sunoresearch.com.br\/n\/uploads\/2021\/09\/suno-logo.png\",\"width\":180,\"height\":180,\"caption\":\"Suno Not\u00edcias\"},\"image\":{\"@id\":\"https:\/\/www.suno.com.br\/noticias\/#\/schema\/logo\/image\/\"},\"sameAs\":[\"https:\/\/facebook.com\/sunoresearch\",\"https:\/\/x.com\/sunoresearch\",\"https:\/\/www.instagram.com\/suno\",\"https:\/\/www.linkedin.com\/company\/suno-research\/\",\"https:\/\/www.youtube.com\/c\/sunoresearch\"]},{\"@type\":\"Person\",\"@id\":\"https:\/\/www.suno.com.br\/noticias\/#\/schema\/person\/918d79de1f0281f01599b93f9ea6e23f\",\"name\":\"Jader Lazarini\",\"image\":{\"@type\":\"ImageObject\",\"inLanguage\":\"pt-BR\",\"@id\":\"https:\/\/www.suno.com.br\/noticias\/#\/schema\/person\/image\/\",\"url\":\"https:\/\/secure.gravatar.com\/avatar\/3c1ad8caa51589841baeb923fcddea97?s=96&r=g\",\"contentUrl\":\"https:\/\/secure.gravatar.com\/avatar\/3c1ad8caa51589841baeb923fcddea97?s=96&r=g\",\"caption\":\"Jader Lazarini\"},\"description\":\"Jader Lazarini escreve sobre investimentos, finan\u00e7as, economia e neg\u00f3cios. \u00c9 bacharel em Rela\u00e7\u00f5es Internacionais e analista CNPI (2619).\",\"url\":\"https:\/\/www.suno.com.br\/noticias\/author\/jader-lazarini\/\"}]}<\/script>\n<!-- \/ Yoast SEO plugin. -->","yoast_head_json":{"title":"Facebook poder\u00e1 ter de pagar US$ 9 bilh\u00f5es em processo","description":"O processo que envolve o Facebook e o IRS, ag\u00eancia que integra o Departamento do Tesouro dos EUA, deve ter um fim. Clique e saiba mais.","robots":{"index":"index","follow":"follow","max-snippet":"max-snippet:-1","max-image-preview":"max-image-preview:large","max-video-preview":"max-video-preview:-1"},"canonical":"https:\/\/www.suno.com.br\/noticias\/facebook-podera-ter-de-pagar-9-bilhoes\/","og_locale":"pt_BR","og_type":"article","og_title":"Facebook poder\u00e1 ter de pagar US$ 9 bilh\u00f5es em processo","og_description":"O processo que envolve o Facebook e o IRS, ag\u00eancia que integra o Departamento do Tesouro dos EUA, deve ter um fim. Clique e saiba mais.","og_url":"https:\/\/www.suno.com.br\/noticias\/facebook-podera-ter-de-pagar-9-bilhoes\/","og_site_name":"Suno Not\u00edcias","article_publisher":"https:\/\/facebook.com\/sunoresearch","og_image":[{"width":1920,"height":1023,"url":"https:\/\/files.sunoresearch.com.br\/n\/uploads\/2018\/10\/100a533d-facebook.jpg","type":"image\/jpeg"}],"author":"Jader Lazarini","twitter_card":"summary_large_image","twitter_creator":"@sunoresearch","twitter_site":"@sunoresearch","twitter_misc":{"Escrito por":"Jader Lazarini","Est. tempo de leitura":"2 minutos"},"schema":{"@context":"https:\/\/schema.org","@graph":[{"@type":"NewsArticle","@id":"https:\/\/www.suno.com.br\/noticias\/facebook-podera-ter-de-pagar-9-bilhoes\/#article","isPartOf":{"@id":"https:\/\/www.suno.com.br\/noticias\/facebook-podera-ter-de-pagar-9-bilhoes\/"},"author":{"name":"Jader Lazarini","@id":"https:\/\/www.suno.com.br\/noticias\/#\/schema\/person\/918d79de1f0281f01599b93f9ea6e23f"},"headline":"Facebook poder\u00e1 ter de pagar US$ 9 bilh\u00f5es em processo contra governo dos EUA","datePublished":"2020-02-11T18:44:18+00:00","mainEntityOfPage":{"@id":"https:\/\/www.suno.com.br\/noticias\/facebook-podera-ter-de-pagar-9-bilhoes\/"},"wordCount":493,"publisher":{"@id":"https:\/\/www.suno.com.br\/noticias\/#organization"},"image":{"@id":"https:\/\/www.suno.com.br\/noticias\/facebook-podera-ter-de-pagar-9-bilhoes\/#primaryimage"},"thumbnailUrl":"https:\/\/files.sunoresearch.com.br\/n\/uploads\/2018\/10\/100a533d-facebook-jpg.webp","keywords":["Facebook (FBOK34)"],"articleSection":["Internacional"],"inLanguage":"pt-BR"},{"@type":"WebPage","@id":"https:\/\/www.suno.com.br\/noticias\/facebook-podera-ter-de-pagar-9-bilhoes\/","url":"https:\/\/www.suno.com.br\/noticias\/facebook-podera-ter-de-pagar-9-bilhoes\/","name":"Facebook poder\u00e1 ter de pagar US$ 9 bilh\u00f5es em processo","isPartOf":{"@id":"https:\/\/www.suno.com.br\/noticias\/#website"},"primaryImageOfPage":{"@id":"https:\/\/www.suno.com.br\/noticias\/facebook-podera-ter-de-pagar-9-bilhoes\/#primaryimage"},"image":{"@id":"https:\/\/www.suno.com.br\/noticias\/facebook-podera-ter-de-pagar-9-bilhoes\/#primaryimage"},"thumbnailUrl":"https:\/\/files.sunoresearch.com.br\/n\/uploads\/2018\/10\/100a533d-facebook-jpg.webp","datePublished":"2020-02-11T18:44:18+00:00","description":"O processo que envolve o Facebook e o IRS, ag\u00eancia que integra o Departamento do Tesouro dos EUA, deve ter um fim. Clique e saiba mais.","breadcrumb":{"@id":"https:\/\/www.suno.com.br\/noticias\/facebook-podera-ter-de-pagar-9-bilhoes\/#breadcrumb"},"inLanguage":"pt-BR","potentialAction":[{"@type":"ReadAction","target":["https:\/\/www.suno.com.br\/noticias\/facebook-podera-ter-de-pagar-9-bilhoes\/"]}]},{"@type":"ImageObject","inLanguage":"pt-BR","@id":"https:\/\/www.suno.com.br\/noticias\/facebook-podera-ter-de-pagar-9-bilhoes\/#primaryimage","url":"https:\/\/files.sunoresearch.com.br\/n\/uploads\/2018\/10\/100a533d-facebook-jpg.webp","contentUrl":"https:\/\/files.sunoresearch.com.br\/n\/uploads\/2018\/10\/100a533d-facebook-jpg.webp","width":1920,"height":1023,"caption":"Autoridades antitruste dos EUA est\u00e3o se preparando para, at\u00e9 o final de janeiro, abrir 4 novos processos contra o Facebook e o Google."},{"@type":"BreadcrumbList","@id":"https:\/\/www.suno.com.br\/noticias\/facebook-podera-ter-de-pagar-9-bilhoes\/#breadcrumb","itemListElement":[{"@type":"ListItem","position":1,"name":"Not\u00edcias","item":"https:\/\/www.suno.com.br\/noticias\/"},{"@type":"ListItem","position":2,"name":"Internacional","item":"https:\/\/www.suno.com.br\/noticias\/internacional\/"},{"@type":"ListItem","position":3,"name":"Facebook poder\u00e1 ter de pagar US$ 9 bilh\u00f5es em processo contra governo dos EUA"}]},{"@type":"WebSite","@id":"https:\/\/www.suno.com.br\/noticias\/#website","url":"https:\/\/www.suno.com.br\/noticias\/","name":"Suno Not\u00edcias","description":"Seu portal de informa\u00e7\u00e3o sobre o mundo dos investimentos","publisher":{"@id":"https:\/\/www.suno.com.br\/noticias\/#organization"},"potentialAction":[{"@type":"SearchAction","target":{"@type":"EntryPoint","urlTemplate":"https:\/\/www.suno.com.br\/noticias\/?s={search_term_string}"},"query-input":{"@type":"PropertyValueSpecification","valueRequired":true,"valueName":"search_term_string"}}],"inLanguage":"pt-BR"},{"@type":"Organization","@id":"https:\/\/www.suno.com.br\/noticias\/#organization","name":"Suno Not\u00edcias","url":"https:\/\/www.suno.com.br\/noticias\/","logo":{"@type":"ImageObject","inLanguage":"pt-BR","@id":"https:\/\/www.suno.com.br\/noticias\/#\/schema\/logo\/image\/","url":"https:\/\/files.sunoresearch.com.br\/n\/uploads\/2021\/09\/suno-logo.png","contentUrl":"https:\/\/files.sunoresearch.com.br\/n\/uploads\/2021\/09\/suno-logo.png","width":180,"height":180,"caption":"Suno Not\u00edcias"},"image":{"@id":"https:\/\/www.suno.com.br\/noticias\/#\/schema\/logo\/image\/"},"sameAs":["https:\/\/facebook.com\/sunoresearch","https:\/\/x.com\/sunoresearch","https:\/\/www.instagram.com\/suno","https:\/\/www.linkedin.com\/company\/suno-research\/","https:\/\/www.youtube.com\/c\/sunoresearch"]},{"@type":"Person","@id":"https:\/\/www.suno.com.br\/noticias\/#\/schema\/person\/918d79de1f0281f01599b93f9ea6e23f","name":"Jader Lazarini","image":{"@type":"ImageObject","inLanguage":"pt-BR","@id":"https:\/\/www.suno.com.br\/noticias\/#\/schema\/person\/image\/","url":"https:\/\/secure.gravatar.com\/avatar\/3c1ad8caa51589841baeb923fcddea97?s=96&r=g","contentUrl":"https:\/\/secure.gravatar.com\/avatar\/3c1ad8caa51589841baeb923fcddea97?s=96&r=g","caption":"Jader Lazarini"},"description":"Jader Lazarini escreve sobre investimentos, finan\u00e7as, economia e neg\u00f3cios. \u00c9 bacharel em Rela\u00e7\u00f5es Internacionais e analista CNPI (2619).","url":"https:\/\/www.suno.com.br\/noticias\/author\/jader-lazarini\/"}]}},"default_loop_html":"<div class=\"cardsPage__listCard__boxs\"><div class=\"cardsPage__listCard__boxs__img\"><a href=\"https:\/\/www.suno.com.br\/noticias\/facebook-podera-ter-de-pagar-9-bilhoes\/\"><img class=\"mask\" src=\"https:\/\/www.suno.com.br\/noticias\/wp-content\/themes\/suno\/resources\/images\/spotlight\/spotlight1img\/bg-mask.png\" alt=\"Image Mask\"\/><img src=\"https:\/\/files.sunoresearch.com.br\/n\/uploads\/2018\/10\/100a533d-facebook-400x200.webp\" alt=\"Facebook poder\u00e1 ter de pagar US$ 9 bilh\u00f5es em processo contra governo dos EUA\"\/><\/a><span class=\"spotlightCategory\"><a href=\"https:\/\/www.suno.com.br\/noticias\/internacional\/\">Internacional<\/a><\/span><\/div><div class=\"cardsPage__listCard__boxs__content\"><a href=\"https:\/\/www.suno.com.br\/noticias\/facebook-podera-ter-de-pagar-9-bilhoes\/\"><h2 class=\"content__title\">Facebook poder\u00e1 ter de pagar US$ 9 bilh\u00f5es em processo contra governo dos EUA<\/h2><\/a><div class=\"newsContent__article__meta\"><div class=\"newsContent__article__meta__authorBox\"><a href=\"https:\/\/www.suno.com.br\/noticias\/author\/jader-lazarini\/\" class=\"authorBox__avatar noMobi\"><img src=\"https:\/\/files.sunoresearch.com.br\/n\/uploads\/2021\/01\/178e6598-foto-perfil-2-150x150.jpg\" alt=\"Jader Lazarini\"><\/a><div class=\"authorBox__name\"><span>por\n\t\t\t<a href=\"https:\/\/www.suno.com.br\/noticias\/author\/jader-lazarini\/\"><span itemprop=\"author\">Jader Lazarini<\/span><\/a><\/span><time datetime=\"2020-02-11T16:44:18-03:00\" itemprop=\"datePublished\">11\/02\/2020 16:44<\/time><\/div><\/div><\/div><\/div><\/div>","single_layout":"posts","amp_enabled":true,"_links":{"self":[{"href":"https:\/\/www.suno.com.br\/noticias\/wp-json\/wp\/v2\/posts\/52647"}],"collection":[{"href":"https:\/\/www.suno.com.br\/noticias\/wp-json\/wp\/v2\/posts"}],"about":[{"href":"https:\/\/www.suno.com.br\/noticias\/wp-json\/wp\/v2\/types\/post"}],"author":[{"embeddable":true,"href":"https:\/\/www.suno.com.br\/noticias\/wp-json\/wp\/v2\/users\/24"}],"replies":[{"embeddable":true,"href":"https:\/\/www.suno.com.br\/noticias\/wp-json\/wp\/v2\/comments?post=52647"}],"version-history":[{"count":0,"href":"https:\/\/www.suno.com.br\/noticias\/wp-json\/wp\/v2\/posts\/52647\/revisions"}],"wp:featuredmedia":[{"embeddable":true,"href":"https:\/\/www.suno.com.br\/noticias\/wp-json\/wp\/v2\/media\/5488"}],"wp:attachment":[{"href":"https:\/\/www.suno.com.br\/noticias\/wp-json\/wp\/v2\/media?parent=52647"}],"wp:term":[{"taxonomy":"category","embeddable":true,"href":"https:\/\/www.suno.com.br\/noticias\/wp-json\/wp\/v2\/categories?post=52647"},{"taxonomy":"post_tag","embeddable":true,"href":"https:\/\/www.suno.com.br\/noticias\/wp-json\/wp\/v2\/tags?post=52647"},{"taxonomy":"suno_strategy","embeddable":true,"href":"https:\/\/www.suno.com.br\/noticias\/wp-json\/wp\/v2\/suno_strategy?post=52647"}],"curies":[{"name":"wp","href":"https:\/\/api.w.org\/{rel}","templated":true}]}}