{"id":526466,"date":"2024-02-25T15:34:37","date_gmt":"2024-02-25T18:34:37","guid":{"rendered":"https:\/\/www.suno.com.br\/noticias\/?p=526466"},"modified":"2024-02-25T15:34:43","modified_gmt":"2024-02-25T18:34:43","slug":"gas-natural-niveis-mais-baixos-preco-evm","status":"publish","type":"post","link":"https:\/\/www.suno.com.br\/noticias\/gas-natural-niveis-mais-baixos-preco-evm\/","title":{"rendered":"Pre\u00e7o do g\u00e1s natural chega a n\u00edveis mais baixos desde 1990; entenda"},"content":{"rendered":"<p>Ajustados pela <a href=\"https:\/\/www.suno.com.br\/noticias\/ipca-previsao-inflacao-boletim-focus-banco-central-quinta-gpj\/\">infla\u00e7\u00e3o<\/a>, os futuros de <strong>g\u00e1s natural<\/strong> recentemente atingiram os pre\u00e7os mais baixos desde o in\u00edcio das negocia\u00e7\u00f5es na Bolsa de Nova York em 1990. <\/p><div class=\"videoFull \">\n\t\t\t<div class=\"videoWrapper yt-lazyload center\"\n\t\t\t\tdata-width=\"960\"\n\t\t\t\tdata-height=\"540\"\n\t\t\t\tdata-id=\"C1udb3nDzgU\"\n\t\t\t\tdata-alt=\"V\u00eddeo do YouTube - clique para reproduzir\"\n\t\t\t\tdata-logo=\"3\"\n\t\t\t\tdata-imagequality=\"maxres\">\n\t\t\t<\/div>\n\t\t<\/div><script type=\"application\/ld+json\">{\"@context\":\"https:\/\/schema.org\",\"@type\":\"VideoObject\",\"name\":\"\ud83d\udd34LUCRO E DIVIDENDOS DA VALE (VALE3) | Ibovespa cai | Nvidia (NVDC34) vale US$ 2 trilh\u00f5es\",\"description\":\"#mercadofinanceiro #a\u00e7\u00f5es #investimentos #bolsadevalores #ibovespa #dinheiro #finan\u00e7as #pol\u00edtica #d\u00f3lar #livedas19h #petr4 #petr3 #petrobras #vale3 #vale #a\u00e7\u00f5es #economia #dividendos #min\u00e9riodeferro #min\u00e9rio #petr\u00f3leo #commodities #proventos #balan\u00e7ofinanceiro #nvidia #nubank #roxo34 #nubr33 #b3 #b3sa3 \ud83d\udd34ANIVERS\u00c1RIO DA SUNO: https:\/\/lp.suno.com.br\/cl\/distribuicao-aniversario-7-anos\/?utm_source=youtube.noticias&utm_medium=live&utm_campaign=RS.ANV24.ns.20240222&utm_content=livedas19h 00:00 In\u00edcio do v\u00eddeo 01:45 Fechamento de preg\u00e3o 04:45 Resultado e dividendos da Vale 10:01 Novo CEO da Vale 14:00 Dividendos\u2026\",\"duration\":\"PT23M7S\",\"embedUrl\":\"https:\/\/www.youtube.com\/embed\/C1udb3nDzgU\",\"regionsAllowed\":\"en-US\",\"interactionStatistic\":{\"@type\":\"InteractionCounter\",\"interactionType\":{\"@type\":\"WatchAction\"},\"userInteractionCount\":4982},\"thumbnailUrl\":\"https:\/\/i.ytimg.com\/vi\/C1udb3nDzgU\/default.jpg\",\"uploadDate\":\"2024-02-24T10:30:28Z\"}<\/script>\n\n\n\n\n\n\n\t<p>\n\t\t<a href=\"https:\/\/lp.suno.com.br\/ebook-como-analisar-uma-acao\/\" target=\"_blank\" data-element=\"shortcode-suno-banner\" title=\"Banner SUNO, clique e saiba mais\">\n\t\t\t<picture>\n\t\t\t\t<source media=\"(max-width: 500px)\" srcset=\"https:\/\/files.sunoresearch.com.br\/n\/uploads\/2023\/03\/Ebook-Acoes-Mobile.jpg\">\n\t\t\t\t<img class=\"newsContent__article__imgCapa newsContent__article__imgCapa--banner\"\n\t\t\t\t\tsrc=\"https:\/\/files.sunoresearch.com.br\/n\/uploads\/2023\/03\/Ebook-Acoes-Desktop.jpg\"\n\t\t\t\t\tdata-promo-id=\"378302\"\t\t\t\t\t\t\t\t\t\twidth='1420' height='286'\t\t\t\t\talt=\"https:\/\/files.sunoresearch.com.br\/n\/uploads\/2023\/03\/Ebook-Acoes-Desktop.jpg\"\n\t\t\t\t>\n\t\t\t<\/picture>\n\t\t<\/a>\n\t<\/p>\n\n\n\n\n\n<p>A <strong>produ\u00e7\u00e3o expressiva de g\u00e1s natural dos Estados Unidos<\/strong> e o inverno mais quente pressionam as cota\u00e7\u00f5es, o que tende a ser bom para consumidores americanos e empresas que usam o combust\u00edvel na produ\u00e7\u00e3o de materiais b\u00e1sicos como a\u00e7o, concreto, papel\u00e3o e <a href=\"https:\/\/www.suno.com.br\/noticias\/petrobras-petr4-unigel-producao-fertilizantes\/\">fertilizantes<\/a>. <\/p>\n\n\n\n<p>Entretanto, o recuo afeta os <strong>produtores de g\u00e1s<\/strong>, que reduzem seus planos de perfura\u00e7\u00e3o e pressionam por mais exporta\u00e7\u00f5es para aliviar o excesso dom\u00e9stico.<\/p>\n\n\n\n<p>Os futuros de g\u00e1s natural para entrega em mar\u00e7o encerraram a semana passada a US$ 1,603 por milh\u00e3o de unidades t\u00e9rmicas brit\u00e2nicas (MMBtu, em ingl\u00eas), queda de 35% em rela\u00e7\u00e3o ao ano anterior. <\/p>\n\n\n\n<p>Na ter\u00e7a-feira, fecharam a US$ 1,576, a m\u00ednima hist\u00f3rica ajustada pela infla\u00e7\u00e3o. <\/p>\n\n\n\n<p>Al\u00e9m do recuo abaixo de US$ 1,50 em 2020, com a covid-19, os pre\u00e7os n\u00e3o estavam t\u00e3o baixos em termos nominais desde 1995. Ajustado pela infla\u00e7\u00e3o, no entanto, US$ 1,50 hoje seria cerca de US$ 3 naquela \u00e9poca.<\/p>\n\n\n\n<h2 class=\"wp-block-heading\">Volatilidade dos pre\u00e7os do g\u00e1s natural<\/h2>\n\n\n\n<p>Os <strong>pre\u00e7os do g\u00e1s<\/strong> nos EUA t\u00eam sido uma montanha-russa nas duas d\u00e9cadas desde que os produtores de energia come\u00e7aram a explorar forma\u00e7\u00f5es de xisto usando t\u00e9cnicas de fraturamento hidr\u00e1ulico e perfura\u00e7\u00e3o horizontal. <\/p>\n\n\n\n<p>Repetidamente, os &#8220;frackers&#8221; inundaram o mercado de g\u00e1s at\u00e9 que os pre\u00e7os despencassem. Os pre\u00e7os baixos desencorajam a perfura\u00e7\u00e3o, levam ao fechamento de po\u00e7os insignificantes e eliminam operadores ineficientes. <\/p>\n\n\n\n\t<div data-element=\"shortcode-read-more\" class=\"readToo\">\n\t\t\t\t<span class=\"readToo__title\">Leia mais<\/span>\n\t\t\t\t<ul class=\"readToo__list\">\n\t\t\t<li><a href=\"https:\/\/www.suno.com.br\/noticias\/ministerio-da-agricultura-exportar-carne-uniao-africana-evm\/\">Minist\u00e9rio da Agricultura quer exportar mais carne para a Uni\u00e3o Africana<\/a><\/li><li><a href=\"https:\/\/www.suno.com.br\/noticias\/cenario-taxa-selic-diretor-banco-central-evm\/\">Cen\u00e1rio aponta para uma Selic de 9,5%, diz ex-diretor do BC<\/a><\/li><li><a href=\"https:\/\/www.suno.com.br\/noticias\/light-ligt3-apresenta-novo-plano-recuperacao-judicial-va\/\">Light (LIGT3) apresenta novo plano de recupera\u00e7\u00e3o judicial para credores<\/a><\/li><li><a href=\"https:\/\/www.suno.com.br\/noticias\/empresa-warren-buffett-tem-lucro-recorde-va\/\">Empresa de Warren Buffett tem lucro recorde de US$ 37,57 bilh\u00f5es; investidor comenta apostas para 2024<\/a><\/li>\t\t<\/ul>\n\t<\/div>\n\n\n\n\n<p>Eventualmente, o <strong>g\u00e1s barato<\/strong> estimula a demanda, os pre\u00e7os se recuperam e os produtores enviam plataformas de perfura\u00e7\u00e3o de volta ao campo.<\/p>\n\n\n\n<p>Atualmente, a produ\u00e7\u00e3o di\u00e1ria dos EUA caiu para cerca de 104 bilh\u00f5es de p\u00e9s c\u00fabicos neste m\u00eas, em compara\u00e7\u00e3o com um recorde de mais de 106 bilh\u00f5es de p\u00e9s c\u00fabicos em dezembro, mas ainda \u00e9 3,3% maior do que em fevereiro do ano passado, segundo a S&amp;P Global Commodity Insights. <\/p>\n\n\n\n<p>Todo o g\u00e1s que n\u00e3o est\u00e1 sendo queimado em fornos e caldeiras se acumula em instala\u00e7\u00f5es de armazenamento, que at\u00e9 16 de fevereiro continham 22% g\u00e1s a mais do que a m\u00e9dia de cinco anos para esta \u00e9poca do ano, de acordo com a Administra\u00e7\u00e3o de Informa\u00e7\u00f5es sobre Energia.<\/p>\n\n\n\t<p>\n\t\t<a href=\"https:\/\/lp.suno.com.br\/ebook-gratuito-investindo-no-exterior\/\" target=\"_blank\" data-element=\"shortcode-suno-banner\" title=\"Banner SUNO, clique e saiba mais\">\n\t\t\t<picture>\n\t\t\t\t<source media=\"(max-width: 500px)\" srcset=\"https:\/\/files.sunoresearch.com.br\/n\/uploads\/2023\/03\/400x300-Investindo-no-exterior.png\">\n\t\t\t\t<img class=\"newsContent__article__imgCapa newsContent__article__imgCapa--banner\"\n\t\t\t\t\tsrc=\"https:\/\/files.sunoresearch.com.br\/n\/uploads\/2023\/03\/1420x240-Investindo-no-exterior.png\"\n\t\t\t\t\tdata-promo-id=\"383161\"\t\t\t\t\t\t\t\t\t\twidth='1420' height='240'\t\t\t\t\talt=\"https:\/\/files.sunoresearch.com.br\/n\/uploads\/2023\/03\/1420x240-Investindo-no-exterior.png\"\n\t\t\t\t>\n\t\t\t<\/picture>\n\t\t<\/a>\n\t<\/p>\n\n\n\n\n\n<p>Enquanto isso, a demanda tem sido excepcionalmente baixa, com grandes mercados, como Minneapolis, Cleveland e Pittsburgh e Fargo, enfrentando um dos invernos mais amenos j\u00e1 registrados, que remontam a 1950, segundo o Midwestern Regional Climate Center. <\/p>\n\n\n\n<p>Meteorologistas do JP Morgan esperam que fevereiro tenha cerca de 21% menos graus-dias de aquecimento &#8211; uma medida ponderada de temperaturas abaixo de 65 graus Fahrenheit (18,3\u00ba C) que os comerciantes de g\u00e1s usam para avaliar a demanda &#8211; em compara\u00e7\u00e3o com a m\u00e9dia de dez anos.<\/p>\n\n\n\n<p>A Chesapeake, uma das maiores produtoras do pa\u00eds, disse na semana passada que cortaria seus gastos para 2024 em 20% em rela\u00e7\u00e3o aos planos anteriores e reduziria a produ\u00e7\u00e3o em cerca de 20% em compara\u00e7\u00e3o com o ano passado. <\/p>\n\n\n\n<p>A empresa de Oklahoma City contou que perfuraria, mas n\u00e3o completaria po\u00e7os pelo restante do ano, deixando o g\u00e1s no solo at\u00e9 que os pre\u00e7os subissem. <\/p>\n\n\n\n<p>Analistas e executivos esperam que isso aconte\u00e7a no final deste ano e em 2025, quando a pr\u00f3xima onda de novos terminais de exporta\u00e7\u00e3o come\u00e7a a enviar <strong>g\u00e1s natural<\/strong> liquefeito, ou <a href=\"https:\/\/www.suno.com.br\/noticias\/petrobras-petr4-contrato-arredamento-tr-ba\/\">GNL<\/a>.<\/p>\n\n\n\n<p>Com informa\u00e7\u00f5es do Estad\u00e3o Conte\u00fado e da <a class=\"suno-keyword\" target=\"_blank\" data-force=\"no\" data-priority=\"2\" href=\"https:\/\/www.suno.com.br\/artigos\/indice-dow-jones-djia\/\" rel=\"noopener\">Dow Jones<\/a> Newswires<\/p>\n\n\n\t<p>\n\t\t<a href=\"https:\/\/lp.suno.com.br\/planilha-da-vida-financeira\/\" target=\"_blank\" data-element=\"shortcode-suno-banner\" title=\"Banner SUNO, clique e saiba mais\">\n\t\t\t<picture>\n\t\t\t\t<source media=\"(max-width: 500px)\" srcset=\"https:\/\/files.sunoresearch.com.br\/n\/uploads\/2023\/04\/400x300-Planilha-vida-financeira-true.png\">\n\t\t\t\t<img class=\"newsContent__article__imgCapa newsContent__article__imgCapa--banner\"\n\t\t\t\t\tsrc=\"https:\/\/files.sunoresearch.com.br\/n\/uploads\/2023\/04\/1420x240-Planilha-vida-financeira-true.png\"\n\t\t\t\t\tdata-promo-id=\"383123\"\t\t\t\t\t\t\t\t\t\twidth='1420' height='240'\t\t\t\t\talt=\"https:\/\/files.sunoresearch.com.br\/n\/uploads\/2023\/04\/1420x240-Planilha-vida-financeira-true.png\"\n\t\t\t\t>\n\t\t\t<\/picture>\n\t\t<\/a>\n\t<\/p>\n\n\n","protected":false},"excerpt":{"rendered":"<p>Ajustados pela infla\u00e7\u00e3o, os futuros de g\u00e1s natural recentemente atingiram os pre\u00e7os mais baixos desde o in\u00edcio das negocia\u00e7\u00f5es na Bolsa de Nova York em 1990. A produ\u00e7\u00e3o expressiva de g\u00e1s natural dos Estados Unidos e o inverno mais quente pressionam as cota\u00e7\u00f5es, o que tende a ser bom para consumidores americanos e empresas que [&hellip;]<\/p>\n","protected":false},"author":73,"featured_media":526472,"comment_status":"closed","ping_status":"closed","sticky":false,"template":"","format":"standard","meta":[],"categories":[63],"tags":[106444,1467],"suno_strategy":[],"class_list":["post-526466","post","type-post","status-publish","format-standard","has-post-thumbnail","hentry","category-internacional","tag-agencias","tag-gas-natural"],"yoast_head":"<!-- This site is optimized with the Yoast SEO plugin v24.4 - https:\/\/yoast.com\/wordpress\/plugins\/seo\/ -->\n<title>Pre\u00e7o do g\u00e1s natural chega a n\u00edveis mais baixos desde 1990<\/title>\n<meta name=\"description\" content=\"Os futuros de g\u00e1s natural para entrega em mar\u00e7o encerraram a semana passada a US$ 1,603 por milh\u00e3o de unidades t\u00e9rmicas, queda de 35%\" \/>\n<meta name=\"robots\" content=\"index, follow, max-snippet:-1, max-image-preview:large, max-video-preview:-1\" \/>\n<link rel=\"canonical\" href=\"https:\/\/www.suno.com.br\/noticias\/gas-natural-niveis-mais-baixos-preco-evm\/\" \/>\n<meta property=\"og:locale\" content=\"pt_BR\" \/>\n<meta property=\"og:type\" content=\"article\" \/>\n<meta property=\"og:title\" content=\"Pre\u00e7o do g\u00e1s natural chega a n\u00edveis mais baixos desde 1990\" \/>\n<meta property=\"og:description\" content=\"Os futuros de g\u00e1s natural para entrega em mar\u00e7o encerraram a semana passada a US$ 1,603 por milh\u00e3o de unidades t\u00e9rmicas, queda de 35%\" \/>\n<meta property=\"og:url\" content=\"https:\/\/www.suno.com.br\/noticias\/gas-natural-niveis-mais-baixos-preco-evm\/\" \/>\n<meta property=\"og:site_name\" content=\"Suno Not\u00edcias\" \/>\n<meta property=\"article:publisher\" content=\"https:\/\/facebook.com\/sunoresearch\" \/>\n<meta property=\"og:image\" content=\"https:\/\/files.sunoresearch.com.br\/n\/uploads\/2024\/02\/gas-natural.jpg\" \/>\n\t<meta property=\"og:image:width\" content=\"1920\" \/>\n\t<meta property=\"og:image:height\" content=\"1440\" \/>\n\t<meta property=\"og:image:type\" content=\"image\/jpeg\" \/>\n<meta name=\"author\" content=\"Eduardo Vargas\" \/>\n<meta name=\"twitter:card\" content=\"summary_large_image\" \/>\n<meta name=\"twitter:creator\" content=\"@sunoresearch\" \/>\n<meta name=\"twitter:site\" content=\"@sunoresearch\" \/>\n<meta name=\"twitter:label1\" content=\"Escrito por\" \/>\n\t<meta name=\"twitter:data1\" content=\"Eduardo Vargas\" \/>\n\t<meta name=\"twitter:label2\" content=\"Est. tempo de leitura\" \/>\n\t<meta name=\"twitter:data2\" content=\"4 minutos\" \/>\n<script type=\"application\/ld+json\" class=\"yoast-schema-graph\">{\"@context\":\"https:\/\/schema.org\",\"@graph\":[{\"@type\":\"NewsArticle\",\"@id\":\"https:\/\/www.suno.com.br\/noticias\/gas-natural-niveis-mais-baixos-preco-evm\/#article\",\"isPartOf\":{\"@id\":\"https:\/\/www.suno.com.br\/noticias\/gas-natural-niveis-mais-baixos-preco-evm\/\"},\"author\":{\"name\":\"Eduardo Vargas\",\"@id\":\"https:\/\/www.suno.com.br\/noticias\/#\/schema\/person\/7f4d362bf3518e76090143ae77bb49a5\"},\"headline\":\"Pre\u00e7o do g\u00e1s natural chega a n\u00edveis mais baixos desde 1990; entenda\",\"datePublished\":\"2024-02-25T18:34:37+00:00\",\"dateModified\":\"2024-02-25T18:34:43+00:00\",\"mainEntityOfPage\":{\"@id\":\"https:\/\/www.suno.com.br\/noticias\/gas-natural-niveis-mais-baixos-preco-evm\/\"},\"wordCount\":644,\"publisher\":{\"@id\":\"https:\/\/www.suno.com.br\/noticias\/#organization\"},\"image\":{\"@id\":\"https:\/\/www.suno.com.br\/noticias\/gas-natural-niveis-mais-baixos-preco-evm\/#primaryimage\"},\"thumbnailUrl\":\"https:\/\/files.sunoresearch.com.br\/n\/uploads\/2024\/02\/gas-natural.jpg\",\"keywords\":[\"Ag\u00eancias\",\"g\u00e1s natural\"],\"articleSection\":[\"Internacional\"],\"inLanguage\":\"pt-BR\"},{\"@type\":\"WebPage\",\"@id\":\"https:\/\/www.suno.com.br\/noticias\/gas-natural-niveis-mais-baixos-preco-evm\/\",\"url\":\"https:\/\/www.suno.com.br\/noticias\/gas-natural-niveis-mais-baixos-preco-evm\/\",\"name\":\"Pre\u00e7o do g\u00e1s natural chega a n\u00edveis mais baixos desde 1990\",\"isPartOf\":{\"@id\":\"https:\/\/www.suno.com.br\/noticias\/#website\"},\"primaryImageOfPage\":{\"@id\":\"https:\/\/www.suno.com.br\/noticias\/gas-natural-niveis-mais-baixos-preco-evm\/#primaryimage\"},\"image\":{\"@id\":\"https:\/\/www.suno.com.br\/noticias\/gas-natural-niveis-mais-baixos-preco-evm\/#primaryimage\"},\"thumbnailUrl\":\"https:\/\/files.sunoresearch.com.br\/n\/uploads\/2024\/02\/gas-natural.jpg\",\"datePublished\":\"2024-02-25T18:34:37+00:00\",\"dateModified\":\"2024-02-25T18:34:43+00:00\",\"description\":\"Os futuros de g\u00e1s natural para entrega em mar\u00e7o encerraram a semana passada a US$ 1,603 por milh\u00e3o de unidades t\u00e9rmicas, queda de 35%\",\"breadcrumb\":{\"@id\":\"https:\/\/www.suno.com.br\/noticias\/gas-natural-niveis-mais-baixos-preco-evm\/#breadcrumb\"},\"inLanguage\":\"pt-BR\",\"potentialAction\":[{\"@type\":\"ReadAction\",\"target\":[\"https:\/\/www.suno.com.br\/noticias\/gas-natural-niveis-mais-baixos-preco-evm\/\"]}]},{\"@type\":\"ImageObject\",\"inLanguage\":\"pt-BR\",\"@id\":\"https:\/\/www.suno.com.br\/noticias\/gas-natural-niveis-mais-baixos-preco-evm\/#primaryimage\",\"url\":\"https:\/\/files.sunoresearch.com.br\/n\/uploads\/2024\/02\/gas-natural.jpg\",\"contentUrl\":\"https:\/\/files.sunoresearch.com.br\/n\/uploads\/2024\/02\/gas-natural.jpg\",\"width\":1920,\"height\":1440,\"caption\":\"Cade Aprova Opera\u00e7\u00e3o de R$ 1,1 Bi entre Ultragaz e Supergasbras. - Foto: Pixabay\"},{\"@type\":\"BreadcrumbList\",\"@id\":\"https:\/\/www.suno.com.br\/noticias\/gas-natural-niveis-mais-baixos-preco-evm\/#breadcrumb\",\"itemListElement\":[{\"@type\":\"ListItem\",\"position\":1,\"name\":\"Not\u00edcias\",\"item\":\"https:\/\/www.suno.com.br\/noticias\/\"},{\"@type\":\"ListItem\",\"position\":2,\"name\":\"Internacional\",\"item\":\"https:\/\/www.suno.com.br\/noticias\/internacional\/\"},{\"@type\":\"ListItem\",\"position\":3,\"name\":\"Pre\u00e7o do g\u00e1s natural chega a n\u00edveis mais baixos desde 1990; entenda\"}]},{\"@type\":\"WebSite\",\"@id\":\"https:\/\/www.suno.com.br\/noticias\/#website\",\"url\":\"https:\/\/www.suno.com.br\/noticias\/\",\"name\":\"Suno Not\u00edcias\",\"description\":\"Seu portal de informa\u00e7\u00e3o sobre o mundo dos investimentos\",\"publisher\":{\"@id\":\"https:\/\/www.suno.com.br\/noticias\/#organization\"},\"potentialAction\":[{\"@type\":\"SearchAction\",\"target\":{\"@type\":\"EntryPoint\",\"urlTemplate\":\"https:\/\/www.suno.com.br\/noticias\/?s={search_term_string}\"},\"query-input\":{\"@type\":\"PropertyValueSpecification\",\"valueRequired\":true,\"valueName\":\"search_term_string\"}}],\"inLanguage\":\"pt-BR\"},{\"@type\":\"Organization\",\"@id\":\"https:\/\/www.suno.com.br\/noticias\/#organization\",\"name\":\"Suno Not\u00edcias\",\"url\":\"https:\/\/www.suno.com.br\/noticias\/\",\"logo\":{\"@type\":\"ImageObject\",\"inLanguage\":\"pt-BR\",\"@id\":\"https:\/\/www.suno.com.br\/noticias\/#\/schema\/logo\/image\/\",\"url\":\"https:\/\/files.sunoresearch.com.br\/n\/uploads\/2021\/09\/suno-logo.png\",\"contentUrl\":\"https:\/\/files.sunoresearch.com.br\/n\/uploads\/2021\/09\/suno-logo.png\",\"width\":180,\"height\":180,\"caption\":\"Suno Not\u00edcias\"},\"image\":{\"@id\":\"https:\/\/www.suno.com.br\/noticias\/#\/schema\/logo\/image\/\"},\"sameAs\":[\"https:\/\/facebook.com\/sunoresearch\",\"https:\/\/x.com\/sunoresearch\",\"https:\/\/www.instagram.com\/suno\",\"https:\/\/www.linkedin.com\/company\/suno-research\/\",\"https:\/\/www.youtube.com\/c\/sunoresearch\"]},{\"@type\":\"Person\",\"@id\":\"https:\/\/www.suno.com.br\/noticias\/#\/schema\/person\/7f4d362bf3518e76090143ae77bb49a5\",\"name\":\"Eduardo Vargas\",\"image\":{\"@type\":\"ImageObject\",\"inLanguage\":\"pt-BR\",\"@id\":\"https:\/\/www.suno.com.br\/noticias\/#\/schema\/person\/image\/\",\"url\":\"https:\/\/secure.gravatar.com\/avatar\/dac340933427a22924c9f99d1eb2e3f2?s=96&r=g\",\"contentUrl\":\"https:\/\/secure.gravatar.com\/avatar\/dac340933427a22924c9f99d1eb2e3f2?s=96&r=g\",\"caption\":\"Eduardo Vargas\"},\"description\":\"Jornalista formado pela UFSC, cobre macroeconomia, neg\u00f3cios e startups para o Suno Not\u00edcias, escrevendo principalmente not\u00edcias sobre o mercado financeiro e a bolsa de valores. No YouTube e no Instagram, \u00e9 respons\u00e1vel pela produ\u00e7\u00e3o de Reels e Shorts do Suno Not\u00edcias. Anteriormente, trabalhou cobrindo economia e cotidiano no ND+ e para o ND, maior jornal impresso de Santa Catarina. Cursou um semestre letivo de Estudos de M\u00eddia na Universidad de Buenos Aires.\",\"url\":\"https:\/\/www.suno.com.br\/noticias\/author\/eduardo-vargas\/\"}]}<\/script>\n<!-- \/ Yoast SEO plugin. -->","yoast_head_json":{"title":"Pre\u00e7o do g\u00e1s natural chega a n\u00edveis mais baixos desde 1990","description":"Os futuros de g\u00e1s natural para entrega em mar\u00e7o encerraram a semana passada a US$ 1,603 por milh\u00e3o de unidades t\u00e9rmicas, queda de 35%","robots":{"index":"index","follow":"follow","max-snippet":"max-snippet:-1","max-image-preview":"max-image-preview:large","max-video-preview":"max-video-preview:-1"},"canonical":"https:\/\/www.suno.com.br\/noticias\/gas-natural-niveis-mais-baixos-preco-evm\/","og_locale":"pt_BR","og_type":"article","og_title":"Pre\u00e7o do g\u00e1s natural chega a n\u00edveis mais baixos desde 1990","og_description":"Os futuros de g\u00e1s natural para entrega em mar\u00e7o encerraram a semana passada a US$ 1,603 por milh\u00e3o de unidades t\u00e9rmicas, queda de 35%","og_url":"https:\/\/www.suno.com.br\/noticias\/gas-natural-niveis-mais-baixos-preco-evm\/","og_site_name":"Suno Not\u00edcias","article_publisher":"https:\/\/facebook.com\/sunoresearch","og_image":[{"width":1920,"height":1440,"url":"https:\/\/files.sunoresearch.com.br\/n\/uploads\/2024\/02\/gas-natural.jpg","type":"image\/jpeg"}],"author":"Eduardo Vargas","twitter_card":"summary_large_image","twitter_creator":"@sunoresearch","twitter_site":"@sunoresearch","twitter_misc":{"Escrito por":"Eduardo Vargas","Est. tempo de leitura":"4 minutos"},"schema":{"@context":"https:\/\/schema.org","@graph":[{"@type":"NewsArticle","@id":"https:\/\/www.suno.com.br\/noticias\/gas-natural-niveis-mais-baixos-preco-evm\/#article","isPartOf":{"@id":"https:\/\/www.suno.com.br\/noticias\/gas-natural-niveis-mais-baixos-preco-evm\/"},"author":{"name":"Eduardo Vargas","@id":"https:\/\/www.suno.com.br\/noticias\/#\/schema\/person\/7f4d362bf3518e76090143ae77bb49a5"},"headline":"Pre\u00e7o do g\u00e1s natural chega a n\u00edveis mais baixos desde 1990; entenda","datePublished":"2024-02-25T18:34:37+00:00","dateModified":"2024-02-25T18:34:43+00:00","mainEntityOfPage":{"@id":"https:\/\/www.suno.com.br\/noticias\/gas-natural-niveis-mais-baixos-preco-evm\/"},"wordCount":644,"publisher":{"@id":"https:\/\/www.suno.com.br\/noticias\/#organization"},"image":{"@id":"https:\/\/www.suno.com.br\/noticias\/gas-natural-niveis-mais-baixos-preco-evm\/#primaryimage"},"thumbnailUrl":"https:\/\/files.sunoresearch.com.br\/n\/uploads\/2024\/02\/gas-natural.jpg","keywords":["Ag\u00eancias","g\u00e1s natural"],"articleSection":["Internacional"],"inLanguage":"pt-BR"},{"@type":"WebPage","@id":"https:\/\/www.suno.com.br\/noticias\/gas-natural-niveis-mais-baixos-preco-evm\/","url":"https:\/\/www.suno.com.br\/noticias\/gas-natural-niveis-mais-baixos-preco-evm\/","name":"Pre\u00e7o do g\u00e1s natural chega a n\u00edveis mais baixos desde 1990","isPartOf":{"@id":"https:\/\/www.suno.com.br\/noticias\/#website"},"primaryImageOfPage":{"@id":"https:\/\/www.suno.com.br\/noticias\/gas-natural-niveis-mais-baixos-preco-evm\/#primaryimage"},"image":{"@id":"https:\/\/www.suno.com.br\/noticias\/gas-natural-niveis-mais-baixos-preco-evm\/#primaryimage"},"thumbnailUrl":"https:\/\/files.sunoresearch.com.br\/n\/uploads\/2024\/02\/gas-natural.jpg","datePublished":"2024-02-25T18:34:37+00:00","dateModified":"2024-02-25T18:34:43+00:00","description":"Os futuros de g\u00e1s natural para entrega em mar\u00e7o encerraram a semana passada a US$ 1,603 por milh\u00e3o de unidades t\u00e9rmicas, queda de 35%","breadcrumb":{"@id":"https:\/\/www.suno.com.br\/noticias\/gas-natural-niveis-mais-baixos-preco-evm\/#breadcrumb"},"inLanguage":"pt-BR","potentialAction":[{"@type":"ReadAction","target":["https:\/\/www.suno.com.br\/noticias\/gas-natural-niveis-mais-baixos-preco-evm\/"]}]},{"@type":"ImageObject","inLanguage":"pt-BR","@id":"https:\/\/www.suno.com.br\/noticias\/gas-natural-niveis-mais-baixos-preco-evm\/#primaryimage","url":"https:\/\/files.sunoresearch.com.br\/n\/uploads\/2024\/02\/gas-natural.jpg","contentUrl":"https:\/\/files.sunoresearch.com.br\/n\/uploads\/2024\/02\/gas-natural.jpg","width":1920,"height":1440,"caption":"Cade Aprova Opera\u00e7\u00e3o de R$ 1,1 Bi entre Ultragaz e Supergasbras. - Foto: Pixabay"},{"@type":"BreadcrumbList","@id":"https:\/\/www.suno.com.br\/noticias\/gas-natural-niveis-mais-baixos-preco-evm\/#breadcrumb","itemListElement":[{"@type":"ListItem","position":1,"name":"Not\u00edcias","item":"https:\/\/www.suno.com.br\/noticias\/"},{"@type":"ListItem","position":2,"name":"Internacional","item":"https:\/\/www.suno.com.br\/noticias\/internacional\/"},{"@type":"ListItem","position":3,"name":"Pre\u00e7o do g\u00e1s natural chega a n\u00edveis mais baixos desde 1990; entenda"}]},{"@type":"WebSite","@id":"https:\/\/www.suno.com.br\/noticias\/#website","url":"https:\/\/www.suno.com.br\/noticias\/","name":"Suno Not\u00edcias","description":"Seu portal de informa\u00e7\u00e3o sobre o mundo dos investimentos","publisher":{"@id":"https:\/\/www.suno.com.br\/noticias\/#organization"},"potentialAction":[{"@type":"SearchAction","target":{"@type":"EntryPoint","urlTemplate":"https:\/\/www.suno.com.br\/noticias\/?s={search_term_string}"},"query-input":{"@type":"PropertyValueSpecification","valueRequired":true,"valueName":"search_term_string"}}],"inLanguage":"pt-BR"},{"@type":"Organization","@id":"https:\/\/www.suno.com.br\/noticias\/#organization","name":"Suno Not\u00edcias","url":"https:\/\/www.suno.com.br\/noticias\/","logo":{"@type":"ImageObject","inLanguage":"pt-BR","@id":"https:\/\/www.suno.com.br\/noticias\/#\/schema\/logo\/image\/","url":"https:\/\/files.sunoresearch.com.br\/n\/uploads\/2021\/09\/suno-logo.png","contentUrl":"https:\/\/files.sunoresearch.com.br\/n\/uploads\/2021\/09\/suno-logo.png","width":180,"height":180,"caption":"Suno Not\u00edcias"},"image":{"@id":"https:\/\/www.suno.com.br\/noticias\/#\/schema\/logo\/image\/"},"sameAs":["https:\/\/facebook.com\/sunoresearch","https:\/\/x.com\/sunoresearch","https:\/\/www.instagram.com\/suno","https:\/\/www.linkedin.com\/company\/suno-research\/","https:\/\/www.youtube.com\/c\/sunoresearch"]},{"@type":"Person","@id":"https:\/\/www.suno.com.br\/noticias\/#\/schema\/person\/7f4d362bf3518e76090143ae77bb49a5","name":"Eduardo Vargas","image":{"@type":"ImageObject","inLanguage":"pt-BR","@id":"https:\/\/www.suno.com.br\/noticias\/#\/schema\/person\/image\/","url":"https:\/\/secure.gravatar.com\/avatar\/dac340933427a22924c9f99d1eb2e3f2?s=96&r=g","contentUrl":"https:\/\/secure.gravatar.com\/avatar\/dac340933427a22924c9f99d1eb2e3f2?s=96&r=g","caption":"Eduardo Vargas"},"description":"Jornalista formado pela UFSC, cobre macroeconomia, neg\u00f3cios e startups para o Suno Not\u00edcias, escrevendo principalmente not\u00edcias sobre o mercado financeiro e a bolsa de valores. No YouTube e no Instagram, \u00e9 respons\u00e1vel pela produ\u00e7\u00e3o de Reels e Shorts do Suno Not\u00edcias. Anteriormente, trabalhou cobrindo economia e cotidiano no ND+ e para o ND, maior jornal impresso de Santa Catarina. Cursou um semestre letivo de Estudos de M\u00eddia na Universidad de Buenos Aires.","url":"https:\/\/www.suno.com.br\/noticias\/author\/eduardo-vargas\/"}]}},"default_loop_html":"<div class=\"cardsPage__listCard__boxs\"><div class=\"cardsPage__listCard__boxs__img\"><a href=\"https:\/\/www.suno.com.br\/noticias\/gas-natural-niveis-mais-baixos-preco-evm\/\"><img class=\"mask\" src=\"https:\/\/www.suno.com.br\/noticias\/wp-content\/themes\/suno\/resources\/images\/spotlight\/spotlight1img\/bg-mask.png\" alt=\"Image Mask\"\/><img src=\"https:\/\/files.sunoresearch.com.br\/n\/uploads\/2024\/02\/gas-natural-400x200.jpg\" alt=\"Pre\u00e7o do g\u00e1s natural chega a n\u00edveis mais baixos desde 1990; entenda\"\/><\/a><span class=\"spotlightCategory\"><a href=\"https:\/\/www.suno.com.br\/noticias\/internacional\/\">Internacional<\/a><\/span><\/div><div class=\"cardsPage__listCard__boxs__content\"><a href=\"https:\/\/www.suno.com.br\/noticias\/gas-natural-niveis-mais-baixos-preco-evm\/\"><h2 class=\"content__title\">Pre\u00e7o do g\u00e1s natural chega a n\u00edveis mais baixos desde 1990; entenda<\/h2><\/a><div class=\"newsContent__article__meta\"><div class=\"newsContent__article__meta__authorBox\"><a href=\"https:\/\/www.suno.com.br\/noticias\/author\/vini08correiagmail-com\/\" class=\"authorBox__avatar noMobi\"><img src=\"https:\/\/files.sunoresearch.com.br\/n\/uploads\/2026\/04\/WhatsApp-Image-2026-04-20-at-19.35.48-150x150.webp\" alt=\"Vin\u00edcius Alves\"><\/a><div class=\"authorBox__name\"><span>por\n\t\t\t<a href=\"https:\/\/www.suno.com.br\/noticias\/author\/vini08correiagmail-com\/\"><span itemprop=\"author\">Vin\u00edcius Alves<\/span><\/a><\/span><time datetime=\"2024-02-25T15:34:37-03:00\" itemprop=\"datePublished\">25\/02\/2024 15:34<\/time><\/div><\/div><\/div><\/div><\/div>","single_layout":"posts","amp_enabled":true,"_links":{"self":[{"href":"https:\/\/www.suno.com.br\/noticias\/wp-json\/wp\/v2\/posts\/526466"}],"collection":[{"href":"https:\/\/www.suno.com.br\/noticias\/wp-json\/wp\/v2\/posts"}],"about":[{"href":"https:\/\/www.suno.com.br\/noticias\/wp-json\/wp\/v2\/types\/post"}],"author":[{"embeddable":true,"href":"https:\/\/www.suno.com.br\/noticias\/wp-json\/wp\/v2\/users\/73"}],"replies":[{"embeddable":true,"href":"https:\/\/www.suno.com.br\/noticias\/wp-json\/wp\/v2\/comments?post=526466"}],"version-history":[{"count":3,"href":"https:\/\/www.suno.com.br\/noticias\/wp-json\/wp\/v2\/posts\/526466\/revisions"}],"predecessor-version":[{"id":526476,"href":"https:\/\/www.suno.com.br\/noticias\/wp-json\/wp\/v2\/posts\/526466\/revisions\/526476"}],"wp:featuredmedia":[{"embeddable":true,"href":"https:\/\/www.suno.com.br\/noticias\/wp-json\/wp\/v2\/media\/526472"}],"wp:attachment":[{"href":"https:\/\/www.suno.com.br\/noticias\/wp-json\/wp\/v2\/media?parent=526466"}],"wp:term":[{"taxonomy":"category","embeddable":true,"href":"https:\/\/www.suno.com.br\/noticias\/wp-json\/wp\/v2\/categories?post=526466"},{"taxonomy":"post_tag","embeddable":true,"href":"https:\/\/www.suno.com.br\/noticias\/wp-json\/wp\/v2\/tags?post=526466"},{"taxonomy":"suno_strategy","embeddable":true,"href":"https:\/\/www.suno.com.br\/noticias\/wp-json\/wp\/v2\/suno_strategy?post=526466"}],"curies":[{"name":"wp","href":"https:\/\/api.w.org\/{rel}","templated":true}]}}