{"id":526050,"date":"2024-02-23T11:10:07","date_gmt":"2024-02-23T14:10:07","guid":{"rendered":"https:\/\/www.suno.com.br\/noticias\/?p=526050"},"modified":"2024-02-23T11:10:16","modified_gmt":"2024-02-23T14:10:16","slug":"vale-vale3-provisionamentos-interferiram-numeros-gpj","status":"publish","type":"post","link":"https:\/\/www.suno.com.br\/noticias\/vale-vale3-provisionamentos-interferiram-numeros-gpj\/","title":{"rendered":"Vale (VALE3): provisionamentos interferiram nos n\u00fameros do 4T23, dizem analistas; a\u00e7\u00f5es sobem"},"content":{"rendered":"<p>Em relat\u00f3rio ap\u00f3s a divulga\u00e7\u00e3o dos resultados do quarto trimestre de 2023 pela <strong>Vale<\/strong> (<a href=\"https:\/\/statusinvest.com.br\/acoes\/vale3\">VALE3<\/a>), analistas pontuaram que os n\u00fameros operacionais da companhia vieram alinhados com as expectativas, por\u00e9m, com um <a href=\"https:\/\/www.suno.com.br\/artigos\/lucro-liquido\/\">lucro l\u00edquido<\/a> abaixo do esperado, devido a maiores provisionamentos para a Samarco relacionados ao acidente de Mariana (MG). As a\u00e7\u00f5es da mineradora sobem na manh\u00e3 desta sexta-feira no Ibovespa.<\/p>\t<div class=\"wrapper-featured-image\">\n\t\t<figure class=\"spotlightImg\">\n\n\t\t\t<picture>\n\t\t\t\t<source media=\"(max-width: 768px)\" srcset=\"https:\/\/files.sunoresearch.com.br\/n\/uploads\/2023\/02\/vale-vale3-400x200.jpg\">\n\t\t\t\t<img loading=\"lazy\" decoding=\"async\" class=\"newsContent__article__imgCapa lazyloadDisabled \" src=\"https:\/\/files.sunoresearch.com.br\/n\/uploads\/2023\/02\/vale-vale3-800x450.jpg\" width=\"800\" height=\"450\" alt=\"Vale (VALE3): provisionamentos interferiram nos n\u00fameros do 4T23, dizem analistas; a\u00e7\u00f5es sobem\" fetchpriority=high \/>\n\t\t\t<\/picture>\n\n\t\t\t<figcaption class=\"wp-caption-text wp-caption-text--show\">Vale (VALE3). Foto: Divulga\u00e7\u00e3o.<\/figcaption>\n\t\t<\/figure>\n\t<\/div>\n\n\n\n\n\n\n\n\t<p>\n\t\t<a href=\"\" target=\"_blank\" data-element=\"shortcode-suno-banner\" title=\"Banner SUNO, clique e saiba mais\">\n\t\t\t<picture>\n\t\t\t\t<source media=\"(max-width: 500px)\" srcset=\"\">\n\t\t\t\t<img class=\"newsContent__article__imgCapa newsContent__article__imgCapa--banner\"\n\t\t\t\t\tsrc=\"\"\n\t\t\t\t\tdata-promo-id=\"250706\"\t\t\t\t\t\t\t\t\t\t\t\t\t\t\talt=\"\"\n\t\t\t\t>\n\t\t\t<\/picture>\n\t\t<\/a>\n\t<\/p>\n\n\n\n\n\n<p>Perto das 10h40, as <strong>a\u00e7\u00f5es ordin\u00e1rias de Vale<\/strong> subiam 1,56%, cotadas a R$ 68,27, segundo o Status Invest.<\/p>\n\n\n\n<div class=\"pluginQuotation\">\n  <p class=\"ticker\">\n    Cota\u00e7\u00e3o <span>VALE3<\/span>\n  <\/p>\n  <div class=\"info\">\n    <div class=\"leftSide\">\n      Gr\u00e1fico gerado em: 23\/02\/2024    <\/div>\n\t\t\t\t\t<div class=\"rightSide\">\n\t\t\t\t\t<span class=\"period\">\n\t\t\t\t\t\t5 Dias\t\t\t\t\t<\/span>\n\t\t\t<\/div>\n\t\t  <\/div>\n\n  <div id=\"chart-8274bf4add1e2d7641c345e70b824ad0\" data-block-hash=\"8274bf4add1e2d7641c345e70b824ad0\"  class=\"chart\" style=\"width:100%;height:400px;\"><\/div>\n\n  <div class=\"pluginQuotation__footer\">\n    <div class=\"dataChart\">\n\n      <div class=\"dataChart__div1 variation\">\n        <div class=\"value-positive\">\n          1,67 (+1,12%)        <\/div>\n        <div class=\"text\">\n          Varia\u00e7\u00e3o do per\u00edodo\n        <\/div>\n      <\/div>\n\n      <div class=\"dataChart__div2 minMax\">\n        <div class=\"value\">\n          R$\u00a065,32        <\/div>\n        <div class=\"text\">\n          M\u00ednima\n        <\/div>\n      <\/div>\n\n      <div class=\"dataChart__div3 minMax\">\n        <div class=\"value\">\n          R$\u00a068,27        <\/div>\n        <div class=\"text\">\n          M\u00e1xima\n        <\/div>\n      <\/div>\n\n\t\t\t<div class=\"dataChart__div4 rightSide\">\n\t\t\t\t<div class=\"analiticaSource\">\n\t\t\t\t\t<span>\n\t\t\t\t\t\tFonte:\n\t\t\t\t\t<\/span>\n\t\t\t\t\t<img decoding=\"async\" class=\"analiticaLogo\" src=\"https:\/\/www.suno.com.br\/noticias\/wp-content\/plugins\/suno-block-ticker-quotation\/src\/suno-analitica-logo.png\" alt=\"Logo Suno Anal\u00edtica\" \/>\n\t\t\t\t<\/div>\n\n\t\t\t\t<a href=\"https:\/\/www.suno.com.br\/analitica\/acoes\/VALE3\" target=\"_blank\">\n\t\t\t\t\t<span>\n\t\t\t\t\t\tVer mais cota\u00e7\u00f5es\n\t\t\t\t\t<\/span>\n\t\t\t\t\t<svg xmlns=\"http:\/\/www.w3.org\/2000\/svg\" width=\"9\" height=\"8\" viewBox=\"0 0 9 8\" fill=\"none\">\n\t\t\t\t\t\t<path d=\"M4.20996 0L3.50496 0.705L6.29496 3.5H0.209961V4.5H6.29496L3.50496 7.295L4.20996 8L8.20996 4L4.20996 0Z\" fill=\"#D42126\" \/>\n\t\t\t\t\t<\/svg>\n\t\t\t\t<\/a>\n    <\/div>\n\n    <\/div>\n  <\/div>\n<\/div>\n\n\n<script type=\"text\/javascript\">\n  let chart_8274bf4add1e2d7641c345e70b824ad0 = document.getElementById('chart-8274bf4add1e2d7641c345e70b824ad0');\n  let data_json_8274bf4add1e2d7641c345e70b824ad0 = \"[{\\\"date\\\":\\\"19\\\\\\\/02\\\\\\\/24 12:50\\\",\\\"value\\\":67.15},{\\\"date\\\":\\\"19\\\\\\\/02\\\\\\\/24 13:00\\\",\\\"value\\\":67.14},{\\\"date\\\":\\\"19\\\\\\\/02\\\\\\\/24 13:10\\\",\\\"value\\\":67.22},{\\\"date\\\":\\\"19\\\\\\\/02\\\\\\\/24 13:20\\\",\\\"value\\\":67.17},{\\\"date\\\":\\\"19\\\\\\\/02\\\\\\\/24 13:30\\\",\\\"value\\\":67.18},{\\\"date\\\":\\\"19\\\\\\\/02\\\\\\\/24 13:50\\\",\\\"value\\\":67.21},{\\\"date\\\":\\\"19\\\\\\\/02\\\\\\\/24 14:00\\\",\\\"value\\\":67.17},{\\\"date\\\":\\\"19\\\\\\\/02\\\\\\\/24 14:10\\\",\\\"value\\\":67.18},{\\\"date\\\":\\\"19\\\\\\\/02\\\\\\\/24 14:20\\\",\\\"value\\\":67.16},{\\\"date\\\":\\\"19\\\\\\\/02\\\\\\\/24 14:30\\\",\\\"value\\\":67.24},{\\\"date\\\":\\\"19\\\\\\\/02\\\\\\\/24 15:00\\\",\\\"value\\\":67.45},{\\\"date\\\":\\\"19\\\\\\\/02\\\\\\\/24 15:10\\\",\\\"value\\\":67.36},{\\\"date\\\":\\\"19\\\\\\\/02\\\\\\\/24 15:20\\\",\\\"value\\\":67.31},{\\\"date\\\":\\\"19\\\\\\\/02\\\\\\\/24 15:30\\\",\\\"value\\\":67.29},{\\\"date\\\":\\\"19\\\\\\\/02\\\\\\\/24 15:40\\\",\\\"value\\\":67.31},{\\\"date\\\":\\\"20\\\\\\\/02\\\\\\\/24 12:40\\\",\\\"value\\\":65.32},{\\\"date\\\":\\\"20\\\\\\\/02\\\\\\\/24 12:50\\\",\\\"value\\\":65.39},{\\\"date\\\":\\\"20\\\\\\\/02\\\\\\\/24 13:00\\\",\\\"value\\\":65.34},{\\\"date\\\":\\\"20\\\\\\\/02\\\\\\\/24 13:10\\\",\\\"value\\\":65.36},{\\\"date\\\":\\\"20\\\\\\\/02\\\\\\\/24 16:20\\\",\\\"value\\\":65.56},{\\\"date\\\":\\\"20\\\\\\\/02\\\\\\\/24 16:30\\\",\\\"value\\\":65.75},{\\\"date\\\":\\\"20\\\\\\\/02\\\\\\\/24 16:40\\\",\\\"value\\\":65.7},{\\\"date\\\":\\\"20\\\\\\\/02\\\\\\\/24 16:50\\\",\\\"value\\\":65.75},{\\\"date\\\":\\\"20\\\\\\\/02\\\\\\\/24 17:00\\\",\\\"value\\\":65.8},{\\\"date\\\":\\\"21\\\\\\\/02\\\\\\\/24 10:10\\\",\\\"value\\\":66.08},{\\\"date\\\":\\\"21\\\\\\\/02\\\\\\\/24 12:40\\\",\\\"value\\\":66.51},{\\\"date\\\":\\\"21\\\\\\\/02\\\\\\\/24 12:50\\\",\\\"value\\\":66.47},{\\\"date\\\":\\\"21\\\\\\\/02\\\\\\\/24 13:00\\\",\\\"value\\\":66.47},{\\\"date\\\":\\\"21\\\\\\\/02\\\\\\\/24 13:10\\\",\\\"value\\\":66.46},{\\\"date\\\":\\\"21\\\\\\\/02\\\\\\\/24 15:00\\\",\\\"value\\\":66.35},{\\\"date\\\":\\\"21\\\\\\\/02\\\\\\\/24 15:10\\\",\\\"value\\\":66.27},{\\\"date\\\":\\\"21\\\\\\\/02\\\\\\\/24 15:20\\\",\\\"value\\\":66.25},{\\\"date\\\":\\\"21\\\\\\\/02\\\\\\\/24 15:30\\\",\\\"value\\\":66.25},{\\\"date\\\":\\\"21\\\\\\\/02\\\\\\\/24 15:40\\\",\\\"value\\\":66.25},{\\\"date\\\":\\\"21\\\\\\\/02\\\\\\\/24 17:40\\\",\\\"value\\\":66.32},{\\\"date\\\":\\\"21\\\\\\\/02\\\\\\\/24 17:50\\\",\\\"value\\\":66.43},{\\\"date\\\":\\\"22\\\\\\\/02\\\\\\\/24 10:30\\\",\\\"value\\\":67.56},{\\\"date\\\":\\\"22\\\\\\\/02\\\\\\\/24 10:40\\\",\\\"value\\\":67.6},{\\\"date\\\":\\\"22\\\\\\\/02\\\\\\\/24 10:50\\\",\\\"value\\\":67.44},{\\\"date\\\":\\\"22\\\\\\\/02\\\\\\\/24 11:00\\\",\\\"value\\\":67.36},{\\\"date\\\":\\\"22\\\\\\\/02\\\\\\\/24 12:40\\\",\\\"value\\\":67.22},{\\\"date\\\":\\\"22\\\\\\\/02\\\\\\\/24 12:50\\\",\\\"value\\\":67.12},{\\\"date\\\":\\\"22\\\\\\\/02\\\\\\\/24 13:00\\\",\\\"value\\\":67.15},{\\\"date\\\":\\\"22\\\\\\\/02\\\\\\\/24 13:10\\\",\\\"value\\\":67.06},{\\\"date\\\":\\\"22\\\\\\\/02\\\\\\\/24 13:20\\\",\\\"value\\\":67.11},{\\\"date\\\":\\\"22\\\\\\\/02\\\\\\\/24 13:40\\\",\\\"value\\\":67.18},{\\\"date\\\":\\\"22\\\\\\\/02\\\\\\\/24 13:50\\\",\\\"value\\\":67.08},{\\\"date\\\":\\\"22\\\\\\\/02\\\\\\\/24 14:00\\\",\\\"value\\\":67},{\\\"date\\\":\\\"22\\\\\\\/02\\\\\\\/24 14:10\\\",\\\"value\\\":67},{\\\"date\\\":\\\"22\\\\\\\/02\\\\\\\/24 14:20\\\",\\\"value\\\":67.12},{\\\"date\\\":\\\"22\\\\\\\/02\\\\\\\/24 14:40\\\",\\\"value\\\":67.11},{\\\"date\\\":\\\"22\\\\\\\/02\\\\\\\/24 14:50\\\",\\\"value\\\":67.11},{\\\"date\\\":\\\"22\\\\\\\/02\\\\\\\/24 15:00\\\",\\\"value\\\":67.23},{\\\"date\\\":\\\"22\\\\\\\/02\\\\\\\/24 15:10\\\",\\\"value\\\":67.22},{\\\"date\\\":\\\"22\\\\\\\/02\\\\\\\/24 15:20\\\",\\\"value\\\":67.11},{\\\"date\\\":\\\"22\\\\\\\/02\\\\\\\/24 15:50\\\",\\\"value\\\":67.29},{\\\"date\\\":\\\"22\\\\\\\/02\\\\\\\/24 16:00\\\",\\\"value\\\":67.31},{\\\"date\\\":\\\"22\\\\\\\/02\\\\\\\/24 16:10\\\",\\\"value\\\":67.27},{\\\"date\\\":\\\"22\\\\\\\/02\\\\\\\/24 16:20\\\",\\\"value\\\":67.3},{\\\"date\\\":\\\"22\\\\\\\/02\\\\\\\/24 16:30\\\",\\\"value\\\":67.27},{\\\"date\\\":\\\"22\\\\\\\/02\\\\\\\/24 17:00\\\",\\\"value\\\":67.27},{\\\"date\\\":\\\"22\\\\\\\/02\\\\\\\/24 17:10\\\",\\\"value\\\":67.2},{\\\"date\\\":\\\"22\\\\\\\/02\\\\\\\/24 17:20\\\",\\\"value\\\":67.07},{\\\"date\\\":\\\"22\\\\\\\/02\\\\\\\/24 17:30\\\",\\\"value\\\":67.09},{\\\"date\\\":\\\"22\\\\\\\/02\\\\\\\/24 17:40\\\",\\\"value\\\":68.27}]\";\n  let isPositive_8274bf4add1e2d7641c345e70b824ad0 = true;\n\n  let color_8274bf4add1e2d7641c345e70b824ad0 = isPositive_8274bf4add1e2d7641c345e70b824ad0 ? '#3AB53A' : '#D92C2D';\n\n  let data_8274bf4add1e2d7641c345e70b824ad0 = JSON.parse(data_json_8274bf4add1e2d7641c345e70b824ad0);\n\n  const result_8274bf4add1e2d7641c345e70b824ad0 = {\n    date: [],\n    value: [],\n  };\n\n  data_8274bf4add1e2d7641c345e70b824ad0.forEach((item) => {\n    result_8274bf4add1e2d7641c345e70b824ad0.date.push(item.date);\n    result_8274bf4add1e2d7641c345e70b824ad0.value.push(Number(item.value));\n  });\n\n  let option_8274bf4add1e2d7641c345e70b824ad0 = {\n    \/\/ variavel de cor global\n    color: [color_8274bf4add1e2d7641c345e70b824ad0],\n    title: {\n      text: '',\n    },\n    tooltip: {\n      trigger: 'axis',\n      axisPointer: {\n        type: 'cross',\n        label: {\n          \/\/ cor dos valores em X e Y\n          backgroundColor: color_8274bf4add1e2d7641c345e70b824ad0,\n          formatter: (value) => {\n            if (typeof value.value === 'number') {\n              return Number(value.value).toLocaleString('pt-br', {\n                style: 'currency',\n                currency: 'BRL'\n              });\n            }\n            return value.value;\n          },\n        },\n      },\n      valueFormatter: (value) => Number(value).toLocaleString('pt-br', {\n        style: 'currency',\n        currency: 'BRL'\n      }),\n    },\n    legend: {\n      \/\/ data: ['Valor de Fechamento'],\n      show: false,\n    },\n    toolbox: {\n      feature: {\n        saveAsImage: {\n          show: false,\n        },\n      },\n    },\n    grid: {\n      left: '0px',\n      right: '0px',\n      bottom: '0px',\n      containLabel: true,\n    },\n    xAxis: [{\n      type: 'category',\n      data: result_8274bf4add1e2d7641c345e70b824ad0.date,\n      boundaryGap: true,\n    }],\n    yAxis: [{\n      type: 'value',\n      min: Math.min(...result_8274bf4add1e2d7641c345e70b824ad0.value),\n      max: Math.max(...result_8274bf4add1e2d7641c345e70b824ad0.value),\n      axisLabel: {\n        formatter: (value) => value.toLocaleString('pt-br', {\n          style: 'currency',\n          currency: 'BRL'\n        }),\n      },\n    }],\n    series: [{\n      name: 'Valor de Fechamento',\n      type: 'line',\n      stack: 'Total',\n      \/\/ cor do grafico\n      areaStyle: {},\n      emphasis: {\n        focus: 'series',\n      },\n      data: result_8274bf4add1e2d7641c345e70b824ad0.value,\n      \/\/ cor da linha\n      lineStyle: {\n        color: color_8274bf4add1e2d7641c345e70b824ad0,\n      },\n    }, ],\n  };\n\n\twindow.chart_8274bf4add1e2d7641c345e70b824ad0 = {\n\t\tel: chart_8274bf4add1e2d7641c345e70b824ad0,\n\t\toption: option_8274bf4add1e2d7641c345e70b824ad0\t};\n\n\n<\/script>\n\n\n\n<p>Em relat\u00f3rio, os analistas Igor Guedes, Lucas Bonventi e Rafael Chamadoira, da Genial Investimentos, destacam que a <strong>produ\u00e7\u00e3o do min\u00e9rio de ferro da Vale<\/strong> no per\u00edodo superou o guidance atual, indicando um crescimento exemplar, consolidando um 4T23 muito forte se considerar a sazonalidade, para um trimestre que j\u00e1 \u00e9 atingido por chuvas torrenciais \u00e0 medida que a temperatura come\u00e7a a esquentar no final do ano.<\/p>\n\n\n\n<p>&#8220;Enquanto reconhecemos os desafios enfrentados pela Vale, principalmente com os impactos do acidente de Mariana + press\u00f5es do governo (que podem ter ocasionado a revoga\u00e7\u00e3o das licen\u00e7as em metais b\u00e1sicos), continuamos otimistas quanto ao seu desempenho futuro e forte <a href=\"https:\/\/www.suno.com.br\/artigos\/geracao-de-caixa\/\">gera\u00e7\u00e3o de caixa<\/a>, especialmente dada sua capacidade de adapta\u00e7\u00e3o e resili\u00eancia e <a href=\"https:\/\/www.suno.com.br\/artigos\/capacidade-de-pagamento\/\">capacidade de pagamento<\/a> de <a href=\"https:\/\/www.suno.com.br\/guias\/dividendos\/\">dividendos<\/a>&#8220;, acrescentam.<\/p>\n\n\n\n<p>A Genial tem recomenda\u00e7\u00e3o de &#8216;compra&#8217; para as <strong>a\u00e7\u00f5es de Vale<\/strong>, com pre\u00e7o-alvo a R$ 67,22.<\/p>\n\n\n\t<div data-element=\"shortcode-read-more\" class=\"knowMore\">\n\t\t\t\t<span class=\"knowMore__title\">Leia mais<\/span>\n\t\t\t\t<a class=\"knowMore__link\" href=\"https:\/\/www.suno.com.br\/noticias\/vale-vale3-dividendos-fevereiro-2024-valor-acao-gss\/\">\n\t\t\tVale (VALE3) anuncia pagamento de dividendos; veja o valor por a\u00e7\u00e3o\t\t<\/a>\n\t<\/div>\n\n\n\n\n<h2 class=\"wp-block-heading\">XP mant\u00e9m vis\u00e3o positiva para a Vale ap\u00f3s balan\u00e7o; confira<\/h2>\n\n\n\n<p>J\u00e1 a <strong>XP<\/strong> (<a href=\"https:\/\/statusinvest.com.br\/bdrs\/xpbr31\">XPBR31<\/a>) acredita que os<strong> resultados do quarto trimestre da Vale<\/strong> mitigam parte dos riscos relacionados a custos que cercam a tese de investimento da mineradora, com espa\u00e7o para o balan\u00e7o melhorar assim que a transa\u00e7\u00e3o da <strong>Vale\u00a0Base Metals<\/strong> (<strong>VBM<\/strong>) for conclu\u00edda (possivelmente abrindo espa\u00e7o para posterior distribui\u00e7\u00e3o de dividendos).<\/p>\n\n\n\n<p>&#8220;Por fim, mantemos nossa vis\u00e3o positiva para a Vale, dadas as nossas expectativas de que os p<strong>re\u00e7os do min\u00e9rio de ferro <\/strong>permane\u00e7am em n\u00edveis elevados em 2024, resultando em um rendimento de dividendos atraente, e uma assimetria positiva em rela\u00e7\u00e3o aos pre\u00e7os do min\u00e9rio de ferro (vemos a Vale precificando um desconto de 25% em rela\u00e7\u00e3o aos pre\u00e7os spot do min\u00e9rio de ferro)&#8221;, ressaltam os analistas Lucas Laghi, Guilherme Nippes e Fernanda Urbano.<\/p>\n\n\n\n<h2 class=\"wp-block-heading\">Dividendos da Vale ficaram abaixo das expectativas do Goldman; veja an\u00e1lise<\/h2>\n\n\n\n<p>Em relat\u00f3rio, analistas M\u00e1rcio Farid, Gabriel Sim\u00f5es e Henrique Marques, do <strong>Goldman Sachs<\/strong> (<a href=\"https:\/\/statusinvest.com.br\/bdrs\/gsgi34\">GSGI34<\/a>), pontuaram que os<strong> dividendos anunciados pela Vale<\/strong> de US$ 2,4 bilh\u00f5es ficaram abaixo de suas expectativas de US$ 3 bilh\u00f5es, o que acredita ser parcialmente explicado por uma abordagem mais conservadora do conselho devido a provis\u00f5es adicionais relacionadas ao <strong>acidente da Samarco<\/strong>.<\/p>\n\n\n\n<p>&#8220;Em 2024, esperamos que a din\u00e2mica dos lucros surpreenda positivamente o mercado, uma vez que o Goldman espera um mercado de min\u00e9rio de ferro favor\u00e1vel, impulsionado pelas medidas de flexibiliza\u00e7\u00e3o da pol\u00edtica em curso, juntamente com exporta\u00e7\u00f5es resilientes na China e expectativas de um crescimento morno da oferta&#8221;, avalia a casa.<\/p>\n\n\n\n<p>O Goldman Sachs tem recomenda\u00e7\u00e3o de &#8216;compra&#8217; para as <strong>a\u00e7\u00f5es de Vale<\/strong>, com pre\u00e7o-alvo a R$ 18,50.<\/p>\n\n\n\t<p>\n\t\t<a href=\"https:\/\/lp.suno.com.br\/ebook-como-analisar-uma-acao\/\" target=\"_blank\" data-element=\"shortcode-suno-banner\" title=\"Banner SUNO, clique e saiba mais\">\n\t\t\t<picture>\n\t\t\t\t<source media=\"(max-width: 500px)\" srcset=\"https:\/\/files.sunoresearch.com.br\/n\/uploads\/2023\/03\/Ebook-Acoes-Mobile.jpg\">\n\t\t\t\t<img class=\"newsContent__article__imgCapa newsContent__article__imgCapa--banner\"\n\t\t\t\t\tsrc=\"https:\/\/files.sunoresearch.com.br\/n\/uploads\/2023\/03\/Ebook-Acoes-Desktop.jpg\"\n\t\t\t\t\tdata-promo-id=\"378302\"\t\t\t\t\t\t\t\t\t\twidth='1420' height='286'\t\t\t\t\talt=\"https:\/\/files.sunoresearch.com.br\/n\/uploads\/2023\/03\/Ebook-Acoes-Desktop.jpg\"\n\t\t\t\t>\n\t\t\t<\/picture>\n\t\t<\/a>\n\t<\/p>\n\n\n\n\n\n<h2 class=\"wp-block-heading\">Vale (VALE3) tem lucro 34,75% menor no 4T23, a US$ 2,442 bilh\u00f5es; veja os motivos<\/h2>\n\n\n\n<p>A&nbsp;<strong>Vale<\/strong>&nbsp;teve um&nbsp;<a href=\"https:\/\/www.suno.com.br\/artigos\/lucro-liquido\/\" target=\"_blank\" rel=\"noreferrer noopener\">lucro l\u00edquido<\/a>&nbsp;das opera\u00e7\u00f5es continuadas de US$ 2,442 bilh\u00f5es no quarto trimestre de 2023 (4T23), o que representa uma queda de 34,75% em rela\u00e7\u00e3o ao mesmo per\u00edodo do ano anterior (4T22), quando o resultado foi de US$ 3,743 bilh\u00f5es.<\/p>\n\n\n\n<p>O&nbsp;<strong>balan\u00e7o da Vale<\/strong>&nbsp;tamb\u00e9m traz um <a href=\"https:\/\/www.suno.com.br\/artigos\/lucro-liquido\/\">lucro l\u00edquido<\/a> das opera\u00e7\u00f5es continuadas atribu\u00eddo aos acionistas de US$ 2,418 bilh\u00f5es, equivalente a uma baixa de 35,06% na compara\u00e7\u00e3o com o quarto trimestre de 2023.<\/p>\n\n\n\n<p>O&nbsp;<strong>resultado da Vale<\/strong>&nbsp;foi impactado negativamente pelo incremento na provis\u00e3o atrelada ao rompimento da barragem da Samarco, cujo valor \u00e9 de US$ 1,229 bilh\u00e3o. Al\u00e9m disso, a mineradora tamb\u00e9m destaca um potencial acordo global com as autoridades brasileiras.<\/p>\n\n\n\n<p>\u201cEmbora ainda sujeita a incertezas, nossa avalia\u00e7\u00e3o considera todas as informa\u00e7\u00f5es dispon\u00edveis sobre o status do potencial acordo, os processos relacionados ao rompimento da barragem da Samarco e at\u00e9 em que medida a Samarco ter\u00e1 capacidade de contribuir com quaisquer desembolsos futuros\u201d, destaca o novo&nbsp;<strong>balan\u00e7o trimestral da Vale<\/strong>.<\/p>\n\n\n\n<h2 class=\"wp-block-heading\"><a><\/a>Outros resultados da Vale<\/h2>\n\n\n\n<p>A&nbsp;<a target=\"_blank\" href=\"https:\/\/www.suno.com.br\/artigos\/o-que-receita-liquida\/\" rel=\"noreferrer noopener\">receita l\u00edquida<\/a>&nbsp;de vendas da Vale totalizou US$ 13,054 bilh\u00f5es, com crescimento de 9,32% sobre os US$ 11,941 bilh\u00f5es obtidos no 4T22 e 22,88% maior que o trimestre imediatamente anterior, quando o faturamento foi de US$ 10,623 bilh\u00f5es.<\/p>\n\n\n\n<p>Em termos ajustados das opera\u00e7\u00f5es continuadas, o&nbsp;<strong>Ebitda da Vale<\/strong>, que representa o lucro antes de juros, impostos, deprecia\u00e7\u00f5es e amortiza\u00e7\u00f5es da companhia, somou US$ 6,73 bilh\u00f5es no \u00faltimo trimestre de 2023, cerca de 34,57% maior que os US$ 5,001 bilh\u00f5es do 4T22.<\/p>\n\n\n\n<p>Esse crescimento do Ebtida \u00e9 atribu\u00eddo ao desempenho operacional melhor da empresa, assim como ao aumento nos pre\u00e7os de min\u00e9rio de ferro. J\u00e1 o Ebtida ajustado proforma das opera\u00e7\u00f5es continuadas totalizou US$ 19,0 bilh\u00f5es em 2023, com queda anual de 9%.<\/p>\n\n\n\n<p>A&nbsp;<strong>Vale no 4T23<\/strong>&nbsp;registrou US$ 2,1 bilh\u00f5es em investimentos, com aumento anual de US$ 331 milh\u00f5es, sobretudo em raz\u00e3o dos aportes mais elevados em projetos relacionados \u00e0s solu\u00e7\u00f5es de min\u00e9rio de ferro, como no Capanema e Estrada de Ferro Caraj\u00e1s. A companhia tamb\u00e9m investiu mais na melhoria de suas opera\u00e7\u00f5es de mina de metais para transi\u00e7\u00e3o energ\u00e9tica.<\/p>\n\n\n\n<p>Ao final de 2023, a&nbsp;<a href=\"https:\/\/www.suno.com.br\/artigos\/divida-bruta\/\" target=\"_blank\" rel=\"noreferrer noopener\">d\u00edvida bruta<\/a>&nbsp;e arrendamentos da&nbsp;<strong>Vale<\/strong>&nbsp;somavam US$ 13,9 bilh\u00f5es, com redu\u00e7\u00e3o trimestral de US$ 113 milh\u00f5es.<\/p>\n\n\n\n<h2 class=\"wp-block-heading\">Vale (VALE3) anuncia pagamento de dividendos; veja o valor por a\u00e7\u00e3o<\/h2>\n\n\n\n<p>A&nbsp;Vale&nbsp;anunciou, na noite desta quinta-feira (22), o pagamento de&nbsp;<a href=\"https:\/\/www.suno.com.br\/guias\/dividendos\/\" target=\"_blank\" rel=\"noreferrer noopener\">dividendos<\/a>&nbsp;no valor bruto de R$ 2,738617408 por a\u00e7\u00e3o.<\/p>\n\n\n\n<p>Os&nbsp;<strong>dividendos<\/strong>&nbsp;<strong>da Vale<\/strong>&nbsp;ser\u00e3o pagos aos acionistas que tiverem a\u00e7\u00f5es&nbsp;<strong>VALE3<\/strong>&nbsp;na carteira no dia 11 de mar\u00e7o. O valor cai na conta dos acionistas no dia 19 de mar\u00e7o.<\/p>\n\n\n\n<p>J\u00e1 em rela\u00e7\u00e3o \u00e0s&nbsp;<strong>ADRs da Vale<\/strong>&nbsp;negociadas em Nova York, a data de corte \u00e9 no dia 13 de mar\u00e7o, e o pagamento ocorre a partir de 26 de mar\u00e7o.<\/p>\n\n\n\n<p>\u201cO valor de&nbsp;<a href=\"https:\/\/www.suno.com.br\/guias\/dividendos\/\" target=\"_blank\" rel=\"noreferrer noopener\">dividendos<\/a>&nbsp;a ser pago por a\u00e7\u00e3o pode sofrer pequena varia\u00e7\u00e3o at\u00e9 as datas de corte em decorr\u00eancia do programa de&nbsp;<a href=\"https:\/\/www.suno.com.br\/artigos\/recompra-de-acoes\/\" target=\"_blank\" rel=\"noreferrer noopener\">recompra de a\u00e7\u00f5es<\/a>, que impacta o n\u00famero de&nbsp;<a href=\"https:\/\/www.suno.com.br\/artigos\/acoes-em-tesouraria\/\" target=\"_blank\" rel=\"noreferrer noopener\">a\u00e7\u00f5es em tesouraria<\/a>. Sendo o caso, a Companhia far\u00e1 um novo Aviso aos Acionistas informando o valor final por a\u00e7\u00e3o\u201d, complementou a <strong>Vale<\/strong> em comunicado.<\/p>\n\n\n\t<p>\n\t\t<a href=\"https:\/\/lp.suno.com.br\/plataforma-de-controle-de-investimentos\/\" target=\"_blank\" data-element=\"shortcode-suno-banner\" title=\"Banner SUNO, clique e saiba mais\">\n\t\t\t<picture>\n\t\t\t\t<source media=\"(max-width: 500px)\" srcset=\"https:\/\/files.sunoresearch.com.br\/n\/uploads\/2023\/03\/400x300-Controle-de-Investimentos.png\">\n\t\t\t\t<img class=\"newsContent__article__imgCapa newsContent__article__imgCapa--banner\"\n\t\t\t\t\tsrc=\"https:\/\/files.sunoresearch.com.br\/n\/uploads\/2023\/03\/1420x240-Controle-de-Investimentos.png\"\n\t\t\t\t\tdata-promo-id=\"383162\"\t\t\t\t\t\t\t\t\t\twidth='1420' height='240'\t\t\t\t\talt=\"https:\/\/files.sunoresearch.com.br\/n\/uploads\/2023\/03\/1420x240-Controle-de-Investimentos.png\"\n\t\t\t\t>\n\t\t\t<\/picture>\n\t\t<\/a>\n\t<\/p>\n\n\n","protected":false},"excerpt":{"rendered":"<p>Em relat\u00f3rio ap\u00f3s a divulga\u00e7\u00e3o dos resultados do quarto trimestre de 2023 pela Vale (VALE3), analistas pontuaram que os n\u00fameros operacionais da companhia vieram alinhados com as expectativas, por\u00e9m, com um lucro l\u00edquido abaixo do esperado, devido a maiores provisionamentos para a Samarco relacionados ao acidente de Mariana (MG). As a\u00e7\u00f5es da mineradora sobem na [&hellip;]<\/p>\n","protected":false},"author":313,"featured_media":357358,"comment_status":"closed","ping_status":"closed","sticky":false,"template":"","format":"standard","meta":[],"categories":[64],"tags":[286,105816,676],"suno_strategy":[],"class_list":["post-526050","post","type-post","status-publish","format-standard","has-post-thumbnail","hentry","category-negocios","tag-acoes","tag-especialistas","tag-vale-vale3"],"yoast_head":"<!-- This site is optimized with the Yoast SEO plugin v24.4 - https:\/\/yoast.com\/wordpress\/plugins\/seo\/ -->\n<title>Vale (VALE3): provisionamentos interferiram nos n\u00fameros do 4T23<\/title>\n<meta name=\"description\" content=\"Em relat\u00f3rio, analistas da Genial pontuaram que os n\u00fameros operacionais da Vale vieram alinhados com as expectativas,\" \/>\n<meta name=\"robots\" content=\"index, follow, max-snippet:-1, max-image-preview:large, max-video-preview:-1\" \/>\n<link rel=\"canonical\" href=\"https:\/\/www.suno.com.br\/noticias\/vale-vale3-provisionamentos-interferiram-numeros-gpj\/\" \/>\n<meta property=\"og:locale\" content=\"pt_BR\" \/>\n<meta property=\"og:type\" content=\"article\" \/>\n<meta property=\"og:title\" content=\"Vale (VALE3): provisionamentos interferiram nos n\u00fameros do 4T23\" \/>\n<meta property=\"og:description\" content=\"Em relat\u00f3rio, analistas da Genial pontuaram que os n\u00fameros operacionais da Vale vieram alinhados com as expectativas,\" \/>\n<meta property=\"og:url\" content=\"https:\/\/www.suno.com.br\/noticias\/vale-vale3-provisionamentos-interferiram-numeros-gpj\/\" \/>\n<meta property=\"og:site_name\" content=\"Suno Not\u00edcias\" \/>\n<meta property=\"article:publisher\" content=\"https:\/\/facebook.com\/sunoresearch\" \/>\n<meta property=\"og:image\" content=\"https:\/\/files.sunoresearch.com.br\/n\/uploads\/2023\/02\/vale-vale3.jpg\" \/>\n\t<meta property=\"og:image:width\" content=\"1200\" \/>\n\t<meta property=\"og:image:height\" content=\"800\" \/>\n\t<meta property=\"og:image:type\" content=\"image\/jpeg\" \/>\n<meta name=\"author\" content=\"Giovanni Porf\u00edrio Jacomino\" \/>\n<meta name=\"twitter:card\" content=\"summary_large_image\" \/>\n<meta name=\"twitter:creator\" content=\"@sunoresearch\" \/>\n<meta name=\"twitter:site\" content=\"@sunoresearch\" \/>\n<meta name=\"twitter:label1\" content=\"Escrito por\" \/>\n\t<meta name=\"twitter:data1\" content=\"Giovanni Porf\u00edrio Jacomino\" \/>\n\t<meta name=\"twitter:label2\" content=\"Est. tempo de leitura\" \/>\n\t<meta name=\"twitter:data2\" content=\"6 minutos\" \/>\n<script type=\"application\/ld+json\" class=\"yoast-schema-graph\">{\"@context\":\"https:\/\/schema.org\",\"@graph\":[{\"@type\":\"NewsArticle\",\"@id\":\"https:\/\/www.suno.com.br\/noticias\/vale-vale3-provisionamentos-interferiram-numeros-gpj\/#article\",\"isPartOf\":{\"@id\":\"https:\/\/www.suno.com.br\/noticias\/vale-vale3-provisionamentos-interferiram-numeros-gpj\/\"},\"author\":{\"name\":\"Giovanni Porf\u00edrio Jacomino\",\"@id\":\"https:\/\/www.suno.com.br\/noticias\/#\/schema\/person\/d0f32748bbca4bee871fa191ee4e2d40\"},\"headline\":\"Vale (VALE3): provisionamentos interferiram nos n\u00fameros do 4T23, dizem analistas; a\u00e7\u00f5es sobem\",\"datePublished\":\"2024-02-23T14:10:07+00:00\",\"dateModified\":\"2024-02-23T14:10:16+00:00\",\"mainEntityOfPage\":{\"@id\":\"https:\/\/www.suno.com.br\/noticias\/vale-vale3-provisionamentos-interferiram-numeros-gpj\/\"},\"wordCount\":1156,\"publisher\":{\"@id\":\"https:\/\/www.suno.com.br\/noticias\/#organization\"},\"image\":{\"@id\":\"https:\/\/www.suno.com.br\/noticias\/vale-vale3-provisionamentos-interferiram-numeros-gpj\/#primaryimage\"},\"thumbnailUrl\":\"https:\/\/files.sunoresearch.com.br\/n\/uploads\/2023\/02\/vale-vale3.jpg\",\"keywords\":[\"A\u00e7\u00f5es\",\"Especialistas\",\"Vale (VALE3)\"],\"articleSection\":[\"Neg\u00f3cios\"],\"inLanguage\":\"pt-BR\"},{\"@type\":\"WebPage\",\"@id\":\"https:\/\/www.suno.com.br\/noticias\/vale-vale3-provisionamentos-interferiram-numeros-gpj\/\",\"url\":\"https:\/\/www.suno.com.br\/noticias\/vale-vale3-provisionamentos-interferiram-numeros-gpj\/\",\"name\":\"Vale (VALE3): provisionamentos interferiram nos n\u00fameros do 4T23\",\"isPartOf\":{\"@id\":\"https:\/\/www.suno.com.br\/noticias\/#website\"},\"primaryImageOfPage\":{\"@id\":\"https:\/\/www.suno.com.br\/noticias\/vale-vale3-provisionamentos-interferiram-numeros-gpj\/#primaryimage\"},\"image\":{\"@id\":\"https:\/\/www.suno.com.br\/noticias\/vale-vale3-provisionamentos-interferiram-numeros-gpj\/#primaryimage\"},\"thumbnailUrl\":\"https:\/\/files.sunoresearch.com.br\/n\/uploads\/2023\/02\/vale-vale3.jpg\",\"datePublished\":\"2024-02-23T14:10:07+00:00\",\"dateModified\":\"2024-02-23T14:10:16+00:00\",\"description\":\"Em relat\u00f3rio, analistas da Genial pontuaram que os n\u00fameros operacionais da Vale vieram alinhados com as expectativas,\",\"breadcrumb\":{\"@id\":\"https:\/\/www.suno.com.br\/noticias\/vale-vale3-provisionamentos-interferiram-numeros-gpj\/#breadcrumb\"},\"inLanguage\":\"pt-BR\",\"potentialAction\":[{\"@type\":\"ReadAction\",\"target\":[\"https:\/\/www.suno.com.br\/noticias\/vale-vale3-provisionamentos-interferiram-numeros-gpj\/\"]}]},{\"@type\":\"ImageObject\",\"inLanguage\":\"pt-BR\",\"@id\":\"https:\/\/www.suno.com.br\/noticias\/vale-vale3-provisionamentos-interferiram-numeros-gpj\/#primaryimage\",\"url\":\"https:\/\/files.sunoresearch.com.br\/n\/uploads\/2023\/02\/vale-vale3.jpg\",\"contentUrl\":\"https:\/\/files.sunoresearch.com.br\/n\/uploads\/2023\/02\/vale-vale3.jpg\",\"width\":1200,\"height\":800,\"caption\":\"Vale (VALE3). Foto: Divulga\u00e7\u00e3o.\"},{\"@type\":\"BreadcrumbList\",\"@id\":\"https:\/\/www.suno.com.br\/noticias\/vale-vale3-provisionamentos-interferiram-numeros-gpj\/#breadcrumb\",\"itemListElement\":[{\"@type\":\"ListItem\",\"position\":1,\"name\":\"Not\u00edcias\",\"item\":\"https:\/\/www.suno.com.br\/noticias\/\"},{\"@type\":\"ListItem\",\"position\":2,\"name\":\"Neg\u00f3cios\",\"item\":\"https:\/\/www.suno.com.br\/noticias\/negocios\/\"},{\"@type\":\"ListItem\",\"position\":3,\"name\":\"Vale (VALE3): provisionamentos interferiram nos n\u00fameros do 4T23, dizem analistas; a\u00e7\u00f5es sobem\"}]},{\"@type\":\"WebSite\",\"@id\":\"https:\/\/www.suno.com.br\/noticias\/#website\",\"url\":\"https:\/\/www.suno.com.br\/noticias\/\",\"name\":\"Suno Not\u00edcias\",\"description\":\"Seu portal de informa\u00e7\u00e3o sobre o mundo dos investimentos\",\"publisher\":{\"@id\":\"https:\/\/www.suno.com.br\/noticias\/#organization\"},\"potentialAction\":[{\"@type\":\"SearchAction\",\"target\":{\"@type\":\"EntryPoint\",\"urlTemplate\":\"https:\/\/www.suno.com.br\/noticias\/?s={search_term_string}\"},\"query-input\":{\"@type\":\"PropertyValueSpecification\",\"valueRequired\":true,\"valueName\":\"search_term_string\"}}],\"inLanguage\":\"pt-BR\"},{\"@type\":\"Organization\",\"@id\":\"https:\/\/www.suno.com.br\/noticias\/#organization\",\"name\":\"Suno Not\u00edcias\",\"url\":\"https:\/\/www.suno.com.br\/noticias\/\",\"logo\":{\"@type\":\"ImageObject\",\"inLanguage\":\"pt-BR\",\"@id\":\"https:\/\/www.suno.com.br\/noticias\/#\/schema\/logo\/image\/\",\"url\":\"https:\/\/files.sunoresearch.com.br\/n\/uploads\/2021\/09\/suno-logo.png\",\"contentUrl\":\"https:\/\/files.sunoresearch.com.br\/n\/uploads\/2021\/09\/suno-logo.png\",\"width\":180,\"height\":180,\"caption\":\"Suno Not\u00edcias\"},\"image\":{\"@id\":\"https:\/\/www.suno.com.br\/noticias\/#\/schema\/logo\/image\/\"},\"sameAs\":[\"https:\/\/facebook.com\/sunoresearch\",\"https:\/\/x.com\/sunoresearch\",\"https:\/\/www.instagram.com\/suno\",\"https:\/\/www.linkedin.com\/company\/suno-research\/\",\"https:\/\/www.youtube.com\/c\/sunoresearch\"]},{\"@type\":\"Person\",\"@id\":\"https:\/\/www.suno.com.br\/noticias\/#\/schema\/person\/d0f32748bbca4bee871fa191ee4e2d40\",\"name\":\"Giovanni Porf\u00edrio Jacomino\",\"image\":{\"@type\":\"ImageObject\",\"inLanguage\":\"pt-BR\",\"@id\":\"https:\/\/www.suno.com.br\/noticias\/#\/schema\/person\/image\/\",\"url\":\"https:\/\/secure.gravatar.com\/avatar\/efb32e19b730a121cb7a80f41ffec01a?s=96&r=g\",\"contentUrl\":\"https:\/\/secure.gravatar.com\/avatar\/efb32e19b730a121cb7a80f41ffec01a?s=96&r=g\",\"caption\":\"Giovanni Porf\u00edrio Jacomino\"},\"description\":\"Giovanni Porf\u00edrio Jacomino \u00e9 jornalista formado pela Universidade Estadual de Londrina (UEL) e p\u00f3s-graduado em Produ\u00e7\u00e3o e Pr\u00e1ticas Jornal\u00edsticas na Contemporaneidade na Faculdade C\u00e1sper L\u00edbero (FCL). Foi editor web no Startupi e no Finsiders, atuando ainda como editor no TC Mover, portal de not\u00edcias da TradersClub, fazendo a cobertura de assuntos relacionados ao mercado financeiro interno e externo. Atualmente, \u00e9 Rep\u00f3rter do Suno Not\u00edcias.\",\"url\":\"https:\/\/www.suno.com.br\/noticias\/author\/giovanni-porfiriosuno-com-br\/\"}]}<\/script>\n<!-- \/ Yoast SEO plugin. -->","yoast_head_json":{"title":"Vale (VALE3): provisionamentos interferiram nos n\u00fameros do 4T23","description":"Em relat\u00f3rio, analistas da Genial pontuaram que os n\u00fameros operacionais da Vale vieram alinhados com as expectativas,","robots":{"index":"index","follow":"follow","max-snippet":"max-snippet:-1","max-image-preview":"max-image-preview:large","max-video-preview":"max-video-preview:-1"},"canonical":"https:\/\/www.suno.com.br\/noticias\/vale-vale3-provisionamentos-interferiram-numeros-gpj\/","og_locale":"pt_BR","og_type":"article","og_title":"Vale (VALE3): provisionamentos interferiram nos n\u00fameros do 4T23","og_description":"Em relat\u00f3rio, analistas da Genial pontuaram que os n\u00fameros operacionais da Vale vieram alinhados com as expectativas,","og_url":"https:\/\/www.suno.com.br\/noticias\/vale-vale3-provisionamentos-interferiram-numeros-gpj\/","og_site_name":"Suno Not\u00edcias","article_publisher":"https:\/\/facebook.com\/sunoresearch","og_image":[{"width":1200,"height":800,"url":"https:\/\/files.sunoresearch.com.br\/n\/uploads\/2023\/02\/vale-vale3.jpg","type":"image\/jpeg"}],"author":"Giovanni Porf\u00edrio Jacomino","twitter_card":"summary_large_image","twitter_creator":"@sunoresearch","twitter_site":"@sunoresearch","twitter_misc":{"Escrito por":"Giovanni Porf\u00edrio Jacomino","Est. tempo de leitura":"6 minutos"},"schema":{"@context":"https:\/\/schema.org","@graph":[{"@type":"NewsArticle","@id":"https:\/\/www.suno.com.br\/noticias\/vale-vale3-provisionamentos-interferiram-numeros-gpj\/#article","isPartOf":{"@id":"https:\/\/www.suno.com.br\/noticias\/vale-vale3-provisionamentos-interferiram-numeros-gpj\/"},"author":{"name":"Giovanni Porf\u00edrio Jacomino","@id":"https:\/\/www.suno.com.br\/noticias\/#\/schema\/person\/d0f32748bbca4bee871fa191ee4e2d40"},"headline":"Vale (VALE3): provisionamentos interferiram nos n\u00fameros do 4T23, dizem analistas; a\u00e7\u00f5es sobem","datePublished":"2024-02-23T14:10:07+00:00","dateModified":"2024-02-23T14:10:16+00:00","mainEntityOfPage":{"@id":"https:\/\/www.suno.com.br\/noticias\/vale-vale3-provisionamentos-interferiram-numeros-gpj\/"},"wordCount":1156,"publisher":{"@id":"https:\/\/www.suno.com.br\/noticias\/#organization"},"image":{"@id":"https:\/\/www.suno.com.br\/noticias\/vale-vale3-provisionamentos-interferiram-numeros-gpj\/#primaryimage"},"thumbnailUrl":"https:\/\/files.sunoresearch.com.br\/n\/uploads\/2023\/02\/vale-vale3.jpg","keywords":["A\u00e7\u00f5es","Especialistas","Vale (VALE3)"],"articleSection":["Neg\u00f3cios"],"inLanguage":"pt-BR"},{"@type":"WebPage","@id":"https:\/\/www.suno.com.br\/noticias\/vale-vale3-provisionamentos-interferiram-numeros-gpj\/","url":"https:\/\/www.suno.com.br\/noticias\/vale-vale3-provisionamentos-interferiram-numeros-gpj\/","name":"Vale (VALE3): provisionamentos interferiram nos n\u00fameros do 4T23","isPartOf":{"@id":"https:\/\/www.suno.com.br\/noticias\/#website"},"primaryImageOfPage":{"@id":"https:\/\/www.suno.com.br\/noticias\/vale-vale3-provisionamentos-interferiram-numeros-gpj\/#primaryimage"},"image":{"@id":"https:\/\/www.suno.com.br\/noticias\/vale-vale3-provisionamentos-interferiram-numeros-gpj\/#primaryimage"},"thumbnailUrl":"https:\/\/files.sunoresearch.com.br\/n\/uploads\/2023\/02\/vale-vale3.jpg","datePublished":"2024-02-23T14:10:07+00:00","dateModified":"2024-02-23T14:10:16+00:00","description":"Em relat\u00f3rio, analistas da Genial pontuaram que os n\u00fameros operacionais da Vale vieram alinhados com as expectativas,","breadcrumb":{"@id":"https:\/\/www.suno.com.br\/noticias\/vale-vale3-provisionamentos-interferiram-numeros-gpj\/#breadcrumb"},"inLanguage":"pt-BR","potentialAction":[{"@type":"ReadAction","target":["https:\/\/www.suno.com.br\/noticias\/vale-vale3-provisionamentos-interferiram-numeros-gpj\/"]}]},{"@type":"ImageObject","inLanguage":"pt-BR","@id":"https:\/\/www.suno.com.br\/noticias\/vale-vale3-provisionamentos-interferiram-numeros-gpj\/#primaryimage","url":"https:\/\/files.sunoresearch.com.br\/n\/uploads\/2023\/02\/vale-vale3.jpg","contentUrl":"https:\/\/files.sunoresearch.com.br\/n\/uploads\/2023\/02\/vale-vale3.jpg","width":1200,"height":800,"caption":"Vale (VALE3). Foto: Divulga\u00e7\u00e3o."},{"@type":"BreadcrumbList","@id":"https:\/\/www.suno.com.br\/noticias\/vale-vale3-provisionamentos-interferiram-numeros-gpj\/#breadcrumb","itemListElement":[{"@type":"ListItem","position":1,"name":"Not\u00edcias","item":"https:\/\/www.suno.com.br\/noticias\/"},{"@type":"ListItem","position":2,"name":"Neg\u00f3cios","item":"https:\/\/www.suno.com.br\/noticias\/negocios\/"},{"@type":"ListItem","position":3,"name":"Vale (VALE3): provisionamentos interferiram nos n\u00fameros do 4T23, dizem analistas; a\u00e7\u00f5es sobem"}]},{"@type":"WebSite","@id":"https:\/\/www.suno.com.br\/noticias\/#website","url":"https:\/\/www.suno.com.br\/noticias\/","name":"Suno Not\u00edcias","description":"Seu portal de informa\u00e7\u00e3o sobre o mundo dos investimentos","publisher":{"@id":"https:\/\/www.suno.com.br\/noticias\/#organization"},"potentialAction":[{"@type":"SearchAction","target":{"@type":"EntryPoint","urlTemplate":"https:\/\/www.suno.com.br\/noticias\/?s={search_term_string}"},"query-input":{"@type":"PropertyValueSpecification","valueRequired":true,"valueName":"search_term_string"}}],"inLanguage":"pt-BR"},{"@type":"Organization","@id":"https:\/\/www.suno.com.br\/noticias\/#organization","name":"Suno Not\u00edcias","url":"https:\/\/www.suno.com.br\/noticias\/","logo":{"@type":"ImageObject","inLanguage":"pt-BR","@id":"https:\/\/www.suno.com.br\/noticias\/#\/schema\/logo\/image\/","url":"https:\/\/files.sunoresearch.com.br\/n\/uploads\/2021\/09\/suno-logo.png","contentUrl":"https:\/\/files.sunoresearch.com.br\/n\/uploads\/2021\/09\/suno-logo.png","width":180,"height":180,"caption":"Suno Not\u00edcias"},"image":{"@id":"https:\/\/www.suno.com.br\/noticias\/#\/schema\/logo\/image\/"},"sameAs":["https:\/\/facebook.com\/sunoresearch","https:\/\/x.com\/sunoresearch","https:\/\/www.instagram.com\/suno","https:\/\/www.linkedin.com\/company\/suno-research\/","https:\/\/www.youtube.com\/c\/sunoresearch"]},{"@type":"Person","@id":"https:\/\/www.suno.com.br\/noticias\/#\/schema\/person\/d0f32748bbca4bee871fa191ee4e2d40","name":"Giovanni Porf\u00edrio Jacomino","image":{"@type":"ImageObject","inLanguage":"pt-BR","@id":"https:\/\/www.suno.com.br\/noticias\/#\/schema\/person\/image\/","url":"https:\/\/secure.gravatar.com\/avatar\/efb32e19b730a121cb7a80f41ffec01a?s=96&r=g","contentUrl":"https:\/\/secure.gravatar.com\/avatar\/efb32e19b730a121cb7a80f41ffec01a?s=96&r=g","caption":"Giovanni Porf\u00edrio Jacomino"},"description":"Giovanni Porf\u00edrio Jacomino \u00e9 jornalista formado pela Universidade Estadual de Londrina (UEL) e p\u00f3s-graduado em Produ\u00e7\u00e3o e Pr\u00e1ticas Jornal\u00edsticas na Contemporaneidade na Faculdade C\u00e1sper L\u00edbero (FCL). Foi editor web no Startupi e no Finsiders, atuando ainda como editor no TC Mover, portal de not\u00edcias da TradersClub, fazendo a cobertura de assuntos relacionados ao mercado financeiro interno e externo. Atualmente, \u00e9 Rep\u00f3rter do Suno Not\u00edcias.","url":"https:\/\/www.suno.com.br\/noticias\/author\/giovanni-porfiriosuno-com-br\/"}]}},"default_loop_html":"<div class=\"cardsPage__listCard__boxs\"><div class=\"cardsPage__listCard__boxs__img\"><a href=\"https:\/\/www.suno.com.br\/noticias\/vale-vale3-provisionamentos-interferiram-numeros-gpj\/\"><img class=\"mask\" src=\"https:\/\/www.suno.com.br\/noticias\/wp-content\/themes\/suno\/resources\/images\/spotlight\/spotlight1img\/bg-mask.png\" alt=\"Image Mask\"\/><img src=\"https:\/\/files.sunoresearch.com.br\/n\/uploads\/2023\/02\/vale-vale3-400x200.jpg\" alt=\"Vale (VALE3): provisionamentos interferiram nos n\u00fameros do 4T23, dizem analistas; a\u00e7\u00f5es sobem\"\/><\/a><span class=\"spotlightCategory\"><a href=\"https:\/\/www.suno.com.br\/noticias\/negocios\/\">Neg\u00f3cios<\/a><\/span><\/div><div class=\"cardsPage__listCard__boxs__content\"><a href=\"https:\/\/www.suno.com.br\/noticias\/vale-vale3-provisionamentos-interferiram-numeros-gpj\/\"><h2 class=\"content__title\">Vale (VALE3): provisionamentos interferiram nos n\u00fameros do 4T23, dizem analistas; a\u00e7\u00f5es sobem<\/h2><\/a><div class=\"newsContent__article__meta\"><div class=\"newsContent__article__meta__authorBox\"><a href=\"https:\/\/www.suno.com.br\/noticias\/author\/giovanni-porfiriosuno-com-br\/\" class=\"authorBox__avatar noMobi\"><img src=\"https:\/\/files.sunoresearch.com.br\/n\/uploads\/2024\/05\/DSCF4115-1-1-150x150.webp\" alt=\"Giovanni Porf\u00edrio Jacomino\"><\/a><div class=\"authorBox__name\"><span>por\n\t\t\t<a href=\"https:\/\/www.suno.com.br\/noticias\/author\/giovanni-porfiriosuno-com-br\/\"><span itemprop=\"author\">Giovanni Porf\u00edrio Jacomino<\/span><\/a><\/span><time datetime=\"2024-02-23T11:10:07-03:00\" itemprop=\"datePublished\">23\/02\/2024 11:10<\/time><\/div><\/div><\/div><\/div><\/div>","single_layout":"posts","amp_enabled":true,"_links":{"self":[{"href":"https:\/\/www.suno.com.br\/noticias\/wp-json\/wp\/v2\/posts\/526050"}],"collection":[{"href":"https:\/\/www.suno.com.br\/noticias\/wp-json\/wp\/v2\/posts"}],"about":[{"href":"https:\/\/www.suno.com.br\/noticias\/wp-json\/wp\/v2\/types\/post"}],"author":[{"embeddable":true,"href":"https:\/\/www.suno.com.br\/noticias\/wp-json\/wp\/v2\/users\/313"}],"replies":[{"embeddable":true,"href":"https:\/\/www.suno.com.br\/noticias\/wp-json\/wp\/v2\/comments?post=526050"}],"version-history":[{"count":3,"href":"https:\/\/www.suno.com.br\/noticias\/wp-json\/wp\/v2\/posts\/526050\/revisions"}],"predecessor-version":[{"id":526100,"href":"https:\/\/www.suno.com.br\/noticias\/wp-json\/wp\/v2\/posts\/526050\/revisions\/526100"}],"wp:featuredmedia":[{"embeddable":true,"href":"https:\/\/www.suno.com.br\/noticias\/wp-json\/wp\/v2\/media\/357358"}],"wp:attachment":[{"href":"https:\/\/www.suno.com.br\/noticias\/wp-json\/wp\/v2\/media?parent=526050"}],"wp:term":[{"taxonomy":"category","embeddable":true,"href":"https:\/\/www.suno.com.br\/noticias\/wp-json\/wp\/v2\/categories?post=526050"},{"taxonomy":"post_tag","embeddable":true,"href":"https:\/\/www.suno.com.br\/noticias\/wp-json\/wp\/v2\/tags?post=526050"},{"taxonomy":"suno_strategy","embeddable":true,"href":"https:\/\/www.suno.com.br\/noticias\/wp-json\/wp\/v2\/suno_strategy?post=526050"}],"curies":[{"name":"wp","href":"https:\/\/api.w.org\/{rel}","templated":true}]}}