{"id":525974,"date":"2024-02-22T23:41:06","date_gmt":"2024-02-23T02:41:06","guid":{"rendered":"https:\/\/www.suno.com.br\/noticias\/?p=525974"},"modified":"2024-02-22T23:41:19","modified_gmt":"2024-02-23T02:41:19","slug":"vale-vale3-gpa-pcar3-b3-b3sa3-radar-vl","status":"publish","type":"post","link":"https:\/\/www.suno.com.br\/noticias\/vale-vale3-gpa-pcar3-b3-b3sa3-radar-vl\/","title":{"rendered":"Radar: Vale (VALE3) anuncia pagamento de dividendos, analistas veem resultado positivo para GPA (PCAR3) e B3 (B3SA3) tem queda no lucro no 4T23"},"content":{"rendered":"<p>A&nbsp;<strong>Vale<\/strong>&nbsp;(VALE3) anunciou, na noite desta quinta-feira (22), o pagamento de&nbsp;<a href=\"https:\/\/www.suno.com.br\/guias\/dividendos\/\" target=\"_blank\" rel=\"noreferrer noopener\">dividendos<\/a>&nbsp;no valor bruto de R$ 2,738617408 por a\u00e7\u00e3o.<\/p>\t<div class=\"wrapper-featured-image\">\n\t\t<figure class=\"spotlightImg\">\n\n\t\t\t<picture>\n\t\t\t\t<source media=\"(max-width: 768px)\" srcset=\"https:\/\/files.sunoresearch.com.br\/n\/uploads\/2022\/12\/vale-vale3-400x200.jpg\">\n\t\t\t\t<img loading=\"lazy\" decoding=\"async\" class=\"newsContent__article__imgCapa lazyloadDisabled \" src=\"https:\/\/files.sunoresearch.com.br\/n\/uploads\/2022\/12\/vale-vale3-800x450.jpg\" width=\"800\" height=\"450\" alt=\"Radar: Vale (VALE3) anuncia pagamento de dividendos, analistas veem resultado positivo para GPA (PCAR3) e B3 (B3SA3) tem queda no lucro no 4T23\" fetchpriority=high \/>\n\t\t\t<\/picture>\n\n\t\t\t<figcaption class=\"wp-caption-text wp-caption-text--show\">Vale (VALE3). Foto: Divulga\u00e7\u00e3o\/Vale<\/figcaption>\n\t\t<\/figure>\n\t<\/div>\n\n\n\n\n\n\t<p>\n\t\t<a href=\"https:\/\/lp.suno.com.br\/planilha-da-vida-financeira\/\" target=\"_blank\" data-element=\"shortcode-suno-banner\" title=\"Banner SUNO, clique e saiba mais\">\n\t\t\t<picture>\n\t\t\t\t<source media=\"(max-width: 500px)\" srcset=\"https:\/\/files.sunoresearch.com.br\/n\/uploads\/2023\/04\/400x300-Planilha-vida-financeira-true.png\">\n\t\t\t\t<img class=\"newsContent__article__imgCapa newsContent__article__imgCapa--banner\"\n\t\t\t\t\tsrc=\"https:\/\/files.sunoresearch.com.br\/n\/uploads\/2023\/04\/1420x240-Planilha-vida-financeira-true.png\"\n\t\t\t\t\tdata-promo-id=\"106682\"\t\t\t\t\t\t\t\t\t\twidth='1420' height='240'\t\t\t\t\talt=\"https:\/\/files.sunoresearch.com.br\/n\/uploads\/2023\/04\/1420x240-Planilha-vida-financeira-true.png\"\n\t\t\t\t>\n\t\t\t<\/picture>\n\t\t<\/a>\n\t<\/p>\n\n\n\n\n\n\n\n<p>Os&nbsp;<strong>dividendos<\/strong>&nbsp;<strong>da Vale<\/strong>&nbsp;ser\u00e3o pagos aos acionistas que tiverem a\u00e7\u00f5es&nbsp;<strong>VALE3<\/strong>&nbsp;na carteira no dia 11 de mar\u00e7o. O valor cai na conta dos acionistas no dia 19 de mar\u00e7o.<\/p>\n\n\n\n<p>J\u00e1 em rela\u00e7\u00e3o \u00e0s&nbsp;<strong>ADRs da Vale<\/strong>&nbsp;negociadas em Nova York, a data de corte \u00e9 no dia 13 de mar\u00e7o, e o pagamento ocorre a partir de 26 de mar\u00e7o.<\/p>\n\n\n\n<p>\u201cO valor de&nbsp;<a href=\"https:\/\/www.suno.com.br\/guias\/dividendos\/\" target=\"_blank\" rel=\"noreferrer noopener\">dividendos<\/a>&nbsp;a ser pago por a\u00e7\u00e3o pode sofrer pequena varia\u00e7\u00e3o at\u00e9 as datas de corte em decorr\u00eancia do programa de&nbsp;<a href=\"https:\/\/www.suno.com.br\/artigos\/recompra-de-acoes\/\" target=\"_blank\" rel=\"noreferrer noopener\">recompra de a\u00e7\u00f5es<\/a>, que impacta o n\u00famero de&nbsp;<a href=\"https:\/\/www.suno.com.br\/artigos\/acoes-em-tesouraria\/\" target=\"_blank\" rel=\"noreferrer noopener\">a\u00e7\u00f5es em tesouraria<\/a>. Sendo o caso, a Companhia far\u00e1 um novo Aviso aos Acionistas informando o valor final por a\u00e7\u00e3o\u201d, complementou a mineradora em comunicado.<\/p>\n\n\n\n<p>Al\u00e9m de Vale, confira outros destaques desta quinta-feira:<\/p>\n\n\n\n<h2 class=\"wp-block-heading\">GPA (PCAR3): analistas veem resultado positivo no 4T23, mas refor\u00e7am que alavancagem ainda \u00e9 problema<\/h2>\n\n\n\n<ul class=\"wp-block-list\">\n<li>O<strong>&nbsp;GPA&nbsp;<\/strong>(PCAR3), empresa que controla o P\u00e3o de A\u00e7\u00facar, apresentou um preju\u00edzo l\u00edquido de R$ 303 milh\u00f5es no quarto trimestre de 2023 (4T23). Apesar das perdas, os analistas consideram o resultado positivo, uma vez que houve evolu\u00e7\u00e3o em todas as linhas.&nbsp;<\/li>\n<\/ul>\n\n\n\n<ul class=\"wp-block-list\">\n<li>\u201cApesar de a companhia ainda ter reportado preju\u00edzo das opera\u00e7\u00f5es continuadas, notamos evolu\u00e7\u00e3o nas vendas mesmas lojas combinada ao ganho de&nbsp;<a href=\"https:\/\/www.suno.com.br\/artigos\/margem-bruta-entenda-sua-importancia\/\" target=\"_blank\" rel=\"noreferrer noopener\">margem bruta<\/a>, compensando os maiores disp\u00eandios visando \u00e0 melhoria dos servi\u00e7os em lojas\u201d, cita o BB Investimentos.&nbsp;<\/li>\n<\/ul>\n\n\n\n<ul class=\"wp-block-list\">\n<li>A&nbsp;<strong><a href=\"https:\/\/www.suno.com.br\/artigos\/o-que-receita-liquida\/\" target=\"_blank\" rel=\"noreferrer noopener\">receita l\u00edquida<\/a>&nbsp;do GPA<\/strong>&nbsp;cresceu 7% na base anual, suportada pela expans\u00e3o, cerca de 61 novas lojas abertas em 2023) e pelo s\u00f3lido desempenho de vendas mesmas lojas (+4,3%), apesar das tend\u00eancias de defla\u00e7\u00e3o alimentar.<\/li>\n<\/ul>\n\n\n\n<ul class=\"wp-block-list\">\n<li>Para a XP, em termos de rentabilidade, a margem bruta foi novamente o destaque, com um aumento de 3,1 pontos percentuais frente ao mesmo per\u00edodo do ano passado, impulsionada por melhores condi\u00e7\u00f5es comerciais, redu\u00e7\u00e3o da quebra de produtos e menores custos log\u00edsticos, levando a&nbsp;<a href=\"https:\/\/www.suno.com.br\/artigos\/margem-ebitda\/\" target=\"_blank\" rel=\"noreferrer noopener\">margem Ebitda<\/a>&nbsp;ajustada a subir 2,9 p.p no comparativo anual, ligeiramente afetada por despesas de vendas mais altas.&nbsp;<\/li>\n<\/ul>\n\n\n\n<ul class=\"wp-block-list\">\n<li>\u201cO preju\u00edzo l\u00edquido das opera\u00e7\u00f5es continuadas foi de R$ 87 milh\u00f5es, ainda pressionado pelas&nbsp;<a href=\"https:\/\/www.suno.com.br\/artigos\/despesas-financeiras\/\" target=\"_blank\" rel=\"noreferrer noopener\">despesas financeiras<\/a>, enquanto o FCF foi positivo em R$ 1 bilh\u00e3o, principalmente em fornecedores e estoques\u201d, explica a XP.&nbsp;<\/li>\n<\/ul>\n\n\n\n<ul class=\"wp-block-list\">\n<li>Segundo analistas, o GPA continua a lidar com conting\u00eancias do&nbsp;<strong>fechamento das lojas Hiper<\/strong>, afetando as opera\u00e7\u00f5es descontinuadas. Espera-se que benef\u00edcios de negocia\u00e7\u00f5es melhores com fornecedores, otimiza\u00e7\u00e3o de despesas e estrat\u00e9gias promocionais continuem. A rentabilidade das lojas de proximidade abertas em 2022 e 2023 j\u00e1 supera as mais antigas.<\/li>\n<\/ul>\n\n\n\n<ul class=\"wp-block-list\">\n<li>As&nbsp;<strong>a\u00e7\u00f5es do PCAR3&nbsp;<\/strong>acumulam alta de 5,2% desde o in\u00edcio deste ano, \u00e0 luz das melhorias cont\u00ednuas de vendas e rentabilidade. No entanto, o BB Investimento ainda mant\u00e9m recomenda\u00e7\u00e3o neutra&nbsp; para a\u00e7\u00f5es e pre\u00e7o-alvo para o final de 2024 em R$ 5,60.<\/li>\n<\/ul>\n\n\n\n<ul class=\"wp-block-list\">\n<li>Por sua vez, a Genial avalia que, com ajustes de sortimento, redu\u00e7\u00e3o de ruptura e despesas, 2023 marcou a virada da empresa. A perspectiva \u00e9 que a evolu\u00e7\u00e3o micro e macro beneficie a companhia em 2024. Dessa forma, a Research recomenda compra das&nbsp;<strong>a\u00e7\u00f5es do GPA<\/strong>, com pre\u00e7o-alvo de R$ 5,50, representando um upside de 29%.&nbsp;<\/li>\n<\/ul>\n\n\n\t<p>\n\t\t<a href=\"https:\/\/lp.suno.com.br\/ebook-como-analisar-uma-acao\/\" target=\"_blank\" data-element=\"shortcode-suno-banner\" title=\"Banner SUNO, clique e saiba mais\">\n\t\t\t<picture>\n\t\t\t\t<source media=\"(max-width: 500px)\" srcset=\"https:\/\/files.sunoresearch.com.br\/n\/uploads\/2023\/03\/Ebook-Acoes-Mobile.jpg\">\n\t\t\t\t<img class=\"newsContent__article__imgCapa newsContent__article__imgCapa--banner\"\n\t\t\t\t\tsrc=\"https:\/\/files.sunoresearch.com.br\/n\/uploads\/2023\/03\/Ebook-Acoes-Desktop.jpg\"\n\t\t\t\t\tdata-promo-id=\"378302\"\t\t\t\t\t\t\t\t\t\twidth='1420' height='286'\t\t\t\t\talt=\"https:\/\/files.sunoresearch.com.br\/n\/uploads\/2023\/03\/Ebook-Acoes-Desktop.jpg\"\n\t\t\t\t>\n\t\t\t<\/picture>\n\t\t<\/a>\n\t<\/p>\n\n\n\n\n\n<h2 class=\"wp-block-heading\">B3 (B3SA3) tem queda de 8,2% no lucro do 4T23; entenda detalhes do balan\u00e7o<\/h2>\n\n\n\n<ul class=\"wp-block-list\">\n<li>A&nbsp;<strong>B3&nbsp;<\/strong>(B3SA3) reportou, na noite desta quinta-feira (22), um&nbsp;<a href=\"https:\/\/www.suno.com.br\/artigos\/lucro-liquido\/\" target=\"_blank\" rel=\"noreferrer noopener\">lucro l\u00edquido<\/a>&nbsp;recorrente de R$ 1,057 bilh\u00e3o no quarto trimestre de 2023, queda de 8,2% frente ao mesmo per\u00edodo de 2022 e de 8,7% na base sequencial.<\/li>\n<\/ul>\n\n\n\n<ul class=\"wp-block-list\">\n<li>O&nbsp;<a href=\"https:\/\/www.suno.com.br\/artigos\/lucro-liquido\/\" target=\"_blank\" rel=\"noreferrer noopener\">lucro l\u00edquido<\/a>&nbsp;atribu\u00eddo aos acionistas, que exclui itens n\u00e3o recorrentes, ficou em R$ 915,5 milh\u00f5es, uma queda de 8,8% em 12 meses e de 14,8% no comparativo trimestral.<\/li>\n<\/ul>\n\n\n\n<ul class=\"wp-block-list\">\n<li>As&nbsp;<strong>receitas totais da B3<\/strong>&nbsp;no quarto trimestre de 2023 somaram R$ 2,493 bilh\u00f5es, n\u00famero 2,9% inferior ao registrado no mesmo per\u00edodo do ano anterior e 0,1% superior ao do terceiro trimestre. Segundo o relat\u00f3rio, a queda na&nbsp;<strong>receita da B3<\/strong>&nbsp;reflete o desempenho dos derivativos de c\u00e2mbio, compensada, em parte, pelas receitas de juros somadas em moeda nacional. Os juros tamb\u00e9m foram apontados como respons\u00e1veis pela dificuldade de uma \u201crecupera\u00e7\u00e3o consistente\u201d no segmento de a\u00e7\u00f5es e instrumentos de&nbsp;<a href=\"https:\/\/www.suno.com.br\/artigos\/renda-variavel-7-dicas\/\" target=\"_blank\" rel=\"noreferrer noopener\">Renda Vari\u00e1vel<\/a>&nbsp;durante o 4\u00b0 tri.<\/li>\n<\/ul>\n\n\n\n<ul class=\"wp-block-list\">\n<li>Entre os destaques positivos, a companhia destaca a alta de 5,5% do saldo na deposit\u00e1ria de renda vari\u00e1vel, o que demonstra que o&nbsp;<a href=\"https:\/\/www.suno.com.br\/artigos\/valor-de-mercado\/\" target=\"_blank\" rel=\"noreferrer noopener\">valor de mercado<\/a>&nbsp;das empresas subiu no per\u00edodo.<\/li>\n<\/ul>\n\n\n\n<ul class=\"wp-block-list\">\n<li>Em derivativos listados, a B3 tamb\u00e9m destacou que o volume m\u00e9dio di\u00e1rio negociado (ADV) totalizou 6,2 milh\u00f5es de contratos, valor maior em 4,8% em rela\u00e7\u00e3o ao 3\u00b0 tri e 35,7% ao 4\u00b0 Tri de 2022, principalmente em fun\u00e7\u00e3o do bom desempenho de contratos de taxas de juros em Real.<\/li>\n<\/ul>\n\n\n\n<ul class=\"wp-block-list\">\n<li>J\u00e1 no&nbsp;<strong>segmento de balc\u00e3o da B3<\/strong>, as taxas de juros mais altas seguiram favorecendo o aumento de volumes, com alta de 14,3% no estoque de instrumentos de renda fixa e de 26,4% no estoque do Tesouro Direto em rela\u00e7\u00e3o ao mesmo per\u00edodo de 2022.<\/li>\n<\/ul>\n\n\n\n<ul class=\"wp-block-list\">\n<li>No&nbsp;<strong>4T23 da B3<\/strong>, o lucro antes de juros, impostos,&nbsp;<a href=\"https:\/\/www.suno.com.br\/artigos\/depreciacao-amortizacao\/\" target=\"_blank\" rel=\"noreferrer noopener\">deprecia\u00e7\u00e3o e amortiza\u00e7\u00e3o<\/a>&nbsp;(Ebitda, na sigla em ingl\u00eas) caiu 10,3%, para R$ 1,45 bilh\u00e3o, se comparado com os tr\u00eas meses anteriores, e apresentou um recuo de 9,8%, na compara\u00e7\u00e3o anual. A margem Ebtida caiu para 65,1% no quarto trimestre, de 70,5% no mesmo intervalo de 2022 e de 72,3% no terceiro trimestre.<\/li>\n<\/ul>\n\n\n\n<h2 class=\"wp-block-heading\">Assa\u00ed (ASAI3): com resultados \u201cpositivos\u201d, bancos esperam alta de 18,7% nas a\u00e7\u00f5es<\/h2>\n\n\n\n<ul class=\"wp-block-list\">\n<li>As a\u00e7\u00f5es do&nbsp;<a href=\"https:\/\/www.suno.com.br\/acoes\/asai3\/\" target=\"_blank\" rel=\"noreferrer noopener\"><strong>Assa\u00ed<\/strong>&nbsp;(ASAI3)<\/a>&nbsp;encerraram a sess\u00e3o desta ter\u00e7a-feira (22) em alta de 3,56%, cotadas a R$ 14,83, ap\u00f3s a divulga\u00e7\u00e3o de seu novo balan\u00e7o, referente ao quarto trimestre de 2023 (4T23).<\/li>\n<\/ul>\n\n\n\n<ul class=\"wp-block-list\">\n<li>O Assa\u00ed apresentou um&nbsp;<a href=\"https:\/\/www.suno.com.br\/artigos\/lucro-liquido\/\" target=\"_blank\" rel=\"noreferrer noopener\">lucro l\u00edquido<\/a>&nbsp;de R$ 297 milh\u00f5es no 4T23, montante 26,8% menor quando comparado ao mesmo per\u00edodo do ano anterior.<\/li>\n<\/ul>\n\n\n\n<ul class=\"wp-block-list\">\n<li>De forma geral, o BTG Pactual destacou o quadro de melhoria nos&nbsp;<strong>resultados do Assa\u00ed<\/strong>&nbsp;durante o \u00faltimo trimestre de 2023, conforme j\u00e1 era projetado pelo banco. Assim, a empresa conseguiu uma melhora nos n\u00fameros trimestrais, embora tenha sido atingida pela infla\u00e7\u00e3o de alimentos, que alcan\u00e7ou patamares mais baixos.<\/li>\n<\/ul>\n\n\n\n<ul class=\"wp-block-list\">\n<li>Apesar da press\u00e3o nas vendas devido \u00e0 infla\u00e7\u00e3o mais baixa nos alimentos, e com a taxa de juros ainda alta pressionando os resultados financeiros de certos players mais alavancados, o BTG ainda enxerga o setor como um dos \u201cmais resilientes\u201d.<\/li>\n<\/ul>\n\n\n\n<ul class=\"wp-block-list\">\n<li>O banco recomenda a&nbsp;<strong>compra das a\u00e7\u00f5es do Assa\u00ed<\/strong>, colocando um pre\u00e7o-alvo de R$ 17, o que representaria uma alta de 18,71% sobre a cota\u00e7\u00e3o de fechamento de ontem (21).<\/li>\n<\/ul>\n\n\n\n<ul class=\"wp-block-list\">\n<li>Os analistas do&nbsp;<strong>Goldman Sachs<\/strong>&nbsp;destacaram que o Assa\u00ed conseguiu se sair bem diante do cen\u00e1rio de defla\u00e7\u00e3o nos alimentos no 4T23, j\u00e1 que \u00e9 algo que poderia afetar a sua receita. Apesar disso, as vendas de mesmas lojas da empresa tiveram aumento anual de 3%, superando o seu concorrente Atacad\u00e3o, que registrou baixa de 2%.<\/li>\n<\/ul>\n\n\n\n<ul class=\"wp-block-list\">\n<li>Al\u00e9m disso, os especialistas tamb\u00e9m enxergam um processo de convers\u00e3o de lojas mais \u201camadurecido\u201d. Em rela\u00e7\u00e3o \u00e0 contra\u00e7\u00e3o da&nbsp;<a href=\"https:\/\/www.suno.com.br\/artigos\/margem-bruta-entenda-sua-importancia\/\" target=\"_blank\" rel=\"noreferrer noopener\">margem bruta<\/a>&nbsp;em 0,45 p.p., o banco diz que esse movimento teve compensa\u00e7\u00e3o pela queda na despesa operacional.<\/li>\n<\/ul>\n\n\n\n<ul class=\"wp-block-list\">\n<li>O pre\u00e7o-alvo estabelecido pelo Goldman Sachs para as&nbsp;<strong>a\u00e7\u00f5es do Assa\u00ed<\/strong>&nbsp;\u00e9 R$ 15, o que corresponde a um valor 4,74% maior que a cota\u00e7\u00e3o de fechamento da \u00faltima quarta-feira (21).<\/li>\n<\/ul>\n\n\n\n<h2 class=\"wp-block-heading\">Vale (VALE3) tem lucro 34,75% menor no 4T23, a US$ 2,442 bilh\u00f5es; veja os motivos<\/h2>\n\n\n\n<ul class=\"wp-block-list\">\n<li>A&nbsp;<a href=\"https:\/\/www.suno.com.br\/acoes\/VALE3\/\" target=\"_blank\" rel=\"noreferrer noopener\"><strong>Vale<\/strong>&nbsp;(VALE3)<\/a>&nbsp;teve um&nbsp;<a href=\"https:\/\/www.suno.com.br\/artigos\/lucro-liquido\/\" target=\"_blank\" rel=\"noreferrer noopener\">lucro l\u00edquido<\/a>&nbsp;das opera\u00e7\u00f5es continuadas de US$ 2,442 bilh\u00f5es no quarto trimestre de 2023 (4T23), o que representa uma queda de 34,75% em rela\u00e7\u00e3o ao mesmo per\u00edodo do ano anterior (4T22), quando o resultado foi de US$ 3,743 bilh\u00f5es.<\/li>\n<\/ul>\n\n\n\n<ul class=\"wp-block-list\">\n<li>O&nbsp;<strong>balan\u00e7o da Vale<\/strong>&nbsp;tamb\u00e9m traz um lucro l\u00edquido das opera\u00e7\u00f5es continuadas atribu\u00eddo aos acionistas de US$ 2,418 bilh\u00f5es, equivalente a uma baixa de 35,06% na compara\u00e7\u00e3o com o quarto trimestre de 2023.<\/li>\n<\/ul>\n\n\n\n<ul class=\"wp-block-list\">\n<li>O&nbsp;<strong>resultado da Vale<\/strong>&nbsp;foi impactado negativamente pelo incremento na provis\u00e3o atrelada ao rompimento da barragem da Samarco, cujo valor \u00e9 de US$ 1,229 bilh\u00e3o. Al\u00e9m disso, a mineradora tamb\u00e9m destaca um potencial acordo global com as autoridades brasileiras.<\/li>\n<\/ul>\n\n\n\n<ul class=\"wp-block-list\">\n<li>\u201cEmbora ainda sujeita a incertezas, nossa avalia\u00e7\u00e3o considera todas as informa\u00e7\u00f5es dispon\u00edveis sobre o status do potencial acordo, os processos relacionados ao rompimento da barragem da Samarco e at\u00e9 em que medida a Samarco ter\u00e1 capacidade de contribuir com quaisquer desembolsos futuros\u201d, destaca o novo&nbsp;<strong>balan\u00e7o trimestral da Vale<\/strong>.<\/li>\n<\/ul>\n\n\n\n<h2 class=\"wp-block-heading\">B3 (B3SA3) pagar\u00e1 R$ 374 milh\u00f5es em dividendos; confira valor por a\u00e7\u00e3o<\/h2>\n\n\n\n<ul class=\"wp-block-list\">\n<li>A&nbsp;<strong>B3<\/strong>&nbsp;(B3SA3), administradora da bolsa brasileira, anunciou na noite desta quinta-feira (22) o pagamento de R$ 374 milh\u00f5es em dividendos, referentes ao resultado de 2023. O valor equivale a cerca de R$ 0,066 por a\u00e7\u00e3o.<\/li>\n<\/ul>\n\n\n\n<ul class=\"wp-block-list\">\n<li>Ter\u00e3o direito aos&nbsp;<strong>dividendos da B3<\/strong>&nbsp;os acionistas posicionados na a\u00e7\u00e3o&nbsp;<strong>B3SA3<\/strong>&nbsp;no dia 27 de fevereiro. O pagamento ser\u00e1 feito no dia 5 de abril.<\/li>\n<\/ul>\n\n\n\n<h2 class=\"wp-block-heading\">Nubank (ROXO34) registra lucro de US$ 360 milh\u00f5es no 4T23; a\u00e7\u00f5es derretem 8%<\/h2>\n\n\n\n<ul class=\"wp-block-list\">\n<li>O&nbsp;<strong>Nubank<\/strong>&nbsp;(<a href=\"https:\/\/statusinvest.com.br\/bdrs\/roxo34?__hstc=189907700.57003753d8805be60d3d8f1693f0228c.1666093829288.1708570903576.1708646780344.372&amp;__hssc=189907700.35.1708646780344&amp;__hsfp=4259768707\">ROXO34<\/a>) registrou&nbsp;<a href=\"https:\/\/www.suno.com.br\/artigos\/lucro-liquido\/\" target=\"_blank\" rel=\"noreferrer noopener\">lucro l\u00edquido<\/a>&nbsp;de US$ 360,9 milh\u00f5es no quatro trimestre de 2023 (4T23), conforme divulgado pela companhia nesta quarta-feira (22) ap\u00f3s o fechamento de mercado.<\/li>\n<\/ul>\n\n\n\n<ul class=\"wp-block-list\">\n<li>Com isso, foi multiplicado por seis vezes o&nbsp;<strong>lucro do Nubank<\/strong>&nbsp;de US$ 58 milh\u00f5es em igual etapa do ano anterior.<\/li>\n<\/ul>\n\n\n\n<ul class=\"wp-block-list\">\n<li>Al\u00e9m disso o&nbsp;<strong>resultado do Nubank<\/strong>&nbsp;ficou levemente acima das expectativas do consenso de mercado, que miravam US$ 356 milh\u00f5es de&nbsp;<a href=\"https:\/\/www.suno.com.br\/artigos\/lucro-liquido\/\" target=\"_blank\" rel=\"noreferrer noopener\">lucro l\u00edquido<\/a>.<\/li>\n<\/ul>\n\n\n\n<ul class=\"wp-block-list\">\n<li>Apesar disso, uma s\u00e9rie de especialistas estimava um lucro acima de US$ 400 milh\u00f5es e o mercado reservava grande otimismo para o balan\u00e7o. Com isso, os pap\u00e9is do banco despencam cerca de 8% nas negocia\u00e7\u00f5es after hours da NYSE, onde a companhia \u00e9 listada.<\/li>\n<\/ul>\n\n\n\n<ul class=\"wp-block-list\">\n<li>Olhando para o&nbsp;<a href=\"https:\/\/www.suno.com.br\/artigos\/lucro-liquido\/\" target=\"_blank\" rel=\"noreferrer noopener\">lucro l\u00edquido<\/a>&nbsp;ajustado, o&nbsp;<strong>Nubank no 4T23<\/strong>&nbsp;somou US$ 395,8 milh\u00f5es, ante US$ 113,8 milh\u00f5es registrados em igual etapa do ano anterior \u2013 ou seja, alta de cerca de 250%.<\/li>\n<\/ul>\n\n\n\n<ul class=\"wp-block-list\">\n<li>J\u00e1 a&nbsp;<strong>receita do Nubank<\/strong>&nbsp;ficou em US$ 2,4 bilh\u00f5es, representando alta de 57% na base anual. O n\u00famero tamb\u00e9m ficou acima das expectativas do mercado, que estimava US$ 2,22 bilh\u00f5es.<\/li>\n<\/ul>\n\n\n\n<ul class=\"wp-block-list\">\n<li>Com esses n\u00fameros, o&nbsp;<strong>lucro do Nubank em 2023<\/strong>&nbsp;fechou em US$ 1,2 bilh\u00e3o, ante US$ 204 milh\u00f5es registrados no ano anterior.<\/li>\n<\/ul>\n\n\n\n<ul class=\"wp-block-list\">\n<li>\u201c\u00c0 medida que trabalhamos para ultrapassar a marca de 100 milh\u00f5es de clientes em 2024, estamos investindo pesado em diversificar caminhos de crescimento para continuar a transformar potencial em lucro\u201d, afirma no balan\u00e7o o CEO e&nbsp;<strong>fundador do Nubank<\/strong>,&nbsp;<strong>David V\u00e9lez<\/strong>. A fintech fechou dezembro com 93,9 milh\u00f5es de clientes, em compara\u00e7\u00e3o com 54 milh\u00f5es h\u00e1 um ano.<\/li>\n<\/ul>\n\n\n\n<p>Da\u00a0<strong>Vale<\/strong> \u00e0 B3, essas foram as empresas que se destacaram hoje. Para ler todas as mat\u00e9rias\u00a0<strong><a href=\"https:\/\/www.suno.com.br\/noticias\/todos\/?utm_content=XYOE2ItQuUY.20201113&amp;utm_campaign=Track%2B&amp;utm_medium=video&amp;utm_source=telegram.sunoresearch\" target=\"_blank\" rel=\"noreferrer noopener\">clique aqui<\/a><\/strong>.<a href=\"https:\/\/lp.suno.com.br\/planilha-da-vida-financeira\/\" target=\"_blank\" rel=\"noreferrer noopener\"><\/a><a href=\"https:\/\/lp.suno.com.br\/cl\/webinario-suno-black-2024\/\" target=\"_blank\" rel=\"noreferrer noopener\"><\/a><a href=\"https:\/\/lp.suno.com.br\/planilha-da-vida-financeira\/\" target=\"_blank\" rel=\"noreferrer noopener\"><\/a><a href=\"https:\/\/lp.suno.com.br\/planilha-da-vida-financeira\/\" target=\"_blank\" rel=\"noreferrer noopener\"><\/a><a href=\"https:\/\/lp.suno.com.br\/planilha-da-vida-financeira\/\" target=\"_blank\" rel=\"noreferrer noopener\"><\/a><a href=\"https:\/\/lp.suno.com.br\/planilha-da-vida-financeira\/\" target=\"_blank\" rel=\"noreferrer noopener\"><\/a><a href=\"https:\/\/lp.suno.com.br\/planilha-da-vida-financeira\/\" target=\"_blank\" rel=\"noreferrer noopener\"><\/a><a href=\"https:\/\/lp.suno.com.br\/planilha-da-vida-financeira\/\" target=\"_blank\" rel=\"noreferrer noopener\"><\/a><a href=\"https:\/\/lp.suno.com.br\/planilha-da-vida-financeira\/\" target=\"_blank\" rel=\"noreferrer noopener\"><\/a><a href=\"https:\/\/lp.suno.com.br\/planilha-da-vida-financeira\/\" target=\"_blank\" rel=\"noreferrer noopener\"><\/a><a href=\"https:\/\/lp.suno.com.br\/planilha-da-vida-financeira\/\" target=\"_blank\" rel=\"noreferrer noopener\"><\/a><a href=\"https:\/\/lp.suno.com.br\/planilha-da-vida-financeira\/\" target=\"_blank\" rel=\"noreferrer noopener\"><\/a><a href=\"https:\/\/lp.suno.com.br\/planilha-da-vida-financeira\/\" target=\"_blank\" rel=\"noreferrer noopener\"><\/a><a href=\"https:\/\/lp.suno.com.br\/planilha-da-vida-financeira\/\" target=\"_blank\" rel=\"noreferrer noopener\"><\/a><a href=\"https:\/\/lp.suno.com.br\/planilha-da-vida-financeira\/\" target=\"_blank\" rel=\"noreferrer noopener\"><\/a><a href=\"https:\/\/lp.suno.com.br\/planilha-da-vida-financeira\/\" target=\"_blank\" rel=\"noreferrer noopener\"><\/a><a href=\"https:\/\/lp.suno.com.br\/planilha-da-vida-financeira\/\" target=\"_blank\" rel=\"noreferrer noopener\"><\/a><a href=\"https:\/\/lp.suno.com.br\/planilha-da-vida-financeira\/\" target=\"_blank\" rel=\"noreferrer noopener\"><\/a><a href=\"https:\/\/lp.suno.com.br\/planilha-da-vida-financeira\/\" target=\"_blank\" rel=\"noreferrer noopener\"><\/a><a href=\"https:\/\/lp.suno.com.br\/cl\/aniversario-suno-7-anos\/\" target=\"_blank\" rel=\"noreferrer noopener\"><\/a><a href=\"https:\/\/lp.suno.com.br\/cl\/aniversario-suno-7-anos\/\" target=\"_blank\" rel=\"noreferrer noopener\"><\/a><a href=\"https:\/\/lp.suno.com.br\/cl\/aniversario-suno-7-anos\/\" target=\"_blank\" rel=\"noreferrer noopener\"><\/a><a href=\"https:\/\/lp.suno.com.br\/cl\/distribuicao-aniversario-7-anos\/\" target=\"_blank\" rel=\"noreferrer noopener\"><\/a><\/p>\n\n\n\t<p>\n\t\t<a href=\"https:\/\/lp.suno.com.br\/planilha-da-vida-financeira\/\" target=\"_blank\" data-element=\"shortcode-suno-banner\" title=\"Banner SUNO, clique e saiba mais\">\n\t\t\t<picture>\n\t\t\t\t<source media=\"(max-width: 500px)\" srcset=\"https:\/\/files.sunoresearch.com.br\/n\/uploads\/2023\/04\/400x300-Planilha-vida-financeira-true.png\">\n\t\t\t\t<img class=\"newsContent__article__imgCapa newsContent__article__imgCapa--banner\"\n\t\t\t\t\tsrc=\"https:\/\/files.sunoresearch.com.br\/n\/uploads\/2023\/04\/1420x240-Planilha-vida-financeira-true.png\"\n\t\t\t\t\tdata-promo-id=\"383123\"\t\t\t\t\t\t\t\t\t\twidth='1420' height='240'\t\t\t\t\talt=\"https:\/\/files.sunoresearch.com.br\/n\/uploads\/2023\/04\/1420x240-Planilha-vida-financeira-true.png\"\n\t\t\t\t>\n\t\t\t<\/picture>\n\t\t<\/a>\n\t<\/p>\n\n\n","protected":false},"excerpt":{"rendered":"<p>A&nbsp;Vale&nbsp;(VALE3) anunciou, na noite desta quinta-feira (22), o pagamento de&nbsp;dividendos&nbsp;no valor bruto de R$ 2,738617408 por a\u00e7\u00e3o. Vale (VALE3). Foto: Divulga\u00e7\u00e3o\/Vale Os&nbsp;dividendos&nbsp;da Vale&nbsp;ser\u00e3o pagos aos acionistas que tiverem a\u00e7\u00f5es&nbsp;VALE3&nbsp;na carteira no dia 11 de mar\u00e7o. O valor cai na conta dos acionistas no dia 19 de mar\u00e7o. J\u00e1 em rela\u00e7\u00e3o \u00e0s&nbsp;ADRs da Vale&nbsp;negociadas em Nova [&hellip;]<\/p>\n","protected":false},"author":227,"featured_media":331473,"comment_status":"closed","ping_status":"closed","sticky":false,"template":"","format":"standard","meta":[],"categories":[64],"tags":[367,1964,107160,676],"suno_strategy":[],"class_list":["post-525974","post","type-post","status-publish","format-standard","has-post-thumbnail","hentry","category-negocios","tag-b3-b3sa3","tag-grupo-pao-de-acucar-pcar3-pcar4","tag-nubank-roxo34","tag-vale-vale3"],"yoast_head":"<!-- This site is optimized with the Yoast SEO plugin v24.4 - https:\/\/yoast.com\/wordpress\/plugins\/seo\/ -->\n<title>Radar: Vale (VALE3), GPA (PCAR3), B3 (B3SA3) e mais<\/title>\n<meta name=\"description\" content=\"Vale (VALE3) anuncia pagamento de dividendos, analistas veem resultado positivo para GPA (PCAR3) e B3 (B3SA3) tem queda no lucro no 4T23\" \/>\n<meta name=\"robots\" content=\"index, follow, max-snippet:-1, max-image-preview:large, max-video-preview:-1\" \/>\n<link rel=\"canonical\" href=\"https:\/\/www.suno.com.br\/noticias\/vale-vale3-gpa-pcar3-b3-b3sa3-radar-vl\/\" \/>\n<meta property=\"og:locale\" content=\"pt_BR\" \/>\n<meta property=\"og:type\" content=\"article\" \/>\n<meta property=\"og:title\" content=\"Radar: Vale (VALE3), GPA (PCAR3), B3 (B3SA3) e mais\" \/>\n<meta property=\"og:description\" content=\"Vale (VALE3) anuncia pagamento de dividendos, analistas veem resultado positivo para GPA (PCAR3) e B3 (B3SA3) tem queda no lucro no 4T23\" \/>\n<meta property=\"og:url\" content=\"https:\/\/www.suno.com.br\/noticias\/vale-vale3-gpa-pcar3-b3-b3sa3-radar-vl\/\" \/>\n<meta property=\"og:site_name\" content=\"Suno Not\u00edcias\" \/>\n<meta property=\"article:publisher\" content=\"https:\/\/facebook.com\/sunoresearch\" \/>\n<meta property=\"og:image\" content=\"https:\/\/files.sunoresearch.com.br\/n\/uploads\/2022\/12\/vale-vale3.jpg\" \/>\n\t<meta property=\"og:image:width\" content=\"1200\" \/>\n\t<meta property=\"og:image:height\" content=\"800\" \/>\n\t<meta property=\"og:image:type\" content=\"image\/jpeg\" \/>\n<meta name=\"author\" content=\"Vanessa Loiola\" \/>\n<meta name=\"twitter:card\" content=\"summary_large_image\" \/>\n<meta name=\"twitter:creator\" content=\"@sunoresearch\" \/>\n<meta name=\"twitter:site\" content=\"@sunoresearch\" \/>\n<meta name=\"twitter:label1\" content=\"Escrito por\" \/>\n\t<meta name=\"twitter:data1\" content=\"Vanessa Loiola\" \/>\n\t<meta name=\"twitter:label2\" content=\"Est. tempo de leitura\" \/>\n\t<meta name=\"twitter:data2\" content=\"10 minutos\" \/>\n<script type=\"application\/ld+json\" class=\"yoast-schema-graph\">{\"@context\":\"https:\/\/schema.org\",\"@graph\":[{\"@type\":\"NewsArticle\",\"@id\":\"https:\/\/www.suno.com.br\/noticias\/vale-vale3-gpa-pcar3-b3-b3sa3-radar-vl\/#article\",\"isPartOf\":{\"@id\":\"https:\/\/www.suno.com.br\/noticias\/vale-vale3-gpa-pcar3-b3-b3sa3-radar-vl\/\"},\"author\":{\"name\":\"Vanessa Loiola\",\"@id\":\"https:\/\/www.suno.com.br\/noticias\/#\/schema\/person\/450c455ecff319bab1f1a0e643451479\"},\"headline\":\"Radar: Vale (VALE3) anuncia pagamento de dividendos, analistas veem resultado positivo para GPA (PCAR3) e B3 (B3SA3) tem queda no lucro no 4T23\",\"datePublished\":\"2024-02-23T02:41:06+00:00\",\"dateModified\":\"2024-02-23T02:41:19+00:00\",\"mainEntityOfPage\":{\"@id\":\"https:\/\/www.suno.com.br\/noticias\/vale-vale3-gpa-pcar3-b3-b3sa3-radar-vl\/\"},\"wordCount\":1927,\"publisher\":{\"@id\":\"https:\/\/www.suno.com.br\/noticias\/#organization\"},\"image\":{\"@id\":\"https:\/\/www.suno.com.br\/noticias\/vale-vale3-gpa-pcar3-b3-b3sa3-radar-vl\/#primaryimage\"},\"thumbnailUrl\":\"https:\/\/files.sunoresearch.com.br\/n\/uploads\/2022\/12\/vale-vale3.jpg\",\"keywords\":[\"B3 (B3SA3)\",\"Grupo P\u00e3o de A\u00e7\u00facar (PCAR3\/PCAR4)\",\"Nubank (ROXO34)\",\"Vale (VALE3)\"],\"articleSection\":[\"Neg\u00f3cios\"],\"inLanguage\":\"pt-BR\"},{\"@type\":\"WebPage\",\"@id\":\"https:\/\/www.suno.com.br\/noticias\/vale-vale3-gpa-pcar3-b3-b3sa3-radar-vl\/\",\"url\":\"https:\/\/www.suno.com.br\/noticias\/vale-vale3-gpa-pcar3-b3-b3sa3-radar-vl\/\",\"name\":\"Radar: Vale (VALE3), GPA (PCAR3), B3 (B3SA3) e mais\",\"isPartOf\":{\"@id\":\"https:\/\/www.suno.com.br\/noticias\/#website\"},\"primaryImageOfPage\":{\"@id\":\"https:\/\/www.suno.com.br\/noticias\/vale-vale3-gpa-pcar3-b3-b3sa3-radar-vl\/#primaryimage\"},\"image\":{\"@id\":\"https:\/\/www.suno.com.br\/noticias\/vale-vale3-gpa-pcar3-b3-b3sa3-radar-vl\/#primaryimage\"},\"thumbnailUrl\":\"https:\/\/files.sunoresearch.com.br\/n\/uploads\/2022\/12\/vale-vale3.jpg\",\"datePublished\":\"2024-02-23T02:41:06+00:00\",\"dateModified\":\"2024-02-23T02:41:19+00:00\",\"description\":\"Vale (VALE3) anuncia pagamento de dividendos, analistas veem resultado positivo para GPA (PCAR3) e B3 (B3SA3) tem queda no lucro no 4T23\",\"breadcrumb\":{\"@id\":\"https:\/\/www.suno.com.br\/noticias\/vale-vale3-gpa-pcar3-b3-b3sa3-radar-vl\/#breadcrumb\"},\"inLanguage\":\"pt-BR\",\"potentialAction\":[{\"@type\":\"ReadAction\",\"target\":[\"https:\/\/www.suno.com.br\/noticias\/vale-vale3-gpa-pcar3-b3-b3sa3-radar-vl\/\"]}]},{\"@type\":\"ImageObject\",\"inLanguage\":\"pt-BR\",\"@id\":\"https:\/\/www.suno.com.br\/noticias\/vale-vale3-gpa-pcar3-b3-b3sa3-radar-vl\/#primaryimage\",\"url\":\"https:\/\/files.sunoresearch.com.br\/n\/uploads\/2022\/12\/vale-vale3.jpg\",\"contentUrl\":\"https:\/\/files.sunoresearch.com.br\/n\/uploads\/2022\/12\/vale-vale3.jpg\",\"width\":1200,\"height\":800,\"caption\":\"Vale (VALE3). Foto: Divulga\u00e7\u00e3o\/Vale\"},{\"@type\":\"BreadcrumbList\",\"@id\":\"https:\/\/www.suno.com.br\/noticias\/vale-vale3-gpa-pcar3-b3-b3sa3-radar-vl\/#breadcrumb\",\"itemListElement\":[{\"@type\":\"ListItem\",\"position\":1,\"name\":\"Not\u00edcias\",\"item\":\"https:\/\/www.suno.com.br\/noticias\/\"},{\"@type\":\"ListItem\",\"position\":2,\"name\":\"Neg\u00f3cios\",\"item\":\"https:\/\/www.suno.com.br\/noticias\/negocios\/\"},{\"@type\":\"ListItem\",\"position\":3,\"name\":\"Radar: Vale (VALE3) anuncia pagamento de dividendos, analistas veem resultado positivo para GPA (PCAR3) e B3 (B3SA3) tem queda no lucro no 4T23\"}]},{\"@type\":\"WebSite\",\"@id\":\"https:\/\/www.suno.com.br\/noticias\/#website\",\"url\":\"https:\/\/www.suno.com.br\/noticias\/\",\"name\":\"Suno Not\u00edcias\",\"description\":\"Seu portal de informa\u00e7\u00e3o sobre o mundo dos investimentos\",\"publisher\":{\"@id\":\"https:\/\/www.suno.com.br\/noticias\/#organization\"},\"potentialAction\":[{\"@type\":\"SearchAction\",\"target\":{\"@type\":\"EntryPoint\",\"urlTemplate\":\"https:\/\/www.suno.com.br\/noticias\/?s={search_term_string}\"},\"query-input\":{\"@type\":\"PropertyValueSpecification\",\"valueRequired\":true,\"valueName\":\"search_term_string\"}}],\"inLanguage\":\"pt-BR\"},{\"@type\":\"Organization\",\"@id\":\"https:\/\/www.suno.com.br\/noticias\/#organization\",\"name\":\"Suno Not\u00edcias\",\"url\":\"https:\/\/www.suno.com.br\/noticias\/\",\"logo\":{\"@type\":\"ImageObject\",\"inLanguage\":\"pt-BR\",\"@id\":\"https:\/\/www.suno.com.br\/noticias\/#\/schema\/logo\/image\/\",\"url\":\"https:\/\/files.sunoresearch.com.br\/n\/uploads\/2021\/09\/suno-logo.png\",\"contentUrl\":\"https:\/\/files.sunoresearch.com.br\/n\/uploads\/2021\/09\/suno-logo.png\",\"width\":180,\"height\":180,\"caption\":\"Suno Not\u00edcias\"},\"image\":{\"@id\":\"https:\/\/www.suno.com.br\/noticias\/#\/schema\/logo\/image\/\"},\"sameAs\":[\"https:\/\/facebook.com\/sunoresearch\",\"https:\/\/x.com\/sunoresearch\",\"https:\/\/www.instagram.com\/suno\",\"https:\/\/www.linkedin.com\/company\/suno-research\/\",\"https:\/\/www.youtube.com\/c\/sunoresearch\"]},{\"@type\":\"Person\",\"@id\":\"https:\/\/www.suno.com.br\/noticias\/#\/schema\/person\/450c455ecff319bab1f1a0e643451479\",\"name\":\"Vanessa Loiola\",\"image\":{\"@type\":\"ImageObject\",\"inLanguage\":\"pt-BR\",\"@id\":\"https:\/\/www.suno.com.br\/noticias\/#\/schema\/person\/image\/\",\"url\":\"https:\/\/secure.gravatar.com\/avatar\/8b41117f9780831919eb38da349c3f20?s=96&r=g\",\"contentUrl\":\"https:\/\/secure.gravatar.com\/avatar\/8b41117f9780831919eb38da349c3f20?s=96&r=g\",\"caption\":\"Vanessa Loiola\"},\"description\":\"Jornalista formada pela PUC-SP, com experi\u00eancia na cobertura das editorias de economia, finan\u00e7as, bolsa de valores, pol\u00edtica, energia solar e entretenimento. Com passagem pela BM&amp;C News e RedeTV!\",\"url\":\"https:\/\/www.suno.com.br\/noticias\/author\/vanessal-loiolagmail-com\/\"}]}<\/script>\n<!-- \/ Yoast SEO plugin. -->","yoast_head_json":{"title":"Radar: Vale (VALE3), GPA (PCAR3), B3 (B3SA3) e mais","description":"Vale (VALE3) anuncia pagamento de dividendos, analistas veem resultado positivo para GPA (PCAR3) e B3 (B3SA3) tem queda no lucro no 4T23","robots":{"index":"index","follow":"follow","max-snippet":"max-snippet:-1","max-image-preview":"max-image-preview:large","max-video-preview":"max-video-preview:-1"},"canonical":"https:\/\/www.suno.com.br\/noticias\/vale-vale3-gpa-pcar3-b3-b3sa3-radar-vl\/","og_locale":"pt_BR","og_type":"article","og_title":"Radar: Vale (VALE3), GPA (PCAR3), B3 (B3SA3) e mais","og_description":"Vale (VALE3) anuncia pagamento de dividendos, analistas veem resultado positivo para GPA (PCAR3) e B3 (B3SA3) tem queda no lucro no 4T23","og_url":"https:\/\/www.suno.com.br\/noticias\/vale-vale3-gpa-pcar3-b3-b3sa3-radar-vl\/","og_site_name":"Suno Not\u00edcias","article_publisher":"https:\/\/facebook.com\/sunoresearch","og_image":[{"width":1200,"height":800,"url":"https:\/\/files.sunoresearch.com.br\/n\/uploads\/2022\/12\/vale-vale3.jpg","type":"image\/jpeg"}],"author":"Vanessa Loiola","twitter_card":"summary_large_image","twitter_creator":"@sunoresearch","twitter_site":"@sunoresearch","twitter_misc":{"Escrito por":"Vanessa Loiola","Est. tempo de leitura":"10 minutos"},"schema":{"@context":"https:\/\/schema.org","@graph":[{"@type":"NewsArticle","@id":"https:\/\/www.suno.com.br\/noticias\/vale-vale3-gpa-pcar3-b3-b3sa3-radar-vl\/#article","isPartOf":{"@id":"https:\/\/www.suno.com.br\/noticias\/vale-vale3-gpa-pcar3-b3-b3sa3-radar-vl\/"},"author":{"name":"Vanessa Loiola","@id":"https:\/\/www.suno.com.br\/noticias\/#\/schema\/person\/450c455ecff319bab1f1a0e643451479"},"headline":"Radar: Vale (VALE3) anuncia pagamento de dividendos, analistas veem resultado positivo para GPA (PCAR3) e B3 (B3SA3) tem queda no lucro no 4T23","datePublished":"2024-02-23T02:41:06+00:00","dateModified":"2024-02-23T02:41:19+00:00","mainEntityOfPage":{"@id":"https:\/\/www.suno.com.br\/noticias\/vale-vale3-gpa-pcar3-b3-b3sa3-radar-vl\/"},"wordCount":1927,"publisher":{"@id":"https:\/\/www.suno.com.br\/noticias\/#organization"},"image":{"@id":"https:\/\/www.suno.com.br\/noticias\/vale-vale3-gpa-pcar3-b3-b3sa3-radar-vl\/#primaryimage"},"thumbnailUrl":"https:\/\/files.sunoresearch.com.br\/n\/uploads\/2022\/12\/vale-vale3.jpg","keywords":["B3 (B3SA3)","Grupo P\u00e3o de A\u00e7\u00facar (PCAR3\/PCAR4)","Nubank (ROXO34)","Vale (VALE3)"],"articleSection":["Neg\u00f3cios"],"inLanguage":"pt-BR"},{"@type":"WebPage","@id":"https:\/\/www.suno.com.br\/noticias\/vale-vale3-gpa-pcar3-b3-b3sa3-radar-vl\/","url":"https:\/\/www.suno.com.br\/noticias\/vale-vale3-gpa-pcar3-b3-b3sa3-radar-vl\/","name":"Radar: Vale (VALE3), GPA (PCAR3), B3 (B3SA3) e mais","isPartOf":{"@id":"https:\/\/www.suno.com.br\/noticias\/#website"},"primaryImageOfPage":{"@id":"https:\/\/www.suno.com.br\/noticias\/vale-vale3-gpa-pcar3-b3-b3sa3-radar-vl\/#primaryimage"},"image":{"@id":"https:\/\/www.suno.com.br\/noticias\/vale-vale3-gpa-pcar3-b3-b3sa3-radar-vl\/#primaryimage"},"thumbnailUrl":"https:\/\/files.sunoresearch.com.br\/n\/uploads\/2022\/12\/vale-vale3.jpg","datePublished":"2024-02-23T02:41:06+00:00","dateModified":"2024-02-23T02:41:19+00:00","description":"Vale (VALE3) anuncia pagamento de dividendos, analistas veem resultado positivo para GPA (PCAR3) e B3 (B3SA3) tem queda no lucro no 4T23","breadcrumb":{"@id":"https:\/\/www.suno.com.br\/noticias\/vale-vale3-gpa-pcar3-b3-b3sa3-radar-vl\/#breadcrumb"},"inLanguage":"pt-BR","potentialAction":[{"@type":"ReadAction","target":["https:\/\/www.suno.com.br\/noticias\/vale-vale3-gpa-pcar3-b3-b3sa3-radar-vl\/"]}]},{"@type":"ImageObject","inLanguage":"pt-BR","@id":"https:\/\/www.suno.com.br\/noticias\/vale-vale3-gpa-pcar3-b3-b3sa3-radar-vl\/#primaryimage","url":"https:\/\/files.sunoresearch.com.br\/n\/uploads\/2022\/12\/vale-vale3.jpg","contentUrl":"https:\/\/files.sunoresearch.com.br\/n\/uploads\/2022\/12\/vale-vale3.jpg","width":1200,"height":800,"caption":"Vale (VALE3). Foto: Divulga\u00e7\u00e3o\/Vale"},{"@type":"BreadcrumbList","@id":"https:\/\/www.suno.com.br\/noticias\/vale-vale3-gpa-pcar3-b3-b3sa3-radar-vl\/#breadcrumb","itemListElement":[{"@type":"ListItem","position":1,"name":"Not\u00edcias","item":"https:\/\/www.suno.com.br\/noticias\/"},{"@type":"ListItem","position":2,"name":"Neg\u00f3cios","item":"https:\/\/www.suno.com.br\/noticias\/negocios\/"},{"@type":"ListItem","position":3,"name":"Radar: Vale (VALE3) anuncia pagamento de dividendos, analistas veem resultado positivo para GPA (PCAR3) e B3 (B3SA3) tem queda no lucro no 4T23"}]},{"@type":"WebSite","@id":"https:\/\/www.suno.com.br\/noticias\/#website","url":"https:\/\/www.suno.com.br\/noticias\/","name":"Suno Not\u00edcias","description":"Seu portal de informa\u00e7\u00e3o sobre o mundo dos investimentos","publisher":{"@id":"https:\/\/www.suno.com.br\/noticias\/#organization"},"potentialAction":[{"@type":"SearchAction","target":{"@type":"EntryPoint","urlTemplate":"https:\/\/www.suno.com.br\/noticias\/?s={search_term_string}"},"query-input":{"@type":"PropertyValueSpecification","valueRequired":true,"valueName":"search_term_string"}}],"inLanguage":"pt-BR"},{"@type":"Organization","@id":"https:\/\/www.suno.com.br\/noticias\/#organization","name":"Suno Not\u00edcias","url":"https:\/\/www.suno.com.br\/noticias\/","logo":{"@type":"ImageObject","inLanguage":"pt-BR","@id":"https:\/\/www.suno.com.br\/noticias\/#\/schema\/logo\/image\/","url":"https:\/\/files.sunoresearch.com.br\/n\/uploads\/2021\/09\/suno-logo.png","contentUrl":"https:\/\/files.sunoresearch.com.br\/n\/uploads\/2021\/09\/suno-logo.png","width":180,"height":180,"caption":"Suno Not\u00edcias"},"image":{"@id":"https:\/\/www.suno.com.br\/noticias\/#\/schema\/logo\/image\/"},"sameAs":["https:\/\/facebook.com\/sunoresearch","https:\/\/x.com\/sunoresearch","https:\/\/www.instagram.com\/suno","https:\/\/www.linkedin.com\/company\/suno-research\/","https:\/\/www.youtube.com\/c\/sunoresearch"]},{"@type":"Person","@id":"https:\/\/www.suno.com.br\/noticias\/#\/schema\/person\/450c455ecff319bab1f1a0e643451479","name":"Vanessa Loiola","image":{"@type":"ImageObject","inLanguage":"pt-BR","@id":"https:\/\/www.suno.com.br\/noticias\/#\/schema\/person\/image\/","url":"https:\/\/secure.gravatar.com\/avatar\/8b41117f9780831919eb38da349c3f20?s=96&r=g","contentUrl":"https:\/\/secure.gravatar.com\/avatar\/8b41117f9780831919eb38da349c3f20?s=96&r=g","caption":"Vanessa Loiola"},"description":"Jornalista formada pela PUC-SP, com experi\u00eancia na cobertura das editorias de economia, finan\u00e7as, bolsa de valores, pol\u00edtica, energia solar e entretenimento. Com passagem pela BM&amp;C News e RedeTV!","url":"https:\/\/www.suno.com.br\/noticias\/author\/vanessal-loiolagmail-com\/"}]}},"default_loop_html":"<div class=\"cardsPage__listCard__boxs\"><div class=\"cardsPage__listCard__boxs__img\"><a href=\"https:\/\/www.suno.com.br\/noticias\/vale-vale3-gpa-pcar3-b3-b3sa3-radar-vl\/\"><img class=\"mask\" src=\"https:\/\/www.suno.com.br\/noticias\/wp-content\/themes\/suno\/resources\/images\/spotlight\/spotlight1img\/bg-mask.png\" alt=\"Image Mask\"\/><img src=\"https:\/\/files.sunoresearch.com.br\/n\/uploads\/2022\/12\/vale-vale3-400x200.jpg\" alt=\"Radar: Vale (VALE3) anuncia pagamento de dividendos, analistas veem resultado positivo para GPA (PCAR3) e B3 (B3SA3) tem queda no lucro no 4T23\"\/><\/a><span class=\"spotlightCategory\"><a href=\"https:\/\/www.suno.com.br\/noticias\/negocios\/\">Neg\u00f3cios<\/a><\/span><\/div><div class=\"cardsPage__listCard__boxs__content\"><a href=\"https:\/\/www.suno.com.br\/noticias\/vale-vale3-gpa-pcar3-b3-b3sa3-radar-vl\/\"><h2 class=\"content__title\">Radar: Vale (VALE3) anuncia pagamento de dividendos, analistas veem resultado positivo para GPA (PCAR3) e B3 (B3SA3) tem queda no lucro no 4T23<\/h2><\/a><div class=\"newsContent__article__meta\"><div class=\"newsContent__article__meta__authorBox\"><a href=\"https:\/\/www.suno.com.br\/noticias\/author\/vanessal-loiolagmail-com\/\" class=\"authorBox__avatar noMobi\"><img src=\"https:\/\/secure.gravatar.com\/avatar\/8b41117f9780831919eb38da349c3f20?s=96&#038;r=g\" alt=\"Vanessa Loiola\"><\/a><div class=\"authorBox__name\"><span>por\n\t\t\t<a href=\"https:\/\/www.suno.com.br\/noticias\/author\/vanessal-loiolagmail-com\/\"><span itemprop=\"author\">Vanessa Loiola<\/span><\/a><\/span><time datetime=\"2024-02-22T23:41:06-03:00\" itemprop=\"datePublished\">22\/02\/2024 23:41<\/time><\/div><\/div><\/div><\/div><\/div>","single_layout":"posts","amp_enabled":true,"_links":{"self":[{"href":"https:\/\/www.suno.com.br\/noticias\/wp-json\/wp\/v2\/posts\/525974"}],"collection":[{"href":"https:\/\/www.suno.com.br\/noticias\/wp-json\/wp\/v2\/posts"}],"about":[{"href":"https:\/\/www.suno.com.br\/noticias\/wp-json\/wp\/v2\/types\/post"}],"author":[{"embeddable":true,"href":"https:\/\/www.suno.com.br\/noticias\/wp-json\/wp\/v2\/users\/227"}],"replies":[{"embeddable":true,"href":"https:\/\/www.suno.com.br\/noticias\/wp-json\/wp\/v2\/comments?post=525974"}],"version-history":[{"count":2,"href":"https:\/\/www.suno.com.br\/noticias\/wp-json\/wp\/v2\/posts\/525974\/revisions"}],"predecessor-version":[{"id":525979,"href":"https:\/\/www.suno.com.br\/noticias\/wp-json\/wp\/v2\/posts\/525974\/revisions\/525979"}],"wp:featuredmedia":[{"embeddable":true,"href":"https:\/\/www.suno.com.br\/noticias\/wp-json\/wp\/v2\/media\/331473"}],"wp:attachment":[{"href":"https:\/\/www.suno.com.br\/noticias\/wp-json\/wp\/v2\/media?parent=525974"}],"wp:term":[{"taxonomy":"category","embeddable":true,"href":"https:\/\/www.suno.com.br\/noticias\/wp-json\/wp\/v2\/categories?post=525974"},{"taxonomy":"post_tag","embeddable":true,"href":"https:\/\/www.suno.com.br\/noticias\/wp-json\/wp\/v2\/tags?post=525974"},{"taxonomy":"suno_strategy","embeddable":true,"href":"https:\/\/www.suno.com.br\/noticias\/wp-json\/wp\/v2\/suno_strategy?post=525974"}],"curies":[{"name":"wp","href":"https:\/\/api.w.org\/{rel}","templated":true}]}}