{"id":52588,"date":"2020-02-11T10:08:47","date_gmt":"2020-02-11T12:08:47","guid":{"rendered":"https:\/\/www.suno.com.br\/noticias\/?p=52588"},"modified":"2020-02-11T10:31:28","modified_gmt":"2020-02-11T12:31:28","slug":"copom-indica-interrupcao-de-cortes-da-taxa-selic","status":"publish","type":"post","link":"https:\/\/www.suno.com.br\/noticias\/copom-indica-interrupcao-de-cortes-da-taxa-selic\/","title":{"rendered":"Copom indica &#8220;interrup\u00e7\u00e3o&#8221; de cortes da taxa Selic"},"content":{"rendered":"<p>O <strong><a href=\"https:\/\/www.suno.com.br\/artigos\/bacen\/\">Banco Central (BC)<\/a><\/strong> indicou, por meio da ata da reuni\u00e3o do <strong><a href=\"https:\/\/www.suno.com.br\/artigos\/copom\/\">Comit\u00ea de Pol\u00edtica Monet\u00e1ria (Copom)<\/a><\/strong> realizada na \u00faltima quarta-feira (4), que \u00e9 poss\u00edvel que n\u00e3o haja mais cortes na<a href=\"https:\/\/www.suno.com.br\/artigos\/taxa-selic\/\"><strong> taxa b\u00e1sica de juros do Brasil<\/strong> (<\/a><a href=\"https:\/\/www.youtube.com\/watch?v=XHiytQvz9zc\">Selic<\/a><a href=\"https:\/\/www.suno.com.br\/artigos\/taxa-selic\/\">)<\/a>. Na \u00faltima reuni\u00e3o, o Comit\u00ea decidiu baixar a Selic de 4,5% para 4,25, ao ano.<\/p>\t<div class=\"wrapper-featured-image\">\n\t\t<figure class=\"spotlightImg\">\n\n\t\t\t<picture>\n\t\t\t\t<source media=\"(max-width: 768px)\" srcset=\"https:\/\/files.sunoresearch.com.br\/n\/uploads\/2019\/06\/abb7f502-selic-400x200.webp\">\n\t\t\t\t<img loading=\"lazy\" decoding=\"async\" class=\"newsContent__article__imgCapa lazyloadDisabled newsContent__article__imgCapa--noCaption\" src=\"https:\/\/files.sunoresearch.com.br\/n\/uploads\/2019\/06\/abb7f502-selic-800x450.webp\" width=\"800\" height=\"450\" alt=\"Copom indica &#8220;interrup\u00e7\u00e3o&#8221; de cortes da taxa Selic\" fetchpriority=high \/>\n\t\t\t<\/picture>\n\n\t\t\t<figcaption class=\"wp-caption-text wp-caption-text--hide\">Copom indica &quot;interrup\u00e7\u00e3o&quot; de cortes na taxa Selic.<\/figcaption>\n\t\t<\/figure>\n\t<\/div>\n\n\n\n<p>&#8220;O Copom entende que o atual est\u00e1gio do ciclo econ\u00f4mico recomenda cautela na condu\u00e7\u00e3o da pol\u00edtica monet\u00e1ria. Considerando os efeitos defasados do ciclo de afrouxamento iniciado em julho de 2019, o Comit\u00ea v\u00ea como adequada a interrup\u00e7\u00e3o do processo de flexibiliza\u00e7\u00e3o monet\u00e1ria&#8221;, informou o ata.<\/p>\n<p>No entanto, o BC n\u00e3o descartou totalmente a possibilidade de corte de juros, afirmou, por\u00e9m, que &#8220;seus pr\u00f3ximos passos continuar\u00e3o dependendo da evolu\u00e7\u00e3o da atividade econ\u00f4mica, do balan\u00e7o de riscos e das proje\u00e7\u00f5es e expectativas de infla\u00e7\u00e3o, com peso crescente para o ano-calend\u00e1rio de 2021&#8221;.<\/p>\n<h2>Infla\u00e7\u00e3o<\/h2>\n<p>A meta de <a href=\"https:\/\/www.suno.com.br\/artigos\/ipca\/\">infla\u00e7\u00e3o (IPCA)<\/a> do Banco Central, conforme j\u00e1 divulgado no \u00faltimo <strong><a href=\"https:\/\/www.suno.com.br\/noticias\/boletim-focus-reduz-expectativa-da-inflacao\/\">Boletim Focus<\/a><\/strong>, para 2020, 2021 e 2022 encontram-se em torno de 3,4%, 3,75% e 3,5% respectivamente.<\/p>\n\t<p>\n\t\t<a href=\"https:\/\/lp.suno.com.br\/asset\/suno-fundo-infra-estrutura-snid11\/\" target=\"_blank\" data-element=\"shortcode-suno-banner\" title=\"Banner SUNO, clique e saiba mais\">\n\t\t\t<picture>\n\t\t\t\t<source media=\"(max-width: 500px)\" srcset=\"https:\/\/files.sunoresearch.com.br\/n\/uploads\/2024\/01\/400x300-Banner-Home-1-SNID-AO.png\">\n\t\t\t\t<img class=\"newsContent__article__imgCapa newsContent__article__imgCapa--banner\"\n\t\t\t\t\tsrc=\"https:\/\/files.sunoresearch.com.br\/n\/uploads\/2024\/01\/1420x240-Banner-Home-1-SNID-AO.png\"\n\t\t\t\t\tdata-promo-id=\"364419\"\t\t\t\t\t\t\t\t\t\twidth='1420' height='240'\t\t\t\t\talt=\"https:\/\/files.sunoresearch.com.br\/n\/uploads\/2024\/01\/1420x240-Banner-Home-1-SNID-AO.png\"\n\t\t\t\t>\n\t\t\t<\/picture>\n\t\t<\/a>\n\t<\/p>\n\n\n<p>&#8220;No cen\u00e1rio com taxa de juros constante a 4,50% a.a. e<a href=\"https:\/\/www.suno.com.br\/artigos\/cambio\/\"> taxa de c\u00e2mbio<\/a> constante a R$4,25\/US$2, as proje\u00e7\u00f5es situam-se em torno de 3,5% para 2020 e 3,8% para 2021. Nesse cen\u00e1rio, as proje\u00e7\u00f5es para a infla\u00e7\u00e3o de pre\u00e7os administrados s\u00e3o de 3,7% para 2020 e 4,1% para 2021&#8243;.<\/p>\n<h2>Coronav\u00edrus<\/h2>\n<p>No contexto internacional, os membro do Copom avaliaram que o cen\u00e1rio segue relativamente favor\u00e1vel para economias emergentes.<\/p>\n<p><a href=\"\/\/www.suno.com.br\/noticias\/coronavirus-custara-280-bilhoes-a-economia-global\/\">Veja Tamb\u00e9m: Coronav\u00edrus custar\u00e1 US$ 280 bilh\u00f5es \u00e0 economia global, diz Capital Economics<\/a><\/p>\n<p>&#8220;O Comit\u00ea discutiu os efeitos do coronav\u00edrus sobre a economia global. O eventual prolongamento ou intensifica\u00e7\u00e3o do surto implicaria uma desacelera\u00e7\u00e3o adicional do crescimento global, com impactos sobre os pre\u00e7os das commodities e de importantes ativos financeiros&#8221;.<\/p>\n<p>&#8220;O <strong>Copom<\/strong> concluiu que a consequ\u00eancia desses efeitos para a condu\u00e7\u00e3o da <a href=\"https:\/\/www.suno.com.br\/artigos\/politica-monetaria\/\">pol\u00edtica monet\u00e1ria<\/a> depender\u00e1 da magnitude relativa da desacelera\u00e7\u00e3o da economia global <em>versus<\/em> a rea\u00e7\u00e3o dos ativos financeiros&#8221;, informou o documento.<\/p>\n\n","protected":false},"excerpt":{"rendered":"<p>O Banco Central (BC) indicou, por meio da ata da reuni\u00e3o do Comit\u00ea de Pol\u00edtica Monet\u00e1ria (Copom) realizada na \u00faltima quarta-feira (4), que \u00e9 poss\u00edvel que n\u00e3o haja mais cortes na taxa b\u00e1sica de juros do Brasil (Selic). Na \u00faltima reuni\u00e3o, o Comit\u00ea decidiu baixar a Selic de 4,5% para 4,25, ao ano. Copom indica [&hellip;]<\/p>\n","protected":false},"author":15,"featured_media":28595,"comment_status":"closed","ping_status":"closed","sticky":false,"template":"","format":"standard","meta":[],"categories":[62],"tags":[1104,2487,850,290],"suno_strategy":[],"class_list":["post-52588","post","type-post","status-publish","format-standard","has-post-thumbnail","hentry","category-economia","tag-copom","tag-coronavirus","tag-inflacao","tag-taxa-selic"],"yoast_head":"<!-- This site is optimized with the Yoast SEO plugin v24.4 - https:\/\/yoast.com\/wordpress\/plugins\/seo\/ -->\n<title>Copom indica &quot;interrup\u00e7\u00e3o&quot; de cortes da taxa Selic<\/title>\n<meta name=\"description\" content=\"O BC indicou, por meio da ata da reuni\u00e3o do Copom que \u00e9 poss\u00edvel que n\u00e3o haja mais cortes na taxa Selic. Clique aqui e saiba mais\" \/>\n<meta name=\"robots\" content=\"index, follow, max-snippet:-1, max-image-preview:large, max-video-preview:-1\" \/>\n<link rel=\"canonical\" href=\"https:\/\/www.suno.com.br\/noticias\/copom-indica-interrupcao-de-cortes-da-taxa-selic\/\" \/>\n<meta property=\"og:locale\" content=\"pt_BR\" \/>\n<meta property=\"og:type\" content=\"article\" \/>\n<meta property=\"og:title\" content=\"Copom indica &quot;interrup\u00e7\u00e3o&quot; de cortes da taxa Selic\" \/>\n<meta property=\"og:description\" content=\"O BC indicou, por meio da ata da reuni\u00e3o do Copom que \u00e9 poss\u00edvel que n\u00e3o haja mais cortes na taxa Selic. Clique aqui e saiba mais\" \/>\n<meta property=\"og:url\" content=\"https:\/\/www.suno.com.br\/noticias\/copom-indica-interrupcao-de-cortes-da-taxa-selic\/\" \/>\n<meta property=\"og:site_name\" content=\"Suno Not\u00edcias\" \/>\n<meta property=\"article:publisher\" content=\"https:\/\/facebook.com\/sunoresearch\" \/>\n<meta property=\"og:image\" content=\"https:\/\/files.sunoresearch.com.br\/n\/uploads\/2019\/06\/abb7f502-selic.jpg\" \/>\n\t<meta property=\"og:image:width\" content=\"1200\" \/>\n\t<meta property=\"og:image:height\" content=\"630\" \/>\n\t<meta property=\"og:image:type\" content=\"image\/jpeg\" \/>\n<meta name=\"author\" content=\"Poliana Santos\" \/>\n<meta name=\"twitter:card\" content=\"summary_large_image\" \/>\n<meta name=\"twitter:creator\" content=\"@sunoresearch\" \/>\n<meta name=\"twitter:site\" content=\"@sunoresearch\" \/>\n<meta name=\"twitter:label1\" content=\"Escrito por\" \/>\n\t<meta name=\"twitter:data1\" content=\"Poliana Santos\" \/>\n\t<meta name=\"twitter:label2\" content=\"Est. tempo de leitura\" \/>\n\t<meta name=\"twitter:data2\" content=\"2 minutos\" \/>\n<script type=\"application\/ld+json\" class=\"yoast-schema-graph\">{\"@context\":\"https:\/\/schema.org\",\"@graph\":[{\"@type\":\"NewsArticle\",\"@id\":\"https:\/\/www.suno.com.br\/noticias\/copom-indica-interrupcao-de-cortes-da-taxa-selic\/#article\",\"isPartOf\":{\"@id\":\"https:\/\/www.suno.com.br\/noticias\/copom-indica-interrupcao-de-cortes-da-taxa-selic\/\"},\"author\":{\"name\":\"Poliana Santos\",\"@id\":\"https:\/\/www.suno.com.br\/noticias\/#\/schema\/person\/02ec1f752758247878a2bf4abee1aeda\"},\"headline\":\"Copom indica &#8220;interrup\u00e7\u00e3o&#8221; de cortes da taxa Selic\",\"datePublished\":\"2020-02-11T12:08:47+00:00\",\"dateModified\":\"2020-02-11T12:31:28+00:00\",\"mainEntityOfPage\":{\"@id\":\"https:\/\/www.suno.com.br\/noticias\/copom-indica-interrupcao-de-cortes-da-taxa-selic\/\"},\"wordCount\":372,\"publisher\":{\"@id\":\"https:\/\/www.suno.com.br\/noticias\/#organization\"},\"image\":{\"@id\":\"https:\/\/www.suno.com.br\/noticias\/copom-indica-interrupcao-de-cortes-da-taxa-selic\/#primaryimage\"},\"thumbnailUrl\":\"https:\/\/files.sunoresearch.com.br\/n\/uploads\/2019\/06\/abb7f502-selic-jpg.webp\",\"keywords\":[\"Copom\",\"coronav\u00edrus\",\"infla\u00e7\u00e3o\",\"Taxa Selic\"],\"articleSection\":[\"Economia\"],\"inLanguage\":\"pt-BR\"},{\"@type\":\"WebPage\",\"@id\":\"https:\/\/www.suno.com.br\/noticias\/copom-indica-interrupcao-de-cortes-da-taxa-selic\/\",\"url\":\"https:\/\/www.suno.com.br\/noticias\/copom-indica-interrupcao-de-cortes-da-taxa-selic\/\",\"name\":\"Copom indica \\\"interrup\u00e7\u00e3o\\\" de cortes da taxa Selic\",\"isPartOf\":{\"@id\":\"https:\/\/www.suno.com.br\/noticias\/#website\"},\"primaryImageOfPage\":{\"@id\":\"https:\/\/www.suno.com.br\/noticias\/copom-indica-interrupcao-de-cortes-da-taxa-selic\/#primaryimage\"},\"image\":{\"@id\":\"https:\/\/www.suno.com.br\/noticias\/copom-indica-interrupcao-de-cortes-da-taxa-selic\/#primaryimage\"},\"thumbnailUrl\":\"https:\/\/files.sunoresearch.com.br\/n\/uploads\/2019\/06\/abb7f502-selic-jpg.webp\",\"datePublished\":\"2020-02-11T12:08:47+00:00\",\"dateModified\":\"2020-02-11T12:31:28+00:00\",\"description\":\"O BC indicou, por meio da ata da reuni\u00e3o do Copom que \u00e9 poss\u00edvel que n\u00e3o haja mais cortes na taxa Selic. Clique aqui e saiba mais\",\"breadcrumb\":{\"@id\":\"https:\/\/www.suno.com.br\/noticias\/copom-indica-interrupcao-de-cortes-da-taxa-selic\/#breadcrumb\"},\"inLanguage\":\"pt-BR\",\"potentialAction\":[{\"@type\":\"ReadAction\",\"target\":[\"https:\/\/www.suno.com.br\/noticias\/copom-indica-interrupcao-de-cortes-da-taxa-selic\/\"]}]},{\"@type\":\"ImageObject\",\"inLanguage\":\"pt-BR\",\"@id\":\"https:\/\/www.suno.com.br\/noticias\/copom-indica-interrupcao-de-cortes-da-taxa-selic\/#primaryimage\",\"url\":\"https:\/\/files.sunoresearch.com.br\/n\/uploads\/2019\/06\/abb7f502-selic-jpg.webp\",\"contentUrl\":\"https:\/\/files.sunoresearch.com.br\/n\/uploads\/2019\/06\/abb7f502-selic-jpg.webp\",\"width\":1200,\"height\":630,\"caption\":\"Copom indica \\\"interrup\u00e7\u00e3o\\\" de cortes na taxa Selic.\"},{\"@type\":\"BreadcrumbList\",\"@id\":\"https:\/\/www.suno.com.br\/noticias\/copom-indica-interrupcao-de-cortes-da-taxa-selic\/#breadcrumb\",\"itemListElement\":[{\"@type\":\"ListItem\",\"position\":1,\"name\":\"Not\u00edcias\",\"item\":\"https:\/\/www.suno.com.br\/noticias\/\"},{\"@type\":\"ListItem\",\"position\":2,\"name\":\"Economia\",\"item\":\"https:\/\/www.suno.com.br\/noticias\/economia\/\"},{\"@type\":\"ListItem\",\"position\":3,\"name\":\"Copom indica &#8220;interrup\u00e7\u00e3o&#8221; de cortes da taxa Selic\"}]},{\"@type\":\"WebSite\",\"@id\":\"https:\/\/www.suno.com.br\/noticias\/#website\",\"url\":\"https:\/\/www.suno.com.br\/noticias\/\",\"name\":\"Suno Not\u00edcias\",\"description\":\"Seu portal de informa\u00e7\u00e3o sobre o mundo dos investimentos\",\"publisher\":{\"@id\":\"https:\/\/www.suno.com.br\/noticias\/#organization\"},\"potentialAction\":[{\"@type\":\"SearchAction\",\"target\":{\"@type\":\"EntryPoint\",\"urlTemplate\":\"https:\/\/www.suno.com.br\/noticias\/?s={search_term_string}\"},\"query-input\":{\"@type\":\"PropertyValueSpecification\",\"valueRequired\":true,\"valueName\":\"search_term_string\"}}],\"inLanguage\":\"pt-BR\"},{\"@type\":\"Organization\",\"@id\":\"https:\/\/www.suno.com.br\/noticias\/#organization\",\"name\":\"Suno Not\u00edcias\",\"url\":\"https:\/\/www.suno.com.br\/noticias\/\",\"logo\":{\"@type\":\"ImageObject\",\"inLanguage\":\"pt-BR\",\"@id\":\"https:\/\/www.suno.com.br\/noticias\/#\/schema\/logo\/image\/\",\"url\":\"https:\/\/files.sunoresearch.com.br\/n\/uploads\/2021\/09\/suno-logo.png\",\"contentUrl\":\"https:\/\/files.sunoresearch.com.br\/n\/uploads\/2021\/09\/suno-logo.png\",\"width\":180,\"height\":180,\"caption\":\"Suno Not\u00edcias\"},\"image\":{\"@id\":\"https:\/\/www.suno.com.br\/noticias\/#\/schema\/logo\/image\/\"},\"sameAs\":[\"https:\/\/facebook.com\/sunoresearch\",\"https:\/\/x.com\/sunoresearch\",\"https:\/\/www.instagram.com\/suno\",\"https:\/\/www.linkedin.com\/company\/suno-research\/\",\"https:\/\/www.youtube.com\/c\/sunoresearch\"]},{\"@type\":\"Person\",\"@id\":\"https:\/\/www.suno.com.br\/noticias\/#\/schema\/person\/02ec1f752758247878a2bf4abee1aeda\",\"name\":\"Poliana Santos\",\"image\":{\"@type\":\"ImageObject\",\"inLanguage\":\"pt-BR\",\"@id\":\"https:\/\/www.suno.com.br\/noticias\/#\/schema\/person\/image\/\",\"url\":\"https:\/\/secure.gravatar.com\/avatar\/0645bd32f23d87b2130f2b2dff1d3f8d?s=96&r=g\",\"contentUrl\":\"https:\/\/secure.gravatar.com\/avatar\/0645bd32f23d87b2130f2b2dff1d3f8d?s=96&r=g\",\"caption\":\"Poliana Santos\"},\"description\":\"Rep\u00f3rter no Suno Not\u00edcias, com cobertura em mercado financeiro, economia, finan\u00e7as pessoais, renda fixa e varejo. Jornalista formada pela Faculdade C\u00e1sper L\u00edbero e possui passagem na R\u00e1dio Gazeta AM com a produ\u00e7\u00e3o de conte\u00fado sobre economia, pol\u00edtica, sa\u00fade, moda e m\u00fasica. Possui certificado de conclus\u00e3o do curso de An\u00e1lise de Balan\u00e7os pela Funda\u00e7\u00e3o Bradesco, Agenda Brasil pela FAAP, Educa\u00e7\u00e3o Pol\u00edtica por Alexandre Garcia e do Tesouro Direto e Mercado de A\u00e7\u00f5es pela B3.\",\"url\":\"https:\/\/www.suno.com.br\/noticias\/author\/poliana-santos\/\"}]}<\/script>\n<!-- \/ Yoast SEO plugin. -->","yoast_head_json":{"title":"Copom indica \"interrup\u00e7\u00e3o\" de cortes da taxa Selic","description":"O BC indicou, por meio da ata da reuni\u00e3o do Copom que \u00e9 poss\u00edvel que n\u00e3o haja mais cortes na taxa Selic. Clique aqui e saiba mais","robots":{"index":"index","follow":"follow","max-snippet":"max-snippet:-1","max-image-preview":"max-image-preview:large","max-video-preview":"max-video-preview:-1"},"canonical":"https:\/\/www.suno.com.br\/noticias\/copom-indica-interrupcao-de-cortes-da-taxa-selic\/","og_locale":"pt_BR","og_type":"article","og_title":"Copom indica \"interrup\u00e7\u00e3o\" de cortes da taxa Selic","og_description":"O BC indicou, por meio da ata da reuni\u00e3o do Copom que \u00e9 poss\u00edvel que n\u00e3o haja mais cortes na taxa Selic. Clique aqui e saiba mais","og_url":"https:\/\/www.suno.com.br\/noticias\/copom-indica-interrupcao-de-cortes-da-taxa-selic\/","og_site_name":"Suno Not\u00edcias","article_publisher":"https:\/\/facebook.com\/sunoresearch","og_image":[{"width":1200,"height":630,"url":"https:\/\/files.sunoresearch.com.br\/n\/uploads\/2019\/06\/abb7f502-selic.jpg","type":"image\/jpeg"}],"author":"Poliana Santos","twitter_card":"summary_large_image","twitter_creator":"@sunoresearch","twitter_site":"@sunoresearch","twitter_misc":{"Escrito por":"Poliana Santos","Est. tempo de leitura":"2 minutos"},"schema":{"@context":"https:\/\/schema.org","@graph":[{"@type":"NewsArticle","@id":"https:\/\/www.suno.com.br\/noticias\/copom-indica-interrupcao-de-cortes-da-taxa-selic\/#article","isPartOf":{"@id":"https:\/\/www.suno.com.br\/noticias\/copom-indica-interrupcao-de-cortes-da-taxa-selic\/"},"author":{"name":"Poliana Santos","@id":"https:\/\/www.suno.com.br\/noticias\/#\/schema\/person\/02ec1f752758247878a2bf4abee1aeda"},"headline":"Copom indica &#8220;interrup\u00e7\u00e3o&#8221; de cortes da taxa Selic","datePublished":"2020-02-11T12:08:47+00:00","dateModified":"2020-02-11T12:31:28+00:00","mainEntityOfPage":{"@id":"https:\/\/www.suno.com.br\/noticias\/copom-indica-interrupcao-de-cortes-da-taxa-selic\/"},"wordCount":372,"publisher":{"@id":"https:\/\/www.suno.com.br\/noticias\/#organization"},"image":{"@id":"https:\/\/www.suno.com.br\/noticias\/copom-indica-interrupcao-de-cortes-da-taxa-selic\/#primaryimage"},"thumbnailUrl":"https:\/\/files.sunoresearch.com.br\/n\/uploads\/2019\/06\/abb7f502-selic-jpg.webp","keywords":["Copom","coronav\u00edrus","infla\u00e7\u00e3o","Taxa Selic"],"articleSection":["Economia"],"inLanguage":"pt-BR"},{"@type":"WebPage","@id":"https:\/\/www.suno.com.br\/noticias\/copom-indica-interrupcao-de-cortes-da-taxa-selic\/","url":"https:\/\/www.suno.com.br\/noticias\/copom-indica-interrupcao-de-cortes-da-taxa-selic\/","name":"Copom indica \"interrup\u00e7\u00e3o\" de cortes da taxa Selic","isPartOf":{"@id":"https:\/\/www.suno.com.br\/noticias\/#website"},"primaryImageOfPage":{"@id":"https:\/\/www.suno.com.br\/noticias\/copom-indica-interrupcao-de-cortes-da-taxa-selic\/#primaryimage"},"image":{"@id":"https:\/\/www.suno.com.br\/noticias\/copom-indica-interrupcao-de-cortes-da-taxa-selic\/#primaryimage"},"thumbnailUrl":"https:\/\/files.sunoresearch.com.br\/n\/uploads\/2019\/06\/abb7f502-selic-jpg.webp","datePublished":"2020-02-11T12:08:47+00:00","dateModified":"2020-02-11T12:31:28+00:00","description":"O BC indicou, por meio da ata da reuni\u00e3o do Copom que \u00e9 poss\u00edvel que n\u00e3o haja mais cortes na taxa Selic. Clique aqui e saiba mais","breadcrumb":{"@id":"https:\/\/www.suno.com.br\/noticias\/copom-indica-interrupcao-de-cortes-da-taxa-selic\/#breadcrumb"},"inLanguage":"pt-BR","potentialAction":[{"@type":"ReadAction","target":["https:\/\/www.suno.com.br\/noticias\/copom-indica-interrupcao-de-cortes-da-taxa-selic\/"]}]},{"@type":"ImageObject","inLanguage":"pt-BR","@id":"https:\/\/www.suno.com.br\/noticias\/copom-indica-interrupcao-de-cortes-da-taxa-selic\/#primaryimage","url":"https:\/\/files.sunoresearch.com.br\/n\/uploads\/2019\/06\/abb7f502-selic-jpg.webp","contentUrl":"https:\/\/files.sunoresearch.com.br\/n\/uploads\/2019\/06\/abb7f502-selic-jpg.webp","width":1200,"height":630,"caption":"Copom indica \"interrup\u00e7\u00e3o\" de cortes na taxa Selic."},{"@type":"BreadcrumbList","@id":"https:\/\/www.suno.com.br\/noticias\/copom-indica-interrupcao-de-cortes-da-taxa-selic\/#breadcrumb","itemListElement":[{"@type":"ListItem","position":1,"name":"Not\u00edcias","item":"https:\/\/www.suno.com.br\/noticias\/"},{"@type":"ListItem","position":2,"name":"Economia","item":"https:\/\/www.suno.com.br\/noticias\/economia\/"},{"@type":"ListItem","position":3,"name":"Copom indica &#8220;interrup\u00e7\u00e3o&#8221; de cortes da taxa Selic"}]},{"@type":"WebSite","@id":"https:\/\/www.suno.com.br\/noticias\/#website","url":"https:\/\/www.suno.com.br\/noticias\/","name":"Suno Not\u00edcias","description":"Seu portal de informa\u00e7\u00e3o sobre o mundo dos investimentos","publisher":{"@id":"https:\/\/www.suno.com.br\/noticias\/#organization"},"potentialAction":[{"@type":"SearchAction","target":{"@type":"EntryPoint","urlTemplate":"https:\/\/www.suno.com.br\/noticias\/?s={search_term_string}"},"query-input":{"@type":"PropertyValueSpecification","valueRequired":true,"valueName":"search_term_string"}}],"inLanguage":"pt-BR"},{"@type":"Organization","@id":"https:\/\/www.suno.com.br\/noticias\/#organization","name":"Suno Not\u00edcias","url":"https:\/\/www.suno.com.br\/noticias\/","logo":{"@type":"ImageObject","inLanguage":"pt-BR","@id":"https:\/\/www.suno.com.br\/noticias\/#\/schema\/logo\/image\/","url":"https:\/\/files.sunoresearch.com.br\/n\/uploads\/2021\/09\/suno-logo.png","contentUrl":"https:\/\/files.sunoresearch.com.br\/n\/uploads\/2021\/09\/suno-logo.png","width":180,"height":180,"caption":"Suno Not\u00edcias"},"image":{"@id":"https:\/\/www.suno.com.br\/noticias\/#\/schema\/logo\/image\/"},"sameAs":["https:\/\/facebook.com\/sunoresearch","https:\/\/x.com\/sunoresearch","https:\/\/www.instagram.com\/suno","https:\/\/www.linkedin.com\/company\/suno-research\/","https:\/\/www.youtube.com\/c\/sunoresearch"]},{"@type":"Person","@id":"https:\/\/www.suno.com.br\/noticias\/#\/schema\/person\/02ec1f752758247878a2bf4abee1aeda","name":"Poliana Santos","image":{"@type":"ImageObject","inLanguage":"pt-BR","@id":"https:\/\/www.suno.com.br\/noticias\/#\/schema\/person\/image\/","url":"https:\/\/secure.gravatar.com\/avatar\/0645bd32f23d87b2130f2b2dff1d3f8d?s=96&r=g","contentUrl":"https:\/\/secure.gravatar.com\/avatar\/0645bd32f23d87b2130f2b2dff1d3f8d?s=96&r=g","caption":"Poliana Santos"},"description":"Rep\u00f3rter no Suno Not\u00edcias, com cobertura em mercado financeiro, economia, finan\u00e7as pessoais, renda fixa e varejo. Jornalista formada pela Faculdade C\u00e1sper L\u00edbero e possui passagem na R\u00e1dio Gazeta AM com a produ\u00e7\u00e3o de conte\u00fado sobre economia, pol\u00edtica, sa\u00fade, moda e m\u00fasica. Possui certificado de conclus\u00e3o do curso de An\u00e1lise de Balan\u00e7os pela Funda\u00e7\u00e3o Bradesco, Agenda Brasil pela FAAP, Educa\u00e7\u00e3o Pol\u00edtica por Alexandre Garcia e do Tesouro Direto e Mercado de A\u00e7\u00f5es pela B3.","url":"https:\/\/www.suno.com.br\/noticias\/author\/poliana-santos\/"}]}},"default_loop_html":"<div class=\"cardsPage__listCard__boxs\"><div class=\"cardsPage__listCard__boxs__img\"><a href=\"https:\/\/www.suno.com.br\/noticias\/copom-indica-interrupcao-de-cortes-da-taxa-selic\/\"><img class=\"mask\" src=\"https:\/\/www.suno.com.br\/noticias\/wp-content\/themes\/suno\/resources\/images\/spotlight\/spotlight1img\/bg-mask.png\" alt=\"Image Mask\"\/><img src=\"https:\/\/files.sunoresearch.com.br\/n\/uploads\/2019\/06\/abb7f502-selic-400x200.webp\" alt=\"Copom indica &#8220;interrup\u00e7\u00e3o&#8221; de cortes da taxa Selic\"\/><\/a><span class=\"spotlightCategory\"><a href=\"https:\/\/www.suno.com.br\/noticias\/economia\/\">Economia<\/a><\/span><\/div><div class=\"cardsPage__listCard__boxs__content\"><a href=\"https:\/\/www.suno.com.br\/noticias\/copom-indica-interrupcao-de-cortes-da-taxa-selic\/\"><h2 class=\"content__title\">Copom indica &#8220;interrup\u00e7\u00e3o&#8221; de cortes da taxa Selic<\/h2><\/a><div class=\"newsContent__article__meta\"><div class=\"newsContent__article__meta__authorBox\"><a href=\"https:\/\/www.suno.com.br\/noticias\/author\/poliana-santos\/\" class=\"authorBox__avatar noMobi\"><img src=\"https:\/\/files.sunoresearch.com.br\/n\/uploads\/2020\/08\/7ef34026-whatsapp-image-2020-08-03-at-12.37.57-150x150.webp\" alt=\"Poliana Santos\"><\/a><div class=\"authorBox__name\"><span>por\n\t\t\t<a href=\"https:\/\/www.suno.com.br\/noticias\/author\/poliana-santos\/\"><span itemprop=\"author\">Poliana Santos<\/span><\/a><\/span><time datetime=\"2020-02-11T10:08:47-03:00\" itemprop=\"datePublished\">11\/02\/2020 10:08<\/time><\/div><\/div><\/div><\/div><\/div>","single_layout":"posts","amp_enabled":true,"_links":{"self":[{"href":"https:\/\/www.suno.com.br\/noticias\/wp-json\/wp\/v2\/posts\/52588"}],"collection":[{"href":"https:\/\/www.suno.com.br\/noticias\/wp-json\/wp\/v2\/posts"}],"about":[{"href":"https:\/\/www.suno.com.br\/noticias\/wp-json\/wp\/v2\/types\/post"}],"author":[{"embeddable":true,"href":"https:\/\/www.suno.com.br\/noticias\/wp-json\/wp\/v2\/users\/15"}],"replies":[{"embeddable":true,"href":"https:\/\/www.suno.com.br\/noticias\/wp-json\/wp\/v2\/comments?post=52588"}],"version-history":[{"count":0,"href":"https:\/\/www.suno.com.br\/noticias\/wp-json\/wp\/v2\/posts\/52588\/revisions"}],"wp:featuredmedia":[{"embeddable":true,"href":"https:\/\/www.suno.com.br\/noticias\/wp-json\/wp\/v2\/media\/28595"}],"wp:attachment":[{"href":"https:\/\/www.suno.com.br\/noticias\/wp-json\/wp\/v2\/media?parent=52588"}],"wp:term":[{"taxonomy":"category","embeddable":true,"href":"https:\/\/www.suno.com.br\/noticias\/wp-json\/wp\/v2\/categories?post=52588"},{"taxonomy":"post_tag","embeddable":true,"href":"https:\/\/www.suno.com.br\/noticias\/wp-json\/wp\/v2\/tags?post=52588"},{"taxonomy":"suno_strategy","embeddable":true,"href":"https:\/\/www.suno.com.br\/noticias\/wp-json\/wp\/v2\/suno_strategy?post=52588"}],"curies":[{"name":"wp","href":"https:\/\/api.w.org\/{rel}","templated":true}]}}