{"id":525818,"date":"2024-02-22T18:09:41","date_gmt":"2024-02-22T21:09:41","guid":{"rendered":"https:\/\/www.suno.com.br\/noticias\/?p=525818"},"modified":"2024-02-22T18:09:44","modified_gmt":"2024-02-22T21:09:44","slug":"arrecadacao-janeiro-beneficiada-fundos-exclusivos-gss","status":"publish","type":"post","link":"https:\/\/www.suno.com.br\/noticias\/arrecadacao-janeiro-beneficiada-fundos-exclusivos-gss\/","title":{"rendered":"Arrecada\u00e7\u00e3o de janeiro teve R$ 4,1 bi vindos de tributa\u00e7\u00e3o de fundos exclusivos, diz Receita"},"content":{"rendered":"<p>O chefe do Centro de Estudos Tribut\u00e1rios e Aduaneiros da <a class=\"suno-keyword\" data-force=\"no\" data-priority=\"3\" href=\"https:\/\/www.suno.com.br\/artigos\/receita-federal\/\" target=\"_blank\" rel=\"noopener\">Receita Federal<\/a>, Claudemir Malaquias, destacou tr\u00eas fatores n\u00e3o recorrentes que incrementaram a <strong>arrecada\u00e7\u00e3o<\/strong> de janeiro: os recolhimentos de Imposto de Renda de Pessoa Jur\u00eddica (IRPJ) e Contribui\u00e7\u00e3o Social sobre o <a class=\"suno-keyword\" data-force=\"no\" data-priority=\"1\" href=\"https:\/\/www.suno.com.br\/artigos\/lucro-liquido\/\" target=\"_blank\" rel=\"noopener\">Lucro L\u00edquido<\/a> (CSLL), a tributa\u00e7\u00e3o de <a class=\"suno-keyword\" data-force=\"no\" data-priority=\"1\" href=\"https:\/\/www.suno.com.br\/artigos\/fundos-exclusivos\/\" target=\"_blank\" rel=\"noopener\">fundos exclusivos<\/a> e a reonera\u00e7\u00e3o dos combust\u00edveis.<\/p>\t<div class=\"wrapper-featured-image\">\n\t\t<figure class=\"spotlightImg\">\n\n\t\t\t<picture>\n\t\t\t\t<source media=\"(max-width: 768px)\" srcset=\"https:\/\/files.sunoresearch.com.br\/n\/uploads\/2018\/12\/e577d616-arrecada\u00e7\u00e3o-400x200.webp\">\n\t\t\t\t<img loading=\"lazy\" decoding=\"async\" class=\"newsContent__article__imgCapa lazyloadDisabled \" src=\"https:\/\/files.sunoresearch.com.br\/n\/uploads\/2018\/12\/e577d616-arrecada\u00e7\u00e3o-800x450.webp\" width=\"800\" height=\"450\" alt=\"Arrecada\u00e7\u00e3o de janeiro teve R$ 4,1 bi vindos de tributa\u00e7\u00e3o de fundos exclusivos, diz Receita\" fetchpriority=high \/>\n\t\t\t<\/picture>\n\n\t\t\t<figcaption class=\"wp-caption-text wp-caption-text--show\">Arrecada\u00e7\u00e3o. Foto: Pixabay<\/figcaption>\n\t\t<\/figure>\n\t<\/div>\n\n\n\n\n\n\n\n\t<p>\n\t\t<a href=\"\" target=\"_blank\" data-element=\"shortcode-suno-banner\" title=\"Banner SUNO, clique e saiba mais\">\n\t\t\t<picture>\n\t\t\t\t<source media=\"(max-width: 500px)\" srcset=\"\">\n\t\t\t\t<img class=\"newsContent__article__imgCapa newsContent__article__imgCapa--banner\"\n\t\t\t\t\tsrc=\"\"\n\t\t\t\t\tdata-promo-id=\"240038\"\t\t\t\t\t\t\t\t\t\t\t\t\t\t\talt=\"\"\n\t\t\t\t>\n\t\t\t<\/picture>\n\t\t<\/a>\n\t<\/p>\n\n\n\n\n\n<p>No caso da <strong>tributa\u00e7\u00e3o de fundos exclusivos<\/strong>, foram recolhidos R$ 4,1 bilh\u00f5es em janeiro.<\/p>\n\n\n\n<p>Os recolhimentos at\u00edpicos de IRPJ e CSLL somaram R$ 4 bilh\u00f5es no m\u00eas.<\/p>\n\n\n\n<p>Malaquias explicou que empresas que recolhem pelo lucro real tem um prazo nos primeiros tr\u00eas meses do ano para fazer ajustes no recolhimento do exerc\u00edcio anterior.<\/p>\n\n\n\n<p>J\u00e1 os combust\u00edveis tiveram o processo de reonera\u00e7\u00e3o do <strong>PIS\/Cofins<\/strong> conclu\u00eddo em janeiro.<\/p>\n\n\n\n<p>Segundo Malaquias, os efeitos da retomada da tributa\u00e7\u00e3o ser\u00e3o sentidos com mais intensidade em fevereiro.<\/p>\n\n\n\n<p>Ele tamb\u00e9m afirmou que o desempenho da atividade econ\u00f4mica em janeiro impulsionou a arrecada\u00e7\u00e3o no m\u00eas, com destaque para aumento da massa salarial.<\/p>\n\n\n\n<h2 class=\"wp-block-heading\"><b>Fundos offshore<\/b><\/h2>\n\n\n\n<p>Malaquias, explicou que o Fisco ainda analisa a entrada de receitas fruto da tributa\u00e7\u00e3o de <a class=\"suno-keyword\" target=\"_blank\" data-force=\"no\" data-priority=\"1\" href=\"https:\/\/www.suno.com.br\/artigos\/fundos-offshore\/\" rel=\"noopener\">fundos offshore<\/a>. Pela regra aprovada no ano passado, o contribuinte tem prazo at\u00e9 maio para regularizar a situa\u00e7\u00e3o.<\/p>\n\n\n\n<p>Por isso, ele disse que a <strong>Receita<\/strong> monitora o ingresso dos recursos e aguarda o resultado de fevereiro para verificar se j\u00e1 houve esse tipo de pagamento.<\/p>\n\n\n\n<h2 class=\"wp-block-heading\"><b>Entidades financeiras<\/b><\/h2>\n\n\n\n<p>O chefe do Centro de Estudos Tribut\u00e1rios e Aduaneiros da Receita Federal destacou que as entidades financeiras s\u00e3o a divis\u00e3o econ\u00f4mica que mais aumentou a arrecada\u00e7\u00e3o em janeiro de 2024. O valor arrecadado somou R$ 38,8 bilh\u00f5es, um aumento de R$ 9,8 bilh\u00f5es em rela\u00e7\u00e3o ao mesmo m\u00eas de 2023 (ou de 33,74%).<\/p>\n\n\n\n<p>As atividades auxiliares do setor financeiro aparecem na sequ\u00eancia, somando R$ 12,9 bilh\u00f5es, o que representa um aumento de 19,76% na mesma compara\u00e7\u00e3o.<\/p>\n\n\n\t<p>\n\t\t<a href=\"https:\/\/lp.suno.com.br\/ebook-gratuito-investindo-no-exterior\/\" target=\"_blank\" data-element=\"shortcode-suno-banner\" title=\"Banner SUNO, clique e saiba mais\">\n\t\t\t<picture>\n\t\t\t\t<source media=\"(max-width: 500px)\" srcset=\"https:\/\/files.sunoresearch.com.br\/n\/uploads\/2023\/03\/400x300-Investindo-no-exterior.png\">\n\t\t\t\t<img class=\"newsContent__article__imgCapa newsContent__article__imgCapa--banner\"\n\t\t\t\t\tsrc=\"https:\/\/files.sunoresearch.com.br\/n\/uploads\/2023\/03\/1420x240-Investindo-no-exterior.png\"\n\t\t\t\t\tdata-promo-id=\"383161\"\t\t\t\t\t\t\t\t\t\twidth='1420' height='240'\t\t\t\t\talt=\"https:\/\/files.sunoresearch.com.br\/n\/uploads\/2023\/03\/1420x240-Investindo-no-exterior.png\"\n\t\t\t\t>\n\t\t\t<\/picture>\n\t\t<\/a>\n\t<\/p>\n\n\n\n\n\n<h2 class=\"wp-block-heading\"><strong>Arrecada\u00e7\u00e3o \u00e9 estrutural<\/strong><\/h2>\n\n\n\n<p>Questionado sobre a arrecada\u00e7\u00e3o estar em linha com o <strong>or\u00e7amento<\/strong>, Malaquias reiterou que as receitas foram positivas.<\/p>\n\n\n\n<p>&#8220;Nosso par\u00e2metro de compara\u00e7\u00e3o \u00e9 a <strong>LOA<\/strong>, que foi efetuada com par\u00e2metros macroecon\u00f4micos de junho de 2023. A primeira revis\u00e3o que faremos em mar\u00e7o, contando a realiza\u00e7\u00e3o dos meses de janeiro e fevereiro, contar\u00e1 com a atualiza\u00e7\u00e3o dos par\u00e2metros macroecon\u00f4micos da SPE, e o cen\u00e1rio jur\u00eddico, com os valores de medidas que foram aprovadas e outras que estavam em discuss\u00e3o&#8221;, disse ele.<\/p>\n\n\n\n<p>A fala foi reiterada pelo coordenador de previs\u00e3o e an\u00e1lise da <a class=\"suno-keyword\" target=\"_blank\" data-force=\"no\" data-priority=\"3\" href=\"https:\/\/www.suno.com.br\/artigos\/receita-federal\/\" rel=\"noopener\">Receita Federal<\/a>, Marcelo Gomide, que justificou que o cen\u00e1rio para arrecada\u00e7\u00e3o em janeiro foi calculado no ano passado, com base em projetos de lei que estavam sendo avaliados simultaneamente.<\/p>\n\n\n\n<p>Um exemplo foi a tributa\u00e7\u00e3o de fundos exclusivos, que inicialmente n\u00e3o havia proje\u00e7\u00e3o para ingresso de receita em janeiro.<\/p>\n\n\n\n<p>Gomide explicou que a partir de mar\u00e7o ser\u00e3o feitos ajustes para calibrar a expectativa de receitas com as medidas j\u00e1 aprovadas e em discuss\u00e3o.<\/p>\n\n\n\n<h2 class=\"wp-block-heading\"><strong>Planejamento decide antecipar pagamento de R$ 30,1 bi em precat\u00f3rios<\/strong><\/h2>\n\n\n\n<p>O governo vai antecipar o pagamento de R$ 30,1 bilh\u00f5es em <strong>precat\u00f3rios<\/strong>, que j\u00e1 est\u00e3o dispon\u00edveis para a Justi\u00e7a, informou o <strong>Minist\u00e9rio do Planejamento<\/strong>. A Pasta publicou uma portaria abrindo <a class=\"suno-keyword\" target=\"_blank\" data-force=\"no\" data-priority=\"1\" href=\"https:\/\/www.suno.com.br\/artigos\/credito-suplementar\/\" rel=\"noopener\">cr\u00e9dito suplementar<\/a> de R$ 10,7 bilh\u00f5es para ajustar a aloca\u00e7\u00e3o or\u00e7ament\u00e1ria e garantir o pagamento desta parcela final dos precat\u00f3rios deste ano. O montante j\u00e1 era previsto para ser pago em 2024, portanto, sua quita\u00e7\u00e3o antes do previsto n\u00e3o altera o quadro fiscal.<\/p>\n\n\n\n<p>Para este ano, o restante de precat\u00f3rios a serem pagos s\u00e3o de requisi\u00e7\u00f5es de pequeno valor (RPV).<\/p>\n\n\n\n<p>Esses pagamentos s\u00e3o liberados ao longo do ano, \u00e0 medida que chegam, pois a lei fixa um prazo de 60 dias para esses pagamentos. No total, a lei or\u00e7ament\u00e1ria de 2024 prev\u00ea R$ 66,4 bilh\u00f5es para cumprimento de senten\u00e7as judiciais.<\/p>\n\n\n\n<p>&#8220;Com isso, o governo encerra o processo de liquida\u00e7\u00e3o de passivos de precat\u00f3rios, que come\u00e7ou a ser acumulado em 2022, ap\u00f3s aprova\u00e7\u00e3o da PEC dos Precat\u00f3rios, e extingue o problema fiscal previsto para o exerc\u00edcio financeiro de 2027, caso as regras limitadoras aprovadas no final de 2021 tivessem sido mantidas. Pelas estimativas, a inadimpl\u00eancia do pagamento de precat\u00f3rios de 2022 a 2026 poderia atingir a cifra de R$ 200 bilh\u00f5es em 2027&#8221;, diz a Pasta.<\/p>\n\n\n\n<p>O Planejamento explicou, ainda, que a libera\u00e7\u00e3o de cr\u00e9dito extraordin\u00e1rio de R$ 93,1 bilh\u00f5es no ano passado serviu para que o governo pagasse passivos de R$ 60,2 bilh\u00f5es e antecipasse o pagamento de precat\u00f3rios de 2024 no valor de R$ 32,2 bilh\u00f5es, que n\u00e3o constavam no Or\u00e7amento deste ano, al\u00e9m de R$ 714 milh\u00f5es de contribui\u00e7\u00e3o patronal relativa aos precat\u00f3rios envolvidos nesse pagamento.<\/p>\n\n\n\n<p>Na quarta-feira, 21, a ministra do Planejamento, Simone Tebet, j\u00e1 havia defendido a antecipa\u00e7\u00e3o de pagamentos de precat\u00f3rios para evitar que o governo gastasse com \u00f4nus de sucumb\u00eancia, honor\u00e1rios advocat\u00edcios e juros.<\/p>\n\n\n\n<p><em>Com Estad\u00e3o Conte\u00fado<\/em><\/p>\n\n\n\t<p>\n\t\t<a href=\"https:\/\/lp.suno.com.br\/planilha-da-vida-financeira\/\" target=\"_blank\" data-element=\"shortcode-suno-banner\" title=\"Banner SUNO, clique e saiba mais\">\n\t\t\t<picture>\n\t\t\t\t<source media=\"(max-width: 500px)\" srcset=\"https:\/\/files.sunoresearch.com.br\/n\/uploads\/2023\/04\/400x300-Planilha-vida-financeira-true.png\">\n\t\t\t\t<img class=\"newsContent__article__imgCapa newsContent__article__imgCapa--banner\"\n\t\t\t\t\tsrc=\"https:\/\/files.sunoresearch.com.br\/n\/uploads\/2023\/04\/1420x240-Planilha-vida-financeira-true.png\"\n\t\t\t\t\tdata-promo-id=\"383123\"\t\t\t\t\t\t\t\t\t\twidth='1420' height='240'\t\t\t\t\talt=\"https:\/\/files.sunoresearch.com.br\/n\/uploads\/2023\/04\/1420x240-Planilha-vida-financeira-true.png\"\n\t\t\t\t>\n\t\t\t<\/picture>\n\t\t<\/a>\n\t<\/p>\n\n\n","protected":false},"excerpt":{"rendered":"<p>O chefe do Centro de Estudos Tribut\u00e1rios e Aduaneiros da Receita Federal, Claudemir Malaquias, destacou tr\u00eas fatores n\u00e3o recorrentes que incrementaram a arrecada\u00e7\u00e3o de janeiro: os recolhimentos de Imposto de Renda de Pessoa Jur\u00eddica (IRPJ) e Contribui\u00e7\u00e3o Social sobre o Lucro L\u00edquido (CSLL), a tributa\u00e7\u00e3o de fundos exclusivos e a reonera\u00e7\u00e3o dos combust\u00edveis. Arrecada\u00e7\u00e3o. Foto: [&hellip;]<\/p>\n","protected":false},"author":43,"featured_media":9753,"comment_status":"closed","ping_status":"closed","sticky":false,"template":"","format":"standard","meta":[],"categories":[64],"tags":[1488,104591],"suno_strategy":[],"class_list":["post-525818","post","type-post","status-publish","format-standard","has-post-thumbnail","hentry","category-negocios","tag-arrecadacao-federal","tag-precatorios"],"yoast_head":"<!-- This site is optimized with the Yoast SEO plugin v24.4 - https:\/\/yoast.com\/wordpress\/plugins\/seo\/ -->\n<title>Arrecada\u00e7\u00e3o de janeiro foi beneficiada por fundos exclusivos<\/title>\n<meta name=\"description\" content=\"Arrecada\u00e7\u00e3o foi beneficiada tamb\u00e9m pela reonera\u00e7\u00e3o dos combust\u00edveis, segundo o chefe do Centro de Estudos Tribut\u00e1rios e Aduaneiros.\" \/>\n<meta name=\"robots\" content=\"index, follow, max-snippet:-1, max-image-preview:large, max-video-preview:-1\" \/>\n<link rel=\"canonical\" href=\"https:\/\/www.suno.com.br\/noticias\/arrecadacao-janeiro-beneficiada-fundos-exclusivos-gss\/\" \/>\n<meta property=\"og:locale\" content=\"pt_BR\" \/>\n<meta property=\"og:type\" content=\"article\" \/>\n<meta property=\"og:title\" content=\"Arrecada\u00e7\u00e3o de janeiro foi beneficiada por fundos exclusivos\" \/>\n<meta property=\"og:description\" content=\"Arrecada\u00e7\u00e3o foi beneficiada tamb\u00e9m pela reonera\u00e7\u00e3o dos combust\u00edveis, segundo o chefe do Centro de Estudos Tribut\u00e1rios e Aduaneiros.\" \/>\n<meta property=\"og:url\" content=\"https:\/\/www.suno.com.br\/noticias\/arrecadacao-janeiro-beneficiada-fundos-exclusivos-gss\/\" \/>\n<meta property=\"og:site_name\" content=\"Suno Not\u00edcias\" \/>\n<meta property=\"article:publisher\" content=\"https:\/\/facebook.com\/sunoresearch\" \/>\n<meta property=\"article:author\" content=\"https:\/\/www.facebook.com\/sunonoticias\/\" \/>\n<meta property=\"og:image\" content=\"https:\/\/files.sunoresearch.com.br\/n\/uploads\/2018\/12\/e577d616-arrecada\u00e7\u00e3o.jpg\" \/>\n\t<meta property=\"og:image:width\" content=\"1280\" \/>\n\t<meta property=\"og:image:height\" content=\"752\" \/>\n\t<meta property=\"og:image:type\" content=\"image\/jpeg\" \/>\n<meta name=\"author\" content=\"Reda\u00e7\u00e3o Suno Not\u00edcias\" \/>\n<meta name=\"twitter:card\" content=\"summary_large_image\" \/>\n<meta name=\"twitter:creator\" content=\"@https:\/\/twitter.com\/sunoresearch\" \/>\n<meta name=\"twitter:site\" content=\"@sunoresearch\" \/>\n<meta name=\"twitter:label1\" content=\"Escrito por\" \/>\n\t<meta name=\"twitter:data1\" content=\"Reda\u00e7\u00e3o Suno Not\u00edcias\" \/>\n\t<meta name=\"twitter:label2\" content=\"Est. tempo de leitura\" \/>\n\t<meta name=\"twitter:data2\" content=\"5 minutos\" \/>\n<script type=\"application\/ld+json\" class=\"yoast-schema-graph\">{\"@context\":\"https:\/\/schema.org\",\"@graph\":[{\"@type\":\"NewsArticle\",\"@id\":\"https:\/\/www.suno.com.br\/noticias\/arrecadacao-janeiro-beneficiada-fundos-exclusivos-gss\/#article\",\"isPartOf\":{\"@id\":\"https:\/\/www.suno.com.br\/noticias\/arrecadacao-janeiro-beneficiada-fundos-exclusivos-gss\/\"},\"author\":{\"name\":\"Reda\u00e7\u00e3o Suno Not\u00edcias\",\"@id\":\"https:\/\/www.suno.com.br\/noticias\/#\/schema\/person\/c1b1bd3727fa852bd045e9dbff3673ea\"},\"headline\":\"Arrecada\u00e7\u00e3o de janeiro teve R$ 4,1 bi vindos de tributa\u00e7\u00e3o de fundos exclusivos, diz Receita\",\"datePublished\":\"2024-02-22T21:09:41+00:00\",\"dateModified\":\"2024-02-22T21:09:44+00:00\",\"mainEntityOfPage\":{\"@id\":\"https:\/\/www.suno.com.br\/noticias\/arrecadacao-janeiro-beneficiada-fundos-exclusivos-gss\/\"},\"wordCount\":887,\"publisher\":{\"@id\":\"https:\/\/www.suno.com.br\/noticias\/#organization\"},\"image\":{\"@id\":\"https:\/\/www.suno.com.br\/noticias\/arrecadacao-janeiro-beneficiada-fundos-exclusivos-gss\/#primaryimage\"},\"thumbnailUrl\":\"https:\/\/files.sunoresearch.com.br\/n\/uploads\/2018\/12\/e577d616-arrecada\u00e7\u00e3o-jpg.webp\",\"keywords\":[\"Arrecada\u00e7\u00e3o federal\",\"precat\u00f3rios\"],\"articleSection\":[\"Neg\u00f3cios\"],\"inLanguage\":\"pt-BR\"},{\"@type\":\"WebPage\",\"@id\":\"https:\/\/www.suno.com.br\/noticias\/arrecadacao-janeiro-beneficiada-fundos-exclusivos-gss\/\",\"url\":\"https:\/\/www.suno.com.br\/noticias\/arrecadacao-janeiro-beneficiada-fundos-exclusivos-gss\/\",\"name\":\"Arrecada\u00e7\u00e3o de janeiro foi beneficiada por fundos exclusivos\",\"isPartOf\":{\"@id\":\"https:\/\/www.suno.com.br\/noticias\/#website\"},\"primaryImageOfPage\":{\"@id\":\"https:\/\/www.suno.com.br\/noticias\/arrecadacao-janeiro-beneficiada-fundos-exclusivos-gss\/#primaryimage\"},\"image\":{\"@id\":\"https:\/\/www.suno.com.br\/noticias\/arrecadacao-janeiro-beneficiada-fundos-exclusivos-gss\/#primaryimage\"},\"thumbnailUrl\":\"https:\/\/files.sunoresearch.com.br\/n\/uploads\/2018\/12\/e577d616-arrecada\u00e7\u00e3o-jpg.webp\",\"datePublished\":\"2024-02-22T21:09:41+00:00\",\"dateModified\":\"2024-02-22T21:09:44+00:00\",\"description\":\"Arrecada\u00e7\u00e3o foi beneficiada tamb\u00e9m pela reonera\u00e7\u00e3o dos combust\u00edveis, segundo o chefe do Centro de Estudos Tribut\u00e1rios e Aduaneiros.\",\"breadcrumb\":{\"@id\":\"https:\/\/www.suno.com.br\/noticias\/arrecadacao-janeiro-beneficiada-fundos-exclusivos-gss\/#breadcrumb\"},\"inLanguage\":\"pt-BR\",\"potentialAction\":[{\"@type\":\"ReadAction\",\"target\":[\"https:\/\/www.suno.com.br\/noticias\/arrecadacao-janeiro-beneficiada-fundos-exclusivos-gss\/\"]}]},{\"@type\":\"ImageObject\",\"inLanguage\":\"pt-BR\",\"@id\":\"https:\/\/www.suno.com.br\/noticias\/arrecadacao-janeiro-beneficiada-fundos-exclusivos-gss\/#primaryimage\",\"url\":\"https:\/\/files.sunoresearch.com.br\/n\/uploads\/2018\/12\/e577d616-arrecada\u00e7\u00e3o-jpg.webp\",\"contentUrl\":\"https:\/\/files.sunoresearch.com.br\/n\/uploads\/2018\/12\/e577d616-arrecada\u00e7\u00e3o-jpg.webp\",\"width\":1280,\"height\":752,\"caption\":\"Arrecada\u00e7\u00e3o. Foto: Pixabay\"},{\"@type\":\"BreadcrumbList\",\"@id\":\"https:\/\/www.suno.com.br\/noticias\/arrecadacao-janeiro-beneficiada-fundos-exclusivos-gss\/#breadcrumb\",\"itemListElement\":[{\"@type\":\"ListItem\",\"position\":1,\"name\":\"Not\u00edcias\",\"item\":\"https:\/\/www.suno.com.br\/noticias\/\"},{\"@type\":\"ListItem\",\"position\":2,\"name\":\"Neg\u00f3cios\",\"item\":\"https:\/\/www.suno.com.br\/noticias\/negocios\/\"},{\"@type\":\"ListItem\",\"position\":3,\"name\":\"Arrecada\u00e7\u00e3o de janeiro teve R$ 4,1 bi vindos de tributa\u00e7\u00e3o de fundos exclusivos, diz Receita\"}]},{\"@type\":\"WebSite\",\"@id\":\"https:\/\/www.suno.com.br\/noticias\/#website\",\"url\":\"https:\/\/www.suno.com.br\/noticias\/\",\"name\":\"Suno Not\u00edcias\",\"description\":\"Seu portal de informa\u00e7\u00e3o sobre o mundo dos investimentos\",\"publisher\":{\"@id\":\"https:\/\/www.suno.com.br\/noticias\/#organization\"},\"potentialAction\":[{\"@type\":\"SearchAction\",\"target\":{\"@type\":\"EntryPoint\",\"urlTemplate\":\"https:\/\/www.suno.com.br\/noticias\/?s={search_term_string}\"},\"query-input\":{\"@type\":\"PropertyValueSpecification\",\"valueRequired\":true,\"valueName\":\"search_term_string\"}}],\"inLanguage\":\"pt-BR\"},{\"@type\":\"Organization\",\"@id\":\"https:\/\/www.suno.com.br\/noticias\/#organization\",\"name\":\"Suno Not\u00edcias\",\"url\":\"https:\/\/www.suno.com.br\/noticias\/\",\"logo\":{\"@type\":\"ImageObject\",\"inLanguage\":\"pt-BR\",\"@id\":\"https:\/\/www.suno.com.br\/noticias\/#\/schema\/logo\/image\/\",\"url\":\"https:\/\/files.sunoresearch.com.br\/n\/uploads\/2021\/09\/suno-logo.png\",\"contentUrl\":\"https:\/\/files.sunoresearch.com.br\/n\/uploads\/2021\/09\/suno-logo.png\",\"width\":180,\"height\":180,\"caption\":\"Suno Not\u00edcias\"},\"image\":{\"@id\":\"https:\/\/www.suno.com.br\/noticias\/#\/schema\/logo\/image\/\"},\"sameAs\":[\"https:\/\/facebook.com\/sunoresearch\",\"https:\/\/x.com\/sunoresearch\",\"https:\/\/www.instagram.com\/suno\",\"https:\/\/www.linkedin.com\/company\/suno-research\/\",\"https:\/\/www.youtube.com\/c\/sunoresearch\"]},{\"@type\":\"Person\",\"@id\":\"https:\/\/www.suno.com.br\/noticias\/#\/schema\/person\/c1b1bd3727fa852bd045e9dbff3673ea\",\"name\":\"Reda\u00e7\u00e3o Suno Not\u00edcias\",\"image\":{\"@type\":\"ImageObject\",\"inLanguage\":\"pt-BR\",\"@id\":\"https:\/\/www.suno.com.br\/noticias\/#\/schema\/person\/image\/\",\"url\":\"https:\/\/secure.gravatar.com\/avatar\/b8104b9b5a71985d5238ee59fbe418af?s=96&r=g\",\"contentUrl\":\"https:\/\/secure.gravatar.com\/avatar\/b8104b9b5a71985d5238ee59fbe418af?s=96&r=g\",\"caption\":\"Reda\u00e7\u00e3o Suno Not\u00edcias\"},\"description\":\"O Suno Not\u00edcias \u00e9 um portal de informa\u00e7\u00f5es sobre Mercado Financeiro, Pol\u00edtica, Neg\u00f3cios, Economia e Finan\u00e7as Pessoais.\",\"sameAs\":[\"https:\/\/www.suno.com.br\/noticias\",\"https:\/\/www.facebook.com\/sunonoticias\/\",\"https:\/\/www.instagram.com\/sunonoticias\/\",\"https:\/\/x.com\/https:\/\/twitter.com\/sunoresearch\",\"https:\/\/www.youtube.com\/sunonoticias\"],\"url\":\"https:\/\/www.suno.com.br\/noticias\/author\/redacao-suno\/\"}]}<\/script>\n<!-- \/ Yoast SEO plugin. -->","yoast_head_json":{"title":"Arrecada\u00e7\u00e3o de janeiro foi beneficiada por fundos exclusivos","description":"Arrecada\u00e7\u00e3o foi beneficiada tamb\u00e9m pela reonera\u00e7\u00e3o dos combust\u00edveis, segundo o chefe do Centro de Estudos Tribut\u00e1rios e Aduaneiros.","robots":{"index":"index","follow":"follow","max-snippet":"max-snippet:-1","max-image-preview":"max-image-preview:large","max-video-preview":"max-video-preview:-1"},"canonical":"https:\/\/www.suno.com.br\/noticias\/arrecadacao-janeiro-beneficiada-fundos-exclusivos-gss\/","og_locale":"pt_BR","og_type":"article","og_title":"Arrecada\u00e7\u00e3o de janeiro foi beneficiada por fundos exclusivos","og_description":"Arrecada\u00e7\u00e3o foi beneficiada tamb\u00e9m pela reonera\u00e7\u00e3o dos combust\u00edveis, segundo o chefe do Centro de Estudos Tribut\u00e1rios e Aduaneiros.","og_url":"https:\/\/www.suno.com.br\/noticias\/arrecadacao-janeiro-beneficiada-fundos-exclusivos-gss\/","og_site_name":"Suno Not\u00edcias","article_publisher":"https:\/\/facebook.com\/sunoresearch","article_author":"https:\/\/www.facebook.com\/sunonoticias\/","og_image":[{"width":1280,"height":752,"url":"https:\/\/files.sunoresearch.com.br\/n\/uploads\/2018\/12\/e577d616-arrecada\u00e7\u00e3o.jpg","type":"image\/jpeg"}],"author":"Reda\u00e7\u00e3o Suno Not\u00edcias","twitter_card":"summary_large_image","twitter_creator":"@https:\/\/twitter.com\/sunoresearch","twitter_site":"@sunoresearch","twitter_misc":{"Escrito por":"Reda\u00e7\u00e3o Suno Not\u00edcias","Est. tempo de leitura":"5 minutos"},"schema":{"@context":"https:\/\/schema.org","@graph":[{"@type":"NewsArticle","@id":"https:\/\/www.suno.com.br\/noticias\/arrecadacao-janeiro-beneficiada-fundos-exclusivos-gss\/#article","isPartOf":{"@id":"https:\/\/www.suno.com.br\/noticias\/arrecadacao-janeiro-beneficiada-fundos-exclusivos-gss\/"},"author":{"name":"Reda\u00e7\u00e3o Suno Not\u00edcias","@id":"https:\/\/www.suno.com.br\/noticias\/#\/schema\/person\/c1b1bd3727fa852bd045e9dbff3673ea"},"headline":"Arrecada\u00e7\u00e3o de janeiro teve R$ 4,1 bi vindos de tributa\u00e7\u00e3o de fundos exclusivos, diz Receita","datePublished":"2024-02-22T21:09:41+00:00","dateModified":"2024-02-22T21:09:44+00:00","mainEntityOfPage":{"@id":"https:\/\/www.suno.com.br\/noticias\/arrecadacao-janeiro-beneficiada-fundos-exclusivos-gss\/"},"wordCount":887,"publisher":{"@id":"https:\/\/www.suno.com.br\/noticias\/#organization"},"image":{"@id":"https:\/\/www.suno.com.br\/noticias\/arrecadacao-janeiro-beneficiada-fundos-exclusivos-gss\/#primaryimage"},"thumbnailUrl":"https:\/\/files.sunoresearch.com.br\/n\/uploads\/2018\/12\/e577d616-arrecada\u00e7\u00e3o-jpg.webp","keywords":["Arrecada\u00e7\u00e3o federal","precat\u00f3rios"],"articleSection":["Neg\u00f3cios"],"inLanguage":"pt-BR"},{"@type":"WebPage","@id":"https:\/\/www.suno.com.br\/noticias\/arrecadacao-janeiro-beneficiada-fundos-exclusivos-gss\/","url":"https:\/\/www.suno.com.br\/noticias\/arrecadacao-janeiro-beneficiada-fundos-exclusivos-gss\/","name":"Arrecada\u00e7\u00e3o de janeiro foi beneficiada por fundos exclusivos","isPartOf":{"@id":"https:\/\/www.suno.com.br\/noticias\/#website"},"primaryImageOfPage":{"@id":"https:\/\/www.suno.com.br\/noticias\/arrecadacao-janeiro-beneficiada-fundos-exclusivos-gss\/#primaryimage"},"image":{"@id":"https:\/\/www.suno.com.br\/noticias\/arrecadacao-janeiro-beneficiada-fundos-exclusivos-gss\/#primaryimage"},"thumbnailUrl":"https:\/\/files.sunoresearch.com.br\/n\/uploads\/2018\/12\/e577d616-arrecada\u00e7\u00e3o-jpg.webp","datePublished":"2024-02-22T21:09:41+00:00","dateModified":"2024-02-22T21:09:44+00:00","description":"Arrecada\u00e7\u00e3o foi beneficiada tamb\u00e9m pela reonera\u00e7\u00e3o dos combust\u00edveis, segundo o chefe do Centro de Estudos Tribut\u00e1rios e Aduaneiros.","breadcrumb":{"@id":"https:\/\/www.suno.com.br\/noticias\/arrecadacao-janeiro-beneficiada-fundos-exclusivos-gss\/#breadcrumb"},"inLanguage":"pt-BR","potentialAction":[{"@type":"ReadAction","target":["https:\/\/www.suno.com.br\/noticias\/arrecadacao-janeiro-beneficiada-fundos-exclusivos-gss\/"]}]},{"@type":"ImageObject","inLanguage":"pt-BR","@id":"https:\/\/www.suno.com.br\/noticias\/arrecadacao-janeiro-beneficiada-fundos-exclusivos-gss\/#primaryimage","url":"https:\/\/files.sunoresearch.com.br\/n\/uploads\/2018\/12\/e577d616-arrecada\u00e7\u00e3o-jpg.webp","contentUrl":"https:\/\/files.sunoresearch.com.br\/n\/uploads\/2018\/12\/e577d616-arrecada\u00e7\u00e3o-jpg.webp","width":1280,"height":752,"caption":"Arrecada\u00e7\u00e3o. Foto: Pixabay"},{"@type":"BreadcrumbList","@id":"https:\/\/www.suno.com.br\/noticias\/arrecadacao-janeiro-beneficiada-fundos-exclusivos-gss\/#breadcrumb","itemListElement":[{"@type":"ListItem","position":1,"name":"Not\u00edcias","item":"https:\/\/www.suno.com.br\/noticias\/"},{"@type":"ListItem","position":2,"name":"Neg\u00f3cios","item":"https:\/\/www.suno.com.br\/noticias\/negocios\/"},{"@type":"ListItem","position":3,"name":"Arrecada\u00e7\u00e3o de janeiro teve R$ 4,1 bi vindos de tributa\u00e7\u00e3o de fundos exclusivos, diz Receita"}]},{"@type":"WebSite","@id":"https:\/\/www.suno.com.br\/noticias\/#website","url":"https:\/\/www.suno.com.br\/noticias\/","name":"Suno Not\u00edcias","description":"Seu portal de informa\u00e7\u00e3o sobre o mundo dos investimentos","publisher":{"@id":"https:\/\/www.suno.com.br\/noticias\/#organization"},"potentialAction":[{"@type":"SearchAction","target":{"@type":"EntryPoint","urlTemplate":"https:\/\/www.suno.com.br\/noticias\/?s={search_term_string}"},"query-input":{"@type":"PropertyValueSpecification","valueRequired":true,"valueName":"search_term_string"}}],"inLanguage":"pt-BR"},{"@type":"Organization","@id":"https:\/\/www.suno.com.br\/noticias\/#organization","name":"Suno Not\u00edcias","url":"https:\/\/www.suno.com.br\/noticias\/","logo":{"@type":"ImageObject","inLanguage":"pt-BR","@id":"https:\/\/www.suno.com.br\/noticias\/#\/schema\/logo\/image\/","url":"https:\/\/files.sunoresearch.com.br\/n\/uploads\/2021\/09\/suno-logo.png","contentUrl":"https:\/\/files.sunoresearch.com.br\/n\/uploads\/2021\/09\/suno-logo.png","width":180,"height":180,"caption":"Suno Not\u00edcias"},"image":{"@id":"https:\/\/www.suno.com.br\/noticias\/#\/schema\/logo\/image\/"},"sameAs":["https:\/\/facebook.com\/sunoresearch","https:\/\/x.com\/sunoresearch","https:\/\/www.instagram.com\/suno","https:\/\/www.linkedin.com\/company\/suno-research\/","https:\/\/www.youtube.com\/c\/sunoresearch"]},{"@type":"Person","@id":"https:\/\/www.suno.com.br\/noticias\/#\/schema\/person\/c1b1bd3727fa852bd045e9dbff3673ea","name":"Reda\u00e7\u00e3o Suno Not\u00edcias","image":{"@type":"ImageObject","inLanguage":"pt-BR","@id":"https:\/\/www.suno.com.br\/noticias\/#\/schema\/person\/image\/","url":"https:\/\/secure.gravatar.com\/avatar\/b8104b9b5a71985d5238ee59fbe418af?s=96&r=g","contentUrl":"https:\/\/secure.gravatar.com\/avatar\/b8104b9b5a71985d5238ee59fbe418af?s=96&r=g","caption":"Reda\u00e7\u00e3o Suno Not\u00edcias"},"description":"O Suno Not\u00edcias \u00e9 um portal de informa\u00e7\u00f5es sobre Mercado Financeiro, Pol\u00edtica, Neg\u00f3cios, Economia e Finan\u00e7as Pessoais.","sameAs":["https:\/\/www.suno.com.br\/noticias","https:\/\/www.facebook.com\/sunonoticias\/","https:\/\/www.instagram.com\/sunonoticias\/","https:\/\/x.com\/https:\/\/twitter.com\/sunoresearch","https:\/\/www.youtube.com\/sunonoticias"],"url":"https:\/\/www.suno.com.br\/noticias\/author\/redacao-suno\/"}]}},"default_loop_html":"<div class=\"cardsPage__listCard__boxs\"><div class=\"cardsPage__listCard__boxs__img\"><a href=\"https:\/\/www.suno.com.br\/noticias\/arrecadacao-janeiro-beneficiada-fundos-exclusivos-gss\/\"><img class=\"mask\" src=\"https:\/\/www.suno.com.br\/noticias\/wp-content\/themes\/suno\/resources\/images\/spotlight\/spotlight1img\/bg-mask.png\" alt=\"Image Mask\"\/><img src=\"https:\/\/files.sunoresearch.com.br\/n\/uploads\/2018\/12\/e577d616-arrecada\u00e7\u00e3o-400x200.webp\" alt=\"Arrecada\u00e7\u00e3o de janeiro teve R$ 4,1 bi vindos de tributa\u00e7\u00e3o de fundos exclusivos, diz Receita\"\/><\/a><span class=\"spotlightCategory\"><a href=\"https:\/\/www.suno.com.br\/noticias\/negocios\/\">Neg\u00f3cios<\/a><\/span><\/div><div class=\"cardsPage__listCard__boxs__content\"><a href=\"https:\/\/www.suno.com.br\/noticias\/arrecadacao-janeiro-beneficiada-fundos-exclusivos-gss\/\"><h2 class=\"content__title\">Arrecada\u00e7\u00e3o de janeiro teve R$ 4,1 bi vindos de tributa\u00e7\u00e3o de fundos exclusivos, diz Receita<\/h2><\/a><div class=\"newsContent__article__meta\"><div class=\"newsContent__article__meta__authorBox\"><a href=\"https:\/\/www.suno.com.br\/noticias\/author\/redacao-suno\/\" class=\"authorBox__avatar noMobi\"><img src=\"https:\/\/files.sunoresearch.com.br\/n\/uploads\/2020\/08\/0ace682d-redacao-1-150x150.webp\" alt=\"Reda\u00e7\u00e3o Suno Not\u00edcias\"><\/a><div class=\"authorBox__name\"><span>por\n\t\t\t<a href=\"https:\/\/www.suno.com.br\/noticias\/author\/redacao-suno\/\"><span itemprop=\"author\">Reda\u00e7\u00e3o Suno Not\u00edcias<\/span><\/a><\/span><time datetime=\"2024-02-22T18:09:41-03:00\" itemprop=\"datePublished\">22\/02\/2024 18:09<\/time><\/div><\/div><\/div><\/div><\/div>","single_layout":"posts","amp_enabled":true,"_links":{"self":[{"href":"https:\/\/www.suno.com.br\/noticias\/wp-json\/wp\/v2\/posts\/525818"}],"collection":[{"href":"https:\/\/www.suno.com.br\/noticias\/wp-json\/wp\/v2\/posts"}],"about":[{"href":"https:\/\/www.suno.com.br\/noticias\/wp-json\/wp\/v2\/types\/post"}],"author":[{"embeddable":true,"href":"https:\/\/www.suno.com.br\/noticias\/wp-json\/wp\/v2\/users\/43"}],"replies":[{"embeddable":true,"href":"https:\/\/www.suno.com.br\/noticias\/wp-json\/wp\/v2\/comments?post=525818"}],"version-history":[{"count":2,"href":"https:\/\/www.suno.com.br\/noticias\/wp-json\/wp\/v2\/posts\/525818\/revisions"}],"predecessor-version":[{"id":525849,"href":"https:\/\/www.suno.com.br\/noticias\/wp-json\/wp\/v2\/posts\/525818\/revisions\/525849"}],"wp:featuredmedia":[{"embeddable":true,"href":"https:\/\/www.suno.com.br\/noticias\/wp-json\/wp\/v2\/media\/9753"}],"wp:attachment":[{"href":"https:\/\/www.suno.com.br\/noticias\/wp-json\/wp\/v2\/media?parent=525818"}],"wp:term":[{"taxonomy":"category","embeddable":true,"href":"https:\/\/www.suno.com.br\/noticias\/wp-json\/wp\/v2\/categories?post=525818"},{"taxonomy":"post_tag","embeddable":true,"href":"https:\/\/www.suno.com.br\/noticias\/wp-json\/wp\/v2\/tags?post=525818"},{"taxonomy":"suno_strategy","embeddable":true,"href":"https:\/\/www.suno.com.br\/noticias\/wp-json\/wp\/v2\/suno_strategy?post=525818"}],"curies":[{"name":"wp","href":"https:\/\/api.w.org\/{rel}","templated":true}]}}