{"id":525811,"date":"2024-02-22T18:16:56","date_gmt":"2024-02-22T21:16:56","guid":{"rendered":"https:\/\/www.suno.com.br\/noticias\/?p=525811"},"modified":"2024-02-22T18:16:59","modified_gmt":"2024-02-22T21:16:59","slug":"venda-aco-toneladas-janeiro-alta-gss","status":"publish","type":"post","link":"https:\/\/www.suno.com.br\/noticias\/venda-aco-toneladas-janeiro-alta-gss\/","title":{"rendered":"A\u00e7o plano: vendas somam 329,9 mil toneladas em janeiro; alta anual \u00e9 de 6%"},"content":{"rendered":"<p>O Instituto Nacional dos Distribuidores de <strong>A\u00e7o <\/strong>(Inda) informou que as vendas de a\u00e7os planos somaram 329,9 mil toneladas em janeiro de 2024, o que representa uma alta de 6% na compara\u00e7\u00e3o com o mesmo m\u00eas do ano anterior. O volume \u00e9 25,1% superior ante dezembro na compara\u00e7\u00e3o mensal. A entidade projeta o indicador alcan\u00e7ando 320 mil toneladas em fevereiro.<\/p>\t<div class=\"wrapper-featured-image\">\n\t\t<figure class=\"spotlightImg\">\n\n\t\t\t<picture>\n\t\t\t\t<source media=\"(max-width: 768px)\" srcset=\"https:\/\/files.sunoresearch.com.br\/n\/uploads\/2024\/02\/tube-898660_1920-400x200.jpg\">\n\t\t\t\t<img loading=\"lazy\" decoding=\"async\" class=\"newsContent__article__imgCapa lazyloadDisabled \" src=\"https:\/\/files.sunoresearch.com.br\/n\/uploads\/2024\/02\/tube-898660_1920-800x450.jpg\" width=\"800\" height=\"450\" alt=\"A\u00e7o plano: vendas somam 329,9 mil toneladas em janeiro; alta anual \u00e9 de 6%\" fetchpriority=high \/>\n\t\t\t<\/picture>\n\n\t\t\t<figcaption class=\"wp-caption-text wp-caption-text--show\">Taxa\u00e7\u00e3o do a\u00e7o importado passa a valer no pr\u00f3ximo m\u00eas. Foto: Pixabay<\/figcaption>\n\t\t<\/figure>\n\t<\/div>\n\n\n\n\n\n\n\n\t<p>\n\t\t<a href=\"https:\/\/lp.suno.com.br\/planilha-da-vida-financeira\/\" target=\"_blank\" data-element=\"shortcode-suno-banner\" title=\"Banner SUNO, clique e saiba mais\">\n\t\t\t<picture>\n\t\t\t\t<source media=\"(max-width: 500px)\" srcset=\"https:\/\/files.sunoresearch.com.br\/n\/uploads\/2023\/04\/400x300-Planilha-vida-financeira-true.png\">\n\t\t\t\t<img class=\"newsContent__article__imgCapa newsContent__article__imgCapa--banner\"\n\t\t\t\t\tsrc=\"https:\/\/files.sunoresearch.com.br\/n\/uploads\/2023\/04\/1420x240-Planilha-vida-financeira-true.png\"\n\t\t\t\t\tdata-promo-id=\"106682\"\t\t\t\t\t\t\t\t\t\twidth='1420' height='240'\t\t\t\t\talt=\"https:\/\/files.sunoresearch.com.br\/n\/uploads\/2023\/04\/1420x240-Planilha-vida-financeira-true.png\"\n\t\t\t\t>\n\t\t\t<\/picture>\n\t\t<\/a>\n\t<\/p>\n\n\n\n\n\n<p>Segundo o Inda, o volume de <strong>a\u00e7o importado<\/strong> em janeiro foi de 131,8 mil toneladas, valor 25,6% menor ante um ano. Na compara\u00e7\u00e3o com dezembro, o indicador tamb\u00e9m mostra recuo de 52,4%.<\/p>\n\n\n\n<p>A redu\u00e7\u00e3o mais significativa nas importa\u00e7\u00f5es foi de chapas grossas, com queda de 87,8% no indicador de janeiro na compara\u00e7\u00e3o com o mesmo m\u00eas de 2022.<\/p>\n\n\n\n<p>As importa\u00e7\u00f5es de <strong>laminados a quente<\/strong>, por sua vez, aumentaram 98% em janeiro ante o mesmo m\u00eas do ano anterior, para 17,1 mil toneladas. Na compara\u00e7\u00e3o mensal, contudo, h\u00e1 queda de 75,1%.<\/p>\n\n\n\n<p>J\u00e1 as compras externas de laminados a frio avan\u00e7aram 28,4% no mesmo intervalo, para 27 mil toneladas. No intervalo mensal h\u00e1 recuo de 51,5%. A principal origem das importa\u00e7\u00f5es permanece sendo a China, com 70,9% de participa\u00e7\u00e3o no total do indicador.<\/p>\n\n\n\n<p>Com rela\u00e7\u00e3o \u00e0s compras realizadas pelo setor de distribui\u00e7\u00e3o, em janeiro foram adquiridas 344,8 mil toneladas de a\u00e7o, o valor \u00e9 7,8% maior na compara\u00e7\u00e3o com o mesmo per\u00edodo do ano anterior, al\u00e9m de um avan\u00e7o de 25,9% ante dezembro. O avan\u00e7o mensal nas compras superou a previs\u00e3o feita pelo Inda na divulga\u00e7\u00e3o anterior, em 20%.<\/p>\n\n\n\n<p>As <strong>compras de laminados a quente <\/strong>por parte dos distribuidores somaram 192,8 mil toneladas em janeiro, o que representa um aumento de 8,2% na compara\u00e7\u00e3o anual e um avan\u00e7o de 11,2% no intervalo mensal. As comercializa\u00e7\u00f5es de laminados a frio, por sua vez, totalizaram 43,6 mil toneladas, aumento de 6,5% ante um ano e 16,2% ante dezembro.<\/p>\n\n\n\n<p>&#8220;Provavelmente os associados compraram mais por conta dos an\u00fancios de aumento de pre\u00e7os para fevereiro por parte das sider\u00fargicas, como uma forma de se antecipar aos valores mais caros&#8221;, afirmou o presidente do Inda, Carlos Jorge Loureiro.<\/p>\n\n\n\n<h2 class=\"wp-block-heading\">Gerdau (GGBR4) entrar\u00e1 com medidas de defesa contra asi\u00e1ticas em meio \u00e0 \u201cguerra do a\u00e7o\u201d<\/h2>\n\n\n\n<p>A&nbsp;<strong>Gerdau<\/strong>&nbsp;(GGBR4) vai entrar com pedidos de defesa antidumping contra empresas chinesas e de outros pa\u00edses asi\u00e1ticos nos pr\u00f3ximos meses tanto para a\u00e7os longos quanto planos, informou o&nbsp;<a href=\"https:\/\/www.suno.com.br\/artigos\/ceo\/\" target=\"_blank\" rel=\"noreferrer noopener\" style=\"background: yellow;\">diretor-presidente<\/a>&nbsp;da sider\u00fargica, Gustavo Werneck, nesta quarta-feira (21) durante divulga\u00e7\u00e3o dos resultados do quarto trimestre da companhia. O pedido ser\u00e1 feito ao Minist\u00e9rio do Desenvolvimento, Ind\u00fastria e Com\u00e9rcio e Servi\u00e7os (MDIC).<\/p>\n\n\n\n<p>De acordo com&nbsp;<strong>Werneck<\/strong>, a empresa esperava uma decis\u00e3o do governo sobre aumento da&nbsp;<strong>al\u00edquota de importa\u00e7\u00e3o para produtos sider\u00fargicos<\/strong>&nbsp;at\u00e9 fevereiro. No entanto, a expectativa foi frustrada em meio, aos esfor\u00e7os intensos do&nbsp;<strong>Instituto A\u00e7o Brasil<\/strong>&nbsp;\u2013 entidade que representa as sider\u00fargicas \u2013 para sensibilizar o governo em rela\u00e7\u00e3o ao pleito das empresas.<\/p>\n\n\n\n<p>Werneck comentou que a decis\u00e3o da Gerdau \u201cj\u00e1 est\u00e1 tomada\u201d em rela\u00e7\u00e3o ao pr\u00f3ximo movimento da companhia para a ado\u00e7\u00e3o de pedidos de<strong>&nbsp;defesa antidumping<\/strong>, mas, por uma raz\u00e3o estrat\u00e9gica, n\u00e3o detalhou quais produtos seriam alvos dos pedidos.<\/p>\n\n\n\n<p>O executivo relembrou ainda que em 2022 a sider\u00fargica j\u00e1 havia feito um pedido semelhante para o\u00a0<strong>a\u00e7o laminado\u00a0<\/strong>a quente, mas n\u00e3o foi atendido pelo governo.<\/p>\n\n\n\t<p>\n\t\t<a href=\"https:\/\/lp.suno.com.br\/ebook-como-analisar-uma-acao\/\" target=\"_blank\" data-element=\"shortcode-suno-banner\" title=\"Banner SUNO, clique e saiba mais\">\n\t\t\t<picture>\n\t\t\t\t<source media=\"(max-width: 500px)\" srcset=\"https:\/\/files.sunoresearch.com.br\/n\/uploads\/2023\/03\/Ebook-Acoes-Mobile.jpg\">\n\t\t\t\t<img class=\"newsContent__article__imgCapa newsContent__article__imgCapa--banner\"\n\t\t\t\t\tsrc=\"https:\/\/files.sunoresearch.com.br\/n\/uploads\/2023\/03\/Ebook-Acoes-Desktop.jpg\"\n\t\t\t\t\tdata-promo-id=\"378302\"\t\t\t\t\t\t\t\t\t\twidth='1420' height='286'\t\t\t\t\talt=\"https:\/\/files.sunoresearch.com.br\/n\/uploads\/2023\/03\/Ebook-Acoes-Desktop.jpg\"\n\t\t\t\t>\n\t\t\t<\/picture>\n\t\t<\/a>\n\t<\/p>\n\n\n\n\n\n<p>Sobre o pleito feito em 2022, Werneck disse ter recebido uma resposta do Getip (Grupo T\u00e9cnico de Interesse P\u00fablico), \u00f3rg\u00e3o do&nbsp;<strong>MDIC<\/strong>, que reconheceu que a Gerdau sofreu danos em seus resultados por conta de uma concorr\u00eancia desleal, mas que n\u00e3o poderia atender ao pleito da empresa por conta de um \u201crisco inflacion\u00e1rio\u201d e preju\u00edzos em outros setores da economia. \u201c\u00c9 um neg\u00f3cio que s\u00f3 vemos no Brasil\u201d, acrescentou.<\/p>\n\n\n\n<p>\u201cEstamos fazendo essas formalidades, mas estamos descrentes de que isso (uma aprova\u00e7\u00e3o) pode acontecer\u201d, afirmou Werneck, acrescentando que uma tomada de decis\u00e3o espec\u00edfica sobre o pleito demora em m\u00e9dia 18 meses, o que seria um tempo muito longo para a urg\u00eancia exigida atualmente pelo cen\u00e1rio enfrentado pela sider\u00fargica no Brasil.<\/p>\n\n\n\n<p>\u201cPedimos que o governo coloque medidas de curt\u00edssimo prazo como a eleva\u00e7\u00e3o das tarifas para 25%. Quem sabe at\u00e9 a implementa\u00e7\u00e3o de cotas, como aconteceu na Se\u00e7\u00e3o 232 nos Estados Unidos\u201d, afirmou Werneck.<\/p>\n\n\n\n<p>O vice-presidente executivo de Finan\u00e7as e diretor de Rela\u00e7\u00f5es com&nbsp;<strong>Investidores da Gerdau<\/strong>,&nbsp;<strong>Rafael Japur<\/strong>, afirmou que a empresa tamb\u00e9m avalia entrar com outras a\u00e7\u00f5es em conjunto com outras companhias do setor de <strong>a\u00e7o<\/strong>. \u201cEstamos avaliando entrar com outras empresas com medidas de defesa contra a concorr\u00eancia, mas n\u00e3o podemos detalhar quais s\u00e3o as linhas ou produtos. Estamos verificando taticamente a melhor decis\u00e3o, tomando todas as precau\u00e7\u00f5es jur\u00eddicas e de governan\u00e7a\u201d, afirmou.<\/p>\n\n\n\n<p>Com Estad\u00e3o Conte\u00fado<\/p>\n\n\n\t<p>\n\t\t<a href=\"https:\/\/lp.suno.com.br\/planilha-da-vida-financeira\/\" target=\"_blank\" data-element=\"shortcode-suno-banner\" title=\"Banner SUNO, clique e saiba mais\">\n\t\t\t<picture>\n\t\t\t\t<source media=\"(max-width: 500px)\" srcset=\"https:\/\/files.sunoresearch.com.br\/n\/uploads\/2023\/04\/400x300-Planilha-vida-financeira-true.png\">\n\t\t\t\t<img class=\"newsContent__article__imgCapa newsContent__article__imgCapa--banner\"\n\t\t\t\t\tsrc=\"https:\/\/files.sunoresearch.com.br\/n\/uploads\/2023\/04\/1420x240-Planilha-vida-financeira-true.png\"\n\t\t\t\t\tdata-promo-id=\"383123\"\t\t\t\t\t\t\t\t\t\twidth='1420' height='240'\t\t\t\t\talt=\"https:\/\/files.sunoresearch.com.br\/n\/uploads\/2023\/04\/1420x240-Planilha-vida-financeira-true.png\"\n\t\t\t\t>\n\t\t\t<\/picture>\n\t\t<\/a>\n\t<\/p>\n\n\n","protected":false},"excerpt":{"rendered":"<p>O Instituto Nacional dos Distribuidores de A\u00e7o (Inda) informou que as vendas de a\u00e7os planos somaram 329,9 mil toneladas em janeiro de 2024, o que representa uma alta de 6% na compara\u00e7\u00e3o com o mesmo m\u00eas do ano anterior. O volume \u00e9 25,1% superior ante dezembro na compara\u00e7\u00e3o mensal. A entidade projeta o indicador alcan\u00e7ando [&hellip;]<\/p>\n","protected":false},"author":43,"featured_media":525854,"comment_status":"closed","ping_status":"closed","sticky":false,"template":"","format":"standard","meta":[],"categories":[64],"tags":[488,2634],"suno_strategy":[],"class_list":["post-525811","post","type-post","status-publish","format-standard","has-post-thumbnail","hentry","category-negocios","tag-gerdau-ggbr3-ggbr4","tag-gerdau-metalurgica-goau3-goau4"],"yoast_head":"<!-- This site is optimized with the Yoast SEO plugin v24.4 - https:\/\/yoast.com\/wordpress\/plugins\/seo\/ -->\n<title>A\u00e7o plano: vendas somam 329,9 mil toneladas em janeiro<\/title>\n<meta name=\"description\" content=\"N\u00famero \u00e9 divulgado em meio \u00e0 &quot;guerra do a\u00e7o&quot;, com sider\u00fargicas nacionais pedindo taxa\u00e7\u00f5es maiores para o produto importado.\" \/>\n<meta name=\"robots\" content=\"index, follow, max-snippet:-1, max-image-preview:large, max-video-preview:-1\" \/>\n<link rel=\"canonical\" href=\"https:\/\/www.suno.com.br\/noticias\/venda-aco-toneladas-janeiro-alta-gss\/\" \/>\n<meta property=\"og:locale\" content=\"pt_BR\" \/>\n<meta property=\"og:type\" content=\"article\" \/>\n<meta property=\"og:title\" content=\"A\u00e7o plano: vendas somam 329,9 mil toneladas em janeiro\" \/>\n<meta property=\"og:description\" content=\"N\u00famero \u00e9 divulgado em meio \u00e0 &quot;guerra do a\u00e7o&quot;, com sider\u00fargicas nacionais pedindo taxa\u00e7\u00f5es maiores para o produto importado.\" \/>\n<meta property=\"og:url\" content=\"https:\/\/www.suno.com.br\/noticias\/venda-aco-toneladas-janeiro-alta-gss\/\" \/>\n<meta property=\"og:site_name\" content=\"Suno Not\u00edcias\" \/>\n<meta property=\"article:publisher\" content=\"https:\/\/facebook.com\/sunoresearch\" \/>\n<meta property=\"article:author\" content=\"https:\/\/www.facebook.com\/sunonoticias\/\" \/>\n<meta property=\"og:image\" content=\"https:\/\/files.sunoresearch.com.br\/n\/uploads\/2024\/02\/tube-898660_1920.jpg\" \/>\n\t<meta property=\"og:image:width\" content=\"1920\" \/>\n\t<meta property=\"og:image:height\" content=\"1198\" \/>\n\t<meta property=\"og:image:type\" content=\"image\/jpeg\" \/>\n<meta name=\"author\" content=\"Reda\u00e7\u00e3o Suno Not\u00edcias\" \/>\n<meta name=\"twitter:card\" content=\"summary_large_image\" \/>\n<meta name=\"twitter:creator\" content=\"@https:\/\/twitter.com\/sunoresearch\" \/>\n<meta name=\"twitter:site\" content=\"@sunoresearch\" \/>\n<meta name=\"twitter:label1\" content=\"Escrito por\" \/>\n\t<meta name=\"twitter:data1\" content=\"Reda\u00e7\u00e3o Suno Not\u00edcias\" \/>\n\t<meta name=\"twitter:label2\" content=\"Est. tempo de leitura\" \/>\n\t<meta name=\"twitter:data2\" content=\"5 minutos\" \/>\n<script type=\"application\/ld+json\" class=\"yoast-schema-graph\">{\"@context\":\"https:\/\/schema.org\",\"@graph\":[{\"@type\":\"NewsArticle\",\"@id\":\"https:\/\/www.suno.com.br\/noticias\/venda-aco-toneladas-janeiro-alta-gss\/#article\",\"isPartOf\":{\"@id\":\"https:\/\/www.suno.com.br\/noticias\/venda-aco-toneladas-janeiro-alta-gss\/\"},\"author\":{\"name\":\"Reda\u00e7\u00e3o Suno Not\u00edcias\",\"@id\":\"https:\/\/www.suno.com.br\/noticias\/#\/schema\/person\/c1b1bd3727fa852bd045e9dbff3673ea\"},\"headline\":\"A\u00e7o plano: vendas somam 329,9 mil toneladas em janeiro; alta anual \u00e9 de 6%\",\"datePublished\":\"2024-02-22T21:16:56+00:00\",\"dateModified\":\"2024-02-22T21:16:59+00:00\",\"mainEntityOfPage\":{\"@id\":\"https:\/\/www.suno.com.br\/noticias\/venda-aco-toneladas-janeiro-alta-gss\/\"},\"wordCount\":855,\"publisher\":{\"@id\":\"https:\/\/www.suno.com.br\/noticias\/#organization\"},\"image\":{\"@id\":\"https:\/\/www.suno.com.br\/noticias\/venda-aco-toneladas-janeiro-alta-gss\/#primaryimage\"},\"thumbnailUrl\":\"https:\/\/files.sunoresearch.com.br\/n\/uploads\/2024\/02\/tube-898660_1920.jpg\",\"keywords\":[\"Gerdau (GGBR3\/GGBR4)\",\"Gerdau Metal\u00fargica (GOAU3\/GOAU4)\"],\"articleSection\":[\"Neg\u00f3cios\"],\"inLanguage\":\"pt-BR\"},{\"@type\":\"WebPage\",\"@id\":\"https:\/\/www.suno.com.br\/noticias\/venda-aco-toneladas-janeiro-alta-gss\/\",\"url\":\"https:\/\/www.suno.com.br\/noticias\/venda-aco-toneladas-janeiro-alta-gss\/\",\"name\":\"A\u00e7o plano: vendas somam 329,9 mil toneladas em janeiro\",\"isPartOf\":{\"@id\":\"https:\/\/www.suno.com.br\/noticias\/#website\"},\"primaryImageOfPage\":{\"@id\":\"https:\/\/www.suno.com.br\/noticias\/venda-aco-toneladas-janeiro-alta-gss\/#primaryimage\"},\"image\":{\"@id\":\"https:\/\/www.suno.com.br\/noticias\/venda-aco-toneladas-janeiro-alta-gss\/#primaryimage\"},\"thumbnailUrl\":\"https:\/\/files.sunoresearch.com.br\/n\/uploads\/2024\/02\/tube-898660_1920.jpg\",\"datePublished\":\"2024-02-22T21:16:56+00:00\",\"dateModified\":\"2024-02-22T21:16:59+00:00\",\"description\":\"N\u00famero \u00e9 divulgado em meio \u00e0 \\\"guerra do a\u00e7o\\\", com sider\u00fargicas nacionais pedindo taxa\u00e7\u00f5es maiores para o produto importado.\",\"breadcrumb\":{\"@id\":\"https:\/\/www.suno.com.br\/noticias\/venda-aco-toneladas-janeiro-alta-gss\/#breadcrumb\"},\"inLanguage\":\"pt-BR\",\"potentialAction\":[{\"@type\":\"ReadAction\",\"target\":[\"https:\/\/www.suno.com.br\/noticias\/venda-aco-toneladas-janeiro-alta-gss\/\"]}]},{\"@type\":\"ImageObject\",\"inLanguage\":\"pt-BR\",\"@id\":\"https:\/\/www.suno.com.br\/noticias\/venda-aco-toneladas-janeiro-alta-gss\/#primaryimage\",\"url\":\"https:\/\/files.sunoresearch.com.br\/n\/uploads\/2024\/02\/tube-898660_1920.jpg\",\"contentUrl\":\"https:\/\/files.sunoresearch.com.br\/n\/uploads\/2024\/02\/tube-898660_1920.jpg\",\"width\":1920,\"height\":1198,\"caption\":\"Taxa\u00e7\u00e3o do a\u00e7o importado passa a valer no pr\u00f3ximo m\u00eas. Foto: Pixabay\"},{\"@type\":\"BreadcrumbList\",\"@id\":\"https:\/\/www.suno.com.br\/noticias\/venda-aco-toneladas-janeiro-alta-gss\/#breadcrumb\",\"itemListElement\":[{\"@type\":\"ListItem\",\"position\":1,\"name\":\"Not\u00edcias\",\"item\":\"https:\/\/www.suno.com.br\/noticias\/\"},{\"@type\":\"ListItem\",\"position\":2,\"name\":\"Neg\u00f3cios\",\"item\":\"https:\/\/www.suno.com.br\/noticias\/negocios\/\"},{\"@type\":\"ListItem\",\"position\":3,\"name\":\"A\u00e7o plano: vendas somam 329,9 mil toneladas em janeiro; alta anual \u00e9 de 6%\"}]},{\"@type\":\"WebSite\",\"@id\":\"https:\/\/www.suno.com.br\/noticias\/#website\",\"url\":\"https:\/\/www.suno.com.br\/noticias\/\",\"name\":\"Suno Not\u00edcias\",\"description\":\"Seu portal de informa\u00e7\u00e3o sobre o mundo dos investimentos\",\"publisher\":{\"@id\":\"https:\/\/www.suno.com.br\/noticias\/#organization\"},\"potentialAction\":[{\"@type\":\"SearchAction\",\"target\":{\"@type\":\"EntryPoint\",\"urlTemplate\":\"https:\/\/www.suno.com.br\/noticias\/?s={search_term_string}\"},\"query-input\":{\"@type\":\"PropertyValueSpecification\",\"valueRequired\":true,\"valueName\":\"search_term_string\"}}],\"inLanguage\":\"pt-BR\"},{\"@type\":\"Organization\",\"@id\":\"https:\/\/www.suno.com.br\/noticias\/#organization\",\"name\":\"Suno Not\u00edcias\",\"url\":\"https:\/\/www.suno.com.br\/noticias\/\",\"logo\":{\"@type\":\"ImageObject\",\"inLanguage\":\"pt-BR\",\"@id\":\"https:\/\/www.suno.com.br\/noticias\/#\/schema\/logo\/image\/\",\"url\":\"https:\/\/files.sunoresearch.com.br\/n\/uploads\/2021\/09\/suno-logo.png\",\"contentUrl\":\"https:\/\/files.sunoresearch.com.br\/n\/uploads\/2021\/09\/suno-logo.png\",\"width\":180,\"height\":180,\"caption\":\"Suno Not\u00edcias\"},\"image\":{\"@id\":\"https:\/\/www.suno.com.br\/noticias\/#\/schema\/logo\/image\/\"},\"sameAs\":[\"https:\/\/facebook.com\/sunoresearch\",\"https:\/\/x.com\/sunoresearch\",\"https:\/\/www.instagram.com\/suno\",\"https:\/\/www.linkedin.com\/company\/suno-research\/\",\"https:\/\/www.youtube.com\/c\/sunoresearch\"]},{\"@type\":\"Person\",\"@id\":\"https:\/\/www.suno.com.br\/noticias\/#\/schema\/person\/c1b1bd3727fa852bd045e9dbff3673ea\",\"name\":\"Reda\u00e7\u00e3o Suno Not\u00edcias\",\"image\":{\"@type\":\"ImageObject\",\"inLanguage\":\"pt-BR\",\"@id\":\"https:\/\/www.suno.com.br\/noticias\/#\/schema\/person\/image\/\",\"url\":\"https:\/\/secure.gravatar.com\/avatar\/b8104b9b5a71985d5238ee59fbe418af?s=96&r=g\",\"contentUrl\":\"https:\/\/secure.gravatar.com\/avatar\/b8104b9b5a71985d5238ee59fbe418af?s=96&r=g\",\"caption\":\"Reda\u00e7\u00e3o Suno Not\u00edcias\"},\"description\":\"O Suno Not\u00edcias \u00e9 um portal de informa\u00e7\u00f5es sobre Mercado Financeiro, Pol\u00edtica, Neg\u00f3cios, Economia e Finan\u00e7as Pessoais.\",\"sameAs\":[\"https:\/\/www.suno.com.br\/noticias\",\"https:\/\/www.facebook.com\/sunonoticias\/\",\"https:\/\/www.instagram.com\/sunonoticias\/\",\"https:\/\/x.com\/https:\/\/twitter.com\/sunoresearch\",\"https:\/\/www.youtube.com\/sunonoticias\"],\"url\":\"https:\/\/www.suno.com.br\/noticias\/author\/redacao-suno\/\"}]}<\/script>\n<!-- \/ Yoast SEO plugin. -->","yoast_head_json":{"title":"A\u00e7o plano: vendas somam 329,9 mil toneladas em janeiro","description":"N\u00famero \u00e9 divulgado em meio \u00e0 \"guerra do a\u00e7o\", com sider\u00fargicas nacionais pedindo taxa\u00e7\u00f5es maiores para o produto importado.","robots":{"index":"index","follow":"follow","max-snippet":"max-snippet:-1","max-image-preview":"max-image-preview:large","max-video-preview":"max-video-preview:-1"},"canonical":"https:\/\/www.suno.com.br\/noticias\/venda-aco-toneladas-janeiro-alta-gss\/","og_locale":"pt_BR","og_type":"article","og_title":"A\u00e7o plano: vendas somam 329,9 mil toneladas em janeiro","og_description":"N\u00famero \u00e9 divulgado em meio \u00e0 \"guerra do a\u00e7o\", com sider\u00fargicas nacionais pedindo taxa\u00e7\u00f5es maiores para o produto importado.","og_url":"https:\/\/www.suno.com.br\/noticias\/venda-aco-toneladas-janeiro-alta-gss\/","og_site_name":"Suno Not\u00edcias","article_publisher":"https:\/\/facebook.com\/sunoresearch","article_author":"https:\/\/www.facebook.com\/sunonoticias\/","og_image":[{"width":1920,"height":1198,"url":"https:\/\/files.sunoresearch.com.br\/n\/uploads\/2024\/02\/tube-898660_1920.jpg","type":"image\/jpeg"}],"author":"Reda\u00e7\u00e3o Suno Not\u00edcias","twitter_card":"summary_large_image","twitter_creator":"@https:\/\/twitter.com\/sunoresearch","twitter_site":"@sunoresearch","twitter_misc":{"Escrito por":"Reda\u00e7\u00e3o Suno Not\u00edcias","Est. tempo de leitura":"5 minutos"},"schema":{"@context":"https:\/\/schema.org","@graph":[{"@type":"NewsArticle","@id":"https:\/\/www.suno.com.br\/noticias\/venda-aco-toneladas-janeiro-alta-gss\/#article","isPartOf":{"@id":"https:\/\/www.suno.com.br\/noticias\/venda-aco-toneladas-janeiro-alta-gss\/"},"author":{"name":"Reda\u00e7\u00e3o Suno Not\u00edcias","@id":"https:\/\/www.suno.com.br\/noticias\/#\/schema\/person\/c1b1bd3727fa852bd045e9dbff3673ea"},"headline":"A\u00e7o plano: vendas somam 329,9 mil toneladas em janeiro; alta anual \u00e9 de 6%","datePublished":"2024-02-22T21:16:56+00:00","dateModified":"2024-02-22T21:16:59+00:00","mainEntityOfPage":{"@id":"https:\/\/www.suno.com.br\/noticias\/venda-aco-toneladas-janeiro-alta-gss\/"},"wordCount":855,"publisher":{"@id":"https:\/\/www.suno.com.br\/noticias\/#organization"},"image":{"@id":"https:\/\/www.suno.com.br\/noticias\/venda-aco-toneladas-janeiro-alta-gss\/#primaryimage"},"thumbnailUrl":"https:\/\/files.sunoresearch.com.br\/n\/uploads\/2024\/02\/tube-898660_1920.jpg","keywords":["Gerdau (GGBR3\/GGBR4)","Gerdau Metal\u00fargica (GOAU3\/GOAU4)"],"articleSection":["Neg\u00f3cios"],"inLanguage":"pt-BR"},{"@type":"WebPage","@id":"https:\/\/www.suno.com.br\/noticias\/venda-aco-toneladas-janeiro-alta-gss\/","url":"https:\/\/www.suno.com.br\/noticias\/venda-aco-toneladas-janeiro-alta-gss\/","name":"A\u00e7o plano: vendas somam 329,9 mil toneladas em janeiro","isPartOf":{"@id":"https:\/\/www.suno.com.br\/noticias\/#website"},"primaryImageOfPage":{"@id":"https:\/\/www.suno.com.br\/noticias\/venda-aco-toneladas-janeiro-alta-gss\/#primaryimage"},"image":{"@id":"https:\/\/www.suno.com.br\/noticias\/venda-aco-toneladas-janeiro-alta-gss\/#primaryimage"},"thumbnailUrl":"https:\/\/files.sunoresearch.com.br\/n\/uploads\/2024\/02\/tube-898660_1920.jpg","datePublished":"2024-02-22T21:16:56+00:00","dateModified":"2024-02-22T21:16:59+00:00","description":"N\u00famero \u00e9 divulgado em meio \u00e0 \"guerra do a\u00e7o\", com sider\u00fargicas nacionais pedindo taxa\u00e7\u00f5es maiores para o produto importado.","breadcrumb":{"@id":"https:\/\/www.suno.com.br\/noticias\/venda-aco-toneladas-janeiro-alta-gss\/#breadcrumb"},"inLanguage":"pt-BR","potentialAction":[{"@type":"ReadAction","target":["https:\/\/www.suno.com.br\/noticias\/venda-aco-toneladas-janeiro-alta-gss\/"]}]},{"@type":"ImageObject","inLanguage":"pt-BR","@id":"https:\/\/www.suno.com.br\/noticias\/venda-aco-toneladas-janeiro-alta-gss\/#primaryimage","url":"https:\/\/files.sunoresearch.com.br\/n\/uploads\/2024\/02\/tube-898660_1920.jpg","contentUrl":"https:\/\/files.sunoresearch.com.br\/n\/uploads\/2024\/02\/tube-898660_1920.jpg","width":1920,"height":1198,"caption":"Taxa\u00e7\u00e3o do a\u00e7o importado passa a valer no pr\u00f3ximo m\u00eas. Foto: Pixabay"},{"@type":"BreadcrumbList","@id":"https:\/\/www.suno.com.br\/noticias\/venda-aco-toneladas-janeiro-alta-gss\/#breadcrumb","itemListElement":[{"@type":"ListItem","position":1,"name":"Not\u00edcias","item":"https:\/\/www.suno.com.br\/noticias\/"},{"@type":"ListItem","position":2,"name":"Neg\u00f3cios","item":"https:\/\/www.suno.com.br\/noticias\/negocios\/"},{"@type":"ListItem","position":3,"name":"A\u00e7o plano: vendas somam 329,9 mil toneladas em janeiro; alta anual \u00e9 de 6%"}]},{"@type":"WebSite","@id":"https:\/\/www.suno.com.br\/noticias\/#website","url":"https:\/\/www.suno.com.br\/noticias\/","name":"Suno Not\u00edcias","description":"Seu portal de informa\u00e7\u00e3o sobre o mundo dos investimentos","publisher":{"@id":"https:\/\/www.suno.com.br\/noticias\/#organization"},"potentialAction":[{"@type":"SearchAction","target":{"@type":"EntryPoint","urlTemplate":"https:\/\/www.suno.com.br\/noticias\/?s={search_term_string}"},"query-input":{"@type":"PropertyValueSpecification","valueRequired":true,"valueName":"search_term_string"}}],"inLanguage":"pt-BR"},{"@type":"Organization","@id":"https:\/\/www.suno.com.br\/noticias\/#organization","name":"Suno Not\u00edcias","url":"https:\/\/www.suno.com.br\/noticias\/","logo":{"@type":"ImageObject","inLanguage":"pt-BR","@id":"https:\/\/www.suno.com.br\/noticias\/#\/schema\/logo\/image\/","url":"https:\/\/files.sunoresearch.com.br\/n\/uploads\/2021\/09\/suno-logo.png","contentUrl":"https:\/\/files.sunoresearch.com.br\/n\/uploads\/2021\/09\/suno-logo.png","width":180,"height":180,"caption":"Suno Not\u00edcias"},"image":{"@id":"https:\/\/www.suno.com.br\/noticias\/#\/schema\/logo\/image\/"},"sameAs":["https:\/\/facebook.com\/sunoresearch","https:\/\/x.com\/sunoresearch","https:\/\/www.instagram.com\/suno","https:\/\/www.linkedin.com\/company\/suno-research\/","https:\/\/www.youtube.com\/c\/sunoresearch"]},{"@type":"Person","@id":"https:\/\/www.suno.com.br\/noticias\/#\/schema\/person\/c1b1bd3727fa852bd045e9dbff3673ea","name":"Reda\u00e7\u00e3o Suno Not\u00edcias","image":{"@type":"ImageObject","inLanguage":"pt-BR","@id":"https:\/\/www.suno.com.br\/noticias\/#\/schema\/person\/image\/","url":"https:\/\/secure.gravatar.com\/avatar\/b8104b9b5a71985d5238ee59fbe418af?s=96&r=g","contentUrl":"https:\/\/secure.gravatar.com\/avatar\/b8104b9b5a71985d5238ee59fbe418af?s=96&r=g","caption":"Reda\u00e7\u00e3o Suno Not\u00edcias"},"description":"O Suno Not\u00edcias \u00e9 um portal de informa\u00e7\u00f5es sobre Mercado Financeiro, Pol\u00edtica, Neg\u00f3cios, Economia e Finan\u00e7as Pessoais.","sameAs":["https:\/\/www.suno.com.br\/noticias","https:\/\/www.facebook.com\/sunonoticias\/","https:\/\/www.instagram.com\/sunonoticias\/","https:\/\/x.com\/https:\/\/twitter.com\/sunoresearch","https:\/\/www.youtube.com\/sunonoticias"],"url":"https:\/\/www.suno.com.br\/noticias\/author\/redacao-suno\/"}]}},"default_loop_html":"<div class=\"cardsPage__listCard__boxs\"><div class=\"cardsPage__listCard__boxs__img\"><a href=\"https:\/\/www.suno.com.br\/noticias\/venda-aco-toneladas-janeiro-alta-gss\/\"><img class=\"mask\" src=\"https:\/\/www.suno.com.br\/noticias\/wp-content\/themes\/suno\/resources\/images\/spotlight\/spotlight1img\/bg-mask.png\" alt=\"Image Mask\"\/><img src=\"https:\/\/files.sunoresearch.com.br\/n\/uploads\/2024\/02\/tube-898660_1920-400x200.jpg\" alt=\"A\u00e7o plano: vendas somam 329,9 mil toneladas em janeiro; alta anual \u00e9 de 6%\"\/><\/a><span class=\"spotlightCategory\"><a href=\"https:\/\/www.suno.com.br\/noticias\/negocios\/\">Neg\u00f3cios<\/a><\/span><\/div><div class=\"cardsPage__listCard__boxs__content\"><a href=\"https:\/\/www.suno.com.br\/noticias\/venda-aco-toneladas-janeiro-alta-gss\/\"><h2 class=\"content__title\">A\u00e7o plano: vendas somam 329,9 mil toneladas em janeiro; alta anual \u00e9 de 6%<\/h2><\/a><div class=\"newsContent__article__meta\"><div class=\"newsContent__article__meta__authorBox\"><a href=\"https:\/\/www.suno.com.br\/noticias\/author\/redacao-suno\/\" class=\"authorBox__avatar noMobi\"><img src=\"https:\/\/files.sunoresearch.com.br\/n\/uploads\/2020\/08\/0ace682d-redacao-1-150x150.webp\" alt=\"Reda\u00e7\u00e3o Suno Not\u00edcias\"><\/a><div class=\"authorBox__name\"><span>por\n\t\t\t<a href=\"https:\/\/www.suno.com.br\/noticias\/author\/redacao-suno\/\"><span itemprop=\"author\">Reda\u00e7\u00e3o Suno Not\u00edcias<\/span><\/a><\/span><time datetime=\"2024-02-22T18:16:56-03:00\" itemprop=\"datePublished\">22\/02\/2024 18:16<\/time><\/div><\/div><\/div><\/div><\/div>","single_layout":"posts","amp_enabled":true,"_links":{"self":[{"href":"https:\/\/www.suno.com.br\/noticias\/wp-json\/wp\/v2\/posts\/525811"}],"collection":[{"href":"https:\/\/www.suno.com.br\/noticias\/wp-json\/wp\/v2\/posts"}],"about":[{"href":"https:\/\/www.suno.com.br\/noticias\/wp-json\/wp\/v2\/types\/post"}],"author":[{"embeddable":true,"href":"https:\/\/www.suno.com.br\/noticias\/wp-json\/wp\/v2\/users\/43"}],"replies":[{"embeddable":true,"href":"https:\/\/www.suno.com.br\/noticias\/wp-json\/wp\/v2\/comments?post=525811"}],"version-history":[{"count":3,"href":"https:\/\/www.suno.com.br\/noticias\/wp-json\/wp\/v2\/posts\/525811\/revisions"}],"predecessor-version":[{"id":525856,"href":"https:\/\/www.suno.com.br\/noticias\/wp-json\/wp\/v2\/posts\/525811\/revisions\/525856"}],"wp:featuredmedia":[{"embeddable":true,"href":"https:\/\/www.suno.com.br\/noticias\/wp-json\/wp\/v2\/media\/525854"}],"wp:attachment":[{"href":"https:\/\/www.suno.com.br\/noticias\/wp-json\/wp\/v2\/media?parent=525811"}],"wp:term":[{"taxonomy":"category","embeddable":true,"href":"https:\/\/www.suno.com.br\/noticias\/wp-json\/wp\/v2\/categories?post=525811"},{"taxonomy":"post_tag","embeddable":true,"href":"https:\/\/www.suno.com.br\/noticias\/wp-json\/wp\/v2\/tags?post=525811"},{"taxonomy":"suno_strategy","embeddable":true,"href":"https:\/\/www.suno.com.br\/noticias\/wp-json\/wp\/v2\/suno_strategy?post=525811"}],"curies":[{"name":"wp","href":"https:\/\/api.w.org\/{rel}","templated":true}]}}