{"id":525716,"date":"2024-02-22T18:23:32","date_gmt":"2024-02-22T21:23:32","guid":{"rendered":"https:\/\/www.suno.com.br\/noticias\/?p=525716"},"modified":"2024-02-22T18:23:34","modified_gmt":"2024-02-22T21:23:34","slug":"hyundai-presidente-deve-investir-brasil-gss","status":"publish","type":"post","link":"https:\/\/www.suno.com.br\/noticias\/hyundai-presidente-deve-investir-brasil-gss\/","title":{"rendered":"Presidente do Grupo Hyundai diz que planeja investir mais de US$ 1,1 bi no Brasil at\u00e9 2032"},"content":{"rendered":"<p>O presidente-executivo global do grupo <strong>Hyundai<\/strong>, Euisun Chung, anunciou que planeja investir mais de US$ 1,1 bilh\u00e3o no Brasil at\u00e9 2032, focados em tecnologia, principalmente em carros h\u00edbridos, el\u00e9tricos e movidos a hidrog\u00eanio verde. O an\u00fancio ocorreu em reuni\u00e3o de Chung com o presidente da Rep\u00fablica, Luiz In\u00e1cio Lula da Silva, nesta quinta-feira, 22.<\/p>\t<div class=\"wrapper-featured-image\">\n\t\t<figure class=\"spotlightImg\">\n\n\t\t\t<picture>\n\t\t\t\t<source media=\"(max-width: 768px)\" srcset=\"https:\/\/files.sunoresearch.com.br\/n\/uploads\/2021\/07\/09b95909-car-1852923_1280-400x200.jpg\">\n\t\t\t\t<img loading=\"lazy\" decoding=\"async\" class=\"newsContent__article__imgCapa lazyloadDisabled \" src=\"https:\/\/files.sunoresearch.com.br\/n\/uploads\/2021\/07\/09b95909-car-1852923_1280-800x450.jpg\" width=\"800\" height=\"450\" alt=\"Presidente do Grupo Hyundai diz que planeja investir mais de US$ 1,1 bi no Brasil at\u00e9 2032\" fetchpriority=high \/>\n\t\t\t<\/picture>\n\n\t\t\t<figcaption class=\"wp-caption-text wp-caption-text--show\">Hyundai. Foto: Pixabay<\/figcaption>\n\t\t<\/figure>\n\t<\/div>\n\n\n\n\n\n\n\n\t<p>\n\t\t<a href=\"\" target=\"_blank\" data-element=\"shortcode-suno-banner\" title=\"Banner SUNO, clique e saiba mais\">\n\t\t\t<picture>\n\t\t\t\t<source media=\"(max-width: 500px)\" srcset=\"\">\n\t\t\t\t<img class=\"newsContent__article__imgCapa newsContent__article__imgCapa--banner\"\n\t\t\t\t\tsrc=\"\"\n\t\t\t\t\tdata-promo-id=\"240038\"\t\t\t\t\t\t\t\t\t\t\t\t\t\t\talt=\"\"\n\t\t\t\t>\n\t\t\t<\/picture>\n\t\t<\/a>\n\t<\/p>\n\n\n\n\n\n<p>A reuni\u00e3o aconteceu no per\u00edodo da manh\u00e3 no Pal\u00e1cio do Planalto e contou com a presen\u00e7a do vice-presidente e <strong>ministro do Desenvolvimento<\/strong>, Ind\u00fastria e Com\u00e9rcio e Servi\u00e7os, <strong>Geraldo Alckmin<\/strong>, e da Casa Civil, Rui Costa, o secret\u00e1rio-executivo do <strong>Minist\u00e9rio do Desenvolvimento<\/strong>, Ind\u00fastria e Com\u00e9rcio e Servi\u00e7os (MDIC), M\u00e1rcio Elias, o secret\u00e1rio de Desenvolvimento Industrial, Inova\u00e7\u00e3o, Com\u00e9rcio e Servi\u00e7os do MDIC, Uallace Moreira, presidente e COO Global da Hyundai Motor Company e presidente e CEO da Hyundai e Genesis Motor Am\u00e9rica do Norte, <strong>Jos\u00e9 Mu\u00f1oz<\/strong>, presidente e <strong>CEO da Hyundai<\/strong> Motor Am\u00e9ricas Central e do Sul, Airton Cousseau.<\/p>\n\n\n\n<p>De acordo com nota divulgada pelo Pal\u00e1cio do Planalto, o vice-presidente iniciou o encontro apresentando aos <strong>executivos da Hyundai<\/strong> os desenvolvimentos recentes das pol\u00edticas industrial e energ\u00e9tica brasileiras e a prioridade conferida \u00e0 reindustrializa\u00e7\u00e3o e \u00e0 descarboniza\u00e7\u00e3o.<\/p>\n\n\n\n<p>&#8220;O CEO da Hyundai falou sobre a <a class=\"suno-keyword\" data-force=\"no\" data-priority=\"1\" href=\"https:\/\/www.suno.com.br\/artigos\/politica-de-investimentos\/\" target=\"_blank\" rel=\"noopener\">pol\u00edtica de investimentos<\/a> da empresa e destacou que planeja investir mais de US$ 1,1 bilh\u00e3o no Brasil at\u00e9 2032, concentrados em tecnologia, em particular a de carros h\u00edbridos, el\u00e9tricos e movidos a hidrog\u00eanio verde, em converg\u00eancia com o programa de Mobilidade Verde MOVER, do governo brasileiro&#8221;, diz a nota.<\/p>\n\n\n\t<p>\n\t\t<a href=\"https:\/\/lp.suno.com.br\/ebook-gratuito-investindo-no-exterior\/\" target=\"_blank\" data-element=\"shortcode-suno-banner\" title=\"Banner SUNO, clique e saiba mais\">\n\t\t\t<picture>\n\t\t\t\t<source media=\"(max-width: 500px)\" srcset=\"https:\/\/files.sunoresearch.com.br\/n\/uploads\/2023\/03\/400x300-Investindo-no-exterior.png\">\n\t\t\t\t<img class=\"newsContent__article__imgCapa newsContent__article__imgCapa--banner\"\n\t\t\t\t\tsrc=\"https:\/\/files.sunoresearch.com.br\/n\/uploads\/2023\/03\/1420x240-Investindo-no-exterior.png\"\n\t\t\t\t\tdata-promo-id=\"383161\"\t\t\t\t\t\t\t\t\t\twidth='1420' height='240'\t\t\t\t\talt=\"https:\/\/files.sunoresearch.com.br\/n\/uploads\/2023\/03\/1420x240-Investindo-no-exterior.png\"\n\t\t\t\t>\n\t\t\t<\/picture>\n\t\t<\/a>\n\t<\/p>\n\n\n\n\n\n<p>De acordo com a publica\u00e7\u00e3o, Chung destacou a converg\u00eancia de <strong>prioridades da Hyundai<\/strong> com as do governo brasileiro, em particular nas \u00e1reas da transi\u00e7\u00e3o energ\u00e9tica e da educa\u00e7\u00e3o. &#8220;Destacou, nesse sentido, investimentos da empresa em programas de responsabilidade social voltados ao tratamento odontol\u00f3gico e ao reflorestamento nas \u00e1reas onde est\u00e1 instalada, al\u00e9m da forma\u00e7\u00e3o b\u00e1sica e t\u00e9cnica de pessoal e do compartilhamento de tecnologias&#8221;, acrescenta a nota.<\/p>\n\n\n\n<p>No encontro, Lula manifestou interesse na realiza\u00e7\u00e3o de uma reuni\u00e3o bilateral entre Brasil e Coreia do Sul. &#8220;Lula Destacou que interessa ao pa\u00eds o debate multilateral sobre o impacto de novas tecnologias, como a intelig\u00eancia artificial&#8221;, declarou.<\/p>\n\n\n\n<p>Em publica\u00e7\u00e3o nas redes sociais, o chefe do Executivo brasileiro postou uma foto da agenda. &#8220;O pa\u00eds est\u00e1vel e com futuro recebe mais investimentos. Recebi o presidente executivo da <strong>Hyundai<\/strong> Motor, Eui-Sun Chung, que anunciou que o grupo planeja investir mais de 1,1 bilh\u00f5es de d\u00f3lares at\u00e9 2032 em tecnologia e em hidrog\u00eanio verde. Mais uma grande empresa crescendo em nosso Pa\u00eds&#8221;, escreveu.<\/p>\n\n\n\n<p><em>Com Estad\u00e3o Conte\u00fado<\/em><\/p>\n\n\n\t<p>\n\t\t<a href=\"https:\/\/lp.suno.com.br\/planilha-da-vida-financeira\/\" target=\"_blank\" data-element=\"shortcode-suno-banner\" title=\"Banner SUNO, clique e saiba mais\">\n\t\t\t<picture>\n\t\t\t\t<source media=\"(max-width: 500px)\" srcset=\"https:\/\/files.sunoresearch.com.br\/n\/uploads\/2023\/04\/400x300-Planilha-vida-financeira-true.png\">\n\t\t\t\t<img class=\"newsContent__article__imgCapa newsContent__article__imgCapa--banner\"\n\t\t\t\t\tsrc=\"https:\/\/files.sunoresearch.com.br\/n\/uploads\/2023\/04\/1420x240-Planilha-vida-financeira-true.png\"\n\t\t\t\t\tdata-promo-id=\"383123\"\t\t\t\t\t\t\t\t\t\twidth='1420' height='240'\t\t\t\t\talt=\"https:\/\/files.sunoresearch.com.br\/n\/uploads\/2023\/04\/1420x240-Planilha-vida-financeira-true.png\"\n\t\t\t\t>\n\t\t\t<\/picture>\n\t\t<\/a>\n\t<\/p>\n\n\n","protected":false},"excerpt":{"rendered":"<p>O presidente-executivo global do grupo Hyundai, Euisun Chung, anunciou que planeja investir mais de US$ 1,1 bilh\u00e3o no Brasil at\u00e9 2032, focados em tecnologia, principalmente em carros h\u00edbridos, el\u00e9tricos e movidos a hidrog\u00eanio verde. O an\u00fancio ocorreu em reuni\u00e3o de Chung com o presidente da Rep\u00fablica, Luiz In\u00e1cio Lula da Silva, nesta quinta-feira, 22. Hyundai. [&hellip;]<\/p>\n","protected":false},"author":43,"featured_media":163721,"comment_status":"closed","ping_status":"closed","sticky":false,"template":"","format":"standard","meta":[],"categories":[64],"tags":[1376],"suno_strategy":[],"class_list":["post-525716","post","type-post","status-publish","format-standard","has-post-thumbnail","hentry","category-negocios","tag-carros-eletricos"],"yoast_head":"<!-- This site is optimized with the Yoast SEO plugin v24.4 - https:\/\/yoast.com\/wordpress\/plugins\/seo\/ -->\n<title>Hyundai deve investir US$ 1,1 bi no Brasil at\u00e9 2032<\/title>\n<meta name=\"description\" content=\"O presidente-executivo global do grupo Hyundai, Euisun Chung, anunciou que planeja investir mais de US$ 1,1 bilh\u00e3o no Brasil at\u00e9 2032.\" \/>\n<meta name=\"robots\" content=\"index, follow, max-snippet:-1, max-image-preview:large, max-video-preview:-1\" \/>\n<link rel=\"canonical\" href=\"https:\/\/www.suno.com.br\/noticias\/hyundai-presidente-deve-investir-brasil-gss\/\" \/>\n<meta property=\"og:locale\" content=\"pt_BR\" \/>\n<meta property=\"og:type\" content=\"article\" \/>\n<meta property=\"og:title\" content=\"Hyundai deve investir US$ 1,1 bi no Brasil at\u00e9 2032\" \/>\n<meta property=\"og:description\" content=\"O presidente-executivo global do grupo Hyundai, Euisun Chung, anunciou que planeja investir mais de US$ 1,1 bilh\u00e3o no Brasil at\u00e9 2032.\" \/>\n<meta property=\"og:url\" content=\"https:\/\/www.suno.com.br\/noticias\/hyundai-presidente-deve-investir-brasil-gss\/\" \/>\n<meta property=\"og:site_name\" content=\"Suno Not\u00edcias\" \/>\n<meta property=\"article:publisher\" content=\"https:\/\/facebook.com\/sunoresearch\" \/>\n<meta property=\"article:author\" content=\"https:\/\/www.facebook.com\/sunonoticias\/\" \/>\n<meta property=\"og:image\" content=\"https:\/\/files.sunoresearch.com.br\/n\/uploads\/2021\/07\/09b95909-car-1852923_1280.jpg\" \/>\n\t<meta property=\"og:image:width\" content=\"1280\" \/>\n\t<meta property=\"og:image:height\" content=\"853\" \/>\n\t<meta property=\"og:image:type\" content=\"image\/jpeg\" \/>\n<meta name=\"author\" content=\"Reda\u00e7\u00e3o Suno Not\u00edcias\" \/>\n<meta name=\"twitter:card\" content=\"summary_large_image\" \/>\n<meta name=\"twitter:creator\" content=\"@https:\/\/twitter.com\/sunoresearch\" \/>\n<meta name=\"twitter:site\" content=\"@sunoresearch\" \/>\n<meta name=\"twitter:label1\" content=\"Escrito por\" \/>\n\t<meta name=\"twitter:data1\" content=\"Reda\u00e7\u00e3o Suno Not\u00edcias\" \/>\n\t<meta name=\"twitter:label2\" content=\"Est. tempo de leitura\" \/>\n\t<meta name=\"twitter:data2\" content=\"3 minutos\" \/>\n<script type=\"application\/ld+json\" class=\"yoast-schema-graph\">{\"@context\":\"https:\/\/schema.org\",\"@graph\":[{\"@type\":\"NewsArticle\",\"@id\":\"https:\/\/www.suno.com.br\/noticias\/hyundai-presidente-deve-investir-brasil-gss\/#article\",\"isPartOf\":{\"@id\":\"https:\/\/www.suno.com.br\/noticias\/hyundai-presidente-deve-investir-brasil-gss\/\"},\"author\":{\"name\":\"Reda\u00e7\u00e3o Suno Not\u00edcias\",\"@id\":\"https:\/\/www.suno.com.br\/noticias\/#\/schema\/person\/c1b1bd3727fa852bd045e9dbff3673ea\"},\"headline\":\"Presidente do Grupo Hyundai diz que planeja investir mais de US$ 1,1 bi no Brasil at\u00e9 2032\",\"datePublished\":\"2024-02-22T21:23:32+00:00\",\"dateModified\":\"2024-02-22T21:23:34+00:00\",\"mainEntityOfPage\":{\"@id\":\"https:\/\/www.suno.com.br\/noticias\/hyundai-presidente-deve-investir-brasil-gss\/\"},\"wordCount\":491,\"publisher\":{\"@id\":\"https:\/\/www.suno.com.br\/noticias\/#organization\"},\"image\":{\"@id\":\"https:\/\/www.suno.com.br\/noticias\/hyundai-presidente-deve-investir-brasil-gss\/#primaryimage\"},\"thumbnailUrl\":\"https:\/\/files.sunoresearch.com.br\/n\/uploads\/2021\/07\/09b95909-car-1852923_1280.jpg\",\"keywords\":[\"carros el\u00e9tricos\"],\"articleSection\":[\"Neg\u00f3cios\"],\"inLanguage\":\"pt-BR\"},{\"@type\":\"WebPage\",\"@id\":\"https:\/\/www.suno.com.br\/noticias\/hyundai-presidente-deve-investir-brasil-gss\/\",\"url\":\"https:\/\/www.suno.com.br\/noticias\/hyundai-presidente-deve-investir-brasil-gss\/\",\"name\":\"Hyundai deve investir US$ 1,1 bi no Brasil at\u00e9 2032\",\"isPartOf\":{\"@id\":\"https:\/\/www.suno.com.br\/noticias\/#website\"},\"primaryImageOfPage\":{\"@id\":\"https:\/\/www.suno.com.br\/noticias\/hyundai-presidente-deve-investir-brasil-gss\/#primaryimage\"},\"image\":{\"@id\":\"https:\/\/www.suno.com.br\/noticias\/hyundai-presidente-deve-investir-brasil-gss\/#primaryimage\"},\"thumbnailUrl\":\"https:\/\/files.sunoresearch.com.br\/n\/uploads\/2021\/07\/09b95909-car-1852923_1280.jpg\",\"datePublished\":\"2024-02-22T21:23:32+00:00\",\"dateModified\":\"2024-02-22T21:23:34+00:00\",\"description\":\"O presidente-executivo global do grupo Hyundai, Euisun Chung, anunciou que planeja investir mais de US$ 1,1 bilh\u00e3o no Brasil at\u00e9 2032.\",\"breadcrumb\":{\"@id\":\"https:\/\/www.suno.com.br\/noticias\/hyundai-presidente-deve-investir-brasil-gss\/#breadcrumb\"},\"inLanguage\":\"pt-BR\",\"potentialAction\":[{\"@type\":\"ReadAction\",\"target\":[\"https:\/\/www.suno.com.br\/noticias\/hyundai-presidente-deve-investir-brasil-gss\/\"]}]},{\"@type\":\"ImageObject\",\"inLanguage\":\"pt-BR\",\"@id\":\"https:\/\/www.suno.com.br\/noticias\/hyundai-presidente-deve-investir-brasil-gss\/#primaryimage\",\"url\":\"https:\/\/files.sunoresearch.com.br\/n\/uploads\/2021\/07\/09b95909-car-1852923_1280.jpg\",\"contentUrl\":\"https:\/\/files.sunoresearch.com.br\/n\/uploads\/2021\/07\/09b95909-car-1852923_1280.jpg\",\"width\":1280,\"height\":853,\"caption\":\"Hyundai. Foto: Pixabay\"},{\"@type\":\"BreadcrumbList\",\"@id\":\"https:\/\/www.suno.com.br\/noticias\/hyundai-presidente-deve-investir-brasil-gss\/#breadcrumb\",\"itemListElement\":[{\"@type\":\"ListItem\",\"position\":1,\"name\":\"Not\u00edcias\",\"item\":\"https:\/\/www.suno.com.br\/noticias\/\"},{\"@type\":\"ListItem\",\"position\":2,\"name\":\"Neg\u00f3cios\",\"item\":\"https:\/\/www.suno.com.br\/noticias\/negocios\/\"},{\"@type\":\"ListItem\",\"position\":3,\"name\":\"Presidente do Grupo Hyundai diz que planeja investir mais de US$ 1,1 bi no Brasil at\u00e9 2032\"}]},{\"@type\":\"WebSite\",\"@id\":\"https:\/\/www.suno.com.br\/noticias\/#website\",\"url\":\"https:\/\/www.suno.com.br\/noticias\/\",\"name\":\"Suno Not\u00edcias\",\"description\":\"Seu portal de informa\u00e7\u00e3o sobre o mundo dos investimentos\",\"publisher\":{\"@id\":\"https:\/\/www.suno.com.br\/noticias\/#organization\"},\"potentialAction\":[{\"@type\":\"SearchAction\",\"target\":{\"@type\":\"EntryPoint\",\"urlTemplate\":\"https:\/\/www.suno.com.br\/noticias\/?s={search_term_string}\"},\"query-input\":{\"@type\":\"PropertyValueSpecification\",\"valueRequired\":true,\"valueName\":\"search_term_string\"}}],\"inLanguage\":\"pt-BR\"},{\"@type\":\"Organization\",\"@id\":\"https:\/\/www.suno.com.br\/noticias\/#organization\",\"name\":\"Suno Not\u00edcias\",\"url\":\"https:\/\/www.suno.com.br\/noticias\/\",\"logo\":{\"@type\":\"ImageObject\",\"inLanguage\":\"pt-BR\",\"@id\":\"https:\/\/www.suno.com.br\/noticias\/#\/schema\/logo\/image\/\",\"url\":\"https:\/\/files.sunoresearch.com.br\/n\/uploads\/2021\/09\/suno-logo.png\",\"contentUrl\":\"https:\/\/files.sunoresearch.com.br\/n\/uploads\/2021\/09\/suno-logo.png\",\"width\":180,\"height\":180,\"caption\":\"Suno Not\u00edcias\"},\"image\":{\"@id\":\"https:\/\/www.suno.com.br\/noticias\/#\/schema\/logo\/image\/\"},\"sameAs\":[\"https:\/\/facebook.com\/sunoresearch\",\"https:\/\/x.com\/sunoresearch\",\"https:\/\/www.instagram.com\/suno\",\"https:\/\/www.linkedin.com\/company\/suno-research\/\",\"https:\/\/www.youtube.com\/c\/sunoresearch\"]},{\"@type\":\"Person\",\"@id\":\"https:\/\/www.suno.com.br\/noticias\/#\/schema\/person\/c1b1bd3727fa852bd045e9dbff3673ea\",\"name\":\"Reda\u00e7\u00e3o Suno Not\u00edcias\",\"image\":{\"@type\":\"ImageObject\",\"inLanguage\":\"pt-BR\",\"@id\":\"https:\/\/www.suno.com.br\/noticias\/#\/schema\/person\/image\/\",\"url\":\"https:\/\/secure.gravatar.com\/avatar\/b8104b9b5a71985d5238ee59fbe418af?s=96&r=g\",\"contentUrl\":\"https:\/\/secure.gravatar.com\/avatar\/b8104b9b5a71985d5238ee59fbe418af?s=96&r=g\",\"caption\":\"Reda\u00e7\u00e3o Suno Not\u00edcias\"},\"description\":\"O Suno Not\u00edcias \u00e9 um portal de informa\u00e7\u00f5es sobre Mercado Financeiro, Pol\u00edtica, Neg\u00f3cios, Economia e Finan\u00e7as Pessoais.\",\"sameAs\":[\"https:\/\/www.suno.com.br\/noticias\",\"https:\/\/www.facebook.com\/sunonoticias\/\",\"https:\/\/www.instagram.com\/sunonoticias\/\",\"https:\/\/x.com\/https:\/\/twitter.com\/sunoresearch\",\"https:\/\/www.youtube.com\/sunonoticias\"],\"url\":\"https:\/\/www.suno.com.br\/noticias\/author\/redacao-suno\/\"}]}<\/script>\n<!-- \/ Yoast SEO plugin. -->","yoast_head_json":{"title":"Hyundai deve investir US$ 1,1 bi no Brasil at\u00e9 2032","description":"O presidente-executivo global do grupo Hyundai, Euisun Chung, anunciou que planeja investir mais de US$ 1,1 bilh\u00e3o no Brasil at\u00e9 2032.","robots":{"index":"index","follow":"follow","max-snippet":"max-snippet:-1","max-image-preview":"max-image-preview:large","max-video-preview":"max-video-preview:-1"},"canonical":"https:\/\/www.suno.com.br\/noticias\/hyundai-presidente-deve-investir-brasil-gss\/","og_locale":"pt_BR","og_type":"article","og_title":"Hyundai deve investir US$ 1,1 bi no Brasil at\u00e9 2032","og_description":"O presidente-executivo global do grupo Hyundai, Euisun Chung, anunciou que planeja investir mais de US$ 1,1 bilh\u00e3o no Brasil at\u00e9 2032.","og_url":"https:\/\/www.suno.com.br\/noticias\/hyundai-presidente-deve-investir-brasil-gss\/","og_site_name":"Suno Not\u00edcias","article_publisher":"https:\/\/facebook.com\/sunoresearch","article_author":"https:\/\/www.facebook.com\/sunonoticias\/","og_image":[{"width":1280,"height":853,"url":"https:\/\/files.sunoresearch.com.br\/n\/uploads\/2021\/07\/09b95909-car-1852923_1280.jpg","type":"image\/jpeg"}],"author":"Reda\u00e7\u00e3o Suno Not\u00edcias","twitter_card":"summary_large_image","twitter_creator":"@https:\/\/twitter.com\/sunoresearch","twitter_site":"@sunoresearch","twitter_misc":{"Escrito por":"Reda\u00e7\u00e3o Suno Not\u00edcias","Est. tempo de leitura":"3 minutos"},"schema":{"@context":"https:\/\/schema.org","@graph":[{"@type":"NewsArticle","@id":"https:\/\/www.suno.com.br\/noticias\/hyundai-presidente-deve-investir-brasil-gss\/#article","isPartOf":{"@id":"https:\/\/www.suno.com.br\/noticias\/hyundai-presidente-deve-investir-brasil-gss\/"},"author":{"name":"Reda\u00e7\u00e3o Suno Not\u00edcias","@id":"https:\/\/www.suno.com.br\/noticias\/#\/schema\/person\/c1b1bd3727fa852bd045e9dbff3673ea"},"headline":"Presidente do Grupo Hyundai diz que planeja investir mais de US$ 1,1 bi no Brasil at\u00e9 2032","datePublished":"2024-02-22T21:23:32+00:00","dateModified":"2024-02-22T21:23:34+00:00","mainEntityOfPage":{"@id":"https:\/\/www.suno.com.br\/noticias\/hyundai-presidente-deve-investir-brasil-gss\/"},"wordCount":491,"publisher":{"@id":"https:\/\/www.suno.com.br\/noticias\/#organization"},"image":{"@id":"https:\/\/www.suno.com.br\/noticias\/hyundai-presidente-deve-investir-brasil-gss\/#primaryimage"},"thumbnailUrl":"https:\/\/files.sunoresearch.com.br\/n\/uploads\/2021\/07\/09b95909-car-1852923_1280.jpg","keywords":["carros el\u00e9tricos"],"articleSection":["Neg\u00f3cios"],"inLanguage":"pt-BR"},{"@type":"WebPage","@id":"https:\/\/www.suno.com.br\/noticias\/hyundai-presidente-deve-investir-brasil-gss\/","url":"https:\/\/www.suno.com.br\/noticias\/hyundai-presidente-deve-investir-brasil-gss\/","name":"Hyundai deve investir US$ 1,1 bi no Brasil at\u00e9 2032","isPartOf":{"@id":"https:\/\/www.suno.com.br\/noticias\/#website"},"primaryImageOfPage":{"@id":"https:\/\/www.suno.com.br\/noticias\/hyundai-presidente-deve-investir-brasil-gss\/#primaryimage"},"image":{"@id":"https:\/\/www.suno.com.br\/noticias\/hyundai-presidente-deve-investir-brasil-gss\/#primaryimage"},"thumbnailUrl":"https:\/\/files.sunoresearch.com.br\/n\/uploads\/2021\/07\/09b95909-car-1852923_1280.jpg","datePublished":"2024-02-22T21:23:32+00:00","dateModified":"2024-02-22T21:23:34+00:00","description":"O presidente-executivo global do grupo Hyundai, Euisun Chung, anunciou que planeja investir mais de US$ 1,1 bilh\u00e3o no Brasil at\u00e9 2032.","breadcrumb":{"@id":"https:\/\/www.suno.com.br\/noticias\/hyundai-presidente-deve-investir-brasil-gss\/#breadcrumb"},"inLanguage":"pt-BR","potentialAction":[{"@type":"ReadAction","target":["https:\/\/www.suno.com.br\/noticias\/hyundai-presidente-deve-investir-brasil-gss\/"]}]},{"@type":"ImageObject","inLanguage":"pt-BR","@id":"https:\/\/www.suno.com.br\/noticias\/hyundai-presidente-deve-investir-brasil-gss\/#primaryimage","url":"https:\/\/files.sunoresearch.com.br\/n\/uploads\/2021\/07\/09b95909-car-1852923_1280.jpg","contentUrl":"https:\/\/files.sunoresearch.com.br\/n\/uploads\/2021\/07\/09b95909-car-1852923_1280.jpg","width":1280,"height":853,"caption":"Hyundai. Foto: Pixabay"},{"@type":"BreadcrumbList","@id":"https:\/\/www.suno.com.br\/noticias\/hyundai-presidente-deve-investir-brasil-gss\/#breadcrumb","itemListElement":[{"@type":"ListItem","position":1,"name":"Not\u00edcias","item":"https:\/\/www.suno.com.br\/noticias\/"},{"@type":"ListItem","position":2,"name":"Neg\u00f3cios","item":"https:\/\/www.suno.com.br\/noticias\/negocios\/"},{"@type":"ListItem","position":3,"name":"Presidente do Grupo Hyundai diz que planeja investir mais de US$ 1,1 bi no Brasil at\u00e9 2032"}]},{"@type":"WebSite","@id":"https:\/\/www.suno.com.br\/noticias\/#website","url":"https:\/\/www.suno.com.br\/noticias\/","name":"Suno Not\u00edcias","description":"Seu portal de informa\u00e7\u00e3o sobre o mundo dos investimentos","publisher":{"@id":"https:\/\/www.suno.com.br\/noticias\/#organization"},"potentialAction":[{"@type":"SearchAction","target":{"@type":"EntryPoint","urlTemplate":"https:\/\/www.suno.com.br\/noticias\/?s={search_term_string}"},"query-input":{"@type":"PropertyValueSpecification","valueRequired":true,"valueName":"search_term_string"}}],"inLanguage":"pt-BR"},{"@type":"Organization","@id":"https:\/\/www.suno.com.br\/noticias\/#organization","name":"Suno Not\u00edcias","url":"https:\/\/www.suno.com.br\/noticias\/","logo":{"@type":"ImageObject","inLanguage":"pt-BR","@id":"https:\/\/www.suno.com.br\/noticias\/#\/schema\/logo\/image\/","url":"https:\/\/files.sunoresearch.com.br\/n\/uploads\/2021\/09\/suno-logo.png","contentUrl":"https:\/\/files.sunoresearch.com.br\/n\/uploads\/2021\/09\/suno-logo.png","width":180,"height":180,"caption":"Suno Not\u00edcias"},"image":{"@id":"https:\/\/www.suno.com.br\/noticias\/#\/schema\/logo\/image\/"},"sameAs":["https:\/\/facebook.com\/sunoresearch","https:\/\/x.com\/sunoresearch","https:\/\/www.instagram.com\/suno","https:\/\/www.linkedin.com\/company\/suno-research\/","https:\/\/www.youtube.com\/c\/sunoresearch"]},{"@type":"Person","@id":"https:\/\/www.suno.com.br\/noticias\/#\/schema\/person\/c1b1bd3727fa852bd045e9dbff3673ea","name":"Reda\u00e7\u00e3o Suno Not\u00edcias","image":{"@type":"ImageObject","inLanguage":"pt-BR","@id":"https:\/\/www.suno.com.br\/noticias\/#\/schema\/person\/image\/","url":"https:\/\/secure.gravatar.com\/avatar\/b8104b9b5a71985d5238ee59fbe418af?s=96&r=g","contentUrl":"https:\/\/secure.gravatar.com\/avatar\/b8104b9b5a71985d5238ee59fbe418af?s=96&r=g","caption":"Reda\u00e7\u00e3o Suno Not\u00edcias"},"description":"O Suno Not\u00edcias \u00e9 um portal de informa\u00e7\u00f5es sobre Mercado Financeiro, Pol\u00edtica, Neg\u00f3cios, Economia e Finan\u00e7as Pessoais.","sameAs":["https:\/\/www.suno.com.br\/noticias","https:\/\/www.facebook.com\/sunonoticias\/","https:\/\/www.instagram.com\/sunonoticias\/","https:\/\/x.com\/https:\/\/twitter.com\/sunoresearch","https:\/\/www.youtube.com\/sunonoticias"],"url":"https:\/\/www.suno.com.br\/noticias\/author\/redacao-suno\/"}]}},"default_loop_html":"<div class=\"cardsPage__listCard__boxs\"><div class=\"cardsPage__listCard__boxs__img\"><a href=\"https:\/\/www.suno.com.br\/noticias\/hyundai-presidente-deve-investir-brasil-gss\/\"><img class=\"mask\" src=\"https:\/\/www.suno.com.br\/noticias\/wp-content\/themes\/suno\/resources\/images\/spotlight\/spotlight1img\/bg-mask.png\" alt=\"Image Mask\"\/><img src=\"https:\/\/files.sunoresearch.com.br\/n\/uploads\/2021\/07\/09b95909-car-1852923_1280-400x200.jpg\" alt=\"Presidente do Grupo Hyundai diz que planeja investir mais de US$ 1,1 bi no Brasil at\u00e9 2032\"\/><\/a><span class=\"spotlightCategory\"><a href=\"https:\/\/www.suno.com.br\/noticias\/negocios\/\">Neg\u00f3cios<\/a><\/span><\/div><div class=\"cardsPage__listCard__boxs__content\"><a href=\"https:\/\/www.suno.com.br\/noticias\/hyundai-presidente-deve-investir-brasil-gss\/\"><h2 class=\"content__title\">Presidente do Grupo Hyundai diz que planeja investir mais de US$ 1,1 bi no Brasil at\u00e9 2032<\/h2><\/a><div class=\"newsContent__article__meta\"><div class=\"newsContent__article__meta__authorBox\"><a href=\"https:\/\/www.suno.com.br\/noticias\/author\/redacao-suno\/\" class=\"authorBox__avatar noMobi\"><img src=\"https:\/\/files.sunoresearch.com.br\/n\/uploads\/2020\/08\/0ace682d-redacao-1-150x150.webp\" alt=\"Reda\u00e7\u00e3o Suno Not\u00edcias\"><\/a><div class=\"authorBox__name\"><span>por\n\t\t\t<a href=\"https:\/\/www.suno.com.br\/noticias\/author\/redacao-suno\/\"><span itemprop=\"author\">Reda\u00e7\u00e3o Suno Not\u00edcias<\/span><\/a><\/span><time datetime=\"2024-02-22T18:23:32-03:00\" itemprop=\"datePublished\">22\/02\/2024 18:23<\/time><\/div><\/div><\/div><\/div><\/div>","single_layout":"posts","amp_enabled":true,"_links":{"self":[{"href":"https:\/\/www.suno.com.br\/noticias\/wp-json\/wp\/v2\/posts\/525716"}],"collection":[{"href":"https:\/\/www.suno.com.br\/noticias\/wp-json\/wp\/v2\/posts"}],"about":[{"href":"https:\/\/www.suno.com.br\/noticias\/wp-json\/wp\/v2\/types\/post"}],"author":[{"embeddable":true,"href":"https:\/\/www.suno.com.br\/noticias\/wp-json\/wp\/v2\/users\/43"}],"replies":[{"embeddable":true,"href":"https:\/\/www.suno.com.br\/noticias\/wp-json\/wp\/v2\/comments?post=525716"}],"version-history":[{"count":2,"href":"https:\/\/www.suno.com.br\/noticias\/wp-json\/wp\/v2\/posts\/525716\/revisions"}],"predecessor-version":[{"id":525871,"href":"https:\/\/www.suno.com.br\/noticias\/wp-json\/wp\/v2\/posts\/525716\/revisions\/525871"}],"wp:featuredmedia":[{"embeddable":true,"href":"https:\/\/www.suno.com.br\/noticias\/wp-json\/wp\/v2\/media\/163721"}],"wp:attachment":[{"href":"https:\/\/www.suno.com.br\/noticias\/wp-json\/wp\/v2\/media?parent=525716"}],"wp:term":[{"taxonomy":"category","embeddable":true,"href":"https:\/\/www.suno.com.br\/noticias\/wp-json\/wp\/v2\/categories?post=525716"},{"taxonomy":"post_tag","embeddable":true,"href":"https:\/\/www.suno.com.br\/noticias\/wp-json\/wp\/v2\/tags?post=525716"},{"taxonomy":"suno_strategy","embeddable":true,"href":"https:\/\/www.suno.com.br\/noticias\/wp-json\/wp\/v2\/suno_strategy?post=525716"}],"curies":[{"name":"wp","href":"https:\/\/api.w.org\/{rel}","templated":true}]}}