{"id":525715,"date":"2024-02-22T18:30:07","date_gmt":"2024-02-22T21:30:07","guid":{"rendered":"https:\/\/www.suno.com.br\/noticias\/?p=525715"},"modified":"2024-02-22T18:30:10","modified_gmt":"2024-02-22T21:30:10","slug":"pib-forte-crescimento-primeiro-trimestre-gss","status":"publish","type":"post","link":"https:\/\/www.suno.com.br\/noticias\/pib-forte-crescimento-primeiro-trimestre-gss\/","title":{"rendered":"PIB deve ter forte crescimento no primeiro trimestre, diz economista do Santander (SANB11)"},"content":{"rendered":"<p>O crescimento da economia no ano passado e os indicadores correntes de atividade apontam para um crescimento forte do Produto Interno Bruto (<strong>PIB<\/strong>) no primeiro trimestre de 2024, reiterou nesta quinta-feira, 22, a economista-chefe e s\u00f3cia do Banco <a class=\"suno-keyword\" data-force=\"yes\" data-priority=\"2\" href=\"https:\/\/www.suno.com.br\/acoes\/SANB11\/\" target=\"_blank\" rel=\"noopener\">Santander (SANB11)<\/a>, Ana Paula Vescovi, ao participar como palestrante do evento &#8220;Proje\u00e7\u00f5es Econ\u00f4micas 2024: Desafios e Oportunidades no Cen\u00e1rio Brasileiro e Internacional&#8221;, promovido pela C\u00e2mara Oficial Espanhola de Com\u00e9rcio no Brasil.<\/p>\t<div class=\"wrapper-featured-image\">\n\t\t<figure class=\"spotlightImg\">\n\n\t\t\t<picture>\n\t\t\t\t<source media=\"(max-width: 768px)\" srcset=\"https:\/\/files.sunoresearch.com.br\/n\/uploads\/2020\/08\/fc7950a3-economia-real-dinheiro-20141201-003-400x200.webp\">\n\t\t\t\t<img loading=\"lazy\" decoding=\"async\" class=\"newsContent__article__imgCapa lazyloadDisabled \" src=\"https:\/\/files.sunoresearch.com.br\/n\/uploads\/2020\/08\/fc7950a3-economia-real-dinheiro-20141201-003-800x450.webp\" width=\"800\" height=\"450\" alt=\"PIB deve ter forte crescimento no primeiro trimestre, diz economista do Santander (SANB11)\" fetchpriority=high \/>\n\t\t\t<\/picture>\n\n\t\t\t<figcaption class=\"wp-caption-text wp-caption-text--show\">PIB<\/figcaption>\n\t\t<\/figure>\n\t<\/div>\n\n\n\n\n\n\n\n\t<p>\n\t\t<a href=\"\" target=\"_blank\" data-element=\"shortcode-suno-banner\" title=\"Banner SUNO, clique e saiba mais\">\n\t\t\t<picture>\n\t\t\t\t<source media=\"(max-width: 500px)\" srcset=\"\">\n\t\t\t\t<img class=\"newsContent__article__imgCapa newsContent__article__imgCapa--banner\"\n\t\t\t\t\tsrc=\"\"\n\t\t\t\t\tdata-promo-id=\"240038\"\t\t\t\t\t\t\t\t\t\t\t\t\t\t\talt=\"\"\n\t\t\t\t>\n\t\t\t<\/picture>\n\t\t<\/a>\n\t<\/p>\n\n\n\n\n\n<p>Para o ano de 2024, segundo Vescovi, o Departamento Econ\u00f4mico do banco trabalha com uma proje\u00e7\u00e3o de 1,5% de <strong>crescimento do PIB<\/strong>, ante uma previs\u00e3o de 3% de <strong>expans\u00e3o da economia<\/strong> no ano passado. O <strong>PIB agregado<\/strong> de 2023 est\u00e1 previsto para ser divulgado em 1\u00ba de mar\u00e7o pelo Instituto Brasileiro de Geografia e Estat\u00edstica (IBGE).<\/p>\n\n\n\n<p>O principal fator de <strong>desacelera\u00e7\u00e3o do PIB<\/strong> este ano comparativamente a 2023, de acordo com a economista-chefe do <strong>Santander<\/strong>, ser\u00e1 a menor contribui\u00e7\u00e3o dos segmentos relacionados \u00e0s commodities. Vescovi tamb\u00e9m citou a continuidade em um patamar baixo da taxa de <a class=\"suno-keyword\" target=\"_blank\" data-force=\"no\" data-priority=\"1\" href=\"https:\/\/www.suno.com.br\/artigos\/investimentos-no-brasil\/\" rel=\"noopener\">investimentos no Brasil<\/a>, em 17% do PIB, como fator de desacelera\u00e7\u00e3o.<\/p>\n\n\n\n<p>&#8220;As taxas de investimentos seguem baixas com incertezas sobre seu patamar futuro. A retomada dos investimentos ser\u00e1 um fator importante para o crescimento nos pr\u00f3ximos anos&#8221;, disse a economista, refor\u00e7ando que h\u00e1 tamb\u00e9m um delta negativo do agro, que no ano passado cresceu 15%. &#8220;Teremos ainda a segunda maior safra da hist\u00f3ria, mas haver\u00e1 uma perda sim na produ\u00e7\u00e3o&#8221;, fez quest\u00e3o de frisar a economista, que durante o evento dividiu a mesa com o diretor de <a class=\"suno-keyword\" target=\"_blank\" data-force=\"no\" data-priority=\"1\" href=\"https:\/\/www.suno.com.br\/artigos\/politica-monetaria\/\" rel=\"noopener\">Pol\u00edtica Monet\u00e1ria<\/a> do <strong>Banco Central <\/strong>(BC), Gabriel Gal\u00edpolo.<\/p>\n\n\n\n<p>Vescovi tamb\u00e9m discorreu um pouco sobre o <strong>PIB potencial<\/strong> do Brasil. Segundo ela, o Pa\u00eds tem crescido em resposta aos est\u00edmulos dados pelos governos no Brasil e no mundo como um todo. &#8220;Investimentos de 17% do PIB n\u00e3o justificam o<strong> crescimento do PIB potencial<\/strong>. Ele se deve a est\u00edmulos que n\u00e3o s\u00f3 a economia brasileira tem recebido, mas como no mundo todo&#8221;, disse Vescovi.<\/p>\n\n\n\t<p>\n\t\t<a href=\"https:\/\/lp.suno.com.br\/ebook-gratuito-investindo-no-exterior\/\" target=\"_blank\" data-element=\"shortcode-suno-banner\" title=\"Banner SUNO, clique e saiba mais\">\n\t\t\t<picture>\n\t\t\t\t<source media=\"(max-width: 500px)\" srcset=\"https:\/\/files.sunoresearch.com.br\/n\/uploads\/2023\/03\/400x300-Investindo-no-exterior.png\">\n\t\t\t\t<img class=\"newsContent__article__imgCapa newsContent__article__imgCapa--banner\"\n\t\t\t\t\tsrc=\"https:\/\/files.sunoresearch.com.br\/n\/uploads\/2023\/03\/1420x240-Investindo-no-exterior.png\"\n\t\t\t\t\tdata-promo-id=\"383161\"\t\t\t\t\t\t\t\t\t\twidth='1420' height='240'\t\t\t\t\talt=\"https:\/\/files.sunoresearch.com.br\/n\/uploads\/2023\/03\/1420x240-Investindo-no-exterior.png\"\n\t\t\t\t>\n\t\t\t<\/picture>\n\t\t<\/a>\n\t<\/p>\n\n\n\n\n\n<h2 class=\"wp-block-heading\"><b>Infla\u00e7\u00e3o<\/b><\/h2>\n\n\n\n<p>A economista-chefe e s\u00f3cia do Santander Brasil afirmou ainda que a <strong>infla\u00e7\u00e3o brasileira <\/strong>ao consumidor dever\u00e1 fechar o ano em 3,4%, portanto abaixo do teto da meta, de 4,5%. &#8220;Chegaremos ao fim do ano com infla\u00e7\u00e3o em 3,4%, abaixo da meta&#8221;, disse a economista para quem a infla\u00e7\u00e3o de servi\u00e7os, por exemplo, deve desacelerar. &#8220;Vemos espa\u00e7o para desinfla\u00e7\u00e3o sim&#8221;, disse.<\/p>\n\n\n\n<p>E num cen\u00e1rio de infla\u00e7\u00e3o mais baixa e considerando suas novas previs\u00f5es de que o Federal Reserve (Fed, o banco central dos Estados Unidos) deve iniciar um ciclo de flexibiliza\u00e7\u00e3o da sua <strong>taxa de juros<\/strong> mais \u00e0 frente, Vescovi prev\u00ea que a taxa b\u00e1sica de juro, a Selic, deva encerrar 2024 em 8,50%.<\/p>\n\n\n\n<p>&#8220;Alteramos nossa previs\u00e3o de Selic de 9,50% para 8,50% em 2024 dada a nossa vis\u00e3o de um ciclo de flexibiliza\u00e7\u00e3o do Fed nas nossas novas previs\u00f5es&#8221;, explicou a economista.<\/p>\n\n\n\n<h2 class=\"wp-block-heading\"><b>Pol\u00edtica fiscal<\/b><\/h2>\n\n\n\n<p>Ao falar sobre a<strong> pol\u00edtica fiscal<\/strong>, apesar de o governo ter fixado alguma metas no ano passado, Vescovi disse que o mercado n\u00e3o v\u00ea como poss\u00edvel a entrega de um d\u00e9ficit zero neste ano. &#8220;O mercado n\u00e3o v\u00ea esta execu\u00e7\u00e3o&#8221;, observou.<\/p>\n\n\n\n<p>Contudo, ela diz ver um desempenho melhor das receitas federais no <a class=\"suno-keyword\" target=\"_blank\" data-force=\"no\" data-priority=\"1\" href=\"https:\/\/www.suno.com.br\/artigos\/curto-prazo\/\" rel=\"noopener\">curto prazo<\/a>, com um primeiro trimestre mais positivo, o que, na sua avalia\u00e7\u00e3o deixa os riscos fiscais mais distantes ap\u00f3s o segundo trimestre.<\/p>\n\n\n\n<p>&#8220;Poss\u00edveis not\u00edcias mais adversas incluiriam um desempenho mais fraco das receitas, fric\u00e7\u00f5es com o Congresso e press\u00e3o por mais gastos. Devemos estar atentos \u00e0 press\u00e3o para aumentos salariais&#8221;, disse a economista, que prev\u00ea um forte <strong>PIB<\/strong> no primeiro trimestre deste ano.<\/p>\n\n\n\n<p><em>Com Estad\u00e3o Conte\u00fado<\/em><\/p>\n\n\n\t<p>\n\t\t<a href=\"https:\/\/lp.suno.com.br\/planilha-da-vida-financeira\/\" target=\"_blank\" data-element=\"shortcode-suno-banner\" title=\"Banner SUNO, clique e saiba mais\">\n\t\t\t<picture>\n\t\t\t\t<source media=\"(max-width: 500px)\" srcset=\"https:\/\/files.sunoresearch.com.br\/n\/uploads\/2023\/04\/400x300-Planilha-vida-financeira-true.png\">\n\t\t\t\t<img class=\"newsContent__article__imgCapa newsContent__article__imgCapa--banner\"\n\t\t\t\t\tsrc=\"https:\/\/files.sunoresearch.com.br\/n\/uploads\/2023\/04\/1420x240-Planilha-vida-financeira-true.png\"\n\t\t\t\t\tdata-promo-id=\"383123\"\t\t\t\t\t\t\t\t\t\twidth='1420' height='240'\t\t\t\t\talt=\"https:\/\/files.sunoresearch.com.br\/n\/uploads\/2023\/04\/1420x240-Planilha-vida-financeira-true.png\"\n\t\t\t\t>\n\t\t\t<\/picture>\n\t\t<\/a>\n\t<\/p>\n\n\n","protected":false},"excerpt":{"rendered":"<p>O crescimento da economia no ano passado e os indicadores correntes de atividade apontam para um crescimento forte do Produto Interno Bruto (PIB) no primeiro trimestre de 2024, reiterou nesta quinta-feira, 22, a economista-chefe e s\u00f3cia do Banco Santander (SANB11), Ana Paula Vescovi, ao participar como palestrante do evento &#8220;Proje\u00e7\u00f5es Econ\u00f4micas 2024: Desafios e Oportunidades [&hellip;]<\/p>\n","protected":false},"author":43,"featured_media":77923,"comment_status":"closed","ping_status":"closed","sticky":false,"template":"","format":"standard","meta":[],"categories":[62],"tags":[807],"suno_strategy":[],"class_list":["post-525715","post","type-post","status-publish","format-standard","has-post-thumbnail","hentry","category-economia","tag-produto-interno-bruto-pib"],"yoast_head":"<!-- This site is optimized with the Yoast SEO plugin v24.4 - https:\/\/yoast.com\/wordpress\/plugins\/seo\/ -->\n<title>PIB deve ter forte crescimento no primeiro trimestre; entenda<\/title>\n<meta name=\"description\" content=\"O crescimento da economia no ano passado e os indicadores correntes de atividade apontam para um forte PIB, segundo economista do Santander.\" \/>\n<meta name=\"robots\" content=\"index, follow, max-snippet:-1, max-image-preview:large, max-video-preview:-1\" \/>\n<link rel=\"canonical\" href=\"https:\/\/www.suno.com.br\/noticias\/pib-forte-crescimento-primeiro-trimestre-gss\/\" \/>\n<meta property=\"og:locale\" content=\"pt_BR\" \/>\n<meta property=\"og:type\" content=\"article\" \/>\n<meta property=\"og:title\" content=\"PIB deve ter forte crescimento no primeiro trimestre; entenda\" \/>\n<meta property=\"og:description\" content=\"O crescimento da economia no ano passado e os indicadores correntes de atividade apontam para um forte PIB, segundo economista do Santander.\" \/>\n<meta property=\"og:url\" content=\"https:\/\/www.suno.com.br\/noticias\/pib-forte-crescimento-primeiro-trimestre-gss\/\" \/>\n<meta property=\"og:site_name\" content=\"Suno Not\u00edcias\" \/>\n<meta property=\"article:publisher\" content=\"https:\/\/facebook.com\/sunoresearch\" \/>\n<meta property=\"article:author\" content=\"https:\/\/www.facebook.com\/sunonoticias\/\" \/>\n<meta property=\"og:image\" content=\"https:\/\/files.sunoresearch.com.br\/n\/uploads\/2020\/08\/fc7950a3-economia-real-dinheiro-20141201-003.jpg\" \/>\n\t<meta property=\"og:image:width\" content=\"1500\" \/>\n\t<meta property=\"og:image:height\" content=\"1000\" \/>\n\t<meta property=\"og:image:type\" content=\"image\/jpeg\" \/>\n<meta name=\"author\" content=\"Reda\u00e7\u00e3o Suno Not\u00edcias\" \/>\n<meta name=\"twitter:card\" content=\"summary_large_image\" \/>\n<meta name=\"twitter:creator\" content=\"@https:\/\/twitter.com\/sunoresearch\" \/>\n<meta name=\"twitter:site\" content=\"@sunoresearch\" \/>\n<meta name=\"twitter:label1\" content=\"Escrito por\" \/>\n\t<meta name=\"twitter:data1\" content=\"Reda\u00e7\u00e3o Suno Not\u00edcias\" \/>\n\t<meta name=\"twitter:label2\" content=\"Est. tempo de leitura\" \/>\n\t<meta name=\"twitter:data2\" content=\"4 minutos\" \/>\n<script type=\"application\/ld+json\" class=\"yoast-schema-graph\">{\"@context\":\"https:\/\/schema.org\",\"@graph\":[{\"@type\":\"NewsArticle\",\"@id\":\"https:\/\/www.suno.com.br\/noticias\/pib-forte-crescimento-primeiro-trimestre-gss\/#article\",\"isPartOf\":{\"@id\":\"https:\/\/www.suno.com.br\/noticias\/pib-forte-crescimento-primeiro-trimestre-gss\/\"},\"author\":{\"name\":\"Reda\u00e7\u00e3o Suno Not\u00edcias\",\"@id\":\"https:\/\/www.suno.com.br\/noticias\/#\/schema\/person\/c1b1bd3727fa852bd045e9dbff3673ea\"},\"headline\":\"PIB deve ter forte crescimento no primeiro trimestre, diz economista do Santander (SANB11)\",\"datePublished\":\"2024-02-22T21:30:07+00:00\",\"dateModified\":\"2024-02-22T21:30:10+00:00\",\"mainEntityOfPage\":{\"@id\":\"https:\/\/www.suno.com.br\/noticias\/pib-forte-crescimento-primeiro-trimestre-gss\/\"},\"wordCount\":652,\"publisher\":{\"@id\":\"https:\/\/www.suno.com.br\/noticias\/#organization\"},\"image\":{\"@id\":\"https:\/\/www.suno.com.br\/noticias\/pib-forte-crescimento-primeiro-trimestre-gss\/#primaryimage\"},\"thumbnailUrl\":\"https:\/\/files.sunoresearch.com.br\/n\/uploads\/2020\/08\/fc7950a3-economia-real-dinheiro-20141201-003-jpg.webp\",\"keywords\":[\"Produto Interno Bruto (PIB)\"],\"articleSection\":[\"Economia\"],\"inLanguage\":\"pt-BR\"},{\"@type\":\"WebPage\",\"@id\":\"https:\/\/www.suno.com.br\/noticias\/pib-forte-crescimento-primeiro-trimestre-gss\/\",\"url\":\"https:\/\/www.suno.com.br\/noticias\/pib-forte-crescimento-primeiro-trimestre-gss\/\",\"name\":\"PIB deve ter forte crescimento no primeiro trimestre; entenda\",\"isPartOf\":{\"@id\":\"https:\/\/www.suno.com.br\/noticias\/#website\"},\"primaryImageOfPage\":{\"@id\":\"https:\/\/www.suno.com.br\/noticias\/pib-forte-crescimento-primeiro-trimestre-gss\/#primaryimage\"},\"image\":{\"@id\":\"https:\/\/www.suno.com.br\/noticias\/pib-forte-crescimento-primeiro-trimestre-gss\/#primaryimage\"},\"thumbnailUrl\":\"https:\/\/files.sunoresearch.com.br\/n\/uploads\/2020\/08\/fc7950a3-economia-real-dinheiro-20141201-003-jpg.webp\",\"datePublished\":\"2024-02-22T21:30:07+00:00\",\"dateModified\":\"2024-02-22T21:30:10+00:00\",\"description\":\"O crescimento da economia no ano passado e os indicadores correntes de atividade apontam para um forte PIB, segundo economista do Santander.\",\"breadcrumb\":{\"@id\":\"https:\/\/www.suno.com.br\/noticias\/pib-forte-crescimento-primeiro-trimestre-gss\/#breadcrumb\"},\"inLanguage\":\"pt-BR\",\"potentialAction\":[{\"@type\":\"ReadAction\",\"target\":[\"https:\/\/www.suno.com.br\/noticias\/pib-forte-crescimento-primeiro-trimestre-gss\/\"]}]},{\"@type\":\"ImageObject\",\"inLanguage\":\"pt-BR\",\"@id\":\"https:\/\/www.suno.com.br\/noticias\/pib-forte-crescimento-primeiro-trimestre-gss\/#primaryimage\",\"url\":\"https:\/\/files.sunoresearch.com.br\/n\/uploads\/2020\/08\/fc7950a3-economia-real-dinheiro-20141201-003-jpg.webp\",\"contentUrl\":\"https:\/\/files.sunoresearch.com.br\/n\/uploads\/2020\/08\/fc7950a3-economia-real-dinheiro-20141201-003-jpg.webp\",\"width\":1500,\"height\":1000,\"caption\":\"PIB\"},{\"@type\":\"BreadcrumbList\",\"@id\":\"https:\/\/www.suno.com.br\/noticias\/pib-forte-crescimento-primeiro-trimestre-gss\/#breadcrumb\",\"itemListElement\":[{\"@type\":\"ListItem\",\"position\":1,\"name\":\"Not\u00edcias\",\"item\":\"https:\/\/www.suno.com.br\/noticias\/\"},{\"@type\":\"ListItem\",\"position\":2,\"name\":\"Economia\",\"item\":\"https:\/\/www.suno.com.br\/noticias\/economia\/\"},{\"@type\":\"ListItem\",\"position\":3,\"name\":\"PIB deve ter forte crescimento no primeiro trimestre, diz economista do Santander (SANB11)\"}]},{\"@type\":\"WebSite\",\"@id\":\"https:\/\/www.suno.com.br\/noticias\/#website\",\"url\":\"https:\/\/www.suno.com.br\/noticias\/\",\"name\":\"Suno Not\u00edcias\",\"description\":\"Seu portal de informa\u00e7\u00e3o sobre o mundo dos investimentos\",\"publisher\":{\"@id\":\"https:\/\/www.suno.com.br\/noticias\/#organization\"},\"potentialAction\":[{\"@type\":\"SearchAction\",\"target\":{\"@type\":\"EntryPoint\",\"urlTemplate\":\"https:\/\/www.suno.com.br\/noticias\/?s={search_term_string}\"},\"query-input\":{\"@type\":\"PropertyValueSpecification\",\"valueRequired\":true,\"valueName\":\"search_term_string\"}}],\"inLanguage\":\"pt-BR\"},{\"@type\":\"Organization\",\"@id\":\"https:\/\/www.suno.com.br\/noticias\/#organization\",\"name\":\"Suno Not\u00edcias\",\"url\":\"https:\/\/www.suno.com.br\/noticias\/\",\"logo\":{\"@type\":\"ImageObject\",\"inLanguage\":\"pt-BR\",\"@id\":\"https:\/\/www.suno.com.br\/noticias\/#\/schema\/logo\/image\/\",\"url\":\"https:\/\/files.sunoresearch.com.br\/n\/uploads\/2021\/09\/suno-logo.png\",\"contentUrl\":\"https:\/\/files.sunoresearch.com.br\/n\/uploads\/2021\/09\/suno-logo.png\",\"width\":180,\"height\":180,\"caption\":\"Suno Not\u00edcias\"},\"image\":{\"@id\":\"https:\/\/www.suno.com.br\/noticias\/#\/schema\/logo\/image\/\"},\"sameAs\":[\"https:\/\/facebook.com\/sunoresearch\",\"https:\/\/x.com\/sunoresearch\",\"https:\/\/www.instagram.com\/suno\",\"https:\/\/www.linkedin.com\/company\/suno-research\/\",\"https:\/\/www.youtube.com\/c\/sunoresearch\"]},{\"@type\":\"Person\",\"@id\":\"https:\/\/www.suno.com.br\/noticias\/#\/schema\/person\/c1b1bd3727fa852bd045e9dbff3673ea\",\"name\":\"Reda\u00e7\u00e3o Suno Not\u00edcias\",\"image\":{\"@type\":\"ImageObject\",\"inLanguage\":\"pt-BR\",\"@id\":\"https:\/\/www.suno.com.br\/noticias\/#\/schema\/person\/image\/\",\"url\":\"https:\/\/secure.gravatar.com\/avatar\/b8104b9b5a71985d5238ee59fbe418af?s=96&r=g\",\"contentUrl\":\"https:\/\/secure.gravatar.com\/avatar\/b8104b9b5a71985d5238ee59fbe418af?s=96&r=g\",\"caption\":\"Reda\u00e7\u00e3o Suno Not\u00edcias\"},\"description\":\"O Suno Not\u00edcias \u00e9 um portal de informa\u00e7\u00f5es sobre Mercado Financeiro, Pol\u00edtica, Neg\u00f3cios, Economia e Finan\u00e7as Pessoais.\",\"sameAs\":[\"https:\/\/www.suno.com.br\/noticias\",\"https:\/\/www.facebook.com\/sunonoticias\/\",\"https:\/\/www.instagram.com\/sunonoticias\/\",\"https:\/\/x.com\/https:\/\/twitter.com\/sunoresearch\",\"https:\/\/www.youtube.com\/sunonoticias\"],\"url\":\"https:\/\/www.suno.com.br\/noticias\/author\/redacao-suno\/\"}]}<\/script>\n<!-- \/ Yoast SEO plugin. -->","yoast_head_json":{"title":"PIB deve ter forte crescimento no primeiro trimestre; entenda","description":"O crescimento da economia no ano passado e os indicadores correntes de atividade apontam para um forte PIB, segundo economista do Santander.","robots":{"index":"index","follow":"follow","max-snippet":"max-snippet:-1","max-image-preview":"max-image-preview:large","max-video-preview":"max-video-preview:-1"},"canonical":"https:\/\/www.suno.com.br\/noticias\/pib-forte-crescimento-primeiro-trimestre-gss\/","og_locale":"pt_BR","og_type":"article","og_title":"PIB deve ter forte crescimento no primeiro trimestre; entenda","og_description":"O crescimento da economia no ano passado e os indicadores correntes de atividade apontam para um forte PIB, segundo economista do Santander.","og_url":"https:\/\/www.suno.com.br\/noticias\/pib-forte-crescimento-primeiro-trimestre-gss\/","og_site_name":"Suno Not\u00edcias","article_publisher":"https:\/\/facebook.com\/sunoresearch","article_author":"https:\/\/www.facebook.com\/sunonoticias\/","og_image":[{"width":1500,"height":1000,"url":"https:\/\/files.sunoresearch.com.br\/n\/uploads\/2020\/08\/fc7950a3-economia-real-dinheiro-20141201-003.jpg","type":"image\/jpeg"}],"author":"Reda\u00e7\u00e3o Suno Not\u00edcias","twitter_card":"summary_large_image","twitter_creator":"@https:\/\/twitter.com\/sunoresearch","twitter_site":"@sunoresearch","twitter_misc":{"Escrito por":"Reda\u00e7\u00e3o Suno Not\u00edcias","Est. tempo de leitura":"4 minutos"},"schema":{"@context":"https:\/\/schema.org","@graph":[{"@type":"NewsArticle","@id":"https:\/\/www.suno.com.br\/noticias\/pib-forte-crescimento-primeiro-trimestre-gss\/#article","isPartOf":{"@id":"https:\/\/www.suno.com.br\/noticias\/pib-forte-crescimento-primeiro-trimestre-gss\/"},"author":{"name":"Reda\u00e7\u00e3o Suno Not\u00edcias","@id":"https:\/\/www.suno.com.br\/noticias\/#\/schema\/person\/c1b1bd3727fa852bd045e9dbff3673ea"},"headline":"PIB deve ter forte crescimento no primeiro trimestre, diz economista do Santander (SANB11)","datePublished":"2024-02-22T21:30:07+00:00","dateModified":"2024-02-22T21:30:10+00:00","mainEntityOfPage":{"@id":"https:\/\/www.suno.com.br\/noticias\/pib-forte-crescimento-primeiro-trimestre-gss\/"},"wordCount":652,"publisher":{"@id":"https:\/\/www.suno.com.br\/noticias\/#organization"},"image":{"@id":"https:\/\/www.suno.com.br\/noticias\/pib-forte-crescimento-primeiro-trimestre-gss\/#primaryimage"},"thumbnailUrl":"https:\/\/files.sunoresearch.com.br\/n\/uploads\/2020\/08\/fc7950a3-economia-real-dinheiro-20141201-003-jpg.webp","keywords":["Produto Interno Bruto (PIB)"],"articleSection":["Economia"],"inLanguage":"pt-BR"},{"@type":"WebPage","@id":"https:\/\/www.suno.com.br\/noticias\/pib-forte-crescimento-primeiro-trimestre-gss\/","url":"https:\/\/www.suno.com.br\/noticias\/pib-forte-crescimento-primeiro-trimestre-gss\/","name":"PIB deve ter forte crescimento no primeiro trimestre; entenda","isPartOf":{"@id":"https:\/\/www.suno.com.br\/noticias\/#website"},"primaryImageOfPage":{"@id":"https:\/\/www.suno.com.br\/noticias\/pib-forte-crescimento-primeiro-trimestre-gss\/#primaryimage"},"image":{"@id":"https:\/\/www.suno.com.br\/noticias\/pib-forte-crescimento-primeiro-trimestre-gss\/#primaryimage"},"thumbnailUrl":"https:\/\/files.sunoresearch.com.br\/n\/uploads\/2020\/08\/fc7950a3-economia-real-dinheiro-20141201-003-jpg.webp","datePublished":"2024-02-22T21:30:07+00:00","dateModified":"2024-02-22T21:30:10+00:00","description":"O crescimento da economia no ano passado e os indicadores correntes de atividade apontam para um forte PIB, segundo economista do Santander.","breadcrumb":{"@id":"https:\/\/www.suno.com.br\/noticias\/pib-forte-crescimento-primeiro-trimestre-gss\/#breadcrumb"},"inLanguage":"pt-BR","potentialAction":[{"@type":"ReadAction","target":["https:\/\/www.suno.com.br\/noticias\/pib-forte-crescimento-primeiro-trimestre-gss\/"]}]},{"@type":"ImageObject","inLanguage":"pt-BR","@id":"https:\/\/www.suno.com.br\/noticias\/pib-forte-crescimento-primeiro-trimestre-gss\/#primaryimage","url":"https:\/\/files.sunoresearch.com.br\/n\/uploads\/2020\/08\/fc7950a3-economia-real-dinheiro-20141201-003-jpg.webp","contentUrl":"https:\/\/files.sunoresearch.com.br\/n\/uploads\/2020\/08\/fc7950a3-economia-real-dinheiro-20141201-003-jpg.webp","width":1500,"height":1000,"caption":"PIB"},{"@type":"BreadcrumbList","@id":"https:\/\/www.suno.com.br\/noticias\/pib-forte-crescimento-primeiro-trimestre-gss\/#breadcrumb","itemListElement":[{"@type":"ListItem","position":1,"name":"Not\u00edcias","item":"https:\/\/www.suno.com.br\/noticias\/"},{"@type":"ListItem","position":2,"name":"Economia","item":"https:\/\/www.suno.com.br\/noticias\/economia\/"},{"@type":"ListItem","position":3,"name":"PIB deve ter forte crescimento no primeiro trimestre, diz economista do Santander (SANB11)"}]},{"@type":"WebSite","@id":"https:\/\/www.suno.com.br\/noticias\/#website","url":"https:\/\/www.suno.com.br\/noticias\/","name":"Suno Not\u00edcias","description":"Seu portal de informa\u00e7\u00e3o sobre o mundo dos investimentos","publisher":{"@id":"https:\/\/www.suno.com.br\/noticias\/#organization"},"potentialAction":[{"@type":"SearchAction","target":{"@type":"EntryPoint","urlTemplate":"https:\/\/www.suno.com.br\/noticias\/?s={search_term_string}"},"query-input":{"@type":"PropertyValueSpecification","valueRequired":true,"valueName":"search_term_string"}}],"inLanguage":"pt-BR"},{"@type":"Organization","@id":"https:\/\/www.suno.com.br\/noticias\/#organization","name":"Suno Not\u00edcias","url":"https:\/\/www.suno.com.br\/noticias\/","logo":{"@type":"ImageObject","inLanguage":"pt-BR","@id":"https:\/\/www.suno.com.br\/noticias\/#\/schema\/logo\/image\/","url":"https:\/\/files.sunoresearch.com.br\/n\/uploads\/2021\/09\/suno-logo.png","contentUrl":"https:\/\/files.sunoresearch.com.br\/n\/uploads\/2021\/09\/suno-logo.png","width":180,"height":180,"caption":"Suno Not\u00edcias"},"image":{"@id":"https:\/\/www.suno.com.br\/noticias\/#\/schema\/logo\/image\/"},"sameAs":["https:\/\/facebook.com\/sunoresearch","https:\/\/x.com\/sunoresearch","https:\/\/www.instagram.com\/suno","https:\/\/www.linkedin.com\/company\/suno-research\/","https:\/\/www.youtube.com\/c\/sunoresearch"]},{"@type":"Person","@id":"https:\/\/www.suno.com.br\/noticias\/#\/schema\/person\/c1b1bd3727fa852bd045e9dbff3673ea","name":"Reda\u00e7\u00e3o Suno Not\u00edcias","image":{"@type":"ImageObject","inLanguage":"pt-BR","@id":"https:\/\/www.suno.com.br\/noticias\/#\/schema\/person\/image\/","url":"https:\/\/secure.gravatar.com\/avatar\/b8104b9b5a71985d5238ee59fbe418af?s=96&r=g","contentUrl":"https:\/\/secure.gravatar.com\/avatar\/b8104b9b5a71985d5238ee59fbe418af?s=96&r=g","caption":"Reda\u00e7\u00e3o Suno Not\u00edcias"},"description":"O Suno Not\u00edcias \u00e9 um portal de informa\u00e7\u00f5es sobre Mercado Financeiro, Pol\u00edtica, Neg\u00f3cios, Economia e Finan\u00e7as Pessoais.","sameAs":["https:\/\/www.suno.com.br\/noticias","https:\/\/www.facebook.com\/sunonoticias\/","https:\/\/www.instagram.com\/sunonoticias\/","https:\/\/x.com\/https:\/\/twitter.com\/sunoresearch","https:\/\/www.youtube.com\/sunonoticias"],"url":"https:\/\/www.suno.com.br\/noticias\/author\/redacao-suno\/"}]}},"default_loop_html":"<div class=\"cardsPage__listCard__boxs\"><div class=\"cardsPage__listCard__boxs__img\"><a href=\"https:\/\/www.suno.com.br\/noticias\/pib-forte-crescimento-primeiro-trimestre-gss\/\"><img class=\"mask\" src=\"https:\/\/www.suno.com.br\/noticias\/wp-content\/themes\/suno\/resources\/images\/spotlight\/spotlight1img\/bg-mask.png\" alt=\"Image Mask\"\/><img src=\"https:\/\/files.sunoresearch.com.br\/n\/uploads\/2020\/08\/fc7950a3-economia-real-dinheiro-20141201-003-400x200.webp\" alt=\"PIB deve ter forte crescimento no primeiro trimestre, diz economista do Santander (SANB11)\"\/><\/a><span class=\"spotlightCategory\"><a href=\"https:\/\/www.suno.com.br\/noticias\/economia\/\">Economia<\/a><\/span><\/div><div class=\"cardsPage__listCard__boxs__content\"><a href=\"https:\/\/www.suno.com.br\/noticias\/pib-forte-crescimento-primeiro-trimestre-gss\/\"><h2 class=\"content__title\">PIB deve ter forte crescimento no primeiro trimestre, diz economista do Santander (SANB11)<\/h2><\/a><div class=\"newsContent__article__meta\"><div class=\"newsContent__article__meta__authorBox\"><a href=\"https:\/\/www.suno.com.br\/noticias\/author\/redacao-suno\/\" class=\"authorBox__avatar noMobi\"><img src=\"https:\/\/files.sunoresearch.com.br\/n\/uploads\/2020\/08\/0ace682d-redacao-1-150x150.webp\" alt=\"Reda\u00e7\u00e3o Suno Not\u00edcias\"><\/a><div class=\"authorBox__name\"><span>por\n\t\t\t<a href=\"https:\/\/www.suno.com.br\/noticias\/author\/redacao-suno\/\"><span itemprop=\"author\">Reda\u00e7\u00e3o Suno Not\u00edcias<\/span><\/a><\/span><time datetime=\"2024-02-22T18:30:07-03:00\" itemprop=\"datePublished\">22\/02\/2024 18:30<\/time><\/div><\/div><\/div><\/div><\/div>","single_layout":"posts","amp_enabled":true,"_links":{"self":[{"href":"https:\/\/www.suno.com.br\/noticias\/wp-json\/wp\/v2\/posts\/525715"}],"collection":[{"href":"https:\/\/www.suno.com.br\/noticias\/wp-json\/wp\/v2\/posts"}],"about":[{"href":"https:\/\/www.suno.com.br\/noticias\/wp-json\/wp\/v2\/types\/post"}],"author":[{"embeddable":true,"href":"https:\/\/www.suno.com.br\/noticias\/wp-json\/wp\/v2\/users\/43"}],"replies":[{"embeddable":true,"href":"https:\/\/www.suno.com.br\/noticias\/wp-json\/wp\/v2\/comments?post=525715"}],"version-history":[{"count":2,"href":"https:\/\/www.suno.com.br\/noticias\/wp-json\/wp\/v2\/posts\/525715\/revisions"}],"predecessor-version":[{"id":525883,"href":"https:\/\/www.suno.com.br\/noticias\/wp-json\/wp\/v2\/posts\/525715\/revisions\/525883"}],"wp:featuredmedia":[{"embeddable":true,"href":"https:\/\/www.suno.com.br\/noticias\/wp-json\/wp\/v2\/media\/77923"}],"wp:attachment":[{"href":"https:\/\/www.suno.com.br\/noticias\/wp-json\/wp\/v2\/media?parent=525715"}],"wp:term":[{"taxonomy":"category","embeddable":true,"href":"https:\/\/www.suno.com.br\/noticias\/wp-json\/wp\/v2\/categories?post=525715"},{"taxonomy":"post_tag","embeddable":true,"href":"https:\/\/www.suno.com.br\/noticias\/wp-json\/wp\/v2\/tags?post=525715"},{"taxonomy":"suno_strategy","embeddable":true,"href":"https:\/\/www.suno.com.br\/noticias\/wp-json\/wp\/v2\/suno_strategy?post=525715"}],"curies":[{"name":"wp","href":"https:\/\/api.w.org\/{rel}","templated":true}]}}