{"id":525662,"date":"2024-02-22T13:17:35","date_gmt":"2024-02-22T16:17:35","guid":{"rendered":"https:\/\/www.suno.com.br\/noticias\/?p=525662"},"modified":"2024-02-22T13:39:12","modified_gmt":"2024-02-22T16:39:12","slug":"dolar-vai-subir-de-elevador-2024-evm","status":"publish","type":"post","link":"https:\/\/www.suno.com.br\/noticias\/dolar-vai-subir-de-elevador-2024-evm\/","title":{"rendered":"D\u00f3lar vai &#8216;subir de elevador&#8217;? Veja perspectivas para o c\u00e2mbio"},"content":{"rendered":"<p>Desde outubro do ano passado, em meio \u00e0s elei\u00e7\u00f5es, o <strong><a href=\"https:\/\/www.suno.com.br\/noticias\/dolar-recua-treasuries-agenda-haddad-cpf\/\">d\u00f3lar<\/a><\/strong> tem apresentando retra\u00e7\u00f5es sucessivas, saindo de R$ 5,16 para ficar levemente abaixo de R$ 5 nas \u00faltimas semanas.<\/p><div class=\"videoFull \">\n\t\t\t<div class=\"videoWrapper yt-lazyload center\"\n\t\t\t\tdata-width=\"960\"\n\t\t\t\tdata-height=\"540\"\n\t\t\t\tdata-id=\"1_NAMFExeUk\"\n\t\t\t\tdata-alt=\"V\u00eddeo do YouTube - clique para reproduzir\"\n\t\t\t\tdata-logo=\"3\"\n\t\t\t\tdata-imagequality=\"maxres\">\n\t\t\t<\/div>\n\t\t<\/div><script type=\"application\/ld+json\">{\"@context\":\"https:\/\/schema.org\",\"@type\":\"VideoObject\",\"name\":\"\ud83d\udd34WEG (WEGE3) DISPARA COM 4T23 E DIVIDENDOS | Ibovespa est\u00e1vel | Ren\u00fancia na Taesa (TAEE11)\",\"description\":\"#mercadofinanceiro #a\u00e7\u00f5es #investimentos #bolsadevalores #ibovespa #dinheiro #finan\u00e7as #pol\u00edtica #d\u00f3lar #livedas19h #petr4 #petr3 #petrobras #vale3 #vale #a\u00e7\u00f5es #economia #dividendos #min\u00e9riodeferro #min\u00e9rio #petr\u00f3leo #commodities #proventos #weg #wege3 #varejo #balan\u00e7ofinanceiro \ud83c\udf89 7 ANOS DA SUNO! REGISTRE-SE E GARANTA 7 B\u00d4NUS EXCLUSIVOS: https:\/\/suno.me\/3UF1qmC 00:00 In\u00edcio do v\u00eddeo 01:55 Fechamento de preg\u00e3o 06:10 Entenda a alta de WEGE3 11:40 Presidente\u2026\",\"duration\":\"PT23M14S\",\"embedUrl\":\"https:\/\/www.youtube.com\/embed\/1_NAMFExeUk\",\"regionsAllowed\":\"en-US\",\"interactionStatistic\":{\"@type\":\"InteractionCounter\",\"interactionType\":{\"@type\":\"WatchAction\"},\"userInteractionCount\":2847},\"thumbnailUrl\":\"https:\/\/i.ytimg.com\/vi\/1_NAMFExeUk\/default.jpg\",\"uploadDate\":\"2024-02-22T10:29:39Z\"}<\/script>\n\n\n\n\n\t<p>\n\t\t<a href=\"https:\/\/lp.suno.com.br\/planilha-da-vida-financeira\/\" target=\"_blank\" data-element=\"shortcode-suno-banner\" title=\"Banner SUNO, clique e saiba mais\">\n\t\t\t<picture>\n\t\t\t\t<source media=\"(max-width: 500px)\" srcset=\"https:\/\/files.sunoresearch.com.br\/n\/uploads\/2023\/04\/400x300-Planilha-vida-financeira-true.png\">\n\t\t\t\t<img class=\"newsContent__article__imgCapa newsContent__article__imgCapa--banner\"\n\t\t\t\t\tsrc=\"https:\/\/files.sunoresearch.com.br\/n\/uploads\/2023\/04\/1420x240-Planilha-vida-financeira-true.png\"\n\t\t\t\t\tdata-promo-id=\"106682\"\t\t\t\t\t\t\t\t\t\twidth='1420' height='240'\t\t\t\t\talt=\"https:\/\/files.sunoresearch.com.br\/n\/uploads\/2023\/04\/1420x240-Planilha-vida-financeira-true.png\"\n\t\t\t\t>\n\t\t\t<\/picture>\n\t\t<\/a>\n\t<\/p>\n\n\n\n\n\n\n\n<p>Nesse contexto, o mercado discute hip\u00f3teses de uma estabilidade da <strong>cota\u00e7\u00e3o do d\u00f3lar<\/strong> ou uma eleva\u00e7\u00e3o da cota\u00e7\u00e3o da moeda &#8211; eventualmente, uma &#8216;subida de elevador&#8217;, como diz um dos ditados mais c\u00e9lebres do mercado: a moeda americana &#8216;desce de escada, mas sobe de elevador&#8217;.<\/p>\n\n\n\n<p>Um dos principais drivers para o al\u00edvio na press\u00e3o do <strong>c\u00e2mbio<\/strong> foi a redu\u00e7\u00e3o dos ru\u00eddos fiscais, al\u00e9m de uma melhora da percep\u00e7\u00e3o de risco do <a class=\"suno-keyword\" data-force=\"no\" data-priority=\"1\" href=\"https:\/\/www.suno.com.br\/artigos\/investidor-estrangeiro\/\" target=\"_blank\" rel=\"noopener\">investidor estrangeiro<\/a> com rela\u00e7\u00e3o ao cen\u00e1rio da <a class=\"suno-keyword\" data-force=\"no\" data-priority=\"1\" href=\"https:\/\/www.suno.com.br\/artigos\/economia-domestica\/\" target=\"_blank\" rel=\"noopener\">economia dom\u00e9stica<\/a>.<\/p>\n\n\n\n<p>&#8220;No \u00faltimo ano, observamos avan\u00e7os significativos em quest\u00f5es fiscais cruciais para proporcionar previsibilidade nas contas p\u00fablicas brasileiras, resultando em uma melhoria na nota de cr\u00e9dito atribu\u00edda por ag\u00eancias como Fitch e S&amp;P, consolidando a credibilidade das propostas&#8221;, destaca Diego Costa, head de c\u00e2mbio para o Norte e Nordeste da B&amp;T C\u00e2mbio.<\/p>\n\n\n\n<p>Para esse ano, o especialista destaca que \u00e9 essencial considerar o contexto eleitoral deste ano, tradicionalmente marcado pelo aumento dos gastos governamentais.<\/p>\n\n\n\n\t<div data-element=\"shortcode-read-more\" class=\"readToo\">\n\t\t\t\t<span class=\"readToo__title\">Leia mais<\/span>\n\t\t\t\t<ul class=\"readToo__list\">\n\t\t\t<li><a href=\"https:\/\/www.suno.com.br\/noticias\/ambev-abev3-safra-itau-xp-previa-4t23-cpf\/\">Ambev (ABEV3): Safra, Ita\u00fa, XP e mais analistas dividem opini\u00f5es sobre o que esperar do pr\u00f3ximo balan\u00e7o<\/a><\/li><li><a href=\"https:\/\/www.suno.com.br\/noticias\/imposto-de-renda-2024-receita-consulta-lote-residual-evm\/\">Imposto de Renda: Receita abre consulta a lote residual<\/a><\/li><li><a href=\"https:\/\/www.suno.com.br\/noticias\/dolar-recua-treasuries-agenda-haddad-cpf\/\">D\u00f3lar recua com al\u00edvio de Treasuries e agenda lotada de Haddad<\/a><\/li><li><a href=\"https:\/\/www.suno.com.br\/noticias\/ipca-previsao-inflacao-boletim-focus-banco-central-quinta-gpj\/\">IPCA: previs\u00e3o para infla\u00e7\u00e3o volta a cair; veja proje\u00e7\u00f5es do Boletim Focus desta semana<\/a><\/li>\t\t<\/ul>\n\t<\/div>\n\n\n\n\n<p>Al\u00e9m disso, destaca que as decis\u00f5es de <strong><a class=\"suno-keyword\" data-force=\"no\" data-priority=\"1\" href=\"https:\/\/www.suno.com.br\/artigos\/politica-monetaria\/\" target=\"_blank\" rel=\"noopener\">pol\u00edtica monet\u00e1ria<\/a> nos Estados Unidos<\/strong> devem seguir influenciado o comportamento de outras moedas, uma vez que t\u00eam o potencial de aumentar ou reduzir a <strong>atratividade do d\u00f3lar<\/strong>. <\/p>\n\n\n\n<p>&#8220;O real encerrou 2023 como uma das <strong>moedas mais valorizadas<\/strong> em rela\u00e7\u00e3o ao d\u00f3lar, no entanto, \u00e9 v\u00e1lido notar que, mesmo em um ambiente externo favor\u00e1vel, a atratividade da economia \u00e9 um fator essencial para entrar na rota do investidor estrangeiros. Isso \u00e9 evidenciado pelo desempenho negativo de outras moedas, como a Lira Turca, Rublo Russo e Peso Argentino, que enfrentaram quedas expressivas e problemas s\u00e9rios de desequil\u00edbrio em suas economias&#8221;, destaca.<\/p>\n\n\n\n<h2 class=\"wp-block-heading\">BTG espera &#8216;montanha russa do d\u00f3lar&#8217;<\/h2>\n\n\n\n<p>Os especialistas do BTG Pactual esperam uma eleva\u00e7\u00e3o sucessiva da cota\u00e7\u00e3o do d\u00f3lar at\u00e9 mar\u00e7o, atingindo um pico de R$ 5,14. Ap\u00f3s isso, a expectativa \u00e9 de uma retra\u00e7\u00e3o cont\u00ednua do pre\u00e7o ante o Real, fechando o ano de 2024 a R$ 4,85.<\/p>\n\n\n\t<p>\n\t\t<a href=\"https:\/\/lp.suno.com.br\/ebook-como-analisar-uma-acao\/\" target=\"_blank\" data-element=\"shortcode-suno-banner\" title=\"Banner SUNO, clique e saiba mais\">\n\t\t\t<picture>\n\t\t\t\t<source media=\"(max-width: 500px)\" srcset=\"https:\/\/files.sunoresearch.com.br\/n\/uploads\/2023\/03\/Ebook-Acoes-Mobile.jpg\">\n\t\t\t\t<img class=\"newsContent__article__imgCapa newsContent__article__imgCapa--banner\"\n\t\t\t\t\tsrc=\"https:\/\/files.sunoresearch.com.br\/n\/uploads\/2023\/03\/Ebook-Acoes-Desktop.jpg\"\n\t\t\t\t\tdata-promo-id=\"378302\"\t\t\t\t\t\t\t\t\t\twidth='1420' height='286'\t\t\t\t\talt=\"https:\/\/files.sunoresearch.com.br\/n\/uploads\/2023\/03\/Ebook-Acoes-Desktop.jpg\"\n\t\t\t\t>\n\t\t\t<\/picture>\n\t\t<\/a>\n\t<\/p>\n\n\n\n\n\n<p>&#8220;Desde o final do ano passado, as narrativas para um call de forte <strong>aprecia\u00e7\u00e3o do Real <\/strong>em 2024 tem ganhado holofote no mercado, com raz\u00f5es no cen\u00e1rio externo e dom\u00e9stico, seja pela forte queda de juros americanos esperada pelo mercado (atualmente precificada em cerca de 175bps), seja pelo diferencial de juros de 2 anos bastante atrativo (cerca de 560bps) e pelas fortes expectativas de produ\u00e7\u00e3o de petr\u00f3leo interno&#8221;, diz a casa.<\/p>\n\n\n\n<p>Apesar disso, a an\u00e1lise \u00e9 de que existem fatores para algum receio com tamanho otimismo. <\/p>\n\n\n\n<p>&#8220;O primeiro ponto \u00e9 que 2024 ser\u00e1 de desacelera\u00e7\u00e3o global com queda de juros, cen\u00e1rio que tende a favorecer mais as moedas de <a class=\"suno-keyword\" target=\"_blank\" data-force=\"no\" data-priority=\"2\" href=\"https:\/\/www.suno.com.br\/artigos\/paises-emergentes\/\" rel=\"noopener\">pa\u00edses emergentes<\/a> exportadores de tecnologia (sudeste asi\u00e1tico) do que commodities (latinos)&#8221;, oberva.<\/p>\n\n\n\n<p>&#8220;A segunda raz\u00e3o se encontra na incerteza fiscal. Apesar da aprova\u00e7\u00e3o da reforma tribut\u00e1ria e dos upgrades nos riscos soberanos em 2023, \u00e9 fato que a desacelera\u00e7\u00e3o da nossa atividade trar\u00e1 desafios arrecadat\u00f3rios e dever\u00e1 provocar revis\u00f5es nas metas fiscais n\u00e3o apenas em 2024, mas nos anos posteriores. Entendemos, sim, que a \u2018barra \u00e9 alta\u2019 para deprecia\u00e7\u00f5es do real, mas acreditamos tamb\u00e9m que o potencial de valoriza\u00e7\u00e3o, ao menos por agora, n\u00e3o tende a ser t\u00e3o eleva&#8221;, completa.<\/p>\n\n\n\n<h2 class=\"wp-block-heading\">Consenso do mercado financeiro projeta retra\u00e7\u00e3o em 2024<\/h2>\n\n\n\n<p>Conforme dados do <a class=\"suno-keyword\" target=\"_blank\" data-force=\"no\" data-priority=\"2\" href=\"https:\/\/www.suno.com.br\/artigos\/boletim-focus\/\" rel=\"noopener\">Boletim Focus<\/a> mais recente, a <strong>proje\u00e7\u00e3o do d\u00f3lar<\/strong> \u00e9 de R$ 4,93 ao fim deste ano, levemente abaixo do patamar atual.<\/p>\n\n\n\n<p>A proje\u00e7\u00e3o \u00e9 praticamente igual a estimativa do <strong>d\u00f3lar em 2024<\/strong> de quatro semanas atr\u00e1s, que era de R$ 4,92.<\/p>\n\n\n\n<p>J\u00e1 a estimativa do mercado para o <strong>d\u00f3lar<\/strong> em 2025 segue de R$ 5, sendo a mesma h\u00e1 seis semanas.<\/p>\n\n\n\t<p>\n\t\t<a href=\"https:\/\/lp.suno.com.br\/planilha-da-vida-financeira\/\" target=\"_blank\" data-element=\"shortcode-suno-banner\" title=\"Banner SUNO, clique e saiba mais\">\n\t\t\t<picture>\n\t\t\t\t<source media=\"(max-width: 500px)\" srcset=\"https:\/\/files.sunoresearch.com.br\/n\/uploads\/2023\/04\/400x300-Planilha-vida-financeira-true.png\">\n\t\t\t\t<img class=\"newsContent__article__imgCapa newsContent__article__imgCapa--banner\"\n\t\t\t\t\tsrc=\"https:\/\/files.sunoresearch.com.br\/n\/uploads\/2023\/04\/1420x240-Planilha-vida-financeira-true.png\"\n\t\t\t\t\tdata-promo-id=\"383123\"\t\t\t\t\t\t\t\t\t\twidth='1420' height='240'\t\t\t\t\talt=\"https:\/\/files.sunoresearch.com.br\/n\/uploads\/2023\/04\/1420x240-Planilha-vida-financeira-true.png\"\n\t\t\t\t>\n\t\t\t<\/picture>\n\t\t<\/a>\n\t<\/p>\n\n\n","protected":false},"excerpt":{"rendered":"<p>Desde outubro do ano passado, em meio \u00e0s elei\u00e7\u00f5es, o d\u00f3lar tem apresentando retra\u00e7\u00f5es sucessivas, saindo de R$ 5,16 para ficar levemente abaixo de R$ 5 nas \u00faltimas semanas. Nesse contexto, o mercado discute hip\u00f3teses de uma estabilidade da cota\u00e7\u00e3o do d\u00f3lar ou uma eleva\u00e7\u00e3o da cota\u00e7\u00e3o da moeda &#8211; eventualmente, uma &#8216;subida de elevador&#8217;, [&hellip;]<\/p>\n","protected":false},"author":73,"featured_media":415019,"comment_status":"closed","ping_status":"closed","sticky":false,"template":"","format":"standard","meta":[],"categories":[60],"tags":[1853,326,105815],"suno_strategy":[],"class_list":["post-525662","post","type-post","status-publish","format-standard","has-post-thumbnail","hentry","category-mercado","tag-cambio","tag-dolar","tag-especial"],"yoast_head":"<!-- This site is optimized with the Yoast SEO plugin v24.4 - https:\/\/yoast.com\/wordpress\/plugins\/seo\/ -->\n<title>D\u00f3lar vai &#039;subir de elevador&#039;? Veja perspectivas para o c\u00e2mbio<\/title>\n<meta name=\"description\" content=\"Conforme dados do Boletim Focus mais recente, a proje\u00e7\u00e3o do d\u00f3lar \u00e9 de R$ 4,93 ao fim deste ano, levemente abaixo do patamar atual\" \/>\n<meta name=\"robots\" content=\"index, follow, max-snippet:-1, max-image-preview:large, max-video-preview:-1\" \/>\n<link rel=\"canonical\" href=\"https:\/\/www.suno.com.br\/noticias\/dolar-vai-subir-de-elevador-2024-evm\/\" \/>\n<meta property=\"og:locale\" content=\"pt_BR\" \/>\n<meta property=\"og:type\" content=\"article\" \/>\n<meta property=\"og:title\" content=\"D\u00f3lar vai &#039;subir de elevador&#039;? Veja perspectivas para o c\u00e2mbio\" \/>\n<meta property=\"og:description\" content=\"Conforme dados do Boletim Focus mais recente, a proje\u00e7\u00e3o do d\u00f3lar \u00e9 de R$ 4,93 ao fim deste ano, levemente abaixo do patamar atual\" \/>\n<meta property=\"og:url\" content=\"https:\/\/www.suno.com.br\/noticias\/dolar-vai-subir-de-elevador-2024-evm\/\" \/>\n<meta property=\"og:site_name\" content=\"Suno Not\u00edcias\" \/>\n<meta property=\"article:publisher\" content=\"https:\/\/facebook.com\/sunoresearch\" \/>\n<meta property=\"og:image\" content=\"https:\/\/files.sunoresearch.com.br\/n\/uploads\/2023\/06\/dolar.jpg\" \/>\n\t<meta property=\"og:image:width\" content=\"1280\" \/>\n\t<meta property=\"og:image:height\" content=\"960\" \/>\n\t<meta property=\"og:image:type\" content=\"image\/jpeg\" \/>\n<meta name=\"author\" content=\"Eduardo Vargas\" \/>\n<meta name=\"twitter:card\" content=\"summary_large_image\" \/>\n<meta name=\"twitter:creator\" content=\"@sunoresearch\" \/>\n<meta name=\"twitter:site\" content=\"@sunoresearch\" \/>\n<meta name=\"twitter:label1\" content=\"Escrito por\" \/>\n\t<meta name=\"twitter:data1\" content=\"Eduardo Vargas\" \/>\n\t<meta name=\"twitter:label2\" content=\"Est. tempo de leitura\" \/>\n\t<meta name=\"twitter:data2\" content=\"4 minutos\" \/>\n<script type=\"application\/ld+json\" class=\"yoast-schema-graph\">{\"@context\":\"https:\/\/schema.org\",\"@graph\":[{\"@type\":\"NewsArticle\",\"@id\":\"https:\/\/www.suno.com.br\/noticias\/dolar-vai-subir-de-elevador-2024-evm\/#article\",\"isPartOf\":{\"@id\":\"https:\/\/www.suno.com.br\/noticias\/dolar-vai-subir-de-elevador-2024-evm\/\"},\"author\":{\"name\":\"Eduardo Vargas\",\"@id\":\"https:\/\/www.suno.com.br\/noticias\/#\/schema\/person\/7f4d362bf3518e76090143ae77bb49a5\"},\"headline\":\"D\u00f3lar vai &#8216;subir de elevador&#8217;? Veja perspectivas para o c\u00e2mbio\",\"datePublished\":\"2024-02-22T16:17:35+00:00\",\"dateModified\":\"2024-02-22T16:39:12+00:00\",\"mainEntityOfPage\":{\"@id\":\"https:\/\/www.suno.com.br\/noticias\/dolar-vai-subir-de-elevador-2024-evm\/\"},\"wordCount\":683,\"publisher\":{\"@id\":\"https:\/\/www.suno.com.br\/noticias\/#organization\"},\"image\":{\"@id\":\"https:\/\/www.suno.com.br\/noticias\/dolar-vai-subir-de-elevador-2024-evm\/#primaryimage\"},\"thumbnailUrl\":\"https:\/\/files.sunoresearch.com.br\/n\/uploads\/2023\/06\/dolar.jpg\",\"keywords\":[\"c\u00e2mbio\",\"d\u00f3lar\",\"Especiais\"],\"articleSection\":[\"Mercado\"],\"inLanguage\":\"pt-BR\"},{\"@type\":\"WebPage\",\"@id\":\"https:\/\/www.suno.com.br\/noticias\/dolar-vai-subir-de-elevador-2024-evm\/\",\"url\":\"https:\/\/www.suno.com.br\/noticias\/dolar-vai-subir-de-elevador-2024-evm\/\",\"name\":\"D\u00f3lar vai 'subir de elevador'? Veja perspectivas para o c\u00e2mbio\",\"isPartOf\":{\"@id\":\"https:\/\/www.suno.com.br\/noticias\/#website\"},\"primaryImageOfPage\":{\"@id\":\"https:\/\/www.suno.com.br\/noticias\/dolar-vai-subir-de-elevador-2024-evm\/#primaryimage\"},\"image\":{\"@id\":\"https:\/\/www.suno.com.br\/noticias\/dolar-vai-subir-de-elevador-2024-evm\/#primaryimage\"},\"thumbnailUrl\":\"https:\/\/files.sunoresearch.com.br\/n\/uploads\/2023\/06\/dolar.jpg\",\"datePublished\":\"2024-02-22T16:17:35+00:00\",\"dateModified\":\"2024-02-22T16:39:12+00:00\",\"description\":\"Conforme dados do Boletim Focus mais recente, a proje\u00e7\u00e3o do d\u00f3lar \u00e9 de R$ 4,93 ao fim deste ano, levemente abaixo do patamar atual\",\"breadcrumb\":{\"@id\":\"https:\/\/www.suno.com.br\/noticias\/dolar-vai-subir-de-elevador-2024-evm\/#breadcrumb\"},\"inLanguage\":\"pt-BR\",\"potentialAction\":[{\"@type\":\"ReadAction\",\"target\":[\"https:\/\/www.suno.com.br\/noticias\/dolar-vai-subir-de-elevador-2024-evm\/\"]}]},{\"@type\":\"ImageObject\",\"inLanguage\":\"pt-BR\",\"@id\":\"https:\/\/www.suno.com.br\/noticias\/dolar-vai-subir-de-elevador-2024-evm\/#primaryimage\",\"url\":\"https:\/\/files.sunoresearch.com.br\/n\/uploads\/2023\/06\/dolar.jpg\",\"contentUrl\":\"https:\/\/files.sunoresearch.com.br\/n\/uploads\/2023\/06\/dolar.jpg\",\"width\":1280,\"height\":960,\"caption\":\"D\u00f3lar - Foto: Pixabay\"},{\"@type\":\"BreadcrumbList\",\"@id\":\"https:\/\/www.suno.com.br\/noticias\/dolar-vai-subir-de-elevador-2024-evm\/#breadcrumb\",\"itemListElement\":[{\"@type\":\"ListItem\",\"position\":1,\"name\":\"Not\u00edcias\",\"item\":\"https:\/\/www.suno.com.br\/noticias\/\"},{\"@type\":\"ListItem\",\"position\":2,\"name\":\"Mercado\",\"item\":\"https:\/\/www.suno.com.br\/noticias\/mercado\/\"},{\"@type\":\"ListItem\",\"position\":3,\"name\":\"D\u00f3lar vai &#8216;subir de elevador&#8217;? Veja perspectivas para o c\u00e2mbio\"}]},{\"@type\":\"WebSite\",\"@id\":\"https:\/\/www.suno.com.br\/noticias\/#website\",\"url\":\"https:\/\/www.suno.com.br\/noticias\/\",\"name\":\"Suno Not\u00edcias\",\"description\":\"Seu portal de informa\u00e7\u00e3o sobre o mundo dos investimentos\",\"publisher\":{\"@id\":\"https:\/\/www.suno.com.br\/noticias\/#organization\"},\"potentialAction\":[{\"@type\":\"SearchAction\",\"target\":{\"@type\":\"EntryPoint\",\"urlTemplate\":\"https:\/\/www.suno.com.br\/noticias\/?s={search_term_string}\"},\"query-input\":{\"@type\":\"PropertyValueSpecification\",\"valueRequired\":true,\"valueName\":\"search_term_string\"}}],\"inLanguage\":\"pt-BR\"},{\"@type\":\"Organization\",\"@id\":\"https:\/\/www.suno.com.br\/noticias\/#organization\",\"name\":\"Suno Not\u00edcias\",\"url\":\"https:\/\/www.suno.com.br\/noticias\/\",\"logo\":{\"@type\":\"ImageObject\",\"inLanguage\":\"pt-BR\",\"@id\":\"https:\/\/www.suno.com.br\/noticias\/#\/schema\/logo\/image\/\",\"url\":\"https:\/\/files.sunoresearch.com.br\/n\/uploads\/2021\/09\/suno-logo.png\",\"contentUrl\":\"https:\/\/files.sunoresearch.com.br\/n\/uploads\/2021\/09\/suno-logo.png\",\"width\":180,\"height\":180,\"caption\":\"Suno Not\u00edcias\"},\"image\":{\"@id\":\"https:\/\/www.suno.com.br\/noticias\/#\/schema\/logo\/image\/\"},\"sameAs\":[\"https:\/\/facebook.com\/sunoresearch\",\"https:\/\/x.com\/sunoresearch\",\"https:\/\/www.instagram.com\/suno\",\"https:\/\/www.linkedin.com\/company\/suno-research\/\",\"https:\/\/www.youtube.com\/c\/sunoresearch\"]},{\"@type\":\"Person\",\"@id\":\"https:\/\/www.suno.com.br\/noticias\/#\/schema\/person\/7f4d362bf3518e76090143ae77bb49a5\",\"name\":\"Eduardo Vargas\",\"image\":{\"@type\":\"ImageObject\",\"inLanguage\":\"pt-BR\",\"@id\":\"https:\/\/www.suno.com.br\/noticias\/#\/schema\/person\/image\/\",\"url\":\"https:\/\/secure.gravatar.com\/avatar\/dac340933427a22924c9f99d1eb2e3f2?s=96&r=g\",\"contentUrl\":\"https:\/\/secure.gravatar.com\/avatar\/dac340933427a22924c9f99d1eb2e3f2?s=96&r=g\",\"caption\":\"Eduardo Vargas\"},\"description\":\"Jornalista formado pela UFSC, cobre macroeconomia, neg\u00f3cios e startups para o Suno Not\u00edcias, escrevendo principalmente not\u00edcias sobre o mercado financeiro e a bolsa de valores. No YouTube e no Instagram, \u00e9 respons\u00e1vel pela produ\u00e7\u00e3o de Reels e Shorts do Suno Not\u00edcias. Anteriormente, trabalhou cobrindo economia e cotidiano no ND+ e para o ND, maior jornal impresso de Santa Catarina. Cursou um semestre letivo de Estudos de M\u00eddia na Universidad de Buenos Aires.\",\"url\":\"https:\/\/www.suno.com.br\/noticias\/author\/eduardo-vargas\/\"}]}<\/script>\n<!-- \/ Yoast SEO plugin. -->","yoast_head_json":{"title":"D\u00f3lar vai 'subir de elevador'? Veja perspectivas para o c\u00e2mbio","description":"Conforme dados do Boletim Focus mais recente, a proje\u00e7\u00e3o do d\u00f3lar \u00e9 de R$ 4,93 ao fim deste ano, levemente abaixo do patamar atual","robots":{"index":"index","follow":"follow","max-snippet":"max-snippet:-1","max-image-preview":"max-image-preview:large","max-video-preview":"max-video-preview:-1"},"canonical":"https:\/\/www.suno.com.br\/noticias\/dolar-vai-subir-de-elevador-2024-evm\/","og_locale":"pt_BR","og_type":"article","og_title":"D\u00f3lar vai 'subir de elevador'? Veja perspectivas para o c\u00e2mbio","og_description":"Conforme dados do Boletim Focus mais recente, a proje\u00e7\u00e3o do d\u00f3lar \u00e9 de R$ 4,93 ao fim deste ano, levemente abaixo do patamar atual","og_url":"https:\/\/www.suno.com.br\/noticias\/dolar-vai-subir-de-elevador-2024-evm\/","og_site_name":"Suno Not\u00edcias","article_publisher":"https:\/\/facebook.com\/sunoresearch","og_image":[{"width":1280,"height":960,"url":"https:\/\/files.sunoresearch.com.br\/n\/uploads\/2023\/06\/dolar.jpg","type":"image\/jpeg"}],"author":"Eduardo Vargas","twitter_card":"summary_large_image","twitter_creator":"@sunoresearch","twitter_site":"@sunoresearch","twitter_misc":{"Escrito por":"Eduardo Vargas","Est. tempo de leitura":"4 minutos"},"schema":{"@context":"https:\/\/schema.org","@graph":[{"@type":"NewsArticle","@id":"https:\/\/www.suno.com.br\/noticias\/dolar-vai-subir-de-elevador-2024-evm\/#article","isPartOf":{"@id":"https:\/\/www.suno.com.br\/noticias\/dolar-vai-subir-de-elevador-2024-evm\/"},"author":{"name":"Eduardo Vargas","@id":"https:\/\/www.suno.com.br\/noticias\/#\/schema\/person\/7f4d362bf3518e76090143ae77bb49a5"},"headline":"D\u00f3lar vai &#8216;subir de elevador&#8217;? Veja perspectivas para o c\u00e2mbio","datePublished":"2024-02-22T16:17:35+00:00","dateModified":"2024-02-22T16:39:12+00:00","mainEntityOfPage":{"@id":"https:\/\/www.suno.com.br\/noticias\/dolar-vai-subir-de-elevador-2024-evm\/"},"wordCount":683,"publisher":{"@id":"https:\/\/www.suno.com.br\/noticias\/#organization"},"image":{"@id":"https:\/\/www.suno.com.br\/noticias\/dolar-vai-subir-de-elevador-2024-evm\/#primaryimage"},"thumbnailUrl":"https:\/\/files.sunoresearch.com.br\/n\/uploads\/2023\/06\/dolar.jpg","keywords":["c\u00e2mbio","d\u00f3lar","Especiais"],"articleSection":["Mercado"],"inLanguage":"pt-BR"},{"@type":"WebPage","@id":"https:\/\/www.suno.com.br\/noticias\/dolar-vai-subir-de-elevador-2024-evm\/","url":"https:\/\/www.suno.com.br\/noticias\/dolar-vai-subir-de-elevador-2024-evm\/","name":"D\u00f3lar vai 'subir de elevador'? Veja perspectivas para o c\u00e2mbio","isPartOf":{"@id":"https:\/\/www.suno.com.br\/noticias\/#website"},"primaryImageOfPage":{"@id":"https:\/\/www.suno.com.br\/noticias\/dolar-vai-subir-de-elevador-2024-evm\/#primaryimage"},"image":{"@id":"https:\/\/www.suno.com.br\/noticias\/dolar-vai-subir-de-elevador-2024-evm\/#primaryimage"},"thumbnailUrl":"https:\/\/files.sunoresearch.com.br\/n\/uploads\/2023\/06\/dolar.jpg","datePublished":"2024-02-22T16:17:35+00:00","dateModified":"2024-02-22T16:39:12+00:00","description":"Conforme dados do Boletim Focus mais recente, a proje\u00e7\u00e3o do d\u00f3lar \u00e9 de R$ 4,93 ao fim deste ano, levemente abaixo do patamar atual","breadcrumb":{"@id":"https:\/\/www.suno.com.br\/noticias\/dolar-vai-subir-de-elevador-2024-evm\/#breadcrumb"},"inLanguage":"pt-BR","potentialAction":[{"@type":"ReadAction","target":["https:\/\/www.suno.com.br\/noticias\/dolar-vai-subir-de-elevador-2024-evm\/"]}]},{"@type":"ImageObject","inLanguage":"pt-BR","@id":"https:\/\/www.suno.com.br\/noticias\/dolar-vai-subir-de-elevador-2024-evm\/#primaryimage","url":"https:\/\/files.sunoresearch.com.br\/n\/uploads\/2023\/06\/dolar.jpg","contentUrl":"https:\/\/files.sunoresearch.com.br\/n\/uploads\/2023\/06\/dolar.jpg","width":1280,"height":960,"caption":"D\u00f3lar - Foto: Pixabay"},{"@type":"BreadcrumbList","@id":"https:\/\/www.suno.com.br\/noticias\/dolar-vai-subir-de-elevador-2024-evm\/#breadcrumb","itemListElement":[{"@type":"ListItem","position":1,"name":"Not\u00edcias","item":"https:\/\/www.suno.com.br\/noticias\/"},{"@type":"ListItem","position":2,"name":"Mercado","item":"https:\/\/www.suno.com.br\/noticias\/mercado\/"},{"@type":"ListItem","position":3,"name":"D\u00f3lar vai &#8216;subir de elevador&#8217;? Veja perspectivas para o c\u00e2mbio"}]},{"@type":"WebSite","@id":"https:\/\/www.suno.com.br\/noticias\/#website","url":"https:\/\/www.suno.com.br\/noticias\/","name":"Suno Not\u00edcias","description":"Seu portal de informa\u00e7\u00e3o sobre o mundo dos investimentos","publisher":{"@id":"https:\/\/www.suno.com.br\/noticias\/#organization"},"potentialAction":[{"@type":"SearchAction","target":{"@type":"EntryPoint","urlTemplate":"https:\/\/www.suno.com.br\/noticias\/?s={search_term_string}"},"query-input":{"@type":"PropertyValueSpecification","valueRequired":true,"valueName":"search_term_string"}}],"inLanguage":"pt-BR"},{"@type":"Organization","@id":"https:\/\/www.suno.com.br\/noticias\/#organization","name":"Suno Not\u00edcias","url":"https:\/\/www.suno.com.br\/noticias\/","logo":{"@type":"ImageObject","inLanguage":"pt-BR","@id":"https:\/\/www.suno.com.br\/noticias\/#\/schema\/logo\/image\/","url":"https:\/\/files.sunoresearch.com.br\/n\/uploads\/2021\/09\/suno-logo.png","contentUrl":"https:\/\/files.sunoresearch.com.br\/n\/uploads\/2021\/09\/suno-logo.png","width":180,"height":180,"caption":"Suno Not\u00edcias"},"image":{"@id":"https:\/\/www.suno.com.br\/noticias\/#\/schema\/logo\/image\/"},"sameAs":["https:\/\/facebook.com\/sunoresearch","https:\/\/x.com\/sunoresearch","https:\/\/www.instagram.com\/suno","https:\/\/www.linkedin.com\/company\/suno-research\/","https:\/\/www.youtube.com\/c\/sunoresearch"]},{"@type":"Person","@id":"https:\/\/www.suno.com.br\/noticias\/#\/schema\/person\/7f4d362bf3518e76090143ae77bb49a5","name":"Eduardo Vargas","image":{"@type":"ImageObject","inLanguage":"pt-BR","@id":"https:\/\/www.suno.com.br\/noticias\/#\/schema\/person\/image\/","url":"https:\/\/secure.gravatar.com\/avatar\/dac340933427a22924c9f99d1eb2e3f2?s=96&r=g","contentUrl":"https:\/\/secure.gravatar.com\/avatar\/dac340933427a22924c9f99d1eb2e3f2?s=96&r=g","caption":"Eduardo Vargas"},"description":"Jornalista formado pela UFSC, cobre macroeconomia, neg\u00f3cios e startups para o Suno Not\u00edcias, escrevendo principalmente not\u00edcias sobre o mercado financeiro e a bolsa de valores. No YouTube e no Instagram, \u00e9 respons\u00e1vel pela produ\u00e7\u00e3o de Reels e Shorts do Suno Not\u00edcias. Anteriormente, trabalhou cobrindo economia e cotidiano no ND+ e para o ND, maior jornal impresso de Santa Catarina. Cursou um semestre letivo de Estudos de M\u00eddia na Universidad de Buenos Aires.","url":"https:\/\/www.suno.com.br\/noticias\/author\/eduardo-vargas\/"}]}},"default_loop_html":"<div class=\"cardsPage__listCard__boxs\"><div class=\"cardsPage__listCard__boxs__img\"><a href=\"https:\/\/www.suno.com.br\/noticias\/dolar-vai-subir-de-elevador-2024-evm\/\"><img class=\"mask\" src=\"https:\/\/www.suno.com.br\/noticias\/wp-content\/themes\/suno\/resources\/images\/spotlight\/spotlight1img\/bg-mask.png\" alt=\"Image Mask\"\/><img src=\"https:\/\/files.sunoresearch.com.br\/n\/uploads\/2023\/06\/dolar-400x200.jpg\" alt=\"D\u00f3lar vai &#8216;subir de elevador&#8217;? Veja perspectivas para o c\u00e2mbio\"\/><\/a><span class=\"spotlightCategory\"><a href=\"https:\/\/www.suno.com.br\/noticias\/mercado\/\">Mercado<\/a><\/span><\/div><div class=\"cardsPage__listCard__boxs__content\"><a href=\"https:\/\/www.suno.com.br\/noticias\/dolar-vai-subir-de-elevador-2024-evm\/\"><h2 class=\"content__title\">D\u00f3lar vai &#8216;subir de elevador&#8217;? Veja perspectivas para o c\u00e2mbio<\/h2><\/a><div class=\"newsContent__article__meta\"><div class=\"newsContent__article__meta__authorBox\"><a href=\"https:\/\/www.suno.com.br\/noticias\/author\/giovanni-porfiriosuno-com-br\/\" class=\"authorBox__avatar noMobi\"><img src=\"https:\/\/files.sunoresearch.com.br\/n\/uploads\/2024\/05\/DSCF4115-1-1-150x150.webp\" alt=\"Giovanni Porf\u00edrio Jacomino\"><\/a><div class=\"authorBox__name\"><span>por\n\t\t\t<a href=\"https:\/\/www.suno.com.br\/noticias\/author\/giovanni-porfiriosuno-com-br\/\"><span itemprop=\"author\">Giovanni Porf\u00edrio Jacomino<\/span><\/a><\/span><time datetime=\"2024-02-22T13:17:35-03:00\" itemprop=\"datePublished\">22\/02\/2024 13:17<\/time><\/div><\/div><\/div><\/div><\/div>","single_layout":"posts","amp_enabled":true,"_links":{"self":[{"href":"https:\/\/www.suno.com.br\/noticias\/wp-json\/wp\/v2\/posts\/525662"}],"collection":[{"href":"https:\/\/www.suno.com.br\/noticias\/wp-json\/wp\/v2\/posts"}],"about":[{"href":"https:\/\/www.suno.com.br\/noticias\/wp-json\/wp\/v2\/types\/post"}],"author":[{"embeddable":true,"href":"https:\/\/www.suno.com.br\/noticias\/wp-json\/wp\/v2\/users\/73"}],"replies":[{"embeddable":true,"href":"https:\/\/www.suno.com.br\/noticias\/wp-json\/wp\/v2\/comments?post=525662"}],"version-history":[{"count":2,"href":"https:\/\/www.suno.com.br\/noticias\/wp-json\/wp\/v2\/posts\/525662\/revisions"}],"predecessor-version":[{"id":525697,"href":"https:\/\/www.suno.com.br\/noticias\/wp-json\/wp\/v2\/posts\/525662\/revisions\/525697"}],"wp:featuredmedia":[{"embeddable":true,"href":"https:\/\/www.suno.com.br\/noticias\/wp-json\/wp\/v2\/media\/415019"}],"wp:attachment":[{"href":"https:\/\/www.suno.com.br\/noticias\/wp-json\/wp\/v2\/media?parent=525662"}],"wp:term":[{"taxonomy":"category","embeddable":true,"href":"https:\/\/www.suno.com.br\/noticias\/wp-json\/wp\/v2\/categories?post=525662"},{"taxonomy":"post_tag","embeddable":true,"href":"https:\/\/www.suno.com.br\/noticias\/wp-json\/wp\/v2\/tags?post=525662"},{"taxonomy":"suno_strategy","embeddable":true,"href":"https:\/\/www.suno.com.br\/noticias\/wp-json\/wp\/v2\/suno_strategy?post=525662"}],"curies":[{"name":"wp","href":"https:\/\/api.w.org\/{rel}","templated":true}]}}