{"id":525496,"date":"2024-02-22T09:19:31","date_gmt":"2024-02-22T12:19:31","guid":{"rendered":"https:\/\/www.suno.com.br\/noticias\/?p=525496"},"modified":"2024-02-22T09:22:09","modified_gmt":"2024-02-22T12:22:09","slug":"haddad-reducao-juros-brasil-exterior-gpj","status":"publish","type":"post","link":"https:\/\/www.suno.com.br\/noticias\/haddad-reducao-juros-brasil-exterior-gpj\/","title":{"rendered":"Haddad: redu\u00e7\u00e3o de juros no Brasil vai depender dos ventos que soprar\u00e3o de fora"},"content":{"rendered":"<p>O ministro da Fazenda, Fernando <strong>Haddad<\/strong>, afirmou nesta quarta-feira (21) que a continuidade da redu\u00e7\u00e3o da <a href=\"https:\/\/www.suno.com.br\/artigos\/juros\/\">taxa de juros<\/a> vai depender tamb\u00e9m de fatores externos, para al\u00e9m das medidas de <a href=\"https:\/\/www.suno.com.br\/artigos\/politica-fiscal\/\">pol\u00edtica fiscal<\/a>. &#8220;N\u00e3o \u00e9 que haja uma depend\u00eancia, mas negar a import\u00e2ncia da taxa de juros dos Estados Unidos seria leviano da minha parte&#8221;, disse o ministro, em entrevista \u00e0 jornalista Miriam Leit\u00e3o, da GloboNews.<\/p>\t<div class=\"wrapper-featured-image\">\n\t\t<figure class=\"spotlightImg\">\n\n\t\t\t<picture>\n\t\t\t\t<source media=\"(max-width: 768px)\" srcset=\"https:\/\/files.sunoresearch.com.br\/n\/uploads\/2023\/06\/haddad-programa-desenrola-brasil-400x200.jpg\">\n\t\t\t\t<img loading=\"lazy\" decoding=\"async\" class=\"newsContent__article__imgCapa lazyloadDisabled \" src=\"https:\/\/files.sunoresearch.com.br\/n\/uploads\/2023\/06\/haddad-programa-desenrola-brasil-800x450.jpg\" width=\"800\" height=\"450\" alt=\"Haddad: redu\u00e7\u00e3o de juros no Brasil vai depender dos ventos que soprar\u00e3o de fora\" fetchpriority=high \/>\n\t\t\t<\/picture>\n\n\t\t\t<figcaption class=\"wp-caption-text wp-caption-text--show\">Foto: Diogo Zacarias\/Minist\u00e9rio da Fazenda<\/figcaption>\n\t\t<\/figure>\n\t<\/div>\n\n\n\n\n\n\n\n\t<p>\n\t\t<a href=\"\" target=\"_blank\" data-element=\"shortcode-suno-banner\" title=\"Banner SUNO, clique e saiba mais\">\n\t\t\t<picture>\n\t\t\t\t<source media=\"(max-width: 500px)\" srcset=\"\">\n\t\t\t\t<img class=\"newsContent__article__imgCapa newsContent__article__imgCapa--banner\"\n\t\t\t\t\tsrc=\"\"\n\t\t\t\t\tdata-promo-id=\"240038\"\t\t\t\t\t\t\t\t\t\t\t\t\t\t\talt=\"\"\n\t\t\t\t>\n\t\t\t<\/picture>\n\t\t<\/a>\n\t<\/p>\n\n\n\n\n\n<p>Haddad avalia que o Brasil poder\u00e1 se beneficiar de um ciclo de crescimento sustent\u00e1vel mais longo, a depender do ritmo de queda de juros nos pa\u00edses desenvolvidos. O ministro acredita que as taxas come\u00e7ar\u00e3o a cair nas maiores economias ainda no primeiro semestre.<\/p>\n\n\n\n<p>Na mesma entrevista, Haddad afirmou que as perspectivas para o crescimento do Brasil ser\u00e3o melhores a partir do segundo semestre do ano, porque os primeiros seis meses ainda est\u00e3o sob efeito de uma <strong>taxa de juros real<\/strong> mais elevada. Haddad disse acreditar que o Pa\u00eds terminar\u00e1 o ano crescendo mais de 2%, mesmo que tenha um primeiro semestre n\u00e3o t\u00e3o forte.<\/p>\n\n\n\n<p>O cr\u00e9dito ser\u00e1 uma alavanca importante para o crescimento, segundo o ministro, que reiterou que se preocupa com a safra de soja e a situa\u00e7\u00e3o do agroneg\u00f3cio, principalmente por causa de efeitos clim\u00e1ticos.<\/p>\n\n\n\n<p>O <strong>ministro da Fazenda<\/strong> afirmou, ainda, que a arrecada\u00e7\u00e3o de tributos em janeiro veio em linha com o projetado no Or\u00e7amento, j\u00e1 descontado o efeito extraordin\u00e1rio de medidas aprovadas no fim do ano passado, como a taxa\u00e7\u00e3o de <a href=\"https:\/\/www.suno.com.br\/artigos\/fundos-exclusivos\/\">fundos exclusivos<\/a> e off-shore. Os n\u00fameros ser\u00e3o divulgados nesta quinta-feira (22), pela <strong>Receita Federal<\/strong>.<\/p>\n\n\n\n<p>Haddad destacou que o governo segue em busca de equilibrar as contas p\u00fablicas e que, al\u00e9m do incremento de receitas, tamb\u00e9m vai atuar para a conten\u00e7\u00e3o de despesas. Um exemplo \u00e9 o pente-fino do Bolsa Fam\u00edlia e o pacote de revis\u00e3o de gastos que o <strong>Minist\u00e9rio do Planejamento<\/strong> apresentar\u00e1 em breve ao presidente Luiz In\u00e1cio Lula da Silva.<\/p>\n\n\n\n\t<div data-element=\"shortcode-read-more\" class=\"readToo\">\n\t\t\t\t<span class=\"readToo__title\">Leia mais<\/span>\n\t\t\t\t<ul class=\"readToo__list\">\n\t\t\t<li><a href=\"https:\/\/www.suno.com.br\/noticias\/ipca-previsao-inflacao-boletim-focus-banco-central-quinta-gpj\/\">IPCA: previs\u00e3o para infla\u00e7\u00e3o volta a cair; veja proje\u00e7\u00f5es do Boletim Focus desta semana<\/a><\/li><li><a href=\"https:\/\/www.suno.com.br\/noticias\/ministerio-da-fazenda-reestruturacao-o-que-muda-evm\/\">Minist\u00e9rio da Fazenda passa por reestrutura\u00e7\u00e3o; veja o que muda<\/a><\/li><li><a href=\"https:\/\/www.suno.com.br\/noticias\/ata-fomc-inflacao-acima-meta-riscos-diminuiram-gss\/\">Ata do Fomc indica infla\u00e7\u00e3o elevada, apesar de riscos altistas terem diminu\u00eddo<\/a><\/li>\t\t<\/ul>\n\t<\/div>\n\n\n\n\n<h2 class=\"wp-block-heading\">Anunciaremos hedge cambial na semana que vem, diz Haddad<\/h2>\n\n\n\n<p>Haddad afirmou na entrevista que o novo hedge cambial, adequado \u00e0 legisla\u00e7\u00e3o brasileira, ser\u00e1 anunciado na semana que vem. Ele reiterou que o instrumento ajuda a mitigar a <a href=\"https:\/\/www.suno.com.br\/artigos\/variacao-cambial\/\">varia\u00e7\u00e3o cambial<\/a> e n\u00e3o tem nenhuma rela\u00e7\u00e3o com interven\u00e7\u00e3o no c\u00e2mbio.<\/p>\n\n\n\n<p>&#8220;Vai ser bem vista a ideia de que n\u00f3s vamos alongar o horizonte para que o investidor visualize o cen\u00e1rio da taxa de c\u00e2mbio e tenha seguran\u00e7a em investir no Brasil&#8221;, disse o ministro em entrevista \u00e0 jornalista Miriam Leit\u00e3o, da GloboNews. O projeto do novo hedge conta com o apoio do Banco Interamericano de Desenvolvimento (<strong>BID<\/strong>), segundo Haddad.<\/p>\n\n\n\t<p>\n\t\t<a href=\"https:\/\/lp.suno.com.br\/ebook-gratuito-investindo-no-exterior\/\" target=\"_blank\" data-element=\"shortcode-suno-banner\" title=\"Banner SUNO, clique e saiba mais\">\n\t\t\t<picture>\n\t\t\t\t<source media=\"(max-width: 500px)\" srcset=\"https:\/\/files.sunoresearch.com.br\/n\/uploads\/2023\/03\/400x300-Investindo-no-exterior.png\">\n\t\t\t\t<img class=\"newsContent__article__imgCapa newsContent__article__imgCapa--banner\"\n\t\t\t\t\tsrc=\"https:\/\/files.sunoresearch.com.br\/n\/uploads\/2023\/03\/1420x240-Investindo-no-exterior.png\"\n\t\t\t\t\tdata-promo-id=\"383161\"\t\t\t\t\t\t\t\t\t\twidth='1420' height='240'\t\t\t\t\talt=\"https:\/\/files.sunoresearch.com.br\/n\/uploads\/2023\/03\/1420x240-Investindo-no-exterior.png\"\n\t\t\t\t>\n\t\t\t<\/picture>\n\t\t<\/a>\n\t<\/p>\n\n\n\n\n\n<h2 class=\"wp-block-heading\">Brasil levar\u00e1 teses in\u00e9ditas ao G20 na \u00e1rea financeira, diz Haddad<\/h2>\n\n\n\n<p>O ministro da Fazenda afirmou que o Brasil est\u00e1 honrado de presidir o G20 e que o Pa\u00eds levar\u00e1 teses in\u00e9ditas ao grupo na \u00e1rea financeira, como a tributa\u00e7\u00e3o internacional da renda. <\/p>\n\n\n\n<p>Haddad citou como exemplo a falta de discuss\u00e3o sobre o imposto sobre a heran\u00e7a, que poderia corrigir um problema que ocorre em todo o mundo, com milion\u00e1rios levando suas fortunas para pa\u00edses que n\u00e3o tributem a transmiss\u00e3o dos bens. O Brasil vai propor uma regulamenta\u00e7\u00e3o para o tema.<\/p>\n\n\n\n<p>Questionado sobre um balan\u00e7o do seu primeiro ano como ministro da Fazenda, Haddad disse que \u00e9 dif\u00edcil estar sempre feliz na posi\u00e7\u00e3o, mas que a avalia\u00e7\u00e3o \u00e9 positiva.<\/p>\n\n\n\n<p>O ministro tamb\u00e9m destacou o projeto de transforma\u00e7\u00e3o ecol\u00f3gica capitaneado pela Fazenda como um dos programas para se observar no m\u00e9dio e longo prazos. <strong>Haddad<\/strong> disse que o projeto dialoga com outras a\u00e7\u00f5es do governo, como a neoindustrializa\u00e7\u00e3o, e com a <a href=\"https:\/\/www.suno.com.br\/artigos\/reforma-tributaria\/\">reforma tribut\u00e1ria<\/a> do consumo, aprovada no ano passado e que ser\u00e1 regulamentada neste ano.<\/p>\n\n\n\n<p><em>*Com informa\u00e7\u00f5es de Estad\u00e3o Conte\u00fado<\/em><\/p>\n\n\n\t<p>\n\t\t<a href=\"https:\/\/lp.suno.com.br\/planilha-da-vida-financeira\/\" target=\"_blank\" data-element=\"shortcode-suno-banner\" title=\"Banner SUNO, clique e saiba mais\">\n\t\t\t<picture>\n\t\t\t\t<source media=\"(max-width: 500px)\" srcset=\"https:\/\/files.sunoresearch.com.br\/n\/uploads\/2023\/04\/400x300-Planilha-vida-financeira-true.png\">\n\t\t\t\t<img class=\"newsContent__article__imgCapa newsContent__article__imgCapa--banner\"\n\t\t\t\t\tsrc=\"https:\/\/files.sunoresearch.com.br\/n\/uploads\/2023\/04\/1420x240-Planilha-vida-financeira-true.png\"\n\t\t\t\t\tdata-promo-id=\"383123\"\t\t\t\t\t\t\t\t\t\twidth='1420' height='240'\t\t\t\t\talt=\"https:\/\/files.sunoresearch.com.br\/n\/uploads\/2023\/04\/1420x240-Planilha-vida-financeira-true.png\"\n\t\t\t\t>\n\t\t\t<\/picture>\n\t\t<\/a>\n\t<\/p>\n\n\n","protected":false},"excerpt":{"rendered":"<p>O ministro da Fazenda, Fernando Haddad, afirmou nesta quarta-feira (21) que a continuidade da redu\u00e7\u00e3o da taxa de juros vai depender tamb\u00e9m de fatores externos, para al\u00e9m das medidas de pol\u00edtica fiscal. &#8220;N\u00e3o \u00e9 que haja uma depend\u00eancia, mas negar a import\u00e2ncia da taxa de juros dos Estados Unidos seria leviano da minha parte&#8221;, disse [&hellip;]<\/p>\n","protected":false},"author":313,"featured_media":413518,"comment_status":"closed","ping_status":"closed","sticky":false,"template":"","format":"standard","meta":[],"categories":[64],"tags":[740,716,1752,290],"suno_strategy":[],"class_list":["post-525496","post","type-post","status-publish","format-standard","has-post-thumbnail","hentry","category-negocios","tag-economia","tag-fernando-haddad","tag-taxa-de-juros","tag-taxa-selic"],"yoast_head":"<!-- This site is optimized with the Yoast SEO plugin v24.4 - https:\/\/yoast.com\/wordpress\/plugins\/seo\/ -->\n<title>Haddad: redu\u00e7\u00e3o de juros no Brasil vai depender de fora<\/title>\n<meta name=\"description\" content=\"Haddad afirmou que as perspectivas para o crescimento do Brasil ser\u00e3o melhores a partir do segundo semestre do ano.\" \/>\n<meta name=\"robots\" content=\"index, follow, max-snippet:-1, max-image-preview:large, max-video-preview:-1\" \/>\n<link rel=\"canonical\" href=\"https:\/\/www.suno.com.br\/noticias\/haddad-reducao-juros-brasil-exterior-gpj\/\" \/>\n<meta property=\"og:locale\" content=\"pt_BR\" \/>\n<meta property=\"og:type\" content=\"article\" \/>\n<meta property=\"og:title\" content=\"Haddad: redu\u00e7\u00e3o de juros no Brasil vai depender de fora\" \/>\n<meta property=\"og:description\" content=\"Haddad afirmou que as perspectivas para o crescimento do Brasil ser\u00e3o melhores a partir do segundo semestre do ano.\" \/>\n<meta property=\"og:url\" content=\"https:\/\/www.suno.com.br\/noticias\/haddad-reducao-juros-brasil-exterior-gpj\/\" \/>\n<meta property=\"og:site_name\" content=\"Suno Not\u00edcias\" \/>\n<meta property=\"article:publisher\" content=\"https:\/\/facebook.com\/sunoresearch\" \/>\n<meta property=\"og:image\" content=\"https:\/\/files.sunoresearch.com.br\/n\/uploads\/2023\/06\/haddad-programa-desenrola-brasil.jpg\" \/>\n\t<meta property=\"og:image:width\" content=\"1200\" \/>\n\t<meta property=\"og:image:height\" content=\"800\" \/>\n\t<meta property=\"og:image:type\" content=\"image\/jpeg\" \/>\n<meta name=\"author\" content=\"Giovanni Porf\u00edrio Jacomino\" \/>\n<meta name=\"twitter:card\" content=\"summary_large_image\" \/>\n<meta name=\"twitter:creator\" content=\"@sunoresearch\" \/>\n<meta name=\"twitter:site\" content=\"@sunoresearch\" \/>\n<meta name=\"twitter:label1\" content=\"Escrito por\" \/>\n\t<meta name=\"twitter:data1\" content=\"Giovanni Porf\u00edrio Jacomino\" \/>\n\t<meta name=\"twitter:label2\" content=\"Est. tempo de leitura\" \/>\n\t<meta name=\"twitter:data2\" content=\"4 minutos\" \/>\n<script type=\"application\/ld+json\" class=\"yoast-schema-graph\">{\"@context\":\"https:\/\/schema.org\",\"@graph\":[{\"@type\":\"NewsArticle\",\"@id\":\"https:\/\/www.suno.com.br\/noticias\/haddad-reducao-juros-brasil-exterior-gpj\/#article\",\"isPartOf\":{\"@id\":\"https:\/\/www.suno.com.br\/noticias\/haddad-reducao-juros-brasil-exterior-gpj\/\"},\"author\":{\"name\":\"Giovanni Porf\u00edrio Jacomino\",\"@id\":\"https:\/\/www.suno.com.br\/noticias\/#\/schema\/person\/d0f32748bbca4bee871fa191ee4e2d40\"},\"headline\":\"Haddad: redu\u00e7\u00e3o de juros no Brasil vai depender dos ventos que soprar\u00e3o de fora\",\"datePublished\":\"2024-02-22T12:19:31+00:00\",\"dateModified\":\"2024-02-22T12:22:09+00:00\",\"mainEntityOfPage\":{\"@id\":\"https:\/\/www.suno.com.br\/noticias\/haddad-reducao-juros-brasil-exterior-gpj\/\"},\"wordCount\":684,\"publisher\":{\"@id\":\"https:\/\/www.suno.com.br\/noticias\/#organization\"},\"image\":{\"@id\":\"https:\/\/www.suno.com.br\/noticias\/haddad-reducao-juros-brasil-exterior-gpj\/#primaryimage\"},\"thumbnailUrl\":\"https:\/\/files.sunoresearch.com.br\/n\/uploads\/2023\/06\/haddad-programa-desenrola-brasil.jpg\",\"keywords\":[\"Economia\",\"Fernando Haddad\",\"taxa de juros\",\"Taxa Selic\"],\"articleSection\":[\"Neg\u00f3cios\"],\"inLanguage\":\"pt-BR\"},{\"@type\":\"WebPage\",\"@id\":\"https:\/\/www.suno.com.br\/noticias\/haddad-reducao-juros-brasil-exterior-gpj\/\",\"url\":\"https:\/\/www.suno.com.br\/noticias\/haddad-reducao-juros-brasil-exterior-gpj\/\",\"name\":\"Haddad: redu\u00e7\u00e3o de juros no Brasil vai depender de fora\",\"isPartOf\":{\"@id\":\"https:\/\/www.suno.com.br\/noticias\/#website\"},\"primaryImageOfPage\":{\"@id\":\"https:\/\/www.suno.com.br\/noticias\/haddad-reducao-juros-brasil-exterior-gpj\/#primaryimage\"},\"image\":{\"@id\":\"https:\/\/www.suno.com.br\/noticias\/haddad-reducao-juros-brasil-exterior-gpj\/#primaryimage\"},\"thumbnailUrl\":\"https:\/\/files.sunoresearch.com.br\/n\/uploads\/2023\/06\/haddad-programa-desenrola-brasil.jpg\",\"datePublished\":\"2024-02-22T12:19:31+00:00\",\"dateModified\":\"2024-02-22T12:22:09+00:00\",\"description\":\"Haddad afirmou que as perspectivas para o crescimento do Brasil ser\u00e3o melhores a partir do segundo semestre do ano.\",\"breadcrumb\":{\"@id\":\"https:\/\/www.suno.com.br\/noticias\/haddad-reducao-juros-brasil-exterior-gpj\/#breadcrumb\"},\"inLanguage\":\"pt-BR\",\"potentialAction\":[{\"@type\":\"ReadAction\",\"target\":[\"https:\/\/www.suno.com.br\/noticias\/haddad-reducao-juros-brasil-exterior-gpj\/\"]}]},{\"@type\":\"ImageObject\",\"inLanguage\":\"pt-BR\",\"@id\":\"https:\/\/www.suno.com.br\/noticias\/haddad-reducao-juros-brasil-exterior-gpj\/#primaryimage\",\"url\":\"https:\/\/files.sunoresearch.com.br\/n\/uploads\/2023\/06\/haddad-programa-desenrola-brasil.jpg\",\"contentUrl\":\"https:\/\/files.sunoresearch.com.br\/n\/uploads\/2023\/06\/haddad-programa-desenrola-brasil.jpg\",\"width\":1200,\"height\":800,\"caption\":\"Foto: Diogo Zacarias\/Minist\u00e9rio da Fazenda\"},{\"@type\":\"BreadcrumbList\",\"@id\":\"https:\/\/www.suno.com.br\/noticias\/haddad-reducao-juros-brasil-exterior-gpj\/#breadcrumb\",\"itemListElement\":[{\"@type\":\"ListItem\",\"position\":1,\"name\":\"Not\u00edcias\",\"item\":\"https:\/\/www.suno.com.br\/noticias\/\"},{\"@type\":\"ListItem\",\"position\":2,\"name\":\"Neg\u00f3cios\",\"item\":\"https:\/\/www.suno.com.br\/noticias\/negocios\/\"},{\"@type\":\"ListItem\",\"position\":3,\"name\":\"Haddad: redu\u00e7\u00e3o de juros no Brasil vai depender dos ventos que soprar\u00e3o de fora\"}]},{\"@type\":\"WebSite\",\"@id\":\"https:\/\/www.suno.com.br\/noticias\/#website\",\"url\":\"https:\/\/www.suno.com.br\/noticias\/\",\"name\":\"Suno Not\u00edcias\",\"description\":\"Seu portal de informa\u00e7\u00e3o sobre o mundo dos investimentos\",\"publisher\":{\"@id\":\"https:\/\/www.suno.com.br\/noticias\/#organization\"},\"potentialAction\":[{\"@type\":\"SearchAction\",\"target\":{\"@type\":\"EntryPoint\",\"urlTemplate\":\"https:\/\/www.suno.com.br\/noticias\/?s={search_term_string}\"},\"query-input\":{\"@type\":\"PropertyValueSpecification\",\"valueRequired\":true,\"valueName\":\"search_term_string\"}}],\"inLanguage\":\"pt-BR\"},{\"@type\":\"Organization\",\"@id\":\"https:\/\/www.suno.com.br\/noticias\/#organization\",\"name\":\"Suno Not\u00edcias\",\"url\":\"https:\/\/www.suno.com.br\/noticias\/\",\"logo\":{\"@type\":\"ImageObject\",\"inLanguage\":\"pt-BR\",\"@id\":\"https:\/\/www.suno.com.br\/noticias\/#\/schema\/logo\/image\/\",\"url\":\"https:\/\/files.sunoresearch.com.br\/n\/uploads\/2021\/09\/suno-logo.png\",\"contentUrl\":\"https:\/\/files.sunoresearch.com.br\/n\/uploads\/2021\/09\/suno-logo.png\",\"width\":180,\"height\":180,\"caption\":\"Suno Not\u00edcias\"},\"image\":{\"@id\":\"https:\/\/www.suno.com.br\/noticias\/#\/schema\/logo\/image\/\"},\"sameAs\":[\"https:\/\/facebook.com\/sunoresearch\",\"https:\/\/x.com\/sunoresearch\",\"https:\/\/www.instagram.com\/suno\",\"https:\/\/www.linkedin.com\/company\/suno-research\/\",\"https:\/\/www.youtube.com\/c\/sunoresearch\"]},{\"@type\":\"Person\",\"@id\":\"https:\/\/www.suno.com.br\/noticias\/#\/schema\/person\/d0f32748bbca4bee871fa191ee4e2d40\",\"name\":\"Giovanni Porf\u00edrio Jacomino\",\"image\":{\"@type\":\"ImageObject\",\"inLanguage\":\"pt-BR\",\"@id\":\"https:\/\/www.suno.com.br\/noticias\/#\/schema\/person\/image\/\",\"url\":\"https:\/\/secure.gravatar.com\/avatar\/efb32e19b730a121cb7a80f41ffec01a?s=96&r=g\",\"contentUrl\":\"https:\/\/secure.gravatar.com\/avatar\/efb32e19b730a121cb7a80f41ffec01a?s=96&r=g\",\"caption\":\"Giovanni Porf\u00edrio Jacomino\"},\"description\":\"Giovanni Porf\u00edrio Jacomino \u00e9 jornalista formado pela Universidade Estadual de Londrina (UEL) e p\u00f3s-graduado em Produ\u00e7\u00e3o e Pr\u00e1ticas Jornal\u00edsticas na Contemporaneidade na Faculdade C\u00e1sper L\u00edbero (FCL). Foi editor web no Startupi e no Finsiders, atuando ainda como editor no TC Mover, portal de not\u00edcias da TradersClub, fazendo a cobertura de assuntos relacionados ao mercado financeiro interno e externo. Atualmente, \u00e9 Rep\u00f3rter do Suno Not\u00edcias.\",\"url\":\"https:\/\/www.suno.com.br\/noticias\/author\/giovanni-porfiriosuno-com-br\/\"}]}<\/script>\n<!-- \/ Yoast SEO plugin. -->","yoast_head_json":{"title":"Haddad: redu\u00e7\u00e3o de juros no Brasil vai depender de fora","description":"Haddad afirmou que as perspectivas para o crescimento do Brasil ser\u00e3o melhores a partir do segundo semestre do ano.","robots":{"index":"index","follow":"follow","max-snippet":"max-snippet:-1","max-image-preview":"max-image-preview:large","max-video-preview":"max-video-preview:-1"},"canonical":"https:\/\/www.suno.com.br\/noticias\/haddad-reducao-juros-brasil-exterior-gpj\/","og_locale":"pt_BR","og_type":"article","og_title":"Haddad: redu\u00e7\u00e3o de juros no Brasil vai depender de fora","og_description":"Haddad afirmou que as perspectivas para o crescimento do Brasil ser\u00e3o melhores a partir do segundo semestre do ano.","og_url":"https:\/\/www.suno.com.br\/noticias\/haddad-reducao-juros-brasil-exterior-gpj\/","og_site_name":"Suno Not\u00edcias","article_publisher":"https:\/\/facebook.com\/sunoresearch","og_image":[{"width":1200,"height":800,"url":"https:\/\/files.sunoresearch.com.br\/n\/uploads\/2023\/06\/haddad-programa-desenrola-brasil.jpg","type":"image\/jpeg"}],"author":"Giovanni Porf\u00edrio Jacomino","twitter_card":"summary_large_image","twitter_creator":"@sunoresearch","twitter_site":"@sunoresearch","twitter_misc":{"Escrito por":"Giovanni Porf\u00edrio Jacomino","Est. tempo de leitura":"4 minutos"},"schema":{"@context":"https:\/\/schema.org","@graph":[{"@type":"NewsArticle","@id":"https:\/\/www.suno.com.br\/noticias\/haddad-reducao-juros-brasil-exterior-gpj\/#article","isPartOf":{"@id":"https:\/\/www.suno.com.br\/noticias\/haddad-reducao-juros-brasil-exterior-gpj\/"},"author":{"name":"Giovanni Porf\u00edrio Jacomino","@id":"https:\/\/www.suno.com.br\/noticias\/#\/schema\/person\/d0f32748bbca4bee871fa191ee4e2d40"},"headline":"Haddad: redu\u00e7\u00e3o de juros no Brasil vai depender dos ventos que soprar\u00e3o de fora","datePublished":"2024-02-22T12:19:31+00:00","dateModified":"2024-02-22T12:22:09+00:00","mainEntityOfPage":{"@id":"https:\/\/www.suno.com.br\/noticias\/haddad-reducao-juros-brasil-exterior-gpj\/"},"wordCount":684,"publisher":{"@id":"https:\/\/www.suno.com.br\/noticias\/#organization"},"image":{"@id":"https:\/\/www.suno.com.br\/noticias\/haddad-reducao-juros-brasil-exterior-gpj\/#primaryimage"},"thumbnailUrl":"https:\/\/files.sunoresearch.com.br\/n\/uploads\/2023\/06\/haddad-programa-desenrola-brasil.jpg","keywords":["Economia","Fernando Haddad","taxa de juros","Taxa Selic"],"articleSection":["Neg\u00f3cios"],"inLanguage":"pt-BR"},{"@type":"WebPage","@id":"https:\/\/www.suno.com.br\/noticias\/haddad-reducao-juros-brasil-exterior-gpj\/","url":"https:\/\/www.suno.com.br\/noticias\/haddad-reducao-juros-brasil-exterior-gpj\/","name":"Haddad: redu\u00e7\u00e3o de juros no Brasil vai depender de fora","isPartOf":{"@id":"https:\/\/www.suno.com.br\/noticias\/#website"},"primaryImageOfPage":{"@id":"https:\/\/www.suno.com.br\/noticias\/haddad-reducao-juros-brasil-exterior-gpj\/#primaryimage"},"image":{"@id":"https:\/\/www.suno.com.br\/noticias\/haddad-reducao-juros-brasil-exterior-gpj\/#primaryimage"},"thumbnailUrl":"https:\/\/files.sunoresearch.com.br\/n\/uploads\/2023\/06\/haddad-programa-desenrola-brasil.jpg","datePublished":"2024-02-22T12:19:31+00:00","dateModified":"2024-02-22T12:22:09+00:00","description":"Haddad afirmou que as perspectivas para o crescimento do Brasil ser\u00e3o melhores a partir do segundo semestre do ano.","breadcrumb":{"@id":"https:\/\/www.suno.com.br\/noticias\/haddad-reducao-juros-brasil-exterior-gpj\/#breadcrumb"},"inLanguage":"pt-BR","potentialAction":[{"@type":"ReadAction","target":["https:\/\/www.suno.com.br\/noticias\/haddad-reducao-juros-brasil-exterior-gpj\/"]}]},{"@type":"ImageObject","inLanguage":"pt-BR","@id":"https:\/\/www.suno.com.br\/noticias\/haddad-reducao-juros-brasil-exterior-gpj\/#primaryimage","url":"https:\/\/files.sunoresearch.com.br\/n\/uploads\/2023\/06\/haddad-programa-desenrola-brasil.jpg","contentUrl":"https:\/\/files.sunoresearch.com.br\/n\/uploads\/2023\/06\/haddad-programa-desenrola-brasil.jpg","width":1200,"height":800,"caption":"Foto: Diogo Zacarias\/Minist\u00e9rio da Fazenda"},{"@type":"BreadcrumbList","@id":"https:\/\/www.suno.com.br\/noticias\/haddad-reducao-juros-brasil-exterior-gpj\/#breadcrumb","itemListElement":[{"@type":"ListItem","position":1,"name":"Not\u00edcias","item":"https:\/\/www.suno.com.br\/noticias\/"},{"@type":"ListItem","position":2,"name":"Neg\u00f3cios","item":"https:\/\/www.suno.com.br\/noticias\/negocios\/"},{"@type":"ListItem","position":3,"name":"Haddad: redu\u00e7\u00e3o de juros no Brasil vai depender dos ventos que soprar\u00e3o de fora"}]},{"@type":"WebSite","@id":"https:\/\/www.suno.com.br\/noticias\/#website","url":"https:\/\/www.suno.com.br\/noticias\/","name":"Suno Not\u00edcias","description":"Seu portal de informa\u00e7\u00e3o sobre o mundo dos investimentos","publisher":{"@id":"https:\/\/www.suno.com.br\/noticias\/#organization"},"potentialAction":[{"@type":"SearchAction","target":{"@type":"EntryPoint","urlTemplate":"https:\/\/www.suno.com.br\/noticias\/?s={search_term_string}"},"query-input":{"@type":"PropertyValueSpecification","valueRequired":true,"valueName":"search_term_string"}}],"inLanguage":"pt-BR"},{"@type":"Organization","@id":"https:\/\/www.suno.com.br\/noticias\/#organization","name":"Suno Not\u00edcias","url":"https:\/\/www.suno.com.br\/noticias\/","logo":{"@type":"ImageObject","inLanguage":"pt-BR","@id":"https:\/\/www.suno.com.br\/noticias\/#\/schema\/logo\/image\/","url":"https:\/\/files.sunoresearch.com.br\/n\/uploads\/2021\/09\/suno-logo.png","contentUrl":"https:\/\/files.sunoresearch.com.br\/n\/uploads\/2021\/09\/suno-logo.png","width":180,"height":180,"caption":"Suno Not\u00edcias"},"image":{"@id":"https:\/\/www.suno.com.br\/noticias\/#\/schema\/logo\/image\/"},"sameAs":["https:\/\/facebook.com\/sunoresearch","https:\/\/x.com\/sunoresearch","https:\/\/www.instagram.com\/suno","https:\/\/www.linkedin.com\/company\/suno-research\/","https:\/\/www.youtube.com\/c\/sunoresearch"]},{"@type":"Person","@id":"https:\/\/www.suno.com.br\/noticias\/#\/schema\/person\/d0f32748bbca4bee871fa191ee4e2d40","name":"Giovanni Porf\u00edrio Jacomino","image":{"@type":"ImageObject","inLanguage":"pt-BR","@id":"https:\/\/www.suno.com.br\/noticias\/#\/schema\/person\/image\/","url":"https:\/\/secure.gravatar.com\/avatar\/efb32e19b730a121cb7a80f41ffec01a?s=96&r=g","contentUrl":"https:\/\/secure.gravatar.com\/avatar\/efb32e19b730a121cb7a80f41ffec01a?s=96&r=g","caption":"Giovanni Porf\u00edrio Jacomino"},"description":"Giovanni Porf\u00edrio Jacomino \u00e9 jornalista formado pela Universidade Estadual de Londrina (UEL) e p\u00f3s-graduado em Produ\u00e7\u00e3o e Pr\u00e1ticas Jornal\u00edsticas na Contemporaneidade na Faculdade C\u00e1sper L\u00edbero (FCL). Foi editor web no Startupi e no Finsiders, atuando ainda como editor no TC Mover, portal de not\u00edcias da TradersClub, fazendo a cobertura de assuntos relacionados ao mercado financeiro interno e externo. Atualmente, \u00e9 Rep\u00f3rter do Suno Not\u00edcias.","url":"https:\/\/www.suno.com.br\/noticias\/author\/giovanni-porfiriosuno-com-br\/"}]}},"default_loop_html":"<div class=\"cardsPage__listCard__boxs\"><div class=\"cardsPage__listCard__boxs__img\"><a href=\"https:\/\/www.suno.com.br\/noticias\/haddad-reducao-juros-brasil-exterior-gpj\/\"><img class=\"mask\" src=\"https:\/\/www.suno.com.br\/noticias\/wp-content\/themes\/suno\/resources\/images\/spotlight\/spotlight1img\/bg-mask.png\" alt=\"Image Mask\"\/><img src=\"https:\/\/files.sunoresearch.com.br\/n\/uploads\/2023\/06\/haddad-programa-desenrola-brasil-400x200.jpg\" alt=\"Haddad: redu\u00e7\u00e3o de juros no Brasil vai depender dos ventos que soprar\u00e3o de fora\"\/><\/a><span class=\"spotlightCategory\"><a href=\"https:\/\/www.suno.com.br\/noticias\/negocios\/\">Neg\u00f3cios<\/a><\/span><\/div><div class=\"cardsPage__listCard__boxs__content\"><a href=\"https:\/\/www.suno.com.br\/noticias\/haddad-reducao-juros-brasil-exterior-gpj\/\"><h2 class=\"content__title\">Haddad: redu\u00e7\u00e3o de juros no Brasil vai depender dos ventos que soprar\u00e3o de fora<\/h2><\/a><div class=\"newsContent__article__meta\"><div class=\"newsContent__article__meta__authorBox\"><a href=\"https:\/\/www.suno.com.br\/noticias\/author\/redacao-suno\/\" class=\"authorBox__avatar noMobi\"><img src=\"https:\/\/files.sunoresearch.com.br\/n\/uploads\/2020\/08\/0ace682d-redacao-1-150x150.webp\" alt=\"Reda\u00e7\u00e3o Suno Not\u00edcias\"><\/a><div class=\"authorBox__name\"><span>por\n\t\t\t<a href=\"https:\/\/www.suno.com.br\/noticias\/author\/redacao-suno\/\"><span itemprop=\"author\">Reda\u00e7\u00e3o Suno Not\u00edcias<\/span><\/a><\/span><time datetime=\"2024-02-22T09:19:31-03:00\" itemprop=\"datePublished\">22\/02\/2024 09:19<\/time><\/div><\/div><\/div><\/div><\/div>","single_layout":"posts","amp_enabled":true,"_links":{"self":[{"href":"https:\/\/www.suno.com.br\/noticias\/wp-json\/wp\/v2\/posts\/525496"}],"collection":[{"href":"https:\/\/www.suno.com.br\/noticias\/wp-json\/wp\/v2\/posts"}],"about":[{"href":"https:\/\/www.suno.com.br\/noticias\/wp-json\/wp\/v2\/types\/post"}],"author":[{"embeddable":true,"href":"https:\/\/www.suno.com.br\/noticias\/wp-json\/wp\/v2\/users\/313"}],"replies":[{"embeddable":true,"href":"https:\/\/www.suno.com.br\/noticias\/wp-json\/wp\/v2\/comments?post=525496"}],"version-history":[{"count":3,"href":"https:\/\/www.suno.com.br\/noticias\/wp-json\/wp\/v2\/posts\/525496\/revisions"}],"predecessor-version":[{"id":525545,"href":"https:\/\/www.suno.com.br\/noticias\/wp-json\/wp\/v2\/posts\/525496\/revisions\/525545"}],"wp:featuredmedia":[{"embeddable":true,"href":"https:\/\/www.suno.com.br\/noticias\/wp-json\/wp\/v2\/media\/413518"}],"wp:attachment":[{"href":"https:\/\/www.suno.com.br\/noticias\/wp-json\/wp\/v2\/media?parent=525496"}],"wp:term":[{"taxonomy":"category","embeddable":true,"href":"https:\/\/www.suno.com.br\/noticias\/wp-json\/wp\/v2\/categories?post=525496"},{"taxonomy":"post_tag","embeddable":true,"href":"https:\/\/www.suno.com.br\/noticias\/wp-json\/wp\/v2\/tags?post=525496"},{"taxonomy":"suno_strategy","embeddable":true,"href":"https:\/\/www.suno.com.br\/noticias\/wp-json\/wp\/v2\/suno_strategy?post=525496"}],"curies":[{"name":"wp","href":"https:\/\/api.w.org\/{rel}","templated":true}]}}