{"id":525429,"date":"2024-02-21T22:32:33","date_gmt":"2024-02-22T01:32:33","guid":{"rendered":"https:\/\/www.suno.com.br\/noticias\/?p=525429"},"modified":"2024-02-21T22:32:36","modified_gmt":"2024-02-22T01:32:36","slug":"petrobras-petr4-cobranca-carf-dividendos-mm","status":"publish","type":"post","link":"https:\/\/www.suno.com.br\/noticias\/petrobras-petr4-cobranca-carf-dividendos-mm\/","title":{"rendered":"Petrobras (PETR4): cobran\u00e7a de R$ 9,1 bi do Carf pode afetar dividendos? Confira opini\u00e3o do BTG"},"content":{"rendered":"<p>A C\u00e2mara Superior do <a class=\"suno-keyword\" data-force=\"no\" data-priority=\"2\" href=\"https:\/\/www.suno.com.br\/artigos\/carf\/\" target=\"_blank\" rel=\"noopener\">Conselho Administrativo de Recursos Fiscais (Carf)<\/a> manteve duas autua\u00e7\u00f5es contra a<strong> Petrobras<\/strong> (PETR4) no valor total de R$ 9,1 bilh\u00f5es, referentes \u00e0 cobran\u00e7a de Contribui\u00e7\u00e3o de Interven\u00e7\u00e3o no Dom\u00ednio Econ\u00f4mico (Cide). Mesmo assim, os especialistas do <a class=\"suno-keyword\" data-force=\"yes\" data-priority=\"2\" href=\"https:\/\/www.suno.com.br\/acoes\/BPAC11\/\" target=\"_blank\" rel=\"noopener\">BTG Pactual (BPAC11)<\/a> consideram improv\u00e1vel que os <a class=\"suno-keyword\" data-force=\"no\" data-priority=\"1\" href=\"https:\/\/www.suno.com.br\/guias\/dividendos\/\" target=\"_blank\" rel=\"noopener\">dividendos<\/a> da companhia em 2024 e 2025 sejam afetados.<\/p>\t<div class=\"wrapper-featured-image\">\n\t\t<figure class=\"spotlightImg\">\n\n\t\t\t<picture>\n\t\t\t\t<source media=\"(max-width: 768px)\" srcset=\"https:\/\/files.sunoresearch.com.br\/n\/uploads\/2023\/02\/Petrobras.-Creditos-Divulgacao-1-400x200.jpg\">\n\t\t\t\t<img loading=\"lazy\" decoding=\"async\" class=\"newsContent__article__imgCapa lazyloadDisabled \" src=\"https:\/\/files.sunoresearch.com.br\/n\/uploads\/2023\/02\/Petrobras.-Creditos-Divulgacao-1-800x450.jpg\" width=\"800\" height=\"450\" alt=\"Petrobras (PETR4): cobran\u00e7a de R$ 9,1 bi do Carf pode afetar dividendos? Confira opini\u00e3o do BTG\" fetchpriority=high \/>\n\t\t\t<\/picture>\n\n\t\t\t<figcaption class=\"wp-caption-text wp-caption-text--show\">Petrobras (PETR4). Cr\u00e9ditos: Divulga\u00e7\u00e3o<\/figcaption>\n\t\t<\/figure>\n\t<\/div>\n\n\n\n\n\n\n\n\t<p>\n\t\t<a href=\"https:\/\/lp.suno.com.br\/planilha-da-vida-financeira\/\" target=\"_blank\" data-element=\"shortcode-suno-banner\" title=\"Banner SUNO, clique e saiba mais\">\n\t\t\t<picture>\n\t\t\t\t<source media=\"(max-width: 500px)\" srcset=\"https:\/\/files.sunoresearch.com.br\/n\/uploads\/2023\/04\/400x300-Planilha-vida-financeira-true.png\">\n\t\t\t\t<img class=\"newsContent__article__imgCapa newsContent__article__imgCapa--banner\"\n\t\t\t\t\tsrc=\"https:\/\/files.sunoresearch.com.br\/n\/uploads\/2023\/04\/1420x240-Planilha-vida-financeira-true.png\"\n\t\t\t\t\tdata-promo-id=\"106682\"\t\t\t\t\t\t\t\t\t\twidth='1420' height='240'\t\t\t\t\talt=\"https:\/\/files.sunoresearch.com.br\/n\/uploads\/2023\/04\/1420x240-Planilha-vida-financeira-true.png\"\n\t\t\t\t>\n\t\t\t<\/picture>\n\t\t<\/a>\n\t<\/p>\n\n\n\n\n\n<p>\u201cA decis\u00e3o impactou negativamente as <a class=\"suno-keyword\" data-force=\"no\" data-priority=\"1\" href=\"https:\/\/www.suno.com.br\/artigos\/acoes-preferenciais\/\" target=\"_blank\" rel=\"noopener\">a\u00e7\u00f5es preferenciais<\/a> e ordin\u00e1rias da Petrobras. Investidores agora questionam se essa determina\u00e7\u00e3o pode influenciar os <a class=\"suno-keyword\" data-force=\"no\" data-priority=\"1\" href=\"https:\/\/www.suno.com.br\/guias\/dividendos\/\" target=\"_blank\" rel=\"noopener\">dividendos<\/a> da empresa ou se decis\u00f5es semelhantes se tornar\u00e3o mais frequentes\u201d, escrevem os estrategistas em relat\u00f3rio.\u00a0<\/p>\n\n\n\n<p>Entretanto, para os analistas, as proje\u00e7\u00f5es de <strong>fluxo de caixa da Petrobras <\/strong>indicam uma probabilidade de aumento, com estimativas de yields \u2014<strong> <\/strong>retorno que um investidor recebe em rela\u00e7\u00e3o ao capital investido \u2014 de 15% e 12% para este e o pr\u00f3ximo ano, respectivamente, sustentadas pelo otimismo na capacidade da petroleira em reduzir investimentos e aumentar a produ\u00e7\u00e3o de petr\u00f3leo.&nbsp;<\/p>\n\n\n\n<p>A Petrobras desperta preocupa\u00e7\u00f5es a esses investidores sobre poss\u00edveis acordos para quitar as <a class=\"suno-keyword\" target=\"_blank\" data-force=\"no\" data-priority=\"1\" href=\"https:\/\/www.suno.com.br\/artigos\/obrigacoes-fiscais\/\" rel=\"noopener\">obriga\u00e7\u00f5es fiscais<\/a> com o governo federal, de acordo com a an\u00e1lise.&nbsp;<\/p>\n\n\n\n<p>Os encargos cobrados dizem respeito a desembolsos realizados no exterior para pagamentos de fretamento de navios, conforme o <strong>Carf<\/strong>. A Petrobras sustentou que apenas o segmento de presta\u00e7\u00e3o de servi\u00e7os deveria ser considerado na base de c\u00e1lculo da <strong>Cide<\/strong>, argumenta\u00e7\u00e3o n\u00e3o aceita pelo Carf.<\/p>\n\n\n\n<p>O BTG diz que a empresa mant\u00e9m sua posi\u00e7\u00e3o como a principal escolha no setor de Petr\u00f3leo e G\u00e1s (P&amp;G), mas destaca a necessidade de discernir duas discuss\u00f5es fundamentais. A Petrobras tem a op\u00e7\u00e3o de contestar judicialmente, podendo resultar em pagamentos parcelados sob garantia.&nbsp;<\/p>\n\n\n\n<p>A outra op\u00e7\u00e3o \u00e9 que a resolu\u00e7\u00e3o de disputas futuras deva depender da aprova\u00e7\u00e3o do conselho, incluindo ao menos um membro minorit\u00e1rio. A empresa enfrenta o desafio de concordar com acordos que preservem os interesses minorit\u00e1rios, segundo os analistas.<\/p>\n\n\n\t<p>\n\t\t<a href=\"https:\/\/lp.suno.com.br\/ebook-como-analisar-uma-acao\/\" target=\"_blank\" data-element=\"shortcode-suno-banner\" title=\"Banner SUNO, clique e saiba mais\">\n\t\t\t<picture>\n\t\t\t\t<source media=\"(max-width: 500px)\" srcset=\"https:\/\/files.sunoresearch.com.br\/n\/uploads\/2023\/03\/Ebook-Acoes-Mobile.jpg\">\n\t\t\t\t<img class=\"newsContent__article__imgCapa newsContent__article__imgCapa--banner\"\n\t\t\t\t\tsrc=\"https:\/\/files.sunoresearch.com.br\/n\/uploads\/2023\/03\/Ebook-Acoes-Desktop.jpg\"\n\t\t\t\t\tdata-promo-id=\"378302\"\t\t\t\t\t\t\t\t\t\twidth='1420' height='286'\t\t\t\t\talt=\"https:\/\/files.sunoresearch.com.br\/n\/uploads\/2023\/03\/Ebook-Acoes-Desktop.jpg\"\n\t\t\t\t>\n\t\t\t<\/picture>\n\t\t<\/a>\n\t<\/p>\n\n\n\n\n\n<h2 class=\"wp-block-heading\">Carf: entenda por que \u00f3rg\u00e3o cobra R$ 9,18 bi da Petrobras<\/h2>\n\n\n\n<p>O Carf manteve, nesta quarta-feira (20), duas <strong>exig\u00eancias de Cide contra a Petrobras<\/strong>, totalizando R$ 9,18 bilh\u00f5es. As autua\u00e7\u00f5es fiscais envolvem transfer\u00eancias de valores para o exterior relacionadas a pagamentos de aluguel de embarca\u00e7\u00f5es (modalidade de loca\u00e7\u00e3o).<\/p>\n\n\n\n<p>A Petrobras est\u00e1 envolvida em pelo menos mais nove contesta\u00e7\u00f5es fiscais similares no Carf e no Judici\u00e1rio. O montante total desses casos \u00e9 de R$ 45,4 bilh\u00f5es, conforme indicado pela empresa em documento enviado \u00e0 <a class=\"suno-keyword\" target=\"_blank\" data-force=\"no\" data-priority=\"2\" href=\"https:\/\/www.suno.com.br\/artigos\/cvm\/\" rel=\"noopener\">Comiss\u00e3o de Valores Mobili\u00e1rios (CVM)<\/a>.<\/p>\n\n\n\n<p>No Carf, as decis\u00f5es t\u00eam sido desfavor\u00e1veis \u00e0 Petrobras e a outras empresas do setor que questionam os contratos de loca\u00e7\u00e3o de embarca\u00e7\u00f5es. Na esfera judicial, a Petrobras relata uma vit\u00f3ria na 1\u00aa Vara Federal de <a class=\"suno-keyword\" target=\"_blank\" data-force=\"no\" data-priority=\"1\" href=\"https:\/\/www.suno.com.br\/artigos\/execucao-fiscal\/\" rel=\"noopener\">Execu\u00e7\u00e3o Fiscal<\/a> do Rio de Janeiro. A expectativa agora \u00e9 pelo julgamento do recurso apresentado pela procuradoria.<\/p>\n\n\n\n<p>O processo analisado recentemente pelo Carf estava suspenso desde outubro de 2023, devido a um pedido de vista. Os votos apresentados anteriormente foram confirmados, e as<strong> cobran\u00e7as de Cide<\/strong> foram validadas por cinco votos a tr\u00eas.<\/p>\n\n\n\n<p>Nas autua\u00e7\u00f5es fiscais contestadas pela Petrobras, a Receita Federal passou a exigir a Cide ao desconsiderar os contratos de loca\u00e7\u00e3o e entender que eles tratavam apenas de importa\u00e7\u00f5es de servi\u00e7os.<\/p>\n\n\n\n<p>Essa argumenta\u00e7\u00e3o n\u00e3o \u00e9 nova no setor. A Receita Federal autuou a Petrobras e outras empresas por discordar da forma de contrata\u00e7\u00e3o dos servi\u00e7os de explora\u00e7\u00e3o mar\u00edtima de petr\u00f3leo.&nbsp;<\/p>\n\n\n\n<p>Tradicionalmente, esses contratos eram divididos em dois: um para o aluguel (loca\u00e7\u00e3o) de embarca\u00e7\u00f5es e outro para a presta\u00e7\u00e3o de servi\u00e7os de perfura\u00e7\u00e3o, explora\u00e7\u00e3o e prospec\u00e7\u00e3o, geralmente firmado com uma subsidi\u00e1ria do fornecedor estrangeiro.<\/p>\n\n\n\n<p>Desde 2014, no entanto, a Lei n\u00ba 13.043 estabeleceu um percentual m\u00e1ximo para a aloca\u00e7\u00e3o de receitas em cada contrato. Al\u00e9m das autua\u00e7\u00f5es de PIS e Cofins pelo mesmo motivo, o julgamento recente tratou exclusivamente das cobran\u00e7as de Cide. Em um dos casos julgados, a Receita cobrava Cide referente ao ano de 2012, no valor de R$ 6,12 bilh\u00f5es.&nbsp;<\/p>\n\n\n\n<p>A C\u00e2mara Superior analisou o recurso da empresa e da Procuradoria-Geral da Fazenda Nacional (PGFN) porque, em 2018, a Segunda Turma da Quarta C\u00e2mara da Terceira Se\u00e7\u00e3o havia exclu\u00eddo o <a class=\"suno-keyword\" target=\"_blank\" data-force=\"no\" data-priority=\"2\" href=\"https:\/\/www.suno.com.br\/artigos\/irrf\/\" rel=\"noopener\">Imposto de Renda Retido na Fonte (IRRF)<\/a> da base de c\u00e1lculo da Cide. A PGFN recorreu dessa parte, e a <strong>Petrobras <\/strong>recorreu do m\u00e9rito.<\/p>\n\n\n\t<p>\n\t\t<a href=\"https:\/\/lp.suno.com.br\/planilha-da-vida-financeira\/\" target=\"_blank\" data-element=\"shortcode-suno-banner\" title=\"Banner SUNO, clique e saiba mais\">\n\t\t\t<picture>\n\t\t\t\t<source media=\"(max-width: 500px)\" srcset=\"https:\/\/files.sunoresearch.com.br\/n\/uploads\/2023\/04\/400x300-Planilha-vida-financeira-true.png\">\n\t\t\t\t<img class=\"newsContent__article__imgCapa newsContent__article__imgCapa--banner\"\n\t\t\t\t\tsrc=\"https:\/\/files.sunoresearch.com.br\/n\/uploads\/2023\/04\/1420x240-Planilha-vida-financeira-true.png\"\n\t\t\t\t\tdata-promo-id=\"383123\"\t\t\t\t\t\t\t\t\t\twidth='1420' height='240'\t\t\t\t\talt=\"https:\/\/files.sunoresearch.com.br\/n\/uploads\/2023\/04\/1420x240-Planilha-vida-financeira-true.png\"\n\t\t\t\t>\n\t\t\t<\/picture>\n\t\t<\/a>\n\t<\/p>\n\n\n","protected":false},"excerpt":{"rendered":"<p>A C\u00e2mara Superior do Conselho Administrativo de Recursos Fiscais (Carf) manteve duas autua\u00e7\u00f5es contra a Petrobras (PETR4) no valor total de R$ 9,1 bilh\u00f5es, referentes \u00e0 cobran\u00e7a de Contribui\u00e7\u00e3o de Interven\u00e7\u00e3o no Dom\u00ednio Econ\u00f4mico (Cide). Mesmo assim, os especialistas do BTG Pactual (BPAC11) consideram improv\u00e1vel que os dividendos da companhia em 2024 e 2025 sejam [&hellip;]<\/p>\n","protected":false},"author":345,"featured_media":367669,"comment_status":"closed","ping_status":"closed","sticky":false,"template":"","format":"standard","meta":[],"categories":[64],"tags":[],"suno_strategy":[],"class_list":["post-525429","post","type-post","status-publish","format-standard","has-post-thumbnail","hentry","category-negocios"],"yoast_head":"<!-- This site is optimized with the Yoast SEO plugin v24.4 - https:\/\/yoast.com\/wordpress\/plugins\/seo\/ -->\n<title>Petrobras (PETR4): cobran\u00e7a bilion\u00e1ria do Carf afetar\u00e1 dividendos?<\/title>\n<meta name=\"description\" content=\"Carf cobra R$ 9,1 bilh\u00f5es da Petrobras (PETR4); Confira, na vis\u00e3o do BTG Pactual, se isso pode impactar nos dividendos da petroleira.\" \/>\n<meta name=\"robots\" content=\"index, follow, max-snippet:-1, max-image-preview:large, max-video-preview:-1\" \/>\n<link rel=\"canonical\" href=\"https:\/\/www.suno.com.br\/noticias\/petrobras-petr4-cobranca-carf-dividendos-mm\/\" \/>\n<meta property=\"og:locale\" content=\"pt_BR\" \/>\n<meta property=\"og:type\" content=\"article\" \/>\n<meta property=\"og:title\" content=\"Petrobras (PETR4): cobran\u00e7a bilion\u00e1ria do Carf afetar\u00e1 dividendos?\" \/>\n<meta property=\"og:description\" content=\"Carf cobra R$ 9,1 bilh\u00f5es da Petrobras (PETR4); Confira, na vis\u00e3o do BTG Pactual, se isso pode impactar nos dividendos da petroleira.\" \/>\n<meta property=\"og:url\" content=\"https:\/\/www.suno.com.br\/noticias\/petrobras-petr4-cobranca-carf-dividendos-mm\/\" \/>\n<meta property=\"og:site_name\" content=\"Suno Not\u00edcias\" \/>\n<meta property=\"article:publisher\" content=\"https:\/\/facebook.com\/sunoresearch\" \/>\n<meta property=\"og:image\" content=\"https:\/\/files.sunoresearch.com.br\/n\/uploads\/2023\/02\/Petrobras.-Creditos-Divulgacao-1.jpg\" \/>\n\t<meta property=\"og:image:width\" content=\"1506\" \/>\n\t<meta property=\"og:image:height\" content=\"800\" \/>\n\t<meta property=\"og:image:type\" content=\"image\/jpeg\" \/>\n<meta name=\"author\" content=\"Murilo Melo\" \/>\n<meta name=\"twitter:card\" content=\"summary_large_image\" \/>\n<meta name=\"twitter:creator\" content=\"@sunoresearch\" \/>\n<meta name=\"twitter:site\" content=\"@sunoresearch\" \/>\n<meta name=\"twitter:label1\" content=\"Escrito por\" \/>\n\t<meta name=\"twitter:data1\" content=\"Murilo Melo\" \/>\n<script type=\"application\/ld+json\" class=\"yoast-schema-graph\">{\"@context\":\"https:\/\/schema.org\",\"@graph\":[{\"@type\":\"NewsArticle\",\"@id\":\"https:\/\/www.suno.com.br\/noticias\/petrobras-petr4-cobranca-carf-dividendos-mm\/#article\",\"isPartOf\":{\"@id\":\"https:\/\/www.suno.com.br\/noticias\/petrobras-petr4-cobranca-carf-dividendos-mm\/\"},\"author\":{\"name\":\"Murilo Melo\",\"@id\":\"https:\/\/www.suno.com.br\/noticias\/#\/schema\/person\/32d4feb215afe4b317d446bb442400dd\"},\"headline\":\"Petrobras (PETR4): cobran\u00e7a de R$ 9,1 bi do Carf pode afetar dividendos? Confira opini\u00e3o do BTG\",\"datePublished\":\"2024-02-22T01:32:33+00:00\",\"dateModified\":\"2024-02-22T01:32:36+00:00\",\"mainEntityOfPage\":{\"@id\":\"https:\/\/www.suno.com.br\/noticias\/petrobras-petr4-cobranca-carf-dividendos-mm\/\"},\"wordCount\":787,\"publisher\":{\"@id\":\"https:\/\/www.suno.com.br\/noticias\/#organization\"},\"image\":{\"@id\":\"https:\/\/www.suno.com.br\/noticias\/petrobras-petr4-cobranca-carf-dividendos-mm\/#primaryimage\"},\"thumbnailUrl\":\"https:\/\/files.sunoresearch.com.br\/n\/uploads\/2023\/02\/Petrobras.-Creditos-Divulgacao-1.jpg\",\"articleSection\":[\"Neg\u00f3cios\"],\"inLanguage\":\"pt-BR\"},{\"@type\":\"WebPage\",\"@id\":\"https:\/\/www.suno.com.br\/noticias\/petrobras-petr4-cobranca-carf-dividendos-mm\/\",\"url\":\"https:\/\/www.suno.com.br\/noticias\/petrobras-petr4-cobranca-carf-dividendos-mm\/\",\"name\":\"Petrobras (PETR4): cobran\u00e7a bilion\u00e1ria do Carf afetar\u00e1 dividendos?\",\"isPartOf\":{\"@id\":\"https:\/\/www.suno.com.br\/noticias\/#website\"},\"primaryImageOfPage\":{\"@id\":\"https:\/\/www.suno.com.br\/noticias\/petrobras-petr4-cobranca-carf-dividendos-mm\/#primaryimage\"},\"image\":{\"@id\":\"https:\/\/www.suno.com.br\/noticias\/petrobras-petr4-cobranca-carf-dividendos-mm\/#primaryimage\"},\"thumbnailUrl\":\"https:\/\/files.sunoresearch.com.br\/n\/uploads\/2023\/02\/Petrobras.-Creditos-Divulgacao-1.jpg\",\"datePublished\":\"2024-02-22T01:32:33+00:00\",\"dateModified\":\"2024-02-22T01:32:36+00:00\",\"description\":\"Carf cobra R$ 9,1 bilh\u00f5es da Petrobras (PETR4); Confira, na vis\u00e3o do BTG Pactual, se isso pode impactar nos dividendos da petroleira.\",\"breadcrumb\":{\"@id\":\"https:\/\/www.suno.com.br\/noticias\/petrobras-petr4-cobranca-carf-dividendos-mm\/#breadcrumb\"},\"inLanguage\":\"pt-BR\",\"potentialAction\":[{\"@type\":\"ReadAction\",\"target\":[\"https:\/\/www.suno.com.br\/noticias\/petrobras-petr4-cobranca-carf-dividendos-mm\/\"]}]},{\"@type\":\"ImageObject\",\"inLanguage\":\"pt-BR\",\"@id\":\"https:\/\/www.suno.com.br\/noticias\/petrobras-petr4-cobranca-carf-dividendos-mm\/#primaryimage\",\"url\":\"https:\/\/files.sunoresearch.com.br\/n\/uploads\/2023\/02\/Petrobras.-Creditos-Divulgacao-1.jpg\",\"contentUrl\":\"https:\/\/files.sunoresearch.com.br\/n\/uploads\/2023\/02\/Petrobras.-Creditos-Divulgacao-1.jpg\",\"width\":1506,\"height\":800,\"caption\":\"Petrobras (PETR4). Cr\u00e9ditos: Divulga\u00e7\u00e3o\"},{\"@type\":\"BreadcrumbList\",\"@id\":\"https:\/\/www.suno.com.br\/noticias\/petrobras-petr4-cobranca-carf-dividendos-mm\/#breadcrumb\",\"itemListElement\":[{\"@type\":\"ListItem\",\"position\":1,\"name\":\"Not\u00edcias\",\"item\":\"https:\/\/www.suno.com.br\/noticias\/\"},{\"@type\":\"ListItem\",\"position\":2,\"name\":\"Neg\u00f3cios\",\"item\":\"https:\/\/www.suno.com.br\/noticias\/negocios\/\"},{\"@type\":\"ListItem\",\"position\":3,\"name\":\"Petrobras (PETR4): cobran\u00e7a de R$ 9,1 bi do Carf pode afetar dividendos? Confira opini\u00e3o do BTG\"}]},{\"@type\":\"WebSite\",\"@id\":\"https:\/\/www.suno.com.br\/noticias\/#website\",\"url\":\"https:\/\/www.suno.com.br\/noticias\/\",\"name\":\"Suno Not\u00edcias\",\"description\":\"Seu portal de informa\u00e7\u00e3o sobre o mundo dos investimentos\",\"publisher\":{\"@id\":\"https:\/\/www.suno.com.br\/noticias\/#organization\"},\"potentialAction\":[{\"@type\":\"SearchAction\",\"target\":{\"@type\":\"EntryPoint\",\"urlTemplate\":\"https:\/\/www.suno.com.br\/noticias\/?s={search_term_string}\"},\"query-input\":{\"@type\":\"PropertyValueSpecification\",\"valueRequired\":true,\"valueName\":\"search_term_string\"}}],\"inLanguage\":\"pt-BR\"},{\"@type\":\"Organization\",\"@id\":\"https:\/\/www.suno.com.br\/noticias\/#organization\",\"name\":\"Suno Not\u00edcias\",\"url\":\"https:\/\/www.suno.com.br\/noticias\/\",\"logo\":{\"@type\":\"ImageObject\",\"inLanguage\":\"pt-BR\",\"@id\":\"https:\/\/www.suno.com.br\/noticias\/#\/schema\/logo\/image\/\",\"url\":\"https:\/\/files.sunoresearch.com.br\/n\/uploads\/2021\/09\/suno-logo.png\",\"contentUrl\":\"https:\/\/files.sunoresearch.com.br\/n\/uploads\/2021\/09\/suno-logo.png\",\"width\":180,\"height\":180,\"caption\":\"Suno Not\u00edcias\"},\"image\":{\"@id\":\"https:\/\/www.suno.com.br\/noticias\/#\/schema\/logo\/image\/\"},\"sameAs\":[\"https:\/\/facebook.com\/sunoresearch\",\"https:\/\/x.com\/sunoresearch\",\"https:\/\/www.instagram.com\/suno\",\"https:\/\/www.linkedin.com\/company\/suno-research\/\",\"https:\/\/www.youtube.com\/c\/sunoresearch\"]},{\"@type\":\"Person\",\"@id\":\"https:\/\/www.suno.com.br\/noticias\/#\/schema\/person\/32d4feb215afe4b317d446bb442400dd\",\"name\":\"Murilo Melo\",\"image\":{\"@type\":\"ImageObject\",\"inLanguage\":\"pt-BR\",\"@id\":\"https:\/\/www.suno.com.br\/noticias\/#\/schema\/person\/image\/\",\"url\":\"https:\/\/secure.gravatar.com\/avatar\/af7a693198b592028493c0e8b0583d4f?s=96&r=g\",\"contentUrl\":\"https:\/\/secure.gravatar.com\/avatar\/af7a693198b592028493c0e8b0583d4f?s=96&r=g\",\"caption\":\"Murilo Melo\"},\"description\":\"\u00c9 um jornalista e letr\u00f3logo com vasta experi\u00eancia em economia, finan\u00e7as e mercado. J\u00e1 foi rep\u00f3rter de jornais, revistas e sites noticiosos como A Tarde, Correio e Folha de S.Paulo. No Suno Not\u00edcias, escreve sobre neg\u00f3cios\",\"url\":\"https:\/\/www.suno.com.br\/noticias\/author\/murilomelo-jornalismogmail-com\/\"}]}<\/script>\n<!-- \/ Yoast SEO plugin. -->","yoast_head_json":{"title":"Petrobras (PETR4): cobran\u00e7a bilion\u00e1ria do Carf afetar\u00e1 dividendos?","description":"Carf cobra R$ 9,1 bilh\u00f5es da Petrobras (PETR4); Confira, na vis\u00e3o do BTG Pactual, se isso pode impactar nos dividendos da petroleira.","robots":{"index":"index","follow":"follow","max-snippet":"max-snippet:-1","max-image-preview":"max-image-preview:large","max-video-preview":"max-video-preview:-1"},"canonical":"https:\/\/www.suno.com.br\/noticias\/petrobras-petr4-cobranca-carf-dividendos-mm\/","og_locale":"pt_BR","og_type":"article","og_title":"Petrobras (PETR4): cobran\u00e7a bilion\u00e1ria do Carf afetar\u00e1 dividendos?","og_description":"Carf cobra R$ 9,1 bilh\u00f5es da Petrobras (PETR4); Confira, na vis\u00e3o do BTG Pactual, se isso pode impactar nos dividendos da petroleira.","og_url":"https:\/\/www.suno.com.br\/noticias\/petrobras-petr4-cobranca-carf-dividendos-mm\/","og_site_name":"Suno Not\u00edcias","article_publisher":"https:\/\/facebook.com\/sunoresearch","og_image":[{"width":1506,"height":800,"url":"https:\/\/files.sunoresearch.com.br\/n\/uploads\/2023\/02\/Petrobras.-Creditos-Divulgacao-1.jpg","type":"image\/jpeg"}],"author":"Murilo Melo","twitter_card":"summary_large_image","twitter_creator":"@sunoresearch","twitter_site":"@sunoresearch","twitter_misc":{"Escrito por":"Murilo Melo"},"schema":{"@context":"https:\/\/schema.org","@graph":[{"@type":"NewsArticle","@id":"https:\/\/www.suno.com.br\/noticias\/petrobras-petr4-cobranca-carf-dividendos-mm\/#article","isPartOf":{"@id":"https:\/\/www.suno.com.br\/noticias\/petrobras-petr4-cobranca-carf-dividendos-mm\/"},"author":{"name":"Murilo Melo","@id":"https:\/\/www.suno.com.br\/noticias\/#\/schema\/person\/32d4feb215afe4b317d446bb442400dd"},"headline":"Petrobras (PETR4): cobran\u00e7a de R$ 9,1 bi do Carf pode afetar dividendos? Confira opini\u00e3o do BTG","datePublished":"2024-02-22T01:32:33+00:00","dateModified":"2024-02-22T01:32:36+00:00","mainEntityOfPage":{"@id":"https:\/\/www.suno.com.br\/noticias\/petrobras-petr4-cobranca-carf-dividendos-mm\/"},"wordCount":787,"publisher":{"@id":"https:\/\/www.suno.com.br\/noticias\/#organization"},"image":{"@id":"https:\/\/www.suno.com.br\/noticias\/petrobras-petr4-cobranca-carf-dividendos-mm\/#primaryimage"},"thumbnailUrl":"https:\/\/files.sunoresearch.com.br\/n\/uploads\/2023\/02\/Petrobras.-Creditos-Divulgacao-1.jpg","articleSection":["Neg\u00f3cios"],"inLanguage":"pt-BR"},{"@type":"WebPage","@id":"https:\/\/www.suno.com.br\/noticias\/petrobras-petr4-cobranca-carf-dividendos-mm\/","url":"https:\/\/www.suno.com.br\/noticias\/petrobras-petr4-cobranca-carf-dividendos-mm\/","name":"Petrobras (PETR4): cobran\u00e7a bilion\u00e1ria do Carf afetar\u00e1 dividendos?","isPartOf":{"@id":"https:\/\/www.suno.com.br\/noticias\/#website"},"primaryImageOfPage":{"@id":"https:\/\/www.suno.com.br\/noticias\/petrobras-petr4-cobranca-carf-dividendos-mm\/#primaryimage"},"image":{"@id":"https:\/\/www.suno.com.br\/noticias\/petrobras-petr4-cobranca-carf-dividendos-mm\/#primaryimage"},"thumbnailUrl":"https:\/\/files.sunoresearch.com.br\/n\/uploads\/2023\/02\/Petrobras.-Creditos-Divulgacao-1.jpg","datePublished":"2024-02-22T01:32:33+00:00","dateModified":"2024-02-22T01:32:36+00:00","description":"Carf cobra R$ 9,1 bilh\u00f5es da Petrobras (PETR4); Confira, na vis\u00e3o do BTG Pactual, se isso pode impactar nos dividendos da petroleira.","breadcrumb":{"@id":"https:\/\/www.suno.com.br\/noticias\/petrobras-petr4-cobranca-carf-dividendos-mm\/#breadcrumb"},"inLanguage":"pt-BR","potentialAction":[{"@type":"ReadAction","target":["https:\/\/www.suno.com.br\/noticias\/petrobras-petr4-cobranca-carf-dividendos-mm\/"]}]},{"@type":"ImageObject","inLanguage":"pt-BR","@id":"https:\/\/www.suno.com.br\/noticias\/petrobras-petr4-cobranca-carf-dividendos-mm\/#primaryimage","url":"https:\/\/files.sunoresearch.com.br\/n\/uploads\/2023\/02\/Petrobras.-Creditos-Divulgacao-1.jpg","contentUrl":"https:\/\/files.sunoresearch.com.br\/n\/uploads\/2023\/02\/Petrobras.-Creditos-Divulgacao-1.jpg","width":1506,"height":800,"caption":"Petrobras (PETR4). Cr\u00e9ditos: Divulga\u00e7\u00e3o"},{"@type":"BreadcrumbList","@id":"https:\/\/www.suno.com.br\/noticias\/petrobras-petr4-cobranca-carf-dividendos-mm\/#breadcrumb","itemListElement":[{"@type":"ListItem","position":1,"name":"Not\u00edcias","item":"https:\/\/www.suno.com.br\/noticias\/"},{"@type":"ListItem","position":2,"name":"Neg\u00f3cios","item":"https:\/\/www.suno.com.br\/noticias\/negocios\/"},{"@type":"ListItem","position":3,"name":"Petrobras (PETR4): cobran\u00e7a de R$ 9,1 bi do Carf pode afetar dividendos? Confira opini\u00e3o do BTG"}]},{"@type":"WebSite","@id":"https:\/\/www.suno.com.br\/noticias\/#website","url":"https:\/\/www.suno.com.br\/noticias\/","name":"Suno Not\u00edcias","description":"Seu portal de informa\u00e7\u00e3o sobre o mundo dos investimentos","publisher":{"@id":"https:\/\/www.suno.com.br\/noticias\/#organization"},"potentialAction":[{"@type":"SearchAction","target":{"@type":"EntryPoint","urlTemplate":"https:\/\/www.suno.com.br\/noticias\/?s={search_term_string}"},"query-input":{"@type":"PropertyValueSpecification","valueRequired":true,"valueName":"search_term_string"}}],"inLanguage":"pt-BR"},{"@type":"Organization","@id":"https:\/\/www.suno.com.br\/noticias\/#organization","name":"Suno Not\u00edcias","url":"https:\/\/www.suno.com.br\/noticias\/","logo":{"@type":"ImageObject","inLanguage":"pt-BR","@id":"https:\/\/www.suno.com.br\/noticias\/#\/schema\/logo\/image\/","url":"https:\/\/files.sunoresearch.com.br\/n\/uploads\/2021\/09\/suno-logo.png","contentUrl":"https:\/\/files.sunoresearch.com.br\/n\/uploads\/2021\/09\/suno-logo.png","width":180,"height":180,"caption":"Suno Not\u00edcias"},"image":{"@id":"https:\/\/www.suno.com.br\/noticias\/#\/schema\/logo\/image\/"},"sameAs":["https:\/\/facebook.com\/sunoresearch","https:\/\/x.com\/sunoresearch","https:\/\/www.instagram.com\/suno","https:\/\/www.linkedin.com\/company\/suno-research\/","https:\/\/www.youtube.com\/c\/sunoresearch"]},{"@type":"Person","@id":"https:\/\/www.suno.com.br\/noticias\/#\/schema\/person\/32d4feb215afe4b317d446bb442400dd","name":"Murilo Melo","image":{"@type":"ImageObject","inLanguage":"pt-BR","@id":"https:\/\/www.suno.com.br\/noticias\/#\/schema\/person\/image\/","url":"https:\/\/secure.gravatar.com\/avatar\/af7a693198b592028493c0e8b0583d4f?s=96&r=g","contentUrl":"https:\/\/secure.gravatar.com\/avatar\/af7a693198b592028493c0e8b0583d4f?s=96&r=g","caption":"Murilo Melo"},"description":"\u00c9 um jornalista e letr\u00f3logo com vasta experi\u00eancia em economia, finan\u00e7as e mercado. J\u00e1 foi rep\u00f3rter de jornais, revistas e sites noticiosos como A Tarde, Correio e Folha de S.Paulo. No Suno Not\u00edcias, escreve sobre neg\u00f3cios","url":"https:\/\/www.suno.com.br\/noticias\/author\/murilomelo-jornalismogmail-com\/"}]}},"default_loop_html":"<div class=\"cardsPage__listCard__boxs\"><div class=\"cardsPage__listCard__boxs__img\"><a href=\"https:\/\/www.suno.com.br\/noticias\/petrobras-petr4-cobranca-carf-dividendos-mm\/\"><img class=\"mask\" src=\"https:\/\/www.suno.com.br\/noticias\/wp-content\/themes\/suno\/resources\/images\/spotlight\/spotlight1img\/bg-mask.png\" alt=\"Image Mask\"\/><img src=\"https:\/\/files.sunoresearch.com.br\/n\/uploads\/2023\/02\/Petrobras.-Creditos-Divulgacao-1-400x200.jpg\" alt=\"Petrobras (PETR4): cobran\u00e7a de R$ 9,1 bi do Carf pode afetar dividendos? Confira opini\u00e3o do BTG\"\/><\/a><span class=\"spotlightCategory\"><a href=\"https:\/\/www.suno.com.br\/noticias\/negocios\/\">Neg\u00f3cios<\/a><\/span><\/div><div class=\"cardsPage__listCard__boxs__content\"><a href=\"https:\/\/www.suno.com.br\/noticias\/petrobras-petr4-cobranca-carf-dividendos-mm\/\"><h2 class=\"content__title\">Petrobras (PETR4): cobran\u00e7a de R$ 9,1 bi do Carf pode afetar dividendos? Confira opini\u00e3o do BTG<\/h2><\/a><div class=\"newsContent__article__meta\"><div class=\"newsContent__article__meta__authorBox\"><a href=\"https:\/\/www.suno.com.br\/noticias\/author\/murilomelo-jornalismogmail-com\/\" class=\"authorBox__avatar noMobi\"><img src=\"https:\/\/files.sunoresearch.com.br\/n\/uploads\/2024\/02\/Murilo_Melo_Jornalista-e1708476456132-150x150.jpeg\" alt=\"Murilo Melo\"><\/a><div class=\"authorBox__name\"><span>por\n\t\t\t<a href=\"https:\/\/www.suno.com.br\/noticias\/author\/murilomelo-jornalismogmail-com\/\"><span itemprop=\"author\">Murilo Melo<\/span><\/a><\/span><time datetime=\"2024-02-21T22:32:33-03:00\" itemprop=\"datePublished\">21\/02\/2024 22:32<\/time><\/div><\/div><\/div><\/div><\/div>","single_layout":"posts","amp_enabled":true,"_links":{"self":[{"href":"https:\/\/www.suno.com.br\/noticias\/wp-json\/wp\/v2\/posts\/525429"}],"collection":[{"href":"https:\/\/www.suno.com.br\/noticias\/wp-json\/wp\/v2\/posts"}],"about":[{"href":"https:\/\/www.suno.com.br\/noticias\/wp-json\/wp\/v2\/types\/post"}],"author":[{"embeddable":true,"href":"https:\/\/www.suno.com.br\/noticias\/wp-json\/wp\/v2\/users\/345"}],"replies":[{"embeddable":true,"href":"https:\/\/www.suno.com.br\/noticias\/wp-json\/wp\/v2\/comments?post=525429"}],"version-history":[{"count":3,"href":"https:\/\/www.suno.com.br\/noticias\/wp-json\/wp\/v2\/posts\/525429\/revisions"}],"predecessor-version":[{"id":525450,"href":"https:\/\/www.suno.com.br\/noticias\/wp-json\/wp\/v2\/posts\/525429\/revisions\/525450"}],"wp:featuredmedia":[{"embeddable":true,"href":"https:\/\/www.suno.com.br\/noticias\/wp-json\/wp\/v2\/media\/367669"}],"wp:attachment":[{"href":"https:\/\/www.suno.com.br\/noticias\/wp-json\/wp\/v2\/media?parent=525429"}],"wp:term":[{"taxonomy":"category","embeddable":true,"href":"https:\/\/www.suno.com.br\/noticias\/wp-json\/wp\/v2\/categories?post=525429"},{"taxonomy":"post_tag","embeddable":true,"href":"https:\/\/www.suno.com.br\/noticias\/wp-json\/wp\/v2\/tags?post=525429"},{"taxonomy":"suno_strategy","embeddable":true,"href":"https:\/\/www.suno.com.br\/noticias\/wp-json\/wp\/v2\/suno_strategy?post=525429"}],"curies":[{"name":"wp","href":"https:\/\/api.w.org\/{rel}","templated":true}]}}