{"id":525413,"date":"2024-02-21T20:47:24","date_gmt":"2024-02-21T23:47:24","guid":{"rendered":"https:\/\/www.suno.com.br\/noticias\/?p=525413"},"modified":"2024-02-21T20:47:27","modified_gmt":"2024-02-21T23:47:27","slug":"vale-vale3-suspensao-operacao-mina-sossego-gss","status":"publish","type":"post","link":"https:\/\/www.suno.com.br\/noticias\/vale-vale3-suspensao-operacao-mina-sossego-gss\/","title":{"rendered":"Vale (VALE3) anuncia suspens\u00e3o da opera\u00e7\u00e3o da mina de Sossego"},"content":{"rendered":"<p>A <strong>Vale<\/strong> (VALE3) comunicou, na noite desta quarta-feira (21), que recebeu um of\u00edcio da Secretaria do Meio Ambiente do Estado do Par\u00e1 (SEMAS) comunicando a suspens\u00e3o da licen\u00e7a de opera\u00e7\u00e3o da mina de Sossego, da Vale Metais B\u00e1sicos. O motivo para a derrubada da licen\u00e7a n\u00e3o foi divulgado.<\/p>\t<div class=\"wrapper-featured-image\">\n\t\t<figure class=\"spotlightImg\">\n\n\t\t\t<picture>\n\t\t\t\t<source media=\"(max-width: 768px)\" srcset=\"https:\/\/files.sunoresearch.com.br\/n\/uploads\/2021\/02\/caf1cd3a-vale-400x200.webp\">\n\t\t\t\t<img loading=\"lazy\" decoding=\"async\" class=\"newsContent__article__imgCapa lazyloadDisabled \" src=\"https:\/\/files.sunoresearch.com.br\/n\/uploads\/2021\/02\/caf1cd3a-vale-800x450.webp\" width=\"800\" height=\"450\" alt=\"Vale (VALE3) anuncia suspens\u00e3o da opera\u00e7\u00e3o da mina de Sossego\" fetchpriority=high \/>\n\t\t\t<\/picture>\n\n\t\t\t<figcaption class=\"wp-caption-text wp-caption-text--show\">Vale (VALE3) - Foto: Divulga\u00e7\u00e3o<\/figcaption>\n\t\t<\/figure>\n\t<\/div>\n\n\n\n\n\n\n\n\t<p>\n\t\t<a href=\"https:\/\/lp.suno.com.br\/planilha-da-vida-financeira\/\" target=\"_blank\" data-element=\"shortcode-suno-banner\" title=\"Banner SUNO, clique e saiba mais\">\n\t\t\t<picture>\n\t\t\t\t<source media=\"(max-width: 500px)\" srcset=\"https:\/\/files.sunoresearch.com.br\/n\/uploads\/2023\/04\/400x300-Planilha-vida-financeira-true.png\">\n\t\t\t\t<img class=\"newsContent__article__imgCapa newsContent__article__imgCapa--banner\"\n\t\t\t\t\tsrc=\"https:\/\/files.sunoresearch.com.br\/n\/uploads\/2023\/04\/1420x240-Planilha-vida-financeira-true.png\"\n\t\t\t\t\tdata-promo-id=\"106682\"\t\t\t\t\t\t\t\t\t\twidth='1420' height='240'\t\t\t\t\talt=\"https:\/\/files.sunoresearch.com.br\/n\/uploads\/2023\/04\/1420x240-Planilha-vida-financeira-true.png\"\n\t\t\t\t>\n\t\t\t<\/picture>\n\t\t<\/a>\n\t<\/p>\n\n\n\n\n\n<p>A companhia afirmou que est\u00e1 avaliando as medidas necess\u00e1rias para restabelecer a vig\u00eancia da opera\u00e7\u00e3o da mina.<\/p>\n\n\n\n<p>&#8220;A Vale refor\u00e7a o cumprimento das condicionantes e dos controles socioambientais da sua atividade conforme determina a legisla\u00e7\u00e3o e em respeito \u00e0s comunidades vizinhas&#8221;, disse a empresa em comunicado.<\/p>\n\n\n\n<p>A mineradora complementou dizendo que envia periodicamente aos \u00f3rg\u00e3os ambientais os relat\u00f3rios de todos os programas executados na regi\u00e3o.<\/p>\n\n\n\t<p>\n\t\t<a href=\"https:\/\/lp.suno.com.br\/ebook-como-analisar-uma-acao\/\" target=\"_blank\" data-element=\"shortcode-suno-banner\" title=\"Banner SUNO, clique e saiba mais\">\n\t\t\t<picture>\n\t\t\t\t<source media=\"(max-width: 500px)\" srcset=\"https:\/\/files.sunoresearch.com.br\/n\/uploads\/2023\/03\/Ebook-Acoes-Mobile.jpg\">\n\t\t\t\t<img class=\"newsContent__article__imgCapa newsContent__article__imgCapa--banner\"\n\t\t\t\t\tsrc=\"https:\/\/files.sunoresearch.com.br\/n\/uploads\/2023\/03\/Ebook-Acoes-Desktop.jpg\"\n\t\t\t\t\tdata-promo-id=\"378302\"\t\t\t\t\t\t\t\t\t\twidth='1420' height='286'\t\t\t\t\talt=\"https:\/\/files.sunoresearch.com.br\/n\/uploads\/2023\/03\/Ebook-Acoes-Desktop.jpg\"\n\t\t\t\t>\n\t\t\t<\/picture>\n\t\t<\/a>\n\t<\/p>\n\n\n\n\n\n<h2 class=\"wp-block-heading\">Vale (VALE3): BTG projeta alta de 39,4% para a\u00e7\u00f5es em NY<\/h2>\n\n\n\n<p>Em relat\u00f3rio divulgado nesta ter\u00e7a-feira (20), o BTG Pactual manteve a sua recomenda\u00e7\u00e3o de compra para as a\u00e7\u00f5es da&nbsp;<a href=\"https:\/\/www.suno.com.br\/acoes\/VALE3\/\" target=\"_blank\" rel=\"noreferrer noopener\"><strong>Vale<\/strong>&nbsp;(VALE3)<\/a>&nbsp;listadas na Bolsa de Nova York, que s\u00e3o negociadas por meio de \u201cAmerican Depositary Receipt\u201d (ADR) nos Estados Unidos.<\/p>\n\n\n\n<p>O pre\u00e7o-alvo para a&nbsp;<strong>a\u00e7\u00e3o da Vale<\/strong>&nbsp;em Nova York \u00e9 de US$ 19, o que representaria uma valoriza\u00e7\u00e3o de 39,4% em rela\u00e7\u00e3o \u00e0 cota\u00e7\u00e3o final desta segunda-feira (19).<\/p>\n\n\n\n<p>Para os analistas do BTG, as&nbsp;<strong>a\u00e7\u00f5es da Vale<\/strong>&nbsp;se encontram com uma boa rela\u00e7\u00e3o risco retorno no momento, e o pre\u00e7o atual do papel j\u00e1 est\u00e1 refletindo a totalidade dos seus riscos associados.<\/p>\n\n\n\n<p>Os especialistas destacam o momento de dificuldades que a Vale passou nos meses anteriores, com os ru\u00eddos em rela\u00e7\u00e3o \u00e0 presid\u00eancia da companhia. Isso porque o presidente do Brasil, Luiz In\u00e1cio Lula da Silva, queria que Guido Mantega assumisse como CEO da mineradora, algo que n\u00e3o foi bem visto pelo mercado.<\/p>\n\n\n\n<p>O epis\u00f3dio gerou mais volatilidade para o&nbsp;<strong>pre\u00e7o da a\u00e7\u00e3o da Vale<\/strong>, aumentando tamb\u00e9m o seu risco na \u00e9poca. Apesar de Guido Mantega parecer descartado, algumas quest\u00f5es sobre a defini\u00e7\u00e3o do CEO ainda preocupam os analistas do BTG.<\/p>\n\n\n\n<p>A casa cita a divis\u00e3o que supostamente existe entre os integrantes do&nbsp;<a href=\"https:\/\/www.suno.com.br\/artigos\/conselho-administracao\/\" target=\"_blank\" rel=\"noreferrer noopener\">conselho de administra\u00e7\u00e3o<\/a>&nbsp;da companhia sobre o novo&nbsp;CEO da <strong>Vale<\/strong>. \u201cIsso sugere um cen\u00e1rio mais desafiador na empresa\u201d, dizem os especialistas.<\/p>\n\n\n\t<p>\n\t\t<a href=\"https:\/\/lp.suno.com.br\/planilha-da-vida-financeira\/\" target=\"_blank\" data-element=\"shortcode-suno-banner\" title=\"Banner SUNO, clique e saiba mais\">\n\t\t\t<picture>\n\t\t\t\t<source media=\"(max-width: 500px)\" srcset=\"https:\/\/files.sunoresearch.com.br\/n\/uploads\/2023\/04\/400x300-Planilha-vida-financeira-true.png\">\n\t\t\t\t<img class=\"newsContent__article__imgCapa newsContent__article__imgCapa--banner\"\n\t\t\t\t\tsrc=\"https:\/\/files.sunoresearch.com.br\/n\/uploads\/2023\/04\/1420x240-Planilha-vida-financeira-true.png\"\n\t\t\t\t\tdata-promo-id=\"383123\"\t\t\t\t\t\t\t\t\t\twidth='1420' height='240'\t\t\t\t\talt=\"https:\/\/files.sunoresearch.com.br\/n\/uploads\/2023\/04\/1420x240-Planilha-vida-financeira-true.png\"\n\t\t\t\t>\n\t\t\t<\/picture>\n\t\t<\/a>\n\t<\/p>\n\n\n","protected":false},"excerpt":{"rendered":"<p>A Vale (VALE3) comunicou, na noite desta quarta-feira (21), que recebeu um of\u00edcio da Secretaria do Meio Ambiente do Estado do Par\u00e1 (SEMAS) comunicando a suspens\u00e3o da licen\u00e7a de opera\u00e7\u00e3o da mina de Sossego, da Vale Metais B\u00e1sicos. O motivo para a derrubada da licen\u00e7a n\u00e3o foi divulgado. Vale (VALE3) &#8211; Foto: Divulga\u00e7\u00e3o A companhia [&hellip;]<\/p>\n","protected":false},"author":322,"featured_media":126947,"comment_status":"closed","ping_status":"closed","sticky":false,"template":"","format":"standard","meta":[],"categories":[64],"tags":[676],"suno_strategy":[],"class_list":["post-525413","post","type-post","status-publish","format-standard","has-post-thumbnail","hentry","category-negocios","tag-vale-vale3"],"yoast_head":"<!-- This site is optimized with the Yoast SEO plugin v24.4 - https:\/\/yoast.com\/wordpress\/plugins\/seo\/ -->\n<title>Vale (VALE3): opera\u00e7\u00e3o da mina de Sossego \u00e9 suspensa; entenda<\/title>\n<meta name=\"description\" content=\"A Vale (VALE3) recebeu um of\u00edcio da Secretaria do Meio Ambiente do Estado do Par\u00e1 suspendendo a licen\u00e7a de opera\u00e7\u00e3o da mina.\" \/>\n<meta name=\"robots\" content=\"index, follow, max-snippet:-1, max-image-preview:large, max-video-preview:-1\" \/>\n<link rel=\"canonical\" href=\"https:\/\/www.suno.com.br\/noticias\/vale-vale3-suspensao-operacao-mina-sossego-gss\/\" \/>\n<meta property=\"og:locale\" content=\"pt_BR\" \/>\n<meta property=\"og:type\" content=\"article\" \/>\n<meta property=\"og:title\" content=\"Vale (VALE3): opera\u00e7\u00e3o da mina de Sossego \u00e9 suspensa; entenda\" \/>\n<meta property=\"og:description\" content=\"A Vale (VALE3) recebeu um of\u00edcio da Secretaria do Meio Ambiente do Estado do Par\u00e1 suspendendo a licen\u00e7a de opera\u00e7\u00e3o da mina.\" \/>\n<meta property=\"og:url\" content=\"https:\/\/www.suno.com.br\/noticias\/vale-vale3-suspensao-operacao-mina-sossego-gss\/\" \/>\n<meta property=\"og:site_name\" content=\"Suno Not\u00edcias\" \/>\n<meta property=\"article:publisher\" content=\"https:\/\/facebook.com\/sunoresearch\" \/>\n<meta property=\"og:image\" content=\"https:\/\/files.sunoresearch.com.br\/n\/uploads\/2021\/02\/caf1cd3a-vale.jpg\" \/>\n\t<meta property=\"og:image:width\" content=\"1920\" \/>\n\t<meta property=\"og:image:height\" content=\"1280\" \/>\n\t<meta property=\"og:image:type\" content=\"image\/jpeg\" \/>\n<meta name=\"author\" content=\"Guilherme Serrano Silva\" \/>\n<meta name=\"twitter:card\" content=\"summary_large_image\" \/>\n<meta name=\"twitter:creator\" content=\"@sunoresearch\" \/>\n<meta name=\"twitter:site\" content=\"@sunoresearch\" \/>\n<meta name=\"twitter:label1\" content=\"Escrito por\" \/>\n\t<meta name=\"twitter:data1\" content=\"Guilherme Serrano Silva\" \/>\n\t<meta name=\"twitter:label2\" content=\"Est. tempo de leitura\" \/>\n\t<meta name=\"twitter:data2\" content=\"2 minutos\" \/>\n<script type=\"application\/ld+json\" class=\"yoast-schema-graph\">{\"@context\":\"https:\/\/schema.org\",\"@graph\":[{\"@type\":\"NewsArticle\",\"@id\":\"https:\/\/www.suno.com.br\/noticias\/vale-vale3-suspensao-operacao-mina-sossego-gss\/#article\",\"isPartOf\":{\"@id\":\"https:\/\/www.suno.com.br\/noticias\/vale-vale3-suspensao-operacao-mina-sossego-gss\/\"},\"author\":{\"name\":\"Guilherme Serrano Silva\",\"@id\":\"https:\/\/www.suno.com.br\/noticias\/#\/schema\/person\/4a72de8e10febe6d8a50711404b010b3\"},\"headline\":\"Vale (VALE3) anuncia suspens\u00e3o da opera\u00e7\u00e3o da mina de Sossego\",\"datePublished\":\"2024-02-21T23:47:24+00:00\",\"dateModified\":\"2024-02-21T23:47:27+00:00\",\"mainEntityOfPage\":{\"@id\":\"https:\/\/www.suno.com.br\/noticias\/vale-vale3-suspensao-operacao-mina-sossego-gss\/\"},\"wordCount\":416,\"publisher\":{\"@id\":\"https:\/\/www.suno.com.br\/noticias\/#organization\"},\"image\":{\"@id\":\"https:\/\/www.suno.com.br\/noticias\/vale-vale3-suspensao-operacao-mina-sossego-gss\/#primaryimage\"},\"thumbnailUrl\":\"https:\/\/files.sunoresearch.com.br\/n\/uploads\/2021\/02\/caf1cd3a-vale-jpg.webp\",\"keywords\":[\"Vale (VALE3)\"],\"articleSection\":[\"Neg\u00f3cios\"],\"inLanguage\":\"pt-BR\"},{\"@type\":\"WebPage\",\"@id\":\"https:\/\/www.suno.com.br\/noticias\/vale-vale3-suspensao-operacao-mina-sossego-gss\/\",\"url\":\"https:\/\/www.suno.com.br\/noticias\/vale-vale3-suspensao-operacao-mina-sossego-gss\/\",\"name\":\"Vale (VALE3): opera\u00e7\u00e3o da mina de Sossego \u00e9 suspensa; entenda\",\"isPartOf\":{\"@id\":\"https:\/\/www.suno.com.br\/noticias\/#website\"},\"primaryImageOfPage\":{\"@id\":\"https:\/\/www.suno.com.br\/noticias\/vale-vale3-suspensao-operacao-mina-sossego-gss\/#primaryimage\"},\"image\":{\"@id\":\"https:\/\/www.suno.com.br\/noticias\/vale-vale3-suspensao-operacao-mina-sossego-gss\/#primaryimage\"},\"thumbnailUrl\":\"https:\/\/files.sunoresearch.com.br\/n\/uploads\/2021\/02\/caf1cd3a-vale-jpg.webp\",\"datePublished\":\"2024-02-21T23:47:24+00:00\",\"dateModified\":\"2024-02-21T23:47:27+00:00\",\"description\":\"A Vale (VALE3) recebeu um of\u00edcio da Secretaria do Meio Ambiente do Estado do Par\u00e1 suspendendo a licen\u00e7a de opera\u00e7\u00e3o da mina.\",\"breadcrumb\":{\"@id\":\"https:\/\/www.suno.com.br\/noticias\/vale-vale3-suspensao-operacao-mina-sossego-gss\/#breadcrumb\"},\"inLanguage\":\"pt-BR\",\"potentialAction\":[{\"@type\":\"ReadAction\",\"target\":[\"https:\/\/www.suno.com.br\/noticias\/vale-vale3-suspensao-operacao-mina-sossego-gss\/\"]}]},{\"@type\":\"ImageObject\",\"inLanguage\":\"pt-BR\",\"@id\":\"https:\/\/www.suno.com.br\/noticias\/vale-vale3-suspensao-operacao-mina-sossego-gss\/#primaryimage\",\"url\":\"https:\/\/files.sunoresearch.com.br\/n\/uploads\/2021\/02\/caf1cd3a-vale-jpg.webp\",\"contentUrl\":\"https:\/\/files.sunoresearch.com.br\/n\/uploads\/2021\/02\/caf1cd3a-vale-jpg.webp\",\"width\":1920,\"height\":1280,\"caption\":\"Vale (VALE3) - Foto: Divulga\u00e7\u00e3o\"},{\"@type\":\"BreadcrumbList\",\"@id\":\"https:\/\/www.suno.com.br\/noticias\/vale-vale3-suspensao-operacao-mina-sossego-gss\/#breadcrumb\",\"itemListElement\":[{\"@type\":\"ListItem\",\"position\":1,\"name\":\"Not\u00edcias\",\"item\":\"https:\/\/www.suno.com.br\/noticias\/\"},{\"@type\":\"ListItem\",\"position\":2,\"name\":\"Neg\u00f3cios\",\"item\":\"https:\/\/www.suno.com.br\/noticias\/negocios\/\"},{\"@type\":\"ListItem\",\"position\":3,\"name\":\"Vale (VALE3) anuncia suspens\u00e3o da opera\u00e7\u00e3o da mina de Sossego\"}]},{\"@type\":\"WebSite\",\"@id\":\"https:\/\/www.suno.com.br\/noticias\/#website\",\"url\":\"https:\/\/www.suno.com.br\/noticias\/\",\"name\":\"Suno Not\u00edcias\",\"description\":\"Seu portal de informa\u00e7\u00e3o sobre o mundo dos investimentos\",\"publisher\":{\"@id\":\"https:\/\/www.suno.com.br\/noticias\/#organization\"},\"potentialAction\":[{\"@type\":\"SearchAction\",\"target\":{\"@type\":\"EntryPoint\",\"urlTemplate\":\"https:\/\/www.suno.com.br\/noticias\/?s={search_term_string}\"},\"query-input\":{\"@type\":\"PropertyValueSpecification\",\"valueRequired\":true,\"valueName\":\"search_term_string\"}}],\"inLanguage\":\"pt-BR\"},{\"@type\":\"Organization\",\"@id\":\"https:\/\/www.suno.com.br\/noticias\/#organization\",\"name\":\"Suno Not\u00edcias\",\"url\":\"https:\/\/www.suno.com.br\/noticias\/\",\"logo\":{\"@type\":\"ImageObject\",\"inLanguage\":\"pt-BR\",\"@id\":\"https:\/\/www.suno.com.br\/noticias\/#\/schema\/logo\/image\/\",\"url\":\"https:\/\/files.sunoresearch.com.br\/n\/uploads\/2021\/09\/suno-logo.png\",\"contentUrl\":\"https:\/\/files.sunoresearch.com.br\/n\/uploads\/2021\/09\/suno-logo.png\",\"width\":180,\"height\":180,\"caption\":\"Suno Not\u00edcias\"},\"image\":{\"@id\":\"https:\/\/www.suno.com.br\/noticias\/#\/schema\/logo\/image\/\"},\"sameAs\":[\"https:\/\/facebook.com\/sunoresearch\",\"https:\/\/x.com\/sunoresearch\",\"https:\/\/www.instagram.com\/suno\",\"https:\/\/www.linkedin.com\/company\/suno-research\/\",\"https:\/\/www.youtube.com\/c\/sunoresearch\"]},{\"@type\":\"Person\",\"@id\":\"https:\/\/www.suno.com.br\/noticias\/#\/schema\/person\/4a72de8e10febe6d8a50711404b010b3\",\"name\":\"Guilherme Serrano Silva\",\"image\":{\"@type\":\"ImageObject\",\"inLanguage\":\"pt-BR\",\"@id\":\"https:\/\/www.suno.com.br\/noticias\/#\/schema\/person\/image\/\",\"url\":\"https:\/\/secure.gravatar.com\/avatar\/aba5eb082d0443f542e94a82c79e9d50?s=96&r=g\",\"contentUrl\":\"https:\/\/secure.gravatar.com\/avatar\/aba5eb082d0443f542e94a82c79e9d50?s=96&r=g\",\"caption\":\"Guilherme Serrano Silva\"},\"description\":\"Jornalista formado pela Faculdade C\u00e1sper L\u00edbero e p\u00f3s-graduado em Can\u00e7\u00e3o Popular pela Faculdade Santa Marcelina. Passagens por R\u00e1dio Gazeta AM, gazetaesportiva.com e TC R\u00e1dio.\",\"url\":\"https:\/\/www.suno.com.br\/noticias\/author\/guilhermeserranosilvagmail-com\/\"}]}<\/script>\n<!-- \/ Yoast SEO plugin. -->","yoast_head_json":{"title":"Vale (VALE3): opera\u00e7\u00e3o da mina de Sossego \u00e9 suspensa; entenda","description":"A Vale (VALE3) recebeu um of\u00edcio da Secretaria do Meio Ambiente do Estado do Par\u00e1 suspendendo a licen\u00e7a de opera\u00e7\u00e3o da mina.","robots":{"index":"index","follow":"follow","max-snippet":"max-snippet:-1","max-image-preview":"max-image-preview:large","max-video-preview":"max-video-preview:-1"},"canonical":"https:\/\/www.suno.com.br\/noticias\/vale-vale3-suspensao-operacao-mina-sossego-gss\/","og_locale":"pt_BR","og_type":"article","og_title":"Vale (VALE3): opera\u00e7\u00e3o da mina de Sossego \u00e9 suspensa; entenda","og_description":"A Vale (VALE3) recebeu um of\u00edcio da Secretaria do Meio Ambiente do Estado do Par\u00e1 suspendendo a licen\u00e7a de opera\u00e7\u00e3o da mina.","og_url":"https:\/\/www.suno.com.br\/noticias\/vale-vale3-suspensao-operacao-mina-sossego-gss\/","og_site_name":"Suno Not\u00edcias","article_publisher":"https:\/\/facebook.com\/sunoresearch","og_image":[{"width":1920,"height":1280,"url":"https:\/\/files.sunoresearch.com.br\/n\/uploads\/2021\/02\/caf1cd3a-vale.jpg","type":"image\/jpeg"}],"author":"Guilherme Serrano Silva","twitter_card":"summary_large_image","twitter_creator":"@sunoresearch","twitter_site":"@sunoresearch","twitter_misc":{"Escrito por":"Guilherme Serrano Silva","Est. tempo de leitura":"2 minutos"},"schema":{"@context":"https:\/\/schema.org","@graph":[{"@type":"NewsArticle","@id":"https:\/\/www.suno.com.br\/noticias\/vale-vale3-suspensao-operacao-mina-sossego-gss\/#article","isPartOf":{"@id":"https:\/\/www.suno.com.br\/noticias\/vale-vale3-suspensao-operacao-mina-sossego-gss\/"},"author":{"name":"Guilherme Serrano Silva","@id":"https:\/\/www.suno.com.br\/noticias\/#\/schema\/person\/4a72de8e10febe6d8a50711404b010b3"},"headline":"Vale (VALE3) anuncia suspens\u00e3o da opera\u00e7\u00e3o da mina de Sossego","datePublished":"2024-02-21T23:47:24+00:00","dateModified":"2024-02-21T23:47:27+00:00","mainEntityOfPage":{"@id":"https:\/\/www.suno.com.br\/noticias\/vale-vale3-suspensao-operacao-mina-sossego-gss\/"},"wordCount":416,"publisher":{"@id":"https:\/\/www.suno.com.br\/noticias\/#organization"},"image":{"@id":"https:\/\/www.suno.com.br\/noticias\/vale-vale3-suspensao-operacao-mina-sossego-gss\/#primaryimage"},"thumbnailUrl":"https:\/\/files.sunoresearch.com.br\/n\/uploads\/2021\/02\/caf1cd3a-vale-jpg.webp","keywords":["Vale (VALE3)"],"articleSection":["Neg\u00f3cios"],"inLanguage":"pt-BR"},{"@type":"WebPage","@id":"https:\/\/www.suno.com.br\/noticias\/vale-vale3-suspensao-operacao-mina-sossego-gss\/","url":"https:\/\/www.suno.com.br\/noticias\/vale-vale3-suspensao-operacao-mina-sossego-gss\/","name":"Vale (VALE3): opera\u00e7\u00e3o da mina de Sossego \u00e9 suspensa; entenda","isPartOf":{"@id":"https:\/\/www.suno.com.br\/noticias\/#website"},"primaryImageOfPage":{"@id":"https:\/\/www.suno.com.br\/noticias\/vale-vale3-suspensao-operacao-mina-sossego-gss\/#primaryimage"},"image":{"@id":"https:\/\/www.suno.com.br\/noticias\/vale-vale3-suspensao-operacao-mina-sossego-gss\/#primaryimage"},"thumbnailUrl":"https:\/\/files.sunoresearch.com.br\/n\/uploads\/2021\/02\/caf1cd3a-vale-jpg.webp","datePublished":"2024-02-21T23:47:24+00:00","dateModified":"2024-02-21T23:47:27+00:00","description":"A Vale (VALE3) recebeu um of\u00edcio da Secretaria do Meio Ambiente do Estado do Par\u00e1 suspendendo a licen\u00e7a de opera\u00e7\u00e3o da mina.","breadcrumb":{"@id":"https:\/\/www.suno.com.br\/noticias\/vale-vale3-suspensao-operacao-mina-sossego-gss\/#breadcrumb"},"inLanguage":"pt-BR","potentialAction":[{"@type":"ReadAction","target":["https:\/\/www.suno.com.br\/noticias\/vale-vale3-suspensao-operacao-mina-sossego-gss\/"]}]},{"@type":"ImageObject","inLanguage":"pt-BR","@id":"https:\/\/www.suno.com.br\/noticias\/vale-vale3-suspensao-operacao-mina-sossego-gss\/#primaryimage","url":"https:\/\/files.sunoresearch.com.br\/n\/uploads\/2021\/02\/caf1cd3a-vale-jpg.webp","contentUrl":"https:\/\/files.sunoresearch.com.br\/n\/uploads\/2021\/02\/caf1cd3a-vale-jpg.webp","width":1920,"height":1280,"caption":"Vale (VALE3) - Foto: Divulga\u00e7\u00e3o"},{"@type":"BreadcrumbList","@id":"https:\/\/www.suno.com.br\/noticias\/vale-vale3-suspensao-operacao-mina-sossego-gss\/#breadcrumb","itemListElement":[{"@type":"ListItem","position":1,"name":"Not\u00edcias","item":"https:\/\/www.suno.com.br\/noticias\/"},{"@type":"ListItem","position":2,"name":"Neg\u00f3cios","item":"https:\/\/www.suno.com.br\/noticias\/negocios\/"},{"@type":"ListItem","position":3,"name":"Vale (VALE3) anuncia suspens\u00e3o da opera\u00e7\u00e3o da mina de Sossego"}]},{"@type":"WebSite","@id":"https:\/\/www.suno.com.br\/noticias\/#website","url":"https:\/\/www.suno.com.br\/noticias\/","name":"Suno Not\u00edcias","description":"Seu portal de informa\u00e7\u00e3o sobre o mundo dos investimentos","publisher":{"@id":"https:\/\/www.suno.com.br\/noticias\/#organization"},"potentialAction":[{"@type":"SearchAction","target":{"@type":"EntryPoint","urlTemplate":"https:\/\/www.suno.com.br\/noticias\/?s={search_term_string}"},"query-input":{"@type":"PropertyValueSpecification","valueRequired":true,"valueName":"search_term_string"}}],"inLanguage":"pt-BR"},{"@type":"Organization","@id":"https:\/\/www.suno.com.br\/noticias\/#organization","name":"Suno Not\u00edcias","url":"https:\/\/www.suno.com.br\/noticias\/","logo":{"@type":"ImageObject","inLanguage":"pt-BR","@id":"https:\/\/www.suno.com.br\/noticias\/#\/schema\/logo\/image\/","url":"https:\/\/files.sunoresearch.com.br\/n\/uploads\/2021\/09\/suno-logo.png","contentUrl":"https:\/\/files.sunoresearch.com.br\/n\/uploads\/2021\/09\/suno-logo.png","width":180,"height":180,"caption":"Suno Not\u00edcias"},"image":{"@id":"https:\/\/www.suno.com.br\/noticias\/#\/schema\/logo\/image\/"},"sameAs":["https:\/\/facebook.com\/sunoresearch","https:\/\/x.com\/sunoresearch","https:\/\/www.instagram.com\/suno","https:\/\/www.linkedin.com\/company\/suno-research\/","https:\/\/www.youtube.com\/c\/sunoresearch"]},{"@type":"Person","@id":"https:\/\/www.suno.com.br\/noticias\/#\/schema\/person\/4a72de8e10febe6d8a50711404b010b3","name":"Guilherme Serrano Silva","image":{"@type":"ImageObject","inLanguage":"pt-BR","@id":"https:\/\/www.suno.com.br\/noticias\/#\/schema\/person\/image\/","url":"https:\/\/secure.gravatar.com\/avatar\/aba5eb082d0443f542e94a82c79e9d50?s=96&r=g","contentUrl":"https:\/\/secure.gravatar.com\/avatar\/aba5eb082d0443f542e94a82c79e9d50?s=96&r=g","caption":"Guilherme Serrano Silva"},"description":"Jornalista formado pela Faculdade C\u00e1sper L\u00edbero e p\u00f3s-graduado em Can\u00e7\u00e3o Popular pela Faculdade Santa Marcelina. Passagens por R\u00e1dio Gazeta AM, gazetaesportiva.com e TC R\u00e1dio.","url":"https:\/\/www.suno.com.br\/noticias\/author\/guilhermeserranosilvagmail-com\/"}]}},"default_loop_html":"<div class=\"cardsPage__listCard__boxs\"><div class=\"cardsPage__listCard__boxs__img\"><a href=\"https:\/\/www.suno.com.br\/noticias\/vale-vale3-suspensao-operacao-mina-sossego-gss\/\"><img class=\"mask\" src=\"https:\/\/www.suno.com.br\/noticias\/wp-content\/themes\/suno\/resources\/images\/spotlight\/spotlight1img\/bg-mask.png\" alt=\"Image Mask\"\/><img src=\"https:\/\/files.sunoresearch.com.br\/n\/uploads\/2021\/02\/caf1cd3a-vale-400x200.webp\" alt=\"Vale (VALE3) anuncia suspens\u00e3o da opera\u00e7\u00e3o da mina de Sossego\"\/><\/a><span class=\"spotlightCategory\"><a href=\"https:\/\/www.suno.com.br\/noticias\/negocios\/\">Neg\u00f3cios<\/a><\/span><\/div><div class=\"cardsPage__listCard__boxs__content\"><a href=\"https:\/\/www.suno.com.br\/noticias\/vale-vale3-suspensao-operacao-mina-sossego-gss\/\"><h2 class=\"content__title\">Vale (VALE3) anuncia suspens\u00e3o da opera\u00e7\u00e3o da mina de Sossego<\/h2><\/a><div class=\"newsContent__article__meta\"><div class=\"newsContent__article__meta__authorBox\"><a href=\"https:\/\/www.suno.com.br\/noticias\/author\/guilhermeserranosilvagmail-com\/\" class=\"authorBox__avatar noMobi\"><img src=\"https:\/\/files.sunoresearch.com.br\/n\/uploads\/2023\/09\/WhatsApp-Image-2023-09-05-at-11.02.17-150x150.jpeg\" alt=\"Guilherme Serrano Silva\"><\/a><div class=\"authorBox__name\"><span>por\n\t\t\t<a href=\"https:\/\/www.suno.com.br\/noticias\/author\/guilhermeserranosilvagmail-com\/\"><span itemprop=\"author\">Guilherme Serrano Silva<\/span><\/a><\/span><time datetime=\"2024-02-21T20:47:24-03:00\" itemprop=\"datePublished\">21\/02\/2024 20:47<\/time><\/div><\/div><\/div><\/div><\/div>","single_layout":"posts","amp_enabled":true,"_links":{"self":[{"href":"https:\/\/www.suno.com.br\/noticias\/wp-json\/wp\/v2\/posts\/525413"}],"collection":[{"href":"https:\/\/www.suno.com.br\/noticias\/wp-json\/wp\/v2\/posts"}],"about":[{"href":"https:\/\/www.suno.com.br\/noticias\/wp-json\/wp\/v2\/types\/post"}],"author":[{"embeddable":true,"href":"https:\/\/www.suno.com.br\/noticias\/wp-json\/wp\/v2\/users\/322"}],"replies":[{"embeddable":true,"href":"https:\/\/www.suno.com.br\/noticias\/wp-json\/wp\/v2\/comments?post=525413"}],"version-history":[{"count":2,"href":"https:\/\/www.suno.com.br\/noticias\/wp-json\/wp\/v2\/posts\/525413\/revisions"}],"predecessor-version":[{"id":525421,"href":"https:\/\/www.suno.com.br\/noticias\/wp-json\/wp\/v2\/posts\/525413\/revisions\/525421"}],"wp:featuredmedia":[{"embeddable":true,"href":"https:\/\/www.suno.com.br\/noticias\/wp-json\/wp\/v2\/media\/126947"}],"wp:attachment":[{"href":"https:\/\/www.suno.com.br\/noticias\/wp-json\/wp\/v2\/media?parent=525413"}],"wp:term":[{"taxonomy":"category","embeddable":true,"href":"https:\/\/www.suno.com.br\/noticias\/wp-json\/wp\/v2\/categories?post=525413"},{"taxonomy":"post_tag","embeddable":true,"href":"https:\/\/www.suno.com.br\/noticias\/wp-json\/wp\/v2\/tags?post=525413"},{"taxonomy":"suno_strategy","embeddable":true,"href":"https:\/\/www.suno.com.br\/noticias\/wp-json\/wp\/v2\/suno_strategy?post=525413"}],"curies":[{"name":"wp","href":"https:\/\/api.w.org\/{rel}","templated":true}]}}