{"id":525409,"date":"2024-02-21T20:35:22","date_gmt":"2024-02-21T23:35:22","guid":{"rendered":"https:\/\/www.suno.com.br\/noticias\/?p=525409"},"modified":"2024-02-21T20:50:01","modified_gmt":"2024-02-21T23:50:01","slug":"weg-wege3-btg-pactual-projeta-alta-acoes-jvj","status":"publish","type":"post","link":"https:\/\/www.suno.com.br\/noticias\/weg-wege3-btg-pactual-projeta-alta-acoes-jvj\/","title":{"rendered":"WEG (WEGE3) tem lucro 28% superior ao esperado pelo BTG; banco projeta alta de 36,5% nas a\u00e7\u00f5es"},"content":{"rendered":"<p>As a\u00e7\u00f5es da <a class=\"suno-keyword\" data-force=\"yes\" data-priority=\"2\" href=\"https:\/\/www.suno.com.br\/acoes\/WEGE3\/\" target=\"_blank\" rel=\"noopener\"><strong>WEG<\/strong> (WEGE3)<\/a> encerraram a sess\u00e3o desta quarta-feira (21) em alta de 6,89%, a R$ 36,63, ap\u00f3s divulga\u00e7\u00e3o dos resultados do quarto trimestre de 2023 (4T23). A empresa tamb\u00e9m divulgou uma distribui\u00e7\u00e3o de <a class=\"suno-keyword\" data-force=\"no\" data-priority=\"1\" href=\"https:\/\/www.suno.com.br\/guias\/dividendos\/\" target=\"_blank\" rel=\"noopener\">dividendos<\/a> no valor de R$ 1,25 bilh\u00e3o e ainda prop\u00f4s um novo <a class=\"suno-keyword\" data-force=\"no\" data-priority=\"1\" href=\"https:\/\/www.suno.com.br\/artigos\/aumento-capital\/\" target=\"_blank\" rel=\"noopener\">aumento de capital<\/a> de R$ 1 bilh\u00e3o.<\/p>\t<div class=\"wrapper-featured-image\">\n\t\t<figure class=\"spotlightImg\">\n\n\t\t\t<picture>\n\t\t\t\t<source media=\"(max-width: 768px)\" srcset=\"https:\/\/files.sunoresearch.com.br\/n\/uploads\/2023\/07\/As-acoes-da-Weg-WEGE3-sobem-nesta-sexta-feira-27-no-Ibovespa-com-o-Goldman-Sachs-elevando-a-recomendacao-para-as-acoes-da-companhia-400x200.jpg\">\n\t\t\t\t<img loading=\"lazy\" decoding=\"async\" class=\"newsContent__article__imgCapa lazyloadDisabled \" src=\"https:\/\/files.sunoresearch.com.br\/n\/uploads\/2023\/07\/As-acoes-da-Weg-WEGE3-sobem-nesta-sexta-feira-27-no-Ibovespa-com-o-Goldman-Sachs-elevando-a-recomendacao-para-as-acoes-da-companhia-800x450.jpg\" width=\"800\" height=\"450\" alt=\"WEG (WEGE3) tem lucro 28% superior ao esperado pelo BTG; banco projeta alta de 36,5% nas a\u00e7\u00f5es\" fetchpriority=high \/>\n\t\t\t<\/picture>\n\n\t\t\t<figcaption class=\"wp-caption-text wp-caption-text--show\">WEG (WEGE3). Foto: Reprodu\u00e7\u00e3o.<\/figcaption>\n\t\t<\/figure>\n\t<\/div>\n\n\n\n\n\n\t<p>\n\t\t<a href=\"https:\/\/lp.suno.com.br\/ebook-como-analisar-uma-acao\/\" target=\"_blank\" data-element=\"shortcode-suno-banner\" title=\"Banner SUNO, clique e saiba mais\">\n\t\t\t<picture>\n\t\t\t\t<source media=\"(max-width: 500px)\" srcset=\"https:\/\/files.sunoresearch.com.br\/n\/uploads\/2023\/12\/Ebook-Acoes-Mobile.jpg\">\n\t\t\t\t<img class=\"newsContent__article__imgCapa newsContent__article__imgCapa--banner\"\n\t\t\t\t\tsrc=\"https:\/\/files.sunoresearch.com.br\/n\/uploads\/2023\/12\/Ebook-Acoes-Desktop.webp\"\n\t\t\t\t\tdata-promo-id=\"311260\"\t\t\t\t\t\t\t\t\t\twidth='1420' height='286'\t\t\t\t\talt=\"https:\/\/files.sunoresearch.com.br\/n\/uploads\/2023\/12\/Ebook-Acoes-Desktop.webp\"\n\t\t\t\t>\n\t\t\t<\/picture>\n\t\t<\/a>\n\t<\/p>\n\n\n\n\n\n<p>Em rela\u00e7\u00e3o aos <strong>resultados da WEG<\/strong> no 4T23, a companhia anunciou um <a class=\"suno-keyword\" target=\"_blank\" data-force=\"no\" data-priority=\"1\" href=\"https:\/\/www.suno.com.br\/artigos\/lucro-liquido\/\" rel=\"noopener\">lucro l\u00edquido<\/a> de R$ 1,744 bilh\u00e3o, com crescimento anual de 46,2%.<\/p>\n\n\n\n<p>Al\u00e9m disso, a <a class=\"suno-keyword\" target=\"_blank\" data-force=\"no\" data-priority=\"1\" href=\"https:\/\/www.suno.com.br\/artigos\/margem-ebitda\/\" rel=\"noopener\">margem Ebitda<\/a> avan\u00e7ou 1,9 ponto percentual (p.p.), na compara\u00e7\u00e3o anual, chegando a 21,4%. A <a class=\"suno-keyword\" target=\"_blank\" data-force=\"no\" data-priority=\"1\" href=\"https:\/\/www.suno.com.br\/artigos\/o-que-receita-liquida\/\" rel=\"noopener\">receita l\u00edquida<\/a> cresceu 7,3% no 4T23 (quando comparado ao 4T22), atingindo a marca de R$ 8,561 bilh\u00f5es.<\/p>\n\n\n\t<div data-element=\"shortcode-read-more\" class=\"knowMore\">\n\t\t\t\t<span class=\"knowMore__title\">Leia mais<\/span>\n\t\t\t\t<a class=\"knowMore__link\" href=\"https:\/\/www.suno.com.br\/noticias\/itau-itub4-madonna-novo-comercial-gss\/\">\n\t\t\tIta\u00fa (ITUB4) &#039;entrega&#039; \u00e0 Madonna cria\u00e7\u00e3o de novo comercial da campanha de 100 anos do banco\t\t<\/a>\n\t<\/div>\n\n\n\n\n<p>O BTG Pactual diz que o <strong>balan\u00e7o da WEG<\/strong> seguiu, em sua maioria, alinhado com as expectativas do banco, como no caso da receita l\u00edquida e do Ebtida (R$ 1,8 bilh\u00e3o). J\u00e1 o lucro l\u00edquido foi 28% superior \u00e0 expectativa do BTG.<\/p>\n\n\n\n<p>O BTG diz que esse resultado foi impactado de forma positiva pelo fato de a empresa reconhecer os cr\u00e9ditos fiscais da nova subsidi\u00e1ria situada na Su\u00ed\u00e7a.<\/p>\n\n\n\n<p>\u201cApesar de estar em conformidade com a decis\u00e3o da OCDE, n\u00e3o acreditamos que o incentivo fiscal da transfer\u00eancia da unidade de com\u00e9rcio da \u00c1ustria para a Su\u00ed\u00e7a mude os impactos esperados da maior taxa de imposto decorrente da nova regra de pre\u00e7os de transfer\u00eancia (sem mudan\u00e7a estrutural nas margens l\u00edquidas)\u201d, diz o BTG.<\/p>\n\n\n\n<p>O banco recomenda a compra das <strong>a\u00e7\u00f5es da WEG<\/strong>, e coloca um pre\u00e7o-alvo de R$ 50, cerca de 36,5% acima da cota\u00e7\u00e3o atual.<\/p>\n\n\n\n<h2 class=\"wp-block-heading\">Safra e Goldman Sachs t\u00eam recomenda\u00e7\u00e3o neutra para a\u00e7\u00f5es da WEG<\/h2>\n\n\n\n<p>Os especialistas do banco Safra tamb\u00e9m destacaram os melhores resultados obtidos pela WEG, citando que o faturamento trimestral foi impactado positivamente pelos resultados do <a class=\"suno-keyword\" data-force=\"no\" data-priority=\"1\" href=\"https:\/\/www.suno.com.br\/artigos\/mercado-externo\/\" target=\"_blank\" rel=\"noopener\">mercado externo<\/a> e interno. <\/p>\n\n\n\n<p>Apesar disso, os analistas do Safra t\u00eam recomenda\u00e7\u00e3o neutra para a <strong>a\u00e7\u00e3o da WEG<\/strong>, com pre\u00e7o-alvo de R$ 42,70 (potencial de alta de 16,57% sobre o pre\u00e7o atual do papel).<\/p>\n\n\n\n<p>O Goldman Sachs tem essa mesma perspectiva, mas est\u00e1 cauteloso com a perspectiva de que o contexto atual da companhia pode n\u00e3o se sustentar no <a class=\"suno-keyword\" target=\"_blank\" data-force=\"no\" data-priority=\"1\" href=\"https:\/\/www.suno.com.br\/artigos\/longo-prazo\/\" rel=\"noopener\">longo prazo<\/a>. O banco explica que, embora o crescimento da receita tenha sido positivo, ele ainda se encontra na casa de um d\u00edgito. Al\u00e9m disso, os especialistas esperam aumento de impostos em 2024 e uma poss\u00edvel contra\u00e7\u00e3o da margem Ebtida da empresa.<\/p>\n\n\n\n<p>Assim como o Safra, o Goldman Sachs reitera sua recomenda\u00e7\u00e3o neutra para <strong>a\u00e7\u00e3o WEGE3<\/strong>, mas seu pre\u00e7o-alvo \u00e9 de R$ 38,40.<\/p>\n\n\n\n<p>J\u00e1 o Ita\u00fa BBA destaca a \u201cboa evolu\u00e7\u00e3o\u201d observada nos resultados da <strong>WEG<\/strong>, com o <a class=\"suno-keyword\" target=\"_blank\" data-force=\"no\" data-priority=\"1\" href=\"https:\/\/www.suno.com.br\/artigos\/lpa-lucro-por-acao\/\" rel=\"noopener\">lucro por a\u00e7\u00e3o<\/a> (LPA) da companhia superando em cerca de 10% as expectativas dos analistas da casa.<\/p>\n\n\n\t<p>\n\t\t<a href=\"https:\/\/lp2.suno.com.br\/cl\/black-friday-2025\/?utm_campaign=_SNCDF0E4858_\" target=\"_blank\" data-element=\"shortcode-suno-banner\" title=\"Banner SUNO, clique e saiba mais\">\n\t\t\t<picture>\n\t\t\t\t<source media=\"(max-width: 500px)\" srcset=\"https:\/\/files.sunoresearch.com.br\/n\/uploads\/2025\/10\/Artigos-e-Noticias-Banner-Home-artigos-01-Mobile_-400x300-1-png.webp\">\n\t\t\t\t<img class=\"newsContent__article__imgCapa newsContent__article__imgCapa--banner\"\n\t\t\t\t\tsrc=\"https:\/\/files.sunoresearch.com.br\/n\/uploads\/2025\/10\/Artigos-e-Noticias-Banner-Home-artigos-01-Desktop_-1420x240-1-png.webp\"\n\t\t\t\t\tdata-promo-id=\"311259\"\t\t\t\t\t\t\t\t\t\twidth='1420' height='240'\t\t\t\t\talt=\"https:\/\/files.sunoresearch.com.br\/n\/uploads\/2025\/10\/Artigos-e-Noticias-Banner-Home-artigos-01-Desktop_-1420x240-1-png.webp\"\n\t\t\t\t>\n\t\t\t<\/picture>\n\t\t<\/a>\n\t<\/p>\n\n\n","protected":false},"excerpt":{"rendered":"<p>As a\u00e7\u00f5es da WEG (WEGE3) encerraram a sess\u00e3o desta quarta-feira (21) em alta de 6,89%, a R$ 36,63, ap\u00f3s divulga\u00e7\u00e3o dos resultados do quarto trimestre de 2023 (4T23). A empresa tamb\u00e9m divulgou uma distribui\u00e7\u00e3o de dividendos no valor de R$ 1,25 bilh\u00e3o e ainda prop\u00f4s um novo aumento de capital de R$ 1 bilh\u00e3o. WEG [&hellip;]<\/p>\n","protected":false},"author":173,"featured_media":435018,"comment_status":"closed","ping_status":"closed","sticky":false,"template":"","format":"standard","meta":[],"categories":[64],"tags":[681],"suno_strategy":[],"class_list":["post-525409","post","type-post","status-publish","format-standard","has-post-thumbnail","hentry","category-negocios","tag-weg-wege3"],"yoast_head":"<!-- This site is optimized with the Yoast SEO plugin v24.4 - https:\/\/yoast.com\/wordpress\/plugins\/seo\/ -->\n<title>WEG (WEGE3): BTG Pactual projeta alta de 36,5% nas a\u00e7\u00f5es<\/title>\n<meta name=\"description\" content=\"O BTG Pactual estima alta de 36,5% para as a\u00e7\u00f5es da WEG (WEGE3). Veja o que chamou a aten\u00e7\u00e3o dos especialistas nos resultados da empresa.\" \/>\n<meta name=\"robots\" content=\"index, follow, max-snippet:-1, max-image-preview:large, max-video-preview:-1\" \/>\n<link rel=\"canonical\" href=\"https:\/\/www.suno.com.br\/noticias\/weg-wege3-btg-pactual-projeta-alta-acoes-jvj\/\" \/>\n<meta property=\"og:locale\" content=\"pt_BR\" \/>\n<meta property=\"og:type\" content=\"article\" \/>\n<meta property=\"og:title\" content=\"WEG (WEGE3): BTG Pactual projeta alta de 36,5% nas a\u00e7\u00f5es\" \/>\n<meta property=\"og:description\" content=\"O BTG Pactual estima alta de 36,5% para as a\u00e7\u00f5es da WEG (WEGE3). Veja o que chamou a aten\u00e7\u00e3o dos especialistas nos resultados da empresa.\" \/>\n<meta property=\"og:url\" content=\"https:\/\/www.suno.com.br\/noticias\/weg-wege3-btg-pactual-projeta-alta-acoes-jvj\/\" \/>\n<meta property=\"og:site_name\" content=\"Suno Not\u00edcias\" \/>\n<meta property=\"article:publisher\" content=\"https:\/\/facebook.com\/sunoresearch\" \/>\n<meta property=\"og:image\" content=\"https:\/\/files.sunoresearch.com.br\/n\/uploads\/2023\/07\/As-acoes-da-Weg-WEGE3-sobem-nesta-sexta-feira-27-no-Ibovespa-com-o-Goldman-Sachs-elevando-a-recomendacao-para-as-acoes-da-companhia.jpg\" \/>\n\t<meta property=\"og:image:width\" content=\"1200\" \/>\n\t<meta property=\"og:image:height\" content=\"675\" \/>\n\t<meta property=\"og:image:type\" content=\"image\/jpeg\" \/>\n<meta name=\"author\" content=\"Jo\u00e3o Vitor\" \/>\n<meta name=\"twitter:card\" content=\"summary_large_image\" \/>\n<meta name=\"twitter:creator\" content=\"@sunoresearch\" \/>\n<meta name=\"twitter:site\" content=\"@sunoresearch\" \/>\n<meta name=\"twitter:label1\" content=\"Escrito por\" \/>\n\t<meta name=\"twitter:data1\" content=\"Jo\u00e3o Vitor\" \/>\n\t<meta name=\"twitter:label2\" content=\"Est. tempo de leitura\" \/>\n\t<meta name=\"twitter:data2\" content=\"3 minutos\" \/>\n<script type=\"application\/ld+json\" class=\"yoast-schema-graph\">{\"@context\":\"https:\/\/schema.org\",\"@graph\":[{\"@type\":\"NewsArticle\",\"@id\":\"https:\/\/www.suno.com.br\/noticias\/weg-wege3-btg-pactual-projeta-alta-acoes-jvj\/#article\",\"isPartOf\":{\"@id\":\"https:\/\/www.suno.com.br\/noticias\/weg-wege3-btg-pactual-projeta-alta-acoes-jvj\/\"},\"author\":{\"name\":\"Jo\u00e3o Vitor\",\"@id\":\"https:\/\/www.suno.com.br\/noticias\/#\/schema\/person\/87fc6973867c52dd884811905c43afba\"},\"headline\":\"WEG (WEGE3) tem lucro 28% superior ao esperado pelo BTG; banco projeta alta de 36,5% nas a\u00e7\u00f5es\",\"datePublished\":\"2024-02-21T23:35:22+00:00\",\"dateModified\":\"2024-02-21T23:50:01+00:00\",\"mainEntityOfPage\":{\"@id\":\"https:\/\/www.suno.com.br\/noticias\/weg-wege3-btg-pactual-projeta-alta-acoes-jvj\/\"},\"wordCount\":499,\"publisher\":{\"@id\":\"https:\/\/www.suno.com.br\/noticias\/#organization\"},\"image\":{\"@id\":\"https:\/\/www.suno.com.br\/noticias\/weg-wege3-btg-pactual-projeta-alta-acoes-jvj\/#primaryimage\"},\"thumbnailUrl\":\"https:\/\/files.sunoresearch.com.br\/n\/uploads\/2023\/07\/As-acoes-da-Weg-WEGE3-sobem-nesta-sexta-feira-27-no-Ibovespa-com-o-Goldman-Sachs-elevando-a-recomendacao-para-as-acoes-da-companhia.jpg\",\"keywords\":[\"Weg (WEGE3)\"],\"articleSection\":[\"Neg\u00f3cios\"],\"inLanguage\":\"pt-BR\"},{\"@type\":\"WebPage\",\"@id\":\"https:\/\/www.suno.com.br\/noticias\/weg-wege3-btg-pactual-projeta-alta-acoes-jvj\/\",\"url\":\"https:\/\/www.suno.com.br\/noticias\/weg-wege3-btg-pactual-projeta-alta-acoes-jvj\/\",\"name\":\"WEG (WEGE3): BTG Pactual projeta alta de 36,5% nas a\u00e7\u00f5es\",\"isPartOf\":{\"@id\":\"https:\/\/www.suno.com.br\/noticias\/#website\"},\"primaryImageOfPage\":{\"@id\":\"https:\/\/www.suno.com.br\/noticias\/weg-wege3-btg-pactual-projeta-alta-acoes-jvj\/#primaryimage\"},\"image\":{\"@id\":\"https:\/\/www.suno.com.br\/noticias\/weg-wege3-btg-pactual-projeta-alta-acoes-jvj\/#primaryimage\"},\"thumbnailUrl\":\"https:\/\/files.sunoresearch.com.br\/n\/uploads\/2023\/07\/As-acoes-da-Weg-WEGE3-sobem-nesta-sexta-feira-27-no-Ibovespa-com-o-Goldman-Sachs-elevando-a-recomendacao-para-as-acoes-da-companhia.jpg\",\"datePublished\":\"2024-02-21T23:35:22+00:00\",\"dateModified\":\"2024-02-21T23:50:01+00:00\",\"description\":\"O BTG Pactual estima alta de 36,5% para as a\u00e7\u00f5es da WEG (WEGE3). Veja o que chamou a aten\u00e7\u00e3o dos especialistas nos resultados da empresa.\",\"breadcrumb\":{\"@id\":\"https:\/\/www.suno.com.br\/noticias\/weg-wege3-btg-pactual-projeta-alta-acoes-jvj\/#breadcrumb\"},\"inLanguage\":\"pt-BR\",\"potentialAction\":[{\"@type\":\"ReadAction\",\"target\":[\"https:\/\/www.suno.com.br\/noticias\/weg-wege3-btg-pactual-projeta-alta-acoes-jvj\/\"]}]},{\"@type\":\"ImageObject\",\"inLanguage\":\"pt-BR\",\"@id\":\"https:\/\/www.suno.com.br\/noticias\/weg-wege3-btg-pactual-projeta-alta-acoes-jvj\/#primaryimage\",\"url\":\"https:\/\/files.sunoresearch.com.br\/n\/uploads\/2023\/07\/As-acoes-da-Weg-WEGE3-sobem-nesta-sexta-feira-27-no-Ibovespa-com-o-Goldman-Sachs-elevando-a-recomendacao-para-as-acoes-da-companhia.jpg\",\"contentUrl\":\"https:\/\/files.sunoresearch.com.br\/n\/uploads\/2023\/07\/As-acoes-da-Weg-WEGE3-sobem-nesta-sexta-feira-27-no-Ibovespa-com-o-Goldman-Sachs-elevando-a-recomendacao-para-as-acoes-da-companhia.jpg\",\"width\":1200,\"height\":675,\"caption\":\"WEG (WEGE3). Foto: Reprodu\u00e7\u00e3o.\"},{\"@type\":\"BreadcrumbList\",\"@id\":\"https:\/\/www.suno.com.br\/noticias\/weg-wege3-btg-pactual-projeta-alta-acoes-jvj\/#breadcrumb\",\"itemListElement\":[{\"@type\":\"ListItem\",\"position\":1,\"name\":\"Not\u00edcias\",\"item\":\"https:\/\/www.suno.com.br\/noticias\/\"},{\"@type\":\"ListItem\",\"position\":2,\"name\":\"Neg\u00f3cios\",\"item\":\"https:\/\/www.suno.com.br\/noticias\/negocios\/\"},{\"@type\":\"ListItem\",\"position\":3,\"name\":\"WEG (WEGE3) tem lucro 28% superior ao esperado pelo BTG; banco projeta alta de 36,5% nas a\u00e7\u00f5es\"}]},{\"@type\":\"WebSite\",\"@id\":\"https:\/\/www.suno.com.br\/noticias\/#website\",\"url\":\"https:\/\/www.suno.com.br\/noticias\/\",\"name\":\"Suno Not\u00edcias\",\"description\":\"Seu portal de informa\u00e7\u00e3o sobre o mundo dos investimentos\",\"publisher\":{\"@id\":\"https:\/\/www.suno.com.br\/noticias\/#organization\"},\"potentialAction\":[{\"@type\":\"SearchAction\",\"target\":{\"@type\":\"EntryPoint\",\"urlTemplate\":\"https:\/\/www.suno.com.br\/noticias\/?s={search_term_string}\"},\"query-input\":{\"@type\":\"PropertyValueSpecification\",\"valueRequired\":true,\"valueName\":\"search_term_string\"}}],\"inLanguage\":\"pt-BR\"},{\"@type\":\"Organization\",\"@id\":\"https:\/\/www.suno.com.br\/noticias\/#organization\",\"name\":\"Suno Not\u00edcias\",\"url\":\"https:\/\/www.suno.com.br\/noticias\/\",\"logo\":{\"@type\":\"ImageObject\",\"inLanguage\":\"pt-BR\",\"@id\":\"https:\/\/www.suno.com.br\/noticias\/#\/schema\/logo\/image\/\",\"url\":\"https:\/\/files.sunoresearch.com.br\/n\/uploads\/2021\/09\/suno-logo.png\",\"contentUrl\":\"https:\/\/files.sunoresearch.com.br\/n\/uploads\/2021\/09\/suno-logo.png\",\"width\":180,\"height\":180,\"caption\":\"Suno Not\u00edcias\"},\"image\":{\"@id\":\"https:\/\/www.suno.com.br\/noticias\/#\/schema\/logo\/image\/\"},\"sameAs\":[\"https:\/\/facebook.com\/sunoresearch\",\"https:\/\/x.com\/sunoresearch\",\"https:\/\/www.instagram.com\/suno\",\"https:\/\/www.linkedin.com\/company\/suno-research\/\",\"https:\/\/www.youtube.com\/c\/sunoresearch\"]},{\"@type\":\"Person\",\"@id\":\"https:\/\/www.suno.com.br\/noticias\/#\/schema\/person\/87fc6973867c52dd884811905c43afba\",\"name\":\"Jo\u00e3o Vitor\",\"image\":{\"@type\":\"ImageObject\",\"inLanguage\":\"pt-BR\",\"@id\":\"https:\/\/www.suno.com.br\/noticias\/#\/schema\/person\/image\/\",\"url\":\"https:\/\/secure.gravatar.com\/avatar\/2843227ca03ccf8cc7ccca45204c127e?s=96&r=g\",\"contentUrl\":\"https:\/\/secure.gravatar.com\/avatar\/2843227ca03ccf8cc7ccca45204c127e?s=96&r=g\",\"caption\":\"Jo\u00e3o Vitor\"},\"description\":\"Redator profissional, com atua\u00e7\u00e3o no mercado editorial na produ\u00e7\u00e3o de not\u00edcias e conte\u00fados sobre o mercado de a\u00e7\u00f5es, fundos imobili\u00e1rios e economia popular. Graduando em Engenharia Qu\u00edmica pela Unesp, tamb\u00e9m j\u00e1 atuou como consultor financeiro.\",\"url\":\"https:\/\/www.suno.com.br\/noticias\/author\/joao-vitor-jacintho\/\"}]}<\/script>\n<!-- \/ Yoast SEO plugin. -->","yoast_head_json":{"title":"WEG (WEGE3): BTG Pactual projeta alta de 36,5% nas a\u00e7\u00f5es","description":"O BTG Pactual estima alta de 36,5% para as a\u00e7\u00f5es da WEG (WEGE3). Veja o que chamou a aten\u00e7\u00e3o dos especialistas nos resultados da empresa.","robots":{"index":"index","follow":"follow","max-snippet":"max-snippet:-1","max-image-preview":"max-image-preview:large","max-video-preview":"max-video-preview:-1"},"canonical":"https:\/\/www.suno.com.br\/noticias\/weg-wege3-btg-pactual-projeta-alta-acoes-jvj\/","og_locale":"pt_BR","og_type":"article","og_title":"WEG (WEGE3): BTG Pactual projeta alta de 36,5% nas a\u00e7\u00f5es","og_description":"O BTG Pactual estima alta de 36,5% para as a\u00e7\u00f5es da WEG (WEGE3). Veja o que chamou a aten\u00e7\u00e3o dos especialistas nos resultados da empresa.","og_url":"https:\/\/www.suno.com.br\/noticias\/weg-wege3-btg-pactual-projeta-alta-acoes-jvj\/","og_site_name":"Suno Not\u00edcias","article_publisher":"https:\/\/facebook.com\/sunoresearch","og_image":[{"width":1200,"height":675,"url":"https:\/\/files.sunoresearch.com.br\/n\/uploads\/2023\/07\/As-acoes-da-Weg-WEGE3-sobem-nesta-sexta-feira-27-no-Ibovespa-com-o-Goldman-Sachs-elevando-a-recomendacao-para-as-acoes-da-companhia.jpg","type":"image\/jpeg"}],"author":"Jo\u00e3o Vitor","twitter_card":"summary_large_image","twitter_creator":"@sunoresearch","twitter_site":"@sunoresearch","twitter_misc":{"Escrito por":"Jo\u00e3o Vitor","Est. tempo de leitura":"3 minutos"},"schema":{"@context":"https:\/\/schema.org","@graph":[{"@type":"NewsArticle","@id":"https:\/\/www.suno.com.br\/noticias\/weg-wege3-btg-pactual-projeta-alta-acoes-jvj\/#article","isPartOf":{"@id":"https:\/\/www.suno.com.br\/noticias\/weg-wege3-btg-pactual-projeta-alta-acoes-jvj\/"},"author":{"name":"Jo\u00e3o Vitor","@id":"https:\/\/www.suno.com.br\/noticias\/#\/schema\/person\/87fc6973867c52dd884811905c43afba"},"headline":"WEG (WEGE3) tem lucro 28% superior ao esperado pelo BTG; banco projeta alta de 36,5% nas a\u00e7\u00f5es","datePublished":"2024-02-21T23:35:22+00:00","dateModified":"2024-02-21T23:50:01+00:00","mainEntityOfPage":{"@id":"https:\/\/www.suno.com.br\/noticias\/weg-wege3-btg-pactual-projeta-alta-acoes-jvj\/"},"wordCount":499,"publisher":{"@id":"https:\/\/www.suno.com.br\/noticias\/#organization"},"image":{"@id":"https:\/\/www.suno.com.br\/noticias\/weg-wege3-btg-pactual-projeta-alta-acoes-jvj\/#primaryimage"},"thumbnailUrl":"https:\/\/files.sunoresearch.com.br\/n\/uploads\/2023\/07\/As-acoes-da-Weg-WEGE3-sobem-nesta-sexta-feira-27-no-Ibovespa-com-o-Goldman-Sachs-elevando-a-recomendacao-para-as-acoes-da-companhia.jpg","keywords":["Weg (WEGE3)"],"articleSection":["Neg\u00f3cios"],"inLanguage":"pt-BR"},{"@type":"WebPage","@id":"https:\/\/www.suno.com.br\/noticias\/weg-wege3-btg-pactual-projeta-alta-acoes-jvj\/","url":"https:\/\/www.suno.com.br\/noticias\/weg-wege3-btg-pactual-projeta-alta-acoes-jvj\/","name":"WEG (WEGE3): BTG Pactual projeta alta de 36,5% nas a\u00e7\u00f5es","isPartOf":{"@id":"https:\/\/www.suno.com.br\/noticias\/#website"},"primaryImageOfPage":{"@id":"https:\/\/www.suno.com.br\/noticias\/weg-wege3-btg-pactual-projeta-alta-acoes-jvj\/#primaryimage"},"image":{"@id":"https:\/\/www.suno.com.br\/noticias\/weg-wege3-btg-pactual-projeta-alta-acoes-jvj\/#primaryimage"},"thumbnailUrl":"https:\/\/files.sunoresearch.com.br\/n\/uploads\/2023\/07\/As-acoes-da-Weg-WEGE3-sobem-nesta-sexta-feira-27-no-Ibovespa-com-o-Goldman-Sachs-elevando-a-recomendacao-para-as-acoes-da-companhia.jpg","datePublished":"2024-02-21T23:35:22+00:00","dateModified":"2024-02-21T23:50:01+00:00","description":"O BTG Pactual estima alta de 36,5% para as a\u00e7\u00f5es da WEG (WEGE3). Veja o que chamou a aten\u00e7\u00e3o dos especialistas nos resultados da empresa.","breadcrumb":{"@id":"https:\/\/www.suno.com.br\/noticias\/weg-wege3-btg-pactual-projeta-alta-acoes-jvj\/#breadcrumb"},"inLanguage":"pt-BR","potentialAction":[{"@type":"ReadAction","target":["https:\/\/www.suno.com.br\/noticias\/weg-wege3-btg-pactual-projeta-alta-acoes-jvj\/"]}]},{"@type":"ImageObject","inLanguage":"pt-BR","@id":"https:\/\/www.suno.com.br\/noticias\/weg-wege3-btg-pactual-projeta-alta-acoes-jvj\/#primaryimage","url":"https:\/\/files.sunoresearch.com.br\/n\/uploads\/2023\/07\/As-acoes-da-Weg-WEGE3-sobem-nesta-sexta-feira-27-no-Ibovespa-com-o-Goldman-Sachs-elevando-a-recomendacao-para-as-acoes-da-companhia.jpg","contentUrl":"https:\/\/files.sunoresearch.com.br\/n\/uploads\/2023\/07\/As-acoes-da-Weg-WEGE3-sobem-nesta-sexta-feira-27-no-Ibovespa-com-o-Goldman-Sachs-elevando-a-recomendacao-para-as-acoes-da-companhia.jpg","width":1200,"height":675,"caption":"WEG (WEGE3). Foto: Reprodu\u00e7\u00e3o."},{"@type":"BreadcrumbList","@id":"https:\/\/www.suno.com.br\/noticias\/weg-wege3-btg-pactual-projeta-alta-acoes-jvj\/#breadcrumb","itemListElement":[{"@type":"ListItem","position":1,"name":"Not\u00edcias","item":"https:\/\/www.suno.com.br\/noticias\/"},{"@type":"ListItem","position":2,"name":"Neg\u00f3cios","item":"https:\/\/www.suno.com.br\/noticias\/negocios\/"},{"@type":"ListItem","position":3,"name":"WEG (WEGE3) tem lucro 28% superior ao esperado pelo BTG; banco projeta alta de 36,5% nas a\u00e7\u00f5es"}]},{"@type":"WebSite","@id":"https:\/\/www.suno.com.br\/noticias\/#website","url":"https:\/\/www.suno.com.br\/noticias\/","name":"Suno Not\u00edcias","description":"Seu portal de informa\u00e7\u00e3o sobre o mundo dos investimentos","publisher":{"@id":"https:\/\/www.suno.com.br\/noticias\/#organization"},"potentialAction":[{"@type":"SearchAction","target":{"@type":"EntryPoint","urlTemplate":"https:\/\/www.suno.com.br\/noticias\/?s={search_term_string}"},"query-input":{"@type":"PropertyValueSpecification","valueRequired":true,"valueName":"search_term_string"}}],"inLanguage":"pt-BR"},{"@type":"Organization","@id":"https:\/\/www.suno.com.br\/noticias\/#organization","name":"Suno Not\u00edcias","url":"https:\/\/www.suno.com.br\/noticias\/","logo":{"@type":"ImageObject","inLanguage":"pt-BR","@id":"https:\/\/www.suno.com.br\/noticias\/#\/schema\/logo\/image\/","url":"https:\/\/files.sunoresearch.com.br\/n\/uploads\/2021\/09\/suno-logo.png","contentUrl":"https:\/\/files.sunoresearch.com.br\/n\/uploads\/2021\/09\/suno-logo.png","width":180,"height":180,"caption":"Suno Not\u00edcias"},"image":{"@id":"https:\/\/www.suno.com.br\/noticias\/#\/schema\/logo\/image\/"},"sameAs":["https:\/\/facebook.com\/sunoresearch","https:\/\/x.com\/sunoresearch","https:\/\/www.instagram.com\/suno","https:\/\/www.linkedin.com\/company\/suno-research\/","https:\/\/www.youtube.com\/c\/sunoresearch"]},{"@type":"Person","@id":"https:\/\/www.suno.com.br\/noticias\/#\/schema\/person\/87fc6973867c52dd884811905c43afba","name":"Jo\u00e3o Vitor","image":{"@type":"ImageObject","inLanguage":"pt-BR","@id":"https:\/\/www.suno.com.br\/noticias\/#\/schema\/person\/image\/","url":"https:\/\/secure.gravatar.com\/avatar\/2843227ca03ccf8cc7ccca45204c127e?s=96&r=g","contentUrl":"https:\/\/secure.gravatar.com\/avatar\/2843227ca03ccf8cc7ccca45204c127e?s=96&r=g","caption":"Jo\u00e3o Vitor"},"description":"Redator profissional, com atua\u00e7\u00e3o no mercado editorial na produ\u00e7\u00e3o de not\u00edcias e conte\u00fados sobre o mercado de a\u00e7\u00f5es, fundos imobili\u00e1rios e economia popular. Graduando em Engenharia Qu\u00edmica pela Unesp, tamb\u00e9m j\u00e1 atuou como consultor financeiro.","url":"https:\/\/www.suno.com.br\/noticias\/author\/joao-vitor-jacintho\/"}]}},"default_loop_html":"<div class=\"cardsPage__listCard__boxs\"><div class=\"cardsPage__listCard__boxs__img\"><a href=\"https:\/\/www.suno.com.br\/noticias\/weg-wege3-btg-pactual-projeta-alta-acoes-jvj\/\"><img class=\"mask\" src=\"https:\/\/www.suno.com.br\/noticias\/wp-content\/themes\/suno\/resources\/images\/spotlight\/spotlight1img\/bg-mask.png\" alt=\"Image Mask\"\/><img src=\"https:\/\/files.sunoresearch.com.br\/n\/uploads\/2023\/07\/As-acoes-da-Weg-WEGE3-sobem-nesta-sexta-feira-27-no-Ibovespa-com-o-Goldman-Sachs-elevando-a-recomendacao-para-as-acoes-da-companhia-400x200.jpg\" alt=\"WEG (WEGE3) tem lucro 28% superior ao esperado pelo BTG; banco projeta alta de 36,5% nas a\u00e7\u00f5es\"\/><\/a><span class=\"spotlightCategory\"><a href=\"https:\/\/www.suno.com.br\/noticias\/negocios\/\">Neg\u00f3cios<\/a><\/span><\/div><div class=\"cardsPage__listCard__boxs__content\"><a href=\"https:\/\/www.suno.com.br\/noticias\/weg-wege3-btg-pactual-projeta-alta-acoes-jvj\/\"><h2 class=\"content__title\">WEG (WEGE3) tem lucro 28% superior ao esperado pelo BTG; banco projeta alta de 36,5% nas a\u00e7\u00f5es<\/h2><\/a><div class=\"newsContent__article__meta\"><div class=\"newsContent__article__meta__authorBox\"><a href=\"https:\/\/www.suno.com.br\/noticias\/author\/joao-vitor-jacintho\/\" class=\"authorBox__avatar noMobi\"><img src=\"https:\/\/secure.gravatar.com\/avatar\/2843227ca03ccf8cc7ccca45204c127e?s=96&#038;r=g\" alt=\"Jo\u00e3o Vitor Jacintho\"><\/a><div class=\"authorBox__name\"><span>por\n\t\t\t<a href=\"https:\/\/www.suno.com.br\/noticias\/author\/joao-vitor-jacintho\/\"><span itemprop=\"author\">Jo\u00e3o Vitor Jacintho<\/span><\/a><\/span><time datetime=\"2024-02-21T20:35:22-03:00\" itemprop=\"datePublished\">21\/02\/2024 20:35<\/time><\/div><\/div><\/div><\/div><\/div>","single_layout":"posts","amp_enabled":true,"_links":{"self":[{"href":"https:\/\/www.suno.com.br\/noticias\/wp-json\/wp\/v2\/posts\/525409"}],"collection":[{"href":"https:\/\/www.suno.com.br\/noticias\/wp-json\/wp\/v2\/posts"}],"about":[{"href":"https:\/\/www.suno.com.br\/noticias\/wp-json\/wp\/v2\/types\/post"}],"author":[{"embeddable":true,"href":"https:\/\/www.suno.com.br\/noticias\/wp-json\/wp\/v2\/users\/173"}],"replies":[{"embeddable":true,"href":"https:\/\/www.suno.com.br\/noticias\/wp-json\/wp\/v2\/comments?post=525409"}],"version-history":[{"count":2,"href":"https:\/\/www.suno.com.br\/noticias\/wp-json\/wp\/v2\/posts\/525409\/revisions"}],"predecessor-version":[{"id":525423,"href":"https:\/\/www.suno.com.br\/noticias\/wp-json\/wp\/v2\/posts\/525409\/revisions\/525423"}],"wp:featuredmedia":[{"embeddable":true,"href":"https:\/\/www.suno.com.br\/noticias\/wp-json\/wp\/v2\/media\/435018"}],"wp:attachment":[{"href":"https:\/\/www.suno.com.br\/noticias\/wp-json\/wp\/v2\/media?parent=525409"}],"wp:term":[{"taxonomy":"category","embeddable":true,"href":"https:\/\/www.suno.com.br\/noticias\/wp-json\/wp\/v2\/categories?post=525409"},{"taxonomy":"post_tag","embeddable":true,"href":"https:\/\/www.suno.com.br\/noticias\/wp-json\/wp\/v2\/tags?post=525409"},{"taxonomy":"suno_strategy","embeddable":true,"href":"https:\/\/www.suno.com.br\/noticias\/wp-json\/wp\/v2\/suno_strategy?post=525409"}],"curies":[{"name":"wp","href":"https:\/\/api.w.org\/{rel}","templated":true}]}}