{"id":525344,"date":"2024-02-21T18:30:08","date_gmt":"2024-02-21T21:30:08","guid":{"rendered":"https:\/\/www.suno.com.br\/noticias\/?p=525344"},"modified":"2024-02-21T18:30:11","modified_gmt":"2024-02-21T21:30:11","slug":"ata-fomc-inflacao-acima-meta-riscos-diminuiram-gss","status":"publish","type":"post","link":"https:\/\/www.suno.com.br\/noticias\/ata-fomc-inflacao-acima-meta-riscos-diminuiram-gss\/","title":{"rendered":"Ata do Fomc indica infla\u00e7\u00e3o elevada, apesar de riscos altistas terem diminu\u00eddo"},"content":{"rendered":"<p>Os dirigentes do Federal Reserve (Fed, o banco central norte-americano) avaliaram na reuni\u00e3o de <a class=\"suno-keyword\" data-force=\"no\" data-priority=\"1\" href=\"https:\/\/www.suno.com.br\/artigos\/politica-monetaria\/\" target=\"_blank\" rel=\"noopener\">pol\u00edtica monet\u00e1ria<\/a> de janeiro, que os riscos altistas para infla\u00e7\u00e3o diminu\u00edram, segundo mostra a <strong>ata do Fomc<\/strong>, divulgada nesta quarta-feira (21). Por\u00e9m, eles destacaram que a infla\u00e7\u00e3o continua acima da meta de 2% ao ano.<\/p>\t<div class=\"wrapper-featured-image\">\n\t\t<figure class=\"spotlightImg\">\n\n\t\t\t<picture>\n\t\t\t\t<source media=\"(max-width: 768px)\" srcset=\"https:\/\/files.sunoresearch.com.br\/n\/uploads\/2022\/04\/jerome_powell-400x200.jpg\">\n\t\t\t\t<img loading=\"lazy\" decoding=\"async\" class=\"newsContent__article__imgCapa lazyloadDisabled \" src=\"https:\/\/files.sunoresearch.com.br\/n\/uploads\/2022\/04\/jerome_powell-800x450.jpg\" width=\"800\" height=\"450\" alt=\"Ata do Fomc indica infla\u00e7\u00e3o elevada, apesar de riscos altistas terem diminu\u00eddo\" fetchpriority=high \/>\n\t\t\t<\/picture>\n\n\t\t\t<figcaption class=\"wp-caption-text wp-caption-text--show\">Jerome Powell, presidente do Federal Reserve. Foto: Wikimedia Commons <\/figcaption>\n\t\t<\/figure>\n\t<\/div>\n\n\n\n\n\n\n\n\t<p>\n\t\t<a href=\"\" target=\"_blank\" data-element=\"shortcode-suno-banner\" title=\"Banner SUNO, clique e saiba mais\">\n\t\t\t<picture>\n\t\t\t\t<source media=\"(max-width: 500px)\" srcset=\"\">\n\t\t\t\t<img class=\"newsContent__article__imgCapa newsContent__article__imgCapa--banner\"\n\t\t\t\t\tsrc=\"\"\n\t\t\t\t\tdata-promo-id=\"240038\"\t\t\t\t\t\t\t\t\t\t\t\t\t\t\talt=\"\"\n\t\t\t\t>\n\t\t\t<\/picture>\n\t\t<\/a>\n\t<\/p>\n\n\n\n\n\n<p>Os participantes do encontro observaram que, embora os riscos para alcan\u00e7ar as <strong>metas de emprego<\/strong> e <strong>infla\u00e7\u00e3o<\/strong> estejam caminhando para um melhor equil\u00edbrio, eles permanecem muito atentos, diz o documento. &#8220;Alguns&#8221; deles observaram que h\u00e1 riscos de esse progresso estagnar, principalmente se a <a class=\"suno-keyword\" data-force=\"no\" data-priority=\"1\" href=\"https:\/\/www.suno.com.br\/artigos\/demanda-agregada\/\" target=\"_blank\" rel=\"noopener\">demanda agregada<\/a> crescer, ou se a melhora do lado da oferta desacelerar mais do que o esperado. &#8220;V\u00e1rios&#8221; deles mencionaram como mais um risco altista para infla\u00e7\u00e3o e atividade a possibilidade de as condi\u00e7\u00f5es financeiras ficarem &#8220;menos restritivas do que apropriado&#8221;.<\/p>\n\n\n\n<p>Outras fontes de risco de alta para a infla\u00e7\u00e3o citadas incluem: perturba\u00e7\u00f5es nas cadeias de suprimentos por causa de eventos geopol\u00edticos; uma recupera\u00e7\u00e3o no n\u00facleo de pre\u00e7os de bens; e a possibilidade de o aumento nos sal\u00e1rios continuar elevado.<\/p>\n\n\n\n<p>Do lado baixista, tanto para a infla\u00e7\u00e3o como para a atividade, os participantes observaram os risco geopol\u00edticos que possam desacelerar a demanda; poss\u00edvel dissemina\u00e7\u00e3o do efeito de baixo crescimento em algumas economias estrangeiras; risco de as condi\u00e7\u00f5es financeiras ficarem restritivas por tempo demais; e de os balan\u00e7os das fam\u00edlias contribu\u00edrem para uma desacelera\u00e7\u00e3o mais forte que o previsto do consumo.<\/p>\n\n\n\n<p>&#8220;Poucos participantes mencionaram a possibilidade de a atividade econ\u00f4mica poder surpreender para o lado positivo e a infla\u00e7\u00e3o para o lado negativo, devido a uma evolu\u00e7\u00e3o mais favor\u00e1vel do que o esperado do lado da oferta&#8221;, afirma a ata. Os participantes discorreram sobre as incertezas em torno do cen\u00e1rio econ\u00f4mico.<\/p>\n\n\n\n<h2 class=\"wp-block-heading\">Atividade<\/h2>\n\n\n\n<p>Os<strong> dirigentes do Fed<\/strong> tamb\u00e9m observaram, na \u00faltima <strong>reuni\u00e3o de pol\u00edtica monet\u00e1ria<\/strong>, que recentes <strong>indicadores econ\u00f4micos<\/strong> sugeriam uma expans\u00e3o em ritmo s\u00f3lido da atividade. Al\u00e9m da forte demanda, muitos dos participantes atribuem o crescimento a desdobramentos favor\u00e1veis do lado da oferta.<\/p>\n\n\n\n<p>Segundo a ata, eles ponderaram que a for\u00e7a inesperada no <strong>crescimento do Produto Interno Bruto<\/strong> (PIB) real no quarto trimestre refletia exporta\u00e7\u00f5es l\u00edquidas e investimento em estoques maiores do que esperado &#8211; fatores que tendem a ser vol\u00e1teis e d\u00e3o poucos sinais sobre o crescimento futuro. &#8220;Ainda assim, o consumo continua crescendo em ritmo s\u00f3lido&#8221;, afirma o texto.<\/p>\n\n\n\t<p>\n\t\t<a href=\"https:\/\/lp.suno.com.br\/ebook-gratuito-investindo-no-exterior\/\" target=\"_blank\" data-element=\"shortcode-suno-banner\" title=\"Banner SUNO, clique e saiba mais\">\n\t\t\t<picture>\n\t\t\t\t<source media=\"(max-width: 500px)\" srcset=\"https:\/\/files.sunoresearch.com.br\/n\/uploads\/2023\/03\/400x300-Investindo-no-exterior.png\">\n\t\t\t\t<img class=\"newsContent__article__imgCapa newsContent__article__imgCapa--banner\"\n\t\t\t\t\tsrc=\"https:\/\/files.sunoresearch.com.br\/n\/uploads\/2023\/03\/1420x240-Investindo-no-exterior.png\"\n\t\t\t\t\tdata-promo-id=\"383161\"\t\t\t\t\t\t\t\t\t\twidth='1420' height='240'\t\t\t\t\talt=\"https:\/\/files.sunoresearch.com.br\/n\/uploads\/2023\/03\/1420x240-Investindo-no-exterior.png\"\n\t\t\t\t>\n\t\t\t<\/picture>\n\t\t<\/a>\n\t<\/p>\n\n\n\n\n\n<h2 class=\"wp-block-heading\">Mercado de trabalho<\/h2>\n\n\n\n<p>Os <strong>dirigentes do Federal Reserve<\/strong> avaliaram ainda que os dados dispon\u00edveis na reuni\u00e3o de 30 a 31 de janeiro indicaram que o <strong>crescimento do PIB <\/strong>real dos EUA foi s\u00f3lido no quarto trimestre de 2023, mas abaixo do forte desempenho do terceiro trimestre.<\/p>\n\n\n\n<p>Em rela\u00e7\u00e3o ao mercado de trabalho, as condi\u00e7\u00f5es continuaram restritivas, por\u00e9m mostraram mais sinais de abrandamento.<\/p>\n\n\n\n<p>A procura e a oferta de trabalho continuaram a se mover gradualmente com um melhor alinhamento, notaram os membros.<\/p>\n\n\n\n<p>O ritmo m\u00e9dio mensal de ganhos de emprego na folha de pagamento n\u00e3o agr\u00edcola no quarto trimestre foi mais lento do que no terceiro trimestre, ponderaram os dirigentes. Mesmo assim, o ritmo segue forte.<\/p>\n\n\n\n<h2 class=\"wp-block-heading\">Exterior<\/h2>\n\n\n\n<p>Os membros do <strong>BC norte-americano <\/strong>observaram que o crescimento econ\u00f4mico externo permaneceu moderado no quarto trimestre.<\/p>\n\n\n\n<p>Nas economias estrangeiras avan\u00e7adas, um aperto significativo da <a class=\"suno-keyword\" target=\"_blank\" data-force=\"no\" data-priority=\"1\" href=\"https:\/\/www.suno.com.br\/artigos\/politica-monetaria\/\" rel=\"noopener\">pol\u00edtica monet\u00e1ria<\/a> ao longo \u00faltimos dois anos, a eros\u00e3o dos rendimentos reais das fam\u00edlias devido \u00e0s elevadas taxas de infla\u00e7\u00e3o e as repercuss\u00f5es do choque de energia do ano passado na Europa continuaram a pesar sobre a atividade econ\u00f4mica.<\/p>\n\n\n\n<p>Na China, o recuo do setor imobili\u00e1rio e a confian\u00e7a deprimida do consumidor seguiu como fator de press\u00e3o.<\/p>\n\n\n\n<h2 class=\"wp-block-heading\">Mercado refor\u00e7a expectativa de corte de juros pelo Fed em junho<\/h2>\n\n\n\n<p>O mercado refor\u00e7ou a expectativa de in\u00edcio do novo ciclo de <strong>corte de juros<\/strong> pelo <strong>Federal Reserve<\/strong> (<strong>Fed<\/strong>, o banco central norte-americano) em junho, segundo ferramenta do CME Group, ap\u00f3s a divulga\u00e7\u00e3o da ata da \u00faltima <strong>decis\u00e3o de <a class=\"suno-keyword\" target=\"_blank\" data-force=\"no\" data-priority=\"1\" href=\"https:\/\/www.suno.com.br\/artigos\/politica-monetaria\/\" rel=\"noopener\">pol\u00edtica monet\u00e1ria<\/a> <\/strong>do <strong>BC dos Estados Unidos<\/strong>.<\/p>\n\n\n\n<p>A probabilidade estimada de corte de juro em junho subiu de 72,3% para 73,0%. Para maio, a chance de redu\u00e7\u00e3o foi de 30,8% antes do documento para 32,8% \u00e0s 16h40 (de Bras\u00edlia). Enquanto isso, a probabilidade de manuten\u00e7\u00e3o foi de 69,2% para 67,2%.<\/p>\n\n\n\n<p>As apostas indicam chance majorit\u00e1ria das taxas serem reduzidas em 100 pontos-base at\u00e9 o fim deste ano (31,6% de probabilidade), e a ferramenta n\u00e3o registrou oscila\u00e7\u00f5es expressivas ap\u00f3s a divulga\u00e7\u00e3o da <strong>ata do Fomc<\/strong>.<\/p>\n\n\n\n<p><em>Com Estad\u00e3o Conte\u00fado<\/em><\/p>\n\n\n\t<p>\n\t\t<a href=\"https:\/\/lp.suno.com.br\/planilha-da-vida-financeira\/\" target=\"_blank\" data-element=\"shortcode-suno-banner\" title=\"Banner SUNO, clique e saiba mais\">\n\t\t\t<picture>\n\t\t\t\t<source media=\"(max-width: 500px)\" srcset=\"https:\/\/files.sunoresearch.com.br\/n\/uploads\/2023\/04\/400x300-Planilha-vida-financeira-true.png\">\n\t\t\t\t<img class=\"newsContent__article__imgCapa newsContent__article__imgCapa--banner\"\n\t\t\t\t\tsrc=\"https:\/\/files.sunoresearch.com.br\/n\/uploads\/2023\/04\/1420x240-Planilha-vida-financeira-true.png\"\n\t\t\t\t\tdata-promo-id=\"383123\"\t\t\t\t\t\t\t\t\t\twidth='1420' height='240'\t\t\t\t\talt=\"https:\/\/files.sunoresearch.com.br\/n\/uploads\/2023\/04\/1420x240-Planilha-vida-financeira-true.png\"\n\t\t\t\t>\n\t\t\t<\/picture>\n\t\t<\/a>\n\t<\/p>\n\n\n","protected":false},"excerpt":{"rendered":"<p>Os dirigentes do Federal Reserve (Fed, o banco central norte-americano) avaliaram na reuni\u00e3o de pol\u00edtica monet\u00e1ria de janeiro, que os riscos altistas para infla\u00e7\u00e3o diminu\u00edram, segundo mostra a ata do Fomc, divulgada nesta quarta-feira (21). Por\u00e9m, eles destacaram que a infla\u00e7\u00e3o continua acima da meta de 2% ao ano. Jerome Powell, presidente do Federal Reserve. [&hellip;]<\/p>\n","protected":false},"author":43,"featured_media":252827,"comment_status":"closed","ping_status":"closed","sticky":false,"template":"","format":"standard","meta":[],"categories":[64],"tags":[776],"suno_strategy":[],"class_list":["post-525344","post","type-post","status-publish","format-standard","has-post-thumbnail","hentry","category-negocios","tag-federal-reseve-fed"],"yoast_head":"<!-- This site is optimized with the Yoast SEO plugin v24.4 - https:\/\/yoast.com\/wordpress\/plugins\/seo\/ -->\n<title>Ata do Fomc indica infla\u00e7\u00e3o ainda acima da meta; saiba mais<\/title>\n<meta name=\"description\" content=\"A ata do Fomc deu novas pistas sobre a condu\u00e7\u00e3o da pol\u00edtica monet\u00e1ria nos Estados Unidos, que pode passar a ser restritiva em junho.\" \/>\n<meta name=\"robots\" content=\"index, follow, max-snippet:-1, max-image-preview:large, max-video-preview:-1\" \/>\n<link rel=\"canonical\" href=\"https:\/\/www.suno.com.br\/noticias\/ata-fomc-inflacao-acima-meta-riscos-diminuiram-gss\/\" \/>\n<meta property=\"og:locale\" content=\"pt_BR\" \/>\n<meta property=\"og:type\" content=\"article\" \/>\n<meta property=\"og:title\" content=\"Ata do Fomc indica infla\u00e7\u00e3o ainda acima da meta; saiba mais\" \/>\n<meta property=\"og:description\" content=\"A ata do Fomc deu novas pistas sobre a condu\u00e7\u00e3o da pol\u00edtica monet\u00e1ria nos Estados Unidos, que pode passar a ser restritiva em junho.\" \/>\n<meta property=\"og:url\" content=\"https:\/\/www.suno.com.br\/noticias\/ata-fomc-inflacao-acima-meta-riscos-diminuiram-gss\/\" \/>\n<meta property=\"og:site_name\" content=\"Suno Not\u00edcias\" \/>\n<meta property=\"article:publisher\" content=\"https:\/\/facebook.com\/sunoresearch\" \/>\n<meta property=\"article:author\" content=\"https:\/\/www.facebook.com\/sunonoticias\/\" \/>\n<meta property=\"og:image\" content=\"https:\/\/files.sunoresearch.com.br\/n\/uploads\/2022\/04\/jerome_powell.jpg\" \/>\n\t<meta property=\"og:image:width\" content=\"1200\" \/>\n\t<meta property=\"og:image:height\" content=\"800\" \/>\n\t<meta property=\"og:image:type\" content=\"image\/jpeg\" \/>\n<meta name=\"author\" content=\"Reda\u00e7\u00e3o Suno Not\u00edcias\" \/>\n<meta name=\"twitter:card\" content=\"summary_large_image\" \/>\n<meta name=\"twitter:creator\" content=\"@https:\/\/twitter.com\/sunoresearch\" \/>\n<meta name=\"twitter:site\" content=\"@sunoresearch\" \/>\n<meta name=\"twitter:label1\" content=\"Escrito por\" \/>\n\t<meta name=\"twitter:data1\" content=\"Reda\u00e7\u00e3o Suno Not\u00edcias\" \/>\n\t<meta name=\"twitter:label2\" content=\"Est. tempo de leitura\" \/>\n\t<meta name=\"twitter:data2\" content=\"4 minutos\" \/>\n<script type=\"application\/ld+json\" class=\"yoast-schema-graph\">{\"@context\":\"https:\/\/schema.org\",\"@graph\":[{\"@type\":\"NewsArticle\",\"@id\":\"https:\/\/www.suno.com.br\/noticias\/ata-fomc-inflacao-acima-meta-riscos-diminuiram-gss\/#article\",\"isPartOf\":{\"@id\":\"https:\/\/www.suno.com.br\/noticias\/ata-fomc-inflacao-acima-meta-riscos-diminuiram-gss\/\"},\"author\":{\"name\":\"Reda\u00e7\u00e3o Suno Not\u00edcias\",\"@id\":\"https:\/\/www.suno.com.br\/noticias\/#\/schema\/person\/c1b1bd3727fa852bd045e9dbff3673ea\"},\"headline\":\"Ata do Fomc indica infla\u00e7\u00e3o elevada, apesar de riscos altistas terem diminu\u00eddo\",\"datePublished\":\"2024-02-21T21:30:08+00:00\",\"dateModified\":\"2024-02-21T21:30:11+00:00\",\"mainEntityOfPage\":{\"@id\":\"https:\/\/www.suno.com.br\/noticias\/ata-fomc-inflacao-acima-meta-riscos-diminuiram-gss\/\"},\"wordCount\":814,\"publisher\":{\"@id\":\"https:\/\/www.suno.com.br\/noticias\/#organization\"},\"image\":{\"@id\":\"https:\/\/www.suno.com.br\/noticias\/ata-fomc-inflacao-acima-meta-riscos-diminuiram-gss\/#primaryimage\"},\"thumbnailUrl\":\"https:\/\/files.sunoresearch.com.br\/n\/uploads\/2022\/04\/jerome_powell.jpg\",\"keywords\":[\"Federal Reserve (FED)\"],\"articleSection\":[\"Neg\u00f3cios\"],\"inLanguage\":\"pt-BR\"},{\"@type\":\"WebPage\",\"@id\":\"https:\/\/www.suno.com.br\/noticias\/ata-fomc-inflacao-acima-meta-riscos-diminuiram-gss\/\",\"url\":\"https:\/\/www.suno.com.br\/noticias\/ata-fomc-inflacao-acima-meta-riscos-diminuiram-gss\/\",\"name\":\"Ata do Fomc indica infla\u00e7\u00e3o ainda acima da meta; saiba mais\",\"isPartOf\":{\"@id\":\"https:\/\/www.suno.com.br\/noticias\/#website\"},\"primaryImageOfPage\":{\"@id\":\"https:\/\/www.suno.com.br\/noticias\/ata-fomc-inflacao-acima-meta-riscos-diminuiram-gss\/#primaryimage\"},\"image\":{\"@id\":\"https:\/\/www.suno.com.br\/noticias\/ata-fomc-inflacao-acima-meta-riscos-diminuiram-gss\/#primaryimage\"},\"thumbnailUrl\":\"https:\/\/files.sunoresearch.com.br\/n\/uploads\/2022\/04\/jerome_powell.jpg\",\"datePublished\":\"2024-02-21T21:30:08+00:00\",\"dateModified\":\"2024-02-21T21:30:11+00:00\",\"description\":\"A ata do Fomc deu novas pistas sobre a condu\u00e7\u00e3o da pol\u00edtica monet\u00e1ria nos Estados Unidos, que pode passar a ser restritiva em junho.\",\"breadcrumb\":{\"@id\":\"https:\/\/www.suno.com.br\/noticias\/ata-fomc-inflacao-acima-meta-riscos-diminuiram-gss\/#breadcrumb\"},\"inLanguage\":\"pt-BR\",\"potentialAction\":[{\"@type\":\"ReadAction\",\"target\":[\"https:\/\/www.suno.com.br\/noticias\/ata-fomc-inflacao-acima-meta-riscos-diminuiram-gss\/\"]}]},{\"@type\":\"ImageObject\",\"inLanguage\":\"pt-BR\",\"@id\":\"https:\/\/www.suno.com.br\/noticias\/ata-fomc-inflacao-acima-meta-riscos-diminuiram-gss\/#primaryimage\",\"url\":\"https:\/\/files.sunoresearch.com.br\/n\/uploads\/2022\/04\/jerome_powell.jpg\",\"contentUrl\":\"https:\/\/files.sunoresearch.com.br\/n\/uploads\/2022\/04\/jerome_powell.jpg\",\"width\":1200,\"height\":800,\"caption\":\"Jerome Powell, presidente do Federal Reserve. Foto: Wikimedia Commons\"},{\"@type\":\"BreadcrumbList\",\"@id\":\"https:\/\/www.suno.com.br\/noticias\/ata-fomc-inflacao-acima-meta-riscos-diminuiram-gss\/#breadcrumb\",\"itemListElement\":[{\"@type\":\"ListItem\",\"position\":1,\"name\":\"Not\u00edcias\",\"item\":\"https:\/\/www.suno.com.br\/noticias\/\"},{\"@type\":\"ListItem\",\"position\":2,\"name\":\"Neg\u00f3cios\",\"item\":\"https:\/\/www.suno.com.br\/noticias\/negocios\/\"},{\"@type\":\"ListItem\",\"position\":3,\"name\":\"Ata do Fomc indica infla\u00e7\u00e3o elevada, apesar de riscos altistas terem diminu\u00eddo\"}]},{\"@type\":\"WebSite\",\"@id\":\"https:\/\/www.suno.com.br\/noticias\/#website\",\"url\":\"https:\/\/www.suno.com.br\/noticias\/\",\"name\":\"Suno Not\u00edcias\",\"description\":\"Seu portal de informa\u00e7\u00e3o sobre o mundo dos investimentos\",\"publisher\":{\"@id\":\"https:\/\/www.suno.com.br\/noticias\/#organization\"},\"potentialAction\":[{\"@type\":\"SearchAction\",\"target\":{\"@type\":\"EntryPoint\",\"urlTemplate\":\"https:\/\/www.suno.com.br\/noticias\/?s={search_term_string}\"},\"query-input\":{\"@type\":\"PropertyValueSpecification\",\"valueRequired\":true,\"valueName\":\"search_term_string\"}}],\"inLanguage\":\"pt-BR\"},{\"@type\":\"Organization\",\"@id\":\"https:\/\/www.suno.com.br\/noticias\/#organization\",\"name\":\"Suno Not\u00edcias\",\"url\":\"https:\/\/www.suno.com.br\/noticias\/\",\"logo\":{\"@type\":\"ImageObject\",\"inLanguage\":\"pt-BR\",\"@id\":\"https:\/\/www.suno.com.br\/noticias\/#\/schema\/logo\/image\/\",\"url\":\"https:\/\/files.sunoresearch.com.br\/n\/uploads\/2021\/09\/suno-logo.png\",\"contentUrl\":\"https:\/\/files.sunoresearch.com.br\/n\/uploads\/2021\/09\/suno-logo.png\",\"width\":180,\"height\":180,\"caption\":\"Suno Not\u00edcias\"},\"image\":{\"@id\":\"https:\/\/www.suno.com.br\/noticias\/#\/schema\/logo\/image\/\"},\"sameAs\":[\"https:\/\/facebook.com\/sunoresearch\",\"https:\/\/x.com\/sunoresearch\",\"https:\/\/www.instagram.com\/suno\",\"https:\/\/www.linkedin.com\/company\/suno-research\/\",\"https:\/\/www.youtube.com\/c\/sunoresearch\"]},{\"@type\":\"Person\",\"@id\":\"https:\/\/www.suno.com.br\/noticias\/#\/schema\/person\/c1b1bd3727fa852bd045e9dbff3673ea\",\"name\":\"Reda\u00e7\u00e3o Suno Not\u00edcias\",\"image\":{\"@type\":\"ImageObject\",\"inLanguage\":\"pt-BR\",\"@id\":\"https:\/\/www.suno.com.br\/noticias\/#\/schema\/person\/image\/\",\"url\":\"https:\/\/secure.gravatar.com\/avatar\/b8104b9b5a71985d5238ee59fbe418af?s=96&r=g\",\"contentUrl\":\"https:\/\/secure.gravatar.com\/avatar\/b8104b9b5a71985d5238ee59fbe418af?s=96&r=g\",\"caption\":\"Reda\u00e7\u00e3o Suno Not\u00edcias\"},\"description\":\"O Suno Not\u00edcias \u00e9 um portal de informa\u00e7\u00f5es sobre Mercado Financeiro, Pol\u00edtica, Neg\u00f3cios, Economia e Finan\u00e7as Pessoais.\",\"sameAs\":[\"https:\/\/www.suno.com.br\/noticias\",\"https:\/\/www.facebook.com\/sunonoticias\/\",\"https:\/\/www.instagram.com\/sunonoticias\/\",\"https:\/\/x.com\/https:\/\/twitter.com\/sunoresearch\",\"https:\/\/www.youtube.com\/sunonoticias\"],\"url\":\"https:\/\/www.suno.com.br\/noticias\/author\/redacao-suno\/\"}]}<\/script>\n<!-- \/ Yoast SEO plugin. -->","yoast_head_json":{"title":"Ata do Fomc indica infla\u00e7\u00e3o ainda acima da meta; saiba mais","description":"A ata do Fomc deu novas pistas sobre a condu\u00e7\u00e3o da pol\u00edtica monet\u00e1ria nos Estados Unidos, que pode passar a ser restritiva em junho.","robots":{"index":"index","follow":"follow","max-snippet":"max-snippet:-1","max-image-preview":"max-image-preview:large","max-video-preview":"max-video-preview:-1"},"canonical":"https:\/\/www.suno.com.br\/noticias\/ata-fomc-inflacao-acima-meta-riscos-diminuiram-gss\/","og_locale":"pt_BR","og_type":"article","og_title":"Ata do Fomc indica infla\u00e7\u00e3o ainda acima da meta; saiba mais","og_description":"A ata do Fomc deu novas pistas sobre a condu\u00e7\u00e3o da pol\u00edtica monet\u00e1ria nos Estados Unidos, que pode passar a ser restritiva em junho.","og_url":"https:\/\/www.suno.com.br\/noticias\/ata-fomc-inflacao-acima-meta-riscos-diminuiram-gss\/","og_site_name":"Suno Not\u00edcias","article_publisher":"https:\/\/facebook.com\/sunoresearch","article_author":"https:\/\/www.facebook.com\/sunonoticias\/","og_image":[{"width":1200,"height":800,"url":"https:\/\/files.sunoresearch.com.br\/n\/uploads\/2022\/04\/jerome_powell.jpg","type":"image\/jpeg"}],"author":"Reda\u00e7\u00e3o Suno Not\u00edcias","twitter_card":"summary_large_image","twitter_creator":"@https:\/\/twitter.com\/sunoresearch","twitter_site":"@sunoresearch","twitter_misc":{"Escrito por":"Reda\u00e7\u00e3o Suno Not\u00edcias","Est. tempo de leitura":"4 minutos"},"schema":{"@context":"https:\/\/schema.org","@graph":[{"@type":"NewsArticle","@id":"https:\/\/www.suno.com.br\/noticias\/ata-fomc-inflacao-acima-meta-riscos-diminuiram-gss\/#article","isPartOf":{"@id":"https:\/\/www.suno.com.br\/noticias\/ata-fomc-inflacao-acima-meta-riscos-diminuiram-gss\/"},"author":{"name":"Reda\u00e7\u00e3o Suno Not\u00edcias","@id":"https:\/\/www.suno.com.br\/noticias\/#\/schema\/person\/c1b1bd3727fa852bd045e9dbff3673ea"},"headline":"Ata do Fomc indica infla\u00e7\u00e3o elevada, apesar de riscos altistas terem diminu\u00eddo","datePublished":"2024-02-21T21:30:08+00:00","dateModified":"2024-02-21T21:30:11+00:00","mainEntityOfPage":{"@id":"https:\/\/www.suno.com.br\/noticias\/ata-fomc-inflacao-acima-meta-riscos-diminuiram-gss\/"},"wordCount":814,"publisher":{"@id":"https:\/\/www.suno.com.br\/noticias\/#organization"},"image":{"@id":"https:\/\/www.suno.com.br\/noticias\/ata-fomc-inflacao-acima-meta-riscos-diminuiram-gss\/#primaryimage"},"thumbnailUrl":"https:\/\/files.sunoresearch.com.br\/n\/uploads\/2022\/04\/jerome_powell.jpg","keywords":["Federal Reserve (FED)"],"articleSection":["Neg\u00f3cios"],"inLanguage":"pt-BR"},{"@type":"WebPage","@id":"https:\/\/www.suno.com.br\/noticias\/ata-fomc-inflacao-acima-meta-riscos-diminuiram-gss\/","url":"https:\/\/www.suno.com.br\/noticias\/ata-fomc-inflacao-acima-meta-riscos-diminuiram-gss\/","name":"Ata do Fomc indica infla\u00e7\u00e3o ainda acima da meta; saiba mais","isPartOf":{"@id":"https:\/\/www.suno.com.br\/noticias\/#website"},"primaryImageOfPage":{"@id":"https:\/\/www.suno.com.br\/noticias\/ata-fomc-inflacao-acima-meta-riscos-diminuiram-gss\/#primaryimage"},"image":{"@id":"https:\/\/www.suno.com.br\/noticias\/ata-fomc-inflacao-acima-meta-riscos-diminuiram-gss\/#primaryimage"},"thumbnailUrl":"https:\/\/files.sunoresearch.com.br\/n\/uploads\/2022\/04\/jerome_powell.jpg","datePublished":"2024-02-21T21:30:08+00:00","dateModified":"2024-02-21T21:30:11+00:00","description":"A ata do Fomc deu novas pistas sobre a condu\u00e7\u00e3o da pol\u00edtica monet\u00e1ria nos Estados Unidos, que pode passar a ser restritiva em junho.","breadcrumb":{"@id":"https:\/\/www.suno.com.br\/noticias\/ata-fomc-inflacao-acima-meta-riscos-diminuiram-gss\/#breadcrumb"},"inLanguage":"pt-BR","potentialAction":[{"@type":"ReadAction","target":["https:\/\/www.suno.com.br\/noticias\/ata-fomc-inflacao-acima-meta-riscos-diminuiram-gss\/"]}]},{"@type":"ImageObject","inLanguage":"pt-BR","@id":"https:\/\/www.suno.com.br\/noticias\/ata-fomc-inflacao-acima-meta-riscos-diminuiram-gss\/#primaryimage","url":"https:\/\/files.sunoresearch.com.br\/n\/uploads\/2022\/04\/jerome_powell.jpg","contentUrl":"https:\/\/files.sunoresearch.com.br\/n\/uploads\/2022\/04\/jerome_powell.jpg","width":1200,"height":800,"caption":"Jerome Powell, presidente do Federal Reserve. Foto: Wikimedia Commons"},{"@type":"BreadcrumbList","@id":"https:\/\/www.suno.com.br\/noticias\/ata-fomc-inflacao-acima-meta-riscos-diminuiram-gss\/#breadcrumb","itemListElement":[{"@type":"ListItem","position":1,"name":"Not\u00edcias","item":"https:\/\/www.suno.com.br\/noticias\/"},{"@type":"ListItem","position":2,"name":"Neg\u00f3cios","item":"https:\/\/www.suno.com.br\/noticias\/negocios\/"},{"@type":"ListItem","position":3,"name":"Ata do Fomc indica infla\u00e7\u00e3o elevada, apesar de riscos altistas terem diminu\u00eddo"}]},{"@type":"WebSite","@id":"https:\/\/www.suno.com.br\/noticias\/#website","url":"https:\/\/www.suno.com.br\/noticias\/","name":"Suno Not\u00edcias","description":"Seu portal de informa\u00e7\u00e3o sobre o mundo dos investimentos","publisher":{"@id":"https:\/\/www.suno.com.br\/noticias\/#organization"},"potentialAction":[{"@type":"SearchAction","target":{"@type":"EntryPoint","urlTemplate":"https:\/\/www.suno.com.br\/noticias\/?s={search_term_string}"},"query-input":{"@type":"PropertyValueSpecification","valueRequired":true,"valueName":"search_term_string"}}],"inLanguage":"pt-BR"},{"@type":"Organization","@id":"https:\/\/www.suno.com.br\/noticias\/#organization","name":"Suno Not\u00edcias","url":"https:\/\/www.suno.com.br\/noticias\/","logo":{"@type":"ImageObject","inLanguage":"pt-BR","@id":"https:\/\/www.suno.com.br\/noticias\/#\/schema\/logo\/image\/","url":"https:\/\/files.sunoresearch.com.br\/n\/uploads\/2021\/09\/suno-logo.png","contentUrl":"https:\/\/files.sunoresearch.com.br\/n\/uploads\/2021\/09\/suno-logo.png","width":180,"height":180,"caption":"Suno Not\u00edcias"},"image":{"@id":"https:\/\/www.suno.com.br\/noticias\/#\/schema\/logo\/image\/"},"sameAs":["https:\/\/facebook.com\/sunoresearch","https:\/\/x.com\/sunoresearch","https:\/\/www.instagram.com\/suno","https:\/\/www.linkedin.com\/company\/suno-research\/","https:\/\/www.youtube.com\/c\/sunoresearch"]},{"@type":"Person","@id":"https:\/\/www.suno.com.br\/noticias\/#\/schema\/person\/c1b1bd3727fa852bd045e9dbff3673ea","name":"Reda\u00e7\u00e3o Suno Not\u00edcias","image":{"@type":"ImageObject","inLanguage":"pt-BR","@id":"https:\/\/www.suno.com.br\/noticias\/#\/schema\/person\/image\/","url":"https:\/\/secure.gravatar.com\/avatar\/b8104b9b5a71985d5238ee59fbe418af?s=96&r=g","contentUrl":"https:\/\/secure.gravatar.com\/avatar\/b8104b9b5a71985d5238ee59fbe418af?s=96&r=g","caption":"Reda\u00e7\u00e3o Suno Not\u00edcias"},"description":"O Suno Not\u00edcias \u00e9 um portal de informa\u00e7\u00f5es sobre Mercado Financeiro, Pol\u00edtica, Neg\u00f3cios, Economia e Finan\u00e7as Pessoais.","sameAs":["https:\/\/www.suno.com.br\/noticias","https:\/\/www.facebook.com\/sunonoticias\/","https:\/\/www.instagram.com\/sunonoticias\/","https:\/\/x.com\/https:\/\/twitter.com\/sunoresearch","https:\/\/www.youtube.com\/sunonoticias"],"url":"https:\/\/www.suno.com.br\/noticias\/author\/redacao-suno\/"}]}},"default_loop_html":"<div class=\"cardsPage__listCard__boxs\"><div class=\"cardsPage__listCard__boxs__img\"><a href=\"https:\/\/www.suno.com.br\/noticias\/ata-fomc-inflacao-acima-meta-riscos-diminuiram-gss\/\"><img class=\"mask\" src=\"https:\/\/www.suno.com.br\/noticias\/wp-content\/themes\/suno\/resources\/images\/spotlight\/spotlight1img\/bg-mask.png\" alt=\"Image Mask\"\/><img src=\"https:\/\/files.sunoresearch.com.br\/n\/uploads\/2022\/04\/jerome_powell-400x200.jpg\" alt=\"Ata do Fomc indica infla\u00e7\u00e3o elevada, apesar de riscos altistas terem diminu\u00eddo\"\/><\/a><span class=\"spotlightCategory\"><a href=\"https:\/\/www.suno.com.br\/noticias\/negocios\/\">Neg\u00f3cios<\/a><\/span><\/div><div class=\"cardsPage__listCard__boxs__content\"><a href=\"https:\/\/www.suno.com.br\/noticias\/ata-fomc-inflacao-acima-meta-riscos-diminuiram-gss\/\"><h2 class=\"content__title\">Ata do Fomc indica infla\u00e7\u00e3o elevada, apesar de riscos altistas terem diminu\u00eddo<\/h2><\/a><div class=\"newsContent__article__meta\"><div class=\"newsContent__article__meta__authorBox\"><a href=\"https:\/\/www.suno.com.br\/noticias\/author\/redacao-suno\/\" class=\"authorBox__avatar noMobi\"><img src=\"https:\/\/files.sunoresearch.com.br\/n\/uploads\/2020\/08\/0ace682d-redacao-1-150x150.webp\" alt=\"Reda\u00e7\u00e3o Suno Not\u00edcias\"><\/a><div class=\"authorBox__name\"><span>por\n\t\t\t<a href=\"https:\/\/www.suno.com.br\/noticias\/author\/redacao-suno\/\"><span itemprop=\"author\">Reda\u00e7\u00e3o Suno Not\u00edcias<\/span><\/a><\/span><time datetime=\"2024-02-21T18:30:08-03:00\" itemprop=\"datePublished\">21\/02\/2024 18:30<\/time><\/div><\/div><\/div><\/div><\/div>","single_layout":"posts","amp_enabled":true,"_links":{"self":[{"href":"https:\/\/www.suno.com.br\/noticias\/wp-json\/wp\/v2\/posts\/525344"}],"collection":[{"href":"https:\/\/www.suno.com.br\/noticias\/wp-json\/wp\/v2\/posts"}],"about":[{"href":"https:\/\/www.suno.com.br\/noticias\/wp-json\/wp\/v2\/types\/post"}],"author":[{"embeddable":true,"href":"https:\/\/www.suno.com.br\/noticias\/wp-json\/wp\/v2\/users\/43"}],"replies":[{"embeddable":true,"href":"https:\/\/www.suno.com.br\/noticias\/wp-json\/wp\/v2\/comments?post=525344"}],"version-history":[{"count":2,"href":"https:\/\/www.suno.com.br\/noticias\/wp-json\/wp\/v2\/posts\/525344\/revisions"}],"predecessor-version":[{"id":525362,"href":"https:\/\/www.suno.com.br\/noticias\/wp-json\/wp\/v2\/posts\/525344\/revisions\/525362"}],"wp:featuredmedia":[{"embeddable":true,"href":"https:\/\/www.suno.com.br\/noticias\/wp-json\/wp\/v2\/media\/252827"}],"wp:attachment":[{"href":"https:\/\/www.suno.com.br\/noticias\/wp-json\/wp\/v2\/media?parent=525344"}],"wp:term":[{"taxonomy":"category","embeddable":true,"href":"https:\/\/www.suno.com.br\/noticias\/wp-json\/wp\/v2\/categories?post=525344"},{"taxonomy":"post_tag","embeddable":true,"href":"https:\/\/www.suno.com.br\/noticias\/wp-json\/wp\/v2\/tags?post=525344"},{"taxonomy":"suno_strategy","embeddable":true,"href":"https:\/\/www.suno.com.br\/noticias\/wp-json\/wp\/v2\/suno_strategy?post=525344"}],"curies":[{"name":"wp","href":"https:\/\/api.w.org\/{rel}","templated":true}]}}