{"id":525332,"date":"2024-02-21T17:38:13","date_gmt":"2024-02-21T20:38:13","guid":{"rendered":"https:\/\/www.suno.com.br\/noticias\/?p=525332"},"modified":"2024-02-21T17:38:21","modified_gmt":"2024-02-21T20:38:21","slug":"b3b3sa3-numero-pessoas-fisicas-cresce-bolsa-valores-va","status":"publish","type":"post","link":"https:\/\/www.suno.com.br\/noticias\/b3b3sa3-numero-pessoas-fisicas-cresce-bolsa-valores-va\/","title":{"rendered":"B3(B3SA3): n\u00famero pessoas f\u00edsicas cresce 46% na bolsa de valores, mostra relat\u00f3rio"},"content":{"rendered":"<p>A quantidade de investidores <a class=\"suno-keyword\" data-force=\"no\" data-priority=\"2\" href=\"https:\/\/www.suno.com.br\/artigos\/pessoa-fisica\/\" target=\"_blank\" rel=\"noopener\">pessoas f\u00edsicas<\/a> (PF) em renda fixa aumentou em 15% em 2023 em compara\u00e7\u00e3o com o ano anterior, saltando de 14,8 milh\u00f5es para 17,1 milh\u00f5es de pessoas, segundo a <strong>B3<\/strong> (B3SA3). No segmento de renda vari\u00e1vel, o n\u00famero permaneceu constante, cerca de 5 milh\u00f5es, mas houve aumento no volume de cust\u00f3dia.\u00a0<\/p>\t<div class=\"wrapper-featured-image\">\n\t\t<figure class=\"spotlightImg\">\n\n\t\t\t<picture>\n\t\t\t\t<source media=\"(max-width: 768px)\" srcset=\"https:\/\/files.sunoresearch.com.br\/n\/uploads\/2023\/01\/Ibovespa-B3-B3SA3-400x200.jpg\">\n\t\t\t\t<img loading=\"lazy\" decoding=\"async\" class=\"newsContent__article__imgCapa lazyloadDisabled \" src=\"https:\/\/files.sunoresearch.com.br\/n\/uploads\/2023\/01\/Ibovespa-B3-B3SA3-800x450.jpg\" width=\"800\" height=\"450\" alt=\"B3(B3SA3): n\u00famero pessoas f\u00edsicas cresce 46% na bolsa de valores, mostra relat\u00f3rio\" fetchpriority=high \/>\n\t\t\t<\/picture>\n\n\t\t\t<figcaption class=\"wp-caption-text wp-caption-text--show\">Ibovespa. Foto: Divulga\u00e7\u00e3o\/B3<\/figcaption>\n\t\t<\/figure>\n\t<\/div>\n\n\n\n\n\n\t<p>\n\t\t<a href=\"https:\/\/lp.suno.com.br\/planilha-da-vida-financeira\/\" target=\"_blank\" data-element=\"shortcode-suno-banner\" title=\"Banner SUNO, clique e saiba mais\">\n\t\t\t<picture>\n\t\t\t\t<source media=\"(max-width: 500px)\" srcset=\"https:\/\/files.sunoresearch.com.br\/n\/uploads\/2023\/04\/400x300-Planilha-vida-financeira-true.png\">\n\t\t\t\t<img class=\"newsContent__article__imgCapa newsContent__article__imgCapa--banner\"\n\t\t\t\t\tsrc=\"https:\/\/files.sunoresearch.com.br\/n\/uploads\/2023\/04\/1420x240-Planilha-vida-financeira-true.png\"\n\t\t\t\t\tdata-promo-id=\"106682\"\t\t\t\t\t\t\t\t\t\twidth='1420' height='240'\t\t\t\t\talt=\"https:\/\/files.sunoresearch.com.br\/n\/uploads\/2023\/04\/1420x240-Planilha-vida-financeira-true.png\"\n\t\t\t\t>\n\t\t\t<\/picture>\n\t\t<\/a>\n\t<\/p>\n\n\n\n\n\n<p>Entre 2021 e 2023, o n\u00famero de <strong><a class=\"suno-keyword\" data-force=\"no\" data-priority=\"2\" href=\"https:\/\/www.suno.com.br\/artigos\/pessoa-fisica\/\" target=\"_blank\" rel=\"noopener\">pessoas f\u00edsicas<\/a> na B3<\/strong> cresceu mais de 46%, de 13,1 milh\u00f5es de investidores para 19,1 milh\u00f5es. Segundo a B3, foi notado um crescimento de investidores que antes s\u00f3 possu\u00edam aloca\u00e7\u00f5es em renda fixa (4,9 milh\u00f5es).\u00a0<\/p>\n\n\n\n<p>A faixa et\u00e1ria predominante no grupo de<strong> investidores em renda vari\u00e1vel <\/strong>\u00e9 de 25 a 39 anos, representando 42% do total. Quanto ao g\u00eanero, a distribui\u00e7\u00e3o tem se mantido est\u00e1vel ao longo dos anos, com 75% homens e 25% mulheres. No entanto, s\u00e3o as mulheres que t\u00eam os maiores valores iniciais investidos, com R$199, em compara\u00e7\u00e3o com os R$118 investidos pelos homens.<\/p>\n\n\n\n<p>Na <strong>renda vari\u00e1vel<\/strong>, o valor sob cust\u00f3dia dos <strong>investidores pessoa f\u00edsica<\/strong> aumentou de R$ 459 bilh\u00f5es para R$ 551 bilh\u00f5es, representando um crescimento de 20%. <\/p>\n\n\n\n<p>Entre os <strong>produtos de renda vari\u00e1vel<\/strong>, o valor sob cust\u00f3dia de <a class=\"suno-keyword\" data-force=\"no\" data-priority=\"2\" href=\"https:\/\/www.suno.com.br\/artigos\/pessoa-fisica\/\" target=\"_blank\" rel=\"noopener\">pessoas f\u00edsicas<\/a> no <strong>mercado de FIIs<\/strong> cresceu 21%, saltando de R$ 107 bilh\u00f5es para R$ 129 bilh\u00f5es, o que representa 75% de todo o <strong>valor sob gest\u00e3o de FIIs<\/strong>.\u00a0<\/p>\n\n\n\n<p>Para a\u00e7\u00f5es \u00e0 vista, o n\u00famero de investidores saltou de 3,4 milh\u00f5es para 3,7 milh\u00f5es, um crescimento de 9%. Neste segmento, o n\u00famero de cust\u00f3dia foi de R$ 329 bilh\u00f5es para R$ 391 bilh\u00f5es (+19%).\u00a0<\/p>\n\n\n\n<p>Ao todo, a B3 conta com 5 milh\u00f5es de <a class=\"suno-keyword\" data-force=\"no\" data-priority=\"2\" href=\"https:\/\/www.suno.com.br\/artigos\/pessoa-fisica\/\" target=\"_blank\" rel=\"noopener\">pessoas f\u00edsicas<\/a> que possuem algum tipo de <strong>investimento em renda vari\u00e1vel<\/strong>.<\/p>\n\n\n\n<h2 class=\"wp-block-heading\">B3:\u00a0deb\u00eantures, CRAs e CRIs tiveram crescimento de 35% no total de investidores<\/h2>\n\n\n\n<p>A quantidade de investidores em renda fixa tamb\u00e9m subiu, de 14,8 milh\u00f5es para 17,1 milh\u00f5es. A crescente demanda por <strong>produtos de renda fixa <\/strong>tamb\u00e9m se reflete no valor sob cust\u00f3dia, que subiu de R$ 1,64 trilh\u00e3o para R$ 2,1 trilh\u00f5es, um aumento de 30%. Destacam-se os produtos de d\u00edvida corporativa, como deb\u00eantures, notas comerciais, CRAs e CRIs, que juntos registraram um crescimento de 35% no total de investidores.<\/p>\n\n\n\n<p>As deb\u00eantures, t\u00edtulos de d\u00edvida emitidos por empresas fora dos setores imobili\u00e1rio e financeiro, registraram um aumento de 103 mil investidores (28%), atingindo um total de 471 mil pessoas. O saldo desses investimentos chegou a R$ 119,9 bilh\u00f5es, representando um aumento de 24%.<\/p>\n\n\n\n<p>Os CRAs (Certificados de Receb\u00edveis do Agroneg\u00f3cio) tiveram um aumento de 51% no n\u00famero de investidores <a class=\"suno-keyword\" target=\"_blank\" data-force=\"no\" data-priority=\"2\" href=\"https:\/\/www.suno.com.br\/artigos\/pessoa-fisica\/\" rel=\"noopener\">pessoas f\u00edsicas<\/a> (155 mil) e de 42% no saldo (R$ 100 bilh\u00f5es) no per\u00edodo analisado.<\/p>\n\n\n\n<p>J\u00e1 os CRIs (<a class=\"suno-keyword\" target=\"_blank\" data-force=\"no\" data-priority=\"1\" href=\"https:\/\/www.suno.com.br\/artigos\/certificados-recebiveis-imobiliarios\/\" rel=\"noopener\">Certificados de Receb\u00edveis Imobili\u00e1rios<\/a>) alcan\u00e7aram 107 mil investidores pessoas f\u00edsicas, um aumento de 53%. O saldo em cust\u00f3dia atingiu R$ 24,8 bilh\u00f5es, um aumento de 56% no mesmo per\u00edodo.<\/p>\n\n\n\n<p>As LCIs (Letras de Cr\u00e9dito Imobili\u00e1rio) registraram o maior aumento de investidores entre as aplica\u00e7\u00f5es de renda fixa, com um aumento de 58% em dezembro de 2023 em rela\u00e7\u00e3o ao mesmo per\u00edodo de 2022. O saldo totalizou R$ 357 bilh\u00f5es, com um saldo mediano de R$ 15,3 mil.<\/p>\n\n\n\n<p>Assim como as LCIs, as Letras de Cr\u00e9dito do Agroneg\u00f3cio (LCAs) s\u00e3o isentas de IR. O produto conta com 1.744 milh\u00e3o de investidores, um aumento de 29% em rela\u00e7\u00e3o a dezembro de 2022. O aumento de 37% no estoque (R$ 457,9 bilh\u00f5es) reflete o desempenho positivo do setor ao longo dos 12 meses analisados.<\/p>\n\n\n\n<p>Entre os principais produtos de renda fixa tamb\u00e9m est\u00e1 o CDB, t\u00edtulo emitido por bancos. S\u00e3o 11,7 milh\u00f5es de investidores pessoas f\u00edsicas, um aumento de 12% em rela\u00e7\u00e3o ao mesmo per\u00edodo de 2022, com um saldo de R$ 712,3 bilh\u00f5es e um saldo mediano de R$ 6 mil.<\/p>\n\n\n\n\t<div data-element=\"shortcode-read-more\" class=\"readToo\">\n\t\t\t\t<span class=\"readToo__title\">Leia mais<\/span>\n\t\t\t\t<ul class=\"readToo__list\">\n\t\t\t<li><a href=\"https:\/\/www.suno.com.br\/noticias\/ibovespa-tarde-weg-wege3-lidera-estavel-gss\/\">Ibovespa opera est\u00e1vel com Weg (WEGE3) liderando ganhos; Petrobras (PETR4) e Vale (VALE3) avan\u00e7am e NY recua<\/a><\/li><li><a href=\"https:\/\/www.suno.com.br\/noticias\/snme11-suno-asset-lanca-fundo-imobiliario-b3\/\">SNME11: Suno Asset lan\u00e7a fundo imobili\u00e1rio multiestrat\u00e9gia na B3<\/a><\/li>\t\t<\/ul>\n\t<\/div>\n\n\n\n\n<h2 class=\"wp-block-heading\">B3: Postura \u00e9 de cautela com trimestre \u2018pressionado\u2019, diz Santander<\/h2>\n\n\n\n<p>Em novo relat\u00f3rio sobre as a\u00e7\u00f5es da&nbsp;<a href=\"https:\/\/www.suno.com.br\/acoes\/B3SA3\/\" target=\"_blank\" rel=\"noreferrer noopener\"><strong>B3<\/strong>&nbsp;(B3SA3)<\/a>, analistas do Santander reiteraram sua postura cautelosa com a companhia, mantendo recomenda\u00e7\u00e3o neutra para os pap\u00e9is.<\/p>\n\n\n\n<p>No parecer, os especialistas apontaram que esperam que o&nbsp;<strong>resultado da B3<\/strong>&nbsp;mostre \u2018n\u00fameros pressionados\u2019.<\/p>\n\n\n\n<p>O pre\u00e7o-alvo da casa para as&nbsp;<strong>a\u00e7\u00f5es da B3<\/strong>&nbsp;\u00e9 de R$ 17, ao passo que os pap\u00e9is&nbsp;<strong><a href=\"https:\/\/statusinvest.com.br\/acoes\/b3sa3?__hstc=189907700.fe3a2f0940087f898e0a67e1ea5ed120.1701081224661.1708539722024.1708546209115.313&amp;__hssc=189907700.1.1708546209115&amp;__hsfp=1205640933\">B3SA3<\/a><\/strong>&nbsp;negociam pouco abaixo dos R$ 13.<\/p>\n\n\n\n<p>\u201cEstimamos&nbsp;<a href=\"https:\/\/www.suno.com.br\/artigos\/lucro-liquido\/\" target=\"_blank\" rel=\"noreferrer noopener\">lucro l\u00edquido<\/a>&nbsp;recorrente de R$ 1,04 bilh\u00e3o para a companhia no 4T23, queda de 10% na base trimestral e anual, com EBITDA atingindo R$ 1,4 bilh\u00e3o, equivalente a margem de 64%. Nossas estimativas para o 4T23 s\u00e3o com base nos relat\u00f3rios mensais de desempenho da B3 que incluem volumes e pre\u00e7os m\u00e9dios de alguns de suas linhas de neg\u00f3cios, em que o ADTV totalizou R$ 24,3 bilh\u00f5es\u201d, diz a casa.<\/p>\n\n\n\n<p>\u201cApesar dos volumes fracos, acreditamos que o principal destaque do trimestre ser\u00e3o as despesas ajustadas, pois esperamos que convirjam no ponto m\u00e9dio da orienta\u00e7\u00e3o para 2023. Nossa estimativa de&nbsp;<a target=\"_blank\" href=\"https:\/\/www.suno.com.br\/artigos\/lucro-liquido\/\" rel=\"noreferrer noopener\">lucro l\u00edquido<\/a>&nbsp;est\u00e1 9% abaixo do consenso para o 4T23\u2033, completa.<\/p>\n\n\n\n<p>Os analistas ainda acrescentam que o&nbsp;<strong>ADTV da B3<\/strong>&nbsp;segue fraco em 2024, mas que estimam que o indicador aumente gradativamente ao longo do ano, \u00e0 medida que a taxa Selic cai.<\/p>\n\n\n\t<p>\n\t\t<a href=\"https:\/\/lp.suno.com.br\/ebook-como-analisar-uma-acao\/\" target=\"_blank\" data-element=\"shortcode-suno-banner\" title=\"Banner SUNO, clique e saiba mais\">\n\t\t\t<picture>\n\t\t\t\t<source media=\"(max-width: 500px)\" srcset=\"https:\/\/files.sunoresearch.com.br\/n\/uploads\/2023\/03\/Ebook-Acoes-Mobile.jpg\">\n\t\t\t\t<img class=\"newsContent__article__imgCapa newsContent__article__imgCapa--banner\"\n\t\t\t\t\tsrc=\"https:\/\/files.sunoresearch.com.br\/n\/uploads\/2023\/03\/Ebook-Acoes-Desktop.jpg\"\n\t\t\t\t\tdata-promo-id=\"378302\"\t\t\t\t\t\t\t\t\t\twidth='1420' height='286'\t\t\t\t\talt=\"https:\/\/files.sunoresearch.com.br\/n\/uploads\/2023\/03\/Ebook-Acoes-Desktop.jpg\"\n\t\t\t\t>\n\t\t\t<\/picture>\n\t\t<\/a>\n\t<\/p>\n\n\n\n\n\n<h2 class=\"wp-block-heading\">Desempenho das a\u00e7\u00f5es da B3<\/h2>\n\n\n\n<p>As a\u00e7\u00f5es da&nbsp;<strong>B3<\/strong>&nbsp;operam em queda de 0,8% a R$ 12,83 no preg\u00e3o desta quarta-feira (21). Em 12 meses, os pap\u00e9is da companhia somam um avan\u00e7o de 18%, contudo.<\/p>\n\n\n\n\n\t<p>\n\t\t<a href=\"https:\/\/lp.suno.com.br\/planilha-da-vida-financeira\/\" target=\"_blank\" data-element=\"shortcode-suno-banner\" title=\"Banner SUNO, clique e saiba mais\">\n\t\t\t<picture>\n\t\t\t\t<source media=\"(max-width: 500px)\" srcset=\"https:\/\/files.sunoresearch.com.br\/n\/uploads\/2023\/04\/400x300-Planilha-vida-financeira-true.png\">\n\t\t\t\t<img class=\"newsContent__article__imgCapa newsContent__article__imgCapa--banner\"\n\t\t\t\t\tsrc=\"https:\/\/files.sunoresearch.com.br\/n\/uploads\/2023\/04\/1420x240-Planilha-vida-financeira-true.png\"\n\t\t\t\t\tdata-promo-id=\"383123\"\t\t\t\t\t\t\t\t\t\twidth='1420' height='240'\t\t\t\t\talt=\"https:\/\/files.sunoresearch.com.br\/n\/uploads\/2023\/04\/1420x240-Planilha-vida-financeira-true.png\"\n\t\t\t\t>\n\t\t\t<\/picture>\n\t\t<\/a>\n\t<\/p>\n\n\n","protected":false},"excerpt":{"rendered":"<p>A quantidade de investidores pessoas f\u00edsicas (PF) em renda fixa aumentou em 15% em 2023 em compara\u00e7\u00e3o com o ano anterior, saltando de 14,8 milh\u00f5es para 17,1 milh\u00f5es de pessoas, segundo a B3 (B3SA3). No segmento de renda vari\u00e1vel, o n\u00famero permaneceu constante, cerca de 5 milh\u00f5es, mas houve aumento no volume de cust\u00f3dia.\u00a0 Ibovespa. [&hellip;]<\/p>\n","protected":false},"author":301,"featured_media":341307,"comment_status":"closed","ping_status":"closed","sticky":false,"template":"","format":"standard","meta":[],"categories":[60],"tags":[286,367],"suno_strategy":[],"class_list":["post-525332","post","type-post","status-publish","format-standard","has-post-thumbnail","hentry","category-mercado","tag-acoes","tag-b3-b3sa3"],"yoast_head":"<!-- This site is optimized with the Yoast SEO plugin v24.4 - https:\/\/yoast.com\/wordpress\/plugins\/seo\/ -->\n<title>B3 (B3SA3): n\u00famero pessoas f\u00edsicas cresce 46% na Bolsa<\/title>\n<meta name=\"description\" content=\"Entre 2021 e 2023, o n\u00famero de pessoas f\u00edsicas na B3 cresceu mais de 46%, de 13,1 milh\u00f5es de investidores para 19,1 milh\u00f5es.\" \/>\n<meta name=\"robots\" content=\"index, follow, max-snippet:-1, max-image-preview:large, max-video-preview:-1\" \/>\n<link rel=\"canonical\" href=\"https:\/\/www.suno.com.br\/noticias\/b3b3sa3-numero-pessoas-fisicas-cresce-bolsa-valores-va\/\" \/>\n<meta property=\"og:locale\" content=\"pt_BR\" \/>\n<meta property=\"og:type\" content=\"article\" \/>\n<meta property=\"og:title\" content=\"B3 (B3SA3): n\u00famero pessoas f\u00edsicas cresce 46% na Bolsa\" \/>\n<meta property=\"og:description\" content=\"Entre 2021 e 2023, o n\u00famero de pessoas f\u00edsicas na B3 cresceu mais de 46%, de 13,1 milh\u00f5es de investidores para 19,1 milh\u00f5es.\" \/>\n<meta property=\"og:url\" content=\"https:\/\/www.suno.com.br\/noticias\/b3b3sa3-numero-pessoas-fisicas-cresce-bolsa-valores-va\/\" \/>\n<meta property=\"og:site_name\" content=\"Suno Not\u00edcias\" \/>\n<meta property=\"article:publisher\" content=\"https:\/\/facebook.com\/sunoresearch\" \/>\n<meta property=\"og:image\" content=\"https:\/\/files.sunoresearch.com.br\/n\/uploads\/2023\/01\/Ibovespa-B3-B3SA3.jpg\" \/>\n\t<meta property=\"og:image:width\" content=\"1200\" \/>\n\t<meta property=\"og:image:height\" content=\"800\" \/>\n\t<meta property=\"og:image:type\" content=\"image\/jpeg\" \/>\n<meta name=\"author\" content=\"Vin\u00edcius Alves\" \/>\n<meta name=\"twitter:card\" content=\"summary_large_image\" \/>\n<meta name=\"twitter:creator\" content=\"@sunoresearch\" \/>\n<meta name=\"twitter:site\" content=\"@sunoresearch\" \/>\n<meta name=\"twitter:label1\" content=\"Escrito por\" \/>\n\t<meta name=\"twitter:data1\" content=\"Vin\u00edcius Alves\" \/>\n\t<meta name=\"twitter:label2\" content=\"Est. tempo de leitura\" \/>\n\t<meta name=\"twitter:data2\" content=\"5 minutos\" \/>\n<script type=\"application\/ld+json\" class=\"yoast-schema-graph\">{\"@context\":\"https:\/\/schema.org\",\"@graph\":[{\"@type\":\"NewsArticle\",\"@id\":\"https:\/\/www.suno.com.br\/noticias\/b3b3sa3-numero-pessoas-fisicas-cresce-bolsa-valores-va\/#article\",\"isPartOf\":{\"@id\":\"https:\/\/www.suno.com.br\/noticias\/b3b3sa3-numero-pessoas-fisicas-cresce-bolsa-valores-va\/\"},\"author\":{\"name\":\"Vin\u00edcius Alves\",\"@id\":\"https:\/\/www.suno.com.br\/noticias\/#\/schema\/person\/4a180549702d0e236b3e420862bcded3\"},\"headline\":\"B3(B3SA3): n\u00famero pessoas f\u00edsicas cresce 46% na bolsa de valores, mostra relat\u00f3rio\",\"datePublished\":\"2024-02-21T20:38:13+00:00\",\"dateModified\":\"2024-02-21T20:38:21+00:00\",\"mainEntityOfPage\":{\"@id\":\"https:\/\/www.suno.com.br\/noticias\/b3b3sa3-numero-pessoas-fisicas-cresce-bolsa-valores-va\/\"},\"wordCount\":945,\"publisher\":{\"@id\":\"https:\/\/www.suno.com.br\/noticias\/#organization\"},\"image\":{\"@id\":\"https:\/\/www.suno.com.br\/noticias\/b3b3sa3-numero-pessoas-fisicas-cresce-bolsa-valores-va\/#primaryimage\"},\"thumbnailUrl\":\"https:\/\/files.sunoresearch.com.br\/n\/uploads\/2023\/01\/Ibovespa-B3-B3SA3.jpg\",\"keywords\":[\"A\u00e7\u00f5es\",\"B3 (B3SA3)\"],\"articleSection\":[\"Mercado\"],\"inLanguage\":\"pt-BR\"},{\"@type\":\"WebPage\",\"@id\":\"https:\/\/www.suno.com.br\/noticias\/b3b3sa3-numero-pessoas-fisicas-cresce-bolsa-valores-va\/\",\"url\":\"https:\/\/www.suno.com.br\/noticias\/b3b3sa3-numero-pessoas-fisicas-cresce-bolsa-valores-va\/\",\"name\":\"B3 (B3SA3): n\u00famero pessoas f\u00edsicas cresce 46% na Bolsa\",\"isPartOf\":{\"@id\":\"https:\/\/www.suno.com.br\/noticias\/#website\"},\"primaryImageOfPage\":{\"@id\":\"https:\/\/www.suno.com.br\/noticias\/b3b3sa3-numero-pessoas-fisicas-cresce-bolsa-valores-va\/#primaryimage\"},\"image\":{\"@id\":\"https:\/\/www.suno.com.br\/noticias\/b3b3sa3-numero-pessoas-fisicas-cresce-bolsa-valores-va\/#primaryimage\"},\"thumbnailUrl\":\"https:\/\/files.sunoresearch.com.br\/n\/uploads\/2023\/01\/Ibovespa-B3-B3SA3.jpg\",\"datePublished\":\"2024-02-21T20:38:13+00:00\",\"dateModified\":\"2024-02-21T20:38:21+00:00\",\"description\":\"Entre 2021 e 2023, o n\u00famero de pessoas f\u00edsicas na B3 cresceu mais de 46%, de 13,1 milh\u00f5es de investidores para 19,1 milh\u00f5es.\",\"breadcrumb\":{\"@id\":\"https:\/\/www.suno.com.br\/noticias\/b3b3sa3-numero-pessoas-fisicas-cresce-bolsa-valores-va\/#breadcrumb\"},\"inLanguage\":\"pt-BR\",\"potentialAction\":[{\"@type\":\"ReadAction\",\"target\":[\"https:\/\/www.suno.com.br\/noticias\/b3b3sa3-numero-pessoas-fisicas-cresce-bolsa-valores-va\/\"]}]},{\"@type\":\"ImageObject\",\"inLanguage\":\"pt-BR\",\"@id\":\"https:\/\/www.suno.com.br\/noticias\/b3b3sa3-numero-pessoas-fisicas-cresce-bolsa-valores-va\/#primaryimage\",\"url\":\"https:\/\/files.sunoresearch.com.br\/n\/uploads\/2023\/01\/Ibovespa-B3-B3SA3.jpg\",\"contentUrl\":\"https:\/\/files.sunoresearch.com.br\/n\/uploads\/2023\/01\/Ibovespa-B3-B3SA3.jpg\",\"width\":1200,\"height\":800,\"caption\":\"Ibovespa. Foto: Divulga\u00e7\u00e3o\/B3\"},{\"@type\":\"BreadcrumbList\",\"@id\":\"https:\/\/www.suno.com.br\/noticias\/b3b3sa3-numero-pessoas-fisicas-cresce-bolsa-valores-va\/#breadcrumb\",\"itemListElement\":[{\"@type\":\"ListItem\",\"position\":1,\"name\":\"Not\u00edcias\",\"item\":\"https:\/\/www.suno.com.br\/noticias\/\"},{\"@type\":\"ListItem\",\"position\":2,\"name\":\"Mercado\",\"item\":\"https:\/\/www.suno.com.br\/noticias\/mercado\/\"},{\"@type\":\"ListItem\",\"position\":3,\"name\":\"B3(B3SA3): n\u00famero pessoas f\u00edsicas cresce 46% na bolsa de valores, mostra relat\u00f3rio\"}]},{\"@type\":\"WebSite\",\"@id\":\"https:\/\/www.suno.com.br\/noticias\/#website\",\"url\":\"https:\/\/www.suno.com.br\/noticias\/\",\"name\":\"Suno Not\u00edcias\",\"description\":\"Seu portal de informa\u00e7\u00e3o sobre o mundo dos investimentos\",\"publisher\":{\"@id\":\"https:\/\/www.suno.com.br\/noticias\/#organization\"},\"potentialAction\":[{\"@type\":\"SearchAction\",\"target\":{\"@type\":\"EntryPoint\",\"urlTemplate\":\"https:\/\/www.suno.com.br\/noticias\/?s={search_term_string}\"},\"query-input\":{\"@type\":\"PropertyValueSpecification\",\"valueRequired\":true,\"valueName\":\"search_term_string\"}}],\"inLanguage\":\"pt-BR\"},{\"@type\":\"Organization\",\"@id\":\"https:\/\/www.suno.com.br\/noticias\/#organization\",\"name\":\"Suno Not\u00edcias\",\"url\":\"https:\/\/www.suno.com.br\/noticias\/\",\"logo\":{\"@type\":\"ImageObject\",\"inLanguage\":\"pt-BR\",\"@id\":\"https:\/\/www.suno.com.br\/noticias\/#\/schema\/logo\/image\/\",\"url\":\"https:\/\/files.sunoresearch.com.br\/n\/uploads\/2021\/09\/suno-logo.png\",\"contentUrl\":\"https:\/\/files.sunoresearch.com.br\/n\/uploads\/2021\/09\/suno-logo.png\",\"width\":180,\"height\":180,\"caption\":\"Suno Not\u00edcias\"},\"image\":{\"@id\":\"https:\/\/www.suno.com.br\/noticias\/#\/schema\/logo\/image\/\"},\"sameAs\":[\"https:\/\/facebook.com\/sunoresearch\",\"https:\/\/x.com\/sunoresearch\",\"https:\/\/www.instagram.com\/suno\",\"https:\/\/www.linkedin.com\/company\/suno-research\/\",\"https:\/\/www.youtube.com\/c\/sunoresearch\"]},{\"@type\":\"Person\",\"@id\":\"https:\/\/www.suno.com.br\/noticias\/#\/schema\/person\/4a180549702d0e236b3e420862bcded3\",\"name\":\"Vin\u00edcius Alves\",\"image\":{\"@type\":\"ImageObject\",\"inLanguage\":\"pt-BR\",\"@id\":\"https:\/\/www.suno.com.br\/noticias\/#\/schema\/person\/image\/\",\"url\":\"https:\/\/secure.gravatar.com\/avatar\/a95b7fe6d1b813f7907d4f476d5a39e1?s=96&r=g\",\"contentUrl\":\"https:\/\/secure.gravatar.com\/avatar\/a95b7fe6d1b813f7907d4f476d5a39e1?s=96&r=g\",\"caption\":\"Vin\u00edcius Alves\"},\"description\":\"Jornalista formado na Faculdade C\u00e1sper L\u00edbero. Com passagens pela Ag\u00eancia Estado, InfoMoney e Editora Globo.\",\"url\":\"https:\/\/www.suno.com.br\/noticias\/author\/vini08correiagmail-com\/\"}]}<\/script>\n<!-- \/ Yoast SEO plugin. -->","yoast_head_json":{"title":"B3 (B3SA3): n\u00famero pessoas f\u00edsicas cresce 46% na Bolsa","description":"Entre 2021 e 2023, o n\u00famero de pessoas f\u00edsicas na B3 cresceu mais de 46%, de 13,1 milh\u00f5es de investidores para 19,1 milh\u00f5es.","robots":{"index":"index","follow":"follow","max-snippet":"max-snippet:-1","max-image-preview":"max-image-preview:large","max-video-preview":"max-video-preview:-1"},"canonical":"https:\/\/www.suno.com.br\/noticias\/b3b3sa3-numero-pessoas-fisicas-cresce-bolsa-valores-va\/","og_locale":"pt_BR","og_type":"article","og_title":"B3 (B3SA3): n\u00famero pessoas f\u00edsicas cresce 46% na Bolsa","og_description":"Entre 2021 e 2023, o n\u00famero de pessoas f\u00edsicas na B3 cresceu mais de 46%, de 13,1 milh\u00f5es de investidores para 19,1 milh\u00f5es.","og_url":"https:\/\/www.suno.com.br\/noticias\/b3b3sa3-numero-pessoas-fisicas-cresce-bolsa-valores-va\/","og_site_name":"Suno Not\u00edcias","article_publisher":"https:\/\/facebook.com\/sunoresearch","og_image":[{"width":1200,"height":800,"url":"https:\/\/files.sunoresearch.com.br\/n\/uploads\/2023\/01\/Ibovespa-B3-B3SA3.jpg","type":"image\/jpeg"}],"author":"Vin\u00edcius Alves","twitter_card":"summary_large_image","twitter_creator":"@sunoresearch","twitter_site":"@sunoresearch","twitter_misc":{"Escrito por":"Vin\u00edcius Alves","Est. tempo de leitura":"5 minutos"},"schema":{"@context":"https:\/\/schema.org","@graph":[{"@type":"NewsArticle","@id":"https:\/\/www.suno.com.br\/noticias\/b3b3sa3-numero-pessoas-fisicas-cresce-bolsa-valores-va\/#article","isPartOf":{"@id":"https:\/\/www.suno.com.br\/noticias\/b3b3sa3-numero-pessoas-fisicas-cresce-bolsa-valores-va\/"},"author":{"name":"Vin\u00edcius Alves","@id":"https:\/\/www.suno.com.br\/noticias\/#\/schema\/person\/4a180549702d0e236b3e420862bcded3"},"headline":"B3(B3SA3): n\u00famero pessoas f\u00edsicas cresce 46% na bolsa de valores, mostra relat\u00f3rio","datePublished":"2024-02-21T20:38:13+00:00","dateModified":"2024-02-21T20:38:21+00:00","mainEntityOfPage":{"@id":"https:\/\/www.suno.com.br\/noticias\/b3b3sa3-numero-pessoas-fisicas-cresce-bolsa-valores-va\/"},"wordCount":945,"publisher":{"@id":"https:\/\/www.suno.com.br\/noticias\/#organization"},"image":{"@id":"https:\/\/www.suno.com.br\/noticias\/b3b3sa3-numero-pessoas-fisicas-cresce-bolsa-valores-va\/#primaryimage"},"thumbnailUrl":"https:\/\/files.sunoresearch.com.br\/n\/uploads\/2023\/01\/Ibovespa-B3-B3SA3.jpg","keywords":["A\u00e7\u00f5es","B3 (B3SA3)"],"articleSection":["Mercado"],"inLanguage":"pt-BR"},{"@type":"WebPage","@id":"https:\/\/www.suno.com.br\/noticias\/b3b3sa3-numero-pessoas-fisicas-cresce-bolsa-valores-va\/","url":"https:\/\/www.suno.com.br\/noticias\/b3b3sa3-numero-pessoas-fisicas-cresce-bolsa-valores-va\/","name":"B3 (B3SA3): n\u00famero pessoas f\u00edsicas cresce 46% na Bolsa","isPartOf":{"@id":"https:\/\/www.suno.com.br\/noticias\/#website"},"primaryImageOfPage":{"@id":"https:\/\/www.suno.com.br\/noticias\/b3b3sa3-numero-pessoas-fisicas-cresce-bolsa-valores-va\/#primaryimage"},"image":{"@id":"https:\/\/www.suno.com.br\/noticias\/b3b3sa3-numero-pessoas-fisicas-cresce-bolsa-valores-va\/#primaryimage"},"thumbnailUrl":"https:\/\/files.sunoresearch.com.br\/n\/uploads\/2023\/01\/Ibovespa-B3-B3SA3.jpg","datePublished":"2024-02-21T20:38:13+00:00","dateModified":"2024-02-21T20:38:21+00:00","description":"Entre 2021 e 2023, o n\u00famero de pessoas f\u00edsicas na B3 cresceu mais de 46%, de 13,1 milh\u00f5es de investidores para 19,1 milh\u00f5es.","breadcrumb":{"@id":"https:\/\/www.suno.com.br\/noticias\/b3b3sa3-numero-pessoas-fisicas-cresce-bolsa-valores-va\/#breadcrumb"},"inLanguage":"pt-BR","potentialAction":[{"@type":"ReadAction","target":["https:\/\/www.suno.com.br\/noticias\/b3b3sa3-numero-pessoas-fisicas-cresce-bolsa-valores-va\/"]}]},{"@type":"ImageObject","inLanguage":"pt-BR","@id":"https:\/\/www.suno.com.br\/noticias\/b3b3sa3-numero-pessoas-fisicas-cresce-bolsa-valores-va\/#primaryimage","url":"https:\/\/files.sunoresearch.com.br\/n\/uploads\/2023\/01\/Ibovespa-B3-B3SA3.jpg","contentUrl":"https:\/\/files.sunoresearch.com.br\/n\/uploads\/2023\/01\/Ibovespa-B3-B3SA3.jpg","width":1200,"height":800,"caption":"Ibovespa. Foto: Divulga\u00e7\u00e3o\/B3"},{"@type":"BreadcrumbList","@id":"https:\/\/www.suno.com.br\/noticias\/b3b3sa3-numero-pessoas-fisicas-cresce-bolsa-valores-va\/#breadcrumb","itemListElement":[{"@type":"ListItem","position":1,"name":"Not\u00edcias","item":"https:\/\/www.suno.com.br\/noticias\/"},{"@type":"ListItem","position":2,"name":"Mercado","item":"https:\/\/www.suno.com.br\/noticias\/mercado\/"},{"@type":"ListItem","position":3,"name":"B3(B3SA3): n\u00famero pessoas f\u00edsicas cresce 46% na bolsa de valores, mostra relat\u00f3rio"}]},{"@type":"WebSite","@id":"https:\/\/www.suno.com.br\/noticias\/#website","url":"https:\/\/www.suno.com.br\/noticias\/","name":"Suno Not\u00edcias","description":"Seu portal de informa\u00e7\u00e3o sobre o mundo dos investimentos","publisher":{"@id":"https:\/\/www.suno.com.br\/noticias\/#organization"},"potentialAction":[{"@type":"SearchAction","target":{"@type":"EntryPoint","urlTemplate":"https:\/\/www.suno.com.br\/noticias\/?s={search_term_string}"},"query-input":{"@type":"PropertyValueSpecification","valueRequired":true,"valueName":"search_term_string"}}],"inLanguage":"pt-BR"},{"@type":"Organization","@id":"https:\/\/www.suno.com.br\/noticias\/#organization","name":"Suno Not\u00edcias","url":"https:\/\/www.suno.com.br\/noticias\/","logo":{"@type":"ImageObject","inLanguage":"pt-BR","@id":"https:\/\/www.suno.com.br\/noticias\/#\/schema\/logo\/image\/","url":"https:\/\/files.sunoresearch.com.br\/n\/uploads\/2021\/09\/suno-logo.png","contentUrl":"https:\/\/files.sunoresearch.com.br\/n\/uploads\/2021\/09\/suno-logo.png","width":180,"height":180,"caption":"Suno Not\u00edcias"},"image":{"@id":"https:\/\/www.suno.com.br\/noticias\/#\/schema\/logo\/image\/"},"sameAs":["https:\/\/facebook.com\/sunoresearch","https:\/\/x.com\/sunoresearch","https:\/\/www.instagram.com\/suno","https:\/\/www.linkedin.com\/company\/suno-research\/","https:\/\/www.youtube.com\/c\/sunoresearch"]},{"@type":"Person","@id":"https:\/\/www.suno.com.br\/noticias\/#\/schema\/person\/4a180549702d0e236b3e420862bcded3","name":"Vin\u00edcius Alves","image":{"@type":"ImageObject","inLanguage":"pt-BR","@id":"https:\/\/www.suno.com.br\/noticias\/#\/schema\/person\/image\/","url":"https:\/\/secure.gravatar.com\/avatar\/a95b7fe6d1b813f7907d4f476d5a39e1?s=96&r=g","contentUrl":"https:\/\/secure.gravatar.com\/avatar\/a95b7fe6d1b813f7907d4f476d5a39e1?s=96&r=g","caption":"Vin\u00edcius Alves"},"description":"Jornalista formado na Faculdade C\u00e1sper L\u00edbero. Com passagens pela Ag\u00eancia Estado, InfoMoney e Editora Globo.","url":"https:\/\/www.suno.com.br\/noticias\/author\/vini08correiagmail-com\/"}]}},"default_loop_html":"<div class=\"cardsPage__listCard__boxs\"><div class=\"cardsPage__listCard__boxs__img\"><a href=\"https:\/\/www.suno.com.br\/noticias\/b3b3sa3-numero-pessoas-fisicas-cresce-bolsa-valores-va\/\"><img class=\"mask\" src=\"https:\/\/www.suno.com.br\/noticias\/wp-content\/themes\/suno\/resources\/images\/spotlight\/spotlight1img\/bg-mask.png\" alt=\"Image Mask\"\/><img src=\"https:\/\/files.sunoresearch.com.br\/n\/uploads\/2023\/01\/Ibovespa-B3-B3SA3-400x200.jpg\" alt=\"B3(B3SA3): n\u00famero pessoas f\u00edsicas cresce 46% na bolsa de valores, mostra relat\u00f3rio\"\/><\/a><span class=\"spotlightCategory\"><a href=\"https:\/\/www.suno.com.br\/noticias\/mercado\/\">Mercado<\/a><\/span><\/div><div class=\"cardsPage__listCard__boxs__content\"><a href=\"https:\/\/www.suno.com.br\/noticias\/b3b3sa3-numero-pessoas-fisicas-cresce-bolsa-valores-va\/\"><h2 class=\"content__title\">B3(B3SA3): n\u00famero pessoas f\u00edsicas cresce 46% na bolsa de valores, mostra relat\u00f3rio<\/h2><\/a><div class=\"newsContent__article__meta\"><div class=\"newsContent__article__meta__authorBox\"><a href=\"https:\/\/www.suno.com.br\/noticias\/author\/vini08correiagmail-com\/\" class=\"authorBox__avatar noMobi\"><img src=\"https:\/\/files.sunoresearch.com.br\/n\/uploads\/2026\/04\/WhatsApp-Image-2026-04-20-at-19.35.48-150x150.webp\" alt=\"Vin\u00edcius Alves\"><\/a><div class=\"authorBox__name\"><span>por\n\t\t\t<a href=\"https:\/\/www.suno.com.br\/noticias\/author\/vini08correiagmail-com\/\"><span itemprop=\"author\">Vin\u00edcius Alves<\/span><\/a><\/span><time datetime=\"2024-02-21T17:38:13-03:00\" itemprop=\"datePublished\">21\/02\/2024 17:38<\/time><\/div><\/div><\/div><\/div><\/div>","single_layout":"posts","amp_enabled":true,"_links":{"self":[{"href":"https:\/\/www.suno.com.br\/noticias\/wp-json\/wp\/v2\/posts\/525332"}],"collection":[{"href":"https:\/\/www.suno.com.br\/noticias\/wp-json\/wp\/v2\/posts"}],"about":[{"href":"https:\/\/www.suno.com.br\/noticias\/wp-json\/wp\/v2\/types\/post"}],"author":[{"embeddable":true,"href":"https:\/\/www.suno.com.br\/noticias\/wp-json\/wp\/v2\/users\/301"}],"replies":[{"embeddable":true,"href":"https:\/\/www.suno.com.br\/noticias\/wp-json\/wp\/v2\/comments?post=525332"}],"version-history":[{"count":2,"href":"https:\/\/www.suno.com.br\/noticias\/wp-json\/wp\/v2\/posts\/525332\/revisions"}],"predecessor-version":[{"id":525348,"href":"https:\/\/www.suno.com.br\/noticias\/wp-json\/wp\/v2\/posts\/525332\/revisions\/525348"}],"wp:featuredmedia":[{"embeddable":true,"href":"https:\/\/www.suno.com.br\/noticias\/wp-json\/wp\/v2\/media\/341307"}],"wp:attachment":[{"href":"https:\/\/www.suno.com.br\/noticias\/wp-json\/wp\/v2\/media?parent=525332"}],"wp:term":[{"taxonomy":"category","embeddable":true,"href":"https:\/\/www.suno.com.br\/noticias\/wp-json\/wp\/v2\/categories?post=525332"},{"taxonomy":"post_tag","embeddable":true,"href":"https:\/\/www.suno.com.br\/noticias\/wp-json\/wp\/v2\/tags?post=525332"},{"taxonomy":"suno_strategy","embeddable":true,"href":"https:\/\/www.suno.com.br\/noticias\/wp-json\/wp\/v2\/suno_strategy?post=525332"}],"curies":[{"name":"wp","href":"https:\/\/api.w.org\/{rel}","templated":true}]}}