{"id":525331,"date":"2024-02-21T20:27:50","date_gmt":"2024-02-21T23:27:50","guid":{"rendered":"https:\/\/www.suno.com.br\/noticias\/?p=525331"},"modified":"2024-02-21T20:27:54","modified_gmt":"2024-02-21T23:27:54","slug":"fiagros-anbima-captacao-janeiro-evm","status":"publish","type":"post","link":"https:\/\/www.suno.com.br\/noticias\/fiagros-anbima-captacao-janeiro-evm\/","title":{"rendered":"Fiagros t\u00eam capta\u00e7\u00e3o l\u00edquida de R$ 20,5 milh\u00f5es em janeiro e PL chega a R$ 33 bilh\u00f5es, diz Anbima"},"content":{"rendered":"<p>Os <a class=\"suno-keyword\" target=\"_blank\" data-force=\"no\" data-priority=\"2\" href=\"https:\/\/www.suno.com.br\/artigos\/fundos-de-investimento-exterior\/\" rel=\"noopener\">Fundos de Investimento<\/a> em Cadeias Agroindustriais (Fiagros) registraram capta\u00e7\u00e3o l\u00edquida de R$ 20,5 milh\u00f5es em janeiro, desacelerando ante dezembro, quando as entradas foram de R$ 572,3 milh\u00f5es. <\/p><div class=\"videoFull \">\n\t\t\t<div class=\"videoWrapper yt-lazyload center\"\n\t\t\t\tdata-width=\"960\"\n\t\t\t\tdata-height=\"540\"\n\t\t\t\tdata-id=\"1_NAMFExeUk\"\n\t\t\t\tdata-alt=\"V\u00eddeo do YouTube - clique para reproduzir\"\n\t\t\t\tdata-logo=\"3\"\n\t\t\t\tdata-imagequality=\"maxres\">\n\t\t\t<\/div>\n\t\t<\/div><script type=\"application\/ld+json\">{\"@context\":\"https:\/\/schema.org\",\"@type\":\"VideoObject\",\"name\":\"\ud83d\udd34WEG (WEGE3) DISPARA COM 4T23 E DIVIDENDOS | Ibovespa est\u00e1vel | Ren\u00fancia na Taesa (TAEE11)\",\"description\":\"#mercadofinanceiro #a\u00e7\u00f5es #investimentos #bolsadevalores #ibovespa #dinheiro #finan\u00e7as #pol\u00edtica #d\u00f3lar #livedas19h #petr4 #petr3 #petrobras #vale3 #vale #a\u00e7\u00f5es #economia #dividendos #min\u00e9riodeferro #min\u00e9rio #petr\u00f3leo #commodities #proventos #weg #wege3 #varejo #balan\u00e7ofinanceiro \ud83c\udf89 7 ANOS DA SUNO! REGISTRE-SE E GARANTA 7 B\u00d4NUS EXCLUSIVOS: https:\/\/suno.me\/3UF1qmC 00:00 In\u00edcio do v\u00eddeo 01:55 Fechamento de preg\u00e3o 06:10 Entenda a alta de WEGE3 11:40 Presidente\u2026\",\"duration\":\"PT23M14S\",\"embedUrl\":\"https:\/\/www.youtube.com\/embed\/1_NAMFExeUk\",\"regionsAllowed\":\"en-US\",\"interactionStatistic\":{\"@type\":\"InteractionCounter\",\"interactionType\":{\"@type\":\"WatchAction\"},\"userInteractionCount\":2847},\"thumbnailUrl\":\"https:\/\/i.ytimg.com\/vi\/1_NAMFExeUk\/default.jpg\",\"uploadDate\":\"2024-02-22T10:29:39Z\"}<\/script>\n\n\n\n\n\n\n\t<p>\n\t\t<a href=\"https:\/\/lp.suno.com.br\/ebook-como-analisar-uma-acao\/\" target=\"_blank\" data-element=\"shortcode-suno-banner\" title=\"Banner SUNO, clique e saiba mais\">\n\t\t\t<picture>\n\t\t\t\t<source media=\"(max-width: 500px)\" srcset=\"https:\/\/files.sunoresearch.com.br\/n\/uploads\/2023\/03\/Ebook-Acoes-Mobile.jpg\">\n\t\t\t\t<img class=\"newsContent__article__imgCapa newsContent__article__imgCapa--banner\"\n\t\t\t\t\tsrc=\"https:\/\/files.sunoresearch.com.br\/n\/uploads\/2023\/03\/Ebook-Acoes-Desktop.jpg\"\n\t\t\t\t\tdata-promo-id=\"378302\"\t\t\t\t\t\t\t\t\t\twidth='1420' height='286'\t\t\t\t\talt=\"https:\/\/files.sunoresearch.com.br\/n\/uploads\/2023\/03\/Ebook-Acoes-Desktop.jpg\"\n\t\t\t\t>\n\t\t\t<\/picture>\n\t\t<\/a>\n\t<\/p>\n\n\n\n\n\n<p>Os dados sobre o <strong>mercado de Fiagros<\/strong> foram divulgados nesta quarta-feira (21) pela Associa\u00e7\u00e3o Brasileira das Entidades dos Mercados Financeiro e de Capitais (Anbima).<\/p>\n\n\n\n<p>O <strong>patrim\u00f4nio l\u00edquido dos Fiagros<\/strong> agora \u00e9 de R$ 34,4 bilh\u00f5es, uma alta de 42,1% ante janeiro de 2023.<\/p>\n\n\n\n<p>A maior parcela da ind\u00fastria segue com o tipo Fundos de Investimento Imobili\u00e1rio (FIIs), com R$ 17,1 bilh\u00f5es.<\/p>\n\n\n\n<p>A Anbima informa ainda haver 96 fundos e 690 mil contas que investem em Fiagros.<\/p>\n\n\n\n<p>&#8220;Os dados mostram uma evolu\u00e7\u00e3o r\u00e1pida e positiva dos Fiagros. O produto deve continuar a desempenhar um papel importante no financiamento do agroneg\u00f3cio e a oferecer aos investidores ainda mais oportunidades de diversifica\u00e7\u00e3o da carteira com a iminente normatiza\u00e7\u00e3o do Fiagro multimercado pela CVM Comiss\u00e3o de Valores Mobili\u00e1rios ap\u00f3s o encerramento da consulta p\u00fablica&#8221;, afirmou S\u00e9rgio Cutolo, vice-presidente da Anbima, em nota.<\/p>\n\n\n\n<p>Com Estad\u00e3o Conte\u00fado<\/p>\n\n\n\t<p>\n\t\t<a href=\"https:\/\/lp.suno.com.br\/asset\/fundos\/suno-fiagro-snag11\/\" target=\"_blank\" data-element=\"shortcode-suno-banner\" title=\"Banner SUNO, clique e saiba mais\">\n\t\t\t<picture>\n\t\t\t\t<source media=\"(max-width: 500px)\" srcset=\"https:\/\/files.sunoresearch.com.br\/n\/uploads\/2024\/03\/400x300-Mobile-Artigos-1_SNAG.png\">\n\t\t\t\t<img class=\"newsContent__article__imgCapa newsContent__article__imgCapa--banner\"\n\t\t\t\t\tsrc=\"https:\/\/files.sunoresearch.com.br\/n\/uploads\/2024\/03\/1420x240-Banner-Artigos-1-_-Banner-Materias-1_SNAG.png\"\n\t\t\t\t\tdata-promo-id=\"364416\"\t\t\t\t\t\t\t\t\t\twidth='1420' height='240'\t\t\t\t\talt=\"https:\/\/files.sunoresearch.com.br\/n\/uploads\/2024\/03\/1420x240-Banner-Artigos-1-_-Banner-Materias-1_SNAG.png\"\n\t\t\t\t>\n\t\t\t<\/picture>\n\t\t<\/a>\n\t<\/p>\n\n\n","protected":false},"excerpt":{"rendered":"<p>Os Fundos de Investimento em Cadeias Agroindustriais (Fiagros) registraram capta\u00e7\u00e3o l\u00edquida de R$ 20,5 milh\u00f5es em janeiro, desacelerando ante dezembro, quando as entradas foram de R$ 572,3 milh\u00f5es. Os dados sobre o mercado de Fiagros foram divulgados nesta quarta-feira (21) pela Associa\u00e7\u00e3o Brasileira das Entidades dos Mercados Financeiro e de Capitais (Anbima). O patrim\u00f4nio l\u00edquido [&hellip;]<\/p>\n","protected":false},"author":73,"featured_media":442522,"comment_status":"closed","ping_status":"closed","sticky":false,"template":"","format":"standard","meta":[],"categories":[60],"tags":[106444,1544,106399],"suno_strategy":[],"class_list":["post-525331","post","type-post","status-publish","format-standard","has-post-thumbnail","hentry","category-mercado","tag-agencias","tag-anbima","tag-fiagro"],"yoast_head":"<!-- This site is optimized with the Yoast SEO plugin v24.4 - https:\/\/yoast.com\/wordpress\/plugins\/seo\/ -->\n<title>Fiagros t\u00eam capta\u00e7\u00e3o de R$ 20,5 milh\u00f5es em janeiro e PL chega a R$ 33 bilh\u00f5es<\/title>\n<meta name=\"description\" content=\"O patrim\u00f4nio l\u00edquido dos Fiagros agora \u00e9 de R$ 34,4 bilh\u00f5es, uma alta de 42,1% ante janeiro de 2023, conforme os dados da Anbima\" \/>\n<meta name=\"robots\" content=\"index, follow, max-snippet:-1, max-image-preview:large, max-video-preview:-1\" \/>\n<link rel=\"canonical\" href=\"https:\/\/www.suno.com.br\/noticias\/fiagros-anbima-captacao-janeiro-evm\/\" \/>\n<meta property=\"og:locale\" content=\"pt_BR\" \/>\n<meta property=\"og:type\" content=\"article\" \/>\n<meta property=\"og:title\" content=\"Fiagros t\u00eam capta\u00e7\u00e3o de R$ 20,5 milh\u00f5es em janeiro e PL chega a R$ 33 bilh\u00f5es\" \/>\n<meta property=\"og:description\" content=\"O patrim\u00f4nio l\u00edquido dos Fiagros agora \u00e9 de R$ 34,4 bilh\u00f5es, uma alta de 42,1% ante janeiro de 2023, conforme os dados da Anbima\" \/>\n<meta property=\"og:url\" content=\"https:\/\/www.suno.com.br\/noticias\/fiagros-anbima-captacao-janeiro-evm\/\" \/>\n<meta property=\"og:site_name\" content=\"Suno Not\u00edcias\" \/>\n<meta property=\"article:publisher\" content=\"https:\/\/facebook.com\/sunoresearch\" \/>\n<meta property=\"og:image\" content=\"https:\/\/files.sunoresearch.com.br\/n\/uploads\/2023\/08\/Fiagros.jpg\" \/>\n\t<meta property=\"og:image:width\" content=\"1280\" \/>\n\t<meta property=\"og:image:height\" content=\"853\" \/>\n\t<meta property=\"og:image:type\" content=\"image\/jpeg\" \/>\n<meta name=\"author\" content=\"Eduardo Vargas\" \/>\n<meta name=\"twitter:card\" content=\"summary_large_image\" \/>\n<meta name=\"twitter:creator\" content=\"@sunoresearch\" \/>\n<meta name=\"twitter:site\" content=\"@sunoresearch\" \/>\n<meta name=\"twitter:label1\" content=\"Escrito por\" \/>\n\t<meta name=\"twitter:data1\" content=\"Eduardo Vargas\" \/>\n\t<meta name=\"twitter:label2\" content=\"Est. tempo de leitura\" \/>\n\t<meta name=\"twitter:data2\" content=\"1 minuto\" \/>\n<script type=\"application\/ld+json\" class=\"yoast-schema-graph\">{\"@context\":\"https:\/\/schema.org\",\"@graph\":[{\"@type\":\"NewsArticle\",\"@id\":\"https:\/\/www.suno.com.br\/noticias\/fiagros-anbima-captacao-janeiro-evm\/#article\",\"isPartOf\":{\"@id\":\"https:\/\/www.suno.com.br\/noticias\/fiagros-anbima-captacao-janeiro-evm\/\"},\"author\":{\"name\":\"Eduardo Vargas\",\"@id\":\"https:\/\/www.suno.com.br\/noticias\/#\/schema\/person\/7f4d362bf3518e76090143ae77bb49a5\"},\"headline\":\"Fiagros t\u00eam capta\u00e7\u00e3o l\u00edquida de R$ 20,5 milh\u00f5es em janeiro e PL chega a R$ 33 bilh\u00f5es, diz Anbima\",\"datePublished\":\"2024-02-21T23:27:50+00:00\",\"dateModified\":\"2024-02-21T23:27:54+00:00\",\"mainEntityOfPage\":{\"@id\":\"https:\/\/www.suno.com.br\/noticias\/fiagros-anbima-captacao-janeiro-evm\/\"},\"wordCount\":210,\"publisher\":{\"@id\":\"https:\/\/www.suno.com.br\/noticias\/#organization\"},\"image\":{\"@id\":\"https:\/\/www.suno.com.br\/noticias\/fiagros-anbima-captacao-janeiro-evm\/#primaryimage\"},\"thumbnailUrl\":\"https:\/\/files.sunoresearch.com.br\/n\/uploads\/2023\/08\/Fiagros.jpg\",\"keywords\":[\"Ag\u00eancias\",\"Anbima\",\"Fiagro\"],\"articleSection\":[\"Mercado\"],\"inLanguage\":\"pt-BR\"},{\"@type\":\"WebPage\",\"@id\":\"https:\/\/www.suno.com.br\/noticias\/fiagros-anbima-captacao-janeiro-evm\/\",\"url\":\"https:\/\/www.suno.com.br\/noticias\/fiagros-anbima-captacao-janeiro-evm\/\",\"name\":\"Fiagros t\u00eam capta\u00e7\u00e3o de R$ 20,5 milh\u00f5es em janeiro e PL chega a R$ 33 bilh\u00f5es\",\"isPartOf\":{\"@id\":\"https:\/\/www.suno.com.br\/noticias\/#website\"},\"primaryImageOfPage\":{\"@id\":\"https:\/\/www.suno.com.br\/noticias\/fiagros-anbima-captacao-janeiro-evm\/#primaryimage\"},\"image\":{\"@id\":\"https:\/\/www.suno.com.br\/noticias\/fiagros-anbima-captacao-janeiro-evm\/#primaryimage\"},\"thumbnailUrl\":\"https:\/\/files.sunoresearch.com.br\/n\/uploads\/2023\/08\/Fiagros.jpg\",\"datePublished\":\"2024-02-21T23:27:50+00:00\",\"dateModified\":\"2024-02-21T23:27:54+00:00\",\"description\":\"O patrim\u00f4nio l\u00edquido dos Fiagros agora \u00e9 de R$ 34,4 bilh\u00f5es, uma alta de 42,1% ante janeiro de 2023, conforme os dados da Anbima\",\"breadcrumb\":{\"@id\":\"https:\/\/www.suno.com.br\/noticias\/fiagros-anbima-captacao-janeiro-evm\/#breadcrumb\"},\"inLanguage\":\"pt-BR\",\"potentialAction\":[{\"@type\":\"ReadAction\",\"target\":[\"https:\/\/www.suno.com.br\/noticias\/fiagros-anbima-captacao-janeiro-evm\/\"]}]},{\"@type\":\"ImageObject\",\"inLanguage\":\"pt-BR\",\"@id\":\"https:\/\/www.suno.com.br\/noticias\/fiagros-anbima-captacao-janeiro-evm\/#primaryimage\",\"url\":\"https:\/\/files.sunoresearch.com.br\/n\/uploads\/2023\/08\/Fiagros.jpg\",\"contentUrl\":\"https:\/\/files.sunoresearch.com.br\/n\/uploads\/2023\/08\/Fiagros.jpg\",\"width\":1280,\"height\":853,\"caption\":\"SNFZ11. Foto: Pixabay\"},{\"@type\":\"BreadcrumbList\",\"@id\":\"https:\/\/www.suno.com.br\/noticias\/fiagros-anbima-captacao-janeiro-evm\/#breadcrumb\",\"itemListElement\":[{\"@type\":\"ListItem\",\"position\":1,\"name\":\"Not\u00edcias\",\"item\":\"https:\/\/www.suno.com.br\/noticias\/\"},{\"@type\":\"ListItem\",\"position\":2,\"name\":\"Mercado\",\"item\":\"https:\/\/www.suno.com.br\/noticias\/mercado\/\"},{\"@type\":\"ListItem\",\"position\":3,\"name\":\"Fiagros t\u00eam capta\u00e7\u00e3o l\u00edquida de R$ 20,5 milh\u00f5es em janeiro e PL chega a R$ 33 bilh\u00f5es, diz Anbima\"}]},{\"@type\":\"WebSite\",\"@id\":\"https:\/\/www.suno.com.br\/noticias\/#website\",\"url\":\"https:\/\/www.suno.com.br\/noticias\/\",\"name\":\"Suno Not\u00edcias\",\"description\":\"Seu portal de informa\u00e7\u00e3o sobre o mundo dos investimentos\",\"publisher\":{\"@id\":\"https:\/\/www.suno.com.br\/noticias\/#organization\"},\"potentialAction\":[{\"@type\":\"SearchAction\",\"target\":{\"@type\":\"EntryPoint\",\"urlTemplate\":\"https:\/\/www.suno.com.br\/noticias\/?s={search_term_string}\"},\"query-input\":{\"@type\":\"PropertyValueSpecification\",\"valueRequired\":true,\"valueName\":\"search_term_string\"}}],\"inLanguage\":\"pt-BR\"},{\"@type\":\"Organization\",\"@id\":\"https:\/\/www.suno.com.br\/noticias\/#organization\",\"name\":\"Suno Not\u00edcias\",\"url\":\"https:\/\/www.suno.com.br\/noticias\/\",\"logo\":{\"@type\":\"ImageObject\",\"inLanguage\":\"pt-BR\",\"@id\":\"https:\/\/www.suno.com.br\/noticias\/#\/schema\/logo\/image\/\",\"url\":\"https:\/\/files.sunoresearch.com.br\/n\/uploads\/2021\/09\/suno-logo.png\",\"contentUrl\":\"https:\/\/files.sunoresearch.com.br\/n\/uploads\/2021\/09\/suno-logo.png\",\"width\":180,\"height\":180,\"caption\":\"Suno Not\u00edcias\"},\"image\":{\"@id\":\"https:\/\/www.suno.com.br\/noticias\/#\/schema\/logo\/image\/\"},\"sameAs\":[\"https:\/\/facebook.com\/sunoresearch\",\"https:\/\/x.com\/sunoresearch\",\"https:\/\/www.instagram.com\/suno\",\"https:\/\/www.linkedin.com\/company\/suno-research\/\",\"https:\/\/www.youtube.com\/c\/sunoresearch\"]},{\"@type\":\"Person\",\"@id\":\"https:\/\/www.suno.com.br\/noticias\/#\/schema\/person\/7f4d362bf3518e76090143ae77bb49a5\",\"name\":\"Eduardo Vargas\",\"image\":{\"@type\":\"ImageObject\",\"inLanguage\":\"pt-BR\",\"@id\":\"https:\/\/www.suno.com.br\/noticias\/#\/schema\/person\/image\/\",\"url\":\"https:\/\/secure.gravatar.com\/avatar\/dac340933427a22924c9f99d1eb2e3f2?s=96&r=g\",\"contentUrl\":\"https:\/\/secure.gravatar.com\/avatar\/dac340933427a22924c9f99d1eb2e3f2?s=96&r=g\",\"caption\":\"Eduardo Vargas\"},\"description\":\"Jornalista formado pela UFSC, cobre macroeconomia, neg\u00f3cios e startups para o Suno Not\u00edcias, escrevendo principalmente not\u00edcias sobre o mercado financeiro e a bolsa de valores. No YouTube e no Instagram, \u00e9 respons\u00e1vel pela produ\u00e7\u00e3o de Reels e Shorts do Suno Not\u00edcias. Anteriormente, trabalhou cobrindo economia e cotidiano no ND+ e para o ND, maior jornal impresso de Santa Catarina. Cursou um semestre letivo de Estudos de M\u00eddia na Universidad de Buenos Aires.\",\"url\":\"https:\/\/www.suno.com.br\/noticias\/author\/eduardo-vargas\/\"}]}<\/script>\n<!-- \/ Yoast SEO plugin. -->","yoast_head_json":{"title":"Fiagros t\u00eam capta\u00e7\u00e3o de R$ 20,5 milh\u00f5es em janeiro e PL chega a R$ 33 bilh\u00f5es","description":"O patrim\u00f4nio l\u00edquido dos Fiagros agora \u00e9 de R$ 34,4 bilh\u00f5es, uma alta de 42,1% ante janeiro de 2023, conforme os dados da Anbima","robots":{"index":"index","follow":"follow","max-snippet":"max-snippet:-1","max-image-preview":"max-image-preview:large","max-video-preview":"max-video-preview:-1"},"canonical":"https:\/\/www.suno.com.br\/noticias\/fiagros-anbima-captacao-janeiro-evm\/","og_locale":"pt_BR","og_type":"article","og_title":"Fiagros t\u00eam capta\u00e7\u00e3o de R$ 20,5 milh\u00f5es em janeiro e PL chega a R$ 33 bilh\u00f5es","og_description":"O patrim\u00f4nio l\u00edquido dos Fiagros agora \u00e9 de R$ 34,4 bilh\u00f5es, uma alta de 42,1% ante janeiro de 2023, conforme os dados da Anbima","og_url":"https:\/\/www.suno.com.br\/noticias\/fiagros-anbima-captacao-janeiro-evm\/","og_site_name":"Suno Not\u00edcias","article_publisher":"https:\/\/facebook.com\/sunoresearch","og_image":[{"width":1280,"height":853,"url":"https:\/\/files.sunoresearch.com.br\/n\/uploads\/2023\/08\/Fiagros.jpg","type":"image\/jpeg"}],"author":"Eduardo Vargas","twitter_card":"summary_large_image","twitter_creator":"@sunoresearch","twitter_site":"@sunoresearch","twitter_misc":{"Escrito por":"Eduardo Vargas","Est. tempo de leitura":"1 minuto"},"schema":{"@context":"https:\/\/schema.org","@graph":[{"@type":"NewsArticle","@id":"https:\/\/www.suno.com.br\/noticias\/fiagros-anbima-captacao-janeiro-evm\/#article","isPartOf":{"@id":"https:\/\/www.suno.com.br\/noticias\/fiagros-anbima-captacao-janeiro-evm\/"},"author":{"name":"Eduardo Vargas","@id":"https:\/\/www.suno.com.br\/noticias\/#\/schema\/person\/7f4d362bf3518e76090143ae77bb49a5"},"headline":"Fiagros t\u00eam capta\u00e7\u00e3o l\u00edquida de R$ 20,5 milh\u00f5es em janeiro e PL chega a R$ 33 bilh\u00f5es, diz Anbima","datePublished":"2024-02-21T23:27:50+00:00","dateModified":"2024-02-21T23:27:54+00:00","mainEntityOfPage":{"@id":"https:\/\/www.suno.com.br\/noticias\/fiagros-anbima-captacao-janeiro-evm\/"},"wordCount":210,"publisher":{"@id":"https:\/\/www.suno.com.br\/noticias\/#organization"},"image":{"@id":"https:\/\/www.suno.com.br\/noticias\/fiagros-anbima-captacao-janeiro-evm\/#primaryimage"},"thumbnailUrl":"https:\/\/files.sunoresearch.com.br\/n\/uploads\/2023\/08\/Fiagros.jpg","keywords":["Ag\u00eancias","Anbima","Fiagro"],"articleSection":["Mercado"],"inLanguage":"pt-BR"},{"@type":"WebPage","@id":"https:\/\/www.suno.com.br\/noticias\/fiagros-anbima-captacao-janeiro-evm\/","url":"https:\/\/www.suno.com.br\/noticias\/fiagros-anbima-captacao-janeiro-evm\/","name":"Fiagros t\u00eam capta\u00e7\u00e3o de R$ 20,5 milh\u00f5es em janeiro e PL chega a R$ 33 bilh\u00f5es","isPartOf":{"@id":"https:\/\/www.suno.com.br\/noticias\/#website"},"primaryImageOfPage":{"@id":"https:\/\/www.suno.com.br\/noticias\/fiagros-anbima-captacao-janeiro-evm\/#primaryimage"},"image":{"@id":"https:\/\/www.suno.com.br\/noticias\/fiagros-anbima-captacao-janeiro-evm\/#primaryimage"},"thumbnailUrl":"https:\/\/files.sunoresearch.com.br\/n\/uploads\/2023\/08\/Fiagros.jpg","datePublished":"2024-02-21T23:27:50+00:00","dateModified":"2024-02-21T23:27:54+00:00","description":"O patrim\u00f4nio l\u00edquido dos Fiagros agora \u00e9 de R$ 34,4 bilh\u00f5es, uma alta de 42,1% ante janeiro de 2023, conforme os dados da Anbima","breadcrumb":{"@id":"https:\/\/www.suno.com.br\/noticias\/fiagros-anbima-captacao-janeiro-evm\/#breadcrumb"},"inLanguage":"pt-BR","potentialAction":[{"@type":"ReadAction","target":["https:\/\/www.suno.com.br\/noticias\/fiagros-anbima-captacao-janeiro-evm\/"]}]},{"@type":"ImageObject","inLanguage":"pt-BR","@id":"https:\/\/www.suno.com.br\/noticias\/fiagros-anbima-captacao-janeiro-evm\/#primaryimage","url":"https:\/\/files.sunoresearch.com.br\/n\/uploads\/2023\/08\/Fiagros.jpg","contentUrl":"https:\/\/files.sunoresearch.com.br\/n\/uploads\/2023\/08\/Fiagros.jpg","width":1280,"height":853,"caption":"SNFZ11. Foto: Pixabay"},{"@type":"BreadcrumbList","@id":"https:\/\/www.suno.com.br\/noticias\/fiagros-anbima-captacao-janeiro-evm\/#breadcrumb","itemListElement":[{"@type":"ListItem","position":1,"name":"Not\u00edcias","item":"https:\/\/www.suno.com.br\/noticias\/"},{"@type":"ListItem","position":2,"name":"Mercado","item":"https:\/\/www.suno.com.br\/noticias\/mercado\/"},{"@type":"ListItem","position":3,"name":"Fiagros t\u00eam capta\u00e7\u00e3o l\u00edquida de R$ 20,5 milh\u00f5es em janeiro e PL chega a R$ 33 bilh\u00f5es, diz Anbima"}]},{"@type":"WebSite","@id":"https:\/\/www.suno.com.br\/noticias\/#website","url":"https:\/\/www.suno.com.br\/noticias\/","name":"Suno Not\u00edcias","description":"Seu portal de informa\u00e7\u00e3o sobre o mundo dos investimentos","publisher":{"@id":"https:\/\/www.suno.com.br\/noticias\/#organization"},"potentialAction":[{"@type":"SearchAction","target":{"@type":"EntryPoint","urlTemplate":"https:\/\/www.suno.com.br\/noticias\/?s={search_term_string}"},"query-input":{"@type":"PropertyValueSpecification","valueRequired":true,"valueName":"search_term_string"}}],"inLanguage":"pt-BR"},{"@type":"Organization","@id":"https:\/\/www.suno.com.br\/noticias\/#organization","name":"Suno Not\u00edcias","url":"https:\/\/www.suno.com.br\/noticias\/","logo":{"@type":"ImageObject","inLanguage":"pt-BR","@id":"https:\/\/www.suno.com.br\/noticias\/#\/schema\/logo\/image\/","url":"https:\/\/files.sunoresearch.com.br\/n\/uploads\/2021\/09\/suno-logo.png","contentUrl":"https:\/\/files.sunoresearch.com.br\/n\/uploads\/2021\/09\/suno-logo.png","width":180,"height":180,"caption":"Suno Not\u00edcias"},"image":{"@id":"https:\/\/www.suno.com.br\/noticias\/#\/schema\/logo\/image\/"},"sameAs":["https:\/\/facebook.com\/sunoresearch","https:\/\/x.com\/sunoresearch","https:\/\/www.instagram.com\/suno","https:\/\/www.linkedin.com\/company\/suno-research\/","https:\/\/www.youtube.com\/c\/sunoresearch"]},{"@type":"Person","@id":"https:\/\/www.suno.com.br\/noticias\/#\/schema\/person\/7f4d362bf3518e76090143ae77bb49a5","name":"Eduardo Vargas","image":{"@type":"ImageObject","inLanguage":"pt-BR","@id":"https:\/\/www.suno.com.br\/noticias\/#\/schema\/person\/image\/","url":"https:\/\/secure.gravatar.com\/avatar\/dac340933427a22924c9f99d1eb2e3f2?s=96&r=g","contentUrl":"https:\/\/secure.gravatar.com\/avatar\/dac340933427a22924c9f99d1eb2e3f2?s=96&r=g","caption":"Eduardo Vargas"},"description":"Jornalista formado pela UFSC, cobre macroeconomia, neg\u00f3cios e startups para o Suno Not\u00edcias, escrevendo principalmente not\u00edcias sobre o mercado financeiro e a bolsa de valores. No YouTube e no Instagram, \u00e9 respons\u00e1vel pela produ\u00e7\u00e3o de Reels e Shorts do Suno Not\u00edcias. Anteriormente, trabalhou cobrindo economia e cotidiano no ND+ e para o ND, maior jornal impresso de Santa Catarina. Cursou um semestre letivo de Estudos de M\u00eddia na Universidad de Buenos Aires.","url":"https:\/\/www.suno.com.br\/noticias\/author\/eduardo-vargas\/"}]}},"default_loop_html":"<div class=\"cardsPage__listCard__boxs\"><div class=\"cardsPage__listCard__boxs__img\"><a href=\"https:\/\/www.suno.com.br\/noticias\/fiagros-anbima-captacao-janeiro-evm\/\"><img class=\"mask\" src=\"https:\/\/www.suno.com.br\/noticias\/wp-content\/themes\/suno\/resources\/images\/spotlight\/spotlight1img\/bg-mask.png\" alt=\"Image Mask\"\/><img src=\"https:\/\/files.sunoresearch.com.br\/n\/uploads\/2023\/08\/Fiagros-400x200.jpg\" alt=\"Fiagros t\u00eam capta\u00e7\u00e3o l\u00edquida de R$ 20,5 milh\u00f5es em janeiro e PL chega a R$ 33 bilh\u00f5es, diz Anbima\"\/><\/a><span class=\"spotlightCategory\"><a href=\"https:\/\/www.suno.com.br\/noticias\/mercado\/\">Mercado<\/a><\/span><\/div><div class=\"cardsPage__listCard__boxs__content\"><a href=\"https:\/\/www.suno.com.br\/noticias\/fiagros-anbima-captacao-janeiro-evm\/\"><h2 class=\"content__title\">Fiagros t\u00eam capta\u00e7\u00e3o l\u00edquida de R$ 20,5 milh\u00f5es em janeiro e PL chega a R$ 33 bilh\u00f5es, diz Anbima<\/h2><\/a><div class=\"newsContent__article__meta\"><div class=\"newsContent__article__meta__authorBox\"><a href=\"https:\/\/www.suno.com.br\/noticias\/author\/eduardo-vargas\/\" class=\"authorBox__avatar noMobi\"><img src=\"https:\/\/secure.gravatar.com\/avatar\/dac340933427a22924c9f99d1eb2e3f2?s=96&#038;r=g\" alt=\"Eduardo Vargas\"><\/a><div class=\"authorBox__name\"><span>por\n\t\t\t<a href=\"https:\/\/www.suno.com.br\/noticias\/author\/eduardo-vargas\/\"><span itemprop=\"author\">Eduardo Vargas<\/span><\/a><\/span><time datetime=\"2024-02-21T20:27:50-03:00\" itemprop=\"datePublished\">21\/02\/2024 20:27<\/time><\/div><\/div><\/div><\/div><\/div>","single_layout":"posts","amp_enabled":true,"_links":{"self":[{"href":"https:\/\/www.suno.com.br\/noticias\/wp-json\/wp\/v2\/posts\/525331"}],"collection":[{"href":"https:\/\/www.suno.com.br\/noticias\/wp-json\/wp\/v2\/posts"}],"about":[{"href":"https:\/\/www.suno.com.br\/noticias\/wp-json\/wp\/v2\/types\/post"}],"author":[{"embeddable":true,"href":"https:\/\/www.suno.com.br\/noticias\/wp-json\/wp\/v2\/users\/73"}],"replies":[{"embeddable":true,"href":"https:\/\/www.suno.com.br\/noticias\/wp-json\/wp\/v2\/comments?post=525331"}],"version-history":[{"count":3,"href":"https:\/\/www.suno.com.br\/noticias\/wp-json\/wp\/v2\/posts\/525331\/revisions"}],"predecessor-version":[{"id":525407,"href":"https:\/\/www.suno.com.br\/noticias\/wp-json\/wp\/v2\/posts\/525331\/revisions\/525407"}],"wp:featuredmedia":[{"embeddable":true,"href":"https:\/\/www.suno.com.br\/noticias\/wp-json\/wp\/v2\/media\/442522"}],"wp:attachment":[{"href":"https:\/\/www.suno.com.br\/noticias\/wp-json\/wp\/v2\/media?parent=525331"}],"wp:term":[{"taxonomy":"category","embeddable":true,"href":"https:\/\/www.suno.com.br\/noticias\/wp-json\/wp\/v2\/categories?post=525331"},{"taxonomy":"post_tag","embeddable":true,"href":"https:\/\/www.suno.com.br\/noticias\/wp-json\/wp\/v2\/tags?post=525331"},{"taxonomy":"suno_strategy","embeddable":true,"href":"https:\/\/www.suno.com.br\/noticias\/wp-json\/wp\/v2\/suno_strategy?post=525331"}],"curies":[{"name":"wp","href":"https:\/\/api.w.org\/{rel}","templated":true}]}}