{"id":525266,"date":"2024-02-21T16:30:41","date_gmt":"2024-02-21T19:30:41","guid":{"rendered":"https:\/\/www.suno.com.br\/noticias\/?p=525266"},"modified":"2024-02-21T16:30:48","modified_gmt":"2024-02-21T19:30:48","slug":"gpa-pcar3-alta-alavancagem-pesar-previa-gpj","status":"publish","type":"post","link":"https:\/\/www.suno.com.br\/noticias\/gpa-pcar3-alta-alavancagem-pesar-previa-gpj\/","title":{"rendered":"GPA (PCAR3): alta alavancagem deve pesar no 4T23; oferta de a\u00e7\u00f5es est\u00e1 no radar"},"content":{"rendered":"<p>Previsto para ser divulgado nesta quarta-feira (21), ap\u00f3s o fechamento do preg\u00e3o, o balan\u00e7o do quarto trimestre do <strong>GPA<\/strong> (<a href=\"https:\/\/statusinvest.com.br\/acoes\/pcar3\">PCAR3<\/a>) deve sentir os efeitos de uma alavancagem ainda elevada. Em paralelo, est\u00e1 a oferta subsequente de a\u00e7\u00f5es, que deve ser lan\u00e7ada ap\u00f3s a divulga\u00e7\u00e3o dos resultados, segundo o jornal Valor Econ\u00f4mico.<\/p>\t<div class=\"wrapper-featured-image\">\n\t\t<figure class=\"spotlightImg\">\n\n\t\t\t<picture>\n\t\t\t\t<source media=\"(max-width: 768px)\" srcset=\"https:\/\/files.sunoresearch.com.br\/n\/uploads\/2021\/03\/4fa8f4f7-gpa_2-400x200.webp\">\n\t\t\t\t<img loading=\"lazy\" decoding=\"async\" class=\"newsContent__article__imgCapa lazyloadDisabled \" src=\"https:\/\/files.sunoresearch.com.br\/n\/uploads\/2021\/03\/4fa8f4f7-gpa_2-800x450.webp\" width=\"800\" height=\"450\" alt=\"GPA (PCAR3): alta alavancagem deve pesar no 4T23; oferta de a\u00e7\u00f5es est\u00e1 no radar\" fetchpriority=high \/>\n\t\t\t<\/picture>\n\n\t\t\t<figcaption class=\"wp-caption-text wp-caption-text--show\">GPA - P\u00e3o de A\u00e7\u00facar (PCAR3) Sede. Foto Divulga\u00e7\u00e3o<\/figcaption>\n\t\t<\/figure>\n\t<\/div>\n\n\n\n\n\n\n\n\n<p>\u201cCom uma <a href=\"https:\/\/www.suno.com.br\/artigos\/indicadores-estrutura-capital\/\">estrutura de capital<\/a> alavancada e apesar de todos os esfor\u00e7os em otimizar o seu operacional, o montante de <a href=\"https:\/\/www.suno.com.br\/artigos\/despesas-financeiras\/\">despesas financeiras<\/a> ainda deve consumir todos os ganhos at\u00e9 aqui\u201d, avaliam os analistas Iago Souza, Vinicius Esteves e Nina Mirazon, da Genial Investimentos.<\/p>\n\n\n\n<p>A casa projeta um preju\u00edzo l\u00edquido de R$ 173 milh\u00f5es no 4T23, queda de 36,4% na base anual, e uma <a href=\"https:\/\/www.suno.com.br\/artigos\/margem-liquida\/\">margem l\u00edquida<\/a> negativa em 3,3% (+230 pontos-base ano contra ano). A <strong>receita bruta do GPA<\/strong>, por sua vez, deve chegar a R$ 5,7 bilh\u00f5es, alta de 8,1% na base anual e de 12,4% na base trimestral.<\/p>\n\n\n\n<p>\u201cMesmo diante do cen\u00e1rio de defla\u00e7\u00e3o alimentar no ano, esperamos que o crescimento de fluxo \u00e0s lojas e o aumento de volume de compras por consumidor mais do que neutralize o impacto da vari\u00e1vel pre\u00e7o na <a href=\"https:\/\/www.suno.com.br\/artigos\/o-que-receita-bruta\/\">receita bruta<\/a> do GPA\u201d, diz a casa.<\/p>\n\n\n\n<p>J\u00e1 o Ebitda (lucro antes de juros, impostos, <a href=\"https:\/\/www.suno.com.br\/artigos\/depreciacao-amortizacao\/\">deprecia\u00e7\u00e3o e amortiza\u00e7\u00e3o<\/a>) ajustado do GPA deve ser de R$ 397 milh\u00f5es no quarto trimestre, com uma <a href=\"https:\/\/www.suno.com.br\/artigos\/margem-ebitda\/\">margem Ebitda<\/a> de 7,5% (+155 pontos-base ano contra ano), projeta a Genial.<\/p>\n\n\n\n<p>No quarto trimestre, portanto, a Genial acredita que o GPA deve continuar se beneficiando de tr\u00eas pilares: melhora de negocia\u00e7\u00f5es com fornecedores, aumento de participa\u00e7\u00e3o de vendas da <strong>bandeira P\u00e3o de A\u00e7\u00facar<\/strong> e redu\u00e7\u00e3o de ruptura nas g\u00f4ndolas.<\/p>\n\n\n\n<p>Segundo o relat\u00f3rio mais recente, a casa tem recomenda\u00e7\u00e3o de \u2018compra\u2019 para as <strong>a\u00e7\u00f5es de GPA<\/strong>, com pre\u00e7o-alvo a R$ 3,96 e upside de 39%.<\/p>\n\n\n\t<p>\n\t\t<a href=\"https:\/\/lp.suno.com.br\/ebook-como-analisar-uma-acao\/\" target=\"_blank\" data-element=\"shortcode-suno-banner\" title=\"Banner SUNO, clique e saiba mais\">\n\t\t\t<picture>\n\t\t\t\t<source media=\"(max-width: 500px)\" srcset=\"https:\/\/files.sunoresearch.com.br\/n\/uploads\/2023\/03\/Ebook-Acoes-Mobile.jpg\">\n\t\t\t\t<img class=\"newsContent__article__imgCapa newsContent__article__imgCapa--banner\"\n\t\t\t\t\tsrc=\"https:\/\/files.sunoresearch.com.br\/n\/uploads\/2023\/03\/Ebook-Acoes-Desktop.jpg\"\n\t\t\t\t\tdata-promo-id=\"378302\"\t\t\t\t\t\t\t\t\t\twidth='1420' height='286'\t\t\t\t\talt=\"https:\/\/files.sunoresearch.com.br\/n\/uploads\/2023\/03\/Ebook-Acoes-Desktop.jpg\"\n\t\t\t\t>\n\t\t\t<\/picture>\n\t\t<\/a>\n\t<\/p>\n\n\n\n\n\n<h2 class=\"wp-block-heading\">Gest\u00e3o de custos deve ser um dos grandes desafios do GPA, diz analista<\/h2>\n\n\n\n<p>Outro player importante do varejo alimentar, o <strong>resultado do Carrefour<\/strong> (<strong><a href=\"https:\/\/statusinvest.com.br\/acoes\/crfb3\">CRFB3<\/a><\/strong>), divulgado na \u00faltima segunda-feira (19), foi influenciado pelos custos, impactos cont\u00e1beis e despesas que vieram do fechamento das lojas f\u00edsicas, movimento que tamb\u00e9m pode servir de alerta para o <strong>balan\u00e7o do GPA<\/strong>, ressalta Andre Fernandes, head de <a href=\"https:\/\/www.suno.com.br\/artigos\/renda-variavel-7-dicas\/\">renda vari\u00e1vel<\/a> e s\u00f3cio da A7 Capital.&nbsp;<\/p>\n\n\n\n<p>\u201cIsso deve deixar os investidores mais apreensivos quanto ao resultado do GPA, apesar de n\u00e3o concorrer diretamente com<strong> Atacad\u00e3o-Carrefour<\/strong>, e sim com players como <strong>St. Marche<\/strong> e <strong>Mambo<\/strong>, o que deixa no ar um sinal de desconfian\u00e7a quanto ao efeito da defla\u00e7\u00e3o dos alimentos nos resultados da empresa\u201d.<\/p>\n\n\n\n<p>O analista acrescenta que o maior obst\u00e1culo do <strong>Grupo P\u00e3o de A\u00e7\u00facar<\/strong> ser\u00e1 a execu\u00e7\u00e3o de sua estrat\u00e9gia principalmente de lojas de proximidade &#8211; como mini mercados, por exemplo &#8211; para ajudar a melhorar os n\u00fameros da empresa, al\u00e9m da gest\u00e3o de custos, fator chave para conseguir executar essa estrat\u00e9gia de forma eficiente.<\/p>\n\n\n\n<p>\u201cAcredito que as principais linhas do balan\u00e7o do 4T23 que devem ser observadas ser\u00e3o as despesas do grupo. Caso apresente queda ou estabilidade, poderemos vislumbrar um futuro promissor para o grupo nos pr\u00f3ximos trimestres\u201d, acrescenta Fernandes.<\/p>\n\n\n\t<div data-element=\"shortcode-read-more\" class=\"knowMore\">\n\t\t\t\t<span class=\"knowMore__title\">Leia mais<\/span>\n\t\t\t\t<a class=\"knowMore__link\" href=\"https:\/\/www.suno.com.br\/noticias\/carrefour-crfb3-balanco-resultados-4t23-jvj\/\">\n\t\t\tCarrefour (CRFB3) tem preju\u00edzo de R$ 565 milh\u00f5es no 4T23; veja o que impactou o resultado\t\t<\/a>\n\t<\/div>\n\n\n\n\n<h2 class=\"wp-block-heading\">Mercado est\u00e1 confiante quanto ao \u201cturnaround\u201d do GPA; entenda<\/h2>\n\n\n\n<p>Segundo fontes informaram ao jornal Valor Econ\u00f4mico no in\u00edcio do m\u00eas, o GPA deve lan\u00e7ar sua oferta subsequente de a\u00e7\u00f5es ap\u00f3s a divulga\u00e7\u00e3o dos resultados do 4T23.&nbsp;<\/p>\n\n\n\n<p>A varejista planeja aproveitar o momento em que dever\u00e1 apresentar ao mercado uma melhora em seus resultados operacionais, incluindo a margem. Trabalham na oferta o <strong>BTG Pactual<\/strong> (BPAC11), <strong>Ita\u00fa BBA<\/strong> e <strong>Bradesco BBI<\/strong>.<\/p>\n\n\n\n<p>No fim do ano passado, o GPA anunciou que faria uma emiss\u00e3o, que poderia chegar a R$ 1 bilh\u00e3o, para ajustar o balan\u00e7o. A opera\u00e7\u00e3o levaria a uma dilui\u00e7\u00e3o de 50% do seu principal acionista franc\u00eas, o varejista <strong>Casino<\/strong> Guichard-Perrachon, que n\u00e3o deve acompanhar a oferta.&nbsp;<\/p>\n\n\n\n<p>No m\u00eas passado, o GPA abriu espa\u00e7o em seu estatuto para a oferta, ao aprovar em assembleia geral extraordin\u00e1ria (AGE) um aumento do limite de seu <a href=\"https:\/\/www.suno.com.br\/artigos\/capital-autorizado\/\">capital autorizado<\/a>.<\/p>\n\n\n\n<p>No entanto, diz o Valor, ao longo de janeiro, as condi\u00e7\u00f5es de mercado n\u00e3o se mostraram interessantes para uma oferta devido \u00e0 alta volatilidade das <strong>a\u00e7\u00f5es do GPA<\/strong>, e a companhia decidiu adiar os planos.<\/p>\n\n\n\n<p>A avalia\u00e7\u00e3o era de que a varejista n\u00e3o estava muito confort\u00e1vel com a forte oscila\u00e7\u00e3o das ONs e a din\u00e2mica de investidores na posi\u00e7\u00e3o \u201cshort\u201d (aposta na queda), com a a\u00e7\u00e3o sendo muito operada pelos investidores, de acordo com o jornal.<\/p>\n\n\n\n<p>Ainda segundo o Valor, nos bastidores, fontes a par do caso passaram a mensagem de que n\u00e3o havia pressa em avan\u00e7ar com a opera\u00e7\u00e3o, e que a reestrutura\u00e7\u00e3o interna j\u00e1 vinha trazendo resultados.<\/p>\n\n\n\n<p>Assim, at\u00e9 este momento, os analistas Iago Souza, Vinicius Esteves e Nina Mirazon, da Genial Investimentos, est\u00e3o confiantes em rela\u00e7\u00e3o ao andamento do turnaround do <strong>GPA<\/strong>.<\/p>\n\n\n\n<p>\u201cApesar de entendermos que o risco de execu\u00e7\u00e3o \u00e9 algo a ser monitorado em 2024, enxergamos com \u2018bons olhos\u2019 as melhorias realizadas at\u00e9 aqui. Entendemos que a opera\u00e7\u00e3o de follow-on deva vir com <em>lock-up<\/em> para os controladores do <strong>GPA<\/strong>, por mais que estes n\u00e3o participem da oferta. Dessa forma, uma eventual press\u00e3o de um <em>overhang<\/em> do controlador n\u00e3o \u00e9 uma preocupa\u00e7\u00e3o imediata\u201d, finalizam.<\/p>\n\n\n\t<p>\n\t\t<a href=\"https:\/\/lp.suno.com.br\/planilha-da-vida-financeira\/\" target=\"_blank\" data-element=\"shortcode-suno-banner\" title=\"Banner SUNO, clique e saiba mais\">\n\t\t\t<picture>\n\t\t\t\t<source media=\"(max-width: 500px)\" srcset=\"https:\/\/files.sunoresearch.com.br\/n\/uploads\/2023\/04\/400x300-Planilha-vida-financeira-true.png\">\n\t\t\t\t<img class=\"newsContent__article__imgCapa newsContent__article__imgCapa--banner\"\n\t\t\t\t\tsrc=\"https:\/\/files.sunoresearch.com.br\/n\/uploads\/2023\/04\/1420x240-Planilha-vida-financeira-true.png\"\n\t\t\t\t\tdata-promo-id=\"383123\"\t\t\t\t\t\t\t\t\t\twidth='1420' height='240'\t\t\t\t\talt=\"https:\/\/files.sunoresearch.com.br\/n\/uploads\/2023\/04\/1420x240-Planilha-vida-financeira-true.png\"\n\t\t\t\t>\n\t\t\t<\/picture>\n\t\t<\/a>\n\t<\/p>\n\n\n","protected":false},"excerpt":{"rendered":"<p>Previsto para ser divulgado nesta quarta-feira (21), ap\u00f3s o fechamento do preg\u00e3o, o balan\u00e7o do quarto trimestre do GPA (PCAR3) deve sentir os efeitos de uma alavancagem ainda elevada. Em paralelo, est\u00e1 a oferta subsequente de a\u00e7\u00f5es, que deve ser lan\u00e7ada ap\u00f3s a divulga\u00e7\u00e3o dos resultados, segundo o jornal Valor Econ\u00f4mico. GPA &#8211; P\u00e3o de [&hellip;]<\/p>\n","protected":false},"author":313,"featured_media":130334,"comment_status":"closed","ping_status":"closed","sticky":false,"template":"","format":"standard","meta":[],"categories":[64],"tags":[286,405,105816,1964],"suno_strategy":[],"class_list":["post-525266","post","type-post","status-publish","format-standard","has-post-thumbnail","hentry","category-negocios","tag-acoes","tag-carrefour-crfb3","tag-especialistas","tag-grupo-pao-de-acucar-pcar3-pcar4"],"yoast_head":"<!-- This site is optimized with the Yoast SEO plugin v24.4 - https:\/\/yoast.com\/wordpress\/plugins\/seo\/ -->\n<title>GPA (PCAR3): alta alavancagem deve pesar no 4T23; veja an\u00e1lise<\/title>\n<meta name=\"description\" content=\"O balan\u00e7o do quarto trimestre do GPA (PCAR3) est\u00e1 previsto para ser divulgado nesta quarta-feira (21), ap\u00f3s o fechamento do preg\u00e3o.\" \/>\n<meta name=\"robots\" content=\"index, follow, max-snippet:-1, max-image-preview:large, max-video-preview:-1\" \/>\n<link rel=\"canonical\" href=\"https:\/\/www.suno.com.br\/noticias\/gpa-pcar3-alta-alavancagem-pesar-previa-gpj\/\" \/>\n<meta property=\"og:locale\" content=\"pt_BR\" \/>\n<meta property=\"og:type\" content=\"article\" \/>\n<meta property=\"og:title\" content=\"GPA (PCAR3): alta alavancagem deve pesar no 4T23; veja an\u00e1lise\" \/>\n<meta property=\"og:description\" content=\"O balan\u00e7o do quarto trimestre do GPA (PCAR3) est\u00e1 previsto para ser divulgado nesta quarta-feira (21), ap\u00f3s o fechamento do preg\u00e3o.\" \/>\n<meta property=\"og:url\" content=\"https:\/\/www.suno.com.br\/noticias\/gpa-pcar3-alta-alavancagem-pesar-previa-gpj\/\" \/>\n<meta property=\"og:site_name\" content=\"Suno Not\u00edcias\" \/>\n<meta property=\"article:publisher\" content=\"https:\/\/facebook.com\/sunoresearch\" \/>\n<meta property=\"og:image\" content=\"https:\/\/files.sunoresearch.com.br\/n\/uploads\/2021\/03\/4fa8f4f7-gpa_2.jpg\" \/>\n\t<meta property=\"og:image:width\" content=\"1200\" \/>\n\t<meta property=\"og:image:height\" content=\"675\" \/>\n\t<meta property=\"og:image:type\" content=\"image\/jpeg\" \/>\n<meta name=\"author\" content=\"Giovanni Porf\u00edrio Jacomino\" \/>\n<meta name=\"twitter:card\" content=\"summary_large_image\" \/>\n<meta name=\"twitter:creator\" content=\"@sunoresearch\" \/>\n<meta name=\"twitter:site\" content=\"@sunoresearch\" \/>\n<meta name=\"twitter:label1\" content=\"Escrito por\" \/>\n\t<meta name=\"twitter:data1\" content=\"Giovanni Porf\u00edrio Jacomino\" \/>\n\t<meta name=\"twitter:label2\" content=\"Est. tempo de leitura\" \/>\n\t<meta name=\"twitter:data2\" content=\"5 minutos\" \/>\n<script type=\"application\/ld+json\" class=\"yoast-schema-graph\">{\"@context\":\"https:\/\/schema.org\",\"@graph\":[{\"@type\":\"NewsArticle\",\"@id\":\"https:\/\/www.suno.com.br\/noticias\/gpa-pcar3-alta-alavancagem-pesar-previa-gpj\/#article\",\"isPartOf\":{\"@id\":\"https:\/\/www.suno.com.br\/noticias\/gpa-pcar3-alta-alavancagem-pesar-previa-gpj\/\"},\"author\":{\"name\":\"Giovanni Porf\u00edrio Jacomino\",\"@id\":\"https:\/\/www.suno.com.br\/noticias\/#\/schema\/person\/d0f32748bbca4bee871fa191ee4e2d40\"},\"headline\":\"GPA (PCAR3): alta alavancagem deve pesar no 4T23; oferta de a\u00e7\u00f5es est\u00e1 no radar\",\"datePublished\":\"2024-02-21T19:30:41+00:00\",\"dateModified\":\"2024-02-21T19:30:48+00:00\",\"mainEntityOfPage\":{\"@id\":\"https:\/\/www.suno.com.br\/noticias\/gpa-pcar3-alta-alavancagem-pesar-previa-gpj\/\"},\"wordCount\":937,\"publisher\":{\"@id\":\"https:\/\/www.suno.com.br\/noticias\/#organization\"},\"image\":{\"@id\":\"https:\/\/www.suno.com.br\/noticias\/gpa-pcar3-alta-alavancagem-pesar-previa-gpj\/#primaryimage\"},\"thumbnailUrl\":\"https:\/\/files.sunoresearch.com.br\/n\/uploads\/2021\/03\/4fa8f4f7-gpa_2-jpg.webp\",\"keywords\":[\"A\u00e7\u00f5es\",\"Carrefour (CRFB3)\",\"Especialistas\",\"Grupo P\u00e3o de A\u00e7\u00facar (PCAR3\/PCAR4)\"],\"articleSection\":[\"Neg\u00f3cios\"],\"inLanguage\":\"pt-BR\"},{\"@type\":\"WebPage\",\"@id\":\"https:\/\/www.suno.com.br\/noticias\/gpa-pcar3-alta-alavancagem-pesar-previa-gpj\/\",\"url\":\"https:\/\/www.suno.com.br\/noticias\/gpa-pcar3-alta-alavancagem-pesar-previa-gpj\/\",\"name\":\"GPA (PCAR3): alta alavancagem deve pesar no 4T23; veja an\u00e1lise\",\"isPartOf\":{\"@id\":\"https:\/\/www.suno.com.br\/noticias\/#website\"},\"primaryImageOfPage\":{\"@id\":\"https:\/\/www.suno.com.br\/noticias\/gpa-pcar3-alta-alavancagem-pesar-previa-gpj\/#primaryimage\"},\"image\":{\"@id\":\"https:\/\/www.suno.com.br\/noticias\/gpa-pcar3-alta-alavancagem-pesar-previa-gpj\/#primaryimage\"},\"thumbnailUrl\":\"https:\/\/files.sunoresearch.com.br\/n\/uploads\/2021\/03\/4fa8f4f7-gpa_2-jpg.webp\",\"datePublished\":\"2024-02-21T19:30:41+00:00\",\"dateModified\":\"2024-02-21T19:30:48+00:00\",\"description\":\"O balan\u00e7o do quarto trimestre do GPA (PCAR3) est\u00e1 previsto para ser divulgado nesta quarta-feira (21), ap\u00f3s o fechamento do preg\u00e3o.\",\"breadcrumb\":{\"@id\":\"https:\/\/www.suno.com.br\/noticias\/gpa-pcar3-alta-alavancagem-pesar-previa-gpj\/#breadcrumb\"},\"inLanguage\":\"pt-BR\",\"potentialAction\":[{\"@type\":\"ReadAction\",\"target\":[\"https:\/\/www.suno.com.br\/noticias\/gpa-pcar3-alta-alavancagem-pesar-previa-gpj\/\"]}]},{\"@type\":\"ImageObject\",\"inLanguage\":\"pt-BR\",\"@id\":\"https:\/\/www.suno.com.br\/noticias\/gpa-pcar3-alta-alavancagem-pesar-previa-gpj\/#primaryimage\",\"url\":\"https:\/\/files.sunoresearch.com.br\/n\/uploads\/2021\/03\/4fa8f4f7-gpa_2-jpg.webp\",\"contentUrl\":\"https:\/\/files.sunoresearch.com.br\/n\/uploads\/2021\/03\/4fa8f4f7-gpa_2-jpg.webp\",\"width\":1200,\"height\":675,\"caption\":\"GPA - P\u00e3o de A\u00e7\u00facar (PCAR3) Sede. Foto Divulga\u00e7\u00e3o\"},{\"@type\":\"BreadcrumbList\",\"@id\":\"https:\/\/www.suno.com.br\/noticias\/gpa-pcar3-alta-alavancagem-pesar-previa-gpj\/#breadcrumb\",\"itemListElement\":[{\"@type\":\"ListItem\",\"position\":1,\"name\":\"Not\u00edcias\",\"item\":\"https:\/\/www.suno.com.br\/noticias\/\"},{\"@type\":\"ListItem\",\"position\":2,\"name\":\"Neg\u00f3cios\",\"item\":\"https:\/\/www.suno.com.br\/noticias\/negocios\/\"},{\"@type\":\"ListItem\",\"position\":3,\"name\":\"GPA (PCAR3): alta alavancagem deve pesar no 4T23; oferta de a\u00e7\u00f5es est\u00e1 no radar\"}]},{\"@type\":\"WebSite\",\"@id\":\"https:\/\/www.suno.com.br\/noticias\/#website\",\"url\":\"https:\/\/www.suno.com.br\/noticias\/\",\"name\":\"Suno Not\u00edcias\",\"description\":\"Seu portal de informa\u00e7\u00e3o sobre o mundo dos investimentos\",\"publisher\":{\"@id\":\"https:\/\/www.suno.com.br\/noticias\/#organization\"},\"potentialAction\":[{\"@type\":\"SearchAction\",\"target\":{\"@type\":\"EntryPoint\",\"urlTemplate\":\"https:\/\/www.suno.com.br\/noticias\/?s={search_term_string}\"},\"query-input\":{\"@type\":\"PropertyValueSpecification\",\"valueRequired\":true,\"valueName\":\"search_term_string\"}}],\"inLanguage\":\"pt-BR\"},{\"@type\":\"Organization\",\"@id\":\"https:\/\/www.suno.com.br\/noticias\/#organization\",\"name\":\"Suno Not\u00edcias\",\"url\":\"https:\/\/www.suno.com.br\/noticias\/\",\"logo\":{\"@type\":\"ImageObject\",\"inLanguage\":\"pt-BR\",\"@id\":\"https:\/\/www.suno.com.br\/noticias\/#\/schema\/logo\/image\/\",\"url\":\"https:\/\/files.sunoresearch.com.br\/n\/uploads\/2021\/09\/suno-logo.png\",\"contentUrl\":\"https:\/\/files.sunoresearch.com.br\/n\/uploads\/2021\/09\/suno-logo.png\",\"width\":180,\"height\":180,\"caption\":\"Suno Not\u00edcias\"},\"image\":{\"@id\":\"https:\/\/www.suno.com.br\/noticias\/#\/schema\/logo\/image\/\"},\"sameAs\":[\"https:\/\/facebook.com\/sunoresearch\",\"https:\/\/x.com\/sunoresearch\",\"https:\/\/www.instagram.com\/suno\",\"https:\/\/www.linkedin.com\/company\/suno-research\/\",\"https:\/\/www.youtube.com\/c\/sunoresearch\"]},{\"@type\":\"Person\",\"@id\":\"https:\/\/www.suno.com.br\/noticias\/#\/schema\/person\/d0f32748bbca4bee871fa191ee4e2d40\",\"name\":\"Giovanni Porf\u00edrio Jacomino\",\"image\":{\"@type\":\"ImageObject\",\"inLanguage\":\"pt-BR\",\"@id\":\"https:\/\/www.suno.com.br\/noticias\/#\/schema\/person\/image\/\",\"url\":\"https:\/\/secure.gravatar.com\/avatar\/efb32e19b730a121cb7a80f41ffec01a?s=96&r=g\",\"contentUrl\":\"https:\/\/secure.gravatar.com\/avatar\/efb32e19b730a121cb7a80f41ffec01a?s=96&r=g\",\"caption\":\"Giovanni Porf\u00edrio Jacomino\"},\"description\":\"Giovanni Porf\u00edrio Jacomino \u00e9 jornalista formado pela Universidade Estadual de Londrina (UEL) e p\u00f3s-graduado em Produ\u00e7\u00e3o e Pr\u00e1ticas Jornal\u00edsticas na Contemporaneidade na Faculdade C\u00e1sper L\u00edbero (FCL). Foi editor web no Startupi e no Finsiders, atuando ainda como editor no TC Mover, portal de not\u00edcias da TradersClub, fazendo a cobertura de assuntos relacionados ao mercado financeiro interno e externo. Atualmente, \u00e9 Rep\u00f3rter do Suno Not\u00edcias.\",\"url\":\"https:\/\/www.suno.com.br\/noticias\/author\/giovanni-porfiriosuno-com-br\/\"}]}<\/script>\n<!-- \/ Yoast SEO plugin. -->","yoast_head_json":{"title":"GPA (PCAR3): alta alavancagem deve pesar no 4T23; veja an\u00e1lise","description":"O balan\u00e7o do quarto trimestre do GPA (PCAR3) est\u00e1 previsto para ser divulgado nesta quarta-feira (21), ap\u00f3s o fechamento do preg\u00e3o.","robots":{"index":"index","follow":"follow","max-snippet":"max-snippet:-1","max-image-preview":"max-image-preview:large","max-video-preview":"max-video-preview:-1"},"canonical":"https:\/\/www.suno.com.br\/noticias\/gpa-pcar3-alta-alavancagem-pesar-previa-gpj\/","og_locale":"pt_BR","og_type":"article","og_title":"GPA (PCAR3): alta alavancagem deve pesar no 4T23; veja an\u00e1lise","og_description":"O balan\u00e7o do quarto trimestre do GPA (PCAR3) est\u00e1 previsto para ser divulgado nesta quarta-feira (21), ap\u00f3s o fechamento do preg\u00e3o.","og_url":"https:\/\/www.suno.com.br\/noticias\/gpa-pcar3-alta-alavancagem-pesar-previa-gpj\/","og_site_name":"Suno Not\u00edcias","article_publisher":"https:\/\/facebook.com\/sunoresearch","og_image":[{"width":1200,"height":675,"url":"https:\/\/files.sunoresearch.com.br\/n\/uploads\/2021\/03\/4fa8f4f7-gpa_2.jpg","type":"image\/jpeg"}],"author":"Giovanni Porf\u00edrio Jacomino","twitter_card":"summary_large_image","twitter_creator":"@sunoresearch","twitter_site":"@sunoresearch","twitter_misc":{"Escrito por":"Giovanni Porf\u00edrio Jacomino","Est. tempo de leitura":"5 minutos"},"schema":{"@context":"https:\/\/schema.org","@graph":[{"@type":"NewsArticle","@id":"https:\/\/www.suno.com.br\/noticias\/gpa-pcar3-alta-alavancagem-pesar-previa-gpj\/#article","isPartOf":{"@id":"https:\/\/www.suno.com.br\/noticias\/gpa-pcar3-alta-alavancagem-pesar-previa-gpj\/"},"author":{"name":"Giovanni Porf\u00edrio Jacomino","@id":"https:\/\/www.suno.com.br\/noticias\/#\/schema\/person\/d0f32748bbca4bee871fa191ee4e2d40"},"headline":"GPA (PCAR3): alta alavancagem deve pesar no 4T23; oferta de a\u00e7\u00f5es est\u00e1 no radar","datePublished":"2024-02-21T19:30:41+00:00","dateModified":"2024-02-21T19:30:48+00:00","mainEntityOfPage":{"@id":"https:\/\/www.suno.com.br\/noticias\/gpa-pcar3-alta-alavancagem-pesar-previa-gpj\/"},"wordCount":937,"publisher":{"@id":"https:\/\/www.suno.com.br\/noticias\/#organization"},"image":{"@id":"https:\/\/www.suno.com.br\/noticias\/gpa-pcar3-alta-alavancagem-pesar-previa-gpj\/#primaryimage"},"thumbnailUrl":"https:\/\/files.sunoresearch.com.br\/n\/uploads\/2021\/03\/4fa8f4f7-gpa_2-jpg.webp","keywords":["A\u00e7\u00f5es","Carrefour (CRFB3)","Especialistas","Grupo P\u00e3o de A\u00e7\u00facar (PCAR3\/PCAR4)"],"articleSection":["Neg\u00f3cios"],"inLanguage":"pt-BR"},{"@type":"WebPage","@id":"https:\/\/www.suno.com.br\/noticias\/gpa-pcar3-alta-alavancagem-pesar-previa-gpj\/","url":"https:\/\/www.suno.com.br\/noticias\/gpa-pcar3-alta-alavancagem-pesar-previa-gpj\/","name":"GPA (PCAR3): alta alavancagem deve pesar no 4T23; veja an\u00e1lise","isPartOf":{"@id":"https:\/\/www.suno.com.br\/noticias\/#website"},"primaryImageOfPage":{"@id":"https:\/\/www.suno.com.br\/noticias\/gpa-pcar3-alta-alavancagem-pesar-previa-gpj\/#primaryimage"},"image":{"@id":"https:\/\/www.suno.com.br\/noticias\/gpa-pcar3-alta-alavancagem-pesar-previa-gpj\/#primaryimage"},"thumbnailUrl":"https:\/\/files.sunoresearch.com.br\/n\/uploads\/2021\/03\/4fa8f4f7-gpa_2-jpg.webp","datePublished":"2024-02-21T19:30:41+00:00","dateModified":"2024-02-21T19:30:48+00:00","description":"O balan\u00e7o do quarto trimestre do GPA (PCAR3) est\u00e1 previsto para ser divulgado nesta quarta-feira (21), ap\u00f3s o fechamento do preg\u00e3o.","breadcrumb":{"@id":"https:\/\/www.suno.com.br\/noticias\/gpa-pcar3-alta-alavancagem-pesar-previa-gpj\/#breadcrumb"},"inLanguage":"pt-BR","potentialAction":[{"@type":"ReadAction","target":["https:\/\/www.suno.com.br\/noticias\/gpa-pcar3-alta-alavancagem-pesar-previa-gpj\/"]}]},{"@type":"ImageObject","inLanguage":"pt-BR","@id":"https:\/\/www.suno.com.br\/noticias\/gpa-pcar3-alta-alavancagem-pesar-previa-gpj\/#primaryimage","url":"https:\/\/files.sunoresearch.com.br\/n\/uploads\/2021\/03\/4fa8f4f7-gpa_2-jpg.webp","contentUrl":"https:\/\/files.sunoresearch.com.br\/n\/uploads\/2021\/03\/4fa8f4f7-gpa_2-jpg.webp","width":1200,"height":675,"caption":"GPA - P\u00e3o de A\u00e7\u00facar (PCAR3) Sede. Foto Divulga\u00e7\u00e3o"},{"@type":"BreadcrumbList","@id":"https:\/\/www.suno.com.br\/noticias\/gpa-pcar3-alta-alavancagem-pesar-previa-gpj\/#breadcrumb","itemListElement":[{"@type":"ListItem","position":1,"name":"Not\u00edcias","item":"https:\/\/www.suno.com.br\/noticias\/"},{"@type":"ListItem","position":2,"name":"Neg\u00f3cios","item":"https:\/\/www.suno.com.br\/noticias\/negocios\/"},{"@type":"ListItem","position":3,"name":"GPA (PCAR3): alta alavancagem deve pesar no 4T23; oferta de a\u00e7\u00f5es est\u00e1 no radar"}]},{"@type":"WebSite","@id":"https:\/\/www.suno.com.br\/noticias\/#website","url":"https:\/\/www.suno.com.br\/noticias\/","name":"Suno Not\u00edcias","description":"Seu portal de informa\u00e7\u00e3o sobre o mundo dos investimentos","publisher":{"@id":"https:\/\/www.suno.com.br\/noticias\/#organization"},"potentialAction":[{"@type":"SearchAction","target":{"@type":"EntryPoint","urlTemplate":"https:\/\/www.suno.com.br\/noticias\/?s={search_term_string}"},"query-input":{"@type":"PropertyValueSpecification","valueRequired":true,"valueName":"search_term_string"}}],"inLanguage":"pt-BR"},{"@type":"Organization","@id":"https:\/\/www.suno.com.br\/noticias\/#organization","name":"Suno Not\u00edcias","url":"https:\/\/www.suno.com.br\/noticias\/","logo":{"@type":"ImageObject","inLanguage":"pt-BR","@id":"https:\/\/www.suno.com.br\/noticias\/#\/schema\/logo\/image\/","url":"https:\/\/files.sunoresearch.com.br\/n\/uploads\/2021\/09\/suno-logo.png","contentUrl":"https:\/\/files.sunoresearch.com.br\/n\/uploads\/2021\/09\/suno-logo.png","width":180,"height":180,"caption":"Suno Not\u00edcias"},"image":{"@id":"https:\/\/www.suno.com.br\/noticias\/#\/schema\/logo\/image\/"},"sameAs":["https:\/\/facebook.com\/sunoresearch","https:\/\/x.com\/sunoresearch","https:\/\/www.instagram.com\/suno","https:\/\/www.linkedin.com\/company\/suno-research\/","https:\/\/www.youtube.com\/c\/sunoresearch"]},{"@type":"Person","@id":"https:\/\/www.suno.com.br\/noticias\/#\/schema\/person\/d0f32748bbca4bee871fa191ee4e2d40","name":"Giovanni Porf\u00edrio Jacomino","image":{"@type":"ImageObject","inLanguage":"pt-BR","@id":"https:\/\/www.suno.com.br\/noticias\/#\/schema\/person\/image\/","url":"https:\/\/secure.gravatar.com\/avatar\/efb32e19b730a121cb7a80f41ffec01a?s=96&r=g","contentUrl":"https:\/\/secure.gravatar.com\/avatar\/efb32e19b730a121cb7a80f41ffec01a?s=96&r=g","caption":"Giovanni Porf\u00edrio Jacomino"},"description":"Giovanni Porf\u00edrio Jacomino \u00e9 jornalista formado pela Universidade Estadual de Londrina (UEL) e p\u00f3s-graduado em Produ\u00e7\u00e3o e Pr\u00e1ticas Jornal\u00edsticas na Contemporaneidade na Faculdade C\u00e1sper L\u00edbero (FCL). Foi editor web no Startupi e no Finsiders, atuando ainda como editor no TC Mover, portal de not\u00edcias da TradersClub, fazendo a cobertura de assuntos relacionados ao mercado financeiro interno e externo. Atualmente, \u00e9 Rep\u00f3rter do Suno Not\u00edcias.","url":"https:\/\/www.suno.com.br\/noticias\/author\/giovanni-porfiriosuno-com-br\/"}]}},"default_loop_html":"<div class=\"cardsPage__listCard__boxs\"><div class=\"cardsPage__listCard__boxs__img\"><a href=\"https:\/\/www.suno.com.br\/noticias\/gpa-pcar3-alta-alavancagem-pesar-previa-gpj\/\"><img class=\"mask\" src=\"https:\/\/www.suno.com.br\/noticias\/wp-content\/themes\/suno\/resources\/images\/spotlight\/spotlight1img\/bg-mask.png\" alt=\"Image Mask\"\/><img src=\"https:\/\/files.sunoresearch.com.br\/n\/uploads\/2021\/03\/4fa8f4f7-gpa_2-400x200.webp\" alt=\"GPA (PCAR3): alta alavancagem deve pesar no 4T23; oferta de a\u00e7\u00f5es est\u00e1 no radar\"\/><\/a><span class=\"spotlightCategory\"><a href=\"https:\/\/www.suno.com.br\/noticias\/negocios\/\">Neg\u00f3cios<\/a><\/span><\/div><div class=\"cardsPage__listCard__boxs__content\"><a href=\"https:\/\/www.suno.com.br\/noticias\/gpa-pcar3-alta-alavancagem-pesar-previa-gpj\/\"><h2 class=\"content__title\">GPA (PCAR3): alta alavancagem deve pesar no 4T23; oferta de a\u00e7\u00f5es est\u00e1 no radar<\/h2><\/a><div class=\"newsContent__article__meta\"><div class=\"newsContent__article__meta__authorBox\"><a href=\"https:\/\/www.suno.com.br\/noticias\/author\/giovanni-porfiriosuno-com-br\/\" class=\"authorBox__avatar noMobi\"><img src=\"https:\/\/files.sunoresearch.com.br\/n\/uploads\/2024\/05\/DSCF4115-1-1-150x150.webp\" alt=\"Giovanni Porf\u00edrio Jacomino\"><\/a><div class=\"authorBox__name\"><span>por\n\t\t\t<a href=\"https:\/\/www.suno.com.br\/noticias\/author\/giovanni-porfiriosuno-com-br\/\"><span itemprop=\"author\">Giovanni Porf\u00edrio Jacomino<\/span><\/a><\/span><time datetime=\"2024-02-21T16:30:41-03:00\" itemprop=\"datePublished\">21\/02\/2024 16:30<\/time><\/div><\/div><\/div><\/div><\/div>","single_layout":"posts","amp_enabled":true,"_links":{"self":[{"href":"https:\/\/www.suno.com.br\/noticias\/wp-json\/wp\/v2\/posts\/525266"}],"collection":[{"href":"https:\/\/www.suno.com.br\/noticias\/wp-json\/wp\/v2\/posts"}],"about":[{"href":"https:\/\/www.suno.com.br\/noticias\/wp-json\/wp\/v2\/types\/post"}],"author":[{"embeddable":true,"href":"https:\/\/www.suno.com.br\/noticias\/wp-json\/wp\/v2\/users\/313"}],"replies":[{"embeddable":true,"href":"https:\/\/www.suno.com.br\/noticias\/wp-json\/wp\/v2\/comments?post=525266"}],"version-history":[{"count":2,"href":"https:\/\/www.suno.com.br\/noticias\/wp-json\/wp\/v2\/posts\/525266\/revisions"}],"predecessor-version":[{"id":525317,"href":"https:\/\/www.suno.com.br\/noticias\/wp-json\/wp\/v2\/posts\/525266\/revisions\/525317"}],"wp:featuredmedia":[{"embeddable":true,"href":"https:\/\/www.suno.com.br\/noticias\/wp-json\/wp\/v2\/media\/130334"}],"wp:attachment":[{"href":"https:\/\/www.suno.com.br\/noticias\/wp-json\/wp\/v2\/media?parent=525266"}],"wp:term":[{"taxonomy":"category","embeddable":true,"href":"https:\/\/www.suno.com.br\/noticias\/wp-json\/wp\/v2\/categories?post=525266"},{"taxonomy":"post_tag","embeddable":true,"href":"https:\/\/www.suno.com.br\/noticias\/wp-json\/wp\/v2\/tags?post=525266"},{"taxonomy":"suno_strategy","embeddable":true,"href":"https:\/\/www.suno.com.br\/noticias\/wp-json\/wp\/v2\/suno_strategy?post=525266"}],"curies":[{"name":"wp","href":"https:\/\/api.w.org\/{rel}","templated":true}]}}