{"id":525246,"date":"2024-02-21T15:34:00","date_gmt":"2024-02-21T18:34:00","guid":{"rendered":"https:\/\/www.suno.com.br\/noticias\/?p=525246"},"modified":"2024-02-21T15:34:43","modified_gmt":"2024-02-21T18:34:43","slug":"b3-b3sa3-santander-analistas-4t23-pressionado-evm","status":"publish","type":"post","link":"https:\/\/www.suno.com.br\/noticias\/b3-b3sa3-santander-analistas-4t23-pressionado-evm\/","title":{"rendered":"B3 (B3SA3): Postura \u00e9 de cautela com trimestre &#8216;pressionado&#8217;, diz Santander"},"content":{"rendered":"<p>Em novo relat\u00f3rio sobre as a\u00e7\u00f5es da <a class=\"suno-keyword\" data-force=\"yes\" data-priority=\"2\" href=\"https:\/\/www.suno.com.br\/acoes\/B3SA3\/\" target=\"_blank\" rel=\"noopener\"><strong>B3<\/strong> (B3SA3)<\/a>, analistas do Santander reiteraram sua postura cautelosa com a companhia, mantendo recomenda\u00e7\u00e3o neutra para os pap\u00e9is.<\/p><div class=\"videoFull \">\n\t\t\t<div class=\"videoWrapper yt-lazyload center\"\n\t\t\t\tdata-width=\"960\"\n\t\t\t\tdata-height=\"540\"\n\t\t\t\tdata-id=\"qpf5m7sCf5A\"\n\t\t\t\tdata-alt=\"V\u00eddeo do YouTube - clique para reproduzir\"\n\t\t\t\tdata-logo=\"3\"\n\t\t\t\tdata-imagequality=\"maxres\">\n\t\t\t<\/div>\n\t\t<\/div><script type=\"application\/ld+json\">{\"@context\":\"https:\/\/schema.org\",\"@type\":\"VideoObject\",\"name\":\"\ud83d\udd34VALE (VALE3) DERRETE NO IBOVESPA | Azul (AZUL4) cancela voos | Ibovespa sobe\",\"description\":\"#mercadofinanceiro #a\u00e7\u00f5es #investimentos #bolsadevalores #ibovespa #dinheiro #finan\u00e7as #pol\u00edtica #d\u00f3lar #livedas19h #petr4 #petr3 #petrobras #vale3 #vale #a\u00e7\u00f5es #economia #dividendos #min\u00e9riodeferro #min\u00e9rio #petr\u00f3leo #commodities #proventos #usiminas #usim5 #carrefour #crfb3 #varejo #balan\u00e7o financeiro #avia\u00e7\u00e3o #China #juros #minera\u00e7\u00e3o #viagens #internacionais #cancelamento \ud83c\udf89 7 ANOS DA SUNO! REGISTRE-SE E GARANTA 7 B\u00d4NUS EXCLUSIVOS: https:\/\/suno.me\/3UF1qmC 00:00 In\u00edcio do v\u00eddeo 01:27 Fechamento\u2026\",\"duration\":\"PT23M40S\",\"embedUrl\":\"https:\/\/www.youtube.com\/embed\/qpf5m7sCf5A\",\"regionsAllowed\":\"en-US\",\"interactionStatistic\":{\"@type\":\"InteractionCounter\",\"interactionType\":{\"@type\":\"WatchAction\"},\"userInteractionCount\":2389},\"thumbnailUrl\":\"https:\/\/i.ytimg.com\/vi\/qpf5m7sCf5A\/default.jpg\",\"uploadDate\":\"2024-02-21T10:27:37Z\"}<\/script>\n\n\n\n\n\n\n\t<p>\n\t\t<a href=\"\" target=\"_blank\" data-element=\"shortcode-suno-banner\" title=\"Banner SUNO, clique e saiba mais\">\n\t\t\t<picture>\n\t\t\t\t<source media=\"(max-width: 500px)\" srcset=\"\">\n\t\t\t\t<img class=\"newsContent__article__imgCapa newsContent__article__imgCapa--banner\"\n\t\t\t\t\tsrc=\"\"\n\t\t\t\t\tdata-promo-id=\"265380\"\t\t\t\t\t\t\t\t\t\t\t\t\t\t\talt=\"\"\n\t\t\t\t>\n\t\t\t<\/picture>\n\t\t<\/a>\n\t<\/p>\n\n\n\n\n\n<p>No parecer, os especialistas apontaram que esperam que o <strong>resultado da B3<\/strong> mostre &#8216;n\u00fameros pressionados&#8217;.<\/p>\n\n\n\n<p>O pre\u00e7o-alvo da casa para as <strong>a\u00e7\u00f5es da B3<\/strong> \u00e9 de R$ 17, ao passo que os pap\u00e9is <strong><a href=\"https:\/\/statusinvest.com.br\/acoes\/b3sa3\">B3SA3<\/a><\/strong> negociam pouco abaixo dos R$ 13.<\/p>\n\n\n\n<p>&#8220;Estimamos <a class=\"suno-keyword\" data-force=\"no\" data-priority=\"1\" href=\"https:\/\/www.suno.com.br\/artigos\/lucro-liquido\/\" target=\"_blank\" rel=\"noopener\">lucro l\u00edquido<\/a> recorrente de R$ 1,04 bilh\u00e3o para a companhia no 4T23, queda de 10% na base trimestral e anual, com EBITDA atingindo R$ 1,4 bilh\u00e3o, equivalente a margem de 64%. Nossas estimativas para o 4T23 s\u00e3o com base nos relat\u00f3rios mensais de desempenho da B3 que incluem volumes e pre\u00e7os m\u00e9dios de alguns de suas linhas de neg\u00f3cios, em que o ADTV totalizou R$ 24,3 bilh\u00f5es&#8221;, diz a casa.<\/p>\n\n\n\n<p>&#8220;Apesar dos volumes fracos, acreditamos que o principal destaque do trimestre ser\u00e3o as despesas ajustadas, pois esperamos que convirjam no ponto m\u00e9dio da orienta\u00e7\u00e3o para 2023. Nossa estimativa de <a class=\"suno-keyword\" target=\"_blank\" data-force=\"no\" data-priority=\"1\" href=\"https:\/\/www.suno.com.br\/artigos\/lucro-liquido\/\" rel=\"noopener\">lucro l\u00edquido<\/a> est\u00e1 9% abaixo do consenso para o 4T23&#8243;, completa.<\/p>\n\n\n\n<p>Os analistas ainda acrescentam que o <strong>ADTV da B3<\/strong> segue fraco em 2024, mas que estimam que o indicador aumente gradativamente ao longo do ano, \u00e0 medida que a taxa Selic cai.<\/p>\n\n\n\n<h2 class=\"wp-block-heading\">Desempenho das a\u00e7\u00f5es da B3<\/h2>\n\n\n\n<p>As a\u00e7\u00f5es da <strong>B3<\/strong> operam em queda de 0,8% a R$ 12,83 no preg\u00e3o desta quarta-feira (21). Em 12 meses, os pap\u00e9is da companhia somam um avan\u00e7o de 18%, contudo.<\/p>\n\n\n\t<p>\n\t\t<a href=\"https:\/\/lp.suno.com.br\/ebook-como-analisar-uma-acao\/\" target=\"_blank\" data-element=\"shortcode-suno-banner\" title=\"Banner SUNO, clique e saiba mais\">\n\t\t\t<picture>\n\t\t\t\t<source media=\"(max-width: 500px)\" srcset=\"https:\/\/files.sunoresearch.com.br\/n\/uploads\/2023\/03\/Ebook-Acoes-Mobile.jpg\">\n\t\t\t\t<img class=\"newsContent__article__imgCapa newsContent__article__imgCapa--banner\"\n\t\t\t\t\tsrc=\"https:\/\/files.sunoresearch.com.br\/n\/uploads\/2023\/03\/Ebook-Acoes-Desktop.jpg\"\n\t\t\t\t\tdata-promo-id=\"378302\"\t\t\t\t\t\t\t\t\t\twidth='1420' height='286'\t\t\t\t\talt=\"https:\/\/files.sunoresearch.com.br\/n\/uploads\/2023\/03\/Ebook-Acoes-Desktop.jpg\"\n\t\t\t\t>\n\t\t\t<\/picture>\n\t\t<\/a>\n\t<\/p>\n\n\n","protected":false},"excerpt":{"rendered":"<p>Em novo relat\u00f3rio sobre as a\u00e7\u00f5es da B3 (B3SA3), analistas do Santander reiteraram sua postura cautelosa com a companhia, mantendo recomenda\u00e7\u00e3o neutra para os pap\u00e9is. No parecer, os especialistas apontaram que esperam que o resultado da B3 mostre &#8216;n\u00fameros pressionados&#8217;. O pre\u00e7o-alvo da casa para as a\u00e7\u00f5es da B3 \u00e9 de R$ 17, ao passo [&hellip;]<\/p>\n","protected":false},"author":73,"featured_media":414140,"comment_status":"closed","ping_status":"closed","sticky":false,"template":"","format":"standard","meta":[],"categories":[64],"tags":[286,107130,367,309,105816],"suno_strategy":[],"class_list":["post-525246","post","type-post","status-publish","format-standard","has-post-thumbnail","hentry","category-negocios","tag-acoes","tag-b3","tag-b3-b3sa3","tag-bolsa-de-valores","tag-especialistas"],"yoast_head":"<!-- This site is optimized with the Yoast SEO plugin v24.4 - https:\/\/yoast.com\/wordpress\/plugins\/seo\/ -->\n<title>B3 (B3SA3): Postura \u00e9 de cautela com trimestre &#039;pressionado&#039;<\/title>\n<meta name=\"description\" content=\"Em novo relat\u00f3rio sobre as a\u00e7\u00f5es da B3 (B3SA3), analistas do Santander reiteraram postura de cautela com os pap\u00e9is visando o 4T23\" \/>\n<meta name=\"robots\" content=\"index, follow, max-snippet:-1, max-image-preview:large, max-video-preview:-1\" \/>\n<link rel=\"canonical\" href=\"https:\/\/www.suno.com.br\/noticias\/b3-b3sa3-santander-analistas-4t23-pressionado-evm\/\" \/>\n<meta property=\"og:locale\" content=\"pt_BR\" \/>\n<meta property=\"og:type\" content=\"article\" \/>\n<meta property=\"og:title\" content=\"B3 (B3SA3): Postura \u00e9 de cautela com trimestre &#039;pressionado&#039;\" \/>\n<meta property=\"og:description\" content=\"Em novo relat\u00f3rio sobre as a\u00e7\u00f5es da B3 (B3SA3), analistas do Santander reiteraram postura de cautela com os pap\u00e9is visando o 4T23\" \/>\n<meta property=\"og:url\" content=\"https:\/\/www.suno.com.br\/noticias\/b3-b3sa3-santander-analistas-4t23-pressionado-evm\/\" \/>\n<meta property=\"og:site_name\" content=\"Suno Not\u00edcias\" \/>\n<meta property=\"article:publisher\" content=\"https:\/\/facebook.com\/sunoresearch\" \/>\n<meta property=\"og:image\" content=\"https:\/\/files.sunoresearch.com.br\/n\/uploads\/2023\/06\/Ibovespa-B3-Fachada.jpg\" \/>\n\t<meta property=\"og:image:width\" content=\"1459\" \/>\n\t<meta property=\"og:image:height\" content=\"821\" \/>\n\t<meta property=\"og:image:type\" content=\"image\/jpeg\" \/>\n<meta name=\"author\" content=\"Eduardo Vargas\" \/>\n<meta name=\"twitter:card\" content=\"summary_large_image\" \/>\n<meta name=\"twitter:creator\" content=\"@sunoresearch\" \/>\n<meta name=\"twitter:site\" content=\"@sunoresearch\" \/>\n<meta name=\"twitter:label1\" content=\"Escrito por\" \/>\n\t<meta name=\"twitter:data1\" content=\"Eduardo Vargas\" \/>\n\t<meta name=\"twitter:label2\" content=\"Est. tempo de leitura\" \/>\n\t<meta name=\"twitter:data2\" content=\"2 minutos\" \/>\n<script type=\"application\/ld+json\" class=\"yoast-schema-graph\">{\"@context\":\"https:\/\/schema.org\",\"@graph\":[{\"@type\":\"NewsArticle\",\"@id\":\"https:\/\/www.suno.com.br\/noticias\/b3-b3sa3-santander-analistas-4t23-pressionado-evm\/#article\",\"isPartOf\":{\"@id\":\"https:\/\/www.suno.com.br\/noticias\/b3-b3sa3-santander-analistas-4t23-pressionado-evm\/\"},\"author\":{\"name\":\"Eduardo Vargas\",\"@id\":\"https:\/\/www.suno.com.br\/noticias\/#\/schema\/person\/7f4d362bf3518e76090143ae77bb49a5\"},\"headline\":\"B3 (B3SA3): Postura \u00e9 de cautela com trimestre &#8216;pressionado&#8217;, diz Santander\",\"datePublished\":\"2024-02-21T18:34:00+00:00\",\"dateModified\":\"2024-02-21T18:34:43+00:00\",\"mainEntityOfPage\":{\"@id\":\"https:\/\/www.suno.com.br\/noticias\/b3-b3sa3-santander-analistas-4t23-pressionado-evm\/\"},\"wordCount\":271,\"publisher\":{\"@id\":\"https:\/\/www.suno.com.br\/noticias\/#organization\"},\"image\":{\"@id\":\"https:\/\/www.suno.com.br\/noticias\/b3-b3sa3-santander-analistas-4t23-pressionado-evm\/#primaryimage\"},\"thumbnailUrl\":\"https:\/\/files.sunoresearch.com.br\/n\/uploads\/2023\/06\/Ibovespa-B3-Fachada.jpg\",\"keywords\":[\"A\u00e7\u00f5es\",\"b3\",\"B3 (B3SA3)\",\"Bolsa de Valores\",\"Especialistas\"],\"articleSection\":[\"Neg\u00f3cios\"],\"inLanguage\":\"pt-BR\"},{\"@type\":\"WebPage\",\"@id\":\"https:\/\/www.suno.com.br\/noticias\/b3-b3sa3-santander-analistas-4t23-pressionado-evm\/\",\"url\":\"https:\/\/www.suno.com.br\/noticias\/b3-b3sa3-santander-analistas-4t23-pressionado-evm\/\",\"name\":\"B3 (B3SA3): Postura \u00e9 de cautela com trimestre 'pressionado'\",\"isPartOf\":{\"@id\":\"https:\/\/www.suno.com.br\/noticias\/#website\"},\"primaryImageOfPage\":{\"@id\":\"https:\/\/www.suno.com.br\/noticias\/b3-b3sa3-santander-analistas-4t23-pressionado-evm\/#primaryimage\"},\"image\":{\"@id\":\"https:\/\/www.suno.com.br\/noticias\/b3-b3sa3-santander-analistas-4t23-pressionado-evm\/#primaryimage\"},\"thumbnailUrl\":\"https:\/\/files.sunoresearch.com.br\/n\/uploads\/2023\/06\/Ibovespa-B3-Fachada.jpg\",\"datePublished\":\"2024-02-21T18:34:00+00:00\",\"dateModified\":\"2024-02-21T18:34:43+00:00\",\"description\":\"Em novo relat\u00f3rio sobre as a\u00e7\u00f5es da B3 (B3SA3), analistas do Santander reiteraram postura de cautela com os pap\u00e9is visando o 4T23\",\"breadcrumb\":{\"@id\":\"https:\/\/www.suno.com.br\/noticias\/b3-b3sa3-santander-analistas-4t23-pressionado-evm\/#breadcrumb\"},\"inLanguage\":\"pt-BR\",\"potentialAction\":[{\"@type\":\"ReadAction\",\"target\":[\"https:\/\/www.suno.com.br\/noticias\/b3-b3sa3-santander-analistas-4t23-pressionado-evm\/\"]}]},{\"@type\":\"ImageObject\",\"inLanguage\":\"pt-BR\",\"@id\":\"https:\/\/www.suno.com.br\/noticias\/b3-b3sa3-santander-analistas-4t23-pressionado-evm\/#primaryimage\",\"url\":\"https:\/\/files.sunoresearch.com.br\/n\/uploads\/2023\/06\/Ibovespa-B3-Fachada.jpg\",\"contentUrl\":\"https:\/\/files.sunoresearch.com.br\/n\/uploads\/2023\/06\/Ibovespa-B3-Fachada.jpg\",\"width\":1459,\"height\":821,\"caption\":\"B3 (B3SA3). Foto: Divulga\u00e7\u00e3o\"},{\"@type\":\"BreadcrumbList\",\"@id\":\"https:\/\/www.suno.com.br\/noticias\/b3-b3sa3-santander-analistas-4t23-pressionado-evm\/#breadcrumb\",\"itemListElement\":[{\"@type\":\"ListItem\",\"position\":1,\"name\":\"Not\u00edcias\",\"item\":\"https:\/\/www.suno.com.br\/noticias\/\"},{\"@type\":\"ListItem\",\"position\":2,\"name\":\"Neg\u00f3cios\",\"item\":\"https:\/\/www.suno.com.br\/noticias\/negocios\/\"},{\"@type\":\"ListItem\",\"position\":3,\"name\":\"B3 (B3SA3): Postura \u00e9 de cautela com trimestre &#8216;pressionado&#8217;, diz Santander\"}]},{\"@type\":\"WebSite\",\"@id\":\"https:\/\/www.suno.com.br\/noticias\/#website\",\"url\":\"https:\/\/www.suno.com.br\/noticias\/\",\"name\":\"Suno Not\u00edcias\",\"description\":\"Seu portal de informa\u00e7\u00e3o sobre o mundo dos investimentos\",\"publisher\":{\"@id\":\"https:\/\/www.suno.com.br\/noticias\/#organization\"},\"potentialAction\":[{\"@type\":\"SearchAction\",\"target\":{\"@type\":\"EntryPoint\",\"urlTemplate\":\"https:\/\/www.suno.com.br\/noticias\/?s={search_term_string}\"},\"query-input\":{\"@type\":\"PropertyValueSpecification\",\"valueRequired\":true,\"valueName\":\"search_term_string\"}}],\"inLanguage\":\"pt-BR\"},{\"@type\":\"Organization\",\"@id\":\"https:\/\/www.suno.com.br\/noticias\/#organization\",\"name\":\"Suno Not\u00edcias\",\"url\":\"https:\/\/www.suno.com.br\/noticias\/\",\"logo\":{\"@type\":\"ImageObject\",\"inLanguage\":\"pt-BR\",\"@id\":\"https:\/\/www.suno.com.br\/noticias\/#\/schema\/logo\/image\/\",\"url\":\"https:\/\/files.sunoresearch.com.br\/n\/uploads\/2021\/09\/suno-logo.png\",\"contentUrl\":\"https:\/\/files.sunoresearch.com.br\/n\/uploads\/2021\/09\/suno-logo.png\",\"width\":180,\"height\":180,\"caption\":\"Suno Not\u00edcias\"},\"image\":{\"@id\":\"https:\/\/www.suno.com.br\/noticias\/#\/schema\/logo\/image\/\"},\"sameAs\":[\"https:\/\/facebook.com\/sunoresearch\",\"https:\/\/x.com\/sunoresearch\",\"https:\/\/www.instagram.com\/suno\",\"https:\/\/www.linkedin.com\/company\/suno-research\/\",\"https:\/\/www.youtube.com\/c\/sunoresearch\"]},{\"@type\":\"Person\",\"@id\":\"https:\/\/www.suno.com.br\/noticias\/#\/schema\/person\/7f4d362bf3518e76090143ae77bb49a5\",\"name\":\"Eduardo Vargas\",\"image\":{\"@type\":\"ImageObject\",\"inLanguage\":\"pt-BR\",\"@id\":\"https:\/\/www.suno.com.br\/noticias\/#\/schema\/person\/image\/\",\"url\":\"https:\/\/secure.gravatar.com\/avatar\/dac340933427a22924c9f99d1eb2e3f2?s=96&r=g\",\"contentUrl\":\"https:\/\/secure.gravatar.com\/avatar\/dac340933427a22924c9f99d1eb2e3f2?s=96&r=g\",\"caption\":\"Eduardo Vargas\"},\"description\":\"Jornalista formado pela UFSC, cobre macroeconomia, neg\u00f3cios e startups para o Suno Not\u00edcias, escrevendo principalmente not\u00edcias sobre o mercado financeiro e a bolsa de valores. No YouTube e no Instagram, \u00e9 respons\u00e1vel pela produ\u00e7\u00e3o de Reels e Shorts do Suno Not\u00edcias. Anteriormente, trabalhou cobrindo economia e cotidiano no ND+ e para o ND, maior jornal impresso de Santa Catarina. Cursou um semestre letivo de Estudos de M\u00eddia na Universidad de Buenos Aires.\",\"url\":\"https:\/\/www.suno.com.br\/noticias\/author\/eduardo-vargas\/\"}]}<\/script>\n<!-- \/ Yoast SEO plugin. -->","yoast_head_json":{"title":"B3 (B3SA3): Postura \u00e9 de cautela com trimestre 'pressionado'","description":"Em novo relat\u00f3rio sobre as a\u00e7\u00f5es da B3 (B3SA3), analistas do Santander reiteraram postura de cautela com os pap\u00e9is visando o 4T23","robots":{"index":"index","follow":"follow","max-snippet":"max-snippet:-1","max-image-preview":"max-image-preview:large","max-video-preview":"max-video-preview:-1"},"canonical":"https:\/\/www.suno.com.br\/noticias\/b3-b3sa3-santander-analistas-4t23-pressionado-evm\/","og_locale":"pt_BR","og_type":"article","og_title":"B3 (B3SA3): Postura \u00e9 de cautela com trimestre 'pressionado'","og_description":"Em novo relat\u00f3rio sobre as a\u00e7\u00f5es da B3 (B3SA3), analistas do Santander reiteraram postura de cautela com os pap\u00e9is visando o 4T23","og_url":"https:\/\/www.suno.com.br\/noticias\/b3-b3sa3-santander-analistas-4t23-pressionado-evm\/","og_site_name":"Suno Not\u00edcias","article_publisher":"https:\/\/facebook.com\/sunoresearch","og_image":[{"width":1459,"height":821,"url":"https:\/\/files.sunoresearch.com.br\/n\/uploads\/2023\/06\/Ibovespa-B3-Fachada.jpg","type":"image\/jpeg"}],"author":"Eduardo Vargas","twitter_card":"summary_large_image","twitter_creator":"@sunoresearch","twitter_site":"@sunoresearch","twitter_misc":{"Escrito por":"Eduardo Vargas","Est. tempo de leitura":"2 minutos"},"schema":{"@context":"https:\/\/schema.org","@graph":[{"@type":"NewsArticle","@id":"https:\/\/www.suno.com.br\/noticias\/b3-b3sa3-santander-analistas-4t23-pressionado-evm\/#article","isPartOf":{"@id":"https:\/\/www.suno.com.br\/noticias\/b3-b3sa3-santander-analistas-4t23-pressionado-evm\/"},"author":{"name":"Eduardo Vargas","@id":"https:\/\/www.suno.com.br\/noticias\/#\/schema\/person\/7f4d362bf3518e76090143ae77bb49a5"},"headline":"B3 (B3SA3): Postura \u00e9 de cautela com trimestre &#8216;pressionado&#8217;, diz Santander","datePublished":"2024-02-21T18:34:00+00:00","dateModified":"2024-02-21T18:34:43+00:00","mainEntityOfPage":{"@id":"https:\/\/www.suno.com.br\/noticias\/b3-b3sa3-santander-analistas-4t23-pressionado-evm\/"},"wordCount":271,"publisher":{"@id":"https:\/\/www.suno.com.br\/noticias\/#organization"},"image":{"@id":"https:\/\/www.suno.com.br\/noticias\/b3-b3sa3-santander-analistas-4t23-pressionado-evm\/#primaryimage"},"thumbnailUrl":"https:\/\/files.sunoresearch.com.br\/n\/uploads\/2023\/06\/Ibovespa-B3-Fachada.jpg","keywords":["A\u00e7\u00f5es","b3","B3 (B3SA3)","Bolsa de Valores","Especialistas"],"articleSection":["Neg\u00f3cios"],"inLanguage":"pt-BR"},{"@type":"WebPage","@id":"https:\/\/www.suno.com.br\/noticias\/b3-b3sa3-santander-analistas-4t23-pressionado-evm\/","url":"https:\/\/www.suno.com.br\/noticias\/b3-b3sa3-santander-analistas-4t23-pressionado-evm\/","name":"B3 (B3SA3): Postura \u00e9 de cautela com trimestre 'pressionado'","isPartOf":{"@id":"https:\/\/www.suno.com.br\/noticias\/#website"},"primaryImageOfPage":{"@id":"https:\/\/www.suno.com.br\/noticias\/b3-b3sa3-santander-analistas-4t23-pressionado-evm\/#primaryimage"},"image":{"@id":"https:\/\/www.suno.com.br\/noticias\/b3-b3sa3-santander-analistas-4t23-pressionado-evm\/#primaryimage"},"thumbnailUrl":"https:\/\/files.sunoresearch.com.br\/n\/uploads\/2023\/06\/Ibovespa-B3-Fachada.jpg","datePublished":"2024-02-21T18:34:00+00:00","dateModified":"2024-02-21T18:34:43+00:00","description":"Em novo relat\u00f3rio sobre as a\u00e7\u00f5es da B3 (B3SA3), analistas do Santander reiteraram postura de cautela com os pap\u00e9is visando o 4T23","breadcrumb":{"@id":"https:\/\/www.suno.com.br\/noticias\/b3-b3sa3-santander-analistas-4t23-pressionado-evm\/#breadcrumb"},"inLanguage":"pt-BR","potentialAction":[{"@type":"ReadAction","target":["https:\/\/www.suno.com.br\/noticias\/b3-b3sa3-santander-analistas-4t23-pressionado-evm\/"]}]},{"@type":"ImageObject","inLanguage":"pt-BR","@id":"https:\/\/www.suno.com.br\/noticias\/b3-b3sa3-santander-analistas-4t23-pressionado-evm\/#primaryimage","url":"https:\/\/files.sunoresearch.com.br\/n\/uploads\/2023\/06\/Ibovespa-B3-Fachada.jpg","contentUrl":"https:\/\/files.sunoresearch.com.br\/n\/uploads\/2023\/06\/Ibovespa-B3-Fachada.jpg","width":1459,"height":821,"caption":"B3 (B3SA3). Foto: Divulga\u00e7\u00e3o"},{"@type":"BreadcrumbList","@id":"https:\/\/www.suno.com.br\/noticias\/b3-b3sa3-santander-analistas-4t23-pressionado-evm\/#breadcrumb","itemListElement":[{"@type":"ListItem","position":1,"name":"Not\u00edcias","item":"https:\/\/www.suno.com.br\/noticias\/"},{"@type":"ListItem","position":2,"name":"Neg\u00f3cios","item":"https:\/\/www.suno.com.br\/noticias\/negocios\/"},{"@type":"ListItem","position":3,"name":"B3 (B3SA3): Postura \u00e9 de cautela com trimestre &#8216;pressionado&#8217;, diz Santander"}]},{"@type":"WebSite","@id":"https:\/\/www.suno.com.br\/noticias\/#website","url":"https:\/\/www.suno.com.br\/noticias\/","name":"Suno Not\u00edcias","description":"Seu portal de informa\u00e7\u00e3o sobre o mundo dos investimentos","publisher":{"@id":"https:\/\/www.suno.com.br\/noticias\/#organization"},"potentialAction":[{"@type":"SearchAction","target":{"@type":"EntryPoint","urlTemplate":"https:\/\/www.suno.com.br\/noticias\/?s={search_term_string}"},"query-input":{"@type":"PropertyValueSpecification","valueRequired":true,"valueName":"search_term_string"}}],"inLanguage":"pt-BR"},{"@type":"Organization","@id":"https:\/\/www.suno.com.br\/noticias\/#organization","name":"Suno Not\u00edcias","url":"https:\/\/www.suno.com.br\/noticias\/","logo":{"@type":"ImageObject","inLanguage":"pt-BR","@id":"https:\/\/www.suno.com.br\/noticias\/#\/schema\/logo\/image\/","url":"https:\/\/files.sunoresearch.com.br\/n\/uploads\/2021\/09\/suno-logo.png","contentUrl":"https:\/\/files.sunoresearch.com.br\/n\/uploads\/2021\/09\/suno-logo.png","width":180,"height":180,"caption":"Suno Not\u00edcias"},"image":{"@id":"https:\/\/www.suno.com.br\/noticias\/#\/schema\/logo\/image\/"},"sameAs":["https:\/\/facebook.com\/sunoresearch","https:\/\/x.com\/sunoresearch","https:\/\/www.instagram.com\/suno","https:\/\/www.linkedin.com\/company\/suno-research\/","https:\/\/www.youtube.com\/c\/sunoresearch"]},{"@type":"Person","@id":"https:\/\/www.suno.com.br\/noticias\/#\/schema\/person\/7f4d362bf3518e76090143ae77bb49a5","name":"Eduardo Vargas","image":{"@type":"ImageObject","inLanguage":"pt-BR","@id":"https:\/\/www.suno.com.br\/noticias\/#\/schema\/person\/image\/","url":"https:\/\/secure.gravatar.com\/avatar\/dac340933427a22924c9f99d1eb2e3f2?s=96&r=g","contentUrl":"https:\/\/secure.gravatar.com\/avatar\/dac340933427a22924c9f99d1eb2e3f2?s=96&r=g","caption":"Eduardo Vargas"},"description":"Jornalista formado pela UFSC, cobre macroeconomia, neg\u00f3cios e startups para o Suno Not\u00edcias, escrevendo principalmente not\u00edcias sobre o mercado financeiro e a bolsa de valores. No YouTube e no Instagram, \u00e9 respons\u00e1vel pela produ\u00e7\u00e3o de Reels e Shorts do Suno Not\u00edcias. Anteriormente, trabalhou cobrindo economia e cotidiano no ND+ e para o ND, maior jornal impresso de Santa Catarina. Cursou um semestre letivo de Estudos de M\u00eddia na Universidad de Buenos Aires.","url":"https:\/\/www.suno.com.br\/noticias\/author\/eduardo-vargas\/"}]}},"default_loop_html":"<div class=\"cardsPage__listCard__boxs\"><div class=\"cardsPage__listCard__boxs__img\"><a href=\"https:\/\/www.suno.com.br\/noticias\/b3-b3sa3-santander-analistas-4t23-pressionado-evm\/\"><img class=\"mask\" src=\"https:\/\/www.suno.com.br\/noticias\/wp-content\/themes\/suno\/resources\/images\/spotlight\/spotlight1img\/bg-mask.png\" alt=\"Image Mask\"\/><img src=\"https:\/\/files.sunoresearch.com.br\/n\/uploads\/2023\/06\/Ibovespa-B3-Fachada-400x200.jpg\" alt=\"B3 (B3SA3): Postura \u00e9 de cautela com trimestre &#8216;pressionado&#8217;, diz Santander\"\/><\/a><span class=\"spotlightCategory\"><a href=\"https:\/\/www.suno.com.br\/noticias\/negocios\/\">Neg\u00f3cios<\/a><\/span><\/div><div class=\"cardsPage__listCard__boxs__content\"><a href=\"https:\/\/www.suno.com.br\/noticias\/b3-b3sa3-santander-analistas-4t23-pressionado-evm\/\"><h2 class=\"content__title\">B3 (B3SA3): Postura \u00e9 de cautela com trimestre &#8216;pressionado&#8217;, diz Santander<\/h2><\/a><div class=\"newsContent__article__meta\"><div class=\"newsContent__article__meta__authorBox\"><a href=\"https:\/\/www.suno.com.br\/noticias\/author\/eduardo-vargas\/\" class=\"authorBox__avatar noMobi\"><img src=\"https:\/\/secure.gravatar.com\/avatar\/dac340933427a22924c9f99d1eb2e3f2?s=96&#038;r=g\" alt=\"Eduardo Vargas\"><\/a><div class=\"authorBox__name\"><span>por\n\t\t\t<a href=\"https:\/\/www.suno.com.br\/noticias\/author\/eduardo-vargas\/\"><span itemprop=\"author\">Eduardo Vargas<\/span><\/a><\/span><time datetime=\"2024-02-21T15:34:00-03:00\" itemprop=\"datePublished\">21\/02\/2024 15:34<\/time><\/div><\/div><\/div><\/div><\/div>","single_layout":"posts","amp_enabled":true,"_links":{"self":[{"href":"https:\/\/www.suno.com.br\/noticias\/wp-json\/wp\/v2\/posts\/525246"}],"collection":[{"href":"https:\/\/www.suno.com.br\/noticias\/wp-json\/wp\/v2\/posts"}],"about":[{"href":"https:\/\/www.suno.com.br\/noticias\/wp-json\/wp\/v2\/types\/post"}],"author":[{"embeddable":true,"href":"https:\/\/www.suno.com.br\/noticias\/wp-json\/wp\/v2\/users\/73"}],"replies":[{"embeddable":true,"href":"https:\/\/www.suno.com.br\/noticias\/wp-json\/wp\/v2\/comments?post=525246"}],"version-history":[{"count":3,"href":"https:\/\/www.suno.com.br\/noticias\/wp-json\/wp\/v2\/posts\/525246\/revisions"}],"predecessor-version":[{"id":525264,"href":"https:\/\/www.suno.com.br\/noticias\/wp-json\/wp\/v2\/posts\/525246\/revisions\/525264"}],"wp:featuredmedia":[{"embeddable":true,"href":"https:\/\/www.suno.com.br\/noticias\/wp-json\/wp\/v2\/media\/414140"}],"wp:attachment":[{"href":"https:\/\/www.suno.com.br\/noticias\/wp-json\/wp\/v2\/media?parent=525246"}],"wp:term":[{"taxonomy":"category","embeddable":true,"href":"https:\/\/www.suno.com.br\/noticias\/wp-json\/wp\/v2\/categories?post=525246"},{"taxonomy":"post_tag","embeddable":true,"href":"https:\/\/www.suno.com.br\/noticias\/wp-json\/wp\/v2\/tags?post=525246"},{"taxonomy":"suno_strategy","embeddable":true,"href":"https:\/\/www.suno.com.br\/noticias\/wp-json\/wp\/v2\/suno_strategy?post=525246"}],"curies":[{"name":"wp","href":"https:\/\/api.w.org\/{rel}","templated":true}]}}