{"id":525057,"date":"2024-02-21T09:13:58","date_gmt":"2024-02-21T12:13:58","guid":{"rendered":"https:\/\/www.suno.com.br\/noticias\/?p=525057"},"modified":"2024-02-21T09:15:51","modified_gmt":"2024-02-21T12:15:51","slug":"petrobras-petr4-novonor-prates-gpj","status":"publish","type":"post","link":"https:\/\/www.suno.com.br\/noticias\/petrobras-petr4-novonor-prates-gpj\/","title":{"rendered":"Petrobras (PETR4) n\u00e3o quer comprar fatia da Novonor, diz Prates"},"content":{"rendered":"<p>O presidente da<strong> Petrobras<\/strong> (<a href=\"https:\/\/statusinvest.com.br\/acoes\/petr4\">PETR4<\/a>), Jean Paul Prates, disse nesta ter\u00e7a-feira (20) que a estatal n\u00e3o deve exercer o direito de prefer\u00eancia para compra da fatia da Novonor (ex-Odebrecht) na petroqu\u00edmica Braskem (<a href=\"https:\/\/statusinvest.com.br\/acoes\/brkm5\">BRKM5<\/a>).<\/p>\t<div class=\"wrapper-featured-image\">\n\t\t<figure class=\"spotlightImg\">\n\n\t\t\t<picture>\n\t\t\t\t<source media=\"(max-width: 768px)\" srcset=\"https:\/\/files.sunoresearch.com.br\/n\/uploads\/2023\/03\/coletiva_presidente_petrobras_jeanpaulprates_8_-_02-03-2023-400x200.jpg\">\n\t\t\t\t<img loading=\"lazy\" decoding=\"async\" class=\"newsContent__article__imgCapa lazyloadDisabled \" src=\"https:\/\/files.sunoresearch.com.br\/n\/uploads\/2023\/03\/coletiva_presidente_petrobras_jeanpaulprates_8_-_02-03-2023-800x450.jpg\" width=\"800\" height=\"450\" alt=\"Petrobras (PETR4) n\u00e3o quer comprar fatia da Novonor, diz Prates\" fetchpriority=high \/>\n\t\t\t<\/picture>\n\n\t\t\t<figcaption class=\"wp-caption-text wp-caption-text--show\">Jean Paul Prates, CEO da Petrobras (PETR4). Foto: Divulga\u00e7\u00e3o\/Ag\u00eancia Petrobras<\/figcaption>\n\t\t<\/figure>\n\t<\/div>\n\n\n\n\n\n\n\n\t<p>\n\t\t<a href=\"\" target=\"_blank\" data-element=\"shortcode-suno-banner\" title=\"Banner SUNO, clique e saiba mais\">\n\t\t\t<picture>\n\t\t\t\t<source media=\"(max-width: 500px)\" srcset=\"\">\n\t\t\t\t<img class=\"newsContent__article__imgCapa newsContent__article__imgCapa--banner\"\n\t\t\t\t\tsrc=\"\"\n\t\t\t\t\tdata-promo-id=\"254218\"\t\t\t\t\t\t\t\t\t\t\t\t\t\t\talt=\"\"\n\t\t\t\t>\n\t\t\t<\/picture>\n\t\t<\/a>\n\t<\/p>\n\n\n\n\n\n<p>&#8220;A inten\u00e7\u00e3o n\u00e3o \u00e9 exercer o direito de prefer\u00eancia (de compra na <strong>Braskem<\/strong>), mas ter um s\u00f3cio. Temos a inten\u00e7\u00e3o de participar de petroqu\u00edmica, todas as empresas de petr\u00f3leo est\u00e3o andando nessa dire\u00e7\u00e3o. (Na Braskem) \u00e9 natural que surja uma nova estrutura, que, com um s\u00f3cio de mesmo tamanho, tenhamos uma cogest\u00e3o&#8221;, disse Prates, em evento de lan\u00e7amento da fase de implanta\u00e7\u00e3o da tecnologia Hisep, de separa\u00e7\u00e3o e reinje\u00e7\u00e3o de g\u00e1s em reservat\u00f3rios no fundo do mar.<\/p>\n\n\n\n<p>Segundo ele, a conduta da estatalo tem sido de aproxima\u00e7\u00e3o com eventuais futuros<strong> s\u00f3cios da Petrobras <\/strong>na Braskem, caso da <strong>Adnoc<\/strong>, dos Emirados \u00c1rabes, pa\u00eds em que esteve na viagem que fez durante o carnaval. A empresa j\u00e1 fez uma proposta n\u00e3o vinculante de R$ 10,5 bilh\u00f5es pela fatia de 38,3% do capital total da Braskem pertencente \u00e0 Novonor.<\/p>\n\n\n\n<p>Prates admitiu ter se reunido com executivos da companhia \u00e1rabe novamente nos \u00faltimos dias, mas disse que as tratativas n\u00e3o se resumem \u00e0 Braskem e abarcam toda possibilidade de parcerias e coopera\u00e7\u00e3o. &#8220;N\u00e3o somos nem vendedores e nem compradores dessa outra parte (da Novonor). Estamos parados, observando, e tendo conversas paralelas sem influenciar nesse processo, para saber quem pode ser nosso novo s\u00f3cio.&#8221;<\/p>\n\n\n\n<p>Segundo o <strong>presidente da<\/strong> <strong>Petrobras<\/strong>, n\u00e3o h\u00e1 prazo para o fim do processo de &#8220;<a href=\"https:\/\/www.suno.com.br\/artigos\/due-diligence\/\">due diligence<\/a>&#8221; na Braskem, e outras propostas ainda podem surgir. &#8220;A PIC (estatal de petr\u00f3leo do Kuwait) nos perguntou sobre a Braskem, abordou a Novonor, mas ainda n\u00e3o fez proposta&#8221;, contou. <\/p>\n\n\n\n<p>Questionado sobre negocia\u00e7\u00f5es junto ao fundo Mubadala, controlador da Acelen, dona da Refinaria de Mataripe (antiga Rlam), Prates reiterou interesse. &#8220;Para n\u00f3s, Petrobras, recuperar a Rlam \u00e9 importante.&#8221;<\/p>\n\n\n\n\t<div data-element=\"shortcode-read-more\" class=\"readToo\">\n\t\t\t\t<span class=\"readToo__title\">Leia mais<\/span>\n\t\t\t\t<ul class=\"readToo__list\">\n\t\t\t<li><a href=\"https:\/\/www.suno.com.br\/noticias\/weg-wege3-lucro-balanco-4t23-gpj\/\">Weg (WEGE3): lucro salta 46% no 4T23, para R$ 1,7 bilh\u00e3o; a\u00e7\u00f5es disparam<\/a><\/li><li><a href=\"https:\/\/www.suno.com.br\/noticias\/unigel-acordo-credores-plano-recuperacao-extrajudicial-gpj\/\">Unigel chega a acordo com credores e apresenta plano de recupera\u00e7\u00e3o extrajudicial<\/a><\/li><li><a href=\"https:\/\/www.suno.com.br\/noticias\/ambev-abev3-resultado-misto-genial-mm\/\">Ambev (ABEV3): 4T23 deve ser misto, com receita acima do consenso, diz Genial<\/a><\/li>\t\t<\/ul>\n\t<\/div>\n\n\n\n\n<h2 class=\"wp-block-heading\">Petrobras (PETR4) come\u00e7ar\u00e1 a separar petr\u00f3leo do CO2 no fundo do mar em 2028<\/h2>\n\n\n\n<p>A\u00a0<strong>Petrobras<\/strong>\u00a0<strong>(PETR4)<\/strong> anunciou nesta ter\u00e7a-feira (20) que iniciar\u00e1, no prazo de quatro anos, a fase piloto de um novo projeto de reinje\u00e7\u00e3o, no subsolo, de di\u00f3xido de carbono (CO2) retirado de campos petrol\u00edferos. A inova\u00e7\u00e3o da nova tecnologia, chamada de projeto Hisep, em rela\u00e7\u00e3o a outros processos de reinje\u00e7\u00e3o \u00e9 que a separa\u00e7\u00e3o entre o \u00f3leo e o g\u00e1s carb\u00f4nico ocorre no fundo do mar e n\u00e3o na plataforma.<\/p>\n\n\n\n<p>A fase piloto ser\u00e1 implantada no pr\u00e9-sal do\u00a0<strong>campo de Mero<\/strong>, na Bacia de Santos. Depois de testar a tecnologia em laborat\u00f3rio, a\u00a0Petrobras far\u00e1 a contrata\u00e7\u00e3o para montagem dos equipamentos submarinos que far\u00e3o a separa\u00e7\u00e3o e a reinje\u00e7\u00e3o do g\u00e1s. O investimento total do in\u00edcio da pesquisa, em 2014, at\u00e9 o in\u00edcio da fase piloto, em meados de 2028, deve chegar a US$ 1,7 bilh\u00e3o.<\/p>\n\n\n\n<p>O CO2 \u00e9 um g\u00e1s que est\u00e1 associado ao \u00f3leo nos reservat\u00f3rios subterr\u00e2neos. Ao extrair o petr\u00f3leo, grande parte do g\u00e1s \u00e9 lan\u00e7ado na atmosfera.<\/p>\n\n\n\n<p>A Petrobras j\u00e1 reinjeta, no subsolo, parte dele. A ideia \u00e9 que, com o&nbsp;<strong>projeto Hisep<\/strong>, o percentual de reinje\u00e7\u00e3o aumente. A tecnologia prev\u00ea a liquefa\u00e7\u00e3o do CO2 atrav\u00e9s de equipamentos submarinos que elevam a press\u00e3o sobre o g\u00e1s. Em forma l\u00edquida, o di\u00f3xido de carbono \u00e9 reinjetado no subsolo, evitando sua dispers\u00e3o na atmosfera.<img decoding=\"async\" src=\"https:\/\/agenciabrasil.ebc.com.br\/ebc.png?id=1581789&amp;o=rss\"><img decoding=\"async\" src=\"https:\/\/agenciabrasil.ebc.com.br\/ebc.gif?id=1581789&amp;o=rss\"><\/p>\n\n\n\n<h2 class=\"wp-block-heading\">Descarboniza\u00e7\u00e3o<\/h2>\n\n\n\n<p>\u201cDescarbonizar a atividade do petr\u00f3leo \u00e9 fundamental para a&nbsp;<strong>transi\u00e7\u00e3o energ\u00e9tica<\/strong>, porque faz com que a gente consiga, ainda por necessidade, utilizar hidrocarbonetos, petr\u00f3leo e g\u00e1s, no nosso dia a dia \u2013 por um bom tempo, vamos ter que faz\u00ea-lo \u2013 s\u00f3 que com um impacto mitigado\u201d, afirmou o presidente da estatal,<strong>&nbsp;Jean Paul Prates<\/strong>.<\/p>\n\n\n\n<p>Segundo ele, a Petrobras vem buscando fazer uma transi\u00e7\u00e3o energ\u00e9tica de forma respons\u00e1vel, ao mesmo tempo em que lida com press\u00f5es divergentes em rela\u00e7\u00e3o ao ritmo dessas mudan\u00e7as. Ele explica que alguns setores da sociedade exigem mais rapidez no processo, enquanto outros demandam mais lentid\u00e3o.<\/p>\n\n\n\n<p>De acordo com o diretor de Engenharia, Tecnologia e Inova\u00e7\u00e3o da Petrobras,&nbsp;<strong>Carlos Travassos<\/strong>, o projeto&nbsp;tamb\u00e9m pode proporcionar redu\u00e7\u00e3o de custos em rela\u00e7\u00e3o \u00e0s plataformas<\/p>\n\n\n\n<p>\u201cBoa parte da planta de processo [na plataforma de petr\u00f3leo], cerca de 65%, \u00e9 dedicada \u00e0 separa\u00e7\u00e3o e \u00e0 inje\u00e7\u00e3o de g\u00e1s. Quando eu uso o&nbsp;<strong>HISEP<\/strong>, eu passo essa opera\u00e7\u00e3o l\u00e1 para baixo [fundo do mar]. Com uma redu\u00e7\u00e3o de 65% no peso e espa\u00e7o [da plataforma], a gente espera uma redu\u00e7\u00e3o de custo significativa\u201d.<\/p>\n\n\n\n<p>Al\u00e9m disso, com a redu\u00e7\u00e3o do custo na separa\u00e7\u00e3o e reinje\u00e7\u00e3o do di\u00f3xido de carbono, \u00e9 poss\u00edvel come\u00e7ar a extrair petr\u00f3leo de campos que hoje n\u00e3o s\u00e3o economicamente vi\u00e1veis, devido ao alto teor de CO2 do reservat\u00f3rio. Outro ponto positivo, segundo Travassos, \u00e9 reduzir a exposi\u00e7\u00e3o de funcion\u00e1rios da\u00a0<strong>Petrobras<\/strong>\u00a0ao risco, j\u00e1 que retira o processo da planta da plataforma.<\/p>\n\n\n\t<p>\n\t\t<a href=\"https:\/\/lp.suno.com.br\/ebook-como-analisar-uma-acao\/\" target=\"_blank\" data-element=\"shortcode-suno-banner\" title=\"Banner SUNO, clique e saiba mais\">\n\t\t\t<picture>\n\t\t\t\t<source media=\"(max-width: 500px)\" srcset=\"https:\/\/files.sunoresearch.com.br\/n\/uploads\/2023\/03\/Ebook-Acoes-Mobile.jpg\">\n\t\t\t\t<img class=\"newsContent__article__imgCapa newsContent__article__imgCapa--banner\"\n\t\t\t\t\tsrc=\"https:\/\/files.sunoresearch.com.br\/n\/uploads\/2023\/03\/Ebook-Acoes-Desktop.jpg\"\n\t\t\t\t\tdata-promo-id=\"378302\"\t\t\t\t\t\t\t\t\t\twidth='1420' height='286'\t\t\t\t\talt=\"https:\/\/files.sunoresearch.com.br\/n\/uploads\/2023\/03\/Ebook-Acoes-Desktop.jpg\"\n\t\t\t\t>\n\t\t\t<\/picture>\n\t\t<\/a>\n\t<\/p>\n\n\n\n\n\n<h2 class=\"wp-block-heading\">Desempenho das a\u00e7\u00f5es de Petrobras<\/h2>\n\n\n\n<div class=\"pluginQuotation\">\n  <p class=\"ticker\">\n    Cota\u00e7\u00e3o <span>PETR4<\/span>\n  <\/p>\n  <div class=\"info\">\n    <div class=\"leftSide\">\n      Gr\u00e1fico gerado em: 21\/02\/2024    <\/div>\n\t\t\t\t\t<div class=\"rightSide\">\n\t\t\t\t\t<span class=\"period\">\n\t\t\t\t\t\t1 Dia\t\t\t\t\t<\/span>\n\t\t\t<\/div>\n\t\t  <\/div>\n\n  <div id=\"chart-1c6c027ad70dc205d7e810897a4e157e\" data-block-hash=\"1c6c027ad70dc205d7e810897a4e157e\"  class=\"chart\" style=\"width:100%;height:400px;\"><\/div>\n\n  <div class=\"pluginQuotation__footer\">\n    <div class=\"dataChart\">\n\n      <div class=\"dataChart__div1 variation\">\n        <div class=\"value-positive\">\n          0,12 (+0,05%)        <\/div>\n        <div class=\"text\">\n          Varia\u00e7\u00e3o do per\u00edodo\n        <\/div>\n      <\/div>\n\n      <div class=\"dataChart__div2 minMax\">\n        <div class=\"value\">\n          R$\u00a042,11        <\/div>\n        <div class=\"text\">\n          M\u00ednima\n        <\/div>\n      <\/div>\n\n      <div class=\"dataChart__div3 minMax\">\n        <div class=\"value\">\n          R$\u00a042,45        <\/div>\n        <div class=\"text\">\n          M\u00e1xima\n        <\/div>\n      <\/div>\n\n\t\t\t<div class=\"dataChart__div4 rightSide\">\n\t\t\t\t<div class=\"analiticaSource\">\n\t\t\t\t\t<span>\n\t\t\t\t\t\tFonte:\n\t\t\t\t\t<\/span>\n\t\t\t\t\t<img decoding=\"async\" class=\"analiticaLogo\" src=\"https:\/\/www.suno.com.br\/noticias\/wp-content\/plugins\/suno-block-ticker-quotation\/src\/suno-analitica-logo.png\" alt=\"Logo Suno Anal\u00edtica\" \/>\n\t\t\t\t<\/div>\n\n\t\t\t\t<a href=\"https:\/\/www.suno.com.br\/analitica\/acoes\/PETR4\" target=\"_blank\">\n\t\t\t\t\t<span>\n\t\t\t\t\t\tVer mais cota\u00e7\u00f5es\n\t\t\t\t\t<\/span>\n\t\t\t\t\t<svg xmlns=\"http:\/\/www.w3.org\/2000\/svg\" width=\"9\" height=\"8\" viewBox=\"0 0 9 8\" fill=\"none\">\n\t\t\t\t\t\t<path d=\"M4.20996 0L3.50496 0.705L6.29496 3.5H0.209961V4.5H6.29496L3.50496 7.295L4.20996 8L8.20996 4L4.20996 0Z\" fill=\"#D42126\" \/>\n\t\t\t\t\t<\/svg>\n\t\t\t\t<\/a>\n    <\/div>\n\n    <\/div>\n  <\/div>\n<\/div>\n\n\n<script type=\"text\/javascript\">\n  let chart_1c6c027ad70dc205d7e810897a4e157e = document.getElementById('chart-1c6c027ad70dc205d7e810897a4e157e');\n  let data_json_1c6c027ad70dc205d7e810897a4e157e = \"[{\\\"date\\\":\\\"20\\\\\\\/02\\\\\\\/24 12:30\\\",\\\"value\\\":42.4},{\\\"date\\\":\\\"20\\\\\\\/02\\\\\\\/24 12:32\\\",\\\"value\\\":42.39},{\\\"date\\\":\\\"20\\\\\\\/02\\\\\\\/24 12:34\\\",\\\"value\\\":42.38},{\\\"date\\\":\\\"20\\\\\\\/02\\\\\\\/24 12:36\\\",\\\"value\\\":42.39},{\\\"date\\\":\\\"20\\\\\\\/02\\\\\\\/24 12:38\\\",\\\"value\\\":42.36},{\\\"date\\\":\\\"20\\\\\\\/02\\\\\\\/24 12:40\\\",\\\"value\\\":42.33},{\\\"date\\\":\\\"20\\\\\\\/02\\\\\\\/24 12:42\\\",\\\"value\\\":42.31},{\\\"date\\\":\\\"20\\\\\\\/02\\\\\\\/24 12:44\\\",\\\"value\\\":42.24},{\\\"date\\\":\\\"20\\\\\\\/02\\\\\\\/24 12:46\\\",\\\"value\\\":42.19},{\\\"date\\\":\\\"20\\\\\\\/02\\\\\\\/24 12:48\\\",\\\"value\\\":42.15},{\\\"date\\\":\\\"20\\\\\\\/02\\\\\\\/24 12:50\\\",\\\"value\\\":42.19},{\\\"date\\\":\\\"20\\\\\\\/02\\\\\\\/24 12:52\\\",\\\"value\\\":42.22},{\\\"date\\\":\\\"20\\\\\\\/02\\\\\\\/24 12:54\\\",\\\"value\\\":42.18},{\\\"date\\\":\\\"20\\\\\\\/02\\\\\\\/24 12:56\\\",\\\"value\\\":42.22},{\\\"date\\\":\\\"20\\\\\\\/02\\\\\\\/24 12:58\\\",\\\"value\\\":42.2},{\\\"date\\\":\\\"20\\\\\\\/02\\\\\\\/24 13:00\\\",\\\"value\\\":42.16},{\\\"date\\\":\\\"20\\\\\\\/02\\\\\\\/24 13:02\\\",\\\"value\\\":42.11},{\\\"date\\\":\\\"20\\\\\\\/02\\\\\\\/24 13:04\\\",\\\"value\\\":42.17},{\\\"date\\\":\\\"20\\\\\\\/02\\\\\\\/24 13:06\\\",\\\"value\\\":42.23},{\\\"date\\\":\\\"20\\\\\\\/02\\\\\\\/24 13:08\\\",\\\"value\\\":42.21},{\\\"date\\\":\\\"20\\\\\\\/02\\\\\\\/24 13:10\\\",\\\"value\\\":42.21},{\\\"date\\\":\\\"20\\\\\\\/02\\\\\\\/24 13:12\\\",\\\"value\\\":42.21},{\\\"date\\\":\\\"20\\\\\\\/02\\\\\\\/24 13:14\\\",\\\"value\\\":42.18},{\\\"date\\\":\\\"20\\\\\\\/02\\\\\\\/24 16:16\\\",\\\"value\\\":42.22},{\\\"date\\\":\\\"20\\\\\\\/02\\\\\\\/24 16:18\\\",\\\"value\\\":42.23},{\\\"date\\\":\\\"20\\\\\\\/02\\\\\\\/24 16:20\\\",\\\"value\\\":42.22},{\\\"date\\\":\\\"20\\\\\\\/02\\\\\\\/24 16:22\\\",\\\"value\\\":42.2},{\\\"date\\\":\\\"20\\\\\\\/02\\\\\\\/24 16:24\\\",\\\"value\\\":42.18},{\\\"date\\\":\\\"20\\\\\\\/02\\\\\\\/24 16:26\\\",\\\"value\\\":42.16},{\\\"date\\\":\\\"20\\\\\\\/02\\\\\\\/24 16:28\\\",\\\"value\\\":42.17},{\\\"date\\\":\\\"20\\\\\\\/02\\\\\\\/24 16:30\\\",\\\"value\\\":42.22},{\\\"date\\\":\\\"20\\\\\\\/02\\\\\\\/24 16:32\\\",\\\"value\\\":42.18},{\\\"date\\\":\\\"20\\\\\\\/02\\\\\\\/24 16:34\\\",\\\"value\\\":42.22},{\\\"date\\\":\\\"20\\\\\\\/02\\\\\\\/24 16:36\\\",\\\"value\\\":42.22},{\\\"date\\\":\\\"20\\\\\\\/02\\\\\\\/24 16:38\\\",\\\"value\\\":42.21},{\\\"date\\\":\\\"20\\\\\\\/02\\\\\\\/24 16:40\\\",\\\"value\\\":42.23},{\\\"date\\\":\\\"20\\\\\\\/02\\\\\\\/24 16:42\\\",\\\"value\\\":42.24},{\\\"date\\\":\\\"20\\\\\\\/02\\\\\\\/24 16:44\\\",\\\"value\\\":42.27},{\\\"date\\\":\\\"20\\\\\\\/02\\\\\\\/24 16:46\\\",\\\"value\\\":42.27},{\\\"date\\\":\\\"20\\\\\\\/02\\\\\\\/24 16:48\\\",\\\"value\\\":42.28},{\\\"date\\\":\\\"20\\\\\\\/02\\\\\\\/24 16:50\\\",\\\"value\\\":42.24},{\\\"date\\\":\\\"20\\\\\\\/02\\\\\\\/24 16:52\\\",\\\"value\\\":42.26},{\\\"date\\\":\\\"20\\\\\\\/02\\\\\\\/24 16:54\\\",\\\"value\\\":42.29},{\\\"date\\\":\\\"20\\\\\\\/02\\\\\\\/24 16:56\\\",\\\"value\\\":42.25},{\\\"date\\\":\\\"20\\\\\\\/02\\\\\\\/24 16:58\\\",\\\"value\\\":42.26},{\\\"date\\\":\\\"20\\\\\\\/02\\\\\\\/24 17:00\\\",\\\"value\\\":42.45}]\";\n  let isPositive_1c6c027ad70dc205d7e810897a4e157e = true;\n\n  let color_1c6c027ad70dc205d7e810897a4e157e = isPositive_1c6c027ad70dc205d7e810897a4e157e ? '#3AB53A' : '#D92C2D';\n\n  let data_1c6c027ad70dc205d7e810897a4e157e = JSON.parse(data_json_1c6c027ad70dc205d7e810897a4e157e);\n\n  const result_1c6c027ad70dc205d7e810897a4e157e = {\n    date: [],\n    value: [],\n  };\n\n  data_1c6c027ad70dc205d7e810897a4e157e.forEach((item) => {\n    result_1c6c027ad70dc205d7e810897a4e157e.date.push(item.date);\n    result_1c6c027ad70dc205d7e810897a4e157e.value.push(Number(item.value));\n  });\n\n  let option_1c6c027ad70dc205d7e810897a4e157e = {\n    \/\/ variavel de cor global\n    color: [color_1c6c027ad70dc205d7e810897a4e157e],\n    title: {\n      text: '',\n    },\n    tooltip: {\n      trigger: 'axis',\n      axisPointer: {\n        type: 'cross',\n        label: {\n          \/\/ cor dos valores em X e Y\n          backgroundColor: color_1c6c027ad70dc205d7e810897a4e157e,\n          formatter: (value) => {\n            if (typeof value.value === 'number') {\n              return Number(value.value).toLocaleString('pt-br', {\n                style: 'currency',\n                currency: 'BRL'\n              });\n            }\n            return value.value;\n          },\n        },\n      },\n      valueFormatter: (value) => Number(value).toLocaleString('pt-br', {\n        style: 'currency',\n        currency: 'BRL'\n      }),\n    },\n    legend: {\n      \/\/ data: ['Valor de Fechamento'],\n      show: false,\n    },\n    toolbox: {\n      feature: {\n        saveAsImage: {\n          show: false,\n        },\n      },\n    },\n    grid: {\n      left: '0px',\n      right: '0px',\n      bottom: '0px',\n      containLabel: true,\n    },\n    xAxis: [{\n      type: 'category',\n      data: result_1c6c027ad70dc205d7e810897a4e157e.date,\n      boundaryGap: true,\n    }],\n    yAxis: [{\n      type: 'value',\n      min: Math.min(...result_1c6c027ad70dc205d7e810897a4e157e.value),\n      max: Math.max(...result_1c6c027ad70dc205d7e810897a4e157e.value),\n      axisLabel: {\n        formatter: (value) => value.toLocaleString('pt-br', {\n          style: 'currency',\n          currency: 'BRL'\n        }),\n      },\n    }],\n    series: [{\n      name: 'Valor de Fechamento',\n      type: 'line',\n      stack: 'Total',\n      \/\/ cor do grafico\n      areaStyle: {},\n      emphasis: {\n        focus: 'series',\n      },\n      data: result_1c6c027ad70dc205d7e810897a4e157e.value,\n      \/\/ cor da linha\n      lineStyle: {\n        color: color_1c6c027ad70dc205d7e810897a4e157e,\n      },\n    }, ],\n  };\n\n\twindow.chart_1c6c027ad70dc205d7e810897a4e157e = {\n\t\tel: chart_1c6c027ad70dc205d7e810897a4e157e,\n\t\toption: option_1c6c027ad70dc205d7e810897a4e157e\t};\n\n\n<\/script>\n\n\n\n<p><em>*Com informa\u00e7\u00f5es de Ag\u00eancia Brasil e Estad\u00e3o Conte\u00fado<\/em><\/p>\n\n\n\t<p>\n\t\t<a href=\"https:\/\/lp.suno.com.br\/plataforma-de-controle-de-investimentos\/\" target=\"_blank\" data-element=\"shortcode-suno-banner\" title=\"Banner SUNO, clique e saiba mais\">\n\t\t\t<picture>\n\t\t\t\t<source media=\"(max-width: 500px)\" srcset=\"https:\/\/files.sunoresearch.com.br\/n\/uploads\/2023\/03\/400x300-Controle-de-Investimentos.png\">\n\t\t\t\t<img class=\"newsContent__article__imgCapa newsContent__article__imgCapa--banner\"\n\t\t\t\t\tsrc=\"https:\/\/files.sunoresearch.com.br\/n\/uploads\/2023\/03\/1420x240-Controle-de-Investimentos.png\"\n\t\t\t\t\tdata-promo-id=\"383162\"\t\t\t\t\t\t\t\t\t\twidth='1420' height='240'\t\t\t\t\talt=\"https:\/\/files.sunoresearch.com.br\/n\/uploads\/2023\/03\/1420x240-Controle-de-Investimentos.png\"\n\t\t\t\t>\n\t\t\t<\/picture>\n\t\t<\/a>\n\t<\/p>\n\n\n","protected":false},"excerpt":{"rendered":"<p>O presidente da Petrobras (PETR4), Jean Paul Prates, disse nesta ter\u00e7a-feira (20) que a estatal n\u00e3o deve exercer o direito de prefer\u00eancia para compra da fatia da Novonor (ex-Odebrecht) na petroqu\u00edmica Braskem (BRKM5). Jean Paul Prates, CEO da Petrobras (PETR4). Foto: Divulga\u00e7\u00e3o\/Ag\u00eancia Petrobras &#8220;A inten\u00e7\u00e3o n\u00e3o \u00e9 exercer o direito de prefer\u00eancia (de compra na [&hellip;]<\/p>\n","protected":false},"author":313,"featured_media":374375,"comment_status":"closed","ping_status":"closed","sticky":false,"template":"","format":"standard","meta":[],"categories":[64],"tags":[395,595],"suno_strategy":[],"class_list":["post-525057","post","type-post","status-publish","format-standard","has-post-thumbnail","hentry","category-negocios","tag-braskem-brkm3-brkm5-brkm6","tag-petrobras-petr4"],"yoast_head":"<!-- This site is optimized with the Yoast SEO plugin v24.4 - https:\/\/yoast.com\/wordpress\/plugins\/seo\/ -->\n<title>Petrobras (PETR4) n\u00e3o quer comprar fatia da Novonor, diz Prates<\/title>\n<meta name=\"description\" content=\"Segundo o presidente da Petrobras, n\u00e3o h\u00e1 prazo para o fim do processo de &quot;due diligence&quot; na Braskem, e outras propostas ainda podem surgir.\" \/>\n<meta name=\"robots\" content=\"index, follow, max-snippet:-1, max-image-preview:large, max-video-preview:-1\" \/>\n<link rel=\"canonical\" href=\"https:\/\/www.suno.com.br\/noticias\/petrobras-petr4-novonor-prates-gpj\/\" \/>\n<meta property=\"og:locale\" content=\"pt_BR\" \/>\n<meta property=\"og:type\" content=\"article\" \/>\n<meta property=\"og:title\" content=\"Petrobras (PETR4) n\u00e3o quer comprar fatia da Novonor, diz Prates\" \/>\n<meta property=\"og:description\" content=\"Segundo o presidente da Petrobras, n\u00e3o h\u00e1 prazo para o fim do processo de &quot;due diligence&quot; na Braskem, e outras propostas ainda podem surgir.\" \/>\n<meta property=\"og:url\" content=\"https:\/\/www.suno.com.br\/noticias\/petrobras-petr4-novonor-prates-gpj\/\" \/>\n<meta property=\"og:site_name\" content=\"Suno Not\u00edcias\" \/>\n<meta property=\"article:publisher\" content=\"https:\/\/facebook.com\/sunoresearch\" \/>\n<meta property=\"og:image\" content=\"https:\/\/files.sunoresearch.com.br\/n\/uploads\/2023\/03\/coletiva_presidente_petrobras_jeanpaulprates_8_-_02-03-2023-scaled.jpg\" \/>\n\t<meta property=\"og:image:width\" content=\"2560\" \/>\n\t<meta property=\"og:image:height\" content=\"1707\" \/>\n\t<meta property=\"og:image:type\" content=\"image\/jpeg\" \/>\n<meta name=\"author\" content=\"Giovanni Porf\u00edrio Jacomino\" \/>\n<meta name=\"twitter:card\" content=\"summary_large_image\" \/>\n<meta name=\"twitter:creator\" content=\"@sunoresearch\" \/>\n<meta name=\"twitter:site\" content=\"@sunoresearch\" \/>\n<meta name=\"twitter:label1\" content=\"Escrito por\" \/>\n\t<meta name=\"twitter:data1\" content=\"Giovanni Porf\u00edrio Jacomino\" \/>\n\t<meta name=\"twitter:label2\" content=\"Est. tempo de leitura\" \/>\n\t<meta name=\"twitter:data2\" content=\"5 minutos\" \/>\n<script type=\"application\/ld+json\" class=\"yoast-schema-graph\">{\"@context\":\"https:\/\/schema.org\",\"@graph\":[{\"@type\":\"NewsArticle\",\"@id\":\"https:\/\/www.suno.com.br\/noticias\/petrobras-petr4-novonor-prates-gpj\/#article\",\"isPartOf\":{\"@id\":\"https:\/\/www.suno.com.br\/noticias\/petrobras-petr4-novonor-prates-gpj\/\"},\"author\":{\"name\":\"Giovanni Porf\u00edrio Jacomino\",\"@id\":\"https:\/\/www.suno.com.br\/noticias\/#\/schema\/person\/d0f32748bbca4bee871fa191ee4e2d40\"},\"headline\":\"Petrobras (PETR4) n\u00e3o quer comprar fatia da Novonor, diz Prates\",\"datePublished\":\"2024-02-21T12:13:58+00:00\",\"dateModified\":\"2024-02-21T12:15:51+00:00\",\"mainEntityOfPage\":{\"@id\":\"https:\/\/www.suno.com.br\/noticias\/petrobras-petr4-novonor-prates-gpj\/\"},\"wordCount\":907,\"publisher\":{\"@id\":\"https:\/\/www.suno.com.br\/noticias\/#organization\"},\"image\":{\"@id\":\"https:\/\/www.suno.com.br\/noticias\/petrobras-petr4-novonor-prates-gpj\/#primaryimage\"},\"thumbnailUrl\":\"https:\/\/files.sunoresearch.com.br\/n\/uploads\/2023\/03\/coletiva_presidente_petrobras_jeanpaulprates_8_-_02-03-2023-scaled.jpg\",\"keywords\":[\"Braskem (BRKM3\/BRKM5\/BRKM6)\",\"Petrobras (PETR4)\"],\"articleSection\":[\"Neg\u00f3cios\"],\"inLanguage\":\"pt-BR\"},{\"@type\":\"WebPage\",\"@id\":\"https:\/\/www.suno.com.br\/noticias\/petrobras-petr4-novonor-prates-gpj\/\",\"url\":\"https:\/\/www.suno.com.br\/noticias\/petrobras-petr4-novonor-prates-gpj\/\",\"name\":\"Petrobras (PETR4) n\u00e3o quer comprar fatia da Novonor, diz Prates\",\"isPartOf\":{\"@id\":\"https:\/\/www.suno.com.br\/noticias\/#website\"},\"primaryImageOfPage\":{\"@id\":\"https:\/\/www.suno.com.br\/noticias\/petrobras-petr4-novonor-prates-gpj\/#primaryimage\"},\"image\":{\"@id\":\"https:\/\/www.suno.com.br\/noticias\/petrobras-petr4-novonor-prates-gpj\/#primaryimage\"},\"thumbnailUrl\":\"https:\/\/files.sunoresearch.com.br\/n\/uploads\/2023\/03\/coletiva_presidente_petrobras_jeanpaulprates_8_-_02-03-2023-scaled.jpg\",\"datePublished\":\"2024-02-21T12:13:58+00:00\",\"dateModified\":\"2024-02-21T12:15:51+00:00\",\"description\":\"Segundo o presidente da Petrobras, n\u00e3o h\u00e1 prazo para o fim do processo de \\\"due diligence\\\" na Braskem, e outras propostas ainda podem surgir.\",\"breadcrumb\":{\"@id\":\"https:\/\/www.suno.com.br\/noticias\/petrobras-petr4-novonor-prates-gpj\/#breadcrumb\"},\"inLanguage\":\"pt-BR\",\"potentialAction\":[{\"@type\":\"ReadAction\",\"target\":[\"https:\/\/www.suno.com.br\/noticias\/petrobras-petr4-novonor-prates-gpj\/\"]}]},{\"@type\":\"ImageObject\",\"inLanguage\":\"pt-BR\",\"@id\":\"https:\/\/www.suno.com.br\/noticias\/petrobras-petr4-novonor-prates-gpj\/#primaryimage\",\"url\":\"https:\/\/files.sunoresearch.com.br\/n\/uploads\/2023\/03\/coletiva_presidente_petrobras_jeanpaulprates_8_-_02-03-2023-scaled.jpg\",\"contentUrl\":\"https:\/\/files.sunoresearch.com.br\/n\/uploads\/2023\/03\/coletiva_presidente_petrobras_jeanpaulprates_8_-_02-03-2023-scaled.jpg\",\"width\":2560,\"height\":1707,\"caption\":\"Jean Paul Prates, CEO da Petrobras (PETR4). Foto: Divulga\u00e7\u00e3o\/Ag\u00eancia Petrobras\"},{\"@type\":\"BreadcrumbList\",\"@id\":\"https:\/\/www.suno.com.br\/noticias\/petrobras-petr4-novonor-prates-gpj\/#breadcrumb\",\"itemListElement\":[{\"@type\":\"ListItem\",\"position\":1,\"name\":\"Not\u00edcias\",\"item\":\"https:\/\/www.suno.com.br\/noticias\/\"},{\"@type\":\"ListItem\",\"position\":2,\"name\":\"Neg\u00f3cios\",\"item\":\"https:\/\/www.suno.com.br\/noticias\/negocios\/\"},{\"@type\":\"ListItem\",\"position\":3,\"name\":\"Petrobras (PETR4) n\u00e3o quer comprar fatia da Novonor, diz Prates\"}]},{\"@type\":\"WebSite\",\"@id\":\"https:\/\/www.suno.com.br\/noticias\/#website\",\"url\":\"https:\/\/www.suno.com.br\/noticias\/\",\"name\":\"Suno Not\u00edcias\",\"description\":\"Seu portal de informa\u00e7\u00e3o sobre o mundo dos investimentos\",\"publisher\":{\"@id\":\"https:\/\/www.suno.com.br\/noticias\/#organization\"},\"potentialAction\":[{\"@type\":\"SearchAction\",\"target\":{\"@type\":\"EntryPoint\",\"urlTemplate\":\"https:\/\/www.suno.com.br\/noticias\/?s={search_term_string}\"},\"query-input\":{\"@type\":\"PropertyValueSpecification\",\"valueRequired\":true,\"valueName\":\"search_term_string\"}}],\"inLanguage\":\"pt-BR\"},{\"@type\":\"Organization\",\"@id\":\"https:\/\/www.suno.com.br\/noticias\/#organization\",\"name\":\"Suno Not\u00edcias\",\"url\":\"https:\/\/www.suno.com.br\/noticias\/\",\"logo\":{\"@type\":\"ImageObject\",\"inLanguage\":\"pt-BR\",\"@id\":\"https:\/\/www.suno.com.br\/noticias\/#\/schema\/logo\/image\/\",\"url\":\"https:\/\/files.sunoresearch.com.br\/n\/uploads\/2021\/09\/suno-logo.png\",\"contentUrl\":\"https:\/\/files.sunoresearch.com.br\/n\/uploads\/2021\/09\/suno-logo.png\",\"width\":180,\"height\":180,\"caption\":\"Suno Not\u00edcias\"},\"image\":{\"@id\":\"https:\/\/www.suno.com.br\/noticias\/#\/schema\/logo\/image\/\"},\"sameAs\":[\"https:\/\/facebook.com\/sunoresearch\",\"https:\/\/x.com\/sunoresearch\",\"https:\/\/www.instagram.com\/suno\",\"https:\/\/www.linkedin.com\/company\/suno-research\/\",\"https:\/\/www.youtube.com\/c\/sunoresearch\"]},{\"@type\":\"Person\",\"@id\":\"https:\/\/www.suno.com.br\/noticias\/#\/schema\/person\/d0f32748bbca4bee871fa191ee4e2d40\",\"name\":\"Giovanni Porf\u00edrio Jacomino\",\"image\":{\"@type\":\"ImageObject\",\"inLanguage\":\"pt-BR\",\"@id\":\"https:\/\/www.suno.com.br\/noticias\/#\/schema\/person\/image\/\",\"url\":\"https:\/\/secure.gravatar.com\/avatar\/efb32e19b730a121cb7a80f41ffec01a?s=96&r=g\",\"contentUrl\":\"https:\/\/secure.gravatar.com\/avatar\/efb32e19b730a121cb7a80f41ffec01a?s=96&r=g\",\"caption\":\"Giovanni Porf\u00edrio Jacomino\"},\"description\":\"Giovanni Porf\u00edrio Jacomino \u00e9 jornalista formado pela Universidade Estadual de Londrina (UEL) e p\u00f3s-graduado em Produ\u00e7\u00e3o e Pr\u00e1ticas Jornal\u00edsticas na Contemporaneidade na Faculdade C\u00e1sper L\u00edbero (FCL). Foi editor web no Startupi e no Finsiders, atuando ainda como editor no TC Mover, portal de not\u00edcias da TradersClub, fazendo a cobertura de assuntos relacionados ao mercado financeiro interno e externo. Atualmente, \u00e9 Rep\u00f3rter do Suno Not\u00edcias.\",\"url\":\"https:\/\/www.suno.com.br\/noticias\/author\/giovanni-porfiriosuno-com-br\/\"}]}<\/script>\n<!-- \/ Yoast SEO plugin. -->","yoast_head_json":{"title":"Petrobras (PETR4) n\u00e3o quer comprar fatia da Novonor, diz Prates","description":"Segundo o presidente da Petrobras, n\u00e3o h\u00e1 prazo para o fim do processo de \"due diligence\" na Braskem, e outras propostas ainda podem surgir.","robots":{"index":"index","follow":"follow","max-snippet":"max-snippet:-1","max-image-preview":"max-image-preview:large","max-video-preview":"max-video-preview:-1"},"canonical":"https:\/\/www.suno.com.br\/noticias\/petrobras-petr4-novonor-prates-gpj\/","og_locale":"pt_BR","og_type":"article","og_title":"Petrobras (PETR4) n\u00e3o quer comprar fatia da Novonor, diz Prates","og_description":"Segundo o presidente da Petrobras, n\u00e3o h\u00e1 prazo para o fim do processo de \"due diligence\" na Braskem, e outras propostas ainda podem surgir.","og_url":"https:\/\/www.suno.com.br\/noticias\/petrobras-petr4-novonor-prates-gpj\/","og_site_name":"Suno Not\u00edcias","article_publisher":"https:\/\/facebook.com\/sunoresearch","og_image":[{"width":2560,"height":1707,"url":"https:\/\/files.sunoresearch.com.br\/n\/uploads\/2023\/03\/coletiva_presidente_petrobras_jeanpaulprates_8_-_02-03-2023-scaled.jpg","type":"image\/jpeg"}],"author":"Giovanni Porf\u00edrio Jacomino","twitter_card":"summary_large_image","twitter_creator":"@sunoresearch","twitter_site":"@sunoresearch","twitter_misc":{"Escrito por":"Giovanni Porf\u00edrio Jacomino","Est. tempo de leitura":"5 minutos"},"schema":{"@context":"https:\/\/schema.org","@graph":[{"@type":"NewsArticle","@id":"https:\/\/www.suno.com.br\/noticias\/petrobras-petr4-novonor-prates-gpj\/#article","isPartOf":{"@id":"https:\/\/www.suno.com.br\/noticias\/petrobras-petr4-novonor-prates-gpj\/"},"author":{"name":"Giovanni Porf\u00edrio Jacomino","@id":"https:\/\/www.suno.com.br\/noticias\/#\/schema\/person\/d0f32748bbca4bee871fa191ee4e2d40"},"headline":"Petrobras (PETR4) n\u00e3o quer comprar fatia da Novonor, diz Prates","datePublished":"2024-02-21T12:13:58+00:00","dateModified":"2024-02-21T12:15:51+00:00","mainEntityOfPage":{"@id":"https:\/\/www.suno.com.br\/noticias\/petrobras-petr4-novonor-prates-gpj\/"},"wordCount":907,"publisher":{"@id":"https:\/\/www.suno.com.br\/noticias\/#organization"},"image":{"@id":"https:\/\/www.suno.com.br\/noticias\/petrobras-petr4-novonor-prates-gpj\/#primaryimage"},"thumbnailUrl":"https:\/\/files.sunoresearch.com.br\/n\/uploads\/2023\/03\/coletiva_presidente_petrobras_jeanpaulprates_8_-_02-03-2023-scaled.jpg","keywords":["Braskem (BRKM3\/BRKM5\/BRKM6)","Petrobras (PETR4)"],"articleSection":["Neg\u00f3cios"],"inLanguage":"pt-BR"},{"@type":"WebPage","@id":"https:\/\/www.suno.com.br\/noticias\/petrobras-petr4-novonor-prates-gpj\/","url":"https:\/\/www.suno.com.br\/noticias\/petrobras-petr4-novonor-prates-gpj\/","name":"Petrobras (PETR4) n\u00e3o quer comprar fatia da Novonor, diz Prates","isPartOf":{"@id":"https:\/\/www.suno.com.br\/noticias\/#website"},"primaryImageOfPage":{"@id":"https:\/\/www.suno.com.br\/noticias\/petrobras-petr4-novonor-prates-gpj\/#primaryimage"},"image":{"@id":"https:\/\/www.suno.com.br\/noticias\/petrobras-petr4-novonor-prates-gpj\/#primaryimage"},"thumbnailUrl":"https:\/\/files.sunoresearch.com.br\/n\/uploads\/2023\/03\/coletiva_presidente_petrobras_jeanpaulprates_8_-_02-03-2023-scaled.jpg","datePublished":"2024-02-21T12:13:58+00:00","dateModified":"2024-02-21T12:15:51+00:00","description":"Segundo o presidente da Petrobras, n\u00e3o h\u00e1 prazo para o fim do processo de \"due diligence\" na Braskem, e outras propostas ainda podem surgir.","breadcrumb":{"@id":"https:\/\/www.suno.com.br\/noticias\/petrobras-petr4-novonor-prates-gpj\/#breadcrumb"},"inLanguage":"pt-BR","potentialAction":[{"@type":"ReadAction","target":["https:\/\/www.suno.com.br\/noticias\/petrobras-petr4-novonor-prates-gpj\/"]}]},{"@type":"ImageObject","inLanguage":"pt-BR","@id":"https:\/\/www.suno.com.br\/noticias\/petrobras-petr4-novonor-prates-gpj\/#primaryimage","url":"https:\/\/files.sunoresearch.com.br\/n\/uploads\/2023\/03\/coletiva_presidente_petrobras_jeanpaulprates_8_-_02-03-2023-scaled.jpg","contentUrl":"https:\/\/files.sunoresearch.com.br\/n\/uploads\/2023\/03\/coletiva_presidente_petrobras_jeanpaulprates_8_-_02-03-2023-scaled.jpg","width":2560,"height":1707,"caption":"Jean Paul Prates, CEO da Petrobras (PETR4). Foto: Divulga\u00e7\u00e3o\/Ag\u00eancia Petrobras"},{"@type":"BreadcrumbList","@id":"https:\/\/www.suno.com.br\/noticias\/petrobras-petr4-novonor-prates-gpj\/#breadcrumb","itemListElement":[{"@type":"ListItem","position":1,"name":"Not\u00edcias","item":"https:\/\/www.suno.com.br\/noticias\/"},{"@type":"ListItem","position":2,"name":"Neg\u00f3cios","item":"https:\/\/www.suno.com.br\/noticias\/negocios\/"},{"@type":"ListItem","position":3,"name":"Petrobras (PETR4) n\u00e3o quer comprar fatia da Novonor, diz Prates"}]},{"@type":"WebSite","@id":"https:\/\/www.suno.com.br\/noticias\/#website","url":"https:\/\/www.suno.com.br\/noticias\/","name":"Suno Not\u00edcias","description":"Seu portal de informa\u00e7\u00e3o sobre o mundo dos investimentos","publisher":{"@id":"https:\/\/www.suno.com.br\/noticias\/#organization"},"potentialAction":[{"@type":"SearchAction","target":{"@type":"EntryPoint","urlTemplate":"https:\/\/www.suno.com.br\/noticias\/?s={search_term_string}"},"query-input":{"@type":"PropertyValueSpecification","valueRequired":true,"valueName":"search_term_string"}}],"inLanguage":"pt-BR"},{"@type":"Organization","@id":"https:\/\/www.suno.com.br\/noticias\/#organization","name":"Suno Not\u00edcias","url":"https:\/\/www.suno.com.br\/noticias\/","logo":{"@type":"ImageObject","inLanguage":"pt-BR","@id":"https:\/\/www.suno.com.br\/noticias\/#\/schema\/logo\/image\/","url":"https:\/\/files.sunoresearch.com.br\/n\/uploads\/2021\/09\/suno-logo.png","contentUrl":"https:\/\/files.sunoresearch.com.br\/n\/uploads\/2021\/09\/suno-logo.png","width":180,"height":180,"caption":"Suno Not\u00edcias"},"image":{"@id":"https:\/\/www.suno.com.br\/noticias\/#\/schema\/logo\/image\/"},"sameAs":["https:\/\/facebook.com\/sunoresearch","https:\/\/x.com\/sunoresearch","https:\/\/www.instagram.com\/suno","https:\/\/www.linkedin.com\/company\/suno-research\/","https:\/\/www.youtube.com\/c\/sunoresearch"]},{"@type":"Person","@id":"https:\/\/www.suno.com.br\/noticias\/#\/schema\/person\/d0f32748bbca4bee871fa191ee4e2d40","name":"Giovanni Porf\u00edrio Jacomino","image":{"@type":"ImageObject","inLanguage":"pt-BR","@id":"https:\/\/www.suno.com.br\/noticias\/#\/schema\/person\/image\/","url":"https:\/\/secure.gravatar.com\/avatar\/efb32e19b730a121cb7a80f41ffec01a?s=96&r=g","contentUrl":"https:\/\/secure.gravatar.com\/avatar\/efb32e19b730a121cb7a80f41ffec01a?s=96&r=g","caption":"Giovanni Porf\u00edrio Jacomino"},"description":"Giovanni Porf\u00edrio Jacomino \u00e9 jornalista formado pela Universidade Estadual de Londrina (UEL) e p\u00f3s-graduado em Produ\u00e7\u00e3o e Pr\u00e1ticas Jornal\u00edsticas na Contemporaneidade na Faculdade C\u00e1sper L\u00edbero (FCL). Foi editor web no Startupi e no Finsiders, atuando ainda como editor no TC Mover, portal de not\u00edcias da TradersClub, fazendo a cobertura de assuntos relacionados ao mercado financeiro interno e externo. Atualmente, \u00e9 Rep\u00f3rter do Suno Not\u00edcias.","url":"https:\/\/www.suno.com.br\/noticias\/author\/giovanni-porfiriosuno-com-br\/"}]}},"default_loop_html":"<div class=\"cardsPage__listCard__boxs\"><div class=\"cardsPage__listCard__boxs__img\"><a href=\"https:\/\/www.suno.com.br\/noticias\/petrobras-petr4-novonor-prates-gpj\/\"><img class=\"mask\" src=\"https:\/\/www.suno.com.br\/noticias\/wp-content\/themes\/suno\/resources\/images\/spotlight\/spotlight1img\/bg-mask.png\" alt=\"Image Mask\"\/><img src=\"https:\/\/files.sunoresearch.com.br\/n\/uploads\/2023\/03\/coletiva_presidente_petrobras_jeanpaulprates_8_-_02-03-2023-400x200.jpg\" alt=\"Petrobras (PETR4) n\u00e3o quer comprar fatia da Novonor, diz Prates\"\/><\/a><span class=\"spotlightCategory\"><a href=\"https:\/\/www.suno.com.br\/noticias\/negocios\/\">Neg\u00f3cios<\/a><\/span><\/div><div class=\"cardsPage__listCard__boxs__content\"><a href=\"https:\/\/www.suno.com.br\/noticias\/petrobras-petr4-novonor-prates-gpj\/\"><h2 class=\"content__title\">Petrobras (PETR4) n\u00e3o quer comprar fatia da Novonor, diz Prates<\/h2><\/a><div class=\"newsContent__article__meta\"><div class=\"newsContent__article__meta__authorBox\"><a href=\"https:\/\/www.suno.com.br\/noticias\/author\/murilomelo-jornalismogmail-com\/\" class=\"authorBox__avatar noMobi\"><img src=\"https:\/\/files.sunoresearch.com.br\/n\/uploads\/2024\/02\/Murilo_Melo_Jornalista-e1708476456132-150x150.jpeg\" alt=\"Murilo Melo\"><\/a><div class=\"authorBox__name\"><span>por\n\t\t\t<a href=\"https:\/\/www.suno.com.br\/noticias\/author\/murilomelo-jornalismogmail-com\/\"><span itemprop=\"author\">Murilo Melo<\/span><\/a><\/span><time datetime=\"2024-02-21T09:13:58-03:00\" itemprop=\"datePublished\">21\/02\/2024 09:13<\/time><\/div><\/div><\/div><\/div><\/div>","single_layout":"posts","amp_enabled":true,"_links":{"self":[{"href":"https:\/\/www.suno.com.br\/noticias\/wp-json\/wp\/v2\/posts\/525057"}],"collection":[{"href":"https:\/\/www.suno.com.br\/noticias\/wp-json\/wp\/v2\/posts"}],"about":[{"href":"https:\/\/www.suno.com.br\/noticias\/wp-json\/wp\/v2\/types\/post"}],"author":[{"embeddable":true,"href":"https:\/\/www.suno.com.br\/noticias\/wp-json\/wp\/v2\/users\/313"}],"replies":[{"embeddable":true,"href":"https:\/\/www.suno.com.br\/noticias\/wp-json\/wp\/v2\/comments?post=525057"}],"version-history":[{"count":3,"href":"https:\/\/www.suno.com.br\/noticias\/wp-json\/wp\/v2\/posts\/525057\/revisions"}],"predecessor-version":[{"id":525068,"href":"https:\/\/www.suno.com.br\/noticias\/wp-json\/wp\/v2\/posts\/525057\/revisions\/525068"}],"wp:featuredmedia":[{"embeddable":true,"href":"https:\/\/www.suno.com.br\/noticias\/wp-json\/wp\/v2\/media\/374375"}],"wp:attachment":[{"href":"https:\/\/www.suno.com.br\/noticias\/wp-json\/wp\/v2\/media?parent=525057"}],"wp:term":[{"taxonomy":"category","embeddable":true,"href":"https:\/\/www.suno.com.br\/noticias\/wp-json\/wp\/v2\/categories?post=525057"},{"taxonomy":"post_tag","embeddable":true,"href":"https:\/\/www.suno.com.br\/noticias\/wp-json\/wp\/v2\/tags?post=525057"},{"taxonomy":"suno_strategy","embeddable":true,"href":"https:\/\/www.suno.com.br\/noticias\/wp-json\/wp\/v2\/suno_strategy?post=525057"}],"curies":[{"name":"wp","href":"https:\/\/api.w.org\/{rel}","templated":true}]}}