{"id":525027,"date":"2024-02-21T08:45:21","date_gmt":"2024-02-21T11:45:21","guid":{"rendered":"https:\/\/www.suno.com.br\/noticias\/?p=525027"},"modified":"2024-02-21T08:45:27","modified_gmt":"2024-02-21T11:45:27","slug":"banco-central-comeca-paralisacao-48horas-servidores-cpf","status":"publish","type":"post","link":"https:\/\/www.suno.com.br\/noticias\/banco-central-comeca-paralisacao-48horas-servidores-cpf\/","title":{"rendered":"Banco Central entra em paralisa\u00e7\u00e3o de 48 horas, com 500 servidores da chefia fora do expediente"},"content":{"rendered":"<p>Como j\u00e1 haviam previsto, os servidores do <strong>Banco Central (BC)<\/strong> iniciaram a sua paralisa\u00e7\u00e3o de 48 horas nesta ter\u00e7a-feira (20). A manifesta\u00e7\u00e3o que est\u00e1 prevista para retornar \u00e0s atividades na quinta (22) contou com o apoio de mais de 500 pessoas postos de chefia que entregaram os cargos.<\/p>\t<div class=\"wrapper-featured-image\">\n\t\t<figure class=\"spotlightImg\">\n\n\t\t\t<picture>\n\t\t\t\t<source media=\"(max-width: 768px)\" srcset=\"https:\/\/files.sunoresearch.com.br\/n\/uploads\/2023\/09\/Banco-Central-400x200.jpg\">\n\t\t\t\t<img loading=\"lazy\" decoding=\"async\" class=\"newsContent__article__imgCapa lazyloadDisabled \" src=\"https:\/\/files.sunoresearch.com.br\/n\/uploads\/2023\/09\/Banco-Central-800x450.jpg\" width=\"800\" height=\"450\" alt=\"Banco Central entra em paralisa\u00e7\u00e3o de 48 horas, com 500 servidores da chefia fora do expediente\" fetchpriority=high \/>\n\t\t\t<\/picture>\n\n\t\t\t<figcaption class=\"wp-caption-text wp-caption-text--show\">Banco Central - Foto: Marcello Casal jr\/Ag\u00eancia Brasil<\/figcaption>\n\t\t<\/figure>\n\t<\/div>\n\n\n\n\n\n\n\n\t<p>\n\t\t<a href=\"\" target=\"_blank\" data-element=\"shortcode-suno-banner\" title=\"Banner SUNO, clique e saiba mais\">\n\t\t\t<picture>\n\t\t\t\t<source media=\"(max-width: 500px)\" srcset=\"\">\n\t\t\t\t<img class=\"newsContent__article__imgCapa newsContent__article__imgCapa--banner\"\n\t\t\t\t\tsrc=\"\"\n\t\t\t\t\tdata-promo-id=\"240038\"\t\t\t\t\t\t\t\t\t\t\t\t\t\t\talt=\"\"\n\t\t\t\t>\n\t\t\t<\/picture>\n\t\t<\/a>\n\t<\/p>\n\n\n\n\n\n<p>Este n\u00famero representa cerca de 40% da cadeia de comando da institui\u00e7\u00e3o.<\/p>\n\n\n\n<p>Dentre eles, 43 chefes de unidade do \u00f3rg\u00e3o entregaram uma carta exigindo mais dedica\u00e7\u00e3o \u00e0 reestrutura\u00e7\u00e3o da carreira. O documento foi entregue no come\u00e7o da reuni\u00e3o do Comit\u00ea de <a class=\"suno-keyword\" data-force=\"no\" data-priority=\"1\" href=\"https:\/\/www.suno.com.br\/artigos\/estabilidade-financeira\/\" target=\"_blank\" rel=\"noopener\">Estabilidade Financeira<\/a> (Comef), onde estavam presentes todos os<strong> diretores do BC<\/strong>.<\/p>\n\n\n\n<p>A<strong> entrega de cargos <\/strong>\u00e9 uma forma de press\u00e3o dos servidores, j\u00e1 que, sem ter quem exer\u00e7a pap\u00e9is-chave na institui\u00e7\u00e3o, s\u00e3o maiores as chances de atrasos em entregas e divulga\u00e7\u00f5es.<\/p>\n\n\n\n<p>Segundo a carta dos servidores em greve, a <strong>crise no Banco Central<\/strong> nos \u00faltimos anos est\u00e1 se aprofundando. Restri\u00e7\u00f5es or\u00e7ament\u00e1rias dificultam a realiza\u00e7\u00e3o dos processos de trabalho e o desenvolvimento de projetos, assim como a redu\u00e7\u00e3o do quadro de pessoal e o desalinhamento remunerat\u00f3rio crescente em rela\u00e7\u00e3o a outras carreiras de Estado de papel estrat\u00e9gico para o Pa\u00eds.<\/p>\n\n\n\n<blockquote class=\"wp-block-quote is-layout-flow wp-block-quote-is-layout-flow\">\n<p>&#8220;Tais fatores t\u00eam levado \u00e0 deteriora\u00e7\u00e3o aguda e sem precedentes do clima organizacional, que j\u00e1 tem impactos observ\u00e1veis e amea\u00e7a seriamente a condu\u00e7\u00e3o dos processos de trabalho. Nesse contexto, s\u00e3o crescentes os riscos para o cumprimento da miss\u00e3o institucional do<em> Banco Central<\/em>, inclusive para a execu\u00e7\u00e3o de servi\u00e7os cr\u00edticos ao regular funcionamento da economia&#8221;, completa o documento.<\/p>\n<\/blockquote>\n\n\n\n<p>Segundo apurou o <i>Estad\u00e3o\/Broadcast<\/i> (sistema de not\u00edcias em tempo real do Grupo Estado), o pedido \u00e9 para que os<strong> diretores do BC<\/strong> apresentem a carta na Mesa Espec\u00edfica de Negocia\u00e7\u00e3o da categoria com o governo, que se re\u00fane na tarde desta quarta-feira (21). <\/p>\n\n\n\n<p>Os chefes de unidade afirmam que seguir\u00e3o mobilizados e amea\u00e7aram partir para &#8220;pr\u00f3ximos passos&#8221;, o que pode significar paralisa\u00e7\u00f5es ainda mais extensas nos trabalhos da autarquia.<\/p>\n\n\n\n\t<div data-element=\"shortcode-read-more\" class=\"readToo\">\n\t\t\t\t<span class=\"readToo__title\">Leia mais<\/span>\n\t\t\t\t<ul class=\"readToo__list\">\n\t\t\t<li><a href=\"https:\/\/www.suno.com.br\/noticias\/affonso-celso-pastore-economista-morre-aos-84-anos-gpj\/\">Affonso Celso Pastore, economista e ex-presidente do Banco Central, morre aos 84 anos<\/a><\/li><li><a href=\"https:\/\/www.suno.com.br\/noticias\/weg-wege3-lucro-balanco-4t23-gpj\/\">Weg (WEGE3): lucro salta 46% no 4T23, para R$ 1,7 bilh\u00e3o; a\u00e7\u00f5es disparam<\/a><\/li>\t\t<\/ul>\n\t<\/div>\n\n\n\n\t<p>\n\t\t<a href=\"https:\/\/lp.suno.com.br\/ebook-gratuito-investindo-no-exterior\/\" target=\"_blank\" data-element=\"shortcode-suno-banner\" title=\"Banner SUNO, clique e saiba mais\">\n\t\t\t<picture>\n\t\t\t\t<source media=\"(max-width: 500px)\" srcset=\"https:\/\/files.sunoresearch.com.br\/n\/uploads\/2023\/03\/400x300-Investindo-no-exterior.png\">\n\t\t\t\t<img class=\"newsContent__article__imgCapa newsContent__article__imgCapa--banner\"\n\t\t\t\t\tsrc=\"https:\/\/files.sunoresearch.com.br\/n\/uploads\/2023\/03\/1420x240-Investindo-no-exterior.png\"\n\t\t\t\t\tdata-promo-id=\"383161\"\t\t\t\t\t\t\t\t\t\twidth='1420' height='240'\t\t\t\t\talt=\"https:\/\/files.sunoresearch.com.br\/n\/uploads\/2023\/03\/1420x240-Investindo-no-exterior.png\"\n\t\t\t\t>\n\t\t\t<\/picture>\n\t\t<\/a>\n\t<\/p>\n\n\n\n\n\n<h2 class=\"wp-block-heading\">O que querem os servidores em paralisa\u00e7\u00e3o no Banco Central?<\/h2>\n\n\n\n<p>No dia 9 de fevereiro, os <strong>funcion\u00e1rios do BC<\/strong> rejeitaram a contraproposta do Minist\u00e9rio da Gest\u00e3o e Inova\u00e7\u00e3o em Servi\u00e7os P\u00fablicos, na Mesa Espec\u00edfica de Negocia\u00e7\u00e3o da categoria. O governo ofereceu <strong>reajuste salarial <\/strong>de 13%, parcelado para 2025 e 2026.<\/p>\n\n\n\n<p>Os servidores pedem reestrutura\u00e7\u00e3o da carreira. Al\u00e9m do b\u00f4nus por produtividade, os funcion\u00e1rios querem exig\u00eancia de ensino superior para o cargo de t\u00e9cnico na autarquia e a altera\u00e7\u00e3o de nomenclatura do cargo de analista para auditor.<\/p>\n\n\n\n<p>O<strong> Banco Central<\/strong> afirmou em nota, tamb\u00e9m no dia 9, que reconhece o m\u00e9rito das reivindica\u00e7\u00f5es e o direito dos servidores de promoverem manifesta\u00e7\u00f5es organizadas. <\/p>\n\n\n\n<p>O \u00f3rg\u00e3o garantiu que &#8220;o movimento n\u00e3o tem afetado o funcionamento dos sistemas cr\u00edticos para a popula\u00e7\u00e3o, os mercados e as opera\u00e7\u00f5es das institui\u00e7\u00f5es reguladas&#8221; e ainda disse confiar &#8220;na hist\u00f3rica dedica\u00e7\u00e3o, qualidade e responsabilidade dos servidores e de seu compromisso com a institui\u00e7\u00e3o e com a sociedade&#8221;.<\/p>\n\n\n\n<p><em>Com informa\u00e7\u00f5es de Estad\u00e3o Conte\u00fado.<\/em><\/p>\n\n\n\t<p>\n\t\t<a href=\"https:\/\/lp.suno.com.br\/planilha-da-vida-financeira\/\" target=\"_blank\" data-element=\"shortcode-suno-banner\" title=\"Banner SUNO, clique e saiba mais\">\n\t\t\t<picture>\n\t\t\t\t<source media=\"(max-width: 500px)\" srcset=\"https:\/\/files.sunoresearch.com.br\/n\/uploads\/2023\/04\/400x300-Planilha-vida-financeira-true.png\">\n\t\t\t\t<img class=\"newsContent__article__imgCapa newsContent__article__imgCapa--banner\"\n\t\t\t\t\tsrc=\"https:\/\/files.sunoresearch.com.br\/n\/uploads\/2023\/04\/1420x240-Planilha-vida-financeira-true.png\"\n\t\t\t\t\tdata-promo-id=\"383123\"\t\t\t\t\t\t\t\t\t\twidth='1420' height='240'\t\t\t\t\talt=\"https:\/\/files.sunoresearch.com.br\/n\/uploads\/2023\/04\/1420x240-Planilha-vida-financeira-true.png\"\n\t\t\t\t>\n\t\t\t<\/picture>\n\t\t<\/a>\n\t<\/p>\n\n\n","protected":false},"excerpt":{"rendered":"<p>Como j\u00e1 haviam previsto, os servidores do Banco Central (BC) iniciaram a sua paralisa\u00e7\u00e3o de 48 horas nesta ter\u00e7a-feira (20). A manifesta\u00e7\u00e3o que est\u00e1 prevista para retornar \u00e0s atividades na quinta (22) contou com o apoio de mais de 500 pessoas postos de chefia que entregaram os cargos. Banco Central &#8211; Foto: Marcello Casal jr\/Ag\u00eancia [&hellip;]<\/p>\n","protected":false},"author":283,"featured_media":459389,"comment_status":"closed","ping_status":"closed","sticky":false,"template":"","format":"standard","meta":[],"categories":[62],"tags":[1842,2462],"suno_strategy":[],"class_list":["post-525027","post","type-post","status-publish","format-standard","has-post-thumbnail","hentry","category-economia","tag-banco-central-bc","tag-greves"],"yoast_head":"<!-- This site is optimized with the Yoast SEO plugin v24.4 - https:\/\/yoast.com\/wordpress\/plugins\/seo\/ -->\n<title>Banco Central: mais de 500 servidores entram em paralisa\u00e7\u00e3o<\/title>\n<meta name=\"description\" content=\"A paralisa\u00e7\u00e3o dos servidores do Banco Central come\u00e7a nesta ter\u00e7a-feira (21), com o objetivo de ter melhores condi\u00e7\u00f5es para a carreira.\" \/>\n<meta name=\"robots\" content=\"index, follow, max-snippet:-1, max-image-preview:large, max-video-preview:-1\" \/>\n<link rel=\"canonical\" href=\"https:\/\/www.suno.com.br\/noticias\/banco-central-comeca-paralisacao-48horas-servidores-cpf\/\" \/>\n<meta property=\"og:locale\" content=\"pt_BR\" \/>\n<meta property=\"og:type\" content=\"article\" \/>\n<meta property=\"og:title\" content=\"Banco Central: mais de 500 servidores entram em paralisa\u00e7\u00e3o\" \/>\n<meta property=\"og:description\" content=\"A paralisa\u00e7\u00e3o dos servidores do Banco Central come\u00e7a nesta ter\u00e7a-feira (21), com o objetivo de ter melhores condi\u00e7\u00f5es para a carreira.\" \/>\n<meta property=\"og:url\" content=\"https:\/\/www.suno.com.br\/noticias\/banco-central-comeca-paralisacao-48horas-servidores-cpf\/\" \/>\n<meta property=\"og:site_name\" content=\"Suno Not\u00edcias\" \/>\n<meta property=\"article:publisher\" content=\"https:\/\/facebook.com\/sunoresearch\" \/>\n<meta property=\"og:image\" content=\"https:\/\/files.sunoresearch.com.br\/n\/uploads\/2023\/09\/Banco-Central.jpg\" \/>\n\t<meta property=\"og:image:width\" content=\"1280\" \/>\n\t<meta property=\"og:image:height\" content=\"853\" \/>\n\t<meta property=\"og:image:type\" content=\"image\/jpeg\" \/>\n<meta name=\"author\" content=\"Camila Paim\" \/>\n<meta name=\"twitter:card\" content=\"summary_large_image\" \/>\n<meta name=\"twitter:creator\" content=\"@sunoresearch\" \/>\n<meta name=\"twitter:site\" content=\"@sunoresearch\" \/>\n<meta name=\"twitter:label1\" content=\"Escrito por\" \/>\n\t<meta name=\"twitter:data1\" content=\"Camila Paim\" \/>\n\t<meta name=\"twitter:label2\" content=\"Est. tempo de leitura\" \/>\n\t<meta name=\"twitter:data2\" content=\"3 minutos\" \/>\n<script type=\"application\/ld+json\" class=\"yoast-schema-graph\">{\"@context\":\"https:\/\/schema.org\",\"@graph\":[{\"@type\":\"NewsArticle\",\"@id\":\"https:\/\/www.suno.com.br\/noticias\/banco-central-comeca-paralisacao-48horas-servidores-cpf\/#article\",\"isPartOf\":{\"@id\":\"https:\/\/www.suno.com.br\/noticias\/banco-central-comeca-paralisacao-48horas-servidores-cpf\/\"},\"author\":{\"name\":\"Camila Paim\",\"@id\":\"https:\/\/www.suno.com.br\/noticias\/#\/schema\/person\/f341d3ae5d1cc685176c9a5327cdfdbb\"},\"headline\":\"Banco Central entra em paralisa\u00e7\u00e3o de 48 horas, com 500 servidores da chefia fora do expediente\",\"datePublished\":\"2024-02-21T11:45:21+00:00\",\"dateModified\":\"2024-02-21T11:45:27+00:00\",\"mainEntityOfPage\":{\"@id\":\"https:\/\/www.suno.com.br\/noticias\/banco-central-comeca-paralisacao-48horas-servidores-cpf\/\"},\"wordCount\":563,\"publisher\":{\"@id\":\"https:\/\/www.suno.com.br\/noticias\/#organization\"},\"image\":{\"@id\":\"https:\/\/www.suno.com.br\/noticias\/banco-central-comeca-paralisacao-48horas-servidores-cpf\/#primaryimage\"},\"thumbnailUrl\":\"https:\/\/files.sunoresearch.com.br\/n\/uploads\/2023\/09\/Banco-Central.jpg\",\"keywords\":[\"Banco Central (BC)\",\"greves\"],\"articleSection\":[\"Economia\"],\"inLanguage\":\"pt-BR\"},{\"@type\":\"WebPage\",\"@id\":\"https:\/\/www.suno.com.br\/noticias\/banco-central-comeca-paralisacao-48horas-servidores-cpf\/\",\"url\":\"https:\/\/www.suno.com.br\/noticias\/banco-central-comeca-paralisacao-48horas-servidores-cpf\/\",\"name\":\"Banco Central: mais de 500 servidores entram em paralisa\u00e7\u00e3o\",\"isPartOf\":{\"@id\":\"https:\/\/www.suno.com.br\/noticias\/#website\"},\"primaryImageOfPage\":{\"@id\":\"https:\/\/www.suno.com.br\/noticias\/banco-central-comeca-paralisacao-48horas-servidores-cpf\/#primaryimage\"},\"image\":{\"@id\":\"https:\/\/www.suno.com.br\/noticias\/banco-central-comeca-paralisacao-48horas-servidores-cpf\/#primaryimage\"},\"thumbnailUrl\":\"https:\/\/files.sunoresearch.com.br\/n\/uploads\/2023\/09\/Banco-Central.jpg\",\"datePublished\":\"2024-02-21T11:45:21+00:00\",\"dateModified\":\"2024-02-21T11:45:27+00:00\",\"description\":\"A paralisa\u00e7\u00e3o dos servidores do Banco Central come\u00e7a nesta ter\u00e7a-feira (21), com o objetivo de ter melhores condi\u00e7\u00f5es para a carreira.\",\"breadcrumb\":{\"@id\":\"https:\/\/www.suno.com.br\/noticias\/banco-central-comeca-paralisacao-48horas-servidores-cpf\/#breadcrumb\"},\"inLanguage\":\"pt-BR\",\"potentialAction\":[{\"@type\":\"ReadAction\",\"target\":[\"https:\/\/www.suno.com.br\/noticias\/banco-central-comeca-paralisacao-48horas-servidores-cpf\/\"]}]},{\"@type\":\"ImageObject\",\"inLanguage\":\"pt-BR\",\"@id\":\"https:\/\/www.suno.com.br\/noticias\/banco-central-comeca-paralisacao-48horas-servidores-cpf\/#primaryimage\",\"url\":\"https:\/\/files.sunoresearch.com.br\/n\/uploads\/2023\/09\/Banco-Central.jpg\",\"contentUrl\":\"https:\/\/files.sunoresearch.com.br\/n\/uploads\/2023\/09\/Banco-Central.jpg\",\"width\":1280,\"height\":853,\"caption\":\"Banco Central - Foto: Marcello Casal jr\/Ag\u00eancia Brasil\"},{\"@type\":\"BreadcrumbList\",\"@id\":\"https:\/\/www.suno.com.br\/noticias\/banco-central-comeca-paralisacao-48horas-servidores-cpf\/#breadcrumb\",\"itemListElement\":[{\"@type\":\"ListItem\",\"position\":1,\"name\":\"Not\u00edcias\",\"item\":\"https:\/\/www.suno.com.br\/noticias\/\"},{\"@type\":\"ListItem\",\"position\":2,\"name\":\"Economia\",\"item\":\"https:\/\/www.suno.com.br\/noticias\/economia\/\"},{\"@type\":\"ListItem\",\"position\":3,\"name\":\"Banco Central entra em paralisa\u00e7\u00e3o de 48 horas, com 500 servidores da chefia fora do expediente\"}]},{\"@type\":\"WebSite\",\"@id\":\"https:\/\/www.suno.com.br\/noticias\/#website\",\"url\":\"https:\/\/www.suno.com.br\/noticias\/\",\"name\":\"Suno Not\u00edcias\",\"description\":\"Seu portal de informa\u00e7\u00e3o sobre o mundo dos investimentos\",\"publisher\":{\"@id\":\"https:\/\/www.suno.com.br\/noticias\/#organization\"},\"potentialAction\":[{\"@type\":\"SearchAction\",\"target\":{\"@type\":\"EntryPoint\",\"urlTemplate\":\"https:\/\/www.suno.com.br\/noticias\/?s={search_term_string}\"},\"query-input\":{\"@type\":\"PropertyValueSpecification\",\"valueRequired\":true,\"valueName\":\"search_term_string\"}}],\"inLanguage\":\"pt-BR\"},{\"@type\":\"Organization\",\"@id\":\"https:\/\/www.suno.com.br\/noticias\/#organization\",\"name\":\"Suno Not\u00edcias\",\"url\":\"https:\/\/www.suno.com.br\/noticias\/\",\"logo\":{\"@type\":\"ImageObject\",\"inLanguage\":\"pt-BR\",\"@id\":\"https:\/\/www.suno.com.br\/noticias\/#\/schema\/logo\/image\/\",\"url\":\"https:\/\/files.sunoresearch.com.br\/n\/uploads\/2021\/09\/suno-logo.png\",\"contentUrl\":\"https:\/\/files.sunoresearch.com.br\/n\/uploads\/2021\/09\/suno-logo.png\",\"width\":180,\"height\":180,\"caption\":\"Suno Not\u00edcias\"},\"image\":{\"@id\":\"https:\/\/www.suno.com.br\/noticias\/#\/schema\/logo\/image\/\"},\"sameAs\":[\"https:\/\/facebook.com\/sunoresearch\",\"https:\/\/x.com\/sunoresearch\",\"https:\/\/www.instagram.com\/suno\",\"https:\/\/www.linkedin.com\/company\/suno-research\/\",\"https:\/\/www.youtube.com\/c\/sunoresearch\"]},{\"@type\":\"Person\",\"@id\":\"https:\/\/www.suno.com.br\/noticias\/#\/schema\/person\/f341d3ae5d1cc685176c9a5327cdfdbb\",\"name\":\"Camila Paim\",\"image\":{\"@type\":\"ImageObject\",\"inLanguage\":\"pt-BR\",\"@id\":\"https:\/\/www.suno.com.br\/noticias\/#\/schema\/person\/image\/\",\"url\":\"https:\/\/secure.gravatar.com\/avatar\/f33728e65febb1aa7ecf6792956f9b20?s=96&r=g\",\"contentUrl\":\"https:\/\/secure.gravatar.com\/avatar\/f33728e65febb1aa7ecf6792956f9b20?s=96&r=g\",\"caption\":\"Camila Paim\"},\"description\":\"Jornalista formada pela USP, tem experi\u00eancia em reda\u00e7\u00f5es, SEO, Branded Content e Webdesign. Com passagem pelo Jornal da USP, Empiricus e C6 Bank, hoje \u00e9 rep\u00f3rter no Suno Not\u00edcias cobrindo macroeconomia, finan\u00e7as pessoais e startups.\",\"url\":\"https:\/\/www.suno.com.br\/noticias\/author\/camila-figueiredosuno-com-br\/\"}]}<\/script>\n<!-- \/ Yoast SEO plugin. -->","yoast_head_json":{"title":"Banco Central: mais de 500 servidores entram em paralisa\u00e7\u00e3o","description":"A paralisa\u00e7\u00e3o dos servidores do Banco Central come\u00e7a nesta ter\u00e7a-feira (21), com o objetivo de ter melhores condi\u00e7\u00f5es para a carreira.","robots":{"index":"index","follow":"follow","max-snippet":"max-snippet:-1","max-image-preview":"max-image-preview:large","max-video-preview":"max-video-preview:-1"},"canonical":"https:\/\/www.suno.com.br\/noticias\/banco-central-comeca-paralisacao-48horas-servidores-cpf\/","og_locale":"pt_BR","og_type":"article","og_title":"Banco Central: mais de 500 servidores entram em paralisa\u00e7\u00e3o","og_description":"A paralisa\u00e7\u00e3o dos servidores do Banco Central come\u00e7a nesta ter\u00e7a-feira (21), com o objetivo de ter melhores condi\u00e7\u00f5es para a carreira.","og_url":"https:\/\/www.suno.com.br\/noticias\/banco-central-comeca-paralisacao-48horas-servidores-cpf\/","og_site_name":"Suno Not\u00edcias","article_publisher":"https:\/\/facebook.com\/sunoresearch","og_image":[{"width":1280,"height":853,"url":"https:\/\/files.sunoresearch.com.br\/n\/uploads\/2023\/09\/Banco-Central.jpg","type":"image\/jpeg"}],"author":"Camila Paim","twitter_card":"summary_large_image","twitter_creator":"@sunoresearch","twitter_site":"@sunoresearch","twitter_misc":{"Escrito por":"Camila Paim","Est. tempo de leitura":"3 minutos"},"schema":{"@context":"https:\/\/schema.org","@graph":[{"@type":"NewsArticle","@id":"https:\/\/www.suno.com.br\/noticias\/banco-central-comeca-paralisacao-48horas-servidores-cpf\/#article","isPartOf":{"@id":"https:\/\/www.suno.com.br\/noticias\/banco-central-comeca-paralisacao-48horas-servidores-cpf\/"},"author":{"name":"Camila Paim","@id":"https:\/\/www.suno.com.br\/noticias\/#\/schema\/person\/f341d3ae5d1cc685176c9a5327cdfdbb"},"headline":"Banco Central entra em paralisa\u00e7\u00e3o de 48 horas, com 500 servidores da chefia fora do expediente","datePublished":"2024-02-21T11:45:21+00:00","dateModified":"2024-02-21T11:45:27+00:00","mainEntityOfPage":{"@id":"https:\/\/www.suno.com.br\/noticias\/banco-central-comeca-paralisacao-48horas-servidores-cpf\/"},"wordCount":563,"publisher":{"@id":"https:\/\/www.suno.com.br\/noticias\/#organization"},"image":{"@id":"https:\/\/www.suno.com.br\/noticias\/banco-central-comeca-paralisacao-48horas-servidores-cpf\/#primaryimage"},"thumbnailUrl":"https:\/\/files.sunoresearch.com.br\/n\/uploads\/2023\/09\/Banco-Central.jpg","keywords":["Banco Central (BC)","greves"],"articleSection":["Economia"],"inLanguage":"pt-BR"},{"@type":"WebPage","@id":"https:\/\/www.suno.com.br\/noticias\/banco-central-comeca-paralisacao-48horas-servidores-cpf\/","url":"https:\/\/www.suno.com.br\/noticias\/banco-central-comeca-paralisacao-48horas-servidores-cpf\/","name":"Banco Central: mais de 500 servidores entram em paralisa\u00e7\u00e3o","isPartOf":{"@id":"https:\/\/www.suno.com.br\/noticias\/#website"},"primaryImageOfPage":{"@id":"https:\/\/www.suno.com.br\/noticias\/banco-central-comeca-paralisacao-48horas-servidores-cpf\/#primaryimage"},"image":{"@id":"https:\/\/www.suno.com.br\/noticias\/banco-central-comeca-paralisacao-48horas-servidores-cpf\/#primaryimage"},"thumbnailUrl":"https:\/\/files.sunoresearch.com.br\/n\/uploads\/2023\/09\/Banco-Central.jpg","datePublished":"2024-02-21T11:45:21+00:00","dateModified":"2024-02-21T11:45:27+00:00","description":"A paralisa\u00e7\u00e3o dos servidores do Banco Central come\u00e7a nesta ter\u00e7a-feira (21), com o objetivo de ter melhores condi\u00e7\u00f5es para a carreira.","breadcrumb":{"@id":"https:\/\/www.suno.com.br\/noticias\/banco-central-comeca-paralisacao-48horas-servidores-cpf\/#breadcrumb"},"inLanguage":"pt-BR","potentialAction":[{"@type":"ReadAction","target":["https:\/\/www.suno.com.br\/noticias\/banco-central-comeca-paralisacao-48horas-servidores-cpf\/"]}]},{"@type":"ImageObject","inLanguage":"pt-BR","@id":"https:\/\/www.suno.com.br\/noticias\/banco-central-comeca-paralisacao-48horas-servidores-cpf\/#primaryimage","url":"https:\/\/files.sunoresearch.com.br\/n\/uploads\/2023\/09\/Banco-Central.jpg","contentUrl":"https:\/\/files.sunoresearch.com.br\/n\/uploads\/2023\/09\/Banco-Central.jpg","width":1280,"height":853,"caption":"Banco Central - Foto: Marcello Casal jr\/Ag\u00eancia Brasil"},{"@type":"BreadcrumbList","@id":"https:\/\/www.suno.com.br\/noticias\/banco-central-comeca-paralisacao-48horas-servidores-cpf\/#breadcrumb","itemListElement":[{"@type":"ListItem","position":1,"name":"Not\u00edcias","item":"https:\/\/www.suno.com.br\/noticias\/"},{"@type":"ListItem","position":2,"name":"Economia","item":"https:\/\/www.suno.com.br\/noticias\/economia\/"},{"@type":"ListItem","position":3,"name":"Banco Central entra em paralisa\u00e7\u00e3o de 48 horas, com 500 servidores da chefia fora do expediente"}]},{"@type":"WebSite","@id":"https:\/\/www.suno.com.br\/noticias\/#website","url":"https:\/\/www.suno.com.br\/noticias\/","name":"Suno Not\u00edcias","description":"Seu portal de informa\u00e7\u00e3o sobre o mundo dos investimentos","publisher":{"@id":"https:\/\/www.suno.com.br\/noticias\/#organization"},"potentialAction":[{"@type":"SearchAction","target":{"@type":"EntryPoint","urlTemplate":"https:\/\/www.suno.com.br\/noticias\/?s={search_term_string}"},"query-input":{"@type":"PropertyValueSpecification","valueRequired":true,"valueName":"search_term_string"}}],"inLanguage":"pt-BR"},{"@type":"Organization","@id":"https:\/\/www.suno.com.br\/noticias\/#organization","name":"Suno Not\u00edcias","url":"https:\/\/www.suno.com.br\/noticias\/","logo":{"@type":"ImageObject","inLanguage":"pt-BR","@id":"https:\/\/www.suno.com.br\/noticias\/#\/schema\/logo\/image\/","url":"https:\/\/files.sunoresearch.com.br\/n\/uploads\/2021\/09\/suno-logo.png","contentUrl":"https:\/\/files.sunoresearch.com.br\/n\/uploads\/2021\/09\/suno-logo.png","width":180,"height":180,"caption":"Suno Not\u00edcias"},"image":{"@id":"https:\/\/www.suno.com.br\/noticias\/#\/schema\/logo\/image\/"},"sameAs":["https:\/\/facebook.com\/sunoresearch","https:\/\/x.com\/sunoresearch","https:\/\/www.instagram.com\/suno","https:\/\/www.linkedin.com\/company\/suno-research\/","https:\/\/www.youtube.com\/c\/sunoresearch"]},{"@type":"Person","@id":"https:\/\/www.suno.com.br\/noticias\/#\/schema\/person\/f341d3ae5d1cc685176c9a5327cdfdbb","name":"Camila Paim","image":{"@type":"ImageObject","inLanguage":"pt-BR","@id":"https:\/\/www.suno.com.br\/noticias\/#\/schema\/person\/image\/","url":"https:\/\/secure.gravatar.com\/avatar\/f33728e65febb1aa7ecf6792956f9b20?s=96&r=g","contentUrl":"https:\/\/secure.gravatar.com\/avatar\/f33728e65febb1aa7ecf6792956f9b20?s=96&r=g","caption":"Camila Paim"},"description":"Jornalista formada pela USP, tem experi\u00eancia em reda\u00e7\u00f5es, SEO, Branded Content e Webdesign. Com passagem pelo Jornal da USP, Empiricus e C6 Bank, hoje \u00e9 rep\u00f3rter no Suno Not\u00edcias cobrindo macroeconomia, finan\u00e7as pessoais e startups.","url":"https:\/\/www.suno.com.br\/noticias\/author\/camila-figueiredosuno-com-br\/"}]}},"default_loop_html":"<div class=\"cardsPage__listCard__boxs\"><div class=\"cardsPage__listCard__boxs__img\"><a href=\"https:\/\/www.suno.com.br\/noticias\/banco-central-comeca-paralisacao-48horas-servidores-cpf\/\"><img class=\"mask\" src=\"https:\/\/www.suno.com.br\/noticias\/wp-content\/themes\/suno\/resources\/images\/spotlight\/spotlight1img\/bg-mask.png\" alt=\"Image Mask\"\/><img src=\"https:\/\/files.sunoresearch.com.br\/n\/uploads\/2023\/09\/Banco-Central-400x200.jpg\" alt=\"Banco Central entra em paralisa\u00e7\u00e3o de 48 horas, com 500 servidores da chefia fora do expediente\"\/><\/a><span class=\"spotlightCategory\"><a href=\"https:\/\/www.suno.com.br\/noticias\/economia\/\">Economia<\/a><\/span><\/div><div class=\"cardsPage__listCard__boxs__content\"><a href=\"https:\/\/www.suno.com.br\/noticias\/banco-central-comeca-paralisacao-48horas-servidores-cpf\/\"><h2 class=\"content__title\">Banco Central entra em paralisa\u00e7\u00e3o de 48 horas, com 500 servidores da chefia fora do expediente<\/h2><\/a><div class=\"newsContent__article__meta\"><div class=\"newsContent__article__meta__authorBox\"><a href=\"https:\/\/www.suno.com.br\/noticias\/author\/giovanni-porfiriosuno-com-br\/\" class=\"authorBox__avatar noMobi\"><img src=\"https:\/\/files.sunoresearch.com.br\/n\/uploads\/2024\/05\/DSCF4115-1-1-150x150.webp\" alt=\"Giovanni Porf\u00edrio Jacomino\"><\/a><div class=\"authorBox__name\"><span>por\n\t\t\t<a href=\"https:\/\/www.suno.com.br\/noticias\/author\/giovanni-porfiriosuno-com-br\/\"><span itemprop=\"author\">Giovanni Porf\u00edrio Jacomino<\/span><\/a><\/span><time datetime=\"2024-02-21T08:45:21-03:00\" itemprop=\"datePublished\">21\/02\/2024 08:45<\/time><\/div><\/div><\/div><\/div><\/div>","single_layout":"posts","amp_enabled":true,"_links":{"self":[{"href":"https:\/\/www.suno.com.br\/noticias\/wp-json\/wp\/v2\/posts\/525027"}],"collection":[{"href":"https:\/\/www.suno.com.br\/noticias\/wp-json\/wp\/v2\/posts"}],"about":[{"href":"https:\/\/www.suno.com.br\/noticias\/wp-json\/wp\/v2\/types\/post"}],"author":[{"embeddable":true,"href":"https:\/\/www.suno.com.br\/noticias\/wp-json\/wp\/v2\/users\/283"}],"replies":[{"embeddable":true,"href":"https:\/\/www.suno.com.br\/noticias\/wp-json\/wp\/v2\/comments?post=525027"}],"version-history":[{"count":3,"href":"https:\/\/www.suno.com.br\/noticias\/wp-json\/wp\/v2\/posts\/525027\/revisions"}],"predecessor-version":[{"id":525054,"href":"https:\/\/www.suno.com.br\/noticias\/wp-json\/wp\/v2\/posts\/525027\/revisions\/525054"}],"wp:featuredmedia":[{"embeddable":true,"href":"https:\/\/www.suno.com.br\/noticias\/wp-json\/wp\/v2\/media\/459389"}],"wp:attachment":[{"href":"https:\/\/www.suno.com.br\/noticias\/wp-json\/wp\/v2\/media?parent=525027"}],"wp:term":[{"taxonomy":"category","embeddable":true,"href":"https:\/\/www.suno.com.br\/noticias\/wp-json\/wp\/v2\/categories?post=525027"},{"taxonomy":"post_tag","embeddable":true,"href":"https:\/\/www.suno.com.br\/noticias\/wp-json\/wp\/v2\/tags?post=525027"},{"taxonomy":"suno_strategy","embeddable":true,"href":"https:\/\/www.suno.com.br\/noticias\/wp-json\/wp\/v2\/suno_strategy?post=525027"}],"curies":[{"name":"wp","href":"https:\/\/api.w.org\/{rel}","templated":true}]}}