{"id":524884,"date":"2024-02-20T19:07:02","date_gmt":"2024-02-20T22:07:02","guid":{"rendered":"https:\/\/www.suno.com.br\/noticias\/?p=524884"},"modified":"2024-02-20T19:07:04","modified_gmt":"2024-02-20T22:07:04","slug":"weg-wege3-pagamento-dividendos-complementares-gss","status":"publish","type":"post","link":"https:\/\/www.suno.com.br\/noticias\/weg-wege3-pagamento-dividendos-complementares-gss\/","title":{"rendered":"Weg (WEGE3) anuncia dividendos complementares e prop\u00f5e aumento de capital"},"content":{"rendered":"<p>A <strong>Weg <\/strong>(WEGE3) anunciou, nesta ter\u00e7a-feira (20), o pagamento de <a class=\"suno-keyword\" data-force=\"no\" data-priority=\"1\" href=\"https:\/\/www.suno.com.br\/guias\/dividendos\/\" target=\"_blank\" rel=\"noopener\">dividendos<\/a> complementares no valor total de R$ 1.249.939.825,23, o que corresponde a R$ 0,297942793 por a\u00e7\u00e3o.<\/p>\t<div class=\"wrapper-featured-image\">\n\t\t<figure class=\"spotlightImg\">\n\n\t\t\t<picture>\n\t\t\t\t<source media=\"(max-width: 768px)\" srcset=\"https:\/\/files.sunoresearch.com.br\/n\/uploads\/2023\/07\/As-acoes-da-Weg-WEGE3-sobem-nesta-sexta-feira-27-no-Ibovespa-com-o-Goldman-Sachs-elevando-a-recomendacao-para-as-acoes-da-companhia-400x200.jpg\">\n\t\t\t\t<img loading=\"lazy\" decoding=\"async\" class=\"newsContent__article__imgCapa lazyloadDisabled \" src=\"https:\/\/files.sunoresearch.com.br\/n\/uploads\/2023\/07\/As-acoes-da-Weg-WEGE3-sobem-nesta-sexta-feira-27-no-Ibovespa-com-o-Goldman-Sachs-elevando-a-recomendacao-para-as-acoes-da-companhia-800x450.jpg\" width=\"800\" height=\"450\" alt=\"Weg (WEGE3) anuncia dividendos complementares e prop\u00f5e aumento de capital\" fetchpriority=high \/>\n\t\t\t<\/picture>\n\n\t\t\t<figcaption class=\"wp-caption-text wp-caption-text--show\">WEG (WEGE3). Foto: Reprodu\u00e7\u00e3o.<\/figcaption>\n\t\t<\/figure>\n\t<\/div>\n\n\n\n\n\n\n\n\t<p>\n\t\t<a href=\"https:\/\/lp.suno.com.br\/planilha-da-vida-financeira\/\" target=\"_blank\" data-element=\"shortcode-suno-banner\" title=\"Banner SUNO, clique e saiba mais\">\n\t\t\t<picture>\n\t\t\t\t<source media=\"(max-width: 500px)\" srcset=\"https:\/\/files.sunoresearch.com.br\/n\/uploads\/2023\/04\/400x300-Planilha-vida-financeira-true.png\">\n\t\t\t\t<img class=\"newsContent__article__imgCapa newsContent__article__imgCapa--banner\"\n\t\t\t\t\tsrc=\"https:\/\/files.sunoresearch.com.br\/n\/uploads\/2023\/04\/1420x240-Planilha-vida-financeira-true.png\"\n\t\t\t\t\tdata-promo-id=\"106682\"\t\t\t\t\t\t\t\t\t\twidth='1420' height='240'\t\t\t\t\talt=\"https:\/\/files.sunoresearch.com.br\/n\/uploads\/2023\/04\/1420x240-Planilha-vida-financeira-true.png\"\n\t\t\t\t>\n\t\t\t<\/picture>\n\t\t<\/a>\n\t<\/p>\n\n\n\n\n\n<p>Receber\u00e3o os <strong>dividendos da Weg<\/strong> os investidores posicionados no papel <strong>WEGE3<\/strong> no dia 23 de fevereiro. As <strong>a\u00e7\u00f5es da Weg<\/strong> passam a ser negociadas ex-dividendos a partir de 26 de fevereiro.<\/p>\n\n\n\n<p>O pagamento do dividendo complementar anunciado nesta ter\u00e7a, bem como dos <strong>JCP da Weg<\/strong> declarados em setembro e dezembro de 2023, ocorrer\u00e1 no dia 13 de mar\u00e7o de 2024.<\/p>\n\n\n\n<h2 class=\"wp-block-heading\">Proposta de aumento de capital<\/h2>\n\n\n\n<p>A Weg anunciou tamb\u00e9m que aprovou a proposta de aumento do capital social da companhia, de R$ 1.249.939.825,23 correspondente a R$ 0,297942793 por a\u00e7\u00e3o.<\/p>\n\n\n\n<p>Segundo <a class=\"suno-keyword\" target=\"_blank\" data-force=\"no\" data-priority=\"1\" href=\"https:\/\/www.suno.com.br\/artigos\/fato-relevante\/\" rel=\"noopener\">fato relevante<\/a> divulgado na noite desta ter\u00e7a-feira, a companhia informa que o <strong>aumento do capital social da Weg<\/strong> se der\u00e1 &#8220;atrav\u00e9s da incorpora\u00e7\u00e3o de parte do saldo da conta de <a class=\"suno-keyword\" target=\"_blank\" data-force=\"no\" data-priority=\"1\" href=\"https:\/\/www.suno.com.br\/artigos\/reserva-de-lucros\/\" rel=\"noopener\">Reserva de Lucros<\/a> \/ Reten\u00e7\u00e3o de Lucros para Investimentos no valor de R$ 1.000.000.000,00, sem aumento do n\u00famero de a\u00e7\u00f5es&#8221;.<\/p>\n\n\n\n<p>A proposta ser\u00e1 votada na pr\u00f3xima assembleia geral da companhia, a ser realizada no pr\u00f3ximo dia 23 de abril.<\/p>\n\n\n\n<h2 class=\"wp-block-heading\">Weg (WEGE3): apesar de expans\u00e3o mais lenta, lucratividade deve ser s\u00f3lida no 4T23, diz BTG<\/h2>\n\n\n\n<p>Previsto para ser divulgado nesta quarta-feira (21), antes da\u00a0<a href=\"https:\/\/www.suno.com.br\/artigos\/abertura-do-mercado\/\">abertura do mercado<\/a>, o resultado do quarto trimestre da\u00a0<strong>Weg<\/strong>\u00a0(<a href=\"https:\/\/statusinvest.com.br\/acoes\/wege3?__hstc=189907700.010cd5d8e10cc562c886cc25670b1656.1702664041987.1708462860814.1708466584556.250&amp;__hssc=189907700.3.1708466584556&amp;__hsfp=1205640933\">WEGE3<\/a>) deve apresentar resultados mistos, refletindo uma expans\u00e3o mais lenta da receita do que nos trimestres anteriores, mas ainda com lucratividade s\u00f3lida, segundo o\u00a0<a href=\"https:\/\/www.suno.com.br\/acoes\/BPAC11\/\">BTG Pactual (BPAC11)<\/a>.<\/p>\n\n\n\n<p>Em relat\u00f3rio, os analistas Lucas Marquiori, Fernanda Recchia e Marcelo Arazi acreditam que a demanda por equipamentos com efici\u00eancia energ\u00e9tica e produtos de ciclo longo permanece resiliente no Brasil e no exterior, ajudando a Weg a sustentar o crescimento anual da receita.<\/p>\n\n\n\n<p>\u201cRegi\u00f5es como a USMCA (bloco econ\u00f4mico formado por Estados Unidos, M\u00e9xico e Canad\u00e1) continuam a gerar fortes entradas de pedidos, especialmente no segmento de transformadores, enquanto as entregas de energia renov\u00e1vel no Brasil desaceleraram\u201d, pontuam.<\/p>\n\n\n\t<p>\n\t\t<a href=\"https:\/\/lp.suno.com.br\/ebook-como-analisar-uma-acao\/\" target=\"_blank\" data-element=\"shortcode-suno-banner\" title=\"Banner SUNO, clique e saiba mais\">\n\t\t\t<picture>\n\t\t\t\t<source media=\"(max-width: 500px)\" srcset=\"https:\/\/files.sunoresearch.com.br\/n\/uploads\/2023\/03\/Ebook-Acoes-Mobile.jpg\">\n\t\t\t\t<img class=\"newsContent__article__imgCapa newsContent__article__imgCapa--banner\"\n\t\t\t\t\tsrc=\"https:\/\/files.sunoresearch.com.br\/n\/uploads\/2023\/03\/Ebook-Acoes-Desktop.jpg\"\n\t\t\t\t\tdata-promo-id=\"378302\"\t\t\t\t\t\t\t\t\t\twidth='1420' height='286'\t\t\t\t\talt=\"https:\/\/files.sunoresearch.com.br\/n\/uploads\/2023\/03\/Ebook-Acoes-Desktop.jpg\"\n\t\t\t\t>\n\t\t\t<\/picture>\n\t\t<\/a>\n\t<\/p>\n\n\n\n\n\n<p>Em bases consolidadas, o\u00a0<strong>BTG Pactual<\/strong>\u00a0estima que o\u00a0<strong>lucro l\u00edquido da Weg<\/strong>\u00a0chegue a R$ 1,3 bilh\u00e3o no quarto trimestre, aumento de 14% frente ao 4T22 e de 4% frente ao 3T23.<\/p>\n\n\n\n<p>J\u00e1 a&nbsp;<strong>receita l\u00edquida da Weg<\/strong>&nbsp;deve ficar em R$ 8,5 bilh\u00f5es no quarto trimestre, aumento de 6% na base anual e de 4% na base trimestral, segundo proje\u00e7\u00f5es do banco.<\/p>\n\n\n\n<p>A casa espera, tamb\u00e9m, que o&nbsp;<strong>Ebitda da Weg<\/strong>&nbsp;chegue a R$ 1,7 bilh\u00e3o no per\u00edodo, aumento de 15% no ano e de 3% no trimestre, gerando uma margem ainda s\u00f3lida de 21% (+170 pontos-base ano a ano).<\/p>\n\n\n\n<p>\u201cContinuamos compradores e esperamos que o mercado acompanhe as atualiza\u00e7\u00f5es na integra\u00e7\u00e3o Regal, o que ajudar\u00e1 a diminuir o risco da expans\u00e3o da receita em 2024. Al\u00e9m do ritmo de crescimento da receita, vemos investidores monitorando as tend\u00eancias na normaliza\u00e7\u00e3o da&nbsp;<a href=\"https:\/\/www.suno.com.br\/artigos\/margem-operacional\/\">margem operacional<\/a>\u201c, completam.<\/p>\n\n\n\n<p>No fim de setembro do ano passado, a Weg comunicou que suas controladas indiretas no exterior celebraram com a americana&nbsp;<strong>Regal Rexnord<\/strong>&nbsp;contrato para aquisi\u00e7\u00e3o dos neg\u00f3cios de motores el\u00e9tricos industriais e geradores no valor de US$ 400 milh\u00f5es.<\/p>\n\n\n\n<p>A aquisi\u00e7\u00e3o ser\u00e1 realizada pela&nbsp;<strong>Weg Eletric Corp<\/strong>&nbsp;e pela&nbsp;<strong>Weg Holding B.V<\/strong>, sociedades detidas pela&nbsp;<strong>Weg Equipamentos El\u00e9tricos S.A<\/strong>, controlada direta da companhia.<\/p>\n\n\n\n<p>\u201cA <strong>Weg<\/strong> avalia que possui algumas alavancas de valor (maior utiliza\u00e7\u00e3o de f\u00e1brica, fornecimento mais competitivo) e continua explorando\u00a0<a href=\"https:\/\/www.suno.com.br\/artigos\/fusoes-aquisicoes\/\">fus\u00f5es e aquisi\u00e7\u00f5es<\/a>, principalmente em neg\u00f3cios que aceleram estrat\u00e9gias corporativas, como a\u00a0<strong>Motion Drive<\/strong>\u201c, acrescentam.<\/p>\n\n\n\t<p>\n\t\t<a href=\"https:\/\/lp.suno.com.br\/planilha-da-vida-financeira\/\" target=\"_blank\" data-element=\"shortcode-suno-banner\" title=\"Banner SUNO, clique e saiba mais\">\n\t\t\t<picture>\n\t\t\t\t<source media=\"(max-width: 500px)\" srcset=\"https:\/\/files.sunoresearch.com.br\/n\/uploads\/2023\/04\/400x300-Planilha-vida-financeira-true.png\">\n\t\t\t\t<img class=\"newsContent__article__imgCapa newsContent__article__imgCapa--banner\"\n\t\t\t\t\tsrc=\"https:\/\/files.sunoresearch.com.br\/n\/uploads\/2023\/04\/1420x240-Planilha-vida-financeira-true.png\"\n\t\t\t\t\tdata-promo-id=\"383123\"\t\t\t\t\t\t\t\t\t\twidth='1420' height='240'\t\t\t\t\talt=\"https:\/\/files.sunoresearch.com.br\/n\/uploads\/2023\/04\/1420x240-Planilha-vida-financeira-true.png\"\n\t\t\t\t>\n\t\t\t<\/picture>\n\t\t<\/a>\n\t<\/p>\n\n\n","protected":false},"excerpt":{"rendered":"<p>A Weg (WEGE3) anunciou, nesta ter\u00e7a-feira (20), o pagamento de dividendos complementares no valor total de R$ 1.249.939.825,23, o que corresponde a R$ 0,297942793 por a\u00e7\u00e3o. WEG (WEGE3). Foto: Reprodu\u00e7\u00e3o. Receber\u00e3o os dividendos da Weg os investidores posicionados no papel WEGE3 no dia 23 de fevereiro. As a\u00e7\u00f5es da Weg passam a ser negociadas ex-dividendos [&hellip;]<\/p>\n","protected":false},"author":322,"featured_media":435018,"comment_status":"closed","ping_status":"closed","sticky":false,"template":"","format":"standard","meta":[],"categories":[64],"tags":[681],"suno_strategy":[],"class_list":["post-524884","post","type-post","status-publish","format-standard","has-post-thumbnail","hentry","category-negocios","tag-weg-wege3"],"yoast_head":"<!-- This site is optimized with the Yoast SEO plugin v24.4 - https:\/\/yoast.com\/wordpress\/plugins\/seo\/ -->\n<title>Weg (WEGE3) anuncia pagamento de dividendos complementares<\/title>\n<meta name=\"description\" content=\"Em fato relevante, a Weg anunciou tamb\u00e9m a proposta de aumento do capital social da companhia, a ser votada em assembleia geral de acionistas\" \/>\n<meta name=\"robots\" content=\"index, follow, max-snippet:-1, max-image-preview:large, max-video-preview:-1\" \/>\n<link rel=\"canonical\" href=\"https:\/\/www.suno.com.br\/noticias\/weg-wege3-pagamento-dividendos-complementares-gss\/\" \/>\n<meta property=\"og:locale\" content=\"pt_BR\" \/>\n<meta property=\"og:type\" content=\"article\" \/>\n<meta property=\"og:title\" content=\"Weg (WEGE3) anuncia pagamento de dividendos complementares\" \/>\n<meta property=\"og:description\" content=\"Em fato relevante, a Weg anunciou tamb\u00e9m a proposta de aumento do capital social da companhia, a ser votada em assembleia geral de acionistas\" \/>\n<meta property=\"og:url\" content=\"https:\/\/www.suno.com.br\/noticias\/weg-wege3-pagamento-dividendos-complementares-gss\/\" \/>\n<meta property=\"og:site_name\" content=\"Suno Not\u00edcias\" \/>\n<meta property=\"article:publisher\" content=\"https:\/\/facebook.com\/sunoresearch\" \/>\n<meta property=\"og:image\" content=\"https:\/\/files.sunoresearch.com.br\/n\/uploads\/2023\/07\/As-acoes-da-Weg-WEGE3-sobem-nesta-sexta-feira-27-no-Ibovespa-com-o-Goldman-Sachs-elevando-a-recomendacao-para-as-acoes-da-companhia.jpg\" \/>\n\t<meta property=\"og:image:width\" content=\"1200\" \/>\n\t<meta property=\"og:image:height\" content=\"675\" \/>\n\t<meta property=\"og:image:type\" content=\"image\/jpeg\" \/>\n<meta name=\"author\" content=\"Guilherme Serrano Silva\" \/>\n<meta name=\"twitter:card\" content=\"summary_large_image\" \/>\n<meta name=\"twitter:creator\" content=\"@sunoresearch\" \/>\n<meta name=\"twitter:site\" content=\"@sunoresearch\" \/>\n<meta name=\"twitter:label1\" content=\"Escrito por\" \/>\n\t<meta name=\"twitter:data1\" content=\"Guilherme Serrano Silva\" \/>\n<script type=\"application\/ld+json\" class=\"yoast-schema-graph\">{\"@context\":\"https:\/\/schema.org\",\"@graph\":[{\"@type\":\"NewsArticle\",\"@id\":\"https:\/\/www.suno.com.br\/noticias\/weg-wege3-pagamento-dividendos-complementares-gss\/#article\",\"isPartOf\":{\"@id\":\"https:\/\/www.suno.com.br\/noticias\/weg-wege3-pagamento-dividendos-complementares-gss\/\"},\"author\":{\"name\":\"Guilherme Serrano Silva\",\"@id\":\"https:\/\/www.suno.com.br\/noticias\/#\/schema\/person\/4a72de8e10febe6d8a50711404b010b3\"},\"headline\":\"Weg (WEGE3) anuncia dividendos complementares e prop\u00f5e aumento de capital\",\"datePublished\":\"2024-02-20T22:07:02+00:00\",\"dateModified\":\"2024-02-20T22:07:04+00:00\",\"mainEntityOfPage\":{\"@id\":\"https:\/\/www.suno.com.br\/noticias\/weg-wege3-pagamento-dividendos-complementares-gss\/\"},\"wordCount\":626,\"publisher\":{\"@id\":\"https:\/\/www.suno.com.br\/noticias\/#organization\"},\"image\":{\"@id\":\"https:\/\/www.suno.com.br\/noticias\/weg-wege3-pagamento-dividendos-complementares-gss\/#primaryimage\"},\"thumbnailUrl\":\"https:\/\/files.sunoresearch.com.br\/n\/uploads\/2023\/07\/As-acoes-da-Weg-WEGE3-sobem-nesta-sexta-feira-27-no-Ibovespa-com-o-Goldman-Sachs-elevando-a-recomendacao-para-as-acoes-da-companhia.jpg\",\"keywords\":[\"Weg (WEGE3)\"],\"articleSection\":[\"Neg\u00f3cios\"],\"inLanguage\":\"pt-BR\"},{\"@type\":\"WebPage\",\"@id\":\"https:\/\/www.suno.com.br\/noticias\/weg-wege3-pagamento-dividendos-complementares-gss\/\",\"url\":\"https:\/\/www.suno.com.br\/noticias\/weg-wege3-pagamento-dividendos-complementares-gss\/\",\"name\":\"Weg (WEGE3) anuncia pagamento de dividendos complementares\",\"isPartOf\":{\"@id\":\"https:\/\/www.suno.com.br\/noticias\/#website\"},\"primaryImageOfPage\":{\"@id\":\"https:\/\/www.suno.com.br\/noticias\/weg-wege3-pagamento-dividendos-complementares-gss\/#primaryimage\"},\"image\":{\"@id\":\"https:\/\/www.suno.com.br\/noticias\/weg-wege3-pagamento-dividendos-complementares-gss\/#primaryimage\"},\"thumbnailUrl\":\"https:\/\/files.sunoresearch.com.br\/n\/uploads\/2023\/07\/As-acoes-da-Weg-WEGE3-sobem-nesta-sexta-feira-27-no-Ibovespa-com-o-Goldman-Sachs-elevando-a-recomendacao-para-as-acoes-da-companhia.jpg\",\"datePublished\":\"2024-02-20T22:07:02+00:00\",\"dateModified\":\"2024-02-20T22:07:04+00:00\",\"description\":\"Em fato relevante, a Weg anunciou tamb\u00e9m a proposta de aumento do capital social da companhia, a ser votada em assembleia geral de acionistas\",\"breadcrumb\":{\"@id\":\"https:\/\/www.suno.com.br\/noticias\/weg-wege3-pagamento-dividendos-complementares-gss\/#breadcrumb\"},\"inLanguage\":\"pt-BR\",\"potentialAction\":[{\"@type\":\"ReadAction\",\"target\":[\"https:\/\/www.suno.com.br\/noticias\/weg-wege3-pagamento-dividendos-complementares-gss\/\"]}]},{\"@type\":\"ImageObject\",\"inLanguage\":\"pt-BR\",\"@id\":\"https:\/\/www.suno.com.br\/noticias\/weg-wege3-pagamento-dividendos-complementares-gss\/#primaryimage\",\"url\":\"https:\/\/files.sunoresearch.com.br\/n\/uploads\/2023\/07\/As-acoes-da-Weg-WEGE3-sobem-nesta-sexta-feira-27-no-Ibovespa-com-o-Goldman-Sachs-elevando-a-recomendacao-para-as-acoes-da-companhia.jpg\",\"contentUrl\":\"https:\/\/files.sunoresearch.com.br\/n\/uploads\/2023\/07\/As-acoes-da-Weg-WEGE3-sobem-nesta-sexta-feira-27-no-Ibovespa-com-o-Goldman-Sachs-elevando-a-recomendacao-para-as-acoes-da-companhia.jpg\",\"width\":1200,\"height\":675,\"caption\":\"WEG (WEGE3). Foto: Reprodu\u00e7\u00e3o.\"},{\"@type\":\"BreadcrumbList\",\"@id\":\"https:\/\/www.suno.com.br\/noticias\/weg-wege3-pagamento-dividendos-complementares-gss\/#breadcrumb\",\"itemListElement\":[{\"@type\":\"ListItem\",\"position\":1,\"name\":\"Not\u00edcias\",\"item\":\"https:\/\/www.suno.com.br\/noticias\/\"},{\"@type\":\"ListItem\",\"position\":2,\"name\":\"Neg\u00f3cios\",\"item\":\"https:\/\/www.suno.com.br\/noticias\/negocios\/\"},{\"@type\":\"ListItem\",\"position\":3,\"name\":\"Weg (WEGE3) anuncia dividendos complementares e prop\u00f5e aumento de capital\"}]},{\"@type\":\"WebSite\",\"@id\":\"https:\/\/www.suno.com.br\/noticias\/#website\",\"url\":\"https:\/\/www.suno.com.br\/noticias\/\",\"name\":\"Suno Not\u00edcias\",\"description\":\"Seu portal de informa\u00e7\u00e3o sobre o mundo dos investimentos\",\"publisher\":{\"@id\":\"https:\/\/www.suno.com.br\/noticias\/#organization\"},\"potentialAction\":[{\"@type\":\"SearchAction\",\"target\":{\"@type\":\"EntryPoint\",\"urlTemplate\":\"https:\/\/www.suno.com.br\/noticias\/?s={search_term_string}\"},\"query-input\":{\"@type\":\"PropertyValueSpecification\",\"valueRequired\":true,\"valueName\":\"search_term_string\"}}],\"inLanguage\":\"pt-BR\"},{\"@type\":\"Organization\",\"@id\":\"https:\/\/www.suno.com.br\/noticias\/#organization\",\"name\":\"Suno Not\u00edcias\",\"url\":\"https:\/\/www.suno.com.br\/noticias\/\",\"logo\":{\"@type\":\"ImageObject\",\"inLanguage\":\"pt-BR\",\"@id\":\"https:\/\/www.suno.com.br\/noticias\/#\/schema\/logo\/image\/\",\"url\":\"https:\/\/files.sunoresearch.com.br\/n\/uploads\/2021\/09\/suno-logo.png\",\"contentUrl\":\"https:\/\/files.sunoresearch.com.br\/n\/uploads\/2021\/09\/suno-logo.png\",\"width\":180,\"height\":180,\"caption\":\"Suno Not\u00edcias\"},\"image\":{\"@id\":\"https:\/\/www.suno.com.br\/noticias\/#\/schema\/logo\/image\/\"},\"sameAs\":[\"https:\/\/facebook.com\/sunoresearch\",\"https:\/\/x.com\/sunoresearch\",\"https:\/\/www.instagram.com\/suno\",\"https:\/\/www.linkedin.com\/company\/suno-research\/\",\"https:\/\/www.youtube.com\/c\/sunoresearch\"]},{\"@type\":\"Person\",\"@id\":\"https:\/\/www.suno.com.br\/noticias\/#\/schema\/person\/4a72de8e10febe6d8a50711404b010b3\",\"name\":\"Guilherme Serrano Silva\",\"image\":{\"@type\":\"ImageObject\",\"inLanguage\":\"pt-BR\",\"@id\":\"https:\/\/www.suno.com.br\/noticias\/#\/schema\/person\/image\/\",\"url\":\"https:\/\/secure.gravatar.com\/avatar\/aba5eb082d0443f542e94a82c79e9d50?s=96&r=g\",\"contentUrl\":\"https:\/\/secure.gravatar.com\/avatar\/aba5eb082d0443f542e94a82c79e9d50?s=96&r=g\",\"caption\":\"Guilherme Serrano Silva\"},\"description\":\"Jornalista formado pela Faculdade C\u00e1sper L\u00edbero e p\u00f3s-graduado em Can\u00e7\u00e3o Popular pela Faculdade Santa Marcelina. Passagens por R\u00e1dio Gazeta AM, gazetaesportiva.com e TC R\u00e1dio.\",\"url\":\"https:\/\/www.suno.com.br\/noticias\/author\/guilhermeserranosilvagmail-com\/\"}]}<\/script>\n<!-- \/ Yoast SEO plugin. -->","yoast_head_json":{"title":"Weg (WEGE3) anuncia pagamento de dividendos complementares","description":"Em fato relevante, a Weg anunciou tamb\u00e9m a proposta de aumento do capital social da companhia, a ser votada em assembleia geral de acionistas","robots":{"index":"index","follow":"follow","max-snippet":"max-snippet:-1","max-image-preview":"max-image-preview:large","max-video-preview":"max-video-preview:-1"},"canonical":"https:\/\/www.suno.com.br\/noticias\/weg-wege3-pagamento-dividendos-complementares-gss\/","og_locale":"pt_BR","og_type":"article","og_title":"Weg (WEGE3) anuncia pagamento de dividendos complementares","og_description":"Em fato relevante, a Weg anunciou tamb\u00e9m a proposta de aumento do capital social da companhia, a ser votada em assembleia geral de acionistas","og_url":"https:\/\/www.suno.com.br\/noticias\/weg-wege3-pagamento-dividendos-complementares-gss\/","og_site_name":"Suno Not\u00edcias","article_publisher":"https:\/\/facebook.com\/sunoresearch","og_image":[{"width":1200,"height":675,"url":"https:\/\/files.sunoresearch.com.br\/n\/uploads\/2023\/07\/As-acoes-da-Weg-WEGE3-sobem-nesta-sexta-feira-27-no-Ibovespa-com-o-Goldman-Sachs-elevando-a-recomendacao-para-as-acoes-da-companhia.jpg","type":"image\/jpeg"}],"author":"Guilherme Serrano Silva","twitter_card":"summary_large_image","twitter_creator":"@sunoresearch","twitter_site":"@sunoresearch","twitter_misc":{"Escrito por":"Guilherme Serrano Silva"},"schema":{"@context":"https:\/\/schema.org","@graph":[{"@type":"NewsArticle","@id":"https:\/\/www.suno.com.br\/noticias\/weg-wege3-pagamento-dividendos-complementares-gss\/#article","isPartOf":{"@id":"https:\/\/www.suno.com.br\/noticias\/weg-wege3-pagamento-dividendos-complementares-gss\/"},"author":{"name":"Guilherme Serrano Silva","@id":"https:\/\/www.suno.com.br\/noticias\/#\/schema\/person\/4a72de8e10febe6d8a50711404b010b3"},"headline":"Weg (WEGE3) anuncia dividendos complementares e prop\u00f5e aumento de capital","datePublished":"2024-02-20T22:07:02+00:00","dateModified":"2024-02-20T22:07:04+00:00","mainEntityOfPage":{"@id":"https:\/\/www.suno.com.br\/noticias\/weg-wege3-pagamento-dividendos-complementares-gss\/"},"wordCount":626,"publisher":{"@id":"https:\/\/www.suno.com.br\/noticias\/#organization"},"image":{"@id":"https:\/\/www.suno.com.br\/noticias\/weg-wege3-pagamento-dividendos-complementares-gss\/#primaryimage"},"thumbnailUrl":"https:\/\/files.sunoresearch.com.br\/n\/uploads\/2023\/07\/As-acoes-da-Weg-WEGE3-sobem-nesta-sexta-feira-27-no-Ibovespa-com-o-Goldman-Sachs-elevando-a-recomendacao-para-as-acoes-da-companhia.jpg","keywords":["Weg (WEGE3)"],"articleSection":["Neg\u00f3cios"],"inLanguage":"pt-BR"},{"@type":"WebPage","@id":"https:\/\/www.suno.com.br\/noticias\/weg-wege3-pagamento-dividendos-complementares-gss\/","url":"https:\/\/www.suno.com.br\/noticias\/weg-wege3-pagamento-dividendos-complementares-gss\/","name":"Weg (WEGE3) anuncia pagamento de dividendos complementares","isPartOf":{"@id":"https:\/\/www.suno.com.br\/noticias\/#website"},"primaryImageOfPage":{"@id":"https:\/\/www.suno.com.br\/noticias\/weg-wege3-pagamento-dividendos-complementares-gss\/#primaryimage"},"image":{"@id":"https:\/\/www.suno.com.br\/noticias\/weg-wege3-pagamento-dividendos-complementares-gss\/#primaryimage"},"thumbnailUrl":"https:\/\/files.sunoresearch.com.br\/n\/uploads\/2023\/07\/As-acoes-da-Weg-WEGE3-sobem-nesta-sexta-feira-27-no-Ibovespa-com-o-Goldman-Sachs-elevando-a-recomendacao-para-as-acoes-da-companhia.jpg","datePublished":"2024-02-20T22:07:02+00:00","dateModified":"2024-02-20T22:07:04+00:00","description":"Em fato relevante, a Weg anunciou tamb\u00e9m a proposta de aumento do capital social da companhia, a ser votada em assembleia geral de acionistas","breadcrumb":{"@id":"https:\/\/www.suno.com.br\/noticias\/weg-wege3-pagamento-dividendos-complementares-gss\/#breadcrumb"},"inLanguage":"pt-BR","potentialAction":[{"@type":"ReadAction","target":["https:\/\/www.suno.com.br\/noticias\/weg-wege3-pagamento-dividendos-complementares-gss\/"]}]},{"@type":"ImageObject","inLanguage":"pt-BR","@id":"https:\/\/www.suno.com.br\/noticias\/weg-wege3-pagamento-dividendos-complementares-gss\/#primaryimage","url":"https:\/\/files.sunoresearch.com.br\/n\/uploads\/2023\/07\/As-acoes-da-Weg-WEGE3-sobem-nesta-sexta-feira-27-no-Ibovespa-com-o-Goldman-Sachs-elevando-a-recomendacao-para-as-acoes-da-companhia.jpg","contentUrl":"https:\/\/files.sunoresearch.com.br\/n\/uploads\/2023\/07\/As-acoes-da-Weg-WEGE3-sobem-nesta-sexta-feira-27-no-Ibovespa-com-o-Goldman-Sachs-elevando-a-recomendacao-para-as-acoes-da-companhia.jpg","width":1200,"height":675,"caption":"WEG (WEGE3). Foto: Reprodu\u00e7\u00e3o."},{"@type":"BreadcrumbList","@id":"https:\/\/www.suno.com.br\/noticias\/weg-wege3-pagamento-dividendos-complementares-gss\/#breadcrumb","itemListElement":[{"@type":"ListItem","position":1,"name":"Not\u00edcias","item":"https:\/\/www.suno.com.br\/noticias\/"},{"@type":"ListItem","position":2,"name":"Neg\u00f3cios","item":"https:\/\/www.suno.com.br\/noticias\/negocios\/"},{"@type":"ListItem","position":3,"name":"Weg (WEGE3) anuncia dividendos complementares e prop\u00f5e aumento de capital"}]},{"@type":"WebSite","@id":"https:\/\/www.suno.com.br\/noticias\/#website","url":"https:\/\/www.suno.com.br\/noticias\/","name":"Suno Not\u00edcias","description":"Seu portal de informa\u00e7\u00e3o sobre o mundo dos investimentos","publisher":{"@id":"https:\/\/www.suno.com.br\/noticias\/#organization"},"potentialAction":[{"@type":"SearchAction","target":{"@type":"EntryPoint","urlTemplate":"https:\/\/www.suno.com.br\/noticias\/?s={search_term_string}"},"query-input":{"@type":"PropertyValueSpecification","valueRequired":true,"valueName":"search_term_string"}}],"inLanguage":"pt-BR"},{"@type":"Organization","@id":"https:\/\/www.suno.com.br\/noticias\/#organization","name":"Suno Not\u00edcias","url":"https:\/\/www.suno.com.br\/noticias\/","logo":{"@type":"ImageObject","inLanguage":"pt-BR","@id":"https:\/\/www.suno.com.br\/noticias\/#\/schema\/logo\/image\/","url":"https:\/\/files.sunoresearch.com.br\/n\/uploads\/2021\/09\/suno-logo.png","contentUrl":"https:\/\/files.sunoresearch.com.br\/n\/uploads\/2021\/09\/suno-logo.png","width":180,"height":180,"caption":"Suno Not\u00edcias"},"image":{"@id":"https:\/\/www.suno.com.br\/noticias\/#\/schema\/logo\/image\/"},"sameAs":["https:\/\/facebook.com\/sunoresearch","https:\/\/x.com\/sunoresearch","https:\/\/www.instagram.com\/suno","https:\/\/www.linkedin.com\/company\/suno-research\/","https:\/\/www.youtube.com\/c\/sunoresearch"]},{"@type":"Person","@id":"https:\/\/www.suno.com.br\/noticias\/#\/schema\/person\/4a72de8e10febe6d8a50711404b010b3","name":"Guilherme Serrano Silva","image":{"@type":"ImageObject","inLanguage":"pt-BR","@id":"https:\/\/www.suno.com.br\/noticias\/#\/schema\/person\/image\/","url":"https:\/\/secure.gravatar.com\/avatar\/aba5eb082d0443f542e94a82c79e9d50?s=96&r=g","contentUrl":"https:\/\/secure.gravatar.com\/avatar\/aba5eb082d0443f542e94a82c79e9d50?s=96&r=g","caption":"Guilherme Serrano Silva"},"description":"Jornalista formado pela Faculdade C\u00e1sper L\u00edbero e p\u00f3s-graduado em Can\u00e7\u00e3o Popular pela Faculdade Santa Marcelina. Passagens por R\u00e1dio Gazeta AM, gazetaesportiva.com e TC R\u00e1dio.","url":"https:\/\/www.suno.com.br\/noticias\/author\/guilhermeserranosilvagmail-com\/"}]}},"default_loop_html":"<div class=\"cardsPage__listCard__boxs\"><div class=\"cardsPage__listCard__boxs__img\"><a href=\"https:\/\/www.suno.com.br\/noticias\/weg-wege3-pagamento-dividendos-complementares-gss\/\"><img class=\"mask\" src=\"https:\/\/www.suno.com.br\/noticias\/wp-content\/themes\/suno\/resources\/images\/spotlight\/spotlight1img\/bg-mask.png\" alt=\"Image Mask\"\/><img src=\"https:\/\/files.sunoresearch.com.br\/n\/uploads\/2023\/07\/As-acoes-da-Weg-WEGE3-sobem-nesta-sexta-feira-27-no-Ibovespa-com-o-Goldman-Sachs-elevando-a-recomendacao-para-as-acoes-da-companhia-400x200.jpg\" alt=\"Weg (WEGE3) anuncia dividendos complementares e prop\u00f5e aumento de capital\"\/><\/a><span class=\"spotlightCategory\"><a href=\"https:\/\/www.suno.com.br\/noticias\/negocios\/\">Neg\u00f3cios<\/a><\/span><\/div><div class=\"cardsPage__listCard__boxs__content\"><a href=\"https:\/\/www.suno.com.br\/noticias\/weg-wege3-pagamento-dividendos-complementares-gss\/\"><h2 class=\"content__title\">Weg (WEGE3) anuncia dividendos complementares e prop\u00f5e aumento de capital<\/h2><\/a><div class=\"newsContent__article__meta\"><div class=\"newsContent__article__meta__authorBox\"><a href=\"https:\/\/www.suno.com.br\/noticias\/author\/guilhermeserranosilvagmail-com\/\" class=\"authorBox__avatar noMobi\"><img src=\"https:\/\/files.sunoresearch.com.br\/n\/uploads\/2023\/09\/WhatsApp-Image-2023-09-05-at-11.02.17-150x150.jpeg\" alt=\"Guilherme Serrano Silva\"><\/a><div class=\"authorBox__name\"><span>por\n\t\t\t<a href=\"https:\/\/www.suno.com.br\/noticias\/author\/guilhermeserranosilvagmail-com\/\"><span itemprop=\"author\">Guilherme Serrano Silva<\/span><\/a><\/span><time datetime=\"2024-02-20T19:07:02-03:00\" itemprop=\"datePublished\">20\/02\/2024 19:07<\/time><\/div><\/div><\/div><\/div><\/div>","single_layout":"posts","amp_enabled":true,"_links":{"self":[{"href":"https:\/\/www.suno.com.br\/noticias\/wp-json\/wp\/v2\/posts\/524884"}],"collection":[{"href":"https:\/\/www.suno.com.br\/noticias\/wp-json\/wp\/v2\/posts"}],"about":[{"href":"https:\/\/www.suno.com.br\/noticias\/wp-json\/wp\/v2\/types\/post"}],"author":[{"embeddable":true,"href":"https:\/\/www.suno.com.br\/noticias\/wp-json\/wp\/v2\/users\/322"}],"replies":[{"embeddable":true,"href":"https:\/\/www.suno.com.br\/noticias\/wp-json\/wp\/v2\/comments?post=524884"}],"version-history":[{"count":2,"href":"https:\/\/www.suno.com.br\/noticias\/wp-json\/wp\/v2\/posts\/524884\/revisions"}],"predecessor-version":[{"id":524896,"href":"https:\/\/www.suno.com.br\/noticias\/wp-json\/wp\/v2\/posts\/524884\/revisions\/524896"}],"wp:featuredmedia":[{"embeddable":true,"href":"https:\/\/www.suno.com.br\/noticias\/wp-json\/wp\/v2\/media\/435018"}],"wp:attachment":[{"href":"https:\/\/www.suno.com.br\/noticias\/wp-json\/wp\/v2\/media?parent=524884"}],"wp:term":[{"taxonomy":"category","embeddable":true,"href":"https:\/\/www.suno.com.br\/noticias\/wp-json\/wp\/v2\/categories?post=524884"},{"taxonomy":"post_tag","embeddable":true,"href":"https:\/\/www.suno.com.br\/noticias\/wp-json\/wp\/v2\/tags?post=524884"},{"taxonomy":"suno_strategy","embeddable":true,"href":"https:\/\/www.suno.com.br\/noticias\/wp-json\/wp\/v2\/suno_strategy?post=524884"}],"curies":[{"name":"wp","href":"https:\/\/api.w.org\/{rel}","templated":true}]}}