{"id":524687,"date":"2024-02-20T12:35:37","date_gmt":"2024-02-20T15:35:37","guid":{"rendered":"https:\/\/www.suno.com.br\/noticias\/?p=524687"},"modified":"2024-02-20T12:35:42","modified_gmt":"2024-02-20T15:35:42","slug":"usiminas-usim5-acoes-disparam-goldman-sachs-evm","status":"publish","type":"post","link":"https:\/\/www.suno.com.br\/noticias\/usiminas-usim5-acoes-disparam-goldman-sachs-evm\/","title":{"rendered":"Usiminas (USIM5) dispara na bolsa ap\u00f3s Goldman Sachs elevar recomenda\u00e7\u00e3o"},"content":{"rendered":"<p>As a\u00e7\u00f5es da <a class=\"suno-keyword\" data-force=\"yes\" data-priority=\"2\" href=\"https:\/\/www.suno.com.br\/acoes\/USIM5\/\" target=\"_blank\" rel=\"noopener\"><strong>Usiminas<\/strong> (USIM5)<\/a> dispararam 3,8% na abertura de preg\u00e3o desta ter\u00e7a-feira (20) ap\u00f3s o Goldman Sachs elevar a recomenda\u00e7\u00e3o dos pap\u00e9is de neutro para compra, com pre\u00e7o-alvo de R$ 14.<\/p><div class=\"videoFull \">\n\t\t\t<div class=\"videoWrapper yt-lazyload center\"\n\t\t\t\tdata-width=\"960\"\n\t\t\t\tdata-height=\"540\"\n\t\t\t\tdata-id=\"RD8TiNX85CE\"\n\t\t\t\tdata-alt=\"V\u00eddeo do YouTube - clique para reproduzir\"\n\t\t\t\tdata-logo=\"3\"\n\t\t\t\tdata-imagequality=\"maxres\">\n\t\t\t<\/div>\n\t\t<\/div><script type=\"application\/ld+json\">{\"@context\":\"https:\/\/schema.org\",\"@type\":\"VideoObject\",\"name\":\"\ud83d\udd34MORRE ABILIO DINIZ | Renda Fixa do Nubank (ROXO34) | Multa de meio bilh\u00e3o da Apple\",\"description\":\"#mercadofinanceiro #a\u00e7\u00f5es #investimentos #bolsadevalores #ibovespa #dinheiro #finan\u00e7as #pol\u00edtica #d\u00f3lar #livedas19h #petr4 #petr3 #petrobras #vale3 #vale #a\u00e7\u00f5es #economia #dividendos #abilio #diniz #abiliodiniz #carrefour #crfb3 #paodea\u00e7ucar #pcar3 #varejo #nubank #nubr33 #roxo34 #apple #aapl34 \ud83c\udf89 7 ANOS DA SUNO! REGISTRE-SE E GARANTA 7 B\u00d4NUS EXCLUSIVOS: https:\/\/suno.me\/3UF1qmC 00:00 In\u00edcio do v\u00eddeo 01:38 Fechamento de mercado 05:46 Falece Abilio Diniz\u2026\",\"duration\":\"PT25M13S\",\"embedUrl\":\"https:\/\/www.youtube.com\/embed\/RD8TiNX85CE\",\"regionsAllowed\":\"en-US\",\"interactionStatistic\":{\"@type\":\"InteractionCounter\",\"interactionType\":{\"@type\":\"WatchAction\"},\"userInteractionCount\":1141},\"thumbnailUrl\":\"https:\/\/i.ytimg.com\/vi\/RD8TiNX85CE\/default.jpg\",\"uploadDate\":\"2024-02-20T10:32:53Z\"}<\/script>\n\n\n\n\n\t<p>\n\t\t<a href=\"\" target=\"_blank\" data-element=\"shortcode-suno-banner\" title=\"Banner SUNO, clique e saiba mais\">\n\t\t\t<picture>\n\t\t\t\t<source media=\"(max-width: 500px)\" srcset=\"\">\n\t\t\t\t<img class=\"newsContent__article__imgCapa newsContent__article__imgCapa--banner\"\n\t\t\t\t\tsrc=\"\"\n\t\t\t\t\tdata-promo-id=\"287934\"\t\t\t\t\t\t\t\t\t\t\t\t\t\t\talt=\"\"\n\t\t\t\t>\n\t\t\t<\/picture>\n\t\t<\/a>\n\t<\/p>\n\n\n\n\n\n\n\n<p>Atualmente as <strong>a\u00e7\u00f5es da Usiminas<\/strong> negociam a cerca de R$ 10,50.<\/p>\n\n\n\n<p>Segundo o <strong>Goldman Sachs<\/strong>, o pre\u00e7o das a\u00e7\u00f5es <strong><a href=\"https:\/\/statusinvest.com.br\/acoes\/usim5\">USIM5<\/a><\/strong> subiu 11% no acumulado do ano \u00e0 medida que os investidores come\u00e7aram a ganhar convic\u00e7\u00e3o na melhora de dados operacionais.<\/p>\n\n\n\n<p>&#8220;No entanto, as nossas conversas com investidores sugerem a magnitude dessa melhoria \u00e9 incerta e dif\u00edcil de modelar, ent\u00e3o a convic\u00e7\u00e3o est\u00e1 baixa no momento. Nossa an\u00e1lise detalhada de custos com base na compara\u00e7\u00e3o entre pares e nos lucros do 4T23 sugerem o mercado ficar\u00e1 positivamente surpreso&#8221;, diz a casa.<\/p>\n\n\n\n<p>Os analistas ainda destacam que enxergam &#8220;muitos fatores que permitir\u00e3o \u00e0 Usiminas fechar a lacuna de custos&#8221;, incluindo:<\/p>\n\n\n\n<ul class=\"wp-block-list\">\n<li>Acelera\u00e7\u00e3o do novo alto-forno<\/li>\n\n\n\n<li>Trabalho em andamento em suas coquerias (capex aprovado)<\/li>\n\n\n\n<li>Reorganiza\u00e7\u00e3o de ativos com um grupo controlador \u00fanico com hist\u00f3rico de administra\u00e7\u00e3o dos ativos em um maneira eficiente versus pares <\/li>\n<\/ul>\n\n\n\n<p>Al\u00e9m disso, especialistas chamam aten\u00e7\u00e3o para o fato de que a queda do pre\u00e7o do min\u00e9rio deve ajudar de forma geral nos custos.<\/p>\n\n\n\t<p>\n\t\t<a href=\"https:\/\/lp.suno.com.br\/plataforma-de-controle-de-investimentos\/\" target=\"_blank\" data-element=\"shortcode-suno-banner\" title=\"Banner SUNO, clique e saiba mais\">\n\t\t\t<picture>\n\t\t\t\t<source media=\"(max-width: 500px)\" srcset=\"https:\/\/files.sunoresearch.com.br\/n\/uploads\/2023\/03\/400x300-Controle-de-Investimentos.png\">\n\t\t\t\t<img class=\"newsContent__article__imgCapa newsContent__article__imgCapa--banner\"\n\t\t\t\t\tsrc=\"https:\/\/files.sunoresearch.com.br\/n\/uploads\/2023\/03\/1420x240-Controle-de-Investimentos.png\"\n\t\t\t\t\tdata-promo-id=\"383162\"\t\t\t\t\t\t\t\t\t\twidth='1420' height='240'\t\t\t\t\talt=\"https:\/\/files.sunoresearch.com.br\/n\/uploads\/2023\/03\/1420x240-Controle-de-Investimentos.png\"\n\t\t\t\t>\n\t\t\t<\/picture>\n\t\t<\/a>\n\t<\/p>\n\n\n\n\n\n<h2 class=\"wp-block-heading\">Proje\u00e7\u00f5es para a Usiminas incluem 2,8% de DY e Ebitda de R$ 3,6 bilh\u00f5es<\/h2>\n\n\n\n<p>Com isso, a expectativa da casa aumento em rela\u00e7\u00e3o ao consenso de mercado, com uma proje\u00e7\u00e3o de R$3,6 bilh\u00f5es de Ebitda para este ano de 2024, expectativa que est\u00e1 33% acima do consenso de mercado.<\/p>\n\n\n\n<p>Al\u00e9m disso, a expectativa \u00e9 de que o patamar de <strong>dividendos da Usiminas<\/strong> apresentem uma estabilidade e fechem 2024 e 2025 mostrando um yield de 2,8%.<\/p>\n\n\n\n<p>Contudo, para 2026 a proje\u00e7\u00e3o \u00e9 de que o <a class=\"suno-keyword\" target=\"_blank\" data-force=\"no\" data-priority=\"2\" href=\"https:\/\/www.suno.com.br\/artigos\/dividend-yield-como-calcular\/\" rel=\"noopener\">dividend yield<\/a> (DY) da <strong>Usiminas<\/strong> feche em 4,6%.<\/p>\n\n\n\t<p>\n\t\t<a href=\"https:\/\/lp.suno.com.br\/ebook-investindo-em-dividendos\/\" target=\"_blank\" data-element=\"shortcode-suno-banner\" title=\"Banner SUNO, clique e saiba mais\">\n\t\t\t<picture>\n\t\t\t\t<source media=\"(max-width: 500px)\" srcset=\"https:\/\/files.sunoresearch.com.br\/n\/uploads\/2023\/03\/400x300-Dividendos.png\">\n\t\t\t\t<img class=\"newsContent__article__imgCapa newsContent__article__imgCapa--banner\"\n\t\t\t\t\tsrc=\"https:\/\/files.sunoresearch.com.br\/n\/uploads\/2023\/03\/1420x240-Dividendos.png\"\n\t\t\t\t\tdata-promo-id=\"383163\"\t\t\t\t\t\t\t\t\t\twidth='1420' height='240'\t\t\t\t\talt=\"https:\/\/files.sunoresearch.com.br\/n\/uploads\/2023\/03\/1420x240-Dividendos.png\"\n\t\t\t\t>\n\t\t\t<\/picture>\n\t\t<\/a>\n\t<\/p>\n\n\n","protected":false},"excerpt":{"rendered":"<p>As a\u00e7\u00f5es da Usiminas (USIM5) dispararam 3,8% na abertura de preg\u00e3o desta ter\u00e7a-feira (20) ap\u00f3s o Goldman Sachs elevar a recomenda\u00e7\u00e3o dos pap\u00e9is de neutro para compra, com pre\u00e7o-alvo de R$ 14. Atualmente as a\u00e7\u00f5es da Usiminas negociam a cerca de R$ 10,50. Segundo o Goldman Sachs, o pre\u00e7o das a\u00e7\u00f5es USIM5 subiu 11% no [&hellip;]<\/p>\n","protected":false},"author":73,"featured_media":392368,"comment_status":"closed","ping_status":"closed","sticky":false,"template":"","format":"standard","meta":[],"categories":[64],"tags":[286,105816,775,2608,2609,23728,675],"suno_strategy":[],"class_list":["post-524687","post","type-post","status-publish","format-standard","has-post-thumbnail","hentry","category-negocios","tag-acoes","tag-especialistas","tag-goldman-sachs-gsgi34","tag-usim3","tag-usim5","tag-usim6","tag-usiminas"],"yoast_head":"<!-- This site is optimized with the Yoast SEO plugin v24.4 - https:\/\/yoast.com\/wordpress\/plugins\/seo\/ -->\n<title>Usiminas (USIM5) dispara na bolsa ap\u00f3s Goldman Sachs elevar recomenda\u00e7\u00e3o<\/title>\n<meta name=\"description\" content=\"Em seu novo parecer sobre as a\u00e7\u00f5es da Usiminas, analistas do Goldman Sachs aumentaram a recomenda\u00e7\u00e3o de neutro para compra\" \/>\n<meta name=\"robots\" content=\"index, follow, max-snippet:-1, max-image-preview:large, max-video-preview:-1\" \/>\n<link rel=\"canonical\" href=\"https:\/\/www.suno.com.br\/noticias\/usiminas-usim5-acoes-disparam-goldman-sachs-evm\/\" \/>\n<meta property=\"og:locale\" content=\"pt_BR\" \/>\n<meta property=\"og:type\" content=\"article\" \/>\n<meta property=\"og:title\" content=\"Usiminas (USIM5) dispara na bolsa ap\u00f3s Goldman Sachs elevar recomenda\u00e7\u00e3o\" \/>\n<meta property=\"og:description\" content=\"Em seu novo parecer sobre as a\u00e7\u00f5es da Usiminas, analistas do Goldman Sachs aumentaram a recomenda\u00e7\u00e3o de neutro para compra\" \/>\n<meta property=\"og:url\" content=\"https:\/\/www.suno.com.br\/noticias\/usiminas-usim5-acoes-disparam-goldman-sachs-evm\/\" \/>\n<meta property=\"og:site_name\" content=\"Suno Not\u00edcias\" \/>\n<meta property=\"article:publisher\" content=\"https:\/\/facebook.com\/sunoresearch\" \/>\n<meta property=\"og:image\" content=\"https:\/\/files.sunoresearch.com.br\/n\/uploads\/2023\/04\/pexels-anamul-rezwan-1145434-1.jpg\" \/>\n\t<meta property=\"og:image:width\" content=\"1280\" \/>\n\t<meta property=\"og:image:height\" content=\"853\" \/>\n\t<meta property=\"og:image:type\" content=\"image\/jpeg\" \/>\n<meta name=\"author\" content=\"Eduardo Vargas\" \/>\n<meta name=\"twitter:card\" content=\"summary_large_image\" \/>\n<meta name=\"twitter:creator\" content=\"@sunoresearch\" \/>\n<meta name=\"twitter:site\" content=\"@sunoresearch\" \/>\n<meta name=\"twitter:label1\" content=\"Escrito por\" \/>\n\t<meta name=\"twitter:data1\" content=\"Eduardo Vargas\" \/>\n\t<meta name=\"twitter:label2\" content=\"Est. tempo de leitura\" \/>\n\t<meta name=\"twitter:data2\" content=\"2 minutos\" \/>\n<script type=\"application\/ld+json\" class=\"yoast-schema-graph\">{\"@context\":\"https:\/\/schema.org\",\"@graph\":[{\"@type\":\"NewsArticle\",\"@id\":\"https:\/\/www.suno.com.br\/noticias\/usiminas-usim5-acoes-disparam-goldman-sachs-evm\/#article\",\"isPartOf\":{\"@id\":\"https:\/\/www.suno.com.br\/noticias\/usiminas-usim5-acoes-disparam-goldman-sachs-evm\/\"},\"author\":{\"name\":\"Eduardo Vargas\",\"@id\":\"https:\/\/www.suno.com.br\/noticias\/#\/schema\/person\/7f4d362bf3518e76090143ae77bb49a5\"},\"headline\":\"Usiminas (USIM5) dispara na bolsa ap\u00f3s Goldman Sachs elevar recomenda\u00e7\u00e3o\",\"datePublished\":\"2024-02-20T15:35:37+00:00\",\"dateModified\":\"2024-02-20T15:35:42+00:00\",\"mainEntityOfPage\":{\"@id\":\"https:\/\/www.suno.com.br\/noticias\/usiminas-usim5-acoes-disparam-goldman-sachs-evm\/\"},\"wordCount\":322,\"publisher\":{\"@id\":\"https:\/\/www.suno.com.br\/noticias\/#organization\"},\"image\":{\"@id\":\"https:\/\/www.suno.com.br\/noticias\/usiminas-usim5-acoes-disparam-goldman-sachs-evm\/#primaryimage\"},\"thumbnailUrl\":\"https:\/\/files.sunoresearch.com.br\/n\/uploads\/2023\/04\/pexels-anamul-rezwan-1145434-1.jpg\",\"keywords\":[\"A\u00e7\u00f5es\",\"Especialistas\",\"Goldman Sachs (GSGI34)\",\"USIM3\",\"USIM5\",\"usim6\",\"Usiminas\"],\"articleSection\":[\"Neg\u00f3cios\"],\"inLanguage\":\"pt-BR\"},{\"@type\":\"WebPage\",\"@id\":\"https:\/\/www.suno.com.br\/noticias\/usiminas-usim5-acoes-disparam-goldman-sachs-evm\/\",\"url\":\"https:\/\/www.suno.com.br\/noticias\/usiminas-usim5-acoes-disparam-goldman-sachs-evm\/\",\"name\":\"Usiminas (USIM5) dispara na bolsa ap\u00f3s Goldman Sachs elevar recomenda\u00e7\u00e3o\",\"isPartOf\":{\"@id\":\"https:\/\/www.suno.com.br\/noticias\/#website\"},\"primaryImageOfPage\":{\"@id\":\"https:\/\/www.suno.com.br\/noticias\/usiminas-usim5-acoes-disparam-goldman-sachs-evm\/#primaryimage\"},\"image\":{\"@id\":\"https:\/\/www.suno.com.br\/noticias\/usiminas-usim5-acoes-disparam-goldman-sachs-evm\/#primaryimage\"},\"thumbnailUrl\":\"https:\/\/files.sunoresearch.com.br\/n\/uploads\/2023\/04\/pexels-anamul-rezwan-1145434-1.jpg\",\"datePublished\":\"2024-02-20T15:35:37+00:00\",\"dateModified\":\"2024-02-20T15:35:42+00:00\",\"description\":\"Em seu novo parecer sobre as a\u00e7\u00f5es da Usiminas, analistas do Goldman Sachs aumentaram a recomenda\u00e7\u00e3o de neutro para compra\",\"breadcrumb\":{\"@id\":\"https:\/\/www.suno.com.br\/noticias\/usiminas-usim5-acoes-disparam-goldman-sachs-evm\/#breadcrumb\"},\"inLanguage\":\"pt-BR\",\"potentialAction\":[{\"@type\":\"ReadAction\",\"target\":[\"https:\/\/www.suno.com.br\/noticias\/usiminas-usim5-acoes-disparam-goldman-sachs-evm\/\"]}]},{\"@type\":\"ImageObject\",\"inLanguage\":\"pt-BR\",\"@id\":\"https:\/\/www.suno.com.br\/noticias\/usiminas-usim5-acoes-disparam-goldman-sachs-evm\/#primaryimage\",\"url\":\"https:\/\/files.sunoresearch.com.br\/n\/uploads\/2023\/04\/pexels-anamul-rezwan-1145434-1.jpg\",\"contentUrl\":\"https:\/\/files.sunoresearch.com.br\/n\/uploads\/2023\/04\/pexels-anamul-rezwan-1145434-1.jpg\",\"width\":1280,\"height\":853,\"caption\":\"Usiminas (USIM5) - Foto: Pexels\"},{\"@type\":\"BreadcrumbList\",\"@id\":\"https:\/\/www.suno.com.br\/noticias\/usiminas-usim5-acoes-disparam-goldman-sachs-evm\/#breadcrumb\",\"itemListElement\":[{\"@type\":\"ListItem\",\"position\":1,\"name\":\"Not\u00edcias\",\"item\":\"https:\/\/www.suno.com.br\/noticias\/\"},{\"@type\":\"ListItem\",\"position\":2,\"name\":\"Neg\u00f3cios\",\"item\":\"https:\/\/www.suno.com.br\/noticias\/negocios\/\"},{\"@type\":\"ListItem\",\"position\":3,\"name\":\"Usiminas (USIM5) dispara na bolsa ap\u00f3s Goldman Sachs elevar recomenda\u00e7\u00e3o\"}]},{\"@type\":\"WebSite\",\"@id\":\"https:\/\/www.suno.com.br\/noticias\/#website\",\"url\":\"https:\/\/www.suno.com.br\/noticias\/\",\"name\":\"Suno Not\u00edcias\",\"description\":\"Seu portal de informa\u00e7\u00e3o sobre o mundo dos investimentos\",\"publisher\":{\"@id\":\"https:\/\/www.suno.com.br\/noticias\/#organization\"},\"potentialAction\":[{\"@type\":\"SearchAction\",\"target\":{\"@type\":\"EntryPoint\",\"urlTemplate\":\"https:\/\/www.suno.com.br\/noticias\/?s={search_term_string}\"},\"query-input\":{\"@type\":\"PropertyValueSpecification\",\"valueRequired\":true,\"valueName\":\"search_term_string\"}}],\"inLanguage\":\"pt-BR\"},{\"@type\":\"Organization\",\"@id\":\"https:\/\/www.suno.com.br\/noticias\/#organization\",\"name\":\"Suno Not\u00edcias\",\"url\":\"https:\/\/www.suno.com.br\/noticias\/\",\"logo\":{\"@type\":\"ImageObject\",\"inLanguage\":\"pt-BR\",\"@id\":\"https:\/\/www.suno.com.br\/noticias\/#\/schema\/logo\/image\/\",\"url\":\"https:\/\/files.sunoresearch.com.br\/n\/uploads\/2021\/09\/suno-logo.png\",\"contentUrl\":\"https:\/\/files.sunoresearch.com.br\/n\/uploads\/2021\/09\/suno-logo.png\",\"width\":180,\"height\":180,\"caption\":\"Suno Not\u00edcias\"},\"image\":{\"@id\":\"https:\/\/www.suno.com.br\/noticias\/#\/schema\/logo\/image\/\"},\"sameAs\":[\"https:\/\/facebook.com\/sunoresearch\",\"https:\/\/x.com\/sunoresearch\",\"https:\/\/www.instagram.com\/suno\",\"https:\/\/www.linkedin.com\/company\/suno-research\/\",\"https:\/\/www.youtube.com\/c\/sunoresearch\"]},{\"@type\":\"Person\",\"@id\":\"https:\/\/www.suno.com.br\/noticias\/#\/schema\/person\/7f4d362bf3518e76090143ae77bb49a5\",\"name\":\"Eduardo Vargas\",\"image\":{\"@type\":\"ImageObject\",\"inLanguage\":\"pt-BR\",\"@id\":\"https:\/\/www.suno.com.br\/noticias\/#\/schema\/person\/image\/\",\"url\":\"https:\/\/secure.gravatar.com\/avatar\/dac340933427a22924c9f99d1eb2e3f2?s=96&r=g\",\"contentUrl\":\"https:\/\/secure.gravatar.com\/avatar\/dac340933427a22924c9f99d1eb2e3f2?s=96&r=g\",\"caption\":\"Eduardo Vargas\"},\"description\":\"Jornalista formado pela UFSC, cobre macroeconomia, neg\u00f3cios e startups para o Suno Not\u00edcias, escrevendo principalmente not\u00edcias sobre o mercado financeiro e a bolsa de valores. No YouTube e no Instagram, \u00e9 respons\u00e1vel pela produ\u00e7\u00e3o de Reels e Shorts do Suno Not\u00edcias. Anteriormente, trabalhou cobrindo economia e cotidiano no ND+ e para o ND, maior jornal impresso de Santa Catarina. Cursou um semestre letivo de Estudos de M\u00eddia na Universidad de Buenos Aires.\",\"url\":\"https:\/\/www.suno.com.br\/noticias\/author\/eduardo-vargas\/\"}]}<\/script>\n<!-- \/ Yoast SEO plugin. -->","yoast_head_json":{"title":"Usiminas (USIM5) dispara na bolsa ap\u00f3s Goldman Sachs elevar recomenda\u00e7\u00e3o","description":"Em seu novo parecer sobre as a\u00e7\u00f5es da Usiminas, analistas do Goldman Sachs aumentaram a recomenda\u00e7\u00e3o de neutro para compra","robots":{"index":"index","follow":"follow","max-snippet":"max-snippet:-1","max-image-preview":"max-image-preview:large","max-video-preview":"max-video-preview:-1"},"canonical":"https:\/\/www.suno.com.br\/noticias\/usiminas-usim5-acoes-disparam-goldman-sachs-evm\/","og_locale":"pt_BR","og_type":"article","og_title":"Usiminas (USIM5) dispara na bolsa ap\u00f3s Goldman Sachs elevar recomenda\u00e7\u00e3o","og_description":"Em seu novo parecer sobre as a\u00e7\u00f5es da Usiminas, analistas do Goldman Sachs aumentaram a recomenda\u00e7\u00e3o de neutro para compra","og_url":"https:\/\/www.suno.com.br\/noticias\/usiminas-usim5-acoes-disparam-goldman-sachs-evm\/","og_site_name":"Suno Not\u00edcias","article_publisher":"https:\/\/facebook.com\/sunoresearch","og_image":[{"width":1280,"height":853,"url":"https:\/\/files.sunoresearch.com.br\/n\/uploads\/2023\/04\/pexels-anamul-rezwan-1145434-1.jpg","type":"image\/jpeg"}],"author":"Eduardo Vargas","twitter_card":"summary_large_image","twitter_creator":"@sunoresearch","twitter_site":"@sunoresearch","twitter_misc":{"Escrito por":"Eduardo Vargas","Est. tempo de leitura":"2 minutos"},"schema":{"@context":"https:\/\/schema.org","@graph":[{"@type":"NewsArticle","@id":"https:\/\/www.suno.com.br\/noticias\/usiminas-usim5-acoes-disparam-goldman-sachs-evm\/#article","isPartOf":{"@id":"https:\/\/www.suno.com.br\/noticias\/usiminas-usim5-acoes-disparam-goldman-sachs-evm\/"},"author":{"name":"Eduardo Vargas","@id":"https:\/\/www.suno.com.br\/noticias\/#\/schema\/person\/7f4d362bf3518e76090143ae77bb49a5"},"headline":"Usiminas (USIM5) dispara na bolsa ap\u00f3s Goldman Sachs elevar recomenda\u00e7\u00e3o","datePublished":"2024-02-20T15:35:37+00:00","dateModified":"2024-02-20T15:35:42+00:00","mainEntityOfPage":{"@id":"https:\/\/www.suno.com.br\/noticias\/usiminas-usim5-acoes-disparam-goldman-sachs-evm\/"},"wordCount":322,"publisher":{"@id":"https:\/\/www.suno.com.br\/noticias\/#organization"},"image":{"@id":"https:\/\/www.suno.com.br\/noticias\/usiminas-usim5-acoes-disparam-goldman-sachs-evm\/#primaryimage"},"thumbnailUrl":"https:\/\/files.sunoresearch.com.br\/n\/uploads\/2023\/04\/pexels-anamul-rezwan-1145434-1.jpg","keywords":["A\u00e7\u00f5es","Especialistas","Goldman Sachs (GSGI34)","USIM3","USIM5","usim6","Usiminas"],"articleSection":["Neg\u00f3cios"],"inLanguage":"pt-BR"},{"@type":"WebPage","@id":"https:\/\/www.suno.com.br\/noticias\/usiminas-usim5-acoes-disparam-goldman-sachs-evm\/","url":"https:\/\/www.suno.com.br\/noticias\/usiminas-usim5-acoes-disparam-goldman-sachs-evm\/","name":"Usiminas (USIM5) dispara na bolsa ap\u00f3s Goldman Sachs elevar recomenda\u00e7\u00e3o","isPartOf":{"@id":"https:\/\/www.suno.com.br\/noticias\/#website"},"primaryImageOfPage":{"@id":"https:\/\/www.suno.com.br\/noticias\/usiminas-usim5-acoes-disparam-goldman-sachs-evm\/#primaryimage"},"image":{"@id":"https:\/\/www.suno.com.br\/noticias\/usiminas-usim5-acoes-disparam-goldman-sachs-evm\/#primaryimage"},"thumbnailUrl":"https:\/\/files.sunoresearch.com.br\/n\/uploads\/2023\/04\/pexels-anamul-rezwan-1145434-1.jpg","datePublished":"2024-02-20T15:35:37+00:00","dateModified":"2024-02-20T15:35:42+00:00","description":"Em seu novo parecer sobre as a\u00e7\u00f5es da Usiminas, analistas do Goldman Sachs aumentaram a recomenda\u00e7\u00e3o de neutro para compra","breadcrumb":{"@id":"https:\/\/www.suno.com.br\/noticias\/usiminas-usim5-acoes-disparam-goldman-sachs-evm\/#breadcrumb"},"inLanguage":"pt-BR","potentialAction":[{"@type":"ReadAction","target":["https:\/\/www.suno.com.br\/noticias\/usiminas-usim5-acoes-disparam-goldman-sachs-evm\/"]}]},{"@type":"ImageObject","inLanguage":"pt-BR","@id":"https:\/\/www.suno.com.br\/noticias\/usiminas-usim5-acoes-disparam-goldman-sachs-evm\/#primaryimage","url":"https:\/\/files.sunoresearch.com.br\/n\/uploads\/2023\/04\/pexels-anamul-rezwan-1145434-1.jpg","contentUrl":"https:\/\/files.sunoresearch.com.br\/n\/uploads\/2023\/04\/pexels-anamul-rezwan-1145434-1.jpg","width":1280,"height":853,"caption":"Usiminas (USIM5) - Foto: Pexels"},{"@type":"BreadcrumbList","@id":"https:\/\/www.suno.com.br\/noticias\/usiminas-usim5-acoes-disparam-goldman-sachs-evm\/#breadcrumb","itemListElement":[{"@type":"ListItem","position":1,"name":"Not\u00edcias","item":"https:\/\/www.suno.com.br\/noticias\/"},{"@type":"ListItem","position":2,"name":"Neg\u00f3cios","item":"https:\/\/www.suno.com.br\/noticias\/negocios\/"},{"@type":"ListItem","position":3,"name":"Usiminas (USIM5) dispara na bolsa ap\u00f3s Goldman Sachs elevar recomenda\u00e7\u00e3o"}]},{"@type":"WebSite","@id":"https:\/\/www.suno.com.br\/noticias\/#website","url":"https:\/\/www.suno.com.br\/noticias\/","name":"Suno Not\u00edcias","description":"Seu portal de informa\u00e7\u00e3o sobre o mundo dos investimentos","publisher":{"@id":"https:\/\/www.suno.com.br\/noticias\/#organization"},"potentialAction":[{"@type":"SearchAction","target":{"@type":"EntryPoint","urlTemplate":"https:\/\/www.suno.com.br\/noticias\/?s={search_term_string}"},"query-input":{"@type":"PropertyValueSpecification","valueRequired":true,"valueName":"search_term_string"}}],"inLanguage":"pt-BR"},{"@type":"Organization","@id":"https:\/\/www.suno.com.br\/noticias\/#organization","name":"Suno Not\u00edcias","url":"https:\/\/www.suno.com.br\/noticias\/","logo":{"@type":"ImageObject","inLanguage":"pt-BR","@id":"https:\/\/www.suno.com.br\/noticias\/#\/schema\/logo\/image\/","url":"https:\/\/files.sunoresearch.com.br\/n\/uploads\/2021\/09\/suno-logo.png","contentUrl":"https:\/\/files.sunoresearch.com.br\/n\/uploads\/2021\/09\/suno-logo.png","width":180,"height":180,"caption":"Suno Not\u00edcias"},"image":{"@id":"https:\/\/www.suno.com.br\/noticias\/#\/schema\/logo\/image\/"},"sameAs":["https:\/\/facebook.com\/sunoresearch","https:\/\/x.com\/sunoresearch","https:\/\/www.instagram.com\/suno","https:\/\/www.linkedin.com\/company\/suno-research\/","https:\/\/www.youtube.com\/c\/sunoresearch"]},{"@type":"Person","@id":"https:\/\/www.suno.com.br\/noticias\/#\/schema\/person\/7f4d362bf3518e76090143ae77bb49a5","name":"Eduardo Vargas","image":{"@type":"ImageObject","inLanguage":"pt-BR","@id":"https:\/\/www.suno.com.br\/noticias\/#\/schema\/person\/image\/","url":"https:\/\/secure.gravatar.com\/avatar\/dac340933427a22924c9f99d1eb2e3f2?s=96&r=g","contentUrl":"https:\/\/secure.gravatar.com\/avatar\/dac340933427a22924c9f99d1eb2e3f2?s=96&r=g","caption":"Eduardo Vargas"},"description":"Jornalista formado pela UFSC, cobre macroeconomia, neg\u00f3cios e startups para o Suno Not\u00edcias, escrevendo principalmente not\u00edcias sobre o mercado financeiro e a bolsa de valores. No YouTube e no Instagram, \u00e9 respons\u00e1vel pela produ\u00e7\u00e3o de Reels e Shorts do Suno Not\u00edcias. Anteriormente, trabalhou cobrindo economia e cotidiano no ND+ e para o ND, maior jornal impresso de Santa Catarina. Cursou um semestre letivo de Estudos de M\u00eddia na Universidad de Buenos Aires.","url":"https:\/\/www.suno.com.br\/noticias\/author\/eduardo-vargas\/"}]}},"default_loop_html":"<div class=\"cardsPage__listCard__boxs\"><div class=\"cardsPage__listCard__boxs__img\"><a href=\"https:\/\/www.suno.com.br\/noticias\/usiminas-usim5-acoes-disparam-goldman-sachs-evm\/\"><img class=\"mask\" src=\"https:\/\/www.suno.com.br\/noticias\/wp-content\/themes\/suno\/resources\/images\/spotlight\/spotlight1img\/bg-mask.png\" alt=\"Image Mask\"\/><img src=\"https:\/\/files.sunoresearch.com.br\/n\/uploads\/2023\/04\/pexels-anamul-rezwan-1145434-1-400x200.jpg\" alt=\"Usiminas (USIM5) dispara na bolsa ap\u00f3s Goldman Sachs elevar recomenda\u00e7\u00e3o\"\/><\/a><span class=\"spotlightCategory\"><a href=\"https:\/\/www.suno.com.br\/noticias\/negocios\/\">Neg\u00f3cios<\/a><\/span><\/div><div class=\"cardsPage__listCard__boxs__content\"><a href=\"https:\/\/www.suno.com.br\/noticias\/usiminas-usim5-acoes-disparam-goldman-sachs-evm\/\"><h2 class=\"content__title\">Usiminas (USIM5) dispara na bolsa ap\u00f3s Goldman Sachs elevar recomenda\u00e7\u00e3o<\/h2><\/a><div class=\"newsContent__article__meta\"><div class=\"newsContent__article__meta__authorBox\"><a href=\"https:\/\/www.suno.com.br\/noticias\/author\/eduardo-vargas\/\" class=\"authorBox__avatar noMobi\"><img src=\"https:\/\/secure.gravatar.com\/avatar\/dac340933427a22924c9f99d1eb2e3f2?s=96&#038;r=g\" alt=\"Eduardo Vargas\"><\/a><div class=\"authorBox__name\"><span>por\n\t\t\t<a href=\"https:\/\/www.suno.com.br\/noticias\/author\/eduardo-vargas\/\"><span itemprop=\"author\">Eduardo Vargas<\/span><\/a><\/span><time datetime=\"2024-02-20T12:35:37-03:00\" itemprop=\"datePublished\">20\/02\/2024 12:35<\/time><\/div><\/div><\/div><\/div><\/div>","single_layout":"posts","amp_enabled":true,"_links":{"self":[{"href":"https:\/\/www.suno.com.br\/noticias\/wp-json\/wp\/v2\/posts\/524687"}],"collection":[{"href":"https:\/\/www.suno.com.br\/noticias\/wp-json\/wp\/v2\/posts"}],"about":[{"href":"https:\/\/www.suno.com.br\/noticias\/wp-json\/wp\/v2\/types\/post"}],"author":[{"embeddable":true,"href":"https:\/\/www.suno.com.br\/noticias\/wp-json\/wp\/v2\/users\/73"}],"replies":[{"embeddable":true,"href":"https:\/\/www.suno.com.br\/noticias\/wp-json\/wp\/v2\/comments?post=524687"}],"version-history":[{"count":3,"href":"https:\/\/www.suno.com.br\/noticias\/wp-json\/wp\/v2\/posts\/524687\/revisions"}],"predecessor-version":[{"id":524694,"href":"https:\/\/www.suno.com.br\/noticias\/wp-json\/wp\/v2\/posts\/524687\/revisions\/524694"}],"wp:featuredmedia":[{"embeddable":true,"href":"https:\/\/www.suno.com.br\/noticias\/wp-json\/wp\/v2\/media\/392368"}],"wp:attachment":[{"href":"https:\/\/www.suno.com.br\/noticias\/wp-json\/wp\/v2\/media?parent=524687"}],"wp:term":[{"taxonomy":"category","embeddable":true,"href":"https:\/\/www.suno.com.br\/noticias\/wp-json\/wp\/v2\/categories?post=524687"},{"taxonomy":"post_tag","embeddable":true,"href":"https:\/\/www.suno.com.br\/noticias\/wp-json\/wp\/v2\/tags?post=524687"},{"taxonomy":"suno_strategy","embeddable":true,"href":"https:\/\/www.suno.com.br\/noticias\/wp-json\/wp\/v2\/suno_strategy?post=524687"}],"curies":[{"name":"wp","href":"https:\/\/api.w.org\/{rel}","templated":true}]}}