{"id":52466,"date":"2020-02-10T11:14:05","date_gmt":"2020-02-10T13:14:05","guid":{"rendered":"https:\/\/www.suno.com.br\/noticias\/?p=52466"},"modified":"2020-02-10T11:14:05","modified_gmt":"2020-02-10T13:14:05","slug":"boletim-focus-reduz-expectativa-da-inflacao","status":"publish","type":"post","link":"https:\/\/www.suno.com.br\/noticias\/boletim-focus-reduz-expectativa-da-inflacao\/","title":{"rendered":"Boletim Focus reduz expectativa da infla\u00e7\u00e3o para 2020"},"content":{"rendered":"<p>A expectativa pelo <strong>\u00cdndice Nacional de Pre\u00e7os ao Consumidor Amplo <\/strong>(IPCA) para este ano, segundo o <strong>Boletim<\/strong> <strong>Focus<\/strong>, caiu pela sexta semana consecutiva.<\/p>\t<div class=\"wrapper-featured-image\">\n\t\t<figure class=\"spotlightImg\">\n\n\t\t\t<picture>\n\t\t\t\t<source media=\"(max-width: 768px)\" srcset=\"https:\/\/files.sunoresearch.com.br\/n\/uploads\/2018\/10\/61b25aa1-boletim-focus-1-400x200.webp\">\n\t\t\t\t<img loading=\"lazy\" decoding=\"async\" class=\"newsContent__article__imgCapa lazyloadDisabled newsContent__article__imgCapa--noCaption\" src=\"https:\/\/files.sunoresearch.com.br\/n\/uploads\/2018\/10\/61b25aa1-boletim-focus-1-800x450.webp\" width=\"800\" height=\"450\" alt=\"Boletim Focus reduz expectativa da infla\u00e7\u00e3o para 2020\" fetchpriority=high \/>\n\t\t\t<\/picture>\n\n\t\t\t<figcaption class=\"wp-caption-text wp-caption-text--hide\">O Boletim Focus, divulgado nesta segunda-feira (26), voltou a elevar a expectativa pela infla\u00e7\u00e3o deste ano. <\/figcaption>\n\t\t<\/figure>\n\t<\/div>\n\n\n\n<p>De acordo com os especialistas das 100 principais institui\u00e7\u00f5es financeiras do mercado brasileiro, consultados pelo <a href=\"https:\/\/www.suno.com.br\/artigos\/bacen\/\">Banco Central (BC)<\/a>, para a realiza\u00e7\u00e3o do <strong>Boletim<\/strong> <strong>Focus<\/strong>, IPCA de 2020 ser\u00e1 de 3,25%. Na \u00faltima semana, a estimativa era de 3,40%.<\/p>\n<p>Sendo assim, a <a href=\"https:\/\/www.suno.com.br\/artigos\/inflacao\/\">infla\u00e7\u00e3o<\/a> permanece abaixo da meta fixada pelo <a href=\"https:\/\/www.suno.com.br\/artigos\/cmn-conselho-monetario-nacional\/\">Conselho Monet\u00e1rio Nacional (CMN)<\/a> para 2020, de 4%. A meta tem uma toler\u00e2ncia de 1,5 ponto percentual, podendo ir de 2,5% at\u00e9 5,5%.<\/p>\n<p><a href=\"https:\/\/www.suno.com.br\/noticias\/coronavirus-j-p-morgan-reduz-previsao-de-pib-do-brasil-por-conta-da-epidemia\/\">Saiba mais: Coronav\u00edrus: J.P. Morgan reduz previs\u00e3o de PIB do Brasil por conta da epidemia<\/a><\/p>\n<p>Quando ao ano que vem, os economistas ouvidos pela institui\u00e7\u00e3o monet\u00e1ria central estimam um aumento dos pre\u00e7os de 3,75%, mesmo levantamento da \u00faltima semana.<\/p>\n<p>O IPCA \u00e9 o indicador oficial da infla\u00e7\u00e3o no Brasil, e \u00e9 divulgado pelo <strong>Instituto Brasileiro de Geografia e Estat\u00edstica <\/strong>(IBGE) mensalmente. H\u00e1 ainda o IPCA-15, a pr\u00e9via mensal do indicador.<\/p>\n<h2>Selic, segundo o Boletim Focus<\/h2>\n<p>A previs\u00e3o da <a href=\"https:\/\/www.suno.com.br\/artigos\/taxa-selic\/\">taxa b\u00e1sica de juros do Pa\u00eds (<strong>Selic<\/strong>)<\/a> permaneceu no mesmo patamar da semana passada para este ano, de 4,25%.<\/p>\n\t<p>\n\t\t<a href=\"https:\/\/lp.suno.com.br\/planilha-controle-gastos\/\" target=\"_blank\" data-element=\"shortcode-suno-banner\" title=\"Banner SUNO, clique e saiba mais\">\n\t\t\t<picture>\n\t\t\t\t<source media=\"(max-width: 500px)\" srcset=\"https:\/\/files.sunoresearch.com.br\/n\/uploads\/2023\/03\/400x300-Planilha-controle-de-gastos.png\">\n\t\t\t\t<img class=\"newsContent__article__imgCapa newsContent__article__imgCapa--banner\"\n\t\t\t\t\tsrc=\"https:\/\/files.sunoresearch.com.br\/n\/uploads\/2023\/03\/1420x240-Planilha-controle-de-gastos.png\"\n\t\t\t\t\tdata-promo-id=\"102417\"\t\t\t\t\t\t\t\t\t\twidth='1420' height='240'\t\t\t\t\talt=\"https:\/\/files.sunoresearch.com.br\/n\/uploads\/2023\/03\/1420x240-Planilha-controle-de-gastos.png\"\n\t\t\t\t>\n\t\t\t<\/picture>\n\t\t<\/a>\n\t<\/p>\n\n\n<p>Na \u00faltima semana, o <strong>Comit\u00ea de Pol\u00edtica Externa<\/strong> (Copom) decidiu por cortar a taxa de juros novamente, deixando-a em 4,25%. Esse \u00e9 o menor patamar da Selic em sua s\u00e9rie hist\u00f3rica.<\/p>\n<p>H\u00e1 tr\u00eas semanas, entretanto, a previs\u00e3o dos economistas no <strong>Boletim Focus<\/strong> para a taxa Selic de 2020 era um pouco maior, de 4,50%. Para o ano que vem, o BC permanece com a previs\u00e3o de 6%.<\/p>\n<h2>PIB<\/h2>\n<p>Al\u00e9m disso, o BC continua com a previs\u00e3o de crescimento do <strong><a href=\"https:\/\/www.suno.com.br\/artigos\/pib-produto-interno-bruto\/\">Produto Interno Bruto (PIB)<\/a><\/strong> de 2,30%. Para o ano que vem, da mesma forma, o BC n\u00e3o alterou a sua expectativa, mantendo uma previs\u00e3o de 2,50%.<\/p>\n<p>Al\u00e9m disso, os economistas mantiveram a previs\u00e3o para o c\u00e2mbio ao final deste ano. Segundo eles, em 2020, a cota\u00e7\u00e3o do real frente ao <a href=\"https:\/\/www.suno.com.br\/artigos\/dolar\/\"><strong>d\u00f3lar<\/strong><\/a> ser\u00e1 de R$ 4,10.<\/p>\n<p>Confira, em detalhes, as expectativas do mercado para 2020 e 2021, expressas no Boletim Focus.<\/p>\n<h2>2020<\/h2>\n<ul>\n<li><strong>PIB:<\/strong> a proje\u00e7\u00e3o do crescimento da economia permanece em 2,30%.<\/li>\n<li><strong>IPCA: <\/strong>o mercado reduziu a proje\u00e7\u00e3o para 3,25%. A meta central para 2020 ser\u00e1 de 4%, com intervalo de toler\u00e2ncia entre 2,5% e 5,5%.<\/li>\n<li><strong>Taxa Selic:<\/strong> a previs\u00e3o se manteve em 4,25%.<\/li>\n<li><strong>D\u00f3lar:<\/strong> os <a href=\"https:\/\/www.youtube.com\/watch?v=1npgrRjO7iE\">investidores<\/a> mantiveram a previs\u00e3o em R$ 4,10.<\/li>\n<li><strong>Balan\u00e7a Comercial:<\/strong> a expectativa para o super\u00e1vit caiu para US$ 36,40 bilh\u00f5es.<\/li>\n<li><strong>Investimento estrangeiro direto: <\/strong>os economistas indicaram novamente US$ 80 bilh\u00f5es.<\/li>\n<\/ul>\n<h2>2021<\/h2>\n<ul>\n<li><strong>PIB:<\/strong> a proje\u00e7\u00e3o do crescimento da economia foi mantida em 2,50%.<\/li>\n<li><strong>IPCA: <\/strong>o mercado mant\u00e9m a proje\u00e7\u00e3o de 3,75%. A meta central para 2020 ser\u00e1 de 4%, com intervalo de toler\u00e2ncia entre 2,5% e 5,5%.<\/li>\n<li><strong>Taxa Selic:<\/strong> a previs\u00e3o caiu para 6%.<\/li>\n<li><strong>D\u00f3lar:<\/strong> os <a href=\"https:\/\/www.youtube.com\/watch?v=1npgrRjO7iE\">investidores<\/a> aumentaram a previs\u00e3o para R$ 4,10.<\/li>\n<li><strong>Balan\u00e7a Comercial:<\/strong> a expectativa para o super\u00e1vit caiu para US$ 35 bilh\u00f5es.<\/li>\n<li><strong>Investimento estrangeiro direto: <\/strong>os economistas mantiveram em US$ 84,50 bilh\u00f5es.<\/li>\n<\/ul>\n<p>O <strong>Boletim Focus<\/strong> \u00e9 elaborado semanalmente pelo Banco Central na base das previs\u00f5es dos analistas de\u00a0mais de 100 institui\u00e7\u00f5es financeiras.<\/p>\n\n","protected":false},"excerpt":{"rendered":"<p>A expectativa pelo \u00cdndice Nacional de Pre\u00e7os ao Consumidor Amplo (IPCA) para este ano, segundo o Boletim Focus, caiu pela sexta semana consecutiva. O Boletim Focus, divulgado nesta segunda-feira (26), voltou a elevar a expectativa pela infla\u00e7\u00e3o deste ano. De acordo com os especialistas das 100 principais institui\u00e7\u00f5es financeiras do mercado brasileiro, consultados pelo Banco [&hellip;]<\/p>\n","protected":false},"author":24,"featured_media":5296,"comment_status":"closed","ping_status":"closed","sticky":false,"template":"","format":"standard","meta":[],"categories":[62],"tags":[834,850,966],"suno_strategy":[],"class_list":["post-52466","post","type-post","status-publish","format-standard","has-post-thumbnail","hentry","category-economia","tag-boletim-focus","tag-inflacao","tag-ipca"],"yoast_head":"<!-- This site is optimized with the Yoast SEO plugin v24.4 - https:\/\/yoast.com\/wordpress\/plugins\/seo\/ -->\n<title>Boletim Focus reduz expectativa da infla\u00e7\u00e3o para 2020<\/title>\n<meta name=\"description\" content=\"A expectativa pelo IPCA para este ano, segundo o Boletim Focus, caiu pela sexta semana consecutiva. Clique aqui e saiba mais.\" \/>\n<meta name=\"robots\" content=\"index, follow, max-snippet:-1, max-image-preview:large, max-video-preview:-1\" \/>\n<link rel=\"canonical\" href=\"https:\/\/www.suno.com.br\/noticias\/boletim-focus-reduz-expectativa-da-inflacao\/\" \/>\n<meta property=\"og:locale\" content=\"pt_BR\" \/>\n<meta property=\"og:type\" content=\"article\" \/>\n<meta property=\"og:title\" content=\"Boletim Focus reduz expectativa da infla\u00e7\u00e3o para 2020\" \/>\n<meta property=\"og:description\" content=\"A expectativa pelo IPCA para este ano, segundo o Boletim Focus, caiu pela sexta semana consecutiva. Clique aqui e saiba mais.\" \/>\n<meta property=\"og:url\" content=\"https:\/\/www.suno.com.br\/noticias\/boletim-focus-reduz-expectativa-da-inflacao\/\" \/>\n<meta property=\"og:site_name\" content=\"Suno Not\u00edcias\" \/>\n<meta property=\"article:publisher\" content=\"https:\/\/facebook.com\/sunoresearch\" \/>\n<meta property=\"og:image\" content=\"https:\/\/files.sunoresearch.com.br\/n\/uploads\/2018\/10\/61b25aa1-boletim-focus-1.jpg\" \/>\n\t<meta property=\"og:image:width\" content=\"1920\" \/>\n\t<meta property=\"og:image:height\" content=\"1440\" \/>\n\t<meta property=\"og:image:type\" content=\"image\/jpeg\" \/>\n<meta name=\"author\" content=\"Jader Lazarini\" \/>\n<meta name=\"twitter:card\" content=\"summary_large_image\" \/>\n<meta name=\"twitter:creator\" content=\"@sunoresearch\" \/>\n<meta name=\"twitter:site\" content=\"@sunoresearch\" \/>\n<meta name=\"twitter:label1\" content=\"Escrito por\" \/>\n\t<meta name=\"twitter:data1\" content=\"Jader Lazarini\" \/>\n\t<meta name=\"twitter:label2\" content=\"Est. tempo de leitura\" \/>\n\t<meta name=\"twitter:data2\" content=\"3 minutos\" \/>\n<script type=\"application\/ld+json\" class=\"yoast-schema-graph\">{\"@context\":\"https:\/\/schema.org\",\"@graph\":[{\"@type\":\"NewsArticle\",\"@id\":\"https:\/\/www.suno.com.br\/noticias\/boletim-focus-reduz-expectativa-da-inflacao\/#article\",\"isPartOf\":{\"@id\":\"https:\/\/www.suno.com.br\/noticias\/boletim-focus-reduz-expectativa-da-inflacao\/\"},\"author\":{\"name\":\"Jader Lazarini\",\"@id\":\"https:\/\/www.suno.com.br\/noticias\/#\/schema\/person\/918d79de1f0281f01599b93f9ea6e23f\"},\"headline\":\"Boletim Focus reduz expectativa da infla\u00e7\u00e3o para 2020\",\"datePublished\":\"2020-02-10T13:14:05+00:00\",\"mainEntityOfPage\":{\"@id\":\"https:\/\/www.suno.com.br\/noticias\/boletim-focus-reduz-expectativa-da-inflacao\/\"},\"wordCount\":536,\"publisher\":{\"@id\":\"https:\/\/www.suno.com.br\/noticias\/#organization\"},\"image\":{\"@id\":\"https:\/\/www.suno.com.br\/noticias\/boletim-focus-reduz-expectativa-da-inflacao\/#primaryimage\"},\"thumbnailUrl\":\"https:\/\/files.sunoresearch.com.br\/n\/uploads\/2018\/10\/61b25aa1-boletim-focus-1-jpg.webp\",\"keywords\":[\"Boletim Focus\",\"infla\u00e7\u00e3o\",\"IPCA\"],\"articleSection\":[\"Economia\"],\"inLanguage\":\"pt-BR\"},{\"@type\":\"WebPage\",\"@id\":\"https:\/\/www.suno.com.br\/noticias\/boletim-focus-reduz-expectativa-da-inflacao\/\",\"url\":\"https:\/\/www.suno.com.br\/noticias\/boletim-focus-reduz-expectativa-da-inflacao\/\",\"name\":\"Boletim Focus reduz expectativa da infla\u00e7\u00e3o para 2020\",\"isPartOf\":{\"@id\":\"https:\/\/www.suno.com.br\/noticias\/#website\"},\"primaryImageOfPage\":{\"@id\":\"https:\/\/www.suno.com.br\/noticias\/boletim-focus-reduz-expectativa-da-inflacao\/#primaryimage\"},\"image\":{\"@id\":\"https:\/\/www.suno.com.br\/noticias\/boletim-focus-reduz-expectativa-da-inflacao\/#primaryimage\"},\"thumbnailUrl\":\"https:\/\/files.sunoresearch.com.br\/n\/uploads\/2018\/10\/61b25aa1-boletim-focus-1-jpg.webp\",\"datePublished\":\"2020-02-10T13:14:05+00:00\",\"description\":\"A expectativa pelo IPCA para este ano, segundo o Boletim Focus, caiu pela sexta semana consecutiva. Clique aqui e saiba mais.\",\"breadcrumb\":{\"@id\":\"https:\/\/www.suno.com.br\/noticias\/boletim-focus-reduz-expectativa-da-inflacao\/#breadcrumb\"},\"inLanguage\":\"pt-BR\",\"potentialAction\":[{\"@type\":\"ReadAction\",\"target\":[\"https:\/\/www.suno.com.br\/noticias\/boletim-focus-reduz-expectativa-da-inflacao\/\"]}]},{\"@type\":\"ImageObject\",\"inLanguage\":\"pt-BR\",\"@id\":\"https:\/\/www.suno.com.br\/noticias\/boletim-focus-reduz-expectativa-da-inflacao\/#primaryimage\",\"url\":\"https:\/\/files.sunoresearch.com.br\/n\/uploads\/2018\/10\/61b25aa1-boletim-focus-1-jpg.webp\",\"contentUrl\":\"https:\/\/files.sunoresearch.com.br\/n\/uploads\/2018\/10\/61b25aa1-boletim-focus-1-jpg.webp\",\"width\":1920,\"height\":1440,\"caption\":\"O Boletim Focus, divulgado nesta segunda-feira (26), voltou a elevar a expectativa pela infla\u00e7\u00e3o deste ano.\"},{\"@type\":\"BreadcrumbList\",\"@id\":\"https:\/\/www.suno.com.br\/noticias\/boletim-focus-reduz-expectativa-da-inflacao\/#breadcrumb\",\"itemListElement\":[{\"@type\":\"ListItem\",\"position\":1,\"name\":\"Not\u00edcias\",\"item\":\"https:\/\/www.suno.com.br\/noticias\/\"},{\"@type\":\"ListItem\",\"position\":2,\"name\":\"Economia\",\"item\":\"https:\/\/www.suno.com.br\/noticias\/economia\/\"},{\"@type\":\"ListItem\",\"position\":3,\"name\":\"Boletim Focus reduz expectativa da infla\u00e7\u00e3o para 2020\"}]},{\"@type\":\"WebSite\",\"@id\":\"https:\/\/www.suno.com.br\/noticias\/#website\",\"url\":\"https:\/\/www.suno.com.br\/noticias\/\",\"name\":\"Suno Not\u00edcias\",\"description\":\"Seu portal de informa\u00e7\u00e3o sobre o mundo dos investimentos\",\"publisher\":{\"@id\":\"https:\/\/www.suno.com.br\/noticias\/#organization\"},\"potentialAction\":[{\"@type\":\"SearchAction\",\"target\":{\"@type\":\"EntryPoint\",\"urlTemplate\":\"https:\/\/www.suno.com.br\/noticias\/?s={search_term_string}\"},\"query-input\":{\"@type\":\"PropertyValueSpecification\",\"valueRequired\":true,\"valueName\":\"search_term_string\"}}],\"inLanguage\":\"pt-BR\"},{\"@type\":\"Organization\",\"@id\":\"https:\/\/www.suno.com.br\/noticias\/#organization\",\"name\":\"Suno Not\u00edcias\",\"url\":\"https:\/\/www.suno.com.br\/noticias\/\",\"logo\":{\"@type\":\"ImageObject\",\"inLanguage\":\"pt-BR\",\"@id\":\"https:\/\/www.suno.com.br\/noticias\/#\/schema\/logo\/image\/\",\"url\":\"https:\/\/files.sunoresearch.com.br\/n\/uploads\/2021\/09\/suno-logo.png\",\"contentUrl\":\"https:\/\/files.sunoresearch.com.br\/n\/uploads\/2021\/09\/suno-logo.png\",\"width\":180,\"height\":180,\"caption\":\"Suno Not\u00edcias\"},\"image\":{\"@id\":\"https:\/\/www.suno.com.br\/noticias\/#\/schema\/logo\/image\/\"},\"sameAs\":[\"https:\/\/facebook.com\/sunoresearch\",\"https:\/\/x.com\/sunoresearch\",\"https:\/\/www.instagram.com\/suno\",\"https:\/\/www.linkedin.com\/company\/suno-research\/\",\"https:\/\/www.youtube.com\/c\/sunoresearch\"]},{\"@type\":\"Person\",\"@id\":\"https:\/\/www.suno.com.br\/noticias\/#\/schema\/person\/918d79de1f0281f01599b93f9ea6e23f\",\"name\":\"Jader Lazarini\",\"image\":{\"@type\":\"ImageObject\",\"inLanguage\":\"pt-BR\",\"@id\":\"https:\/\/www.suno.com.br\/noticias\/#\/schema\/person\/image\/\",\"url\":\"https:\/\/secure.gravatar.com\/avatar\/3c1ad8caa51589841baeb923fcddea97?s=96&r=g\",\"contentUrl\":\"https:\/\/secure.gravatar.com\/avatar\/3c1ad8caa51589841baeb923fcddea97?s=96&r=g\",\"caption\":\"Jader Lazarini\"},\"description\":\"Jader Lazarini escreve sobre investimentos, finan\u00e7as, economia e neg\u00f3cios. \u00c9 bacharel em Rela\u00e7\u00f5es Internacionais e analista CNPI (2619).\",\"url\":\"https:\/\/www.suno.com.br\/noticias\/author\/jader-lazarini\/\"}]}<\/script>\n<!-- \/ Yoast SEO plugin. -->","yoast_head_json":{"title":"Boletim Focus reduz expectativa da infla\u00e7\u00e3o para 2020","description":"A expectativa pelo IPCA para este ano, segundo o Boletim Focus, caiu pela sexta semana consecutiva. Clique aqui e saiba mais.","robots":{"index":"index","follow":"follow","max-snippet":"max-snippet:-1","max-image-preview":"max-image-preview:large","max-video-preview":"max-video-preview:-1"},"canonical":"https:\/\/www.suno.com.br\/noticias\/boletim-focus-reduz-expectativa-da-inflacao\/","og_locale":"pt_BR","og_type":"article","og_title":"Boletim Focus reduz expectativa da infla\u00e7\u00e3o para 2020","og_description":"A expectativa pelo IPCA para este ano, segundo o Boletim Focus, caiu pela sexta semana consecutiva. Clique aqui e saiba mais.","og_url":"https:\/\/www.suno.com.br\/noticias\/boletim-focus-reduz-expectativa-da-inflacao\/","og_site_name":"Suno Not\u00edcias","article_publisher":"https:\/\/facebook.com\/sunoresearch","og_image":[{"width":1920,"height":1440,"url":"https:\/\/files.sunoresearch.com.br\/n\/uploads\/2018\/10\/61b25aa1-boletim-focus-1.jpg","type":"image\/jpeg"}],"author":"Jader Lazarini","twitter_card":"summary_large_image","twitter_creator":"@sunoresearch","twitter_site":"@sunoresearch","twitter_misc":{"Escrito por":"Jader Lazarini","Est. tempo de leitura":"3 minutos"},"schema":{"@context":"https:\/\/schema.org","@graph":[{"@type":"NewsArticle","@id":"https:\/\/www.suno.com.br\/noticias\/boletim-focus-reduz-expectativa-da-inflacao\/#article","isPartOf":{"@id":"https:\/\/www.suno.com.br\/noticias\/boletim-focus-reduz-expectativa-da-inflacao\/"},"author":{"name":"Jader Lazarini","@id":"https:\/\/www.suno.com.br\/noticias\/#\/schema\/person\/918d79de1f0281f01599b93f9ea6e23f"},"headline":"Boletim Focus reduz expectativa da infla\u00e7\u00e3o para 2020","datePublished":"2020-02-10T13:14:05+00:00","mainEntityOfPage":{"@id":"https:\/\/www.suno.com.br\/noticias\/boletim-focus-reduz-expectativa-da-inflacao\/"},"wordCount":536,"publisher":{"@id":"https:\/\/www.suno.com.br\/noticias\/#organization"},"image":{"@id":"https:\/\/www.suno.com.br\/noticias\/boletim-focus-reduz-expectativa-da-inflacao\/#primaryimage"},"thumbnailUrl":"https:\/\/files.sunoresearch.com.br\/n\/uploads\/2018\/10\/61b25aa1-boletim-focus-1-jpg.webp","keywords":["Boletim Focus","infla\u00e7\u00e3o","IPCA"],"articleSection":["Economia"],"inLanguage":"pt-BR"},{"@type":"WebPage","@id":"https:\/\/www.suno.com.br\/noticias\/boletim-focus-reduz-expectativa-da-inflacao\/","url":"https:\/\/www.suno.com.br\/noticias\/boletim-focus-reduz-expectativa-da-inflacao\/","name":"Boletim Focus reduz expectativa da infla\u00e7\u00e3o para 2020","isPartOf":{"@id":"https:\/\/www.suno.com.br\/noticias\/#website"},"primaryImageOfPage":{"@id":"https:\/\/www.suno.com.br\/noticias\/boletim-focus-reduz-expectativa-da-inflacao\/#primaryimage"},"image":{"@id":"https:\/\/www.suno.com.br\/noticias\/boletim-focus-reduz-expectativa-da-inflacao\/#primaryimage"},"thumbnailUrl":"https:\/\/files.sunoresearch.com.br\/n\/uploads\/2018\/10\/61b25aa1-boletim-focus-1-jpg.webp","datePublished":"2020-02-10T13:14:05+00:00","description":"A expectativa pelo IPCA para este ano, segundo o Boletim Focus, caiu pela sexta semana consecutiva. Clique aqui e saiba mais.","breadcrumb":{"@id":"https:\/\/www.suno.com.br\/noticias\/boletim-focus-reduz-expectativa-da-inflacao\/#breadcrumb"},"inLanguage":"pt-BR","potentialAction":[{"@type":"ReadAction","target":["https:\/\/www.suno.com.br\/noticias\/boletim-focus-reduz-expectativa-da-inflacao\/"]}]},{"@type":"ImageObject","inLanguage":"pt-BR","@id":"https:\/\/www.suno.com.br\/noticias\/boletim-focus-reduz-expectativa-da-inflacao\/#primaryimage","url":"https:\/\/files.sunoresearch.com.br\/n\/uploads\/2018\/10\/61b25aa1-boletim-focus-1-jpg.webp","contentUrl":"https:\/\/files.sunoresearch.com.br\/n\/uploads\/2018\/10\/61b25aa1-boletim-focus-1-jpg.webp","width":1920,"height":1440,"caption":"O Boletim Focus, divulgado nesta segunda-feira (26), voltou a elevar a expectativa pela infla\u00e7\u00e3o deste ano."},{"@type":"BreadcrumbList","@id":"https:\/\/www.suno.com.br\/noticias\/boletim-focus-reduz-expectativa-da-inflacao\/#breadcrumb","itemListElement":[{"@type":"ListItem","position":1,"name":"Not\u00edcias","item":"https:\/\/www.suno.com.br\/noticias\/"},{"@type":"ListItem","position":2,"name":"Economia","item":"https:\/\/www.suno.com.br\/noticias\/economia\/"},{"@type":"ListItem","position":3,"name":"Boletim Focus reduz expectativa da infla\u00e7\u00e3o para 2020"}]},{"@type":"WebSite","@id":"https:\/\/www.suno.com.br\/noticias\/#website","url":"https:\/\/www.suno.com.br\/noticias\/","name":"Suno Not\u00edcias","description":"Seu portal de informa\u00e7\u00e3o sobre o mundo dos investimentos","publisher":{"@id":"https:\/\/www.suno.com.br\/noticias\/#organization"},"potentialAction":[{"@type":"SearchAction","target":{"@type":"EntryPoint","urlTemplate":"https:\/\/www.suno.com.br\/noticias\/?s={search_term_string}"},"query-input":{"@type":"PropertyValueSpecification","valueRequired":true,"valueName":"search_term_string"}}],"inLanguage":"pt-BR"},{"@type":"Organization","@id":"https:\/\/www.suno.com.br\/noticias\/#organization","name":"Suno Not\u00edcias","url":"https:\/\/www.suno.com.br\/noticias\/","logo":{"@type":"ImageObject","inLanguage":"pt-BR","@id":"https:\/\/www.suno.com.br\/noticias\/#\/schema\/logo\/image\/","url":"https:\/\/files.sunoresearch.com.br\/n\/uploads\/2021\/09\/suno-logo.png","contentUrl":"https:\/\/files.sunoresearch.com.br\/n\/uploads\/2021\/09\/suno-logo.png","width":180,"height":180,"caption":"Suno Not\u00edcias"},"image":{"@id":"https:\/\/www.suno.com.br\/noticias\/#\/schema\/logo\/image\/"},"sameAs":["https:\/\/facebook.com\/sunoresearch","https:\/\/x.com\/sunoresearch","https:\/\/www.instagram.com\/suno","https:\/\/www.linkedin.com\/company\/suno-research\/","https:\/\/www.youtube.com\/c\/sunoresearch"]},{"@type":"Person","@id":"https:\/\/www.suno.com.br\/noticias\/#\/schema\/person\/918d79de1f0281f01599b93f9ea6e23f","name":"Jader Lazarini","image":{"@type":"ImageObject","inLanguage":"pt-BR","@id":"https:\/\/www.suno.com.br\/noticias\/#\/schema\/person\/image\/","url":"https:\/\/secure.gravatar.com\/avatar\/3c1ad8caa51589841baeb923fcddea97?s=96&r=g","contentUrl":"https:\/\/secure.gravatar.com\/avatar\/3c1ad8caa51589841baeb923fcddea97?s=96&r=g","caption":"Jader Lazarini"},"description":"Jader Lazarini escreve sobre investimentos, finan\u00e7as, economia e neg\u00f3cios. \u00c9 bacharel em Rela\u00e7\u00f5es Internacionais e analista CNPI (2619).","url":"https:\/\/www.suno.com.br\/noticias\/author\/jader-lazarini\/"}]}},"default_loop_html":"<div class=\"cardsPage__listCard__boxs\"><div class=\"cardsPage__listCard__boxs__img\"><a href=\"https:\/\/www.suno.com.br\/noticias\/boletim-focus-reduz-expectativa-da-inflacao\/\"><img class=\"mask\" src=\"https:\/\/www.suno.com.br\/noticias\/wp-content\/themes\/suno\/resources\/images\/spotlight\/spotlight1img\/bg-mask.png\" alt=\"Image Mask\"\/><img src=\"https:\/\/files.sunoresearch.com.br\/n\/uploads\/2018\/10\/61b25aa1-boletim-focus-1-400x200.webp\" alt=\"Boletim Focus reduz expectativa da infla\u00e7\u00e3o para 2020\"\/><\/a><span class=\"spotlightCategory\"><a href=\"https:\/\/www.suno.com.br\/noticias\/economia\/\">Economia<\/a><\/span><\/div><div class=\"cardsPage__listCard__boxs__content\"><a href=\"https:\/\/www.suno.com.br\/noticias\/boletim-focus-reduz-expectativa-da-inflacao\/\"><h2 class=\"content__title\">Boletim Focus reduz expectativa da infla\u00e7\u00e3o para 2020<\/h2><\/a><div class=\"newsContent__article__meta\"><div class=\"newsContent__article__meta__authorBox\"><a href=\"https:\/\/www.suno.com.br\/noticias\/author\/jader-lazarini\/\" class=\"authorBox__avatar noMobi\"><img src=\"https:\/\/files.sunoresearch.com.br\/n\/uploads\/2021\/01\/178e6598-foto-perfil-2-150x150.jpg\" alt=\"Jader Lazarini\"><\/a><div class=\"authorBox__name\"><span>por\n\t\t\t<a href=\"https:\/\/www.suno.com.br\/noticias\/author\/jader-lazarini\/\"><span itemprop=\"author\">Jader Lazarini<\/span><\/a><\/span><time datetime=\"2020-02-10T11:14:05-03:00\" itemprop=\"datePublished\">10\/02\/2020 11:14<\/time><\/div><\/div><\/div><\/div><\/div>","single_layout":"posts","amp_enabled":true,"_links":{"self":[{"href":"https:\/\/www.suno.com.br\/noticias\/wp-json\/wp\/v2\/posts\/52466"}],"collection":[{"href":"https:\/\/www.suno.com.br\/noticias\/wp-json\/wp\/v2\/posts"}],"about":[{"href":"https:\/\/www.suno.com.br\/noticias\/wp-json\/wp\/v2\/types\/post"}],"author":[{"embeddable":true,"href":"https:\/\/www.suno.com.br\/noticias\/wp-json\/wp\/v2\/users\/24"}],"replies":[{"embeddable":true,"href":"https:\/\/www.suno.com.br\/noticias\/wp-json\/wp\/v2\/comments?post=52466"}],"version-history":[{"count":0,"href":"https:\/\/www.suno.com.br\/noticias\/wp-json\/wp\/v2\/posts\/52466\/revisions"}],"wp:featuredmedia":[{"embeddable":true,"href":"https:\/\/www.suno.com.br\/noticias\/wp-json\/wp\/v2\/media\/5296"}],"wp:attachment":[{"href":"https:\/\/www.suno.com.br\/noticias\/wp-json\/wp\/v2\/media?parent=52466"}],"wp:term":[{"taxonomy":"category","embeddable":true,"href":"https:\/\/www.suno.com.br\/noticias\/wp-json\/wp\/v2\/categories?post=52466"},{"taxonomy":"post_tag","embeddable":true,"href":"https:\/\/www.suno.com.br\/noticias\/wp-json\/wp\/v2\/tags?post=52466"},{"taxonomy":"suno_strategy","embeddable":true,"href":"https:\/\/www.suno.com.br\/noticias\/wp-json\/wp\/v2\/suno_strategy?post=52466"}],"curies":[{"name":"wp","href":"https:\/\/api.w.org\/{rel}","templated":true}]}}