{"id":52458,"date":"2020-02-10T10:49:47","date_gmt":"2020-02-10T12:49:47","guid":{"rendered":"https:\/\/www.suno.com.br\/noticias\/?p=52458"},"modified":"2020-02-10T11:49:09","modified_gmt":"2020-02-10T13:49:09","slug":"dolar-coronavirus-pib-brasil-eua","status":"publish","type":"post","link":"https:\/\/www.suno.com.br\/noticias\/dolar-coronavirus-pib-brasil-eua\/","title":{"rendered":"D\u00f3lar abre em leve queda; coronav\u00edrus segue no radar"},"content":{"rendered":"<p>O <strong><a href=\"https:\/\/www.suno.com.br\/artigos\/alta-do-dolar\/\">d\u00f3lar<\/a> <\/strong>abriu a semana com uma leve queda, ap\u00f3s atingir sua m\u00e1xima hist\u00f3rica nominal na \u00faltima sexta-feira (7). Nunca a cota\u00e7\u00e3o da moeda norte-americana havia fechado acima dos R$ 4,30.<\/p>\t<div class=\"wrapper-featured-image\">\n\t\t<figure class=\"spotlightImg\">\n\n\t\t\t<picture>\n\t\t\t\t<source media=\"(max-width: 768px)\" srcset=\"https:\/\/files.sunoresearch.com.br\/n\/uploads\/2019\/11\/a1bc6fe1-d\u00f3lar-400x200.webp\">\n\t\t\t\t<img loading=\"lazy\" decoding=\"async\" class=\"newsContent__article__imgCapa lazyloadDisabled newsContent__article__imgCapa--noCaption\" src=\"https:\/\/files.sunoresearch.com.br\/n\/uploads\/2019\/11\/a1bc6fe1-d\u00f3lar-800x450.webp\" width=\"800\" height=\"450\" alt=\"D\u00f3lar abre em leve queda; coronav\u00edrus segue no radar\" fetchpriority=high \/>\n\t\t\t<\/picture>\n\n\t\t\t<figcaption class=\"wp-caption-text wp-caption-text--hide\">D\u00f3lar encerra em queda de 1,865%, cotado em R$ 5,1143<\/figcaption>\n\t\t<\/figure>\n\t<\/div>\n\n\n\n<p>Por volta das 9h20, o d\u00f3lar variava negativamente a 0,13% sendo negociado a R$ 4,3136. O mercado permanece atento com as informa\u00e7\u00f5es sobre o <strong>coronav\u00edrus<\/strong>. O n\u00famero de mortos ultrapassou a epidemia <strong>Sars<\/strong>, ocorrida tamb\u00e9m na China, em 2003.<\/p>\n<p>Al\u00e9m disso, os investidores est\u00e3o de olho na crise da Boeing, que, segundo o secret\u00e1rio do Tesouro dos <strong>Estados Unidos<\/strong>, Steven Mnuchin, \u00e9 prejudicial ao Pa\u00eds.<\/p>\n<h2>Coronav\u00edrus<\/h2>\n<p>Subiu para 910 o n\u00famero de mortes em decorr\u00eancia do <strong>coronav\u00edrus<\/strong> na <strong>China<\/strong> continental. Dessa forma, j\u00e1 s\u00e3o mais mortes registradas pelo novo v\u00edrus do que pela epidemia da <strong>S\u00edndrome Respirat\u00f3ria Aguda Grave<\/strong> (Sars) em termos globais, em 2003.<\/p>\n\t<p>\n\t\t<a href=\"https:\/\/lp.suno.com.br\/ao\/sessao-estrategica-consultoria-c\/?utm_source=suno-noticias&#038;utm_medium=banner&#038;utm_campaing=dividendos-taxacao-pl\" target=\"_blank\" data-element=\"shortcode-suno-banner\" title=\"Banner SUNO, clique e saiba mais\">\n\t\t\t<picture>\n\t\t\t\t<source media=\"(max-width: 500px)\" srcset=\"https:\/\/files.sunoresearch.com.br\/n\/uploads\/2025\/09\/300x400.webp\">\n\t\t\t\t<img class=\"newsContent__article__imgCapa newsContent__article__imgCapa--banner\"\n\t\t\t\t\tsrc=\"https:\/\/files.sunoresearch.com.br\/n\/uploads\/2025\/09\/SN-DT-1420x240-1.webp\"\n\t\t\t\t\tdata-promo-id=\"628283\"\t\t\t\t\t\t\t\t\t\twidth='1420' height='240'\t\t\t\t\talt=\"https:\/\/files.sunoresearch.com.br\/n\/uploads\/2025\/09\/SN-DT-1420x240-1.webp\"\n\t\t\t\t>\n\t\t\t<\/picture>\n\t\t<\/a>\n\t<\/p>\n\n\n<p>A epidemia j\u00e1 atingiu 41.171 pessoas. Segundo informa\u00e7\u00f5es, o aumento no n\u00famero de casos de pessoas infectadas pelo coronav\u00edrus est\u00e1 se tornando um problema grave para o sistema de sa\u00fade da China.<\/p>\n<p>Dessa forma, dois hospitais j\u00e1 foram constru\u00eddos por conta da epidemia e mesmo assim a China teme ter mais dificuldades para atender todas as pessoas que est\u00e3o infectadas.<\/p>\n<p>O <strong>Brasil<\/strong> passou de oito casos suspeitos da epidemia para 11, conforme o Minist\u00e9rio da Sa\u00fade. De acordo com o governo, j\u00e1 foram descartadas 28 suspeitas desde o come\u00e7o do monitoramento.<\/p>\n<h2>Impacto na economia brasileira<\/h2>\n<p>O banco norte-americano J.P Morgan cortou sua previs\u00e3o de crescimento do <strong><a href=\"https:\/\/www.suno.com.br\/artigos\/pib-produto-interno-bruto\/\">Produto Interno Bruto (PIB)<\/a><\/strong> do Brasil de 2% para 1,9% neste ano. De acordo com a institui\u00e7\u00e3o financeira, a redu\u00e7\u00e3o \u00e9 por causa da r\u00e1pida dissemina\u00e7\u00e3o do <strong>coronav\u00edrus<\/strong> e seus efeitos na economia chinesa.<\/p>\n<p><a href=\"https:\/\/www.suno.com.br\/noticias\/reforma-administrativa-entregue-proxima-semana-guedes\/\">Confira: Reforma administrativa ser\u00e1 entregue na pr\u00f3xima semana, diz Guedes<\/a><\/p>\n<p>Para este ano, o banco cortou tamb\u00e9m o \u00edndice que mede a infla\u00e7\u00e3o (<a href=\"https:\/\/www.suno.com.br\/artigos\/ipca\/\">IPCA<\/a>) de 3,7% para 3,4%, devido a recupera\u00e7\u00e3o mais lenta provocada pela queda dos pre\u00e7os internacionais das <a href=\"https:\/\/www.suno.com.br\/artigos\/commodities\/\">commodities<\/a> por causa da economia chinesa mais fraca com o surto da doen\u00e7a.<\/p>\n<p>Apesar da redu\u00e7\u00e3o para este ano, as proje\u00e7\u00f5es para 2021 s\u00e3o positivas. O banco elevou a estimativa de 2,2% para 2,4% da economia brasileira.<\/p>\n<h2>PIB norte-americano<\/h2>\n<p>O secret\u00e1rio do Tesouro dos EUA, Steven Mnuchin, disse que o <b>PIB<\/b>\u00a0do pa\u00eds ser\u00e1 afetado pela crise da <strong>Boeing<\/strong>. O secret\u00e1rio acredita que o crescimento deva ser menos de 3% neste ano.<\/p>\n<p>Al\u00e9m da crise da fabricante de aeronaves norte-americana, o Mnuchin disse que a epidemia pode contribuir para esse resultado. No entanto, o conselheiro econ\u00f4mico de Washington, Larry Kudlom, disse, na \u00faltima sexta, que n\u00e3o espera grande impacto do v\u00edrus na economia norte-americana.<\/p>\n<p><a href=\"https:\/\/www.suno.com.br\/noticias\/taxa-de-desemprego-eua-sobe-janeiro\/\">Saiba mais: Taxa de desemprego nos EUA sobe para 3,6% em janeiro<\/a><\/p>\n<p>&#8220;Penso que nossa proje\u00e7\u00e3o foi reduzida por causa da Boeing e outros impactos, ent\u00e3o ser\u00e1 menor. Acho que ter\u00edamos atingido os 3% de novo, a Boeing, teve um grande impacto em nossas exporta\u00e7\u00f5es, sendo o maior exportador&#8221;, afirmou Mnuchin.<\/p>\n<h2>\u00daltima cota\u00e7\u00e3o do d\u00f3lar<\/h2>\n<p>Na \u00faltima sess\u00e3o, sexta-feira, o <strong>d\u00f3lar<\/strong> encerrou em alta de 0,819%, cotado em R$ 4,321.<\/p>\n\n","protected":false},"excerpt":{"rendered":"<p>O d\u00f3lar abriu a semana com uma leve queda, ap\u00f3s atingir sua m\u00e1xima hist\u00f3rica nominal na \u00faltima sexta-feira (7). Nunca a cota\u00e7\u00e3o da moeda norte-americana havia fechado acima dos R$ 4,30. D\u00f3lar encerra em queda de 1,865%, cotado em R$ 5,1143 Por volta das 9h20, o d\u00f3lar variava negativamente a 0,13% sendo negociado a R$ [&hellip;]<\/p>\n","protected":false},"author":24,"featured_media":46152,"comment_status":"closed","ping_status":"closed","sticky":false,"template":"","format":"standard","meta":[],"categories":[60],"tags":[2487,326,793,807],"suno_strategy":[],"class_list":["post-52458","post","type-post","status-publish","format-standard","has-post-thumbnail","hentry","category-mercado","tag-coronavirus","tag-dolar","tag-estados-unidos-eua","tag-produto-interno-bruto-pib"],"yoast_head":"<!-- This site is optimized with the Yoast SEO plugin v24.4 - https:\/\/yoast.com\/wordpress\/plugins\/seo\/ -->\n<title>D\u00f3lar abre em leve queda; coronav\u00edrus segue no radar<\/title>\n<meta name=\"description\" content=\"O d\u00f3lar abriu a semana em leve queda, ap\u00f3s atingir sua m\u00e1xima hist\u00f3rica nominal na \u00faltima sexta-feira (7). Clique aqui e saiba mais.\" \/>\n<meta name=\"robots\" content=\"index, follow, max-snippet:-1, max-image-preview:large, max-video-preview:-1\" \/>\n<link rel=\"canonical\" href=\"https:\/\/www.suno.com.br\/noticias\/dolar-coronavirus-pib-brasil-eua\/\" \/>\n<meta property=\"og:locale\" content=\"pt_BR\" \/>\n<meta property=\"og:type\" content=\"article\" \/>\n<meta property=\"og:title\" content=\"D\u00f3lar abre em leve queda; coronav\u00edrus segue no radar\" \/>\n<meta property=\"og:description\" content=\"O d\u00f3lar abriu a semana em leve queda, ap\u00f3s atingir sua m\u00e1xima hist\u00f3rica nominal na \u00faltima sexta-feira (7). Clique aqui e saiba mais.\" \/>\n<meta property=\"og:url\" content=\"https:\/\/www.suno.com.br\/noticias\/dolar-coronavirus-pib-brasil-eua\/\" \/>\n<meta property=\"og:site_name\" content=\"Suno Not\u00edcias\" \/>\n<meta property=\"article:publisher\" content=\"https:\/\/facebook.com\/sunoresearch\" \/>\n<meta property=\"og:image\" content=\"https:\/\/files.sunoresearch.com.br\/n\/uploads\/2019\/11\/a1bc6fe1-d\u00f3lar.jpg\" \/>\n\t<meta property=\"og:image:width\" content=\"800\" \/>\n\t<meta property=\"og:image:height\" content=\"533\" \/>\n\t<meta property=\"og:image:type\" content=\"image\/jpeg\" \/>\n<meta name=\"author\" content=\"Jader Lazarini\" \/>\n<meta name=\"twitter:card\" content=\"summary_large_image\" \/>\n<meta name=\"twitter:creator\" content=\"@sunoresearch\" \/>\n<meta name=\"twitter:site\" content=\"@sunoresearch\" \/>\n<meta name=\"twitter:label1\" content=\"Escrito por\" \/>\n\t<meta name=\"twitter:data1\" content=\"Jader Lazarini\" \/>\n\t<meta name=\"twitter:label2\" content=\"Est. tempo de leitura\" \/>\n\t<meta name=\"twitter:data2\" content=\"3 minutos\" \/>\n<script type=\"application\/ld+json\" class=\"yoast-schema-graph\">{\"@context\":\"https:\/\/schema.org\",\"@graph\":[{\"@type\":\"NewsArticle\",\"@id\":\"https:\/\/www.suno.com.br\/noticias\/dolar-coronavirus-pib-brasil-eua\/#article\",\"isPartOf\":{\"@id\":\"https:\/\/www.suno.com.br\/noticias\/dolar-coronavirus-pib-brasil-eua\/\"},\"author\":{\"name\":\"Jader Lazarini\",\"@id\":\"https:\/\/www.suno.com.br\/noticias\/#\/schema\/person\/918d79de1f0281f01599b93f9ea6e23f\"},\"headline\":\"D\u00f3lar abre em leve queda; coronav\u00edrus segue no radar\",\"datePublished\":\"2020-02-10T12:49:47+00:00\",\"dateModified\":\"2020-02-10T13:49:09+00:00\",\"mainEntityOfPage\":{\"@id\":\"https:\/\/www.suno.com.br\/noticias\/dolar-coronavirus-pib-brasil-eua\/\"},\"wordCount\":560,\"publisher\":{\"@id\":\"https:\/\/www.suno.com.br\/noticias\/#organization\"},\"image\":{\"@id\":\"https:\/\/www.suno.com.br\/noticias\/dolar-coronavirus-pib-brasil-eua\/#primaryimage\"},\"thumbnailUrl\":\"https:\/\/files.sunoresearch.com.br\/n\/uploads\/2019\/11\/a1bc6fe1-d\u00f3lar-jpg.webp\",\"keywords\":[\"coronav\u00edrus\",\"d\u00f3lar\",\"Estados Unidos (EUA)\",\"Produto Interno Bruto (PIB)\"],\"articleSection\":[\"Mercado\"],\"inLanguage\":\"pt-BR\"},{\"@type\":\"WebPage\",\"@id\":\"https:\/\/www.suno.com.br\/noticias\/dolar-coronavirus-pib-brasil-eua\/\",\"url\":\"https:\/\/www.suno.com.br\/noticias\/dolar-coronavirus-pib-brasil-eua\/\",\"name\":\"D\u00f3lar abre em leve queda; coronav\u00edrus segue no radar\",\"isPartOf\":{\"@id\":\"https:\/\/www.suno.com.br\/noticias\/#website\"},\"primaryImageOfPage\":{\"@id\":\"https:\/\/www.suno.com.br\/noticias\/dolar-coronavirus-pib-brasil-eua\/#primaryimage\"},\"image\":{\"@id\":\"https:\/\/www.suno.com.br\/noticias\/dolar-coronavirus-pib-brasil-eua\/#primaryimage\"},\"thumbnailUrl\":\"https:\/\/files.sunoresearch.com.br\/n\/uploads\/2019\/11\/a1bc6fe1-d\u00f3lar-jpg.webp\",\"datePublished\":\"2020-02-10T12:49:47+00:00\",\"dateModified\":\"2020-02-10T13:49:09+00:00\",\"description\":\"O d\u00f3lar abriu a semana em leve queda, ap\u00f3s atingir sua m\u00e1xima hist\u00f3rica nominal na \u00faltima sexta-feira (7). Clique aqui e saiba mais.\",\"breadcrumb\":{\"@id\":\"https:\/\/www.suno.com.br\/noticias\/dolar-coronavirus-pib-brasil-eua\/#breadcrumb\"},\"inLanguage\":\"pt-BR\",\"potentialAction\":[{\"@type\":\"ReadAction\",\"target\":[\"https:\/\/www.suno.com.br\/noticias\/dolar-coronavirus-pib-brasil-eua\/\"]}]},{\"@type\":\"ImageObject\",\"inLanguage\":\"pt-BR\",\"@id\":\"https:\/\/www.suno.com.br\/noticias\/dolar-coronavirus-pib-brasil-eua\/#primaryimage\",\"url\":\"https:\/\/files.sunoresearch.com.br\/n\/uploads\/2019\/11\/a1bc6fe1-d\u00f3lar-jpg.webp\",\"contentUrl\":\"https:\/\/files.sunoresearch.com.br\/n\/uploads\/2019\/11\/a1bc6fe1-d\u00f3lar-jpg.webp\",\"width\":800,\"height\":533,\"caption\":\"D\u00f3lar encerra em queda de 1,865%, cotado em R$ 5,1143\"},{\"@type\":\"BreadcrumbList\",\"@id\":\"https:\/\/www.suno.com.br\/noticias\/dolar-coronavirus-pib-brasil-eua\/#breadcrumb\",\"itemListElement\":[{\"@type\":\"ListItem\",\"position\":1,\"name\":\"Not\u00edcias\",\"item\":\"https:\/\/www.suno.com.br\/noticias\/\"},{\"@type\":\"ListItem\",\"position\":2,\"name\":\"Mercado\",\"item\":\"https:\/\/www.suno.com.br\/noticias\/mercado\/\"},{\"@type\":\"ListItem\",\"position\":3,\"name\":\"D\u00f3lar abre em leve queda; coronav\u00edrus segue no radar\"}]},{\"@type\":\"WebSite\",\"@id\":\"https:\/\/www.suno.com.br\/noticias\/#website\",\"url\":\"https:\/\/www.suno.com.br\/noticias\/\",\"name\":\"Suno Not\u00edcias\",\"description\":\"Seu portal de informa\u00e7\u00e3o sobre o mundo dos investimentos\",\"publisher\":{\"@id\":\"https:\/\/www.suno.com.br\/noticias\/#organization\"},\"potentialAction\":[{\"@type\":\"SearchAction\",\"target\":{\"@type\":\"EntryPoint\",\"urlTemplate\":\"https:\/\/www.suno.com.br\/noticias\/?s={search_term_string}\"},\"query-input\":{\"@type\":\"PropertyValueSpecification\",\"valueRequired\":true,\"valueName\":\"search_term_string\"}}],\"inLanguage\":\"pt-BR\"},{\"@type\":\"Organization\",\"@id\":\"https:\/\/www.suno.com.br\/noticias\/#organization\",\"name\":\"Suno Not\u00edcias\",\"url\":\"https:\/\/www.suno.com.br\/noticias\/\",\"logo\":{\"@type\":\"ImageObject\",\"inLanguage\":\"pt-BR\",\"@id\":\"https:\/\/www.suno.com.br\/noticias\/#\/schema\/logo\/image\/\",\"url\":\"https:\/\/files.sunoresearch.com.br\/n\/uploads\/2021\/09\/suno-logo.png\",\"contentUrl\":\"https:\/\/files.sunoresearch.com.br\/n\/uploads\/2021\/09\/suno-logo.png\",\"width\":180,\"height\":180,\"caption\":\"Suno Not\u00edcias\"},\"image\":{\"@id\":\"https:\/\/www.suno.com.br\/noticias\/#\/schema\/logo\/image\/\"},\"sameAs\":[\"https:\/\/facebook.com\/sunoresearch\",\"https:\/\/x.com\/sunoresearch\",\"https:\/\/www.instagram.com\/suno\",\"https:\/\/www.linkedin.com\/company\/suno-research\/\",\"https:\/\/www.youtube.com\/c\/sunoresearch\"]},{\"@type\":\"Person\",\"@id\":\"https:\/\/www.suno.com.br\/noticias\/#\/schema\/person\/918d79de1f0281f01599b93f9ea6e23f\",\"name\":\"Jader Lazarini\",\"image\":{\"@type\":\"ImageObject\",\"inLanguage\":\"pt-BR\",\"@id\":\"https:\/\/www.suno.com.br\/noticias\/#\/schema\/person\/image\/\",\"url\":\"https:\/\/secure.gravatar.com\/avatar\/3c1ad8caa51589841baeb923fcddea97?s=96&r=g\",\"contentUrl\":\"https:\/\/secure.gravatar.com\/avatar\/3c1ad8caa51589841baeb923fcddea97?s=96&r=g\",\"caption\":\"Jader Lazarini\"},\"description\":\"Jader Lazarini escreve sobre investimentos, finan\u00e7as, economia e neg\u00f3cios. \u00c9 bacharel em Rela\u00e7\u00f5es Internacionais e analista CNPI (2619).\",\"url\":\"https:\/\/www.suno.com.br\/noticias\/author\/jader-lazarini\/\"}]}<\/script>\n<!-- \/ Yoast SEO plugin. -->","yoast_head_json":{"title":"D\u00f3lar abre em leve queda; coronav\u00edrus segue no radar","description":"O d\u00f3lar abriu a semana em leve queda, ap\u00f3s atingir sua m\u00e1xima hist\u00f3rica nominal na \u00faltima sexta-feira (7). Clique aqui e saiba mais.","robots":{"index":"index","follow":"follow","max-snippet":"max-snippet:-1","max-image-preview":"max-image-preview:large","max-video-preview":"max-video-preview:-1"},"canonical":"https:\/\/www.suno.com.br\/noticias\/dolar-coronavirus-pib-brasil-eua\/","og_locale":"pt_BR","og_type":"article","og_title":"D\u00f3lar abre em leve queda; coronav\u00edrus segue no radar","og_description":"O d\u00f3lar abriu a semana em leve queda, ap\u00f3s atingir sua m\u00e1xima hist\u00f3rica nominal na \u00faltima sexta-feira (7). Clique aqui e saiba mais.","og_url":"https:\/\/www.suno.com.br\/noticias\/dolar-coronavirus-pib-brasil-eua\/","og_site_name":"Suno Not\u00edcias","article_publisher":"https:\/\/facebook.com\/sunoresearch","og_image":[{"width":800,"height":533,"url":"https:\/\/files.sunoresearch.com.br\/n\/uploads\/2019\/11\/a1bc6fe1-d\u00f3lar.jpg","type":"image\/jpeg"}],"author":"Jader Lazarini","twitter_card":"summary_large_image","twitter_creator":"@sunoresearch","twitter_site":"@sunoresearch","twitter_misc":{"Escrito por":"Jader Lazarini","Est. tempo de leitura":"3 minutos"},"schema":{"@context":"https:\/\/schema.org","@graph":[{"@type":"NewsArticle","@id":"https:\/\/www.suno.com.br\/noticias\/dolar-coronavirus-pib-brasil-eua\/#article","isPartOf":{"@id":"https:\/\/www.suno.com.br\/noticias\/dolar-coronavirus-pib-brasil-eua\/"},"author":{"name":"Jader Lazarini","@id":"https:\/\/www.suno.com.br\/noticias\/#\/schema\/person\/918d79de1f0281f01599b93f9ea6e23f"},"headline":"D\u00f3lar abre em leve queda; coronav\u00edrus segue no radar","datePublished":"2020-02-10T12:49:47+00:00","dateModified":"2020-02-10T13:49:09+00:00","mainEntityOfPage":{"@id":"https:\/\/www.suno.com.br\/noticias\/dolar-coronavirus-pib-brasil-eua\/"},"wordCount":560,"publisher":{"@id":"https:\/\/www.suno.com.br\/noticias\/#organization"},"image":{"@id":"https:\/\/www.suno.com.br\/noticias\/dolar-coronavirus-pib-brasil-eua\/#primaryimage"},"thumbnailUrl":"https:\/\/files.sunoresearch.com.br\/n\/uploads\/2019\/11\/a1bc6fe1-d\u00f3lar-jpg.webp","keywords":["coronav\u00edrus","d\u00f3lar","Estados Unidos (EUA)","Produto Interno Bruto (PIB)"],"articleSection":["Mercado"],"inLanguage":"pt-BR"},{"@type":"WebPage","@id":"https:\/\/www.suno.com.br\/noticias\/dolar-coronavirus-pib-brasil-eua\/","url":"https:\/\/www.suno.com.br\/noticias\/dolar-coronavirus-pib-brasil-eua\/","name":"D\u00f3lar abre em leve queda; coronav\u00edrus segue no radar","isPartOf":{"@id":"https:\/\/www.suno.com.br\/noticias\/#website"},"primaryImageOfPage":{"@id":"https:\/\/www.suno.com.br\/noticias\/dolar-coronavirus-pib-brasil-eua\/#primaryimage"},"image":{"@id":"https:\/\/www.suno.com.br\/noticias\/dolar-coronavirus-pib-brasil-eua\/#primaryimage"},"thumbnailUrl":"https:\/\/files.sunoresearch.com.br\/n\/uploads\/2019\/11\/a1bc6fe1-d\u00f3lar-jpg.webp","datePublished":"2020-02-10T12:49:47+00:00","dateModified":"2020-02-10T13:49:09+00:00","description":"O d\u00f3lar abriu a semana em leve queda, ap\u00f3s atingir sua m\u00e1xima hist\u00f3rica nominal na \u00faltima sexta-feira (7). Clique aqui e saiba mais.","breadcrumb":{"@id":"https:\/\/www.suno.com.br\/noticias\/dolar-coronavirus-pib-brasil-eua\/#breadcrumb"},"inLanguage":"pt-BR","potentialAction":[{"@type":"ReadAction","target":["https:\/\/www.suno.com.br\/noticias\/dolar-coronavirus-pib-brasil-eua\/"]}]},{"@type":"ImageObject","inLanguage":"pt-BR","@id":"https:\/\/www.suno.com.br\/noticias\/dolar-coronavirus-pib-brasil-eua\/#primaryimage","url":"https:\/\/files.sunoresearch.com.br\/n\/uploads\/2019\/11\/a1bc6fe1-d\u00f3lar-jpg.webp","contentUrl":"https:\/\/files.sunoresearch.com.br\/n\/uploads\/2019\/11\/a1bc6fe1-d\u00f3lar-jpg.webp","width":800,"height":533,"caption":"D\u00f3lar encerra em queda de 1,865%, cotado em R$ 5,1143"},{"@type":"BreadcrumbList","@id":"https:\/\/www.suno.com.br\/noticias\/dolar-coronavirus-pib-brasil-eua\/#breadcrumb","itemListElement":[{"@type":"ListItem","position":1,"name":"Not\u00edcias","item":"https:\/\/www.suno.com.br\/noticias\/"},{"@type":"ListItem","position":2,"name":"Mercado","item":"https:\/\/www.suno.com.br\/noticias\/mercado\/"},{"@type":"ListItem","position":3,"name":"D\u00f3lar abre em leve queda; coronav\u00edrus segue no radar"}]},{"@type":"WebSite","@id":"https:\/\/www.suno.com.br\/noticias\/#website","url":"https:\/\/www.suno.com.br\/noticias\/","name":"Suno Not\u00edcias","description":"Seu portal de informa\u00e7\u00e3o sobre o mundo dos investimentos","publisher":{"@id":"https:\/\/www.suno.com.br\/noticias\/#organization"},"potentialAction":[{"@type":"SearchAction","target":{"@type":"EntryPoint","urlTemplate":"https:\/\/www.suno.com.br\/noticias\/?s={search_term_string}"},"query-input":{"@type":"PropertyValueSpecification","valueRequired":true,"valueName":"search_term_string"}}],"inLanguage":"pt-BR"},{"@type":"Organization","@id":"https:\/\/www.suno.com.br\/noticias\/#organization","name":"Suno Not\u00edcias","url":"https:\/\/www.suno.com.br\/noticias\/","logo":{"@type":"ImageObject","inLanguage":"pt-BR","@id":"https:\/\/www.suno.com.br\/noticias\/#\/schema\/logo\/image\/","url":"https:\/\/files.sunoresearch.com.br\/n\/uploads\/2021\/09\/suno-logo.png","contentUrl":"https:\/\/files.sunoresearch.com.br\/n\/uploads\/2021\/09\/suno-logo.png","width":180,"height":180,"caption":"Suno Not\u00edcias"},"image":{"@id":"https:\/\/www.suno.com.br\/noticias\/#\/schema\/logo\/image\/"},"sameAs":["https:\/\/facebook.com\/sunoresearch","https:\/\/x.com\/sunoresearch","https:\/\/www.instagram.com\/suno","https:\/\/www.linkedin.com\/company\/suno-research\/","https:\/\/www.youtube.com\/c\/sunoresearch"]},{"@type":"Person","@id":"https:\/\/www.suno.com.br\/noticias\/#\/schema\/person\/918d79de1f0281f01599b93f9ea6e23f","name":"Jader Lazarini","image":{"@type":"ImageObject","inLanguage":"pt-BR","@id":"https:\/\/www.suno.com.br\/noticias\/#\/schema\/person\/image\/","url":"https:\/\/secure.gravatar.com\/avatar\/3c1ad8caa51589841baeb923fcddea97?s=96&r=g","contentUrl":"https:\/\/secure.gravatar.com\/avatar\/3c1ad8caa51589841baeb923fcddea97?s=96&r=g","caption":"Jader Lazarini"},"description":"Jader Lazarini escreve sobre investimentos, finan\u00e7as, economia e neg\u00f3cios. \u00c9 bacharel em Rela\u00e7\u00f5es Internacionais e analista CNPI (2619).","url":"https:\/\/www.suno.com.br\/noticias\/author\/jader-lazarini\/"}]}},"default_loop_html":"<div class=\"cardsPage__listCard__boxs\"><div class=\"cardsPage__listCard__boxs__img\"><a href=\"https:\/\/www.suno.com.br\/noticias\/dolar-coronavirus-pib-brasil-eua\/\"><img class=\"mask\" src=\"https:\/\/www.suno.com.br\/noticias\/wp-content\/themes\/suno\/resources\/images\/spotlight\/spotlight1img\/bg-mask.png\" alt=\"Image Mask\"\/><img src=\"https:\/\/files.sunoresearch.com.br\/n\/uploads\/2019\/11\/a1bc6fe1-d\u00f3lar-400x200.webp\" alt=\"D\u00f3lar abre em leve queda; coronav\u00edrus segue no radar\"\/><\/a><span class=\"spotlightCategory\"><a href=\"https:\/\/www.suno.com.br\/noticias\/mercado\/\">Mercado<\/a><\/span><\/div><div class=\"cardsPage__listCard__boxs__content\"><a href=\"https:\/\/www.suno.com.br\/noticias\/dolar-coronavirus-pib-brasil-eua\/\"><h2 class=\"content__title\">D\u00f3lar abre em leve queda; coronav\u00edrus segue no radar<\/h2><\/a><div class=\"newsContent__article__meta\"><div class=\"newsContent__article__meta__authorBox\"><a href=\"https:\/\/www.suno.com.br\/noticias\/author\/jader-lazarini\/\" class=\"authorBox__avatar noMobi\"><img src=\"https:\/\/files.sunoresearch.com.br\/n\/uploads\/2021\/01\/178e6598-foto-perfil-2-150x150.jpg\" alt=\"Jader Lazarini\"><\/a><div class=\"authorBox__name\"><span>por\n\t\t\t<a href=\"https:\/\/www.suno.com.br\/noticias\/author\/jader-lazarini\/\"><span itemprop=\"author\">Jader Lazarini<\/span><\/a><\/span><time datetime=\"2020-02-10T10:49:47-03:00\" itemprop=\"datePublished\">10\/02\/2020 10:49<\/time><\/div><\/div><\/div><\/div><\/div>","single_layout":"posts","amp_enabled":true,"_links":{"self":[{"href":"https:\/\/www.suno.com.br\/noticias\/wp-json\/wp\/v2\/posts\/52458"}],"collection":[{"href":"https:\/\/www.suno.com.br\/noticias\/wp-json\/wp\/v2\/posts"}],"about":[{"href":"https:\/\/www.suno.com.br\/noticias\/wp-json\/wp\/v2\/types\/post"}],"author":[{"embeddable":true,"href":"https:\/\/www.suno.com.br\/noticias\/wp-json\/wp\/v2\/users\/24"}],"replies":[{"embeddable":true,"href":"https:\/\/www.suno.com.br\/noticias\/wp-json\/wp\/v2\/comments?post=52458"}],"version-history":[{"count":0,"href":"https:\/\/www.suno.com.br\/noticias\/wp-json\/wp\/v2\/posts\/52458\/revisions"}],"wp:featuredmedia":[{"embeddable":true,"href":"https:\/\/www.suno.com.br\/noticias\/wp-json\/wp\/v2\/media\/46152"}],"wp:attachment":[{"href":"https:\/\/www.suno.com.br\/noticias\/wp-json\/wp\/v2\/media?parent=52458"}],"wp:term":[{"taxonomy":"category","embeddable":true,"href":"https:\/\/www.suno.com.br\/noticias\/wp-json\/wp\/v2\/categories?post=52458"},{"taxonomy":"post_tag","embeddable":true,"href":"https:\/\/www.suno.com.br\/noticias\/wp-json\/wp\/v2\/tags?post=52458"},{"taxonomy":"suno_strategy","embeddable":true,"href":"https:\/\/www.suno.com.br\/noticias\/wp-json\/wp\/v2\/suno_strategy?post=52458"}],"curies":[{"name":"wp","href":"https:\/\/api.w.org\/{rel}","templated":true}]}}