{"id":524553,"date":"2024-02-20T08:14:10","date_gmt":"2024-02-20T11:14:10","guid":{"rendered":"https:\/\/www.suno.com.br\/noticias\/?p=524553"},"modified":"2024-02-20T17:26:18","modified_gmt":"2024-02-20T20:26:18","slug":"braskem-brkm5-vendas-resinas-4t23-gpj","status":"publish","type":"post","link":"https:\/\/www.suno.com.br\/noticias\/braskem-brkm5-vendas-resinas-4t23-gpj\/","title":{"rendered":"Braskem (BRKM5): vendas de resinas caem 9% no 4T23, para 785 mil toneladas"},"content":{"rendered":"<p>O volume de vendas de resinas da <strong>Braskem<\/strong> (<a href=\"https:\/\/statusinvest.com.br\/acoes\/brkm5\">BRKM5<\/a>) no mercado brasileiro caiu 9% no 4T23 em compara\u00e7\u00e3o o mesmo per\u00edodo do ano anterior, somando 785 mil toneladas, segundo relat\u00f3rio de produ\u00e7\u00e3o divulgado na segunda-feira (19). <\/p><div class=\"videoFull \">\n\t\t\t<div class=\"videoWrapper yt-lazyload center\"\n\t\t\t\tdata-width=\"960\"\n\t\t\t\tdata-height=\"540\"\n\t\t\t\tdata-id=\"-WG8OCcnfnU\"\n\t\t\t\tdata-alt=\"V\u00eddeo do YouTube - clique para reproduzir\"\n\t\t\t\tdata-logo=\"3\"\n\t\t\t\tdata-imagequality=\"maxres\">\n\t\t\t<\/div>\n\t\t<\/div><script type=\"application\/ld+json\">{\"@context\":\"https:\/\/schema.org\",\"@type\":\"VideoObject\",\"name\":\"Por que as A\u00c7\u00d5ES da Braskem (BRKM5) est\u00e3o DISPARANDO?\",\"description\":\"Receba nossa Planilha de Controle de gastos totalmente de gra\u00e7a: https:\/\/suno.me\/3u3acjz Neste v\u00eddeo, mergulhamos nas \u00faltimas novidades envolvendo a Braskem, uma gigante no setor petroqu\u00edmico. Exploramos as raz\u00f5es por tr\u00e1s da recente alta de 10% em suas a\u00e7\u00f5es, detalhando as negocia\u00e7\u00f5es em andamento que poderiam mudar o destino da empresa. Discutimos a complexidade das fus\u00f5es\u2026\",\"duration\":\"PT12M2S\",\"embedUrl\":\"https:\/\/www.youtube.com\/embed\/-WG8OCcnfnU\",\"regionsAllowed\":\"pt-BR\",\"interactionStatistic\":{\"@type\":\"InteractionCounter\",\"interactionType\":{\"@type\":\"WatchAction\"},\"userInteractionCount\":10229},\"thumbnailUrl\":\"https:\/\/i.ytimg.com\/vi\/-WG8OCcnfnU\/default.jpg\",\"uploadDate\":\"2024-02-17T21:00:00Z\"}<\/script>\n\n\n\n\n\n\n\t<p>\n\t\t<a href=\"https:\/\/lp.suno.com.br\/planilha-da-vida-financeira\/\" target=\"_blank\" data-element=\"shortcode-suno-banner\" title=\"Banner SUNO, clique e saiba mais\">\n\t\t\t<picture>\n\t\t\t\t<source media=\"(max-width: 500px)\" srcset=\"https:\/\/files.sunoresearch.com.br\/n\/uploads\/2023\/04\/400x300-Planilha-vida-financeira-true.png\">\n\t\t\t\t<img class=\"newsContent__article__imgCapa newsContent__article__imgCapa--banner\"\n\t\t\t\t\tsrc=\"https:\/\/files.sunoresearch.com.br\/n\/uploads\/2023\/04\/1420x240-Planilha-vida-financeira-true.png\"\n\t\t\t\t\tdata-promo-id=\"106682\"\t\t\t\t\t\t\t\t\t\twidth='1420' height='240'\t\t\t\t\talt=\"https:\/\/files.sunoresearch.com.br\/n\/uploads\/2023\/04\/1420x240-Planilha-vida-financeira-true.png\"\n\t\t\t\t>\n\t\t\t<\/picture>\n\t\t<\/a>\n\t<\/p>\n\n\n\n\n\n<p>Segundo a Braskem, a queda ocorreu &#8220;devido ao maior volume de PE [polietileno] vendido no \u00faltimo trimestre de 2022 devido a maior demanda neste per\u00edodo&#8221;. Na compara\u00e7\u00e3o sequencial, houve uma diminui\u00e7\u00e3o de 11%, explicado principalmente pela prioriza\u00e7\u00e3o de vendas com maior valor agregado e pela sazonalidade do per\u00edodo.<\/p>\n\n\n\n<p>No acumulado do ano, o <strong>volume de vendas de resinas da Braskem <\/strong>no mercado brasileiro caiu 5%, &#8220;dada a maior oferta de produtos no mercado internacional combinada com a prioriza\u00e7\u00e3o de vendas com maior valor agregado&#8221;, disse a Braskem.<\/p>\n\n\n\n<p>J\u00e1 as exporta\u00e7\u00f5es de resina<strong> <\/strong>no quarto trimestre de 2023 chegaram a 210 mil toneladas, (kton) no trimestre, uma alta de 8% na base anual e de 2% na compara\u00e7\u00e3o trimestral, em fun\u00e7\u00e3o, principalmente, de oportunidades comerciais de polietileno (PE) e polipropileno (PP) na Am\u00e9rica do Sul.<\/p>\n\n\n\n<p>Em rela\u00e7\u00e3o a 2022, o <strong>volume de exporta\u00e7\u00f5es de resinas da Braskem<\/strong> foi 3% menor, devido aos n\u00edveis estoques elevados na cadeia global, impactando a demanda por produtos no per\u00edodo.<\/p>\n\n\n\t<div data-element=\"shortcode-read-more\" class=\"knowMore\">\n\t\t\t\t<span class=\"knowMore__title\">Leia mais<\/span>\n\t\t\t\t<a class=\"knowMore__link\" href=\"https:\/\/www.suno.com.br\/noticias\/braskem-brkm5-relator-cpi-definido-mm\/\">\n\t\t\tEm meio \u00e0 venda, Braskem (BRKM5) deve ter relator da CPI definido at\u00e9 quarta\t\t<\/a>\n\t<\/div>\n\n\n\n\n<h2 class=\"wp-block-heading\">Braskem: vendas de qu\u00edmicos no 4T23 caem na base anual<\/h2>\n\n\n\n<p>No mercado brasileiro, as <strong>vendas dos principais qu\u00edmicos da Braskem <\/strong>&#8211; como eteno, propeno, butadieno, cumeno, gasolina, benzeno, tolueno e paraxileno &#8211; ca\u00edram 15% na base anual, mas subiram 2% na base trimestral, &#8220;em fun\u00e7\u00e3o da normaliza\u00e7\u00e3o da produ\u00e7\u00e3o de alguns clientes que realizaram paradas programadas nos \u00faltimos meses&#8221;, pontuou a companhia.<\/p>\n\n\n\n<p>No ano, as vendas de qu\u00edmicos da Braskem no mercado brasileiro foram 17% menores, em fun\u00e7\u00e3o do desequil\u00edbrio entre <a href=\"https:\/\/www.suno.com.br\/artigos\/oferta-demanda\/\">oferta e demanda<\/a> global e do menor volume de vendas de gasolina, dada a menor disponibilidade de produto para venda.<\/p>\n\n\n\n<p>J\u00e1 as exporta\u00e7\u00f5es dos principais qu\u00edmicos no quarto trimestre cresceram 10% em rela\u00e7\u00e3o ao mesmo per\u00edodo do ano anterior, para 81 mil toneladas, &#8220;em fun\u00e7\u00e3o de melhores oportunidades comerciais no mercado internacional de combust\u00edveis&#8221;.<\/p>\n\n\n\n<p>Na compara\u00e7\u00e3o anual, as exporta\u00e7\u00f5es dos principais qu\u00edmicos da <strong>Braskem<\/strong> cresceram 7%, devido ao aumento no volume de vendas de gasolina, benzeno e tolueno.<\/p>\n\n\n\t<p>\n\t\t<a href=\"https:\/\/lp.suno.com.br\/ebook-como-analisar-uma-acao\/\" target=\"_blank\" data-element=\"shortcode-suno-banner\" title=\"Banner SUNO, clique e saiba mais\">\n\t\t\t<picture>\n\t\t\t\t<source media=\"(max-width: 500px)\" srcset=\"https:\/\/files.sunoresearch.com.br\/n\/uploads\/2023\/03\/Ebook-Acoes-Mobile.jpg\">\n\t\t\t\t<img class=\"newsContent__article__imgCapa newsContent__article__imgCapa--banner\"\n\t\t\t\t\tsrc=\"https:\/\/files.sunoresearch.com.br\/n\/uploads\/2023\/03\/Ebook-Acoes-Desktop.jpg\"\n\t\t\t\t\tdata-promo-id=\"378302\"\t\t\t\t\t\t\t\t\t\twidth='1420' height='286'\t\t\t\t\talt=\"https:\/\/files.sunoresearch.com.br\/n\/uploads\/2023\/03\/Ebook-Acoes-Desktop.jpg\"\n\t\t\t\t>\n\t\t\t<\/picture>\n\t\t<\/a>\n\t<\/p>\n\n\n\n\n\n<h2 class=\"wp-block-heading\">Desempenho das a\u00e7\u00f5es de Braskem<\/h2>\n\n\n\n<p>No fechamento desta segunda-feira (19), as a\u00e7\u00f5es da <strong>Braskem<\/strong> ca\u00edram 0,83%, a R$ 19,06, segundo o Status Invest.<\/p>\n\n\n\n<div class=\"pluginQuotation\">\n  <p class=\"ticker\">\n    Cota\u00e7\u00e3o <span>BRKM5<\/span>\n  <\/p>\n  <div class=\"info\">\n    <div class=\"leftSide\">\n      Gr\u00e1fico gerado em: 20\/02\/2024    <\/div>\n\t\t\t\t\t<div class=\"rightSide\">\n\t\t\t\t\t<span class=\"period\">\n\t\t\t\t\t\t1 Dia\t\t\t\t\t<\/span>\n\t\t\t<\/div>\n\t\t  <\/div>\n\n  <div id=\"chart-bc35c9470d0d43d39b65304559a3f7ff\" data-block-hash=\"bc35c9470d0d43d39b65304559a3f7ff\"  class=\"chart\" style=\"width:100%;height:400px;\"><\/div>\n\n  <div class=\"pluginQuotation__footer\">\n    <div class=\"dataChart\">\n\n      <div class=\"dataChart__div1 variation\">\n        <div class=\"value-negative\">\n          -1,75 (-0,34%)        <\/div>\n        <div class=\"text\">\n          Varia\u00e7\u00e3o do per\u00edodo\n        <\/div>\n      <\/div>\n\n      <div class=\"dataChart__div2 minMax\">\n        <div class=\"value\">\n          R$\u00a018,94        <\/div>\n        <div class=\"text\">\n          M\u00ednima\n        <\/div>\n      <\/div>\n\n      <div class=\"dataChart__div3 minMax\">\n        <div class=\"value\">\n          R$\u00a019,40        <\/div>\n        <div class=\"text\">\n          M\u00e1xima\n        <\/div>\n      <\/div>\n\n\t\t\t<div class=\"dataChart__div4 rightSide\">\n\t\t\t\t<div class=\"analiticaSource\">\n\t\t\t\t\t<span>\n\t\t\t\t\t\tFonte:\n\t\t\t\t\t<\/span>\n\t\t\t\t\t<img decoding=\"async\" class=\"analiticaLogo\" src=\"https:\/\/www.suno.com.br\/noticias\/wp-content\/plugins\/suno-block-ticker-quotation\/src\/suno-analitica-logo.png\" alt=\"Logo Suno Anal\u00edtica\" \/>\n\t\t\t\t<\/div>\n\n\t\t\t\t<a href=\"https:\/\/www.suno.com.br\/analitica\/acoes\/BRKM5\" target=\"_blank\">\n\t\t\t\t\t<span>\n\t\t\t\t\t\tVer mais cota\u00e7\u00f5es\n\t\t\t\t\t<\/span>\n\t\t\t\t\t<svg xmlns=\"http:\/\/www.w3.org\/2000\/svg\" width=\"9\" height=\"8\" viewBox=\"0 0 9 8\" fill=\"none\">\n\t\t\t\t\t\t<path d=\"M4.20996 0L3.50496 0.705L6.29496 3.5H0.209961V4.5H6.29496L3.50496 7.295L4.20996 8L8.20996 4L4.20996 0Z\" fill=\"#D42126\" \/>\n\t\t\t\t\t<\/svg>\n\t\t\t\t<\/a>\n    <\/div>\n\n    <\/div>\n  <\/div>\n<\/div>\n\n\n<script type=\"text\/javascript\">\n  let chart_bc35c9470d0d43d39b65304559a3f7ff = document.getElementById('chart-bc35c9470d0d43d39b65304559a3f7ff');\n  let data_json_bc35c9470d0d43d39b65304559a3f7ff = \"[{\\\"date\\\":\\\"19\\\\\\\/02\\\\\\\/24 10:06\\\",\\\"value\\\":19.4},{\\\"date\\\":\\\"19\\\\\\\/02\\\\\\\/24 10:08\\\",\\\"value\\\":19.14},{\\\"date\\\":\\\"19\\\\\\\/02\\\\\\\/24 10:10\\\",\\\"value\\\":19.33},{\\\"date\\\":\\\"19\\\\\\\/02\\\\\\\/24 10:12\\\",\\\"value\\\":19.31},{\\\"date\\\":\\\"19\\\\\\\/02\\\\\\\/24 10:14\\\",\\\"value\\\":19.29},{\\\"date\\\":\\\"19\\\\\\\/02\\\\\\\/24 10:16\\\",\\\"value\\\":19.17},{\\\"date\\\":\\\"19\\\\\\\/02\\\\\\\/24 10:18\\\",\\\"value\\\":19.2},{\\\"date\\\":\\\"19\\\\\\\/02\\\\\\\/24 10:20\\\",\\\"value\\\":19.24},{\\\"date\\\":\\\"19\\\\\\\/02\\\\\\\/24 10:22\\\",\\\"value\\\":19.3},{\\\"date\\\":\\\"19\\\\\\\/02\\\\\\\/24 10:24\\\",\\\"value\\\":19.25},{\\\"date\\\":\\\"19\\\\\\\/02\\\\\\\/24 10:26\\\",\\\"value\\\":19.24},{\\\"date\\\":\\\"19\\\\\\\/02\\\\\\\/24 10:28\\\",\\\"value\\\":19.16},{\\\"date\\\":\\\"19\\\\\\\/02\\\\\\\/24 10:30\\\",\\\"value\\\":19.19},{\\\"date\\\":\\\"19\\\\\\\/02\\\\\\\/24 12:34\\\",\\\"value\\\":19.02},{\\\"date\\\":\\\"19\\\\\\\/02\\\\\\\/24 12:36\\\",\\\"value\\\":19.02},{\\\"date\\\":\\\"19\\\\\\\/02\\\\\\\/24 12:38\\\",\\\"value\\\":19.03},{\\\"date\\\":\\\"19\\\\\\\/02\\\\\\\/24 12:40\\\",\\\"value\\\":19.03},{\\\"date\\\":\\\"19\\\\\\\/02\\\\\\\/24 12:42\\\",\\\"value\\\":19.02},{\\\"date\\\":\\\"19\\\\\\\/02\\\\\\\/24 12:44\\\",\\\"value\\\":19.03},{\\\"date\\\":\\\"19\\\\\\\/02\\\\\\\/24 12:46\\\",\\\"value\\\":19.03},{\\\"date\\\":\\\"19\\\\\\\/02\\\\\\\/24 12:48\\\",\\\"value\\\":19.01},{\\\"date\\\":\\\"19\\\\\\\/02\\\\\\\/24 12:50\\\",\\\"value\\\":18.98},{\\\"date\\\":\\\"19\\\\\\\/02\\\\\\\/24 12:52\\\",\\\"value\\\":18.98},{\\\"date\\\":\\\"19\\\\\\\/02\\\\\\\/24 12:54\\\",\\\"value\\\":18.98},{\\\"date\\\":\\\"19\\\\\\\/02\\\\\\\/24 12:56\\\",\\\"value\\\":18.97},{\\\"date\\\":\\\"19\\\\\\\/02\\\\\\\/24 12:58\\\",\\\"value\\\":18.97},{\\\"date\\\":\\\"19\\\\\\\/02\\\\\\\/24 13:00\\\",\\\"value\\\":19.01},{\\\"date\\\":\\\"19\\\\\\\/02\\\\\\\/24 13:02\\\",\\\"value\\\":19.01},{\\\"date\\\":\\\"19\\\\\\\/02\\\\\\\/24 13:04\\\",\\\"value\\\":19.01},{\\\"date\\\":\\\"19\\\\\\\/02\\\\\\\/24 13:06\\\",\\\"value\\\":19},{\\\"date\\\":\\\"19\\\\\\\/02\\\\\\\/24 13:08\\\",\\\"value\\\":19.02},{\\\"date\\\":\\\"19\\\\\\\/02\\\\\\\/24 13:10\\\",\\\"value\\\":19.02},{\\\"date\\\":\\\"19\\\\\\\/02\\\\\\\/24 13:12\\\",\\\"value\\\":19.03},{\\\"date\\\":\\\"19\\\\\\\/02\\\\\\\/24 13:14\\\",\\\"value\\\":19},{\\\"date\\\":\\\"19\\\\\\\/02\\\\\\\/24 13:16\\\",\\\"value\\\":19.02},{\\\"date\\\":\\\"19\\\\\\\/02\\\\\\\/24 13:18\\\",\\\"value\\\":19.01},{\\\"date\\\":\\\"19\\\\\\\/02\\\\\\\/24 13:32\\\",\\\"value\\\":19.01},{\\\"date\\\":\\\"19\\\\\\\/02\\\\\\\/24 13:34\\\",\\\"value\\\":19.02},{\\\"date\\\":\\\"19\\\\\\\/02\\\\\\\/24 13:36\\\",\\\"value\\\":19.02},{\\\"date\\\":\\\"19\\\\\\\/02\\\\\\\/24 13:38\\\",\\\"value\\\":19.02},{\\\"date\\\":\\\"19\\\\\\\/02\\\\\\\/24 13:40\\\",\\\"value\\\":19.02},{\\\"date\\\":\\\"19\\\\\\\/02\\\\\\\/24 13:42\\\",\\\"value\\\":19.05},{\\\"date\\\":\\\"19\\\\\\\/02\\\\\\\/24 13:44\\\",\\\"value\\\":19.05},{\\\"date\\\":\\\"19\\\\\\\/02\\\\\\\/24 13:46\\\",\\\"value\\\":19.06},{\\\"date\\\":\\\"19\\\\\\\/02\\\\\\\/24 13:48\\\",\\\"value\\\":19.04},{\\\"date\\\":\\\"19\\\\\\\/02\\\\\\\/24 13:50\\\",\\\"value\\\":19.05},{\\\"date\\\":\\\"19\\\\\\\/02\\\\\\\/24 13:52\\\",\\\"value\\\":19.04},{\\\"date\\\":\\\"19\\\\\\\/02\\\\\\\/24 13:54\\\",\\\"value\\\":19.04},{\\\"date\\\":\\\"19\\\\\\\/02\\\\\\\/24 13:56\\\",\\\"value\\\":19.04},{\\\"date\\\":\\\"19\\\\\\\/02\\\\\\\/24 13:58\\\",\\\"value\\\":19.04},{\\\"date\\\":\\\"19\\\\\\\/02\\\\\\\/24 14:00\\\",\\\"value\\\":19.02},{\\\"date\\\":\\\"19\\\\\\\/02\\\\\\\/24 14:02\\\",\\\"value\\\":19.01},{\\\"date\\\":\\\"19\\\\\\\/02\\\\\\\/24 14:04\\\",\\\"value\\\":19.06},{\\\"date\\\":\\\"19\\\\\\\/02\\\\\\\/24 14:06\\\",\\\"value\\\":19.05},{\\\"date\\\":\\\"19\\\\\\\/02\\\\\\\/24 14:08\\\",\\\"value\\\":19.05},{\\\"date\\\":\\\"19\\\\\\\/02\\\\\\\/24 14:10\\\",\\\"value\\\":19.05},{\\\"date\\\":\\\"19\\\\\\\/02\\\\\\\/24 14:12\\\",\\\"value\\\":19.01},{\\\"date\\\":\\\"19\\\\\\\/02\\\\\\\/24 14:14\\\",\\\"value\\\":19.01},{\\\"date\\\":\\\"19\\\\\\\/02\\\\\\\/24 14:16\\\",\\\"value\\\":19.02},{\\\"date\\\":\\\"19\\\\\\\/02\\\\\\\/24 14:18\\\",\\\"value\\\":19},{\\\"date\\\":\\\"19\\\\\\\/02\\\\\\\/24 14:40\\\",\\\"value\\\":19.01},{\\\"date\\\":\\\"19\\\\\\\/02\\\\\\\/24 14:42\\\",\\\"value\\\":19.01},{\\\"date\\\":\\\"19\\\\\\\/02\\\\\\\/24 14:44\\\",\\\"value\\\":18.98},{\\\"date\\\":\\\"19\\\\\\\/02\\\\\\\/24 14:46\\\",\\\"value\\\":18.94},{\\\"date\\\":\\\"19\\\\\\\/02\\\\\\\/24 14:48\\\",\\\"value\\\":18.99},{\\\"date\\\":\\\"19\\\\\\\/02\\\\\\\/24 14:50\\\",\\\"value\\\":19},{\\\"date\\\":\\\"19\\\\\\\/02\\\\\\\/24 14:52\\\",\\\"value\\\":19},{\\\"date\\\":\\\"19\\\\\\\/02\\\\\\\/24 14:54\\\",\\\"value\\\":19},{\\\"date\\\":\\\"19\\\\\\\/02\\\\\\\/24 14:56\\\",\\\"value\\\":18.97},{\\\"date\\\":\\\"19\\\\\\\/02\\\\\\\/24 14:58\\\",\\\"value\\\":18.99},{\\\"date\\\":\\\"19\\\\\\\/02\\\\\\\/24 15:00\\\",\\\"value\\\":18.97},{\\\"date\\\":\\\"19\\\\\\\/02\\\\\\\/24 15:02\\\",\\\"value\\\":18.99},{\\\"date\\\":\\\"19\\\\\\\/02\\\\\\\/24 15:04\\\",\\\"value\\\":19},{\\\"date\\\":\\\"19\\\\\\\/02\\\\\\\/24 15:06\\\",\\\"value\\\":19.02},{\\\"date\\\":\\\"19\\\\\\\/02\\\\\\\/24 15:08\\\",\\\"value\\\":19.02},{\\\"date\\\":\\\"19\\\\\\\/02\\\\\\\/24 15:10\\\",\\\"value\\\":19.01},{\\\"date\\\":\\\"19\\\\\\\/02\\\\\\\/24 15:12\\\",\\\"value\\\":19.02},{\\\"date\\\":\\\"19\\\\\\\/02\\\\\\\/24 15:14\\\",\\\"value\\\":19.04},{\\\"date\\\":\\\"19\\\\\\\/02\\\\\\\/24 15:16\\\",\\\"value\\\":19.03},{\\\"date\\\":\\\"19\\\\\\\/02\\\\\\\/24 15:18\\\",\\\"value\\\":19.04},{\\\"date\\\":\\\"19\\\\\\\/02\\\\\\\/24 15:20\\\",\\\"value\\\":19.06},{\\\"date\\\":\\\"19\\\\\\\/02\\\\\\\/24 15:22\\\",\\\"value\\\":19.03},{\\\"date\\\":\\\"19\\\\\\\/02\\\\\\\/24 15:24\\\",\\\"value\\\":19.06}]\";\n  let isPositive_bc35c9470d0d43d39b65304559a3f7ff = \"\";\n\n  let color_bc35c9470d0d43d39b65304559a3f7ff = isPositive_bc35c9470d0d43d39b65304559a3f7ff ? '#3AB53A' : '#D92C2D';\n\n  let data_bc35c9470d0d43d39b65304559a3f7ff = JSON.parse(data_json_bc35c9470d0d43d39b65304559a3f7ff);\n\n  const result_bc35c9470d0d43d39b65304559a3f7ff = {\n    date: [],\n    value: [],\n  };\n\n  data_bc35c9470d0d43d39b65304559a3f7ff.forEach((item) => {\n    result_bc35c9470d0d43d39b65304559a3f7ff.date.push(item.date);\n    result_bc35c9470d0d43d39b65304559a3f7ff.value.push(Number(item.value));\n  });\n\n  let option_bc35c9470d0d43d39b65304559a3f7ff = {\n    \/\/ variavel de cor global\n    color: [color_bc35c9470d0d43d39b65304559a3f7ff],\n    title: {\n      text: '',\n    },\n    tooltip: {\n      trigger: 'axis',\n      axisPointer: {\n        type: 'cross',\n        label: {\n          \/\/ cor dos valores em X e Y\n          backgroundColor: color_bc35c9470d0d43d39b65304559a3f7ff,\n          formatter: (value) => {\n            if (typeof value.value === 'number') {\n              return Number(value.value).toLocaleString('pt-br', {\n                style: 'currency',\n                currency: 'BRL'\n              });\n            }\n            return value.value;\n          },\n        },\n      },\n      valueFormatter: (value) => Number(value).toLocaleString('pt-br', {\n        style: 'currency',\n        currency: 'BRL'\n      }),\n    },\n    legend: {\n      \/\/ data: ['Valor de Fechamento'],\n      show: false,\n    },\n    toolbox: {\n      feature: {\n        saveAsImage: {\n          show: false,\n        },\n      },\n    },\n    grid: {\n      left: '0px',\n      right: '0px',\n      bottom: '0px',\n      containLabel: true,\n    },\n    xAxis: [{\n      type: 'category',\n      data: result_bc35c9470d0d43d39b65304559a3f7ff.date,\n      boundaryGap: true,\n    }],\n    yAxis: [{\n      type: 'value',\n      min: Math.min(...result_bc35c9470d0d43d39b65304559a3f7ff.value),\n      max: Math.max(...result_bc35c9470d0d43d39b65304559a3f7ff.value),\n      axisLabel: {\n        formatter: (value) => value.toLocaleString('pt-br', {\n          style: 'currency',\n          currency: 'BRL'\n        }),\n      },\n    }],\n    series: [{\n      name: 'Valor de Fechamento',\n      type: 'line',\n      stack: 'Total',\n      \/\/ cor do grafico\n      areaStyle: {},\n      emphasis: {\n        focus: 'series',\n      },\n      data: result_bc35c9470d0d43d39b65304559a3f7ff.value,\n      \/\/ cor da linha\n      lineStyle: {\n        color: color_bc35c9470d0d43d39b65304559a3f7ff,\n      },\n    }, ],\n  };\n\n\twindow.chart_bc35c9470d0d43d39b65304559a3f7ff = {\n\t\tel: chart_bc35c9470d0d43d39b65304559a3f7ff,\n\t\toption: option_bc35c9470d0d43d39b65304559a3f7ff\t};\n\n\n<\/script>\n\n\n\t<p>\n\t\t<a href=\"https:\/\/lp.suno.com.br\/planilha-da-vida-financeira\/\" target=\"_blank\" data-element=\"shortcode-suno-banner\" title=\"Banner SUNO, clique e saiba mais\">\n\t\t\t<picture>\n\t\t\t\t<source media=\"(max-width: 500px)\" srcset=\"https:\/\/files.sunoresearch.com.br\/n\/uploads\/2023\/04\/400x300-Planilha-vida-financeira-true.png\">\n\t\t\t\t<img class=\"newsContent__article__imgCapa newsContent__article__imgCapa--banner\"\n\t\t\t\t\tsrc=\"https:\/\/files.sunoresearch.com.br\/n\/uploads\/2023\/04\/1420x240-Planilha-vida-financeira-true.png\"\n\t\t\t\t\tdata-promo-id=\"383123\"\t\t\t\t\t\t\t\t\t\twidth='1420' height='240'\t\t\t\t\talt=\"https:\/\/files.sunoresearch.com.br\/n\/uploads\/2023\/04\/1420x240-Planilha-vida-financeira-true.png\"\n\t\t\t\t>\n\t\t\t<\/picture>\n\t\t<\/a>\n\t<\/p>\n\n\n","protected":false},"excerpt":{"rendered":"<p>O volume de vendas de resinas da Braskem (BRKM5) no mercado brasileiro caiu 9% no 4T23 em compara\u00e7\u00e3o o mesmo per\u00edodo do ano anterior, somando 785 mil toneladas, segundo relat\u00f3rio de produ\u00e7\u00e3o divulgado na segunda-feira (19). Segundo a Braskem, a queda ocorreu &#8220;devido ao maior volume de PE [polietileno] vendido no \u00faltimo trimestre de 2022 [&hellip;]<\/p>\n","protected":false},"author":313,"featured_media":417316,"comment_status":"closed","ping_status":"closed","sticky":false,"template":"","format":"standard","meta":[],"categories":[64],"tags":[395],"suno_strategy":[],"class_list":["post-524553","post","type-post","status-publish","format-standard","has-post-thumbnail","hentry","category-negocios","tag-braskem-brkm3-brkm5-brkm6"],"yoast_head":"<!-- This site is optimized with the Yoast SEO plugin v24.4 - https:\/\/yoast.com\/wordpress\/plugins\/seo\/ -->\n<title>Braskem (BRKM5): vendas de resinas caem 9% no 4T23<\/title>\n<meta name=\"description\" content=\"Segundo a Braskem, a queda ocorreu devido ao maior volume de [polietileno vendido no 4T22, devido a maior demanda neste per\u00edodo.\" \/>\n<meta name=\"robots\" content=\"index, follow, max-snippet:-1, max-image-preview:large, max-video-preview:-1\" \/>\n<link rel=\"canonical\" href=\"https:\/\/www.suno.com.br\/noticias\/braskem-brkm5-vendas-resinas-4t23-gpj\/\" \/>\n<meta property=\"og:locale\" content=\"pt_BR\" \/>\n<meta property=\"og:type\" content=\"article\" \/>\n<meta property=\"og:title\" content=\"Braskem (BRKM5): vendas de resinas caem 9% no 4T23\" \/>\n<meta property=\"og:description\" content=\"Segundo a Braskem, a queda ocorreu devido ao maior volume de [polietileno vendido no 4T22, devido a maior demanda neste per\u00edodo.\" \/>\n<meta property=\"og:url\" content=\"https:\/\/www.suno.com.br\/noticias\/braskem-brkm5-vendas-resinas-4t23-gpj\/\" \/>\n<meta property=\"og:site_name\" content=\"Suno Not\u00edcias\" \/>\n<meta property=\"article:publisher\" content=\"https:\/\/facebook.com\/sunoresearch\" \/>\n<meta property=\"og:image\" content=\"https:\/\/files.sunoresearch.com.br\/n\/uploads\/2023\/06\/petrobras-petr4-compra-braskem-brkm5-acionista.jpg\" \/>\n\t<meta property=\"og:image:width\" content=\"1200\" \/>\n\t<meta property=\"og:image:height\" content=\"800\" \/>\n\t<meta property=\"og:image:type\" content=\"image\/jpeg\" \/>\n<meta name=\"author\" content=\"Giovanni Porf\u00edrio Jacomino\" \/>\n<meta name=\"twitter:card\" content=\"summary_large_image\" \/>\n<meta name=\"twitter:creator\" content=\"@sunoresearch\" \/>\n<meta name=\"twitter:site\" content=\"@sunoresearch\" \/>\n<meta name=\"twitter:label1\" content=\"Escrito por\" \/>\n\t<meta name=\"twitter:data1\" content=\"Giovanni Porf\u00edrio Jacomino\" \/>\n\t<meta name=\"twitter:label2\" content=\"Est. tempo de leitura\" \/>\n\t<meta name=\"twitter:data2\" content=\"3 minutos\" \/>\n<script type=\"application\/ld+json\" class=\"yoast-schema-graph\">{\"@context\":\"https:\/\/schema.org\",\"@graph\":[{\"@type\":\"NewsArticle\",\"@id\":\"https:\/\/www.suno.com.br\/noticias\/braskem-brkm5-vendas-resinas-4t23-gpj\/#article\",\"isPartOf\":{\"@id\":\"https:\/\/www.suno.com.br\/noticias\/braskem-brkm5-vendas-resinas-4t23-gpj\/\"},\"author\":{\"name\":\"Giovanni Porf\u00edrio Jacomino\",\"@id\":\"https:\/\/www.suno.com.br\/noticias\/#\/schema\/person\/d0f32748bbca4bee871fa191ee4e2d40\"},\"headline\":\"Braskem (BRKM5): vendas de resinas caem 9% no 4T23, para 785 mil toneladas\",\"datePublished\":\"2024-02-20T11:14:10+00:00\",\"dateModified\":\"2024-02-20T20:26:18+00:00\",\"mainEntityOfPage\":{\"@id\":\"https:\/\/www.suno.com.br\/noticias\/braskem-brkm5-vendas-resinas-4t23-gpj\/\"},\"wordCount\":420,\"publisher\":{\"@id\":\"https:\/\/www.suno.com.br\/noticias\/#organization\"},\"image\":{\"@id\":\"https:\/\/www.suno.com.br\/noticias\/braskem-brkm5-vendas-resinas-4t23-gpj\/#primaryimage\"},\"thumbnailUrl\":\"https:\/\/files.sunoresearch.com.br\/n\/uploads\/2023\/06\/petrobras-petr4-compra-braskem-brkm5-acionista.jpg\",\"keywords\":[\"Braskem (BRKM3\/BRKM5\/BRKM6)\"],\"articleSection\":[\"Neg\u00f3cios\"],\"inLanguage\":\"pt-BR\"},{\"@type\":\"WebPage\",\"@id\":\"https:\/\/www.suno.com.br\/noticias\/braskem-brkm5-vendas-resinas-4t23-gpj\/\",\"url\":\"https:\/\/www.suno.com.br\/noticias\/braskem-brkm5-vendas-resinas-4t23-gpj\/\",\"name\":\"Braskem (BRKM5): vendas de resinas caem 9% no 4T23\",\"isPartOf\":{\"@id\":\"https:\/\/www.suno.com.br\/noticias\/#website\"},\"primaryImageOfPage\":{\"@id\":\"https:\/\/www.suno.com.br\/noticias\/braskem-brkm5-vendas-resinas-4t23-gpj\/#primaryimage\"},\"image\":{\"@id\":\"https:\/\/www.suno.com.br\/noticias\/braskem-brkm5-vendas-resinas-4t23-gpj\/#primaryimage\"},\"thumbnailUrl\":\"https:\/\/files.sunoresearch.com.br\/n\/uploads\/2023\/06\/petrobras-petr4-compra-braskem-brkm5-acionista.jpg\",\"datePublished\":\"2024-02-20T11:14:10+00:00\",\"dateModified\":\"2024-02-20T20:26:18+00:00\",\"description\":\"Segundo a Braskem, a queda ocorreu devido ao maior volume de [polietileno vendido no 4T22, devido a maior demanda neste per\u00edodo.\",\"breadcrumb\":{\"@id\":\"https:\/\/www.suno.com.br\/noticias\/braskem-brkm5-vendas-resinas-4t23-gpj\/#breadcrumb\"},\"inLanguage\":\"pt-BR\",\"potentialAction\":[{\"@type\":\"ReadAction\",\"target\":[\"https:\/\/www.suno.com.br\/noticias\/braskem-brkm5-vendas-resinas-4t23-gpj\/\"]}]},{\"@type\":\"ImageObject\",\"inLanguage\":\"pt-BR\",\"@id\":\"https:\/\/www.suno.com.br\/noticias\/braskem-brkm5-vendas-resinas-4t23-gpj\/#primaryimage\",\"url\":\"https:\/\/files.sunoresearch.com.br\/n\/uploads\/2023\/06\/petrobras-petr4-compra-braskem-brkm5-acionista.jpg\",\"contentUrl\":\"https:\/\/files.sunoresearch.com.br\/n\/uploads\/2023\/06\/petrobras-petr4-compra-braskem-brkm5-acionista.jpg\",\"width\":1200,\"height\":800,\"caption\":\"Braskem (BRKM5) - Foto: Divulga\u00e7\u00e3o.\"},{\"@type\":\"BreadcrumbList\",\"@id\":\"https:\/\/www.suno.com.br\/noticias\/braskem-brkm5-vendas-resinas-4t23-gpj\/#breadcrumb\",\"itemListElement\":[{\"@type\":\"ListItem\",\"position\":1,\"name\":\"Not\u00edcias\",\"item\":\"https:\/\/www.suno.com.br\/noticias\/\"},{\"@type\":\"ListItem\",\"position\":2,\"name\":\"Neg\u00f3cios\",\"item\":\"https:\/\/www.suno.com.br\/noticias\/negocios\/\"},{\"@type\":\"ListItem\",\"position\":3,\"name\":\"Braskem (BRKM5): vendas de resinas caem 9% no 4T23, para 785 mil toneladas\"}]},{\"@type\":\"WebSite\",\"@id\":\"https:\/\/www.suno.com.br\/noticias\/#website\",\"url\":\"https:\/\/www.suno.com.br\/noticias\/\",\"name\":\"Suno Not\u00edcias\",\"description\":\"Seu portal de informa\u00e7\u00e3o sobre o mundo dos investimentos\",\"publisher\":{\"@id\":\"https:\/\/www.suno.com.br\/noticias\/#organization\"},\"potentialAction\":[{\"@type\":\"SearchAction\",\"target\":{\"@type\":\"EntryPoint\",\"urlTemplate\":\"https:\/\/www.suno.com.br\/noticias\/?s={search_term_string}\"},\"query-input\":{\"@type\":\"PropertyValueSpecification\",\"valueRequired\":true,\"valueName\":\"search_term_string\"}}],\"inLanguage\":\"pt-BR\"},{\"@type\":\"Organization\",\"@id\":\"https:\/\/www.suno.com.br\/noticias\/#organization\",\"name\":\"Suno Not\u00edcias\",\"url\":\"https:\/\/www.suno.com.br\/noticias\/\",\"logo\":{\"@type\":\"ImageObject\",\"inLanguage\":\"pt-BR\",\"@id\":\"https:\/\/www.suno.com.br\/noticias\/#\/schema\/logo\/image\/\",\"url\":\"https:\/\/files.sunoresearch.com.br\/n\/uploads\/2021\/09\/suno-logo.png\",\"contentUrl\":\"https:\/\/files.sunoresearch.com.br\/n\/uploads\/2021\/09\/suno-logo.png\",\"width\":180,\"height\":180,\"caption\":\"Suno Not\u00edcias\"},\"image\":{\"@id\":\"https:\/\/www.suno.com.br\/noticias\/#\/schema\/logo\/image\/\"},\"sameAs\":[\"https:\/\/facebook.com\/sunoresearch\",\"https:\/\/x.com\/sunoresearch\",\"https:\/\/www.instagram.com\/suno\",\"https:\/\/www.linkedin.com\/company\/suno-research\/\",\"https:\/\/www.youtube.com\/c\/sunoresearch\"]},{\"@type\":\"Person\",\"@id\":\"https:\/\/www.suno.com.br\/noticias\/#\/schema\/person\/d0f32748bbca4bee871fa191ee4e2d40\",\"name\":\"Giovanni Porf\u00edrio Jacomino\",\"image\":{\"@type\":\"ImageObject\",\"inLanguage\":\"pt-BR\",\"@id\":\"https:\/\/www.suno.com.br\/noticias\/#\/schema\/person\/image\/\",\"url\":\"https:\/\/secure.gravatar.com\/avatar\/efb32e19b730a121cb7a80f41ffec01a?s=96&r=g\",\"contentUrl\":\"https:\/\/secure.gravatar.com\/avatar\/efb32e19b730a121cb7a80f41ffec01a?s=96&r=g\",\"caption\":\"Giovanni Porf\u00edrio Jacomino\"},\"description\":\"Giovanni Porf\u00edrio Jacomino \u00e9 jornalista formado pela Universidade Estadual de Londrina (UEL) e p\u00f3s-graduado em Produ\u00e7\u00e3o e Pr\u00e1ticas Jornal\u00edsticas na Contemporaneidade na Faculdade C\u00e1sper L\u00edbero (FCL). Foi editor web no Startupi e no Finsiders, atuando ainda como editor no TC Mover, portal de not\u00edcias da TradersClub, fazendo a cobertura de assuntos relacionados ao mercado financeiro interno e externo. Atualmente, \u00e9 Rep\u00f3rter do Suno Not\u00edcias.\",\"url\":\"https:\/\/www.suno.com.br\/noticias\/author\/giovanni-porfiriosuno-com-br\/\"}]}<\/script>\n<!-- \/ Yoast SEO plugin. -->","yoast_head_json":{"title":"Braskem (BRKM5): vendas de resinas caem 9% no 4T23","description":"Segundo a Braskem, a queda ocorreu devido ao maior volume de [polietileno vendido no 4T22, devido a maior demanda neste per\u00edodo.","robots":{"index":"index","follow":"follow","max-snippet":"max-snippet:-1","max-image-preview":"max-image-preview:large","max-video-preview":"max-video-preview:-1"},"canonical":"https:\/\/www.suno.com.br\/noticias\/braskem-brkm5-vendas-resinas-4t23-gpj\/","og_locale":"pt_BR","og_type":"article","og_title":"Braskem (BRKM5): vendas de resinas caem 9% no 4T23","og_description":"Segundo a Braskem, a queda ocorreu devido ao maior volume de [polietileno vendido no 4T22, devido a maior demanda neste per\u00edodo.","og_url":"https:\/\/www.suno.com.br\/noticias\/braskem-brkm5-vendas-resinas-4t23-gpj\/","og_site_name":"Suno Not\u00edcias","article_publisher":"https:\/\/facebook.com\/sunoresearch","og_image":[{"width":1200,"height":800,"url":"https:\/\/files.sunoresearch.com.br\/n\/uploads\/2023\/06\/petrobras-petr4-compra-braskem-brkm5-acionista.jpg","type":"image\/jpeg"}],"author":"Giovanni Porf\u00edrio Jacomino","twitter_card":"summary_large_image","twitter_creator":"@sunoresearch","twitter_site":"@sunoresearch","twitter_misc":{"Escrito por":"Giovanni Porf\u00edrio Jacomino","Est. tempo de leitura":"3 minutos"},"schema":{"@context":"https:\/\/schema.org","@graph":[{"@type":"NewsArticle","@id":"https:\/\/www.suno.com.br\/noticias\/braskem-brkm5-vendas-resinas-4t23-gpj\/#article","isPartOf":{"@id":"https:\/\/www.suno.com.br\/noticias\/braskem-brkm5-vendas-resinas-4t23-gpj\/"},"author":{"name":"Giovanni Porf\u00edrio Jacomino","@id":"https:\/\/www.suno.com.br\/noticias\/#\/schema\/person\/d0f32748bbca4bee871fa191ee4e2d40"},"headline":"Braskem (BRKM5): vendas de resinas caem 9% no 4T23, para 785 mil toneladas","datePublished":"2024-02-20T11:14:10+00:00","dateModified":"2024-02-20T20:26:18+00:00","mainEntityOfPage":{"@id":"https:\/\/www.suno.com.br\/noticias\/braskem-brkm5-vendas-resinas-4t23-gpj\/"},"wordCount":420,"publisher":{"@id":"https:\/\/www.suno.com.br\/noticias\/#organization"},"image":{"@id":"https:\/\/www.suno.com.br\/noticias\/braskem-brkm5-vendas-resinas-4t23-gpj\/#primaryimage"},"thumbnailUrl":"https:\/\/files.sunoresearch.com.br\/n\/uploads\/2023\/06\/petrobras-petr4-compra-braskem-brkm5-acionista.jpg","keywords":["Braskem (BRKM3\/BRKM5\/BRKM6)"],"articleSection":["Neg\u00f3cios"],"inLanguage":"pt-BR"},{"@type":"WebPage","@id":"https:\/\/www.suno.com.br\/noticias\/braskem-brkm5-vendas-resinas-4t23-gpj\/","url":"https:\/\/www.suno.com.br\/noticias\/braskem-brkm5-vendas-resinas-4t23-gpj\/","name":"Braskem (BRKM5): vendas de resinas caem 9% no 4T23","isPartOf":{"@id":"https:\/\/www.suno.com.br\/noticias\/#website"},"primaryImageOfPage":{"@id":"https:\/\/www.suno.com.br\/noticias\/braskem-brkm5-vendas-resinas-4t23-gpj\/#primaryimage"},"image":{"@id":"https:\/\/www.suno.com.br\/noticias\/braskem-brkm5-vendas-resinas-4t23-gpj\/#primaryimage"},"thumbnailUrl":"https:\/\/files.sunoresearch.com.br\/n\/uploads\/2023\/06\/petrobras-petr4-compra-braskem-brkm5-acionista.jpg","datePublished":"2024-02-20T11:14:10+00:00","dateModified":"2024-02-20T20:26:18+00:00","description":"Segundo a Braskem, a queda ocorreu devido ao maior volume de [polietileno vendido no 4T22, devido a maior demanda neste per\u00edodo.","breadcrumb":{"@id":"https:\/\/www.suno.com.br\/noticias\/braskem-brkm5-vendas-resinas-4t23-gpj\/#breadcrumb"},"inLanguage":"pt-BR","potentialAction":[{"@type":"ReadAction","target":["https:\/\/www.suno.com.br\/noticias\/braskem-brkm5-vendas-resinas-4t23-gpj\/"]}]},{"@type":"ImageObject","inLanguage":"pt-BR","@id":"https:\/\/www.suno.com.br\/noticias\/braskem-brkm5-vendas-resinas-4t23-gpj\/#primaryimage","url":"https:\/\/files.sunoresearch.com.br\/n\/uploads\/2023\/06\/petrobras-petr4-compra-braskem-brkm5-acionista.jpg","contentUrl":"https:\/\/files.sunoresearch.com.br\/n\/uploads\/2023\/06\/petrobras-petr4-compra-braskem-brkm5-acionista.jpg","width":1200,"height":800,"caption":"Braskem (BRKM5) - Foto: Divulga\u00e7\u00e3o."},{"@type":"BreadcrumbList","@id":"https:\/\/www.suno.com.br\/noticias\/braskem-brkm5-vendas-resinas-4t23-gpj\/#breadcrumb","itemListElement":[{"@type":"ListItem","position":1,"name":"Not\u00edcias","item":"https:\/\/www.suno.com.br\/noticias\/"},{"@type":"ListItem","position":2,"name":"Neg\u00f3cios","item":"https:\/\/www.suno.com.br\/noticias\/negocios\/"},{"@type":"ListItem","position":3,"name":"Braskem (BRKM5): vendas de resinas caem 9% no 4T23, para 785 mil toneladas"}]},{"@type":"WebSite","@id":"https:\/\/www.suno.com.br\/noticias\/#website","url":"https:\/\/www.suno.com.br\/noticias\/","name":"Suno Not\u00edcias","description":"Seu portal de informa\u00e7\u00e3o sobre o mundo dos investimentos","publisher":{"@id":"https:\/\/www.suno.com.br\/noticias\/#organization"},"potentialAction":[{"@type":"SearchAction","target":{"@type":"EntryPoint","urlTemplate":"https:\/\/www.suno.com.br\/noticias\/?s={search_term_string}"},"query-input":{"@type":"PropertyValueSpecification","valueRequired":true,"valueName":"search_term_string"}}],"inLanguage":"pt-BR"},{"@type":"Organization","@id":"https:\/\/www.suno.com.br\/noticias\/#organization","name":"Suno Not\u00edcias","url":"https:\/\/www.suno.com.br\/noticias\/","logo":{"@type":"ImageObject","inLanguage":"pt-BR","@id":"https:\/\/www.suno.com.br\/noticias\/#\/schema\/logo\/image\/","url":"https:\/\/files.sunoresearch.com.br\/n\/uploads\/2021\/09\/suno-logo.png","contentUrl":"https:\/\/files.sunoresearch.com.br\/n\/uploads\/2021\/09\/suno-logo.png","width":180,"height":180,"caption":"Suno Not\u00edcias"},"image":{"@id":"https:\/\/www.suno.com.br\/noticias\/#\/schema\/logo\/image\/"},"sameAs":["https:\/\/facebook.com\/sunoresearch","https:\/\/x.com\/sunoresearch","https:\/\/www.instagram.com\/suno","https:\/\/www.linkedin.com\/company\/suno-research\/","https:\/\/www.youtube.com\/c\/sunoresearch"]},{"@type":"Person","@id":"https:\/\/www.suno.com.br\/noticias\/#\/schema\/person\/d0f32748bbca4bee871fa191ee4e2d40","name":"Giovanni Porf\u00edrio Jacomino","image":{"@type":"ImageObject","inLanguage":"pt-BR","@id":"https:\/\/www.suno.com.br\/noticias\/#\/schema\/person\/image\/","url":"https:\/\/secure.gravatar.com\/avatar\/efb32e19b730a121cb7a80f41ffec01a?s=96&r=g","contentUrl":"https:\/\/secure.gravatar.com\/avatar\/efb32e19b730a121cb7a80f41ffec01a?s=96&r=g","caption":"Giovanni Porf\u00edrio Jacomino"},"description":"Giovanni Porf\u00edrio Jacomino \u00e9 jornalista formado pela Universidade Estadual de Londrina (UEL) e p\u00f3s-graduado em Produ\u00e7\u00e3o e Pr\u00e1ticas Jornal\u00edsticas na Contemporaneidade na Faculdade C\u00e1sper L\u00edbero (FCL). Foi editor web no Startupi e no Finsiders, atuando ainda como editor no TC Mover, portal de not\u00edcias da TradersClub, fazendo a cobertura de assuntos relacionados ao mercado financeiro interno e externo. Atualmente, \u00e9 Rep\u00f3rter do Suno Not\u00edcias.","url":"https:\/\/www.suno.com.br\/noticias\/author\/giovanni-porfiriosuno-com-br\/"}]}},"default_loop_html":"<div class=\"cardsPage__listCard__boxs\"><div class=\"cardsPage__listCard__boxs__img\"><a href=\"https:\/\/www.suno.com.br\/noticias\/braskem-brkm5-vendas-resinas-4t23-gpj\/\"><img class=\"mask\" src=\"https:\/\/www.suno.com.br\/noticias\/wp-content\/themes\/suno\/resources\/images\/spotlight\/spotlight1img\/bg-mask.png\" alt=\"Image Mask\"\/><img src=\"https:\/\/files.sunoresearch.com.br\/n\/uploads\/2023\/06\/petrobras-petr4-compra-braskem-brkm5-acionista-400x200.jpg\" alt=\"Braskem (BRKM5): vendas de resinas caem 9% no 4T23, para 785 mil toneladas\"\/><\/a><span class=\"spotlightCategory\"><a href=\"https:\/\/www.suno.com.br\/noticias\/negocios\/\">Neg\u00f3cios<\/a><\/span><\/div><div class=\"cardsPage__listCard__boxs__content\"><a href=\"https:\/\/www.suno.com.br\/noticias\/braskem-brkm5-vendas-resinas-4t23-gpj\/\"><h2 class=\"content__title\">Braskem (BRKM5): vendas de resinas caem 9% no 4T23, para 785 mil toneladas<\/h2><\/a><div class=\"newsContent__article__meta\"><div class=\"newsContent__article__meta__authorBox\"><a href=\"https:\/\/www.suno.com.br\/noticias\/author\/giovanni-porfiriosuno-com-br\/\" class=\"authorBox__avatar noMobi\"><img src=\"https:\/\/files.sunoresearch.com.br\/n\/uploads\/2024\/05\/DSCF4115-1-1-150x150.webp\" alt=\"Giovanni Porf\u00edrio Jacomino\"><\/a><div class=\"authorBox__name\"><span>por\n\t\t\t<a href=\"https:\/\/www.suno.com.br\/noticias\/author\/giovanni-porfiriosuno-com-br\/\"><span itemprop=\"author\">Giovanni Porf\u00edrio Jacomino<\/span><\/a><\/span><time datetime=\"2024-02-20T08:14:10-03:00\" itemprop=\"datePublished\">20\/02\/2024 08:14<\/time><\/div><\/div><\/div><\/div><\/div>","single_layout":"posts","amp_enabled":true,"_links":{"self":[{"href":"https:\/\/www.suno.com.br\/noticias\/wp-json\/wp\/v2\/posts\/524553"}],"collection":[{"href":"https:\/\/www.suno.com.br\/noticias\/wp-json\/wp\/v2\/posts"}],"about":[{"href":"https:\/\/www.suno.com.br\/noticias\/wp-json\/wp\/v2\/types\/post"}],"author":[{"embeddable":true,"href":"https:\/\/www.suno.com.br\/noticias\/wp-json\/wp\/v2\/users\/313"}],"replies":[{"embeddable":true,"href":"https:\/\/www.suno.com.br\/noticias\/wp-json\/wp\/v2\/comments?post=524553"}],"version-history":[{"count":3,"href":"https:\/\/www.suno.com.br\/noticias\/wp-json\/wp\/v2\/posts\/524553\/revisions"}],"predecessor-version":[{"id":524848,"href":"https:\/\/www.suno.com.br\/noticias\/wp-json\/wp\/v2\/posts\/524553\/revisions\/524848"}],"wp:featuredmedia":[{"embeddable":true,"href":"https:\/\/www.suno.com.br\/noticias\/wp-json\/wp\/v2\/media\/417316"}],"wp:attachment":[{"href":"https:\/\/www.suno.com.br\/noticias\/wp-json\/wp\/v2\/media?parent=524553"}],"wp:term":[{"taxonomy":"category","embeddable":true,"href":"https:\/\/www.suno.com.br\/noticias\/wp-json\/wp\/v2\/categories?post=524553"},{"taxonomy":"post_tag","embeddable":true,"href":"https:\/\/www.suno.com.br\/noticias\/wp-json\/wp\/v2\/tags?post=524553"},{"taxonomy":"suno_strategy","embeddable":true,"href":"https:\/\/www.suno.com.br\/noticias\/wp-json\/wp\/v2\/suno_strategy?post=524553"}],"curies":[{"name":"wp","href":"https:\/\/api.w.org\/{rel}","templated":true}]}}