{"id":524537,"date":"2024-02-20T08:45:34","date_gmt":"2024-02-20T11:45:34","guid":{"rendered":"https:\/\/www.suno.com.br\/noticias\/?p=524537"},"modified":"2024-02-20T08:49:16","modified_gmt":"2024-02-20T11:49:16","slug":"sequoia-seql3-pedido-falencia-b3-mm","status":"publish","type":"post","link":"https:\/\/www.suno.com.br\/noticias\/sequoia-seql3-pedido-falencia-b3-mm\/","title":{"rendered":"Sequoia (SEQL3) se manifesta sobre pedido de fal\u00eancia; confira"},"content":{"rendered":"<p>A empresa de log\u00edstica <strong>Sequoia<\/strong> (<a href=\"https:\/\/statusinvest.com.br\/acoes\/seql3\">SEQL3<\/a>) disse \u00e0 <a href=\"https:\/\/www.suno.com.br\/acoes\/B3SA3\/\">B3 (B3SA3)<\/a> nesta segunda-feira (19) que at\u00e9 ent\u00e3o n\u00e3o foi formalmente citada em pedido de fal\u00eancia elaborado pela Talent Trabalho Tempor\u00e1rio e Terceirizado Ltda.<\/p>\t<div class=\"wrapper-featured-image\">\n\t\t<figure class=\"spotlightImg\">\n\n\t\t\t<picture>\n\t\t\t\t<source media=\"(max-width: 768px)\" srcset=\"https:\/\/files.sunoresearch.com.br\/n\/uploads\/2021\/04\/373e57f6-high-bay-408222_1280-400x200.webp\">\n\t\t\t\t<img loading=\"lazy\" decoding=\"async\" class=\"newsContent__article__imgCapa lazyloadDisabled \" src=\"https:\/\/files.sunoresearch.com.br\/n\/uploads\/2021\/04\/373e57f6-high-bay-408222_1280-800x450.webp\" width=\"800\" height=\"450\" alt=\"Sequoia (SEQL3) se manifesta sobre pedido de fal\u00eancia; confira\" fetchpriority=high \/>\n\t\t\t<\/picture>\n\n\t\t\t<figcaption class=\"wp-caption-text wp-caption-text--show\">Sequoia. Foto: Pixabay.<\/figcaption>\n\t\t<\/figure>\n\t<\/div>\n\n\n\n\n\n\n\n\t<p>\n\t\t<a href=\"https:\/\/lp.suno.com.br\/planilha-da-vida-financeira\/\" target=\"_blank\" data-element=\"shortcode-suno-banner\" title=\"Banner SUNO, clique e saiba mais\">\n\t\t\t<picture>\n\t\t\t\t<source media=\"(max-width: 500px)\" srcset=\"https:\/\/files.sunoresearch.com.br\/n\/uploads\/2023\/04\/400x300-Planilha-vida-financeira-true.png\">\n\t\t\t\t<img class=\"newsContent__article__imgCapa newsContent__article__imgCapa--banner\"\n\t\t\t\t\tsrc=\"https:\/\/files.sunoresearch.com.br\/n\/uploads\/2023\/04\/1420x240-Planilha-vida-financeira-true.png\"\n\t\t\t\t\tdata-promo-id=\"106682\"\t\t\t\t\t\t\t\t\t\twidth='1420' height='240'\t\t\t\t\talt=\"https:\/\/files.sunoresearch.com.br\/n\/uploads\/2023\/04\/1420x240-Planilha-vida-financeira-true.png\"\n\t\t\t\t>\n\t\t\t<\/picture>\n\t\t<\/a>\n\t<\/p>\n\n\n\n\n\n<p>A Sequoia afirmou \u00e0 empresa da Bolsa de Valores do Brasil que teve conhecimento da situa\u00e7\u00e3o apenas ao ser comunicada por ela. No of\u00edcio, a B3 solicitou os valores envolvidos e as medidas que a empresa estaria planejando para resolver a situa\u00e7\u00e3o.<\/p>\n\n\n\n<p>A companhia esclareceu que, com base em informa\u00e7\u00f5es p\u00fablicas, o pedido de fal\u00eancia se baseia em um valor de R$ 62.130,67, enfatizando que esse montante, sozinho, n\u00e3o tem impacto na situa\u00e7\u00e3o econ\u00f4mico-financeira da Sequoia.<\/p>\n\n\n\n<p>Em comunicado enviado \u00e0 B3, a Sequoia afirmou que j\u00e1 est\u00e1 tomando as \u201cmedidas cab\u00edveis para solucionar a quest\u00e3o de acordo com o devido processo legal, resguardando-se de seus respectivos direitos\u201d.<\/p>\n\n\n\n\t<div data-element=\"shortcode-read-more\" class=\"readToo\">\n\t\t\t\t<span class=\"readToo__title\">Leia mais<\/span>\n\t\t\t\t<ul class=\"readToo__list\">\n\t\t\t<li><a href=\"https:\/\/www.suno.com.br\/noticias\/braskem-brkm5-vendas-resinas-4t23-gpj\/\">Braskem (BRKM5): vendas de resinas caem 9% no 4T23, para 785 mil toneladas<\/a><\/li><li><a href=\"https:\/\/www.suno.com.br\/noticias\/vale-vale3-sucessao-presidencia-nao-definida-gss\/\">Vale (VALE3) diz que n\u00e3o houve decis\u00e3o sobre processo sucess\u00f3rio de presidente<\/a><\/li><li><a href=\"https:\/\/www.suno.com.br\/noticias\/carrefour-crfb3-balanco-resultados-4t23-jvj\/\">Carrefour (CRFB3) tem preju\u00edzo de R$ 565 milh\u00f5es no 4T23; veja o que impactou o resultado<\/a><\/li>\t\t<\/ul>\n\t<\/div>\n\n\n\n\t<p>\n\t\t<a href=\"https:\/\/lp.suno.com.br\/ebook-como-analisar-uma-acao\/\" target=\"_blank\" data-element=\"shortcode-suno-banner\" title=\"Banner SUNO, clique e saiba mais\">\n\t\t\t<picture>\n\t\t\t\t<source media=\"(max-width: 500px)\" srcset=\"https:\/\/files.sunoresearch.com.br\/n\/uploads\/2023\/03\/Ebook-Acoes-Mobile.jpg\">\n\t\t\t\t<img class=\"newsContent__article__imgCapa newsContent__article__imgCapa--banner\"\n\t\t\t\t\tsrc=\"https:\/\/files.sunoresearch.com.br\/n\/uploads\/2023\/03\/Ebook-Acoes-Desktop.jpg\"\n\t\t\t\t\tdata-promo-id=\"378302\"\t\t\t\t\t\t\t\t\t\twidth='1420' height='286'\t\t\t\t\talt=\"https:\/\/files.sunoresearch.com.br\/n\/uploads\/2023\/03\/Ebook-Acoes-Desktop.jpg\"\n\t\t\t\t>\n\t\t\t<\/picture>\n\t\t<\/a>\n\t<\/p>\n\n\n\n\n\n<h2 class=\"wp-block-heading\">Sequoia: endividamento e fus\u00e3o com a Move3<\/h2>\n\n\n\n<p>Em janeiro deste ano, a Sequoia divulgou ao mercado que assinou um acordo com os acionistas do <strong>Grupo Move3<\/strong> para a fus\u00e3o das empresas. A nota destaca que os <strong>acionistas da Move3<\/strong>, incluindo o <a href=\"https:\/\/www.suno.com.br\/artigos\/fundo-de-investimento-em-participacoes\/\">fundo de investimento<\/a> JGB e a gestora de ativos Newfoundland Capital, devem ter uma participa\u00e7\u00e3o societ\u00e1ria &#8220;significativa&#8221; na futura empresa.<\/p>\n\n\n\n<p>A proposta de combina\u00e7\u00e3o de neg\u00f3cios, segundo a empresa de log\u00edstica, visa estabelecer &#8220;um dos principais atores privados no segmento de entregas expressas e solu\u00e7\u00f5es log\u00edsticas no pa\u00eds&#8221;.<\/p>\n\n\n\n<p>Atrav\u00e9s de uma troca de a\u00e7\u00f5es, a Sequoia deve adquirir 60% da rec\u00e9m-criada empresa, enquanto a Move3, detentora de marcas como Flash Courrier, Moove+, Rodo\u00ea, entre outras, manter\u00e1 os 40% restantes.&nbsp;<\/p>\n\n\n\n<p>Ao somar as opera\u00e7\u00f5es, a nova entidade resultante da <strong>fus\u00e3o entre Sequoia e Move3 <\/strong>deve alcan\u00e7ar uma <a href=\"https:\/\/www.suno.com.br\/artigos\/o-que-receita-liquida\/\">receita l\u00edquida<\/a> superior a R$ 2,4 bilh\u00f5es, superando empresas como <strong>Braspress<\/strong>, <strong>Total Express <\/strong>e <strong>Jadlog<\/strong>. Al\u00e9m disso, contar\u00e1 com quase mil unidades operacionais e ter\u00e1 presen\u00e7a em 5.030 cidades, ficando atr\u00e1s apenas dos Correios em termos de cobertura.<\/p>\n\n\n\n<p>A fus\u00e3o com a Move3, sem data definida e sujeita \u00e0 aprova\u00e7\u00e3o final de ambas as partes e do Conselho Administrativo de Defesa Econ\u00f4mica (Cade), foi divulgada ap\u00f3s um acordo firmado pela Sequoia com seus credores, em 2023, para a reestrutura\u00e7\u00e3o de sua d\u00edvida.<\/p>\n\n\n\n<p>Durante o acordo, a companhia convenceu o <strong>Santander <\/strong>(SANB11), <strong>ABC Brasil<\/strong> (ABCB3), <strong>Bradesco<\/strong> (BBDC4) e Votorantim a converterem R$ 320 milh\u00f5es de d\u00e9bitos em participa\u00e7\u00f5es acion\u00e1rias da empresa, sendo que Santander e ABC Brasil representam aproximadamente 65% do montante total.<\/p>\n\n\n\n<p>Com a conclus\u00e3o dessa transa\u00e7\u00e3o, a <strong>Sequoia<\/strong> conseguiu reduzir sua d\u00edvida total em 75%, incluindo as deb\u00eantures renegociadas em outubro. Ao considerar a <a href=\"https:\/\/www.suno.com.br\/artigos\/divida-liquida\/\">d\u00edvida l\u00edquida<\/a>, a diminui\u00e7\u00e3o atingiu 90%.&nbsp;<\/p>\n\n\n\n<h2 class=\"wp-block-heading\">Desempenho das a\u00e7\u00f5es da Sequoia<\/h2>\n\n\n\n<p>No fechamento desta segunda-feira (19), as a\u00e7\u00f5es de <strong>Sequoia<\/strong> subiram 2,04%, a R$ 0,50, segundo o Status Invest.<\/p>\n\n\n\n<div class=\"pluginQuotation\">\n  <p class=\"ticker\">\n    Cota\u00e7\u00e3o <span>SEQL3<\/span>\n  <\/p>\n  <div class=\"info\">\n    <div class=\"leftSide\">\n      Gr\u00e1fico gerado em: 20\/02\/2024    <\/div>\n\t\t\t\t\t<div class=\"rightSide\">\n\t\t\t\t\t<span class=\"period\">\n\t\t\t\t\t\t1 Dia\t\t\t\t\t<\/span>\n\t\t\t<\/div>\n\t\t  <\/div>\n\n  <div id=\"chart-497335f35b410cc359ceb0d5f2b72b6e\" data-block-hash=\"497335f35b410cc359ceb0d5f2b72b6e\"  class=\"chart\" style=\"width:100%;height:400px;\"><\/div>\n\n  <div class=\"pluginQuotation__footer\">\n    <div class=\"dataChart\">\n\n      <div class=\"dataChart__div1 variation\">\n        <div class=\"value-positive\">\n          2,04 (+0,01%)        <\/div>\n        <div class=\"text\">\n          Varia\u00e7\u00e3o do per\u00edodo\n        <\/div>\n      <\/div>\n\n      <div class=\"dataChart__div2 minMax\">\n        <div class=\"value\">\n          R$\u00a00,48        <\/div>\n        <div class=\"text\">\n          M\u00ednima\n        <\/div>\n      <\/div>\n\n      <div class=\"dataChart__div3 minMax\">\n        <div class=\"value\">\n          R$\u00a00,51        <\/div>\n        <div class=\"text\">\n          M\u00e1xima\n        <\/div>\n      <\/div>\n\n\t\t\t<div class=\"dataChart__div4 rightSide\">\n\t\t\t\t<div class=\"analiticaSource\">\n\t\t\t\t\t<span>\n\t\t\t\t\t\tFonte:\n\t\t\t\t\t<\/span>\n\t\t\t\t\t<img decoding=\"async\" class=\"analiticaLogo\" src=\"https:\/\/www.suno.com.br\/noticias\/wp-content\/plugins\/suno-block-ticker-quotation\/src\/suno-analitica-logo.png\" alt=\"Logo Suno Anal\u00edtica\" \/>\n\t\t\t\t<\/div>\n\n\t\t\t\t<a href=\"https:\/\/www.suno.com.br\/analitica\/acoes\/SEQL3\" target=\"_blank\">\n\t\t\t\t\t<span>\n\t\t\t\t\t\tVer mais cota\u00e7\u00f5es\n\t\t\t\t\t<\/span>\n\t\t\t\t\t<svg xmlns=\"http:\/\/www.w3.org\/2000\/svg\" width=\"9\" height=\"8\" viewBox=\"0 0 9 8\" fill=\"none\">\n\t\t\t\t\t\t<path d=\"M4.20996 0L3.50496 0.705L6.29496 3.5H0.209961V4.5H6.29496L3.50496 7.295L4.20996 8L8.20996 4L4.20996 0Z\" fill=\"#D42126\" \/>\n\t\t\t\t\t<\/svg>\n\t\t\t\t<\/a>\n    <\/div>\n\n    <\/div>\n  <\/div>\n<\/div>\n\n\n<script type=\"text\/javascript\">\n  let chart_497335f35b410cc359ceb0d5f2b72b6e = document.getElementById('chart-497335f35b410cc359ceb0d5f2b72b6e');\n  let data_json_497335f35b410cc359ceb0d5f2b72b6e = \"[{\\\"date\\\":\\\"19\\\\\\\/02\\\\\\\/24 12:46\\\",\\\"value\\\":0.49},{\\\"date\\\":\\\"19\\\\\\\/02\\\\\\\/24 12:48\\\",\\\"value\\\":0.49},{\\\"date\\\":\\\"19\\\\\\\/02\\\\\\\/24 12:50\\\",\\\"value\\\":0.49},{\\\"date\\\":\\\"19\\\\\\\/02\\\\\\\/24 12:54\\\",\\\"value\\\":0.49},{\\\"date\\\":\\\"19\\\\\\\/02\\\\\\\/24 12:56\\\",\\\"value\\\":0.49},{\\\"date\\\":\\\"19\\\\\\\/02\\\\\\\/24 12:58\\\",\\\"value\\\":0.49},{\\\"date\\\":\\\"19\\\\\\\/02\\\\\\\/24 13:00\\\",\\\"value\\\":0.49},{\\\"date\\\":\\\"19\\\\\\\/02\\\\\\\/24 13:06\\\",\\\"value\\\":0.49},{\\\"date\\\":\\\"19\\\\\\\/02\\\\\\\/24 13:10\\\",\\\"value\\\":0.49},{\\\"date\\\":\\\"19\\\\\\\/02\\\\\\\/24 13:12\\\",\\\"value\\\":0.49},{\\\"date\\\":\\\"19\\\\\\\/02\\\\\\\/24 13:14\\\",\\\"value\\\":0.49},{\\\"date\\\":\\\"19\\\\\\\/02\\\\\\\/24 13:16\\\",\\\"value\\\":0.5},{\\\"date\\\":\\\"19\\\\\\\/02\\\\\\\/24 13:18\\\",\\\"value\\\":0.49},{\\\"date\\\":\\\"19\\\\\\\/02\\\\\\\/24 13:22\\\",\\\"value\\\":0.49},{\\\"date\\\":\\\"19\\\\\\\/02\\\\\\\/24 13:24\\\",\\\"value\\\":0.49},{\\\"date\\\":\\\"19\\\\\\\/02\\\\\\\/24 13:26\\\",\\\"value\\\":0.51},{\\\"date\\\":\\\"19\\\\\\\/02\\\\\\\/24 13:28\\\",\\\"value\\\":0.51},{\\\"date\\\":\\\"19\\\\\\\/02\\\\\\\/24 13:30\\\",\\\"value\\\":0.5},{\\\"date\\\":\\\"19\\\\\\\/02\\\\\\\/24 13:46\\\",\\\"value\\\":0.49},{\\\"date\\\":\\\"19\\\\\\\/02\\\\\\\/24 13:48\\\",\\\"value\\\":0.49},{\\\"date\\\":\\\"19\\\\\\\/02\\\\\\\/24 13:50\\\",\\\"value\\\":0.49},{\\\"date\\\":\\\"19\\\\\\\/02\\\\\\\/24 13:52\\\",\\\"value\\\":0.49},{\\\"date\\\":\\\"19\\\\\\\/02\\\\\\\/24 13:54\\\",\\\"value\\\":0.49},{\\\"date\\\":\\\"19\\\\\\\/02\\\\\\\/24 13:56\\\",\\\"value\\\":0.49},{\\\"date\\\":\\\"19\\\\\\\/02\\\\\\\/24 13:58\\\",\\\"value\\\":0.49},{\\\"date\\\":\\\"19\\\\\\\/02\\\\\\\/24 14:00\\\",\\\"value\\\":0.49},{\\\"date\\\":\\\"19\\\\\\\/02\\\\\\\/24 14:02\\\",\\\"value\\\":0.49},{\\\"date\\\":\\\"19\\\\\\\/02\\\\\\\/24 14:04\\\",\\\"value\\\":0.49},{\\\"date\\\":\\\"19\\\\\\\/02\\\\\\\/24 14:06\\\",\\\"value\\\":0.49},{\\\"date\\\":\\\"19\\\\\\\/02\\\\\\\/24 14:08\\\",\\\"value\\\":0.49},{\\\"date\\\":\\\"19\\\\\\\/02\\\\\\\/24 14:10\\\",\\\"value\\\":0.49},{\\\"date\\\":\\\"19\\\\\\\/02\\\\\\\/24 14:12\\\",\\\"value\\\":0.49},{\\\"date\\\":\\\"19\\\\\\\/02\\\\\\\/24 14:14\\\",\\\"value\\\":0.49},{\\\"date\\\":\\\"19\\\\\\\/02\\\\\\\/24 14:16\\\",\\\"value\\\":0.49},{\\\"date\\\":\\\"19\\\\\\\/02\\\\\\\/24 14:18\\\",\\\"value\\\":0.49},{\\\"date\\\":\\\"19\\\\\\\/02\\\\\\\/24 14:20\\\",\\\"value\\\":0.49},{\\\"date\\\":\\\"19\\\\\\\/02\\\\\\\/24 14:22\\\",\\\"value\\\":0.49},{\\\"date\\\":\\\"19\\\\\\\/02\\\\\\\/24 14:24\\\",\\\"value\\\":0.49},{\\\"date\\\":\\\"19\\\\\\\/02\\\\\\\/24 14:26\\\",\\\"value\\\":0.49},{\\\"date\\\":\\\"19\\\\\\\/02\\\\\\\/24 14:28\\\",\\\"value\\\":0.49},{\\\"date\\\":\\\"19\\\\\\\/02\\\\\\\/24 14:30\\\",\\\"value\\\":0.49},{\\\"date\\\":\\\"19\\\\\\\/02\\\\\\\/24 14:58\\\",\\\"value\\\":0.49},{\\\"date\\\":\\\"19\\\\\\\/02\\\\\\\/24 15:00\\\",\\\"value\\\":0.49},{\\\"date\\\":\\\"19\\\\\\\/02\\\\\\\/24 15:02\\\",\\\"value\\\":0.49},{\\\"date\\\":\\\"19\\\\\\\/02\\\\\\\/24 15:04\\\",\\\"value\\\":0.48},{\\\"date\\\":\\\"19\\\\\\\/02\\\\\\\/24 15:06\\\",\\\"value\\\":0.48},{\\\"date\\\":\\\"19\\\\\\\/02\\\\\\\/24 15:08\\\",\\\"value\\\":0.48},{\\\"date\\\":\\\"19\\\\\\\/02\\\\\\\/24 15:10\\\",\\\"value\\\":0.48},{\\\"date\\\":\\\"19\\\\\\\/02\\\\\\\/24 15:12\\\",\\\"value\\\":0.48},{\\\"date\\\":\\\"19\\\\\\\/02\\\\\\\/24 15:14\\\",\\\"value\\\":0.48},{\\\"date\\\":\\\"19\\\\\\\/02\\\\\\\/24 15:16\\\",\\\"value\\\":0.48},{\\\"date\\\":\\\"19\\\\\\\/02\\\\\\\/24 15:18\\\",\\\"value\\\":0.48},{\\\"date\\\":\\\"19\\\\\\\/02\\\\\\\/24 15:20\\\",\\\"value\\\":0.48},{\\\"date\\\":\\\"19\\\\\\\/02\\\\\\\/24 15:22\\\",\\\"value\\\":0.48},{\\\"date\\\":\\\"19\\\\\\\/02\\\\\\\/24 15:24\\\",\\\"value\\\":0.48},{\\\"date\\\":\\\"19\\\\\\\/02\\\\\\\/24 15:26\\\",\\\"value\\\":0.49},{\\\"date\\\":\\\"19\\\\\\\/02\\\\\\\/24 15:28\\\",\\\"value\\\":0.49},{\\\"date\\\":\\\"19\\\\\\\/02\\\\\\\/24 15:30\\\",\\\"value\\\":0.5},{\\\"date\\\":\\\"19\\\\\\\/02\\\\\\\/24 15:32\\\",\\\"value\\\":0.49},{\\\"date\\\":\\\"19\\\\\\\/02\\\\\\\/24 15:34\\\",\\\"value\\\":0.49},{\\\"date\\\":\\\"19\\\\\\\/02\\\\\\\/24 15:36\\\",\\\"value\\\":0.49},{\\\"date\\\":\\\"19\\\\\\\/02\\\\\\\/24 15:38\\\",\\\"value\\\":0.49},{\\\"date\\\":\\\"19\\\\\\\/02\\\\\\\/24 15:40\\\",\\\"value\\\":0.5},{\\\"date\\\":\\\"19\\\\\\\/02\\\\\\\/24 15:42\\\",\\\"value\\\":0.49},{\\\"date\\\":\\\"19\\\\\\\/02\\\\\\\/24 15:44\\\",\\\"value\\\":0.5}]\";\n  let isPositive_497335f35b410cc359ceb0d5f2b72b6e = true;\n\n  let color_497335f35b410cc359ceb0d5f2b72b6e = isPositive_497335f35b410cc359ceb0d5f2b72b6e ? '#3AB53A' : '#D92C2D';\n\n  let data_497335f35b410cc359ceb0d5f2b72b6e = JSON.parse(data_json_497335f35b410cc359ceb0d5f2b72b6e);\n\n  const result_497335f35b410cc359ceb0d5f2b72b6e = {\n    date: [],\n    value: [],\n  };\n\n  data_497335f35b410cc359ceb0d5f2b72b6e.forEach((item) => {\n    result_497335f35b410cc359ceb0d5f2b72b6e.date.push(item.date);\n    result_497335f35b410cc359ceb0d5f2b72b6e.value.push(Number(item.value));\n  });\n\n  let option_497335f35b410cc359ceb0d5f2b72b6e = {\n    \/\/ variavel de cor global\n    color: [color_497335f35b410cc359ceb0d5f2b72b6e],\n    title: {\n      text: '',\n    },\n    tooltip: {\n      trigger: 'axis',\n      axisPointer: {\n        type: 'cross',\n        label: {\n          \/\/ cor dos valores em X e Y\n          backgroundColor: color_497335f35b410cc359ceb0d5f2b72b6e,\n          formatter: (value) => {\n            if (typeof value.value === 'number') {\n              return Number(value.value).toLocaleString('pt-br', {\n                style: 'currency',\n                currency: 'BRL'\n              });\n            }\n            return value.value;\n          },\n        },\n      },\n      valueFormatter: (value) => Number(value).toLocaleString('pt-br', {\n        style: 'currency',\n        currency: 'BRL'\n      }),\n    },\n    legend: {\n      \/\/ data: ['Valor de Fechamento'],\n      show: false,\n    },\n    toolbox: {\n      feature: {\n        saveAsImage: {\n          show: false,\n        },\n      },\n    },\n    grid: {\n      left: '0px',\n      right: '0px',\n      bottom: '0px',\n      containLabel: true,\n    },\n    xAxis: [{\n      type: 'category',\n      data: result_497335f35b410cc359ceb0d5f2b72b6e.date,\n      boundaryGap: true,\n    }],\n    yAxis: [{\n      type: 'value',\n      min: Math.min(...result_497335f35b410cc359ceb0d5f2b72b6e.value),\n      max: Math.max(...result_497335f35b410cc359ceb0d5f2b72b6e.value),\n      axisLabel: {\n        formatter: (value) => value.toLocaleString('pt-br', {\n          style: 'currency',\n          currency: 'BRL'\n        }),\n      },\n    }],\n    series: [{\n      name: 'Valor de Fechamento',\n      type: 'line',\n      stack: 'Total',\n      \/\/ cor do grafico\n      areaStyle: {},\n      emphasis: {\n        focus: 'series',\n      },\n      data: result_497335f35b410cc359ceb0d5f2b72b6e.value,\n      \/\/ cor da linha\n      lineStyle: {\n        color: color_497335f35b410cc359ceb0d5f2b72b6e,\n      },\n    }, ],\n  };\n\n\twindow.chart_497335f35b410cc359ceb0d5f2b72b6e = {\n\t\tel: chart_497335f35b410cc359ceb0d5f2b72b6e,\n\t\toption: option_497335f35b410cc359ceb0d5f2b72b6e\t};\n\n\n<\/script>\n\n\n\t<p>\n\t\t<a href=\"https:\/\/lp.suno.com.br\/planilha-da-vida-financeira\/\" target=\"_blank\" data-element=\"shortcode-suno-banner\" title=\"Banner SUNO, clique e saiba mais\">\n\t\t\t<picture>\n\t\t\t\t<source media=\"(max-width: 500px)\" srcset=\"https:\/\/files.sunoresearch.com.br\/n\/uploads\/2023\/04\/400x300-Planilha-vida-financeira-true.png\">\n\t\t\t\t<img class=\"newsContent__article__imgCapa newsContent__article__imgCapa--banner\"\n\t\t\t\t\tsrc=\"https:\/\/files.sunoresearch.com.br\/n\/uploads\/2023\/04\/1420x240-Planilha-vida-financeira-true.png\"\n\t\t\t\t\tdata-promo-id=\"383123\"\t\t\t\t\t\t\t\t\t\twidth='1420' height='240'\t\t\t\t\talt=\"https:\/\/files.sunoresearch.com.br\/n\/uploads\/2023\/04\/1420x240-Planilha-vida-financeira-true.png\"\n\t\t\t\t>\n\t\t\t<\/picture>\n\t\t<\/a>\n\t<\/p>\n\n\n","protected":false},"excerpt":{"rendered":"<p>A empresa de log\u00edstica Sequoia (SEQL3) disse \u00e0 B3 (B3SA3) nesta segunda-feira (19) que at\u00e9 ent\u00e3o n\u00e3o foi formalmente citada em pedido de fal\u00eancia elaborado pela Talent Trabalho Tempor\u00e1rio e Terceirizado Ltda. Sequoia. Foto: Pixabay. A Sequoia afirmou \u00e0 empresa da Bolsa de Valores do Brasil que teve conhecimento da situa\u00e7\u00e3o apenas ao ser comunicada [&hellip;]<\/p>\n","protected":false},"author":345,"featured_media":140021,"comment_status":"closed","ping_status":"closed","sticky":false,"template":"","format":"standard","meta":[],"categories":[64],"tags":[105858],"suno_strategy":[],"class_list":["post-524537","post","type-post","status-publish","format-standard","has-post-thumbnail","hentry","category-negocios","tag-sequoia-seql3"],"yoast_head":"<!-- This site is optimized with the Yoast SEO plugin v24.4 - https:\/\/yoast.com\/wordpress\/plugins\/seo\/ -->\n<title>Sequoia (SEQL3) se manifesta sobre pedido de fal\u00eancia; confira<\/title>\n<meta name=\"description\" content=\"A Sequoia disse que at\u00e9 ent\u00e3o n\u00e3o foi formalmente citada em pedido de fal\u00eancia elaborado pela Talent Trabalho Tempor\u00e1rio e Terceirizado Ltda.\" \/>\n<meta name=\"robots\" content=\"index, follow, max-snippet:-1, max-image-preview:large, max-video-preview:-1\" \/>\n<link rel=\"canonical\" href=\"https:\/\/www.suno.com.br\/noticias\/sequoia-seql3-pedido-falencia-b3-mm\/\" \/>\n<meta property=\"og:locale\" content=\"pt_BR\" \/>\n<meta property=\"og:type\" content=\"article\" \/>\n<meta property=\"og:title\" content=\"Sequoia (SEQL3) se manifesta sobre pedido de fal\u00eancia; confira\" \/>\n<meta property=\"og:description\" content=\"A Sequoia disse que at\u00e9 ent\u00e3o n\u00e3o foi formalmente citada em pedido de fal\u00eancia elaborado pela Talent Trabalho Tempor\u00e1rio e Terceirizado Ltda.\" \/>\n<meta property=\"og:url\" content=\"https:\/\/www.suno.com.br\/noticias\/sequoia-seql3-pedido-falencia-b3-mm\/\" \/>\n<meta property=\"og:site_name\" content=\"Suno Not\u00edcias\" \/>\n<meta property=\"article:publisher\" content=\"https:\/\/facebook.com\/sunoresearch\" \/>\n<meta property=\"og:image\" content=\"https:\/\/files.sunoresearch.com.br\/n\/uploads\/2021\/04\/373e57f6-high-bay-408222_1280.jpg\" \/>\n\t<meta property=\"og:image:width\" content=\"1280\" \/>\n\t<meta property=\"og:image:height\" content=\"853\" \/>\n\t<meta property=\"og:image:type\" content=\"image\/jpeg\" \/>\n<meta name=\"author\" content=\"Murilo Melo\" \/>\n<meta name=\"twitter:card\" content=\"summary_large_image\" \/>\n<meta name=\"twitter:creator\" content=\"@sunoresearch\" \/>\n<meta name=\"twitter:site\" content=\"@sunoresearch\" \/>\n<meta name=\"twitter:label1\" content=\"Escrito por\" \/>\n\t<meta name=\"twitter:data1\" content=\"Murilo Melo\" \/>\n\t<meta name=\"twitter:label2\" content=\"Est. tempo de leitura\" \/>\n\t<meta name=\"twitter:data2\" content=\"3 minutos\" \/>\n<script type=\"application\/ld+json\" class=\"yoast-schema-graph\">{\"@context\":\"https:\/\/schema.org\",\"@graph\":[{\"@type\":\"NewsArticle\",\"@id\":\"https:\/\/www.suno.com.br\/noticias\/sequoia-seql3-pedido-falencia-b3-mm\/#article\",\"isPartOf\":{\"@id\":\"https:\/\/www.suno.com.br\/noticias\/sequoia-seql3-pedido-falencia-b3-mm\/\"},\"author\":{\"name\":\"Murilo Melo\",\"@id\":\"https:\/\/www.suno.com.br\/noticias\/#\/schema\/person\/32d4feb215afe4b317d446bb442400dd\"},\"headline\":\"Sequoia (SEQL3) se manifesta sobre pedido de fal\u00eancia; confira\",\"datePublished\":\"2024-02-20T11:45:34+00:00\",\"dateModified\":\"2024-02-20T11:49:16+00:00\",\"mainEntityOfPage\":{\"@id\":\"https:\/\/www.suno.com.br\/noticias\/sequoia-seql3-pedido-falencia-b3-mm\/\"},\"wordCount\":510,\"publisher\":{\"@id\":\"https:\/\/www.suno.com.br\/noticias\/#organization\"},\"image\":{\"@id\":\"https:\/\/www.suno.com.br\/noticias\/sequoia-seql3-pedido-falencia-b3-mm\/#primaryimage\"},\"thumbnailUrl\":\"https:\/\/files.sunoresearch.com.br\/n\/uploads\/2021\/04\/373e57f6-high-bay-408222_1280-jpg.webp\",\"keywords\":[\"Sequoia (SEQL3)\"],\"articleSection\":[\"Neg\u00f3cios\"],\"inLanguage\":\"pt-BR\"},{\"@type\":\"WebPage\",\"@id\":\"https:\/\/www.suno.com.br\/noticias\/sequoia-seql3-pedido-falencia-b3-mm\/\",\"url\":\"https:\/\/www.suno.com.br\/noticias\/sequoia-seql3-pedido-falencia-b3-mm\/\",\"name\":\"Sequoia (SEQL3) se manifesta sobre pedido de fal\u00eancia; confira\",\"isPartOf\":{\"@id\":\"https:\/\/www.suno.com.br\/noticias\/#website\"},\"primaryImageOfPage\":{\"@id\":\"https:\/\/www.suno.com.br\/noticias\/sequoia-seql3-pedido-falencia-b3-mm\/#primaryimage\"},\"image\":{\"@id\":\"https:\/\/www.suno.com.br\/noticias\/sequoia-seql3-pedido-falencia-b3-mm\/#primaryimage\"},\"thumbnailUrl\":\"https:\/\/files.sunoresearch.com.br\/n\/uploads\/2021\/04\/373e57f6-high-bay-408222_1280-jpg.webp\",\"datePublished\":\"2024-02-20T11:45:34+00:00\",\"dateModified\":\"2024-02-20T11:49:16+00:00\",\"description\":\"A Sequoia disse que at\u00e9 ent\u00e3o n\u00e3o foi formalmente citada em pedido de fal\u00eancia elaborado pela Talent Trabalho Tempor\u00e1rio e Terceirizado Ltda.\",\"breadcrumb\":{\"@id\":\"https:\/\/www.suno.com.br\/noticias\/sequoia-seql3-pedido-falencia-b3-mm\/#breadcrumb\"},\"inLanguage\":\"pt-BR\",\"potentialAction\":[{\"@type\":\"ReadAction\",\"target\":[\"https:\/\/www.suno.com.br\/noticias\/sequoia-seql3-pedido-falencia-b3-mm\/\"]}]},{\"@type\":\"ImageObject\",\"inLanguage\":\"pt-BR\",\"@id\":\"https:\/\/www.suno.com.br\/noticias\/sequoia-seql3-pedido-falencia-b3-mm\/#primaryimage\",\"url\":\"https:\/\/files.sunoresearch.com.br\/n\/uploads\/2021\/04\/373e57f6-high-bay-408222_1280-jpg.webp\",\"contentUrl\":\"https:\/\/files.sunoresearch.com.br\/n\/uploads\/2021\/04\/373e57f6-high-bay-408222_1280-jpg.webp\",\"width\":1280,\"height\":853,\"caption\":\"Sequoia. Foto: Pixabay.\"},{\"@type\":\"BreadcrumbList\",\"@id\":\"https:\/\/www.suno.com.br\/noticias\/sequoia-seql3-pedido-falencia-b3-mm\/#breadcrumb\",\"itemListElement\":[{\"@type\":\"ListItem\",\"position\":1,\"name\":\"Not\u00edcias\",\"item\":\"https:\/\/www.suno.com.br\/noticias\/\"},{\"@type\":\"ListItem\",\"position\":2,\"name\":\"Neg\u00f3cios\",\"item\":\"https:\/\/www.suno.com.br\/noticias\/negocios\/\"},{\"@type\":\"ListItem\",\"position\":3,\"name\":\"Sequoia (SEQL3) se manifesta sobre pedido de fal\u00eancia; confira\"}]},{\"@type\":\"WebSite\",\"@id\":\"https:\/\/www.suno.com.br\/noticias\/#website\",\"url\":\"https:\/\/www.suno.com.br\/noticias\/\",\"name\":\"Suno Not\u00edcias\",\"description\":\"Seu portal de informa\u00e7\u00e3o sobre o mundo dos investimentos\",\"publisher\":{\"@id\":\"https:\/\/www.suno.com.br\/noticias\/#organization\"},\"potentialAction\":[{\"@type\":\"SearchAction\",\"target\":{\"@type\":\"EntryPoint\",\"urlTemplate\":\"https:\/\/www.suno.com.br\/noticias\/?s={search_term_string}\"},\"query-input\":{\"@type\":\"PropertyValueSpecification\",\"valueRequired\":true,\"valueName\":\"search_term_string\"}}],\"inLanguage\":\"pt-BR\"},{\"@type\":\"Organization\",\"@id\":\"https:\/\/www.suno.com.br\/noticias\/#organization\",\"name\":\"Suno Not\u00edcias\",\"url\":\"https:\/\/www.suno.com.br\/noticias\/\",\"logo\":{\"@type\":\"ImageObject\",\"inLanguage\":\"pt-BR\",\"@id\":\"https:\/\/www.suno.com.br\/noticias\/#\/schema\/logo\/image\/\",\"url\":\"https:\/\/files.sunoresearch.com.br\/n\/uploads\/2021\/09\/suno-logo.png\",\"contentUrl\":\"https:\/\/files.sunoresearch.com.br\/n\/uploads\/2021\/09\/suno-logo.png\",\"width\":180,\"height\":180,\"caption\":\"Suno Not\u00edcias\"},\"image\":{\"@id\":\"https:\/\/www.suno.com.br\/noticias\/#\/schema\/logo\/image\/\"},\"sameAs\":[\"https:\/\/facebook.com\/sunoresearch\",\"https:\/\/x.com\/sunoresearch\",\"https:\/\/www.instagram.com\/suno\",\"https:\/\/www.linkedin.com\/company\/suno-research\/\",\"https:\/\/www.youtube.com\/c\/sunoresearch\"]},{\"@type\":\"Person\",\"@id\":\"https:\/\/www.suno.com.br\/noticias\/#\/schema\/person\/32d4feb215afe4b317d446bb442400dd\",\"name\":\"Murilo Melo\",\"image\":{\"@type\":\"ImageObject\",\"inLanguage\":\"pt-BR\",\"@id\":\"https:\/\/www.suno.com.br\/noticias\/#\/schema\/person\/image\/\",\"url\":\"https:\/\/secure.gravatar.com\/avatar\/af7a693198b592028493c0e8b0583d4f?s=96&r=g\",\"contentUrl\":\"https:\/\/secure.gravatar.com\/avatar\/af7a693198b592028493c0e8b0583d4f?s=96&r=g\",\"caption\":\"Murilo Melo\"},\"description\":\"\u00c9 um jornalista e letr\u00f3logo com vasta experi\u00eancia em economia, finan\u00e7as e mercado. J\u00e1 foi rep\u00f3rter de jornais, revistas e sites noticiosos como A Tarde, Correio e Folha de S.Paulo. No Suno Not\u00edcias, escreve sobre neg\u00f3cios\",\"url\":\"https:\/\/www.suno.com.br\/noticias\/author\/murilomelo-jornalismogmail-com\/\"}]}<\/script>\n<!-- \/ Yoast SEO plugin. -->","yoast_head_json":{"title":"Sequoia (SEQL3) se manifesta sobre pedido de fal\u00eancia; confira","description":"A Sequoia disse que at\u00e9 ent\u00e3o n\u00e3o foi formalmente citada em pedido de fal\u00eancia elaborado pela Talent Trabalho Tempor\u00e1rio e Terceirizado Ltda.","robots":{"index":"index","follow":"follow","max-snippet":"max-snippet:-1","max-image-preview":"max-image-preview:large","max-video-preview":"max-video-preview:-1"},"canonical":"https:\/\/www.suno.com.br\/noticias\/sequoia-seql3-pedido-falencia-b3-mm\/","og_locale":"pt_BR","og_type":"article","og_title":"Sequoia (SEQL3) se manifesta sobre pedido de fal\u00eancia; confira","og_description":"A Sequoia disse que at\u00e9 ent\u00e3o n\u00e3o foi formalmente citada em pedido de fal\u00eancia elaborado pela Talent Trabalho Tempor\u00e1rio e Terceirizado Ltda.","og_url":"https:\/\/www.suno.com.br\/noticias\/sequoia-seql3-pedido-falencia-b3-mm\/","og_site_name":"Suno Not\u00edcias","article_publisher":"https:\/\/facebook.com\/sunoresearch","og_image":[{"width":1280,"height":853,"url":"https:\/\/files.sunoresearch.com.br\/n\/uploads\/2021\/04\/373e57f6-high-bay-408222_1280.jpg","type":"image\/jpeg"}],"author":"Murilo Melo","twitter_card":"summary_large_image","twitter_creator":"@sunoresearch","twitter_site":"@sunoresearch","twitter_misc":{"Escrito por":"Murilo Melo","Est. tempo de leitura":"3 minutos"},"schema":{"@context":"https:\/\/schema.org","@graph":[{"@type":"NewsArticle","@id":"https:\/\/www.suno.com.br\/noticias\/sequoia-seql3-pedido-falencia-b3-mm\/#article","isPartOf":{"@id":"https:\/\/www.suno.com.br\/noticias\/sequoia-seql3-pedido-falencia-b3-mm\/"},"author":{"name":"Murilo Melo","@id":"https:\/\/www.suno.com.br\/noticias\/#\/schema\/person\/32d4feb215afe4b317d446bb442400dd"},"headline":"Sequoia (SEQL3) se manifesta sobre pedido de fal\u00eancia; confira","datePublished":"2024-02-20T11:45:34+00:00","dateModified":"2024-02-20T11:49:16+00:00","mainEntityOfPage":{"@id":"https:\/\/www.suno.com.br\/noticias\/sequoia-seql3-pedido-falencia-b3-mm\/"},"wordCount":510,"publisher":{"@id":"https:\/\/www.suno.com.br\/noticias\/#organization"},"image":{"@id":"https:\/\/www.suno.com.br\/noticias\/sequoia-seql3-pedido-falencia-b3-mm\/#primaryimage"},"thumbnailUrl":"https:\/\/files.sunoresearch.com.br\/n\/uploads\/2021\/04\/373e57f6-high-bay-408222_1280-jpg.webp","keywords":["Sequoia (SEQL3)"],"articleSection":["Neg\u00f3cios"],"inLanguage":"pt-BR"},{"@type":"WebPage","@id":"https:\/\/www.suno.com.br\/noticias\/sequoia-seql3-pedido-falencia-b3-mm\/","url":"https:\/\/www.suno.com.br\/noticias\/sequoia-seql3-pedido-falencia-b3-mm\/","name":"Sequoia (SEQL3) se manifesta sobre pedido de fal\u00eancia; confira","isPartOf":{"@id":"https:\/\/www.suno.com.br\/noticias\/#website"},"primaryImageOfPage":{"@id":"https:\/\/www.suno.com.br\/noticias\/sequoia-seql3-pedido-falencia-b3-mm\/#primaryimage"},"image":{"@id":"https:\/\/www.suno.com.br\/noticias\/sequoia-seql3-pedido-falencia-b3-mm\/#primaryimage"},"thumbnailUrl":"https:\/\/files.sunoresearch.com.br\/n\/uploads\/2021\/04\/373e57f6-high-bay-408222_1280-jpg.webp","datePublished":"2024-02-20T11:45:34+00:00","dateModified":"2024-02-20T11:49:16+00:00","description":"A Sequoia disse que at\u00e9 ent\u00e3o n\u00e3o foi formalmente citada em pedido de fal\u00eancia elaborado pela Talent Trabalho Tempor\u00e1rio e Terceirizado Ltda.","breadcrumb":{"@id":"https:\/\/www.suno.com.br\/noticias\/sequoia-seql3-pedido-falencia-b3-mm\/#breadcrumb"},"inLanguage":"pt-BR","potentialAction":[{"@type":"ReadAction","target":["https:\/\/www.suno.com.br\/noticias\/sequoia-seql3-pedido-falencia-b3-mm\/"]}]},{"@type":"ImageObject","inLanguage":"pt-BR","@id":"https:\/\/www.suno.com.br\/noticias\/sequoia-seql3-pedido-falencia-b3-mm\/#primaryimage","url":"https:\/\/files.sunoresearch.com.br\/n\/uploads\/2021\/04\/373e57f6-high-bay-408222_1280-jpg.webp","contentUrl":"https:\/\/files.sunoresearch.com.br\/n\/uploads\/2021\/04\/373e57f6-high-bay-408222_1280-jpg.webp","width":1280,"height":853,"caption":"Sequoia. Foto: Pixabay."},{"@type":"BreadcrumbList","@id":"https:\/\/www.suno.com.br\/noticias\/sequoia-seql3-pedido-falencia-b3-mm\/#breadcrumb","itemListElement":[{"@type":"ListItem","position":1,"name":"Not\u00edcias","item":"https:\/\/www.suno.com.br\/noticias\/"},{"@type":"ListItem","position":2,"name":"Neg\u00f3cios","item":"https:\/\/www.suno.com.br\/noticias\/negocios\/"},{"@type":"ListItem","position":3,"name":"Sequoia (SEQL3) se manifesta sobre pedido de fal\u00eancia; confira"}]},{"@type":"WebSite","@id":"https:\/\/www.suno.com.br\/noticias\/#website","url":"https:\/\/www.suno.com.br\/noticias\/","name":"Suno Not\u00edcias","description":"Seu portal de informa\u00e7\u00e3o sobre o mundo dos investimentos","publisher":{"@id":"https:\/\/www.suno.com.br\/noticias\/#organization"},"potentialAction":[{"@type":"SearchAction","target":{"@type":"EntryPoint","urlTemplate":"https:\/\/www.suno.com.br\/noticias\/?s={search_term_string}"},"query-input":{"@type":"PropertyValueSpecification","valueRequired":true,"valueName":"search_term_string"}}],"inLanguage":"pt-BR"},{"@type":"Organization","@id":"https:\/\/www.suno.com.br\/noticias\/#organization","name":"Suno Not\u00edcias","url":"https:\/\/www.suno.com.br\/noticias\/","logo":{"@type":"ImageObject","inLanguage":"pt-BR","@id":"https:\/\/www.suno.com.br\/noticias\/#\/schema\/logo\/image\/","url":"https:\/\/files.sunoresearch.com.br\/n\/uploads\/2021\/09\/suno-logo.png","contentUrl":"https:\/\/files.sunoresearch.com.br\/n\/uploads\/2021\/09\/suno-logo.png","width":180,"height":180,"caption":"Suno Not\u00edcias"},"image":{"@id":"https:\/\/www.suno.com.br\/noticias\/#\/schema\/logo\/image\/"},"sameAs":["https:\/\/facebook.com\/sunoresearch","https:\/\/x.com\/sunoresearch","https:\/\/www.instagram.com\/suno","https:\/\/www.linkedin.com\/company\/suno-research\/","https:\/\/www.youtube.com\/c\/sunoresearch"]},{"@type":"Person","@id":"https:\/\/www.suno.com.br\/noticias\/#\/schema\/person\/32d4feb215afe4b317d446bb442400dd","name":"Murilo Melo","image":{"@type":"ImageObject","inLanguage":"pt-BR","@id":"https:\/\/www.suno.com.br\/noticias\/#\/schema\/person\/image\/","url":"https:\/\/secure.gravatar.com\/avatar\/af7a693198b592028493c0e8b0583d4f?s=96&r=g","contentUrl":"https:\/\/secure.gravatar.com\/avatar\/af7a693198b592028493c0e8b0583d4f?s=96&r=g","caption":"Murilo Melo"},"description":"\u00c9 um jornalista e letr\u00f3logo com vasta experi\u00eancia em economia, finan\u00e7as e mercado. J\u00e1 foi rep\u00f3rter de jornais, revistas e sites noticiosos como A Tarde, Correio e Folha de S.Paulo. No Suno Not\u00edcias, escreve sobre neg\u00f3cios","url":"https:\/\/www.suno.com.br\/noticias\/author\/murilomelo-jornalismogmail-com\/"}]}},"default_loop_html":"<div class=\"cardsPage__listCard__boxs\"><div class=\"cardsPage__listCard__boxs__img\"><a href=\"https:\/\/www.suno.com.br\/noticias\/sequoia-seql3-pedido-falencia-b3-mm\/\"><img class=\"mask\" src=\"https:\/\/www.suno.com.br\/noticias\/wp-content\/themes\/suno\/resources\/images\/spotlight\/spotlight1img\/bg-mask.png\" alt=\"Image Mask\"\/><img src=\"https:\/\/files.sunoresearch.com.br\/n\/uploads\/2021\/04\/373e57f6-high-bay-408222_1280-400x200.webp\" alt=\"Sequoia (SEQL3) se manifesta sobre pedido de fal\u00eancia; confira\"\/><\/a><span class=\"spotlightCategory\"><a href=\"https:\/\/www.suno.com.br\/noticias\/negocios\/\">Neg\u00f3cios<\/a><\/span><\/div><div class=\"cardsPage__listCard__boxs__content\"><a href=\"https:\/\/www.suno.com.br\/noticias\/sequoia-seql3-pedido-falencia-b3-mm\/\"><h2 class=\"content__title\">Sequoia (SEQL3) se manifesta sobre pedido de fal\u00eancia; confira<\/h2><\/a><div class=\"newsContent__article__meta\"><div class=\"newsContent__article__meta__authorBox\"><a href=\"https:\/\/www.suno.com.br\/noticias\/author\/joao-vitor-jacintho\/\" class=\"authorBox__avatar noMobi\"><img src=\"https:\/\/secure.gravatar.com\/avatar\/2843227ca03ccf8cc7ccca45204c127e?s=96&#038;r=g\" alt=\"Jo\u00e3o Vitor Jacintho\"><\/a><div class=\"authorBox__name\"><span>por\n\t\t\t<a href=\"https:\/\/www.suno.com.br\/noticias\/author\/joao-vitor-jacintho\/\"><span itemprop=\"author\">Jo\u00e3o Vitor Jacintho<\/span><\/a><\/span><time datetime=\"2024-02-20T08:45:34-03:00\" itemprop=\"datePublished\">20\/02\/2024 08:45<\/time><\/div><\/div><\/div><\/div><\/div>","single_layout":"posts","amp_enabled":true,"_links":{"self":[{"href":"https:\/\/www.suno.com.br\/noticias\/wp-json\/wp\/v2\/posts\/524537"}],"collection":[{"href":"https:\/\/www.suno.com.br\/noticias\/wp-json\/wp\/v2\/posts"}],"about":[{"href":"https:\/\/www.suno.com.br\/noticias\/wp-json\/wp\/v2\/types\/post"}],"author":[{"embeddable":true,"href":"https:\/\/www.suno.com.br\/noticias\/wp-json\/wp\/v2\/users\/345"}],"replies":[{"embeddable":true,"href":"https:\/\/www.suno.com.br\/noticias\/wp-json\/wp\/v2\/comments?post=524537"}],"version-history":[{"count":3,"href":"https:\/\/www.suno.com.br\/noticias\/wp-json\/wp\/v2\/posts\/524537\/revisions"}],"predecessor-version":[{"id":524584,"href":"https:\/\/www.suno.com.br\/noticias\/wp-json\/wp\/v2\/posts\/524537\/revisions\/524584"}],"wp:featuredmedia":[{"embeddable":true,"href":"https:\/\/www.suno.com.br\/noticias\/wp-json\/wp\/v2\/media\/140021"}],"wp:attachment":[{"href":"https:\/\/www.suno.com.br\/noticias\/wp-json\/wp\/v2\/media?parent=524537"}],"wp:term":[{"taxonomy":"category","embeddable":true,"href":"https:\/\/www.suno.com.br\/noticias\/wp-json\/wp\/v2\/categories?post=524537"},{"taxonomy":"post_tag","embeddable":true,"href":"https:\/\/www.suno.com.br\/noticias\/wp-json\/wp\/v2\/tags?post=524537"},{"taxonomy":"suno_strategy","embeddable":true,"href":"https:\/\/www.suno.com.br\/noticias\/wp-json\/wp\/v2\/suno_strategy?post=524537"}],"curies":[{"name":"wp","href":"https:\/\/api.w.org\/{rel}","templated":true}]}}