{"id":524415,"date":"2024-02-19T18:08:05","date_gmt":"2024-02-19T21:08:05","guid":{"rendered":"https:\/\/www.suno.com.br\/noticias\/?p=524415"},"modified":"2024-02-19T18:08:12","modified_gmt":"2024-02-19T21:08:12","slug":"maximizando-previdencia-privada-renda-variavel-ar","status":"publish","type":"post","link":"https:\/\/www.suno.com.br\/noticias\/maximizando-previdencia-privada-renda-variavel-ar\/","title":{"rendered":"Maximizando a previd\u00eancia privada: O poder da renda vari\u00e1vel"},"content":{"rendered":"<p>A <a class=\"suno-keyword\" data-force=\"no\" data-priority=\"2\" href=\"https:\/\/www.suno.com.br\/artigos\/previdencia-privada\/\" target=\"_blank\" rel=\"noopener\"><strong>previd\u00eancia privada<\/strong><\/a> surgiu como uma alternativa para complementar a aposentadoria fornecida pelo sistema p\u00fablico, oferecendo ao investidor a possibilidade de construir um patrim\u00f4nio de <a class=\"suno-keyword\" data-force=\"no\" data-priority=\"1\" href=\"https:\/\/www.suno.com.br\/artigos\/longo-prazo\/\" target=\"_blank\" rel=\"noopener\">longo prazo<\/a>. Nesse contexto, a renda vari\u00e1vel desempenha um papel crucial, permitindo a potencializa\u00e7\u00e3o dos rendimentos atrav\u00e9s da diversifica\u00e7\u00e3o e do aproveitamento das oscila\u00e7\u00f5es do mercado.<\/p>\t<div class=\"wrapper-featured-image\">\n\t\t<figure class=\"spotlightImg\">\n\n\t\t\t<picture>\n\t\t\t\t<source media=\"(max-width: 768px)\" srcset=\"https:\/\/files.sunoresearch.com.br\/n\/uploads\/2023\/05\/previdencia-trabalho-400x200.jpg\">\n\t\t\t\t<img loading=\"lazy\" decoding=\"async\" class=\"newsContent__article__imgCapa lazyloadDisabled \" src=\"https:\/\/files.sunoresearch.com.br\/n\/uploads\/2023\/05\/previdencia-trabalho-800x450.jpg\" width=\"800\" height=\"450\" alt=\"Maximizando a previd\u00eancia privada: O poder da renda vari\u00e1vel\" fetchpriority=high \/>\n\t\t\t<\/picture>\n\n\t\t\t<figcaption class=\"wp-caption-text wp-caption-text--show\">Fundo de previd\u00eancia: quais os benef\u00edcios em investir agora?- Foto: iStock<\/figcaption>\n\t\t<\/figure>\n\t<\/div>\n\n\n\n\n\n\t<p>\n\t\t<a href=\"https:\/\/lp.suno.com.br\/planilha-da-vida-financeira\/\" target=\"_blank\" data-element=\"shortcode-suno-banner\" title=\"Banner SUNO, clique e saiba mais\">\n\t\t\t<picture>\n\t\t\t\t<source media=\"(max-width: 500px)\" srcset=\"https:\/\/files.sunoresearch.com.br\/n\/uploads\/2023\/04\/400x300-Planilha-vida-financeira-true.png\">\n\t\t\t\t<img class=\"newsContent__article__imgCapa newsContent__article__imgCapa--banner\"\n\t\t\t\t\tsrc=\"https:\/\/files.sunoresearch.com.br\/n\/uploads\/2023\/04\/1420x240-Planilha-vida-financeira-true.png\"\n\t\t\t\t\tdata-promo-id=\"106682\"\t\t\t\t\t\t\t\t\t\twidth='1420' height='240'\t\t\t\t\talt=\"https:\/\/files.sunoresearch.com.br\/n\/uploads\/2023\/04\/1420x240-Planilha-vida-financeira-true.png\"\n\t\t\t\t>\n\t\t\t<\/picture>\n\t\t<\/a>\n\t<\/p>\n\n\n\n\n\n\n\n<p>Nos \u00faltimos anos, observou-se um aumento significativo dos recursos alocados em <strong><a class=\"suno-keyword\" data-force=\"no\" data-priority=\"1\" href=\"https:\/\/www.suno.com.br\/artigos\/fundos-multimercados\/\" target=\"_blank\" rel=\"noopener\">fundos multimercados<\/a> previdenci\u00e1rios<\/strong>, que combinam diferentes tipos de investimentos, incluindo a renda vari\u00e1vel. Esta estrat\u00e9gia de diversifica\u00e7\u00e3o pode mitigar riscos e, ao mesmo tempo, beneficiar o investidor com retornos mais atraentes, especialmente em um cen\u00e1rio de <strong>queda dos juros<\/strong>, onde as tradicionais <strong>aplica\u00e7\u00f5es de renda fixa<\/strong> oferecem retornos mais modestos.<\/p>\n\n\n\n<h2 class=\"wp-block-heading\">Estrat\u00e9gias de investimento para previd\u00eancia<\/h2>\n\n\n\n<p>A inclus\u00e3o de <strong>ativos de renda vari\u00e1vel<\/strong> na <strong>carteira de <a class=\"suno-keyword\" data-force=\"no\" data-priority=\"2\" href=\"https:\/\/www.suno.com.br\/artigos\/previdencia-privada\/\" target=\"_blank\" rel=\"noopener\">previd\u00eancia privada<\/a><\/strong> deve ser feita com estrat\u00e9gia e vis\u00e3o de <a class=\"suno-keyword\" data-force=\"no\" data-priority=\"1\" href=\"https:\/\/www.suno.com.br\/artigos\/longo-prazo\/\" target=\"_blank\" rel=\"noopener\">longo prazo<\/a>. A sele\u00e7\u00e3o de a\u00e7\u00f5es de empresas com fundamentos s\u00f3lidos ou de boas pagadoras de <a class=\"suno-keyword\" data-force=\"no\" data-priority=\"1\" href=\"https:\/\/www.suno.com.br\/guias\/dividendos\/\" target=\"_blank\" rel=\"noopener\">dividendos<\/a> pode proporcionar uma <a class=\"suno-keyword\" data-force=\"no\" data-priority=\"1\" href=\"https:\/\/www.suno.com.br\/artigos\/fonte-de-renda\/\" target=\"_blank\" rel=\"noopener\">fonte de renda<\/a> adicional e mais consist\u00eancia nos rendimentos.<\/p>\n\n\n\n<p>Neste sentido, \u00e9 fundamental realizar uma an\u00e1lise criteriosa dos ativos, considerando o horizonte de tempo do investidor e seus objetivos financeiros. A diversifica\u00e7\u00e3o n\u00e3o se limita apenas \u00e0 escolha entre renda fixa e vari\u00e1vel, mas tamb\u00e9m dentro da pr\u00f3pria renda vari\u00e1vel, selecionando ativos de diferentes setores e com diferentes perfis de risco\/retorno.<\/p>\n\n\n\n<p>Na opini\u00e3o do analista de investimentos da Suno Asset, Leonardo Santamaria, a tend\u00eancia \u00e9 que com a queda da taxa Selic (<a class=\"suno-keyword\" data-force=\"no\" data-priority=\"1\" href=\"https:\/\/www.suno.com.br\/artigos\/taxa-de-juros\/\" target=\"_blank\" rel=\"noopener\">taxa b\u00e1sica de juros<\/a>, atualmente em 11,25% ao ano), \u00e9 esperado que o investimento em renda vari\u00e1vel cres\u00e7a. E \u00e9 a\u00ed que entra o <strong><a class=\"suno-keyword\" data-force=\"no\" data-priority=\"1\" href=\"https:\/\/www.suno.com.br\/artigos\/fundo-previdencia\/\" target=\"_blank\" rel=\"noopener\">fundo de previd\u00eancia<\/a> privada<\/strong>, com foco em a\u00e7\u00f5es.<\/p>\n\n\n\n<p>\u201cO<strong> Suno Prev<\/strong> \u00e9 um <a class=\"suno-keyword\" data-force=\"no\" data-priority=\"1\" href=\"https:\/\/www.suno.com.br\/artigos\/fundo-previdencia\/\" target=\"_blank\" rel=\"noopener\"><strong>fundo de previd\u00eancia<\/strong><\/a> mais voltado para renda vari\u00e1vel. Foi constitu\u00eddo como um <a class=\"suno-keyword\" data-force=\"no\" data-priority=\"1\" href=\"https:\/\/www.suno.com.br\/artigos\/fundos-multimercados\/\" target=\"_blank\" rel=\"noopener\"><strong>fundo multimercado<\/strong><\/a>, mas ele investe 70% do patrim\u00f4nio em a\u00e7\u00f5es no Brasil, que \u00e9 o que a regula\u00e7\u00e3o permite. Al\u00e9m disso, ele tem mais 15% em a\u00e7\u00f5es fora do Brasil, com os 15% restantes em renda fixa\u201d, completou.<\/p>\n\n\n\n<div class=\"pluginQuotation\">\n  <p class=\"ticker\">\n    Cota\u00e7\u00e3o <span>SNFF11<\/span>\n  <\/p>\n  <div class=\"info\">\n    <div class=\"leftSide\">\n      Gr\u00e1fico gerado em: 19\/02\/2024    <\/div>\n\t\t\t\t\t<div class=\"rightSide\">\n\t\t\t\t\t<span class=\"period\">\n\t\t\t\t\t\t1 Dia\t\t\t\t\t<\/span>\n\t\t\t<\/div>\n\t\t  <\/div>\n\n  <div id=\"chart-a15dc5bb0e52d53292454c5eb0022a90\" data-block-hash=\"a15dc5bb0e52d53292454c5eb0022a90\"  class=\"chart\" style=\"width:100%;height:400px;\"><\/div>\n\n  <div class=\"pluginQuotation__footer\">\n    <div class=\"dataChart\">\n\n      <div class=\"dataChart__div1 variation\">\n        <div class=\"value-positive\">\n          0,15 (+0,13%)        <\/div>\n        <div class=\"text\">\n          Varia\u00e7\u00e3o do per\u00edodo\n        <\/div>\n      <\/div>\n\n      <div class=\"dataChart__div2 minMax\">\n        <div class=\"value\">\n          R$\u00a085,20        <\/div>\n        <div class=\"text\">\n          M\u00ednima\n        <\/div>\n      <\/div>\n\n      <div class=\"dataChart__div3 minMax\">\n        <div class=\"value\">\n          R$\u00a085,33        <\/div>\n        <div class=\"text\">\n          M\u00e1xima\n        <\/div>\n      <\/div>\n\n\t\t\t<div class=\"dataChart__div4 rightSide\">\n\t\t\t\t<div class=\"analiticaSource\">\n\t\t\t\t\t<span>\n\t\t\t\t\t\tFonte:\n\t\t\t\t\t<\/span>\n\t\t\t\t\t<img decoding=\"async\" class=\"analiticaLogo\" src=\"https:\/\/www.suno.com.br\/noticias\/wp-content\/plugins\/suno-block-ticker-quotation\/src\/suno-analitica-logo.png\" alt=\"Logo Suno Anal\u00edtica\" \/>\n\t\t\t\t<\/div>\n\n\t\t\t\t<a href=\"https:\/\/www.suno.com.br\/analitica\/fundos-imobiliarios\/SNFF11\" target=\"_blank\">\n\t\t\t\t\t<span>\n\t\t\t\t\t\tVer mais cota\u00e7\u00f5es\n\t\t\t\t\t<\/span>\n\t\t\t\t\t<svg xmlns=\"http:\/\/www.w3.org\/2000\/svg\" width=\"9\" height=\"8\" viewBox=\"0 0 9 8\" fill=\"none\">\n\t\t\t\t\t\t<path d=\"M4.20996 0L3.50496 0.705L6.29496 3.5H0.209961V4.5H6.29496L3.50496 7.295L4.20996 8L8.20996 4L4.20996 0Z\" fill=\"#D42126\" \/>\n\t\t\t\t\t<\/svg>\n\t\t\t\t<\/a>\n    <\/div>\n\n    <\/div>\n  <\/div>\n<\/div>\n\n\n<script type=\"text\/javascript\">\n  let chart_a15dc5bb0e52d53292454c5eb0022a90 = document.getElementById('chart-a15dc5bb0e52d53292454c5eb0022a90');\n  let data_json_a15dc5bb0e52d53292454c5eb0022a90 = \"[{\\\"date\\\":\\\"19\\\\\\\/02\\\\\\\/24 12:20\\\",\\\"value\\\":85.2},{\\\"date\\\":\\\"19\\\\\\\/02\\\\\\\/24 12:22\\\",\\\"value\\\":85.2},{\\\"date\\\":\\\"19\\\\\\\/02\\\\\\\/24 12:26\\\",\\\"value\\\":85.31},{\\\"date\\\":\\\"19\\\\\\\/02\\\\\\\/24 12:32\\\",\\\"value\\\":85.3},{\\\"date\\\":\\\"19\\\\\\\/02\\\\\\\/24 12:34\\\",\\\"value\\\":85.3},{\\\"date\\\":\\\"19\\\\\\\/02\\\\\\\/24 12:36\\\",\\\"value\\\":85.3},{\\\"date\\\":\\\"19\\\\\\\/02\\\\\\\/24 12:42\\\",\\\"value\\\":85.3},{\\\"date\\\":\\\"19\\\\\\\/02\\\\\\\/24 12:44\\\",\\\"value\\\":85.2},{\\\"date\\\":\\\"19\\\\\\\/02\\\\\\\/24 12:46\\\",\\\"value\\\":85.31},{\\\"date\\\":\\\"19\\\\\\\/02\\\\\\\/24 12:48\\\",\\\"value\\\":85.3},{\\\"date\\\":\\\"19\\\\\\\/02\\\\\\\/24 12:52\\\",\\\"value\\\":85.31},{\\\"date\\\":\\\"19\\\\\\\/02\\\\\\\/24 12:56\\\",\\\"value\\\":85.2},{\\\"date\\\":\\\"19\\\\\\\/02\\\\\\\/24 13:00\\\",\\\"value\\\":85.3},{\\\"date\\\":\\\"19\\\\\\\/02\\\\\\\/24 13:02\\\",\\\"value\\\":85.3},{\\\"date\\\":\\\"19\\\\\\\/02\\\\\\\/24 13:14\\\",\\\"value\\\":85.3},{\\\"date\\\":\\\"19\\\\\\\/02\\\\\\\/24 13:16\\\",\\\"value\\\":85.3},{\\\"date\\\":\\\"19\\\\\\\/02\\\\\\\/24 13:18\\\",\\\"value\\\":85.31},{\\\"date\\\":\\\"19\\\\\\\/02\\\\\\\/24 13:20\\\",\\\"value\\\":85.31},{\\\"date\\\":\\\"19\\\\\\\/02\\\\\\\/24 13:26\\\",\\\"value\\\":85.31},{\\\"date\\\":\\\"19\\\\\\\/02\\\\\\\/24 13:28\\\",\\\"value\\\":85.31},{\\\"date\\\":\\\"19\\\\\\\/02\\\\\\\/24 13:30\\\",\\\"value\\\":85.3},{\\\"date\\\":\\\"19\\\\\\\/02\\\\\\\/24 13:34\\\",\\\"value\\\":85.27},{\\\"date\\\":\\\"19\\\\\\\/02\\\\\\\/24 13:36\\\",\\\"value\\\":85.27},{\\\"date\\\":\\\"19\\\\\\\/02\\\\\\\/24 13:38\\\",\\\"value\\\":85.26},{\\\"date\\\":\\\"19\\\\\\\/02\\\\\\\/24 13:40\\\",\\\"value\\\":85.3},{\\\"date\\\":\\\"19\\\\\\\/02\\\\\\\/24 13:42\\\",\\\"value\\\":85.3},{\\\"date\\\":\\\"19\\\\\\\/02\\\\\\\/24 13:44\\\",\\\"value\\\":85.3},{\\\"date\\\":\\\"19\\\\\\\/02\\\\\\\/24 13:46\\\",\\\"value\\\":85.3},{\\\"date\\\":\\\"19\\\\\\\/02\\\\\\\/24 13:50\\\",\\\"value\\\":85.33},{\\\"date\\\":\\\"19\\\\\\\/02\\\\\\\/24 13:54\\\",\\\"value\\\":85.31},{\\\"date\\\":\\\"19\\\\\\\/02\\\\\\\/24 13:56\\\",\\\"value\\\":85.25},{\\\"date\\\":\\\"19\\\\\\\/02\\\\\\\/24 14:28\\\",\\\"value\\\":85.25},{\\\"date\\\":\\\"19\\\\\\\/02\\\\\\\/24 14:32\\\",\\\"value\\\":85.31},{\\\"date\\\":\\\"19\\\\\\\/02\\\\\\\/24 14:34\\\",\\\"value\\\":85.31},{\\\"date\\\":\\\"19\\\\\\\/02\\\\\\\/24 14:38\\\",\\\"value\\\":85.21},{\\\"date\\\":\\\"19\\\\\\\/02\\\\\\\/24 14:42\\\",\\\"value\\\":85.33},{\\\"date\\\":\\\"19\\\\\\\/02\\\\\\\/24 14:44\\\",\\\"value\\\":85.32},{\\\"date\\\":\\\"19\\\\\\\/02\\\\\\\/24 14:46\\\",\\\"value\\\":85.31},{\\\"date\\\":\\\"19\\\\\\\/02\\\\\\\/24 14:48\\\",\\\"value\\\":85.32},{\\\"date\\\":\\\"19\\\\\\\/02\\\\\\\/24 15:02\\\",\\\"value\\\":85.33}]\";\n  let isPositive_a15dc5bb0e52d53292454c5eb0022a90 = true;\n\n  let color_a15dc5bb0e52d53292454c5eb0022a90 = isPositive_a15dc5bb0e52d53292454c5eb0022a90 ? '#3AB53A' : '#D92C2D';\n\n  let data_a15dc5bb0e52d53292454c5eb0022a90 = JSON.parse(data_json_a15dc5bb0e52d53292454c5eb0022a90);\n\n  const result_a15dc5bb0e52d53292454c5eb0022a90 = {\n    date: [],\n    value: [],\n  };\n\n  data_a15dc5bb0e52d53292454c5eb0022a90.forEach((item) => {\n    result_a15dc5bb0e52d53292454c5eb0022a90.date.push(item.date);\n    result_a15dc5bb0e52d53292454c5eb0022a90.value.push(Number(item.value));\n  });\n\n  let option_a15dc5bb0e52d53292454c5eb0022a90 = {\n    \/\/ variavel de cor global\n    color: [color_a15dc5bb0e52d53292454c5eb0022a90],\n    title: {\n      text: '',\n    },\n    tooltip: {\n      trigger: 'axis',\n      axisPointer: {\n        type: 'cross',\n        label: {\n          \/\/ cor dos valores em X e Y\n          backgroundColor: color_a15dc5bb0e52d53292454c5eb0022a90,\n          formatter: (value) => {\n            if (typeof value.value === 'number') {\n              return Number(value.value).toLocaleString('pt-br', {\n                style: 'currency',\n                currency: 'BRL'\n              });\n            }\n            return value.value;\n          },\n        },\n      },\n      valueFormatter: (value) => Number(value).toLocaleString('pt-br', {\n        style: 'currency',\n        currency: 'BRL'\n      }),\n    },\n    legend: {\n      \/\/ data: ['Valor de Fechamento'],\n      show: false,\n    },\n    toolbox: {\n      feature: {\n        saveAsImage: {\n          show: false,\n        },\n      },\n    },\n    grid: {\n      left: '0px',\n      right: '0px',\n      bottom: '0px',\n      containLabel: true,\n    },\n    xAxis: [{\n      type: 'category',\n      data: result_a15dc5bb0e52d53292454c5eb0022a90.date,\n      boundaryGap: true,\n    }],\n    yAxis: [{\n      type: 'value',\n      min: Math.min(...result_a15dc5bb0e52d53292454c5eb0022a90.value),\n      max: Math.max(...result_a15dc5bb0e52d53292454c5eb0022a90.value),\n      axisLabel: {\n        formatter: (value) => value.toLocaleString('pt-br', {\n          style: 'currency',\n          currency: 'BRL'\n        }),\n      },\n    }],\n    series: [{\n      name: 'Valor de Fechamento',\n      type: 'line',\n      stack: 'Total',\n      \/\/ cor do grafico\n      areaStyle: {},\n      emphasis: {\n        focus: 'series',\n      },\n      data: result_a15dc5bb0e52d53292454c5eb0022a90.value,\n      \/\/ cor da linha\n      lineStyle: {\n        color: color_a15dc5bb0e52d53292454c5eb0022a90,\n      },\n    }, ],\n  };\n\n\twindow.chart_a15dc5bb0e52d53292454c5eb0022a90 = {\n\t\tel: chart_a15dc5bb0e52d53292454c5eb0022a90,\n\t\toption: option_a15dc5bb0e52d53292454c5eb0022a90\t};\n\n\n<\/script>\n\n\n\n<h2 class=\"wp-block-heading\">Os benef\u00edcios dos <a class=\"suno-keyword\" target=\"_blank\" data-force=\"no\" data-priority=\"1\" href=\"https:\/\/www.suno.com.br\/artigos\/fundos-multimercados\/\" rel=\"noopener\">fundos multimercados<\/a> na previd\u00eancia privada<\/h2>\n\n\n\n<p>Os <a class=\"suno-keyword\" data-force=\"no\" data-priority=\"1\" href=\"https:\/\/www.suno.com.br\/artigos\/fundos-multimercados\/\" target=\"_blank\" rel=\"noopener\"><strong>fundos multimercados<\/strong><\/a> representam uma excelente op\u00e7\u00e3o para investidores que buscam diversificar suas carteiras na <a class=\"suno-keyword\" data-force=\"no\" data-priority=\"2\" href=\"https:\/\/www.suno.com.br\/artigos\/previdencia-privada\/\" target=\"_blank\" rel=\"noopener\">previd\u00eancia privada<\/a> sem necessariamente ter que escolher individualmente cada ativo. Estes fundos investem em uma variedade de ativos, incluindo a\u00e7\u00f5es, <strong>t\u00edtulos de renda fixa<\/strong> e moedas, sob a gest\u00e3o de profissionais experientes.<\/p>\n\n\n\n<p>A vantagem dos <a class=\"suno-keyword\" data-force=\"no\" data-priority=\"1\" href=\"https:\/\/www.suno.com.br\/artigos\/fundos-multimercados\/\" target=\"_blank\" rel=\"noopener\">fundos multimercados<\/a> reside na sua capacidade de adaptar-se rapidamente \u00e0 diferentes cen\u00e1rios econ\u00f4micos, aproveitando oportunidades de mercado para maximizar os retornos enquanto gerenciam o risco. Al\u00e9m disso, s\u00e3o uma forma de acessar estrat\u00e9gias de investimento mais complexas, que seriam dif\u00edceis de replicar individualmente.<\/p>\n\n\n\t<p>\n\t\t<a href=\"https:\/\/lp.suno.com.br\/ebook-como-analisar-uma-acao\/\" target=\"_blank\" data-element=\"shortcode-suno-banner\" title=\"Banner SUNO, clique e saiba mais\">\n\t\t\t<picture>\n\t\t\t\t<source media=\"(max-width: 500px)\" srcset=\"https:\/\/files.sunoresearch.com.br\/n\/uploads\/2023\/03\/Ebook-Acoes-Mobile.jpg\">\n\t\t\t\t<img class=\"newsContent__article__imgCapa newsContent__article__imgCapa--banner\"\n\t\t\t\t\tsrc=\"https:\/\/files.sunoresearch.com.br\/n\/uploads\/2023\/03\/Ebook-Acoes-Desktop.jpg\"\n\t\t\t\t\tdata-promo-id=\"378302\"\t\t\t\t\t\t\t\t\t\twidth='1420' height='286'\t\t\t\t\talt=\"https:\/\/files.sunoresearch.com.br\/n\/uploads\/2023\/03\/Ebook-Acoes-Desktop.jpg\"\n\t\t\t\t>\n\t\t\t<\/picture>\n\t\t<\/a>\n\t<\/p>\n\n\n\n\n\n<h2 class=\"wp-block-heading\">Comparativo: <a class=\"suno-keyword\" target=\"_blank\" data-force=\"no\" data-priority=\"2\" href=\"https:\/\/www.suno.com.br\/artigos\/previdencia-privada\/\" rel=\"noopener\">previd\u00eancia privada<\/a> vs outros investimentos<\/h2>\n\n\n\n<p>Ao comparar a <a class=\"suno-keyword\" data-force=\"no\" data-priority=\"2\" href=\"https:\/\/www.suno.com.br\/artigos\/previdencia-privada\/\" target=\"_blank\" rel=\"noopener\">previd\u00eancia privada<\/a> com outras op\u00e7\u00f5es de investimento, como o <strong>Tesouro Direto<\/strong> e CDBs, \u00e9 importante considerar fatores como taxas de administra\u00e7\u00e3o, custos operacionais e <a class=\"suno-keyword\" data-force=\"no\" data-priority=\"1\" href=\"https:\/\/www.suno.com.br\/artigos\/regime-tributario\/\" target=\"_blank\" rel=\"noopener\">regime tribut\u00e1rio<\/a>. As taxas de administra\u00e7\u00e3o podem variar significativamente entre os diferentes planos de previd\u00eancia e institui\u00e7\u00f5es, impactando diretamente a rentabilidade dos investimentos.<\/p>\n\n\n\n<p>A escolha entre VGBL (Vida Gerador de Benef\u00edcio Livre) e PGBL (Plano Gerador de Benef\u00edcio Livre), assim como a op\u00e7\u00e3o pelo <a class=\"suno-keyword\" target=\"_blank\" data-force=\"no\" data-priority=\"1\" href=\"https:\/\/www.suno.com.br\/artigos\/regime-tributario\/\" rel=\"noopener\">regime tribut\u00e1rio<\/a> progressivo ou regressivo, pode influenciar significativamente os benef\u00edcios fiscais e, por consequ\u00eancia, a rentabilidade l\u00edquida do investimento. Portanto, \u00e9 essencial uma an\u00e1lise detalhada desses aspectos ao planejar a previd\u00eancia privada, considerando o perfil e os objetivos do investidor.<\/p>\n\n\n\n<p>A <strong>previd\u00eancia complementar<\/strong>, especialmente quando aliada a uma estrat\u00e9gia bem elaborada de <strong>investimento em renda vari\u00e1vel<\/strong>, oferece um caminho vi\u00e1vel para a constru\u00e7\u00e3o de um futuro financeiro mais robusto e seguro. A chave est\u00e1 na diversifica\u00e7\u00e3o, na sele\u00e7\u00e3o cuidadosa de ativos e na compreens\u00e3o de como diferentes investimentos podem se complementar dentro de uma estrat\u00e9gia de previd\u00eancia privada, sempre tendo em vista o <a class=\"suno-keyword\" target=\"_blank\" data-force=\"no\" data-priority=\"1\" href=\"https:\/\/www.suno.com.br\/artigos\/longo-prazo\/\" rel=\"noopener\">longo prazo<\/a> e os objetivos de vida do investidor.<\/p>\n\n\n\n<h2 class=\"wp-block-heading\">Como funciona?<\/h2>\n\n\n\n<p>A <a class=\"suno-keyword\" data-force=\"no\" data-priority=\"2\" href=\"https:\/\/www.suno.com.br\/artigos\/previdencia-privada\/\" target=\"_blank\" rel=\"noopener\">previd\u00eancia privada<\/a> \u00e9 uma alternativa de <strong>investimento de longo prazo<\/strong>, focada no complemento da aposentadoria p\u00fablica, sem v\u00ednculo com o INSS e sob fiscaliza\u00e7\u00e3o da Susep. Este tipo de plano financeiro se baseia em contribui\u00e7\u00f5es peri\u00f3dicas do investidor, aplicadas principalmente em t\u00edtulos de renda fixa pelo gestor do plano, permitindo o resgate do montante investido mais rendimentos no vencimento ou antes, em casos espec\u00edficos. <\/p>\n\n\n\n<p>Com a flexibilidade de escolha quanto ao valor e periodicidade das contribui\u00e7\u00f5es, os planos se adaptam \u00e0s condi\u00e7\u00f5es financeiras do investidor, com aportes iniciais que podem variar entre R$ 50 a R$ 100. A pandemia da Covid-19 evidenciou a import\u00e2ncia dos <a class=\"suno-keyword\" target=\"_blank\" data-force=\"no\" data-priority=\"1\" href=\"https:\/\/www.suno.com.br\/artigos\/investimentos-de-longo-prazo\/\" rel=\"noopener\">investimentos de longo prazo<\/a>, com a <a class=\"suno-keyword\" target=\"_blank\" data-force=\"no\" data-priority=\"2\" href=\"https:\/\/www.suno.com.br\/artigos\/previdencia-privada\/\" rel=\"noopener\">previd\u00eancia privada<\/a> sendo reconhecida como uma <a class=\"suno-keyword\" target=\"_blank\" data-force=\"no\" data-priority=\"1\" href=\"https:\/\/www.suno.com.br\/artigos\/fonte-de-renda\/\" rel=\"noopener\">fonte de renda<\/a> p\u00f3s-trabalho por uma parcela da popula\u00e7\u00e3o.<\/p>\n\n\n\n<p>Existem duas modalidades de <strong>previd\u00eancia privada<\/strong>: a fechada, exclusiva para funcion\u00e1rios de certas empresas ou associados de entidades, e a aberta, dispon\u00edvel para qualquer pessoa atrav\u00e9s de <a class=\"suno-keyword\" data-force=\"no\" data-priority=\"1\" href=\"https:\/\/www.suno.com.br\/artigos\/instituicoes-financeiras\/\" target=\"_blank\" rel=\"noopener\">institui\u00e7\u00f5es financeiras<\/a> espec\u00edficas. Ambas as modalidades s\u00e3o regulamentadas por \u00f3rg\u00e3os distintos, com a previd\u00eancia aberta sob a supervis\u00e3o da Susep e a fechada pela Previc. <\/p>\n\n\n\t<p>\n\t\t<a href=\"https:\/\/lp.suno.com.br\/planilha-da-vida-financeira\/\" target=\"_blank\" data-element=\"shortcode-suno-banner\" title=\"Banner SUNO, clique e saiba mais\">\n\t\t\t<picture>\n\t\t\t\t<source media=\"(max-width: 500px)\" srcset=\"https:\/\/files.sunoresearch.com.br\/n\/uploads\/2023\/04\/400x300-Planilha-vida-financeira-true.png\">\n\t\t\t\t<img class=\"newsContent__article__imgCapa newsContent__article__imgCapa--banner\"\n\t\t\t\t\tsrc=\"https:\/\/files.sunoresearch.com.br\/n\/uploads\/2023\/04\/1420x240-Planilha-vida-financeira-true.png\"\n\t\t\t\t\tdata-promo-id=\"383123\"\t\t\t\t\t\t\t\t\t\twidth='1420' height='240'\t\t\t\t\talt=\"https:\/\/files.sunoresearch.com.br\/n\/uploads\/2023\/04\/1420x240-Planilha-vida-financeira-true.png\"\n\t\t\t\t>\n\t\t\t<\/picture>\n\t\t<\/a>\n\t<\/p>\n\n\n","protected":false},"excerpt":{"rendered":"<p>A previd\u00eancia privada surgiu como uma alternativa para complementar a aposentadoria fornecida pelo sistema p\u00fablico, oferecendo ao investidor a possibilidade de construir um patrim\u00f4nio de longo prazo. Nesse contexto, a renda vari\u00e1vel desempenha um papel crucial, permitindo a potencializa\u00e7\u00e3o dos rendimentos atrav\u00e9s da diversifica\u00e7\u00e3o e do aproveitamento das oscila\u00e7\u00f5es do mercado. Fundo de previd\u00eancia: quais [&hellip;]<\/p>\n","protected":false},"author":305,"featured_media":408601,"comment_status":"closed","ping_status":"closed","sticky":false,"template":"","format":"standard","meta":[],"categories":[65],"tags":[1545,313,1822,106895],"suno_strategy":[],"class_list":["post-524415","post","type-post","status-publish","format-standard","has-post-thumbnail","hentry","category-financas-pessoais","tag-fundos-de-acoes","tag-fundos-de-investimento","tag-fundos-multimercado","tag-previdencia"],"yoast_head":"<!-- This site is optimized with the Yoast SEO plugin v24.4 - https:\/\/yoast.com\/wordpress\/plugins\/seo\/ -->\n<title>Maximizando a previd\u00eancia privada: O poder da renda vari\u00e1vel<\/title>\n<meta name=\"description\" content=\"O Suno Prev \u00e9 um fundo de previd\u00eancia privada voltado para renda vari\u00e1vel. Ele investe 85% do patrim\u00f4nio em a\u00e7\u00f5es no Brasil e no exterior\" \/>\n<meta name=\"robots\" content=\"index, follow, max-snippet:-1, max-image-preview:large, max-video-preview:-1\" \/>\n<link rel=\"canonical\" href=\"https:\/\/www.suno.com.br\/noticias\/maximizando-previdencia-privada-renda-variavel-ar\/\" \/>\n<meta property=\"og:locale\" content=\"pt_BR\" \/>\n<meta property=\"og:type\" content=\"article\" \/>\n<meta property=\"og:title\" content=\"Maximizando a previd\u00eancia privada: O poder da renda vari\u00e1vel\" \/>\n<meta property=\"og:description\" content=\"O Suno Prev \u00e9 um fundo de previd\u00eancia privada voltado para renda vari\u00e1vel. Ele investe 85% do patrim\u00f4nio em a\u00e7\u00f5es no Brasil e no exterior\" \/>\n<meta property=\"og:url\" content=\"https:\/\/www.suno.com.br\/noticias\/maximizando-previdencia-privada-renda-variavel-ar\/\" \/>\n<meta property=\"og:site_name\" content=\"Suno Not\u00edcias\" \/>\n<meta property=\"article:publisher\" content=\"https:\/\/facebook.com\/sunoresearch\" \/>\n<meta property=\"og:image\" content=\"https:\/\/files.sunoresearch.com.br\/n\/uploads\/2023\/05\/previdencia-trabalho.jpg\" \/>\n\t<meta property=\"og:image:width\" content=\"1205\" \/>\n\t<meta property=\"og:image:height\" content=\"800\" \/>\n\t<meta property=\"og:image:type\" content=\"image\/jpeg\" \/>\n<meta name=\"author\" content=\"Allan Ravagnani\" \/>\n<meta name=\"twitter:card\" content=\"summary_large_image\" \/>\n<meta name=\"twitter:creator\" content=\"@sunoresearch\" \/>\n<meta name=\"twitter:site\" content=\"@sunoresearch\" \/>\n<meta name=\"twitter:label1\" content=\"Escrito por\" \/>\n\t<meta name=\"twitter:data1\" content=\"Allan Ravagnani\" \/>\n\t<meta name=\"twitter:label2\" content=\"Est. tempo de leitura\" \/>\n\t<meta name=\"twitter:data2\" content=\"5 minutos\" \/>\n<script type=\"application\/ld+json\" class=\"yoast-schema-graph\">{\"@context\":\"https:\/\/schema.org\",\"@graph\":[{\"@type\":\"NewsArticle\",\"@id\":\"https:\/\/www.suno.com.br\/noticias\/maximizando-previdencia-privada-renda-variavel-ar\/#article\",\"isPartOf\":{\"@id\":\"https:\/\/www.suno.com.br\/noticias\/maximizando-previdencia-privada-renda-variavel-ar\/\"},\"author\":{\"name\":\"Allan Ravagnani\",\"@id\":\"https:\/\/www.suno.com.br\/noticias\/#\/schema\/person\/ff470fe052a717a4b7c2a467a4a084c2\"},\"headline\":\"Maximizando a previd\u00eancia privada: O poder da renda vari\u00e1vel\",\"datePublished\":\"2024-02-19T21:08:05+00:00\",\"dateModified\":\"2024-02-19T21:08:12+00:00\",\"mainEntityOfPage\":{\"@id\":\"https:\/\/www.suno.com.br\/noticias\/maximizando-previdencia-privada-renda-variavel-ar\/\"},\"wordCount\":912,\"publisher\":{\"@id\":\"https:\/\/www.suno.com.br\/noticias\/#organization\"},\"image\":{\"@id\":\"https:\/\/www.suno.com.br\/noticias\/maximizando-previdencia-privada-renda-variavel-ar\/#primaryimage\"},\"thumbnailUrl\":\"https:\/\/files.sunoresearch.com.br\/n\/uploads\/2023\/05\/previdencia-trabalho.jpg\",\"keywords\":[\"Fundos de a\u00e7\u00f5es\",\"Fundos de investimento\",\"Fundos multimercado\",\"Previd\u00eancia\"],\"articleSection\":[\"Finan\u00e7as Pessoais\"],\"inLanguage\":\"pt-BR\"},{\"@type\":\"WebPage\",\"@id\":\"https:\/\/www.suno.com.br\/noticias\/maximizando-previdencia-privada-renda-variavel-ar\/\",\"url\":\"https:\/\/www.suno.com.br\/noticias\/maximizando-previdencia-privada-renda-variavel-ar\/\",\"name\":\"Maximizando a previd\u00eancia privada: O poder da renda vari\u00e1vel\",\"isPartOf\":{\"@id\":\"https:\/\/www.suno.com.br\/noticias\/#website\"},\"primaryImageOfPage\":{\"@id\":\"https:\/\/www.suno.com.br\/noticias\/maximizando-previdencia-privada-renda-variavel-ar\/#primaryimage\"},\"image\":{\"@id\":\"https:\/\/www.suno.com.br\/noticias\/maximizando-previdencia-privada-renda-variavel-ar\/#primaryimage\"},\"thumbnailUrl\":\"https:\/\/files.sunoresearch.com.br\/n\/uploads\/2023\/05\/previdencia-trabalho.jpg\",\"datePublished\":\"2024-02-19T21:08:05+00:00\",\"dateModified\":\"2024-02-19T21:08:12+00:00\",\"description\":\"O Suno Prev \u00e9 um fundo de previd\u00eancia privada voltado para renda vari\u00e1vel. Ele investe 85% do patrim\u00f4nio em a\u00e7\u00f5es no Brasil e no exterior\",\"breadcrumb\":{\"@id\":\"https:\/\/www.suno.com.br\/noticias\/maximizando-previdencia-privada-renda-variavel-ar\/#breadcrumb\"},\"inLanguage\":\"pt-BR\",\"potentialAction\":[{\"@type\":\"ReadAction\",\"target\":[\"https:\/\/www.suno.com.br\/noticias\/maximizando-previdencia-privada-renda-variavel-ar\/\"]}]},{\"@type\":\"ImageObject\",\"inLanguage\":\"pt-BR\",\"@id\":\"https:\/\/www.suno.com.br\/noticias\/maximizando-previdencia-privada-renda-variavel-ar\/#primaryimage\",\"url\":\"https:\/\/files.sunoresearch.com.br\/n\/uploads\/2023\/05\/previdencia-trabalho.jpg\",\"contentUrl\":\"https:\/\/files.sunoresearch.com.br\/n\/uploads\/2023\/05\/previdencia-trabalho.jpg\",\"width\":1205,\"height\":800,\"caption\":\"Fundo de previd\u00eancia: quais os benef\u00edcios em investir agora?- Foto: iStock\"},{\"@type\":\"BreadcrumbList\",\"@id\":\"https:\/\/www.suno.com.br\/noticias\/maximizando-previdencia-privada-renda-variavel-ar\/#breadcrumb\",\"itemListElement\":[{\"@type\":\"ListItem\",\"position\":1,\"name\":\"Not\u00edcias\",\"item\":\"https:\/\/www.suno.com.br\/noticias\/\"},{\"@type\":\"ListItem\",\"position\":2,\"name\":\"Finan\u00e7as Pessoais\",\"item\":\"https:\/\/www.suno.com.br\/noticias\/financas-pessoais\/\"},{\"@type\":\"ListItem\",\"position\":3,\"name\":\"Maximizando a previd\u00eancia privada: O poder da renda vari\u00e1vel\"}]},{\"@type\":\"WebSite\",\"@id\":\"https:\/\/www.suno.com.br\/noticias\/#website\",\"url\":\"https:\/\/www.suno.com.br\/noticias\/\",\"name\":\"Suno Not\u00edcias\",\"description\":\"Seu portal de informa\u00e7\u00e3o sobre o mundo dos investimentos\",\"publisher\":{\"@id\":\"https:\/\/www.suno.com.br\/noticias\/#organization\"},\"potentialAction\":[{\"@type\":\"SearchAction\",\"target\":{\"@type\":\"EntryPoint\",\"urlTemplate\":\"https:\/\/www.suno.com.br\/noticias\/?s={search_term_string}\"},\"query-input\":{\"@type\":\"PropertyValueSpecification\",\"valueRequired\":true,\"valueName\":\"search_term_string\"}}],\"inLanguage\":\"pt-BR\"},{\"@type\":\"Organization\",\"@id\":\"https:\/\/www.suno.com.br\/noticias\/#organization\",\"name\":\"Suno Not\u00edcias\",\"url\":\"https:\/\/www.suno.com.br\/noticias\/\",\"logo\":{\"@type\":\"ImageObject\",\"inLanguage\":\"pt-BR\",\"@id\":\"https:\/\/www.suno.com.br\/noticias\/#\/schema\/logo\/image\/\",\"url\":\"https:\/\/files.sunoresearch.com.br\/n\/uploads\/2021\/09\/suno-logo.png\",\"contentUrl\":\"https:\/\/files.sunoresearch.com.br\/n\/uploads\/2021\/09\/suno-logo.png\",\"width\":180,\"height\":180,\"caption\":\"Suno Not\u00edcias\"},\"image\":{\"@id\":\"https:\/\/www.suno.com.br\/noticias\/#\/schema\/logo\/image\/\"},\"sameAs\":[\"https:\/\/facebook.com\/sunoresearch\",\"https:\/\/x.com\/sunoresearch\",\"https:\/\/www.instagram.com\/suno\",\"https:\/\/www.linkedin.com\/company\/suno-research\/\",\"https:\/\/www.youtube.com\/c\/sunoresearch\"]},{\"@type\":\"Person\",\"@id\":\"https:\/\/www.suno.com.br\/noticias\/#\/schema\/person\/ff470fe052a717a4b7c2a467a4a084c2\",\"name\":\"Allan Ravagnani\",\"image\":{\"@type\":\"ImageObject\",\"inLanguage\":\"pt-BR\",\"@id\":\"https:\/\/www.suno.com.br\/noticias\/#\/schema\/person\/image\/\",\"url\":\"https:\/\/secure.gravatar.com\/avatar\/6ff047fc08f82f36fd10bcae9caa7303?s=96&r=g\",\"contentUrl\":\"https:\/\/secure.gravatar.com\/avatar\/6ff047fc08f82f36fd10bcae9caa7303?s=96&r=g\",\"caption\":\"Allan Ravagnani\"},\"description\":\"Jornalista com especializa\u00e7\u00f5es em macroeconomia, finan\u00e7as e ci\u00eancia pol\u00edtica. Foi editor no site Intelig\u00eancia Financeira e atuou nos ve\u00edculos TC Mover (Traders Club), Valor Econ\u00f4mico, CMA Markets, Terra e Folha de S.Paulo. Atualmente, \u00e9 colaborador do Suno Not\u00edcias.\",\"url\":\"https:\/\/www.suno.com.br\/noticias\/author\/allan-ravagnani\/\"}]}<\/script>\n<!-- \/ Yoast SEO plugin. -->","yoast_head_json":{"title":"Maximizando a previd\u00eancia privada: O poder da renda vari\u00e1vel","description":"O Suno Prev \u00e9 um fundo de previd\u00eancia privada voltado para renda vari\u00e1vel. Ele investe 85% do patrim\u00f4nio em a\u00e7\u00f5es no Brasil e no exterior","robots":{"index":"index","follow":"follow","max-snippet":"max-snippet:-1","max-image-preview":"max-image-preview:large","max-video-preview":"max-video-preview:-1"},"canonical":"https:\/\/www.suno.com.br\/noticias\/maximizando-previdencia-privada-renda-variavel-ar\/","og_locale":"pt_BR","og_type":"article","og_title":"Maximizando a previd\u00eancia privada: O poder da renda vari\u00e1vel","og_description":"O Suno Prev \u00e9 um fundo de previd\u00eancia privada voltado para renda vari\u00e1vel. Ele investe 85% do patrim\u00f4nio em a\u00e7\u00f5es no Brasil e no exterior","og_url":"https:\/\/www.suno.com.br\/noticias\/maximizando-previdencia-privada-renda-variavel-ar\/","og_site_name":"Suno Not\u00edcias","article_publisher":"https:\/\/facebook.com\/sunoresearch","og_image":[{"width":1205,"height":800,"url":"https:\/\/files.sunoresearch.com.br\/n\/uploads\/2023\/05\/previdencia-trabalho.jpg","type":"image\/jpeg"}],"author":"Allan Ravagnani","twitter_card":"summary_large_image","twitter_creator":"@sunoresearch","twitter_site":"@sunoresearch","twitter_misc":{"Escrito por":"Allan Ravagnani","Est. tempo de leitura":"5 minutos"},"schema":{"@context":"https:\/\/schema.org","@graph":[{"@type":"NewsArticle","@id":"https:\/\/www.suno.com.br\/noticias\/maximizando-previdencia-privada-renda-variavel-ar\/#article","isPartOf":{"@id":"https:\/\/www.suno.com.br\/noticias\/maximizando-previdencia-privada-renda-variavel-ar\/"},"author":{"name":"Allan Ravagnani","@id":"https:\/\/www.suno.com.br\/noticias\/#\/schema\/person\/ff470fe052a717a4b7c2a467a4a084c2"},"headline":"Maximizando a previd\u00eancia privada: O poder da renda vari\u00e1vel","datePublished":"2024-02-19T21:08:05+00:00","dateModified":"2024-02-19T21:08:12+00:00","mainEntityOfPage":{"@id":"https:\/\/www.suno.com.br\/noticias\/maximizando-previdencia-privada-renda-variavel-ar\/"},"wordCount":912,"publisher":{"@id":"https:\/\/www.suno.com.br\/noticias\/#organization"},"image":{"@id":"https:\/\/www.suno.com.br\/noticias\/maximizando-previdencia-privada-renda-variavel-ar\/#primaryimage"},"thumbnailUrl":"https:\/\/files.sunoresearch.com.br\/n\/uploads\/2023\/05\/previdencia-trabalho.jpg","keywords":["Fundos de a\u00e7\u00f5es","Fundos de investimento","Fundos multimercado","Previd\u00eancia"],"articleSection":["Finan\u00e7as Pessoais"],"inLanguage":"pt-BR"},{"@type":"WebPage","@id":"https:\/\/www.suno.com.br\/noticias\/maximizando-previdencia-privada-renda-variavel-ar\/","url":"https:\/\/www.suno.com.br\/noticias\/maximizando-previdencia-privada-renda-variavel-ar\/","name":"Maximizando a previd\u00eancia privada: O poder da renda vari\u00e1vel","isPartOf":{"@id":"https:\/\/www.suno.com.br\/noticias\/#website"},"primaryImageOfPage":{"@id":"https:\/\/www.suno.com.br\/noticias\/maximizando-previdencia-privada-renda-variavel-ar\/#primaryimage"},"image":{"@id":"https:\/\/www.suno.com.br\/noticias\/maximizando-previdencia-privada-renda-variavel-ar\/#primaryimage"},"thumbnailUrl":"https:\/\/files.sunoresearch.com.br\/n\/uploads\/2023\/05\/previdencia-trabalho.jpg","datePublished":"2024-02-19T21:08:05+00:00","dateModified":"2024-02-19T21:08:12+00:00","description":"O Suno Prev \u00e9 um fundo de previd\u00eancia privada voltado para renda vari\u00e1vel. Ele investe 85% do patrim\u00f4nio em a\u00e7\u00f5es no Brasil e no exterior","breadcrumb":{"@id":"https:\/\/www.suno.com.br\/noticias\/maximizando-previdencia-privada-renda-variavel-ar\/#breadcrumb"},"inLanguage":"pt-BR","potentialAction":[{"@type":"ReadAction","target":["https:\/\/www.suno.com.br\/noticias\/maximizando-previdencia-privada-renda-variavel-ar\/"]}]},{"@type":"ImageObject","inLanguage":"pt-BR","@id":"https:\/\/www.suno.com.br\/noticias\/maximizando-previdencia-privada-renda-variavel-ar\/#primaryimage","url":"https:\/\/files.sunoresearch.com.br\/n\/uploads\/2023\/05\/previdencia-trabalho.jpg","contentUrl":"https:\/\/files.sunoresearch.com.br\/n\/uploads\/2023\/05\/previdencia-trabalho.jpg","width":1205,"height":800,"caption":"Fundo de previd\u00eancia: quais os benef\u00edcios em investir agora?- Foto: iStock"},{"@type":"BreadcrumbList","@id":"https:\/\/www.suno.com.br\/noticias\/maximizando-previdencia-privada-renda-variavel-ar\/#breadcrumb","itemListElement":[{"@type":"ListItem","position":1,"name":"Not\u00edcias","item":"https:\/\/www.suno.com.br\/noticias\/"},{"@type":"ListItem","position":2,"name":"Finan\u00e7as Pessoais","item":"https:\/\/www.suno.com.br\/noticias\/financas-pessoais\/"},{"@type":"ListItem","position":3,"name":"Maximizando a previd\u00eancia privada: O poder da renda vari\u00e1vel"}]},{"@type":"WebSite","@id":"https:\/\/www.suno.com.br\/noticias\/#website","url":"https:\/\/www.suno.com.br\/noticias\/","name":"Suno Not\u00edcias","description":"Seu portal de informa\u00e7\u00e3o sobre o mundo dos investimentos","publisher":{"@id":"https:\/\/www.suno.com.br\/noticias\/#organization"},"potentialAction":[{"@type":"SearchAction","target":{"@type":"EntryPoint","urlTemplate":"https:\/\/www.suno.com.br\/noticias\/?s={search_term_string}"},"query-input":{"@type":"PropertyValueSpecification","valueRequired":true,"valueName":"search_term_string"}}],"inLanguage":"pt-BR"},{"@type":"Organization","@id":"https:\/\/www.suno.com.br\/noticias\/#organization","name":"Suno Not\u00edcias","url":"https:\/\/www.suno.com.br\/noticias\/","logo":{"@type":"ImageObject","inLanguage":"pt-BR","@id":"https:\/\/www.suno.com.br\/noticias\/#\/schema\/logo\/image\/","url":"https:\/\/files.sunoresearch.com.br\/n\/uploads\/2021\/09\/suno-logo.png","contentUrl":"https:\/\/files.sunoresearch.com.br\/n\/uploads\/2021\/09\/suno-logo.png","width":180,"height":180,"caption":"Suno Not\u00edcias"},"image":{"@id":"https:\/\/www.suno.com.br\/noticias\/#\/schema\/logo\/image\/"},"sameAs":["https:\/\/facebook.com\/sunoresearch","https:\/\/x.com\/sunoresearch","https:\/\/www.instagram.com\/suno","https:\/\/www.linkedin.com\/company\/suno-research\/","https:\/\/www.youtube.com\/c\/sunoresearch"]},{"@type":"Person","@id":"https:\/\/www.suno.com.br\/noticias\/#\/schema\/person\/ff470fe052a717a4b7c2a467a4a084c2","name":"Allan Ravagnani","image":{"@type":"ImageObject","inLanguage":"pt-BR","@id":"https:\/\/www.suno.com.br\/noticias\/#\/schema\/person\/image\/","url":"https:\/\/secure.gravatar.com\/avatar\/6ff047fc08f82f36fd10bcae9caa7303?s=96&r=g","contentUrl":"https:\/\/secure.gravatar.com\/avatar\/6ff047fc08f82f36fd10bcae9caa7303?s=96&r=g","caption":"Allan Ravagnani"},"description":"Jornalista com especializa\u00e7\u00f5es em macroeconomia, finan\u00e7as e ci\u00eancia pol\u00edtica. Foi editor no site Intelig\u00eancia Financeira e atuou nos ve\u00edculos TC Mover (Traders Club), Valor Econ\u00f4mico, CMA Markets, Terra e Folha de S.Paulo. Atualmente, \u00e9 colaborador do Suno Not\u00edcias.","url":"https:\/\/www.suno.com.br\/noticias\/author\/allan-ravagnani\/"}]}},"default_loop_html":"<div class=\"cardsPage__listCard__boxs\"><div class=\"cardsPage__listCard__boxs__img\"><a href=\"https:\/\/www.suno.com.br\/noticias\/maximizando-previdencia-privada-renda-variavel-ar\/\"><img class=\"mask\" src=\"https:\/\/www.suno.com.br\/noticias\/wp-content\/themes\/suno\/resources\/images\/spotlight\/spotlight1img\/bg-mask.png\" alt=\"Image Mask\"\/><img src=\"https:\/\/files.sunoresearch.com.br\/n\/uploads\/2023\/05\/previdencia-trabalho-400x200.jpg\" alt=\"Maximizando a previd\u00eancia privada: O poder da renda vari\u00e1vel\"\/><\/a><span class=\"spotlightCategory\"><a href=\"https:\/\/www.suno.com.br\/noticias\/financas-pessoais\/\">Finan\u00e7as Pessoais<\/a><\/span><\/div><div class=\"cardsPage__listCard__boxs__content\"><a href=\"https:\/\/www.suno.com.br\/noticias\/maximizando-previdencia-privada-renda-variavel-ar\/\"><h2 class=\"content__title\">Maximizando a previd\u00eancia privada: O poder da renda vari\u00e1vel<\/h2><\/a><div class=\"newsContent__article__meta\"><div class=\"newsContent__article__meta__authorBox\"><a href=\"https:\/\/www.suno.com.br\/noticias\/author\/allan-ravagnani\/\" class=\"authorBox__avatar noMobi\"><img src=\"https:\/\/files.sunoresearch.com.br\/n\/uploads\/2023\/06\/allan-usuario-150x150.png\" alt=\"Allan Ravagnani\"><\/a><div class=\"authorBox__name\"><span>por\n\t\t\t<a href=\"https:\/\/www.suno.com.br\/noticias\/author\/allan-ravagnani\/\"><span itemprop=\"author\">Allan Ravagnani<\/span><\/a><\/span><time datetime=\"2024-02-19T18:08:05-03:00\" itemprop=\"datePublished\">19\/02\/2024 18:08<\/time><\/div><\/div><\/div><\/div><\/div>","single_layout":"posts","amp_enabled":true,"_links":{"self":[{"href":"https:\/\/www.suno.com.br\/noticias\/wp-json\/wp\/v2\/posts\/524415"}],"collection":[{"href":"https:\/\/www.suno.com.br\/noticias\/wp-json\/wp\/v2\/posts"}],"about":[{"href":"https:\/\/www.suno.com.br\/noticias\/wp-json\/wp\/v2\/types\/post"}],"author":[{"embeddable":true,"href":"https:\/\/www.suno.com.br\/noticias\/wp-json\/wp\/v2\/users\/305"}],"replies":[{"embeddable":true,"href":"https:\/\/www.suno.com.br\/noticias\/wp-json\/wp\/v2\/comments?post=524415"}],"version-history":[{"count":3,"href":"https:\/\/www.suno.com.br\/noticias\/wp-json\/wp\/v2\/posts\/524415\/revisions"}],"predecessor-version":[{"id":524466,"href":"https:\/\/www.suno.com.br\/noticias\/wp-json\/wp\/v2\/posts\/524415\/revisions\/524466"}],"wp:featuredmedia":[{"embeddable":true,"href":"https:\/\/www.suno.com.br\/noticias\/wp-json\/wp\/v2\/media\/408601"}],"wp:attachment":[{"href":"https:\/\/www.suno.com.br\/noticias\/wp-json\/wp\/v2\/media?parent=524415"}],"wp:term":[{"taxonomy":"category","embeddable":true,"href":"https:\/\/www.suno.com.br\/noticias\/wp-json\/wp\/v2\/categories?post=524415"},{"taxonomy":"post_tag","embeddable":true,"href":"https:\/\/www.suno.com.br\/noticias\/wp-json\/wp\/v2\/tags?post=524415"},{"taxonomy":"suno_strategy","embeddable":true,"href":"https:\/\/www.suno.com.br\/noticias\/wp-json\/wp\/v2\/suno_strategy?post=524415"}],"curies":[{"name":"wp","href":"https:\/\/api.w.org\/{rel}","templated":true}]}}