{"id":524257,"date":"2024-02-19T12:43:53","date_gmt":"2024-02-19T15:43:53","guid":{"rendered":"https:\/\/www.suno.com.br\/noticias\/?p=524257"},"modified":"2024-02-19T12:51:43","modified_gmt":"2024-02-19T15:51:43","slug":"cargo-abilio-diniz-carrefour-crfb3-cargo-vago-evm","status":"publish","type":"post","link":"https:\/\/www.suno.com.br\/noticias\/cargo-abilio-diniz-carrefour-crfb3-cargo-vago-evm\/","title":{"rendered":"Cargo de Abilio Diniz no Carrefour (CRFB3) ficar\u00e1 vago no momento, diz companhia"},"content":{"rendered":"<p>Ap\u00f3s o falecimento de <strong>Abilio Diniz<\/strong> na noite de domingo (18), o <a class=\"suno-keyword\" data-force=\"yes\" data-priority=\"2\" href=\"https:\/\/www.suno.com.br\/acoes\/CRFB3\/\" target=\"_blank\" rel=\"noopener\">Carrefour (CRFB3)<\/a> comunicou que os cargos do empres\u00e1rio ficar\u00e3o, por ora, vagos.<\/p><div class=\"videoFull \">\n\t\t\t<div class=\"videoWrapper yt-lazyload center\"\n\t\t\t\tdata-width=\"960\"\n\t\t\t\tdata-height=\"540\"\n\t\t\t\tdata-id=\"cL5FDj0XFt4\"\n\t\t\t\tdata-alt=\"V\u00eddeo do YouTube - clique para reproduzir\"\n\t\t\t\tdata-logo=\"3\"\n\t\t\t\tdata-imagequality=\"maxres\">\n\t\t\t<\/div>\n\t\t<\/div><script type=\"application\/ld+json\">{\"@context\":\"https:\/\/schema.org\",\"@type\":\"VideoObject\",\"name\":\"\ud83d\udd34 BRASKEM (BRKM5) E PETROBRAS (PETR4) DISPARAM | Ibovespa sobe | Dividendos BBSE3\",\"description\":\"#mercadofinanceiro #a\u00e7\u00f5es #investimentos #bolsadevalores #ibovespa #dinheiro #finan\u00e7as #pol\u00edtica #d\u00f3lar #livedas19h #petr4 #petr3 #petrobras #vale3 #vale #a\u00e7\u00f5es #economia #dividendos #min\u00e9riodeferro #petr\u00f3leo #commodities #braskem #brkm5 #bbseguridade #bbse3 #gal\u00edpolo #d\u00e9ficit \ud83e\udd11 APROVEITE POR TEMPO LIMITADO A ASSINATURA SUNO PREMIUM POR APENAS R$1,00 \ud83d\udc49 https:\/\/suno.me\/3SSwe1H 00:00 In\u00edcio do v\u00eddeo 01:35 Fechamento de mercado 05:15 Braskem ser\u00e1 vendida? 09:50 BBSE3\u2026\",\"duration\":\"PT21M49S\",\"embedUrl\":\"https:\/\/www.youtube.com\/embed\/cL5FDj0XFt4\",\"regionsAllowed\":\"en-US\",\"interactionStatistic\":{\"@type\":\"InteractionCounter\",\"interactionType\":{\"@type\":\"WatchAction\"},\"userInteractionCount\":2402},\"thumbnailUrl\":\"https:\/\/i.ytimg.com\/vi\/cL5FDj0XFt4\/default.jpg\",\"uploadDate\":\"2024-02-17T10:27:09Z\"}<\/script>\n\n\n\n\n\t<p>\n\t\t<a href=\"https:\/\/lp.suno.com.br\/planilha-da-vida-financeira\/\" target=\"_blank\" data-element=\"shortcode-suno-banner\" title=\"Banner SUNO, clique e saiba mais\">\n\t\t\t<picture>\n\t\t\t\t<source media=\"(max-width: 500px)\" srcset=\"https:\/\/files.sunoresearch.com.br\/n\/uploads\/2023\/04\/400x300-Planilha-vida-financeira-true.png\">\n\t\t\t\t<img class=\"newsContent__article__imgCapa newsContent__article__imgCapa--banner\"\n\t\t\t\t\tsrc=\"https:\/\/files.sunoresearch.com.br\/n\/uploads\/2023\/04\/1420x240-Planilha-vida-financeira-true.png\"\n\t\t\t\t\tdata-promo-id=\"106682\"\t\t\t\t\t\t\t\t\t\twidth='1420' height='240'\t\t\t\t\talt=\"https:\/\/files.sunoresearch.com.br\/n\/uploads\/2023\/04\/1420x240-Planilha-vida-financeira-true.png\"\n\t\t\t\t>\n\t\t\t<\/picture>\n\t\t<\/a>\n\t<\/p>\n\n\n\n\n\n\n\n<p>Conforme o <strong>Carrefour<\/strong>, o <strong>cargo de Abilio Diniz<\/strong> ficar\u00e1 vago at\u00e9 que o <a class=\"suno-keyword\" target=\"_blank\" data-force=\"no\" data-priority=\"1\" href=\"https:\/\/www.suno.com.br\/artigos\/conselho-administracao\/\" rel=\"noopener\">Conselho de Administra\u00e7\u00e3o<\/a> da companhia decida sua sucess\u00e3o.<\/p>\n\n\n\n<p>O empres\u00e1rio ocupava o cargo de <strong>vice-presidente do Conselho de Administra\u00e7\u00e3o do Carrefour<\/strong> e, al\u00e9m disso, tamb\u00e9m presidia o comit\u00ea de talentos, cultura e integra\u00e7\u00e3o da rede.<\/p>\n\n\n\n<p>A gestora de recursos do empres\u00e1rio, a Pen\u00ednsula, ainda n\u00e3o informou detalhes sobre a sucess\u00e3o interna, dado que Abilio era o presidente da gestora.<\/p>\n\n\n\n<p>Atualmente a Pen\u00ednsula \u00e9 o <strong>maior acionista individual do Carrefour<\/strong>. Conforme os dados do site de Rela\u00e7\u00e3o com Investidores (RI) da companhia, a gestora det\u00e9m uma fatia de 7,3% do capital social da varejista.<\/p>\n\n\n\n<p>Em relat\u00f3rio, analistas do JPMorgan destacaram que a <strong>morte de Abilio Diniz<\/strong> deve trazer mais volatilidade para as <strong>a\u00e7\u00f5es do Carrefour<\/strong>.<\/p>\n\n\n\n<p>\u201cAcreditamos que ele vinha sendo uma voz importante em recentes mudan\u00e7as na gest\u00e3o do Carrefour, trazendo mais independ\u00eancia da Fran\u00e7a para os neg\u00f3cios locais, principalmente para o Atacad\u00e3o, e na mudan\u00e7a de estrat\u00e9gia para acelerar iniciativas de reestrutura\u00e7\u00e3o, incluindo o fechamento de lojas\u201d, disse a casa.<\/p>\n\n\n\n<p>Os especialistas ainda afirmaram que acreditam que com a perda do empres\u00e1rio, fica a d\u00favida sobre a manuten\u00e7\u00e3o das mudan\u00e7as internas na companhia, que eram defendidas por Abilio, considerada uma &#8216;voz forte e ativa&#8217; no conselho da companhia.<\/p>\n\n\n\n\t<div data-element=\"shortcode-read-more\" class=\"readToo\">\n\t\t\t\t<span class=\"readToo__title\">Leia mais<\/span>\n\t\t\t\t<ul class=\"readToo__list\">\n\t\t\t<li><a href=\"https:\/\/www.suno.com.br\/noticias\/ibc-br-previa-pib-dezembro-banco-central-evm\/\">IBC-Br: Pr\u00e9via do PIB sobe 0,82% em dezembro, mostra BC<\/a><\/li><li><a href=\"https:\/\/www.suno.com.br\/noticias\/gpa-pcar3-abilio-diniz-empresario-varejo-brasileiro-gpj\/\">GPA (PCAR3) lamenta morte de Abilio e destaca contribui\u00e7\u00e3o de empres\u00e1rio para varejo brasileiro<\/a><\/li><li><a href=\"https:\/\/www.suno.com.br\/noticias\/carrefour-crfb3-genial-comprar-acoes-varejo-cpf\/\">Carrefour (CRFB3): Genial v\u00ea &#8216;ciclo de crescimento de lucro&#8217; e eleva recomenda\u00e7\u00e3o para compra<\/a><\/li>\t\t<\/ul>\n\t<\/div>\n\n\n\n\n<h2 class=\"wp-block-heading\">Como foi o falecimento de Abilio Diniz<\/h2>\n\n\n\n<p>O empres\u00e1rio faleceu na noite deste domingo (18). O ex-dono do <a class=\"suno-keyword\" data-force=\"yes\" data-priority=\"2\" href=\"https:\/\/www.suno.com.br\/acoes\/PCAR3\/\" target=\"_blank\" rel=\"noopener\">P\u00e3o de A\u00e7\u00facar (PCAR3)<\/a> estava internado h\u00e1 duas semanas no hospital Albert Einstein, em S\u00e3o Paulo (SP), tratando uma pneumonia.<\/p>\n\n\n\n<p>Antes da <strong>morte de Abilio Diniz<\/strong>, o empres\u00e1rio havia apresentado sintomas e mal estar durante uma viagem que fez a Aspen, no Colorado (EUA). Ap\u00f3s isso, voltou ao Brasil \u00e0s pressas em um avi\u00e3o adaptado com uma UTI (Unidade de Terapia Intensiva) e foi internado logo em seguida.<\/p>\n\n\n\t<p>\n\t\t<a href=\"https:\/\/lp.suno.com.br\/ebook-como-analisar-uma-acao\/\" target=\"_blank\" data-element=\"shortcode-suno-banner\" title=\"Banner SUNO, clique e saiba mais\">\n\t\t\t<picture>\n\t\t\t\t<source media=\"(max-width: 500px)\" srcset=\"https:\/\/files.sunoresearch.com.br\/n\/uploads\/2023\/03\/Ebook-Acoes-Mobile.jpg\">\n\t\t\t\t<img class=\"newsContent__article__imgCapa newsContent__article__imgCapa--banner\"\n\t\t\t\t\tsrc=\"https:\/\/files.sunoresearch.com.br\/n\/uploads\/2023\/03\/Ebook-Acoes-Desktop.jpg\"\n\t\t\t\t\tdata-promo-id=\"378302\"\t\t\t\t\t\t\t\t\t\twidth='1420' height='286'\t\t\t\t\talt=\"https:\/\/files.sunoresearch.com.br\/n\/uploads\/2023\/03\/Ebook-Acoes-Desktop.jpg\"\n\t\t\t\t>\n\t\t\t<\/picture>\n\t\t<\/a>\n\t<\/p>\n\n\n\n\n\n<p>\u201c\u00c9 com extremo pesar que a fam\u00edlia Diniz informa o <strong>falecimento de Abilio Diniz<\/strong> aos 87 anos neste domingo, 18 de fevereiro de 2024, v\u00edtima de insufici\u00eancia respirat\u00f3ria em fun\u00e7\u00e3o de uma pneumonite. O empres\u00e1rio deixa cinco filhos, esposa, netos e bisnetos, e ir\u00e1 ao encontro do seu filho Jo\u00e3o Paulo, falecido em 2022. Desde j\u00e1, a fam\u00edlia agradece a todas as mensagens de apoio e carinho\u201d, diz a fam\u00edlia do empres\u00e1rio, em nota. <\/p>\n\n\n\n<p>A morte acontece um ano e meio depois de Abilio perder seu filho, Jo\u00e3o Paulo Diniz, aos 58 anos, v\u00edtima de um mal s\u00fabito.<\/p>\n\n\n\n<p>Nesse meio tempo, Abilio se mostrou estar extremamente enlutado pela perda. Em postagem em suas redes sociais, declarou: Estou sem ch\u00e3o, a dor que sinto \u00e9 inexplic\u00e1vel.<\/p>\n\n\n\n<p>O empres\u00e1rio figura em um pante\u00e3o seleto de homens de neg\u00f3cio do ramo de varejo. Abilio foi um dos fundadores do Grupo P\u00e3o de A\u00e7\u00facar, ou GPA. <\/p>\n\n\n\n<p>Ele havia deixado o quadro de executivos e s\u00f3cios da rede de supermercados ap\u00f3s uma disputa societ\u00e1ria intensa. A rede passou a ser controlada em meados de 2005 pelo grupo franc\u00eas Cassino &#8211; que atualmente  est\u00e1 endividado e visa vender seus ativos na Am\u00e9rica do Sul.<\/p>\n\n\n\n<p>Com patrim\u00f4nio estimado em R$ 12 bilh\u00f5es, Abilio Diniz chegou a ser um dos <strong>homens mais ricos do Brasil<\/strong>.<\/p>\n\n\n\n<p>Antes de falecer, Abilio figurava como vice-presidente do <a class=\"suno-keyword\" target=\"_blank\" data-force=\"no\" data-priority=\"1\" href=\"https:\/\/www.suno.com.br\/artigos\/conselho-administracao\/\" rel=\"noopener\">conselho de administra\u00e7\u00e3o<\/a> do <a class=\"suno-keyword\" target=\"_blank\" data-force=\"yes\" data-priority=\"2\" href=\"https:\/\/www.suno.com.br\/acoes\/CRFB3\/\" rel=\"noopener\">Carrefour (CRFB3)<\/a> Brasil.<\/p>\n\n\n\n<p>Os investimentos de Abilio Diniz eram feitos pela sua gestora de <a class=\"suno-keyword\" target=\"_blank\" data-force=\"no\" data-priority=\"1\" href=\"https:\/\/www.suno.com.br\/artigos\/recursos-financeiros\/\" rel=\"noopener\">recursos financeiros<\/a>, nomeada Pen\u00ednsula, o qual era presidente do Conselho de Administra\u00e7\u00e3o.<\/p>\n\n\n\n<p>Vale destacar que, ainda em sua carreira como empres\u00e1rio do varejo, <strong>Abilio Diniz<\/strong> comprou &#8211; ainda enquanto era controlador do P\u00e3o de A\u00e7\u00facar &#8211; as Casas Bahia (BHIA3) e o Ponto Frio em uma aquisi\u00e7\u00e3o feita em meados de 2019.<\/p>\n\n\n\t<p>\n\t\t<a href=\"https:\/\/lp.suno.com.br\/planilha-da-vida-financeira\/\" target=\"_blank\" data-element=\"shortcode-suno-banner\" title=\"Banner SUNO, clique e saiba mais\">\n\t\t\t<picture>\n\t\t\t\t<source media=\"(max-width: 500px)\" srcset=\"https:\/\/files.sunoresearch.com.br\/n\/uploads\/2023\/04\/400x300-Planilha-vida-financeira-true.png\">\n\t\t\t\t<img class=\"newsContent__article__imgCapa newsContent__article__imgCapa--banner\"\n\t\t\t\t\tsrc=\"https:\/\/files.sunoresearch.com.br\/n\/uploads\/2023\/04\/1420x240-Planilha-vida-financeira-true.png\"\n\t\t\t\t\tdata-promo-id=\"383123\"\t\t\t\t\t\t\t\t\t\twidth='1420' height='240'\t\t\t\t\talt=\"https:\/\/files.sunoresearch.com.br\/n\/uploads\/2023\/04\/1420x240-Planilha-vida-financeira-true.png\"\n\t\t\t\t>\n\t\t\t<\/picture>\n\t\t<\/a>\n\t<\/p>\n\n\n","protected":false},"excerpt":{"rendered":"<p>Ap\u00f3s o falecimento de Abilio Diniz na noite de domingo (18), o Carrefour (CRFB3) comunicou que os cargos do empres\u00e1rio ficar\u00e3o, por ora, vagos. Conforme o Carrefour, o cargo de Abilio Diniz ficar\u00e1 vago at\u00e9 que o Conselho de Administra\u00e7\u00e3o da companhia decida sua sucess\u00e3o. O empres\u00e1rio ocupava o cargo de vice-presidente do Conselho de [&hellip;]<\/p>\n","protected":false},"author":73,"featured_media":333329,"comment_status":"closed","ping_status":"closed","sticky":false,"template":"","format":"standard","meta":[],"categories":[64],"tags":[106344,405,105816],"suno_strategy":[],"class_list":["post-524257","post","type-post","status-publish","format-standard","has-post-thumbnail","hentry","category-negocios","tag-abilio-diniz","tag-carrefour-crfb3","tag-especialistas"],"yoast_head":"<!-- This site is optimized with the Yoast SEO plugin v24.4 - https:\/\/yoast.com\/wordpress\/plugins\/seo\/ -->\n<title>Cargo de Abilio Diniz no Carrefour (CRFB3) ficar\u00e1 vago<\/title>\n<meta name=\"description\" content=\"Conforme o Carrefour, o cargo de Abilio Diniz ficar\u00e1 vago at\u00e9 que o Conselho de Administra\u00e7\u00e3o da companhia decida sua sucess\u00e3o\" \/>\n<meta name=\"robots\" content=\"index, follow, max-snippet:-1, max-image-preview:large, max-video-preview:-1\" \/>\n<link rel=\"canonical\" href=\"https:\/\/www.suno.com.br\/noticias\/cargo-abilio-diniz-carrefour-crfb3-cargo-vago-evm\/\" \/>\n<meta property=\"og:locale\" content=\"pt_BR\" \/>\n<meta property=\"og:type\" content=\"article\" \/>\n<meta property=\"og:title\" content=\"Cargo de Abilio Diniz no Carrefour (CRFB3) ficar\u00e1 vago\" \/>\n<meta property=\"og:description\" content=\"Conforme o Carrefour, o cargo de Abilio Diniz ficar\u00e1 vago at\u00e9 que o Conselho de Administra\u00e7\u00e3o da companhia decida sua sucess\u00e3o\" \/>\n<meta property=\"og:url\" content=\"https:\/\/www.suno.com.br\/noticias\/cargo-abilio-diniz-carrefour-crfb3-cargo-vago-evm\/\" \/>\n<meta property=\"og:site_name\" content=\"Suno Not\u00edcias\" \/>\n<meta property=\"article:publisher\" content=\"https:\/\/facebook.com\/sunoresearch\" \/>\n<meta property=\"og:image\" content=\"https:\/\/files.sunoresearch.com.br\/n\/uploads\/2022\/12\/carrefour-crfb3.jpeg\" \/>\n\t<meta property=\"og:image:width\" content=\"1200\" \/>\n\t<meta property=\"og:image:height\" content=\"800\" \/>\n\t<meta property=\"og:image:type\" content=\"image\/jpeg\" \/>\n<meta name=\"author\" content=\"Eduardo Vargas\" \/>\n<meta name=\"twitter:card\" content=\"summary_large_image\" \/>\n<meta name=\"twitter:creator\" content=\"@sunoresearch\" \/>\n<meta name=\"twitter:site\" content=\"@sunoresearch\" \/>\n<meta name=\"twitter:label1\" content=\"Escrito por\" \/>\n\t<meta name=\"twitter:data1\" content=\"Eduardo Vargas\" \/>\n\t<meta name=\"twitter:label2\" content=\"Est. tempo de leitura\" \/>\n\t<meta name=\"twitter:data2\" content=\"4 minutos\" \/>\n<script type=\"application\/ld+json\" class=\"yoast-schema-graph\">{\"@context\":\"https:\/\/schema.org\",\"@graph\":[{\"@type\":\"NewsArticle\",\"@id\":\"https:\/\/www.suno.com.br\/noticias\/cargo-abilio-diniz-carrefour-crfb3-cargo-vago-evm\/#article\",\"isPartOf\":{\"@id\":\"https:\/\/www.suno.com.br\/noticias\/cargo-abilio-diniz-carrefour-crfb3-cargo-vago-evm\/\"},\"author\":{\"name\":\"Eduardo Vargas\",\"@id\":\"https:\/\/www.suno.com.br\/noticias\/#\/schema\/person\/7f4d362bf3518e76090143ae77bb49a5\"},\"headline\":\"Cargo de Abilio Diniz no Carrefour (CRFB3) ficar\u00e1 vago no momento, diz companhia\",\"datePublished\":\"2024-02-19T15:43:53+00:00\",\"dateModified\":\"2024-02-19T15:51:43+00:00\",\"mainEntityOfPage\":{\"@id\":\"https:\/\/www.suno.com.br\/noticias\/cargo-abilio-diniz-carrefour-crfb3-cargo-vago-evm\/\"},\"wordCount\":697,\"publisher\":{\"@id\":\"https:\/\/www.suno.com.br\/noticias\/#organization\"},\"image\":{\"@id\":\"https:\/\/www.suno.com.br\/noticias\/cargo-abilio-diniz-carrefour-crfb3-cargo-vago-evm\/#primaryimage\"},\"thumbnailUrl\":\"https:\/\/files.sunoresearch.com.br\/n\/uploads\/2022\/12\/carrefour-crfb3.jpeg\",\"keywords\":[\"Ab\u00edlio Diniz\",\"Carrefour (CRFB3)\",\"Especialistas\"],\"articleSection\":[\"Neg\u00f3cios\"],\"inLanguage\":\"pt-BR\"},{\"@type\":\"WebPage\",\"@id\":\"https:\/\/www.suno.com.br\/noticias\/cargo-abilio-diniz-carrefour-crfb3-cargo-vago-evm\/\",\"url\":\"https:\/\/www.suno.com.br\/noticias\/cargo-abilio-diniz-carrefour-crfb3-cargo-vago-evm\/\",\"name\":\"Cargo de Abilio Diniz no Carrefour (CRFB3) ficar\u00e1 vago\",\"isPartOf\":{\"@id\":\"https:\/\/www.suno.com.br\/noticias\/#website\"},\"primaryImageOfPage\":{\"@id\":\"https:\/\/www.suno.com.br\/noticias\/cargo-abilio-diniz-carrefour-crfb3-cargo-vago-evm\/#primaryimage\"},\"image\":{\"@id\":\"https:\/\/www.suno.com.br\/noticias\/cargo-abilio-diniz-carrefour-crfb3-cargo-vago-evm\/#primaryimage\"},\"thumbnailUrl\":\"https:\/\/files.sunoresearch.com.br\/n\/uploads\/2022\/12\/carrefour-crfb3.jpeg\",\"datePublished\":\"2024-02-19T15:43:53+00:00\",\"dateModified\":\"2024-02-19T15:51:43+00:00\",\"description\":\"Conforme o Carrefour, o cargo de Abilio Diniz ficar\u00e1 vago at\u00e9 que o Conselho de Administra\u00e7\u00e3o da companhia decida sua sucess\u00e3o\",\"breadcrumb\":{\"@id\":\"https:\/\/www.suno.com.br\/noticias\/cargo-abilio-diniz-carrefour-crfb3-cargo-vago-evm\/#breadcrumb\"},\"inLanguage\":\"pt-BR\",\"potentialAction\":[{\"@type\":\"ReadAction\",\"target\":[\"https:\/\/www.suno.com.br\/noticias\/cargo-abilio-diniz-carrefour-crfb3-cargo-vago-evm\/\"]}]},{\"@type\":\"ImageObject\",\"inLanguage\":\"pt-BR\",\"@id\":\"https:\/\/www.suno.com.br\/noticias\/cargo-abilio-diniz-carrefour-crfb3-cargo-vago-evm\/#primaryimage\",\"url\":\"https:\/\/files.sunoresearch.com.br\/n\/uploads\/2022\/12\/carrefour-crfb3.jpeg\",\"contentUrl\":\"https:\/\/files.sunoresearch.com.br\/n\/uploads\/2022\/12\/carrefour-crfb3.jpeg\",\"width\":1200,\"height\":800,\"caption\":\"Carrefour (CRFB3). Foto: Divulga\u00e7\u00e3o\"},{\"@type\":\"BreadcrumbList\",\"@id\":\"https:\/\/www.suno.com.br\/noticias\/cargo-abilio-diniz-carrefour-crfb3-cargo-vago-evm\/#breadcrumb\",\"itemListElement\":[{\"@type\":\"ListItem\",\"position\":1,\"name\":\"Not\u00edcias\",\"item\":\"https:\/\/www.suno.com.br\/noticias\/\"},{\"@type\":\"ListItem\",\"position\":2,\"name\":\"Neg\u00f3cios\",\"item\":\"https:\/\/www.suno.com.br\/noticias\/negocios\/\"},{\"@type\":\"ListItem\",\"position\":3,\"name\":\"Cargo de Abilio Diniz no Carrefour (CRFB3) ficar\u00e1 vago no momento, diz companhia\"}]},{\"@type\":\"WebSite\",\"@id\":\"https:\/\/www.suno.com.br\/noticias\/#website\",\"url\":\"https:\/\/www.suno.com.br\/noticias\/\",\"name\":\"Suno Not\u00edcias\",\"description\":\"Seu portal de informa\u00e7\u00e3o sobre o mundo dos investimentos\",\"publisher\":{\"@id\":\"https:\/\/www.suno.com.br\/noticias\/#organization\"},\"potentialAction\":[{\"@type\":\"SearchAction\",\"target\":{\"@type\":\"EntryPoint\",\"urlTemplate\":\"https:\/\/www.suno.com.br\/noticias\/?s={search_term_string}\"},\"query-input\":{\"@type\":\"PropertyValueSpecification\",\"valueRequired\":true,\"valueName\":\"search_term_string\"}}],\"inLanguage\":\"pt-BR\"},{\"@type\":\"Organization\",\"@id\":\"https:\/\/www.suno.com.br\/noticias\/#organization\",\"name\":\"Suno Not\u00edcias\",\"url\":\"https:\/\/www.suno.com.br\/noticias\/\",\"logo\":{\"@type\":\"ImageObject\",\"inLanguage\":\"pt-BR\",\"@id\":\"https:\/\/www.suno.com.br\/noticias\/#\/schema\/logo\/image\/\",\"url\":\"https:\/\/files.sunoresearch.com.br\/n\/uploads\/2021\/09\/suno-logo.png\",\"contentUrl\":\"https:\/\/files.sunoresearch.com.br\/n\/uploads\/2021\/09\/suno-logo.png\",\"width\":180,\"height\":180,\"caption\":\"Suno Not\u00edcias\"},\"image\":{\"@id\":\"https:\/\/www.suno.com.br\/noticias\/#\/schema\/logo\/image\/\"},\"sameAs\":[\"https:\/\/facebook.com\/sunoresearch\",\"https:\/\/x.com\/sunoresearch\",\"https:\/\/www.instagram.com\/suno\",\"https:\/\/www.linkedin.com\/company\/suno-research\/\",\"https:\/\/www.youtube.com\/c\/sunoresearch\"]},{\"@type\":\"Person\",\"@id\":\"https:\/\/www.suno.com.br\/noticias\/#\/schema\/person\/7f4d362bf3518e76090143ae77bb49a5\",\"name\":\"Eduardo Vargas\",\"image\":{\"@type\":\"ImageObject\",\"inLanguage\":\"pt-BR\",\"@id\":\"https:\/\/www.suno.com.br\/noticias\/#\/schema\/person\/image\/\",\"url\":\"https:\/\/secure.gravatar.com\/avatar\/dac340933427a22924c9f99d1eb2e3f2?s=96&r=g\",\"contentUrl\":\"https:\/\/secure.gravatar.com\/avatar\/dac340933427a22924c9f99d1eb2e3f2?s=96&r=g\",\"caption\":\"Eduardo Vargas\"},\"description\":\"Jornalista formado pela UFSC, cobre macroeconomia, neg\u00f3cios e startups para o Suno Not\u00edcias, escrevendo principalmente not\u00edcias sobre o mercado financeiro e a bolsa de valores. No YouTube e no Instagram, \u00e9 respons\u00e1vel pela produ\u00e7\u00e3o de Reels e Shorts do Suno Not\u00edcias. Anteriormente, trabalhou cobrindo economia e cotidiano no ND+ e para o ND, maior jornal impresso de Santa Catarina. Cursou um semestre letivo de Estudos de M\u00eddia na Universidad de Buenos Aires.\",\"url\":\"https:\/\/www.suno.com.br\/noticias\/author\/eduardo-vargas\/\"}]}<\/script>\n<!-- \/ Yoast SEO plugin. -->","yoast_head_json":{"title":"Cargo de Abilio Diniz no Carrefour (CRFB3) ficar\u00e1 vago","description":"Conforme o Carrefour, o cargo de Abilio Diniz ficar\u00e1 vago at\u00e9 que o Conselho de Administra\u00e7\u00e3o da companhia decida sua sucess\u00e3o","robots":{"index":"index","follow":"follow","max-snippet":"max-snippet:-1","max-image-preview":"max-image-preview:large","max-video-preview":"max-video-preview:-1"},"canonical":"https:\/\/www.suno.com.br\/noticias\/cargo-abilio-diniz-carrefour-crfb3-cargo-vago-evm\/","og_locale":"pt_BR","og_type":"article","og_title":"Cargo de Abilio Diniz no Carrefour (CRFB3) ficar\u00e1 vago","og_description":"Conforme o Carrefour, o cargo de Abilio Diniz ficar\u00e1 vago at\u00e9 que o Conselho de Administra\u00e7\u00e3o da companhia decida sua sucess\u00e3o","og_url":"https:\/\/www.suno.com.br\/noticias\/cargo-abilio-diniz-carrefour-crfb3-cargo-vago-evm\/","og_site_name":"Suno Not\u00edcias","article_publisher":"https:\/\/facebook.com\/sunoresearch","og_image":[{"width":1200,"height":800,"url":"https:\/\/files.sunoresearch.com.br\/n\/uploads\/2022\/12\/carrefour-crfb3.jpeg","type":"image\/jpeg"}],"author":"Eduardo Vargas","twitter_card":"summary_large_image","twitter_creator":"@sunoresearch","twitter_site":"@sunoresearch","twitter_misc":{"Escrito por":"Eduardo Vargas","Est. tempo de leitura":"4 minutos"},"schema":{"@context":"https:\/\/schema.org","@graph":[{"@type":"NewsArticle","@id":"https:\/\/www.suno.com.br\/noticias\/cargo-abilio-diniz-carrefour-crfb3-cargo-vago-evm\/#article","isPartOf":{"@id":"https:\/\/www.suno.com.br\/noticias\/cargo-abilio-diniz-carrefour-crfb3-cargo-vago-evm\/"},"author":{"name":"Eduardo Vargas","@id":"https:\/\/www.suno.com.br\/noticias\/#\/schema\/person\/7f4d362bf3518e76090143ae77bb49a5"},"headline":"Cargo de Abilio Diniz no Carrefour (CRFB3) ficar\u00e1 vago no momento, diz companhia","datePublished":"2024-02-19T15:43:53+00:00","dateModified":"2024-02-19T15:51:43+00:00","mainEntityOfPage":{"@id":"https:\/\/www.suno.com.br\/noticias\/cargo-abilio-diniz-carrefour-crfb3-cargo-vago-evm\/"},"wordCount":697,"publisher":{"@id":"https:\/\/www.suno.com.br\/noticias\/#organization"},"image":{"@id":"https:\/\/www.suno.com.br\/noticias\/cargo-abilio-diniz-carrefour-crfb3-cargo-vago-evm\/#primaryimage"},"thumbnailUrl":"https:\/\/files.sunoresearch.com.br\/n\/uploads\/2022\/12\/carrefour-crfb3.jpeg","keywords":["Ab\u00edlio Diniz","Carrefour (CRFB3)","Especialistas"],"articleSection":["Neg\u00f3cios"],"inLanguage":"pt-BR"},{"@type":"WebPage","@id":"https:\/\/www.suno.com.br\/noticias\/cargo-abilio-diniz-carrefour-crfb3-cargo-vago-evm\/","url":"https:\/\/www.suno.com.br\/noticias\/cargo-abilio-diniz-carrefour-crfb3-cargo-vago-evm\/","name":"Cargo de Abilio Diniz no Carrefour (CRFB3) ficar\u00e1 vago","isPartOf":{"@id":"https:\/\/www.suno.com.br\/noticias\/#website"},"primaryImageOfPage":{"@id":"https:\/\/www.suno.com.br\/noticias\/cargo-abilio-diniz-carrefour-crfb3-cargo-vago-evm\/#primaryimage"},"image":{"@id":"https:\/\/www.suno.com.br\/noticias\/cargo-abilio-diniz-carrefour-crfb3-cargo-vago-evm\/#primaryimage"},"thumbnailUrl":"https:\/\/files.sunoresearch.com.br\/n\/uploads\/2022\/12\/carrefour-crfb3.jpeg","datePublished":"2024-02-19T15:43:53+00:00","dateModified":"2024-02-19T15:51:43+00:00","description":"Conforme o Carrefour, o cargo de Abilio Diniz ficar\u00e1 vago at\u00e9 que o Conselho de Administra\u00e7\u00e3o da companhia decida sua sucess\u00e3o","breadcrumb":{"@id":"https:\/\/www.suno.com.br\/noticias\/cargo-abilio-diniz-carrefour-crfb3-cargo-vago-evm\/#breadcrumb"},"inLanguage":"pt-BR","potentialAction":[{"@type":"ReadAction","target":["https:\/\/www.suno.com.br\/noticias\/cargo-abilio-diniz-carrefour-crfb3-cargo-vago-evm\/"]}]},{"@type":"ImageObject","inLanguage":"pt-BR","@id":"https:\/\/www.suno.com.br\/noticias\/cargo-abilio-diniz-carrefour-crfb3-cargo-vago-evm\/#primaryimage","url":"https:\/\/files.sunoresearch.com.br\/n\/uploads\/2022\/12\/carrefour-crfb3.jpeg","contentUrl":"https:\/\/files.sunoresearch.com.br\/n\/uploads\/2022\/12\/carrefour-crfb3.jpeg","width":1200,"height":800,"caption":"Carrefour (CRFB3). Foto: Divulga\u00e7\u00e3o"},{"@type":"BreadcrumbList","@id":"https:\/\/www.suno.com.br\/noticias\/cargo-abilio-diniz-carrefour-crfb3-cargo-vago-evm\/#breadcrumb","itemListElement":[{"@type":"ListItem","position":1,"name":"Not\u00edcias","item":"https:\/\/www.suno.com.br\/noticias\/"},{"@type":"ListItem","position":2,"name":"Neg\u00f3cios","item":"https:\/\/www.suno.com.br\/noticias\/negocios\/"},{"@type":"ListItem","position":3,"name":"Cargo de Abilio Diniz no Carrefour (CRFB3) ficar\u00e1 vago no momento, diz companhia"}]},{"@type":"WebSite","@id":"https:\/\/www.suno.com.br\/noticias\/#website","url":"https:\/\/www.suno.com.br\/noticias\/","name":"Suno Not\u00edcias","description":"Seu portal de informa\u00e7\u00e3o sobre o mundo dos investimentos","publisher":{"@id":"https:\/\/www.suno.com.br\/noticias\/#organization"},"potentialAction":[{"@type":"SearchAction","target":{"@type":"EntryPoint","urlTemplate":"https:\/\/www.suno.com.br\/noticias\/?s={search_term_string}"},"query-input":{"@type":"PropertyValueSpecification","valueRequired":true,"valueName":"search_term_string"}}],"inLanguage":"pt-BR"},{"@type":"Organization","@id":"https:\/\/www.suno.com.br\/noticias\/#organization","name":"Suno Not\u00edcias","url":"https:\/\/www.suno.com.br\/noticias\/","logo":{"@type":"ImageObject","inLanguage":"pt-BR","@id":"https:\/\/www.suno.com.br\/noticias\/#\/schema\/logo\/image\/","url":"https:\/\/files.sunoresearch.com.br\/n\/uploads\/2021\/09\/suno-logo.png","contentUrl":"https:\/\/files.sunoresearch.com.br\/n\/uploads\/2021\/09\/suno-logo.png","width":180,"height":180,"caption":"Suno Not\u00edcias"},"image":{"@id":"https:\/\/www.suno.com.br\/noticias\/#\/schema\/logo\/image\/"},"sameAs":["https:\/\/facebook.com\/sunoresearch","https:\/\/x.com\/sunoresearch","https:\/\/www.instagram.com\/suno","https:\/\/www.linkedin.com\/company\/suno-research\/","https:\/\/www.youtube.com\/c\/sunoresearch"]},{"@type":"Person","@id":"https:\/\/www.suno.com.br\/noticias\/#\/schema\/person\/7f4d362bf3518e76090143ae77bb49a5","name":"Eduardo Vargas","image":{"@type":"ImageObject","inLanguage":"pt-BR","@id":"https:\/\/www.suno.com.br\/noticias\/#\/schema\/person\/image\/","url":"https:\/\/secure.gravatar.com\/avatar\/dac340933427a22924c9f99d1eb2e3f2?s=96&r=g","contentUrl":"https:\/\/secure.gravatar.com\/avatar\/dac340933427a22924c9f99d1eb2e3f2?s=96&r=g","caption":"Eduardo Vargas"},"description":"Jornalista formado pela UFSC, cobre macroeconomia, neg\u00f3cios e startups para o Suno Not\u00edcias, escrevendo principalmente not\u00edcias sobre o mercado financeiro e a bolsa de valores. No YouTube e no Instagram, \u00e9 respons\u00e1vel pela produ\u00e7\u00e3o de Reels e Shorts do Suno Not\u00edcias. Anteriormente, trabalhou cobrindo economia e cotidiano no ND+ e para o ND, maior jornal impresso de Santa Catarina. Cursou um semestre letivo de Estudos de M\u00eddia na Universidad de Buenos Aires.","url":"https:\/\/www.suno.com.br\/noticias\/author\/eduardo-vargas\/"}]}},"default_loop_html":"<div class=\"cardsPage__listCard__boxs\"><div class=\"cardsPage__listCard__boxs__img\"><a href=\"https:\/\/www.suno.com.br\/noticias\/cargo-abilio-diniz-carrefour-crfb3-cargo-vago-evm\/\"><img class=\"mask\" src=\"https:\/\/www.suno.com.br\/noticias\/wp-content\/themes\/suno\/resources\/images\/spotlight\/spotlight1img\/bg-mask.png\" alt=\"Image Mask\"\/><img src=\"https:\/\/files.sunoresearch.com.br\/n\/uploads\/2022\/12\/carrefour-crfb3-400x200.jpeg\" alt=\"Cargo de Abilio Diniz no Carrefour (CRFB3) ficar\u00e1 vago no momento, diz companhia\"\/><\/a><span class=\"spotlightCategory\"><a href=\"https:\/\/www.suno.com.br\/noticias\/negocios\/\">Neg\u00f3cios<\/a><\/span><\/div><div class=\"cardsPage__listCard__boxs__content\"><a href=\"https:\/\/www.suno.com.br\/noticias\/cargo-abilio-diniz-carrefour-crfb3-cargo-vago-evm\/\"><h2 class=\"content__title\">Cargo de Abilio Diniz no Carrefour (CRFB3) ficar\u00e1 vago no momento, diz companhia<\/h2><\/a><div class=\"newsContent__article__meta\"><div class=\"newsContent__article__meta__authorBox\"><a href=\"https:\/\/www.suno.com.br\/noticias\/author\/camila-figueiredosuno-com-br\/\" class=\"authorBox__avatar noMobi\"><img src=\"https:\/\/files.sunoresearch.com.br\/n\/uploads\/2024\/05\/camila-paim-square-150x150.jpg\" alt=\"Camila Paim\"><\/a><div class=\"authorBox__name\"><span>por\n\t\t\t<a href=\"https:\/\/www.suno.com.br\/noticias\/author\/camila-figueiredosuno-com-br\/\"><span itemprop=\"author\">Camila Paim<\/span><\/a><\/span><time datetime=\"2024-02-19T12:43:53-03:00\" itemprop=\"datePublished\">19\/02\/2024 12:43<\/time><\/div><\/div><\/div><\/div><\/div>","single_layout":"posts","amp_enabled":true,"_links":{"self":[{"href":"https:\/\/www.suno.com.br\/noticias\/wp-json\/wp\/v2\/posts\/524257"}],"collection":[{"href":"https:\/\/www.suno.com.br\/noticias\/wp-json\/wp\/v2\/posts"}],"about":[{"href":"https:\/\/www.suno.com.br\/noticias\/wp-json\/wp\/v2\/types\/post"}],"author":[{"embeddable":true,"href":"https:\/\/www.suno.com.br\/noticias\/wp-json\/wp\/v2\/users\/73"}],"replies":[{"embeddable":true,"href":"https:\/\/www.suno.com.br\/noticias\/wp-json\/wp\/v2\/comments?post=524257"}],"version-history":[{"count":3,"href":"https:\/\/www.suno.com.br\/noticias\/wp-json\/wp\/v2\/posts\/524257\/revisions"}],"predecessor-version":[{"id":524281,"href":"https:\/\/www.suno.com.br\/noticias\/wp-json\/wp\/v2\/posts\/524257\/revisions\/524281"}],"wp:featuredmedia":[{"embeddable":true,"href":"https:\/\/www.suno.com.br\/noticias\/wp-json\/wp\/v2\/media\/333329"}],"wp:attachment":[{"href":"https:\/\/www.suno.com.br\/noticias\/wp-json\/wp\/v2\/media?parent=524257"}],"wp:term":[{"taxonomy":"category","embeddable":true,"href":"https:\/\/www.suno.com.br\/noticias\/wp-json\/wp\/v2\/categories?post=524257"},{"taxonomy":"post_tag","embeddable":true,"href":"https:\/\/www.suno.com.br\/noticias\/wp-json\/wp\/v2\/tags?post=524257"},{"taxonomy":"suno_strategy","embeddable":true,"href":"https:\/\/www.suno.com.br\/noticias\/wp-json\/wp\/v2\/suno_strategy?post=524257"}],"curies":[{"name":"wp","href":"https:\/\/api.w.org\/{rel}","templated":true}]}}