{"id":524227,"date":"2024-02-19T11:10:51","date_gmt":"2024-02-19T14:10:51","guid":{"rendered":"https:\/\/www.suno.com.br\/noticias\/?p=524227"},"modified":"2024-02-19T11:12:39","modified_gmt":"2024-02-19T14:12:39","slug":"petroreconcavo-recv3-alupar-alup11-braskem-brkm5-mercado-segunda-feira-destaques-va","status":"publish","type":"post","link":"https:\/\/www.suno.com.br\/noticias\/petroreconcavo-recv3-alupar-alup11-braskem-brkm5-mercado-segunda-feira-destaques-va\/","title":{"rendered":"PetroRec\u00f4ncavo (RECV3), Alupar (ALUP11) e Braskem (BRKM5) agitam o mercado nesta segunda-feira; veja mais destaques\u00a0"},"content":{"rendered":"<p>A divulga\u00e7\u00e3o da produ\u00e7\u00e3o da<strong> PetroRec\u00f4ncavo<\/strong> (<a href=\"https:\/\/statusinvest.com.br\/acoes\/recv3\">RECV3<\/a>), em janeiro, est\u00e1 entre os destaques desta segunda-feira (19).\u00a0<\/p>\t<div class=\"wrapper-featured-image\">\n\t\t<figure class=\"spotlightImg\">\n\n\t\t\t<picture>\n\t\t\t\t<source media=\"(max-width: 768px)\" srcset=\"https:\/\/files.sunoresearch.com.br\/n\/uploads\/2023\/10\/bolsa-mercado-ibovespa-acoes-celular-variacao-400x200.jpg\">\n\t\t\t\t<img loading=\"lazy\" decoding=\"async\" class=\"newsContent__article__imgCapa lazyloadDisabled \" src=\"https:\/\/files.sunoresearch.com.br\/n\/uploads\/2023\/10\/bolsa-mercado-ibovespa-acoes-celular-variacao-800x450.jpg\" width=\"800\" height=\"450\" alt=\"PetroRec\u00f4ncavo (RECV3), Alupar (ALUP11) e Braskem (BRKM5) agitam o mercado nesta segunda-feira; veja mais destaques\u00a0\" fetchpriority=high \/>\n\t\t\t<\/picture>\n\n\t\t\t<figcaption class=\"wp-caption-text wp-caption-text--show\">PetroRec\u00f4ncavo (RECV3) e Braskem (BRKM5) agitam o mercado-Foto: iStock<\/figcaption>\n\t\t<\/figure>\n\t<\/div>\n\n\n\n\n\n\t<p>\n\t\t<a href=\"https:\/\/lp.suno.com.br\/planilha-da-vida-financeira\/\" target=\"_blank\" data-element=\"shortcode-suno-banner\" title=\"Banner SUNO, clique e saiba mais\">\n\t\t\t<picture>\n\t\t\t\t<source media=\"(max-width: 500px)\" srcset=\"https:\/\/files.sunoresearch.com.br\/n\/uploads\/2023\/04\/400x300-Planilha-vida-financeira-true.png\">\n\t\t\t\t<img class=\"newsContent__article__imgCapa newsContent__article__imgCapa--banner\"\n\t\t\t\t\tsrc=\"https:\/\/files.sunoresearch.com.br\/n\/uploads\/2023\/04\/1420x240-Planilha-vida-financeira-true.png\"\n\t\t\t\t\tdata-promo-id=\"106682\"\t\t\t\t\t\t\t\t\t\twidth='1420' height='240'\t\t\t\t\talt=\"https:\/\/files.sunoresearch.com.br\/n\/uploads\/2023\/04\/1420x240-Planilha-vida-financeira-true.png\"\n\t\t\t\t>\n\t\t\t<\/picture>\n\t\t<\/a>\n\t<\/p>\n\n\n\n\n\n<p>Tamb\u00e9m est\u00e1 entre os <strong>destaques do mercado financeiro<\/strong> a <a class=\"suno-keyword\" target=\"_blank\" data-force=\"yes\" data-priority=\"2\" href=\"https:\/\/www.suno.com.br\/acoes\/ALUP11\/\" rel=\"noopener\">Alupar (ALUP11)<\/a>, ap\u00f3s a companhia receber autoriza\u00e7\u00e3o para iniciar opera\u00e7\u00e3o comercial em ativo no Cear\u00e1.&nbsp;<\/p>\n\n\n\n<p>A <a class=\"suno-keyword\" target=\"_blank\" data-force=\"yes\" data-priority=\"2\" href=\"https:\/\/www.suno.com.br\/acoes\/BRKM5\/\" rel=\"noopener\">Braskem (BRKM5)<\/a> tamb\u00e9m est\u00e1 no radar dos investidores hoje, depois de especula\u00e7\u00f5es em torno da venda da empresa.&nbsp;<\/p>\n\n\n\n<p>Veja os<strong> destaques do mercado financeiro<\/strong> hoje:<\/p>\n\n\n\n<h2 class=\"wp-block-heading\">PetroRec\u00f4ncavo<\/h2>\n\n\n\n<p>A <strong>PetroRec\u00f4ncavo (RECV3)<\/strong> registrou uma produ\u00e7\u00e3o consolidada de 27.236 boed (barris de \u00f3leo equivalente por dia) em janeiro.\u00a0<\/p>\n\n\n\n<p>No ativo Potiguar a produ\u00e7\u00e3o foi de 14.439 boed, com produ\u00e7\u00e3o de petr\u00f3leo de 9.776 boed e g\u00e1s de 4.663 boed, ambos com crescimento em fun\u00e7\u00e3o da retomada gradual de produ\u00e7\u00e3o.<\/p>\n\n\n\n<h2 class=\"wp-block-heading\">Alupar&nbsp;<\/h2>\n\n\n\n<p>A<strong> Alupar (ALUP11) <\/strong>informou que sua controlada, UFV Pitombeira, localizada no complexo e\u00f3lico Energia dos Ventos, no munic\u00edpio de Aracati, estado do Cear\u00e1, com pot\u00eancia instalada de 61,7 MWp e garantia f\u00edsica de 15,9 MW m\u00e9dios, obteve autoriza\u00e7\u00e3o para in\u00edcio da opera\u00e7\u00e3o comercial, conforme despacho Aneel n\u00ba 438\/24.<\/p>\n\n\n\n<p>Segundo a Alupar, o investimento das instala\u00e7\u00f5es a ser utilizado ser\u00e1 de aproximadamente R$ 249,5 milh\u00f5es.<\/p>\n\n\n\n<h2 class=\"wp-block-heading\">Braskem&nbsp;<\/h2>\n\n\n\n<p>Segundo o blog do colunista Lauro Jardim, do jornal O Globo, nas negocia\u00e7\u00f5es para a venda da <strong>Braskem (BRKM5)<\/strong>, al\u00e9m da Adnoc, estatal de petr\u00f3leo dos Emirados \u00c1rabes Unidos, a transa\u00e7\u00e3o pode incluir mais duas empresas do setor, ambas sediadas no Oriente M\u00e9dio.&nbsp;<\/p>\n\n\n\n<h2 class=\"wp-block-heading\">Pine<\/h2>\n\n\n\n<p>O <strong>Banco Pine (PINE4) <\/strong>divulgou que Francisco Ascl\u00e9pio Barroso Aguiar atingiu posi\u00e7\u00e3o equivalente a 5,029048%, do n\u00famero total de <a class=\"suno-keyword\" target=\"_blank\" data-force=\"no\" data-priority=\"1\" href=\"https:\/\/www.suno.com.br\/artigos\/acoes-preferenciais\/\" rel=\"noopener\">a\u00e7\u00f5es preferenciais<\/a> de emiss\u00e3o da companhia.<\/p>\n\n\n\t<p>\n\t\t<a href=\"https:\/\/lp.suno.com.br\/ebook-como-analisar-uma-acao\/\" target=\"_blank\" data-element=\"shortcode-suno-banner\" title=\"Banner SUNO, clique e saiba mais\">\n\t\t\t<picture>\n\t\t\t\t<source media=\"(max-width: 500px)\" srcset=\"https:\/\/files.sunoresearch.com.br\/n\/uploads\/2023\/03\/Ebook-Acoes-Mobile.jpg\">\n\t\t\t\t<img class=\"newsContent__article__imgCapa newsContent__article__imgCapa--banner\"\n\t\t\t\t\tsrc=\"https:\/\/files.sunoresearch.com.br\/n\/uploads\/2023\/03\/Ebook-Acoes-Desktop.jpg\"\n\t\t\t\t\tdata-promo-id=\"378302\"\t\t\t\t\t\t\t\t\t\twidth='1420' height='286'\t\t\t\t\talt=\"https:\/\/files.sunoresearch.com.br\/n\/uploads\/2023\/03\/Ebook-Acoes-Desktop.jpg\"\n\t\t\t\t>\n\t\t\t<\/picture>\n\t\t<\/a>\n\t<\/p>\n\n\n\n\n\n<h2 class=\"wp-block-heading\">Light<\/h2>\n\n\n\n<p>A <strong>Light (LIGT3) <\/strong>avalia elevar um pouco a proposta de <a class=\"suno-keyword\" target=\"_blank\" data-force=\"no\" data-priority=\"1\" href=\"https:\/\/www.suno.com.br\/artigos\/aumento-capital\/\" rel=\"noopener\">aumento de capital<\/a>, ao inv\u00e9s de ceder no pre\u00e7o de convers\u00e3o de d\u00edvida em a\u00e7\u00e3o, segundo fontes pr\u00f3ximas \u00e0 empresa ouvidas pelo Valor Pipeline.&nbsp;<\/p>\n\n\n\n<p>A companhia havia previsto inicialmente um <a href=\"https:\/\/www.suno.com.br\/artigos\/aumento-capital\/\">aumento de capital<\/a> de R$ 1 bilh\u00e3o e a convers\u00e3o de 40% da d\u00edvida em a\u00e7\u00f5es.\u00a0<\/p>\n\n\n\n<h2 class=\"wp-block-heading\">\u00c2nima<\/h2>\n\n\n\n<p>A <strong>\u00c2nima (ANIM3) <\/strong>informou que assinou Termo de Ajuste de Participa\u00e7\u00e3o Societ\u00e1ria e Outras Aven\u00e7as com a DNA Capital Consultoria e fundos de investimentos em participa\u00e7\u00f5es sob sua gest\u00e3o, que resultar\u00e1 em um ajuste na participa\u00e7\u00e3o da DNA Capital na Inspirali, subsidi\u00e1ria da \u00c2nima, equivalente a 0,99%, levando a DNA a uma participa\u00e7\u00e3o total final na Inspirali equivalente a 25,99% de seu <a class=\"suno-keyword\" target=\"_blank\" data-force=\"no\" data-priority=\"2\" href=\"https:\/\/www.suno.com.br\/artigos\/capital-social\/\" rel=\"noopener\">capital social<\/a> total e votante.<\/p>\n\n\n\n<p>Os destaques do mercado financeiro do Suno Not\u00edcias mostram os principais acontecimentos que prometem movimentar o mercado durante o dia, como a <strong>PetroRec\u00f4ncavo <\/strong>(RECV3), que deve estar no foco dos investidores ao longo do dia.<\/p>\n\n\n\n\n\t<p>\n\t\t<a href=\"https:\/\/lp.suno.com.br\/planilha-da-vida-financeira\/\" target=\"_blank\" data-element=\"shortcode-suno-banner\" title=\"Banner SUNO, clique e saiba mais\">\n\t\t\t<picture>\n\t\t\t\t<source media=\"(max-width: 500px)\" srcset=\"https:\/\/files.sunoresearch.com.br\/n\/uploads\/2023\/04\/400x300-Planilha-vida-financeira-true.png\">\n\t\t\t\t<img class=\"newsContent__article__imgCapa newsContent__article__imgCapa--banner\"\n\t\t\t\t\tsrc=\"https:\/\/files.sunoresearch.com.br\/n\/uploads\/2023\/04\/1420x240-Planilha-vida-financeira-true.png\"\n\t\t\t\t\tdata-promo-id=\"383123\"\t\t\t\t\t\t\t\t\t\twidth='1420' height='240'\t\t\t\t\talt=\"https:\/\/files.sunoresearch.com.br\/n\/uploads\/2023\/04\/1420x240-Planilha-vida-financeira-true.png\"\n\t\t\t\t>\n\t\t\t<\/picture>\n\t\t<\/a>\n\t<\/p>\n\n\n","protected":false},"excerpt":{"rendered":"<p>A divulga\u00e7\u00e3o da produ\u00e7\u00e3o da PetroRec\u00f4ncavo (RECV3), em janeiro, est\u00e1 entre os destaques desta segunda-feira (19).\u00a0 PetroRec\u00f4ncavo (RECV3) e Braskem (BRKM5) agitam o mercado-Foto: iStock Tamb\u00e9m est\u00e1 entre os destaques do mercado financeiro a Alupar (ALUP11), ap\u00f3s a companhia receber autoriza\u00e7\u00e3o para iniciar opera\u00e7\u00e3o comercial em ativo no Cear\u00e1.&nbsp; A Braskem (BRKM5) tamb\u00e9m est\u00e1 no [&hellip;]<\/p>\n","protected":false},"author":301,"featured_media":473494,"comment_status":"closed","ping_status":"closed","sticky":false,"template":"","format":"standard","meta":[],"categories":[64],"tags":[286,357,361,395,41531,106252],"suno_strategy":[],"class_list":["post-524227","post","type-post","status-publish","format-standard","has-post-thumbnail","hentry","category-negocios","tag-acoes","tag-alupar-alup11-alup3-alup4","tag-anima-anim3","tag-braskem-brkm3-brkm5-brkm6","tag-light-ligt3","tag-petroreconcavo-recv3"],"yoast_head":"<!-- This site is optimized with the Yoast SEO plugin v24.4 - https:\/\/yoast.com\/wordpress\/plugins\/seo\/ -->\n<title>PetroRec\u00f4ncavo (RECV3) e Braskem (BRKM5) agitam o mercado<\/title>\n<meta name=\"description\" content=\"A divulga\u00e7\u00e3o da produ\u00e7\u00e3o da PetroRec\u00f4ncavo (RECV3), em janeiro, est\u00e1 entre os destaques desta segunda-feira (19).\u00a0\" \/>\n<meta name=\"robots\" content=\"index, follow, max-snippet:-1, max-image-preview:large, max-video-preview:-1\" \/>\n<link rel=\"canonical\" href=\"https:\/\/www.suno.com.br\/noticias\/petroreconcavo-recv3-alupar-alup11-braskem-brkm5-mercado-segunda-feira-destaques-va\/\" \/>\n<meta property=\"og:locale\" content=\"pt_BR\" \/>\n<meta property=\"og:type\" content=\"article\" \/>\n<meta property=\"og:title\" content=\"PetroRec\u00f4ncavo (RECV3) e Braskem (BRKM5) agitam o mercado\" \/>\n<meta property=\"og:description\" content=\"A divulga\u00e7\u00e3o da produ\u00e7\u00e3o da PetroRec\u00f4ncavo (RECV3), em janeiro, est\u00e1 entre os destaques desta segunda-feira (19).\u00a0\" \/>\n<meta property=\"og:url\" content=\"https:\/\/www.suno.com.br\/noticias\/petroreconcavo-recv3-alupar-alup11-braskem-brkm5-mercado-segunda-feira-destaques-va\/\" \/>\n<meta property=\"og:site_name\" content=\"Suno Not\u00edcias\" \/>\n<meta property=\"article:publisher\" content=\"https:\/\/facebook.com\/sunoresearch\" \/>\n<meta property=\"og:image\" content=\"https:\/\/files.sunoresearch.com.br\/n\/uploads\/2023\/10\/bolsa-mercado-ibovespa-acoes-celular-variacao.jpg\" \/>\n\t<meta property=\"og:image:width\" content=\"1200\" \/>\n\t<meta property=\"og:image:height\" content=\"800\" \/>\n\t<meta property=\"og:image:type\" content=\"image\/jpeg\" \/>\n<meta name=\"author\" content=\"Vin\u00edcius Alves\" \/>\n<meta name=\"twitter:card\" content=\"summary_large_image\" \/>\n<meta name=\"twitter:creator\" content=\"@sunoresearch\" \/>\n<meta name=\"twitter:site\" content=\"@sunoresearch\" \/>\n<meta name=\"twitter:label1\" content=\"Escrito por\" \/>\n\t<meta name=\"twitter:data1\" content=\"Vin\u00edcius Alves\" \/>\n\t<meta name=\"twitter:label2\" content=\"Est. tempo de leitura\" \/>\n\t<meta name=\"twitter:data2\" content=\"3 minutos\" \/>\n<script type=\"application\/ld+json\" class=\"yoast-schema-graph\">{\"@context\":\"https:\/\/schema.org\",\"@graph\":[{\"@type\":\"NewsArticle\",\"@id\":\"https:\/\/www.suno.com.br\/noticias\/petroreconcavo-recv3-alupar-alup11-braskem-brkm5-mercado-segunda-feira-destaques-va\/#article\",\"isPartOf\":{\"@id\":\"https:\/\/www.suno.com.br\/noticias\/petroreconcavo-recv3-alupar-alup11-braskem-brkm5-mercado-segunda-feira-destaques-va\/\"},\"author\":{\"name\":\"Vin\u00edcius Alves\",\"@id\":\"https:\/\/www.suno.com.br\/noticias\/#\/schema\/person\/4a180549702d0e236b3e420862bcded3\"},\"headline\":\"PetroRec\u00f4ncavo (RECV3), Alupar (ALUP11) e Braskem (BRKM5) agitam o mercado nesta segunda-feira; veja mais destaques\u00a0\",\"datePublished\":\"2024-02-19T14:10:51+00:00\",\"dateModified\":\"2024-02-19T14:12:39+00:00\",\"mainEntityOfPage\":{\"@id\":\"https:\/\/www.suno.com.br\/noticias\/petroreconcavo-recv3-alupar-alup11-braskem-brkm5-mercado-segunda-feira-destaques-va\/\"},\"wordCount\":485,\"publisher\":{\"@id\":\"https:\/\/www.suno.com.br\/noticias\/#organization\"},\"image\":{\"@id\":\"https:\/\/www.suno.com.br\/noticias\/petroreconcavo-recv3-alupar-alup11-braskem-brkm5-mercado-segunda-feira-destaques-va\/#primaryimage\"},\"thumbnailUrl\":\"https:\/\/files.sunoresearch.com.br\/n\/uploads\/2023\/10\/bolsa-mercado-ibovespa-acoes-celular-variacao.jpg\",\"keywords\":[\"A\u00e7\u00f5es\",\"Alupar (ALUP11\/ALUP3\/ALUP4)\",\"Anima (ANIM3)\",\"Braskem (BRKM3\/BRKM5\/BRKM6)\",\"Light (LIGT3)\",\"PetroRec\u00f4ncavo (RECV3)\"],\"articleSection\":[\"Neg\u00f3cios\"],\"inLanguage\":\"pt-BR\"},{\"@type\":\"WebPage\",\"@id\":\"https:\/\/www.suno.com.br\/noticias\/petroreconcavo-recv3-alupar-alup11-braskem-brkm5-mercado-segunda-feira-destaques-va\/\",\"url\":\"https:\/\/www.suno.com.br\/noticias\/petroreconcavo-recv3-alupar-alup11-braskem-brkm5-mercado-segunda-feira-destaques-va\/\",\"name\":\"PetroRec\u00f4ncavo (RECV3) e Braskem (BRKM5) agitam o mercado\",\"isPartOf\":{\"@id\":\"https:\/\/www.suno.com.br\/noticias\/#website\"},\"primaryImageOfPage\":{\"@id\":\"https:\/\/www.suno.com.br\/noticias\/petroreconcavo-recv3-alupar-alup11-braskem-brkm5-mercado-segunda-feira-destaques-va\/#primaryimage\"},\"image\":{\"@id\":\"https:\/\/www.suno.com.br\/noticias\/petroreconcavo-recv3-alupar-alup11-braskem-brkm5-mercado-segunda-feira-destaques-va\/#primaryimage\"},\"thumbnailUrl\":\"https:\/\/files.sunoresearch.com.br\/n\/uploads\/2023\/10\/bolsa-mercado-ibovespa-acoes-celular-variacao.jpg\",\"datePublished\":\"2024-02-19T14:10:51+00:00\",\"dateModified\":\"2024-02-19T14:12:39+00:00\",\"description\":\"A divulga\u00e7\u00e3o da produ\u00e7\u00e3o da PetroRec\u00f4ncavo (RECV3), em janeiro, est\u00e1 entre os destaques desta segunda-feira (19).\u00a0\",\"breadcrumb\":{\"@id\":\"https:\/\/www.suno.com.br\/noticias\/petroreconcavo-recv3-alupar-alup11-braskem-brkm5-mercado-segunda-feira-destaques-va\/#breadcrumb\"},\"inLanguage\":\"pt-BR\",\"potentialAction\":[{\"@type\":\"ReadAction\",\"target\":[\"https:\/\/www.suno.com.br\/noticias\/petroreconcavo-recv3-alupar-alup11-braskem-brkm5-mercado-segunda-feira-destaques-va\/\"]}]},{\"@type\":\"ImageObject\",\"inLanguage\":\"pt-BR\",\"@id\":\"https:\/\/www.suno.com.br\/noticias\/petroreconcavo-recv3-alupar-alup11-braskem-brkm5-mercado-segunda-feira-destaques-va\/#primaryimage\",\"url\":\"https:\/\/files.sunoresearch.com.br\/n\/uploads\/2023\/10\/bolsa-mercado-ibovespa-acoes-celular-variacao.jpg\",\"contentUrl\":\"https:\/\/files.sunoresearch.com.br\/n\/uploads\/2023\/10\/bolsa-mercado-ibovespa-acoes-celular-variacao.jpg\",\"width\":1200,\"height\":800,\"caption\":\"PetroRec\u00f4ncavo (RECV3) e Braskem (BRKM5) agitam o mercado-Foto: iStock\"},{\"@type\":\"BreadcrumbList\",\"@id\":\"https:\/\/www.suno.com.br\/noticias\/petroreconcavo-recv3-alupar-alup11-braskem-brkm5-mercado-segunda-feira-destaques-va\/#breadcrumb\",\"itemListElement\":[{\"@type\":\"ListItem\",\"position\":1,\"name\":\"Not\u00edcias\",\"item\":\"https:\/\/www.suno.com.br\/noticias\/\"},{\"@type\":\"ListItem\",\"position\":2,\"name\":\"Neg\u00f3cios\",\"item\":\"https:\/\/www.suno.com.br\/noticias\/negocios\/\"},{\"@type\":\"ListItem\",\"position\":3,\"name\":\"PetroRec\u00f4ncavo (RECV3), Alupar (ALUP11) e Braskem (BRKM5) agitam o mercado nesta segunda-feira; veja mais destaques\u00a0\"}]},{\"@type\":\"WebSite\",\"@id\":\"https:\/\/www.suno.com.br\/noticias\/#website\",\"url\":\"https:\/\/www.suno.com.br\/noticias\/\",\"name\":\"Suno Not\u00edcias\",\"description\":\"Seu portal de informa\u00e7\u00e3o sobre o mundo dos investimentos\",\"publisher\":{\"@id\":\"https:\/\/www.suno.com.br\/noticias\/#organization\"},\"potentialAction\":[{\"@type\":\"SearchAction\",\"target\":{\"@type\":\"EntryPoint\",\"urlTemplate\":\"https:\/\/www.suno.com.br\/noticias\/?s={search_term_string}\"},\"query-input\":{\"@type\":\"PropertyValueSpecification\",\"valueRequired\":true,\"valueName\":\"search_term_string\"}}],\"inLanguage\":\"pt-BR\"},{\"@type\":\"Organization\",\"@id\":\"https:\/\/www.suno.com.br\/noticias\/#organization\",\"name\":\"Suno Not\u00edcias\",\"url\":\"https:\/\/www.suno.com.br\/noticias\/\",\"logo\":{\"@type\":\"ImageObject\",\"inLanguage\":\"pt-BR\",\"@id\":\"https:\/\/www.suno.com.br\/noticias\/#\/schema\/logo\/image\/\",\"url\":\"https:\/\/files.sunoresearch.com.br\/n\/uploads\/2021\/09\/suno-logo.png\",\"contentUrl\":\"https:\/\/files.sunoresearch.com.br\/n\/uploads\/2021\/09\/suno-logo.png\",\"width\":180,\"height\":180,\"caption\":\"Suno Not\u00edcias\"},\"image\":{\"@id\":\"https:\/\/www.suno.com.br\/noticias\/#\/schema\/logo\/image\/\"},\"sameAs\":[\"https:\/\/facebook.com\/sunoresearch\",\"https:\/\/x.com\/sunoresearch\",\"https:\/\/www.instagram.com\/suno\",\"https:\/\/www.linkedin.com\/company\/suno-research\/\",\"https:\/\/www.youtube.com\/c\/sunoresearch\"]},{\"@type\":\"Person\",\"@id\":\"https:\/\/www.suno.com.br\/noticias\/#\/schema\/person\/4a180549702d0e236b3e420862bcded3\",\"name\":\"Vin\u00edcius Alves\",\"image\":{\"@type\":\"ImageObject\",\"inLanguage\":\"pt-BR\",\"@id\":\"https:\/\/www.suno.com.br\/noticias\/#\/schema\/person\/image\/\",\"url\":\"https:\/\/secure.gravatar.com\/avatar\/a95b7fe6d1b813f7907d4f476d5a39e1?s=96&r=g\",\"contentUrl\":\"https:\/\/secure.gravatar.com\/avatar\/a95b7fe6d1b813f7907d4f476d5a39e1?s=96&r=g\",\"caption\":\"Vin\u00edcius Alves\"},\"description\":\"Jornalista formado na Faculdade C\u00e1sper L\u00edbero. Com passagens pela Ag\u00eancia Estado, InfoMoney e Editora Globo.\",\"url\":\"https:\/\/www.suno.com.br\/noticias\/author\/vini08correiagmail-com\/\"}]}<\/script>\n<!-- \/ Yoast SEO plugin. -->","yoast_head_json":{"title":"PetroRec\u00f4ncavo (RECV3) e Braskem (BRKM5) agitam o mercado","description":"A divulga\u00e7\u00e3o da produ\u00e7\u00e3o da PetroRec\u00f4ncavo (RECV3), em janeiro, est\u00e1 entre os destaques desta segunda-feira (19).\u00a0","robots":{"index":"index","follow":"follow","max-snippet":"max-snippet:-1","max-image-preview":"max-image-preview:large","max-video-preview":"max-video-preview:-1"},"canonical":"https:\/\/www.suno.com.br\/noticias\/petroreconcavo-recv3-alupar-alup11-braskem-brkm5-mercado-segunda-feira-destaques-va\/","og_locale":"pt_BR","og_type":"article","og_title":"PetroRec\u00f4ncavo (RECV3) e Braskem (BRKM5) agitam o mercado","og_description":"A divulga\u00e7\u00e3o da produ\u00e7\u00e3o da PetroRec\u00f4ncavo (RECV3), em janeiro, est\u00e1 entre os destaques desta segunda-feira (19).\u00a0","og_url":"https:\/\/www.suno.com.br\/noticias\/petroreconcavo-recv3-alupar-alup11-braskem-brkm5-mercado-segunda-feira-destaques-va\/","og_site_name":"Suno Not\u00edcias","article_publisher":"https:\/\/facebook.com\/sunoresearch","og_image":[{"width":1200,"height":800,"url":"https:\/\/files.sunoresearch.com.br\/n\/uploads\/2023\/10\/bolsa-mercado-ibovespa-acoes-celular-variacao.jpg","type":"image\/jpeg"}],"author":"Vin\u00edcius Alves","twitter_card":"summary_large_image","twitter_creator":"@sunoresearch","twitter_site":"@sunoresearch","twitter_misc":{"Escrito por":"Vin\u00edcius Alves","Est. tempo de leitura":"3 minutos"},"schema":{"@context":"https:\/\/schema.org","@graph":[{"@type":"NewsArticle","@id":"https:\/\/www.suno.com.br\/noticias\/petroreconcavo-recv3-alupar-alup11-braskem-brkm5-mercado-segunda-feira-destaques-va\/#article","isPartOf":{"@id":"https:\/\/www.suno.com.br\/noticias\/petroreconcavo-recv3-alupar-alup11-braskem-brkm5-mercado-segunda-feira-destaques-va\/"},"author":{"name":"Vin\u00edcius Alves","@id":"https:\/\/www.suno.com.br\/noticias\/#\/schema\/person\/4a180549702d0e236b3e420862bcded3"},"headline":"PetroRec\u00f4ncavo (RECV3), Alupar (ALUP11) e Braskem (BRKM5) agitam o mercado nesta segunda-feira; veja mais destaques\u00a0","datePublished":"2024-02-19T14:10:51+00:00","dateModified":"2024-02-19T14:12:39+00:00","mainEntityOfPage":{"@id":"https:\/\/www.suno.com.br\/noticias\/petroreconcavo-recv3-alupar-alup11-braskem-brkm5-mercado-segunda-feira-destaques-va\/"},"wordCount":485,"publisher":{"@id":"https:\/\/www.suno.com.br\/noticias\/#organization"},"image":{"@id":"https:\/\/www.suno.com.br\/noticias\/petroreconcavo-recv3-alupar-alup11-braskem-brkm5-mercado-segunda-feira-destaques-va\/#primaryimage"},"thumbnailUrl":"https:\/\/files.sunoresearch.com.br\/n\/uploads\/2023\/10\/bolsa-mercado-ibovespa-acoes-celular-variacao.jpg","keywords":["A\u00e7\u00f5es","Alupar (ALUP11\/ALUP3\/ALUP4)","Anima (ANIM3)","Braskem (BRKM3\/BRKM5\/BRKM6)","Light (LIGT3)","PetroRec\u00f4ncavo (RECV3)"],"articleSection":["Neg\u00f3cios"],"inLanguage":"pt-BR"},{"@type":"WebPage","@id":"https:\/\/www.suno.com.br\/noticias\/petroreconcavo-recv3-alupar-alup11-braskem-brkm5-mercado-segunda-feira-destaques-va\/","url":"https:\/\/www.suno.com.br\/noticias\/petroreconcavo-recv3-alupar-alup11-braskem-brkm5-mercado-segunda-feira-destaques-va\/","name":"PetroRec\u00f4ncavo (RECV3) e Braskem (BRKM5) agitam o mercado","isPartOf":{"@id":"https:\/\/www.suno.com.br\/noticias\/#website"},"primaryImageOfPage":{"@id":"https:\/\/www.suno.com.br\/noticias\/petroreconcavo-recv3-alupar-alup11-braskem-brkm5-mercado-segunda-feira-destaques-va\/#primaryimage"},"image":{"@id":"https:\/\/www.suno.com.br\/noticias\/petroreconcavo-recv3-alupar-alup11-braskem-brkm5-mercado-segunda-feira-destaques-va\/#primaryimage"},"thumbnailUrl":"https:\/\/files.sunoresearch.com.br\/n\/uploads\/2023\/10\/bolsa-mercado-ibovespa-acoes-celular-variacao.jpg","datePublished":"2024-02-19T14:10:51+00:00","dateModified":"2024-02-19T14:12:39+00:00","description":"A divulga\u00e7\u00e3o da produ\u00e7\u00e3o da PetroRec\u00f4ncavo (RECV3), em janeiro, est\u00e1 entre os destaques desta segunda-feira (19).\u00a0","breadcrumb":{"@id":"https:\/\/www.suno.com.br\/noticias\/petroreconcavo-recv3-alupar-alup11-braskem-brkm5-mercado-segunda-feira-destaques-va\/#breadcrumb"},"inLanguage":"pt-BR","potentialAction":[{"@type":"ReadAction","target":["https:\/\/www.suno.com.br\/noticias\/petroreconcavo-recv3-alupar-alup11-braskem-brkm5-mercado-segunda-feira-destaques-va\/"]}]},{"@type":"ImageObject","inLanguage":"pt-BR","@id":"https:\/\/www.suno.com.br\/noticias\/petroreconcavo-recv3-alupar-alup11-braskem-brkm5-mercado-segunda-feira-destaques-va\/#primaryimage","url":"https:\/\/files.sunoresearch.com.br\/n\/uploads\/2023\/10\/bolsa-mercado-ibovespa-acoes-celular-variacao.jpg","contentUrl":"https:\/\/files.sunoresearch.com.br\/n\/uploads\/2023\/10\/bolsa-mercado-ibovespa-acoes-celular-variacao.jpg","width":1200,"height":800,"caption":"PetroRec\u00f4ncavo (RECV3) e Braskem (BRKM5) agitam o mercado-Foto: iStock"},{"@type":"BreadcrumbList","@id":"https:\/\/www.suno.com.br\/noticias\/petroreconcavo-recv3-alupar-alup11-braskem-brkm5-mercado-segunda-feira-destaques-va\/#breadcrumb","itemListElement":[{"@type":"ListItem","position":1,"name":"Not\u00edcias","item":"https:\/\/www.suno.com.br\/noticias\/"},{"@type":"ListItem","position":2,"name":"Neg\u00f3cios","item":"https:\/\/www.suno.com.br\/noticias\/negocios\/"},{"@type":"ListItem","position":3,"name":"PetroRec\u00f4ncavo (RECV3), Alupar (ALUP11) e Braskem (BRKM5) agitam o mercado nesta segunda-feira; veja mais destaques\u00a0"}]},{"@type":"WebSite","@id":"https:\/\/www.suno.com.br\/noticias\/#website","url":"https:\/\/www.suno.com.br\/noticias\/","name":"Suno Not\u00edcias","description":"Seu portal de informa\u00e7\u00e3o sobre o mundo dos investimentos","publisher":{"@id":"https:\/\/www.suno.com.br\/noticias\/#organization"},"potentialAction":[{"@type":"SearchAction","target":{"@type":"EntryPoint","urlTemplate":"https:\/\/www.suno.com.br\/noticias\/?s={search_term_string}"},"query-input":{"@type":"PropertyValueSpecification","valueRequired":true,"valueName":"search_term_string"}}],"inLanguage":"pt-BR"},{"@type":"Organization","@id":"https:\/\/www.suno.com.br\/noticias\/#organization","name":"Suno Not\u00edcias","url":"https:\/\/www.suno.com.br\/noticias\/","logo":{"@type":"ImageObject","inLanguage":"pt-BR","@id":"https:\/\/www.suno.com.br\/noticias\/#\/schema\/logo\/image\/","url":"https:\/\/files.sunoresearch.com.br\/n\/uploads\/2021\/09\/suno-logo.png","contentUrl":"https:\/\/files.sunoresearch.com.br\/n\/uploads\/2021\/09\/suno-logo.png","width":180,"height":180,"caption":"Suno Not\u00edcias"},"image":{"@id":"https:\/\/www.suno.com.br\/noticias\/#\/schema\/logo\/image\/"},"sameAs":["https:\/\/facebook.com\/sunoresearch","https:\/\/x.com\/sunoresearch","https:\/\/www.instagram.com\/suno","https:\/\/www.linkedin.com\/company\/suno-research\/","https:\/\/www.youtube.com\/c\/sunoresearch"]},{"@type":"Person","@id":"https:\/\/www.suno.com.br\/noticias\/#\/schema\/person\/4a180549702d0e236b3e420862bcded3","name":"Vin\u00edcius Alves","image":{"@type":"ImageObject","inLanguage":"pt-BR","@id":"https:\/\/www.suno.com.br\/noticias\/#\/schema\/person\/image\/","url":"https:\/\/secure.gravatar.com\/avatar\/a95b7fe6d1b813f7907d4f476d5a39e1?s=96&r=g","contentUrl":"https:\/\/secure.gravatar.com\/avatar\/a95b7fe6d1b813f7907d4f476d5a39e1?s=96&r=g","caption":"Vin\u00edcius Alves"},"description":"Jornalista formado na Faculdade C\u00e1sper L\u00edbero. Com passagens pela Ag\u00eancia Estado, InfoMoney e Editora Globo.","url":"https:\/\/www.suno.com.br\/noticias\/author\/vini08correiagmail-com\/"}]}},"default_loop_html":"<div class=\"cardsPage__listCard__boxs\"><div class=\"cardsPage__listCard__boxs__img\"><a href=\"https:\/\/www.suno.com.br\/noticias\/petroreconcavo-recv3-alupar-alup11-braskem-brkm5-mercado-segunda-feira-destaques-va\/\"><img class=\"mask\" src=\"https:\/\/www.suno.com.br\/noticias\/wp-content\/themes\/suno\/resources\/images\/spotlight\/spotlight1img\/bg-mask.png\" alt=\"Image Mask\"\/><img src=\"https:\/\/files.sunoresearch.com.br\/n\/uploads\/2023\/10\/bolsa-mercado-ibovespa-acoes-celular-variacao-400x200.jpg\" alt=\"PetroRec\u00f4ncavo (RECV3), Alupar (ALUP11) e Braskem (BRKM5) agitam o mercado nesta segunda-feira; veja mais destaques\u00a0\"\/><\/a><span class=\"spotlightCategory\"><a href=\"https:\/\/www.suno.com.br\/noticias\/negocios\/\">Neg\u00f3cios<\/a><\/span><\/div><div class=\"cardsPage__listCard__boxs__content\"><a href=\"https:\/\/www.suno.com.br\/noticias\/petroreconcavo-recv3-alupar-alup11-braskem-brkm5-mercado-segunda-feira-destaques-va\/\"><h2 class=\"content__title\">PetroRec\u00f4ncavo (RECV3), Alupar (ALUP11) e Braskem (BRKM5) agitam o mercado nesta segunda-feira; veja mais destaques\u00a0<\/h2><\/a><div class=\"newsContent__article__meta\"><div class=\"newsContent__article__meta__authorBox\"><a href=\"https:\/\/www.suno.com.br\/noticias\/author\/vini08correiagmail-com\/\" class=\"authorBox__avatar noMobi\"><img src=\"https:\/\/files.sunoresearch.com.br\/n\/uploads\/2026\/04\/WhatsApp-Image-2026-04-20-at-19.35.48-150x150.webp\" alt=\"Vin\u00edcius Alves\"><\/a><div class=\"authorBox__name\"><span>por\n\t\t\t<a href=\"https:\/\/www.suno.com.br\/noticias\/author\/vini08correiagmail-com\/\"><span itemprop=\"author\">Vin\u00edcius Alves<\/span><\/a><\/span><time datetime=\"2024-02-19T11:10:51-03:00\" itemprop=\"datePublished\">19\/02\/2024 11:10<\/time><\/div><\/div><\/div><\/div><\/div>","single_layout":"posts","amp_enabled":true,"_links":{"self":[{"href":"https:\/\/www.suno.com.br\/noticias\/wp-json\/wp\/v2\/posts\/524227"}],"collection":[{"href":"https:\/\/www.suno.com.br\/noticias\/wp-json\/wp\/v2\/posts"}],"about":[{"href":"https:\/\/www.suno.com.br\/noticias\/wp-json\/wp\/v2\/types\/post"}],"author":[{"embeddable":true,"href":"https:\/\/www.suno.com.br\/noticias\/wp-json\/wp\/v2\/users\/301"}],"replies":[{"embeddable":true,"href":"https:\/\/www.suno.com.br\/noticias\/wp-json\/wp\/v2\/comments?post=524227"}],"version-history":[{"count":3,"href":"https:\/\/www.suno.com.br\/noticias\/wp-json\/wp\/v2\/posts\/524227\/revisions"}],"predecessor-version":[{"id":524235,"href":"https:\/\/www.suno.com.br\/noticias\/wp-json\/wp\/v2\/posts\/524227\/revisions\/524235"}],"wp:featuredmedia":[{"embeddable":true,"href":"https:\/\/www.suno.com.br\/noticias\/wp-json\/wp\/v2\/media\/473494"}],"wp:attachment":[{"href":"https:\/\/www.suno.com.br\/noticias\/wp-json\/wp\/v2\/media?parent=524227"}],"wp:term":[{"taxonomy":"category","embeddable":true,"href":"https:\/\/www.suno.com.br\/noticias\/wp-json\/wp\/v2\/categories?post=524227"},{"taxonomy":"post_tag","embeddable":true,"href":"https:\/\/www.suno.com.br\/noticias\/wp-json\/wp\/v2\/tags?post=524227"},{"taxonomy":"suno_strategy","embeddable":true,"href":"https:\/\/www.suno.com.br\/noticias\/wp-json\/wp\/v2\/suno_strategy?post=524227"}],"curies":[{"name":"wp","href":"https:\/\/api.w.org\/{rel}","templated":true}]}}