{"id":524182,"date":"2024-02-19T12:14:00","date_gmt":"2024-02-19T15:14:00","guid":{"rendered":"https:\/\/www.suno.com.br\/noticias\/?p=524182"},"modified":"2024-02-19T12:14:05","modified_gmt":"2024-02-19T15:14:05","slug":"ibc-br-previa-pib-dezembro-banco-central-evm","status":"publish","type":"post","link":"https:\/\/www.suno.com.br\/noticias\/ibc-br-previa-pib-dezembro-banco-central-evm\/","title":{"rendered":"IBC-Br: Pr\u00e9via do PIB sobe 0,82% em dezembro, mostra BC"},"content":{"rendered":"<p>A economia brasileira avan\u00e7ou em dezembro de 2023, conforme o <a href=\"https:\/\/www.suno.com.br\/artigos\/ibc-br\/\">\u00cdndice de Atividade Econ\u00f4mica do Banco Central, o <strong>IBC-Br<\/strong><\/a>.<\/p><div class=\"videoFull \">\n\t\t\t<div class=\"videoWrapper yt-lazyload center\"\n\t\t\t\tdata-width=\"960\"\n\t\t\t\tdata-height=\"540\"\n\t\t\t\tdata-id=\"cL5FDj0XFt4\"\n\t\t\t\tdata-alt=\"V\u00eddeo do YouTube - clique para reproduzir\"\n\t\t\t\tdata-logo=\"3\"\n\t\t\t\tdata-imagequality=\"maxres\">\n\t\t\t<\/div>\n\t\t<\/div><script type=\"application\/ld+json\">{\"@context\":\"https:\/\/schema.org\",\"@type\":\"VideoObject\",\"name\":\"\ud83d\udd34 BRASKEM (BRKM5) E PETROBRAS (PETR4) DISPARAM | Ibovespa sobe | Dividendos BBSE3\",\"description\":\"#mercadofinanceiro #a\u00e7\u00f5es #investimentos #bolsadevalores #ibovespa #dinheiro #finan\u00e7as #pol\u00edtica #d\u00f3lar #livedas19h #petr4 #petr3 #petrobras #vale3 #vale #a\u00e7\u00f5es #economia #dividendos #min\u00e9riodeferro #petr\u00f3leo #commodities #braskem #brkm5 #bbseguridade #bbse3 #gal\u00edpolo #d\u00e9ficit \ud83e\udd11 APROVEITE POR TEMPO LIMITADO A ASSINATURA SUNO PREMIUM POR APENAS R$1,00 \ud83d\udc49 https:\/\/suno.me\/3SSwe1H 00:00 In\u00edcio do v\u00eddeo 01:35 Fechamento de mercado 05:15 Braskem ser\u00e1 vendida? 09:50 BBSE3\u2026\",\"duration\":\"PT21M49S\",\"embedUrl\":\"https:\/\/www.youtube.com\/embed\/cL5FDj0XFt4\",\"regionsAllowed\":\"en-US\",\"interactionStatistic\":{\"@type\":\"InteractionCounter\",\"interactionType\":{\"@type\":\"WatchAction\"},\"userInteractionCount\":2402},\"thumbnailUrl\":\"https:\/\/i.ytimg.com\/vi\/cL5FDj0XFt4\/default.jpg\",\"uploadDate\":\"2024-02-17T10:27:09Z\"}<\/script>\n\n\n\n\n\n\n\t<p>\n\t\t<a href=\"\" target=\"_blank\" data-element=\"shortcode-suno-banner\" title=\"Banner SUNO, clique e saiba mais\">\n\t\t\t<picture>\n\t\t\t\t<source media=\"(max-width: 500px)\" srcset=\"\">\n\t\t\t\t<img class=\"newsContent__article__imgCapa newsContent__article__imgCapa--banner\"\n\t\t\t\t\tsrc=\"\"\n\t\t\t\t\tdata-promo-id=\"240038\"\t\t\t\t\t\t\t\t\t\t\t\t\t\t\talt=\"\"\n\t\t\t\t>\n\t\t\t<\/picture>\n\t\t<\/a>\n\t<\/p>\n\n\n\n\n\n<p>Conforme os dados do <strong><a href=\"https:\/\/www.suno.com.br\/artigos\/bacen\/\">Banco Central (BC)<\/a><\/strong>, o <strong>IBC-Br subiu 0,82%<\/strong>, na s\u00e9rie livre de efeitos sazonais. No m\u00eas anterior, a alta havia sido de 0,09% (dado atualizado hoje).<\/p>\n\n\n\n<p>De novembro para dezembro, o \u00edndice de atividade calculado pelo Banco Central passou de 146,43 pontos para 147,63 pontos na s\u00e9rie dessazonalizada. O resultado \u00e9 o pior desde abril do ano passado, quando o indicador pontuou 148,93.<\/p>\n\n\n\n<p>O dado do IBC-Br veio em linha com a mediana das expectativas coletadas pelo Proje\u00e7\u00f5es Broadcast, de avan\u00e7o de 0,80% no indicador no m\u00eas. O intervalo das estimativas ia de alta de 0,10% a crescimento de 1,70%.<\/p>\n\n\n\n<p>J\u00e1 na compara\u00e7\u00e3o entre os meses de dezembro de 2023 e de 2022, houve crescimento de 1,36% na s\u00e9rie sem ajustes sazonais. Esta s\u00e9rie registrou 144,13 pontos no \u00faltimo m\u00eas do ano passado, o melhor desempenho para o m\u00eas desde 2014, quando ficou em 145,48 pontos.<\/p>\n\n\n\n<p>O indicador de dezembro ante o mesmo m\u00eas de 2022 ficou bem acima da mediana de avan\u00e7o de 0,55% da pesquisa do Proje\u00e7\u00f5es Broadcast. As expectativas coletadas no levantamento variavam de queda de 0,40% a eleva\u00e7\u00e3o de 2,90%.<\/p>\n\n\n\t<p>\n\t\t<a href=\"https:\/\/lp.suno.com.br\/ebook-gratuito-investindo-no-exterior\/\" target=\"_blank\" data-element=\"shortcode-suno-banner\" title=\"Banner SUNO, clique e saiba mais\">\n\t\t\t<picture>\n\t\t\t\t<source media=\"(max-width: 500px)\" srcset=\"https:\/\/files.sunoresearch.com.br\/n\/uploads\/2023\/03\/400x300-Investindo-no-exterior.png\">\n\t\t\t\t<img class=\"newsContent__article__imgCapa newsContent__article__imgCapa--banner\"\n\t\t\t\t\tsrc=\"https:\/\/files.sunoresearch.com.br\/n\/uploads\/2023\/03\/1420x240-Investindo-no-exterior.png\"\n\t\t\t\t\tdata-promo-id=\"383161\"\t\t\t\t\t\t\t\t\t\twidth='1420' height='240'\t\t\t\t\talt=\"https:\/\/files.sunoresearch.com.br\/n\/uploads\/2023\/03\/1420x240-Investindo-no-exterior.png\"\n\t\t\t\t>\n\t\t\t<\/picture>\n\t\t<\/a>\n\t<\/p>\n\n\n\n\n\n<h2 class=\"wp-block-heading\">Revis\u00e3o do IBC-Br<\/h2>\n\n\n\n<p>O Banco Central revisou dados do IBC-Br na margem, na s\u00e9rie com ajuste. Para novembro, o indicador passou de +0,01% para +0,09%. O resultado de outubro passou de -0,18% para +0,05%, enquanto o de setembro passou de -0,03% para +0,03%.<\/p>\n\n\n\n<p>O indicador de agosto passou de -0,68% para -0,57%. Em rela\u00e7\u00e3o a julho, passou de +0,36% para +0,31%. O resultado de junho passou de +0,33% para +0,26%.<\/p>\n\n\n\n<p>Conhecido como uma esp\u00e9cie de &#8220;pr\u00e9via do BC&#8221; para o <a class=\"suno-keyword\" data-force=\"no\" data-priority=\"2\" href=\"https:\/\/www.suno.com.br\/artigos\/pib-produto-interno-bruto\/\" target=\"_blank\" rel=\"noopener\">Produto Interno Bruto (PIB)<\/a>, o <strong>IBC-Br<\/strong> serve mais precisamente como par\u00e2metro para avaliar o ritmo da economia brasileira ao longo dos meses.<\/p>\n\n\n\n<p>Com Estad\u00e3o Conte\u00fado<\/p>\n\n\n\t<p>\n\t\t<a href=\"https:\/\/lp.suno.com.br\/planilha-da-vida-financeira\/\" target=\"_blank\" data-element=\"shortcode-suno-banner\" title=\"Banner SUNO, clique e saiba mais\">\n\t\t\t<picture>\n\t\t\t\t<source media=\"(max-width: 500px)\" srcset=\"https:\/\/files.sunoresearch.com.br\/n\/uploads\/2023\/04\/400x300-Planilha-vida-financeira-true.png\">\n\t\t\t\t<img class=\"newsContent__article__imgCapa newsContent__article__imgCapa--banner\"\n\t\t\t\t\tsrc=\"https:\/\/files.sunoresearch.com.br\/n\/uploads\/2023\/04\/1420x240-Planilha-vida-financeira-true.png\"\n\t\t\t\t\tdata-promo-id=\"383123\"\t\t\t\t\t\t\t\t\t\twidth='1420' height='240'\t\t\t\t\talt=\"https:\/\/files.sunoresearch.com.br\/n\/uploads\/2023\/04\/1420x240-Planilha-vida-financeira-true.png\"\n\t\t\t\t>\n\t\t\t<\/picture>\n\t\t<\/a>\n\t<\/p>\n\n\n","protected":false},"excerpt":{"rendered":"<p>A economia brasileira avan\u00e7ou em dezembro de 2023, conforme o \u00cdndice de Atividade Econ\u00f4mica do Banco Central, o IBC-Br. Conforme os dados do Banco Central (BC), o IBC-Br subiu 0,82%, na s\u00e9rie livre de efeitos sazonais. No m\u00eas anterior, a alta havia sido de 0,09% (dado atualizado hoje). De novembro para dezembro, o \u00edndice de [&hellip;]<\/p>\n","protected":false},"author":73,"featured_media":459389,"comment_status":"closed","ping_status":"closed","sticky":false,"template":"","format":"standard","meta":[],"categories":[62],"tags":[106444,1842,1637],"suno_strategy":[],"class_list":["post-524182","post","type-post","status-publish","format-standard","has-post-thumbnail","hentry","category-economia","tag-agencias","tag-banco-central-bc","tag-crescimento-economico"],"yoast_head":"<!-- This site is optimized with the Yoast SEO plugin v24.4 - https:\/\/yoast.com\/wordpress\/plugins\/seo\/ -->\n<title>IBC-Br: Pr\u00e9via do PIB sobe 0,82% em dezembro, mostra BC<\/title>\n<meta name=\"description\" content=\"Conforme os dados do Banco Central, o IBC-Br subiu 0,82%, na s\u00e9rie livre de efeitos sazonais; no m\u00eas anterior, a alta havia sido de 0,09%\" \/>\n<meta name=\"robots\" content=\"index, follow, max-snippet:-1, max-image-preview:large, max-video-preview:-1\" \/>\n<link rel=\"canonical\" href=\"https:\/\/www.suno.com.br\/noticias\/ibc-br-previa-pib-dezembro-banco-central-evm\/\" \/>\n<meta property=\"og:locale\" content=\"pt_BR\" \/>\n<meta property=\"og:type\" content=\"article\" \/>\n<meta property=\"og:title\" content=\"IBC-Br: Pr\u00e9via do PIB sobe 0,82% em dezembro, mostra BC\" \/>\n<meta property=\"og:description\" content=\"Conforme os dados do Banco Central, o IBC-Br subiu 0,82%, na s\u00e9rie livre de efeitos sazonais; no m\u00eas anterior, a alta havia sido de 0,09%\" \/>\n<meta property=\"og:url\" content=\"https:\/\/www.suno.com.br\/noticias\/ibc-br-previa-pib-dezembro-banco-central-evm\/\" \/>\n<meta property=\"og:site_name\" content=\"Suno Not\u00edcias\" \/>\n<meta property=\"article:publisher\" content=\"https:\/\/facebook.com\/sunoresearch\" \/>\n<meta property=\"og:image\" content=\"https:\/\/files.sunoresearch.com.br\/n\/uploads\/2023\/09\/Banco-Central.jpg\" \/>\n\t<meta property=\"og:image:width\" content=\"1280\" \/>\n\t<meta property=\"og:image:height\" content=\"853\" \/>\n\t<meta property=\"og:image:type\" content=\"image\/jpeg\" \/>\n<meta name=\"author\" content=\"Eduardo Vargas\" \/>\n<meta name=\"twitter:card\" content=\"summary_large_image\" \/>\n<meta name=\"twitter:creator\" content=\"@sunoresearch\" \/>\n<meta name=\"twitter:site\" content=\"@sunoresearch\" \/>\n<meta name=\"twitter:label1\" content=\"Escrito por\" \/>\n\t<meta name=\"twitter:data1\" content=\"Eduardo Vargas\" \/>\n\t<meta name=\"twitter:label2\" content=\"Est. tempo de leitura\" \/>\n\t<meta name=\"twitter:data2\" content=\"2 minutos\" \/>\n<script type=\"application\/ld+json\" class=\"yoast-schema-graph\">{\"@context\":\"https:\/\/schema.org\",\"@graph\":[{\"@type\":\"NewsArticle\",\"@id\":\"https:\/\/www.suno.com.br\/noticias\/ibc-br-previa-pib-dezembro-banco-central-evm\/#article\",\"isPartOf\":{\"@id\":\"https:\/\/www.suno.com.br\/noticias\/ibc-br-previa-pib-dezembro-banco-central-evm\/\"},\"author\":{\"name\":\"Eduardo Vargas\",\"@id\":\"https:\/\/www.suno.com.br\/noticias\/#\/schema\/person\/7f4d362bf3518e76090143ae77bb49a5\"},\"headline\":\"IBC-Br: Pr\u00e9via do PIB sobe 0,82% em dezembro, mostra BC\",\"datePublished\":\"2024-02-19T15:14:00+00:00\",\"dateModified\":\"2024-02-19T15:14:05+00:00\",\"mainEntityOfPage\":{\"@id\":\"https:\/\/www.suno.com.br\/noticias\/ibc-br-previa-pib-dezembro-banco-central-evm\/\"},\"wordCount\":327,\"publisher\":{\"@id\":\"https:\/\/www.suno.com.br\/noticias\/#organization\"},\"image\":{\"@id\":\"https:\/\/www.suno.com.br\/noticias\/ibc-br-previa-pib-dezembro-banco-central-evm\/#primaryimage\"},\"thumbnailUrl\":\"https:\/\/files.sunoresearch.com.br\/n\/uploads\/2023\/09\/Banco-Central.jpg\",\"keywords\":[\"Ag\u00eancias\",\"Banco Central (BC)\",\"crescimento econ\u00f4mico\"],\"articleSection\":[\"Economia\"],\"inLanguage\":\"pt-BR\"},{\"@type\":\"WebPage\",\"@id\":\"https:\/\/www.suno.com.br\/noticias\/ibc-br-previa-pib-dezembro-banco-central-evm\/\",\"url\":\"https:\/\/www.suno.com.br\/noticias\/ibc-br-previa-pib-dezembro-banco-central-evm\/\",\"name\":\"IBC-Br: Pr\u00e9via do PIB sobe 0,82% em dezembro, mostra BC\",\"isPartOf\":{\"@id\":\"https:\/\/www.suno.com.br\/noticias\/#website\"},\"primaryImageOfPage\":{\"@id\":\"https:\/\/www.suno.com.br\/noticias\/ibc-br-previa-pib-dezembro-banco-central-evm\/#primaryimage\"},\"image\":{\"@id\":\"https:\/\/www.suno.com.br\/noticias\/ibc-br-previa-pib-dezembro-banco-central-evm\/#primaryimage\"},\"thumbnailUrl\":\"https:\/\/files.sunoresearch.com.br\/n\/uploads\/2023\/09\/Banco-Central.jpg\",\"datePublished\":\"2024-02-19T15:14:00+00:00\",\"dateModified\":\"2024-02-19T15:14:05+00:00\",\"description\":\"Conforme os dados do Banco Central, o IBC-Br subiu 0,82%, na s\u00e9rie livre de efeitos sazonais; no m\u00eas anterior, a alta havia sido de 0,09%\",\"breadcrumb\":{\"@id\":\"https:\/\/www.suno.com.br\/noticias\/ibc-br-previa-pib-dezembro-banco-central-evm\/#breadcrumb\"},\"inLanguage\":\"pt-BR\",\"potentialAction\":[{\"@type\":\"ReadAction\",\"target\":[\"https:\/\/www.suno.com.br\/noticias\/ibc-br-previa-pib-dezembro-banco-central-evm\/\"]}]},{\"@type\":\"ImageObject\",\"inLanguage\":\"pt-BR\",\"@id\":\"https:\/\/www.suno.com.br\/noticias\/ibc-br-previa-pib-dezembro-banco-central-evm\/#primaryimage\",\"url\":\"https:\/\/files.sunoresearch.com.br\/n\/uploads\/2023\/09\/Banco-Central.jpg\",\"contentUrl\":\"https:\/\/files.sunoresearch.com.br\/n\/uploads\/2023\/09\/Banco-Central.jpg\",\"width\":1280,\"height\":853,\"caption\":\"Banco Central - Foto: Marcello Casal jr\/Ag\u00eancia Brasil\"},{\"@type\":\"BreadcrumbList\",\"@id\":\"https:\/\/www.suno.com.br\/noticias\/ibc-br-previa-pib-dezembro-banco-central-evm\/#breadcrumb\",\"itemListElement\":[{\"@type\":\"ListItem\",\"position\":1,\"name\":\"Not\u00edcias\",\"item\":\"https:\/\/www.suno.com.br\/noticias\/\"},{\"@type\":\"ListItem\",\"position\":2,\"name\":\"Economia\",\"item\":\"https:\/\/www.suno.com.br\/noticias\/economia\/\"},{\"@type\":\"ListItem\",\"position\":3,\"name\":\"IBC-Br: Pr\u00e9via do PIB sobe 0,82% em dezembro, mostra BC\"}]},{\"@type\":\"WebSite\",\"@id\":\"https:\/\/www.suno.com.br\/noticias\/#website\",\"url\":\"https:\/\/www.suno.com.br\/noticias\/\",\"name\":\"Suno Not\u00edcias\",\"description\":\"Seu portal de informa\u00e7\u00e3o sobre o mundo dos investimentos\",\"publisher\":{\"@id\":\"https:\/\/www.suno.com.br\/noticias\/#organization\"},\"potentialAction\":[{\"@type\":\"SearchAction\",\"target\":{\"@type\":\"EntryPoint\",\"urlTemplate\":\"https:\/\/www.suno.com.br\/noticias\/?s={search_term_string}\"},\"query-input\":{\"@type\":\"PropertyValueSpecification\",\"valueRequired\":true,\"valueName\":\"search_term_string\"}}],\"inLanguage\":\"pt-BR\"},{\"@type\":\"Organization\",\"@id\":\"https:\/\/www.suno.com.br\/noticias\/#organization\",\"name\":\"Suno Not\u00edcias\",\"url\":\"https:\/\/www.suno.com.br\/noticias\/\",\"logo\":{\"@type\":\"ImageObject\",\"inLanguage\":\"pt-BR\",\"@id\":\"https:\/\/www.suno.com.br\/noticias\/#\/schema\/logo\/image\/\",\"url\":\"https:\/\/files.sunoresearch.com.br\/n\/uploads\/2021\/09\/suno-logo.png\",\"contentUrl\":\"https:\/\/files.sunoresearch.com.br\/n\/uploads\/2021\/09\/suno-logo.png\",\"width\":180,\"height\":180,\"caption\":\"Suno Not\u00edcias\"},\"image\":{\"@id\":\"https:\/\/www.suno.com.br\/noticias\/#\/schema\/logo\/image\/\"},\"sameAs\":[\"https:\/\/facebook.com\/sunoresearch\",\"https:\/\/x.com\/sunoresearch\",\"https:\/\/www.instagram.com\/suno\",\"https:\/\/www.linkedin.com\/company\/suno-research\/\",\"https:\/\/www.youtube.com\/c\/sunoresearch\"]},{\"@type\":\"Person\",\"@id\":\"https:\/\/www.suno.com.br\/noticias\/#\/schema\/person\/7f4d362bf3518e76090143ae77bb49a5\",\"name\":\"Eduardo Vargas\",\"image\":{\"@type\":\"ImageObject\",\"inLanguage\":\"pt-BR\",\"@id\":\"https:\/\/www.suno.com.br\/noticias\/#\/schema\/person\/image\/\",\"url\":\"https:\/\/secure.gravatar.com\/avatar\/dac340933427a22924c9f99d1eb2e3f2?s=96&r=g\",\"contentUrl\":\"https:\/\/secure.gravatar.com\/avatar\/dac340933427a22924c9f99d1eb2e3f2?s=96&r=g\",\"caption\":\"Eduardo Vargas\"},\"description\":\"Jornalista formado pela UFSC, cobre macroeconomia, neg\u00f3cios e startups para o Suno Not\u00edcias, escrevendo principalmente not\u00edcias sobre o mercado financeiro e a bolsa de valores. No YouTube e no Instagram, \u00e9 respons\u00e1vel pela produ\u00e7\u00e3o de Reels e Shorts do Suno Not\u00edcias. Anteriormente, trabalhou cobrindo economia e cotidiano no ND+ e para o ND, maior jornal impresso de Santa Catarina. Cursou um semestre letivo de Estudos de M\u00eddia na Universidad de Buenos Aires.\",\"url\":\"https:\/\/www.suno.com.br\/noticias\/author\/eduardo-vargas\/\"}]}<\/script>\n<!-- \/ Yoast SEO plugin. -->","yoast_head_json":{"title":"IBC-Br: Pr\u00e9via do PIB sobe 0,82% em dezembro, mostra BC","description":"Conforme os dados do Banco Central, o IBC-Br subiu 0,82%, na s\u00e9rie livre de efeitos sazonais; no m\u00eas anterior, a alta havia sido de 0,09%","robots":{"index":"index","follow":"follow","max-snippet":"max-snippet:-1","max-image-preview":"max-image-preview:large","max-video-preview":"max-video-preview:-1"},"canonical":"https:\/\/www.suno.com.br\/noticias\/ibc-br-previa-pib-dezembro-banco-central-evm\/","og_locale":"pt_BR","og_type":"article","og_title":"IBC-Br: Pr\u00e9via do PIB sobe 0,82% em dezembro, mostra BC","og_description":"Conforme os dados do Banco Central, o IBC-Br subiu 0,82%, na s\u00e9rie livre de efeitos sazonais; no m\u00eas anterior, a alta havia sido de 0,09%","og_url":"https:\/\/www.suno.com.br\/noticias\/ibc-br-previa-pib-dezembro-banco-central-evm\/","og_site_name":"Suno Not\u00edcias","article_publisher":"https:\/\/facebook.com\/sunoresearch","og_image":[{"width":1280,"height":853,"url":"https:\/\/files.sunoresearch.com.br\/n\/uploads\/2023\/09\/Banco-Central.jpg","type":"image\/jpeg"}],"author":"Eduardo Vargas","twitter_card":"summary_large_image","twitter_creator":"@sunoresearch","twitter_site":"@sunoresearch","twitter_misc":{"Escrito por":"Eduardo Vargas","Est. tempo de leitura":"2 minutos"},"schema":{"@context":"https:\/\/schema.org","@graph":[{"@type":"NewsArticle","@id":"https:\/\/www.suno.com.br\/noticias\/ibc-br-previa-pib-dezembro-banco-central-evm\/#article","isPartOf":{"@id":"https:\/\/www.suno.com.br\/noticias\/ibc-br-previa-pib-dezembro-banco-central-evm\/"},"author":{"name":"Eduardo Vargas","@id":"https:\/\/www.suno.com.br\/noticias\/#\/schema\/person\/7f4d362bf3518e76090143ae77bb49a5"},"headline":"IBC-Br: Pr\u00e9via do PIB sobe 0,82% em dezembro, mostra BC","datePublished":"2024-02-19T15:14:00+00:00","dateModified":"2024-02-19T15:14:05+00:00","mainEntityOfPage":{"@id":"https:\/\/www.suno.com.br\/noticias\/ibc-br-previa-pib-dezembro-banco-central-evm\/"},"wordCount":327,"publisher":{"@id":"https:\/\/www.suno.com.br\/noticias\/#organization"},"image":{"@id":"https:\/\/www.suno.com.br\/noticias\/ibc-br-previa-pib-dezembro-banco-central-evm\/#primaryimage"},"thumbnailUrl":"https:\/\/files.sunoresearch.com.br\/n\/uploads\/2023\/09\/Banco-Central.jpg","keywords":["Ag\u00eancias","Banco Central (BC)","crescimento econ\u00f4mico"],"articleSection":["Economia"],"inLanguage":"pt-BR"},{"@type":"WebPage","@id":"https:\/\/www.suno.com.br\/noticias\/ibc-br-previa-pib-dezembro-banco-central-evm\/","url":"https:\/\/www.suno.com.br\/noticias\/ibc-br-previa-pib-dezembro-banco-central-evm\/","name":"IBC-Br: Pr\u00e9via do PIB sobe 0,82% em dezembro, mostra BC","isPartOf":{"@id":"https:\/\/www.suno.com.br\/noticias\/#website"},"primaryImageOfPage":{"@id":"https:\/\/www.suno.com.br\/noticias\/ibc-br-previa-pib-dezembro-banco-central-evm\/#primaryimage"},"image":{"@id":"https:\/\/www.suno.com.br\/noticias\/ibc-br-previa-pib-dezembro-banco-central-evm\/#primaryimage"},"thumbnailUrl":"https:\/\/files.sunoresearch.com.br\/n\/uploads\/2023\/09\/Banco-Central.jpg","datePublished":"2024-02-19T15:14:00+00:00","dateModified":"2024-02-19T15:14:05+00:00","description":"Conforme os dados do Banco Central, o IBC-Br subiu 0,82%, na s\u00e9rie livre de efeitos sazonais; no m\u00eas anterior, a alta havia sido de 0,09%","breadcrumb":{"@id":"https:\/\/www.suno.com.br\/noticias\/ibc-br-previa-pib-dezembro-banco-central-evm\/#breadcrumb"},"inLanguage":"pt-BR","potentialAction":[{"@type":"ReadAction","target":["https:\/\/www.suno.com.br\/noticias\/ibc-br-previa-pib-dezembro-banco-central-evm\/"]}]},{"@type":"ImageObject","inLanguage":"pt-BR","@id":"https:\/\/www.suno.com.br\/noticias\/ibc-br-previa-pib-dezembro-banco-central-evm\/#primaryimage","url":"https:\/\/files.sunoresearch.com.br\/n\/uploads\/2023\/09\/Banco-Central.jpg","contentUrl":"https:\/\/files.sunoresearch.com.br\/n\/uploads\/2023\/09\/Banco-Central.jpg","width":1280,"height":853,"caption":"Banco Central - Foto: Marcello Casal jr\/Ag\u00eancia Brasil"},{"@type":"BreadcrumbList","@id":"https:\/\/www.suno.com.br\/noticias\/ibc-br-previa-pib-dezembro-banco-central-evm\/#breadcrumb","itemListElement":[{"@type":"ListItem","position":1,"name":"Not\u00edcias","item":"https:\/\/www.suno.com.br\/noticias\/"},{"@type":"ListItem","position":2,"name":"Economia","item":"https:\/\/www.suno.com.br\/noticias\/economia\/"},{"@type":"ListItem","position":3,"name":"IBC-Br: Pr\u00e9via do PIB sobe 0,82% em dezembro, mostra BC"}]},{"@type":"WebSite","@id":"https:\/\/www.suno.com.br\/noticias\/#website","url":"https:\/\/www.suno.com.br\/noticias\/","name":"Suno Not\u00edcias","description":"Seu portal de informa\u00e7\u00e3o sobre o mundo dos investimentos","publisher":{"@id":"https:\/\/www.suno.com.br\/noticias\/#organization"},"potentialAction":[{"@type":"SearchAction","target":{"@type":"EntryPoint","urlTemplate":"https:\/\/www.suno.com.br\/noticias\/?s={search_term_string}"},"query-input":{"@type":"PropertyValueSpecification","valueRequired":true,"valueName":"search_term_string"}}],"inLanguage":"pt-BR"},{"@type":"Organization","@id":"https:\/\/www.suno.com.br\/noticias\/#organization","name":"Suno Not\u00edcias","url":"https:\/\/www.suno.com.br\/noticias\/","logo":{"@type":"ImageObject","inLanguage":"pt-BR","@id":"https:\/\/www.suno.com.br\/noticias\/#\/schema\/logo\/image\/","url":"https:\/\/files.sunoresearch.com.br\/n\/uploads\/2021\/09\/suno-logo.png","contentUrl":"https:\/\/files.sunoresearch.com.br\/n\/uploads\/2021\/09\/suno-logo.png","width":180,"height":180,"caption":"Suno Not\u00edcias"},"image":{"@id":"https:\/\/www.suno.com.br\/noticias\/#\/schema\/logo\/image\/"},"sameAs":["https:\/\/facebook.com\/sunoresearch","https:\/\/x.com\/sunoresearch","https:\/\/www.instagram.com\/suno","https:\/\/www.linkedin.com\/company\/suno-research\/","https:\/\/www.youtube.com\/c\/sunoresearch"]},{"@type":"Person","@id":"https:\/\/www.suno.com.br\/noticias\/#\/schema\/person\/7f4d362bf3518e76090143ae77bb49a5","name":"Eduardo Vargas","image":{"@type":"ImageObject","inLanguage":"pt-BR","@id":"https:\/\/www.suno.com.br\/noticias\/#\/schema\/person\/image\/","url":"https:\/\/secure.gravatar.com\/avatar\/dac340933427a22924c9f99d1eb2e3f2?s=96&r=g","contentUrl":"https:\/\/secure.gravatar.com\/avatar\/dac340933427a22924c9f99d1eb2e3f2?s=96&r=g","caption":"Eduardo Vargas"},"description":"Jornalista formado pela UFSC, cobre macroeconomia, neg\u00f3cios e startups para o Suno Not\u00edcias, escrevendo principalmente not\u00edcias sobre o mercado financeiro e a bolsa de valores. No YouTube e no Instagram, \u00e9 respons\u00e1vel pela produ\u00e7\u00e3o de Reels e Shorts do Suno Not\u00edcias. Anteriormente, trabalhou cobrindo economia e cotidiano no ND+ e para o ND, maior jornal impresso de Santa Catarina. Cursou um semestre letivo de Estudos de M\u00eddia na Universidad de Buenos Aires.","url":"https:\/\/www.suno.com.br\/noticias\/author\/eduardo-vargas\/"}]}},"default_loop_html":"<div class=\"cardsPage__listCard__boxs\"><div class=\"cardsPage__listCard__boxs__img\"><a href=\"https:\/\/www.suno.com.br\/noticias\/ibc-br-previa-pib-dezembro-banco-central-evm\/\"><img class=\"mask\" src=\"https:\/\/www.suno.com.br\/noticias\/wp-content\/themes\/suno\/resources\/images\/spotlight\/spotlight1img\/bg-mask.png\" alt=\"Image Mask\"\/><img src=\"https:\/\/files.sunoresearch.com.br\/n\/uploads\/2023\/09\/Banco-Central-400x200.jpg\" alt=\"IBC-Br: Pr\u00e9via do PIB sobe 0,82% em dezembro, mostra BC\"\/><\/a><span class=\"spotlightCategory\"><a href=\"https:\/\/www.suno.com.br\/noticias\/economia\/\">Economia<\/a><\/span><\/div><div class=\"cardsPage__listCard__boxs__content\"><a href=\"https:\/\/www.suno.com.br\/noticias\/ibc-br-previa-pib-dezembro-banco-central-evm\/\"><h2 class=\"content__title\">IBC-Br: Pr\u00e9via do PIB sobe 0,82% em dezembro, mostra BC<\/h2><\/a><div class=\"newsContent__article__meta\"><div class=\"newsContent__article__meta__authorBox\"><a href=\"https:\/\/www.suno.com.br\/noticias\/author\/eduardo-vargas\/\" class=\"authorBox__avatar noMobi\"><img src=\"https:\/\/secure.gravatar.com\/avatar\/dac340933427a22924c9f99d1eb2e3f2?s=96&#038;r=g\" alt=\"Eduardo Vargas\"><\/a><div class=\"authorBox__name\"><span>por\n\t\t\t<a href=\"https:\/\/www.suno.com.br\/noticias\/author\/eduardo-vargas\/\"><span itemprop=\"author\">Eduardo Vargas<\/span><\/a><\/span><time datetime=\"2024-02-19T12:14:00-03:00\" itemprop=\"datePublished\">19\/02\/2024 12:14<\/time><\/div><\/div><\/div><\/div><\/div>","single_layout":"posts","amp_enabled":true,"_links":{"self":[{"href":"https:\/\/www.suno.com.br\/noticias\/wp-json\/wp\/v2\/posts\/524182"}],"collection":[{"href":"https:\/\/www.suno.com.br\/noticias\/wp-json\/wp\/v2\/posts"}],"about":[{"href":"https:\/\/www.suno.com.br\/noticias\/wp-json\/wp\/v2\/types\/post"}],"author":[{"embeddable":true,"href":"https:\/\/www.suno.com.br\/noticias\/wp-json\/wp\/v2\/users\/73"}],"replies":[{"embeddable":true,"href":"https:\/\/www.suno.com.br\/noticias\/wp-json\/wp\/v2\/comments?post=524182"}],"version-history":[{"count":4,"href":"https:\/\/www.suno.com.br\/noticias\/wp-json\/wp\/v2\/posts\/524182\/revisions"}],"predecessor-version":[{"id":524262,"href":"https:\/\/www.suno.com.br\/noticias\/wp-json\/wp\/v2\/posts\/524182\/revisions\/524262"}],"wp:featuredmedia":[{"embeddable":true,"href":"https:\/\/www.suno.com.br\/noticias\/wp-json\/wp\/v2\/media\/459389"}],"wp:attachment":[{"href":"https:\/\/www.suno.com.br\/noticias\/wp-json\/wp\/v2\/media?parent=524182"}],"wp:term":[{"taxonomy":"category","embeddable":true,"href":"https:\/\/www.suno.com.br\/noticias\/wp-json\/wp\/v2\/categories?post=524182"},{"taxonomy":"post_tag","embeddable":true,"href":"https:\/\/www.suno.com.br\/noticias\/wp-json\/wp\/v2\/tags?post=524182"},{"taxonomy":"suno_strategy","embeddable":true,"href":"https:\/\/www.suno.com.br\/noticias\/wp-json\/wp\/v2\/suno_strategy?post=524182"}],"curies":[{"name":"wp","href":"https:\/\/api.w.org\/{rel}","templated":true}]}}