{"id":524119,"date":"2024-02-19T08:03:14","date_gmt":"2024-02-19T11:03:14","guid":{"rendered":"https:\/\/www.suno.com.br\/noticias\/?p=524119"},"modified":"2024-02-19T11:47:33","modified_gmt":"2024-02-19T14:47:33","slug":"gpa-pcar3-abilio-diniz-empresario-varejo-brasileiro-gpj","status":"publish","type":"post","link":"https:\/\/www.suno.com.br\/noticias\/gpa-pcar3-abilio-diniz-empresario-varejo-brasileiro-gpj\/","title":{"rendered":"GPA (PCAR3) lamenta morte de Abilio e destaca contribui\u00e7\u00e3o de empres\u00e1rio para varejo brasileiro"},"content":{"rendered":"<p>O Grupo <strong>P\u00e3o de A\u00e7\u00facar <\/strong>(<a href=\"https:\/\/statusinvest.com.br\/acoes\/pcar3\">PCAR3<\/a>) emitiu nota lamentando a morte de seu fundador, o empres\u00e1rio Abilio Diniz, que faleceu neste domingo (18). Diniz estava internado h\u00e1 das semanas no hospital Albert Einstein, em S\u00e3o Paulo, tratando uma pneumonia.<\/p>\t<div class=\"wrapper-featured-image\">\n\t\t<figure class=\"spotlightImg\">\n\n\t\t\t<picture>\n\t\t\t\t<source media=\"(max-width: 768px)\" srcset=\"https:\/\/files.sunoresearch.com.br\/n\/uploads\/2023\/02\/abilio-diniz-americanas-lemann-foto-cnnbrasil-400x200.jpg\">\n\t\t\t\t<img loading=\"lazy\" decoding=\"async\" class=\"newsContent__article__imgCapa lazyloadDisabled \" src=\"https:\/\/files.sunoresearch.com.br\/n\/uploads\/2023\/02\/abilio-diniz-americanas-lemann-foto-cnnbrasil-800x450.jpg\" width=\"800\" height=\"450\" alt=\"GPA (PCAR3) lamenta morte de Abilio e destaca contribui\u00e7\u00e3o de empres\u00e1rio para varejo brasileiro\" fetchpriority=high \/>\n\t\t\t<\/picture>\n\n\t\t\t<figcaption class=\"wp-caption-text wp-caption-text--show\">Abilio Diniz, fundador do GPA. Foto: CNN Brasil<\/figcaption>\n\t\t<\/figure>\n\t<\/div>\n\n\n\n\n\n\n\n\t<p>\n\t\t<a href=\"https:\/\/lp.suno.com.br\/planilha-da-vida-financeira\/\" target=\"_blank\" data-element=\"shortcode-suno-banner\" title=\"Banner SUNO, clique e saiba mais\">\n\t\t\t<picture>\n\t\t\t\t<source media=\"(max-width: 500px)\" srcset=\"https:\/\/files.sunoresearch.com.br\/n\/uploads\/2023\/04\/400x300-Planilha-vida-financeira-true.png\">\n\t\t\t\t<img class=\"newsContent__article__imgCapa newsContent__article__imgCapa--banner\"\n\t\t\t\t\tsrc=\"https:\/\/files.sunoresearch.com.br\/n\/uploads\/2023\/04\/1420x240-Planilha-vida-financeira-true.png\"\n\t\t\t\t\tdata-promo-id=\"106682\"\t\t\t\t\t\t\t\t\t\twidth='1420' height='240'\t\t\t\t\talt=\"https:\/\/files.sunoresearch.com.br\/n\/uploads\/2023\/04\/1420x240-Planilha-vida-financeira-true.png\"\n\t\t\t\t>\n\t\t\t<\/picture>\n\t\t<\/a>\n\t<\/p>\n\n\n\n\n\n<p>&#8220;Lamentamos profundamente a perda do <strong>empres\u00e1rio Abilio Diniz<\/strong>. Sua significativa contribui\u00e7\u00e3o para o crescimento e consolida\u00e7\u00e3o do varejo brasileiro \u00e9 ineg\u00e1vel, especialmente pela sua hist\u00f3ria no GPA. Sua lideran\u00e7a e inova\u00e7\u00f5es moldaram o setor, impactando positivamente a economia nacional e inspirou gera\u00e7\u00f5es&#8221;, diz a nota do GPA, enviada pela assessoria de imprensa.<\/p>\n\n\n\n<p>&#8220;Que sua mem\u00f3ria seja honrada e seu legado continue a inspirar o empresariado no Brasil. Nossos sentimentos \u00e0 fam\u00edlia e amigos neste momento dif\u00edcil&#8221;, diz o GPA, em nota.<\/p>\n\n\n\n<p>O empres\u00e1rio foi o <strong>fundador do GPA<\/strong>, no qual comandou at\u00e9 2013, ap\u00f3s fechar acordo com o grupo franc\u00eas <strong>Casino<\/strong>. O conglomerado franc\u00eas, que controla a rede varejista desde 2012, cobrava a sa\u00edda do empres\u00e1rio da presid\u00eancia do conselho desde que Ab\u00edlio passou a comandar tamb\u00e9m o conselho do <strong>BRF<\/strong> (<strong><a href=\"https:\/\/statusinvest.com.br\/acoes\/brfs3\">BRFS3<\/a><\/strong>) &#8211; um dos fornecedores do P\u00e3o de A\u00e7\u00facar. A sua sa\u00edda marcou o fim do conflito.<\/p>\n\n\n\n<h2 class=\"wp-block-heading\">Abilio deixa legado inestim\u00e1vel para a companhia e para o pa\u00eds, diz Carrefour<\/h2>\n\n\n\n<p>O <strong>Carrefour Brasil <\/strong>(<a href=\"https:\/\/statusinvest.com.br\/acoes\/crfb3\">CRFB3<\/a>), que teve Abilio como acionista, tamb\u00e9m lamentou a morte do empres\u00e1rio em nota. &#8220;Ao longo de quase uma d\u00e9cada, o Sr. Ab\u00edlio Diniz empenhou sua vis\u00e3o e habilidade \u00fanicas no desenvolvimento e amadurecimento do <strong>Grupo Carrefour Brasil<\/strong>, deixando um legado inestim\u00e1vel para a companhia e para o pa\u00eds&#8221;, pontuou a companhia.<\/p>\n\n\n\n<p>&#8220;Se hoje o Grupo Carrefour Brasil \u00e9 o maior varejista alimentar do pa\u00eds, isso se deve em grande parte \u00e0 atua\u00e7\u00e3o do Sr. Ab\u00edlio Diniz, um dos maiores e mais respeitados empres\u00e1rios do varejo brasileiro, como administrador e acionista de refer\u00eancia da companhia, por meio de sua empresa de investimentos \u201cPen\u00ednsula\u201d. Mais do que um empreendedor de sucesso, o Sr. Ab\u00edlio Diniz foi um exemplo de dedica\u00e7\u00e3o e amor \u00e0 fam\u00edlia, \u00e0 educa\u00e7\u00e3o, aos esportes, \u00e0 sa\u00fade, \u00e0 espiritualidade e ao Brasil&#8221;, completa o Carrefour.<\/p>\n\n\n\n<p>A companhia informou, ainda, que os cargos ocupados por Ab\u00edlio acima mencionados ficar\u00e3o vagos momentaneamente, at\u00e9 posterior delibera\u00e7\u00e3o pelo conselho de administra\u00e7\u00e3o da companhia.<\/p>\n\n\n\t<p>\n\t\t<a href=\"https:\/\/lp.suno.com.br\/ebook-como-analisar-uma-acao\/\" target=\"_blank\" data-element=\"shortcode-suno-banner\" title=\"Banner SUNO, clique e saiba mais\">\n\t\t\t<picture>\n\t\t\t\t<source media=\"(max-width: 500px)\" srcset=\"https:\/\/files.sunoresearch.com.br\/n\/uploads\/2023\/03\/Ebook-Acoes-Mobile.jpg\">\n\t\t\t\t<img class=\"newsContent__article__imgCapa newsContent__article__imgCapa--banner\"\n\t\t\t\t\tsrc=\"https:\/\/files.sunoresearch.com.br\/n\/uploads\/2023\/03\/Ebook-Acoes-Desktop.jpg\"\n\t\t\t\t\tdata-promo-id=\"378302\"\t\t\t\t\t\t\t\t\t\twidth='1420' height='286'\t\t\t\t\talt=\"https:\/\/files.sunoresearch.com.br\/n\/uploads\/2023\/03\/Ebook-Acoes-Desktop.jpg\"\n\t\t\t\t>\n\t\t\t<\/picture>\n\t\t<\/a>\n\t<\/p>\n\n\n\n\n\n<h2 class=\"wp-block-heading\">Vel\u00f3rio de Abilio Diniz ser\u00e1 nesta segunda-feira no MorumBis, aberto ao p\u00fablico<\/h2>\n\n\n\n<p>O <strong>vel\u00f3rio de Abilio Diniz<\/strong> ocorrer\u00e1 das 11h \u00e0s 15h desta segunda-feira (19), no Sal\u00e3o Nobre do <strong>MorumBis<\/strong>, <strong>est\u00e1dio do S\u00e3o Paulo <\/strong>Futebol Clube, o time do cora\u00e7\u00e3o do empres\u00e1rio. O vel\u00f3rio ser\u00e1 aberto ao p\u00fablico, mas o enterro, cujo local n\u00e3o foi revelado, ser\u00e1 reservado aos familiares.<\/p>\n\n\n\n<p>&#8220;Um dos maiores e mais inovadores empres\u00e1rios do Brasil, Abilio sempre se guiou pelos valores que construiu ao longo de sua vida, pautada pela f\u00e9, pela disciplina, pelo amor \u00e0 fam\u00edlia e ao seu pa\u00eds&#8221;, diz nota divulgada pela fam\u00edlia de Abilio.<\/p>\n\n\n\n<p>&#8220;O empres\u00e1rio deixa cinco filhos, esposa, netos e bisnetos, e ir\u00e1 ao encontro do seu filho Jo\u00e3o Paulo, falecido em 2022. A fam\u00edlia agradece a todas as mensagens de apoio e carinho neste momento t\u00e3o dif\u00edcil&#8221;, diz o comunicado.<\/p>\n\n\n\n<h2 class=\"wp-block-heading\">Quem foi Abilio Diniz?<\/h2>\n\n\n\n<p>Com patrim\u00f4nio estimado em R$ 12 bilh\u00f5es, Abilio Diniz chegou a ser um dos&nbsp;<strong>homens mais ricos do Brasil<\/strong>. Antes de falecer, Abilio figurava como vice-presidente do&nbsp;<a href=\"https:\/\/www.suno.com.br\/artigos\/conselho-administracao\/\" target=\"_blank\" rel=\"noreferrer noopener\">conselho de administra\u00e7\u00e3o<\/a>&nbsp;do&nbsp;<a href=\"https:\/\/www.suno.com.br\/acoes\/CRFB3\/\" target=\"_blank\" rel=\"noreferrer noopener\">Carrefour (CRFB3)<\/a>&nbsp;Brasil.<\/p>\n\n\n\n<p>Os investimentos de Abilio Diniz eram feitos pela sua gestora de&nbsp;<a href=\"https:\/\/www.suno.com.br\/artigos\/recursos-financeiros\/\" target=\"_blank\" rel=\"noreferrer noopener\">recursos financeiros<\/a>, nomeada Pen\u00ednsula, o qual era presidente do <a href=\"https:\/\/www.suno.com.br\/artigos\/conselho-administracao\/\">Conselho de Administra\u00e7\u00e3o<\/a>.<\/p>\n\n\n\n<p>Vale destacar que, ainda em sua carreira como&nbsp;<strong>empres\u00e1rio do varejo<\/strong>, ele comprou \u2013 ainda enquanto era controlador do P\u00e3o de A\u00e7\u00facar \u2013 as Casas Bahia (BHIA3) e o Ponto Frio em uma aquisi\u00e7\u00e3o feita em meados de 2019.<\/p>\n\n\n\n<p>Em uma d\u00e9cada, o grupo varejista chegou a multiplicar por cinco as lojas da rede.<\/p>\n\n\n\n<p>Al\u00e9m de sua relev\u00e2ncia no meio empresarial, Abilio Diniz era conhecido por ser um crist\u00e3o devoto.<\/p>\n\n\n\n<p>Em meados de 1989, o empres\u00e1rio fora sequestrado por criminosos e levado para um sobrado na pra\u00e7a Hachiro Miyazaki, no Jabaquara, em S\u00e3o Paulo. Ele ficou 153 horas no cativeiro, e em declara\u00e7\u00f5es chegou a atribuir sua sobreviv\u00eancia ao epis\u00f3dio \u00e0 sua grande devo\u00e7\u00e3o \u00e0 Nossa Senhora Aparecida do Norte.<\/p>\n\n\n\n<p>Al\u00e9m disso, o empres\u00e1rio sempre foi conhecido por sua assiduidade com a pr\u00e1tica de esportes, dado que mantinha uma r\u00edgida rotina de exerc\u00edcios e era um embaixador desse estilo de vida.<\/p>\n\n\n\n<p>\u201cSe n\u00e3o fa\u00e7o esporte, n\u00e3o me sinto bem\u201d, j\u00e1 declarou o empres\u00e1rio.<\/p>\n\n\n\n<p>O empres\u00e1rio tamb\u00e9m fora um grande adepto dos ensinamentos do psiquiatra Carl Jung, e chegou a declarar que as pessoas n\u00e3o deviam pensar no fim da vida.<\/p>\n\n\n\n<p>\u201cTem que acreditar que \u00e9 eterno, pronto para o que aparecer na vida\u201d, declarou&nbsp;<strong>Abilio Diniz<\/strong>&nbsp;em meados de 2009.<\/p>\n\n\n\n<p><em>*Com informa\u00e7\u00f5es de Estad\u00e3o Conte\u00fado<\/em><\/p>\n\n\n\t<p>\n\t\t<a href=\"https:\/\/lp.suno.com.br\/planilha-da-vida-financeira\/\" target=\"_blank\" data-element=\"shortcode-suno-banner\" title=\"Banner SUNO, clique e saiba mais\">\n\t\t\t<picture>\n\t\t\t\t<source media=\"(max-width: 500px)\" srcset=\"https:\/\/files.sunoresearch.com.br\/n\/uploads\/2023\/04\/400x300-Planilha-vida-financeira-true.png\">\n\t\t\t\t<img class=\"newsContent__article__imgCapa newsContent__article__imgCapa--banner\"\n\t\t\t\t\tsrc=\"https:\/\/files.sunoresearch.com.br\/n\/uploads\/2023\/04\/1420x240-Planilha-vida-financeira-true.png\"\n\t\t\t\t\tdata-promo-id=\"383123\"\t\t\t\t\t\t\t\t\t\twidth='1420' height='240'\t\t\t\t\talt=\"https:\/\/files.sunoresearch.com.br\/n\/uploads\/2023\/04\/1420x240-Planilha-vida-financeira-true.png\"\n\t\t\t\t>\n\t\t\t<\/picture>\n\t\t<\/a>\n\t<\/p>\n\n\n","protected":false},"excerpt":{"rendered":"<p>O Grupo P\u00e3o de A\u00e7\u00facar (PCAR3) emitiu nota lamentando a morte de seu fundador, o empres\u00e1rio Abilio Diniz, que faleceu neste domingo (18). Diniz estava internado h\u00e1 das semanas no hospital Albert Einstein, em S\u00e3o Paulo, tratando uma pneumonia. Abilio Diniz, fundador do GPA. Foto: CNN Brasil &#8220;Lamentamos profundamente a perda do empres\u00e1rio Abilio Diniz. [&hellip;]<\/p>\n","protected":false},"author":313,"featured_media":356352,"comment_status":"closed","ping_status":"closed","sticky":false,"template":"","format":"standard","meta":[],"categories":[64],"tags":[106344,1964],"suno_strategy":[],"class_list":["post-524119","post","type-post","status-publish","format-standard","has-post-thumbnail","hentry","category-negocios","tag-abilio-diniz","tag-grupo-pao-de-acucar-pcar3-pcar4"],"yoast_head":"<!-- This site is optimized with the Yoast SEO plugin v24.4 - https:\/\/yoast.com\/wordpress\/plugins\/seo\/ -->\n<title>GPA (PCAR3) lamenta morte de Abilio e cita legado para varejo<\/title>\n<meta name=\"description\" content=\"O GPA (PCAR3) emitiu nota lamentando a morte de seu fundador, o empres\u00e1rio Abilio Diniz, que faleceu neste domingo (18).\" \/>\n<meta name=\"robots\" content=\"index, follow, max-snippet:-1, max-image-preview:large, max-video-preview:-1\" \/>\n<link rel=\"canonical\" href=\"https:\/\/www.suno.com.br\/noticias\/gpa-pcar3-abilio-diniz-empresario-varejo-brasileiro-gpj\/\" \/>\n<meta property=\"og:locale\" content=\"pt_BR\" \/>\n<meta property=\"og:type\" content=\"article\" \/>\n<meta property=\"og:title\" content=\"GPA (PCAR3) lamenta morte de Abilio e cita legado para varejo\" \/>\n<meta property=\"og:description\" content=\"O GPA (PCAR3) emitiu nota lamentando a morte de seu fundador, o empres\u00e1rio Abilio Diniz, que faleceu neste domingo (18).\" \/>\n<meta property=\"og:url\" content=\"https:\/\/www.suno.com.br\/noticias\/gpa-pcar3-abilio-diniz-empresario-varejo-brasileiro-gpj\/\" \/>\n<meta property=\"og:site_name\" content=\"Suno Not\u00edcias\" \/>\n<meta property=\"article:publisher\" content=\"https:\/\/facebook.com\/sunoresearch\" \/>\n<meta property=\"og:image\" content=\"https:\/\/files.sunoresearch.com.br\/n\/uploads\/2023\/02\/abilio-diniz-americanas-lemann-foto-cnnbrasil.jpg\" \/>\n\t<meta property=\"og:image:width\" content=\"1200\" \/>\n\t<meta property=\"og:image:height\" content=\"675\" \/>\n\t<meta property=\"og:image:type\" content=\"image\/jpeg\" \/>\n<meta name=\"author\" content=\"Giovanni Porf\u00edrio Jacomino\" \/>\n<meta name=\"twitter:card\" content=\"summary_large_image\" \/>\n<meta name=\"twitter:creator\" content=\"@sunoresearch\" \/>\n<meta name=\"twitter:site\" content=\"@sunoresearch\" \/>\n<meta name=\"twitter:label1\" content=\"Escrito por\" \/>\n\t<meta name=\"twitter:data1\" content=\"Giovanni Porf\u00edrio Jacomino\" \/>\n\t<meta name=\"twitter:label2\" content=\"Est. tempo de leitura\" \/>\n\t<meta name=\"twitter:data2\" content=\"5 minutos\" \/>\n<script type=\"application\/ld+json\" class=\"yoast-schema-graph\">{\"@context\":\"https:\/\/schema.org\",\"@graph\":[{\"@type\":\"NewsArticle\",\"@id\":\"https:\/\/www.suno.com.br\/noticias\/gpa-pcar3-abilio-diniz-empresario-varejo-brasileiro-gpj\/#article\",\"isPartOf\":{\"@id\":\"https:\/\/www.suno.com.br\/noticias\/gpa-pcar3-abilio-diniz-empresario-varejo-brasileiro-gpj\/\"},\"author\":{\"name\":\"Giovanni Porf\u00edrio Jacomino\",\"@id\":\"https:\/\/www.suno.com.br\/noticias\/#\/schema\/person\/d0f32748bbca4bee871fa191ee4e2d40\"},\"headline\":\"GPA (PCAR3) lamenta morte de Abilio e destaca contribui\u00e7\u00e3o de empres\u00e1rio para varejo brasileiro\",\"datePublished\":\"2024-02-19T11:03:14+00:00\",\"dateModified\":\"2024-02-19T14:47:33+00:00\",\"mainEntityOfPage\":{\"@id\":\"https:\/\/www.suno.com.br\/noticias\/gpa-pcar3-abilio-diniz-empresario-varejo-brasileiro-gpj\/\"},\"wordCount\":897,\"publisher\":{\"@id\":\"https:\/\/www.suno.com.br\/noticias\/#organization\"},\"image\":{\"@id\":\"https:\/\/www.suno.com.br\/noticias\/gpa-pcar3-abilio-diniz-empresario-varejo-brasileiro-gpj\/#primaryimage\"},\"thumbnailUrl\":\"https:\/\/files.sunoresearch.com.br\/n\/uploads\/2023\/02\/abilio-diniz-americanas-lemann-foto-cnnbrasil.jpg\",\"keywords\":[\"Ab\u00edlio Diniz\",\"Grupo P\u00e3o de A\u00e7\u00facar (PCAR3\/PCAR4)\"],\"articleSection\":[\"Neg\u00f3cios\"],\"inLanguage\":\"pt-BR\"},{\"@type\":\"WebPage\",\"@id\":\"https:\/\/www.suno.com.br\/noticias\/gpa-pcar3-abilio-diniz-empresario-varejo-brasileiro-gpj\/\",\"url\":\"https:\/\/www.suno.com.br\/noticias\/gpa-pcar3-abilio-diniz-empresario-varejo-brasileiro-gpj\/\",\"name\":\"GPA (PCAR3) lamenta morte de Abilio e cita legado para varejo\",\"isPartOf\":{\"@id\":\"https:\/\/www.suno.com.br\/noticias\/#website\"},\"primaryImageOfPage\":{\"@id\":\"https:\/\/www.suno.com.br\/noticias\/gpa-pcar3-abilio-diniz-empresario-varejo-brasileiro-gpj\/#primaryimage\"},\"image\":{\"@id\":\"https:\/\/www.suno.com.br\/noticias\/gpa-pcar3-abilio-diniz-empresario-varejo-brasileiro-gpj\/#primaryimage\"},\"thumbnailUrl\":\"https:\/\/files.sunoresearch.com.br\/n\/uploads\/2023\/02\/abilio-diniz-americanas-lemann-foto-cnnbrasil.jpg\",\"datePublished\":\"2024-02-19T11:03:14+00:00\",\"dateModified\":\"2024-02-19T14:47:33+00:00\",\"description\":\"O GPA (PCAR3) emitiu nota lamentando a morte de seu fundador, o empres\u00e1rio Abilio Diniz, que faleceu neste domingo (18).\",\"breadcrumb\":{\"@id\":\"https:\/\/www.suno.com.br\/noticias\/gpa-pcar3-abilio-diniz-empresario-varejo-brasileiro-gpj\/#breadcrumb\"},\"inLanguage\":\"pt-BR\",\"potentialAction\":[{\"@type\":\"ReadAction\",\"target\":[\"https:\/\/www.suno.com.br\/noticias\/gpa-pcar3-abilio-diniz-empresario-varejo-brasileiro-gpj\/\"]}]},{\"@type\":\"ImageObject\",\"inLanguage\":\"pt-BR\",\"@id\":\"https:\/\/www.suno.com.br\/noticias\/gpa-pcar3-abilio-diniz-empresario-varejo-brasileiro-gpj\/#primaryimage\",\"url\":\"https:\/\/files.sunoresearch.com.br\/n\/uploads\/2023\/02\/abilio-diniz-americanas-lemann-foto-cnnbrasil.jpg\",\"contentUrl\":\"https:\/\/files.sunoresearch.com.br\/n\/uploads\/2023\/02\/abilio-diniz-americanas-lemann-foto-cnnbrasil.jpg\",\"width\":1200,\"height\":675,\"caption\":\"Abilio Diniz, fundador do GPA. Foto: CNN Brasil\"},{\"@type\":\"BreadcrumbList\",\"@id\":\"https:\/\/www.suno.com.br\/noticias\/gpa-pcar3-abilio-diniz-empresario-varejo-brasileiro-gpj\/#breadcrumb\",\"itemListElement\":[{\"@type\":\"ListItem\",\"position\":1,\"name\":\"Not\u00edcias\",\"item\":\"https:\/\/www.suno.com.br\/noticias\/\"},{\"@type\":\"ListItem\",\"position\":2,\"name\":\"Neg\u00f3cios\",\"item\":\"https:\/\/www.suno.com.br\/noticias\/negocios\/\"},{\"@type\":\"ListItem\",\"position\":3,\"name\":\"GPA (PCAR3) lamenta morte de Abilio e destaca contribui\u00e7\u00e3o de empres\u00e1rio para varejo brasileiro\"}]},{\"@type\":\"WebSite\",\"@id\":\"https:\/\/www.suno.com.br\/noticias\/#website\",\"url\":\"https:\/\/www.suno.com.br\/noticias\/\",\"name\":\"Suno Not\u00edcias\",\"description\":\"Seu portal de informa\u00e7\u00e3o sobre o mundo dos investimentos\",\"publisher\":{\"@id\":\"https:\/\/www.suno.com.br\/noticias\/#organization\"},\"potentialAction\":[{\"@type\":\"SearchAction\",\"target\":{\"@type\":\"EntryPoint\",\"urlTemplate\":\"https:\/\/www.suno.com.br\/noticias\/?s={search_term_string}\"},\"query-input\":{\"@type\":\"PropertyValueSpecification\",\"valueRequired\":true,\"valueName\":\"search_term_string\"}}],\"inLanguage\":\"pt-BR\"},{\"@type\":\"Organization\",\"@id\":\"https:\/\/www.suno.com.br\/noticias\/#organization\",\"name\":\"Suno Not\u00edcias\",\"url\":\"https:\/\/www.suno.com.br\/noticias\/\",\"logo\":{\"@type\":\"ImageObject\",\"inLanguage\":\"pt-BR\",\"@id\":\"https:\/\/www.suno.com.br\/noticias\/#\/schema\/logo\/image\/\",\"url\":\"https:\/\/files.sunoresearch.com.br\/n\/uploads\/2021\/09\/suno-logo.png\",\"contentUrl\":\"https:\/\/files.sunoresearch.com.br\/n\/uploads\/2021\/09\/suno-logo.png\",\"width\":180,\"height\":180,\"caption\":\"Suno Not\u00edcias\"},\"image\":{\"@id\":\"https:\/\/www.suno.com.br\/noticias\/#\/schema\/logo\/image\/\"},\"sameAs\":[\"https:\/\/facebook.com\/sunoresearch\",\"https:\/\/x.com\/sunoresearch\",\"https:\/\/www.instagram.com\/suno\",\"https:\/\/www.linkedin.com\/company\/suno-research\/\",\"https:\/\/www.youtube.com\/c\/sunoresearch\"]},{\"@type\":\"Person\",\"@id\":\"https:\/\/www.suno.com.br\/noticias\/#\/schema\/person\/d0f32748bbca4bee871fa191ee4e2d40\",\"name\":\"Giovanni Porf\u00edrio Jacomino\",\"image\":{\"@type\":\"ImageObject\",\"inLanguage\":\"pt-BR\",\"@id\":\"https:\/\/www.suno.com.br\/noticias\/#\/schema\/person\/image\/\",\"url\":\"https:\/\/secure.gravatar.com\/avatar\/efb32e19b730a121cb7a80f41ffec01a?s=96&r=g\",\"contentUrl\":\"https:\/\/secure.gravatar.com\/avatar\/efb32e19b730a121cb7a80f41ffec01a?s=96&r=g\",\"caption\":\"Giovanni Porf\u00edrio Jacomino\"},\"description\":\"Giovanni Porf\u00edrio Jacomino \u00e9 jornalista formado pela Universidade Estadual de Londrina (UEL) e p\u00f3s-graduado em Produ\u00e7\u00e3o e Pr\u00e1ticas Jornal\u00edsticas na Contemporaneidade na Faculdade C\u00e1sper L\u00edbero (FCL). Foi editor web no Startupi e no Finsiders, atuando ainda como editor no TC Mover, portal de not\u00edcias da TradersClub, fazendo a cobertura de assuntos relacionados ao mercado financeiro interno e externo. Atualmente, \u00e9 Rep\u00f3rter do Suno Not\u00edcias.\",\"url\":\"https:\/\/www.suno.com.br\/noticias\/author\/giovanni-porfiriosuno-com-br\/\"}]}<\/script>\n<!-- \/ Yoast SEO plugin. -->","yoast_head_json":{"title":"GPA (PCAR3) lamenta morte de Abilio e cita legado para varejo","description":"O GPA (PCAR3) emitiu nota lamentando a morte de seu fundador, o empres\u00e1rio Abilio Diniz, que faleceu neste domingo (18).","robots":{"index":"index","follow":"follow","max-snippet":"max-snippet:-1","max-image-preview":"max-image-preview:large","max-video-preview":"max-video-preview:-1"},"canonical":"https:\/\/www.suno.com.br\/noticias\/gpa-pcar3-abilio-diniz-empresario-varejo-brasileiro-gpj\/","og_locale":"pt_BR","og_type":"article","og_title":"GPA (PCAR3) lamenta morte de Abilio e cita legado para varejo","og_description":"O GPA (PCAR3) emitiu nota lamentando a morte de seu fundador, o empres\u00e1rio Abilio Diniz, que faleceu neste domingo (18).","og_url":"https:\/\/www.suno.com.br\/noticias\/gpa-pcar3-abilio-diniz-empresario-varejo-brasileiro-gpj\/","og_site_name":"Suno Not\u00edcias","article_publisher":"https:\/\/facebook.com\/sunoresearch","og_image":[{"width":1200,"height":675,"url":"https:\/\/files.sunoresearch.com.br\/n\/uploads\/2023\/02\/abilio-diniz-americanas-lemann-foto-cnnbrasil.jpg","type":"image\/jpeg"}],"author":"Giovanni Porf\u00edrio Jacomino","twitter_card":"summary_large_image","twitter_creator":"@sunoresearch","twitter_site":"@sunoresearch","twitter_misc":{"Escrito por":"Giovanni Porf\u00edrio Jacomino","Est. tempo de leitura":"5 minutos"},"schema":{"@context":"https:\/\/schema.org","@graph":[{"@type":"NewsArticle","@id":"https:\/\/www.suno.com.br\/noticias\/gpa-pcar3-abilio-diniz-empresario-varejo-brasileiro-gpj\/#article","isPartOf":{"@id":"https:\/\/www.suno.com.br\/noticias\/gpa-pcar3-abilio-diniz-empresario-varejo-brasileiro-gpj\/"},"author":{"name":"Giovanni Porf\u00edrio Jacomino","@id":"https:\/\/www.suno.com.br\/noticias\/#\/schema\/person\/d0f32748bbca4bee871fa191ee4e2d40"},"headline":"GPA (PCAR3) lamenta morte de Abilio e destaca contribui\u00e7\u00e3o de empres\u00e1rio para varejo brasileiro","datePublished":"2024-02-19T11:03:14+00:00","dateModified":"2024-02-19T14:47:33+00:00","mainEntityOfPage":{"@id":"https:\/\/www.suno.com.br\/noticias\/gpa-pcar3-abilio-diniz-empresario-varejo-brasileiro-gpj\/"},"wordCount":897,"publisher":{"@id":"https:\/\/www.suno.com.br\/noticias\/#organization"},"image":{"@id":"https:\/\/www.suno.com.br\/noticias\/gpa-pcar3-abilio-diniz-empresario-varejo-brasileiro-gpj\/#primaryimage"},"thumbnailUrl":"https:\/\/files.sunoresearch.com.br\/n\/uploads\/2023\/02\/abilio-diniz-americanas-lemann-foto-cnnbrasil.jpg","keywords":["Ab\u00edlio Diniz","Grupo P\u00e3o de A\u00e7\u00facar (PCAR3\/PCAR4)"],"articleSection":["Neg\u00f3cios"],"inLanguage":"pt-BR"},{"@type":"WebPage","@id":"https:\/\/www.suno.com.br\/noticias\/gpa-pcar3-abilio-diniz-empresario-varejo-brasileiro-gpj\/","url":"https:\/\/www.suno.com.br\/noticias\/gpa-pcar3-abilio-diniz-empresario-varejo-brasileiro-gpj\/","name":"GPA (PCAR3) lamenta morte de Abilio e cita legado para varejo","isPartOf":{"@id":"https:\/\/www.suno.com.br\/noticias\/#website"},"primaryImageOfPage":{"@id":"https:\/\/www.suno.com.br\/noticias\/gpa-pcar3-abilio-diniz-empresario-varejo-brasileiro-gpj\/#primaryimage"},"image":{"@id":"https:\/\/www.suno.com.br\/noticias\/gpa-pcar3-abilio-diniz-empresario-varejo-brasileiro-gpj\/#primaryimage"},"thumbnailUrl":"https:\/\/files.sunoresearch.com.br\/n\/uploads\/2023\/02\/abilio-diniz-americanas-lemann-foto-cnnbrasil.jpg","datePublished":"2024-02-19T11:03:14+00:00","dateModified":"2024-02-19T14:47:33+00:00","description":"O GPA (PCAR3) emitiu nota lamentando a morte de seu fundador, o empres\u00e1rio Abilio Diniz, que faleceu neste domingo (18).","breadcrumb":{"@id":"https:\/\/www.suno.com.br\/noticias\/gpa-pcar3-abilio-diniz-empresario-varejo-brasileiro-gpj\/#breadcrumb"},"inLanguage":"pt-BR","potentialAction":[{"@type":"ReadAction","target":["https:\/\/www.suno.com.br\/noticias\/gpa-pcar3-abilio-diniz-empresario-varejo-brasileiro-gpj\/"]}]},{"@type":"ImageObject","inLanguage":"pt-BR","@id":"https:\/\/www.suno.com.br\/noticias\/gpa-pcar3-abilio-diniz-empresario-varejo-brasileiro-gpj\/#primaryimage","url":"https:\/\/files.sunoresearch.com.br\/n\/uploads\/2023\/02\/abilio-diniz-americanas-lemann-foto-cnnbrasil.jpg","contentUrl":"https:\/\/files.sunoresearch.com.br\/n\/uploads\/2023\/02\/abilio-diniz-americanas-lemann-foto-cnnbrasil.jpg","width":1200,"height":675,"caption":"Abilio Diniz, fundador do GPA. Foto: CNN Brasil"},{"@type":"BreadcrumbList","@id":"https:\/\/www.suno.com.br\/noticias\/gpa-pcar3-abilio-diniz-empresario-varejo-brasileiro-gpj\/#breadcrumb","itemListElement":[{"@type":"ListItem","position":1,"name":"Not\u00edcias","item":"https:\/\/www.suno.com.br\/noticias\/"},{"@type":"ListItem","position":2,"name":"Neg\u00f3cios","item":"https:\/\/www.suno.com.br\/noticias\/negocios\/"},{"@type":"ListItem","position":3,"name":"GPA (PCAR3) lamenta morte de Abilio e destaca contribui\u00e7\u00e3o de empres\u00e1rio para varejo brasileiro"}]},{"@type":"WebSite","@id":"https:\/\/www.suno.com.br\/noticias\/#website","url":"https:\/\/www.suno.com.br\/noticias\/","name":"Suno Not\u00edcias","description":"Seu portal de informa\u00e7\u00e3o sobre o mundo dos investimentos","publisher":{"@id":"https:\/\/www.suno.com.br\/noticias\/#organization"},"potentialAction":[{"@type":"SearchAction","target":{"@type":"EntryPoint","urlTemplate":"https:\/\/www.suno.com.br\/noticias\/?s={search_term_string}"},"query-input":{"@type":"PropertyValueSpecification","valueRequired":true,"valueName":"search_term_string"}}],"inLanguage":"pt-BR"},{"@type":"Organization","@id":"https:\/\/www.suno.com.br\/noticias\/#organization","name":"Suno Not\u00edcias","url":"https:\/\/www.suno.com.br\/noticias\/","logo":{"@type":"ImageObject","inLanguage":"pt-BR","@id":"https:\/\/www.suno.com.br\/noticias\/#\/schema\/logo\/image\/","url":"https:\/\/files.sunoresearch.com.br\/n\/uploads\/2021\/09\/suno-logo.png","contentUrl":"https:\/\/files.sunoresearch.com.br\/n\/uploads\/2021\/09\/suno-logo.png","width":180,"height":180,"caption":"Suno Not\u00edcias"},"image":{"@id":"https:\/\/www.suno.com.br\/noticias\/#\/schema\/logo\/image\/"},"sameAs":["https:\/\/facebook.com\/sunoresearch","https:\/\/x.com\/sunoresearch","https:\/\/www.instagram.com\/suno","https:\/\/www.linkedin.com\/company\/suno-research\/","https:\/\/www.youtube.com\/c\/sunoresearch"]},{"@type":"Person","@id":"https:\/\/www.suno.com.br\/noticias\/#\/schema\/person\/d0f32748bbca4bee871fa191ee4e2d40","name":"Giovanni Porf\u00edrio Jacomino","image":{"@type":"ImageObject","inLanguage":"pt-BR","@id":"https:\/\/www.suno.com.br\/noticias\/#\/schema\/person\/image\/","url":"https:\/\/secure.gravatar.com\/avatar\/efb32e19b730a121cb7a80f41ffec01a?s=96&r=g","contentUrl":"https:\/\/secure.gravatar.com\/avatar\/efb32e19b730a121cb7a80f41ffec01a?s=96&r=g","caption":"Giovanni Porf\u00edrio Jacomino"},"description":"Giovanni Porf\u00edrio Jacomino \u00e9 jornalista formado pela Universidade Estadual de Londrina (UEL) e p\u00f3s-graduado em Produ\u00e7\u00e3o e Pr\u00e1ticas Jornal\u00edsticas na Contemporaneidade na Faculdade C\u00e1sper L\u00edbero (FCL). Foi editor web no Startupi e no Finsiders, atuando ainda como editor no TC Mover, portal de not\u00edcias da TradersClub, fazendo a cobertura de assuntos relacionados ao mercado financeiro interno e externo. Atualmente, \u00e9 Rep\u00f3rter do Suno Not\u00edcias.","url":"https:\/\/www.suno.com.br\/noticias\/author\/giovanni-porfiriosuno-com-br\/"}]}},"default_loop_html":"<div class=\"cardsPage__listCard__boxs\"><div class=\"cardsPage__listCard__boxs__img\"><a href=\"https:\/\/www.suno.com.br\/noticias\/gpa-pcar3-abilio-diniz-empresario-varejo-brasileiro-gpj\/\"><img class=\"mask\" src=\"https:\/\/www.suno.com.br\/noticias\/wp-content\/themes\/suno\/resources\/images\/spotlight\/spotlight1img\/bg-mask.png\" alt=\"Image Mask\"\/><img src=\"https:\/\/files.sunoresearch.com.br\/n\/uploads\/2023\/02\/abilio-diniz-americanas-lemann-foto-cnnbrasil-400x200.jpg\" alt=\"GPA (PCAR3) lamenta morte de Abilio e destaca contribui\u00e7\u00e3o de empres\u00e1rio para varejo brasileiro\"\/><\/a><span class=\"spotlightCategory\"><a href=\"https:\/\/www.suno.com.br\/noticias\/negocios\/\">Neg\u00f3cios<\/a><\/span><\/div><div class=\"cardsPage__listCard__boxs__content\"><a href=\"https:\/\/www.suno.com.br\/noticias\/gpa-pcar3-abilio-diniz-empresario-varejo-brasileiro-gpj\/\"><h2 class=\"content__title\">GPA (PCAR3) lamenta morte de Abilio e destaca contribui\u00e7\u00e3o de empres\u00e1rio para varejo brasileiro<\/h2><\/a><div class=\"newsContent__article__meta\"><div class=\"newsContent__article__meta__authorBox\"><a href=\"https:\/\/www.suno.com.br\/noticias\/author\/giovanni-porfiriosuno-com-br\/\" class=\"authorBox__avatar noMobi\"><img src=\"https:\/\/files.sunoresearch.com.br\/n\/uploads\/2024\/05\/DSCF4115-1-1-150x150.webp\" alt=\"Giovanni Porf\u00edrio Jacomino\"><\/a><div class=\"authorBox__name\"><span>por\n\t\t\t<a href=\"https:\/\/www.suno.com.br\/noticias\/author\/giovanni-porfiriosuno-com-br\/\"><span itemprop=\"author\">Giovanni Porf\u00edrio Jacomino<\/span><\/a><\/span><time datetime=\"2024-02-19T08:03:14-03:00\" itemprop=\"datePublished\">19\/02\/2024 08:03<\/time><\/div><\/div><\/div><\/div><\/div>","single_layout":"posts","amp_enabled":true,"_links":{"self":[{"href":"https:\/\/www.suno.com.br\/noticias\/wp-json\/wp\/v2\/posts\/524119"}],"collection":[{"href":"https:\/\/www.suno.com.br\/noticias\/wp-json\/wp\/v2\/posts"}],"about":[{"href":"https:\/\/www.suno.com.br\/noticias\/wp-json\/wp\/v2\/types\/post"}],"author":[{"embeddable":true,"href":"https:\/\/www.suno.com.br\/noticias\/wp-json\/wp\/v2\/users\/313"}],"replies":[{"embeddable":true,"href":"https:\/\/www.suno.com.br\/noticias\/wp-json\/wp\/v2\/comments?post=524119"}],"version-history":[{"count":3,"href":"https:\/\/www.suno.com.br\/noticias\/wp-json\/wp\/v2\/posts\/524119\/revisions"}],"predecessor-version":[{"id":524249,"href":"https:\/\/www.suno.com.br\/noticias\/wp-json\/wp\/v2\/posts\/524119\/revisions\/524249"}],"wp:featuredmedia":[{"embeddable":true,"href":"https:\/\/www.suno.com.br\/noticias\/wp-json\/wp\/v2\/media\/356352"}],"wp:attachment":[{"href":"https:\/\/www.suno.com.br\/noticias\/wp-json\/wp\/v2\/media?parent=524119"}],"wp:term":[{"taxonomy":"category","embeddable":true,"href":"https:\/\/www.suno.com.br\/noticias\/wp-json\/wp\/v2\/categories?post=524119"},{"taxonomy":"post_tag","embeddable":true,"href":"https:\/\/www.suno.com.br\/noticias\/wp-json\/wp\/v2\/tags?post=524119"},{"taxonomy":"suno_strategy","embeddable":true,"href":"https:\/\/www.suno.com.br\/noticias\/wp-json\/wp\/v2\/suno_strategy?post=524119"}],"curies":[{"name":"wp","href":"https:\/\/api.w.org\/{rel}","templated":true}]}}