{"id":524057,"date":"2024-02-18T15:32:47","date_gmt":"2024-02-18T18:32:47","guid":{"rendered":"https:\/\/www.suno.com.br\/noticias\/?p=524057"},"modified":"2024-02-18T15:32:50","modified_gmt":"2024-02-18T18:32:50","slug":"apple-aapl34-multa-uniao-europeia-jvj","status":"publish","type":"post","link":"https:\/\/www.suno.com.br\/noticias\/apple-aapl34-multa-uniao-europeia-jvj\/","title":{"rendered":"Apple (AAPL34) ser\u00e1 multada em 500 milh\u00f5es de euros pela Uni\u00e3o Europeia, diz jornal"},"content":{"rendered":"<p>A <a class=\"suno-keyword\" data-force=\"no\" data-priority=\"2\" href=\"https:\/\/www.suno.com.br\/artigos\/uniao-europeia\/\" target=\"_blank\" rel=\"noopener\">Uni\u00e3o Europeia<\/a> deve aplicar uma multa de aproximadamente 500 milh\u00f5es de euros sobre a <strong>Apple<\/strong> (<a class=\"suno-keyword\" data-force=\"yes\" data-priority=\"2\" href=\"https:\/\/www.suno.com.br\/bdrs\/aapl34\/\" target=\"_blank\" rel=\"noopener\">AAPL34<\/a>), de acordo com informa\u00e7\u00f5es do jornal Financial Times. A expectativa \u00e9 de que a medida seja anunciada em mar\u00e7o.<\/p>\t<div class=\"wrapper-featured-image\">\n\t\t<figure class=\"spotlightImg\">\n\n\t\t\t<picture>\n\t\t\t\t<source media=\"(max-width: 768px)\" srcset=\"https:\/\/files.sunoresearch.com.br\/n\/uploads\/2023\/01\/apple-aapl34-fachada-loja-foto-laurenz-heymann-unsplash-400x200.jpg\">\n\t\t\t\t<img loading=\"lazy\" decoding=\"async\" class=\"newsContent__article__imgCapa lazyloadDisabled \" src=\"https:\/\/files.sunoresearch.com.br\/n\/uploads\/2023\/01\/apple-aapl34-fachada-loja-foto-laurenz-heymann-unsplash-800x450.jpg\" width=\"800\" height=\"450\" alt=\"Apple (AAPL34) ser\u00e1 multada em 500 milh\u00f5es de euros pela Uni\u00e3o Europeia, diz jornal\" fetchpriority=high \/>\n\t\t\t<\/picture>\n\n\t\t\t<figcaption class=\"wp-caption-text wp-caption-text--show\">Apple (AAPL34). Foto: Laurenz Heymann\/Unsplash<\/figcaption>\n\t\t<\/figure>\n\t<\/div>\n\n\n\n\n\n\t<p>\n\t\t<a href=\"https:\/\/lp.suno.com.br\/ebook-como-analisar-uma-acao\/\" target=\"_blank\" data-element=\"shortcode-suno-banner\" title=\"Banner SUNO, clique e saiba mais\">\n\t\t\t<picture>\n\t\t\t\t<source media=\"(max-width: 500px)\" srcset=\"https:\/\/files.sunoresearch.com.br\/n\/uploads\/2023\/12\/Ebook-Acoes-Mobile.jpg\">\n\t\t\t\t<img class=\"newsContent__article__imgCapa newsContent__article__imgCapa--banner\"\n\t\t\t\t\tsrc=\"https:\/\/files.sunoresearch.com.br\/n\/uploads\/2023\/12\/Ebook-Acoes-Desktop.webp\"\n\t\t\t\t\tdata-promo-id=\"311260\"\t\t\t\t\t\t\t\t\t\twidth='1420' height='286'\t\t\t\t\talt=\"https:\/\/files.sunoresearch.com.br\/n\/uploads\/2023\/12\/Ebook-Acoes-Desktop.webp\"\n\t\t\t\t>\n\t\t\t<\/picture>\n\t\t<\/a>\n\t<\/p>\n\n\n\n\n\n<p>A multa faria parte um conjunto de medidas antitruste sobre a Apple, o que incluiria tamb\u00e9m a proibi\u00e7\u00e3o de regras no App Store que prejudiquem a livre concorr\u00eancia, conforme a vis\u00e3o da <strong>Uni\u00e3o Europeia<\/strong>.<\/p>\n\n\n\n<p>Ainda segundo o jornal, a multa da Uni\u00e3o Europeia sobre a Apple deve ter um valor equivalente a 10% das vendas realizadas pela \u201c<a class=\"suno-keyword\" data-force=\"no\" data-priority=\"1\" href=\"https:\/\/www.suno.com.br\/artigos\/big-tech\/\" target=\"_blank\" rel=\"noopener\">big tech<\/a>\u201d no ano.<\/p>\n\n\n\t<div data-element=\"shortcode-read-more\" class=\"knowMore\">\n\t\t\t\t<span class=\"knowMore__title\">Leia mais<\/span>\n\t\t\t\t<a class=\"knowMore__link\" href=\"https:\/\/www.suno.com.br\/noticias\/lojas-renner-lren3-anuncia-remuneracao-juros-debentures-jvj\/\">\n\t\t\tLojas Renner (LREN3) anuncia novo pagamento de remunera\u00e7\u00e3o de deb\u00eantures; veja o valor\t\t<\/a>\n\t<\/div>\n\n\n\n\n<p>Essas medidas t\u00eam como base uma investiga\u00e7\u00e3o iniciada ap\u00f3s queixa da Spotify Technology, no ano de 2019. A Spotify diz que precisou elevar o valor mensal de sua assinatura para arcar com as despesas relacionadas a um suposto dom\u00ednio da fabricante de iPhones na<strong> Apple Store<\/strong>.<\/p>\n\n\n\n<h2 class=\"wp-block-heading\"><a><\/a>Novas regras antitruste da Uni\u00e3o Europeia<\/h2>\n\n\n\n<p>Para evitar pr\u00e1ticas consideradas anticompetitivas pelas <strong>empresas de tecnologia<\/strong>, a Uni\u00e3o Europeia vem desenvolvendo um conjunto de novas regras sobre essas companhias, visando evitar que a\u00e7\u00f5es que impe\u00e7am ou prejudiquem a livre concorr\u00eancia sejam praticadas.<\/p>\n\n\n\n<p>Nesse sentido, a partir de mar\u00e7o deste ano j\u00e1 deve passar a valer a nova Lei dos Mercados Digitais, trazendo diversas proibi\u00e7\u00f5es e permiss\u00f5es para as companhias do setor.<\/p>\n\n\n\n<p>Dentre as novas regras, a Uni\u00e3o Europeia deve vetar as grandes companhias de gerar um favorecimento aos seus pr\u00f3prios servi\u00e7os frente aos de seus concorrentes.<\/p>\n\n\n\n<h2 class=\"wp-block-heading\"><a><\/a>\u00daltimos resultados da Apple<\/h2>\n\n\n\n<p>A Apple divulgou um <a class=\"suno-keyword\" target=\"_blank\" data-force=\"no\" data-priority=\"1\" href=\"https:\/\/www.suno.com.br\/artigos\/lucro-liquido\/\" rel=\"noopener\">lucro l\u00edquido<\/a> de US$ 33,916 bilh\u00f5es no quarto trimestre de 2023, com crescimento de 13,09% sobre o resultado de US$ 29,99 milh\u00f5es observado no 4T22.<\/p>\n\n\n\n<p>Em termos ajustados, o <strong>lucro da Apple<\/strong> foi de US$ 2,18 por a\u00e7\u00e3o (EPS), acima da expectativa dos especialistas da FactSet, que era de US$ 2,10 por a\u00e7\u00e3o. No mesmo per\u00edodo do ano anterior, esse resultado tinha sido de US$ 1,88 por a\u00e7\u00e3o.<\/p>\n\n\n\n<p>O faturamento l\u00edquido somou US$ 119,575 bilh\u00f5es no quarto trimestre de 2023, superando os US$ 117,154 bilh\u00f5es registrados no mesmo per\u00edodo de 2022. A expectativa do mercado era de US$ 118 bilh\u00f5es.<\/p>\n\n\n\n<p>Segundo o <strong>CEO da Apple<\/strong>, <a class=\"suno-keyword\" target=\"_blank\" data-force=\"no\" data-priority=\"2\" href=\"https:\/\/www.suno.com.br\/tudo-sobre\/tim-cook\/\" rel=\"noopener\">Tim Cook<\/a>, o crescimento da receita trimestral da Apple foi impulsionada pelas vendas de iPhones e tamb\u00e9m pelo registro de uma receita recorde no segmento de \u201cServi\u00e7os\u201d da companhia.<\/p>\n\n\n\n<p>\u201cTemos o prazer de anunciar que a nossa base instalada de dispositivos ativos j\u00e1 ultrapassou os 2,2 bilh\u00f5es, atingindo uma m\u00e1xima hist\u00f3rica em todos os segmentos geogr\u00e1ficos e produtos\u201d, disse o CEO da <strong>Apple<\/strong>.<\/p>\n\n\n\t<p>\n\t\t<a href=\"https:\/\/lp2.suno.com.br\/cl\/black-friday-2025\/?utm_campaign=_SNCDF0E4858_\" target=\"_blank\" data-element=\"shortcode-suno-banner\" title=\"Banner SUNO, clique e saiba mais\">\n\t\t\t<picture>\n\t\t\t\t<source media=\"(max-width: 500px)\" srcset=\"https:\/\/files.sunoresearch.com.br\/n\/uploads\/2025\/10\/Artigos-e-Noticias-Banner-Home-artigos-01-Mobile_-400x300-1-png.webp\">\n\t\t\t\t<img class=\"newsContent__article__imgCapa newsContent__article__imgCapa--banner\"\n\t\t\t\t\tsrc=\"https:\/\/files.sunoresearch.com.br\/n\/uploads\/2025\/10\/Artigos-e-Noticias-Banner-Home-artigos-01-Desktop_-1420x240-1-png.webp\"\n\t\t\t\t\tdata-promo-id=\"311259\"\t\t\t\t\t\t\t\t\t\twidth='1420' height='240'\t\t\t\t\talt=\"https:\/\/files.sunoresearch.com.br\/n\/uploads\/2025\/10\/Artigos-e-Noticias-Banner-Home-artigos-01-Desktop_-1420x240-1-png.webp\"\n\t\t\t\t>\n\t\t\t<\/picture>\n\t\t<\/a>\n\t<\/p>\n\n\n","protected":false},"excerpt":{"rendered":"<p>A Uni\u00e3o Europeia deve aplicar uma multa de aproximadamente 500 milh\u00f5es de euros sobre a Apple (AAPL34), de acordo com informa\u00e7\u00f5es do jornal Financial Times. A expectativa \u00e9 de que a medida seja anunciada em mar\u00e7o. Apple (AAPL34). Foto: Laurenz Heymann\/Unsplash A multa faria parte um conjunto de medidas antitruste sobre a Apple, o que [&hellip;]<\/p>\n","protected":false},"author":173,"featured_media":340414,"comment_status":"closed","ping_status":"closed","sticky":false,"template":"","format":"standard","meta":[],"categories":[64],"tags":[794,731],"suno_strategy":[],"class_list":["post-524057","post","type-post","status-publish","format-standard","has-post-thumbnail","hentry","category-negocios","tag-apple-aapl34","tag-uniao-europeia"],"yoast_head":"<!-- This site is optimized with the Yoast SEO plugin v24.4 - https:\/\/yoast.com\/wordpress\/plugins\/seo\/ -->\n<title>Apple (AAPL34) ser\u00e1 multada em 500 milh\u00f5es de euros; veja motivos<\/title>\n<meta name=\"description\" content=\"A Apple (AAPL34) ser\u00e1 multada em 500 milh\u00f5es de euros pela Uni\u00e3o Europeia, segundo o jornal. Mas qual foi o motivo? Confira.\" \/>\n<meta name=\"robots\" content=\"index, follow, max-snippet:-1, max-image-preview:large, max-video-preview:-1\" \/>\n<link rel=\"canonical\" href=\"https:\/\/www.suno.com.br\/noticias\/apple-aapl34-multa-uniao-europeia-jvj\/\" \/>\n<meta property=\"og:locale\" content=\"pt_BR\" \/>\n<meta property=\"og:type\" content=\"article\" \/>\n<meta property=\"og:title\" content=\"Apple (AAPL34) ser\u00e1 multada em 500 milh\u00f5es de euros; veja motivos\" \/>\n<meta property=\"og:description\" content=\"A Apple (AAPL34) ser\u00e1 multada em 500 milh\u00f5es de euros pela Uni\u00e3o Europeia, segundo o jornal. Mas qual foi o motivo? Confira.\" \/>\n<meta property=\"og:url\" content=\"https:\/\/www.suno.com.br\/noticias\/apple-aapl34-multa-uniao-europeia-jvj\/\" \/>\n<meta property=\"og:site_name\" content=\"Suno Not\u00edcias\" \/>\n<meta property=\"article:publisher\" content=\"https:\/\/facebook.com\/sunoresearch\" \/>\n<meta property=\"og:image\" content=\"https:\/\/files.sunoresearch.com.br\/n\/uploads\/2023\/01\/apple-aapl34-fachada-loja-foto-laurenz-heymann-unsplash.jpg\" \/>\n\t<meta property=\"og:image:width\" content=\"1200\" \/>\n\t<meta property=\"og:image:height\" content=\"675\" \/>\n\t<meta property=\"og:image:type\" content=\"image\/jpeg\" \/>\n<meta name=\"author\" content=\"Jo\u00e3o Vitor\" \/>\n<meta name=\"twitter:card\" content=\"summary_large_image\" \/>\n<meta name=\"twitter:creator\" content=\"@sunoresearch\" \/>\n<meta name=\"twitter:site\" content=\"@sunoresearch\" \/>\n<meta name=\"twitter:label1\" content=\"Escrito por\" \/>\n\t<meta name=\"twitter:data1\" content=\"Jo\u00e3o Vitor\" \/>\n\t<meta name=\"twitter:label2\" content=\"Est. tempo de leitura\" \/>\n\t<meta name=\"twitter:data2\" content=\"3 minutos\" \/>\n<script type=\"application\/ld+json\" class=\"yoast-schema-graph\">{\"@context\":\"https:\/\/schema.org\",\"@graph\":[{\"@type\":\"NewsArticle\",\"@id\":\"https:\/\/www.suno.com.br\/noticias\/apple-aapl34-multa-uniao-europeia-jvj\/#article\",\"isPartOf\":{\"@id\":\"https:\/\/www.suno.com.br\/noticias\/apple-aapl34-multa-uniao-europeia-jvj\/\"},\"author\":{\"name\":\"Jo\u00e3o Vitor\",\"@id\":\"https:\/\/www.suno.com.br\/noticias\/#\/schema\/person\/87fc6973867c52dd884811905c43afba\"},\"headline\":\"Apple (AAPL34) ser\u00e1 multada em 500 milh\u00f5es de euros pela Uni\u00e3o Europeia, diz jornal\",\"datePublished\":\"2024-02-18T18:32:47+00:00\",\"dateModified\":\"2024-02-18T18:32:50+00:00\",\"mainEntityOfPage\":{\"@id\":\"https:\/\/www.suno.com.br\/noticias\/apple-aapl34-multa-uniao-europeia-jvj\/\"},\"wordCount\":462,\"publisher\":{\"@id\":\"https:\/\/www.suno.com.br\/noticias\/#organization\"},\"image\":{\"@id\":\"https:\/\/www.suno.com.br\/noticias\/apple-aapl34-multa-uniao-europeia-jvj\/#primaryimage\"},\"thumbnailUrl\":\"https:\/\/files.sunoresearch.com.br\/n\/uploads\/2023\/01\/apple-aapl34-fachada-loja-foto-laurenz-heymann-unsplash.jpg\",\"keywords\":[\"Apple (AAPL34)\",\"Uni\u00e3o Europeia\"],\"articleSection\":[\"Neg\u00f3cios\"],\"inLanguage\":\"pt-BR\"},{\"@type\":\"WebPage\",\"@id\":\"https:\/\/www.suno.com.br\/noticias\/apple-aapl34-multa-uniao-europeia-jvj\/\",\"url\":\"https:\/\/www.suno.com.br\/noticias\/apple-aapl34-multa-uniao-europeia-jvj\/\",\"name\":\"Apple (AAPL34) ser\u00e1 multada em 500 milh\u00f5es de euros; veja motivos\",\"isPartOf\":{\"@id\":\"https:\/\/www.suno.com.br\/noticias\/#website\"},\"primaryImageOfPage\":{\"@id\":\"https:\/\/www.suno.com.br\/noticias\/apple-aapl34-multa-uniao-europeia-jvj\/#primaryimage\"},\"image\":{\"@id\":\"https:\/\/www.suno.com.br\/noticias\/apple-aapl34-multa-uniao-europeia-jvj\/#primaryimage\"},\"thumbnailUrl\":\"https:\/\/files.sunoresearch.com.br\/n\/uploads\/2023\/01\/apple-aapl34-fachada-loja-foto-laurenz-heymann-unsplash.jpg\",\"datePublished\":\"2024-02-18T18:32:47+00:00\",\"dateModified\":\"2024-02-18T18:32:50+00:00\",\"description\":\"A Apple (AAPL34) ser\u00e1 multada em 500 milh\u00f5es de euros pela Uni\u00e3o Europeia, segundo o jornal. Mas qual foi o motivo? Confira.\",\"breadcrumb\":{\"@id\":\"https:\/\/www.suno.com.br\/noticias\/apple-aapl34-multa-uniao-europeia-jvj\/#breadcrumb\"},\"inLanguage\":\"pt-BR\",\"potentialAction\":[{\"@type\":\"ReadAction\",\"target\":[\"https:\/\/www.suno.com.br\/noticias\/apple-aapl34-multa-uniao-europeia-jvj\/\"]}]},{\"@type\":\"ImageObject\",\"inLanguage\":\"pt-BR\",\"@id\":\"https:\/\/www.suno.com.br\/noticias\/apple-aapl34-multa-uniao-europeia-jvj\/#primaryimage\",\"url\":\"https:\/\/files.sunoresearch.com.br\/n\/uploads\/2023\/01\/apple-aapl34-fachada-loja-foto-laurenz-heymann-unsplash.jpg\",\"contentUrl\":\"https:\/\/files.sunoresearch.com.br\/n\/uploads\/2023\/01\/apple-aapl34-fachada-loja-foto-laurenz-heymann-unsplash.jpg\",\"width\":1200,\"height\":675,\"caption\":\"Apple (AAPL34). Foto: Laurenz Heymann\/Unsplash\"},{\"@type\":\"BreadcrumbList\",\"@id\":\"https:\/\/www.suno.com.br\/noticias\/apple-aapl34-multa-uniao-europeia-jvj\/#breadcrumb\",\"itemListElement\":[{\"@type\":\"ListItem\",\"position\":1,\"name\":\"Not\u00edcias\",\"item\":\"https:\/\/www.suno.com.br\/noticias\/\"},{\"@type\":\"ListItem\",\"position\":2,\"name\":\"Neg\u00f3cios\",\"item\":\"https:\/\/www.suno.com.br\/noticias\/negocios\/\"},{\"@type\":\"ListItem\",\"position\":3,\"name\":\"Apple (AAPL34) ser\u00e1 multada em 500 milh\u00f5es de euros pela Uni\u00e3o Europeia, diz jornal\"}]},{\"@type\":\"WebSite\",\"@id\":\"https:\/\/www.suno.com.br\/noticias\/#website\",\"url\":\"https:\/\/www.suno.com.br\/noticias\/\",\"name\":\"Suno Not\u00edcias\",\"description\":\"Seu portal de informa\u00e7\u00e3o sobre o mundo dos investimentos\",\"publisher\":{\"@id\":\"https:\/\/www.suno.com.br\/noticias\/#organization\"},\"potentialAction\":[{\"@type\":\"SearchAction\",\"target\":{\"@type\":\"EntryPoint\",\"urlTemplate\":\"https:\/\/www.suno.com.br\/noticias\/?s={search_term_string}\"},\"query-input\":{\"@type\":\"PropertyValueSpecification\",\"valueRequired\":true,\"valueName\":\"search_term_string\"}}],\"inLanguage\":\"pt-BR\"},{\"@type\":\"Organization\",\"@id\":\"https:\/\/www.suno.com.br\/noticias\/#organization\",\"name\":\"Suno Not\u00edcias\",\"url\":\"https:\/\/www.suno.com.br\/noticias\/\",\"logo\":{\"@type\":\"ImageObject\",\"inLanguage\":\"pt-BR\",\"@id\":\"https:\/\/www.suno.com.br\/noticias\/#\/schema\/logo\/image\/\",\"url\":\"https:\/\/files.sunoresearch.com.br\/n\/uploads\/2021\/09\/suno-logo.png\",\"contentUrl\":\"https:\/\/files.sunoresearch.com.br\/n\/uploads\/2021\/09\/suno-logo.png\",\"width\":180,\"height\":180,\"caption\":\"Suno Not\u00edcias\"},\"image\":{\"@id\":\"https:\/\/www.suno.com.br\/noticias\/#\/schema\/logo\/image\/\"},\"sameAs\":[\"https:\/\/facebook.com\/sunoresearch\",\"https:\/\/x.com\/sunoresearch\",\"https:\/\/www.instagram.com\/suno\",\"https:\/\/www.linkedin.com\/company\/suno-research\/\",\"https:\/\/www.youtube.com\/c\/sunoresearch\"]},{\"@type\":\"Person\",\"@id\":\"https:\/\/www.suno.com.br\/noticias\/#\/schema\/person\/87fc6973867c52dd884811905c43afba\",\"name\":\"Jo\u00e3o Vitor\",\"image\":{\"@type\":\"ImageObject\",\"inLanguage\":\"pt-BR\",\"@id\":\"https:\/\/www.suno.com.br\/noticias\/#\/schema\/person\/image\/\",\"url\":\"https:\/\/secure.gravatar.com\/avatar\/2843227ca03ccf8cc7ccca45204c127e?s=96&r=g\",\"contentUrl\":\"https:\/\/secure.gravatar.com\/avatar\/2843227ca03ccf8cc7ccca45204c127e?s=96&r=g\",\"caption\":\"Jo\u00e3o Vitor\"},\"description\":\"Redator profissional, com atua\u00e7\u00e3o no mercado editorial na produ\u00e7\u00e3o de not\u00edcias e conte\u00fados sobre o mercado de a\u00e7\u00f5es, fundos imobili\u00e1rios e economia popular. Graduando em Engenharia Qu\u00edmica pela Unesp, tamb\u00e9m j\u00e1 atuou como consultor financeiro.\",\"url\":\"https:\/\/www.suno.com.br\/noticias\/author\/joao-vitor-jacintho\/\"}]}<\/script>\n<!-- \/ Yoast SEO plugin. -->","yoast_head_json":{"title":"Apple (AAPL34) ser\u00e1 multada em 500 milh\u00f5es de euros; veja motivos","description":"A Apple (AAPL34) ser\u00e1 multada em 500 milh\u00f5es de euros pela Uni\u00e3o Europeia, segundo o jornal. Mas qual foi o motivo? Confira.","robots":{"index":"index","follow":"follow","max-snippet":"max-snippet:-1","max-image-preview":"max-image-preview:large","max-video-preview":"max-video-preview:-1"},"canonical":"https:\/\/www.suno.com.br\/noticias\/apple-aapl34-multa-uniao-europeia-jvj\/","og_locale":"pt_BR","og_type":"article","og_title":"Apple (AAPL34) ser\u00e1 multada em 500 milh\u00f5es de euros; veja motivos","og_description":"A Apple (AAPL34) ser\u00e1 multada em 500 milh\u00f5es de euros pela Uni\u00e3o Europeia, segundo o jornal. Mas qual foi o motivo? Confira.","og_url":"https:\/\/www.suno.com.br\/noticias\/apple-aapl34-multa-uniao-europeia-jvj\/","og_site_name":"Suno Not\u00edcias","article_publisher":"https:\/\/facebook.com\/sunoresearch","og_image":[{"width":1200,"height":675,"url":"https:\/\/files.sunoresearch.com.br\/n\/uploads\/2023\/01\/apple-aapl34-fachada-loja-foto-laurenz-heymann-unsplash.jpg","type":"image\/jpeg"}],"author":"Jo\u00e3o Vitor","twitter_card":"summary_large_image","twitter_creator":"@sunoresearch","twitter_site":"@sunoresearch","twitter_misc":{"Escrito por":"Jo\u00e3o Vitor","Est. tempo de leitura":"3 minutos"},"schema":{"@context":"https:\/\/schema.org","@graph":[{"@type":"NewsArticle","@id":"https:\/\/www.suno.com.br\/noticias\/apple-aapl34-multa-uniao-europeia-jvj\/#article","isPartOf":{"@id":"https:\/\/www.suno.com.br\/noticias\/apple-aapl34-multa-uniao-europeia-jvj\/"},"author":{"name":"Jo\u00e3o Vitor","@id":"https:\/\/www.suno.com.br\/noticias\/#\/schema\/person\/87fc6973867c52dd884811905c43afba"},"headline":"Apple (AAPL34) ser\u00e1 multada em 500 milh\u00f5es de euros pela Uni\u00e3o Europeia, diz jornal","datePublished":"2024-02-18T18:32:47+00:00","dateModified":"2024-02-18T18:32:50+00:00","mainEntityOfPage":{"@id":"https:\/\/www.suno.com.br\/noticias\/apple-aapl34-multa-uniao-europeia-jvj\/"},"wordCount":462,"publisher":{"@id":"https:\/\/www.suno.com.br\/noticias\/#organization"},"image":{"@id":"https:\/\/www.suno.com.br\/noticias\/apple-aapl34-multa-uniao-europeia-jvj\/#primaryimage"},"thumbnailUrl":"https:\/\/files.sunoresearch.com.br\/n\/uploads\/2023\/01\/apple-aapl34-fachada-loja-foto-laurenz-heymann-unsplash.jpg","keywords":["Apple (AAPL34)","Uni\u00e3o Europeia"],"articleSection":["Neg\u00f3cios"],"inLanguage":"pt-BR"},{"@type":"WebPage","@id":"https:\/\/www.suno.com.br\/noticias\/apple-aapl34-multa-uniao-europeia-jvj\/","url":"https:\/\/www.suno.com.br\/noticias\/apple-aapl34-multa-uniao-europeia-jvj\/","name":"Apple (AAPL34) ser\u00e1 multada em 500 milh\u00f5es de euros; veja motivos","isPartOf":{"@id":"https:\/\/www.suno.com.br\/noticias\/#website"},"primaryImageOfPage":{"@id":"https:\/\/www.suno.com.br\/noticias\/apple-aapl34-multa-uniao-europeia-jvj\/#primaryimage"},"image":{"@id":"https:\/\/www.suno.com.br\/noticias\/apple-aapl34-multa-uniao-europeia-jvj\/#primaryimage"},"thumbnailUrl":"https:\/\/files.sunoresearch.com.br\/n\/uploads\/2023\/01\/apple-aapl34-fachada-loja-foto-laurenz-heymann-unsplash.jpg","datePublished":"2024-02-18T18:32:47+00:00","dateModified":"2024-02-18T18:32:50+00:00","description":"A Apple (AAPL34) ser\u00e1 multada em 500 milh\u00f5es de euros pela Uni\u00e3o Europeia, segundo o jornal. Mas qual foi o motivo? Confira.","breadcrumb":{"@id":"https:\/\/www.suno.com.br\/noticias\/apple-aapl34-multa-uniao-europeia-jvj\/#breadcrumb"},"inLanguage":"pt-BR","potentialAction":[{"@type":"ReadAction","target":["https:\/\/www.suno.com.br\/noticias\/apple-aapl34-multa-uniao-europeia-jvj\/"]}]},{"@type":"ImageObject","inLanguage":"pt-BR","@id":"https:\/\/www.suno.com.br\/noticias\/apple-aapl34-multa-uniao-europeia-jvj\/#primaryimage","url":"https:\/\/files.sunoresearch.com.br\/n\/uploads\/2023\/01\/apple-aapl34-fachada-loja-foto-laurenz-heymann-unsplash.jpg","contentUrl":"https:\/\/files.sunoresearch.com.br\/n\/uploads\/2023\/01\/apple-aapl34-fachada-loja-foto-laurenz-heymann-unsplash.jpg","width":1200,"height":675,"caption":"Apple (AAPL34). Foto: Laurenz Heymann\/Unsplash"},{"@type":"BreadcrumbList","@id":"https:\/\/www.suno.com.br\/noticias\/apple-aapl34-multa-uniao-europeia-jvj\/#breadcrumb","itemListElement":[{"@type":"ListItem","position":1,"name":"Not\u00edcias","item":"https:\/\/www.suno.com.br\/noticias\/"},{"@type":"ListItem","position":2,"name":"Neg\u00f3cios","item":"https:\/\/www.suno.com.br\/noticias\/negocios\/"},{"@type":"ListItem","position":3,"name":"Apple (AAPL34) ser\u00e1 multada em 500 milh\u00f5es de euros pela Uni\u00e3o Europeia, diz jornal"}]},{"@type":"WebSite","@id":"https:\/\/www.suno.com.br\/noticias\/#website","url":"https:\/\/www.suno.com.br\/noticias\/","name":"Suno Not\u00edcias","description":"Seu portal de informa\u00e7\u00e3o sobre o mundo dos investimentos","publisher":{"@id":"https:\/\/www.suno.com.br\/noticias\/#organization"},"potentialAction":[{"@type":"SearchAction","target":{"@type":"EntryPoint","urlTemplate":"https:\/\/www.suno.com.br\/noticias\/?s={search_term_string}"},"query-input":{"@type":"PropertyValueSpecification","valueRequired":true,"valueName":"search_term_string"}}],"inLanguage":"pt-BR"},{"@type":"Organization","@id":"https:\/\/www.suno.com.br\/noticias\/#organization","name":"Suno Not\u00edcias","url":"https:\/\/www.suno.com.br\/noticias\/","logo":{"@type":"ImageObject","inLanguage":"pt-BR","@id":"https:\/\/www.suno.com.br\/noticias\/#\/schema\/logo\/image\/","url":"https:\/\/files.sunoresearch.com.br\/n\/uploads\/2021\/09\/suno-logo.png","contentUrl":"https:\/\/files.sunoresearch.com.br\/n\/uploads\/2021\/09\/suno-logo.png","width":180,"height":180,"caption":"Suno Not\u00edcias"},"image":{"@id":"https:\/\/www.suno.com.br\/noticias\/#\/schema\/logo\/image\/"},"sameAs":["https:\/\/facebook.com\/sunoresearch","https:\/\/x.com\/sunoresearch","https:\/\/www.instagram.com\/suno","https:\/\/www.linkedin.com\/company\/suno-research\/","https:\/\/www.youtube.com\/c\/sunoresearch"]},{"@type":"Person","@id":"https:\/\/www.suno.com.br\/noticias\/#\/schema\/person\/87fc6973867c52dd884811905c43afba","name":"Jo\u00e3o Vitor","image":{"@type":"ImageObject","inLanguage":"pt-BR","@id":"https:\/\/www.suno.com.br\/noticias\/#\/schema\/person\/image\/","url":"https:\/\/secure.gravatar.com\/avatar\/2843227ca03ccf8cc7ccca45204c127e?s=96&r=g","contentUrl":"https:\/\/secure.gravatar.com\/avatar\/2843227ca03ccf8cc7ccca45204c127e?s=96&r=g","caption":"Jo\u00e3o Vitor"},"description":"Redator profissional, com atua\u00e7\u00e3o no mercado editorial na produ\u00e7\u00e3o de not\u00edcias e conte\u00fados sobre o mercado de a\u00e7\u00f5es, fundos imobili\u00e1rios e economia popular. Graduando em Engenharia Qu\u00edmica pela Unesp, tamb\u00e9m j\u00e1 atuou como consultor financeiro.","url":"https:\/\/www.suno.com.br\/noticias\/author\/joao-vitor-jacintho\/"}]}},"default_loop_html":"<div class=\"cardsPage__listCard__boxs\"><div class=\"cardsPage__listCard__boxs__img\"><a href=\"https:\/\/www.suno.com.br\/noticias\/apple-aapl34-multa-uniao-europeia-jvj\/\"><img class=\"mask\" src=\"https:\/\/www.suno.com.br\/noticias\/wp-content\/themes\/suno\/resources\/images\/spotlight\/spotlight1img\/bg-mask.png\" alt=\"Image Mask\"\/><img src=\"https:\/\/files.sunoresearch.com.br\/n\/uploads\/2023\/01\/apple-aapl34-fachada-loja-foto-laurenz-heymann-unsplash-400x200.jpg\" alt=\"Apple (AAPL34) ser\u00e1 multada em 500 milh\u00f5es de euros pela Uni\u00e3o Europeia, diz jornal\"\/><\/a><span class=\"spotlightCategory\"><a href=\"https:\/\/www.suno.com.br\/noticias\/negocios\/\">Neg\u00f3cios<\/a><\/span><\/div><div class=\"cardsPage__listCard__boxs__content\"><a href=\"https:\/\/www.suno.com.br\/noticias\/apple-aapl34-multa-uniao-europeia-jvj\/\"><h2 class=\"content__title\">Apple (AAPL34) ser\u00e1 multada em 500 milh\u00f5es de euros pela Uni\u00e3o Europeia, diz jornal<\/h2><\/a><div class=\"newsContent__article__meta\"><div class=\"newsContent__article__meta__authorBox\"><a href=\"https:\/\/www.suno.com.br\/noticias\/author\/joao-vitor-jacintho\/\" class=\"authorBox__avatar noMobi\"><img src=\"https:\/\/secure.gravatar.com\/avatar\/2843227ca03ccf8cc7ccca45204c127e?s=96&#038;r=g\" alt=\"Jo\u00e3o Vitor Jacintho\"><\/a><div class=\"authorBox__name\"><span>por\n\t\t\t<a href=\"https:\/\/www.suno.com.br\/noticias\/author\/joao-vitor-jacintho\/\"><span itemprop=\"author\">Jo\u00e3o Vitor Jacintho<\/span><\/a><\/span><time datetime=\"2024-02-18T15:32:47-03:00\" itemprop=\"datePublished\">18\/02\/2024 15:32<\/time><\/div><\/div><\/div><\/div><\/div>","single_layout":"posts","amp_enabled":true,"_links":{"self":[{"href":"https:\/\/www.suno.com.br\/noticias\/wp-json\/wp\/v2\/posts\/524057"}],"collection":[{"href":"https:\/\/www.suno.com.br\/noticias\/wp-json\/wp\/v2\/posts"}],"about":[{"href":"https:\/\/www.suno.com.br\/noticias\/wp-json\/wp\/v2\/types\/post"}],"author":[{"embeddable":true,"href":"https:\/\/www.suno.com.br\/noticias\/wp-json\/wp\/v2\/users\/173"}],"replies":[{"embeddable":true,"href":"https:\/\/www.suno.com.br\/noticias\/wp-json\/wp\/v2\/comments?post=524057"}],"version-history":[{"count":2,"href":"https:\/\/www.suno.com.br\/noticias\/wp-json\/wp\/v2\/posts\/524057\/revisions"}],"predecessor-version":[{"id":524059,"href":"https:\/\/www.suno.com.br\/noticias\/wp-json\/wp\/v2\/posts\/524057\/revisions\/524059"}],"wp:featuredmedia":[{"embeddable":true,"href":"https:\/\/www.suno.com.br\/noticias\/wp-json\/wp\/v2\/media\/340414"}],"wp:attachment":[{"href":"https:\/\/www.suno.com.br\/noticias\/wp-json\/wp\/v2\/media?parent=524057"}],"wp:term":[{"taxonomy":"category","embeddable":true,"href":"https:\/\/www.suno.com.br\/noticias\/wp-json\/wp\/v2\/categories?post=524057"},{"taxonomy":"post_tag","embeddable":true,"href":"https:\/\/www.suno.com.br\/noticias\/wp-json\/wp\/v2\/tags?post=524057"},{"taxonomy":"suno_strategy","embeddable":true,"href":"https:\/\/www.suno.com.br\/noticias\/wp-json\/wp\/v2\/suno_strategy?post=524057"}],"curies":[{"name":"wp","href":"https:\/\/api.w.org\/{rel}","templated":true}]}}