{"id":523970,"date":"2024-02-18T14:26:04","date_gmt":"2024-02-18T17:26:04","guid":{"rendered":"https:\/\/www.suno.com.br\/noticias\/?p=523970"},"modified":"2024-02-18T14:26:08","modified_gmt":"2024-02-18T17:26:08","slug":"pib-europa-alta-ouro-dolar-jvj","status":"publish","type":"post","link":"https:\/\/www.suno.com.br\/noticias\/pib-europa-alta-ouro-dolar-jvj\/","title":{"rendered":"PIB melhor da Europa no 2\u00ba semestre gera expectativa de alta do euro ante d\u00f3lar; veja o motivo"},"content":{"rendered":"<p>A perspectiva de melhora da economia da <a class=\"suno-keyword\" data-force=\"no\" data-priority=\"1\" href=\"https:\/\/www.suno.com.br\/artigos\/zona-do-euro\/\" target=\"_blank\" rel=\"noopener\">zona do euro<\/a> no segundo semestre, com o in\u00edcio de um ciclo de redu\u00e7\u00e3o de juros pelo <a class=\"suno-keyword\" data-force=\"no\" data-priority=\"1\" href=\"https:\/\/www.suno.com.br\/artigos\/bce\/\" target=\"_blank\" rel=\"noopener\">Banco Central Europeu (BCE)<\/a> e o cen\u00e1rio de um aumento moderado das exporta\u00e7\u00f5es dos pa\u00edses da regi\u00e3o, gera a expectativa nos mercados internacionais de uma tend\u00eancia de aprecia\u00e7\u00e3o do euro ante o <strong>d\u00f3lar<\/strong> ao longo do ano, sobretudo de junho a dezembro.<\/p>\t<div class=\"wrapper-featured-image\">\n\t\t<figure class=\"spotlightImg\">\n\n\t\t\t<picture>\n\t\t\t\t<source media=\"(max-width: 768px)\" srcset=\"https:\/\/files.sunoresearch.com.br\/n\/uploads\/2022\/08\/europe-400x200.jpg\">\n\t\t\t\t<img loading=\"lazy\" decoding=\"async\" class=\"newsContent__article__imgCapa lazyloadDisabled \" src=\"https:\/\/files.sunoresearch.com.br\/n\/uploads\/2022\/08\/europe-800x450.jpg\" width=\"800\" height=\"450\" alt=\"PIB melhor da Europa no 2\u00ba semestre gera expectativa de alta do euro ante d\u00f3lar; veja o motivo\" fetchpriority=high \/>\n\t\t\t<\/picture>\n\n\t\t\t<figcaption class=\"wp-caption-text wp-caption-text--show\">PIB melhor da Europa no 2\u00ba semestre gera expectativa de alta do euro ante d\u00f3lar. Foto: Christian Lue\/Unsplash<\/figcaption>\n\t\t<\/figure>\n\t<\/div>\n\n\n\n\n\n\t<p>\n\t\t<a href=\"https:\/\/lp.suno.com.br\/ebook-como-analisar-uma-acao\/\" target=\"_blank\" data-element=\"shortcode-suno-banner\" title=\"Banner SUNO, clique e saiba mais\">\n\t\t\t<picture>\n\t\t\t\t<source media=\"(max-width: 500px)\" srcset=\"https:\/\/files.sunoresearch.com.br\/n\/uploads\/2023\/12\/Ebook-Acoes-Mobile.jpg\">\n\t\t\t\t<img class=\"newsContent__article__imgCapa newsContent__article__imgCapa--banner\"\n\t\t\t\t\tsrc=\"https:\/\/files.sunoresearch.com.br\/n\/uploads\/2023\/12\/Ebook-Acoes-Desktop.webp\"\n\t\t\t\t\tdata-promo-id=\"311260\"\t\t\t\t\t\t\t\t\t\twidth='1420' height='286'\t\t\t\t\talt=\"https:\/\/files.sunoresearch.com.br\/n\/uploads\/2023\/12\/Ebook-Acoes-Desktop.webp\"\n\t\t\t\t>\n\t\t\t<\/picture>\n\t\t<\/a>\n\t<\/p>\n\n\n\n\n\n<p>Especialistas em moedas, na Europa e EUA, entrevistados pelo Broadcast (sistema de not\u00edcias em tempo real do Grupo Estado) esperam que o <strong>euro<\/strong> pode atingir a cota\u00e7\u00e3o de US$ 1,10 no fim do primeiro semestre e ficar perto de US$ 1,12 no t\u00e9rmino de 2024. Tais proje\u00e7\u00f5es consideram um ambiente econ\u00f4mico global com menor infla\u00e7\u00e3o e a distens\u00e3o da <a class=\"suno-keyword\" data-force=\"no\" data-priority=\"1\" href=\"https:\/\/www.suno.com.br\/artigos\/politica-monetaria\/\" target=\"_blank\" rel=\"noopener\">pol\u00edtica monet\u00e1ria<\/a> pelo Federal Reserve (Fed) e pelo Banco Central Europeu (BCE) a partir de meados deste ano. Apesar da exist\u00eancia de incertezas geopol\u00edticas, que inclusive podem continuar no Oriente M\u00e9dio nos pr\u00f3ximos 10 meses, eles n\u00e3o esperam choques de oferta globais e t\u00eam uma avalia\u00e7\u00e3o de que os pre\u00e7os do petr\u00f3leo tipo Brent devem registrar uma m\u00e9dia em 2024 pr\u00f3xima ao atual patamar, ao redor de US$ 81,00 o barril.<\/p>\n\n\n\n<p>&#8220;A leve aprecia\u00e7\u00e3o do euro ante o d\u00f3lar que esperamos ver no decorrer deste ano ocorrer\u00e1 em uma conjuntura mais favor\u00e1vel para a economia mundial, na qual investidores deixam a busca de prote\u00e7\u00e3o em um quadro de avers\u00e3o a risco para apenas enfrentar o risco natural que existe no mercado de moedas&#8221;, comentou Thomas Flury, chefe de estrat\u00e9gia para c\u00e2mbio do UBS Global <a class=\"suno-keyword\" data-force=\"no\" data-priority=\"1\" href=\"https:\/\/www.suno.com.br\/artigos\/wealth-management\/\" target=\"_blank\" rel=\"noopener\">Wealth Management<\/a>.<\/p>\n\n\n\t<div data-element=\"shortcode-read-more\" class=\"knowMore\">\n\t\t\t\t<span class=\"knowMore__title\">Leia mais<\/span>\n\t\t\t\t<a class=\"knowMore__link\" href=\"https:\/\/www.suno.com.br\/noticias\/renda-media-rendimento-recorde-quarto-trimestre-2023-jvj\/\">\n\t\t\tRendimento m\u00e9dio atinge novo recorde no 4\u00ba trimestre e desemprego cai em quase todo o Brasil; veja os n\u00fameros\t\t<\/a>\n\t<\/div>\n\n\n\n\n<p>No entanto, nos pr\u00f3ximos dois meses pode ocorrer uma tempor\u00e1ria <strong>aprecia\u00e7\u00e3o do d\u00f3lar<\/strong> perante o euro devido a especula\u00e7\u00f5es nos mercados de que o BCE pode iniciar a redu\u00e7\u00e3o dos juros um pouco antes do Fed, especialmente se a queda da infla\u00e7\u00e3o estiver mais pronunciada na Europa do que nos Estados Unidos neste per\u00edodo. A alta de 3,1% do \u00edndice de pre\u00e7os ao consumidor (CPI) de janeiro nos EUA, acima das previs\u00f5es de analistas, reduziu as chances da taxa dos <a class=\"suno-keyword\" data-force=\"no\" data-priority=\"1\" href=\"https:\/\/www.suno.com.br\/artigos\/fed-funds\/\" target=\"_blank\" rel=\"noopener\">Fed Funds<\/a> come\u00e7ar a baixar em maio e elevou as apostas de investidores de que tal redu\u00e7\u00e3o poder\u00e1 come\u00e7ar em junho.<\/p>\n\n\n\n<p>&#8220;H\u00e1 a possibilidade concreta de o <strong>Banco Central Europeu<\/strong> come\u00e7ar a diminuir os juros em abril, antes do Fed. Isto pode ocorrer com a queda da infla\u00e7\u00e3o dentro das expectativas do BCE e tamb\u00e9m com informa\u00e7\u00f5es de que as negocia\u00e7\u00f5es salariais realizadas nos primeiros meses deste ano determinaram reajustes que n\u00e3o exercer\u00e3o press\u00f5es de alta sobre os \u00edndices de pre\u00e7os ao consumidor&#8221;, comentou o diretor de an\u00e1lise macroecon\u00f4mica do banco Intesa Sanpaolo, Luca Mezzomo. Ele espera que a cota\u00e7\u00e3o do euro oscilar\u00e1 entre US$ 1,08 e US$ 1,12 nos pr\u00f3ximos 9 meses e dever\u00e1 avan\u00e7ar para uma marca entre US$ 1,12 e US$ 1,14 em dezembro.<\/p>\n\n\n\n<h2 class=\"wp-block-heading\">Avan\u00e7o<\/h2>\n\n\n\n<p>Em maio ou junho, quando os investidores tiverem um quadro mais claro sobre o in\u00edcio do corte de juros pelo Fed e BCE, provavelmente o euro iniciar\u00e1 uma trajet\u00f3ria mais regular de aprecia\u00e7\u00e3o ante o d\u00f3lar. Tal movimento pode ocorrer devido ao cen\u00e1rio de melhora da <a class=\"suno-keyword\" data-force=\"no\" data-priority=\"1\" href=\"https:\/\/www.suno.com.br\/artigos\/demanda-agregada\/\" target=\"_blank\" rel=\"noopener\">demanda agregada<\/a> na <strong>zona do euro<\/strong> a partir do final do primeiro semestre, puxado pelo aumento do <a class=\"suno-keyword\" data-force=\"no\" data-priority=\"1\" href=\"https:\/\/www.suno.com.br\/artigos\/poder-de-compra\/\" target=\"_blank\" rel=\"noopener\">poder de compra<\/a> das fam\u00edlias da regi\u00e3o com a queda mais evidente da infla\u00e7\u00e3o. &#8220;O aumento do consumo na segunda metade do ano na zona do euro deve levar a um crescimento do PIB de 0,7% em 2024, velocidade menor do que o dos EUA, mas ser\u00e1 melhor do que a atual estagna\u00e7\u00e3o, registrado na regi\u00e3o desde 2023&#8221;, afirmou Nicholas Bennenbroek, economista internacional do banco Wells Fargo.<\/p>\n\n\n\n<p>Um fator adicional que deve incentivar investidores a confiar mais no fortalecimento do euro ante o d\u00f3lar em meados do ano e que normalmente \u00e9 pouco considerado como relevante \u00e9 o bom desempenho da economia dos EUA em 2024, cuja expans\u00e3o continua vigorosa. Dados recentes como a cria\u00e7\u00e3o de 353 mil postos de trabalho em janeiro e a taxa de desemprego de 3,7%, apesar dos juros estarem entre 5,25% e 5,5% desde julho, levam v\u00e1rios especialistas internacionais a afastar o cen\u00e1rio de recess\u00e3o para este ano e passam a avaliar que a economia americana continuar\u00e1 em pleno voo de cruzeiro at\u00e9 2025.<\/p>\n\n\n\n<p>&#8220;Quando o n\u00edvel de atividade dos EUA est\u00e1 bem, ele ajuda a economia do mundo, inclusive as exporta\u00e7\u00f5es e o crescimento da <strong>Europa<\/strong>&#8220;, comentou Thierry Wizman, estrategista global para c\u00e2mbio e juros do Macquarie Group. O mercado americano \u00e9 o maior importador de produtos europeus, pois representou 19,8% das exporta\u00e7\u00f5es dos pa\u00edses da <a class=\"suno-keyword\" data-force=\"no\" data-priority=\"2\" href=\"https:\/\/www.suno.com.br\/artigos\/uniao-europeia\/\" target=\"_blank\" rel=\"noopener\">Uni\u00e3o Europeia<\/a> (UE) em 2022, \u00faltimo dado dispon\u00edvel, segundo a Eurostat, \u00f3rg\u00e3o de estat\u00edsticas da UE.<\/p>\n\n\n\n<p>O Produto Interno Bruto (PIB) EUA cresceu 2,5% em 2023 e Wizman estima que deve apresentar uma expans\u00e3o pr\u00f3xima de 2,0% em 2024. Para ele, o euro deve atingir uma cota\u00e7\u00e3o entre US$ 1,11 e US$ 1,13 em junho e manter\u00e1 este patamar at\u00e9 dezembro.<\/p>\n\n\n\n<p>Um outro elemento que pode colaborar para a <strong>valoriza\u00e7\u00e3o do euro<\/strong> ante o d\u00f3lar seria um cen\u00e1rio econ\u00f4mico favor\u00e1vel da China em 2024. &#8220;Se o crescimento do pa\u00eds atingir 5% neste ano, o que \u00e9 vi\u00e1vel, dadas as a\u00e7\u00f5es fiscais e monet\u00e1rias que est\u00e3o sendo adotadas com vigor pelo governo desde agosto do ano passado, isto ser\u00e1 um grande fator de impulso \u00e0 produ\u00e7\u00e3o industrial e vendas externas das empresas europeias&#8221;, afirmou Wizman.<\/p>\n\n\n\n<h2 class=\"wp-block-heading\">Cen\u00e1rio diferente<\/h2>\n\n\n\n<p>H\u00e1, contudo, um segmento pequeno de especialistas que acredita em um enfraquecimento do euro perante o <strong>d\u00f3lar em 2024<\/strong>. Para Brad Bechtel, chefe global para c\u00e2mbio do Jefferies, dada a diferen\u00e7a do ritmo de crescimento dos EUA e da zona do euro, o <a class=\"suno-keyword\" data-force=\"no\" data-priority=\"1\" href=\"https:\/\/www.suno.com.br\/artigos\/valor-justo\/\" target=\"_blank\" rel=\"noopener\">valor justo<\/a> para o c\u00e2mbio entre as duas moedas no momento deveria ser a cota\u00e7\u00e3o de US$ 1,05 por euro.<\/p>\n\n\n\n<p>&#8220;O Fed deve realizar tr\u00eas cortes de juros de 0,25 ponto porcentual cada e o BCE quatro redu\u00e7\u00f5es da mesma magnitude neste ano. Estas a\u00e7\u00f5es dos dois bancos centrais n\u00e3o devem alterar de forma significativa o quadro econ\u00f4mico, no qual os EUA apresentam uma firme expans\u00e3o, enquanto a Europa cresce menos, embora deva iniciar uma retomada no segundo semestre&#8221;, afirmou Bechtel. &#8220;Neste contexto, eu espero que o euro dever\u00e1 atingir a cota\u00e7\u00e3o de 1,04 <strong>d\u00f3lar<\/strong> no final de 2024.&#8221;<\/p>\n\n\n\n<p>(Com informa\u00e7\u00f5es de Estad\u00e3o Conte\u00fado)<\/p>\n\n\n\t<p>\n\t\t<a href=\"https:\/\/lp2.suno.com.br\/cl\/black-friday-2025\/?utm_campaign=_SNCDF0E4858_\" target=\"_blank\" data-element=\"shortcode-suno-banner\" title=\"Banner SUNO, clique e saiba mais\">\n\t\t\t<picture>\n\t\t\t\t<source media=\"(max-width: 500px)\" srcset=\"https:\/\/files.sunoresearch.com.br\/n\/uploads\/2025\/10\/Artigos-e-Noticias-Banner-Home-artigos-01-Mobile_-400x300-1-png.webp\">\n\t\t\t\t<img class=\"newsContent__article__imgCapa newsContent__article__imgCapa--banner\"\n\t\t\t\t\tsrc=\"https:\/\/files.sunoresearch.com.br\/n\/uploads\/2025\/10\/Artigos-e-Noticias-Banner-Home-artigos-01-Desktop_-1420x240-1-png.webp\"\n\t\t\t\t\tdata-promo-id=\"311259\"\t\t\t\t\t\t\t\t\t\twidth='1420' height='240'\t\t\t\t\talt=\"https:\/\/files.sunoresearch.com.br\/n\/uploads\/2025\/10\/Artigos-e-Noticias-Banner-Home-artigos-01-Desktop_-1420x240-1-png.webp\"\n\t\t\t\t>\n\t\t\t<\/picture>\n\t\t<\/a>\n\t<\/p>\n\n\n","protected":false},"excerpt":{"rendered":"<p>A perspectiva de melhora da economia da zona do euro no segundo semestre, com o in\u00edcio de um ciclo de redu\u00e7\u00e3o de juros pelo Banco Central Europeu (BCE) e o cen\u00e1rio de um aumento moderado das exporta\u00e7\u00f5es dos pa\u00edses da regi\u00e3o, gera a expectativa nos mercados internacionais de uma tend\u00eancia de aprecia\u00e7\u00e3o do euro ante [&hellip;]<\/p>\n","protected":false},"author":173,"featured_media":291737,"comment_status":"closed","ping_status":"closed","sticky":false,"template":"","format":"standard","meta":[],"categories":[64],"tags":[326,958,807,991],"suno_strategy":[],"class_list":["post-523970","post","type-post","status-publish","format-standard","has-post-thumbnail","hentry","category-negocios","tag-dolar","tag-euro","tag-produto-interno-bruto-pib","tag-zona-do-euro"],"yoast_head":"<!-- This site is optimized with the Yoast SEO plugin v24.4 - https:\/\/yoast.com\/wordpress\/plugins\/seo\/ -->\n<title>PIB melhor da Europa gera expectativa de alta do euro ante d\u00f3lar<\/title>\n<meta name=\"description\" content=\"Um PIB melhor na Europa gerou maior expectativa de valoriza\u00e7\u00e3o do euro perante o d\u00f3lar. Veja os motivos disso.\" \/>\n<meta name=\"robots\" content=\"index, follow, max-snippet:-1, max-image-preview:large, max-video-preview:-1\" \/>\n<link rel=\"canonical\" href=\"https:\/\/www.suno.com.br\/noticias\/pib-europa-alta-ouro-dolar-jvj\/\" \/>\n<meta property=\"og:locale\" content=\"pt_BR\" \/>\n<meta property=\"og:type\" content=\"article\" \/>\n<meta property=\"og:title\" content=\"PIB melhor da Europa gera expectativa de alta do euro ante d\u00f3lar\" \/>\n<meta property=\"og:description\" content=\"Um PIB melhor na Europa gerou maior expectativa de valoriza\u00e7\u00e3o do euro perante o d\u00f3lar. Veja os motivos disso.\" \/>\n<meta property=\"og:url\" content=\"https:\/\/www.suno.com.br\/noticias\/pib-europa-alta-ouro-dolar-jvj\/\" \/>\n<meta property=\"og:site_name\" content=\"Suno Not\u00edcias\" \/>\n<meta property=\"article:publisher\" content=\"https:\/\/facebook.com\/sunoresearch\" \/>\n<meta property=\"og:image\" content=\"https:\/\/files.sunoresearch.com.br\/n\/uploads\/2022\/08\/europe-scaled.jpg\" \/>\n\t<meta property=\"og:image:width\" content=\"2560\" \/>\n\t<meta property=\"og:image:height\" content=\"1498\" \/>\n\t<meta property=\"og:image:type\" content=\"image\/jpeg\" \/>\n<meta name=\"author\" content=\"Jo\u00e3o Vitor\" \/>\n<meta name=\"twitter:card\" content=\"summary_large_image\" \/>\n<meta name=\"twitter:creator\" content=\"@sunoresearch\" \/>\n<meta name=\"twitter:site\" content=\"@sunoresearch\" \/>\n<meta name=\"twitter:label1\" content=\"Escrito por\" \/>\n\t<meta name=\"twitter:data1\" content=\"Jo\u00e3o Vitor\" \/>\n\t<meta name=\"twitter:label2\" content=\"Est. tempo de leitura\" \/>\n\t<meta name=\"twitter:data2\" content=\"6 minutos\" \/>\n<script type=\"application\/ld+json\" class=\"yoast-schema-graph\">{\"@context\":\"https:\/\/schema.org\",\"@graph\":[{\"@type\":\"NewsArticle\",\"@id\":\"https:\/\/www.suno.com.br\/noticias\/pib-europa-alta-ouro-dolar-jvj\/#article\",\"isPartOf\":{\"@id\":\"https:\/\/www.suno.com.br\/noticias\/pib-europa-alta-ouro-dolar-jvj\/\"},\"author\":{\"name\":\"Jo\u00e3o Vitor\",\"@id\":\"https:\/\/www.suno.com.br\/noticias\/#\/schema\/person\/87fc6973867c52dd884811905c43afba\"},\"headline\":\"PIB melhor da Europa no 2\u00ba semestre gera expectativa de alta do euro ante d\u00f3lar; veja o motivo\",\"datePublished\":\"2024-02-18T17:26:04+00:00\",\"dateModified\":\"2024-02-18T17:26:08+00:00\",\"mainEntityOfPage\":{\"@id\":\"https:\/\/www.suno.com.br\/noticias\/pib-europa-alta-ouro-dolar-jvj\/\"},\"wordCount\":1140,\"publisher\":{\"@id\":\"https:\/\/www.suno.com.br\/noticias\/#organization\"},\"image\":{\"@id\":\"https:\/\/www.suno.com.br\/noticias\/pib-europa-alta-ouro-dolar-jvj\/#primaryimage\"},\"thumbnailUrl\":\"https:\/\/files.sunoresearch.com.br\/n\/uploads\/2022\/08\/europe-scaled.jpg\",\"keywords\":[\"d\u00f3lar\",\"Euro\",\"Produto Interno Bruto (PIB)\",\"zona do euro\"],\"articleSection\":[\"Neg\u00f3cios\"],\"inLanguage\":\"pt-BR\"},{\"@type\":\"WebPage\",\"@id\":\"https:\/\/www.suno.com.br\/noticias\/pib-europa-alta-ouro-dolar-jvj\/\",\"url\":\"https:\/\/www.suno.com.br\/noticias\/pib-europa-alta-ouro-dolar-jvj\/\",\"name\":\"PIB melhor da Europa gera expectativa de alta do euro ante d\u00f3lar\",\"isPartOf\":{\"@id\":\"https:\/\/www.suno.com.br\/noticias\/#website\"},\"primaryImageOfPage\":{\"@id\":\"https:\/\/www.suno.com.br\/noticias\/pib-europa-alta-ouro-dolar-jvj\/#primaryimage\"},\"image\":{\"@id\":\"https:\/\/www.suno.com.br\/noticias\/pib-europa-alta-ouro-dolar-jvj\/#primaryimage\"},\"thumbnailUrl\":\"https:\/\/files.sunoresearch.com.br\/n\/uploads\/2022\/08\/europe-scaled.jpg\",\"datePublished\":\"2024-02-18T17:26:04+00:00\",\"dateModified\":\"2024-02-18T17:26:08+00:00\",\"description\":\"Um PIB melhor na Europa gerou maior expectativa de valoriza\u00e7\u00e3o do euro perante o d\u00f3lar. Veja os motivos disso.\",\"breadcrumb\":{\"@id\":\"https:\/\/www.suno.com.br\/noticias\/pib-europa-alta-ouro-dolar-jvj\/#breadcrumb\"},\"inLanguage\":\"pt-BR\",\"potentialAction\":[{\"@type\":\"ReadAction\",\"target\":[\"https:\/\/www.suno.com.br\/noticias\/pib-europa-alta-ouro-dolar-jvj\/\"]}]},{\"@type\":\"ImageObject\",\"inLanguage\":\"pt-BR\",\"@id\":\"https:\/\/www.suno.com.br\/noticias\/pib-europa-alta-ouro-dolar-jvj\/#primaryimage\",\"url\":\"https:\/\/files.sunoresearch.com.br\/n\/uploads\/2022\/08\/europe-scaled.jpg\",\"contentUrl\":\"https:\/\/files.sunoresearch.com.br\/n\/uploads\/2022\/08\/europe-scaled.jpg\",\"width\":2560,\"height\":1498,\"caption\":\"PIB melhor da Europa no 2\u00ba semestre gera expectativa de alta do euro ante d\u00f3lar. Foto: Christian Lue\/Unsplash\"},{\"@type\":\"BreadcrumbList\",\"@id\":\"https:\/\/www.suno.com.br\/noticias\/pib-europa-alta-ouro-dolar-jvj\/#breadcrumb\",\"itemListElement\":[{\"@type\":\"ListItem\",\"position\":1,\"name\":\"Not\u00edcias\",\"item\":\"https:\/\/www.suno.com.br\/noticias\/\"},{\"@type\":\"ListItem\",\"position\":2,\"name\":\"Neg\u00f3cios\",\"item\":\"https:\/\/www.suno.com.br\/noticias\/negocios\/\"},{\"@type\":\"ListItem\",\"position\":3,\"name\":\"PIB melhor da Europa no 2\u00ba semestre gera expectativa de alta do euro ante d\u00f3lar; veja o motivo\"}]},{\"@type\":\"WebSite\",\"@id\":\"https:\/\/www.suno.com.br\/noticias\/#website\",\"url\":\"https:\/\/www.suno.com.br\/noticias\/\",\"name\":\"Suno Not\u00edcias\",\"description\":\"Seu portal de informa\u00e7\u00e3o sobre o mundo dos investimentos\",\"publisher\":{\"@id\":\"https:\/\/www.suno.com.br\/noticias\/#organization\"},\"potentialAction\":[{\"@type\":\"SearchAction\",\"target\":{\"@type\":\"EntryPoint\",\"urlTemplate\":\"https:\/\/www.suno.com.br\/noticias\/?s={search_term_string}\"},\"query-input\":{\"@type\":\"PropertyValueSpecification\",\"valueRequired\":true,\"valueName\":\"search_term_string\"}}],\"inLanguage\":\"pt-BR\"},{\"@type\":\"Organization\",\"@id\":\"https:\/\/www.suno.com.br\/noticias\/#organization\",\"name\":\"Suno Not\u00edcias\",\"url\":\"https:\/\/www.suno.com.br\/noticias\/\",\"logo\":{\"@type\":\"ImageObject\",\"inLanguage\":\"pt-BR\",\"@id\":\"https:\/\/www.suno.com.br\/noticias\/#\/schema\/logo\/image\/\",\"url\":\"https:\/\/files.sunoresearch.com.br\/n\/uploads\/2021\/09\/suno-logo.png\",\"contentUrl\":\"https:\/\/files.sunoresearch.com.br\/n\/uploads\/2021\/09\/suno-logo.png\",\"width\":180,\"height\":180,\"caption\":\"Suno Not\u00edcias\"},\"image\":{\"@id\":\"https:\/\/www.suno.com.br\/noticias\/#\/schema\/logo\/image\/\"},\"sameAs\":[\"https:\/\/facebook.com\/sunoresearch\",\"https:\/\/x.com\/sunoresearch\",\"https:\/\/www.instagram.com\/suno\",\"https:\/\/www.linkedin.com\/company\/suno-research\/\",\"https:\/\/www.youtube.com\/c\/sunoresearch\"]},{\"@type\":\"Person\",\"@id\":\"https:\/\/www.suno.com.br\/noticias\/#\/schema\/person\/87fc6973867c52dd884811905c43afba\",\"name\":\"Jo\u00e3o Vitor\",\"image\":{\"@type\":\"ImageObject\",\"inLanguage\":\"pt-BR\",\"@id\":\"https:\/\/www.suno.com.br\/noticias\/#\/schema\/person\/image\/\",\"url\":\"https:\/\/secure.gravatar.com\/avatar\/2843227ca03ccf8cc7ccca45204c127e?s=96&r=g\",\"contentUrl\":\"https:\/\/secure.gravatar.com\/avatar\/2843227ca03ccf8cc7ccca45204c127e?s=96&r=g\",\"caption\":\"Jo\u00e3o Vitor\"},\"description\":\"Redator profissional, com atua\u00e7\u00e3o no mercado editorial na produ\u00e7\u00e3o de not\u00edcias e conte\u00fados sobre o mercado de a\u00e7\u00f5es, fundos imobili\u00e1rios e economia popular. Graduando em Engenharia Qu\u00edmica pela Unesp, tamb\u00e9m j\u00e1 atuou como consultor financeiro.\",\"url\":\"https:\/\/www.suno.com.br\/noticias\/author\/joao-vitor-jacintho\/\"}]}<\/script>\n<!-- \/ Yoast SEO plugin. -->","yoast_head_json":{"title":"PIB melhor da Europa gera expectativa de alta do euro ante d\u00f3lar","description":"Um PIB melhor na Europa gerou maior expectativa de valoriza\u00e7\u00e3o do euro perante o d\u00f3lar. Veja os motivos disso.","robots":{"index":"index","follow":"follow","max-snippet":"max-snippet:-1","max-image-preview":"max-image-preview:large","max-video-preview":"max-video-preview:-1"},"canonical":"https:\/\/www.suno.com.br\/noticias\/pib-europa-alta-ouro-dolar-jvj\/","og_locale":"pt_BR","og_type":"article","og_title":"PIB melhor da Europa gera expectativa de alta do euro ante d\u00f3lar","og_description":"Um PIB melhor na Europa gerou maior expectativa de valoriza\u00e7\u00e3o do euro perante o d\u00f3lar. Veja os motivos disso.","og_url":"https:\/\/www.suno.com.br\/noticias\/pib-europa-alta-ouro-dolar-jvj\/","og_site_name":"Suno Not\u00edcias","article_publisher":"https:\/\/facebook.com\/sunoresearch","og_image":[{"width":2560,"height":1498,"url":"https:\/\/files.sunoresearch.com.br\/n\/uploads\/2022\/08\/europe-scaled.jpg","type":"image\/jpeg"}],"author":"Jo\u00e3o Vitor","twitter_card":"summary_large_image","twitter_creator":"@sunoresearch","twitter_site":"@sunoresearch","twitter_misc":{"Escrito por":"Jo\u00e3o Vitor","Est. tempo de leitura":"6 minutos"},"schema":{"@context":"https:\/\/schema.org","@graph":[{"@type":"NewsArticle","@id":"https:\/\/www.suno.com.br\/noticias\/pib-europa-alta-ouro-dolar-jvj\/#article","isPartOf":{"@id":"https:\/\/www.suno.com.br\/noticias\/pib-europa-alta-ouro-dolar-jvj\/"},"author":{"name":"Jo\u00e3o Vitor","@id":"https:\/\/www.suno.com.br\/noticias\/#\/schema\/person\/87fc6973867c52dd884811905c43afba"},"headline":"PIB melhor da Europa no 2\u00ba semestre gera expectativa de alta do euro ante d\u00f3lar; veja o motivo","datePublished":"2024-02-18T17:26:04+00:00","dateModified":"2024-02-18T17:26:08+00:00","mainEntityOfPage":{"@id":"https:\/\/www.suno.com.br\/noticias\/pib-europa-alta-ouro-dolar-jvj\/"},"wordCount":1140,"publisher":{"@id":"https:\/\/www.suno.com.br\/noticias\/#organization"},"image":{"@id":"https:\/\/www.suno.com.br\/noticias\/pib-europa-alta-ouro-dolar-jvj\/#primaryimage"},"thumbnailUrl":"https:\/\/files.sunoresearch.com.br\/n\/uploads\/2022\/08\/europe-scaled.jpg","keywords":["d\u00f3lar","Euro","Produto Interno Bruto (PIB)","zona do euro"],"articleSection":["Neg\u00f3cios"],"inLanguage":"pt-BR"},{"@type":"WebPage","@id":"https:\/\/www.suno.com.br\/noticias\/pib-europa-alta-ouro-dolar-jvj\/","url":"https:\/\/www.suno.com.br\/noticias\/pib-europa-alta-ouro-dolar-jvj\/","name":"PIB melhor da Europa gera expectativa de alta do euro ante d\u00f3lar","isPartOf":{"@id":"https:\/\/www.suno.com.br\/noticias\/#website"},"primaryImageOfPage":{"@id":"https:\/\/www.suno.com.br\/noticias\/pib-europa-alta-ouro-dolar-jvj\/#primaryimage"},"image":{"@id":"https:\/\/www.suno.com.br\/noticias\/pib-europa-alta-ouro-dolar-jvj\/#primaryimage"},"thumbnailUrl":"https:\/\/files.sunoresearch.com.br\/n\/uploads\/2022\/08\/europe-scaled.jpg","datePublished":"2024-02-18T17:26:04+00:00","dateModified":"2024-02-18T17:26:08+00:00","description":"Um PIB melhor na Europa gerou maior expectativa de valoriza\u00e7\u00e3o do euro perante o d\u00f3lar. Veja os motivos disso.","breadcrumb":{"@id":"https:\/\/www.suno.com.br\/noticias\/pib-europa-alta-ouro-dolar-jvj\/#breadcrumb"},"inLanguage":"pt-BR","potentialAction":[{"@type":"ReadAction","target":["https:\/\/www.suno.com.br\/noticias\/pib-europa-alta-ouro-dolar-jvj\/"]}]},{"@type":"ImageObject","inLanguage":"pt-BR","@id":"https:\/\/www.suno.com.br\/noticias\/pib-europa-alta-ouro-dolar-jvj\/#primaryimage","url":"https:\/\/files.sunoresearch.com.br\/n\/uploads\/2022\/08\/europe-scaled.jpg","contentUrl":"https:\/\/files.sunoresearch.com.br\/n\/uploads\/2022\/08\/europe-scaled.jpg","width":2560,"height":1498,"caption":"PIB melhor da Europa no 2\u00ba semestre gera expectativa de alta do euro ante d\u00f3lar. Foto: Christian Lue\/Unsplash"},{"@type":"BreadcrumbList","@id":"https:\/\/www.suno.com.br\/noticias\/pib-europa-alta-ouro-dolar-jvj\/#breadcrumb","itemListElement":[{"@type":"ListItem","position":1,"name":"Not\u00edcias","item":"https:\/\/www.suno.com.br\/noticias\/"},{"@type":"ListItem","position":2,"name":"Neg\u00f3cios","item":"https:\/\/www.suno.com.br\/noticias\/negocios\/"},{"@type":"ListItem","position":3,"name":"PIB melhor da Europa no 2\u00ba semestre gera expectativa de alta do euro ante d\u00f3lar; veja o motivo"}]},{"@type":"WebSite","@id":"https:\/\/www.suno.com.br\/noticias\/#website","url":"https:\/\/www.suno.com.br\/noticias\/","name":"Suno Not\u00edcias","description":"Seu portal de informa\u00e7\u00e3o sobre o mundo dos investimentos","publisher":{"@id":"https:\/\/www.suno.com.br\/noticias\/#organization"},"potentialAction":[{"@type":"SearchAction","target":{"@type":"EntryPoint","urlTemplate":"https:\/\/www.suno.com.br\/noticias\/?s={search_term_string}"},"query-input":{"@type":"PropertyValueSpecification","valueRequired":true,"valueName":"search_term_string"}}],"inLanguage":"pt-BR"},{"@type":"Organization","@id":"https:\/\/www.suno.com.br\/noticias\/#organization","name":"Suno Not\u00edcias","url":"https:\/\/www.suno.com.br\/noticias\/","logo":{"@type":"ImageObject","inLanguage":"pt-BR","@id":"https:\/\/www.suno.com.br\/noticias\/#\/schema\/logo\/image\/","url":"https:\/\/files.sunoresearch.com.br\/n\/uploads\/2021\/09\/suno-logo.png","contentUrl":"https:\/\/files.sunoresearch.com.br\/n\/uploads\/2021\/09\/suno-logo.png","width":180,"height":180,"caption":"Suno Not\u00edcias"},"image":{"@id":"https:\/\/www.suno.com.br\/noticias\/#\/schema\/logo\/image\/"},"sameAs":["https:\/\/facebook.com\/sunoresearch","https:\/\/x.com\/sunoresearch","https:\/\/www.instagram.com\/suno","https:\/\/www.linkedin.com\/company\/suno-research\/","https:\/\/www.youtube.com\/c\/sunoresearch"]},{"@type":"Person","@id":"https:\/\/www.suno.com.br\/noticias\/#\/schema\/person\/87fc6973867c52dd884811905c43afba","name":"Jo\u00e3o Vitor","image":{"@type":"ImageObject","inLanguage":"pt-BR","@id":"https:\/\/www.suno.com.br\/noticias\/#\/schema\/person\/image\/","url":"https:\/\/secure.gravatar.com\/avatar\/2843227ca03ccf8cc7ccca45204c127e?s=96&r=g","contentUrl":"https:\/\/secure.gravatar.com\/avatar\/2843227ca03ccf8cc7ccca45204c127e?s=96&r=g","caption":"Jo\u00e3o Vitor"},"description":"Redator profissional, com atua\u00e7\u00e3o no mercado editorial na produ\u00e7\u00e3o de not\u00edcias e conte\u00fados sobre o mercado de a\u00e7\u00f5es, fundos imobili\u00e1rios e economia popular. Graduando em Engenharia Qu\u00edmica pela Unesp, tamb\u00e9m j\u00e1 atuou como consultor financeiro.","url":"https:\/\/www.suno.com.br\/noticias\/author\/joao-vitor-jacintho\/"}]}},"default_loop_html":"<div class=\"cardsPage__listCard__boxs\"><div class=\"cardsPage__listCard__boxs__img\"><a href=\"https:\/\/www.suno.com.br\/noticias\/pib-europa-alta-ouro-dolar-jvj\/\"><img class=\"mask\" src=\"https:\/\/www.suno.com.br\/noticias\/wp-content\/themes\/suno\/resources\/images\/spotlight\/spotlight1img\/bg-mask.png\" alt=\"Image Mask\"\/><img src=\"https:\/\/files.sunoresearch.com.br\/n\/uploads\/2022\/08\/europe-400x200.jpg\" alt=\"PIB melhor da Europa no 2\u00ba semestre gera expectativa de alta do euro ante d\u00f3lar; veja o motivo\"\/><\/a><span class=\"spotlightCategory\"><a href=\"https:\/\/www.suno.com.br\/noticias\/negocios\/\">Neg\u00f3cios<\/a><\/span><\/div><div class=\"cardsPage__listCard__boxs__content\"><a href=\"https:\/\/www.suno.com.br\/noticias\/pib-europa-alta-ouro-dolar-jvj\/\"><h2 class=\"content__title\">PIB melhor da Europa no 2\u00ba semestre gera expectativa de alta do euro ante d\u00f3lar; veja o motivo<\/h2><\/a><div class=\"newsContent__article__meta\"><div class=\"newsContent__article__meta__authorBox\"><a href=\"https:\/\/www.suno.com.br\/noticias\/author\/joao-vitor-jacintho\/\" class=\"authorBox__avatar noMobi\"><img src=\"https:\/\/secure.gravatar.com\/avatar\/2843227ca03ccf8cc7ccca45204c127e?s=96&#038;r=g\" alt=\"Jo\u00e3o Vitor Jacintho\"><\/a><div class=\"authorBox__name\"><span>por\n\t\t\t<a href=\"https:\/\/www.suno.com.br\/noticias\/author\/joao-vitor-jacintho\/\"><span itemprop=\"author\">Jo\u00e3o Vitor Jacintho<\/span><\/a><\/span><time datetime=\"2024-02-18T14:26:04-03:00\" itemprop=\"datePublished\">18\/02\/2024 14:26<\/time><\/div><\/div><\/div><\/div><\/div>","single_layout":"posts","amp_enabled":true,"_links":{"self":[{"href":"https:\/\/www.suno.com.br\/noticias\/wp-json\/wp\/v2\/posts\/523970"}],"collection":[{"href":"https:\/\/www.suno.com.br\/noticias\/wp-json\/wp\/v2\/posts"}],"about":[{"href":"https:\/\/www.suno.com.br\/noticias\/wp-json\/wp\/v2\/types\/post"}],"author":[{"embeddable":true,"href":"https:\/\/www.suno.com.br\/noticias\/wp-json\/wp\/v2\/users\/173"}],"replies":[{"embeddable":true,"href":"https:\/\/www.suno.com.br\/noticias\/wp-json\/wp\/v2\/comments?post=523970"}],"version-history":[{"count":3,"href":"https:\/\/www.suno.com.br\/noticias\/wp-json\/wp\/v2\/posts\/523970\/revisions"}],"predecessor-version":[{"id":524055,"href":"https:\/\/www.suno.com.br\/noticias\/wp-json\/wp\/v2\/posts\/523970\/revisions\/524055"}],"wp:featuredmedia":[{"embeddable":true,"href":"https:\/\/www.suno.com.br\/noticias\/wp-json\/wp\/v2\/media\/291737"}],"wp:attachment":[{"href":"https:\/\/www.suno.com.br\/noticias\/wp-json\/wp\/v2\/media?parent=523970"}],"wp:term":[{"taxonomy":"category","embeddable":true,"href":"https:\/\/www.suno.com.br\/noticias\/wp-json\/wp\/v2\/categories?post=523970"},{"taxonomy":"post_tag","embeddable":true,"href":"https:\/\/www.suno.com.br\/noticias\/wp-json\/wp\/v2\/tags?post=523970"},{"taxonomy":"suno_strategy","embeddable":true,"href":"https:\/\/www.suno.com.br\/noticias\/wp-json\/wp\/v2\/suno_strategy?post=523970"}],"curies":[{"name":"wp","href":"https:\/\/api.w.org\/{rel}","templated":true}]}}