{"id":523944,"date":"2024-02-17T12:07:44","date_gmt":"2024-02-17T15:07:44","guid":{"rendered":"https:\/\/www.suno.com.br\/noticias\/?p=523944"},"modified":"2024-02-17T12:07:51","modified_gmt":"2024-02-17T15:07:51","slug":"cotacao-dolar-semana-testa-extremos-cpf","status":"publish","type":"post","link":"https:\/\/www.suno.com.br\/noticias\/cotacao-dolar-semana-testa-extremos-cpf\/","title":{"rendered":"D\u00f3lar abaixo de R$ 5,00 &#8216;testa extremos&#8217;, diz especialista"},"content":{"rendered":"<p>A <strong>cota\u00e7\u00e3o do d\u00f3lar <\/strong>oscilou pr\u00f3ximos aos R$ 5,00 ao longo desta semana, com margens m\u00ednimas em R$ 4,96. &#8220;O d\u00f3lar continua encontrando resist\u00eancia na faixa entre R$ 4,90 e R$ 5,00, testando os extremos em situa\u00e7\u00f5es mais conflituosas ou otimistas&#8221;, comenta Diego Costa, head de c\u00e2mbio para o norte e nordeste da B&amp;T C\u00e2mbio.  <\/p>\t<div class=\"wrapper-featured-image\">\n\t\t<figure class=\"spotlightImg\">\n\n\t\t\t<picture>\n\t\t\t\t<source media=\"(max-width: 768px)\" srcset=\"https:\/\/files.sunoresearch.com.br\/n\/uploads\/2024\/02\/dolar-estados-unidos-cotacao-400x200.jpg\">\n\t\t\t\t<img loading=\"lazy\" decoding=\"async\" class=\"newsContent__article__imgCapa lazyloadDisabled \" src=\"https:\/\/files.sunoresearch.com.br\/n\/uploads\/2024\/02\/dolar-estados-unidos-cotacao-800x450.jpg\" width=\"800\" height=\"450\" alt=\"D\u00f3lar abaixo de R$ 5,00 &#8216;testa extremos&#8217;, diz especialista\" fetchpriority=high \/>\n\t\t\t<\/picture>\n\n\t\t\t<figcaption class=\"wp-caption-text wp-caption-text--show\">Oriente M\u00e9dio eleva avers\u00e3o ao risco e leva bolsas europeias a fortes perdas. Foto: Unsplash<\/figcaption>\n\t\t<\/figure>\n\t<\/div>\n\n\n\n\n\n\n\n\t<p>\n\t\t<a href=\"https:\/\/lp.suno.com.br\/ebook-como-analisar-uma-acao\/\" target=\"_blank\" data-element=\"shortcode-suno-banner\" title=\"Banner SUNO, clique e saiba mais\">\n\t\t\t<picture>\n\t\t\t\t<source media=\"(max-width: 500px)\" srcset=\"https:\/\/files.sunoresearch.com.br\/n\/uploads\/2023\/03\/Ebook-Acoes-Mobile.jpg\">\n\t\t\t\t<img class=\"newsContent__article__imgCapa newsContent__article__imgCapa--banner\"\n\t\t\t\t\tsrc=\"https:\/\/files.sunoresearch.com.br\/n\/uploads\/2023\/03\/Ebook-Acoes-Desktop.jpg\"\n\t\t\t\t\tdata-promo-id=\"378302\"\t\t\t\t\t\t\t\t\t\twidth='1420' height='286'\t\t\t\t\talt=\"https:\/\/files.sunoresearch.com.br\/n\/uploads\/2023\/03\/Ebook-Acoes-Desktop.jpg\"\n\t\t\t\t>\n\t\t\t<\/picture>\n\t\t<\/a>\n\t<\/p>\n\n\n\n\n\n<p>Enquanto os mercados globais aguardam mais direcionamentos da <a class=\"suno-keyword\" data-force=\"no\" data-priority=\"1\" href=\"https:\/\/www.suno.com.br\/artigos\/politica-monetaria\/\" target=\"_blank\" rel=\"noopener\">pol\u00edtica monet\u00e1ria<\/a>, nesta semana dirigentes do <strong>Federal Reserve<\/strong> (ou Fed, o Banco Central dos Estados Unidos) apontaram que est\u00e3o otimistas com cortes da taxa de juros para os pr\u00f3ximos encontros do comit\u00ea. <\/p>\n\n\n\n<p>A <strong>presidente do Fed em S\u00e3o Francisco<\/strong>, Mary Daly, afirmou que m\u00faltiplos cortes seriam feitos. Algo similar foi dito pelo dirigente de Boston, Raphael Bostic, que afirmou que poderia &#8220;com certeza&#8221; haver tr\u00eas cortes. <\/p>\n\n\n\n<p>&#8220;No Brasil, o Ibovespa busca sustenta\u00e7\u00e3o, mas o cen\u00e1rio externo exige cautela&#8221;, alerta o head de c\u00e2mbio.<\/p>\n\n\n\n\t<div data-element=\"shortcode-read-more\" class=\"readToo\">\n\t\t\t\t<span class=\"readToo__title\">Leia mais<\/span>\n\t\t\t\t<ul class=\"readToo__list\">\n\t\t\t<li><a href=\"https:\/\/www.suno.com.br\/noticias\/news-agenda-dividendos-petrobras-petr4-bbse3-fevereiro-cpf\/\">Petrobras (PETR4) e BB Seguridade (BBSE3) pagam dividendos esta semana<\/a><\/li><li><a href=\"https:\/\/www.suno.com.br\/noticias\/fundo-imobiliario-xpml11-dividendos-fevereiro-2024-jvj\/\">XPML11 anuncia novo pagamento de dividendos; veja o valor<\/a><\/li>\t\t<\/ul>\n\t<\/div>\n\n\n\n\n<h2 class=\"wp-block-heading\">Altas e baixas do d\u00f3lar (USD)<\/h2>\n\n\n\n<p>Ao longo da semana, o <strong>d\u00f3lar americano<\/strong> acumulou uma alta discreta de +0,10%. <\/p>\n\n\n\n<p>Nesta sexta-feira (16), a moeda refletiu oscila\u00e7\u00f5es acompanhando dados econ\u00f4micos dos EUA. Durante a manh\u00e3, a moeda abriu o c\u00e2mbio do d\u00f3lar com leve queda de -0,01% e reverteu o cen\u00e1rio ainda antes das 12h, registrando uma m\u00e1xima de R$ 4,9883 (+0,40%). <\/p>\n\n\n\n<p>&#8220;Esse movimento foi impulsionado pela amplia\u00e7\u00e3o dos ganhos dos <strong>Treasuries <\/strong>ap\u00f3s a divulga\u00e7\u00e3o de dados de infla\u00e7\u00e3o ao produtor nos EUA, que superaram as expectativas, aumentando as chances de um in\u00edcio de corte de juros pelo Fed em junho,&#8221; explicou Luiz Felipe Bazzo, <strong>CEO do Transferbank<\/strong>, fintech de transfer\u00eancias internacionais. <\/p>\n\n\n\t<p>\n\t\t<a href=\"https:\/\/lp.suno.com.br\/ebook-gratuito-investindo-no-exterior\/\" target=\"_blank\" data-element=\"shortcode-suno-banner\" title=\"Banner SUNO, clique e saiba mais\">\n\t\t\t<picture>\n\t\t\t\t<source media=\"(max-width: 500px)\" srcset=\"https:\/\/files.sunoresearch.com.br\/n\/uploads\/2023\/03\/400x300-Investindo-no-exterior.png\">\n\t\t\t\t<img class=\"newsContent__article__imgCapa newsContent__article__imgCapa--banner\"\n\t\t\t\t\tsrc=\"https:\/\/files.sunoresearch.com.br\/n\/uploads\/2023\/03\/1420x240-Investindo-no-exterior.png\"\n\t\t\t\t\tdata-promo-id=\"383161\"\t\t\t\t\t\t\t\t\t\twidth='1420' height='240'\t\t\t\t\talt=\"https:\/\/files.sunoresearch.com.br\/n\/uploads\/2023\/03\/1420x240-Investindo-no-exterior.png\"\n\t\t\t\t>\n\t\t\t<\/picture>\n\t\t<\/a>\n\t<\/p>\n\n\n\n\n\n<h2 class=\"wp-block-heading\">Efeitos da economia americana na bolsa brasileira<\/h2>\n\n\n\n<p>Esses dados econ\u00f4micos dos EUA tamb\u00e9m refletiram no mercado brasileiro, com possibilidade de novos direcionamentos para as pr\u00f3ximas reuni\u00f5es do <a class=\"suno-keyword\" data-force=\"no\" data-priority=\"2\" href=\"https:\/\/www.suno.com.br\/artigos\/copom\/\" target=\"_blank\" rel=\"noopener\"><strong>Comit\u00ea de Pol\u00edtica Monet\u00e1ria (Copom)<\/strong><\/a>, que pode precisar rever o tamanho do ciclo de corte da<strong> taxa Selic <\/strong>neste ano. <\/p>\n\n\n\n<p>Apesar dos direcionamentos mistos, a<strong> bolsa de valores no Brasil <\/strong>resistiu \u00e0s oscila\u00e7\u00f5es do exterior. &#8220;O Ibovespa demonstrou uma resili\u00eancia not\u00e1vel ao manter-se em alta, mesmo em meio a quedas nas <strong>bolsas de Nova York<\/strong>. O desempenho foi impulsionado principalmente pelo vigor das a\u00e7\u00f5es da <a class=\"suno-keyword\" data-force=\"yes\" data-priority=\"2\" href=\"https:\/\/www.suno.com.br\/acoes\/VALE3\/\" target=\"_blank\" rel=\"noopener\">Vale (VALE3)<\/a> e da <a class=\"suno-keyword\" data-force=\"yes\" data-priority=\"2\" href=\"https:\/\/www.suno.com.br\/acoes\/PETR4\/\" target=\"_blank\" rel=\"noopener\">Petrobras (PETR4)<\/a>, refletindo um cen\u00e1rio positivo nos setores de minera\u00e7\u00e3o e petr\u00f3leo&#8221;, ressalta o CEO. <\/p>\n\n\n\n<p>Al\u00e9m disso, a not\u00edcia do Fies Social para financiamento de cursos superiores impulsionou as a\u00e7\u00f5es de empresas de educa\u00e7\u00e3o, contribuindo para a tend\u00eancia de alta. &#8220;O mercado brasileiro continua sens\u00edvel \u00e0s not\u00edcias e eventos internacionais, particularmente em rela\u00e7\u00e3o \u00e0 pol\u00edtica monet\u00e1ria nos EUA, o que pode continuar a moldar seus movimentos nos pr\u00f3ximos dias&#8221;, afirma Bazzo. <\/p>\n\n\n\n<p>O head de c\u00e2mbio da B&amp;T tamb\u00e9m pontua que a press\u00e3o norte-americano &#8220;pode levar \u00e0 entrada de capital no pa\u00eds, redu\u00e7\u00e3o de fluxo nas bolsas e \u00e0 aprecia\u00e7\u00e3o do d\u00f3lar.&#8221;<\/p>\n\n\n\n\t<div data-element=\"shortcode-read-more\" class=\"readToo\">\n\t\t\t\t<span class=\"readToo__title\">Leia mais<\/span>\n\t\t\t\t<ul class=\"readToo__list\">\n\t\t\t<li><a href=\"https:\/\/www.suno.com.br\/noticias\/haddad-apoio-banco-brasil-bbas3-bradesco-bbdc4-cpf\/\">Banco do Brasil (BBAS3), Bradesco (BBDC4) e Santander (SANB11) recebem pedido de apoio de Haddad<\/a><\/li><li><a href=\"https:\/\/www.suno.com.br\/noticias\/acoes-taesa-taee11-taee3-taee4-queda-7-semanas-jvj\/\">Taesa (TAEE11) cai pela 7\u00aa semana seguida; o que est\u00e1 acontecendo?<\/a><\/li>\t\t<\/ul>\n\t<\/div>\n\n\n\n\n<h2 class=\"wp-block-heading\">Fechamento do d\u00f3lar na semana<\/h2>\n\n\n\n<p>No encerramento da sexta-feira (16), o<strong> d\u00f3lar (USD\/BRL)<\/strong> marcava -0,14%, negociado \u00e0 vista a R$ 4,9671.<\/p>\n\n\n\n<p>Durante a semana, o calend\u00e1rio de negocia\u00e7\u00f5es foi reduzido, com apenas dois dias e meio \u00fateis. Na abertura da quarta-feira, em meio expediente devido ao feriado da Quarta de Cinzas, o <strong>d\u00f3lar <\/strong>repercutiu dados do<strong> CPI nos Estados Unidos<\/strong>, divulgados na ter\u00e7a-feira. <\/p>\n\n\n\n<p>Os discursos mais contundentes dos representantes do Federal Reserve est\u00e3o refletindo nos indicadores do <a class=\"suno-keyword\" target=\"_blank\" data-force=\"no\" data-priority=\"2\" href=\"https:\/\/www.suno.com.br\/artigos\/mercado-de-trabalho\/\" rel=\"noopener\">mercado de trabalho<\/a> e na infla\u00e7\u00e3o, especialmente no que diz respeito ao consumidor e ao produtor. &#8220;Os dados vieram acima do esperado, encerrando a semana e decepcionando os investidores mais otimistas. Por enquanto, o recado est\u00e1 sendo bastante claro: at\u00e9 junho, os juros n\u00e3o devem ceder&#8221;, refor\u00e7a Diego Costa. <\/p>\n\n\n\n<p>O<strong> Banco Central do Brasil <\/strong>enfatizou que as decis\u00f5es de pol\u00edtica monet\u00e1ria n\u00e3o estar\u00e3o desancoradas dos fatores externos. Dessa forma, a redu\u00e7\u00e3o da diferen\u00e7a entre as taxas de juros do Brasil e dos Estados Unidos pode tornar a moeda brasileira menos atrativo para investidores estrangeiros, resultando em sua desvaloriza\u00e7\u00e3o do <strong>real para d\u00f3lar.<\/strong><\/p>\n\n\n\n<h2 class=\"wp-block-heading\">O que esperar do d\u00f3lar nesta semana?<\/h2>\n\n\n\n<p>A pr\u00f3xima semana, segundo o head da B&amp;T C\u00e2mbio, tamb\u00e9m ser\u00e1 marcada por liquidez reduzida, devido ao feriado do <strong>Dia do Presidente nos Estados Unidos<\/strong> logo na segunda-feira (19). <\/p>\n\n\n\n<p>O decorrer da semana ser\u00e1 mais intenso, com alguns eventos principais:<\/p>\n\n\n\n<ul class=\"wp-block-list\">\n<li>Decis\u00f5es de juros na China;<\/li>\n\n\n\n<li>Atas das \u00faltimas decis\u00f5es de pol\u00edtica monet\u00e1ria do FOMC e do BCE;<\/li>\n\n\n\n<li>\u00cdndices de atividade econ\u00f4mica (PMI) na Europa e nos Estados Unidos;<\/li>\n\n\n\n<li>Infla\u00e7\u00e3o ao consumidor na Europa;<\/li>\n\n\n\n<li>PIB da Alemanha, que assumiu esta semana o posto de terceira maior economia do mundo;<\/li>\n\n\n\n<li>Discursos de dirigentes Bostic, Bowman e Waller, do Fed.<\/li>\n<\/ul>\n\n\n\n<p>No Brasil, os principais destaques ser\u00e3o o <a class=\"suno-keyword\" target=\"_blank\" data-force=\"no\" data-priority=\"2\" href=\"https:\/\/www.suno.com.br\/artigos\/boletim-focus\/\" rel=\"noopener\">Boletim Focus<\/a>, pr\u00e9via do PIB com o IBC-Br e desdobramentos pol\u00edticos com as amea\u00e7as de derrubada do veto das emendas parlamentares.<\/p>\n\n\n\t<p>\n\t\t<a href=\"https:\/\/lp.suno.com.br\/planilha-da-vida-financeira\/\" target=\"_blank\" data-element=\"shortcode-suno-banner\" title=\"Banner SUNO, clique e saiba mais\">\n\t\t\t<picture>\n\t\t\t\t<source media=\"(max-width: 500px)\" srcset=\"https:\/\/files.sunoresearch.com.br\/n\/uploads\/2023\/04\/400x300-Planilha-vida-financeira-true.png\">\n\t\t\t\t<img class=\"newsContent__article__imgCapa newsContent__article__imgCapa--banner\"\n\t\t\t\t\tsrc=\"https:\/\/files.sunoresearch.com.br\/n\/uploads\/2023\/04\/1420x240-Planilha-vida-financeira-true.png\"\n\t\t\t\t\tdata-promo-id=\"383123\"\t\t\t\t\t\t\t\t\t\twidth='1420' height='240'\t\t\t\t\talt=\"https:\/\/files.sunoresearch.com.br\/n\/uploads\/2023\/04\/1420x240-Planilha-vida-financeira-true.png\"\n\t\t\t\t>\n\t\t\t<\/picture>\n\t\t<\/a>\n\t<\/p>\n\n\n","protected":false},"excerpt":{"rendered":"<p>A cota\u00e7\u00e3o do d\u00f3lar oscilou pr\u00f3ximos aos R$ 5,00 ao longo desta semana, com margens m\u00ednimas em R$ 4,96. &#8220;O d\u00f3lar continua encontrando resist\u00eancia na faixa entre R$ 4,90 e R$ 5,00, testando os extremos em situa\u00e7\u00f5es mais conflituosas ou otimistas&#8221;, comenta Diego Costa, head de c\u00e2mbio para o norte e nordeste da B&amp;T C\u00e2mbio. [&hellip;]<\/p>\n","protected":false},"author":283,"featured_media":523977,"comment_status":"closed","ping_status":"closed","sticky":false,"template":"","format":"standard","meta":[],"categories":[60],"tags":[326,1852,105816,793],"suno_strategy":[],"class_list":["post-523944","post","type-post","status-publish","format-standard","has-post-thumbnail","hentry","category-mercado","tag-dolar","tag-dolar-futuro","tag-especialistas","tag-estados-unidos-eua"],"yoast_head":"<!-- This site is optimized with the Yoast SEO plugin v24.4 - https:\/\/yoast.com\/wordpress\/plugins\/seo\/ -->\n<title>D\u00f3lar abaixo de R$ 5,00 &#039;testa extremos&#039;, diz especialista<\/title>\n<meta name=\"description\" content=\"Com uma varia\u00e7\u00e3o semanal de +0,10%, o d\u00f3lar americano continuou abaixo de R$ 5,00, com posicionamentos mistos sobre o corte de juros nos EUA.\" \/>\n<meta name=\"robots\" content=\"index, follow, max-snippet:-1, max-image-preview:large, max-video-preview:-1\" \/>\n<link rel=\"canonical\" href=\"https:\/\/www.suno.com.br\/noticias\/cotacao-dolar-semana-testa-extremos-cpf\/\" \/>\n<meta property=\"og:locale\" content=\"pt_BR\" \/>\n<meta property=\"og:type\" content=\"article\" \/>\n<meta property=\"og:title\" content=\"D\u00f3lar abaixo de R$ 5,00 &#039;testa extremos&#039;, diz especialista\" \/>\n<meta property=\"og:description\" content=\"Com uma varia\u00e7\u00e3o semanal de +0,10%, o d\u00f3lar americano continuou abaixo de R$ 5,00, com posicionamentos mistos sobre o corte de juros nos EUA.\" \/>\n<meta property=\"og:url\" content=\"https:\/\/www.suno.com.br\/noticias\/cotacao-dolar-semana-testa-extremos-cpf\/\" \/>\n<meta property=\"og:site_name\" content=\"Suno Not\u00edcias\" \/>\n<meta property=\"article:publisher\" content=\"https:\/\/facebook.com\/sunoresearch\" \/>\n<meta property=\"og:image\" content=\"https:\/\/files.sunoresearch.com.br\/n\/uploads\/2024\/02\/dolar-estados-unidos-cotacao.jpg\" \/>\n\t<meta property=\"og:image:width\" content=\"1200\" \/>\n\t<meta property=\"og:image:height\" content=\"800\" \/>\n\t<meta property=\"og:image:type\" content=\"image\/jpeg\" \/>\n<meta name=\"author\" content=\"Camila Paim\" \/>\n<meta name=\"twitter:card\" content=\"summary_large_image\" \/>\n<meta name=\"twitter:creator\" content=\"@sunoresearch\" \/>\n<meta name=\"twitter:site\" content=\"@sunoresearch\" \/>\n<meta name=\"twitter:label1\" content=\"Escrito por\" \/>\n\t<meta name=\"twitter:data1\" content=\"Camila Paim\" \/>\n\t<meta name=\"twitter:label2\" content=\"Est. tempo de leitura\" \/>\n\t<meta name=\"twitter:data2\" content=\"5 minutos\" \/>\n<script type=\"application\/ld+json\" class=\"yoast-schema-graph\">{\"@context\":\"https:\/\/schema.org\",\"@graph\":[{\"@type\":\"NewsArticle\",\"@id\":\"https:\/\/www.suno.com.br\/noticias\/cotacao-dolar-semana-testa-extremos-cpf\/#article\",\"isPartOf\":{\"@id\":\"https:\/\/www.suno.com.br\/noticias\/cotacao-dolar-semana-testa-extremos-cpf\/\"},\"author\":{\"name\":\"Camila Paim\",\"@id\":\"https:\/\/www.suno.com.br\/noticias\/#\/schema\/person\/f341d3ae5d1cc685176c9a5327cdfdbb\"},\"headline\":\"D\u00f3lar abaixo de R$ 5,00 &#8216;testa extremos&#8217;, diz especialista\",\"datePublished\":\"2024-02-17T15:07:44+00:00\",\"dateModified\":\"2024-02-17T15:07:51+00:00\",\"mainEntityOfPage\":{\"@id\":\"https:\/\/www.suno.com.br\/noticias\/cotacao-dolar-semana-testa-extremos-cpf\/\"},\"wordCount\":872,\"publisher\":{\"@id\":\"https:\/\/www.suno.com.br\/noticias\/#organization\"},\"image\":{\"@id\":\"https:\/\/www.suno.com.br\/noticias\/cotacao-dolar-semana-testa-extremos-cpf\/#primaryimage\"},\"thumbnailUrl\":\"https:\/\/files.sunoresearch.com.br\/n\/uploads\/2024\/02\/dolar-estados-unidos-cotacao.jpg\",\"keywords\":[\"d\u00f3lar\",\"d\u00f3lar futuro\",\"Especialistas\",\"Estados Unidos (EUA)\"],\"articleSection\":[\"Mercado\"],\"inLanguage\":\"pt-BR\"},{\"@type\":\"WebPage\",\"@id\":\"https:\/\/www.suno.com.br\/noticias\/cotacao-dolar-semana-testa-extremos-cpf\/\",\"url\":\"https:\/\/www.suno.com.br\/noticias\/cotacao-dolar-semana-testa-extremos-cpf\/\",\"name\":\"D\u00f3lar abaixo de R$ 5,00 'testa extremos', diz especialista\",\"isPartOf\":{\"@id\":\"https:\/\/www.suno.com.br\/noticias\/#website\"},\"primaryImageOfPage\":{\"@id\":\"https:\/\/www.suno.com.br\/noticias\/cotacao-dolar-semana-testa-extremos-cpf\/#primaryimage\"},\"image\":{\"@id\":\"https:\/\/www.suno.com.br\/noticias\/cotacao-dolar-semana-testa-extremos-cpf\/#primaryimage\"},\"thumbnailUrl\":\"https:\/\/files.sunoresearch.com.br\/n\/uploads\/2024\/02\/dolar-estados-unidos-cotacao.jpg\",\"datePublished\":\"2024-02-17T15:07:44+00:00\",\"dateModified\":\"2024-02-17T15:07:51+00:00\",\"description\":\"Com uma varia\u00e7\u00e3o semanal de +0,10%, o d\u00f3lar americano continuou abaixo de R$ 5,00, com posicionamentos mistos sobre o corte de juros nos EUA.\",\"breadcrumb\":{\"@id\":\"https:\/\/www.suno.com.br\/noticias\/cotacao-dolar-semana-testa-extremos-cpf\/#breadcrumb\"},\"inLanguage\":\"pt-BR\",\"potentialAction\":[{\"@type\":\"ReadAction\",\"target\":[\"https:\/\/www.suno.com.br\/noticias\/cotacao-dolar-semana-testa-extremos-cpf\/\"]}]},{\"@type\":\"ImageObject\",\"inLanguage\":\"pt-BR\",\"@id\":\"https:\/\/www.suno.com.br\/noticias\/cotacao-dolar-semana-testa-extremos-cpf\/#primaryimage\",\"url\":\"https:\/\/files.sunoresearch.com.br\/n\/uploads\/2024\/02\/dolar-estados-unidos-cotacao.jpg\",\"contentUrl\":\"https:\/\/files.sunoresearch.com.br\/n\/uploads\/2024\/02\/dolar-estados-unidos-cotacao.jpg\",\"width\":1200,\"height\":800,\"caption\":\"Oriente M\u00e9dio eleva avers\u00e3o ao risco e leva bolsas europeias a fortes perdas. Foto: Unsplash\"},{\"@type\":\"BreadcrumbList\",\"@id\":\"https:\/\/www.suno.com.br\/noticias\/cotacao-dolar-semana-testa-extremos-cpf\/#breadcrumb\",\"itemListElement\":[{\"@type\":\"ListItem\",\"position\":1,\"name\":\"Not\u00edcias\",\"item\":\"https:\/\/www.suno.com.br\/noticias\/\"},{\"@type\":\"ListItem\",\"position\":2,\"name\":\"Mercado\",\"item\":\"https:\/\/www.suno.com.br\/noticias\/mercado\/\"},{\"@type\":\"ListItem\",\"position\":3,\"name\":\"D\u00f3lar abaixo de R$ 5,00 &#8216;testa extremos&#8217;, diz especialista\"}]},{\"@type\":\"WebSite\",\"@id\":\"https:\/\/www.suno.com.br\/noticias\/#website\",\"url\":\"https:\/\/www.suno.com.br\/noticias\/\",\"name\":\"Suno Not\u00edcias\",\"description\":\"Seu portal de informa\u00e7\u00e3o sobre o mundo dos investimentos\",\"publisher\":{\"@id\":\"https:\/\/www.suno.com.br\/noticias\/#organization\"},\"potentialAction\":[{\"@type\":\"SearchAction\",\"target\":{\"@type\":\"EntryPoint\",\"urlTemplate\":\"https:\/\/www.suno.com.br\/noticias\/?s={search_term_string}\"},\"query-input\":{\"@type\":\"PropertyValueSpecification\",\"valueRequired\":true,\"valueName\":\"search_term_string\"}}],\"inLanguage\":\"pt-BR\"},{\"@type\":\"Organization\",\"@id\":\"https:\/\/www.suno.com.br\/noticias\/#organization\",\"name\":\"Suno Not\u00edcias\",\"url\":\"https:\/\/www.suno.com.br\/noticias\/\",\"logo\":{\"@type\":\"ImageObject\",\"inLanguage\":\"pt-BR\",\"@id\":\"https:\/\/www.suno.com.br\/noticias\/#\/schema\/logo\/image\/\",\"url\":\"https:\/\/files.sunoresearch.com.br\/n\/uploads\/2021\/09\/suno-logo.png\",\"contentUrl\":\"https:\/\/files.sunoresearch.com.br\/n\/uploads\/2021\/09\/suno-logo.png\",\"width\":180,\"height\":180,\"caption\":\"Suno Not\u00edcias\"},\"image\":{\"@id\":\"https:\/\/www.suno.com.br\/noticias\/#\/schema\/logo\/image\/\"},\"sameAs\":[\"https:\/\/facebook.com\/sunoresearch\",\"https:\/\/x.com\/sunoresearch\",\"https:\/\/www.instagram.com\/suno\",\"https:\/\/www.linkedin.com\/company\/suno-research\/\",\"https:\/\/www.youtube.com\/c\/sunoresearch\"]},{\"@type\":\"Person\",\"@id\":\"https:\/\/www.suno.com.br\/noticias\/#\/schema\/person\/f341d3ae5d1cc685176c9a5327cdfdbb\",\"name\":\"Camila Paim\",\"image\":{\"@type\":\"ImageObject\",\"inLanguage\":\"pt-BR\",\"@id\":\"https:\/\/www.suno.com.br\/noticias\/#\/schema\/person\/image\/\",\"url\":\"https:\/\/secure.gravatar.com\/avatar\/f33728e65febb1aa7ecf6792956f9b20?s=96&r=g\",\"contentUrl\":\"https:\/\/secure.gravatar.com\/avatar\/f33728e65febb1aa7ecf6792956f9b20?s=96&r=g\",\"caption\":\"Camila Paim\"},\"description\":\"Jornalista formada pela USP, tem experi\u00eancia em reda\u00e7\u00f5es, SEO, Branded Content e Webdesign. Com passagem pelo Jornal da USP, Empiricus e C6 Bank, hoje \u00e9 rep\u00f3rter no Suno Not\u00edcias cobrindo macroeconomia, finan\u00e7as pessoais e startups.\",\"url\":\"https:\/\/www.suno.com.br\/noticias\/author\/camila-figueiredosuno-com-br\/\"}]}<\/script>\n<!-- \/ Yoast SEO plugin. -->","yoast_head_json":{"title":"D\u00f3lar abaixo de R$ 5,00 'testa extremos', diz especialista","description":"Com uma varia\u00e7\u00e3o semanal de +0,10%, o d\u00f3lar americano continuou abaixo de R$ 5,00, com posicionamentos mistos sobre o corte de juros nos EUA.","robots":{"index":"index","follow":"follow","max-snippet":"max-snippet:-1","max-image-preview":"max-image-preview:large","max-video-preview":"max-video-preview:-1"},"canonical":"https:\/\/www.suno.com.br\/noticias\/cotacao-dolar-semana-testa-extremos-cpf\/","og_locale":"pt_BR","og_type":"article","og_title":"D\u00f3lar abaixo de R$ 5,00 'testa extremos', diz especialista","og_description":"Com uma varia\u00e7\u00e3o semanal de +0,10%, o d\u00f3lar americano continuou abaixo de R$ 5,00, com posicionamentos mistos sobre o corte de juros nos EUA.","og_url":"https:\/\/www.suno.com.br\/noticias\/cotacao-dolar-semana-testa-extremos-cpf\/","og_site_name":"Suno Not\u00edcias","article_publisher":"https:\/\/facebook.com\/sunoresearch","og_image":[{"width":1200,"height":800,"url":"https:\/\/files.sunoresearch.com.br\/n\/uploads\/2024\/02\/dolar-estados-unidos-cotacao.jpg","type":"image\/jpeg"}],"author":"Camila Paim","twitter_card":"summary_large_image","twitter_creator":"@sunoresearch","twitter_site":"@sunoresearch","twitter_misc":{"Escrito por":"Camila Paim","Est. tempo de leitura":"5 minutos"},"schema":{"@context":"https:\/\/schema.org","@graph":[{"@type":"NewsArticle","@id":"https:\/\/www.suno.com.br\/noticias\/cotacao-dolar-semana-testa-extremos-cpf\/#article","isPartOf":{"@id":"https:\/\/www.suno.com.br\/noticias\/cotacao-dolar-semana-testa-extremos-cpf\/"},"author":{"name":"Camila Paim","@id":"https:\/\/www.suno.com.br\/noticias\/#\/schema\/person\/f341d3ae5d1cc685176c9a5327cdfdbb"},"headline":"D\u00f3lar abaixo de R$ 5,00 &#8216;testa extremos&#8217;, diz especialista","datePublished":"2024-02-17T15:07:44+00:00","dateModified":"2024-02-17T15:07:51+00:00","mainEntityOfPage":{"@id":"https:\/\/www.suno.com.br\/noticias\/cotacao-dolar-semana-testa-extremos-cpf\/"},"wordCount":872,"publisher":{"@id":"https:\/\/www.suno.com.br\/noticias\/#organization"},"image":{"@id":"https:\/\/www.suno.com.br\/noticias\/cotacao-dolar-semana-testa-extremos-cpf\/#primaryimage"},"thumbnailUrl":"https:\/\/files.sunoresearch.com.br\/n\/uploads\/2024\/02\/dolar-estados-unidos-cotacao.jpg","keywords":["d\u00f3lar","d\u00f3lar futuro","Especialistas","Estados Unidos (EUA)"],"articleSection":["Mercado"],"inLanguage":"pt-BR"},{"@type":"WebPage","@id":"https:\/\/www.suno.com.br\/noticias\/cotacao-dolar-semana-testa-extremos-cpf\/","url":"https:\/\/www.suno.com.br\/noticias\/cotacao-dolar-semana-testa-extremos-cpf\/","name":"D\u00f3lar abaixo de R$ 5,00 'testa extremos', diz especialista","isPartOf":{"@id":"https:\/\/www.suno.com.br\/noticias\/#website"},"primaryImageOfPage":{"@id":"https:\/\/www.suno.com.br\/noticias\/cotacao-dolar-semana-testa-extremos-cpf\/#primaryimage"},"image":{"@id":"https:\/\/www.suno.com.br\/noticias\/cotacao-dolar-semana-testa-extremos-cpf\/#primaryimage"},"thumbnailUrl":"https:\/\/files.sunoresearch.com.br\/n\/uploads\/2024\/02\/dolar-estados-unidos-cotacao.jpg","datePublished":"2024-02-17T15:07:44+00:00","dateModified":"2024-02-17T15:07:51+00:00","description":"Com uma varia\u00e7\u00e3o semanal de +0,10%, o d\u00f3lar americano continuou abaixo de R$ 5,00, com posicionamentos mistos sobre o corte de juros nos EUA.","breadcrumb":{"@id":"https:\/\/www.suno.com.br\/noticias\/cotacao-dolar-semana-testa-extremos-cpf\/#breadcrumb"},"inLanguage":"pt-BR","potentialAction":[{"@type":"ReadAction","target":["https:\/\/www.suno.com.br\/noticias\/cotacao-dolar-semana-testa-extremos-cpf\/"]}]},{"@type":"ImageObject","inLanguage":"pt-BR","@id":"https:\/\/www.suno.com.br\/noticias\/cotacao-dolar-semana-testa-extremos-cpf\/#primaryimage","url":"https:\/\/files.sunoresearch.com.br\/n\/uploads\/2024\/02\/dolar-estados-unidos-cotacao.jpg","contentUrl":"https:\/\/files.sunoresearch.com.br\/n\/uploads\/2024\/02\/dolar-estados-unidos-cotacao.jpg","width":1200,"height":800,"caption":"Oriente M\u00e9dio eleva avers\u00e3o ao risco e leva bolsas europeias a fortes perdas. Foto: Unsplash"},{"@type":"BreadcrumbList","@id":"https:\/\/www.suno.com.br\/noticias\/cotacao-dolar-semana-testa-extremos-cpf\/#breadcrumb","itemListElement":[{"@type":"ListItem","position":1,"name":"Not\u00edcias","item":"https:\/\/www.suno.com.br\/noticias\/"},{"@type":"ListItem","position":2,"name":"Mercado","item":"https:\/\/www.suno.com.br\/noticias\/mercado\/"},{"@type":"ListItem","position":3,"name":"D\u00f3lar abaixo de R$ 5,00 &#8216;testa extremos&#8217;, diz especialista"}]},{"@type":"WebSite","@id":"https:\/\/www.suno.com.br\/noticias\/#website","url":"https:\/\/www.suno.com.br\/noticias\/","name":"Suno Not\u00edcias","description":"Seu portal de informa\u00e7\u00e3o sobre o mundo dos investimentos","publisher":{"@id":"https:\/\/www.suno.com.br\/noticias\/#organization"},"potentialAction":[{"@type":"SearchAction","target":{"@type":"EntryPoint","urlTemplate":"https:\/\/www.suno.com.br\/noticias\/?s={search_term_string}"},"query-input":{"@type":"PropertyValueSpecification","valueRequired":true,"valueName":"search_term_string"}}],"inLanguage":"pt-BR"},{"@type":"Organization","@id":"https:\/\/www.suno.com.br\/noticias\/#organization","name":"Suno Not\u00edcias","url":"https:\/\/www.suno.com.br\/noticias\/","logo":{"@type":"ImageObject","inLanguage":"pt-BR","@id":"https:\/\/www.suno.com.br\/noticias\/#\/schema\/logo\/image\/","url":"https:\/\/files.sunoresearch.com.br\/n\/uploads\/2021\/09\/suno-logo.png","contentUrl":"https:\/\/files.sunoresearch.com.br\/n\/uploads\/2021\/09\/suno-logo.png","width":180,"height":180,"caption":"Suno Not\u00edcias"},"image":{"@id":"https:\/\/www.suno.com.br\/noticias\/#\/schema\/logo\/image\/"},"sameAs":["https:\/\/facebook.com\/sunoresearch","https:\/\/x.com\/sunoresearch","https:\/\/www.instagram.com\/suno","https:\/\/www.linkedin.com\/company\/suno-research\/","https:\/\/www.youtube.com\/c\/sunoresearch"]},{"@type":"Person","@id":"https:\/\/www.suno.com.br\/noticias\/#\/schema\/person\/f341d3ae5d1cc685176c9a5327cdfdbb","name":"Camila Paim","image":{"@type":"ImageObject","inLanguage":"pt-BR","@id":"https:\/\/www.suno.com.br\/noticias\/#\/schema\/person\/image\/","url":"https:\/\/secure.gravatar.com\/avatar\/f33728e65febb1aa7ecf6792956f9b20?s=96&r=g","contentUrl":"https:\/\/secure.gravatar.com\/avatar\/f33728e65febb1aa7ecf6792956f9b20?s=96&r=g","caption":"Camila Paim"},"description":"Jornalista formada pela USP, tem experi\u00eancia em reda\u00e7\u00f5es, SEO, Branded Content e Webdesign. Com passagem pelo Jornal da USP, Empiricus e C6 Bank, hoje \u00e9 rep\u00f3rter no Suno Not\u00edcias cobrindo macroeconomia, finan\u00e7as pessoais e startups.","url":"https:\/\/www.suno.com.br\/noticias\/author\/camila-figueiredosuno-com-br\/"}]}},"default_loop_html":"<div class=\"cardsPage__listCard__boxs\"><div class=\"cardsPage__listCard__boxs__img\"><a href=\"https:\/\/www.suno.com.br\/noticias\/cotacao-dolar-semana-testa-extremos-cpf\/\"><img class=\"mask\" src=\"https:\/\/www.suno.com.br\/noticias\/wp-content\/themes\/suno\/resources\/images\/spotlight\/spotlight1img\/bg-mask.png\" alt=\"Image Mask\"\/><img src=\"https:\/\/files.sunoresearch.com.br\/n\/uploads\/2024\/02\/dolar-estados-unidos-cotacao-400x200.jpg\" alt=\"D\u00f3lar abaixo de R$ 5,00 &#8216;testa extremos&#8217;, diz especialista\"\/><\/a><span class=\"spotlightCategory\"><a href=\"https:\/\/www.suno.com.br\/noticias\/mercado\/\">Mercado<\/a><\/span><\/div><div class=\"cardsPage__listCard__boxs__content\"><a href=\"https:\/\/www.suno.com.br\/noticias\/cotacao-dolar-semana-testa-extremos-cpf\/\"><h2 class=\"content__title\">D\u00f3lar abaixo de R$ 5,00 &#8216;testa extremos&#8217;, diz especialista<\/h2><\/a><div class=\"newsContent__article__meta\"><div class=\"newsContent__article__meta__authorBox\"><a href=\"https:\/\/www.suno.com.br\/noticias\/author\/joao-vitor-jacintho\/\" class=\"authorBox__avatar noMobi\"><img src=\"https:\/\/secure.gravatar.com\/avatar\/2843227ca03ccf8cc7ccca45204c127e?s=96&#038;r=g\" alt=\"Jo\u00e3o Vitor Jacintho\"><\/a><div class=\"authorBox__name\"><span>por\n\t\t\t<a href=\"https:\/\/www.suno.com.br\/noticias\/author\/joao-vitor-jacintho\/\"><span itemprop=\"author\">Jo\u00e3o Vitor Jacintho<\/span><\/a><\/span><time datetime=\"2024-02-17T12:07:44-03:00\" itemprop=\"datePublished\">17\/02\/2024 12:07<\/time><\/div><\/div><\/div><\/div><\/div>","single_layout":"posts","amp_enabled":true,"_links":{"self":[{"href":"https:\/\/www.suno.com.br\/noticias\/wp-json\/wp\/v2\/posts\/523944"}],"collection":[{"href":"https:\/\/www.suno.com.br\/noticias\/wp-json\/wp\/v2\/posts"}],"about":[{"href":"https:\/\/www.suno.com.br\/noticias\/wp-json\/wp\/v2\/types\/post"}],"author":[{"embeddable":true,"href":"https:\/\/www.suno.com.br\/noticias\/wp-json\/wp\/v2\/users\/283"}],"replies":[{"embeddable":true,"href":"https:\/\/www.suno.com.br\/noticias\/wp-json\/wp\/v2\/comments?post=523944"}],"version-history":[{"count":3,"href":"https:\/\/www.suno.com.br\/noticias\/wp-json\/wp\/v2\/posts\/523944\/revisions"}],"predecessor-version":[{"id":523982,"href":"https:\/\/www.suno.com.br\/noticias\/wp-json\/wp\/v2\/posts\/523944\/revisions\/523982"}],"wp:featuredmedia":[{"embeddable":true,"href":"https:\/\/www.suno.com.br\/noticias\/wp-json\/wp\/v2\/media\/523977"}],"wp:attachment":[{"href":"https:\/\/www.suno.com.br\/noticias\/wp-json\/wp\/v2\/media?parent=523944"}],"wp:term":[{"taxonomy":"category","embeddable":true,"href":"https:\/\/www.suno.com.br\/noticias\/wp-json\/wp\/v2\/categories?post=523944"},{"taxonomy":"post_tag","embeddable":true,"href":"https:\/\/www.suno.com.br\/noticias\/wp-json\/wp\/v2\/tags?post=523944"},{"taxonomy":"suno_strategy","embeddable":true,"href":"https:\/\/www.suno.com.br\/noticias\/wp-json\/wp\/v2\/suno_strategy?post=523944"}],"curies":[{"name":"wp","href":"https:\/\/api.w.org\/{rel}","templated":true}]}}