{"id":52391,"date":"2020-02-08T13:20:11","date_gmt":"2020-02-08T15:20:11","guid":{"rendered":"https:\/\/www.suno.com.br\/noticias\/?p=52391"},"modified":"2020-02-08T13:20:11","modified_gmt":"2020-02-08T15:20:11","slug":"coronavirus-numero-de-mortes-na-china-sobe-para-722","status":"publish","type":"post","link":"https:\/\/www.suno.com.br\/noticias\/coronavirus-numero-de-mortes-na-china-sobe-para-722\/","title":{"rendered":"Coronav\u00edrus: n\u00famero de mortes na China sobe para 722"},"content":{"rendered":"<p>O n\u00famero de mortes confirmadas na <strong>China<\/strong> pelo <strong>coronav\u00edrus<\/strong> subiu neste s\u00e1bado (8) para 722. Ao todo, s\u00e3o 34.546 casos confirmados de <strong>infectados<\/strong> pelo novo v\u00edrus e ao menos 1.540 pessoas recuperadas. A informa\u00e7\u00e3o foi divulgada pela Comiss\u00e3o Nacional de Sa\u00fade do pa\u00eds asi\u00e1tico.<\/p>\t<div class=\"wrapper-featured-image\">\n\t\t<figure class=\"spotlightImg\">\n\n\t\t\t<picture>\n\t\t\t\t<source media=\"(max-width: 768px)\" srcset=\"https:\/\/files.sunoresearch.com.br\/n\/uploads\/2020\/01\/527f7e19-coronavirus-400x200.webp\">\n\t\t\t\t<img loading=\"lazy\" decoding=\"async\" class=\"newsContent__article__imgCapa lazyloadDisabled newsContent__article__imgCapa--noCaption\" src=\"https:\/\/files.sunoresearch.com.br\/n\/uploads\/2020\/01\/527f7e19-coronavirus-jpg.webp\" width=\"800\" height=\"450\" alt=\"Coronav\u00edrus: n\u00famero de mortes na China sobe para 722\" fetchpriority=high \/>\n\t\t\t<\/picture>\n\n\t\t\t<figcaption class=\"wp-caption-text wp-caption-text--hide\">Coronav\u00edrus: OMS diz que pandemia est\u00e1 acelerando <\/figcaption>\n\t\t<\/figure>\n\t<\/div>\n\n\n\n<p>Na \u00faltima sexta-feira (7), segundo a comiss\u00e3o, somente em Hubei, prov\u00edncia, cuja a capital \u00e9 o epicentro do coronav\u00edrus, <strong>Wuhan<\/strong>, 81 pessoas morreram pelo v\u00edrus. Em apenas um dia, foram registrados 3.399 novos casos de infec\u00e7\u00e3o.<\/p>\n<p>No <strong>Brasil<\/strong>, s\u00e3o oito casos suspeitos da epidemia, conforme o Minist\u00e9rio da Sa\u00fade. De acordo com o governo, j\u00e1 foram descartadas 26 suspeitas desde o come\u00e7o do monitoramento. <span style=\"font-size: 1.1429rem;\">No <strong>mundo<\/strong> foram confirmados 240 casos de coronav\u00edrus em cerca de 30 pa\u00edses.<\/span><\/p>\n<p>Abaixo a lista de localidades do mundo com casos confirmados:<\/p>\n<ul>\n<li>China<\/li>\n<li>Hong Kong<\/li>\n<li>Macau<\/li>\n<li>Tawain<\/li>\n<li>Jap\u00e3o<\/li>\n<li>Mal\u00e1sia<\/li>\n<li>Singapura<\/li>\n<li>Coreia do Sul<\/li>\n<li>Tail\u00e2ndia<\/li>\n<li>Vietn\u00e3<\/li>\n<li>Nepal<\/li>\n<li>Camboja<\/li>\n<li>Sri Lanka<\/li>\n<li>Emirados \u00c1rabes<\/li>\n<li>\u00cdndia<\/li>\n<li>Filipinas<\/li>\n<li>R\u00fassia<\/li>\n<li>EUA<\/li>\n<li>Canad\u00e1<\/li>\n<li>Fran\u00e7a<\/li>\n<li>Alemanha<\/li>\n<li>Finl\u00e2ndia<\/li>\n<li>Su\u00e9cia<\/li>\n<li>B\u00e9lgica<\/li>\n<li>It\u00e1lia<\/li>\n<li>Reino Unido<\/li>\n<li>Espanha<\/li>\n<li>Austr\u00e1lia<\/li>\n<\/ul>\n\t<p>\n\t\t<a href=\"https:\/\/lp.suno.com.br\/suno-one\/?utm_campaign=_SNC6964518A_\" target=\"_blank\" data-element=\"shortcode-suno-banner\" title=\"Banner SUNO, clique e saiba mais\">\n\t\t\t<picture>\n\t\t\t\t<source media=\"(max-width: 500px)\" srcset=\"https:\/\/files.sunoresearch.com.br\/n\/uploads\/2025\/09\/400x300-Suno-One-png.webp\">\n\t\t\t\t<img class=\"newsContent__article__imgCapa newsContent__article__imgCapa--banner\"\n\t\t\t\t\tsrc=\"https:\/\/files.sunoresearch.com.br\/n\/uploads\/2025\/09\/1420x240-Suno-One-png.webp\"\n\t\t\t\t\tdata-promo-id=\"85810\"\t\t\t\t\t\t\t\t\t\twidth='1420' height='240'\t\t\t\t\talt=\"https:\/\/files.sunoresearch.com.br\/n\/uploads\/2025\/09\/1420x240-Suno-One-png.webp\"\n\t\t\t\t>\n\t\t\t<\/picture>\n\t\t<\/a>\n\t<\/p>\n\n\n<p>Por sua vez, no Brasil, os casos que est\u00e3o sendo analisados se encontram nas seguintes regi\u00f5es:<\/p>\n<ul>\n<li>Minas Gerais (1)<\/li>\n<li>Rio de Janeiro (1)<\/li>\n<li>S\u00e3o Paulo (3)<\/li>\n<li>Santa Catarina (1)<\/li>\n<li>Rio Grande do Sul (2)<\/li>\n<\/ul>\n<h2>J.P. Morgan reduz previs\u00e3o de PIB da china por conta do coronav\u00edrus<\/h2>\n<p>O banco norte-americano J.P. Morgan reduziu a previs\u00e3o de crescimento do <a href=\"https:\/\/www.suno.com.br\/artigos\/pib-produto-interno-bruto\/\">Produto Interno Bruto (PIB)<\/a> da China de 4,9% para 1% no primeiro trimestre deste ano. A queda foi motivada pelos impactos da epidemia de coronav\u00edrus.<\/p>\n<p><a href=\"\/\/www.suno.com.br\/noticias\/coronavirus-fiat-suspender-operacoes-fabrica-europa\/\">Veja Tamb\u00e9m: Coronav\u00edrus: Fiat pode suspender opera\u00e7\u00f5es de f\u00e1brica na Europa<\/a><\/p>\n<p>Em contrapartida a redu\u00e7\u00e3o entre os meses de janeiro a mar\u00e7o, o J.P. Morgan aumentou a proje\u00e7\u00e3o do PIB para o segundo trimestre de 7% para 9,3%. Para o ano de 2020, o banco reduziu a estimativa de avan\u00e7o econ\u00f4mico da China de 5,8% para 5,4% com os efeitos do coronav\u00edrus.<\/p>\n<p>O banco comunicou que o governo chin\u00eas deve aumentar os est\u00edmulos fiscais e monat\u00e9rios \u00e0 economia por conta do <strong>coronav\u00edrus<\/strong>. Com isso, o governo deve cortar as taxas de juros e auxiliar empresas que est\u00e3o enfrentando dificuldades financeiras.<\/p>\n\n","protected":false},"excerpt":{"rendered":"<p>O n\u00famero de mortes confirmadas na China pelo coronav\u00edrus subiu neste s\u00e1bado (8) para 722. Ao todo, s\u00e3o 34.546 casos confirmados de infectados pelo novo v\u00edrus e ao menos 1.540 pessoas recuperadas. A informa\u00e7\u00e3o foi divulgada pela Comiss\u00e3o Nacional de Sa\u00fade do pa\u00eds asi\u00e1tico. Coronav\u00edrus: OMS diz que pandemia est\u00e1 acelerando Na \u00faltima sexta-feira (7), [&hellip;]<\/p>\n","protected":false},"author":15,"featured_media":51467,"comment_status":"closed","ping_status":"closed","sticky":false,"template":"","format":"standard","meta":[],"categories":[63],"tags":[711,2487],"suno_strategy":[],"class_list":["post-52391","post","type-post","status-publish","format-standard","has-post-thumbnail","hentry","category-internacional","tag-china","tag-coronavirus"],"yoast_head":"<!-- This site is optimized with the Yoast SEO plugin v24.4 - https:\/\/yoast.com\/wordpress\/plugins\/seo\/ -->\n<title>Coronav\u00edrus: n\u00famero de mortes na China sobe para 722<\/title>\n<meta name=\"description\" content=\"O n\u00famero de morte na China pelo coronav\u00edrus subiu neste s\u00e1bado (8) para 722 e s\u00e3o 34.546 casos confirmados. Clique aqui e saiba mais\" \/>\n<meta name=\"robots\" content=\"index, follow, max-snippet:-1, max-image-preview:large, max-video-preview:-1\" \/>\n<link rel=\"canonical\" href=\"https:\/\/www.suno.com.br\/noticias\/coronavirus-numero-de-mortes-na-china-sobe-para-722\/\" \/>\n<meta property=\"og:locale\" content=\"pt_BR\" \/>\n<meta property=\"og:type\" content=\"article\" \/>\n<meta property=\"og:title\" content=\"Coronav\u00edrus: n\u00famero de mortes na China sobe para 722\" \/>\n<meta property=\"og:description\" content=\"O n\u00famero de morte na China pelo coronav\u00edrus subiu neste s\u00e1bado (8) para 722 e s\u00e3o 34.546 casos confirmados. Clique aqui e saiba mais\" \/>\n<meta property=\"og:url\" content=\"https:\/\/www.suno.com.br\/noticias\/coronavirus-numero-de-mortes-na-china-sobe-para-722\/\" \/>\n<meta property=\"og:site_name\" content=\"Suno Not\u00edcias\" \/>\n<meta property=\"article:publisher\" content=\"https:\/\/facebook.com\/sunoresearch\" \/>\n<meta property=\"og:image\" content=\"https:\/\/files.sunoresearch.com.br\/n\/uploads\/2020\/01\/527f7e19-coronavirus.jpg\" \/>\n\t<meta property=\"og:image:width\" content=\"678\" \/>\n\t<meta property=\"og:image:height\" content=\"452\" \/>\n\t<meta property=\"og:image:type\" content=\"image\/jpeg\" \/>\n<meta name=\"author\" content=\"Poliana Santos\" \/>\n<meta name=\"twitter:card\" content=\"summary_large_image\" \/>\n<meta name=\"twitter:creator\" content=\"@sunoresearch\" \/>\n<meta name=\"twitter:site\" content=\"@sunoresearch\" \/>\n<meta name=\"twitter:label1\" content=\"Escrito por\" \/>\n\t<meta name=\"twitter:data1\" content=\"Poliana Santos\" \/>\n\t<meta name=\"twitter:label2\" content=\"Est. tempo de leitura\" \/>\n\t<meta name=\"twitter:data2\" content=\"2 minutos\" \/>\n<script type=\"application\/ld+json\" class=\"yoast-schema-graph\">{\"@context\":\"https:\/\/schema.org\",\"@graph\":[{\"@type\":\"NewsArticle\",\"@id\":\"https:\/\/www.suno.com.br\/noticias\/coronavirus-numero-de-mortes-na-china-sobe-para-722\/#article\",\"isPartOf\":{\"@id\":\"https:\/\/www.suno.com.br\/noticias\/coronavirus-numero-de-mortes-na-china-sobe-para-722\/\"},\"author\":{\"name\":\"Poliana Santos\",\"@id\":\"https:\/\/www.suno.com.br\/noticias\/#\/schema\/person\/02ec1f752758247878a2bf4abee1aeda\"},\"headline\":\"Coronav\u00edrus: n\u00famero de mortes na China sobe para 722\",\"datePublished\":\"2020-02-08T15:20:11+00:00\",\"mainEntityOfPage\":{\"@id\":\"https:\/\/www.suno.com.br\/noticias\/coronavirus-numero-de-mortes-na-china-sobe-para-722\/\"},\"wordCount\":400,\"publisher\":{\"@id\":\"https:\/\/www.suno.com.br\/noticias\/#organization\"},\"image\":{\"@id\":\"https:\/\/www.suno.com.br\/noticias\/coronavirus-numero-de-mortes-na-china-sobe-para-722\/#primaryimage\"},\"thumbnailUrl\":\"https:\/\/files.sunoresearch.com.br\/n\/uploads\/2020\/01\/527f7e19-coronavirus-jpg.webp\",\"keywords\":[\"China\",\"coronav\u00edrus\"],\"articleSection\":[\"Internacional\"],\"inLanguage\":\"pt-BR\"},{\"@type\":\"WebPage\",\"@id\":\"https:\/\/www.suno.com.br\/noticias\/coronavirus-numero-de-mortes-na-china-sobe-para-722\/\",\"url\":\"https:\/\/www.suno.com.br\/noticias\/coronavirus-numero-de-mortes-na-china-sobe-para-722\/\",\"name\":\"Coronav\u00edrus: n\u00famero de mortes na China sobe para 722\",\"isPartOf\":{\"@id\":\"https:\/\/www.suno.com.br\/noticias\/#website\"},\"primaryImageOfPage\":{\"@id\":\"https:\/\/www.suno.com.br\/noticias\/coronavirus-numero-de-mortes-na-china-sobe-para-722\/#primaryimage\"},\"image\":{\"@id\":\"https:\/\/www.suno.com.br\/noticias\/coronavirus-numero-de-mortes-na-china-sobe-para-722\/#primaryimage\"},\"thumbnailUrl\":\"https:\/\/files.sunoresearch.com.br\/n\/uploads\/2020\/01\/527f7e19-coronavirus-jpg.webp\",\"datePublished\":\"2020-02-08T15:20:11+00:00\",\"description\":\"O n\u00famero de morte na China pelo coronav\u00edrus subiu neste s\u00e1bado (8) para 722 e s\u00e3o 34.546 casos confirmados. Clique aqui e saiba mais\",\"breadcrumb\":{\"@id\":\"https:\/\/www.suno.com.br\/noticias\/coronavirus-numero-de-mortes-na-china-sobe-para-722\/#breadcrumb\"},\"inLanguage\":\"pt-BR\",\"potentialAction\":[{\"@type\":\"ReadAction\",\"target\":[\"https:\/\/www.suno.com.br\/noticias\/coronavirus-numero-de-mortes-na-china-sobe-para-722\/\"]}]},{\"@type\":\"ImageObject\",\"inLanguage\":\"pt-BR\",\"@id\":\"https:\/\/www.suno.com.br\/noticias\/coronavirus-numero-de-mortes-na-china-sobe-para-722\/#primaryimage\",\"url\":\"https:\/\/files.sunoresearch.com.br\/n\/uploads\/2020\/01\/527f7e19-coronavirus-jpg.webp\",\"contentUrl\":\"https:\/\/files.sunoresearch.com.br\/n\/uploads\/2020\/01\/527f7e19-coronavirus-jpg.webp\",\"width\":678,\"height\":452,\"caption\":\"Coronav\u00edrus: OMS diz que pandemia est\u00e1 acelerando\"},{\"@type\":\"BreadcrumbList\",\"@id\":\"https:\/\/www.suno.com.br\/noticias\/coronavirus-numero-de-mortes-na-china-sobe-para-722\/#breadcrumb\",\"itemListElement\":[{\"@type\":\"ListItem\",\"position\":1,\"name\":\"Not\u00edcias\",\"item\":\"https:\/\/www.suno.com.br\/noticias\/\"},{\"@type\":\"ListItem\",\"position\":2,\"name\":\"Internacional\",\"item\":\"https:\/\/www.suno.com.br\/noticias\/internacional\/\"},{\"@type\":\"ListItem\",\"position\":3,\"name\":\"Coronav\u00edrus: n\u00famero de mortes na China sobe para 722\"}]},{\"@type\":\"WebSite\",\"@id\":\"https:\/\/www.suno.com.br\/noticias\/#website\",\"url\":\"https:\/\/www.suno.com.br\/noticias\/\",\"name\":\"Suno Not\u00edcias\",\"description\":\"Seu portal de informa\u00e7\u00e3o sobre o mundo dos investimentos\",\"publisher\":{\"@id\":\"https:\/\/www.suno.com.br\/noticias\/#organization\"},\"potentialAction\":[{\"@type\":\"SearchAction\",\"target\":{\"@type\":\"EntryPoint\",\"urlTemplate\":\"https:\/\/www.suno.com.br\/noticias\/?s={search_term_string}\"},\"query-input\":{\"@type\":\"PropertyValueSpecification\",\"valueRequired\":true,\"valueName\":\"search_term_string\"}}],\"inLanguage\":\"pt-BR\"},{\"@type\":\"Organization\",\"@id\":\"https:\/\/www.suno.com.br\/noticias\/#organization\",\"name\":\"Suno Not\u00edcias\",\"url\":\"https:\/\/www.suno.com.br\/noticias\/\",\"logo\":{\"@type\":\"ImageObject\",\"inLanguage\":\"pt-BR\",\"@id\":\"https:\/\/www.suno.com.br\/noticias\/#\/schema\/logo\/image\/\",\"url\":\"https:\/\/files.sunoresearch.com.br\/n\/uploads\/2021\/09\/suno-logo.png\",\"contentUrl\":\"https:\/\/files.sunoresearch.com.br\/n\/uploads\/2021\/09\/suno-logo.png\",\"width\":180,\"height\":180,\"caption\":\"Suno Not\u00edcias\"},\"image\":{\"@id\":\"https:\/\/www.suno.com.br\/noticias\/#\/schema\/logo\/image\/\"},\"sameAs\":[\"https:\/\/facebook.com\/sunoresearch\",\"https:\/\/x.com\/sunoresearch\",\"https:\/\/www.instagram.com\/suno\",\"https:\/\/www.linkedin.com\/company\/suno-research\/\",\"https:\/\/www.youtube.com\/c\/sunoresearch\"]},{\"@type\":\"Person\",\"@id\":\"https:\/\/www.suno.com.br\/noticias\/#\/schema\/person\/02ec1f752758247878a2bf4abee1aeda\",\"name\":\"Poliana Santos\",\"image\":{\"@type\":\"ImageObject\",\"inLanguage\":\"pt-BR\",\"@id\":\"https:\/\/www.suno.com.br\/noticias\/#\/schema\/person\/image\/\",\"url\":\"https:\/\/secure.gravatar.com\/avatar\/0645bd32f23d87b2130f2b2dff1d3f8d?s=96&r=g\",\"contentUrl\":\"https:\/\/secure.gravatar.com\/avatar\/0645bd32f23d87b2130f2b2dff1d3f8d?s=96&r=g\",\"caption\":\"Poliana Santos\"},\"description\":\"Rep\u00f3rter no Suno Not\u00edcias, com cobertura em mercado financeiro, economia, finan\u00e7as pessoais, renda fixa e varejo. Jornalista formada pela Faculdade C\u00e1sper L\u00edbero e possui passagem na R\u00e1dio Gazeta AM com a produ\u00e7\u00e3o de conte\u00fado sobre economia, pol\u00edtica, sa\u00fade, moda e m\u00fasica. Possui certificado de conclus\u00e3o do curso de An\u00e1lise de Balan\u00e7os pela Funda\u00e7\u00e3o Bradesco, Agenda Brasil pela FAAP, Educa\u00e7\u00e3o Pol\u00edtica por Alexandre Garcia e do Tesouro Direto e Mercado de A\u00e7\u00f5es pela B3.\",\"url\":\"https:\/\/www.suno.com.br\/noticias\/author\/poliana-santos\/\"}]}<\/script>\n<!-- \/ Yoast SEO plugin. -->","yoast_head_json":{"title":"Coronav\u00edrus: n\u00famero de mortes na China sobe para 722","description":"O n\u00famero de morte na China pelo coronav\u00edrus subiu neste s\u00e1bado (8) para 722 e s\u00e3o 34.546 casos confirmados. Clique aqui e saiba mais","robots":{"index":"index","follow":"follow","max-snippet":"max-snippet:-1","max-image-preview":"max-image-preview:large","max-video-preview":"max-video-preview:-1"},"canonical":"https:\/\/www.suno.com.br\/noticias\/coronavirus-numero-de-mortes-na-china-sobe-para-722\/","og_locale":"pt_BR","og_type":"article","og_title":"Coronav\u00edrus: n\u00famero de mortes na China sobe para 722","og_description":"O n\u00famero de morte na China pelo coronav\u00edrus subiu neste s\u00e1bado (8) para 722 e s\u00e3o 34.546 casos confirmados. Clique aqui e saiba mais","og_url":"https:\/\/www.suno.com.br\/noticias\/coronavirus-numero-de-mortes-na-china-sobe-para-722\/","og_site_name":"Suno Not\u00edcias","article_publisher":"https:\/\/facebook.com\/sunoresearch","og_image":[{"width":678,"height":452,"url":"https:\/\/files.sunoresearch.com.br\/n\/uploads\/2020\/01\/527f7e19-coronavirus.jpg","type":"image\/jpeg"}],"author":"Poliana Santos","twitter_card":"summary_large_image","twitter_creator":"@sunoresearch","twitter_site":"@sunoresearch","twitter_misc":{"Escrito por":"Poliana Santos","Est. tempo de leitura":"2 minutos"},"schema":{"@context":"https:\/\/schema.org","@graph":[{"@type":"NewsArticle","@id":"https:\/\/www.suno.com.br\/noticias\/coronavirus-numero-de-mortes-na-china-sobe-para-722\/#article","isPartOf":{"@id":"https:\/\/www.suno.com.br\/noticias\/coronavirus-numero-de-mortes-na-china-sobe-para-722\/"},"author":{"name":"Poliana Santos","@id":"https:\/\/www.suno.com.br\/noticias\/#\/schema\/person\/02ec1f752758247878a2bf4abee1aeda"},"headline":"Coronav\u00edrus: n\u00famero de mortes na China sobe para 722","datePublished":"2020-02-08T15:20:11+00:00","mainEntityOfPage":{"@id":"https:\/\/www.suno.com.br\/noticias\/coronavirus-numero-de-mortes-na-china-sobe-para-722\/"},"wordCount":400,"publisher":{"@id":"https:\/\/www.suno.com.br\/noticias\/#organization"},"image":{"@id":"https:\/\/www.suno.com.br\/noticias\/coronavirus-numero-de-mortes-na-china-sobe-para-722\/#primaryimage"},"thumbnailUrl":"https:\/\/files.sunoresearch.com.br\/n\/uploads\/2020\/01\/527f7e19-coronavirus-jpg.webp","keywords":["China","coronav\u00edrus"],"articleSection":["Internacional"],"inLanguage":"pt-BR"},{"@type":"WebPage","@id":"https:\/\/www.suno.com.br\/noticias\/coronavirus-numero-de-mortes-na-china-sobe-para-722\/","url":"https:\/\/www.suno.com.br\/noticias\/coronavirus-numero-de-mortes-na-china-sobe-para-722\/","name":"Coronav\u00edrus: n\u00famero de mortes na China sobe para 722","isPartOf":{"@id":"https:\/\/www.suno.com.br\/noticias\/#website"},"primaryImageOfPage":{"@id":"https:\/\/www.suno.com.br\/noticias\/coronavirus-numero-de-mortes-na-china-sobe-para-722\/#primaryimage"},"image":{"@id":"https:\/\/www.suno.com.br\/noticias\/coronavirus-numero-de-mortes-na-china-sobe-para-722\/#primaryimage"},"thumbnailUrl":"https:\/\/files.sunoresearch.com.br\/n\/uploads\/2020\/01\/527f7e19-coronavirus-jpg.webp","datePublished":"2020-02-08T15:20:11+00:00","description":"O n\u00famero de morte na China pelo coronav\u00edrus subiu neste s\u00e1bado (8) para 722 e s\u00e3o 34.546 casos confirmados. Clique aqui e saiba mais","breadcrumb":{"@id":"https:\/\/www.suno.com.br\/noticias\/coronavirus-numero-de-mortes-na-china-sobe-para-722\/#breadcrumb"},"inLanguage":"pt-BR","potentialAction":[{"@type":"ReadAction","target":["https:\/\/www.suno.com.br\/noticias\/coronavirus-numero-de-mortes-na-china-sobe-para-722\/"]}]},{"@type":"ImageObject","inLanguage":"pt-BR","@id":"https:\/\/www.suno.com.br\/noticias\/coronavirus-numero-de-mortes-na-china-sobe-para-722\/#primaryimage","url":"https:\/\/files.sunoresearch.com.br\/n\/uploads\/2020\/01\/527f7e19-coronavirus-jpg.webp","contentUrl":"https:\/\/files.sunoresearch.com.br\/n\/uploads\/2020\/01\/527f7e19-coronavirus-jpg.webp","width":678,"height":452,"caption":"Coronav\u00edrus: OMS diz que pandemia est\u00e1 acelerando"},{"@type":"BreadcrumbList","@id":"https:\/\/www.suno.com.br\/noticias\/coronavirus-numero-de-mortes-na-china-sobe-para-722\/#breadcrumb","itemListElement":[{"@type":"ListItem","position":1,"name":"Not\u00edcias","item":"https:\/\/www.suno.com.br\/noticias\/"},{"@type":"ListItem","position":2,"name":"Internacional","item":"https:\/\/www.suno.com.br\/noticias\/internacional\/"},{"@type":"ListItem","position":3,"name":"Coronav\u00edrus: n\u00famero de mortes na China sobe para 722"}]},{"@type":"WebSite","@id":"https:\/\/www.suno.com.br\/noticias\/#website","url":"https:\/\/www.suno.com.br\/noticias\/","name":"Suno Not\u00edcias","description":"Seu portal de informa\u00e7\u00e3o sobre o mundo dos investimentos","publisher":{"@id":"https:\/\/www.suno.com.br\/noticias\/#organization"},"potentialAction":[{"@type":"SearchAction","target":{"@type":"EntryPoint","urlTemplate":"https:\/\/www.suno.com.br\/noticias\/?s={search_term_string}"},"query-input":{"@type":"PropertyValueSpecification","valueRequired":true,"valueName":"search_term_string"}}],"inLanguage":"pt-BR"},{"@type":"Organization","@id":"https:\/\/www.suno.com.br\/noticias\/#organization","name":"Suno Not\u00edcias","url":"https:\/\/www.suno.com.br\/noticias\/","logo":{"@type":"ImageObject","inLanguage":"pt-BR","@id":"https:\/\/www.suno.com.br\/noticias\/#\/schema\/logo\/image\/","url":"https:\/\/files.sunoresearch.com.br\/n\/uploads\/2021\/09\/suno-logo.png","contentUrl":"https:\/\/files.sunoresearch.com.br\/n\/uploads\/2021\/09\/suno-logo.png","width":180,"height":180,"caption":"Suno Not\u00edcias"},"image":{"@id":"https:\/\/www.suno.com.br\/noticias\/#\/schema\/logo\/image\/"},"sameAs":["https:\/\/facebook.com\/sunoresearch","https:\/\/x.com\/sunoresearch","https:\/\/www.instagram.com\/suno","https:\/\/www.linkedin.com\/company\/suno-research\/","https:\/\/www.youtube.com\/c\/sunoresearch"]},{"@type":"Person","@id":"https:\/\/www.suno.com.br\/noticias\/#\/schema\/person\/02ec1f752758247878a2bf4abee1aeda","name":"Poliana Santos","image":{"@type":"ImageObject","inLanguage":"pt-BR","@id":"https:\/\/www.suno.com.br\/noticias\/#\/schema\/person\/image\/","url":"https:\/\/secure.gravatar.com\/avatar\/0645bd32f23d87b2130f2b2dff1d3f8d?s=96&r=g","contentUrl":"https:\/\/secure.gravatar.com\/avatar\/0645bd32f23d87b2130f2b2dff1d3f8d?s=96&r=g","caption":"Poliana Santos"},"description":"Rep\u00f3rter no Suno Not\u00edcias, com cobertura em mercado financeiro, economia, finan\u00e7as pessoais, renda fixa e varejo. Jornalista formada pela Faculdade C\u00e1sper L\u00edbero e possui passagem na R\u00e1dio Gazeta AM com a produ\u00e7\u00e3o de conte\u00fado sobre economia, pol\u00edtica, sa\u00fade, moda e m\u00fasica. Possui certificado de conclus\u00e3o do curso de An\u00e1lise de Balan\u00e7os pela Funda\u00e7\u00e3o Bradesco, Agenda Brasil pela FAAP, Educa\u00e7\u00e3o Pol\u00edtica por Alexandre Garcia e do Tesouro Direto e Mercado de A\u00e7\u00f5es pela B3.","url":"https:\/\/www.suno.com.br\/noticias\/author\/poliana-santos\/"}]}},"default_loop_html":"<div class=\"cardsPage__listCard__boxs\"><div class=\"cardsPage__listCard__boxs__img\"><a href=\"https:\/\/www.suno.com.br\/noticias\/coronavirus-numero-de-mortes-na-china-sobe-para-722\/\"><img class=\"mask\" src=\"https:\/\/www.suno.com.br\/noticias\/wp-content\/themes\/suno\/resources\/images\/spotlight\/spotlight1img\/bg-mask.png\" alt=\"Image Mask\"\/><img src=\"https:\/\/files.sunoresearch.com.br\/n\/uploads\/2020\/01\/527f7e19-coronavirus-400x200.webp\" alt=\"Coronav\u00edrus: n\u00famero de mortes na China sobe para 722\"\/><\/a><span class=\"spotlightCategory\"><a href=\"https:\/\/www.suno.com.br\/noticias\/internacional\/\">Internacional<\/a><\/span><\/div><div class=\"cardsPage__listCard__boxs__content\"><a href=\"https:\/\/www.suno.com.br\/noticias\/coronavirus-numero-de-mortes-na-china-sobe-para-722\/\"><h2 class=\"content__title\">Coronav\u00edrus: n\u00famero de mortes na China sobe para 722<\/h2><\/a><div class=\"newsContent__article__meta\"><div class=\"newsContent__article__meta__authorBox\"><a href=\"https:\/\/www.suno.com.br\/noticias\/author\/poliana-santos\/\" class=\"authorBox__avatar noMobi\"><img src=\"https:\/\/files.sunoresearch.com.br\/n\/uploads\/2020\/08\/7ef34026-whatsapp-image-2020-08-03-at-12.37.57-150x150.webp\" alt=\"Poliana Santos\"><\/a><div class=\"authorBox__name\"><span>por\n\t\t\t<a href=\"https:\/\/www.suno.com.br\/noticias\/author\/poliana-santos\/\"><span itemprop=\"author\">Poliana Santos<\/span><\/a><\/span><time datetime=\"2020-02-08T13:20:11-03:00\" itemprop=\"datePublished\">08\/02\/2020 13:20<\/time><\/div><\/div><\/div><\/div><\/div>","single_layout":"posts","amp_enabled":true,"_links":{"self":[{"href":"https:\/\/www.suno.com.br\/noticias\/wp-json\/wp\/v2\/posts\/52391"}],"collection":[{"href":"https:\/\/www.suno.com.br\/noticias\/wp-json\/wp\/v2\/posts"}],"about":[{"href":"https:\/\/www.suno.com.br\/noticias\/wp-json\/wp\/v2\/types\/post"}],"author":[{"embeddable":true,"href":"https:\/\/www.suno.com.br\/noticias\/wp-json\/wp\/v2\/users\/15"}],"replies":[{"embeddable":true,"href":"https:\/\/www.suno.com.br\/noticias\/wp-json\/wp\/v2\/comments?post=52391"}],"version-history":[{"count":0,"href":"https:\/\/www.suno.com.br\/noticias\/wp-json\/wp\/v2\/posts\/52391\/revisions"}],"wp:featuredmedia":[{"embeddable":true,"href":"https:\/\/www.suno.com.br\/noticias\/wp-json\/wp\/v2\/media\/51467"}],"wp:attachment":[{"href":"https:\/\/www.suno.com.br\/noticias\/wp-json\/wp\/v2\/media?parent=52391"}],"wp:term":[{"taxonomy":"category","embeddable":true,"href":"https:\/\/www.suno.com.br\/noticias\/wp-json\/wp\/v2\/categories?post=52391"},{"taxonomy":"post_tag","embeddable":true,"href":"https:\/\/www.suno.com.br\/noticias\/wp-json\/wp\/v2\/tags?post=52391"},{"taxonomy":"suno_strategy","embeddable":true,"href":"https:\/\/www.suno.com.br\/noticias\/wp-json\/wp\/v2\/suno_strategy?post=52391"}],"curies":[{"name":"wp","href":"https:\/\/api.w.org\/{rel}","templated":true}]}}