{"id":523891,"date":"2024-02-16T20:46:47","date_gmt":"2024-02-16T23:46:47","guid":{"rendered":"https:\/\/www.suno.com.br\/noticias\/?p=523891"},"modified":"2024-02-16T20:46:54","modified_gmt":"2024-02-16T23:46:54","slug":"cemig-cmig4-xp-federalizacao-compra-mm","status":"publish","type":"post","link":"https:\/\/www.suno.com.br\/noticias\/cemig-cmig4-xp-federalizacao-compra-mm\/","title":{"rendered":"Cemig (CMIG4): apesar de preocupa\u00e7\u00f5es com federaliza\u00e7\u00e3o, XP recomenda compra\u00a0"},"content":{"rendered":"<p>Apesar das preocupa\u00e7\u00f5es de investidores em torno da possibilidade de federaliza\u00e7\u00e3o da <strong>Cemig<\/strong> (CMIG4), os analistas da XP Investimentos mant\u00eam recomenda\u00e7\u00e3o de compra para os pap\u00e9is preferenciais da empresa, com pre\u00e7o-alvo de R$ 16 por a\u00e7\u00e3o.\u00a0<\/p>\t<div class=\"wrapper-featured-image\">\n\t\t<figure class=\"spotlightImg\">\n\n\t\t\t<picture>\n\t\t\t\t<source media=\"(max-width: 768px)\" srcset=\"https:\/\/files.sunoresearch.com.br\/n\/uploads\/2019\/08\/d8b09261-cemig-400x200.webp\">\n\t\t\t\t<img loading=\"lazy\" decoding=\"async\" class=\"newsContent__article__imgCapa lazyloadDisabled \" src=\"https:\/\/files.sunoresearch.com.br\/n\/uploads\/2019\/08\/d8b09261-cemig-800x450.webp\" width=\"800\" height=\"450\" alt=\"Cemig (CMIG4): apesar de preocupa\u00e7\u00f5es com federaliza\u00e7\u00e3o, XP recomenda compra\u00a0\" fetchpriority=high \/>\n\t\t\t<\/picture>\n\n\t\t\t<figcaption class=\"wp-caption-text wp-caption-text--show\">Cemig (CMIG4). Foto: Divulga\u00e7\u00e3o<\/figcaption>\n\t\t<\/figure>\n\t<\/div>\n\n\n\n\n\n\n\n\t<p>\n\t\t<a href=\"https:\/\/lp.suno.com.br\/planilha-da-vida-financeira\/\" target=\"_blank\" data-element=\"shortcode-suno-banner\" title=\"Banner SUNO, clique e saiba mais\">\n\t\t\t<picture>\n\t\t\t\t<source media=\"(max-width: 500px)\" srcset=\"https:\/\/files.sunoresearch.com.br\/n\/uploads\/2023\/04\/400x300-Planilha-vida-financeira-true.png\">\n\t\t\t\t<img class=\"newsContent__article__imgCapa newsContent__article__imgCapa--banner\"\n\t\t\t\t\tsrc=\"https:\/\/files.sunoresearch.com.br\/n\/uploads\/2023\/04\/1420x240-Planilha-vida-financeira-true.png\"\n\t\t\t\t\tdata-promo-id=\"106682\"\t\t\t\t\t\t\t\t\t\twidth='1420' height='240'\t\t\t\t\talt=\"https:\/\/files.sunoresearch.com.br\/n\/uploads\/2023\/04\/1420x240-Planilha-vida-financeira-true.png\"\n\t\t\t\t>\n\t\t\t<\/picture>\n\t\t<\/a>\n\t<\/p>\n\n\n\n\n\n<p>Os especialistas Vladimir Pinto e Ma\u00edra Maldonado afirmam que est\u00e3o atualizando suas <strong>estimativas para a Cemig<\/strong>, levando em considera\u00e7\u00e3o a \u00faltima revis\u00e3o tarif\u00e1ria e os n\u00fameros financeiros mais recentes.<\/p>\n\n\n\n<p>&#8220;A Cemig poder\u00e1 superar as preocupa\u00e7\u00f5es dos investidores nos pr\u00f3ximos meses, especialmente com o segmento de distribui\u00e7\u00e3o apresentando o maior potencial de cria\u00e7\u00e3o de valor entre os <a class=\"suno-keyword\" target=\"_blank\" data-force=\"no\" data-priority=\"2\" href=\"https:\/\/www.suno.com.br\/artigos\/ativo\/\" rel=\"noopener\">ativos da empresa<\/a>&#8220;, afirmam os analistas.<\/p>\n\n\n\n<p>A an\u00e1lise destaca que o agressivo programa de investimento e o crescimento do Ativo Regulat\u00f3rio Base (RAB) no segmento de distribui\u00e7\u00e3o devem contribuir significativamente para o sucesso da empresa. Al\u00e9m disso, o relat\u00f3rio prev\u00ea que a empresa se beneficie do Capex &#8211; dinheiro investido em ativos fixos ou melhorias de <a class=\"suno-keyword\" target=\"_blank\" data-force=\"no\" data-priority=\"1\" href=\"https:\/\/www.suno.com.br\/artigos\/longo-prazo\/\" rel=\"noopener\">longo prazo<\/a> &#8211; destinado \u00e0 <strong>\u00e1rea de transmiss\u00e3o da Cemig<\/strong>.<\/p>\n\n\n\n<p>&#8220;Vemos um grande impulsionador de valor no projeto de substitui\u00e7\u00e3o da extens\u00e3o da rede de distribui\u00e7\u00e3o por uma rede trif\u00e1sica. Isso, a nosso ver, representar\u00e1 um crescimento substancial no Ebitda Regulat\u00f3rio da empresa nas pr\u00f3ximas revis\u00f5es tarif\u00e1rias&#8221;, pontuam.<\/p>\n\n\n\n<p>O relat\u00f3rio diz ainda que a redu\u00e7\u00e3o de <a class=\"suno-keyword\" target=\"_blank\" data-force=\"no\" data-priority=\"1\" href=\"https:\/\/www.suno.com.br\/artigos\/despesas-operacionais\/\" rel=\"noopener\">despesas operacionais<\/a> (Opex) e a mitiga\u00e7\u00e3o de riscos relacionados ao fundo de pens\u00e3o e despesas com planos de sa\u00fade podem impulsionar os <strong>resultados da Cemig<\/strong>. No \u00e2mbito de desinvestimento, a <strong>Alian\u00e7a Energia<\/strong> \u00e9 apontada como uma poss\u00edvel op\u00e7\u00e3o.<\/p>\n\n\n\t<p>\n\t\t<a href=\"https:\/\/lp.suno.com.br\/ebook-como-analisar-uma-acao\/\" target=\"_blank\" data-element=\"shortcode-suno-banner\" title=\"Banner SUNO, clique e saiba mais\">\n\t\t\t<picture>\n\t\t\t\t<source media=\"(max-width: 500px)\" srcset=\"https:\/\/files.sunoresearch.com.br\/n\/uploads\/2023\/03\/Ebook-Acoes-Mobile.jpg\">\n\t\t\t\t<img class=\"newsContent__article__imgCapa newsContent__article__imgCapa--banner\"\n\t\t\t\t\tsrc=\"https:\/\/files.sunoresearch.com.br\/n\/uploads\/2023\/03\/Ebook-Acoes-Desktop.jpg\"\n\t\t\t\t\tdata-promo-id=\"378302\"\t\t\t\t\t\t\t\t\t\twidth='1420' height='286'\t\t\t\t\talt=\"https:\/\/files.sunoresearch.com.br\/n\/uploads\/2023\/03\/Ebook-Acoes-Desktop.jpg\"\n\t\t\t\t>\n\t\t\t<\/picture>\n\t\t<\/a>\n\t<\/p>\n\n\n\n\n\n<h2 class=\"wp-block-heading\">Cemig: federaliza\u00e7\u00e3o e risco percebido pelos investidores<\/h2>\n\n\n\n<p>A proposta de <strong>federaliza\u00e7\u00e3o da Cemig<\/strong> surgiu como uma alternativa para tentar equacionar a d\u00edvida de Minas Gerais com a Uni\u00e3o.<\/p>\n\n\n\n<p>Minas tem o terceiro maior n\u00edvel de endividamento entre os governos estaduais, atr\u00e1s apenas do Rio Grande do Sul, que ocupa o primeiro lugar, e do Rio de Janeiro.&nbsp;<\/p>\n\n\n\n<p>A <strong>federaliza\u00e7\u00e3o<\/strong> consiste na transfer\u00eancia do controle de uma empresa do Estado para o governo federal.<\/p>\n\n\n\n<p>Em 2023, a D\u00edvida Consolidada L\u00edquida (DCL) do governo estadual de Minas Gerais atingiu R$ 140,9 bilh\u00f5es, representando 155% da Receita Corrente L\u00edquida (RCL) do Estado, segundo a Uni\u00e3o.<\/p>\n\n\n\n<p>Apesar desse elevado percentual, houve melhora significativa em rela\u00e7\u00e3o ao final de 2019, quando a propor\u00e7\u00e3o entre a d\u00edvida e a receita estava em 191%.<\/p>\n\n\n\n<p>A redu\u00e7\u00e3o nesse indicador, diz a Uni\u00e3o, \u00e9 resultado do aumento nas receitas que os estados experimentaram nos \u00faltimos anos. Inicialmente, esse impulso foi proporcionado por recursos extraordin\u00e1rios e, at\u00e9 o ano passado, pela eleva\u00e7\u00e3o das receitas do <a class=\"suno-keyword\" data-force=\"no\" data-priority=\"2\" href=\"https:\/\/www.suno.com.br\/artigos\/icms\/\" target=\"_blank\" rel=\"noopener\">Imposto sobre Circula\u00e7\u00e3o de Mercadorias e Servi\u00e7os (ICMS)<\/a>, impulsionada pelo aumento das commodities e pelos est\u00edmulos fiscais.<\/p>\n\n\n\t<div data-element=\"shortcode-read-more\" class=\"knowMore\">\n\t\t\t\t<span class=\"knowMore__title\">Leia mais<\/span>\n\t\t\t\t<a class=\"knowMore__link\" href=\"https:\/\/www.suno.com.br\/noticias\/vale-vale3-acoes-melhor-semana-bolsa-dois-meses-jvj\/\">\n\t\t\tVale (VALE3) tem melhor semana no Ibovespa em 2 meses; o que aconteceu?\t\t<\/a>\n\t<\/div>\n\n\n\n\n<p>Sobre as preocupa\u00e7\u00f5es com a federaliza\u00e7\u00e3o da empresa, os analistas da XP expressam confian\u00e7a de que a proposta de <a class=\"suno-keyword\" target=\"_blank\" data-force=\"no\" data-priority=\"1\" href=\"https:\/\/www.suno.com.br\/artigos\/troca-de-divida\/\" rel=\"noopener\">troca de d\u00edvida<\/a> entre o governo federal e o estado de Minas Gerais envolvendo a participa\u00e7\u00e3o <strong>controladora da Cemig<\/strong> n\u00e3o deve avan\u00e7ar. &#8220;N\u00e3o acreditamos que a discuss\u00e3o sobre a potencial privatiza\u00e7\u00e3o ocorra enquanto essa quest\u00e3o estiver pendente&#8221;, dizem.<\/p>\n\n\n\n<p>A an\u00e1lise destaca ainda o hist\u00f3rico de federaliza\u00e7\u00e3o no Brasil, enfatizando que casos anteriores n\u00e3o fornecem uma boa justificativa para o potencial acordo em Minas Gerais. O texto refor\u00e7a que o acordo pode levar tempo para se materializar, dada a variedade de interesses e vis\u00f5es entre as partes envolvidas.<\/p>\n\n\n\n<p>Em rela\u00e7\u00e3o ao desempenho das <strong>a\u00e7\u00f5es da Cemig<\/strong>, o relat\u00f3rio pontua que, ap\u00f3s um rev\u00e9s no final de novembro devido \u00e0s discuss\u00f5es sobre federaliza\u00e7\u00e3o, as a\u00e7\u00f5es se recuperaram fortemente, sugerindo uma redu\u00e7\u00e3o no risco percebido pelos investidores.<\/p>\n\n\n\n<p>&#8220;O mercado parece estar percebendo um menor risco em rela\u00e7\u00e3o \u00e0 possibilidade de federaliza\u00e7\u00e3o, impulsionando a recupera\u00e7\u00e3o das a\u00e7\u00f5es da <strong>Cemig<\/strong>&#8220;, concluem os analistas.<\/p>\n\n\n\t<p>\n\t\t<a href=\"https:\/\/lp.suno.com.br\/planilha-da-vida-financeira\/\" target=\"_blank\" data-element=\"shortcode-suno-banner\" title=\"Banner SUNO, clique e saiba mais\">\n\t\t\t<picture>\n\t\t\t\t<source media=\"(max-width: 500px)\" srcset=\"https:\/\/files.sunoresearch.com.br\/n\/uploads\/2023\/04\/400x300-Planilha-vida-financeira-true.png\">\n\t\t\t\t<img class=\"newsContent__article__imgCapa newsContent__article__imgCapa--banner\"\n\t\t\t\t\tsrc=\"https:\/\/files.sunoresearch.com.br\/n\/uploads\/2023\/04\/1420x240-Planilha-vida-financeira-true.png\"\n\t\t\t\t\tdata-promo-id=\"383123\"\t\t\t\t\t\t\t\t\t\twidth='1420' height='240'\t\t\t\t\talt=\"https:\/\/files.sunoresearch.com.br\/n\/uploads\/2023\/04\/1420x240-Planilha-vida-financeira-true.png\"\n\t\t\t\t>\n\t\t\t<\/picture>\n\t\t<\/a>\n\t<\/p>\n\n\n","protected":false},"excerpt":{"rendered":"<p>Apesar das preocupa\u00e7\u00f5es de investidores em torno da possibilidade de federaliza\u00e7\u00e3o da Cemig (CMIG4), os analistas da XP Investimentos mant\u00eam recomenda\u00e7\u00e3o de compra para os pap\u00e9is preferenciais da empresa, com pre\u00e7o-alvo de R$ 16 por a\u00e7\u00e3o.\u00a0 Cemig (CMIG4). Foto: Divulga\u00e7\u00e3o Os especialistas Vladimir Pinto e Ma\u00edra Maldonado afirmam que est\u00e3o atualizando suas estimativas para a [&hellip;]<\/p>\n","protected":false},"author":345,"featured_media":34705,"comment_status":"closed","ping_status":"closed","sticky":false,"template":"","format":"standard","meta":[],"categories":[64],"tags":[420],"suno_strategy":[],"class_list":["post-523891","post","type-post","status-publish","format-standard","has-post-thumbnail","hentry","category-negocios","tag-cemig-cmig3-cmig4"],"yoast_head":"<!-- This site is optimized with the Yoast SEO plugin v24.4 - https:\/\/yoast.com\/wordpress\/plugins\/seo\/ -->\n<title>Cemig (CMIG4): XP cita federaliza\u00e7\u00e3o e recomenda compra<\/title>\n<meta name=\"description\" content=\"Apesar das preocupa\u00e7\u00f5es em torno da possibilidade de federaliza\u00e7\u00e3o da Cemig (CMIG4), a XP mant\u00e9m recomenda\u00e7\u00e3o de compra.\" \/>\n<meta name=\"robots\" content=\"index, follow, max-snippet:-1, max-image-preview:large, max-video-preview:-1\" \/>\n<link rel=\"canonical\" href=\"https:\/\/www.suno.com.br\/noticias\/cemig-cmig4-xp-federalizacao-compra-mm\/\" \/>\n<meta property=\"og:locale\" content=\"pt_BR\" \/>\n<meta property=\"og:type\" content=\"article\" \/>\n<meta property=\"og:title\" content=\"Cemig (CMIG4): XP cita federaliza\u00e7\u00e3o e recomenda compra\" \/>\n<meta property=\"og:description\" content=\"Apesar das preocupa\u00e7\u00f5es em torno da possibilidade de federaliza\u00e7\u00e3o da Cemig (CMIG4), a XP mant\u00e9m recomenda\u00e7\u00e3o de compra.\" \/>\n<meta property=\"og:url\" content=\"https:\/\/www.suno.com.br\/noticias\/cemig-cmig4-xp-federalizacao-compra-mm\/\" \/>\n<meta property=\"og:site_name\" content=\"Suno Not\u00edcias\" \/>\n<meta property=\"article:publisher\" content=\"https:\/\/facebook.com\/sunoresearch\" \/>\n<meta property=\"og:image\" content=\"https:\/\/files.sunoresearch.com.br\/n\/uploads\/2019\/08\/d8b09261-cemig.jpg\" \/>\n\t<meta property=\"og:image:width\" content=\"1380\" \/>\n\t<meta property=\"og:image:height\" content=\"920\" \/>\n\t<meta property=\"og:image:type\" content=\"image\/jpeg\" \/>\n<meta name=\"author\" content=\"Murilo Melo\" \/>\n<meta name=\"twitter:card\" content=\"summary_large_image\" \/>\n<meta name=\"twitter:creator\" content=\"@sunoresearch\" \/>\n<meta name=\"twitter:site\" content=\"@sunoresearch\" \/>\n<meta name=\"twitter:label1\" content=\"Escrito por\" \/>\n\t<meta name=\"twitter:data1\" content=\"Murilo Melo\" \/>\n\t<meta name=\"twitter:label2\" content=\"Est. tempo de leitura\" \/>\n\t<meta name=\"twitter:data2\" content=\"4 minutos\" \/>\n<script type=\"application\/ld+json\" class=\"yoast-schema-graph\">{\"@context\":\"https:\/\/schema.org\",\"@graph\":[{\"@type\":\"NewsArticle\",\"@id\":\"https:\/\/www.suno.com.br\/noticias\/cemig-cmig4-xp-federalizacao-compra-mm\/#article\",\"isPartOf\":{\"@id\":\"https:\/\/www.suno.com.br\/noticias\/cemig-cmig4-xp-federalizacao-compra-mm\/\"},\"author\":{\"name\":\"Murilo Melo\",\"@id\":\"https:\/\/www.suno.com.br\/noticias\/#\/schema\/person\/32d4feb215afe4b317d446bb442400dd\"},\"headline\":\"Cemig (CMIG4): apesar de preocupa\u00e7\u00f5es com federaliza\u00e7\u00e3o, XP recomenda compra\u00a0\",\"datePublished\":\"2024-02-16T23:46:47+00:00\",\"dateModified\":\"2024-02-16T23:46:54+00:00\",\"mainEntityOfPage\":{\"@id\":\"https:\/\/www.suno.com.br\/noticias\/cemig-cmig4-xp-federalizacao-compra-mm\/\"},\"wordCount\":695,\"publisher\":{\"@id\":\"https:\/\/www.suno.com.br\/noticias\/#organization\"},\"image\":{\"@id\":\"https:\/\/www.suno.com.br\/noticias\/cemig-cmig4-xp-federalizacao-compra-mm\/#primaryimage\"},\"thumbnailUrl\":\"https:\/\/files.sunoresearch.com.br\/n\/uploads\/2019\/08\/d8b09261-cemig-jpg.webp\",\"keywords\":[\"Cemig (CMIG3\/CMIG4)\"],\"articleSection\":[\"Neg\u00f3cios\"],\"inLanguage\":\"pt-BR\"},{\"@type\":\"WebPage\",\"@id\":\"https:\/\/www.suno.com.br\/noticias\/cemig-cmig4-xp-federalizacao-compra-mm\/\",\"url\":\"https:\/\/www.suno.com.br\/noticias\/cemig-cmig4-xp-federalizacao-compra-mm\/\",\"name\":\"Cemig (CMIG4): XP cita federaliza\u00e7\u00e3o e recomenda compra\",\"isPartOf\":{\"@id\":\"https:\/\/www.suno.com.br\/noticias\/#website\"},\"primaryImageOfPage\":{\"@id\":\"https:\/\/www.suno.com.br\/noticias\/cemig-cmig4-xp-federalizacao-compra-mm\/#primaryimage\"},\"image\":{\"@id\":\"https:\/\/www.suno.com.br\/noticias\/cemig-cmig4-xp-federalizacao-compra-mm\/#primaryimage\"},\"thumbnailUrl\":\"https:\/\/files.sunoresearch.com.br\/n\/uploads\/2019\/08\/d8b09261-cemig-jpg.webp\",\"datePublished\":\"2024-02-16T23:46:47+00:00\",\"dateModified\":\"2024-02-16T23:46:54+00:00\",\"description\":\"Apesar das preocupa\u00e7\u00f5es em torno da possibilidade de federaliza\u00e7\u00e3o da Cemig (CMIG4), a XP mant\u00e9m recomenda\u00e7\u00e3o de compra.\",\"breadcrumb\":{\"@id\":\"https:\/\/www.suno.com.br\/noticias\/cemig-cmig4-xp-federalizacao-compra-mm\/#breadcrumb\"},\"inLanguage\":\"pt-BR\",\"potentialAction\":[{\"@type\":\"ReadAction\",\"target\":[\"https:\/\/www.suno.com.br\/noticias\/cemig-cmig4-xp-federalizacao-compra-mm\/\"]}]},{\"@type\":\"ImageObject\",\"inLanguage\":\"pt-BR\",\"@id\":\"https:\/\/www.suno.com.br\/noticias\/cemig-cmig4-xp-federalizacao-compra-mm\/#primaryimage\",\"url\":\"https:\/\/files.sunoresearch.com.br\/n\/uploads\/2019\/08\/d8b09261-cemig-jpg.webp\",\"contentUrl\":\"https:\/\/files.sunoresearch.com.br\/n\/uploads\/2019\/08\/d8b09261-cemig-jpg.webp\",\"width\":1380,\"height\":920,\"caption\":\"Cemig (CMIG4). Foto: Divulga\u00e7\u00e3o\"},{\"@type\":\"BreadcrumbList\",\"@id\":\"https:\/\/www.suno.com.br\/noticias\/cemig-cmig4-xp-federalizacao-compra-mm\/#breadcrumb\",\"itemListElement\":[{\"@type\":\"ListItem\",\"position\":1,\"name\":\"Not\u00edcias\",\"item\":\"https:\/\/www.suno.com.br\/noticias\/\"},{\"@type\":\"ListItem\",\"position\":2,\"name\":\"Neg\u00f3cios\",\"item\":\"https:\/\/www.suno.com.br\/noticias\/negocios\/\"},{\"@type\":\"ListItem\",\"position\":3,\"name\":\"Cemig (CMIG4): apesar de preocupa\u00e7\u00f5es com federaliza\u00e7\u00e3o, XP recomenda compra\u00a0\"}]},{\"@type\":\"WebSite\",\"@id\":\"https:\/\/www.suno.com.br\/noticias\/#website\",\"url\":\"https:\/\/www.suno.com.br\/noticias\/\",\"name\":\"Suno Not\u00edcias\",\"description\":\"Seu portal de informa\u00e7\u00e3o sobre o mundo dos investimentos\",\"publisher\":{\"@id\":\"https:\/\/www.suno.com.br\/noticias\/#organization\"},\"potentialAction\":[{\"@type\":\"SearchAction\",\"target\":{\"@type\":\"EntryPoint\",\"urlTemplate\":\"https:\/\/www.suno.com.br\/noticias\/?s={search_term_string}\"},\"query-input\":{\"@type\":\"PropertyValueSpecification\",\"valueRequired\":true,\"valueName\":\"search_term_string\"}}],\"inLanguage\":\"pt-BR\"},{\"@type\":\"Organization\",\"@id\":\"https:\/\/www.suno.com.br\/noticias\/#organization\",\"name\":\"Suno Not\u00edcias\",\"url\":\"https:\/\/www.suno.com.br\/noticias\/\",\"logo\":{\"@type\":\"ImageObject\",\"inLanguage\":\"pt-BR\",\"@id\":\"https:\/\/www.suno.com.br\/noticias\/#\/schema\/logo\/image\/\",\"url\":\"https:\/\/files.sunoresearch.com.br\/n\/uploads\/2021\/09\/suno-logo.png\",\"contentUrl\":\"https:\/\/files.sunoresearch.com.br\/n\/uploads\/2021\/09\/suno-logo.png\",\"width\":180,\"height\":180,\"caption\":\"Suno Not\u00edcias\"},\"image\":{\"@id\":\"https:\/\/www.suno.com.br\/noticias\/#\/schema\/logo\/image\/\"},\"sameAs\":[\"https:\/\/facebook.com\/sunoresearch\",\"https:\/\/x.com\/sunoresearch\",\"https:\/\/www.instagram.com\/suno\",\"https:\/\/www.linkedin.com\/company\/suno-research\/\",\"https:\/\/www.youtube.com\/c\/sunoresearch\"]},{\"@type\":\"Person\",\"@id\":\"https:\/\/www.suno.com.br\/noticias\/#\/schema\/person\/32d4feb215afe4b317d446bb442400dd\",\"name\":\"Murilo Melo\",\"image\":{\"@type\":\"ImageObject\",\"inLanguage\":\"pt-BR\",\"@id\":\"https:\/\/www.suno.com.br\/noticias\/#\/schema\/person\/image\/\",\"url\":\"https:\/\/secure.gravatar.com\/avatar\/af7a693198b592028493c0e8b0583d4f?s=96&r=g\",\"contentUrl\":\"https:\/\/secure.gravatar.com\/avatar\/af7a693198b592028493c0e8b0583d4f?s=96&r=g\",\"caption\":\"Murilo Melo\"},\"description\":\"\u00c9 um jornalista e letr\u00f3logo com vasta experi\u00eancia em economia, finan\u00e7as e mercado. J\u00e1 foi rep\u00f3rter de jornais, revistas e sites noticiosos como A Tarde, Correio e Folha de S.Paulo. No Suno Not\u00edcias, escreve sobre neg\u00f3cios\",\"url\":\"https:\/\/www.suno.com.br\/noticias\/author\/murilomelo-jornalismogmail-com\/\"}]}<\/script>\n<!-- \/ Yoast SEO plugin. -->","yoast_head_json":{"title":"Cemig (CMIG4): XP cita federaliza\u00e7\u00e3o e recomenda compra","description":"Apesar das preocupa\u00e7\u00f5es em torno da possibilidade de federaliza\u00e7\u00e3o da Cemig (CMIG4), a XP mant\u00e9m recomenda\u00e7\u00e3o de compra.","robots":{"index":"index","follow":"follow","max-snippet":"max-snippet:-1","max-image-preview":"max-image-preview:large","max-video-preview":"max-video-preview:-1"},"canonical":"https:\/\/www.suno.com.br\/noticias\/cemig-cmig4-xp-federalizacao-compra-mm\/","og_locale":"pt_BR","og_type":"article","og_title":"Cemig (CMIG4): XP cita federaliza\u00e7\u00e3o e recomenda compra","og_description":"Apesar das preocupa\u00e7\u00f5es em torno da possibilidade de federaliza\u00e7\u00e3o da Cemig (CMIG4), a XP mant\u00e9m recomenda\u00e7\u00e3o de compra.","og_url":"https:\/\/www.suno.com.br\/noticias\/cemig-cmig4-xp-federalizacao-compra-mm\/","og_site_name":"Suno Not\u00edcias","article_publisher":"https:\/\/facebook.com\/sunoresearch","og_image":[{"width":1380,"height":920,"url":"https:\/\/files.sunoresearch.com.br\/n\/uploads\/2019\/08\/d8b09261-cemig.jpg","type":"image\/jpeg"}],"author":"Murilo Melo","twitter_card":"summary_large_image","twitter_creator":"@sunoresearch","twitter_site":"@sunoresearch","twitter_misc":{"Escrito por":"Murilo Melo","Est. tempo de leitura":"4 minutos"},"schema":{"@context":"https:\/\/schema.org","@graph":[{"@type":"NewsArticle","@id":"https:\/\/www.suno.com.br\/noticias\/cemig-cmig4-xp-federalizacao-compra-mm\/#article","isPartOf":{"@id":"https:\/\/www.suno.com.br\/noticias\/cemig-cmig4-xp-federalizacao-compra-mm\/"},"author":{"name":"Murilo Melo","@id":"https:\/\/www.suno.com.br\/noticias\/#\/schema\/person\/32d4feb215afe4b317d446bb442400dd"},"headline":"Cemig (CMIG4): apesar de preocupa\u00e7\u00f5es com federaliza\u00e7\u00e3o, XP recomenda compra\u00a0","datePublished":"2024-02-16T23:46:47+00:00","dateModified":"2024-02-16T23:46:54+00:00","mainEntityOfPage":{"@id":"https:\/\/www.suno.com.br\/noticias\/cemig-cmig4-xp-federalizacao-compra-mm\/"},"wordCount":695,"publisher":{"@id":"https:\/\/www.suno.com.br\/noticias\/#organization"},"image":{"@id":"https:\/\/www.suno.com.br\/noticias\/cemig-cmig4-xp-federalizacao-compra-mm\/#primaryimage"},"thumbnailUrl":"https:\/\/files.sunoresearch.com.br\/n\/uploads\/2019\/08\/d8b09261-cemig-jpg.webp","keywords":["Cemig (CMIG3\/CMIG4)"],"articleSection":["Neg\u00f3cios"],"inLanguage":"pt-BR"},{"@type":"WebPage","@id":"https:\/\/www.suno.com.br\/noticias\/cemig-cmig4-xp-federalizacao-compra-mm\/","url":"https:\/\/www.suno.com.br\/noticias\/cemig-cmig4-xp-federalizacao-compra-mm\/","name":"Cemig (CMIG4): XP cita federaliza\u00e7\u00e3o e recomenda compra","isPartOf":{"@id":"https:\/\/www.suno.com.br\/noticias\/#website"},"primaryImageOfPage":{"@id":"https:\/\/www.suno.com.br\/noticias\/cemig-cmig4-xp-federalizacao-compra-mm\/#primaryimage"},"image":{"@id":"https:\/\/www.suno.com.br\/noticias\/cemig-cmig4-xp-federalizacao-compra-mm\/#primaryimage"},"thumbnailUrl":"https:\/\/files.sunoresearch.com.br\/n\/uploads\/2019\/08\/d8b09261-cemig-jpg.webp","datePublished":"2024-02-16T23:46:47+00:00","dateModified":"2024-02-16T23:46:54+00:00","description":"Apesar das preocupa\u00e7\u00f5es em torno da possibilidade de federaliza\u00e7\u00e3o da Cemig (CMIG4), a XP mant\u00e9m recomenda\u00e7\u00e3o de compra.","breadcrumb":{"@id":"https:\/\/www.suno.com.br\/noticias\/cemig-cmig4-xp-federalizacao-compra-mm\/#breadcrumb"},"inLanguage":"pt-BR","potentialAction":[{"@type":"ReadAction","target":["https:\/\/www.suno.com.br\/noticias\/cemig-cmig4-xp-federalizacao-compra-mm\/"]}]},{"@type":"ImageObject","inLanguage":"pt-BR","@id":"https:\/\/www.suno.com.br\/noticias\/cemig-cmig4-xp-federalizacao-compra-mm\/#primaryimage","url":"https:\/\/files.sunoresearch.com.br\/n\/uploads\/2019\/08\/d8b09261-cemig-jpg.webp","contentUrl":"https:\/\/files.sunoresearch.com.br\/n\/uploads\/2019\/08\/d8b09261-cemig-jpg.webp","width":1380,"height":920,"caption":"Cemig (CMIG4). Foto: Divulga\u00e7\u00e3o"},{"@type":"BreadcrumbList","@id":"https:\/\/www.suno.com.br\/noticias\/cemig-cmig4-xp-federalizacao-compra-mm\/#breadcrumb","itemListElement":[{"@type":"ListItem","position":1,"name":"Not\u00edcias","item":"https:\/\/www.suno.com.br\/noticias\/"},{"@type":"ListItem","position":2,"name":"Neg\u00f3cios","item":"https:\/\/www.suno.com.br\/noticias\/negocios\/"},{"@type":"ListItem","position":3,"name":"Cemig (CMIG4): apesar de preocupa\u00e7\u00f5es com federaliza\u00e7\u00e3o, XP recomenda compra\u00a0"}]},{"@type":"WebSite","@id":"https:\/\/www.suno.com.br\/noticias\/#website","url":"https:\/\/www.suno.com.br\/noticias\/","name":"Suno Not\u00edcias","description":"Seu portal de informa\u00e7\u00e3o sobre o mundo dos investimentos","publisher":{"@id":"https:\/\/www.suno.com.br\/noticias\/#organization"},"potentialAction":[{"@type":"SearchAction","target":{"@type":"EntryPoint","urlTemplate":"https:\/\/www.suno.com.br\/noticias\/?s={search_term_string}"},"query-input":{"@type":"PropertyValueSpecification","valueRequired":true,"valueName":"search_term_string"}}],"inLanguage":"pt-BR"},{"@type":"Organization","@id":"https:\/\/www.suno.com.br\/noticias\/#organization","name":"Suno Not\u00edcias","url":"https:\/\/www.suno.com.br\/noticias\/","logo":{"@type":"ImageObject","inLanguage":"pt-BR","@id":"https:\/\/www.suno.com.br\/noticias\/#\/schema\/logo\/image\/","url":"https:\/\/files.sunoresearch.com.br\/n\/uploads\/2021\/09\/suno-logo.png","contentUrl":"https:\/\/files.sunoresearch.com.br\/n\/uploads\/2021\/09\/suno-logo.png","width":180,"height":180,"caption":"Suno Not\u00edcias"},"image":{"@id":"https:\/\/www.suno.com.br\/noticias\/#\/schema\/logo\/image\/"},"sameAs":["https:\/\/facebook.com\/sunoresearch","https:\/\/x.com\/sunoresearch","https:\/\/www.instagram.com\/suno","https:\/\/www.linkedin.com\/company\/suno-research\/","https:\/\/www.youtube.com\/c\/sunoresearch"]},{"@type":"Person","@id":"https:\/\/www.suno.com.br\/noticias\/#\/schema\/person\/32d4feb215afe4b317d446bb442400dd","name":"Murilo Melo","image":{"@type":"ImageObject","inLanguage":"pt-BR","@id":"https:\/\/www.suno.com.br\/noticias\/#\/schema\/person\/image\/","url":"https:\/\/secure.gravatar.com\/avatar\/af7a693198b592028493c0e8b0583d4f?s=96&r=g","contentUrl":"https:\/\/secure.gravatar.com\/avatar\/af7a693198b592028493c0e8b0583d4f?s=96&r=g","caption":"Murilo Melo"},"description":"\u00c9 um jornalista e letr\u00f3logo com vasta experi\u00eancia em economia, finan\u00e7as e mercado. J\u00e1 foi rep\u00f3rter de jornais, revistas e sites noticiosos como A Tarde, Correio e Folha de S.Paulo. No Suno Not\u00edcias, escreve sobre neg\u00f3cios","url":"https:\/\/www.suno.com.br\/noticias\/author\/murilomelo-jornalismogmail-com\/"}]}},"default_loop_html":"<div class=\"cardsPage__listCard__boxs\"><div class=\"cardsPage__listCard__boxs__img\"><a href=\"https:\/\/www.suno.com.br\/noticias\/cemig-cmig4-xp-federalizacao-compra-mm\/\"><img class=\"mask\" src=\"https:\/\/www.suno.com.br\/noticias\/wp-content\/themes\/suno\/resources\/images\/spotlight\/spotlight1img\/bg-mask.png\" alt=\"Image Mask\"\/><img src=\"https:\/\/files.sunoresearch.com.br\/n\/uploads\/2019\/08\/d8b09261-cemig-400x200.webp\" alt=\"Cemig (CMIG4): apesar de preocupa\u00e7\u00f5es com federaliza\u00e7\u00e3o, XP recomenda compra\u00a0\"\/><\/a><span class=\"spotlightCategory\"><a href=\"https:\/\/www.suno.com.br\/noticias\/negocios\/\">Neg\u00f3cios<\/a><\/span><\/div><div class=\"cardsPage__listCard__boxs__content\"><a href=\"https:\/\/www.suno.com.br\/noticias\/cemig-cmig4-xp-federalizacao-compra-mm\/\"><h2 class=\"content__title\">Cemig (CMIG4): apesar de preocupa\u00e7\u00f5es com federaliza\u00e7\u00e3o, XP recomenda compra\u00a0<\/h2><\/a><div class=\"newsContent__article__meta\"><div class=\"newsContent__article__meta__authorBox\"><a href=\"https:\/\/www.suno.com.br\/noticias\/author\/murilomelo-jornalismogmail-com\/\" class=\"authorBox__avatar noMobi\"><img src=\"https:\/\/files.sunoresearch.com.br\/n\/uploads\/2024\/02\/Murilo_Melo_Jornalista-e1708476456132-150x150.jpeg\" alt=\"Murilo Melo\"><\/a><div class=\"authorBox__name\"><span>por\n\t\t\t<a href=\"https:\/\/www.suno.com.br\/noticias\/author\/murilomelo-jornalismogmail-com\/\"><span itemprop=\"author\">Murilo Melo<\/span><\/a><\/span><time datetime=\"2024-02-16T20:46:47-03:00\" itemprop=\"datePublished\">16\/02\/2024 20:46<\/time><\/div><\/div><\/div><\/div><\/div>","single_layout":"posts","amp_enabled":true,"_links":{"self":[{"href":"https:\/\/www.suno.com.br\/noticias\/wp-json\/wp\/v2\/posts\/523891"}],"collection":[{"href":"https:\/\/www.suno.com.br\/noticias\/wp-json\/wp\/v2\/posts"}],"about":[{"href":"https:\/\/www.suno.com.br\/noticias\/wp-json\/wp\/v2\/types\/post"}],"author":[{"embeddable":true,"href":"https:\/\/www.suno.com.br\/noticias\/wp-json\/wp\/v2\/users\/345"}],"replies":[{"embeddable":true,"href":"https:\/\/www.suno.com.br\/noticias\/wp-json\/wp\/v2\/comments?post=523891"}],"version-history":[{"count":2,"href":"https:\/\/www.suno.com.br\/noticias\/wp-json\/wp\/v2\/posts\/523891\/revisions"}],"predecessor-version":[{"id":523913,"href":"https:\/\/www.suno.com.br\/noticias\/wp-json\/wp\/v2\/posts\/523891\/revisions\/523913"}],"wp:featuredmedia":[{"embeddable":true,"href":"https:\/\/www.suno.com.br\/noticias\/wp-json\/wp\/v2\/media\/34705"}],"wp:attachment":[{"href":"https:\/\/www.suno.com.br\/noticias\/wp-json\/wp\/v2\/media?parent=523891"}],"wp:term":[{"taxonomy":"category","embeddable":true,"href":"https:\/\/www.suno.com.br\/noticias\/wp-json\/wp\/v2\/categories?post=523891"},{"taxonomy":"post_tag","embeddable":true,"href":"https:\/\/www.suno.com.br\/noticias\/wp-json\/wp\/v2\/tags?post=523891"},{"taxonomy":"suno_strategy","embeddable":true,"href":"https:\/\/www.suno.com.br\/noticias\/wp-json\/wp\/v2\/suno_strategy?post=523891"}],"curies":[{"name":"wp","href":"https:\/\/api.w.org\/{rel}","templated":true}]}}